{"id":9758,"date":"2021-09-30T14:56:04","date_gmt":"2021-09-30T12:56:04","guid":{"rendered":"https:\/\/archiv.siov.sk\/?p=9758"},"modified":"2021-09-30T14:56:04","modified_gmt":"2021-09-30T12:56:04","slug":"mladi-kadernici-a-vizazisti-excelovali-kreativitou-na-celostatnej-sutazi-skills-slovakia-o-zlate-noznice","status":"publish","type":"post","link":"https:\/\/archiv.siov.sk\/en\/mladi-kadernici-a-vizazisti-excelovali-kreativitou-na-celostatnej-sutazi-skills-slovakia-o-zlate-noznice\/","title":{"rendered":"Mlad\u00ed kadern\u00edci a viz\u00e1\u017eisti  excelovali  kreativitou na celo\u0161t\u00e1tnej s\u00fa\u0165a\u017ei Skills Slovakia \u201eO zlat\u00e9 no\u017enice\u201c"},"content":{"rendered":"<p style=\"text-align: justify;\">Dom kult\u00fary v bratislavskom Ru\u017einove 24. septembra otvoril priestory \u0161iestemu ro\u010dn\u00edku celo\u0161t\u00e1tnej s\u00fa\u0165a\u017ee stredo\u0161kol\u00e1kov v odborn\u00fdch zru\u010dnostiach kadern\u00edkov &nbsp;a viz\u00e1\u017eistov Skills Slovakia Uk\u00e1\u017e \u010do vie\u0161\u201c \u201eO zlat\u00e9 no\u017enice\u201c. &nbsp;&nbsp;<\/p>\n<p style=\"text-align: justify;\">Celkom sa z\u00fa\u010dastnilo&nbsp; s\u00fa\u0165a\u017ee&nbsp; 112 mlad\u00fdch n\u00e1dejn\u00fdch kadern\u00edkov a viz\u00e1\u017eistov.&nbsp; \u017diakov zo stredn\u00fdch odborn\u00fdch \u0161k\u00f4l&nbsp; s\u00fa\u0165a\u017eilo 33. Svoje vlasov\u00e9 kre\u00e1cie a&nbsp;viz\u00e1\u017e vytv\u00e1rali na \u017eiv\u00fdch modeloch svojich spolu\u017eiakov a spolu\u017eia\u010dok. V&nbsp;kateg\u00f3rii dospel\u00fdch sa predstavilo 23 mlad\u00fdch z&nbsp;kadern\u00edckych sal\u00f3nov z&nbsp;r\u00f4znych k\u00fatov Slovenska.&nbsp; S\u00fa\u0165a\u017e mali mo\u017enos\u0165 sledova\u0165 a&nbsp;povzbudzova\u0165 aj n\u00e1v\u0161tevn\u00edci, rodi\u010dia a&nbsp;priatelia.&nbsp; Celo\u0161t\u00e1tna s\u00fa\u0165a\u017e sa tento rok &nbsp;uskuto\u010dnila v \u0161tyroch&nbsp; kateg\u00f3ri\u00e1ch pre stredn\u00e9 \u0161koly a&nbsp;dospel\u00fdch s&nbsp;t\u00e9mami \u201eTREND CUT\u201c &#8211; d\u00e1msky trendov\u00fd strih jese\u0148 &#8211; zima 2021, &nbsp;\u201eKOMER\u010cN\u00dd SVADOBN\u00dd \u00da\u010cES\u201c,&nbsp; &nbsp;tretia&nbsp;t\u00e9ma \u201eMODERN\u00dd P\u00c1NSKY STRIH\u201c- vo\u013en\u00e1 t\u00e9ma bez krit\u00e9ri\u00ed. Poslednou t\u00e9mou pre odbor kozmeti\u010dka bola &nbsp;Glamour 1920 \u2013 s\u00fa\u0165a\u017e v&nbsp;l\u00ed\u010den\u00ed. &nbsp;<\/p>\n<p>S\u00fa\u0165a\u017eiaci stredo\u0161kol\u00e1ci aj na \u0161iestom ro\u010dn\u00edku preuk\u00e1zali svoje v\u00fdnimo\u010dn\u00e9 odborn\u00e9 zru\u010dnosti, predstavivos\u0165, kreativitu, invenciu a&nbsp;cit pre kadern\u00edcke umenie a&nbsp;viz\u00e1\u017e.&nbsp;<\/p>\n<p style=\"text-align: justify;\">V&nbsp;prvej t\u00e9me \u201eTREND CUT\u201c zv\u00ed\u0165azila Karol\u00edna Antalov\u00e1 zo Strednej odbornej \u0161koly kadern\u00edctva a&nbsp;viz\u00e1\u017eistiky Bratislava, na druhom mieste skon\u010dil \u013dubom\u00edr Cm\u00e1r&nbsp; tie\u017e zo Strednej odbornej \u0161koly kadern\u00edctva a&nbsp;viz\u00e1\u017eistiky Bratislava a&nbsp;tretie miesto obsadila Sofia Kon\u00ed\u010dkov\u00e1 zo Strednej odbornej \u0161koly obchodu a&nbsp;slu\u017eieb Tren\u010d\u00edn.<\/p>\n<p style=\"text-align: justify;\">V&nbsp;t\u00e9me \u201eKOMER\u010cN\u00dd SVADOBN\u00dd \u00da\u010cES\u201c, bola na prvom mieste op\u00e4\u0165 \u017eia\u010dka zo Strednej odbornej \u0161koly kadern\u00edctva a&nbsp;viz\u00e1\u017eistiky Bratislava, Krist\u00edna De\u00e1kov\u00e1, na druhom mieste \u017eia\u010dka zo Strednej odbornej \u0161koly chovu kon\u00ed a&nbsp;slu\u017eieb \u0160a\u013ea, Petra Jakubecov\u00e1,&nbsp; a&nbsp;tretie mesto obsadila Denisa Fallov\u00e1 zo Strednej odbornej \u0161koly obchodu a&nbsp;slu\u017eieb Humenn\u00e9.<\/p>\n<p style=\"text-align: justify;\">T\u00e9ma \u201eMODERN\u00dd P\u00c1NSKY STRIH\u201c bola \u00faspe\u0161n\u00e1 pre Jozefa Poncera zo Strednej odbornej \u0161koly beauty slu\u017eieb Bratislava, ktor\u00fd z\u00edskal prv\u00e9 miesto. Na druhom mieste bol Simon Pastucha z&nbsp;tej istej \u0161koly. Tretie miesto obsadil Manuel Fatona zo S\u00fakromnej Strednej odbornej \u0161koly s&nbsp;VJM Dunajsk\u00e1 Streda.<\/p>\n<p style=\"text-align: justify;\">T\u00e9ma pre kozmeti\u010dky \u201eGlamour 1920\u201c bola \u00faspe\u0161nou pre Petronelu Pukan\u010d\u00edkov\u00fa zo Strednej odbornej \u0161koly beauty slu\u017eieb Bratislava, na druhom mieste bol \u00faspe\u0161n\u00fd&nbsp; \u017eiak zo Strednej odbornej \u0161koly slu\u017eieb Pre\u0161ov Viliam Rusn\u00e1k a&nbsp;tretie miesto z\u00edskala Veronika Motolov\u00e1 Strednej odbornej \u0161koly obchodu a&nbsp;slu\u017eieb Tren\u010d\u00edn.<\/p>\n<p>Okrem&nbsp; umiestnen\u00ed na prvom a\u017e tretom mieste bol &nbsp;v&nbsp;ka\u017edej z&nbsp;vyhl\u00e1sen\u00fdch kateg\u00f3ri\u00ed&nbsp; vyhodnoten\u00fd absol\u00fatny v\u00ed\u0165az.<\/p>\n<p style=\"text-align: justify;\">Organiz\u00e1torom podujatia bolo Zdru\u017eenie kadern\u00edkov a viz\u00e1\u017eistov Slovenska pod veden\u00edm profesion\u00e1lneho kadern\u00edka Polata Elalmisa z Hair Sal\u00f3nu &nbsp;Bratislava. &nbsp;Podporili ho aj \u010fal\u0161\u00ed partneri a&nbsp; odborn\u00ed hodnotitelia z praxe. Odborn\u00fdm a metodick\u00fdm garantom bol \u0160t\u00e1tny in\u0161tit\u00fat odborn\u00e9ho vzdel\u00e1vania odbor FG, SCCF a podpory smerovania ml\u00e1de\u017ee. S\u00fa\u0165a\u017e &nbsp;sa uskuto\u010dnila pod z\u00e1\u0161titou Ministerstva \u0161kolstva, vedy, v\u00fdskumu a \u0161portu Slovenskej republiky. &nbsp;<\/p>\n<p>&nbsp;&nbsp;&nbsp;&nbsp;&nbsp;&nbsp;&nbsp;&nbsp;&nbsp;&nbsp;&nbsp; &nbsp;<\/p>\n<p>&nbsp;<\/p>","protected":false},"excerpt":{"rendered":"<p>Dom kult\u00fary v bratislavskom Ru\u017einove 24. septembra otvoril priestory \u0161iestemu ro\u010dn\u00edku celo\u0161t\u00e1tnej s\u00fa\u0165a\u017ee stredo\u0161kol\u00e1kov v odborn\u00fdch zru\u010dnostiach kadern\u00edkov &nbsp;a viz\u00e1\u017eistov Skills Slovakia Uk\u00e1\u017e \u010do vie\u0161\u201c \u201eO zlat\u00e9 no\u017enice\u201c. &nbsp;&nbsp; Celkom sa z\u00fa\u010dastnilo&nbsp; s\u00fa\u0165a\u017ee&nbsp; 112 mlad\u00fdch n\u00e1dejn\u00fdch kadern\u00edkov a viz\u00e1\u017eistov.&nbsp; \u017diakov zo stredn\u00fdch odborn\u00fdch \u0161k\u00f4l&nbsp; s\u00fa\u0165a\u017eilo 33. Svoje vlasov\u00e9 kre\u00e1cie a&nbsp;viz\u00e1\u017e vytv\u00e1rali na \u017eiv\u00fdch modeloch svojich [&hellip;]<\/p>\n","protected":false},"author":6,"featured_media":9760,"comment_status":"closed","ping_status":"closed","sticky":false,"template":"","format":"standard","meta":{"site-sidebar-layout":"default","site-content-layout":"default","ast-site-content-layout":"default","site-content-style":"default","site-sidebar-style":"default","ast-global-header-display":"","ast-banner-title-visibility":"","ast-main-header-display":"","ast-hfb-above-header-display":"","ast-hfb-below-header-display":"","ast-hfb-mobile-header-display":"","site-post-title":"","ast-breadcrumbs-content":"","ast-featured-img":"","footer-sml-layout":"","ast-disable-related-posts":"","theme-transparent-header-meta":"default","adv-header-id-meta":"","stick-header-meta":"","header-above-stick-meta":"","header-main-stick-meta":"","header-below-stick-meta":"","astra-migrate-meta-layouts":"default","ast-page-background-enabled":"default","ast-page-background-meta":{"desktop":{"background-color":"var(--ast-global-color-4)","background-image":"","background-repeat":"repeat","background-position":"center center","background-size":"auto","background-attachment":"scroll","background-type":"","background-media":"","overlay-type":"","overlay-color":"","overlay-opacity":"","overlay-gradient":""},"tablet":{"background-color":"","background-image":"","background-repeat":"repeat","background-position":"center center","background-size":"auto","background-attachment":"scroll","background-type":"","background-media":"","overlay-type":"","overlay-color":"","overlay-opacity":"","overlay-gradient":""},"mobile":{"background-color":"","background-image":"","background-repeat":"repeat","background-position":"center center","background-size":"auto","background-attachment":"scroll","background-type":"","background-media":"","overlay-type":"","overlay-color":"","overlay-opacity":"","overlay-gradient":""}},"ast-content-background-meta":{"desktop":{"background-color":"var(--ast-global-color-5)","background-image":"","background-repeat":"repeat","background-position":"center center","background-size":"auto","background-attachment":"scroll","background-type":"","background-media":"","overlay-type":"","overlay-color":"","overlay-opacity":"","overlay-gradient":""},"tablet":{"background-color":"var(--ast-global-color-5)","background-image":"","background-repeat":"repeat","background-position":"center center","background-size":"auto","background-attachment":"scroll","background-type":"","background-media":"","overlay-type":"","overlay-color":"","overlay-opacity":"","overlay-gradient":""},"mobile":{"background-color":"var(--ast-global-color-5)","background-image":"","background-repeat":"repeat","background-position":"center center","background-size":"auto","background-attachment":"scroll","background-type":"","background-media":"","overlay-type":"","overlay-color":"","overlay-opacity":"","overlay-gradient":""}},"footnotes":""},"categories":[1],"tags":[],"class_list":["post-9758","post","type-post","status-publish","format-standard","has-post-thumbnail","hentry","category-aktuality"],"yoast_head":"<!-- This site is optimized with the Yoast SEO plugin v27.5 - https:\/\/yoast.com\/product\/yoast-seo-wordpress\/ -->\n<title>Mlad\u00ed kadern\u00edci a viz\u00e1\u017eisti excelovali kreativitou na celo\u0161t\u00e1tnej s\u00fa\u0165a\u017ei Skills Slovakia \u201eO zlat\u00e9 no\u017enice\u201c - \u0160IOV - \u0161t\u00e1tny in\u0161tit\u00fat odborn\u00e9ho vzdel\u00e1vania<\/title>\n<meta name=\"robots\" content=\"index, follow, max-snippet:-1, max-image-preview:large, max-video-preview:-1\" \/>\n<link rel=\"canonical\" href=\"https:\/\/archiv.siov.sk\/en\/mladi-kadernici-a-vizazisti-excelovali-kreativitou-na-celostatnej-sutazi-skills-slovakia-o-zlate-noznice\/\" \/>\n<meta property=\"og:locale\" content=\"en_GB\" \/>\n<meta property=\"og:type\" content=\"article\" \/>\n<meta property=\"og:title\" content=\"Mlad\u00ed kadern\u00edci a viz\u00e1\u017eisti excelovali kreativitou na celo\u0161t\u00e1tnej s\u00fa\u0165a\u017ei Skills Slovakia \u201eO zlat\u00e9 no\u017enice\u201c - \u0160IOV - \u0161t\u00e1tny in\u0161tit\u00fat odborn\u00e9ho vzdel\u00e1vania\" \/>\n<meta property=\"og:description\" content=\"Dom kult\u00fary v bratislavskom Ru\u017einove 24. septembra otvoril priestory \u0161iestemu ro\u010dn\u00edku celo\u0161t\u00e1tnej s\u00fa\u0165a\u017ee stredo\u0161kol\u00e1kov v odborn\u00fdch zru\u010dnostiach kadern\u00edkov &nbsp;a viz\u00e1\u017eistov Skills Slovakia Uk\u00e1\u017e \u010do vie\u0161\u201c \u201eO zlat\u00e9 no\u017enice\u201c. &nbsp;&nbsp; Celkom sa z\u00fa\u010dastnilo&nbsp; s\u00fa\u0165a\u017ee&nbsp; 112 mlad\u00fdch n\u00e1dejn\u00fdch kadern\u00edkov a viz\u00e1\u017eistov.&nbsp; \u017diakov zo stredn\u00fdch odborn\u00fdch \u0161k\u00f4l&nbsp; s\u00fa\u0165a\u017eilo 33. Svoje vlasov\u00e9 kre\u00e1cie a&nbsp;viz\u00e1\u017e vytv\u00e1rali na \u017eiv\u00fdch modeloch svojich [&hellip;]\" \/>\n<meta property=\"og:url\" content=\"https:\/\/archiv.siov.sk\/en\/mladi-kadernici-a-vizazisti-excelovali-kreativitou-na-celostatnej-sutazi-skills-slovakia-o-zlate-noznice\/\" \/>\n<meta property=\"og:site_name\" content=\"\u0160IOV - \u0161t\u00e1tny in\u0161tit\u00fat odborn\u00e9ho vzdel\u00e1vania\" \/>\n<meta property=\"article:publisher\" content=\"https:\/\/www.facebook.com\/Statnyinstitutodbornehovzdelavania\" \/>\n<meta property=\"article:published_time\" content=\"2021-09-30T12:56:04+00:00\" \/>\n<meta property=\"og:image\" content=\"https:\/\/archiv.siov.sk\/wp-content\/uploads\/2021\/09\/242683894_1436345846735220_468867948495814118_n.jpg\" \/>\n\t<meta property=\"og:image:width\" content=\"960\" \/>\n\t<meta property=\"og:image:height\" content=\"720\" \/>\n\t<meta property=\"og:image:type\" content=\"image\/jpeg\" \/>\n<meta name=\"author\" content=\"Katar\u00edna Kov\u00e1\u010dov\u00e1\" \/>\n<meta name=\"twitter:card\" content=\"summary_large_image\" \/>\n<meta name=\"twitter:label1\" content=\"Written by\" \/>\n\t<meta name=\"twitter:data1\" content=\"Katar\u00edna Kov\u00e1\u010dov\u00e1\" \/>\n\t<meta name=\"twitter:label2\" content=\"Estimated reading time\" \/>\n\t<meta name=\"twitter:data2\" content=\"2 minutes\" \/>\n<script type=\"application\/ld+json\" class=\"yoast-schema-graph\">{\"@context\":\"https:\\\/\\\/schema.org\",\"@graph\":[{\"@type\":\"Article\",\"@id\":\"https:\\\/\\\/archiv.siov.sk\\\/mladi-kadernici-a-vizazisti-excelovali-kreativitou-na-celostatnej-sutazi-skills-slovakia-o-zlate-noznice\\\/#article\",\"isPartOf\":{\"@id\":\"https:\\\/\\\/archiv.siov.sk\\\/mladi-kadernici-a-vizazisti-excelovali-kreativitou-na-celostatnej-sutazi-skills-slovakia-o-zlate-noznice\\\/\"},\"author\":{\"name\":\"Katar\u00edna Kov\u00e1\u010dov\u00e1\",\"@id\":\"https:\\\/\\\/archiv.siov.sk\\\/#\\\/schema\\\/person\\\/e42d633fbd958c6a726e8834d8965e6c\"},\"headline\":\"Mlad\u00ed kadern\u00edci a viz\u00e1\u017eisti excelovali kreativitou na celo\u0161t\u00e1tnej s\u00fa\u0165a\u017ei Skills Slovakia \u201eO zlat\u00e9 no\u017enice\u201c\",\"datePublished\":\"2021-09-30T12:56:04+00:00\",\"mainEntityOfPage\":{\"@id\":\"https:\\\/\\\/archiv.siov.sk\\\/mladi-kadernici-a-vizazisti-excelovali-kreativitou-na-celostatnej-sutazi-skills-slovakia-o-zlate-noznice\\\/\"},\"wordCount\":639,\"publisher\":{\"@id\":\"https:\\\/\\\/archiv.siov.sk\\\/#organization\"},\"image\":{\"@id\":\"https:\\\/\\\/archiv.siov.sk\\\/mladi-kadernici-a-vizazisti-excelovali-kreativitou-na-celostatnej-sutazi-skills-slovakia-o-zlate-noznice\\\/#primaryimage\"},\"thumbnailUrl\":\"https:\\\/\\\/archiv.siov.sk\\\/wp-content\\\/uploads\\\/2021\\\/09\\\/242683894_1436345846735220_468867948495814118_n.jpg\",\"articleSection\":[\"Aktuality\"],\"inLanguage\":\"en-GB\"},{\"@type\":\"WebPage\",\"@id\":\"https:\\\/\\\/archiv.siov.sk\\\/mladi-kadernici-a-vizazisti-excelovali-kreativitou-na-celostatnej-sutazi-skills-slovakia-o-zlate-noznice\\\/\",\"url\":\"https:\\\/\\\/archiv.siov.sk\\\/mladi-kadernici-a-vizazisti-excelovali-kreativitou-na-celostatnej-sutazi-skills-slovakia-o-zlate-noznice\\\/\",\"name\":\"Mlad\u00ed kadern\u00edci a viz\u00e1\u017eisti excelovali kreativitou na celo\u0161t\u00e1tnej s\u00fa\u0165a\u017ei Skills Slovakia \u201eO zlat\u00e9 no\u017enice\u201c - \u0160IOV - \u0161t\u00e1tny in\u0161tit\u00fat odborn\u00e9ho vzdel\u00e1vania\",\"isPartOf\":{\"@id\":\"https:\\\/\\\/archiv.siov.sk\\\/#website\"},\"primaryImageOfPage\":{\"@id\":\"https:\\\/\\\/archiv.siov.sk\\\/mladi-kadernici-a-vizazisti-excelovali-kreativitou-na-celostatnej-sutazi-skills-slovakia-o-zlate-noznice\\\/#primaryimage\"},\"image\":{\"@id\":\"https:\\\/\\\/archiv.siov.sk\\\/mladi-kadernici-a-vizazisti-excelovali-kreativitou-na-celostatnej-sutazi-skills-slovakia-o-zlate-noznice\\\/#primaryimage\"},\"thumbnailUrl\":\"https:\\\/\\\/archiv.siov.sk\\\/wp-content\\\/uploads\\\/2021\\\/09\\\/242683894_1436345846735220_468867948495814118_n.jpg\",\"datePublished\":\"2021-09-30T12:56:04+00:00\",\"breadcrumb\":{\"@id\":\"https:\\\/\\\/archiv.siov.sk\\\/mladi-kadernici-a-vizazisti-excelovali-kreativitou-na-celostatnej-sutazi-skills-slovakia-o-zlate-noznice\\\/#breadcrumb\"},\"inLanguage\":\"en-GB\",\"potentialAction\":[{\"@type\":\"ReadAction\",\"target\":[\"https:\\\/\\\/archiv.siov.sk\\\/mladi-kadernici-a-vizazisti-excelovali-kreativitou-na-celostatnej-sutazi-skills-slovakia-o-zlate-noznice\\\/\"]}]},{\"@type\":\"ImageObject\",\"inLanguage\":\"en-GB\",\"@id\":\"https:\\\/\\\/archiv.siov.sk\\\/mladi-kadernici-a-vizazisti-excelovali-kreativitou-na-celostatnej-sutazi-skills-slovakia-o-zlate-noznice\\\/#primaryimage\",\"url\":\"https:\\\/\\\/archiv.siov.sk\\\/wp-content\\\/uploads\\\/2021\\\/09\\\/242683894_1436345846735220_468867948495814118_n.jpg\",\"contentUrl\":\"https:\\\/\\\/archiv.siov.sk\\\/wp-content\\\/uploads\\\/2021\\\/09\\\/242683894_1436345846735220_468867948495814118_n.jpg\",\"width\":960,\"height\":720},{\"@type\":\"BreadcrumbList\",\"@id\":\"https:\\\/\\\/archiv.siov.sk\\\/mladi-kadernici-a-vizazisti-excelovali-kreativitou-na-celostatnej-sutazi-skills-slovakia-o-zlate-noznice\\\/#breadcrumb\",\"itemListElement\":[{\"@type\":\"ListItem\",\"position\":1,\"name\":\"Home\",\"item\":\"https:\\\/\\\/archiv.siov.sk\\\/\"},{\"@type\":\"ListItem\",\"position\":2,\"name\":\"Mlad\u00ed kadern\u00edci a viz\u00e1\u017eisti excelovali kreativitou na celo\u0161t\u00e1tnej s\u00fa\u0165a\u017ei Skills Slovakia \u201eO zlat\u00e9 no\u017enice\u201c\"}]},{\"@type\":\"WebSite\",\"@id\":\"https:\\\/\\\/archiv.siov.sk\\\/#website\",\"url\":\"https:\\\/\\\/archiv.siov.sk\\\/\",\"name\":\"\u0160IOV - \u0161t\u00e1tny in\u0161tit\u00fat odborn\u00e9ho vzdel\u00e1vania\",\"description\":\"\",\"publisher\":{\"@id\":\"https:\\\/\\\/archiv.siov.sk\\\/#organization\"},\"potentialAction\":[{\"@type\":\"SearchAction\",\"target\":{\"@type\":\"EntryPoint\",\"urlTemplate\":\"https:\\\/\\\/archiv.siov.sk\\\/?s={search_term_string}\"},\"query-input\":{\"@type\":\"PropertyValueSpecification\",\"valueRequired\":true,\"valueName\":\"search_term_string\"}}],\"inLanguage\":\"en-GB\"},{\"@type\":\"Organization\",\"@id\":\"https:\\\/\\\/archiv.siov.sk\\\/#organization\",\"name\":\"\u0160IOV - \u0161t\u00e1tny in\u0161tit\u00fat odborn\u00e9ho vzdel\u00e1vania\",\"url\":\"https:\\\/\\\/archiv.siov.sk\\\/\",\"logo\":{\"@type\":\"ImageObject\",\"inLanguage\":\"en-GB\",\"@id\":\"https:\\\/\\\/archiv.siov.sk\\\/#\\\/schema\\\/logo\\\/image\\\/\",\"url\":\"https:\\\/\\\/archiv.siov.sk\\\/wp-content\\\/uploads\\\/2024\\\/02\\\/logo-SIOV.png\",\"contentUrl\":\"https:\\\/\\\/archiv.siov.sk\\\/wp-content\\\/uploads\\\/2024\\\/02\\\/logo-SIOV.png\",\"width\":431,\"height\":143,\"caption\":\"\u0160IOV - \u0161t\u00e1tny in\u0161tit\u00fat odborn\u00e9ho vzdel\u00e1vania\"},\"image\":{\"@id\":\"https:\\\/\\\/archiv.siov.sk\\\/#\\\/schema\\\/logo\\\/image\\\/\"},\"sameAs\":[\"https:\\\/\\\/www.facebook.com\\\/Statnyinstitutodbornehovzdelavania\"]},{\"@type\":\"Person\",\"@id\":\"https:\\\/\\\/archiv.siov.sk\\\/#\\\/schema\\\/person\\\/e42d633fbd958c6a726e8834d8965e6c\",\"name\":\"Katar\u00edna Kov\u00e1\u010dov\u00e1\",\"url\":\"https:\\\/\\\/archiv.siov.sk\\\/en\\\/author\\\/katkakovacova\\\/\"}]}<\/script>\n<!-- \/ Yoast SEO plugin. -->","yoast_head_json":{"title":"Mlad\u00ed kadern\u00edci a viz\u00e1\u017eisti excelovali kreativitou na celo\u0161t\u00e1tnej s\u00fa\u0165a\u017ei Skills Slovakia \u201eO zlat\u00e9 no\u017enice\u201c - \u0160IOV - \u0161t\u00e1tny in\u0161tit\u00fat odborn\u00e9ho vzdel\u00e1vania","robots":{"index":"index","follow":"follow","max-snippet":"max-snippet:-1","max-image-preview":"max-image-preview:large","max-video-preview":"max-video-preview:-1"},"canonical":"https:\/\/archiv.siov.sk\/en\/mladi-kadernici-a-vizazisti-excelovali-kreativitou-na-celostatnej-sutazi-skills-slovakia-o-zlate-noznice\/","og_locale":"en_GB","og_type":"article","og_title":"Mlad\u00ed kadern\u00edci a viz\u00e1\u017eisti excelovali kreativitou na celo\u0161t\u00e1tnej s\u00fa\u0165a\u017ei Skills Slovakia \u201eO zlat\u00e9 no\u017enice\u201c - \u0160IOV - \u0161t\u00e1tny in\u0161tit\u00fat odborn\u00e9ho vzdel\u00e1vania","og_description":"Dom kult\u00fary v bratislavskom Ru\u017einove 24. septembra otvoril priestory \u0161iestemu ro\u010dn\u00edku celo\u0161t\u00e1tnej s\u00fa\u0165a\u017ee stredo\u0161kol\u00e1kov v odborn\u00fdch zru\u010dnostiach kadern\u00edkov &nbsp;a viz\u00e1\u017eistov Skills Slovakia Uk\u00e1\u017e \u010do vie\u0161\u201c \u201eO zlat\u00e9 no\u017enice\u201c. &nbsp;&nbsp; Celkom sa z\u00fa\u010dastnilo&nbsp; s\u00fa\u0165a\u017ee&nbsp; 112 mlad\u00fdch n\u00e1dejn\u00fdch kadern\u00edkov a viz\u00e1\u017eistov.&nbsp; \u017diakov zo stredn\u00fdch odborn\u00fdch \u0161k\u00f4l&nbsp; s\u00fa\u0165a\u017eilo 33. Svoje vlasov\u00e9 kre\u00e1cie a&nbsp;viz\u00e1\u017e vytv\u00e1rali na \u017eiv\u00fdch modeloch svojich [&hellip;]","og_url":"https:\/\/archiv.siov.sk\/en\/mladi-kadernici-a-vizazisti-excelovali-kreativitou-na-celostatnej-sutazi-skills-slovakia-o-zlate-noznice\/","og_site_name":"\u0160IOV - \u0161t\u00e1tny in\u0161tit\u00fat odborn\u00e9ho vzdel\u00e1vania","article_publisher":"https:\/\/www.facebook.com\/Statnyinstitutodbornehovzdelavania","article_published_time":"2021-09-30T12:56:04+00:00","og_image":[{"width":960,"height":720,"url":"https:\/\/archiv.siov.sk\/wp-content\/uploads\/2021\/09\/242683894_1436345846735220_468867948495814118_n.jpg","type":"image\/jpeg"}],"author":"Katar\u00edna Kov\u00e1\u010dov\u00e1","twitter_card":"summary_large_image","twitter_misc":{"Written by":"Katar\u00edna Kov\u00e1\u010dov\u00e1","Estimated reading time":"2 minutes"},"schema":{"@context":"https:\/\/schema.org","@graph":[{"@type":"Article","@id":"https:\/\/archiv.siov.sk\/mladi-kadernici-a-vizazisti-excelovali-kreativitou-na-celostatnej-sutazi-skills-slovakia-o-zlate-noznice\/#article","isPartOf":{"@id":"https:\/\/archiv.siov.sk\/mladi-kadernici-a-vizazisti-excelovali-kreativitou-na-celostatnej-sutazi-skills-slovakia-o-zlate-noznice\/"},"author":{"name":"Katar\u00edna Kov\u00e1\u010dov\u00e1","@id":"https:\/\/archiv.siov.sk\/#\/schema\/person\/e42d633fbd958c6a726e8834d8965e6c"},"headline":"Mlad\u00ed kadern\u00edci a viz\u00e1\u017eisti excelovali kreativitou na celo\u0161t\u00e1tnej s\u00fa\u0165a\u017ei Skills Slovakia \u201eO zlat\u00e9 no\u017enice\u201c","datePublished":"2021-09-30T12:56:04+00:00","mainEntityOfPage":{"@id":"https:\/\/archiv.siov.sk\/mladi-kadernici-a-vizazisti-excelovali-kreativitou-na-celostatnej-sutazi-skills-slovakia-o-zlate-noznice\/"},"wordCount":639,"publisher":{"@id":"https:\/\/archiv.siov.sk\/#organization"},"image":{"@id":"https:\/\/archiv.siov.sk\/mladi-kadernici-a-vizazisti-excelovali-kreativitou-na-celostatnej-sutazi-skills-slovakia-o-zlate-noznice\/#primaryimage"},"thumbnailUrl":"https:\/\/archiv.siov.sk\/wp-content\/uploads\/2021\/09\/242683894_1436345846735220_468867948495814118_n.jpg","articleSection":["Aktuality"],"inLanguage":"en-GB"},{"@type":"WebPage","@id":"https:\/\/archiv.siov.sk\/mladi-kadernici-a-vizazisti-excelovali-kreativitou-na-celostatnej-sutazi-skills-slovakia-o-zlate-noznice\/","url":"https:\/\/archiv.siov.sk\/mladi-kadernici-a-vizazisti-excelovali-kreativitou-na-celostatnej-sutazi-skills-slovakia-o-zlate-noznice\/","name":"Mlad\u00ed kadern\u00edci a viz\u00e1\u017eisti excelovali kreativitou na celo\u0161t\u00e1tnej s\u00fa\u0165a\u017ei Skills Slovakia \u201eO zlat\u00e9 no\u017enice\u201c - \u0160IOV - \u0161t\u00e1tny in\u0161tit\u00fat odborn\u00e9ho vzdel\u00e1vania","isPartOf":{"@id":"https:\/\/archiv.siov.sk\/#website"},"primaryImageOfPage":{"@id":"https:\/\/archiv.siov.sk\/mladi-kadernici-a-vizazisti-excelovali-kreativitou-na-celostatnej-sutazi-skills-slovakia-o-zlate-noznice\/#primaryimage"},"image":{"@id":"https:\/\/archiv.siov.sk\/mladi-kadernici-a-vizazisti-excelovali-kreativitou-na-celostatnej-sutazi-skills-slovakia-o-zlate-noznice\/#primaryimage"},"thumbnailUrl":"https:\/\/archiv.siov.sk\/wp-content\/uploads\/2021\/09\/242683894_1436345846735220_468867948495814118_n.jpg","datePublished":"2021-09-30T12:56:04+00:00","breadcrumb":{"@id":"https:\/\/archiv.siov.sk\/mladi-kadernici-a-vizazisti-excelovali-kreativitou-na-celostatnej-sutazi-skills-slovakia-o-zlate-noznice\/#breadcrumb"},"inLanguage":"en-GB","potentialAction":[{"@type":"ReadAction","target":["https:\/\/archiv.siov.sk\/mladi-kadernici-a-vizazisti-excelovali-kreativitou-na-celostatnej-sutazi-skills-slovakia-o-zlate-noznice\/"]}]},{"@type":"ImageObject","inLanguage":"en-GB","@id":"https:\/\/archiv.siov.sk\/mladi-kadernici-a-vizazisti-excelovali-kreativitou-na-celostatnej-sutazi-skills-slovakia-o-zlate-noznice\/#primaryimage","url":"https:\/\/archiv.siov.sk\/wp-content\/uploads\/2021\/09\/242683894_1436345846735220_468867948495814118_n.jpg","contentUrl":"https:\/\/archiv.siov.sk\/wp-content\/uploads\/2021\/09\/242683894_1436345846735220_468867948495814118_n.jpg","width":960,"height":720},{"@type":"BreadcrumbList","@id":"https:\/\/archiv.siov.sk\/mladi-kadernici-a-vizazisti-excelovali-kreativitou-na-celostatnej-sutazi-skills-slovakia-o-zlate-noznice\/#breadcrumb","itemListElement":[{"@type":"ListItem","position":1,"name":"Home","item":"https:\/\/archiv.siov.sk\/"},{"@type":"ListItem","position":2,"name":"Mlad\u00ed kadern\u00edci a viz\u00e1\u017eisti excelovali kreativitou na celo\u0161t\u00e1tnej s\u00fa\u0165a\u017ei Skills Slovakia \u201eO zlat\u00e9 no\u017enice\u201c"}]},{"@type":"WebSite","@id":"https:\/\/archiv.siov.sk\/#website","url":"https:\/\/archiv.siov.sk\/","name":"\u0160IOV - \u0161t\u00e1tny in\u0161tit\u00fat odborn\u00e9ho vzdel\u00e1vania","description":"","publisher":{"@id":"https:\/\/archiv.siov.sk\/#organization"},"potentialAction":[{"@type":"SearchAction","target":{"@type":"EntryPoint","urlTemplate":"https:\/\/archiv.siov.sk\/?s={search_term_string}"},"query-input":{"@type":"PropertyValueSpecification","valueRequired":true,"valueName":"search_term_string"}}],"inLanguage":"en-GB"},{"@type":"Organization","@id":"https:\/\/archiv.siov.sk\/#organization","name":"\u0160IOV - \u0161t\u00e1tny in\u0161tit\u00fat odborn\u00e9ho vzdel\u00e1vania","url":"https:\/\/archiv.siov.sk\/","logo":{"@type":"ImageObject","inLanguage":"en-GB","@id":"https:\/\/archiv.siov.sk\/#\/schema\/logo\/image\/","url":"https:\/\/archiv.siov.sk\/wp-content\/uploads\/2024\/02\/logo-SIOV.png","contentUrl":"https:\/\/archiv.siov.sk\/wp-content\/uploads\/2024\/02\/logo-SIOV.png","width":431,"height":143,"caption":"\u0160IOV - \u0161t\u00e1tny in\u0161tit\u00fat odborn\u00e9ho vzdel\u00e1vania"},"image":{"@id":"https:\/\/archiv.siov.sk\/#\/schema\/logo\/image\/"},"sameAs":["https:\/\/www.facebook.com\/Statnyinstitutodbornehovzdelavania"]},{"@type":"Person","@id":"https:\/\/archiv.siov.sk\/#\/schema\/person\/e42d633fbd958c6a726e8834d8965e6c","name":"Katar\u00edna Kov\u00e1\u010dov\u00e1","url":"https:\/\/archiv.siov.sk\/en\/author\/katkakovacova\/"}]}},"_links":{"self":[{"href":"https:\/\/archiv.siov.sk\/en\/wp-json\/wp\/v2\/posts\/9758","targetHints":{"allow":["GET"]}}],"collection":[{"href":"https:\/\/archiv.siov.sk\/en\/wp-json\/wp\/v2\/posts"}],"about":[{"href":"https:\/\/archiv.siov.sk\/en\/wp-json\/wp\/v2\/types\/post"}],"author":[{"embeddable":true,"href":"https:\/\/archiv.siov.sk\/en\/wp-json\/wp\/v2\/users\/6"}],"replies":[{"embeddable":true,"href":"https:\/\/archiv.siov.sk\/en\/wp-json\/wp\/v2\/comments?post=9758"}],"version-history":[{"count":2,"href":"https:\/\/archiv.siov.sk\/en\/wp-json\/wp\/v2\/posts\/9758\/revisions"}],"predecessor-version":[{"id":9761,"href":"https:\/\/archiv.siov.sk\/en\/wp-json\/wp\/v2\/posts\/9758\/revisions\/9761"}],"wp:featuredmedia":[{"embeddable":true,"href":"https:\/\/archiv.siov.sk\/en\/wp-json\/wp\/v2\/media\/9760"}],"wp:attachment":[{"href":"https:\/\/archiv.siov.sk\/en\/wp-json\/wp\/v2\/media?parent=9758"}],"wp:term":[{"taxonomy":"category","embeddable":true,"href":"https:\/\/archiv.siov.sk\/en\/wp-json\/wp\/v2\/categories?post=9758"},{"taxonomy":"post_tag","embeddable":true,"href":"https:\/\/archiv.siov.sk\/en\/wp-json\/wp\/v2\/tags?post=9758"}],"curies":[{"name":"wp","href":"https:\/\/api.w.org\/{rel}","templated":true}]}}