{"id":9755,"date":"2021-09-30T14:38:31","date_gmt":"2021-09-30T12:38:31","guid":{"rendered":"https:\/\/archiv.siov.sk\/?p=9755"},"modified":"2021-09-30T15:25:12","modified_gmt":"2021-09-30T13:25:12","slug":"slovensko-na-euroskills-2021-v-tvrdej-konkurencii-obstalo-na-vybornu","status":"publish","type":"post","link":"https:\/\/archiv.siov.sk\/en\/slovensko-na-euroskills-2021-v-tvrdej-konkurencii-obstalo-na-vybornu\/","title":{"rendered":"Slovensko na  EuroSkills 2021 v tvrdej konkurencii obst\u00e1lo na v\u00fdborn\u00fa"},"content":{"rendered":"<div data-elementor-type=\"wp-post\" data-elementor-id=\"9755\" class=\"elementor elementor-9755\" data-elementor-post-type=\"post\">\n\t\t\t\t\t\t<section class=\"elementor-section elementor-top-section elementor-element elementor-element-559f87dc elementor-section-boxed elementor-section-height-default elementor-section-height-default\" data-id=\"559f87dc\" data-element_type=\"section\" data-e-type=\"section\">\n\t\t\t\t\t\t<div class=\"elementor-container elementor-column-gap-default\">\n\t\t\t\t\t<div class=\"elementor-column elementor-col-100 elementor-top-column elementor-element elementor-element-71fdec47\" data-id=\"71fdec47\" data-element_type=\"column\" data-e-type=\"column\">\n\t\t\t<div class=\"elementor-widget-wrap elementor-element-populated\">\n\t\t\t\t\t\t<div class=\"elementor-element elementor-element-2cc12063 elementor-widget__width-inherit elementor-widget elementor-widget-text-editor\" data-id=\"2cc12063\" data-element_type=\"widget\" data-e-type=\"widget\" data-widget_type=\"text-editor.default\">\n\t\t\t\t<div class=\"elementor-widget-container\">\n\t\t\t\t\t\t\t\t\t<p style=\"text-align: justify;\">EuroSkills 2021 sa \u00faspe\u0161ne zav\u0155\u0161ilo v rak\u00faskom Grazi. V\u00fdnimo\u010dn\u00e9ho podujatia sa\u00a0 z\u00fa\u010dastnilo \u00a0vy\u0161e 450 mlad\u00fdch odborn\u00edkov z 31 \u010dlensk\u00fdch kraj\u00edn. Majstrovstv\u00e1 Eur\u00f3py v pribli\u017ene 45 r\u00f4znych povolaniach sa konali 23. &#8211; 25. septembra. Slovensko\u00a0 malo zast\u00fapenie v profesi\u00e1ch floristika, mechatronika, elektronika, grafick\u00fd dizajn, web developer, chladiaca a klimatiza\u010dn\u00e1 technika a kuch\u00e1r. EuroSkills je centr\u00e1lnou p\u00e1kou proti nedostatku kvalifikovan\u00fdch pracovn\u00edkov.<\/p><p><a href=\"https:\/\/siov.sk\/wp-content\/uploads\/2021\/07\/Graz-2021.jpg\"><img fetchpriority=\"high\" decoding=\"async\" class=\"size-medium wp-image-9224 aligncenter\" src=\"https:\/\/siov.sk\/wp-content\/uploads\/2021\/07\/Graz-2021-300x169.jpg\" alt=\"\" width=\"300\" height=\"169\" srcset=\"https:\/\/archiv.siov.sk\/wp-content\/uploads\/2021\/07\/Graz-2021-300x169.jpg 300w, https:\/\/archiv.siov.sk\/wp-content\/uploads\/2021\/07\/Graz-2021.jpg 590w\" sizes=\"(max-width: 300px) 100vw, 300px\" \/><\/a><\/p><p style=\"text-align: justify;\">\u0160t\u00e1tny in\u0161tit\u00fat odborn\u00e9ho vzdel\u00e1vania (\u0160IOV) v spolupr\u00e1ci s odborn\u00fdmi expertami z hospod\u00e1rskej praxe na z\u00e1klade ich v\u00fdborn\u00fdch v\u00fdsledkov nominoval osem mlad\u00fdch s\u00fa\u0165a\u017eiacich.\u00a0<\/p><p style=\"text-align: justify;\">Slovensko v odbore mechatronika reprezentovali\u00a0 \u017eiaci zo Strednej priemyselnej \u0161koly technickej Spi\u0161sk\u00e1 Nov\u00e1 Ves Milo\u0161 Neuvirth a Marek Macejko. \u010eal\u0161\u00edch osem dvoj\u010dlenn\u00fdch t\u00edmov bolo z Rak\u00faska, Belgicka, Nemecka, Talianska, Kazachstanu, Portugalska, Ruska, Slovinska. V odbore elektrotechnika Matej Grega zo Strednej priemyselnej \u0161koly elektrotechnickej Ko\u0161ice s\u00fa\u0165a\u017eil s \u010fal\u0161\u00edmi \u0161tyrmi mlad\u00fdmi z Rak\u00faska, \u0160vaj\u010diarska, Portugalska, Ruska a z\u00edskal 4. miesto. \u00a0V odbore grafick\u00fd dizajn\u00a0 sa predstavila\u00a0 Be\u00e1ta V\u00e1lkyov\u00e1 z Univerzity sv. Cyrila a Metoda Trnava a v konkurencii \u010fal\u0161\u00edch z Rak\u00faska, Est\u00f3nska, Franc\u00fazka, Ma\u010farska, Talianska, Loty\u0161ska, Portugalska, Kazachstanu a Po\u013eska obsadila 4. miesto. S\u00fa\u010dasne z\u00edskala ocenenie \u201eBest of Nation\u201c ako \u00a0najlep\u0161ia medzi slovensk\u00fdmi reprezentantami.\u00a0\u00a0\u00a0 <em>\u00a0<\/em><\/p><p style=\"text-align: justify;\">Mari\u00e1n Polonec zo Strednej odbornej \u0161koly informa\u010dn\u00fdch technol\u00f3gi\u00ed Bansk\u00e1 Bystrica si v odbore web developer zmeral sily so s\u00fa\u0165a\u017eiacimi z Rak\u00faska,\u00a0 Belgicka, Est\u00f3nska, Franc\u00fazka, Ma\u010farska, Kazachstanu, Luxemburska, Loty\u0161ska, Rumunska, Ruska.\u00a0 V odbore florista s\u00fa\u0165a\u017eila najmlad\u0161ia reprezentantka Blanka Drinkov\u00e1 zo Strednej odbornej \u0161koly z\u00e1hradn\u00edckej Pie\u0161\u0165any s mlad\u00fdmi z Rak\u00faska, Belgicka, Rumunska, Ma\u010farska, Po\u013eska, Ruska a Slovinska. Kuch\u00e1r \u0160imon Kalata zo Strednej odbornej \u0161koly hotelovej Horn\u00fd Smokovec, Vysok\u00e9 Tatry si zmeral sily s konkurenciou z Rak\u00faska, Belgicka, Nemecka, Est\u00f3nska, Holandska, Loty\u0161ska, Po\u013eska, Portugalska, Ruska. V odbore chladiaca a klimatiza\u010dn\u00e1 technika Peter Havala zo Strednej odbornej \u0161koly technickej Zlat\u00e9 Moravce s\u00fa\u0165a\u017eil s \u010fal\u0161\u00edmi mlad\u00fdmi z Rak\u00faska, \u010ceska, Nemecka, Franc\u00fazka, Portugalska, Ruska.\u00a0 \u00a0\u00a0<\/p><p style=\"text-align: justify;\">K\u00a0v\u00fdborn\u00fdm umiestneniam prispeli aj odborn\u00ed gestori \u2013 experti a\u00a0vysielaj\u00face \u0161koly, za \u010do im \u00faprimne \u010fakujeme.\u00a0<\/p><p style=\"text-align: justify;\">Podujatie sprev\u00e1dzal cel\u00fd rad programov pre \u0161tudentov, ml\u00e1de\u017e a verejnos\u0165. \u017diaci z\u00e1kladn\u00fdch \u0161k\u00f4l sa pozerali priamo cez rameno najlep\u0161\u00edch mlad\u00fdch v profesi\u00e1ch z celej Eur\u00f3py alebo si sk\u00fa\u0161ali svoje schopnosti a talent na staniciach \u201eVysk\u00fa\u0161ajte si zru\u010dnosti\u201c, \u010do bolo pr\u00edle\u017eitos\u0165ou za\u017ei\u0165 kari\u00e9rnu orient\u00e1ciu interakt\u00edvnym a vzru\u0161uj\u00facim sp\u00f4sobom. S\u00fa\u010das\u0165ou podujatia bol aj \u0161peci\u00e1lny program pre odborn\u00edkov v podobe konferenci\u00ed, semin\u00e1rov a predn\u00e1\u0161ok na t\u00e9mu \u201eBud\u00facnos\u0165 zru\u010dnost\u00ed\u201c z r\u00f4znych perspekt\u00edv. \u00a0<\/p><p style=\"text-align: justify;\">Z\u00e1vere\u010dn\u00e9ho ceremoni\u00e1lu sa z\u00fa\u010dastnil\u00a0 aj Peter Mi\u0161\u00edk ve\u013evyslanec Slovenskej republiky v\u00a0Rak\u00fasku. Slovensk\u00fd t\u00edm gestoroval\u00a0 \u0160t\u00e1tny in\u0161tit\u00fat odborn\u00e9ho vzdel\u00e1vania\u00a0 pod veden\u00edm Vlasty P\u00fachovskej a\u00a0Gabriely Horeckej, ktor\u00fd je partnerom Worldskills\u00a0 od roku 2008 a\u00a0pripravil reprezent\u00e1ciu na v\u0161etky doteraj\u0161ie ro\u010dn\u00edky s\u00fa\u0165a\u017ee.\u00a0 \u00a0\u00a0\u00a0<\/p>\t\t\t\t\t\t\t\t<\/div>\n\t\t\t\t<\/div>\n\t\t\t\t\t<\/div>\n\t\t<\/div>\n\t\t\t\t\t<\/div>\n\t\t<\/section>\n\t\t\t\t<\/div>","protected":false},"excerpt":{"rendered":"<p>EuroSkills 2021 sa \u00faspe\u0161ne zav\u0155\u0161ilo v rak\u00faskom Grazi. V\u00fdnimo\u010dn\u00e9ho podujatia sa&nbsp; z\u00fa\u010dastnilo &nbsp;vy\u0161e 450 mlad\u00fdch odborn\u00edkov z 31 \u010dlensk\u00fdch kraj\u00edn. Majstrovstv\u00e1 Eur\u00f3py v pribli\u017ene 45 r\u00f4znych povolaniach sa konali 23. &#8211; 25. septembra. Slovensko&nbsp; malo zast\u00fapenie v profesi\u00e1ch floristika, mechatronika, elektronika, grafick\u00fd dizajn, web developer, chladiaca a klimatiza\u010dn\u00e1 technika a kuch\u00e1r. EuroSkills je centr\u00e1lnou p\u00e1kou [&hellip;]<\/p>\n","protected":false},"author":6,"featured_media":9777,"comment_status":"closed","ping_status":"closed","sticky":false,"template":"","format":"standard","meta":{"site-sidebar-layout":"default","site-content-layout":"default","ast-site-content-layout":"default","site-content-style":"default","site-sidebar-style":"default","ast-global-header-display":"","ast-banner-title-visibility":"","ast-main-header-display":"","ast-hfb-above-header-display":"","ast-hfb-below-header-display":"","ast-hfb-mobile-header-display":"","site-post-title":"","ast-breadcrumbs-content":"","ast-featured-img":"","footer-sml-layout":"","ast-disable-related-posts":"","theme-transparent-header-meta":"default","adv-header-id-meta":"","stick-header-meta":"","header-above-stick-meta":"","header-main-stick-meta":"","header-below-stick-meta":"","astra-migrate-meta-layouts":"default","ast-page-background-enabled":"default","ast-page-background-meta":{"desktop":{"background-color":"var(--ast-global-color-4)","background-image":"","background-repeat":"repeat","background-position":"center center","background-size":"auto","background-attachment":"scroll","background-type":"","background-media":"","overlay-type":"","overlay-color":"","overlay-opacity":"","overlay-gradient":""},"tablet":{"background-color":"","background-image":"","background-repeat":"repeat","background-position":"center center","background-size":"auto","background-attachment":"scroll","background-type":"","background-media":"","overlay-type":"","overlay-color":"","overlay-opacity":"","overlay-gradient":""},"mobile":{"background-color":"","background-image":"","background-repeat":"repeat","background-position":"center center","background-size":"auto","background-attachment":"scroll","background-type":"","background-media":"","overlay-type":"","overlay-color":"","overlay-opacity":"","overlay-gradient":""}},"ast-content-background-meta":{"desktop":{"background-color":"var(--ast-global-color-5)","background-image":"","background-repeat":"repeat","background-position":"center center","background-size":"auto","background-attachment":"scroll","background-type":"","background-media":"","overlay-type":"","overlay-color":"","overlay-opacity":"","overlay-gradient":""},"tablet":{"background-color":"var(--ast-global-color-5)","background-image":"","background-repeat":"repeat","background-position":"center center","background-size":"auto","background-attachment":"scroll","background-type":"","background-media":"","overlay-type":"","overlay-color":"","overlay-opacity":"","overlay-gradient":""},"mobile":{"background-color":"var(--ast-global-color-5)","background-image":"","background-repeat":"repeat","background-position":"center center","background-size":"auto","background-attachment":"scroll","background-type":"","background-media":"","overlay-type":"","overlay-color":"","overlay-opacity":"","overlay-gradient":""}},"footnotes":""},"categories":[1],"tags":[],"class_list":["post-9755","post","type-post","status-publish","format-standard","has-post-thumbnail","hentry","category-aktuality"],"yoast_head":"<!-- This site is optimized with the Yoast SEO plugin v27.5 - https:\/\/yoast.com\/product\/yoast-seo-wordpress\/ -->\n<title>Slovensko na EuroSkills 2021 v tvrdej konkurencii obst\u00e1lo na v\u00fdborn\u00fa - \u0160IOV - \u0161t\u00e1tny in\u0161tit\u00fat odborn\u00e9ho vzdel\u00e1vania<\/title>\n<meta name=\"robots\" content=\"index, follow, max-snippet:-1, max-image-preview:large, max-video-preview:-1\" \/>\n<link rel=\"canonical\" href=\"https:\/\/archiv.siov.sk\/en\/slovensko-na-euroskills-2021-v-tvrdej-konkurencii-obstalo-na-vybornu\/\" \/>\n<meta property=\"og:locale\" content=\"en_GB\" \/>\n<meta property=\"og:type\" content=\"article\" \/>\n<meta property=\"og:title\" content=\"Slovensko na EuroSkills 2021 v tvrdej konkurencii obst\u00e1lo na v\u00fdborn\u00fa - \u0160IOV - \u0161t\u00e1tny in\u0161tit\u00fat odborn\u00e9ho vzdel\u00e1vania\" \/>\n<meta property=\"og:description\" content=\"EuroSkills 2021 sa \u00faspe\u0161ne zav\u0155\u0161ilo v rak\u00faskom Grazi. V\u00fdnimo\u010dn\u00e9ho podujatia sa&nbsp; z\u00fa\u010dastnilo &nbsp;vy\u0161e 450 mlad\u00fdch odborn\u00edkov z 31 \u010dlensk\u00fdch kraj\u00edn. Majstrovstv\u00e1 Eur\u00f3py v pribli\u017ene 45 r\u00f4znych povolaniach sa konali 23. &#8211; 25. septembra. Slovensko&nbsp; malo zast\u00fapenie v profesi\u00e1ch floristika, mechatronika, elektronika, grafick\u00fd dizajn, web developer, chladiaca a klimatiza\u010dn\u00e1 technika a kuch\u00e1r. EuroSkills je centr\u00e1lnou p\u00e1kou [&hellip;]\" \/>\n<meta property=\"og:url\" content=\"https:\/\/archiv.siov.sk\/en\/slovensko-na-euroskills-2021-v-tvrdej-konkurencii-obstalo-na-vybornu\/\" \/>\n<meta property=\"og:site_name\" content=\"\u0160IOV - \u0161t\u00e1tny in\u0161tit\u00fat odborn\u00e9ho vzdel\u00e1vania\" \/>\n<meta property=\"article:publisher\" content=\"https:\/\/www.facebook.com\/Statnyinstitutodbornehovzdelavania\" \/>\n<meta property=\"article:published_time\" content=\"2021-09-30T12:38:31+00:00\" \/>\n<meta property=\"article:modified_time\" content=\"2021-09-30T13:25:12+00:00\" \/>\n<meta property=\"og:image\" content=\"https:\/\/archiv.siov.sk\/wp-content\/uploads\/2021\/09\/IMG-20210923-WA0002.jpg\" \/>\n\t<meta property=\"og:image:width\" content=\"1024\" \/>\n\t<meta property=\"og:image:height\" content=\"768\" \/>\n\t<meta property=\"og:image:type\" content=\"image\/jpeg\" \/>\n<meta name=\"author\" content=\"Katar\u00edna Kov\u00e1\u010dov\u00e1\" \/>\n<meta name=\"twitter:card\" content=\"summary_large_image\" \/>\n<meta name=\"twitter:label1\" content=\"Written by\" \/>\n\t<meta name=\"twitter:data1\" content=\"Katar\u00edna Kov\u00e1\u010dov\u00e1\" \/>\n\t<meta name=\"twitter:label2\" content=\"Estimated reading time\" \/>\n\t<meta name=\"twitter:data2\" content=\"3 minutes\" \/>\n<script type=\"application\/ld+json\" class=\"yoast-schema-graph\">{\"@context\":\"https:\\\/\\\/schema.org\",\"@graph\":[{\"@type\":\"Article\",\"@id\":\"https:\\\/\\\/archiv.siov.sk\\\/slovensko-na-euroskills-2021-v-tvrdej-konkurencii-obstalo-na-vybornu\\\/#article\",\"isPartOf\":{\"@id\":\"https:\\\/\\\/archiv.siov.sk\\\/slovensko-na-euroskills-2021-v-tvrdej-konkurencii-obstalo-na-vybornu\\\/\"},\"author\":{\"name\":\"Katar\u00edna Kov\u00e1\u010dov\u00e1\",\"@id\":\"https:\\\/\\\/archiv.siov.sk\\\/#\\\/schema\\\/person\\\/e42d633fbd958c6a726e8834d8965e6c\"},\"headline\":\"Slovensko na EuroSkills 2021 v tvrdej konkurencii obst\u00e1lo na v\u00fdborn\u00fa\",\"datePublished\":\"2021-09-30T12:38:31+00:00\",\"dateModified\":\"2021-09-30T13:25:12+00:00\",\"mainEntityOfPage\":{\"@id\":\"https:\\\/\\\/archiv.siov.sk\\\/slovensko-na-euroskills-2021-v-tvrdej-konkurencii-obstalo-na-vybornu\\\/\"},\"wordCount\":608,\"publisher\":{\"@id\":\"https:\\\/\\\/archiv.siov.sk\\\/#organization\"},\"image\":{\"@id\":\"https:\\\/\\\/archiv.siov.sk\\\/slovensko-na-euroskills-2021-v-tvrdej-konkurencii-obstalo-na-vybornu\\\/#primaryimage\"},\"thumbnailUrl\":\"https:\\\/\\\/archiv.siov.sk\\\/wp-content\\\/uploads\\\/2021\\\/09\\\/IMG-20210923-WA0002.jpg\",\"articleSection\":[\"Aktuality\"],\"inLanguage\":\"en-GB\"},{\"@type\":\"WebPage\",\"@id\":\"https:\\\/\\\/archiv.siov.sk\\\/slovensko-na-euroskills-2021-v-tvrdej-konkurencii-obstalo-na-vybornu\\\/\",\"url\":\"https:\\\/\\\/archiv.siov.sk\\\/slovensko-na-euroskills-2021-v-tvrdej-konkurencii-obstalo-na-vybornu\\\/\",\"name\":\"Slovensko na EuroSkills 2021 v tvrdej konkurencii obst\u00e1lo na v\u00fdborn\u00fa - \u0160IOV - \u0161t\u00e1tny in\u0161tit\u00fat odborn\u00e9ho vzdel\u00e1vania\",\"isPartOf\":{\"@id\":\"https:\\\/\\\/archiv.siov.sk\\\/#website\"},\"primaryImageOfPage\":{\"@id\":\"https:\\\/\\\/archiv.siov.sk\\\/slovensko-na-euroskills-2021-v-tvrdej-konkurencii-obstalo-na-vybornu\\\/#primaryimage\"},\"image\":{\"@id\":\"https:\\\/\\\/archiv.siov.sk\\\/slovensko-na-euroskills-2021-v-tvrdej-konkurencii-obstalo-na-vybornu\\\/#primaryimage\"},\"thumbnailUrl\":\"https:\\\/\\\/archiv.siov.sk\\\/wp-content\\\/uploads\\\/2021\\\/09\\\/IMG-20210923-WA0002.jpg\",\"datePublished\":\"2021-09-30T12:38:31+00:00\",\"dateModified\":\"2021-09-30T13:25:12+00:00\",\"breadcrumb\":{\"@id\":\"https:\\\/\\\/archiv.siov.sk\\\/slovensko-na-euroskills-2021-v-tvrdej-konkurencii-obstalo-na-vybornu\\\/#breadcrumb\"},\"inLanguage\":\"en-GB\",\"potentialAction\":[{\"@type\":\"ReadAction\",\"target\":[\"https:\\\/\\\/archiv.siov.sk\\\/slovensko-na-euroskills-2021-v-tvrdej-konkurencii-obstalo-na-vybornu\\\/\"]}]},{\"@type\":\"ImageObject\",\"inLanguage\":\"en-GB\",\"@id\":\"https:\\\/\\\/archiv.siov.sk\\\/slovensko-na-euroskills-2021-v-tvrdej-konkurencii-obstalo-na-vybornu\\\/#primaryimage\",\"url\":\"https:\\\/\\\/archiv.siov.sk\\\/wp-content\\\/uploads\\\/2021\\\/09\\\/IMG-20210923-WA0002.jpg\",\"contentUrl\":\"https:\\\/\\\/archiv.siov.sk\\\/wp-content\\\/uploads\\\/2021\\\/09\\\/IMG-20210923-WA0002.jpg\",\"width\":1024,\"height\":768},{\"@type\":\"BreadcrumbList\",\"@id\":\"https:\\\/\\\/archiv.siov.sk\\\/slovensko-na-euroskills-2021-v-tvrdej-konkurencii-obstalo-na-vybornu\\\/#breadcrumb\",\"itemListElement\":[{\"@type\":\"ListItem\",\"position\":1,\"name\":\"Home\",\"item\":\"https:\\\/\\\/archiv.siov.sk\\\/\"},{\"@type\":\"ListItem\",\"position\":2,\"name\":\"Slovensko na EuroSkills 2021 v tvrdej konkurencii obst\u00e1lo na v\u00fdborn\u00fa\"}]},{\"@type\":\"WebSite\",\"@id\":\"https:\\\/\\\/archiv.siov.sk\\\/#website\",\"url\":\"https:\\\/\\\/archiv.siov.sk\\\/\",\"name\":\"\u0160IOV - \u0161t\u00e1tny in\u0161tit\u00fat odborn\u00e9ho vzdel\u00e1vania\",\"description\":\"\",\"publisher\":{\"@id\":\"https:\\\/\\\/archiv.siov.sk\\\/#organization\"},\"potentialAction\":[{\"@type\":\"SearchAction\",\"target\":{\"@type\":\"EntryPoint\",\"urlTemplate\":\"https:\\\/\\\/archiv.siov.sk\\\/?s={search_term_string}\"},\"query-input\":{\"@type\":\"PropertyValueSpecification\",\"valueRequired\":true,\"valueName\":\"search_term_string\"}}],\"inLanguage\":\"en-GB\"},{\"@type\":\"Organization\",\"@id\":\"https:\\\/\\\/archiv.siov.sk\\\/#organization\",\"name\":\"\u0160IOV - \u0161t\u00e1tny in\u0161tit\u00fat odborn\u00e9ho vzdel\u00e1vania\",\"url\":\"https:\\\/\\\/archiv.siov.sk\\\/\",\"logo\":{\"@type\":\"ImageObject\",\"inLanguage\":\"en-GB\",\"@id\":\"https:\\\/\\\/archiv.siov.sk\\\/#\\\/schema\\\/logo\\\/image\\\/\",\"url\":\"https:\\\/\\\/archiv.siov.sk\\\/wp-content\\\/uploads\\\/2024\\\/02\\\/logo-SIOV.png\",\"contentUrl\":\"https:\\\/\\\/archiv.siov.sk\\\/wp-content\\\/uploads\\\/2024\\\/02\\\/logo-SIOV.png\",\"width\":431,\"height\":143,\"caption\":\"\u0160IOV - \u0161t\u00e1tny in\u0161tit\u00fat odborn\u00e9ho vzdel\u00e1vania\"},\"image\":{\"@id\":\"https:\\\/\\\/archiv.siov.sk\\\/#\\\/schema\\\/logo\\\/image\\\/\"},\"sameAs\":[\"https:\\\/\\\/www.facebook.com\\\/Statnyinstitutodbornehovzdelavania\"]},{\"@type\":\"Person\",\"@id\":\"https:\\\/\\\/archiv.siov.sk\\\/#\\\/schema\\\/person\\\/e42d633fbd958c6a726e8834d8965e6c\",\"name\":\"Katar\u00edna Kov\u00e1\u010dov\u00e1\",\"url\":\"https:\\\/\\\/archiv.siov.sk\\\/en\\\/author\\\/katkakovacova\\\/\"}]}<\/script>\n<!-- \/ Yoast SEO plugin. -->","yoast_head_json":{"title":"Slovensko na EuroSkills 2021 v tvrdej konkurencii obst\u00e1lo na v\u00fdborn\u00fa - \u0160IOV - \u0161t\u00e1tny in\u0161tit\u00fat odborn\u00e9ho vzdel\u00e1vania","robots":{"index":"index","follow":"follow","max-snippet":"max-snippet:-1","max-image-preview":"max-image-preview:large","max-video-preview":"max-video-preview:-1"},"canonical":"https:\/\/archiv.siov.sk\/en\/slovensko-na-euroskills-2021-v-tvrdej-konkurencii-obstalo-na-vybornu\/","og_locale":"en_GB","og_type":"article","og_title":"Slovensko na EuroSkills 2021 v tvrdej konkurencii obst\u00e1lo na v\u00fdborn\u00fa - \u0160IOV - \u0161t\u00e1tny in\u0161tit\u00fat odborn\u00e9ho vzdel\u00e1vania","og_description":"EuroSkills 2021 sa \u00faspe\u0161ne zav\u0155\u0161ilo v rak\u00faskom Grazi. V\u00fdnimo\u010dn\u00e9ho podujatia sa&nbsp; z\u00fa\u010dastnilo &nbsp;vy\u0161e 450 mlad\u00fdch odborn\u00edkov z 31 \u010dlensk\u00fdch kraj\u00edn. Majstrovstv\u00e1 Eur\u00f3py v pribli\u017ene 45 r\u00f4znych povolaniach sa konali 23. &#8211; 25. septembra. Slovensko&nbsp; malo zast\u00fapenie v profesi\u00e1ch floristika, mechatronika, elektronika, grafick\u00fd dizajn, web developer, chladiaca a klimatiza\u010dn\u00e1 technika a kuch\u00e1r. EuroSkills je centr\u00e1lnou p\u00e1kou [&hellip;]","og_url":"https:\/\/archiv.siov.sk\/en\/slovensko-na-euroskills-2021-v-tvrdej-konkurencii-obstalo-na-vybornu\/","og_site_name":"\u0160IOV - \u0161t\u00e1tny in\u0161tit\u00fat odborn\u00e9ho vzdel\u00e1vania","article_publisher":"https:\/\/www.facebook.com\/Statnyinstitutodbornehovzdelavania","article_published_time":"2021-09-30T12:38:31+00:00","article_modified_time":"2021-09-30T13:25:12+00:00","og_image":[{"width":1024,"height":768,"url":"https:\/\/archiv.siov.sk\/wp-content\/uploads\/2021\/09\/IMG-20210923-WA0002.jpg","type":"image\/jpeg"}],"author":"Katar\u00edna Kov\u00e1\u010dov\u00e1","twitter_card":"summary_large_image","twitter_misc":{"Written by":"Katar\u00edna Kov\u00e1\u010dov\u00e1","Estimated reading time":"3 minutes"},"schema":{"@context":"https:\/\/schema.org","@graph":[{"@type":"Article","@id":"https:\/\/archiv.siov.sk\/slovensko-na-euroskills-2021-v-tvrdej-konkurencii-obstalo-na-vybornu\/#article","isPartOf":{"@id":"https:\/\/archiv.siov.sk\/slovensko-na-euroskills-2021-v-tvrdej-konkurencii-obstalo-na-vybornu\/"},"author":{"name":"Katar\u00edna Kov\u00e1\u010dov\u00e1","@id":"https:\/\/archiv.siov.sk\/#\/schema\/person\/e42d633fbd958c6a726e8834d8965e6c"},"headline":"Slovensko na EuroSkills 2021 v tvrdej konkurencii obst\u00e1lo na v\u00fdborn\u00fa","datePublished":"2021-09-30T12:38:31+00:00","dateModified":"2021-09-30T13:25:12+00:00","mainEntityOfPage":{"@id":"https:\/\/archiv.siov.sk\/slovensko-na-euroskills-2021-v-tvrdej-konkurencii-obstalo-na-vybornu\/"},"wordCount":608,"publisher":{"@id":"https:\/\/archiv.siov.sk\/#organization"},"image":{"@id":"https:\/\/archiv.siov.sk\/slovensko-na-euroskills-2021-v-tvrdej-konkurencii-obstalo-na-vybornu\/#primaryimage"},"thumbnailUrl":"https:\/\/archiv.siov.sk\/wp-content\/uploads\/2021\/09\/IMG-20210923-WA0002.jpg","articleSection":["Aktuality"],"inLanguage":"en-GB"},{"@type":"WebPage","@id":"https:\/\/archiv.siov.sk\/slovensko-na-euroskills-2021-v-tvrdej-konkurencii-obstalo-na-vybornu\/","url":"https:\/\/archiv.siov.sk\/slovensko-na-euroskills-2021-v-tvrdej-konkurencii-obstalo-na-vybornu\/","name":"Slovensko na EuroSkills 2021 v tvrdej konkurencii obst\u00e1lo na v\u00fdborn\u00fa - \u0160IOV - \u0161t\u00e1tny in\u0161tit\u00fat odborn\u00e9ho vzdel\u00e1vania","isPartOf":{"@id":"https:\/\/archiv.siov.sk\/#website"},"primaryImageOfPage":{"@id":"https:\/\/archiv.siov.sk\/slovensko-na-euroskills-2021-v-tvrdej-konkurencii-obstalo-na-vybornu\/#primaryimage"},"image":{"@id":"https:\/\/archiv.siov.sk\/slovensko-na-euroskills-2021-v-tvrdej-konkurencii-obstalo-na-vybornu\/#primaryimage"},"thumbnailUrl":"https:\/\/archiv.siov.sk\/wp-content\/uploads\/2021\/09\/IMG-20210923-WA0002.jpg","datePublished":"2021-09-30T12:38:31+00:00","dateModified":"2021-09-30T13:25:12+00:00","breadcrumb":{"@id":"https:\/\/archiv.siov.sk\/slovensko-na-euroskills-2021-v-tvrdej-konkurencii-obstalo-na-vybornu\/#breadcrumb"},"inLanguage":"en-GB","potentialAction":[{"@type":"ReadAction","target":["https:\/\/archiv.siov.sk\/slovensko-na-euroskills-2021-v-tvrdej-konkurencii-obstalo-na-vybornu\/"]}]},{"@type":"ImageObject","inLanguage":"en-GB","@id":"https:\/\/archiv.siov.sk\/slovensko-na-euroskills-2021-v-tvrdej-konkurencii-obstalo-na-vybornu\/#primaryimage","url":"https:\/\/archiv.siov.sk\/wp-content\/uploads\/2021\/09\/IMG-20210923-WA0002.jpg","contentUrl":"https:\/\/archiv.siov.sk\/wp-content\/uploads\/2021\/09\/IMG-20210923-WA0002.jpg","width":1024,"height":768},{"@type":"BreadcrumbList","@id":"https:\/\/archiv.siov.sk\/slovensko-na-euroskills-2021-v-tvrdej-konkurencii-obstalo-na-vybornu\/#breadcrumb","itemListElement":[{"@type":"ListItem","position":1,"name":"Home","item":"https:\/\/archiv.siov.sk\/"},{"@type":"ListItem","position":2,"name":"Slovensko na EuroSkills 2021 v tvrdej konkurencii obst\u00e1lo na v\u00fdborn\u00fa"}]},{"@type":"WebSite","@id":"https:\/\/archiv.siov.sk\/#website","url":"https:\/\/archiv.siov.sk\/","name":"\u0160IOV - \u0161t\u00e1tny in\u0161tit\u00fat odborn\u00e9ho vzdel\u00e1vania","description":"","publisher":{"@id":"https:\/\/archiv.siov.sk\/#organization"},"potentialAction":[{"@type":"SearchAction","target":{"@type":"EntryPoint","urlTemplate":"https:\/\/archiv.siov.sk\/?s={search_term_string}"},"query-input":{"@type":"PropertyValueSpecification","valueRequired":true,"valueName":"search_term_string"}}],"inLanguage":"en-GB"},{"@type":"Organization","@id":"https:\/\/archiv.siov.sk\/#organization","name":"\u0160IOV - \u0161t\u00e1tny in\u0161tit\u00fat odborn\u00e9ho vzdel\u00e1vania","url":"https:\/\/archiv.siov.sk\/","logo":{"@type":"ImageObject","inLanguage":"en-GB","@id":"https:\/\/archiv.siov.sk\/#\/schema\/logo\/image\/","url":"https:\/\/archiv.siov.sk\/wp-content\/uploads\/2024\/02\/logo-SIOV.png","contentUrl":"https:\/\/archiv.siov.sk\/wp-content\/uploads\/2024\/02\/logo-SIOV.png","width":431,"height":143,"caption":"\u0160IOV - \u0161t\u00e1tny in\u0161tit\u00fat odborn\u00e9ho vzdel\u00e1vania"},"image":{"@id":"https:\/\/archiv.siov.sk\/#\/schema\/logo\/image\/"},"sameAs":["https:\/\/www.facebook.com\/Statnyinstitutodbornehovzdelavania"]},{"@type":"Person","@id":"https:\/\/archiv.siov.sk\/#\/schema\/person\/e42d633fbd958c6a726e8834d8965e6c","name":"Katar\u00edna Kov\u00e1\u010dov\u00e1","url":"https:\/\/archiv.siov.sk\/en\/author\/katkakovacova\/"}]}},"_links":{"self":[{"href":"https:\/\/archiv.siov.sk\/en\/wp-json\/wp\/v2\/posts\/9755","targetHints":{"allow":["GET"]}}],"collection":[{"href":"https:\/\/archiv.siov.sk\/en\/wp-json\/wp\/v2\/posts"}],"about":[{"href":"https:\/\/archiv.siov.sk\/en\/wp-json\/wp\/v2\/types\/post"}],"author":[{"embeddable":true,"href":"https:\/\/archiv.siov.sk\/en\/wp-json\/wp\/v2\/users\/6"}],"replies":[{"embeddable":true,"href":"https:\/\/archiv.siov.sk\/en\/wp-json\/wp\/v2\/comments?post=9755"}],"version-history":[{"count":33,"href":"https:\/\/archiv.siov.sk\/en\/wp-json\/wp\/v2\/posts\/9755\/revisions"}],"predecessor-version":[{"id":9793,"href":"https:\/\/archiv.siov.sk\/en\/wp-json\/wp\/v2\/posts\/9755\/revisions\/9793"}],"wp:featuredmedia":[{"embeddable":true,"href":"https:\/\/archiv.siov.sk\/en\/wp-json\/wp\/v2\/media\/9777"}],"wp:attachment":[{"href":"https:\/\/archiv.siov.sk\/en\/wp-json\/wp\/v2\/media?parent=9755"}],"wp:term":[{"taxonomy":"category","embeddable":true,"href":"https:\/\/archiv.siov.sk\/en\/wp-json\/wp\/v2\/categories?post=9755"},{"taxonomy":"post_tag","embeddable":true,"href":"https:\/\/archiv.siov.sk\/en\/wp-json\/wp\/v2\/tags?post=9755"}],"curies":[{"name":"wp","href":"https:\/\/api.w.org\/{rel}","templated":true}]}}