{"id":9419,"date":"2021-08-17T11:05:07","date_gmt":"2021-08-17T09:05:07","guid":{"rendered":"https:\/\/archiv.siov.sk\/?p=9419"},"modified":"2021-08-17T12:22:42","modified_gmt":"2021-08-17T10:22:42","slug":"vyhlasenie-sutazi-cvicnych-firiem-2021","status":"publish","type":"post","link":"https:\/\/archiv.siov.sk\/en\/vyhlasenie-sutazi-cvicnych-firiem-2021\/","title":{"rendered":"Vyhl\u00e1senie s\u00fa\u0165a\u017e\u00ed cvi\u010dn\u00fdch  firiem  2021"},"content":{"rendered":"<p style=\"text-align: justify;\">\u0160t\u00e1tny in\u0161tit\u00fat odborn\u00e9ho vzdel\u00e1vania, odbor finan\u010dnej gramotnosti, Slovensk\u00e9ho centra cvi\u010dn\u00fdch firiem (SCCF) &nbsp;a&nbsp;podpory smerovania ml\u00e1de\u017ee vyhlasuje s\u00fa\u0165a\u017ee cvi\u010dn\u00fdch firiem, ktor\u00e9 s\u00fa realizovan\u00e9 ako s\u00fa\u010das\u0165 Medzin\u00e1rodn\u00e9ho ve\u013etrhu cvi\u010dn\u00fdch firiem 2021.<\/p>\n<p style=\"text-align: justify;\">Cvi\u010dn\u00e1 firma podporuje finan\u010dn\u00fa gramotnos\u0165, ekonomick\u00e9 a pr\u00e1vne vedomie mlad\u00fdch \u013eud\u00ed prostredn\u00edctvom podnikate\u013esk\u00e9ho vzdel\u00e1vania, ktor\u00e9 patr\u00ed k v\u00fdznamn\u00fdm priorit\u00e1m v SR i v zahrani\u010d\u00ed.&nbsp; Cie\u013eom s\u00fa\u0165a\u017e\u00ed je preveri\u0165, \u010do sa \u017eiaci v r\u00e1mci podnikate\u013esk\u00e9ho vzdel\u00e1vania nau\u010dili. V r\u00e1mci t\u00fdchto s\u00fa\u0165a\u017e\u00ed bud\u00fa \u017eiaci prezentova\u0165 k\u013e\u00fa\u010dov\u00e9 kompetencie ako je schopnos\u0165 pracova\u0165 v t\u00edme, rozhodova\u0165, kriticky a samostatne myslie\u0165, vytv\u00e1ra\u0165 vhodn\u00e9 marketingov\u00e9 n\u00e1stroje, prezentova\u0165 a komunikova\u0165. &nbsp;<\/p>\n<p>S\u00fa\u0165a\u017en\u00e9 kateg\u00f3rie MVCF (podklady do s\u00fa\u0165a\u017e\u00ed zasielajte elektronicky vopred):<\/p>\n<ol>\n<li>Let\u00e1k \u2013 (1-strann\u00fd, form\u00e1t JPG alebo PDF)<\/li>\n<li>Instagramov\u00fd post \u2013 (form\u00e1t JPG alebo PDF)<\/li>\n<li>Elektronick\u00e1 prezent\u00e1cia \u2013 (form\u00e1t PPT)<\/li>\n<li>E-shop \u2013 (Link, webov\u00e1 str\u00e1nka s&nbsp;mo\u017enos\u0165ou zak\u00fapenia produktov CF)<\/li>\n<li>Reklamn\u00fd \u0161ot \u2013 (Link, kr\u00e1tke video s&nbsp;d\u013e\u017ekou max. 60 sek\u00fand)<\/li>\n<\/ol>\n<p>S\u00fa\u0165a\u017en\u00e9 kateg\u00f3rie MVCF (s\u00fa\u0165a\u017ee sa uskuto\u010dnia online po\u010das ve\u013etrhu)<\/p>\n<ol start=\"6\">\n<li>90\u00b4vo v\u00fd\u0165ahu<\/li>\n<li>Fin\u00e1le elektronick\u00fdch prezent\u00e1ci\u00ed (\u00fa\u010dastn\u00edkov fin\u00e1le vyberie odborn\u00e1 komisia)<\/li>\n<\/ol>\n<p>S\u00fa\u0165a\u017en\u00e1 kateg\u00f3ria MVCF (celkov\u00e9 hodnotenie) &nbsp;&nbsp;<\/p>\n<ol start=\"8\">\n<li>Najlep\u0161ia cvi\u010dn\u00e1 firma (najvy\u0161\u0161\u00ed po\u010det bodov vo v\u0161etk\u00fdch s\u00fa\u0165a\u017eiach)<\/li>\n<\/ol>\n<p style=\"text-align: justify;\">Podklady do s\u00fa\u0165a\u017e\u00ed cvi\u010dn\u00fdch firiem za\u0161lite <strong>najnesk\u00f4r do 22. okt\u00f3bra 2021 <\/strong>na e-mail: <strong><a href=\"mailto:mvcfonline@gmail.com\">mvcfonline@gmail.com<\/a>. <\/strong>Podmienkou \u00fa\u010dasti na s\u00fa\u0165a\u017eiach CF je, aby bola cvi\u010dn\u00e1 firma zaregistrovan\u00e1 prostredn\u00edctvom online slu\u017eieb SCCF na str\u00e1nke <a href=\"http:\/\/www.sccf.sk\">www.sccf.sk<\/a> a&nbsp;mala platn\u00e9 I\u010cO.<\/p>\n<p><strong>&nbsp;<\/strong>V\u0161etky inform\u00e1cie oh\u013eadom s\u00fa\u0165a\u017e\u00ed a&nbsp;Medzin\u00e1rodn\u00e9ho ve\u013etrhu cvi\u010dn\u00fdch firiem 2021 budeme postupne zverej\u0148ova\u0165 na http:\/\/www.sccf.sk\/medzinarodny-veltrh-cvicnych-firiem-2021-3a.html<\/p>\n<p style=\"text-align: justify;\"><strong>Upozor\u0148ujeme, \u017ee \u00fa\u010das\u0165 vo v\u0161etk\u00fdch s\u00fa\u0165a\u017eiach nie je povinn\u00e1. \u00da\u010das\u0165 v s\u00fa\u0165a\u017enej kateg\u00f3rii \u201eNajlep\u0161ia cvi\u010dn\u00e1 firma\u201c je podmienen\u00e1 z\u00edskan\u00edm bodov zo v\u0161etk\u00fdch s\u00fa\u0165a\u017e\u00ed. <\/strong><strong>V\u00ed\u0165azov jednotliv\u00fdch s\u00fa\u0165a\u017e\u00ed cvi\u010dn\u00fdch firiem vyhl\u00e1sime na Medzin\u00e1rodnom ve\u013etrhu cvi\u010dn\u00fdch firiem 2021.<\/strong><\/p>","protected":false},"excerpt":{"rendered":"<p>\u0160t\u00e1tny in\u0161tit\u00fat odborn\u00e9ho vzdel\u00e1vania, odbor finan\u010dnej gramotnosti, Slovensk\u00e9ho centra cvi\u010dn\u00fdch firiem (SCCF) &nbsp;a&nbsp;podpory smerovania ml\u00e1de\u017ee vyhlasuje s\u00fa\u0165a\u017ee cvi\u010dn\u00fdch firiem, ktor\u00e9 s\u00fa realizovan\u00e9 ako s\u00fa\u010das\u0165 Medzin\u00e1rodn\u00e9ho ve\u013etrhu cvi\u010dn\u00fdch firiem 2021. Cvi\u010dn\u00e1 firma podporuje finan\u010dn\u00fa gramotnos\u0165, ekonomick\u00e9 a pr\u00e1vne vedomie mlad\u00fdch \u013eud\u00ed prostredn\u00edctvom podnikate\u013esk\u00e9ho vzdel\u00e1vania, ktor\u00e9 patr\u00ed k v\u00fdznamn\u00fdm priorit\u00e1m v SR i v zahrani\u010d\u00ed.&nbsp; Cie\u013eom s\u00fa\u0165a\u017e\u00ed [&hellip;]<\/p>\n","protected":false},"author":6,"featured_media":6857,"comment_status":"closed","ping_status":"closed","sticky":false,"template":"","format":"standard","meta":{"site-sidebar-layout":"default","site-content-layout":"default","ast-site-content-layout":"default","site-content-style":"default","site-sidebar-style":"default","ast-global-header-display":"","ast-banner-title-visibility":"","ast-main-header-display":"","ast-hfb-above-header-display":"","ast-hfb-below-header-display":"","ast-hfb-mobile-header-display":"","site-post-title":"","ast-breadcrumbs-content":"","ast-featured-img":"","footer-sml-layout":"","ast-disable-related-posts":"","theme-transparent-header-meta":"default","adv-header-id-meta":"","stick-header-meta":"","header-above-stick-meta":"","header-main-stick-meta":"","header-below-stick-meta":"","astra-migrate-meta-layouts":"default","ast-page-background-enabled":"default","ast-page-background-meta":{"desktop":{"background-color":"var(--ast-global-color-4)","background-image":"","background-repeat":"repeat","background-position":"center center","background-size":"auto","background-attachment":"scroll","background-type":"","background-media":"","overlay-type":"","overlay-color":"","overlay-opacity":"","overlay-gradient":""},"tablet":{"background-color":"","background-image":"","background-repeat":"repeat","background-position":"center center","background-size":"auto","background-attachment":"scroll","background-type":"","background-media":"","overlay-type":"","overlay-color":"","overlay-opacity":"","overlay-gradient":""},"mobile":{"background-color":"","background-image":"","background-repeat":"repeat","background-position":"center center","background-size":"auto","background-attachment":"scroll","background-type":"","background-media":"","overlay-type":"","overlay-color":"","overlay-opacity":"","overlay-gradient":""}},"ast-content-background-meta":{"desktop":{"background-color":"var(--ast-global-color-5)","background-image":"","background-repeat":"repeat","background-position":"center center","background-size":"auto","background-attachment":"scroll","background-type":"","background-media":"","overlay-type":"","overlay-color":"","overlay-opacity":"","overlay-gradient":""},"tablet":{"background-color":"var(--ast-global-color-5)","background-image":"","background-repeat":"repeat","background-position":"center center","background-size":"auto","background-attachment":"scroll","background-type":"","background-media":"","overlay-type":"","overlay-color":"","overlay-opacity":"","overlay-gradient":""},"mobile":{"background-color":"var(--ast-global-color-5)","background-image":"","background-repeat":"repeat","background-position":"center center","background-size":"auto","background-attachment":"scroll","background-type":"","background-media":"","overlay-type":"","overlay-color":"","overlay-opacity":"","overlay-gradient":""}},"footnotes":""},"categories":[1],"tags":[],"class_list":["post-9419","post","type-post","status-publish","format-standard","has-post-thumbnail","hentry","category-aktuality"],"yoast_head":"<!-- This site is optimized with the Yoast SEO plugin v27.5 - https:\/\/yoast.com\/product\/yoast-seo-wordpress\/ -->\n<title>Vyhl\u00e1senie s\u00fa\u0165a\u017e\u00ed cvi\u010dn\u00fdch firiem 2021 - \u0160IOV - \u0161t\u00e1tny in\u0161tit\u00fat odborn\u00e9ho vzdel\u00e1vania<\/title>\n<meta name=\"robots\" content=\"index, follow, max-snippet:-1, max-image-preview:large, max-video-preview:-1\" \/>\n<link rel=\"canonical\" href=\"https:\/\/archiv.siov.sk\/en\/vyhlasenie-sutazi-cvicnych-firiem-2021\/\" \/>\n<meta property=\"og:locale\" content=\"en_GB\" \/>\n<meta property=\"og:type\" content=\"article\" \/>\n<meta property=\"og:title\" content=\"Vyhl\u00e1senie s\u00fa\u0165a\u017e\u00ed cvi\u010dn\u00fdch firiem 2021 - \u0160IOV - \u0161t\u00e1tny in\u0161tit\u00fat odborn\u00e9ho vzdel\u00e1vania\" \/>\n<meta property=\"og:description\" content=\"\u0160t\u00e1tny in\u0161tit\u00fat odborn\u00e9ho vzdel\u00e1vania, odbor finan\u010dnej gramotnosti, Slovensk\u00e9ho centra cvi\u010dn\u00fdch firiem (SCCF) &nbsp;a&nbsp;podpory smerovania ml\u00e1de\u017ee vyhlasuje s\u00fa\u0165a\u017ee cvi\u010dn\u00fdch firiem, ktor\u00e9 s\u00fa realizovan\u00e9 ako s\u00fa\u010das\u0165 Medzin\u00e1rodn\u00e9ho ve\u013etrhu cvi\u010dn\u00fdch firiem 2021. Cvi\u010dn\u00e1 firma podporuje finan\u010dn\u00fa gramotnos\u0165, ekonomick\u00e9 a pr\u00e1vne vedomie mlad\u00fdch \u013eud\u00ed prostredn\u00edctvom podnikate\u013esk\u00e9ho vzdel\u00e1vania, ktor\u00e9 patr\u00ed k v\u00fdznamn\u00fdm priorit\u00e1m v SR i v zahrani\u010d\u00ed.&nbsp; Cie\u013eom s\u00fa\u0165a\u017e\u00ed [&hellip;]\" \/>\n<meta property=\"og:url\" content=\"https:\/\/archiv.siov.sk\/en\/vyhlasenie-sutazi-cvicnych-firiem-2021\/\" \/>\n<meta property=\"og:site_name\" content=\"\u0160IOV - \u0161t\u00e1tny in\u0161tit\u00fat odborn\u00e9ho vzdel\u00e1vania\" \/>\n<meta property=\"article:publisher\" content=\"https:\/\/www.facebook.com\/Statnyinstitutodbornehovzdelavania\" \/>\n<meta property=\"article:published_time\" content=\"2021-08-17T09:05:07+00:00\" \/>\n<meta property=\"article:modified_time\" content=\"2021-08-17T10:22:42+00:00\" \/>\n<meta property=\"og:image\" content=\"https:\/\/archiv.siov.sk\/wp-content\/uploads\/2020\/11\/rsz_1sccf_logo_farebne.jpg\" \/>\n\t<meta property=\"og:image:width\" content=\"195\" \/>\n\t<meta property=\"og:image:height\" content=\"75\" \/>\n\t<meta property=\"og:image:type\" content=\"image\/jpeg\" \/>\n<meta name=\"author\" content=\"Katar\u00edna Kov\u00e1\u010dov\u00e1\" \/>\n<meta name=\"twitter:card\" content=\"summary_large_image\" \/>\n<meta name=\"twitter:label1\" content=\"Written by\" \/>\n\t<meta name=\"twitter:data1\" content=\"Katar\u00edna Kov\u00e1\u010dov\u00e1\" \/>\n\t<meta name=\"twitter:label2\" content=\"Estimated reading time\" \/>\n\t<meta name=\"twitter:data2\" content=\"2 minutes\" \/>\n<script type=\"application\/ld+json\" class=\"yoast-schema-graph\">{\"@context\":\"https:\\\/\\\/schema.org\",\"@graph\":[{\"@type\":\"Article\",\"@id\":\"https:\\\/\\\/archiv.siov.sk\\\/vyhlasenie-sutazi-cvicnych-firiem-2021\\\/#article\",\"isPartOf\":{\"@id\":\"https:\\\/\\\/archiv.siov.sk\\\/vyhlasenie-sutazi-cvicnych-firiem-2021\\\/\"},\"author\":{\"name\":\"Katar\u00edna Kov\u00e1\u010dov\u00e1\",\"@id\":\"https:\\\/\\\/archiv.siov.sk\\\/#\\\/schema\\\/person\\\/e42d633fbd958c6a726e8834d8965e6c\"},\"headline\":\"Vyhl\u00e1senie s\u00fa\u0165a\u017e\u00ed cvi\u010dn\u00fdch firiem 2021\",\"datePublished\":\"2021-08-17T09:05:07+00:00\",\"dateModified\":\"2021-08-17T10:22:42+00:00\",\"mainEntityOfPage\":{\"@id\":\"https:\\\/\\\/archiv.siov.sk\\\/vyhlasenie-sutazi-cvicnych-firiem-2021\\\/\"},\"wordCount\":414,\"publisher\":{\"@id\":\"https:\\\/\\\/archiv.siov.sk\\\/#organization\"},\"image\":{\"@id\":\"https:\\\/\\\/archiv.siov.sk\\\/vyhlasenie-sutazi-cvicnych-firiem-2021\\\/#primaryimage\"},\"thumbnailUrl\":\"https:\\\/\\\/archiv.siov.sk\\\/wp-content\\\/uploads\\\/2020\\\/11\\\/rsz_1sccf_logo_farebne.jpg\",\"articleSection\":[\"Aktuality\"],\"inLanguage\":\"en-GB\"},{\"@type\":\"WebPage\",\"@id\":\"https:\\\/\\\/archiv.siov.sk\\\/vyhlasenie-sutazi-cvicnych-firiem-2021\\\/\",\"url\":\"https:\\\/\\\/archiv.siov.sk\\\/vyhlasenie-sutazi-cvicnych-firiem-2021\\\/\",\"name\":\"Vyhl\u00e1senie s\u00fa\u0165a\u017e\u00ed cvi\u010dn\u00fdch firiem 2021 - \u0160IOV - \u0161t\u00e1tny in\u0161tit\u00fat odborn\u00e9ho vzdel\u00e1vania\",\"isPartOf\":{\"@id\":\"https:\\\/\\\/archiv.siov.sk\\\/#website\"},\"primaryImageOfPage\":{\"@id\":\"https:\\\/\\\/archiv.siov.sk\\\/vyhlasenie-sutazi-cvicnych-firiem-2021\\\/#primaryimage\"},\"image\":{\"@id\":\"https:\\\/\\\/archiv.siov.sk\\\/vyhlasenie-sutazi-cvicnych-firiem-2021\\\/#primaryimage\"},\"thumbnailUrl\":\"https:\\\/\\\/archiv.siov.sk\\\/wp-content\\\/uploads\\\/2020\\\/11\\\/rsz_1sccf_logo_farebne.jpg\",\"datePublished\":\"2021-08-17T09:05:07+00:00\",\"dateModified\":\"2021-08-17T10:22:42+00:00\",\"breadcrumb\":{\"@id\":\"https:\\\/\\\/archiv.siov.sk\\\/vyhlasenie-sutazi-cvicnych-firiem-2021\\\/#breadcrumb\"},\"inLanguage\":\"en-GB\",\"potentialAction\":[{\"@type\":\"ReadAction\",\"target\":[\"https:\\\/\\\/archiv.siov.sk\\\/vyhlasenie-sutazi-cvicnych-firiem-2021\\\/\"]}]},{\"@type\":\"ImageObject\",\"inLanguage\":\"en-GB\",\"@id\":\"https:\\\/\\\/archiv.siov.sk\\\/vyhlasenie-sutazi-cvicnych-firiem-2021\\\/#primaryimage\",\"url\":\"https:\\\/\\\/archiv.siov.sk\\\/wp-content\\\/uploads\\\/2020\\\/11\\\/rsz_1sccf_logo_farebne.jpg\",\"contentUrl\":\"https:\\\/\\\/archiv.siov.sk\\\/wp-content\\\/uploads\\\/2020\\\/11\\\/rsz_1sccf_logo_farebne.jpg\",\"width\":195,\"height\":75},{\"@type\":\"BreadcrumbList\",\"@id\":\"https:\\\/\\\/archiv.siov.sk\\\/vyhlasenie-sutazi-cvicnych-firiem-2021\\\/#breadcrumb\",\"itemListElement\":[{\"@type\":\"ListItem\",\"position\":1,\"name\":\"Home\",\"item\":\"https:\\\/\\\/archiv.siov.sk\\\/\"},{\"@type\":\"ListItem\",\"position\":2,\"name\":\"Vyhl\u00e1senie s\u00fa\u0165a\u017e\u00ed cvi\u010dn\u00fdch firiem 2021\"}]},{\"@type\":\"WebSite\",\"@id\":\"https:\\\/\\\/archiv.siov.sk\\\/#website\",\"url\":\"https:\\\/\\\/archiv.siov.sk\\\/\",\"name\":\"\u0160IOV - \u0161t\u00e1tny in\u0161tit\u00fat odborn\u00e9ho vzdel\u00e1vania\",\"description\":\"\",\"publisher\":{\"@id\":\"https:\\\/\\\/archiv.siov.sk\\\/#organization\"},\"potentialAction\":[{\"@type\":\"SearchAction\",\"target\":{\"@type\":\"EntryPoint\",\"urlTemplate\":\"https:\\\/\\\/archiv.siov.sk\\\/?s={search_term_string}\"},\"query-input\":{\"@type\":\"PropertyValueSpecification\",\"valueRequired\":true,\"valueName\":\"search_term_string\"}}],\"inLanguage\":\"en-GB\"},{\"@type\":\"Organization\",\"@id\":\"https:\\\/\\\/archiv.siov.sk\\\/#organization\",\"name\":\"\u0160IOV - \u0161t\u00e1tny in\u0161tit\u00fat odborn\u00e9ho vzdel\u00e1vania\",\"url\":\"https:\\\/\\\/archiv.siov.sk\\\/\",\"logo\":{\"@type\":\"ImageObject\",\"inLanguage\":\"en-GB\",\"@id\":\"https:\\\/\\\/archiv.siov.sk\\\/#\\\/schema\\\/logo\\\/image\\\/\",\"url\":\"https:\\\/\\\/archiv.siov.sk\\\/wp-content\\\/uploads\\\/2024\\\/02\\\/logo-SIOV.png\",\"contentUrl\":\"https:\\\/\\\/archiv.siov.sk\\\/wp-content\\\/uploads\\\/2024\\\/02\\\/logo-SIOV.png\",\"width\":431,\"height\":143,\"caption\":\"\u0160IOV - \u0161t\u00e1tny in\u0161tit\u00fat odborn\u00e9ho vzdel\u00e1vania\"},\"image\":{\"@id\":\"https:\\\/\\\/archiv.siov.sk\\\/#\\\/schema\\\/logo\\\/image\\\/\"},\"sameAs\":[\"https:\\\/\\\/www.facebook.com\\\/Statnyinstitutodbornehovzdelavania\"]},{\"@type\":\"Person\",\"@id\":\"https:\\\/\\\/archiv.siov.sk\\\/#\\\/schema\\\/person\\\/e42d633fbd958c6a726e8834d8965e6c\",\"name\":\"Katar\u00edna Kov\u00e1\u010dov\u00e1\",\"url\":\"https:\\\/\\\/archiv.siov.sk\\\/en\\\/author\\\/katkakovacova\\\/\"}]}<\/script>\n<!-- \/ Yoast SEO plugin. -->","yoast_head_json":{"title":"Vyhl\u00e1senie s\u00fa\u0165a\u017e\u00ed cvi\u010dn\u00fdch firiem 2021 - \u0160IOV - \u0161t\u00e1tny in\u0161tit\u00fat odborn\u00e9ho vzdel\u00e1vania","robots":{"index":"index","follow":"follow","max-snippet":"max-snippet:-1","max-image-preview":"max-image-preview:large","max-video-preview":"max-video-preview:-1"},"canonical":"https:\/\/archiv.siov.sk\/en\/vyhlasenie-sutazi-cvicnych-firiem-2021\/","og_locale":"en_GB","og_type":"article","og_title":"Vyhl\u00e1senie s\u00fa\u0165a\u017e\u00ed cvi\u010dn\u00fdch firiem 2021 - \u0160IOV - \u0161t\u00e1tny in\u0161tit\u00fat odborn\u00e9ho vzdel\u00e1vania","og_description":"\u0160t\u00e1tny in\u0161tit\u00fat odborn\u00e9ho vzdel\u00e1vania, odbor finan\u010dnej gramotnosti, Slovensk\u00e9ho centra cvi\u010dn\u00fdch firiem (SCCF) &nbsp;a&nbsp;podpory smerovania ml\u00e1de\u017ee vyhlasuje s\u00fa\u0165a\u017ee cvi\u010dn\u00fdch firiem, ktor\u00e9 s\u00fa realizovan\u00e9 ako s\u00fa\u010das\u0165 Medzin\u00e1rodn\u00e9ho ve\u013etrhu cvi\u010dn\u00fdch firiem 2021. Cvi\u010dn\u00e1 firma podporuje finan\u010dn\u00fa gramotnos\u0165, ekonomick\u00e9 a pr\u00e1vne vedomie mlad\u00fdch \u013eud\u00ed prostredn\u00edctvom podnikate\u013esk\u00e9ho vzdel\u00e1vania, ktor\u00e9 patr\u00ed k v\u00fdznamn\u00fdm priorit\u00e1m v SR i v zahrani\u010d\u00ed.&nbsp; Cie\u013eom s\u00fa\u0165a\u017e\u00ed [&hellip;]","og_url":"https:\/\/archiv.siov.sk\/en\/vyhlasenie-sutazi-cvicnych-firiem-2021\/","og_site_name":"\u0160IOV - \u0161t\u00e1tny in\u0161tit\u00fat odborn\u00e9ho vzdel\u00e1vania","article_publisher":"https:\/\/www.facebook.com\/Statnyinstitutodbornehovzdelavania","article_published_time":"2021-08-17T09:05:07+00:00","article_modified_time":"2021-08-17T10:22:42+00:00","og_image":[{"width":195,"height":75,"url":"https:\/\/archiv.siov.sk\/wp-content\/uploads\/2020\/11\/rsz_1sccf_logo_farebne.jpg","type":"image\/jpeg"}],"author":"Katar\u00edna Kov\u00e1\u010dov\u00e1","twitter_card":"summary_large_image","twitter_misc":{"Written by":"Katar\u00edna Kov\u00e1\u010dov\u00e1","Estimated reading time":"2 minutes"},"schema":{"@context":"https:\/\/schema.org","@graph":[{"@type":"Article","@id":"https:\/\/archiv.siov.sk\/vyhlasenie-sutazi-cvicnych-firiem-2021\/#article","isPartOf":{"@id":"https:\/\/archiv.siov.sk\/vyhlasenie-sutazi-cvicnych-firiem-2021\/"},"author":{"name":"Katar\u00edna Kov\u00e1\u010dov\u00e1","@id":"https:\/\/archiv.siov.sk\/#\/schema\/person\/e42d633fbd958c6a726e8834d8965e6c"},"headline":"Vyhl\u00e1senie s\u00fa\u0165a\u017e\u00ed cvi\u010dn\u00fdch firiem 2021","datePublished":"2021-08-17T09:05:07+00:00","dateModified":"2021-08-17T10:22:42+00:00","mainEntityOfPage":{"@id":"https:\/\/archiv.siov.sk\/vyhlasenie-sutazi-cvicnych-firiem-2021\/"},"wordCount":414,"publisher":{"@id":"https:\/\/archiv.siov.sk\/#organization"},"image":{"@id":"https:\/\/archiv.siov.sk\/vyhlasenie-sutazi-cvicnych-firiem-2021\/#primaryimage"},"thumbnailUrl":"https:\/\/archiv.siov.sk\/wp-content\/uploads\/2020\/11\/rsz_1sccf_logo_farebne.jpg","articleSection":["Aktuality"],"inLanguage":"en-GB"},{"@type":"WebPage","@id":"https:\/\/archiv.siov.sk\/vyhlasenie-sutazi-cvicnych-firiem-2021\/","url":"https:\/\/archiv.siov.sk\/vyhlasenie-sutazi-cvicnych-firiem-2021\/","name":"Vyhl\u00e1senie s\u00fa\u0165a\u017e\u00ed cvi\u010dn\u00fdch firiem 2021 - \u0160IOV - \u0161t\u00e1tny in\u0161tit\u00fat odborn\u00e9ho vzdel\u00e1vania","isPartOf":{"@id":"https:\/\/archiv.siov.sk\/#website"},"primaryImageOfPage":{"@id":"https:\/\/archiv.siov.sk\/vyhlasenie-sutazi-cvicnych-firiem-2021\/#primaryimage"},"image":{"@id":"https:\/\/archiv.siov.sk\/vyhlasenie-sutazi-cvicnych-firiem-2021\/#primaryimage"},"thumbnailUrl":"https:\/\/archiv.siov.sk\/wp-content\/uploads\/2020\/11\/rsz_1sccf_logo_farebne.jpg","datePublished":"2021-08-17T09:05:07+00:00","dateModified":"2021-08-17T10:22:42+00:00","breadcrumb":{"@id":"https:\/\/archiv.siov.sk\/vyhlasenie-sutazi-cvicnych-firiem-2021\/#breadcrumb"},"inLanguage":"en-GB","potentialAction":[{"@type":"ReadAction","target":["https:\/\/archiv.siov.sk\/vyhlasenie-sutazi-cvicnych-firiem-2021\/"]}]},{"@type":"ImageObject","inLanguage":"en-GB","@id":"https:\/\/archiv.siov.sk\/vyhlasenie-sutazi-cvicnych-firiem-2021\/#primaryimage","url":"https:\/\/archiv.siov.sk\/wp-content\/uploads\/2020\/11\/rsz_1sccf_logo_farebne.jpg","contentUrl":"https:\/\/archiv.siov.sk\/wp-content\/uploads\/2020\/11\/rsz_1sccf_logo_farebne.jpg","width":195,"height":75},{"@type":"BreadcrumbList","@id":"https:\/\/archiv.siov.sk\/vyhlasenie-sutazi-cvicnych-firiem-2021\/#breadcrumb","itemListElement":[{"@type":"ListItem","position":1,"name":"Home","item":"https:\/\/archiv.siov.sk\/"},{"@type":"ListItem","position":2,"name":"Vyhl\u00e1senie s\u00fa\u0165a\u017e\u00ed cvi\u010dn\u00fdch firiem 2021"}]},{"@type":"WebSite","@id":"https:\/\/archiv.siov.sk\/#website","url":"https:\/\/archiv.siov.sk\/","name":"\u0160IOV - \u0161t\u00e1tny in\u0161tit\u00fat odborn\u00e9ho vzdel\u00e1vania","description":"","publisher":{"@id":"https:\/\/archiv.siov.sk\/#organization"},"potentialAction":[{"@type":"SearchAction","target":{"@type":"EntryPoint","urlTemplate":"https:\/\/archiv.siov.sk\/?s={search_term_string}"},"query-input":{"@type":"PropertyValueSpecification","valueRequired":true,"valueName":"search_term_string"}}],"inLanguage":"en-GB"},{"@type":"Organization","@id":"https:\/\/archiv.siov.sk\/#organization","name":"\u0160IOV - \u0161t\u00e1tny in\u0161tit\u00fat odborn\u00e9ho vzdel\u00e1vania","url":"https:\/\/archiv.siov.sk\/","logo":{"@type":"ImageObject","inLanguage":"en-GB","@id":"https:\/\/archiv.siov.sk\/#\/schema\/logo\/image\/","url":"https:\/\/archiv.siov.sk\/wp-content\/uploads\/2024\/02\/logo-SIOV.png","contentUrl":"https:\/\/archiv.siov.sk\/wp-content\/uploads\/2024\/02\/logo-SIOV.png","width":431,"height":143,"caption":"\u0160IOV - \u0161t\u00e1tny in\u0161tit\u00fat odborn\u00e9ho vzdel\u00e1vania"},"image":{"@id":"https:\/\/archiv.siov.sk\/#\/schema\/logo\/image\/"},"sameAs":["https:\/\/www.facebook.com\/Statnyinstitutodbornehovzdelavania"]},{"@type":"Person","@id":"https:\/\/archiv.siov.sk\/#\/schema\/person\/e42d633fbd958c6a726e8834d8965e6c","name":"Katar\u00edna Kov\u00e1\u010dov\u00e1","url":"https:\/\/archiv.siov.sk\/en\/author\/katkakovacova\/"}]}},"_links":{"self":[{"href":"https:\/\/archiv.siov.sk\/en\/wp-json\/wp\/v2\/posts\/9419","targetHints":{"allow":["GET"]}}],"collection":[{"href":"https:\/\/archiv.siov.sk\/en\/wp-json\/wp\/v2\/posts"}],"about":[{"href":"https:\/\/archiv.siov.sk\/en\/wp-json\/wp\/v2\/types\/post"}],"author":[{"embeddable":true,"href":"https:\/\/archiv.siov.sk\/en\/wp-json\/wp\/v2\/users\/6"}],"replies":[{"embeddable":true,"href":"https:\/\/archiv.siov.sk\/en\/wp-json\/wp\/v2\/comments?post=9419"}],"version-history":[{"count":17,"href":"https:\/\/archiv.siov.sk\/en\/wp-json\/wp\/v2\/posts\/9419\/revisions"}],"predecessor-version":[{"id":9438,"href":"https:\/\/archiv.siov.sk\/en\/wp-json\/wp\/v2\/posts\/9419\/revisions\/9438"}],"wp:featuredmedia":[{"embeddable":true,"href":"https:\/\/archiv.siov.sk\/en\/wp-json\/wp\/v2\/media\/6857"}],"wp:attachment":[{"href":"https:\/\/archiv.siov.sk\/en\/wp-json\/wp\/v2\/media?parent=9419"}],"wp:term":[{"taxonomy":"category","embeddable":true,"href":"https:\/\/archiv.siov.sk\/en\/wp-json\/wp\/v2\/categories?post=9419"},{"taxonomy":"post_tag","embeddable":true,"href":"https:\/\/archiv.siov.sk\/en\/wp-json\/wp\/v2\/tags?post=9419"}],"curies":[{"name":"wp","href":"https:\/\/api.w.org\/{rel}","templated":true}]}}