{"id":9222,"date":"2021-07-28T11:32:59","date_gmt":"2021-07-28T09:32:59","guid":{"rendered":"https:\/\/archiv.siov.sk\/?p=9222"},"modified":"2021-08-02T12:50:23","modified_gmt":"2021-08-02T10:50:23","slug":"profesionalni-majstri-z-europy-a-ich-zrucnosti-na-euroskills-2021","status":"publish","type":"post","link":"https:\/\/archiv.siov.sk\/en\/profesionalni-majstri-z-europy-a-ich-zrucnosti-na-euroskills-2021\/","title":{"rendered":"Profesion\u00e1lni majstri z Eur\u00f3py a ich zru\u010dnosti na EuroSkills 2021"},"content":{"rendered":"<p style=\"text-align: center;\"><strong>\u201ePrest\u00ed\u017e doma, zna\u010dka v&nbsp;zahrani\u010d\u00ed\u201c<\/strong><\/p>\n<p style=\"text-align: justify;\"><strong>EuroSkills 2021 je jedn\u00fdm z najunik\u00e1tnej\u0161\u00edch podujat\u00ed, ktor\u00e9 sa tento rok kon\u00e1 v rak\u00faskom Grazi. Viac ako 450 mlad\u00fdch, vy\u0161kolen\u00fdch odborn\u00edkov z 31 \u010dlensk\u00fdch kraj\u00edn sa od 23. &#8211; 25. septembra stretne na majstrovstv\u00e1ch Eur\u00f3py, aby s\u00fa\u0165a\u017eili v pribli\u017ene 45 r\u00f4znych povolaniach o jednu z medail\u00ed. <\/strong><\/p>\n<p style=\"text-align: justify;\">Zast\u00fapenie mlad\u00fdch talentovan\u00fdch odborn\u00edkov pripravuje aj Slovensko. \u0160t\u00e1tny in\u0161tit\u00fat odborn\u00e9ho vzdel\u00e1vania (\u0160IOV) v spolupr\u00e1ci s expertami na z\u00e1klade ich v\u00fdborn\u00fdch v\u00fdsledkov nominoval osem s\u00fa\u0165a\u017eiacich v siedmych profesi\u00e1ch. Pr\u00edpravu a tr\u00e9ning s\u00fa\u0165a\u017eiacich v profesii floristika, mechatronika, elektronika, grafick\u00fd dizajn, web developer, chladiaca a klimatiza\u010dn\u00e1 technika a kuch\u00e1r d\u00f4sledne vykon\u00e1vaj\u00fa od nomin\u00e1cie t\u00fdch najlep\u0161\u00edch odborn\u00edci z hospod\u00e1rskej praxe.&nbsp;&nbsp;<\/p>\n<p style=\"text-align: justify;\">Pr\u00edprava na EuroSkills prebieha v plnom nasaden\u00ed partnerov z cechov, zv\u00e4zov a zamestn\u00e1vate\u013eov z praxe. Deleg\u00e1ti slovenskej reprezent\u00e1cie boli vybran\u00ed na z\u00e1klade v\u00ed\u0165azstva v n\u00e1rodn\u00fdch s\u00fa\u0165a\u017eiach Skills Slovakia a in\u00fdch, ktor\u00e9 podporuj\u00fa odborn\u00e9 vzdel\u00e1vanie a pr\u00edpravu mlad\u00fdch \u013eud\u00ed na Slovensku a zvy\u0161uj\u00fa atraktivitu odborn\u00e9ho vzdel\u00e1vania a pr\u00edpravy.<\/p>\n<p style=\"text-align: justify;\">Slovensk\u00fa reprezent\u00e1ciu v odbore mechatronika bud\u00fa zastupova\u0165 \u017eiaci zo Strednej priemyselnej \u0161koly technickej Spi\u0161sk\u00e1 Nov\u00e1 Ves Milo\u0161 Neuvirth a Marek Macejko, v odbore elektrotechnika Matej Grega zo Strednej priemyselnej \u0161koly elektrotechnickej Ko\u0161ice, v odbore grafick\u00fd dizajn sa predstav\u00ed Be\u00e1ta V\u00e1lkyov\u00e1 z Univerzity sv. Cyrila a Metoda Trnava, v odbore web developer Mari\u00e1n Polonec zo Strednej odbornej \u0161koly informa\u010dn\u00fdch technol\u00f3gi\u00ed Bansk\u00e1 Bystrica, v odbore floristika Blanka Drinkov\u00e1 zo Strednej odbornej \u0161koly z\u00e1hradn\u00edckej Pie\u0161\u0165any, v odbore kuch\u00e1r \u0160imon Kalata zo Strednej odbornej \u0161koly hotelovej Horn\u00fd Smokovec, Vysok\u00e9 Tatry, v odbore chladiaca a klimatiza\u010dn\u00e1 technika Peter Havala zo Strednej odbornej \u0161koly technickej Zlat\u00e9 Moravce. &nbsp;<\/p>\n<p style=\"text-align: justify;\">EuroSkills podporuje a propaguje odborn\u00e9 vzdel\u00e1vanie a pr\u00edpravu nielen prostredn\u00edctvom s\u00fa\u0165a\u017e\u00ed v odborn\u00fdch zru\u010dnostiach, ale aj uk\u00e1\u017ekami excelentnosti mlad\u00fdch \u013eud\u00ed v ich profesi\u00e1ch. V\u010faka prepracovanej koncepcii bezpe\u010dnosti a prevencie podujatie vytvor\u00ed na ploche 70 000 m2 priestor a\u017e pre 10 tis\u00edc n\u00e1v\u0161tevn\u00edkov denne.&nbsp;&nbsp;<\/p>\n<p style=\"text-align: justify;\">Sprievodn\u00fdm podujat\u00edm bude 23. septembra medzin\u00e1rodn\u00fd kongres EuroSkills \u201eBud\u00facnos\u0165 zru\u010dnost\u00ed\u201c, v r\u00e1mci ktor\u00e9ho bud\u00fa rezonova\u0165 t\u00e9my o \u0161pi\u010dkovom vzdel\u00e1van\u00ed a diskusie s viac ako 300 medzin\u00e1rodn\u00fdmi odborn\u00edkmi bud\u00fa rie\u0161i\u0165 problematiku bud\u00facnosti odborn\u00e9ho vzdel\u00e1vania.&nbsp;<\/p>\n<p style=\"text-align: justify;\">S\u00fa\u0165a\u017e je ur\u010den\u00e1 pre \u017eiakov stredn\u00fdch \u0161k\u00f4l, vysok\u00fdch \u0161k\u00f4l a odbornej praxe vo veku 17 a\u017e 26 rokov. Pod\u013ea ved\u00facej t\u00edmu slovenskej deleg\u00e1cie Vlasty P\u00fachovskej m\u00f4\u017ee by\u0165 aj mal\u00e1 krajina \u00faspe\u0161n\u00e1. Sved\u010dia o tom aj na\u0161e doteraj\u0161ie \u00faspechy z podujatia ako v individu\u00e1lnych, tak i v kolekt\u00edvnych s\u00fa\u0165a\u017en\u00fdch profesi\u00e1ch. Za \u0161es\u0165 doteraj\u0161\u00edch ro\u010dn\u00edkov EuroSkills prezentovalo Slovensko v 13 profesi\u00e1ch 56 s\u00fa\u0165a\u017eiacich, ktor\u00ed z\u00edskali 1 zlat\u00fa medailu, 2 strieborn\u00e9 a 2 bronzov\u00e9 medaily.<\/p>\n<p>&nbsp;<\/p>\n<p><em><strong>Dopl\u0148uj\u00face inform\u00e1cie k&nbsp;projektu:<\/strong><\/em><\/p>\n<p><em>V roku 2008 bol \u0160t\u00e1tny in\u0161tit\u00fat odborn\u00e9ho vzdel\u00e1vania poveren\u00fd Ministerstvom \u0161kolstva, vedy, v\u00fdskumu a \u0161portu SR koordin\u00e1ciou zapojenia sa do s\u00fa\u0165a\u017e\u00ed EuroSkills. Roku 2009 vznikol pri \u0160IOV projekt Skills Slovakia, ktor\u00e9ho \u00falohou je zastre\u0161ova\u0165 a iniciova\u0165 n\u00e1rodn\u00e9 s\u00fa\u0165a\u017ee v odborn\u00fdch zru\u010dnostiach za spolupr\u00e1ce partnerov z hospod\u00e1rskej praxe a nominova\u0165 najlep\u0161\u00edch v\u00ed\u0165azov na medzin\u00e1rodn\u00e9 f\u00f3rum EuroSkills.<\/em><\/p>","protected":false},"excerpt":{"rendered":"<p>\u201ePrest\u00ed\u017e doma, zna\u010dka v&nbsp;zahrani\u010d\u00ed\u201c EuroSkills 2021 je jedn\u00fdm z najunik\u00e1tnej\u0161\u00edch podujat\u00ed, ktor\u00e9 sa tento rok kon\u00e1 v rak\u00faskom Grazi. Viac ako 450 mlad\u00fdch, vy\u0161kolen\u00fdch odborn\u00edkov z 31 \u010dlensk\u00fdch kraj\u00edn sa od 23. &#8211; 25. septembra stretne na majstrovstv\u00e1ch Eur\u00f3py, aby s\u00fa\u0165a\u017eili v pribli\u017ene 45 r\u00f4znych povolaniach o jednu z medail\u00ed. Zast\u00fapenie mlad\u00fdch talentovan\u00fdch odborn\u00edkov pripravuje [&hellip;]<\/p>\n","protected":false},"author":6,"featured_media":9224,"comment_status":"closed","ping_status":"closed","sticky":false,"template":"","format":"standard","meta":{"site-sidebar-layout":"default","site-content-layout":"default","ast-site-content-layout":"default","site-content-style":"default","site-sidebar-style":"default","ast-global-header-display":"","ast-banner-title-visibility":"","ast-main-header-display":"","ast-hfb-above-header-display":"","ast-hfb-below-header-display":"","ast-hfb-mobile-header-display":"","site-post-title":"","ast-breadcrumbs-content":"","ast-featured-img":"","footer-sml-layout":"","ast-disable-related-posts":"","theme-transparent-header-meta":"default","adv-header-id-meta":"","stick-header-meta":"","header-above-stick-meta":"","header-main-stick-meta":"","header-below-stick-meta":"","astra-migrate-meta-layouts":"default","ast-page-background-enabled":"default","ast-page-background-meta":{"desktop":{"background-color":"var(--ast-global-color-4)","background-image":"","background-repeat":"repeat","background-position":"center center","background-size":"auto","background-attachment":"scroll","background-type":"","background-media":"","overlay-type":"","overlay-color":"","overlay-opacity":"","overlay-gradient":""},"tablet":{"background-color":"","background-image":"","background-repeat":"repeat","background-position":"center center","background-size":"auto","background-attachment":"scroll","background-type":"","background-media":"","overlay-type":"","overlay-color":"","overlay-opacity":"","overlay-gradient":""},"mobile":{"background-color":"","background-image":"","background-repeat":"repeat","background-position":"center center","background-size":"auto","background-attachment":"scroll","background-type":"","background-media":"","overlay-type":"","overlay-color":"","overlay-opacity":"","overlay-gradient":""}},"ast-content-background-meta":{"desktop":{"background-color":"var(--ast-global-color-5)","background-image":"","background-repeat":"repeat","background-position":"center center","background-size":"auto","background-attachment":"scroll","background-type":"","background-media":"","overlay-type":"","overlay-color":"","overlay-opacity":"","overlay-gradient":""},"tablet":{"background-color":"var(--ast-global-color-5)","background-image":"","background-repeat":"repeat","background-position":"center center","background-size":"auto","background-attachment":"scroll","background-type":"","background-media":"","overlay-type":"","overlay-color":"","overlay-opacity":"","overlay-gradient":""},"mobile":{"background-color":"var(--ast-global-color-5)","background-image":"","background-repeat":"repeat","background-position":"center center","background-size":"auto","background-attachment":"scroll","background-type":"","background-media":"","overlay-type":"","overlay-color":"","overlay-opacity":"","overlay-gradient":""}},"footnotes":""},"categories":[1],"tags":[],"class_list":["post-9222","post","type-post","status-publish","format-standard","has-post-thumbnail","hentry","category-aktuality"],"yoast_head":"<!-- This site is optimized with the Yoast SEO plugin v27.5 - https:\/\/yoast.com\/product\/yoast-seo-wordpress\/ -->\n<title>Profesion\u00e1lni majstri z Eur\u00f3py a ich zru\u010dnosti na EuroSkills 2021 - \u0160IOV - \u0161t\u00e1tny in\u0161tit\u00fat odborn\u00e9ho vzdel\u00e1vania<\/title>\n<meta name=\"robots\" content=\"index, follow, max-snippet:-1, max-image-preview:large, max-video-preview:-1\" \/>\n<link rel=\"canonical\" href=\"https:\/\/archiv.siov.sk\/en\/profesionalni-majstri-z-europy-a-ich-zrucnosti-na-euroskills-2021\/\" \/>\n<meta property=\"og:locale\" content=\"en_GB\" \/>\n<meta property=\"og:type\" content=\"article\" \/>\n<meta property=\"og:title\" content=\"Profesion\u00e1lni majstri z Eur\u00f3py a ich zru\u010dnosti na EuroSkills 2021 - \u0160IOV - \u0161t\u00e1tny in\u0161tit\u00fat odborn\u00e9ho vzdel\u00e1vania\" \/>\n<meta property=\"og:description\" content=\"\u201ePrest\u00ed\u017e doma, zna\u010dka v&nbsp;zahrani\u010d\u00ed\u201c EuroSkills 2021 je jedn\u00fdm z najunik\u00e1tnej\u0161\u00edch podujat\u00ed, ktor\u00e9 sa tento rok kon\u00e1 v rak\u00faskom Grazi. Viac ako 450 mlad\u00fdch, vy\u0161kolen\u00fdch odborn\u00edkov z 31 \u010dlensk\u00fdch kraj\u00edn sa od 23. &#8211; 25. septembra stretne na majstrovstv\u00e1ch Eur\u00f3py, aby s\u00fa\u0165a\u017eili v pribli\u017ene 45 r\u00f4znych povolaniach o jednu z medail\u00ed. Zast\u00fapenie mlad\u00fdch talentovan\u00fdch odborn\u00edkov pripravuje [&hellip;]\" \/>\n<meta property=\"og:url\" content=\"https:\/\/archiv.siov.sk\/en\/profesionalni-majstri-z-europy-a-ich-zrucnosti-na-euroskills-2021\/\" \/>\n<meta property=\"og:site_name\" content=\"\u0160IOV - \u0161t\u00e1tny in\u0161tit\u00fat odborn\u00e9ho vzdel\u00e1vania\" \/>\n<meta property=\"article:publisher\" content=\"https:\/\/www.facebook.com\/Statnyinstitutodbornehovzdelavania\" \/>\n<meta property=\"article:published_time\" content=\"2021-07-28T09:32:59+00:00\" \/>\n<meta property=\"article:modified_time\" content=\"2021-08-02T10:50:23+00:00\" \/>\n<meta property=\"og:image\" content=\"https:\/\/archiv.siov.sk\/wp-content\/uploads\/2021\/07\/Graz-2021.jpg\" \/>\n\t<meta property=\"og:image:width\" content=\"590\" \/>\n\t<meta property=\"og:image:height\" content=\"332\" \/>\n\t<meta property=\"og:image:type\" content=\"image\/jpeg\" \/>\n<meta name=\"author\" content=\"Katar\u00edna Kov\u00e1\u010dov\u00e1\" \/>\n<meta name=\"twitter:card\" content=\"summary_large_image\" \/>\n<meta name=\"twitter:label1\" content=\"Written by\" \/>\n\t<meta name=\"twitter:data1\" content=\"Katar\u00edna Kov\u00e1\u010dov\u00e1\" \/>\n\t<meta name=\"twitter:label2\" content=\"Estimated reading time\" \/>\n\t<meta name=\"twitter:data2\" content=\"3 minutes\" \/>\n<script type=\"application\/ld+json\" class=\"yoast-schema-graph\">{\"@context\":\"https:\\\/\\\/schema.org\",\"@graph\":[{\"@type\":\"Article\",\"@id\":\"https:\\\/\\\/archiv.siov.sk\\\/profesionalni-majstri-z-europy-a-ich-zrucnosti-na-euroskills-2021\\\/#article\",\"isPartOf\":{\"@id\":\"https:\\\/\\\/archiv.siov.sk\\\/profesionalni-majstri-z-europy-a-ich-zrucnosti-na-euroskills-2021\\\/\"},\"author\":{\"name\":\"Katar\u00edna Kov\u00e1\u010dov\u00e1\",\"@id\":\"https:\\\/\\\/archiv.siov.sk\\\/#\\\/schema\\\/person\\\/e42d633fbd958c6a726e8834d8965e6c\"},\"headline\":\"Profesion\u00e1lni majstri z Eur\u00f3py a ich zru\u010dnosti na EuroSkills 2021\",\"datePublished\":\"2021-07-28T09:32:59+00:00\",\"dateModified\":\"2021-08-02T10:50:23+00:00\",\"mainEntityOfPage\":{\"@id\":\"https:\\\/\\\/archiv.siov.sk\\\/profesionalni-majstri-z-europy-a-ich-zrucnosti-na-euroskills-2021\\\/\"},\"wordCount\":629,\"publisher\":{\"@id\":\"https:\\\/\\\/archiv.siov.sk\\\/#organization\"},\"image\":{\"@id\":\"https:\\\/\\\/archiv.siov.sk\\\/profesionalni-majstri-z-europy-a-ich-zrucnosti-na-euroskills-2021\\\/#primaryimage\"},\"thumbnailUrl\":\"https:\\\/\\\/archiv.siov.sk\\\/wp-content\\\/uploads\\\/2021\\\/07\\\/Graz-2021.jpg\",\"articleSection\":[\"Aktuality\"],\"inLanguage\":\"en-GB\"},{\"@type\":\"WebPage\",\"@id\":\"https:\\\/\\\/archiv.siov.sk\\\/profesionalni-majstri-z-europy-a-ich-zrucnosti-na-euroskills-2021\\\/\",\"url\":\"https:\\\/\\\/archiv.siov.sk\\\/profesionalni-majstri-z-europy-a-ich-zrucnosti-na-euroskills-2021\\\/\",\"name\":\"Profesion\u00e1lni majstri z Eur\u00f3py a ich zru\u010dnosti na EuroSkills 2021 - \u0160IOV - \u0161t\u00e1tny in\u0161tit\u00fat odborn\u00e9ho vzdel\u00e1vania\",\"isPartOf\":{\"@id\":\"https:\\\/\\\/archiv.siov.sk\\\/#website\"},\"primaryImageOfPage\":{\"@id\":\"https:\\\/\\\/archiv.siov.sk\\\/profesionalni-majstri-z-europy-a-ich-zrucnosti-na-euroskills-2021\\\/#primaryimage\"},\"image\":{\"@id\":\"https:\\\/\\\/archiv.siov.sk\\\/profesionalni-majstri-z-europy-a-ich-zrucnosti-na-euroskills-2021\\\/#primaryimage\"},\"thumbnailUrl\":\"https:\\\/\\\/archiv.siov.sk\\\/wp-content\\\/uploads\\\/2021\\\/07\\\/Graz-2021.jpg\",\"datePublished\":\"2021-07-28T09:32:59+00:00\",\"dateModified\":\"2021-08-02T10:50:23+00:00\",\"breadcrumb\":{\"@id\":\"https:\\\/\\\/archiv.siov.sk\\\/profesionalni-majstri-z-europy-a-ich-zrucnosti-na-euroskills-2021\\\/#breadcrumb\"},\"inLanguage\":\"en-GB\",\"potentialAction\":[{\"@type\":\"ReadAction\",\"target\":[\"https:\\\/\\\/archiv.siov.sk\\\/profesionalni-majstri-z-europy-a-ich-zrucnosti-na-euroskills-2021\\\/\"]}]},{\"@type\":\"ImageObject\",\"inLanguage\":\"en-GB\",\"@id\":\"https:\\\/\\\/archiv.siov.sk\\\/profesionalni-majstri-z-europy-a-ich-zrucnosti-na-euroskills-2021\\\/#primaryimage\",\"url\":\"https:\\\/\\\/archiv.siov.sk\\\/wp-content\\\/uploads\\\/2021\\\/07\\\/Graz-2021.jpg\",\"contentUrl\":\"https:\\\/\\\/archiv.siov.sk\\\/wp-content\\\/uploads\\\/2021\\\/07\\\/Graz-2021.jpg\",\"width\":590,\"height\":332},{\"@type\":\"BreadcrumbList\",\"@id\":\"https:\\\/\\\/archiv.siov.sk\\\/profesionalni-majstri-z-europy-a-ich-zrucnosti-na-euroskills-2021\\\/#breadcrumb\",\"itemListElement\":[{\"@type\":\"ListItem\",\"position\":1,\"name\":\"Home\",\"item\":\"https:\\\/\\\/archiv.siov.sk\\\/\"},{\"@type\":\"ListItem\",\"position\":2,\"name\":\"Profesion\u00e1lni majstri z Eur\u00f3py a ich zru\u010dnosti na EuroSkills 2021\"}]},{\"@type\":\"WebSite\",\"@id\":\"https:\\\/\\\/archiv.siov.sk\\\/#website\",\"url\":\"https:\\\/\\\/archiv.siov.sk\\\/\",\"name\":\"\u0160IOV - \u0161t\u00e1tny in\u0161tit\u00fat odborn\u00e9ho vzdel\u00e1vania\",\"description\":\"\",\"publisher\":{\"@id\":\"https:\\\/\\\/archiv.siov.sk\\\/#organization\"},\"potentialAction\":[{\"@type\":\"SearchAction\",\"target\":{\"@type\":\"EntryPoint\",\"urlTemplate\":\"https:\\\/\\\/archiv.siov.sk\\\/?s={search_term_string}\"},\"query-input\":{\"@type\":\"PropertyValueSpecification\",\"valueRequired\":true,\"valueName\":\"search_term_string\"}}],\"inLanguage\":\"en-GB\"},{\"@type\":\"Organization\",\"@id\":\"https:\\\/\\\/archiv.siov.sk\\\/#organization\",\"name\":\"\u0160IOV - \u0161t\u00e1tny in\u0161tit\u00fat odborn\u00e9ho vzdel\u00e1vania\",\"url\":\"https:\\\/\\\/archiv.siov.sk\\\/\",\"logo\":{\"@type\":\"ImageObject\",\"inLanguage\":\"en-GB\",\"@id\":\"https:\\\/\\\/archiv.siov.sk\\\/#\\\/schema\\\/logo\\\/image\\\/\",\"url\":\"https:\\\/\\\/archiv.siov.sk\\\/wp-content\\\/uploads\\\/2024\\\/02\\\/logo-SIOV.png\",\"contentUrl\":\"https:\\\/\\\/archiv.siov.sk\\\/wp-content\\\/uploads\\\/2024\\\/02\\\/logo-SIOV.png\",\"width\":431,\"height\":143,\"caption\":\"\u0160IOV - \u0161t\u00e1tny in\u0161tit\u00fat odborn\u00e9ho vzdel\u00e1vania\"},\"image\":{\"@id\":\"https:\\\/\\\/archiv.siov.sk\\\/#\\\/schema\\\/logo\\\/image\\\/\"},\"sameAs\":[\"https:\\\/\\\/www.facebook.com\\\/Statnyinstitutodbornehovzdelavania\"]},{\"@type\":\"Person\",\"@id\":\"https:\\\/\\\/archiv.siov.sk\\\/#\\\/schema\\\/person\\\/e42d633fbd958c6a726e8834d8965e6c\",\"name\":\"Katar\u00edna Kov\u00e1\u010dov\u00e1\",\"url\":\"https:\\\/\\\/archiv.siov.sk\\\/en\\\/author\\\/katkakovacova\\\/\"}]}<\/script>\n<!-- \/ Yoast SEO plugin. -->","yoast_head_json":{"title":"Profesion\u00e1lni majstri z Eur\u00f3py a ich zru\u010dnosti na EuroSkills 2021 - \u0160IOV - \u0161t\u00e1tny in\u0161tit\u00fat odborn\u00e9ho vzdel\u00e1vania","robots":{"index":"index","follow":"follow","max-snippet":"max-snippet:-1","max-image-preview":"max-image-preview:large","max-video-preview":"max-video-preview:-1"},"canonical":"https:\/\/archiv.siov.sk\/en\/profesionalni-majstri-z-europy-a-ich-zrucnosti-na-euroskills-2021\/","og_locale":"en_GB","og_type":"article","og_title":"Profesion\u00e1lni majstri z Eur\u00f3py a ich zru\u010dnosti na EuroSkills 2021 - \u0160IOV - \u0161t\u00e1tny in\u0161tit\u00fat odborn\u00e9ho vzdel\u00e1vania","og_description":"\u201ePrest\u00ed\u017e doma, zna\u010dka v&nbsp;zahrani\u010d\u00ed\u201c EuroSkills 2021 je jedn\u00fdm z najunik\u00e1tnej\u0161\u00edch podujat\u00ed, ktor\u00e9 sa tento rok kon\u00e1 v rak\u00faskom Grazi. Viac ako 450 mlad\u00fdch, vy\u0161kolen\u00fdch odborn\u00edkov z 31 \u010dlensk\u00fdch kraj\u00edn sa od 23. &#8211; 25. septembra stretne na majstrovstv\u00e1ch Eur\u00f3py, aby s\u00fa\u0165a\u017eili v pribli\u017ene 45 r\u00f4znych povolaniach o jednu z medail\u00ed. Zast\u00fapenie mlad\u00fdch talentovan\u00fdch odborn\u00edkov pripravuje [&hellip;]","og_url":"https:\/\/archiv.siov.sk\/en\/profesionalni-majstri-z-europy-a-ich-zrucnosti-na-euroskills-2021\/","og_site_name":"\u0160IOV - \u0161t\u00e1tny in\u0161tit\u00fat odborn\u00e9ho vzdel\u00e1vania","article_publisher":"https:\/\/www.facebook.com\/Statnyinstitutodbornehovzdelavania","article_published_time":"2021-07-28T09:32:59+00:00","article_modified_time":"2021-08-02T10:50:23+00:00","og_image":[{"width":590,"height":332,"url":"https:\/\/archiv.siov.sk\/wp-content\/uploads\/2021\/07\/Graz-2021.jpg","type":"image\/jpeg"}],"author":"Katar\u00edna Kov\u00e1\u010dov\u00e1","twitter_card":"summary_large_image","twitter_misc":{"Written by":"Katar\u00edna Kov\u00e1\u010dov\u00e1","Estimated reading time":"3 minutes"},"schema":{"@context":"https:\/\/schema.org","@graph":[{"@type":"Article","@id":"https:\/\/archiv.siov.sk\/profesionalni-majstri-z-europy-a-ich-zrucnosti-na-euroskills-2021\/#article","isPartOf":{"@id":"https:\/\/archiv.siov.sk\/profesionalni-majstri-z-europy-a-ich-zrucnosti-na-euroskills-2021\/"},"author":{"name":"Katar\u00edna Kov\u00e1\u010dov\u00e1","@id":"https:\/\/archiv.siov.sk\/#\/schema\/person\/e42d633fbd958c6a726e8834d8965e6c"},"headline":"Profesion\u00e1lni majstri z Eur\u00f3py a ich zru\u010dnosti na EuroSkills 2021","datePublished":"2021-07-28T09:32:59+00:00","dateModified":"2021-08-02T10:50:23+00:00","mainEntityOfPage":{"@id":"https:\/\/archiv.siov.sk\/profesionalni-majstri-z-europy-a-ich-zrucnosti-na-euroskills-2021\/"},"wordCount":629,"publisher":{"@id":"https:\/\/archiv.siov.sk\/#organization"},"image":{"@id":"https:\/\/archiv.siov.sk\/profesionalni-majstri-z-europy-a-ich-zrucnosti-na-euroskills-2021\/#primaryimage"},"thumbnailUrl":"https:\/\/archiv.siov.sk\/wp-content\/uploads\/2021\/07\/Graz-2021.jpg","articleSection":["Aktuality"],"inLanguage":"en-GB"},{"@type":"WebPage","@id":"https:\/\/archiv.siov.sk\/profesionalni-majstri-z-europy-a-ich-zrucnosti-na-euroskills-2021\/","url":"https:\/\/archiv.siov.sk\/profesionalni-majstri-z-europy-a-ich-zrucnosti-na-euroskills-2021\/","name":"Profesion\u00e1lni majstri z Eur\u00f3py a ich zru\u010dnosti na EuroSkills 2021 - \u0160IOV - \u0161t\u00e1tny in\u0161tit\u00fat odborn\u00e9ho vzdel\u00e1vania","isPartOf":{"@id":"https:\/\/archiv.siov.sk\/#website"},"primaryImageOfPage":{"@id":"https:\/\/archiv.siov.sk\/profesionalni-majstri-z-europy-a-ich-zrucnosti-na-euroskills-2021\/#primaryimage"},"image":{"@id":"https:\/\/archiv.siov.sk\/profesionalni-majstri-z-europy-a-ich-zrucnosti-na-euroskills-2021\/#primaryimage"},"thumbnailUrl":"https:\/\/archiv.siov.sk\/wp-content\/uploads\/2021\/07\/Graz-2021.jpg","datePublished":"2021-07-28T09:32:59+00:00","dateModified":"2021-08-02T10:50:23+00:00","breadcrumb":{"@id":"https:\/\/archiv.siov.sk\/profesionalni-majstri-z-europy-a-ich-zrucnosti-na-euroskills-2021\/#breadcrumb"},"inLanguage":"en-GB","potentialAction":[{"@type":"ReadAction","target":["https:\/\/archiv.siov.sk\/profesionalni-majstri-z-europy-a-ich-zrucnosti-na-euroskills-2021\/"]}]},{"@type":"ImageObject","inLanguage":"en-GB","@id":"https:\/\/archiv.siov.sk\/profesionalni-majstri-z-europy-a-ich-zrucnosti-na-euroskills-2021\/#primaryimage","url":"https:\/\/archiv.siov.sk\/wp-content\/uploads\/2021\/07\/Graz-2021.jpg","contentUrl":"https:\/\/archiv.siov.sk\/wp-content\/uploads\/2021\/07\/Graz-2021.jpg","width":590,"height":332},{"@type":"BreadcrumbList","@id":"https:\/\/archiv.siov.sk\/profesionalni-majstri-z-europy-a-ich-zrucnosti-na-euroskills-2021\/#breadcrumb","itemListElement":[{"@type":"ListItem","position":1,"name":"Home","item":"https:\/\/archiv.siov.sk\/"},{"@type":"ListItem","position":2,"name":"Profesion\u00e1lni majstri z Eur\u00f3py a ich zru\u010dnosti na EuroSkills 2021"}]},{"@type":"WebSite","@id":"https:\/\/archiv.siov.sk\/#website","url":"https:\/\/archiv.siov.sk\/","name":"\u0160IOV - \u0161t\u00e1tny in\u0161tit\u00fat odborn\u00e9ho vzdel\u00e1vania","description":"","publisher":{"@id":"https:\/\/archiv.siov.sk\/#organization"},"potentialAction":[{"@type":"SearchAction","target":{"@type":"EntryPoint","urlTemplate":"https:\/\/archiv.siov.sk\/?s={search_term_string}"},"query-input":{"@type":"PropertyValueSpecification","valueRequired":true,"valueName":"search_term_string"}}],"inLanguage":"en-GB"},{"@type":"Organization","@id":"https:\/\/archiv.siov.sk\/#organization","name":"\u0160IOV - \u0161t\u00e1tny in\u0161tit\u00fat odborn\u00e9ho vzdel\u00e1vania","url":"https:\/\/archiv.siov.sk\/","logo":{"@type":"ImageObject","inLanguage":"en-GB","@id":"https:\/\/archiv.siov.sk\/#\/schema\/logo\/image\/","url":"https:\/\/archiv.siov.sk\/wp-content\/uploads\/2024\/02\/logo-SIOV.png","contentUrl":"https:\/\/archiv.siov.sk\/wp-content\/uploads\/2024\/02\/logo-SIOV.png","width":431,"height":143,"caption":"\u0160IOV - \u0161t\u00e1tny in\u0161tit\u00fat odborn\u00e9ho vzdel\u00e1vania"},"image":{"@id":"https:\/\/archiv.siov.sk\/#\/schema\/logo\/image\/"},"sameAs":["https:\/\/www.facebook.com\/Statnyinstitutodbornehovzdelavania"]},{"@type":"Person","@id":"https:\/\/archiv.siov.sk\/#\/schema\/person\/e42d633fbd958c6a726e8834d8965e6c","name":"Katar\u00edna Kov\u00e1\u010dov\u00e1","url":"https:\/\/archiv.siov.sk\/en\/author\/katkakovacova\/"}]}},"_links":{"self":[{"href":"https:\/\/archiv.siov.sk\/en\/wp-json\/wp\/v2\/posts\/9222","targetHints":{"allow":["GET"]}}],"collection":[{"href":"https:\/\/archiv.siov.sk\/en\/wp-json\/wp\/v2\/posts"}],"about":[{"href":"https:\/\/archiv.siov.sk\/en\/wp-json\/wp\/v2\/types\/post"}],"author":[{"embeddable":true,"href":"https:\/\/archiv.siov.sk\/en\/wp-json\/wp\/v2\/users\/6"}],"replies":[{"embeddable":true,"href":"https:\/\/archiv.siov.sk\/en\/wp-json\/wp\/v2\/comments?post=9222"}],"version-history":[{"count":5,"href":"https:\/\/archiv.siov.sk\/en\/wp-json\/wp\/v2\/posts\/9222\/revisions"}],"predecessor-version":[{"id":9236,"href":"https:\/\/archiv.siov.sk\/en\/wp-json\/wp\/v2\/posts\/9222\/revisions\/9236"}],"wp:featuredmedia":[{"embeddable":true,"href":"https:\/\/archiv.siov.sk\/en\/wp-json\/wp\/v2\/media\/9224"}],"wp:attachment":[{"href":"https:\/\/archiv.siov.sk\/en\/wp-json\/wp\/v2\/media?parent=9222"}],"wp:term":[{"taxonomy":"category","embeddable":true,"href":"https:\/\/archiv.siov.sk\/en\/wp-json\/wp\/v2\/categories?post=9222"},{"taxonomy":"post_tag","embeddable":true,"href":"https:\/\/archiv.siov.sk\/en\/wp-json\/wp\/v2\/tags?post=9222"}],"curies":[{"name":"wp","href":"https:\/\/api.w.org\/{rel}","templated":true}]}}