{"id":8098,"date":"2021-07-13T08:28:43","date_gmt":"2021-07-13T06:28:43","guid":{"rendered":"https:\/\/archiv.siov.sk\/?p=8098"},"modified":"2021-08-09T10:11:34","modified_gmt":"2021-08-09T08:11:34","slug":"nove-vedomosti-zrucnosti-a-kompetencie-neziskavame-len-v-skole-stat-vam-ich-potvrdi-oficialnym-dokladom","status":"publish","type":"post","link":"https:\/\/archiv.siov.sk\/en\/nove-vedomosti-zrucnosti-a-kompetencie-neziskavame-len-v-skole-stat-vam-ich-potvrdi-oficialnym-dokladom\/","title":{"rendered":"Nov\u00e9 vedomosti, zru\u010dnosti a kompetencie nez\u00edskavame len v \u0161kole. \u0160t\u00e1t v\u00e1m ich potvrd\u00ed ofici\u00e1lnym dokladom."},"content":{"rendered":"<div data-elementor-type=\"wp-post\" data-elementor-id=\"8098\" class=\"elementor elementor-8098\" data-elementor-post-type=\"post\">\n\t\t\t\t\t\t<section class=\"elementor-section elementor-top-section elementor-element elementor-element-28ad81ce elementor-section-boxed elementor-section-height-default elementor-section-height-default\" data-id=\"28ad81ce\" data-element_type=\"section\" data-e-type=\"section\">\n\t\t\t\t\t\t<div class=\"elementor-container elementor-column-gap-default\">\n\t\t\t\t\t<div class=\"elementor-column elementor-col-100 elementor-top-column elementor-element elementor-element-84130af\" data-id=\"84130af\" data-element_type=\"column\" data-e-type=\"column\">\n\t\t\t<div class=\"elementor-widget-wrap elementor-element-populated\">\n\t\t\t\t\t\t<div class=\"elementor-element elementor-element-2648cbe3 elementor-widget elementor-widget-text-editor\" data-id=\"2648cbe3\" data-element_type=\"widget\" data-e-type=\"widget\" data-widget_type=\"text-editor.default\">\n\t\t\t\t<div class=\"elementor-widget-container\">\n\t\t\t\t\t\t\t\t\t<p><strong>Vzdel\u00e1vanie sa nekon\u010d\u00ed opusten\u00edm \u0161kolsk\u00fdch lav\u00edc. Jedn\u00fdm z d\u00f4le\u017eit\u00fdch predpokladov kvalitn\u00e9ho uplatnenia na trhu pr\u00e1ce je z\u00edskavanie nov\u00fdch vedomost\u00ed, zru\u010dnost\u00ed a kompetenci\u00ed po\u010das cel\u00e9ho profesijn\u00e9ho \u017eivota v dospelosti. <\/strong><\/p>\n<p style=\"text-align: justify;\">Potreby zamestn\u00e1vate\u013eov a ponuka zamestnancov na trhu pr\u00e1ce, vplyv pand\u00e9mie COVID-19, ale aj otv\u00e1raj\u00face sa mo\u017enosti celo\u017eivotn\u00e9ho vzdel\u00e1vania vytvorili po\u017eiadavku na flexibilnej\u0161ie z\u00edskavanie kvalifik\u00e1ci\u00ed, a to na z\u00e1klade neform\u00e1lneho vzdel\u00e1vania sa \u010di inform\u00e1lneho u\u010denia sa.&nbsp; Pr\u00edstup Slov\u00e1kov k celo\u017eivotn\u00e9mu vzdel\u00e1vaniu u\u017e \u010doskoro zmen\u00ed N\u00e1rodn\u00fd projekt Syst\u00e9m overovania kvalifik\u00e1ci\u00ed v SR (NP SOK). Realizuje ho \u0160t\u00e1tny in\u0161tit\u00fat odborn\u00e9ho vzdel\u00e1vania (\u0160IOV).<\/p>\n<p style=\"text-align: justify;\">Profesijn\u00e9 uplatnenie a rozvoj \u010dloveka \u010dasto nebrzd\u00ed len nedostatok vedomost\u00ed, zru\u010dnost\u00ed a kompetenci\u00ed, ale ch\u00fdbaj\u00faci doklad o ich nadobudnut\u00ed. Projekt je ur\u010den\u00fd pr\u00e1ve t\u00fdm \u013eu\u010fom, ktor\u00ed maj\u00fa z\u00e1ujem necha\u0165 si overi\u0165 svoje vedomosti, zru\u010dnosti a kompetencie nadobudnut\u00e9 neform\u00e1lnym vzdel\u00e1van\u00edm resp. inform\u00e1lnym u\u010den\u00edm sa,&nbsp;<span style=\"color: var( --e-global-color-text ); font-family: var( --e-global-typography-text-font-family ), Sans-serif; font-weight: var( --e-global-typography-text-font-weight ); background-color: transparent;\">teda po\u010das praxe<\/span><span style=\"font-style: inherit; font-weight: inherit; color: var( --e-global-color-text ); font-family: var( --e-global-typography-text-font-family ), Sans-serif; background-color: transparent;\">. V\u010faka ich preuk\u00e1zaniu tak m\u00f4\u017eu z\u00edska\u0165 plnohodnotn\u00e9 osved\u010denie o kvalifik\u00e1cii bez toho, aby sa vr\u00e1tili sp\u00e4\u0165 do \u0161koly.<\/span><\/p>\n<p style=\"text-align: justify;\">Projekt pom\u00f4\u017ee mnoh\u00fdm Slov\u00e1kom lep\u0161ie sa uplatni\u0165 na trhu pr\u00e1ce. Cie\u013eov\u00fa skupinu tvoria \u013eudia v produkt\u00edvnom veku, zamestnanci, ktor\u00ed chc\u00fa z\u00edska\u0165 lep\u0161ie uplatnenie, \u013eudia bez alebo s n\u00edzkou kvalifik\u00e1ciou, ale aj uch\u00e1dza\u010di o zamestnanie \u010di samostatne z\u00e1robkovo \u010dinn\u00e9 osoby.<\/p>\n<p style=\"text-align: justify;\"><em>\u201eKa\u017ed\u00e1 kr\u00edza ur\u00fdch\u013euje zmeny a plat\u00ed to aj pre trh pr\u00e1ce. Mnoh\u00ed \u013eudia pri\u0161li o zamestnanie, s\u00fa sektory, kde, naopak, zamestnanci ch\u00fdbaj\u00fa. Nemenej d\u00f4le\u017eit\u00e1 je skupina \u013eud\u00ed, ktor\u00e1 potrebuje zlep\u0161i\u0165 svoje kompetencie pre rozmach digitaliz\u00e1cie a automatiz\u00e1cie. Trh pr\u00e1ce za\u017e\u00edva revol\u00faciu, ktor\u00fa bez akt\u00edvnych opatren\u00ed nezvl\u00e1dneme. Projekt vn\u00edmame ako jedno z nich,\u201c <\/em>dodal gener\u00e1lny sekret\u00e1r Asoci\u00e1cie priemyseln\u00fdch zv\u00e4zov a dopravy Andrej Lasz.<\/p>\n<p style=\"text-align: justify;\"><strong>\u201e<\/strong><em>D\u00f4le\u017eit\u00fa \u00falohu tu \u0161peci\u00e1lne zohr\u00e1va Priemysel 4.0, na ktor\u00fd potrebujeme ur\u00fdchlene nasmerova\u0165 zru\u010dnosti a kompetencie ve\u013ekej skupiny \u013eud\u00ed, aby sme ostali konkurencieschopnou krajinou,\u201c <\/em>doplnil gener\u00e1lny sekret\u00e1r Asoci\u00e1cie zamestn\u00e1vate\u013esk\u00fdch zv\u00e4zov a zdru\u017een\u00ed SR Oto Nevick\u00fd.<\/p>\n<p style=\"text-align: justify;\">Projekt je financovan\u00fd s podporou Eur\u00f3pskeho soci\u00e1lneho fondu v r\u00e1mci prioritnej osi Vzdel\u00e1vanie opera\u010dn\u00e9ho programu \u013dudsk\u00e9 zdroje. Z\u00e1rove\u0148 je \u0161pecifick\u00fd svojimi ekonomick\u00fdmi, vzdel\u00e1vac\u00edmi, soci\u00e1lnymi a psychologick\u00fdmi pr\u00ednosmi<\/p>\t\t\t\t\t\t\t\t<\/div>\n\t\t\t\t<\/div>\n\t\t\t\t\t<\/div>\n\t\t<\/div>\n\t\t\t\t\t<\/div>\n\t\t<\/section>\n\t\t\t\t<\/div>","protected":false},"excerpt":{"rendered":"<p>Vzdel\u00e1vanie sa nekon\u010d\u00ed opusten\u00edm \u0161kolsk\u00fdch lav\u00edc. Jedn\u00fdm z d\u00f4le\u017eit\u00fdch predpokladov kvalitn\u00e9ho uplatnenia na trhu pr\u00e1ce je z\u00edskavanie nov\u00fdch vedomost\u00ed, zru\u010dnost\u00ed a kompetenci\u00ed po\u010das cel\u00e9ho profesijn\u00e9ho \u017eivota v dospelosti. Potreby zamestn\u00e1vate\u013eov a ponuka zamestnancov na trhu pr\u00e1ce, vplyv pand\u00e9mie COVID-19, ale aj otv\u00e1raj\u00face sa mo\u017enosti celo\u017eivotn\u00e9ho vzdel\u00e1vania vytvorili po\u017eiadavku na flexibilnej\u0161ie z\u00edskavanie kvalifik\u00e1ci\u00ed, a to na [&hellip;]<\/p>\n","protected":false},"author":6,"featured_media":8103,"comment_status":"closed","ping_status":"closed","sticky":false,"template":"","format":"standard","meta":{"site-sidebar-layout":"default","site-content-layout":"","ast-site-content-layout":"default","site-content-style":"default","site-sidebar-style":"default","ast-global-header-display":"","ast-banner-title-visibility":"","ast-main-header-display":"","ast-hfb-above-header-display":"","ast-hfb-below-header-display":"","ast-hfb-mobile-header-display":"","site-post-title":"","ast-breadcrumbs-content":"","ast-featured-img":"","footer-sml-layout":"","ast-disable-related-posts":"","theme-transparent-header-meta":"","adv-header-id-meta":"","stick-header-meta":"","header-above-stick-meta":"","header-main-stick-meta":"","header-below-stick-meta":"","astra-migrate-meta-layouts":"default","ast-page-background-enabled":"default","ast-page-background-meta":{"desktop":{"background-color":"var(--ast-global-color-4)","background-image":"","background-repeat":"repeat","background-position":"center center","background-size":"auto","background-attachment":"scroll","background-type":"","background-media":"","overlay-type":"","overlay-color":"","overlay-opacity":"","overlay-gradient":""},"tablet":{"background-color":"","background-image":"","background-repeat":"repeat","background-position":"center center","background-size":"auto","background-attachment":"scroll","background-type":"","background-media":"","overlay-type":"","overlay-color":"","overlay-opacity":"","overlay-gradient":""},"mobile":{"background-color":"","background-image":"","background-repeat":"repeat","background-position":"center center","background-size":"auto","background-attachment":"scroll","background-type":"","background-media":"","overlay-type":"","overlay-color":"","overlay-opacity":"","overlay-gradient":""}},"ast-content-background-meta":{"desktop":{"background-color":"var(--ast-global-color-5)","background-image":"","background-repeat":"repeat","background-position":"center center","background-size":"auto","background-attachment":"scroll","background-type":"","background-media":"","overlay-type":"","overlay-color":"","overlay-opacity":"","overlay-gradient":""},"tablet":{"background-color":"var(--ast-global-color-5)","background-image":"","background-repeat":"repeat","background-position":"center center","background-size":"auto","background-attachment":"scroll","background-type":"","background-media":"","overlay-type":"","overlay-color":"","overlay-opacity":"","overlay-gradient":""},"mobile":{"background-color":"var(--ast-global-color-5)","background-image":"","background-repeat":"repeat","background-position":"center center","background-size":"auto","background-attachment":"scroll","background-type":"","background-media":"","overlay-type":"","overlay-color":"","overlay-opacity":"","overlay-gradient":""}},"footnotes":""},"categories":[1,9],"tags":[],"class_list":["post-8098","post","type-post","status-publish","format-standard","has-post-thumbnail","hentry","category-aktuality","category-aktuality-v-case-koronavirusu"],"yoast_head":"<!-- This site is optimized with the Yoast SEO plugin v27.5 - https:\/\/yoast.com\/product\/yoast-seo-wordpress\/ -->\n<title>Nov\u00e9 vedomosti, zru\u010dnosti a kompetencie nez\u00edskavame len v \u0161kole. \u0160t\u00e1t v\u00e1m ich potvrd\u00ed ofici\u00e1lnym dokladom. - \u0160IOV - \u0161t\u00e1tny in\u0161tit\u00fat odborn\u00e9ho vzdel\u00e1vania<\/title>\n<meta name=\"robots\" content=\"index, follow, max-snippet:-1, max-image-preview:large, max-video-preview:-1\" \/>\n<link rel=\"canonical\" href=\"https:\/\/archiv.siov.sk\/en\/nove-vedomosti-zrucnosti-a-kompetencie-neziskavame-len-v-skole-stat-vam-ich-potvrdi-oficialnym-dokladom\/\" \/>\n<meta property=\"og:locale\" content=\"en_GB\" \/>\n<meta property=\"og:type\" content=\"article\" \/>\n<meta property=\"og:title\" content=\"Nov\u00e9 vedomosti, zru\u010dnosti a kompetencie nez\u00edskavame len v \u0161kole. \u0160t\u00e1t v\u00e1m ich potvrd\u00ed ofici\u00e1lnym dokladom. - \u0160IOV - \u0161t\u00e1tny in\u0161tit\u00fat odborn\u00e9ho vzdel\u00e1vania\" \/>\n<meta property=\"og:description\" content=\"Vzdel\u00e1vanie sa nekon\u010d\u00ed opusten\u00edm \u0161kolsk\u00fdch lav\u00edc. Jedn\u00fdm z d\u00f4le\u017eit\u00fdch predpokladov kvalitn\u00e9ho uplatnenia na trhu pr\u00e1ce je z\u00edskavanie nov\u00fdch vedomost\u00ed, zru\u010dnost\u00ed a kompetenci\u00ed po\u010das cel\u00e9ho profesijn\u00e9ho \u017eivota v dospelosti. Potreby zamestn\u00e1vate\u013eov a ponuka zamestnancov na trhu pr\u00e1ce, vplyv pand\u00e9mie COVID-19, ale aj otv\u00e1raj\u00face sa mo\u017enosti celo\u017eivotn\u00e9ho vzdel\u00e1vania vytvorili po\u017eiadavku na flexibilnej\u0161ie z\u00edskavanie kvalifik\u00e1ci\u00ed, a to na [&hellip;]\" \/>\n<meta property=\"og:url\" content=\"https:\/\/archiv.siov.sk\/en\/nove-vedomosti-zrucnosti-a-kompetencie-neziskavame-len-v-skole-stat-vam-ich-potvrdi-oficialnym-dokladom\/\" \/>\n<meta property=\"og:site_name\" content=\"\u0160IOV - \u0161t\u00e1tny in\u0161tit\u00fat odborn\u00e9ho vzdel\u00e1vania\" \/>\n<meta property=\"article:publisher\" content=\"https:\/\/www.facebook.com\/Statnyinstitutodbornehovzdelavania\" \/>\n<meta property=\"article:published_time\" content=\"2021-07-13T06:28:43+00:00\" \/>\n<meta property=\"article:modified_time\" content=\"2021-08-09T08:11:34+00:00\" \/>\n<meta property=\"og:image\" content=\"https:\/\/archiv.siov.sk\/wp-content\/uploads\/2021\/07\/SOK01-e1626158151225.png\" \/>\n\t<meta property=\"og:image:width\" content=\"500\" \/>\n\t<meta property=\"og:image:height\" content=\"329\" \/>\n\t<meta property=\"og:image:type\" content=\"image\/png\" \/>\n<meta name=\"author\" content=\"Katar\u00edna Kov\u00e1\u010dov\u00e1\" \/>\n<meta name=\"twitter:card\" content=\"summary_large_image\" \/>\n<meta name=\"twitter:label1\" content=\"Written by\" \/>\n\t<meta name=\"twitter:data1\" content=\"Katar\u00edna Kov\u00e1\u010dov\u00e1\" \/>\n\t<meta name=\"twitter:label2\" content=\"Estimated reading time\" \/>\n\t<meta name=\"twitter:data2\" content=\"2 minutes\" \/>\n<script type=\"application\/ld+json\" class=\"yoast-schema-graph\">{\"@context\":\"https:\\\/\\\/schema.org\",\"@graph\":[{\"@type\":\"Article\",\"@id\":\"https:\\\/\\\/archiv.siov.sk\\\/nove-vedomosti-zrucnosti-a-kompetencie-neziskavame-len-v-skole-stat-vam-ich-potvrdi-oficialnym-dokladom\\\/#article\",\"isPartOf\":{\"@id\":\"https:\\\/\\\/archiv.siov.sk\\\/nove-vedomosti-zrucnosti-a-kompetencie-neziskavame-len-v-skole-stat-vam-ich-potvrdi-oficialnym-dokladom\\\/\"},\"author\":{\"name\":\"Katar\u00edna Kov\u00e1\u010dov\u00e1\",\"@id\":\"https:\\\/\\\/archiv.siov.sk\\\/#\\\/schema\\\/person\\\/e42d633fbd958c6a726e8834d8965e6c\"},\"headline\":\"Nov\u00e9 vedomosti, zru\u010dnosti a kompetencie nez\u00edskavame len v \u0161kole. \u0160t\u00e1t v\u00e1m ich potvrd\u00ed ofici\u00e1lnym dokladom.\",\"datePublished\":\"2021-07-13T06:28:43+00:00\",\"dateModified\":\"2021-08-09T08:11:34+00:00\",\"mainEntityOfPage\":{\"@id\":\"https:\\\/\\\/archiv.siov.sk\\\/nove-vedomosti-zrucnosti-a-kompetencie-neziskavame-len-v-skole-stat-vam-ich-potvrdi-oficialnym-dokladom\\\/\"},\"wordCount\":470,\"publisher\":{\"@id\":\"https:\\\/\\\/archiv.siov.sk\\\/#organization\"},\"image\":{\"@id\":\"https:\\\/\\\/archiv.siov.sk\\\/nove-vedomosti-zrucnosti-a-kompetencie-neziskavame-len-v-skole-stat-vam-ich-potvrdi-oficialnym-dokladom\\\/#primaryimage\"},\"thumbnailUrl\":\"https:\\\/\\\/archiv.siov.sk\\\/wp-content\\\/uploads\\\/2021\\\/07\\\/SOK01-e1626158151225.png\",\"articleSection\":[\"Aktuality\",\"Aktuality v \u010dase koronav\u00edrusu\"],\"inLanguage\":\"en-GB\"},{\"@type\":\"WebPage\",\"@id\":\"https:\\\/\\\/archiv.siov.sk\\\/nove-vedomosti-zrucnosti-a-kompetencie-neziskavame-len-v-skole-stat-vam-ich-potvrdi-oficialnym-dokladom\\\/\",\"url\":\"https:\\\/\\\/archiv.siov.sk\\\/nove-vedomosti-zrucnosti-a-kompetencie-neziskavame-len-v-skole-stat-vam-ich-potvrdi-oficialnym-dokladom\\\/\",\"name\":\"Nov\u00e9 vedomosti, zru\u010dnosti a kompetencie nez\u00edskavame len v \u0161kole. \u0160t\u00e1t v\u00e1m ich potvrd\u00ed ofici\u00e1lnym dokladom. - \u0160IOV - \u0161t\u00e1tny in\u0161tit\u00fat odborn\u00e9ho vzdel\u00e1vania\",\"isPartOf\":{\"@id\":\"https:\\\/\\\/archiv.siov.sk\\\/#website\"},\"primaryImageOfPage\":{\"@id\":\"https:\\\/\\\/archiv.siov.sk\\\/nove-vedomosti-zrucnosti-a-kompetencie-neziskavame-len-v-skole-stat-vam-ich-potvrdi-oficialnym-dokladom\\\/#primaryimage\"},\"image\":{\"@id\":\"https:\\\/\\\/archiv.siov.sk\\\/nove-vedomosti-zrucnosti-a-kompetencie-neziskavame-len-v-skole-stat-vam-ich-potvrdi-oficialnym-dokladom\\\/#primaryimage\"},\"thumbnailUrl\":\"https:\\\/\\\/archiv.siov.sk\\\/wp-content\\\/uploads\\\/2021\\\/07\\\/SOK01-e1626158151225.png\",\"datePublished\":\"2021-07-13T06:28:43+00:00\",\"dateModified\":\"2021-08-09T08:11:34+00:00\",\"breadcrumb\":{\"@id\":\"https:\\\/\\\/archiv.siov.sk\\\/nove-vedomosti-zrucnosti-a-kompetencie-neziskavame-len-v-skole-stat-vam-ich-potvrdi-oficialnym-dokladom\\\/#breadcrumb\"},\"inLanguage\":\"en-GB\",\"potentialAction\":[{\"@type\":\"ReadAction\",\"target\":[\"https:\\\/\\\/archiv.siov.sk\\\/nove-vedomosti-zrucnosti-a-kompetencie-neziskavame-len-v-skole-stat-vam-ich-potvrdi-oficialnym-dokladom\\\/\"]}]},{\"@type\":\"ImageObject\",\"inLanguage\":\"en-GB\",\"@id\":\"https:\\\/\\\/archiv.siov.sk\\\/nove-vedomosti-zrucnosti-a-kompetencie-neziskavame-len-v-skole-stat-vam-ich-potvrdi-oficialnym-dokladom\\\/#primaryimage\",\"url\":\"https:\\\/\\\/archiv.siov.sk\\\/wp-content\\\/uploads\\\/2021\\\/07\\\/SOK01-e1626158151225.png\",\"contentUrl\":\"https:\\\/\\\/archiv.siov.sk\\\/wp-content\\\/uploads\\\/2021\\\/07\\\/SOK01-e1626158151225.png\",\"width\":500,\"height\":329},{\"@type\":\"BreadcrumbList\",\"@id\":\"https:\\\/\\\/archiv.siov.sk\\\/nove-vedomosti-zrucnosti-a-kompetencie-neziskavame-len-v-skole-stat-vam-ich-potvrdi-oficialnym-dokladom\\\/#breadcrumb\",\"itemListElement\":[{\"@type\":\"ListItem\",\"position\":1,\"name\":\"Home\",\"item\":\"https:\\\/\\\/archiv.siov.sk\\\/\"},{\"@type\":\"ListItem\",\"position\":2,\"name\":\"Nov\u00e9 vedomosti, zru\u010dnosti a kompetencie nez\u00edskavame len v \u0161kole. \u0160t\u00e1t v\u00e1m ich potvrd\u00ed ofici\u00e1lnym dokladom.\"}]},{\"@type\":\"WebSite\",\"@id\":\"https:\\\/\\\/archiv.siov.sk\\\/#website\",\"url\":\"https:\\\/\\\/archiv.siov.sk\\\/\",\"name\":\"\u0160IOV - \u0161t\u00e1tny in\u0161tit\u00fat odborn\u00e9ho vzdel\u00e1vania\",\"description\":\"\",\"publisher\":{\"@id\":\"https:\\\/\\\/archiv.siov.sk\\\/#organization\"},\"potentialAction\":[{\"@type\":\"SearchAction\",\"target\":{\"@type\":\"EntryPoint\",\"urlTemplate\":\"https:\\\/\\\/archiv.siov.sk\\\/?s={search_term_string}\"},\"query-input\":{\"@type\":\"PropertyValueSpecification\",\"valueRequired\":true,\"valueName\":\"search_term_string\"}}],\"inLanguage\":\"en-GB\"},{\"@type\":\"Organization\",\"@id\":\"https:\\\/\\\/archiv.siov.sk\\\/#organization\",\"name\":\"\u0160IOV - \u0161t\u00e1tny in\u0161tit\u00fat odborn\u00e9ho vzdel\u00e1vania\",\"url\":\"https:\\\/\\\/archiv.siov.sk\\\/\",\"logo\":{\"@type\":\"ImageObject\",\"inLanguage\":\"en-GB\",\"@id\":\"https:\\\/\\\/archiv.siov.sk\\\/#\\\/schema\\\/logo\\\/image\\\/\",\"url\":\"https:\\\/\\\/archiv.siov.sk\\\/wp-content\\\/uploads\\\/2024\\\/02\\\/logo-SIOV.png\",\"contentUrl\":\"https:\\\/\\\/archiv.siov.sk\\\/wp-content\\\/uploads\\\/2024\\\/02\\\/logo-SIOV.png\",\"width\":431,\"height\":143,\"caption\":\"\u0160IOV - \u0161t\u00e1tny in\u0161tit\u00fat odborn\u00e9ho vzdel\u00e1vania\"},\"image\":{\"@id\":\"https:\\\/\\\/archiv.siov.sk\\\/#\\\/schema\\\/logo\\\/image\\\/\"},\"sameAs\":[\"https:\\\/\\\/www.facebook.com\\\/Statnyinstitutodbornehovzdelavania\"]},{\"@type\":\"Person\",\"@id\":\"https:\\\/\\\/archiv.siov.sk\\\/#\\\/schema\\\/person\\\/e42d633fbd958c6a726e8834d8965e6c\",\"name\":\"Katar\u00edna Kov\u00e1\u010dov\u00e1\",\"url\":\"https:\\\/\\\/archiv.siov.sk\\\/en\\\/author\\\/katkakovacova\\\/\"}]}<\/script>\n<!-- \/ Yoast SEO plugin. -->","yoast_head_json":{"title":"Nov\u00e9 vedomosti, zru\u010dnosti a kompetencie nez\u00edskavame len v \u0161kole. \u0160t\u00e1t v\u00e1m ich potvrd\u00ed ofici\u00e1lnym dokladom. - \u0160IOV - \u0161t\u00e1tny in\u0161tit\u00fat odborn\u00e9ho vzdel\u00e1vania","robots":{"index":"index","follow":"follow","max-snippet":"max-snippet:-1","max-image-preview":"max-image-preview:large","max-video-preview":"max-video-preview:-1"},"canonical":"https:\/\/archiv.siov.sk\/en\/nove-vedomosti-zrucnosti-a-kompetencie-neziskavame-len-v-skole-stat-vam-ich-potvrdi-oficialnym-dokladom\/","og_locale":"en_GB","og_type":"article","og_title":"Nov\u00e9 vedomosti, zru\u010dnosti a kompetencie nez\u00edskavame len v \u0161kole. \u0160t\u00e1t v\u00e1m ich potvrd\u00ed ofici\u00e1lnym dokladom. - \u0160IOV - \u0161t\u00e1tny in\u0161tit\u00fat odborn\u00e9ho vzdel\u00e1vania","og_description":"Vzdel\u00e1vanie sa nekon\u010d\u00ed opusten\u00edm \u0161kolsk\u00fdch lav\u00edc. Jedn\u00fdm z d\u00f4le\u017eit\u00fdch predpokladov kvalitn\u00e9ho uplatnenia na trhu pr\u00e1ce je z\u00edskavanie nov\u00fdch vedomost\u00ed, zru\u010dnost\u00ed a kompetenci\u00ed po\u010das cel\u00e9ho profesijn\u00e9ho \u017eivota v dospelosti. Potreby zamestn\u00e1vate\u013eov a ponuka zamestnancov na trhu pr\u00e1ce, vplyv pand\u00e9mie COVID-19, ale aj otv\u00e1raj\u00face sa mo\u017enosti celo\u017eivotn\u00e9ho vzdel\u00e1vania vytvorili po\u017eiadavku na flexibilnej\u0161ie z\u00edskavanie kvalifik\u00e1ci\u00ed, a to na [&hellip;]","og_url":"https:\/\/archiv.siov.sk\/en\/nove-vedomosti-zrucnosti-a-kompetencie-neziskavame-len-v-skole-stat-vam-ich-potvrdi-oficialnym-dokladom\/","og_site_name":"\u0160IOV - \u0161t\u00e1tny in\u0161tit\u00fat odborn\u00e9ho vzdel\u00e1vania","article_publisher":"https:\/\/www.facebook.com\/Statnyinstitutodbornehovzdelavania","article_published_time":"2021-07-13T06:28:43+00:00","article_modified_time":"2021-08-09T08:11:34+00:00","og_image":[{"width":500,"height":329,"url":"https:\/\/archiv.siov.sk\/wp-content\/uploads\/2021\/07\/SOK01-e1626158151225.png","type":"image\/png"}],"author":"Katar\u00edna Kov\u00e1\u010dov\u00e1","twitter_card":"summary_large_image","twitter_misc":{"Written by":"Katar\u00edna Kov\u00e1\u010dov\u00e1","Estimated reading time":"2 minutes"},"schema":{"@context":"https:\/\/schema.org","@graph":[{"@type":"Article","@id":"https:\/\/archiv.siov.sk\/nove-vedomosti-zrucnosti-a-kompetencie-neziskavame-len-v-skole-stat-vam-ich-potvrdi-oficialnym-dokladom\/#article","isPartOf":{"@id":"https:\/\/archiv.siov.sk\/nove-vedomosti-zrucnosti-a-kompetencie-neziskavame-len-v-skole-stat-vam-ich-potvrdi-oficialnym-dokladom\/"},"author":{"name":"Katar\u00edna Kov\u00e1\u010dov\u00e1","@id":"https:\/\/archiv.siov.sk\/#\/schema\/person\/e42d633fbd958c6a726e8834d8965e6c"},"headline":"Nov\u00e9 vedomosti, zru\u010dnosti a kompetencie nez\u00edskavame len v \u0161kole. \u0160t\u00e1t v\u00e1m ich potvrd\u00ed ofici\u00e1lnym dokladom.","datePublished":"2021-07-13T06:28:43+00:00","dateModified":"2021-08-09T08:11:34+00:00","mainEntityOfPage":{"@id":"https:\/\/archiv.siov.sk\/nove-vedomosti-zrucnosti-a-kompetencie-neziskavame-len-v-skole-stat-vam-ich-potvrdi-oficialnym-dokladom\/"},"wordCount":470,"publisher":{"@id":"https:\/\/archiv.siov.sk\/#organization"},"image":{"@id":"https:\/\/archiv.siov.sk\/nove-vedomosti-zrucnosti-a-kompetencie-neziskavame-len-v-skole-stat-vam-ich-potvrdi-oficialnym-dokladom\/#primaryimage"},"thumbnailUrl":"https:\/\/archiv.siov.sk\/wp-content\/uploads\/2021\/07\/SOK01-e1626158151225.png","articleSection":["Aktuality","Aktuality v \u010dase koronav\u00edrusu"],"inLanguage":"en-GB"},{"@type":"WebPage","@id":"https:\/\/archiv.siov.sk\/nove-vedomosti-zrucnosti-a-kompetencie-neziskavame-len-v-skole-stat-vam-ich-potvrdi-oficialnym-dokladom\/","url":"https:\/\/archiv.siov.sk\/nove-vedomosti-zrucnosti-a-kompetencie-neziskavame-len-v-skole-stat-vam-ich-potvrdi-oficialnym-dokladom\/","name":"Nov\u00e9 vedomosti, zru\u010dnosti a kompetencie nez\u00edskavame len v \u0161kole. \u0160t\u00e1t v\u00e1m ich potvrd\u00ed ofici\u00e1lnym dokladom. - \u0160IOV - \u0161t\u00e1tny in\u0161tit\u00fat odborn\u00e9ho vzdel\u00e1vania","isPartOf":{"@id":"https:\/\/archiv.siov.sk\/#website"},"primaryImageOfPage":{"@id":"https:\/\/archiv.siov.sk\/nove-vedomosti-zrucnosti-a-kompetencie-neziskavame-len-v-skole-stat-vam-ich-potvrdi-oficialnym-dokladom\/#primaryimage"},"image":{"@id":"https:\/\/archiv.siov.sk\/nove-vedomosti-zrucnosti-a-kompetencie-neziskavame-len-v-skole-stat-vam-ich-potvrdi-oficialnym-dokladom\/#primaryimage"},"thumbnailUrl":"https:\/\/archiv.siov.sk\/wp-content\/uploads\/2021\/07\/SOK01-e1626158151225.png","datePublished":"2021-07-13T06:28:43+00:00","dateModified":"2021-08-09T08:11:34+00:00","breadcrumb":{"@id":"https:\/\/archiv.siov.sk\/nove-vedomosti-zrucnosti-a-kompetencie-neziskavame-len-v-skole-stat-vam-ich-potvrdi-oficialnym-dokladom\/#breadcrumb"},"inLanguage":"en-GB","potentialAction":[{"@type":"ReadAction","target":["https:\/\/archiv.siov.sk\/nove-vedomosti-zrucnosti-a-kompetencie-neziskavame-len-v-skole-stat-vam-ich-potvrdi-oficialnym-dokladom\/"]}]},{"@type":"ImageObject","inLanguage":"en-GB","@id":"https:\/\/archiv.siov.sk\/nove-vedomosti-zrucnosti-a-kompetencie-neziskavame-len-v-skole-stat-vam-ich-potvrdi-oficialnym-dokladom\/#primaryimage","url":"https:\/\/archiv.siov.sk\/wp-content\/uploads\/2021\/07\/SOK01-e1626158151225.png","contentUrl":"https:\/\/archiv.siov.sk\/wp-content\/uploads\/2021\/07\/SOK01-e1626158151225.png","width":500,"height":329},{"@type":"BreadcrumbList","@id":"https:\/\/archiv.siov.sk\/nove-vedomosti-zrucnosti-a-kompetencie-neziskavame-len-v-skole-stat-vam-ich-potvrdi-oficialnym-dokladom\/#breadcrumb","itemListElement":[{"@type":"ListItem","position":1,"name":"Home","item":"https:\/\/archiv.siov.sk\/"},{"@type":"ListItem","position":2,"name":"Nov\u00e9 vedomosti, zru\u010dnosti a kompetencie nez\u00edskavame len v \u0161kole. \u0160t\u00e1t v\u00e1m ich potvrd\u00ed ofici\u00e1lnym dokladom."}]},{"@type":"WebSite","@id":"https:\/\/archiv.siov.sk\/#website","url":"https:\/\/archiv.siov.sk\/","name":"\u0160IOV - \u0161t\u00e1tny in\u0161tit\u00fat odborn\u00e9ho vzdel\u00e1vania","description":"","publisher":{"@id":"https:\/\/archiv.siov.sk\/#organization"},"potentialAction":[{"@type":"SearchAction","target":{"@type":"EntryPoint","urlTemplate":"https:\/\/archiv.siov.sk\/?s={search_term_string}"},"query-input":{"@type":"PropertyValueSpecification","valueRequired":true,"valueName":"search_term_string"}}],"inLanguage":"en-GB"},{"@type":"Organization","@id":"https:\/\/archiv.siov.sk\/#organization","name":"\u0160IOV - \u0161t\u00e1tny in\u0161tit\u00fat odborn\u00e9ho vzdel\u00e1vania","url":"https:\/\/archiv.siov.sk\/","logo":{"@type":"ImageObject","inLanguage":"en-GB","@id":"https:\/\/archiv.siov.sk\/#\/schema\/logo\/image\/","url":"https:\/\/archiv.siov.sk\/wp-content\/uploads\/2024\/02\/logo-SIOV.png","contentUrl":"https:\/\/archiv.siov.sk\/wp-content\/uploads\/2024\/02\/logo-SIOV.png","width":431,"height":143,"caption":"\u0160IOV - \u0161t\u00e1tny in\u0161tit\u00fat odborn\u00e9ho vzdel\u00e1vania"},"image":{"@id":"https:\/\/archiv.siov.sk\/#\/schema\/logo\/image\/"},"sameAs":["https:\/\/www.facebook.com\/Statnyinstitutodbornehovzdelavania"]},{"@type":"Person","@id":"https:\/\/archiv.siov.sk\/#\/schema\/person\/e42d633fbd958c6a726e8834d8965e6c","name":"Katar\u00edna Kov\u00e1\u010dov\u00e1","url":"https:\/\/archiv.siov.sk\/en\/author\/katkakovacova\/"}]}},"_links":{"self":[{"href":"https:\/\/archiv.siov.sk\/en\/wp-json\/wp\/v2\/posts\/8098","targetHints":{"allow":["GET"]}}],"collection":[{"href":"https:\/\/archiv.siov.sk\/en\/wp-json\/wp\/v2\/posts"}],"about":[{"href":"https:\/\/archiv.siov.sk\/en\/wp-json\/wp\/v2\/types\/post"}],"author":[{"embeddable":true,"href":"https:\/\/archiv.siov.sk\/en\/wp-json\/wp\/v2\/users\/6"}],"replies":[{"embeddable":true,"href":"https:\/\/archiv.siov.sk\/en\/wp-json\/wp\/v2\/comments?post=8098"}],"version-history":[{"count":10,"href":"https:\/\/archiv.siov.sk\/en\/wp-json\/wp\/v2\/posts\/8098\/revisions"}],"predecessor-version":[{"id":9377,"href":"https:\/\/archiv.siov.sk\/en\/wp-json\/wp\/v2\/posts\/8098\/revisions\/9377"}],"wp:featuredmedia":[{"embeddable":true,"href":"https:\/\/archiv.siov.sk\/en\/wp-json\/wp\/v2\/media\/8103"}],"wp:attachment":[{"href":"https:\/\/archiv.siov.sk\/en\/wp-json\/wp\/v2\/media?parent=8098"}],"wp:term":[{"taxonomy":"category","embeddable":true,"href":"https:\/\/archiv.siov.sk\/en\/wp-json\/wp\/v2\/categories?post=8098"},{"taxonomy":"post_tag","embeddable":true,"href":"https:\/\/archiv.siov.sk\/en\/wp-json\/wp\/v2\/tags?post=8098"}],"curies":[{"name":"wp","href":"https:\/\/api.w.org\/{rel}","templated":true}]}}