{"id":8062,"date":"2021-06-25T10:03:21","date_gmt":"2021-06-25T08:03:21","guid":{"rendered":"https:\/\/archiv.siov.sk\/?p=8062"},"modified":"2021-06-25T10:05:18","modified_gmt":"2021-06-25T08:05:18","slug":"realizacia-letnej-skoly-metodicke-usmernenie-pre-zamestnavatelov-2","status":"publish","type":"post","link":"https:\/\/archiv.siov.sk\/en\/realizacia-letnej-skoly-metodicke-usmernenie-pre-zamestnavatelov-2\/","title":{"rendered":"Realiz\u00e1cia letnej \u0161koly &#8211; metodick\u00e9 usmernenie pre zamestn\u00e1vate\u013eov"},"content":{"rendered":"<p style=\"text-align: center;\"><em>Foto: Shutterstock<\/em><\/p>\n<p>&nbsp;<\/p>\n<p>Prin\u00e1\u0161ame V\u00e1m metodick\u00e9 usmernenie pre zamestn\u00e1vate\u013eov o realiz\u00e1ci\u00ed letnej \u0161koly.<\/p>\n<p><a href=\"https:\/\/archiv.siov.sk\/wp-content\/uploads\/2021\/05\/pdf-ikona.png\"><img decoding=\"async\" class=\"alignnone wp-image-7769\" src=\"https:\/\/archiv.siov.sk\/wp-content\/uploads\/2021\/05\/pdf-ikona.png\" alt=\"\" width=\"43\" height=\"43\" srcset=\"https:\/\/archiv.siov.sk\/wp-content\/uploads\/2021\/05\/pdf-ikona.png 225w, https:\/\/archiv.siov.sk\/wp-content\/uploads\/2021\/05\/pdf-ikona-150x150.png 150w\" sizes=\"(max-width: 43px) 100vw, 43px\" \/><\/a><a href=\"https:\/\/archiv.siov.sk\/wp-content\/uploads\/2021\/06\/Letna-skola-zamestnavatelia-dual-v3_MO_prip_.pdf\">Letn\u00e1 \u0161kola_inform\u00e1cie pre zamestn\u00e1vate\u013eov<\/a><\/p>\n<p><a href=\"https:\/\/archiv.siov.sk\/wp-content\/uploads\/2021\/05\/pdf-ikona.png\"><img decoding=\"async\" class=\"alignnone wp-image-7769\" src=\"https:\/\/archiv.siov.sk\/wp-content\/uploads\/2021\/05\/pdf-ikona.png\" alt=\"\" width=\"43\" height=\"43\" srcset=\"https:\/\/archiv.siov.sk\/wp-content\/uploads\/2021\/05\/pdf-ikona.png 225w, https:\/\/archiv.siov.sk\/wp-content\/uploads\/2021\/05\/pdf-ikona-150x150.png 150w\" sizes=\"(max-width: 43px) 100vw, 43px\" \/><\/a><a href=\"https:\/\/archiv.siov.sk\/wp-content\/uploads\/2021\/06\/Otazky-a-odpovede-Letna-skola-na-PPV.pdf\">Ot\u00e1zky a odpovede_Letn\u00e1 \u0161kola na PPV<\/a><\/p>","protected":false},"excerpt":{"rendered":"<p>Foto: Shutterstock &nbsp; Prin\u00e1\u0161ame V\u00e1m metodick\u00e9 usmernenie pre zamestn\u00e1vate\u013eov o realiz\u00e1ci\u00ed letnej \u0161koly. Letn\u00e1 \u0161kola_inform\u00e1cie pre zamestn\u00e1vate\u013eov Ot\u00e1zky a odpovede_Letn\u00e1 \u0161kola na PPV<\/p>","protected":false},"author":6,"featured_media":7988,"comment_status":"closed","ping_status":"closed","sticky":false,"template":"","format":"standard","meta":{"site-sidebar-layout":"default","site-content-layout":"","ast-site-content-layout":"default","site-content-style":"default","site-sidebar-style":"default","ast-global-header-display":"","ast-banner-title-visibility":"","ast-main-header-display":"","ast-hfb-above-header-display":"","ast-hfb-below-header-display":"","ast-hfb-mobile-header-display":"","site-post-title":"","ast-breadcrumbs-content":"","ast-featured-img":"","footer-sml-layout":"","ast-disable-related-posts":"","theme-transparent-header-meta":"","adv-header-id-meta":"","stick-header-meta":"","header-above-stick-meta":"","header-main-stick-meta":"","header-below-stick-meta":"","astra-migrate-meta-layouts":"default","ast-page-background-enabled":"default","ast-page-background-meta":{"desktop":{"background-color":"var(--ast-global-color-4)","background-image":"","background-repeat":"repeat","background-position":"center center","background-size":"auto","background-attachment":"scroll","background-type":"","background-media":"","overlay-type":"","overlay-color":"","overlay-opacity":"","overlay-gradient":""},"tablet":{"background-color":"","background-image":"","background-repeat":"repeat","background-position":"center center","background-size":"auto","background-attachment":"scroll","background-type":"","background-media":"","overlay-type":"","overlay-color":"","overlay-opacity":"","overlay-gradient":""},"mobile":{"background-color":"","background-image":"","background-repeat":"repeat","background-position":"center center","background-size":"auto","background-attachment":"scroll","background-type":"","background-media":"","overlay-type":"","overlay-color":"","overlay-opacity":"","overlay-gradient":""}},"ast-content-background-meta":{"desktop":{"background-color":"var(--ast-global-color-5)","background-image":"","background-repeat":"repeat","background-position":"center center","background-size":"auto","background-attachment":"scroll","background-type":"","background-media":"","overlay-type":"","overlay-color":"","overlay-opacity":"","overlay-gradient":""},"tablet":{"background-color":"var(--ast-global-color-5)","background-image":"","background-repeat":"repeat","background-position":"center center","background-size":"auto","background-attachment":"scroll","background-type":"","background-media":"","overlay-type":"","overlay-color":"","overlay-opacity":"","overlay-gradient":""},"mobile":{"background-color":"var(--ast-global-color-5)","background-image":"","background-repeat":"repeat","background-position":"center center","background-size":"auto","background-attachment":"scroll","background-type":"","background-media":"","overlay-type":"","overlay-color":"","overlay-opacity":"","overlay-gradient":""}},"footnotes":""},"categories":[1,9],"tags":[],"class_list":["post-8062","post","type-post","status-publish","format-standard","has-post-thumbnail","hentry","category-aktuality","category-aktuality-v-case-koronavirusu"],"yoast_head":"<!-- This site is optimized with the Yoast SEO plugin v27.5 - https:\/\/yoast.com\/product\/yoast-seo-wordpress\/ -->\n<title>Realiz\u00e1cia letnej \u0161koly - metodick\u00e9 usmernenie pre zamestn\u00e1vate\u013eov - \u0160IOV - \u0161t\u00e1tny in\u0161tit\u00fat odborn\u00e9ho vzdel\u00e1vania<\/title>\n<meta name=\"robots\" content=\"index, follow, max-snippet:-1, max-image-preview:large, max-video-preview:-1\" \/>\n<link rel=\"canonical\" href=\"https:\/\/archiv.siov.sk\/en\/realizacia-letnej-skoly-metodicke-usmernenie-pre-zamestnavatelov-2\/\" \/>\n<meta property=\"og:locale\" content=\"en_GB\" \/>\n<meta property=\"og:type\" content=\"article\" \/>\n<meta property=\"og:title\" content=\"Realiz\u00e1cia letnej \u0161koly - metodick\u00e9 usmernenie pre zamestn\u00e1vate\u013eov - \u0160IOV - \u0161t\u00e1tny in\u0161tit\u00fat odborn\u00e9ho vzdel\u00e1vania\" \/>\n<meta property=\"og:description\" content=\"Foto: Shutterstock &nbsp; Prin\u00e1\u0161ame V\u00e1m metodick\u00e9 usmernenie pre zamestn\u00e1vate\u013eov o realiz\u00e1ci\u00ed letnej \u0161koly. Letn\u00e1 \u0161kola_inform\u00e1cie pre zamestn\u00e1vate\u013eov Ot\u00e1zky a odpovede_Letn\u00e1 \u0161kola na PPV\" \/>\n<meta property=\"og:url\" content=\"https:\/\/archiv.siov.sk\/en\/realizacia-letnej-skoly-metodicke-usmernenie-pre-zamestnavatelov-2\/\" \/>\n<meta property=\"og:site_name\" content=\"\u0160IOV - \u0161t\u00e1tny in\u0161tit\u00fat odborn\u00e9ho vzdel\u00e1vania\" \/>\n<meta property=\"article:publisher\" content=\"https:\/\/www.facebook.com\/Statnyinstitutodbornehovzdelavania\" \/>\n<meta property=\"article:published_time\" content=\"2021-06-25T08:03:21+00:00\" \/>\n<meta property=\"article:modified_time\" content=\"2021-06-25T08:05:18+00:00\" \/>\n<meta property=\"og:image\" content=\"https:\/\/archiv.siov.sk\/wp-content\/uploads\/2021\/06\/puzzle-scaled-e1623230224749.jpg\" \/>\n\t<meta property=\"og:image:width\" content=\"400\" \/>\n\t<meta property=\"og:image:height\" content=\"267\" \/>\n\t<meta property=\"og:image:type\" content=\"image\/jpeg\" \/>\n<meta name=\"author\" content=\"Katar\u00edna Kov\u00e1\u010dov\u00e1\" \/>\n<meta name=\"twitter:card\" content=\"summary_large_image\" \/>\n<meta name=\"twitter:label1\" content=\"Written by\" \/>\n\t<meta name=\"twitter:data1\" content=\"Katar\u00edna Kov\u00e1\u010dov\u00e1\" \/>\n\t<meta name=\"twitter:label2\" content=\"Estimated reading time\" \/>\n\t<meta name=\"twitter:data2\" content=\"1 minute\" \/>\n<script type=\"application\/ld+json\" class=\"yoast-schema-graph\">{\"@context\":\"https:\\\/\\\/schema.org\",\"@graph\":[{\"@type\":\"Article\",\"@id\":\"https:\\\/\\\/archiv.siov.sk\\\/realizacia-letnej-skoly-metodicke-usmernenie-pre-zamestnavatelov-2\\\/#article\",\"isPartOf\":{\"@id\":\"https:\\\/\\\/archiv.siov.sk\\\/realizacia-letnej-skoly-metodicke-usmernenie-pre-zamestnavatelov-2\\\/\"},\"author\":{\"name\":\"Katar\u00edna Kov\u00e1\u010dov\u00e1\",\"@id\":\"https:\\\/\\\/archiv.siov.sk\\\/#\\\/schema\\\/person\\\/e42d633fbd958c6a726e8834d8965e6c\"},\"headline\":\"Realiz\u00e1cia letnej \u0161koly &#8211; metodick\u00e9 usmernenie pre zamestn\u00e1vate\u013eov\",\"datePublished\":\"2021-06-25T08:03:21+00:00\",\"dateModified\":\"2021-06-25T08:05:18+00:00\",\"mainEntityOfPage\":{\"@id\":\"https:\\\/\\\/archiv.siov.sk\\\/realizacia-letnej-skoly-metodicke-usmernenie-pre-zamestnavatelov-2\\\/\"},\"wordCount\":45,\"publisher\":{\"@id\":\"https:\\\/\\\/archiv.siov.sk\\\/#organization\"},\"image\":{\"@id\":\"https:\\\/\\\/archiv.siov.sk\\\/realizacia-letnej-skoly-metodicke-usmernenie-pre-zamestnavatelov-2\\\/#primaryimage\"},\"thumbnailUrl\":\"https:\\\/\\\/archiv.siov.sk\\\/wp-content\\\/uploads\\\/2021\\\/06\\\/puzzle-scaled-e1623230224749.jpg\",\"articleSection\":[\"Aktuality\",\"Aktuality v \u010dase koronav\u00edrusu\"],\"inLanguage\":\"en-GB\"},{\"@type\":\"WebPage\",\"@id\":\"https:\\\/\\\/archiv.siov.sk\\\/realizacia-letnej-skoly-metodicke-usmernenie-pre-zamestnavatelov-2\\\/\",\"url\":\"https:\\\/\\\/archiv.siov.sk\\\/realizacia-letnej-skoly-metodicke-usmernenie-pre-zamestnavatelov-2\\\/\",\"name\":\"Realiz\u00e1cia letnej \u0161koly - metodick\u00e9 usmernenie pre zamestn\u00e1vate\u013eov - \u0160IOV - \u0161t\u00e1tny in\u0161tit\u00fat odborn\u00e9ho vzdel\u00e1vania\",\"isPartOf\":{\"@id\":\"https:\\\/\\\/archiv.siov.sk\\\/#website\"},\"primaryImageOfPage\":{\"@id\":\"https:\\\/\\\/archiv.siov.sk\\\/realizacia-letnej-skoly-metodicke-usmernenie-pre-zamestnavatelov-2\\\/#primaryimage\"},\"image\":{\"@id\":\"https:\\\/\\\/archiv.siov.sk\\\/realizacia-letnej-skoly-metodicke-usmernenie-pre-zamestnavatelov-2\\\/#primaryimage\"},\"thumbnailUrl\":\"https:\\\/\\\/archiv.siov.sk\\\/wp-content\\\/uploads\\\/2021\\\/06\\\/puzzle-scaled-e1623230224749.jpg\",\"datePublished\":\"2021-06-25T08:03:21+00:00\",\"dateModified\":\"2021-06-25T08:05:18+00:00\",\"breadcrumb\":{\"@id\":\"https:\\\/\\\/archiv.siov.sk\\\/realizacia-letnej-skoly-metodicke-usmernenie-pre-zamestnavatelov-2\\\/#breadcrumb\"},\"inLanguage\":\"en-GB\",\"potentialAction\":[{\"@type\":\"ReadAction\",\"target\":[\"https:\\\/\\\/archiv.siov.sk\\\/realizacia-letnej-skoly-metodicke-usmernenie-pre-zamestnavatelov-2\\\/\"]}]},{\"@type\":\"ImageObject\",\"inLanguage\":\"en-GB\",\"@id\":\"https:\\\/\\\/archiv.siov.sk\\\/realizacia-letnej-skoly-metodicke-usmernenie-pre-zamestnavatelov-2\\\/#primaryimage\",\"url\":\"https:\\\/\\\/archiv.siov.sk\\\/wp-content\\\/uploads\\\/2021\\\/06\\\/puzzle-scaled-e1623230224749.jpg\",\"contentUrl\":\"https:\\\/\\\/archiv.siov.sk\\\/wp-content\\\/uploads\\\/2021\\\/06\\\/puzzle-scaled-e1623230224749.jpg\",\"width\":400,\"height\":267},{\"@type\":\"BreadcrumbList\",\"@id\":\"https:\\\/\\\/archiv.siov.sk\\\/realizacia-letnej-skoly-metodicke-usmernenie-pre-zamestnavatelov-2\\\/#breadcrumb\",\"itemListElement\":[{\"@type\":\"ListItem\",\"position\":1,\"name\":\"Home\",\"item\":\"https:\\\/\\\/archiv.siov.sk\\\/\"},{\"@type\":\"ListItem\",\"position\":2,\"name\":\"Realiz\u00e1cia letnej \u0161koly &#8211; metodick\u00e9 usmernenie pre zamestn\u00e1vate\u013eov\"}]},{\"@type\":\"WebSite\",\"@id\":\"https:\\\/\\\/archiv.siov.sk\\\/#website\",\"url\":\"https:\\\/\\\/archiv.siov.sk\\\/\",\"name\":\"\u0160IOV - \u0161t\u00e1tny in\u0161tit\u00fat odborn\u00e9ho vzdel\u00e1vania\",\"description\":\"\",\"publisher\":{\"@id\":\"https:\\\/\\\/archiv.siov.sk\\\/#organization\"},\"potentialAction\":[{\"@type\":\"SearchAction\",\"target\":{\"@type\":\"EntryPoint\",\"urlTemplate\":\"https:\\\/\\\/archiv.siov.sk\\\/?s={search_term_string}\"},\"query-input\":{\"@type\":\"PropertyValueSpecification\",\"valueRequired\":true,\"valueName\":\"search_term_string\"}}],\"inLanguage\":\"en-GB\"},{\"@type\":\"Organization\",\"@id\":\"https:\\\/\\\/archiv.siov.sk\\\/#organization\",\"name\":\"\u0160IOV - \u0161t\u00e1tny in\u0161tit\u00fat odborn\u00e9ho vzdel\u00e1vania\",\"url\":\"https:\\\/\\\/archiv.siov.sk\\\/\",\"logo\":{\"@type\":\"ImageObject\",\"inLanguage\":\"en-GB\",\"@id\":\"https:\\\/\\\/archiv.siov.sk\\\/#\\\/schema\\\/logo\\\/image\\\/\",\"url\":\"https:\\\/\\\/archiv.siov.sk\\\/wp-content\\\/uploads\\\/2024\\\/02\\\/logo-SIOV.png\",\"contentUrl\":\"https:\\\/\\\/archiv.siov.sk\\\/wp-content\\\/uploads\\\/2024\\\/02\\\/logo-SIOV.png\",\"width\":431,\"height\":143,\"caption\":\"\u0160IOV - \u0161t\u00e1tny in\u0161tit\u00fat odborn\u00e9ho vzdel\u00e1vania\"},\"image\":{\"@id\":\"https:\\\/\\\/archiv.siov.sk\\\/#\\\/schema\\\/logo\\\/image\\\/\"},\"sameAs\":[\"https:\\\/\\\/www.facebook.com\\\/Statnyinstitutodbornehovzdelavania\"]},{\"@type\":\"Person\",\"@id\":\"https:\\\/\\\/archiv.siov.sk\\\/#\\\/schema\\\/person\\\/e42d633fbd958c6a726e8834d8965e6c\",\"name\":\"Katar\u00edna Kov\u00e1\u010dov\u00e1\",\"url\":\"https:\\\/\\\/archiv.siov.sk\\\/en\\\/author\\\/katkakovacova\\\/\"}]}<\/script>\n<!-- \/ Yoast SEO plugin. -->","yoast_head_json":{"title":"Realiz\u00e1cia letnej \u0161koly - metodick\u00e9 usmernenie pre zamestn\u00e1vate\u013eov - \u0160IOV - \u0161t\u00e1tny in\u0161tit\u00fat odborn\u00e9ho vzdel\u00e1vania","robots":{"index":"index","follow":"follow","max-snippet":"max-snippet:-1","max-image-preview":"max-image-preview:large","max-video-preview":"max-video-preview:-1"},"canonical":"https:\/\/archiv.siov.sk\/en\/realizacia-letnej-skoly-metodicke-usmernenie-pre-zamestnavatelov-2\/","og_locale":"en_GB","og_type":"article","og_title":"Realiz\u00e1cia letnej \u0161koly - metodick\u00e9 usmernenie pre zamestn\u00e1vate\u013eov - \u0160IOV - \u0161t\u00e1tny in\u0161tit\u00fat odborn\u00e9ho vzdel\u00e1vania","og_description":"Foto: Shutterstock &nbsp; Prin\u00e1\u0161ame V\u00e1m metodick\u00e9 usmernenie pre zamestn\u00e1vate\u013eov o realiz\u00e1ci\u00ed letnej \u0161koly. Letn\u00e1 \u0161kola_inform\u00e1cie pre zamestn\u00e1vate\u013eov Ot\u00e1zky a odpovede_Letn\u00e1 \u0161kola na PPV","og_url":"https:\/\/archiv.siov.sk\/en\/realizacia-letnej-skoly-metodicke-usmernenie-pre-zamestnavatelov-2\/","og_site_name":"\u0160IOV - \u0161t\u00e1tny in\u0161tit\u00fat odborn\u00e9ho vzdel\u00e1vania","article_publisher":"https:\/\/www.facebook.com\/Statnyinstitutodbornehovzdelavania","article_published_time":"2021-06-25T08:03:21+00:00","article_modified_time":"2021-06-25T08:05:18+00:00","og_image":[{"width":400,"height":267,"url":"https:\/\/archiv.siov.sk\/wp-content\/uploads\/2021\/06\/puzzle-scaled-e1623230224749.jpg","type":"image\/jpeg"}],"author":"Katar\u00edna Kov\u00e1\u010dov\u00e1","twitter_card":"summary_large_image","twitter_misc":{"Written by":"Katar\u00edna Kov\u00e1\u010dov\u00e1","Estimated reading time":"1 minute"},"schema":{"@context":"https:\/\/schema.org","@graph":[{"@type":"Article","@id":"https:\/\/archiv.siov.sk\/realizacia-letnej-skoly-metodicke-usmernenie-pre-zamestnavatelov-2\/#article","isPartOf":{"@id":"https:\/\/archiv.siov.sk\/realizacia-letnej-skoly-metodicke-usmernenie-pre-zamestnavatelov-2\/"},"author":{"name":"Katar\u00edna Kov\u00e1\u010dov\u00e1","@id":"https:\/\/archiv.siov.sk\/#\/schema\/person\/e42d633fbd958c6a726e8834d8965e6c"},"headline":"Realiz\u00e1cia letnej \u0161koly &#8211; metodick\u00e9 usmernenie pre zamestn\u00e1vate\u013eov","datePublished":"2021-06-25T08:03:21+00:00","dateModified":"2021-06-25T08:05:18+00:00","mainEntityOfPage":{"@id":"https:\/\/archiv.siov.sk\/realizacia-letnej-skoly-metodicke-usmernenie-pre-zamestnavatelov-2\/"},"wordCount":45,"publisher":{"@id":"https:\/\/archiv.siov.sk\/#organization"},"image":{"@id":"https:\/\/archiv.siov.sk\/realizacia-letnej-skoly-metodicke-usmernenie-pre-zamestnavatelov-2\/#primaryimage"},"thumbnailUrl":"https:\/\/archiv.siov.sk\/wp-content\/uploads\/2021\/06\/puzzle-scaled-e1623230224749.jpg","articleSection":["Aktuality","Aktuality v \u010dase koronav\u00edrusu"],"inLanguage":"en-GB"},{"@type":"WebPage","@id":"https:\/\/archiv.siov.sk\/realizacia-letnej-skoly-metodicke-usmernenie-pre-zamestnavatelov-2\/","url":"https:\/\/archiv.siov.sk\/realizacia-letnej-skoly-metodicke-usmernenie-pre-zamestnavatelov-2\/","name":"Realiz\u00e1cia letnej \u0161koly - metodick\u00e9 usmernenie pre zamestn\u00e1vate\u013eov - \u0160IOV - \u0161t\u00e1tny in\u0161tit\u00fat odborn\u00e9ho vzdel\u00e1vania","isPartOf":{"@id":"https:\/\/archiv.siov.sk\/#website"},"primaryImageOfPage":{"@id":"https:\/\/archiv.siov.sk\/realizacia-letnej-skoly-metodicke-usmernenie-pre-zamestnavatelov-2\/#primaryimage"},"image":{"@id":"https:\/\/archiv.siov.sk\/realizacia-letnej-skoly-metodicke-usmernenie-pre-zamestnavatelov-2\/#primaryimage"},"thumbnailUrl":"https:\/\/archiv.siov.sk\/wp-content\/uploads\/2021\/06\/puzzle-scaled-e1623230224749.jpg","datePublished":"2021-06-25T08:03:21+00:00","dateModified":"2021-06-25T08:05:18+00:00","breadcrumb":{"@id":"https:\/\/archiv.siov.sk\/realizacia-letnej-skoly-metodicke-usmernenie-pre-zamestnavatelov-2\/#breadcrumb"},"inLanguage":"en-GB","potentialAction":[{"@type":"ReadAction","target":["https:\/\/archiv.siov.sk\/realizacia-letnej-skoly-metodicke-usmernenie-pre-zamestnavatelov-2\/"]}]},{"@type":"ImageObject","inLanguage":"en-GB","@id":"https:\/\/archiv.siov.sk\/realizacia-letnej-skoly-metodicke-usmernenie-pre-zamestnavatelov-2\/#primaryimage","url":"https:\/\/archiv.siov.sk\/wp-content\/uploads\/2021\/06\/puzzle-scaled-e1623230224749.jpg","contentUrl":"https:\/\/archiv.siov.sk\/wp-content\/uploads\/2021\/06\/puzzle-scaled-e1623230224749.jpg","width":400,"height":267},{"@type":"BreadcrumbList","@id":"https:\/\/archiv.siov.sk\/realizacia-letnej-skoly-metodicke-usmernenie-pre-zamestnavatelov-2\/#breadcrumb","itemListElement":[{"@type":"ListItem","position":1,"name":"Home","item":"https:\/\/archiv.siov.sk\/"},{"@type":"ListItem","position":2,"name":"Realiz\u00e1cia letnej \u0161koly &#8211; metodick\u00e9 usmernenie pre zamestn\u00e1vate\u013eov"}]},{"@type":"WebSite","@id":"https:\/\/archiv.siov.sk\/#website","url":"https:\/\/archiv.siov.sk\/","name":"\u0160IOV - \u0161t\u00e1tny in\u0161tit\u00fat odborn\u00e9ho vzdel\u00e1vania","description":"","publisher":{"@id":"https:\/\/archiv.siov.sk\/#organization"},"potentialAction":[{"@type":"SearchAction","target":{"@type":"EntryPoint","urlTemplate":"https:\/\/archiv.siov.sk\/?s={search_term_string}"},"query-input":{"@type":"PropertyValueSpecification","valueRequired":true,"valueName":"search_term_string"}}],"inLanguage":"en-GB"},{"@type":"Organization","@id":"https:\/\/archiv.siov.sk\/#organization","name":"\u0160IOV - \u0161t\u00e1tny in\u0161tit\u00fat odborn\u00e9ho vzdel\u00e1vania","url":"https:\/\/archiv.siov.sk\/","logo":{"@type":"ImageObject","inLanguage":"en-GB","@id":"https:\/\/archiv.siov.sk\/#\/schema\/logo\/image\/","url":"https:\/\/archiv.siov.sk\/wp-content\/uploads\/2024\/02\/logo-SIOV.png","contentUrl":"https:\/\/archiv.siov.sk\/wp-content\/uploads\/2024\/02\/logo-SIOV.png","width":431,"height":143,"caption":"\u0160IOV - \u0161t\u00e1tny in\u0161tit\u00fat odborn\u00e9ho vzdel\u00e1vania"},"image":{"@id":"https:\/\/archiv.siov.sk\/#\/schema\/logo\/image\/"},"sameAs":["https:\/\/www.facebook.com\/Statnyinstitutodbornehovzdelavania"]},{"@type":"Person","@id":"https:\/\/archiv.siov.sk\/#\/schema\/person\/e42d633fbd958c6a726e8834d8965e6c","name":"Katar\u00edna Kov\u00e1\u010dov\u00e1","url":"https:\/\/archiv.siov.sk\/en\/author\/katkakovacova\/"}]}},"_links":{"self":[{"href":"https:\/\/archiv.siov.sk\/en\/wp-json\/wp\/v2\/posts\/8062","targetHints":{"allow":["GET"]}}],"collection":[{"href":"https:\/\/archiv.siov.sk\/en\/wp-json\/wp\/v2\/posts"}],"about":[{"href":"https:\/\/archiv.siov.sk\/en\/wp-json\/wp\/v2\/types\/post"}],"author":[{"embeddable":true,"href":"https:\/\/archiv.siov.sk\/en\/wp-json\/wp\/v2\/users\/6"}],"replies":[{"embeddable":true,"href":"https:\/\/archiv.siov.sk\/en\/wp-json\/wp\/v2\/comments?post=8062"}],"version-history":[{"count":1,"href":"https:\/\/archiv.siov.sk\/en\/wp-json\/wp\/v2\/posts\/8062\/revisions"}],"predecessor-version":[{"id":8063,"href":"https:\/\/archiv.siov.sk\/en\/wp-json\/wp\/v2\/posts\/8062\/revisions\/8063"}],"wp:featuredmedia":[{"embeddable":true,"href":"https:\/\/archiv.siov.sk\/en\/wp-json\/wp\/v2\/media\/7988"}],"wp:attachment":[{"href":"https:\/\/archiv.siov.sk\/en\/wp-json\/wp\/v2\/media?parent=8062"}],"wp:term":[{"taxonomy":"category","embeddable":true,"href":"https:\/\/archiv.siov.sk\/en\/wp-json\/wp\/v2\/categories?post=8062"},{"taxonomy":"post_tag","embeddable":true,"href":"https:\/\/archiv.siov.sk\/en\/wp-json\/wp\/v2\/tags?post=8062"}],"curies":[{"name":"wp","href":"https:\/\/api.w.org\/{rel}","templated":true}]}}