{"id":7962,"date":"2021-06-01T13:48:08","date_gmt":"2021-06-01T11:48:08","guid":{"rendered":"https:\/\/archiv.siov.sk\/?p=7962"},"modified":"2021-06-10T14:56:39","modified_gmt":"2021-06-10T12:56:39","slug":"konferencia-quo-vadis-financna-gramotnost","status":"publish","type":"post","link":"https:\/\/archiv.siov.sk\/en\/konferencia-quo-vadis-financna-gramotnost\/","title":{"rendered":"Quo Vadis finan\u010dn\u00e1 gramotnos\u0165?"},"content":{"rendered":"<p>Pr\u00ed\u010fte sa dozvedie\u0165 viac a diskutova\u0165 o&nbsp;mimoriadne aktu\u00e1lnej t\u00e9me finan\u010dnej gramotnosti<strong> 15. j\u00fana 2021 od 9:00-12:00 a od 13:00-15:00 na platform\u00e1ch MS Teams &nbsp;a YouTube.&nbsp;<\/strong><\/p>\n<p><strong><a href=\"https:\/\/docs.google.com\/forms\/d\/e\/1FAIpQLSe3p6KQyEm5RR6iIYOiSqnEnubRGTrJLBidKqvWg-R-RTfKoA\/viewform?vc=0&amp;c=0&amp;w=1&amp;flr=0&amp;usp=mail_form_link\">Na konferenciu sa m\u00f4\u017eete prihl\u00e1si\u0165 TU<\/a><\/strong><strong>.<\/strong><\/p>\n<p>Odkaz na prenos konferencie &#8211; <a href=\"https:\/\/youtu.be\/6PNIx33Nqyw\">https:\/\/youtu.be\/6PNIx33Nqyw<\/a><\/p>\n<p style=\"text-align: justify;\">Prostredn\u00edctvom pr\u00edspevkov mno\u017estva zauj\u00edmav\u00fdch re\u010dn\u00edkov sa zamysl\u00edme nad finan\u010dnou gramotnos\u0165ou na Slovensku a jej smerovan\u00edm. Snahu za\u010da\u0165 monitorova\u0165 finan\u010dn\u00fa gramotnos\u0165 p\u00e4tn\u00e1s\u0165ro\u010dn\u00fdch \u017eiakov vyvolala najm\u00e4 aktu\u00e1lna situ\u00e1cia spolo\u010dnosti. T\u00e1to oblas\u0165 bola ako jedna z volite\u013en\u00fdch zaraden\u00e1 aj do \u0161t\u00fadie PISA v r\u00e1mci cyklov PISA 2012, PISA 2015 a PISA 2018. N\u00e1rodn\u00fd \u0161tandard finan\u010dnej gramotnosti sa stal d\u00f4le\u017eitou s\u00fa\u010das\u0165ou vzdel\u00e1vacieho procesu. Vznikol na z\u00e1klade \u201eN\u00e1vrhu strat\u00e9gie vzdel\u00e1vania vo finan\u010dnej oblasti a&nbsp;mana\u017ementu osobn\u00fdch financi\u00ed.\u201c<\/p>\n<p style=\"text-align: justify;\">Organiz\u00e1torom konferencie je \u0160t\u00e1tny in\u0161tit\u00fat odborn\u00e9ho vzdel\u00e1vania a Sektorov\u00e1 rada pre bankovn\u00edctvo, finan\u010dn\u00e9 slu\u017eby, pois\u0165ovn\u00edctvo s technickou podporou CVTI SR \u2013 \u0160VS BB.<\/p>\n<p>&nbsp;<\/p>\n<p><strong>Z\u00e1ver konferencie bude patri\u0165 panelovej diskusii na t\u00e9my:<\/strong><\/p>\n<ul>\n<li>Ak\u00fa \u00farove\u0148 finan\u010dnej gramotnosti maj\u00fa Slov\u00e1ci? Je skuto\u010dne tak n\u00edzka?<\/li>\n<li>Ak\u00e9 dopady m\u00e1 nedostato\u010dn\u00e9 kritick\u00e9 myslenie na \u00farove\u0148 finan\u010dnej gramotnosti?&nbsp;<\/li>\n<li>Kto by sa mal zapoji\u0165 do programu finan\u010dn\u00e9ho vzdel\u00e1vania okrem vzdel\u00e1vac\u00edch in\u0161tit\u00faci\u00ed?&nbsp;<\/li>\n<li>Ak\u00e9 v\u00fdhody so sebou prin\u00e1\u0161a vy\u0161\u0161ia finan\u010dn\u00e1 gramotnos\u0165 obyvate\u013eov?<\/li>\n<\/ul>\n<p>&nbsp;<\/p>\n<p><strong>Odpoveda\u0165 budeme aj na Va\u0161e ot\u00e1zky prostredn\u00edctvom chatu<\/strong><\/p>\n<p><strong>Konferenciu odpor\u00fa\u010dame predov\u0161etk\u00fdm:<\/strong><\/p>\n<ul>\n<li>u\u010dite\u013eom stredn\u00fdch \u0161k\u00f4l a gymn\u00e1zi\u00ed<\/li>\n<li>u\u010dite\u013eom ob\u010dianskej n\u00e1uky, dejepisu a matematiky na z\u00e1kladn\u00fdch \u0161kol\u00e1ch<\/li>\n<\/ul>\n<p>&nbsp;<\/p>\n<p style=\"text-align: center;\"><strong>Program konferencie<\/strong><\/p>\n<p style=\"text-align: center;\">&nbsp;<\/p>\n<table width=\"0\">\n<tbody>\n<tr>\n<td width=\"142\">\n<p style=\"text-align: center;\"><strong>Lektor<\/strong><\/p>\n<\/td>\n<td width=\"217\">\n<p style=\"text-align: center;\"><strong>N\u00e1zov pr\u00edspevku<\/strong><\/p>\n<\/td>\n<td width=\"302\">\n<p style=\"text-align: center;\"><strong>Zamestn\u00e1vate\u013e, poz\u00edcia<\/strong><\/p>\n<\/td>\n<\/tr>\n<tr>\n<td width=\"142\">\n<p style=\"text-align: center;\">Marianna Onderkov\u00e1<\/p>\n<\/td>\n<td width=\"217\">\n<p style=\"text-align: center;\">Nosn\u00e9 st\u013apy finan\u010dnej gramotnosti<\/p>\n<\/td>\n<td width=\"302\">\n<p style=\"text-align: center;\">Odbor stredn\u00fdch \u0161k\u00f4l M\u0160VVa\u0160 SR<\/p>\n<\/td>\n<\/tr>\n<tr>\n<td width=\"142\">\n<p style=\"text-align: center;\">Roman Fusek<\/p>\n<\/td>\n<td width=\"217\">\n<p style=\"text-align: center;\">5pe\u0148az\u00ed \u2013 nov\u00e1 slovensk\u00e1 zna\u010dka finan\u010dn\u00e9ho vzdel\u00e1vania pre v\u0161etk\u00fdch<\/p>\n<\/td>\n<td width=\"302\">\n<p style=\"text-align: center;\">N\u00e1rodn\u00e1 banka Slovenska,<\/p>\n<p style=\"text-align: center;\">Riadite\u013e odboru ochrany finan\u010dn\u00fdch spotrebite\u013eov<\/p>\n<\/td>\n<\/tr>\n<tr>\n<td width=\"142\">&nbsp;<\/p>\n<p style=\"text-align: center;\">Ivica Cha\u010daturianov\u00e1,<\/p>\n<p style=\"text-align: center;\">Ivana Tesarovi\u010dov\u00e1,<\/p>\n<p>&nbsp;<\/td>\n<td width=\"217\">\n<p style=\"text-align: center;\">Finan\u010dn\u00e1 gramotnos\u0165 s&nbsp;OVB ALLFINANZ Slovensko<\/p>\n<\/td>\n<td width=\"302\">\n<p style=\"text-align: center;\">OVB Allfinanz Slovensko a. s.;<br \/>\nProkuristka a&nbsp;riadite\u013eka<\/p>\n<p style=\"text-align: center;\">a Projektov\u00e1 mana\u017e\u00e9rka CSR<\/p>\n<p style=\"text-align: center;\">odboru vzdel\u00e1vania<\/p>\n<\/td>\n<\/tr>\n<tr>\n<td width=\"142\">Darina De Jaegher<\/td>\n<td width=\"217\">\n<p style=\"text-align: center;\">V\u00fdsledky priebe\u017en\u00e9ho pilotn\u00e9ho overovania programu FinQ<\/p>\n<\/td>\n<td width=\"302\">\n<p style=\"text-align: center;\">Nad\u00e1cia S\u013dSP,<\/p>\n<p style=\"text-align: center;\">Extern\u00e1 expertka Rady Eur\u00f3py, autorka a&nbsp;hlavn\u00e1 expertka programu FinQ<\/p>\n<\/td>\n<\/tr>\n<tr>\n<td width=\"142\">\n<p style=\"text-align: center;\">Ivana Studen\u00e1,<\/p>\n<p style=\"text-align: center;\">\u013dubica G\u00e1llov\u00e1<\/p>\n<\/td>\n<td width=\"217\">\n<p style=\"text-align: center;\">Finan\u010dn\u00e1 gramotnos\u0165 ako s\u00fa\u010das\u0165 z\u00e1kladn\u00fdch zru\u010dnost\u00ed<\/p>\n<\/td>\n<td width=\"302\">\n<p style=\"text-align: center;\">SAV;<\/p>\n<p style=\"text-align: center;\">Centrum spolo\u010densk\u00fdch a&nbsp;psychologick\u00fdch vied;<\/p>\n<p style=\"text-align: center;\">\u0160t\u00e1tny in\u0161tit\u00fat odborn\u00e9ho vzdel\u00e1vania;<\/p>\n<p style=\"text-align: center;\">N\u00e1mestn\u00ed\u010dka riadite\u013ea pre \u00fasek celo\u017eivotn\u00e9ho vzdel\u00e1vania<\/p>\n<\/td>\n<\/tr>\n<tr>\n<td width=\"142\">\n<p style=\"text-align: center;\">Jozef\u00edna \u017d\u00e1kov\u00e1<\/p>\n<\/td>\n<td width=\"217\">\n<p style=\"text-align: center;\">D\u00f4le\u017eitos\u0165 finan\u010dnej gramotnosti pre finan\u010dn\u00fd sektor<\/p>\n<\/td>\n<td width=\"302\">\n<p style=\"text-align: center;\">Predsedn\u00ed\u010dka Sektorovej rady BFSP<\/p>\n<\/td>\n<\/tr>\n<tr>\n<td width=\"142\">\n<p style=\"text-align: center;\">Monika Drinkov\u00e1<\/p>\n<\/td>\n<td width=\"217\">\n<p style=\"text-align: center;\">EPALE ako n\u00e1stroj na podporu vzdel\u00e1vania v&nbsp;oblasti finan\u010dnej gramotnosti dospel\u00fdch<\/p>\n<\/td>\n<td width=\"302\">\n<p style=\"text-align: center;\">\u0160t\u00e1tny in\u0161tit\u00fat odborn\u00e9ho vzdel\u00e1vania\/ EPALE &#8211; odborn\u00fd zamestnanec pre eur\u00f3pske politiky<\/p>\n<\/td>\n<\/tr>\n<tr>\n<td width=\"142\">\n<p style=\"text-align: center;\">Peter Kal\u010devsk\u00fd<\/p>\n<\/td>\n<td width=\"217\">\n<p style=\"text-align: center;\">Praktick\u00e1 finan\u010dn\u00e1 gramotnos\u0165 pre z\u00e1kladn\u00e9 a&nbsp;stredn\u00e9 \u0161koly<\/p>\n<\/td>\n<td width=\"302\">\n<p style=\"text-align: center;\">JA Slovensko, n.o.<\/p>\n<p style=\"text-align: center;\">Programov\u00fd riadite\u013e<\/p>\n<\/td>\n<\/tr>\n<tr>\n<td width=\"142\">\n<p style=\"text-align: center;\">Gabriela Horeck\u00e1<\/p>\n<\/td>\n<td width=\"217\">\n<p style=\"text-align: center;\">Quo Vadis finan\u010dn\u00e1 gramotnos\u0165 na Slovensku?<\/p>\n<\/td>\n<td width=\"302\">\n<p style=\"text-align: center;\">\u0160t\u00e1tny in\u0161tit\u00fat odborn\u00e9ho vzdel\u00e1vania;<\/p>\n<p style=\"text-align: center;\">Ved\u00faca odboru finan\u010dnej gramotnosti, SCCF a&nbsp;podpora smerovania ml\u00e1de\u017ee<\/p>\n<\/td>\n<\/tr>\n<\/tbody>\n<\/table>\n<p>&nbsp;<\/p>\n<p><a href=\"https:\/\/archiv.siov.sk\/wp-content\/uploads\/2020\/10\/ministerstvo-skolstva-sr.jpg\"><img decoding=\"async\" class=\"alignnone wp-image-6664\" src=\"https:\/\/archiv.siov.sk\/wp-content\/uploads\/2020\/10\/ministerstvo-skolstva-sr-300x110.jpg\" alt=\"Ministerstvo \u0161kolstva, vedy a v\u00fdskumu a \u0161portu Slovenskej republiky\" width=\"145\" height=\"53\" srcset=\"https:\/\/archiv.siov.sk\/wp-content\/uploads\/2020\/10\/ministerstvo-skolstva-sr-300x110.jpg 300w, https:\/\/archiv.siov.sk\/wp-content\/uploads\/2020\/10\/ministerstvo-skolstva-sr.jpg 317w\" sizes=\"(max-width: 145px) 100vw, 145px\" \/><\/a>&nbsp; &nbsp; &nbsp; <a href=\"https:\/\/archiv.siov.sk\/wp-content\/uploads\/2021\/02\/koordinator.jpg\"><img decoding=\"async\" class=\"alignnone size-full wp-image-7235\" src=\"https:\/\/archiv.siov.sk\/wp-content\/uploads\/2021\/02\/koordinator.jpg\" alt=\"\" width=\"120\" height=\"41\"><\/a>&nbsp; &nbsp; <a href=\"https:\/\/archiv.siov.sk\/wp-content\/uploads\/2021\/06\/logo-sek.rada_.png\"><img decoding=\"async\" class=\"alignnone wp-image-7981\" src=\"https:\/\/archiv.siov.sk\/wp-content\/uploads\/2021\/06\/logo-sek.rada_-300x116.png\" alt=\"\" width=\"155\" height=\"60\" srcset=\"https:\/\/archiv.siov.sk\/wp-content\/uploads\/2021\/06\/logo-sek.rada_-300x116.png 300w, https:\/\/archiv.siov.sk\/wp-content\/uploads\/2021\/06\/logo-sek.rada_-480x186.png 480w, https:\/\/archiv.siov.sk\/wp-content\/uploads\/2021\/06\/logo-sek.rada_.png 542w\" sizes=\"(max-width: 155px) 100vw, 155px\" \/><\/a>&nbsp; &nbsp; &nbsp;<a href=\"https:\/\/archiv.siov.sk\/wp-content\/uploads\/2021\/06\/logo-sek.rada_.png\">&nbsp;&nbsp;<\/a><a href=\"https:\/\/archiv.siov.sk\/wp-content\/uploads\/2021\/06\/logo-CVTI.png\"><img loading=\"lazy\" decoding=\"async\" class=\"alignnone wp-image-7982\" src=\"https:\/\/archiv.siov.sk\/wp-content\/uploads\/2021\/06\/logo-CVTI-300x300.png\" alt=\"\" width=\"81\" height=\"81\" srcset=\"https:\/\/archiv.siov.sk\/wp-content\/uploads\/2021\/06\/logo-CVTI-300x300.png 300w, https:\/\/archiv.siov.sk\/wp-content\/uploads\/2021\/06\/logo-CVTI-1022x1024.png 1022w, https:\/\/archiv.siov.sk\/wp-content\/uploads\/2021\/06\/logo-CVTI-150x150.png 150w, https:\/\/archiv.siov.sk\/wp-content\/uploads\/2021\/06\/logo-CVTI-768x769.png 768w, https:\/\/archiv.siov.sk\/wp-content\/uploads\/2021\/06\/logo-CVTI-1533x1536.png 1533w, https:\/\/archiv.siov.sk\/wp-content\/uploads\/2021\/06\/logo-CVTI-480x481.png 480w, https:\/\/archiv.siov.sk\/wp-content\/uploads\/2021\/06\/logo-CVTI.png 1810w\" sizes=\"(max-width: 81px) 100vw, 81px\" \/><\/a><\/p>","protected":false},"excerpt":{"rendered":"<p>Pr\u00ed\u010fte sa dozvedie\u0165 viac a diskutova\u0165 o&nbsp;mimoriadne aktu\u00e1lnej t\u00e9me finan\u010dnej gramotnosti 15. j\u00fana 2021 od 9:00-12:00 a od 13:00-15:00 na platform\u00e1ch MS Teams &nbsp;a YouTube.&nbsp; Na konferenciu sa m\u00f4\u017eete prihl\u00e1si\u0165 TU. Odkaz na prenos konferencie &#8211; https:\/\/youtu.be\/6PNIx33Nqyw Prostredn\u00edctvom pr\u00edspevkov mno\u017estva zauj\u00edmav\u00fdch re\u010dn\u00edkov sa zamysl\u00edme nad finan\u010dnou gramotnos\u0165ou na Slovensku a jej smerovan\u00edm. Snahu za\u010da\u0165 monitorova\u0165 [&hellip;]<\/p>\n","protected":false},"author":6,"featured_media":2380,"comment_status":"closed","ping_status":"closed","sticky":false,"template":"","format":"standard","meta":{"site-sidebar-layout":"default","site-content-layout":"","ast-site-content-layout":"default","site-content-style":"default","site-sidebar-style":"default","ast-global-header-display":"","ast-banner-title-visibility":"","ast-main-header-display":"","ast-hfb-above-header-display":"","ast-hfb-below-header-display":"","ast-hfb-mobile-header-display":"","site-post-title":"","ast-breadcrumbs-content":"","ast-featured-img":"","footer-sml-layout":"","ast-disable-related-posts":"","theme-transparent-header-meta":"","adv-header-id-meta":"","stick-header-meta":"","header-above-stick-meta":"","header-main-stick-meta":"","header-below-stick-meta":"","astra-migrate-meta-layouts":"default","ast-page-background-enabled":"default","ast-page-background-meta":{"desktop":{"background-color":"var(--ast-global-color-4)","background-image":"","background-repeat":"repeat","background-position":"center center","background-size":"auto","background-attachment":"scroll","background-type":"","background-media":"","overlay-type":"","overlay-color":"","overlay-opacity":"","overlay-gradient":""},"tablet":{"background-color":"","background-image":"","background-repeat":"repeat","background-position":"center center","background-size":"auto","background-attachment":"scroll","background-type":"","background-media":"","overlay-type":"","overlay-color":"","overlay-opacity":"","overlay-gradient":""},"mobile":{"background-color":"","background-image":"","background-repeat":"repeat","background-position":"center center","background-size":"auto","background-attachment":"scroll","background-type":"","background-media":"","overlay-type":"","overlay-color":"","overlay-opacity":"","overlay-gradient":""}},"ast-content-background-meta":{"desktop":{"background-color":"var(--ast-global-color-5)","background-image":"","background-repeat":"repeat","background-position":"center center","background-size":"auto","background-attachment":"scroll","background-type":"","background-media":"","overlay-type":"","overlay-color":"","overlay-opacity":"","overlay-gradient":""},"tablet":{"background-color":"var(--ast-global-color-5)","background-image":"","background-repeat":"repeat","background-position":"center center","background-size":"auto","background-attachment":"scroll","background-type":"","background-media":"","overlay-type":"","overlay-color":"","overlay-opacity":"","overlay-gradient":""},"mobile":{"background-color":"var(--ast-global-color-5)","background-image":"","background-repeat":"repeat","background-position":"center center","background-size":"auto","background-attachment":"scroll","background-type":"","background-media":"","overlay-type":"","overlay-color":"","overlay-opacity":"","overlay-gradient":""}},"footnotes":""},"categories":[1,9],"tags":[],"class_list":["post-7962","post","type-post","status-publish","format-standard","has-post-thumbnail","hentry","category-aktuality","category-aktuality-v-case-koronavirusu"],"yoast_head":"<!-- This site is optimized with the Yoast SEO plugin v27.5 - https:\/\/yoast.com\/product\/yoast-seo-wordpress\/ -->\n<title>Quo Vadis finan\u010dn\u00e1 gramotnos\u0165? - \u0160IOV - \u0161t\u00e1tny in\u0161tit\u00fat odborn\u00e9ho vzdel\u00e1vania<\/title>\n<meta name=\"robots\" content=\"index, follow, max-snippet:-1, max-image-preview:large, max-video-preview:-1\" \/>\n<link rel=\"canonical\" href=\"https:\/\/archiv.siov.sk\/en\/konferencia-quo-vadis-financna-gramotnost\/\" \/>\n<meta property=\"og:locale\" content=\"en_GB\" \/>\n<meta property=\"og:type\" content=\"article\" \/>\n<meta property=\"og:title\" content=\"Quo Vadis finan\u010dn\u00e1 gramotnos\u0165? - \u0160IOV - \u0161t\u00e1tny in\u0161tit\u00fat odborn\u00e9ho vzdel\u00e1vania\" \/>\n<meta property=\"og:description\" content=\"Pr\u00ed\u010fte sa dozvedie\u0165 viac a diskutova\u0165 o&nbsp;mimoriadne aktu\u00e1lnej t\u00e9me finan\u010dnej gramotnosti 15. j\u00fana 2021 od 9:00-12:00 a od 13:00-15:00 na platform\u00e1ch MS Teams &nbsp;a YouTube.&nbsp; Na konferenciu sa m\u00f4\u017eete prihl\u00e1si\u0165 TU. Odkaz na prenos konferencie &#8211; https:\/\/youtu.be\/6PNIx33Nqyw Prostredn\u00edctvom pr\u00edspevkov mno\u017estva zauj\u00edmav\u00fdch re\u010dn\u00edkov sa zamysl\u00edme nad finan\u010dnou gramotnos\u0165ou na Slovensku a jej smerovan\u00edm. Snahu za\u010da\u0165 monitorova\u0165 [&hellip;]\" \/>\n<meta property=\"og:url\" content=\"https:\/\/archiv.siov.sk\/en\/konferencia-quo-vadis-financna-gramotnost\/\" \/>\n<meta property=\"og:site_name\" content=\"\u0160IOV - \u0161t\u00e1tny in\u0161tit\u00fat odborn\u00e9ho vzdel\u00e1vania\" \/>\n<meta property=\"article:publisher\" content=\"https:\/\/www.facebook.com\/Statnyinstitutodbornehovzdelavania\" \/>\n<meta property=\"article:published_time\" content=\"2021-06-01T11:48:08+00:00\" \/>\n<meta property=\"article:modified_time\" content=\"2021-06-10T12:56:39+00:00\" \/>\n<meta property=\"og:image\" content=\"https:\/\/archiv.siov.sk\/wp-content\/uploads\/2019\/02\/top_program.jpg\" \/>\n\t<meta property=\"og:image:width\" content=\"1100\" \/>\n\t<meta property=\"og:image:height\" content=\"445\" \/>\n\t<meta property=\"og:image:type\" content=\"image\/jpeg\" \/>\n<meta name=\"author\" content=\"Katar\u00edna Kov\u00e1\u010dov\u00e1\" \/>\n<meta name=\"twitter:card\" content=\"summary_large_image\" \/>\n<meta name=\"twitter:label1\" content=\"Written by\" \/>\n\t<meta name=\"twitter:data1\" content=\"Katar\u00edna Kov\u00e1\u010dov\u00e1\" \/>\n\t<meta name=\"twitter:label2\" content=\"Estimated reading time\" \/>\n\t<meta name=\"twitter:data2\" content=\"3 minutes\" \/>\n<script type=\"application\/ld+json\" class=\"yoast-schema-graph\">{\"@context\":\"https:\\\/\\\/schema.org\",\"@graph\":[{\"@type\":\"Article\",\"@id\":\"https:\\\/\\\/archiv.siov.sk\\\/konferencia-quo-vadis-financna-gramotnost\\\/#article\",\"isPartOf\":{\"@id\":\"https:\\\/\\\/archiv.siov.sk\\\/konferencia-quo-vadis-financna-gramotnost\\\/\"},\"author\":{\"name\":\"Katar\u00edna Kov\u00e1\u010dov\u00e1\",\"@id\":\"https:\\\/\\\/archiv.siov.sk\\\/#\\\/schema\\\/person\\\/e42d633fbd958c6a726e8834d8965e6c\"},\"headline\":\"Quo Vadis finan\u010dn\u00e1 gramotnos\u0165?\",\"datePublished\":\"2021-06-01T11:48:08+00:00\",\"dateModified\":\"2021-06-10T12:56:39+00:00\",\"mainEntityOfPage\":{\"@id\":\"https:\\\/\\\/archiv.siov.sk\\\/konferencia-quo-vadis-financna-gramotnost\\\/\"},\"wordCount\":599,\"publisher\":{\"@id\":\"https:\\\/\\\/archiv.siov.sk\\\/#organization\"},\"image\":{\"@id\":\"https:\\\/\\\/archiv.siov.sk\\\/konferencia-quo-vadis-financna-gramotnost\\\/#primaryimage\"},\"thumbnailUrl\":\"https:\\\/\\\/archiv.siov.sk\\\/wp-content\\\/uploads\\\/2019\\\/02\\\/top_program.jpg\",\"articleSection\":[\"Aktuality\",\"Aktuality v \u010dase koronav\u00edrusu\"],\"inLanguage\":\"en-GB\"},{\"@type\":\"WebPage\",\"@id\":\"https:\\\/\\\/archiv.siov.sk\\\/konferencia-quo-vadis-financna-gramotnost\\\/\",\"url\":\"https:\\\/\\\/archiv.siov.sk\\\/konferencia-quo-vadis-financna-gramotnost\\\/\",\"name\":\"Quo Vadis finan\u010dn\u00e1 gramotnos\u0165? - \u0160IOV - \u0161t\u00e1tny in\u0161tit\u00fat odborn\u00e9ho vzdel\u00e1vania\",\"isPartOf\":{\"@id\":\"https:\\\/\\\/archiv.siov.sk\\\/#website\"},\"primaryImageOfPage\":{\"@id\":\"https:\\\/\\\/archiv.siov.sk\\\/konferencia-quo-vadis-financna-gramotnost\\\/#primaryimage\"},\"image\":{\"@id\":\"https:\\\/\\\/archiv.siov.sk\\\/konferencia-quo-vadis-financna-gramotnost\\\/#primaryimage\"},\"thumbnailUrl\":\"https:\\\/\\\/archiv.siov.sk\\\/wp-content\\\/uploads\\\/2019\\\/02\\\/top_program.jpg\",\"datePublished\":\"2021-06-01T11:48:08+00:00\",\"dateModified\":\"2021-06-10T12:56:39+00:00\",\"breadcrumb\":{\"@id\":\"https:\\\/\\\/archiv.siov.sk\\\/konferencia-quo-vadis-financna-gramotnost\\\/#breadcrumb\"},\"inLanguage\":\"en-GB\",\"potentialAction\":[{\"@type\":\"ReadAction\",\"target\":[\"https:\\\/\\\/archiv.siov.sk\\\/konferencia-quo-vadis-financna-gramotnost\\\/\"]}]},{\"@type\":\"ImageObject\",\"inLanguage\":\"en-GB\",\"@id\":\"https:\\\/\\\/archiv.siov.sk\\\/konferencia-quo-vadis-financna-gramotnost\\\/#primaryimage\",\"url\":\"https:\\\/\\\/archiv.siov.sk\\\/wp-content\\\/uploads\\\/2019\\\/02\\\/top_program.jpg\",\"contentUrl\":\"https:\\\/\\\/archiv.siov.sk\\\/wp-content\\\/uploads\\\/2019\\\/02\\\/top_program.jpg\",\"width\":1100,\"height\":445,\"caption\":\"\u0160tudenti z cel\u00e9ho Slovenska si zmeraj\u00fa svoje technick\u00e9 zru\u010dnosti na s\u00fa\u0165a\u017ei ZENIT\"},{\"@type\":\"BreadcrumbList\",\"@id\":\"https:\\\/\\\/archiv.siov.sk\\\/konferencia-quo-vadis-financna-gramotnost\\\/#breadcrumb\",\"itemListElement\":[{\"@type\":\"ListItem\",\"position\":1,\"name\":\"Home\",\"item\":\"https:\\\/\\\/archiv.siov.sk\\\/\"},{\"@type\":\"ListItem\",\"position\":2,\"name\":\"Quo Vadis finan\u010dn\u00e1 gramotnos\u0165?\"}]},{\"@type\":\"WebSite\",\"@id\":\"https:\\\/\\\/archiv.siov.sk\\\/#website\",\"url\":\"https:\\\/\\\/archiv.siov.sk\\\/\",\"name\":\"\u0160IOV - \u0161t\u00e1tny in\u0161tit\u00fat odborn\u00e9ho vzdel\u00e1vania\",\"description\":\"\",\"publisher\":{\"@id\":\"https:\\\/\\\/archiv.siov.sk\\\/#organization\"},\"potentialAction\":[{\"@type\":\"SearchAction\",\"target\":{\"@type\":\"EntryPoint\",\"urlTemplate\":\"https:\\\/\\\/archiv.siov.sk\\\/?s={search_term_string}\"},\"query-input\":{\"@type\":\"PropertyValueSpecification\",\"valueRequired\":true,\"valueName\":\"search_term_string\"}}],\"inLanguage\":\"en-GB\"},{\"@type\":\"Organization\",\"@id\":\"https:\\\/\\\/archiv.siov.sk\\\/#organization\",\"name\":\"\u0160IOV - \u0161t\u00e1tny in\u0161tit\u00fat odborn\u00e9ho vzdel\u00e1vania\",\"url\":\"https:\\\/\\\/archiv.siov.sk\\\/\",\"logo\":{\"@type\":\"ImageObject\",\"inLanguage\":\"en-GB\",\"@id\":\"https:\\\/\\\/archiv.siov.sk\\\/#\\\/schema\\\/logo\\\/image\\\/\",\"url\":\"https:\\\/\\\/archiv.siov.sk\\\/wp-content\\\/uploads\\\/2024\\\/02\\\/logo-SIOV.png\",\"contentUrl\":\"https:\\\/\\\/archiv.siov.sk\\\/wp-content\\\/uploads\\\/2024\\\/02\\\/logo-SIOV.png\",\"width\":431,\"height\":143,\"caption\":\"\u0160IOV - \u0161t\u00e1tny in\u0161tit\u00fat odborn\u00e9ho vzdel\u00e1vania\"},\"image\":{\"@id\":\"https:\\\/\\\/archiv.siov.sk\\\/#\\\/schema\\\/logo\\\/image\\\/\"},\"sameAs\":[\"https:\\\/\\\/www.facebook.com\\\/Statnyinstitutodbornehovzdelavania\"]},{\"@type\":\"Person\",\"@id\":\"https:\\\/\\\/archiv.siov.sk\\\/#\\\/schema\\\/person\\\/e42d633fbd958c6a726e8834d8965e6c\",\"name\":\"Katar\u00edna Kov\u00e1\u010dov\u00e1\",\"url\":\"https:\\\/\\\/archiv.siov.sk\\\/en\\\/author\\\/katkakovacova\\\/\"}]}<\/script>\n<!-- \/ Yoast SEO plugin. -->","yoast_head_json":{"title":"Quo Vadis finan\u010dn\u00e1 gramotnos\u0165? - \u0160IOV - \u0161t\u00e1tny in\u0161tit\u00fat odborn\u00e9ho vzdel\u00e1vania","robots":{"index":"index","follow":"follow","max-snippet":"max-snippet:-1","max-image-preview":"max-image-preview:large","max-video-preview":"max-video-preview:-1"},"canonical":"https:\/\/archiv.siov.sk\/en\/konferencia-quo-vadis-financna-gramotnost\/","og_locale":"en_GB","og_type":"article","og_title":"Quo Vadis finan\u010dn\u00e1 gramotnos\u0165? - \u0160IOV - \u0161t\u00e1tny in\u0161tit\u00fat odborn\u00e9ho vzdel\u00e1vania","og_description":"Pr\u00ed\u010fte sa dozvedie\u0165 viac a diskutova\u0165 o&nbsp;mimoriadne aktu\u00e1lnej t\u00e9me finan\u010dnej gramotnosti 15. j\u00fana 2021 od 9:00-12:00 a od 13:00-15:00 na platform\u00e1ch MS Teams &nbsp;a YouTube.&nbsp; Na konferenciu sa m\u00f4\u017eete prihl\u00e1si\u0165 TU. Odkaz na prenos konferencie &#8211; https:\/\/youtu.be\/6PNIx33Nqyw Prostredn\u00edctvom pr\u00edspevkov mno\u017estva zauj\u00edmav\u00fdch re\u010dn\u00edkov sa zamysl\u00edme nad finan\u010dnou gramotnos\u0165ou na Slovensku a jej smerovan\u00edm. Snahu za\u010da\u0165 monitorova\u0165 [&hellip;]","og_url":"https:\/\/archiv.siov.sk\/en\/konferencia-quo-vadis-financna-gramotnost\/","og_site_name":"\u0160IOV - \u0161t\u00e1tny in\u0161tit\u00fat odborn\u00e9ho vzdel\u00e1vania","article_publisher":"https:\/\/www.facebook.com\/Statnyinstitutodbornehovzdelavania","article_published_time":"2021-06-01T11:48:08+00:00","article_modified_time":"2021-06-10T12:56:39+00:00","og_image":[{"width":1100,"height":445,"url":"https:\/\/archiv.siov.sk\/wp-content\/uploads\/2019\/02\/top_program.jpg","type":"image\/jpeg"}],"author":"Katar\u00edna Kov\u00e1\u010dov\u00e1","twitter_card":"summary_large_image","twitter_misc":{"Written by":"Katar\u00edna Kov\u00e1\u010dov\u00e1","Estimated reading time":"3 minutes"},"schema":{"@context":"https:\/\/schema.org","@graph":[{"@type":"Article","@id":"https:\/\/archiv.siov.sk\/konferencia-quo-vadis-financna-gramotnost\/#article","isPartOf":{"@id":"https:\/\/archiv.siov.sk\/konferencia-quo-vadis-financna-gramotnost\/"},"author":{"name":"Katar\u00edna Kov\u00e1\u010dov\u00e1","@id":"https:\/\/archiv.siov.sk\/#\/schema\/person\/e42d633fbd958c6a726e8834d8965e6c"},"headline":"Quo Vadis finan\u010dn\u00e1 gramotnos\u0165?","datePublished":"2021-06-01T11:48:08+00:00","dateModified":"2021-06-10T12:56:39+00:00","mainEntityOfPage":{"@id":"https:\/\/archiv.siov.sk\/konferencia-quo-vadis-financna-gramotnost\/"},"wordCount":599,"publisher":{"@id":"https:\/\/archiv.siov.sk\/#organization"},"image":{"@id":"https:\/\/archiv.siov.sk\/konferencia-quo-vadis-financna-gramotnost\/#primaryimage"},"thumbnailUrl":"https:\/\/archiv.siov.sk\/wp-content\/uploads\/2019\/02\/top_program.jpg","articleSection":["Aktuality","Aktuality v \u010dase koronav\u00edrusu"],"inLanguage":"en-GB"},{"@type":"WebPage","@id":"https:\/\/archiv.siov.sk\/konferencia-quo-vadis-financna-gramotnost\/","url":"https:\/\/archiv.siov.sk\/konferencia-quo-vadis-financna-gramotnost\/","name":"Quo Vadis finan\u010dn\u00e1 gramotnos\u0165? - \u0160IOV - \u0161t\u00e1tny in\u0161tit\u00fat odborn\u00e9ho vzdel\u00e1vania","isPartOf":{"@id":"https:\/\/archiv.siov.sk\/#website"},"primaryImageOfPage":{"@id":"https:\/\/archiv.siov.sk\/konferencia-quo-vadis-financna-gramotnost\/#primaryimage"},"image":{"@id":"https:\/\/archiv.siov.sk\/konferencia-quo-vadis-financna-gramotnost\/#primaryimage"},"thumbnailUrl":"https:\/\/archiv.siov.sk\/wp-content\/uploads\/2019\/02\/top_program.jpg","datePublished":"2021-06-01T11:48:08+00:00","dateModified":"2021-06-10T12:56:39+00:00","breadcrumb":{"@id":"https:\/\/archiv.siov.sk\/konferencia-quo-vadis-financna-gramotnost\/#breadcrumb"},"inLanguage":"en-GB","potentialAction":[{"@type":"ReadAction","target":["https:\/\/archiv.siov.sk\/konferencia-quo-vadis-financna-gramotnost\/"]}]},{"@type":"ImageObject","inLanguage":"en-GB","@id":"https:\/\/archiv.siov.sk\/konferencia-quo-vadis-financna-gramotnost\/#primaryimage","url":"https:\/\/archiv.siov.sk\/wp-content\/uploads\/2019\/02\/top_program.jpg","contentUrl":"https:\/\/archiv.siov.sk\/wp-content\/uploads\/2019\/02\/top_program.jpg","width":1100,"height":445,"caption":"\u0160tudenti z cel\u00e9ho Slovenska si zmeraj\u00fa svoje technick\u00e9 zru\u010dnosti na s\u00fa\u0165a\u017ei ZENIT"},{"@type":"BreadcrumbList","@id":"https:\/\/archiv.siov.sk\/konferencia-quo-vadis-financna-gramotnost\/#breadcrumb","itemListElement":[{"@type":"ListItem","position":1,"name":"Home","item":"https:\/\/archiv.siov.sk\/"},{"@type":"ListItem","position":2,"name":"Quo Vadis finan\u010dn\u00e1 gramotnos\u0165?"}]},{"@type":"WebSite","@id":"https:\/\/archiv.siov.sk\/#website","url":"https:\/\/archiv.siov.sk\/","name":"\u0160IOV - \u0161t\u00e1tny in\u0161tit\u00fat odborn\u00e9ho vzdel\u00e1vania","description":"","publisher":{"@id":"https:\/\/archiv.siov.sk\/#organization"},"potentialAction":[{"@type":"SearchAction","target":{"@type":"EntryPoint","urlTemplate":"https:\/\/archiv.siov.sk\/?s={search_term_string}"},"query-input":{"@type":"PropertyValueSpecification","valueRequired":true,"valueName":"search_term_string"}}],"inLanguage":"en-GB"},{"@type":"Organization","@id":"https:\/\/archiv.siov.sk\/#organization","name":"\u0160IOV - \u0161t\u00e1tny in\u0161tit\u00fat odborn\u00e9ho vzdel\u00e1vania","url":"https:\/\/archiv.siov.sk\/","logo":{"@type":"ImageObject","inLanguage":"en-GB","@id":"https:\/\/archiv.siov.sk\/#\/schema\/logo\/image\/","url":"https:\/\/archiv.siov.sk\/wp-content\/uploads\/2024\/02\/logo-SIOV.png","contentUrl":"https:\/\/archiv.siov.sk\/wp-content\/uploads\/2024\/02\/logo-SIOV.png","width":431,"height":143,"caption":"\u0160IOV - \u0161t\u00e1tny in\u0161tit\u00fat odborn\u00e9ho vzdel\u00e1vania"},"image":{"@id":"https:\/\/archiv.siov.sk\/#\/schema\/logo\/image\/"},"sameAs":["https:\/\/www.facebook.com\/Statnyinstitutodbornehovzdelavania"]},{"@type":"Person","@id":"https:\/\/archiv.siov.sk\/#\/schema\/person\/e42d633fbd958c6a726e8834d8965e6c","name":"Katar\u00edna Kov\u00e1\u010dov\u00e1","url":"https:\/\/archiv.siov.sk\/en\/author\/katkakovacova\/"}]}},"_links":{"self":[{"href":"https:\/\/archiv.siov.sk\/en\/wp-json\/wp\/v2\/posts\/7962","targetHints":{"allow":["GET"]}}],"collection":[{"href":"https:\/\/archiv.siov.sk\/en\/wp-json\/wp\/v2\/posts"}],"about":[{"href":"https:\/\/archiv.siov.sk\/en\/wp-json\/wp\/v2\/types\/post"}],"author":[{"embeddable":true,"href":"https:\/\/archiv.siov.sk\/en\/wp-json\/wp\/v2\/users\/6"}],"replies":[{"embeddable":true,"href":"https:\/\/archiv.siov.sk\/en\/wp-json\/wp\/v2\/comments?post=7962"}],"version-history":[{"count":13,"href":"https:\/\/archiv.siov.sk\/en\/wp-json\/wp\/v2\/posts\/7962\/revisions"}],"predecessor-version":[{"id":7996,"href":"https:\/\/archiv.siov.sk\/en\/wp-json\/wp\/v2\/posts\/7962\/revisions\/7996"}],"wp:featuredmedia":[{"embeddable":true,"href":"https:\/\/archiv.siov.sk\/en\/wp-json\/wp\/v2\/media\/2380"}],"wp:attachment":[{"href":"https:\/\/archiv.siov.sk\/en\/wp-json\/wp\/v2\/media?parent=7962"}],"wp:term":[{"taxonomy":"category","embeddable":true,"href":"https:\/\/archiv.siov.sk\/en\/wp-json\/wp\/v2\/categories?post=7962"},{"taxonomy":"post_tag","embeddable":true,"href":"https:\/\/archiv.siov.sk\/en\/wp-json\/wp\/v2\/tags?post=7962"}],"curies":[{"name":"wp","href":"https:\/\/api.w.org\/{rel}","templated":true}]}}