{"id":7953,"date":"2021-05-31T12:26:38","date_gmt":"2021-05-31T10:26:38","guid":{"rendered":"https:\/\/archiv.siov.sk\/?p=7953"},"modified":"2021-05-31T12:28:07","modified_gmt":"2021-05-31T10:28:07","slug":"narodne-centrum-europass-slovensko-spustilo-seriu-workshopov","status":"publish","type":"post","link":"https:\/\/archiv.siov.sk\/en\/narodne-centrum-europass-slovensko-spustilo-seriu-workshopov\/","title":{"rendered":"N\u00e1rodn\u00e9 Centrum Europass Slovensko spustilo s\u00e9riu workshopov"},"content":{"rendered":"<p style=\"text-align: center;\"><em>Foto: Workshop pre \u017eiakov, Zdroj: \u0160IOV<\/em><\/p>\n<p>&nbsp;<\/p>\n<p style=\"text-align: left;\"><strong>Viac ne\u017e sto \u017eiakov sa v&nbsp;uplynul\u00fdch dvoch mesiacoch z\u00fa\u010dastnilo prv\u00fdch workshopov zameran\u00fdch na praktick\u00e9 a&nbsp;kreat\u00edvne \u00falohy, ktor\u00fdch cie\u013eom je v\u017ei\u0165 sa do roly zamestn\u00e1vate\u013ea. S&nbsp;iniciat\u00edvou pripravi\u0165 \u017eiakov a&nbsp;\u0161tudentov na bud\u00faci pracovn\u00fd \u017eivot pri\u0161lo N\u00e1rodn\u00e9 Centrum Europass Slovensko.<\/strong><\/p>\n<p style=\"text-align: left;\">Cie\u013eom \u0161tyridsa\u0165p\u00e4\u0165 \u010di dev\u00e4\u0165desiatmin\u00fatov\u00fdch workshopov pre \u017eiakov kon\u010diacich ro\u010dn\u00edkov v&nbsp;Bratislave a&nbsp;v&nbsp;Ko\u0161iciach, bolo sprostredkovanie inform\u00e1ci\u00ed, zv\u00fd\u0161enie povedomia o platforme <a href=\"http:\/\/www.europass.eu\">www.europass.eu<\/a>, ako aj pochopenie a vyu\u017e\u00edvanie modern\u00fdch n\u00e1strojov na podporu celo\u017eivotn\u00e9ho vzdel\u00e1vania.<\/p>\n<p style=\"text-align: left;\">Pomocou praktick\u00fdch a kreat\u00edvnych \u00faloh mohli spozna\u0165 v\u00fdznam a v\u00fdhody Europass \u017eivotopisu s d\u00f4razom na jeho bud\u00face vyu\u017eitie pri snahe zmysluplne sa uplatni\u0165 na trhu pr\u00e1ce.<\/p>\n<p style=\"text-align: left;\">Workshopov sa z\u00fa\u010dastnilo v&nbsp;mesiaci apr\u00edl a m\u00e1j spolu 117 \u017eiakov, ktor\u00ed sa v\u017e\u00edvali do role zamestn\u00e1vate\u013eov a zamestn\u00e1vateliek a spolo\u010dne rozhodovali o v\u00fdbere vhodn\u00fdch adeptov na pracovn\u00fa poz\u00edciu. Diskutovali tie\u017e o vlastnostiach a z\u00e1ujmoch, ktor\u00e9 ich m\u00f4\u017eu odl\u00ed\u0161i\u0165 od ostatn\u00fdch uch\u00e1dza\u010dov vo svete pr\u00e1ce.<\/p>\n<p style=\"text-align: left;\">\u010eal\u0161\u00ed workshop je napl\u00e1novan\u00fd v j\u00fani na z\u00e1kladnej \u0161kole v&nbsp;Pie\u0161\u0165anoch a&nbsp;na jese\u0148 sa pripravuj\u00fa workshopy u\u017e aj na stredn\u00fdch a&nbsp;vysok\u00fdch \u0161kol\u00e1ch. V&nbsp;pr\u00edpade z\u00e1ujmu o&nbsp;zorganizovanie podobn\u00fdch workshopov m\u00f4\u017eu \u0161koly kontaktova\u0165 N\u00e1rodn\u00e9 Centrum Europass Slovensko emailom na: <a href=\"mailto:europass@siov.sk\">europass@siov.sk<\/a>.<\/p>","protected":false},"excerpt":{"rendered":"<p>Foto: Workshop pre \u017eiakov, Zdroj: \u0160IOV &nbsp; Viac ne\u017e sto \u017eiakov sa v&nbsp;uplynul\u00fdch dvoch mesiacoch z\u00fa\u010dastnilo prv\u00fdch workshopov zameran\u00fdch na praktick\u00e9 a&nbsp;kreat\u00edvne \u00falohy, ktor\u00fdch cie\u013eom je v\u017ei\u0165 sa do roly zamestn\u00e1vate\u013ea. S&nbsp;iniciat\u00edvou pripravi\u0165 \u017eiakov a&nbsp;\u0161tudentov na bud\u00faci pracovn\u00fd \u017eivot pri\u0161lo N\u00e1rodn\u00e9 Centrum Europass Slovensko. Cie\u013eom \u0161tyridsa\u0165p\u00e4\u0165 \u010di dev\u00e4\u0165desiatmin\u00fatov\u00fdch workshopov pre \u017eiakov kon\u010diacich ro\u010dn\u00edkov v&nbsp;Bratislave a&nbsp;v&nbsp;Ko\u0161iciach, [&hellip;]<\/p>\n","protected":false},"author":6,"featured_media":7957,"comment_status":"closed","ping_status":"closed","sticky":false,"template":"","format":"standard","meta":{"site-sidebar-layout":"default","site-content-layout":"","ast-site-content-layout":"default","site-content-style":"default","site-sidebar-style":"default","ast-global-header-display":"","ast-banner-title-visibility":"","ast-main-header-display":"","ast-hfb-above-header-display":"","ast-hfb-below-header-display":"","ast-hfb-mobile-header-display":"","site-post-title":"","ast-breadcrumbs-content":"","ast-featured-img":"","footer-sml-layout":"","ast-disable-related-posts":"","theme-transparent-header-meta":"","adv-header-id-meta":"","stick-header-meta":"","header-above-stick-meta":"","header-main-stick-meta":"","header-below-stick-meta":"","astra-migrate-meta-layouts":"default","ast-page-background-enabled":"default","ast-page-background-meta":{"desktop":{"background-color":"var(--ast-global-color-4)","background-image":"","background-repeat":"repeat","background-position":"center center","background-size":"auto","background-attachment":"scroll","background-type":"","background-media":"","overlay-type":"","overlay-color":"","overlay-opacity":"","overlay-gradient":""},"tablet":{"background-color":"","background-image":"","background-repeat":"repeat","background-position":"center center","background-size":"auto","background-attachment":"scroll","background-type":"","background-media":"","overlay-type":"","overlay-color":"","overlay-opacity":"","overlay-gradient":""},"mobile":{"background-color":"","background-image":"","background-repeat":"repeat","background-position":"center center","background-size":"auto","background-attachment":"scroll","background-type":"","background-media":"","overlay-type":"","overlay-color":"","overlay-opacity":"","overlay-gradient":""}},"ast-content-background-meta":{"desktop":{"background-color":"var(--ast-global-color-5)","background-image":"","background-repeat":"repeat","background-position":"center center","background-size":"auto","background-attachment":"scroll","background-type":"","background-media":"","overlay-type":"","overlay-color":"","overlay-opacity":"","overlay-gradient":""},"tablet":{"background-color":"var(--ast-global-color-5)","background-image":"","background-repeat":"repeat","background-position":"center center","background-size":"auto","background-attachment":"scroll","background-type":"","background-media":"","overlay-type":"","overlay-color":"","overlay-opacity":"","overlay-gradient":""},"mobile":{"background-color":"var(--ast-global-color-5)","background-image":"","background-repeat":"repeat","background-position":"center center","background-size":"auto","background-attachment":"scroll","background-type":"","background-media":"","overlay-type":"","overlay-color":"","overlay-opacity":"","overlay-gradient":""}},"footnotes":""},"categories":[1,9],"tags":[],"class_list":["post-7953","post","type-post","status-publish","format-standard","has-post-thumbnail","hentry","category-aktuality","category-aktuality-v-case-koronavirusu"],"yoast_head":"<!-- This site is optimized with the Yoast SEO plugin v27.5 - https:\/\/yoast.com\/product\/yoast-seo-wordpress\/ -->\n<title>N\u00e1rodn\u00e9 Centrum Europass Slovensko spustilo s\u00e9riu workshopov - \u0160IOV - \u0161t\u00e1tny in\u0161tit\u00fat odborn\u00e9ho vzdel\u00e1vania<\/title>\n<meta name=\"robots\" content=\"index, follow, max-snippet:-1, max-image-preview:large, max-video-preview:-1\" \/>\n<link rel=\"canonical\" href=\"https:\/\/archiv.siov.sk\/en\/narodne-centrum-europass-slovensko-spustilo-seriu-workshopov\/\" \/>\n<meta property=\"og:locale\" content=\"en_GB\" \/>\n<meta property=\"og:type\" content=\"article\" \/>\n<meta property=\"og:title\" content=\"N\u00e1rodn\u00e9 Centrum Europass Slovensko spustilo s\u00e9riu workshopov - \u0160IOV - \u0161t\u00e1tny in\u0161tit\u00fat odborn\u00e9ho vzdel\u00e1vania\" \/>\n<meta property=\"og:description\" content=\"Foto: Workshop pre \u017eiakov, Zdroj: \u0160IOV &nbsp; Viac ne\u017e sto \u017eiakov sa v&nbsp;uplynul\u00fdch dvoch mesiacoch z\u00fa\u010dastnilo prv\u00fdch workshopov zameran\u00fdch na praktick\u00e9 a&nbsp;kreat\u00edvne \u00falohy, ktor\u00fdch cie\u013eom je v\u017ei\u0165 sa do roly zamestn\u00e1vate\u013ea. S&nbsp;iniciat\u00edvou pripravi\u0165 \u017eiakov a&nbsp;\u0161tudentov na bud\u00faci pracovn\u00fd \u017eivot pri\u0161lo N\u00e1rodn\u00e9 Centrum Europass Slovensko. Cie\u013eom \u0161tyridsa\u0165p\u00e4\u0165 \u010di dev\u00e4\u0165desiatmin\u00fatov\u00fdch workshopov pre \u017eiakov kon\u010diacich ro\u010dn\u00edkov v&nbsp;Bratislave a&nbsp;v&nbsp;Ko\u0161iciach, [&hellip;]\" \/>\n<meta property=\"og:url\" content=\"https:\/\/archiv.siov.sk\/en\/narodne-centrum-europass-slovensko-spustilo-seriu-workshopov\/\" \/>\n<meta property=\"og:site_name\" content=\"\u0160IOV - \u0161t\u00e1tny in\u0161tit\u00fat odborn\u00e9ho vzdel\u00e1vania\" \/>\n<meta property=\"article:publisher\" content=\"https:\/\/www.facebook.com\/Statnyinstitutodbornehovzdelavania\" \/>\n<meta property=\"article:published_time\" content=\"2021-05-31T10:26:38+00:00\" \/>\n<meta property=\"article:modified_time\" content=\"2021-05-31T10:28:07+00:00\" \/>\n<meta property=\"og:image\" content=\"https:\/\/archiv.siov.sk\/wp-content\/uploads\/2021\/05\/EUROPASS_workshopy-e1622456782250.jpg\" \/>\n\t<meta property=\"og:image:width\" content=\"550\" \/>\n\t<meta property=\"og:image:height\" content=\"391\" \/>\n\t<meta property=\"og:image:type\" content=\"image\/jpeg\" \/>\n<meta name=\"author\" content=\"Katar\u00edna Kov\u00e1\u010dov\u00e1\" \/>\n<meta name=\"twitter:card\" content=\"summary_large_image\" \/>\n<meta name=\"twitter:label1\" content=\"Written by\" \/>\n\t<meta name=\"twitter:data1\" content=\"Katar\u00edna Kov\u00e1\u010dov\u00e1\" \/>\n\t<meta name=\"twitter:label2\" content=\"Estimated reading time\" \/>\n\t<meta name=\"twitter:data2\" content=\"1 minute\" \/>\n<script type=\"application\/ld+json\" class=\"yoast-schema-graph\">{\"@context\":\"https:\\\/\\\/schema.org\",\"@graph\":[{\"@type\":\"Article\",\"@id\":\"https:\\\/\\\/archiv.siov.sk\\\/narodne-centrum-europass-slovensko-spustilo-seriu-workshopov\\\/#article\",\"isPartOf\":{\"@id\":\"https:\\\/\\\/archiv.siov.sk\\\/narodne-centrum-europass-slovensko-spustilo-seriu-workshopov\\\/\"},\"author\":{\"name\":\"Katar\u00edna Kov\u00e1\u010dov\u00e1\",\"@id\":\"https:\\\/\\\/archiv.siov.sk\\\/#\\\/schema\\\/person\\\/e42d633fbd958c6a726e8834d8965e6c\"},\"headline\":\"N\u00e1rodn\u00e9 Centrum Europass Slovensko spustilo s\u00e9riu workshopov\",\"datePublished\":\"2021-05-31T10:26:38+00:00\",\"dateModified\":\"2021-05-31T10:28:07+00:00\",\"mainEntityOfPage\":{\"@id\":\"https:\\\/\\\/archiv.siov.sk\\\/narodne-centrum-europass-slovensko-spustilo-seriu-workshopov\\\/\"},\"wordCount\":287,\"publisher\":{\"@id\":\"https:\\\/\\\/archiv.siov.sk\\\/#organization\"},\"image\":{\"@id\":\"https:\\\/\\\/archiv.siov.sk\\\/narodne-centrum-europass-slovensko-spustilo-seriu-workshopov\\\/#primaryimage\"},\"thumbnailUrl\":\"https:\\\/\\\/archiv.siov.sk\\\/wp-content\\\/uploads\\\/2021\\\/05\\\/EUROPASS_workshopy-e1622456782250.jpg\",\"articleSection\":[\"Aktuality\",\"Aktuality v \u010dase koronav\u00edrusu\"],\"inLanguage\":\"en-GB\"},{\"@type\":\"WebPage\",\"@id\":\"https:\\\/\\\/archiv.siov.sk\\\/narodne-centrum-europass-slovensko-spustilo-seriu-workshopov\\\/\",\"url\":\"https:\\\/\\\/archiv.siov.sk\\\/narodne-centrum-europass-slovensko-spustilo-seriu-workshopov\\\/\",\"name\":\"N\u00e1rodn\u00e9 Centrum Europass Slovensko spustilo s\u00e9riu workshopov - \u0160IOV - \u0161t\u00e1tny in\u0161tit\u00fat odborn\u00e9ho vzdel\u00e1vania\",\"isPartOf\":{\"@id\":\"https:\\\/\\\/archiv.siov.sk\\\/#website\"},\"primaryImageOfPage\":{\"@id\":\"https:\\\/\\\/archiv.siov.sk\\\/narodne-centrum-europass-slovensko-spustilo-seriu-workshopov\\\/#primaryimage\"},\"image\":{\"@id\":\"https:\\\/\\\/archiv.siov.sk\\\/narodne-centrum-europass-slovensko-spustilo-seriu-workshopov\\\/#primaryimage\"},\"thumbnailUrl\":\"https:\\\/\\\/archiv.siov.sk\\\/wp-content\\\/uploads\\\/2021\\\/05\\\/EUROPASS_workshopy-e1622456782250.jpg\",\"datePublished\":\"2021-05-31T10:26:38+00:00\",\"dateModified\":\"2021-05-31T10:28:07+00:00\",\"breadcrumb\":{\"@id\":\"https:\\\/\\\/archiv.siov.sk\\\/narodne-centrum-europass-slovensko-spustilo-seriu-workshopov\\\/#breadcrumb\"},\"inLanguage\":\"en-GB\",\"potentialAction\":[{\"@type\":\"ReadAction\",\"target\":[\"https:\\\/\\\/archiv.siov.sk\\\/narodne-centrum-europass-slovensko-spustilo-seriu-workshopov\\\/\"]}]},{\"@type\":\"ImageObject\",\"inLanguage\":\"en-GB\",\"@id\":\"https:\\\/\\\/archiv.siov.sk\\\/narodne-centrum-europass-slovensko-spustilo-seriu-workshopov\\\/#primaryimage\",\"url\":\"https:\\\/\\\/archiv.siov.sk\\\/wp-content\\\/uploads\\\/2021\\\/05\\\/EUROPASS_workshopy-e1622456782250.jpg\",\"contentUrl\":\"https:\\\/\\\/archiv.siov.sk\\\/wp-content\\\/uploads\\\/2021\\\/05\\\/EUROPASS_workshopy-e1622456782250.jpg\",\"width\":550,\"height\":391},{\"@type\":\"BreadcrumbList\",\"@id\":\"https:\\\/\\\/archiv.siov.sk\\\/narodne-centrum-europass-slovensko-spustilo-seriu-workshopov\\\/#breadcrumb\",\"itemListElement\":[{\"@type\":\"ListItem\",\"position\":1,\"name\":\"Home\",\"item\":\"https:\\\/\\\/archiv.siov.sk\\\/\"},{\"@type\":\"ListItem\",\"position\":2,\"name\":\"N\u00e1rodn\u00e9 Centrum Europass Slovensko spustilo s\u00e9riu workshopov\"}]},{\"@type\":\"WebSite\",\"@id\":\"https:\\\/\\\/archiv.siov.sk\\\/#website\",\"url\":\"https:\\\/\\\/archiv.siov.sk\\\/\",\"name\":\"\u0160IOV - \u0161t\u00e1tny in\u0161tit\u00fat odborn\u00e9ho vzdel\u00e1vania\",\"description\":\"\",\"publisher\":{\"@id\":\"https:\\\/\\\/archiv.siov.sk\\\/#organization\"},\"potentialAction\":[{\"@type\":\"SearchAction\",\"target\":{\"@type\":\"EntryPoint\",\"urlTemplate\":\"https:\\\/\\\/archiv.siov.sk\\\/?s={search_term_string}\"},\"query-input\":{\"@type\":\"PropertyValueSpecification\",\"valueRequired\":true,\"valueName\":\"search_term_string\"}}],\"inLanguage\":\"en-GB\"},{\"@type\":\"Organization\",\"@id\":\"https:\\\/\\\/archiv.siov.sk\\\/#organization\",\"name\":\"\u0160IOV - \u0161t\u00e1tny in\u0161tit\u00fat odborn\u00e9ho vzdel\u00e1vania\",\"url\":\"https:\\\/\\\/archiv.siov.sk\\\/\",\"logo\":{\"@type\":\"ImageObject\",\"inLanguage\":\"en-GB\",\"@id\":\"https:\\\/\\\/archiv.siov.sk\\\/#\\\/schema\\\/logo\\\/image\\\/\",\"url\":\"https:\\\/\\\/archiv.siov.sk\\\/wp-content\\\/uploads\\\/2024\\\/02\\\/logo-SIOV.png\",\"contentUrl\":\"https:\\\/\\\/archiv.siov.sk\\\/wp-content\\\/uploads\\\/2024\\\/02\\\/logo-SIOV.png\",\"width\":431,\"height\":143,\"caption\":\"\u0160IOV - \u0161t\u00e1tny in\u0161tit\u00fat odborn\u00e9ho vzdel\u00e1vania\"},\"image\":{\"@id\":\"https:\\\/\\\/archiv.siov.sk\\\/#\\\/schema\\\/logo\\\/image\\\/\"},\"sameAs\":[\"https:\\\/\\\/www.facebook.com\\\/Statnyinstitutodbornehovzdelavania\"]},{\"@type\":\"Person\",\"@id\":\"https:\\\/\\\/archiv.siov.sk\\\/#\\\/schema\\\/person\\\/e42d633fbd958c6a726e8834d8965e6c\",\"name\":\"Katar\u00edna Kov\u00e1\u010dov\u00e1\",\"url\":\"https:\\\/\\\/archiv.siov.sk\\\/en\\\/author\\\/katkakovacova\\\/\"}]}<\/script>\n<!-- \/ Yoast SEO plugin. -->","yoast_head_json":{"title":"N\u00e1rodn\u00e9 Centrum Europass Slovensko spustilo s\u00e9riu workshopov - \u0160IOV - \u0161t\u00e1tny in\u0161tit\u00fat odborn\u00e9ho vzdel\u00e1vania","robots":{"index":"index","follow":"follow","max-snippet":"max-snippet:-1","max-image-preview":"max-image-preview:large","max-video-preview":"max-video-preview:-1"},"canonical":"https:\/\/archiv.siov.sk\/en\/narodne-centrum-europass-slovensko-spustilo-seriu-workshopov\/","og_locale":"en_GB","og_type":"article","og_title":"N\u00e1rodn\u00e9 Centrum Europass Slovensko spustilo s\u00e9riu workshopov - \u0160IOV - \u0161t\u00e1tny in\u0161tit\u00fat odborn\u00e9ho vzdel\u00e1vania","og_description":"Foto: Workshop pre \u017eiakov, Zdroj: \u0160IOV &nbsp; Viac ne\u017e sto \u017eiakov sa v&nbsp;uplynul\u00fdch dvoch mesiacoch z\u00fa\u010dastnilo prv\u00fdch workshopov zameran\u00fdch na praktick\u00e9 a&nbsp;kreat\u00edvne \u00falohy, ktor\u00fdch cie\u013eom je v\u017ei\u0165 sa do roly zamestn\u00e1vate\u013ea. S&nbsp;iniciat\u00edvou pripravi\u0165 \u017eiakov a&nbsp;\u0161tudentov na bud\u00faci pracovn\u00fd \u017eivot pri\u0161lo N\u00e1rodn\u00e9 Centrum Europass Slovensko. Cie\u013eom \u0161tyridsa\u0165p\u00e4\u0165 \u010di dev\u00e4\u0165desiatmin\u00fatov\u00fdch workshopov pre \u017eiakov kon\u010diacich ro\u010dn\u00edkov v&nbsp;Bratislave a&nbsp;v&nbsp;Ko\u0161iciach, [&hellip;]","og_url":"https:\/\/archiv.siov.sk\/en\/narodne-centrum-europass-slovensko-spustilo-seriu-workshopov\/","og_site_name":"\u0160IOV - \u0161t\u00e1tny in\u0161tit\u00fat odborn\u00e9ho vzdel\u00e1vania","article_publisher":"https:\/\/www.facebook.com\/Statnyinstitutodbornehovzdelavania","article_published_time":"2021-05-31T10:26:38+00:00","article_modified_time":"2021-05-31T10:28:07+00:00","og_image":[{"width":550,"height":391,"url":"https:\/\/archiv.siov.sk\/wp-content\/uploads\/2021\/05\/EUROPASS_workshopy-e1622456782250.jpg","type":"image\/jpeg"}],"author":"Katar\u00edna Kov\u00e1\u010dov\u00e1","twitter_card":"summary_large_image","twitter_misc":{"Written by":"Katar\u00edna Kov\u00e1\u010dov\u00e1","Estimated reading time":"1 minute"},"schema":{"@context":"https:\/\/schema.org","@graph":[{"@type":"Article","@id":"https:\/\/archiv.siov.sk\/narodne-centrum-europass-slovensko-spustilo-seriu-workshopov\/#article","isPartOf":{"@id":"https:\/\/archiv.siov.sk\/narodne-centrum-europass-slovensko-spustilo-seriu-workshopov\/"},"author":{"name":"Katar\u00edna Kov\u00e1\u010dov\u00e1","@id":"https:\/\/archiv.siov.sk\/#\/schema\/person\/e42d633fbd958c6a726e8834d8965e6c"},"headline":"N\u00e1rodn\u00e9 Centrum Europass Slovensko spustilo s\u00e9riu workshopov","datePublished":"2021-05-31T10:26:38+00:00","dateModified":"2021-05-31T10:28:07+00:00","mainEntityOfPage":{"@id":"https:\/\/archiv.siov.sk\/narodne-centrum-europass-slovensko-spustilo-seriu-workshopov\/"},"wordCount":287,"publisher":{"@id":"https:\/\/archiv.siov.sk\/#organization"},"image":{"@id":"https:\/\/archiv.siov.sk\/narodne-centrum-europass-slovensko-spustilo-seriu-workshopov\/#primaryimage"},"thumbnailUrl":"https:\/\/archiv.siov.sk\/wp-content\/uploads\/2021\/05\/EUROPASS_workshopy-e1622456782250.jpg","articleSection":["Aktuality","Aktuality v \u010dase koronav\u00edrusu"],"inLanguage":"en-GB"},{"@type":"WebPage","@id":"https:\/\/archiv.siov.sk\/narodne-centrum-europass-slovensko-spustilo-seriu-workshopov\/","url":"https:\/\/archiv.siov.sk\/narodne-centrum-europass-slovensko-spustilo-seriu-workshopov\/","name":"N\u00e1rodn\u00e9 Centrum Europass Slovensko spustilo s\u00e9riu workshopov - \u0160IOV - \u0161t\u00e1tny in\u0161tit\u00fat odborn\u00e9ho vzdel\u00e1vania","isPartOf":{"@id":"https:\/\/archiv.siov.sk\/#website"},"primaryImageOfPage":{"@id":"https:\/\/archiv.siov.sk\/narodne-centrum-europass-slovensko-spustilo-seriu-workshopov\/#primaryimage"},"image":{"@id":"https:\/\/archiv.siov.sk\/narodne-centrum-europass-slovensko-spustilo-seriu-workshopov\/#primaryimage"},"thumbnailUrl":"https:\/\/archiv.siov.sk\/wp-content\/uploads\/2021\/05\/EUROPASS_workshopy-e1622456782250.jpg","datePublished":"2021-05-31T10:26:38+00:00","dateModified":"2021-05-31T10:28:07+00:00","breadcrumb":{"@id":"https:\/\/archiv.siov.sk\/narodne-centrum-europass-slovensko-spustilo-seriu-workshopov\/#breadcrumb"},"inLanguage":"en-GB","potentialAction":[{"@type":"ReadAction","target":["https:\/\/archiv.siov.sk\/narodne-centrum-europass-slovensko-spustilo-seriu-workshopov\/"]}]},{"@type":"ImageObject","inLanguage":"en-GB","@id":"https:\/\/archiv.siov.sk\/narodne-centrum-europass-slovensko-spustilo-seriu-workshopov\/#primaryimage","url":"https:\/\/archiv.siov.sk\/wp-content\/uploads\/2021\/05\/EUROPASS_workshopy-e1622456782250.jpg","contentUrl":"https:\/\/archiv.siov.sk\/wp-content\/uploads\/2021\/05\/EUROPASS_workshopy-e1622456782250.jpg","width":550,"height":391},{"@type":"BreadcrumbList","@id":"https:\/\/archiv.siov.sk\/narodne-centrum-europass-slovensko-spustilo-seriu-workshopov\/#breadcrumb","itemListElement":[{"@type":"ListItem","position":1,"name":"Home","item":"https:\/\/archiv.siov.sk\/"},{"@type":"ListItem","position":2,"name":"N\u00e1rodn\u00e9 Centrum Europass Slovensko spustilo s\u00e9riu workshopov"}]},{"@type":"WebSite","@id":"https:\/\/archiv.siov.sk\/#website","url":"https:\/\/archiv.siov.sk\/","name":"\u0160IOV - \u0161t\u00e1tny in\u0161tit\u00fat odborn\u00e9ho vzdel\u00e1vania","description":"","publisher":{"@id":"https:\/\/archiv.siov.sk\/#organization"},"potentialAction":[{"@type":"SearchAction","target":{"@type":"EntryPoint","urlTemplate":"https:\/\/archiv.siov.sk\/?s={search_term_string}"},"query-input":{"@type":"PropertyValueSpecification","valueRequired":true,"valueName":"search_term_string"}}],"inLanguage":"en-GB"},{"@type":"Organization","@id":"https:\/\/archiv.siov.sk\/#organization","name":"\u0160IOV - \u0161t\u00e1tny in\u0161tit\u00fat odborn\u00e9ho vzdel\u00e1vania","url":"https:\/\/archiv.siov.sk\/","logo":{"@type":"ImageObject","inLanguage":"en-GB","@id":"https:\/\/archiv.siov.sk\/#\/schema\/logo\/image\/","url":"https:\/\/archiv.siov.sk\/wp-content\/uploads\/2024\/02\/logo-SIOV.png","contentUrl":"https:\/\/archiv.siov.sk\/wp-content\/uploads\/2024\/02\/logo-SIOV.png","width":431,"height":143,"caption":"\u0160IOV - \u0161t\u00e1tny in\u0161tit\u00fat odborn\u00e9ho vzdel\u00e1vania"},"image":{"@id":"https:\/\/archiv.siov.sk\/#\/schema\/logo\/image\/"},"sameAs":["https:\/\/www.facebook.com\/Statnyinstitutodbornehovzdelavania"]},{"@type":"Person","@id":"https:\/\/archiv.siov.sk\/#\/schema\/person\/e42d633fbd958c6a726e8834d8965e6c","name":"Katar\u00edna Kov\u00e1\u010dov\u00e1","url":"https:\/\/archiv.siov.sk\/en\/author\/katkakovacova\/"}]}},"_links":{"self":[{"href":"https:\/\/archiv.siov.sk\/en\/wp-json\/wp\/v2\/posts\/7953","targetHints":{"allow":["GET"]}}],"collection":[{"href":"https:\/\/archiv.siov.sk\/en\/wp-json\/wp\/v2\/posts"}],"about":[{"href":"https:\/\/archiv.siov.sk\/en\/wp-json\/wp\/v2\/types\/post"}],"author":[{"embeddable":true,"href":"https:\/\/archiv.siov.sk\/en\/wp-json\/wp\/v2\/users\/6"}],"replies":[{"embeddable":true,"href":"https:\/\/archiv.siov.sk\/en\/wp-json\/wp\/v2\/comments?post=7953"}],"version-history":[{"count":2,"href":"https:\/\/archiv.siov.sk\/en\/wp-json\/wp\/v2\/posts\/7953\/revisions"}],"predecessor-version":[{"id":7959,"href":"https:\/\/archiv.siov.sk\/en\/wp-json\/wp\/v2\/posts\/7953\/revisions\/7959"}],"wp:featuredmedia":[{"embeddable":true,"href":"https:\/\/archiv.siov.sk\/en\/wp-json\/wp\/v2\/media\/7957"}],"wp:attachment":[{"href":"https:\/\/archiv.siov.sk\/en\/wp-json\/wp\/v2\/media?parent=7953"}],"wp:term":[{"taxonomy":"category","embeddable":true,"href":"https:\/\/archiv.siov.sk\/en\/wp-json\/wp\/v2\/categories?post=7953"},{"taxonomy":"post_tag","embeddable":true,"href":"https:\/\/archiv.siov.sk\/en\/wp-json\/wp\/v2\/tags?post=7953"}],"curies":[{"name":"wp","href":"https:\/\/api.w.org\/{rel}","templated":true}]}}