{"id":7850,"date":"2021-05-13T13:45:15","date_gmt":"2021-05-13T11:45:15","guid":{"rendered":"https:\/\/archiv.siov.sk\/?p=7850"},"modified":"2021-05-13T13:45:15","modified_gmt":"2021-05-13T11:45:15","slug":"najlepsie-vysledky-v-celostatnej-sutazi-v-oblasti-bezpecnosti-a-ochrany-zdravia-pri-praci-dosiahli-stredoskolaci-z-trencina","status":"publish","type":"post","link":"https:\/\/archiv.siov.sk\/en\/najlepsie-vysledky-v-celostatnej-sutazi-v-oblasti-bezpecnosti-a-ochrany-zdravia-pri-praci-dosiahli-stredoskolaci-z-trencina\/","title":{"rendered":"Najlep\u0161ie v\u00fdsledky v celo\u0161t\u00e1tnej s\u00fa\u0165a\u017ei v oblasti bezpe\u010dnosti a ochrany zdravia pri pr\u00e1ci dosiahli  stredo\u0161kol\u00e1ci  z Tren\u010d\u00edna"},"content":{"rendered":"<p style=\"text-align: justify;\">Aj napriek pretrv\u00e1vaj\u00facej pand\u00e9mii, Integrovan\u00fd odborov\u00fd zv\u00e4z (IOZ) v s\u00fa\u010dinnosti so \u0160t\u00e1tnym in\u0161tit\u00fatom odborn\u00e9ho vzdel\u00e1vania (\u0160IOV), za technickej podpory Centra vedecko-technick\u00fdch inform\u00e1ci\u00ed a&nbsp;\u010fal\u0161\u00edch partnerov zrealizoval&nbsp; celo\u0161t\u00e1tne kolo 46. ro\u010dn\u00edka s\u00fa\u0165a\u017ee \u017eiakov stredn\u00fdch odborn\u00fdch \u0161k\u00f4l. Prv\u00fdkr\u00e1t online sa s\u00fa\u0165a\u017e konala 11. m\u00e1ja 2021 pod z\u00e1\u0161titou Ministerstva \u0161kolstva, vedy, v\u00fdskumu a \u0161portu Slovenskej republiky a ministra pr\u00e1ce, soci\u00e1lnych vec\u00ed a rodiny Slovenskej republiky.<\/p>\n<p style=\"text-align: justify;\">Odborov\u00fd zv\u00e4z si uvedomuje v\u00fdznam \u00falohy bezpe\u010dnej pr\u00e1ce a svojou aktivitou je s\u00fa\u010das\u0165ou procesu pr\u00edpravy \u017eiakov na bezpe\u010dn\u00fd v\u00fdkon ich bud\u00faceho povolania. Bezpe\u010dn\u00e1 pr\u00e1ca, dobr\u00e9 pracovn\u00e9 podmienky a&nbsp;spokojnos\u0165 zamestnancov id\u00fa ruka v&nbsp;ruke s&nbsp;vy\u0161\u0161ou produktivitou a&nbsp;kvalitou pr\u00e1ce, zlep\u0161en\u00edm pracovnej mor\u00e1lky a&nbsp;zv\u00fd\u0161en\u00edm kreativity zamestnancov, \u010do je z\u00e1kladom prosperity zamestn\u00e1vate\u013ea.<\/p>\n<p style=\"text-align: justify;\">\u017diaci dosiahli v\u00fdborn\u00e9 v\u00fdsledky z&nbsp;troch okruhov ot\u00e1zok&nbsp;legislat\u00edvnej \u00fapravy BOZP a&nbsp;\u010fal\u0161\u00edch teoretick\u00fdch a&nbsp;praktick\u00fdch znalost\u00ed z&nbsp;danej oblasti. Ich v\u00fdkony pos\u00fadila porota zlo\u017een\u00e1 z&nbsp;odborn\u00edkov v&nbsp;oblasti BOZP, \u010dlena Komisie BOZP IOZ, z\u00e1stupcu N\u00e1rodn\u00e9ho&nbsp; in\u0161pektor\u00e1tu pr\u00e1ce a odborn\u00edka z&nbsp;odboru BOZP zo spol. GAJOS, s.r.o., Liptovsk\u00fd Mikul\u00e1\u0161.<\/p>\n<p>Celo\u0161t\u00e1tneho kola sa z\u00fa\u010dastnilo 14 stredn\u00fdch odborn\u00fdch \u0161k\u00f4l so zameran\u00edm na stavebn\u00edctvo, dopravu, automobilov\u00fd priemysel, slu\u017eby a&nbsp;\u0161koly technick\u00e9ho charakteru:<\/p>\n<p>&nbsp;<\/p>\n<p>Stredn\u00e1 priemyseln\u00e1 \u0161kola stavebn\u00e1 Emila Bellu\u0161a Tren\u010d\u00edn<\/p>\n<p>Stredn\u00e1 odborn\u00e1 \u0161kola stavebn\u00e1 Liptovsk\u00fd Mikul\u00e1\u0161<\/p>\n<p>Spojen\u00e1 \u0161kola stavebn\u00e1 Bansk\u00e1 Bystrica<\/p>\n<p>Stredn\u00e1 odborn\u00e1 \u0161kola technick\u00e1 Pre\u0161ov<\/p>\n<p>Stredn\u00e1 odborn\u00e1 \u0161kola stavebn\u00e1 Nitra<\/p>\n<p>Stredn\u00e1 odborn\u00e1 \u0161kola Prievidza<\/p>\n<p>Stredn\u00e1 odborn\u00e1 \u0161kola stavebn\u00e1 \u017dilina<\/p>\n<p>Stredn\u00e1 odborn\u00e1 \u0161kola dopravn\u00e1 \u017dilina<\/p>\n<p>Stredn\u00e1 odborn\u00e1 \u0161kola automobilov\u00e1 Ko\u0161ice&nbsp;&nbsp;&nbsp;&nbsp;&nbsp;&nbsp;&nbsp;&nbsp;&nbsp;&nbsp;&nbsp;<\/p>\n<p>Stredn\u00e1 odborn\u00e1 \u0161kola technick\u00e1 Ko\u0161ice<\/p>\n<p>Stredn\u00e1 odborn\u00e1 \u0161kola podnikania v remesl\u00e1ch a&nbsp;slu\u017eb\u00e1ch Senica<\/p>\n<p>Stredn\u00e1 odborn\u00e1 \u0161kola remesiel a slu\u017eieb Poprad&nbsp;&nbsp;&nbsp;&nbsp;<\/p>\n<p>Stredn\u00e1 odborn\u00e1 \u0161kola techniky a&nbsp;slu\u017eieb Topo\u013e\u010dany<\/p>\n<p>Stredn\u00e1 odborn\u00e1 \u0161kola dopravn\u00e1 Bratislava&nbsp;<\/p>\n<p style=\"text-align: justify;\">Na z\u00e1klade v\u00fdsledkov v celo\u0161t\u00e1tnom kole vyhl\u00e1sil IOZ troch naj\u00faspe\u0161nej\u0161\u00edch jednotlivcov a tri naj\u00faspe\u0161nej\u0161ie \u0161koly a&nbsp;spolu so soci\u00e1lnym partnerom odborov\u00e9ho zv\u00e4zu Zv\u00e4zom stavebn\u00fdch podnikate\u013eov Slovenska (ZSPS) tri najlep\u0161ie \u0161koly so stavebn\u00fdm zameran\u00edm. Ocenen\u00ed obdr\u017eali diplomy, v\u00ed\u0165azn\u00e9 poh\u00e1re a&nbsp;vecn\u00e9 ceny od partnerov s\u00fa\u0165a\u017ee. Po prv\u00fdkr\u00e1t z\u00edskala v\u00ed\u0165azn\u00e1 \u0161kola aj osobitn\u00e9 ocenenie \u0160t\u00e1tneho in\u0161tit\u00fatu odborn\u00e9ho vzdel\u00e1vania.&nbsp;<\/p>\n<p>&nbsp;<\/p>\n<p><strong>Ocenenia za s\u00fa\u0165a\u017e jednotlivcov:<\/strong><\/p>\n<p>&nbsp;<\/p>\n<ol>\n<li><strong> miesto: Michaela Na\u010fov\u00e1 <\/strong>(SP\u0160 stavebn\u00e1 Emila Bellu\u0161a Tren\u010d\u00edn)<\/li>\n<li><strong> miesto: Juraj Pucho\u0148 <\/strong>(SO\u0160 stavebnej \u017dilina)<\/li>\n<li><strong> miesto: Petra Zrubcov\u00e1 <\/strong>(SO\u0160 stavebnej Nitra)<\/li>\n<\/ol>\n<p><strong>&nbsp;<\/strong><\/p>\n<p><strong>Ocenenia stredn\u00fdch odborn\u00fdch&nbsp; \u0161k\u00f4l, <\/strong>ktor\u00fdch reprezentanti v&nbsp;s\u00fa\u010dte z\u00edskali najviac bodov:<\/p>\n<p>&nbsp;<\/p>\n<ol>\n<li><strong> miesto: Stredn\u00e1 priemyseln\u00e1 \u0161kola stavebn\u00e1 Emila Bellu\u0161a Tren\u010d\u00edn<\/strong><\/li>\n<li><strong> miesto: Stredn\u00e1 odborn\u00e1 \u0161kola stavebn\u00e1 Nitra<\/strong><\/li>\n<li><strong> miesto: Stredn\u00e1 odborn\u00e1 \u0161kola technick\u00e1 Pre\u0161ov<\/strong><\/li>\n<\/ol>\n<p>&nbsp;<\/p>\n<p style=\"text-align: justify;\">V\u010faka partnerovi s\u00fa\u0165a\u017ee &#8211; Zv\u00e4zu stavebn\u00fdch podnikate\u013eov Slovenska, bola u\u017e po siedmy raz vyhodnoten\u00e1 a ocenen\u00e1 najlep\u0161ia \u0161kola so stavebn\u00fdm zameran\u00edm. Pozit\u00edvom je, \u017ee ka\u017edoro\u010dne st\u00fapa po\u010det \u0161k\u00f4l s\u00fa\u0165a\u017ee so stavebn\u00fdm zameran\u00edm, ako aj kvalita obsahovej str\u00e1nky pr\u00edpravy.&nbsp; O&nbsp;tom sved\u010d\u00ed aj poradie v\u00ed\u0165azn\u00fdch \u0161k\u00f4l a&nbsp;to, \u017ee na prv\u00fdch troch miestach sa v&nbsp;tomto ro\u010dn\u00edku umiestnili \u0161koly aj jednotlivci so stavebn\u00fdm zameran\u00edm. Mo\u017eno to vn\u00edma\u0165 aj ako rast\u00faci z\u00e1ujem mlad\u00fdch \u013eud\u00ed o&nbsp;odvetvie stavebn\u00edctva, stavebn\u00e9 profesie.<\/p>\n<p>Umiestnenie prv\u00fdch troch najlep\u0161\u00edch \u0161k\u00f4l so stavebn\u00fdm zameran\u00edm je toto\u017en\u00e9 s&nbsp;v\u00fdsledkami najlep\u0161\u00edch \u0161k\u00f4l ako absol\u00fatnych v\u00ed\u0165azov.<\/p>\n<p style=\"text-align: justify;\">S\u00fa\u0165a\u017e online podporili pr\u00edhovorom k pr\u00edtomn\u00fdm aj vz\u00e1cni hostia, minister \u0161kolstva, vedy, v\u00fdskumu a \u0161portu Slovenskej republiky, minister pr\u00e1ce, soci\u00e1lnych vec\u00ed a rodiny Slovenskej republiky, prezident KOZ SR, prezident ZSPS, nestor s\u00fa\u0165a\u017ee a v neposlednom rade z\u00e1stupcovia partnersk\u00fdch spolo\u010dnost\u00ed.<\/p>\n<p>&nbsp;<\/p>\n<p>&nbsp;<\/p>\n<p><strong>&nbsp;<\/strong><\/p>\n<p><strong>&nbsp;<\/strong><\/p>\n<p>&nbsp;<\/p>\n<p>&nbsp;<\/p>\n<p>&nbsp;<\/p>","protected":false},"excerpt":{"rendered":"<p>Aj napriek pretrv\u00e1vaj\u00facej pand\u00e9mii, Integrovan\u00fd odborov\u00fd zv\u00e4z (IOZ) v s\u00fa\u010dinnosti so \u0160t\u00e1tnym in\u0161tit\u00fatom odborn\u00e9ho vzdel\u00e1vania (\u0160IOV), za technickej podpory Centra vedecko-technick\u00fdch inform\u00e1ci\u00ed a&nbsp;\u010fal\u0161\u00edch partnerov zrealizoval&nbsp; celo\u0161t\u00e1tne kolo 46. ro\u010dn\u00edka s\u00fa\u0165a\u017ee \u017eiakov stredn\u00fdch odborn\u00fdch \u0161k\u00f4l. Prv\u00fdkr\u00e1t online sa s\u00fa\u0165a\u017e konala 11. m\u00e1ja 2021 pod z\u00e1\u0161titou Ministerstva \u0161kolstva, vedy, v\u00fdskumu a \u0161portu Slovenskej republiky a ministra pr\u00e1ce, [&hellip;]<\/p>\n","protected":false},"author":6,"featured_media":2349,"comment_status":"closed","ping_status":"closed","sticky":false,"template":"","format":"standard","meta":{"site-sidebar-layout":"default","site-content-layout":"","ast-site-content-layout":"default","site-content-style":"default","site-sidebar-style":"default","ast-global-header-display":"","ast-banner-title-visibility":"","ast-main-header-display":"","ast-hfb-above-header-display":"","ast-hfb-below-header-display":"","ast-hfb-mobile-header-display":"","site-post-title":"","ast-breadcrumbs-content":"","ast-featured-img":"","footer-sml-layout":"","ast-disable-related-posts":"","theme-transparent-header-meta":"","adv-header-id-meta":"","stick-header-meta":"","header-above-stick-meta":"","header-main-stick-meta":"","header-below-stick-meta":"","astra-migrate-meta-layouts":"default","ast-page-background-enabled":"default","ast-page-background-meta":{"desktop":{"background-color":"var(--ast-global-color-4)","background-image":"","background-repeat":"repeat","background-position":"center center","background-size":"auto","background-attachment":"scroll","background-type":"","background-media":"","overlay-type":"","overlay-color":"","overlay-opacity":"","overlay-gradient":""},"tablet":{"background-color":"","background-image":"","background-repeat":"repeat","background-position":"center center","background-size":"auto","background-attachment":"scroll","background-type":"","background-media":"","overlay-type":"","overlay-color":"","overlay-opacity":"","overlay-gradient":""},"mobile":{"background-color":"","background-image":"","background-repeat":"repeat","background-position":"center center","background-size":"auto","background-attachment":"scroll","background-type":"","background-media":"","overlay-type":"","overlay-color":"","overlay-opacity":"","overlay-gradient":""}},"ast-content-background-meta":{"desktop":{"background-color":"var(--ast-global-color-5)","background-image":"","background-repeat":"repeat","background-position":"center center","background-size":"auto","background-attachment":"scroll","background-type":"","background-media":"","overlay-type":"","overlay-color":"","overlay-opacity":"","overlay-gradient":""},"tablet":{"background-color":"var(--ast-global-color-5)","background-image":"","background-repeat":"repeat","background-position":"center center","background-size":"auto","background-attachment":"scroll","background-type":"","background-media":"","overlay-type":"","overlay-color":"","overlay-opacity":"","overlay-gradient":""},"mobile":{"background-color":"var(--ast-global-color-5)","background-image":"","background-repeat":"repeat","background-position":"center center","background-size":"auto","background-attachment":"scroll","background-type":"","background-media":"","overlay-type":"","overlay-color":"","overlay-opacity":"","overlay-gradient":""}},"footnotes":""},"categories":[1,9],"tags":[],"class_list":["post-7850","post","type-post","status-publish","format-standard","has-post-thumbnail","hentry","category-aktuality","category-aktuality-v-case-koronavirusu"],"yoast_head":"<!-- This site is optimized with the Yoast SEO plugin v27.5 - https:\/\/yoast.com\/product\/yoast-seo-wordpress\/ -->\n<title>Najlep\u0161ie v\u00fdsledky v celo\u0161t\u00e1tnej s\u00fa\u0165a\u017ei v oblasti bezpe\u010dnosti a ochrany zdravia pri pr\u00e1ci dosiahli stredo\u0161kol\u00e1ci z Tren\u010d\u00edna - \u0160IOV - \u0161t\u00e1tny in\u0161tit\u00fat odborn\u00e9ho vzdel\u00e1vania<\/title>\n<meta name=\"robots\" content=\"index, follow, max-snippet:-1, max-image-preview:large, max-video-preview:-1\" \/>\n<link rel=\"canonical\" href=\"https:\/\/archiv.siov.sk\/en\/najlepsie-vysledky-v-celostatnej-sutazi-v-oblasti-bezpecnosti-a-ochrany-zdravia-pri-praci-dosiahli-stredoskolaci-z-trencina\/\" \/>\n<meta property=\"og:locale\" content=\"en_GB\" \/>\n<meta property=\"og:type\" content=\"article\" \/>\n<meta property=\"og:title\" content=\"Najlep\u0161ie v\u00fdsledky v celo\u0161t\u00e1tnej s\u00fa\u0165a\u017ei v oblasti bezpe\u010dnosti a ochrany zdravia pri pr\u00e1ci dosiahli stredo\u0161kol\u00e1ci z Tren\u010d\u00edna - \u0160IOV - \u0161t\u00e1tny in\u0161tit\u00fat odborn\u00e9ho vzdel\u00e1vania\" \/>\n<meta property=\"og:description\" content=\"Aj napriek pretrv\u00e1vaj\u00facej pand\u00e9mii, Integrovan\u00fd odborov\u00fd zv\u00e4z (IOZ) v s\u00fa\u010dinnosti so \u0160t\u00e1tnym in\u0161tit\u00fatom odborn\u00e9ho vzdel\u00e1vania (\u0160IOV), za technickej podpory Centra vedecko-technick\u00fdch inform\u00e1ci\u00ed a&nbsp;\u010fal\u0161\u00edch partnerov zrealizoval&nbsp; celo\u0161t\u00e1tne kolo 46. ro\u010dn\u00edka s\u00fa\u0165a\u017ee \u017eiakov stredn\u00fdch odborn\u00fdch \u0161k\u00f4l. Prv\u00fdkr\u00e1t online sa s\u00fa\u0165a\u017e konala 11. m\u00e1ja 2021 pod z\u00e1\u0161titou Ministerstva \u0161kolstva, vedy, v\u00fdskumu a \u0161portu Slovenskej republiky a ministra pr\u00e1ce, [&hellip;]\" \/>\n<meta property=\"og:url\" content=\"https:\/\/archiv.siov.sk\/en\/najlepsie-vysledky-v-celostatnej-sutazi-v-oblasti-bezpecnosti-a-ochrany-zdravia-pri-praci-dosiahli-stredoskolaci-z-trencina\/\" \/>\n<meta property=\"og:site_name\" content=\"\u0160IOV - \u0161t\u00e1tny in\u0161tit\u00fat odborn\u00e9ho vzdel\u00e1vania\" \/>\n<meta property=\"article:publisher\" content=\"https:\/\/www.facebook.com\/Statnyinstitutodbornehovzdelavania\" \/>\n<meta property=\"article:published_time\" content=\"2021-05-13T11:45:15+00:00\" \/>\n<meta property=\"og:image\" content=\"https:\/\/archiv.siov.sk\/wp-content\/uploads\/2019\/02\/top_check.jpg\" \/>\n\t<meta property=\"og:image:width\" content=\"1100\" \/>\n\t<meta property=\"og:image:height\" content=\"445\" \/>\n\t<meta property=\"og:image:type\" content=\"image\/jpeg\" \/>\n<meta name=\"author\" content=\"Katar\u00edna Kov\u00e1\u010dov\u00e1\" \/>\n<meta name=\"twitter:card\" content=\"summary_large_image\" \/>\n<meta name=\"twitter:label1\" content=\"Written by\" \/>\n\t<meta name=\"twitter:data1\" content=\"Katar\u00edna Kov\u00e1\u010dov\u00e1\" \/>\n\t<meta name=\"twitter:label2\" content=\"Estimated reading time\" \/>\n\t<meta name=\"twitter:data2\" content=\"3 minutes\" \/>\n<script type=\"application\/ld+json\" class=\"yoast-schema-graph\">{\"@context\":\"https:\\\/\\\/schema.org\",\"@graph\":[{\"@type\":\"Article\",\"@id\":\"https:\\\/\\\/archiv.siov.sk\\\/najlepsie-vysledky-v-celostatnej-sutazi-v-oblasti-bezpecnosti-a-ochrany-zdravia-pri-praci-dosiahli-stredoskolaci-z-trencina\\\/#article\",\"isPartOf\":{\"@id\":\"https:\\\/\\\/archiv.siov.sk\\\/najlepsie-vysledky-v-celostatnej-sutazi-v-oblasti-bezpecnosti-a-ochrany-zdravia-pri-praci-dosiahli-stredoskolaci-z-trencina\\\/\"},\"author\":{\"name\":\"Katar\u00edna Kov\u00e1\u010dov\u00e1\",\"@id\":\"https:\\\/\\\/archiv.siov.sk\\\/#\\\/schema\\\/person\\\/e42d633fbd958c6a726e8834d8965e6c\"},\"headline\":\"Najlep\u0161ie v\u00fdsledky v celo\u0161t\u00e1tnej s\u00fa\u0165a\u017ei v oblasti bezpe\u010dnosti a ochrany zdravia pri pr\u00e1ci dosiahli stredo\u0161kol\u00e1ci z Tren\u010d\u00edna\",\"datePublished\":\"2021-05-13T11:45:15+00:00\",\"mainEntityOfPage\":{\"@id\":\"https:\\\/\\\/archiv.siov.sk\\\/najlepsie-vysledky-v-celostatnej-sutazi-v-oblasti-bezpecnosti-a-ochrany-zdravia-pri-praci-dosiahli-stredoskolaci-z-trencina\\\/\"},\"wordCount\":789,\"publisher\":{\"@id\":\"https:\\\/\\\/archiv.siov.sk\\\/#organization\"},\"image\":{\"@id\":\"https:\\\/\\\/archiv.siov.sk\\\/najlepsie-vysledky-v-celostatnej-sutazi-v-oblasti-bezpecnosti-a-ochrany-zdravia-pri-praci-dosiahli-stredoskolaci-z-trencina\\\/#primaryimage\"},\"thumbnailUrl\":\"https:\\\/\\\/archiv.siov.sk\\\/wp-content\\\/uploads\\\/2019\\\/02\\\/top_check.jpg\",\"articleSection\":[\"Aktuality\",\"Aktuality v \u010dase koronav\u00edrusu\"],\"inLanguage\":\"en-GB\"},{\"@type\":\"WebPage\",\"@id\":\"https:\\\/\\\/archiv.siov.sk\\\/najlepsie-vysledky-v-celostatnej-sutazi-v-oblasti-bezpecnosti-a-ochrany-zdravia-pri-praci-dosiahli-stredoskolaci-z-trencina\\\/\",\"url\":\"https:\\\/\\\/archiv.siov.sk\\\/najlepsie-vysledky-v-celostatnej-sutazi-v-oblasti-bezpecnosti-a-ochrany-zdravia-pri-praci-dosiahli-stredoskolaci-z-trencina\\\/\",\"name\":\"Najlep\u0161ie v\u00fdsledky v celo\u0161t\u00e1tnej s\u00fa\u0165a\u017ei v oblasti bezpe\u010dnosti a ochrany zdravia pri pr\u00e1ci dosiahli stredo\u0161kol\u00e1ci z Tren\u010d\u00edna - \u0160IOV - \u0161t\u00e1tny in\u0161tit\u00fat odborn\u00e9ho vzdel\u00e1vania\",\"isPartOf\":{\"@id\":\"https:\\\/\\\/archiv.siov.sk\\\/#website\"},\"primaryImageOfPage\":{\"@id\":\"https:\\\/\\\/archiv.siov.sk\\\/najlepsie-vysledky-v-celostatnej-sutazi-v-oblasti-bezpecnosti-a-ochrany-zdravia-pri-praci-dosiahli-stredoskolaci-z-trencina\\\/#primaryimage\"},\"image\":{\"@id\":\"https:\\\/\\\/archiv.siov.sk\\\/najlepsie-vysledky-v-celostatnej-sutazi-v-oblasti-bezpecnosti-a-ochrany-zdravia-pri-praci-dosiahli-stredoskolaci-z-trencina\\\/#primaryimage\"},\"thumbnailUrl\":\"https:\\\/\\\/archiv.siov.sk\\\/wp-content\\\/uploads\\\/2019\\\/02\\\/top_check.jpg\",\"datePublished\":\"2021-05-13T11:45:15+00:00\",\"breadcrumb\":{\"@id\":\"https:\\\/\\\/archiv.siov.sk\\\/najlepsie-vysledky-v-celostatnej-sutazi-v-oblasti-bezpecnosti-a-ochrany-zdravia-pri-praci-dosiahli-stredoskolaci-z-trencina\\\/#breadcrumb\"},\"inLanguage\":\"en-GB\",\"potentialAction\":[{\"@type\":\"ReadAction\",\"target\":[\"https:\\\/\\\/archiv.siov.sk\\\/najlepsie-vysledky-v-celostatnej-sutazi-v-oblasti-bezpecnosti-a-ochrany-zdravia-pri-praci-dosiahli-stredoskolaci-z-trencina\\\/\"]}]},{\"@type\":\"ImageObject\",\"inLanguage\":\"en-GB\",\"@id\":\"https:\\\/\\\/archiv.siov.sk\\\/najlepsie-vysledky-v-celostatnej-sutazi-v-oblasti-bezpecnosti-a-ochrany-zdravia-pri-praci-dosiahli-stredoskolaci-z-trencina\\\/#primaryimage\",\"url\":\"https:\\\/\\\/archiv.siov.sk\\\/wp-content\\\/uploads\\\/2019\\\/02\\\/top_check.jpg\",\"contentUrl\":\"https:\\\/\\\/archiv.siov.sk\\\/wp-content\\\/uploads\\\/2019\\\/02\\\/top_check.jpg\",\"width\":1100,\"height\":445,\"caption\":\"Chceme prisp\u00f4sobi\u0165 te\u00f3riu pre prax a odstr\u00e1ni\u0165 probl\u00e9my vo vyu\u010dovan\u00ed.\"},{\"@type\":\"BreadcrumbList\",\"@id\":\"https:\\\/\\\/archiv.siov.sk\\\/najlepsie-vysledky-v-celostatnej-sutazi-v-oblasti-bezpecnosti-a-ochrany-zdravia-pri-praci-dosiahli-stredoskolaci-z-trencina\\\/#breadcrumb\",\"itemListElement\":[{\"@type\":\"ListItem\",\"position\":1,\"name\":\"Home\",\"item\":\"https:\\\/\\\/archiv.siov.sk\\\/\"},{\"@type\":\"ListItem\",\"position\":2,\"name\":\"Najlep\u0161ie v\u00fdsledky v celo\u0161t\u00e1tnej s\u00fa\u0165a\u017ei v oblasti bezpe\u010dnosti a ochrany zdravia pri pr\u00e1ci dosiahli stredo\u0161kol\u00e1ci z Tren\u010d\u00edna\"}]},{\"@type\":\"WebSite\",\"@id\":\"https:\\\/\\\/archiv.siov.sk\\\/#website\",\"url\":\"https:\\\/\\\/archiv.siov.sk\\\/\",\"name\":\"\u0160IOV - \u0161t\u00e1tny in\u0161tit\u00fat odborn\u00e9ho vzdel\u00e1vania\",\"description\":\"\",\"publisher\":{\"@id\":\"https:\\\/\\\/archiv.siov.sk\\\/#organization\"},\"potentialAction\":[{\"@type\":\"SearchAction\",\"target\":{\"@type\":\"EntryPoint\",\"urlTemplate\":\"https:\\\/\\\/archiv.siov.sk\\\/?s={search_term_string}\"},\"query-input\":{\"@type\":\"PropertyValueSpecification\",\"valueRequired\":true,\"valueName\":\"search_term_string\"}}],\"inLanguage\":\"en-GB\"},{\"@type\":\"Organization\",\"@id\":\"https:\\\/\\\/archiv.siov.sk\\\/#organization\",\"name\":\"\u0160IOV - \u0161t\u00e1tny in\u0161tit\u00fat odborn\u00e9ho vzdel\u00e1vania\",\"url\":\"https:\\\/\\\/archiv.siov.sk\\\/\",\"logo\":{\"@type\":\"ImageObject\",\"inLanguage\":\"en-GB\",\"@id\":\"https:\\\/\\\/archiv.siov.sk\\\/#\\\/schema\\\/logo\\\/image\\\/\",\"url\":\"https:\\\/\\\/archiv.siov.sk\\\/wp-content\\\/uploads\\\/2024\\\/02\\\/logo-SIOV.png\",\"contentUrl\":\"https:\\\/\\\/archiv.siov.sk\\\/wp-content\\\/uploads\\\/2024\\\/02\\\/logo-SIOV.png\",\"width\":431,\"height\":143,\"caption\":\"\u0160IOV - \u0161t\u00e1tny in\u0161tit\u00fat odborn\u00e9ho vzdel\u00e1vania\"},\"image\":{\"@id\":\"https:\\\/\\\/archiv.siov.sk\\\/#\\\/schema\\\/logo\\\/image\\\/\"},\"sameAs\":[\"https:\\\/\\\/www.facebook.com\\\/Statnyinstitutodbornehovzdelavania\"]},{\"@type\":\"Person\",\"@id\":\"https:\\\/\\\/archiv.siov.sk\\\/#\\\/schema\\\/person\\\/e42d633fbd958c6a726e8834d8965e6c\",\"name\":\"Katar\u00edna Kov\u00e1\u010dov\u00e1\",\"url\":\"https:\\\/\\\/archiv.siov.sk\\\/en\\\/author\\\/katkakovacova\\\/\"}]}<\/script>\n<!-- \/ Yoast SEO plugin. -->","yoast_head_json":{"title":"Najlep\u0161ie v\u00fdsledky v celo\u0161t\u00e1tnej s\u00fa\u0165a\u017ei v oblasti bezpe\u010dnosti a ochrany zdravia pri pr\u00e1ci dosiahli stredo\u0161kol\u00e1ci z Tren\u010d\u00edna - \u0160IOV - \u0161t\u00e1tny in\u0161tit\u00fat odborn\u00e9ho vzdel\u00e1vania","robots":{"index":"index","follow":"follow","max-snippet":"max-snippet:-1","max-image-preview":"max-image-preview:large","max-video-preview":"max-video-preview:-1"},"canonical":"https:\/\/archiv.siov.sk\/en\/najlepsie-vysledky-v-celostatnej-sutazi-v-oblasti-bezpecnosti-a-ochrany-zdravia-pri-praci-dosiahli-stredoskolaci-z-trencina\/","og_locale":"en_GB","og_type":"article","og_title":"Najlep\u0161ie v\u00fdsledky v celo\u0161t\u00e1tnej s\u00fa\u0165a\u017ei v oblasti bezpe\u010dnosti a ochrany zdravia pri pr\u00e1ci dosiahli stredo\u0161kol\u00e1ci z Tren\u010d\u00edna - \u0160IOV - \u0161t\u00e1tny in\u0161tit\u00fat odborn\u00e9ho vzdel\u00e1vania","og_description":"Aj napriek pretrv\u00e1vaj\u00facej pand\u00e9mii, Integrovan\u00fd odborov\u00fd zv\u00e4z (IOZ) v s\u00fa\u010dinnosti so \u0160t\u00e1tnym in\u0161tit\u00fatom odborn\u00e9ho vzdel\u00e1vania (\u0160IOV), za technickej podpory Centra vedecko-technick\u00fdch inform\u00e1ci\u00ed a&nbsp;\u010fal\u0161\u00edch partnerov zrealizoval&nbsp; celo\u0161t\u00e1tne kolo 46. ro\u010dn\u00edka s\u00fa\u0165a\u017ee \u017eiakov stredn\u00fdch odborn\u00fdch \u0161k\u00f4l. Prv\u00fdkr\u00e1t online sa s\u00fa\u0165a\u017e konala 11. m\u00e1ja 2021 pod z\u00e1\u0161titou Ministerstva \u0161kolstva, vedy, v\u00fdskumu a \u0161portu Slovenskej republiky a ministra pr\u00e1ce, [&hellip;]","og_url":"https:\/\/archiv.siov.sk\/en\/najlepsie-vysledky-v-celostatnej-sutazi-v-oblasti-bezpecnosti-a-ochrany-zdravia-pri-praci-dosiahli-stredoskolaci-z-trencina\/","og_site_name":"\u0160IOV - \u0161t\u00e1tny in\u0161tit\u00fat odborn\u00e9ho vzdel\u00e1vania","article_publisher":"https:\/\/www.facebook.com\/Statnyinstitutodbornehovzdelavania","article_published_time":"2021-05-13T11:45:15+00:00","og_image":[{"width":1100,"height":445,"url":"https:\/\/archiv.siov.sk\/wp-content\/uploads\/2019\/02\/top_check.jpg","type":"image\/jpeg"}],"author":"Katar\u00edna Kov\u00e1\u010dov\u00e1","twitter_card":"summary_large_image","twitter_misc":{"Written by":"Katar\u00edna Kov\u00e1\u010dov\u00e1","Estimated reading time":"3 minutes"},"schema":{"@context":"https:\/\/schema.org","@graph":[{"@type":"Article","@id":"https:\/\/archiv.siov.sk\/najlepsie-vysledky-v-celostatnej-sutazi-v-oblasti-bezpecnosti-a-ochrany-zdravia-pri-praci-dosiahli-stredoskolaci-z-trencina\/#article","isPartOf":{"@id":"https:\/\/archiv.siov.sk\/najlepsie-vysledky-v-celostatnej-sutazi-v-oblasti-bezpecnosti-a-ochrany-zdravia-pri-praci-dosiahli-stredoskolaci-z-trencina\/"},"author":{"name":"Katar\u00edna Kov\u00e1\u010dov\u00e1","@id":"https:\/\/archiv.siov.sk\/#\/schema\/person\/e42d633fbd958c6a726e8834d8965e6c"},"headline":"Najlep\u0161ie v\u00fdsledky v celo\u0161t\u00e1tnej s\u00fa\u0165a\u017ei v oblasti bezpe\u010dnosti a ochrany zdravia pri pr\u00e1ci dosiahli stredo\u0161kol\u00e1ci z Tren\u010d\u00edna","datePublished":"2021-05-13T11:45:15+00:00","mainEntityOfPage":{"@id":"https:\/\/archiv.siov.sk\/najlepsie-vysledky-v-celostatnej-sutazi-v-oblasti-bezpecnosti-a-ochrany-zdravia-pri-praci-dosiahli-stredoskolaci-z-trencina\/"},"wordCount":789,"publisher":{"@id":"https:\/\/archiv.siov.sk\/#organization"},"image":{"@id":"https:\/\/archiv.siov.sk\/najlepsie-vysledky-v-celostatnej-sutazi-v-oblasti-bezpecnosti-a-ochrany-zdravia-pri-praci-dosiahli-stredoskolaci-z-trencina\/#primaryimage"},"thumbnailUrl":"https:\/\/archiv.siov.sk\/wp-content\/uploads\/2019\/02\/top_check.jpg","articleSection":["Aktuality","Aktuality v \u010dase koronav\u00edrusu"],"inLanguage":"en-GB"},{"@type":"WebPage","@id":"https:\/\/archiv.siov.sk\/najlepsie-vysledky-v-celostatnej-sutazi-v-oblasti-bezpecnosti-a-ochrany-zdravia-pri-praci-dosiahli-stredoskolaci-z-trencina\/","url":"https:\/\/archiv.siov.sk\/najlepsie-vysledky-v-celostatnej-sutazi-v-oblasti-bezpecnosti-a-ochrany-zdravia-pri-praci-dosiahli-stredoskolaci-z-trencina\/","name":"Najlep\u0161ie v\u00fdsledky v celo\u0161t\u00e1tnej s\u00fa\u0165a\u017ei v oblasti bezpe\u010dnosti a ochrany zdravia pri pr\u00e1ci dosiahli stredo\u0161kol\u00e1ci z Tren\u010d\u00edna - \u0160IOV - \u0161t\u00e1tny in\u0161tit\u00fat odborn\u00e9ho vzdel\u00e1vania","isPartOf":{"@id":"https:\/\/archiv.siov.sk\/#website"},"primaryImageOfPage":{"@id":"https:\/\/archiv.siov.sk\/najlepsie-vysledky-v-celostatnej-sutazi-v-oblasti-bezpecnosti-a-ochrany-zdravia-pri-praci-dosiahli-stredoskolaci-z-trencina\/#primaryimage"},"image":{"@id":"https:\/\/archiv.siov.sk\/najlepsie-vysledky-v-celostatnej-sutazi-v-oblasti-bezpecnosti-a-ochrany-zdravia-pri-praci-dosiahli-stredoskolaci-z-trencina\/#primaryimage"},"thumbnailUrl":"https:\/\/archiv.siov.sk\/wp-content\/uploads\/2019\/02\/top_check.jpg","datePublished":"2021-05-13T11:45:15+00:00","breadcrumb":{"@id":"https:\/\/archiv.siov.sk\/najlepsie-vysledky-v-celostatnej-sutazi-v-oblasti-bezpecnosti-a-ochrany-zdravia-pri-praci-dosiahli-stredoskolaci-z-trencina\/#breadcrumb"},"inLanguage":"en-GB","potentialAction":[{"@type":"ReadAction","target":["https:\/\/archiv.siov.sk\/najlepsie-vysledky-v-celostatnej-sutazi-v-oblasti-bezpecnosti-a-ochrany-zdravia-pri-praci-dosiahli-stredoskolaci-z-trencina\/"]}]},{"@type":"ImageObject","inLanguage":"en-GB","@id":"https:\/\/archiv.siov.sk\/najlepsie-vysledky-v-celostatnej-sutazi-v-oblasti-bezpecnosti-a-ochrany-zdravia-pri-praci-dosiahli-stredoskolaci-z-trencina\/#primaryimage","url":"https:\/\/archiv.siov.sk\/wp-content\/uploads\/2019\/02\/top_check.jpg","contentUrl":"https:\/\/archiv.siov.sk\/wp-content\/uploads\/2019\/02\/top_check.jpg","width":1100,"height":445,"caption":"Chceme prisp\u00f4sobi\u0165 te\u00f3riu pre prax a odstr\u00e1ni\u0165 probl\u00e9my vo vyu\u010dovan\u00ed."},{"@type":"BreadcrumbList","@id":"https:\/\/archiv.siov.sk\/najlepsie-vysledky-v-celostatnej-sutazi-v-oblasti-bezpecnosti-a-ochrany-zdravia-pri-praci-dosiahli-stredoskolaci-z-trencina\/#breadcrumb","itemListElement":[{"@type":"ListItem","position":1,"name":"Home","item":"https:\/\/archiv.siov.sk\/"},{"@type":"ListItem","position":2,"name":"Najlep\u0161ie v\u00fdsledky v celo\u0161t\u00e1tnej s\u00fa\u0165a\u017ei v oblasti bezpe\u010dnosti a ochrany zdravia pri pr\u00e1ci dosiahli stredo\u0161kol\u00e1ci z Tren\u010d\u00edna"}]},{"@type":"WebSite","@id":"https:\/\/archiv.siov.sk\/#website","url":"https:\/\/archiv.siov.sk\/","name":"\u0160IOV - \u0161t\u00e1tny in\u0161tit\u00fat odborn\u00e9ho vzdel\u00e1vania","description":"","publisher":{"@id":"https:\/\/archiv.siov.sk\/#organization"},"potentialAction":[{"@type":"SearchAction","target":{"@type":"EntryPoint","urlTemplate":"https:\/\/archiv.siov.sk\/?s={search_term_string}"},"query-input":{"@type":"PropertyValueSpecification","valueRequired":true,"valueName":"search_term_string"}}],"inLanguage":"en-GB"},{"@type":"Organization","@id":"https:\/\/archiv.siov.sk\/#organization","name":"\u0160IOV - \u0161t\u00e1tny in\u0161tit\u00fat odborn\u00e9ho vzdel\u00e1vania","url":"https:\/\/archiv.siov.sk\/","logo":{"@type":"ImageObject","inLanguage":"en-GB","@id":"https:\/\/archiv.siov.sk\/#\/schema\/logo\/image\/","url":"https:\/\/archiv.siov.sk\/wp-content\/uploads\/2024\/02\/logo-SIOV.png","contentUrl":"https:\/\/archiv.siov.sk\/wp-content\/uploads\/2024\/02\/logo-SIOV.png","width":431,"height":143,"caption":"\u0160IOV - \u0161t\u00e1tny in\u0161tit\u00fat odborn\u00e9ho vzdel\u00e1vania"},"image":{"@id":"https:\/\/archiv.siov.sk\/#\/schema\/logo\/image\/"},"sameAs":["https:\/\/www.facebook.com\/Statnyinstitutodbornehovzdelavania"]},{"@type":"Person","@id":"https:\/\/archiv.siov.sk\/#\/schema\/person\/e42d633fbd958c6a726e8834d8965e6c","name":"Katar\u00edna Kov\u00e1\u010dov\u00e1","url":"https:\/\/archiv.siov.sk\/en\/author\/katkakovacova\/"}]}},"_links":{"self":[{"href":"https:\/\/archiv.siov.sk\/en\/wp-json\/wp\/v2\/posts\/7850","targetHints":{"allow":["GET"]}}],"collection":[{"href":"https:\/\/archiv.siov.sk\/en\/wp-json\/wp\/v2\/posts"}],"about":[{"href":"https:\/\/archiv.siov.sk\/en\/wp-json\/wp\/v2\/types\/post"}],"author":[{"embeddable":true,"href":"https:\/\/archiv.siov.sk\/en\/wp-json\/wp\/v2\/users\/6"}],"replies":[{"embeddable":true,"href":"https:\/\/archiv.siov.sk\/en\/wp-json\/wp\/v2\/comments?post=7850"}],"version-history":[{"count":2,"href":"https:\/\/archiv.siov.sk\/en\/wp-json\/wp\/v2\/posts\/7850\/revisions"}],"predecessor-version":[{"id":7852,"href":"https:\/\/archiv.siov.sk\/en\/wp-json\/wp\/v2\/posts\/7850\/revisions\/7852"}],"wp:featuredmedia":[{"embeddable":true,"href":"https:\/\/archiv.siov.sk\/en\/wp-json\/wp\/v2\/media\/2349"}],"wp:attachment":[{"href":"https:\/\/archiv.siov.sk\/en\/wp-json\/wp\/v2\/media?parent=7850"}],"wp:term":[{"taxonomy":"category","embeddable":true,"href":"https:\/\/archiv.siov.sk\/en\/wp-json\/wp\/v2\/categories?post=7850"},{"taxonomy":"post_tag","embeddable":true,"href":"https:\/\/archiv.siov.sk\/en\/wp-json\/wp\/v2\/tags?post=7850"}],"curies":[{"name":"wp","href":"https:\/\/api.w.org\/{rel}","templated":true}]}}