{"id":7794,"date":"2021-05-06T15:31:41","date_gmt":"2021-05-06T13:31:41","guid":{"rendered":"https:\/\/archiv.siov.sk\/?p=7794"},"modified":"2021-05-06T15:32:58","modified_gmt":"2021-05-06T13:32:58","slug":"den-zodpovedneho-podnikania-cvicnych-firiem","status":"publish","type":"post","link":"https:\/\/archiv.siov.sk\/en\/den-zodpovedneho-podnikania-cvicnych-firiem\/","title":{"rendered":"De\u0148 zodpovedn\u00e9ho podnikania cvi\u010dn\u00fdch firiem"},"content":{"rendered":"<p style=\"text-align: center;\"><strong>MUB-line \u0161peci\u00e1l<\/strong><\/p>\n<p>&nbsp;<\/p>\n<p style=\"text-align: justify;\">Metropolitn\u00e1 univerzita Praha spolo\u010dne s&nbsp;partnermi pripravuje MUB-line \u0161peci\u00e1l s&nbsp;podn\u00e1zvom Tvor\u00edme spolo\u010dne bud\u00facnos\u0165. Uskuto\u010dn\u00ed sa online 9. j\u00fana 2021 ako \u010desko\u2013slovensk\u00e9 stretnutie kreat\u00edvnych a&nbsp;zodpovedn\u00fdch cvi\u010dn\u00fdch firiem.<\/p>\n<p>Uveden\u00fdm podujat\u00edm si chceme pripomen\u00fa\u0165 v\u00fdznam Svetov\u00e9ho d\u0148a \u017eivotn\u00e9ho prostredia, ktor\u00fd ka\u017edoro\u010dne pripad\u00e1 na 5. j\u00fan a&nbsp;tie\u017e roz\u0161\u00edri\u0165 povedomie cvi\u010dn\u00fdch firiem o ekologick\u00e9 ot\u00e1zky a&nbsp;v\u00fdzvy s\u00fa\u010dasnosti.<\/p>\n<p style=\"text-align: justify;\">T\u00e1to \u0161peci\u00e1lna udalos\u0165 je venovan\u00e1 zodpovedn\u00e9mu podnikaniu, udr\u017eate\u013en\u00e9mu rozvoju a&nbsp;spolo\u010denskej zodpovednosti podnikate\u013ea. Tematicky s\u00fa zameran\u00e9 aj tri pripraven\u00e9 S\u00da\u0164A\u017dE cvi\u010dn\u00fdch firiem so \u017eivou porotou. D\u00f4le\u017eitos\u0165 tejto problematiky neust\u00e1le rastie a &nbsp;obzvl\u00e1\u0161\u0165 v dobe svetovej pand\u00e9mie COVID-19.<\/p>\n<p>Partnermi aktivity s\u00fa \u0160t\u00e1tny in\u0161tit\u00fat odborn\u00e9ho vzdel\u00e1vania &#8211; SCCF, N\u00e1rodn\u00fd pedagogick\u00fd in\u0161tit\u00fat \u010cR &#8211; CEFIF Praha, PEN WorldWide, LINET, spol. s&nbsp;r. o. a \u010cesk\u00e1 po\u0161ta, s. p.<\/p>\n<p style=\"text-align: justify;\">Pre prihl\u00e1sen\u00e9 cvi\u010dn\u00e9 firmy zo Slovenska a&nbsp;\u010ciech s\u00fa okrem in\u00e9ho pripraven\u00e9 zauj\u00edmav\u00e9 ceny. Ale hlavne je d\u00f4le\u017eit\u00e9, \u017ee sa v z\u00e1vere zvl\u00e1\u0161tneho \u0161kolsk\u00e9ho roka online stretneme a u\u017eijeme si spolo\u010dn\u00fd program vr\u00e1tane online obchodovania.<\/p>\n<p>Pre div\u00e1kov a&nbsp;verejnos\u0165 bud\u00fa vybran\u00e9 \u010dasti programu pren\u00e1\u0161an\u00e9 na\u017eivo cez YouTube. Podrobn\u00e9 inform\u00e1cie n\u00e1jdete na <a href=\"https:\/\/www.mubanka.cz\/o-mub\/mub-special-tvorime-spolecne-budoucnost\/\">https:\/\/www.mubanka.cz\/o-mub\/mub-special-tvorime-spolecne-budoucnost\/<\/a>.<\/p>\n<p>V&nbsp;pr\u00edlohe prip\u00e1jame aj program a&nbsp;prihl\u00e1\u0161ku na MUB-line \u0161peci\u00e1l.<\/p>\n<p>Te\u0161\u00edme sa na Va\u0161u \u00fa\u010das\u0165.<\/p>\n<p><a href=\"https:\/\/archiv.siov.sk\/wp-content\/uploads\/2021\/05\/MUB-line-den-odpovedneho-podnikani-PROGRAM-090621.pdf\" target=\"_blank\" rel=\"noopener\"><img decoding=\"async\" class=\"alignnone wp-image-7769\" src=\"https:\/\/archiv.siov.sk\/wp-content\/uploads\/2021\/05\/pdf-ikona.png\" alt=\"\" width=\"57\" height=\"57\" srcset=\"https:\/\/archiv.siov.sk\/wp-content\/uploads\/2021\/05\/pdf-ikona.png 225w, https:\/\/archiv.siov.sk\/wp-content\/uploads\/2021\/05\/pdf-ikona-150x150.png 150w\" sizes=\"(max-width: 57px) 100vw, 57px\" \/> Program MUB-line \u0161peci\u00e1l<\/a><\/p>\n<p><a href=\"https:\/\/archiv.siov.sk\/wp-content\/uploads\/2021\/05\/Prihlaska-MUB-line-SPECIAL-090621.docx\" target=\"_blank\" rel=\"noopener\">&nbsp; &nbsp; <img decoding=\"async\" class=\"alignnone wp-image-5709\" src=\"https:\/\/archiv.siov.sk\/wp-content\/uploads\/2020\/04\/word-300x289.png\" alt=\"\" width=\"29\" height=\"28\" srcset=\"https:\/\/archiv.siov.sk\/wp-content\/uploads\/2020\/04\/word-300x289.png 300w, https:\/\/archiv.siov.sk\/wp-content\/uploads\/2020\/04\/word-150x150.png 150w, https:\/\/archiv.siov.sk\/wp-content\/uploads\/2020\/04\/word-480x462.png 480w, https:\/\/archiv.siov.sk\/wp-content\/uploads\/2020\/04\/word.png 512w\" sizes=\"(max-width: 29px) 100vw, 29px\" \/>&nbsp; &nbsp; Prihl\u00e1\u0161ka MUB-line \u0161peci\u00e1l<\/a><\/p>","protected":false},"excerpt":{"rendered":"<p>MUB-line \u0161peci\u00e1l &nbsp; Metropolitn\u00e1 univerzita Praha spolo\u010dne s&nbsp;partnermi pripravuje MUB-line \u0161peci\u00e1l s&nbsp;podn\u00e1zvom Tvor\u00edme spolo\u010dne bud\u00facnos\u0165. Uskuto\u010dn\u00ed sa online 9. j\u00fana 2021 ako \u010desko\u2013slovensk\u00e9 stretnutie kreat\u00edvnych a&nbsp;zodpovedn\u00fdch cvi\u010dn\u00fdch firiem. Uveden\u00fdm podujat\u00edm si chceme pripomen\u00fa\u0165 v\u00fdznam Svetov\u00e9ho d\u0148a \u017eivotn\u00e9ho prostredia, ktor\u00fd ka\u017edoro\u010dne pripad\u00e1 na 5. j\u00fan a&nbsp;tie\u017e roz\u0161\u00edri\u0165 povedomie cvi\u010dn\u00fdch firiem o ekologick\u00e9 ot\u00e1zky a&nbsp;v\u00fdzvy s\u00fa\u010dasnosti. T\u00e1to [&hellip;]<\/p>\n","protected":false},"author":6,"featured_media":2331,"comment_status":"closed","ping_status":"closed","sticky":false,"template":"","format":"standard","meta":{"site-sidebar-layout":"default","site-content-layout":"","ast-site-content-layout":"default","site-content-style":"default","site-sidebar-style":"default","ast-global-header-display":"","ast-banner-title-visibility":"","ast-main-header-display":"","ast-hfb-above-header-display":"","ast-hfb-below-header-display":"","ast-hfb-mobile-header-display":"","site-post-title":"","ast-breadcrumbs-content":"","ast-featured-img":"","footer-sml-layout":"","ast-disable-related-posts":"","theme-transparent-header-meta":"","adv-header-id-meta":"","stick-header-meta":"","header-above-stick-meta":"","header-main-stick-meta":"","header-below-stick-meta":"","astra-migrate-meta-layouts":"default","ast-page-background-enabled":"default","ast-page-background-meta":{"desktop":{"background-color":"var(--ast-global-color-4)","background-image":"","background-repeat":"repeat","background-position":"center center","background-size":"auto","background-attachment":"scroll","background-type":"","background-media":"","overlay-type":"","overlay-color":"","overlay-opacity":"","overlay-gradient":""},"tablet":{"background-color":"","background-image":"","background-repeat":"repeat","background-position":"center center","background-size":"auto","background-attachment":"scroll","background-type":"","background-media":"","overlay-type":"","overlay-color":"","overlay-opacity":"","overlay-gradient":""},"mobile":{"background-color":"","background-image":"","background-repeat":"repeat","background-position":"center center","background-size":"auto","background-attachment":"scroll","background-type":"","background-media":"","overlay-type":"","overlay-color":"","overlay-opacity":"","overlay-gradient":""}},"ast-content-background-meta":{"desktop":{"background-color":"var(--ast-global-color-5)","background-image":"","background-repeat":"repeat","background-position":"center center","background-size":"auto","background-attachment":"scroll","background-type":"","background-media":"","overlay-type":"","overlay-color":"","overlay-opacity":"","overlay-gradient":""},"tablet":{"background-color":"var(--ast-global-color-5)","background-image":"","background-repeat":"repeat","background-position":"center center","background-size":"auto","background-attachment":"scroll","background-type":"","background-media":"","overlay-type":"","overlay-color":"","overlay-opacity":"","overlay-gradient":""},"mobile":{"background-color":"var(--ast-global-color-5)","background-image":"","background-repeat":"repeat","background-position":"center center","background-size":"auto","background-attachment":"scroll","background-type":"","background-media":"","overlay-type":"","overlay-color":"","overlay-opacity":"","overlay-gradient":""}},"footnotes":""},"categories":[1,9],"tags":[],"class_list":["post-7794","post","type-post","status-publish","format-standard","has-post-thumbnail","hentry","category-aktuality","category-aktuality-v-case-koronavirusu"],"yoast_head":"<!-- This site is optimized with the Yoast SEO plugin v27.5 - https:\/\/yoast.com\/product\/yoast-seo-wordpress\/ -->\n<title>De\u0148 zodpovedn\u00e9ho podnikania cvi\u010dn\u00fdch firiem - \u0160IOV - \u0161t\u00e1tny in\u0161tit\u00fat odborn\u00e9ho vzdel\u00e1vania<\/title>\n<meta name=\"robots\" content=\"index, follow, max-snippet:-1, max-image-preview:large, max-video-preview:-1\" \/>\n<link rel=\"canonical\" href=\"https:\/\/archiv.siov.sk\/en\/den-zodpovedneho-podnikania-cvicnych-firiem\/\" \/>\n<meta property=\"og:locale\" content=\"en_GB\" \/>\n<meta property=\"og:type\" content=\"article\" \/>\n<meta property=\"og:title\" content=\"De\u0148 zodpovedn\u00e9ho podnikania cvi\u010dn\u00fdch firiem - \u0160IOV - \u0161t\u00e1tny in\u0161tit\u00fat odborn\u00e9ho vzdel\u00e1vania\" \/>\n<meta property=\"og:description\" content=\"MUB-line \u0161peci\u00e1l &nbsp; Metropolitn\u00e1 univerzita Praha spolo\u010dne s&nbsp;partnermi pripravuje MUB-line \u0161peci\u00e1l s&nbsp;podn\u00e1zvom Tvor\u00edme spolo\u010dne bud\u00facnos\u0165. Uskuto\u010dn\u00ed sa online 9. j\u00fana 2021 ako \u010desko\u2013slovensk\u00e9 stretnutie kreat\u00edvnych a&nbsp;zodpovedn\u00fdch cvi\u010dn\u00fdch firiem. Uveden\u00fdm podujat\u00edm si chceme pripomen\u00fa\u0165 v\u00fdznam Svetov\u00e9ho d\u0148a \u017eivotn\u00e9ho prostredia, ktor\u00fd ka\u017edoro\u010dne pripad\u00e1 na 5. j\u00fan a&nbsp;tie\u017e roz\u0161\u00edri\u0165 povedomie cvi\u010dn\u00fdch firiem o ekologick\u00e9 ot\u00e1zky a&nbsp;v\u00fdzvy s\u00fa\u010dasnosti. T\u00e1to [&hellip;]\" \/>\n<meta property=\"og:url\" content=\"https:\/\/archiv.siov.sk\/en\/den-zodpovedneho-podnikania-cvicnych-firiem\/\" \/>\n<meta property=\"og:site_name\" content=\"\u0160IOV - \u0161t\u00e1tny in\u0161tit\u00fat odborn\u00e9ho vzdel\u00e1vania\" \/>\n<meta property=\"article:publisher\" content=\"https:\/\/www.facebook.com\/Statnyinstitutodbornehovzdelavania\" \/>\n<meta property=\"article:published_time\" content=\"2021-05-06T13:31:41+00:00\" \/>\n<meta property=\"article:modified_time\" content=\"2021-05-06T13:32:58+00:00\" \/>\n<meta property=\"og:image\" content=\"https:\/\/archiv.siov.sk\/wp-content\/uploads\/2019\/02\/top_cvicne.jpg\" \/>\n\t<meta property=\"og:image:width\" content=\"1100\" \/>\n\t<meta property=\"og:image:height\" content=\"445\" \/>\n\t<meta property=\"og:image:type\" content=\"image\/jpeg\" \/>\n<meta name=\"author\" content=\"Katar\u00edna Kov\u00e1\u010dov\u00e1\" \/>\n<meta name=\"twitter:card\" content=\"summary_large_image\" \/>\n<meta name=\"twitter:label1\" content=\"Written by\" \/>\n\t<meta name=\"twitter:data1\" content=\"Katar\u00edna Kov\u00e1\u010dov\u00e1\" \/>\n\t<meta name=\"twitter:label2\" content=\"Estimated reading time\" \/>\n\t<meta name=\"twitter:data2\" content=\"2 minutes\" \/>\n<script type=\"application\/ld+json\" class=\"yoast-schema-graph\">{\"@context\":\"https:\\\/\\\/schema.org\",\"@graph\":[{\"@type\":\"Article\",\"@id\":\"https:\\\/\\\/archiv.siov.sk\\\/den-zodpovedneho-podnikania-cvicnych-firiem\\\/#article\",\"isPartOf\":{\"@id\":\"https:\\\/\\\/archiv.siov.sk\\\/den-zodpovedneho-podnikania-cvicnych-firiem\\\/\"},\"author\":{\"name\":\"Katar\u00edna Kov\u00e1\u010dov\u00e1\",\"@id\":\"https:\\\/\\\/archiv.siov.sk\\\/#\\\/schema\\\/person\\\/e42d633fbd958c6a726e8834d8965e6c\"},\"headline\":\"De\u0148 zodpovedn\u00e9ho podnikania cvi\u010dn\u00fdch firiem\",\"datePublished\":\"2021-05-06T13:31:41+00:00\",\"dateModified\":\"2021-05-06T13:32:58+00:00\",\"mainEntityOfPage\":{\"@id\":\"https:\\\/\\\/archiv.siov.sk\\\/den-zodpovedneho-podnikania-cvicnych-firiem\\\/\"},\"wordCount\":303,\"publisher\":{\"@id\":\"https:\\\/\\\/archiv.siov.sk\\\/#organization\"},\"image\":{\"@id\":\"https:\\\/\\\/archiv.siov.sk\\\/den-zodpovedneho-podnikania-cvicnych-firiem\\\/#primaryimage\"},\"thumbnailUrl\":\"https:\\\/\\\/archiv.siov.sk\\\/wp-content\\\/uploads\\\/2019\\\/02\\\/top_cvicne.jpg\",\"articleSection\":[\"Aktuality\",\"Aktuality v \u010dase koronav\u00edrusu\"],\"inLanguage\":\"en-GB\"},{\"@type\":\"WebPage\",\"@id\":\"https:\\\/\\\/archiv.siov.sk\\\/den-zodpovedneho-podnikania-cvicnych-firiem\\\/\",\"url\":\"https:\\\/\\\/archiv.siov.sk\\\/den-zodpovedneho-podnikania-cvicnych-firiem\\\/\",\"name\":\"De\u0148 zodpovedn\u00e9ho podnikania cvi\u010dn\u00fdch firiem - \u0160IOV - \u0161t\u00e1tny in\u0161tit\u00fat odborn\u00e9ho vzdel\u00e1vania\",\"isPartOf\":{\"@id\":\"https:\\\/\\\/archiv.siov.sk\\\/#website\"},\"primaryImageOfPage\":{\"@id\":\"https:\\\/\\\/archiv.siov.sk\\\/den-zodpovedneho-podnikania-cvicnych-firiem\\\/#primaryimage\"},\"image\":{\"@id\":\"https:\\\/\\\/archiv.siov.sk\\\/den-zodpovedneho-podnikania-cvicnych-firiem\\\/#primaryimage\"},\"thumbnailUrl\":\"https:\\\/\\\/archiv.siov.sk\\\/wp-content\\\/uploads\\\/2019\\\/02\\\/top_cvicne.jpg\",\"datePublished\":\"2021-05-06T13:31:41+00:00\",\"dateModified\":\"2021-05-06T13:32:58+00:00\",\"breadcrumb\":{\"@id\":\"https:\\\/\\\/archiv.siov.sk\\\/den-zodpovedneho-podnikania-cvicnych-firiem\\\/#breadcrumb\"},\"inLanguage\":\"en-GB\",\"potentialAction\":[{\"@type\":\"ReadAction\",\"target\":[\"https:\\\/\\\/archiv.siov.sk\\\/den-zodpovedneho-podnikania-cvicnych-firiem\\\/\"]}]},{\"@type\":\"ImageObject\",\"inLanguage\":\"en-GB\",\"@id\":\"https:\\\/\\\/archiv.siov.sk\\\/den-zodpovedneho-podnikania-cvicnych-firiem\\\/#primaryimage\",\"url\":\"https:\\\/\\\/archiv.siov.sk\\\/wp-content\\\/uploads\\\/2019\\\/02\\\/top_cvicne.jpg\",\"contentUrl\":\"https:\\\/\\\/archiv.siov.sk\\\/wp-content\\\/uploads\\\/2019\\\/02\\\/top_cvicne.jpg\",\"width\":1100,\"height\":445,\"caption\":\"Ve\u013etrh cvi\u010dn\u00fdch firiem prever\u00ed firmy zalo\u017een\u00e9 \u017eiakmi stredn\u00fdch \u0161k\u00f4l\"},{\"@type\":\"BreadcrumbList\",\"@id\":\"https:\\\/\\\/archiv.siov.sk\\\/den-zodpovedneho-podnikania-cvicnych-firiem\\\/#breadcrumb\",\"itemListElement\":[{\"@type\":\"ListItem\",\"position\":1,\"name\":\"Home\",\"item\":\"https:\\\/\\\/archiv.siov.sk\\\/\"},{\"@type\":\"ListItem\",\"position\":2,\"name\":\"De\u0148 zodpovedn\u00e9ho podnikania cvi\u010dn\u00fdch firiem\"}]},{\"@type\":\"WebSite\",\"@id\":\"https:\\\/\\\/archiv.siov.sk\\\/#website\",\"url\":\"https:\\\/\\\/archiv.siov.sk\\\/\",\"name\":\"\u0160IOV - \u0161t\u00e1tny in\u0161tit\u00fat odborn\u00e9ho vzdel\u00e1vania\",\"description\":\"\",\"publisher\":{\"@id\":\"https:\\\/\\\/archiv.siov.sk\\\/#organization\"},\"potentialAction\":[{\"@type\":\"SearchAction\",\"target\":{\"@type\":\"EntryPoint\",\"urlTemplate\":\"https:\\\/\\\/archiv.siov.sk\\\/?s={search_term_string}\"},\"query-input\":{\"@type\":\"PropertyValueSpecification\",\"valueRequired\":true,\"valueName\":\"search_term_string\"}}],\"inLanguage\":\"en-GB\"},{\"@type\":\"Organization\",\"@id\":\"https:\\\/\\\/archiv.siov.sk\\\/#organization\",\"name\":\"\u0160IOV - \u0161t\u00e1tny in\u0161tit\u00fat odborn\u00e9ho vzdel\u00e1vania\",\"url\":\"https:\\\/\\\/archiv.siov.sk\\\/\",\"logo\":{\"@type\":\"ImageObject\",\"inLanguage\":\"en-GB\",\"@id\":\"https:\\\/\\\/archiv.siov.sk\\\/#\\\/schema\\\/logo\\\/image\\\/\",\"url\":\"https:\\\/\\\/archiv.siov.sk\\\/wp-content\\\/uploads\\\/2024\\\/02\\\/logo-SIOV.png\",\"contentUrl\":\"https:\\\/\\\/archiv.siov.sk\\\/wp-content\\\/uploads\\\/2024\\\/02\\\/logo-SIOV.png\",\"width\":431,\"height\":143,\"caption\":\"\u0160IOV - \u0161t\u00e1tny in\u0161tit\u00fat odborn\u00e9ho vzdel\u00e1vania\"},\"image\":{\"@id\":\"https:\\\/\\\/archiv.siov.sk\\\/#\\\/schema\\\/logo\\\/image\\\/\"},\"sameAs\":[\"https:\\\/\\\/www.facebook.com\\\/Statnyinstitutodbornehovzdelavania\"]},{\"@type\":\"Person\",\"@id\":\"https:\\\/\\\/archiv.siov.sk\\\/#\\\/schema\\\/person\\\/e42d633fbd958c6a726e8834d8965e6c\",\"name\":\"Katar\u00edna Kov\u00e1\u010dov\u00e1\",\"url\":\"https:\\\/\\\/archiv.siov.sk\\\/en\\\/author\\\/katkakovacova\\\/\"}]}<\/script>\n<!-- \/ Yoast SEO plugin. -->","yoast_head_json":{"title":"De\u0148 zodpovedn\u00e9ho podnikania cvi\u010dn\u00fdch firiem - \u0160IOV - \u0161t\u00e1tny in\u0161tit\u00fat odborn\u00e9ho vzdel\u00e1vania","robots":{"index":"index","follow":"follow","max-snippet":"max-snippet:-1","max-image-preview":"max-image-preview:large","max-video-preview":"max-video-preview:-1"},"canonical":"https:\/\/archiv.siov.sk\/en\/den-zodpovedneho-podnikania-cvicnych-firiem\/","og_locale":"en_GB","og_type":"article","og_title":"De\u0148 zodpovedn\u00e9ho podnikania cvi\u010dn\u00fdch firiem - \u0160IOV - \u0161t\u00e1tny in\u0161tit\u00fat odborn\u00e9ho vzdel\u00e1vania","og_description":"MUB-line \u0161peci\u00e1l &nbsp; Metropolitn\u00e1 univerzita Praha spolo\u010dne s&nbsp;partnermi pripravuje MUB-line \u0161peci\u00e1l s&nbsp;podn\u00e1zvom Tvor\u00edme spolo\u010dne bud\u00facnos\u0165. Uskuto\u010dn\u00ed sa online 9. j\u00fana 2021 ako \u010desko\u2013slovensk\u00e9 stretnutie kreat\u00edvnych a&nbsp;zodpovedn\u00fdch cvi\u010dn\u00fdch firiem. Uveden\u00fdm podujat\u00edm si chceme pripomen\u00fa\u0165 v\u00fdznam Svetov\u00e9ho d\u0148a \u017eivotn\u00e9ho prostredia, ktor\u00fd ka\u017edoro\u010dne pripad\u00e1 na 5. j\u00fan a&nbsp;tie\u017e roz\u0161\u00edri\u0165 povedomie cvi\u010dn\u00fdch firiem o ekologick\u00e9 ot\u00e1zky a&nbsp;v\u00fdzvy s\u00fa\u010dasnosti. T\u00e1to [&hellip;]","og_url":"https:\/\/archiv.siov.sk\/en\/den-zodpovedneho-podnikania-cvicnych-firiem\/","og_site_name":"\u0160IOV - \u0161t\u00e1tny in\u0161tit\u00fat odborn\u00e9ho vzdel\u00e1vania","article_publisher":"https:\/\/www.facebook.com\/Statnyinstitutodbornehovzdelavania","article_published_time":"2021-05-06T13:31:41+00:00","article_modified_time":"2021-05-06T13:32:58+00:00","og_image":[{"width":1100,"height":445,"url":"https:\/\/archiv.siov.sk\/wp-content\/uploads\/2019\/02\/top_cvicne.jpg","type":"image\/jpeg"}],"author":"Katar\u00edna Kov\u00e1\u010dov\u00e1","twitter_card":"summary_large_image","twitter_misc":{"Written by":"Katar\u00edna Kov\u00e1\u010dov\u00e1","Estimated reading time":"2 minutes"},"schema":{"@context":"https:\/\/schema.org","@graph":[{"@type":"Article","@id":"https:\/\/archiv.siov.sk\/den-zodpovedneho-podnikania-cvicnych-firiem\/#article","isPartOf":{"@id":"https:\/\/archiv.siov.sk\/den-zodpovedneho-podnikania-cvicnych-firiem\/"},"author":{"name":"Katar\u00edna Kov\u00e1\u010dov\u00e1","@id":"https:\/\/archiv.siov.sk\/#\/schema\/person\/e42d633fbd958c6a726e8834d8965e6c"},"headline":"De\u0148 zodpovedn\u00e9ho podnikania cvi\u010dn\u00fdch firiem","datePublished":"2021-05-06T13:31:41+00:00","dateModified":"2021-05-06T13:32:58+00:00","mainEntityOfPage":{"@id":"https:\/\/archiv.siov.sk\/den-zodpovedneho-podnikania-cvicnych-firiem\/"},"wordCount":303,"publisher":{"@id":"https:\/\/archiv.siov.sk\/#organization"},"image":{"@id":"https:\/\/archiv.siov.sk\/den-zodpovedneho-podnikania-cvicnych-firiem\/#primaryimage"},"thumbnailUrl":"https:\/\/archiv.siov.sk\/wp-content\/uploads\/2019\/02\/top_cvicne.jpg","articleSection":["Aktuality","Aktuality v \u010dase koronav\u00edrusu"],"inLanguage":"en-GB"},{"@type":"WebPage","@id":"https:\/\/archiv.siov.sk\/den-zodpovedneho-podnikania-cvicnych-firiem\/","url":"https:\/\/archiv.siov.sk\/den-zodpovedneho-podnikania-cvicnych-firiem\/","name":"De\u0148 zodpovedn\u00e9ho podnikania cvi\u010dn\u00fdch firiem - \u0160IOV - \u0161t\u00e1tny in\u0161tit\u00fat odborn\u00e9ho vzdel\u00e1vania","isPartOf":{"@id":"https:\/\/archiv.siov.sk\/#website"},"primaryImageOfPage":{"@id":"https:\/\/archiv.siov.sk\/den-zodpovedneho-podnikania-cvicnych-firiem\/#primaryimage"},"image":{"@id":"https:\/\/archiv.siov.sk\/den-zodpovedneho-podnikania-cvicnych-firiem\/#primaryimage"},"thumbnailUrl":"https:\/\/archiv.siov.sk\/wp-content\/uploads\/2019\/02\/top_cvicne.jpg","datePublished":"2021-05-06T13:31:41+00:00","dateModified":"2021-05-06T13:32:58+00:00","breadcrumb":{"@id":"https:\/\/archiv.siov.sk\/den-zodpovedneho-podnikania-cvicnych-firiem\/#breadcrumb"},"inLanguage":"en-GB","potentialAction":[{"@type":"ReadAction","target":["https:\/\/archiv.siov.sk\/den-zodpovedneho-podnikania-cvicnych-firiem\/"]}]},{"@type":"ImageObject","inLanguage":"en-GB","@id":"https:\/\/archiv.siov.sk\/den-zodpovedneho-podnikania-cvicnych-firiem\/#primaryimage","url":"https:\/\/archiv.siov.sk\/wp-content\/uploads\/2019\/02\/top_cvicne.jpg","contentUrl":"https:\/\/archiv.siov.sk\/wp-content\/uploads\/2019\/02\/top_cvicne.jpg","width":1100,"height":445,"caption":"Ve\u013etrh cvi\u010dn\u00fdch firiem prever\u00ed firmy zalo\u017een\u00e9 \u017eiakmi stredn\u00fdch \u0161k\u00f4l"},{"@type":"BreadcrumbList","@id":"https:\/\/archiv.siov.sk\/den-zodpovedneho-podnikania-cvicnych-firiem\/#breadcrumb","itemListElement":[{"@type":"ListItem","position":1,"name":"Home","item":"https:\/\/archiv.siov.sk\/"},{"@type":"ListItem","position":2,"name":"De\u0148 zodpovedn\u00e9ho podnikania cvi\u010dn\u00fdch firiem"}]},{"@type":"WebSite","@id":"https:\/\/archiv.siov.sk\/#website","url":"https:\/\/archiv.siov.sk\/","name":"\u0160IOV - \u0161t\u00e1tny in\u0161tit\u00fat odborn\u00e9ho vzdel\u00e1vania","description":"","publisher":{"@id":"https:\/\/archiv.siov.sk\/#organization"},"potentialAction":[{"@type":"SearchAction","target":{"@type":"EntryPoint","urlTemplate":"https:\/\/archiv.siov.sk\/?s={search_term_string}"},"query-input":{"@type":"PropertyValueSpecification","valueRequired":true,"valueName":"search_term_string"}}],"inLanguage":"en-GB"},{"@type":"Organization","@id":"https:\/\/archiv.siov.sk\/#organization","name":"\u0160IOV - \u0161t\u00e1tny in\u0161tit\u00fat odborn\u00e9ho vzdel\u00e1vania","url":"https:\/\/archiv.siov.sk\/","logo":{"@type":"ImageObject","inLanguage":"en-GB","@id":"https:\/\/archiv.siov.sk\/#\/schema\/logo\/image\/","url":"https:\/\/archiv.siov.sk\/wp-content\/uploads\/2024\/02\/logo-SIOV.png","contentUrl":"https:\/\/archiv.siov.sk\/wp-content\/uploads\/2024\/02\/logo-SIOV.png","width":431,"height":143,"caption":"\u0160IOV - \u0161t\u00e1tny in\u0161tit\u00fat odborn\u00e9ho vzdel\u00e1vania"},"image":{"@id":"https:\/\/archiv.siov.sk\/#\/schema\/logo\/image\/"},"sameAs":["https:\/\/www.facebook.com\/Statnyinstitutodbornehovzdelavania"]},{"@type":"Person","@id":"https:\/\/archiv.siov.sk\/#\/schema\/person\/e42d633fbd958c6a726e8834d8965e6c","name":"Katar\u00edna Kov\u00e1\u010dov\u00e1","url":"https:\/\/archiv.siov.sk\/en\/author\/katkakovacova\/"}]}},"_links":{"self":[{"href":"https:\/\/archiv.siov.sk\/en\/wp-json\/wp\/v2\/posts\/7794","targetHints":{"allow":["GET"]}}],"collection":[{"href":"https:\/\/archiv.siov.sk\/en\/wp-json\/wp\/v2\/posts"}],"about":[{"href":"https:\/\/archiv.siov.sk\/en\/wp-json\/wp\/v2\/types\/post"}],"author":[{"embeddable":true,"href":"https:\/\/archiv.siov.sk\/en\/wp-json\/wp\/v2\/users\/6"}],"replies":[{"embeddable":true,"href":"https:\/\/archiv.siov.sk\/en\/wp-json\/wp\/v2\/comments?post=7794"}],"version-history":[{"count":4,"href":"https:\/\/archiv.siov.sk\/en\/wp-json\/wp\/v2\/posts\/7794\/revisions"}],"predecessor-version":[{"id":7801,"href":"https:\/\/archiv.siov.sk\/en\/wp-json\/wp\/v2\/posts\/7794\/revisions\/7801"}],"wp:featuredmedia":[{"embeddable":true,"href":"https:\/\/archiv.siov.sk\/en\/wp-json\/wp\/v2\/media\/2331"}],"wp:attachment":[{"href":"https:\/\/archiv.siov.sk\/en\/wp-json\/wp\/v2\/media?parent=7794"}],"wp:term":[{"taxonomy":"category","embeddable":true,"href":"https:\/\/archiv.siov.sk\/en\/wp-json\/wp\/v2\/categories?post=7794"},{"taxonomy":"post_tag","embeddable":true,"href":"https:\/\/archiv.siov.sk\/en\/wp-json\/wp\/v2\/tags?post=7794"}],"curies":[{"name":"wp","href":"https:\/\/api.w.org\/{rel}","templated":true}]}}