{"id":7772,"date":"2021-05-04T13:02:38","date_gmt":"2021-05-04T11:02:38","guid":{"rendered":"https:\/\/archiv.siov.sk\/?p=7772"},"modified":"2021-05-04T13:02:38","modified_gmt":"2021-05-04T11:02:38","slug":"mlady-ekofarmar-sa-musel-prisposobit-aktualnym-podmienkam","status":"publish","type":"post","link":"https:\/\/archiv.siov.sk\/en\/mlady-ekofarmar-sa-musel-prisposobit-aktualnym-podmienkam\/","title":{"rendered":"Mlad\u00fd ekofarm\u00e1r sa musel prisp\u00f4sobi\u0165 aktu\u00e1lnym podmienkam"},"content":{"rendered":"<p style=\"text-align: justify;\">Mlad\u00fd ekofarm\u00e1r je s\u00fa\u0165a\u017eou, do ktorej sa u\u017e 22 rokov zap\u00e1jaj\u00fa talentovan\u00ed \u017eiaci&nbsp; stredn\u00fdch odborn\u00fdch \u0161k\u00f4l so \u0161tudijn\u00fdmi odbormi agropodnikanie, \u017eivotn\u00e9 prostredie, veterin\u00e1rne zdravotn\u00edctvo a hygiena a \u010fal\u0161\u00edmi odbormi s\u00favisiacimi s po\u013enohospod\u00e1rstvom, potravin\u00e1rstvom a ekol\u00f3giou. Celo\u0161t\u00e1tne kolo sa realizovalo pod gestorstvom Strednej odbornej \u0161koly Pod B\u00e1no\u0161om v Banskej Bystrici&nbsp; 28.- 30. apr\u00edla 2021.<\/p>\n<p>Vytvori\u0165&nbsp; v&nbsp;di\u0161tan\u010dnej forme simul\u00e1ciu a&nbsp;porovn\u00e1vanie vedomost\u00ed \u017eiakov v&nbsp;praktickej \u010dasti zameranej na vlastn\u00e9 dojenie bolo pomerne zlo\u017eit\u00e9. Aj nov\u00e1 virtu\u00e1lna forma v\u0161ak bola pre s\u00fa\u0165a\u017eiacich pr\u00ednosom.<\/p>\n<p style=\"text-align: justify;\">\u017diaci akt\u00edvne i&nbsp;ke\u010f len v&nbsp;teoretickej rovine absolvovali p\u00e4\u0165 \u010dast\u00ed, ako dojenie prostredn\u00edctvom uk\u00e1\u017eok vide\u00ed z&nbsp;po\u013enohospod\u00e1rskej praxe, online test o&nbsp;mlieku, v\u00fdpo\u010dty laborat\u00f3rnych sk\u00fa\u0161ok \u2013 tu miesto praktickej \u010dasti&nbsp; v&nbsp;laborat\u00f3riu vypo\u010d\u00edtali zadan\u00e9 \u00falohy. Hodnotenie kvality mlieka, po\u010das ktor\u00e9ho zatrie\u010fovali mlieko do tried kvality na z\u00e1klade zadan\u00fdch \u00fadajov a&nbsp;na koniec &nbsp;pozn\u00e1vali rastliny, osiv\u00e1 a&nbsp;krmoviny pod\u013ea fotografi\u00ed.<\/p>\n<ol>\n<li><strong>miesto<\/strong> v&nbsp;celkovom porad\u00ed z\u00edskala <strong>Zuzana Kubi\u0161ov\u00e1, SO\u0160 veterin\u00e1rna Nitra,<\/strong> <strong>2. miesto<\/strong> obsadil <strong>Milan Vojtek, SO\u0160 Pod B\u00e1no\u0161om 80, Bansk\u00e1 Bystrica<\/strong> a&nbsp;<strong>3. miesto<\/strong> <strong>Miroslav Predajniansky, SO\u0160 Pod B\u00e1no\u0161om 80, Bansk\u00e1 Bystrica. <\/strong><\/li>\n<\/ol>\n<p style=\"text-align: justify;\">S\u00fa\u010das\u0165ou programu bola aj odborn\u00e1 predn\u00e1\u0161ka ur\u010den\u00e1 pre \u017eiakov a&nbsp;pedag\u00f3gov stredn\u00fdch odborn\u00fdch \u0161k\u00f4l s&nbsp;t\u00e9mou \u201eStrojov\u00e9 dojenie kr\u00e1v a&nbsp;kvalita mlieka\u201c lektorom bol Prof. Ing. Vladim\u00edr Tan\u010din, DrSc. z N\u00e1rodn\u00e9ho po\u013enohospod\u00e1rskeho&nbsp; a&nbsp;potravin\u00e1rskeho centra V\u00da\u017dV Nitra a&nbsp;Slovenskej po\u013enohospod\u00e1rskej univerzity Nitra.&nbsp;&nbsp;&nbsp;&nbsp;&nbsp;&nbsp;<\/p>\n<p style=\"text-align: justify;\">Sprievodn\u00e9 podujatie prezen\u010dnej formy pod n\u00e1zvom \u201eMlad\u00e9 farm\u00e1r\u010da\u201d, kde sa odborn\u00edkmi a&nbsp;pedag\u00f3gmi realizuj\u00facej \u0161koly prezentuje po\u013enohospod\u00e1rstvo a&nbsp;potravin\u00e1rstvo \u017eiakom z\u00e1kladn\u00fdch \u0161k\u00f4l sa pre di\u0161tan\u010dn\u00fa formu tento rok nerealizovala.&nbsp;<\/p>\n<p>Vyhlasovate\u013eom s\u00fa\u0165a\u017ee je Ministerstvo \u0161kolstva, vedy, v\u00fdskumu a&nbsp;\u0161portu SR. \u0160t\u00e1tny in\u0161tit\u00fat odborn\u00e9ho vzdel\u00e1vania pln\u00ed \u00falohy odborn\u00e9ho a&nbsp;metodick\u00e9ho gestora s\u00fa\u0165a\u017ee.<\/p>\n<p>&nbsp;&nbsp;&nbsp;&nbsp;&nbsp;&nbsp;&nbsp;&nbsp;&nbsp;&nbsp;&nbsp;&nbsp;&nbsp;<\/p>\n<p>&nbsp; &nbsp; &nbsp; &nbsp;<\/p>","protected":false},"excerpt":{"rendered":"<p>Mlad\u00fd ekofarm\u00e1r je s\u00fa\u0165a\u017eou, do ktorej sa u\u017e 22 rokov zap\u00e1jaj\u00fa talentovan\u00ed \u017eiaci&nbsp; stredn\u00fdch odborn\u00fdch \u0161k\u00f4l so \u0161tudijn\u00fdmi odbormi agropodnikanie, \u017eivotn\u00e9 prostredie, veterin\u00e1rne zdravotn\u00edctvo a hygiena a \u010fal\u0161\u00edmi odbormi s\u00favisiacimi s po\u013enohospod\u00e1rstvom, potravin\u00e1rstvom a ekol\u00f3giou. Celo\u0161t\u00e1tne kolo sa realizovalo pod gestorstvom Strednej odbornej \u0161koly Pod B\u00e1no\u0161om v Banskej Bystrici&nbsp; 28.- 30. apr\u00edla 2021. Vytvori\u0165&nbsp; v&nbsp;di\u0161tan\u010dnej [&hellip;]<\/p>\n","protected":false},"author":6,"featured_media":7774,"comment_status":"closed","ping_status":"closed","sticky":false,"template":"","format":"standard","meta":{"site-sidebar-layout":"default","site-content-layout":"","ast-site-content-layout":"default","site-content-style":"default","site-sidebar-style":"default","ast-global-header-display":"","ast-banner-title-visibility":"","ast-main-header-display":"","ast-hfb-above-header-display":"","ast-hfb-below-header-display":"","ast-hfb-mobile-header-display":"","site-post-title":"","ast-breadcrumbs-content":"","ast-featured-img":"","footer-sml-layout":"","ast-disable-related-posts":"","theme-transparent-header-meta":"","adv-header-id-meta":"","stick-header-meta":"","header-above-stick-meta":"","header-main-stick-meta":"","header-below-stick-meta":"","astra-migrate-meta-layouts":"default","ast-page-background-enabled":"default","ast-page-background-meta":{"desktop":{"background-color":"var(--ast-global-color-4)","background-image":"","background-repeat":"repeat","background-position":"center center","background-size":"auto","background-attachment":"scroll","background-type":"","background-media":"","overlay-type":"","overlay-color":"","overlay-opacity":"","overlay-gradient":""},"tablet":{"background-color":"","background-image":"","background-repeat":"repeat","background-position":"center center","background-size":"auto","background-attachment":"scroll","background-type":"","background-media":"","overlay-type":"","overlay-color":"","overlay-opacity":"","overlay-gradient":""},"mobile":{"background-color":"","background-image":"","background-repeat":"repeat","background-position":"center center","background-size":"auto","background-attachment":"scroll","background-type":"","background-media":"","overlay-type":"","overlay-color":"","overlay-opacity":"","overlay-gradient":""}},"ast-content-background-meta":{"desktop":{"background-color":"var(--ast-global-color-5)","background-image":"","background-repeat":"repeat","background-position":"center center","background-size":"auto","background-attachment":"scroll","background-type":"","background-media":"","overlay-type":"","overlay-color":"","overlay-opacity":"","overlay-gradient":""},"tablet":{"background-color":"var(--ast-global-color-5)","background-image":"","background-repeat":"repeat","background-position":"center center","background-size":"auto","background-attachment":"scroll","background-type":"","background-media":"","overlay-type":"","overlay-color":"","overlay-opacity":"","overlay-gradient":""},"mobile":{"background-color":"var(--ast-global-color-5)","background-image":"","background-repeat":"repeat","background-position":"center center","background-size":"auto","background-attachment":"scroll","background-type":"","background-media":"","overlay-type":"","overlay-color":"","overlay-opacity":"","overlay-gradient":""}},"footnotes":""},"categories":[1,9],"tags":[],"class_list":["post-7772","post","type-post","status-publish","format-standard","has-post-thumbnail","hentry","category-aktuality","category-aktuality-v-case-koronavirusu"],"yoast_head":"<!-- This site is optimized with the Yoast SEO plugin v27.5 - https:\/\/yoast.com\/product\/yoast-seo-wordpress\/ -->\n<title>Mlad\u00fd ekofarm\u00e1r sa musel prisp\u00f4sobi\u0165 aktu\u00e1lnym podmienkam - \u0160IOV - \u0161t\u00e1tny in\u0161tit\u00fat odborn\u00e9ho vzdel\u00e1vania<\/title>\n<meta name=\"robots\" content=\"index, follow, max-snippet:-1, max-image-preview:large, max-video-preview:-1\" \/>\n<link rel=\"canonical\" href=\"https:\/\/archiv.siov.sk\/en\/mlady-ekofarmar-sa-musel-prisposobit-aktualnym-podmienkam\/\" \/>\n<meta property=\"og:locale\" content=\"en_GB\" \/>\n<meta property=\"og:type\" content=\"article\" \/>\n<meta property=\"og:title\" content=\"Mlad\u00fd ekofarm\u00e1r sa musel prisp\u00f4sobi\u0165 aktu\u00e1lnym podmienkam - \u0160IOV - \u0161t\u00e1tny in\u0161tit\u00fat odborn\u00e9ho vzdel\u00e1vania\" \/>\n<meta property=\"og:description\" content=\"Mlad\u00fd ekofarm\u00e1r je s\u00fa\u0165a\u017eou, do ktorej sa u\u017e 22 rokov zap\u00e1jaj\u00fa talentovan\u00ed \u017eiaci&nbsp; stredn\u00fdch odborn\u00fdch \u0161k\u00f4l so \u0161tudijn\u00fdmi odbormi agropodnikanie, \u017eivotn\u00e9 prostredie, veterin\u00e1rne zdravotn\u00edctvo a hygiena a \u010fal\u0161\u00edmi odbormi s\u00favisiacimi s po\u013enohospod\u00e1rstvom, potravin\u00e1rstvom a ekol\u00f3giou. Celo\u0161t\u00e1tne kolo sa realizovalo pod gestorstvom Strednej odbornej \u0161koly Pod B\u00e1no\u0161om v Banskej Bystrici&nbsp; 28.- 30. apr\u00edla 2021. Vytvori\u0165&nbsp; v&nbsp;di\u0161tan\u010dnej [&hellip;]\" \/>\n<meta property=\"og:url\" content=\"https:\/\/archiv.siov.sk\/en\/mlady-ekofarmar-sa-musel-prisposobit-aktualnym-podmienkam\/\" \/>\n<meta property=\"og:site_name\" content=\"\u0160IOV - \u0161t\u00e1tny in\u0161tit\u00fat odborn\u00e9ho vzdel\u00e1vania\" \/>\n<meta property=\"article:publisher\" content=\"https:\/\/www.facebook.com\/Statnyinstitutodbornehovzdelavania\" \/>\n<meta property=\"article:published_time\" content=\"2021-05-04T11:02:38+00:00\" \/>\n<meta property=\"og:image\" content=\"https:\/\/archiv.siov.sk\/wp-content\/uploads\/2021\/05\/Foto-SOM-ceny-2jpeg.jpeg\" \/>\n\t<meta property=\"og:image:width\" content=\"640\" \/>\n\t<meta property=\"og:image:height\" content=\"480\" \/>\n\t<meta property=\"og:image:type\" content=\"image\/jpeg\" \/>\n<meta name=\"author\" content=\"Katar\u00edna Kov\u00e1\u010dov\u00e1\" \/>\n<meta name=\"twitter:card\" content=\"summary_large_image\" \/>\n<meta name=\"twitter:label1\" content=\"Written by\" \/>\n\t<meta name=\"twitter:data1\" content=\"Katar\u00edna Kov\u00e1\u010dov\u00e1\" \/>\n\t<meta name=\"twitter:label2\" content=\"Estimated reading time\" \/>\n\t<meta name=\"twitter:data2\" content=\"2 minutes\" \/>\n<script type=\"application\/ld+json\" class=\"yoast-schema-graph\">{\"@context\":\"https:\\\/\\\/schema.org\",\"@graph\":[{\"@type\":\"Article\",\"@id\":\"https:\\\/\\\/archiv.siov.sk\\\/mlady-ekofarmar-sa-musel-prisposobit-aktualnym-podmienkam\\\/#article\",\"isPartOf\":{\"@id\":\"https:\\\/\\\/archiv.siov.sk\\\/mlady-ekofarmar-sa-musel-prisposobit-aktualnym-podmienkam\\\/\"},\"author\":{\"name\":\"Katar\u00edna Kov\u00e1\u010dov\u00e1\",\"@id\":\"https:\\\/\\\/archiv.siov.sk\\\/#\\\/schema\\\/person\\\/e42d633fbd958c6a726e8834d8965e6c\"},\"headline\":\"Mlad\u00fd ekofarm\u00e1r sa musel prisp\u00f4sobi\u0165 aktu\u00e1lnym podmienkam\",\"datePublished\":\"2021-05-04T11:02:38+00:00\",\"mainEntityOfPage\":{\"@id\":\"https:\\\/\\\/archiv.siov.sk\\\/mlady-ekofarmar-sa-musel-prisposobit-aktualnym-podmienkam\\\/\"},\"wordCount\":422,\"publisher\":{\"@id\":\"https:\\\/\\\/archiv.siov.sk\\\/#organization\"},\"image\":{\"@id\":\"https:\\\/\\\/archiv.siov.sk\\\/mlady-ekofarmar-sa-musel-prisposobit-aktualnym-podmienkam\\\/#primaryimage\"},\"thumbnailUrl\":\"https:\\\/\\\/archiv.siov.sk\\\/wp-content\\\/uploads\\\/2021\\\/05\\\/Foto-SOM-ceny-2jpeg.jpeg\",\"articleSection\":[\"Aktuality\",\"Aktuality v \u010dase koronav\u00edrusu\"],\"inLanguage\":\"en-GB\"},{\"@type\":\"WebPage\",\"@id\":\"https:\\\/\\\/archiv.siov.sk\\\/mlady-ekofarmar-sa-musel-prisposobit-aktualnym-podmienkam\\\/\",\"url\":\"https:\\\/\\\/archiv.siov.sk\\\/mlady-ekofarmar-sa-musel-prisposobit-aktualnym-podmienkam\\\/\",\"name\":\"Mlad\u00fd ekofarm\u00e1r sa musel prisp\u00f4sobi\u0165 aktu\u00e1lnym podmienkam - \u0160IOV - \u0161t\u00e1tny in\u0161tit\u00fat odborn\u00e9ho vzdel\u00e1vania\",\"isPartOf\":{\"@id\":\"https:\\\/\\\/archiv.siov.sk\\\/#website\"},\"primaryImageOfPage\":{\"@id\":\"https:\\\/\\\/archiv.siov.sk\\\/mlady-ekofarmar-sa-musel-prisposobit-aktualnym-podmienkam\\\/#primaryimage\"},\"image\":{\"@id\":\"https:\\\/\\\/archiv.siov.sk\\\/mlady-ekofarmar-sa-musel-prisposobit-aktualnym-podmienkam\\\/#primaryimage\"},\"thumbnailUrl\":\"https:\\\/\\\/archiv.siov.sk\\\/wp-content\\\/uploads\\\/2021\\\/05\\\/Foto-SOM-ceny-2jpeg.jpeg\",\"datePublished\":\"2021-05-04T11:02:38+00:00\",\"breadcrumb\":{\"@id\":\"https:\\\/\\\/archiv.siov.sk\\\/mlady-ekofarmar-sa-musel-prisposobit-aktualnym-podmienkam\\\/#breadcrumb\"},\"inLanguage\":\"en-GB\",\"potentialAction\":[{\"@type\":\"ReadAction\",\"target\":[\"https:\\\/\\\/archiv.siov.sk\\\/mlady-ekofarmar-sa-musel-prisposobit-aktualnym-podmienkam\\\/\"]}]},{\"@type\":\"ImageObject\",\"inLanguage\":\"en-GB\",\"@id\":\"https:\\\/\\\/archiv.siov.sk\\\/mlady-ekofarmar-sa-musel-prisposobit-aktualnym-podmienkam\\\/#primaryimage\",\"url\":\"https:\\\/\\\/archiv.siov.sk\\\/wp-content\\\/uploads\\\/2021\\\/05\\\/Foto-SOM-ceny-2jpeg.jpeg\",\"contentUrl\":\"https:\\\/\\\/archiv.siov.sk\\\/wp-content\\\/uploads\\\/2021\\\/05\\\/Foto-SOM-ceny-2jpeg.jpeg\",\"width\":640,\"height\":480},{\"@type\":\"BreadcrumbList\",\"@id\":\"https:\\\/\\\/archiv.siov.sk\\\/mlady-ekofarmar-sa-musel-prisposobit-aktualnym-podmienkam\\\/#breadcrumb\",\"itemListElement\":[{\"@type\":\"ListItem\",\"position\":1,\"name\":\"Home\",\"item\":\"https:\\\/\\\/archiv.siov.sk\\\/\"},{\"@type\":\"ListItem\",\"position\":2,\"name\":\"Mlad\u00fd ekofarm\u00e1r sa musel prisp\u00f4sobi\u0165 aktu\u00e1lnym podmienkam\"}]},{\"@type\":\"WebSite\",\"@id\":\"https:\\\/\\\/archiv.siov.sk\\\/#website\",\"url\":\"https:\\\/\\\/archiv.siov.sk\\\/\",\"name\":\"\u0160IOV - \u0161t\u00e1tny in\u0161tit\u00fat odborn\u00e9ho vzdel\u00e1vania\",\"description\":\"\",\"publisher\":{\"@id\":\"https:\\\/\\\/archiv.siov.sk\\\/#organization\"},\"potentialAction\":[{\"@type\":\"SearchAction\",\"target\":{\"@type\":\"EntryPoint\",\"urlTemplate\":\"https:\\\/\\\/archiv.siov.sk\\\/?s={search_term_string}\"},\"query-input\":{\"@type\":\"PropertyValueSpecification\",\"valueRequired\":true,\"valueName\":\"search_term_string\"}}],\"inLanguage\":\"en-GB\"},{\"@type\":\"Organization\",\"@id\":\"https:\\\/\\\/archiv.siov.sk\\\/#organization\",\"name\":\"\u0160IOV - \u0161t\u00e1tny in\u0161tit\u00fat odborn\u00e9ho vzdel\u00e1vania\",\"url\":\"https:\\\/\\\/archiv.siov.sk\\\/\",\"logo\":{\"@type\":\"ImageObject\",\"inLanguage\":\"en-GB\",\"@id\":\"https:\\\/\\\/archiv.siov.sk\\\/#\\\/schema\\\/logo\\\/image\\\/\",\"url\":\"https:\\\/\\\/archiv.siov.sk\\\/wp-content\\\/uploads\\\/2024\\\/02\\\/logo-SIOV.png\",\"contentUrl\":\"https:\\\/\\\/archiv.siov.sk\\\/wp-content\\\/uploads\\\/2024\\\/02\\\/logo-SIOV.png\",\"width\":431,\"height\":143,\"caption\":\"\u0160IOV - \u0161t\u00e1tny in\u0161tit\u00fat odborn\u00e9ho vzdel\u00e1vania\"},\"image\":{\"@id\":\"https:\\\/\\\/archiv.siov.sk\\\/#\\\/schema\\\/logo\\\/image\\\/\"},\"sameAs\":[\"https:\\\/\\\/www.facebook.com\\\/Statnyinstitutodbornehovzdelavania\"]},{\"@type\":\"Person\",\"@id\":\"https:\\\/\\\/archiv.siov.sk\\\/#\\\/schema\\\/person\\\/e42d633fbd958c6a726e8834d8965e6c\",\"name\":\"Katar\u00edna Kov\u00e1\u010dov\u00e1\",\"url\":\"https:\\\/\\\/archiv.siov.sk\\\/en\\\/author\\\/katkakovacova\\\/\"}]}<\/script>\n<!-- \/ Yoast SEO plugin. -->","yoast_head_json":{"title":"Mlad\u00fd ekofarm\u00e1r sa musel prisp\u00f4sobi\u0165 aktu\u00e1lnym podmienkam - \u0160IOV - \u0161t\u00e1tny in\u0161tit\u00fat odborn\u00e9ho vzdel\u00e1vania","robots":{"index":"index","follow":"follow","max-snippet":"max-snippet:-1","max-image-preview":"max-image-preview:large","max-video-preview":"max-video-preview:-1"},"canonical":"https:\/\/archiv.siov.sk\/en\/mlady-ekofarmar-sa-musel-prisposobit-aktualnym-podmienkam\/","og_locale":"en_GB","og_type":"article","og_title":"Mlad\u00fd ekofarm\u00e1r sa musel prisp\u00f4sobi\u0165 aktu\u00e1lnym podmienkam - \u0160IOV - \u0161t\u00e1tny in\u0161tit\u00fat odborn\u00e9ho vzdel\u00e1vania","og_description":"Mlad\u00fd ekofarm\u00e1r je s\u00fa\u0165a\u017eou, do ktorej sa u\u017e 22 rokov zap\u00e1jaj\u00fa talentovan\u00ed \u017eiaci&nbsp; stredn\u00fdch odborn\u00fdch \u0161k\u00f4l so \u0161tudijn\u00fdmi odbormi agropodnikanie, \u017eivotn\u00e9 prostredie, veterin\u00e1rne zdravotn\u00edctvo a hygiena a \u010fal\u0161\u00edmi odbormi s\u00favisiacimi s po\u013enohospod\u00e1rstvom, potravin\u00e1rstvom a ekol\u00f3giou. Celo\u0161t\u00e1tne kolo sa realizovalo pod gestorstvom Strednej odbornej \u0161koly Pod B\u00e1no\u0161om v Banskej Bystrici&nbsp; 28.- 30. apr\u00edla 2021. Vytvori\u0165&nbsp; v&nbsp;di\u0161tan\u010dnej [&hellip;]","og_url":"https:\/\/archiv.siov.sk\/en\/mlady-ekofarmar-sa-musel-prisposobit-aktualnym-podmienkam\/","og_site_name":"\u0160IOV - \u0161t\u00e1tny in\u0161tit\u00fat odborn\u00e9ho vzdel\u00e1vania","article_publisher":"https:\/\/www.facebook.com\/Statnyinstitutodbornehovzdelavania","article_published_time":"2021-05-04T11:02:38+00:00","og_image":[{"width":640,"height":480,"url":"https:\/\/archiv.siov.sk\/wp-content\/uploads\/2021\/05\/Foto-SOM-ceny-2jpeg.jpeg","type":"image\/jpeg"}],"author":"Katar\u00edna Kov\u00e1\u010dov\u00e1","twitter_card":"summary_large_image","twitter_misc":{"Written by":"Katar\u00edna Kov\u00e1\u010dov\u00e1","Estimated reading time":"2 minutes"},"schema":{"@context":"https:\/\/schema.org","@graph":[{"@type":"Article","@id":"https:\/\/archiv.siov.sk\/mlady-ekofarmar-sa-musel-prisposobit-aktualnym-podmienkam\/#article","isPartOf":{"@id":"https:\/\/archiv.siov.sk\/mlady-ekofarmar-sa-musel-prisposobit-aktualnym-podmienkam\/"},"author":{"name":"Katar\u00edna Kov\u00e1\u010dov\u00e1","@id":"https:\/\/archiv.siov.sk\/#\/schema\/person\/e42d633fbd958c6a726e8834d8965e6c"},"headline":"Mlad\u00fd ekofarm\u00e1r sa musel prisp\u00f4sobi\u0165 aktu\u00e1lnym podmienkam","datePublished":"2021-05-04T11:02:38+00:00","mainEntityOfPage":{"@id":"https:\/\/archiv.siov.sk\/mlady-ekofarmar-sa-musel-prisposobit-aktualnym-podmienkam\/"},"wordCount":422,"publisher":{"@id":"https:\/\/archiv.siov.sk\/#organization"},"image":{"@id":"https:\/\/archiv.siov.sk\/mlady-ekofarmar-sa-musel-prisposobit-aktualnym-podmienkam\/#primaryimage"},"thumbnailUrl":"https:\/\/archiv.siov.sk\/wp-content\/uploads\/2021\/05\/Foto-SOM-ceny-2jpeg.jpeg","articleSection":["Aktuality","Aktuality v \u010dase koronav\u00edrusu"],"inLanguage":"en-GB"},{"@type":"WebPage","@id":"https:\/\/archiv.siov.sk\/mlady-ekofarmar-sa-musel-prisposobit-aktualnym-podmienkam\/","url":"https:\/\/archiv.siov.sk\/mlady-ekofarmar-sa-musel-prisposobit-aktualnym-podmienkam\/","name":"Mlad\u00fd ekofarm\u00e1r sa musel prisp\u00f4sobi\u0165 aktu\u00e1lnym podmienkam - \u0160IOV - \u0161t\u00e1tny in\u0161tit\u00fat odborn\u00e9ho vzdel\u00e1vania","isPartOf":{"@id":"https:\/\/archiv.siov.sk\/#website"},"primaryImageOfPage":{"@id":"https:\/\/archiv.siov.sk\/mlady-ekofarmar-sa-musel-prisposobit-aktualnym-podmienkam\/#primaryimage"},"image":{"@id":"https:\/\/archiv.siov.sk\/mlady-ekofarmar-sa-musel-prisposobit-aktualnym-podmienkam\/#primaryimage"},"thumbnailUrl":"https:\/\/archiv.siov.sk\/wp-content\/uploads\/2021\/05\/Foto-SOM-ceny-2jpeg.jpeg","datePublished":"2021-05-04T11:02:38+00:00","breadcrumb":{"@id":"https:\/\/archiv.siov.sk\/mlady-ekofarmar-sa-musel-prisposobit-aktualnym-podmienkam\/#breadcrumb"},"inLanguage":"en-GB","potentialAction":[{"@type":"ReadAction","target":["https:\/\/archiv.siov.sk\/mlady-ekofarmar-sa-musel-prisposobit-aktualnym-podmienkam\/"]}]},{"@type":"ImageObject","inLanguage":"en-GB","@id":"https:\/\/archiv.siov.sk\/mlady-ekofarmar-sa-musel-prisposobit-aktualnym-podmienkam\/#primaryimage","url":"https:\/\/archiv.siov.sk\/wp-content\/uploads\/2021\/05\/Foto-SOM-ceny-2jpeg.jpeg","contentUrl":"https:\/\/archiv.siov.sk\/wp-content\/uploads\/2021\/05\/Foto-SOM-ceny-2jpeg.jpeg","width":640,"height":480},{"@type":"BreadcrumbList","@id":"https:\/\/archiv.siov.sk\/mlady-ekofarmar-sa-musel-prisposobit-aktualnym-podmienkam\/#breadcrumb","itemListElement":[{"@type":"ListItem","position":1,"name":"Home","item":"https:\/\/archiv.siov.sk\/"},{"@type":"ListItem","position":2,"name":"Mlad\u00fd ekofarm\u00e1r sa musel prisp\u00f4sobi\u0165 aktu\u00e1lnym podmienkam"}]},{"@type":"WebSite","@id":"https:\/\/archiv.siov.sk\/#website","url":"https:\/\/archiv.siov.sk\/","name":"\u0160IOV - \u0161t\u00e1tny in\u0161tit\u00fat odborn\u00e9ho vzdel\u00e1vania","description":"","publisher":{"@id":"https:\/\/archiv.siov.sk\/#organization"},"potentialAction":[{"@type":"SearchAction","target":{"@type":"EntryPoint","urlTemplate":"https:\/\/archiv.siov.sk\/?s={search_term_string}"},"query-input":{"@type":"PropertyValueSpecification","valueRequired":true,"valueName":"search_term_string"}}],"inLanguage":"en-GB"},{"@type":"Organization","@id":"https:\/\/archiv.siov.sk\/#organization","name":"\u0160IOV - \u0161t\u00e1tny in\u0161tit\u00fat odborn\u00e9ho vzdel\u00e1vania","url":"https:\/\/archiv.siov.sk\/","logo":{"@type":"ImageObject","inLanguage":"en-GB","@id":"https:\/\/archiv.siov.sk\/#\/schema\/logo\/image\/","url":"https:\/\/archiv.siov.sk\/wp-content\/uploads\/2024\/02\/logo-SIOV.png","contentUrl":"https:\/\/archiv.siov.sk\/wp-content\/uploads\/2024\/02\/logo-SIOV.png","width":431,"height":143,"caption":"\u0160IOV - \u0161t\u00e1tny in\u0161tit\u00fat odborn\u00e9ho vzdel\u00e1vania"},"image":{"@id":"https:\/\/archiv.siov.sk\/#\/schema\/logo\/image\/"},"sameAs":["https:\/\/www.facebook.com\/Statnyinstitutodbornehovzdelavania"]},{"@type":"Person","@id":"https:\/\/archiv.siov.sk\/#\/schema\/person\/e42d633fbd958c6a726e8834d8965e6c","name":"Katar\u00edna Kov\u00e1\u010dov\u00e1","url":"https:\/\/archiv.siov.sk\/en\/author\/katkakovacova\/"}]}},"_links":{"self":[{"href":"https:\/\/archiv.siov.sk\/en\/wp-json\/wp\/v2\/posts\/7772","targetHints":{"allow":["GET"]}}],"collection":[{"href":"https:\/\/archiv.siov.sk\/en\/wp-json\/wp\/v2\/posts"}],"about":[{"href":"https:\/\/archiv.siov.sk\/en\/wp-json\/wp\/v2\/types\/post"}],"author":[{"embeddable":true,"href":"https:\/\/archiv.siov.sk\/en\/wp-json\/wp\/v2\/users\/6"}],"replies":[{"embeddable":true,"href":"https:\/\/archiv.siov.sk\/en\/wp-json\/wp\/v2\/comments?post=7772"}],"version-history":[{"count":2,"href":"https:\/\/archiv.siov.sk\/en\/wp-json\/wp\/v2\/posts\/7772\/revisions"}],"predecessor-version":[{"id":7775,"href":"https:\/\/archiv.siov.sk\/en\/wp-json\/wp\/v2\/posts\/7772\/revisions\/7775"}],"wp:featuredmedia":[{"embeddable":true,"href":"https:\/\/archiv.siov.sk\/en\/wp-json\/wp\/v2\/media\/7774"}],"wp:attachment":[{"href":"https:\/\/archiv.siov.sk\/en\/wp-json\/wp\/v2\/media?parent=7772"}],"wp:term":[{"taxonomy":"category","embeddable":true,"href":"https:\/\/archiv.siov.sk\/en\/wp-json\/wp\/v2\/categories?post=7772"},{"taxonomy":"post_tag","embeddable":true,"href":"https:\/\/archiv.siov.sk\/en\/wp-json\/wp\/v2\/tags?post=7772"}],"curies":[{"name":"wp","href":"https:\/\/api.w.org\/{rel}","templated":true}]}}