{"id":7693,"date":"2021-04-22T18:59:50","date_gmt":"2021-04-22T16:59:50","guid":{"rendered":"https:\/\/archiv.siov.sk\/?p=7693"},"modified":"2021-04-22T19:13:29","modified_gmt":"2021-04-22T17:13:29","slug":"temy-ochrany-zivotneho-prostredia-v-sutazi-zeleny-andel","status":"publish","type":"post","link":"https:\/\/archiv.siov.sk\/en\/temy-ochrany-zivotneho-prostredia-v-sutazi-zeleny-andel\/","title":{"rendered":"T\u00e9my ochrany \u017eivotn\u00e9ho prostredia v s\u00fa\u0165a\u017ei \u201eZelen\u00fd Andel\u201c"},"content":{"rendered":"<p style=\"text-align: justify;\">Pozn\u00e1me najlep\u0161\u00edch SO\u010c-k\u00e1rov v&nbsp;oblasti \u017eivotn\u00e9ho prostredia. V apr\u00edli&nbsp; bol \u00faspe\u0161ne ukon\u010den\u00fd \u0161tvrt\u00fd ro\u010dn\u00edk celoslovenskej s\u00fa\u0165a\u017ee \u201eZelen\u00fd Andel\u201c ur\u010denej pre \u017eiakov v\u0161etk\u00fdch ro\u010dn\u00edkov gymn\u00e1zi\u00ed, \u0161tudijn\u00fdch a u\u010debn\u00fdch odborov stredn\u00fdch \u0161k\u00f4l a konzervat\u00f3ri\u00ed.<\/p>\n<p style=\"text-align: justify;\">Jej cie\u013eom je podpori\u0165 z\u00e1ujem \u017eiakov o vypracovanie projektu Stredo\u0161kolskej odbornej \u010dinnosti (SO\u010c) v s\u00fa\u0165a\u017en\u00fdch odboroch, ktor\u00e9 s\u00favisia s ochranou a obnovou \u017eivotn\u00e9ho prostredia. Prehlbova\u0165 ich vedomosti a zru\u010dnosti, podpori\u0165 s\u00fa\u0165a\u017eivos\u0165 a z\u00edskavanie sk\u00fasenost\u00ed pri prezentovan\u00ed svojich v\u00fdsledkov.<\/p>\n<p style=\"text-align: justify;\">\u017diaci na svojej &nbsp;\u0161kole spracovali projekt Stredo\u0161kolskej odbornej \u010dinnosti, ktor\u00fa organizuje \u0160t\u00e1tny in\u0161tit\u00fat odborn\u00e9ho vzdel\u00e1vania a vyhlasuje Ministerstvo \u0161kolstva, vedy, v\u00fdskumu a \u0161portu SR. Ke\u010f sa ich pr\u00e1ce venovali problematike \u017eivotn\u00e9ho prostredia,&nbsp; zaregistrovali sa z\u00e1rove\u0148 aj na str\u00e1nke Katedry ekoch\u00e9mie a r\u00e1dioekol\u00f3gie Fakulty pr\u00edrodn\u00fdch vied Univerzity sv. Cyrila a Metoda v Trnave a zaslali&nbsp; svoju odborn\u00fa pr\u00e1cu, \u010d\u00edm sa zaradili do hodnotenia &#8222;Zelen\u00e9ho andela&#8220;.&nbsp;&nbsp;&nbsp;<\/p>\n<p style=\"text-align: justify;\">Do s\u00fa\u0165a\u017ee sa v&nbsp;tomto \u0161kolskom roku prihl\u00e1silo celkovo tridsa\u0165tri pr\u00e1c&nbsp; \u017eiakov z cel\u00e9ho Slovenska, z ktor\u00fdch odborn\u00e1 komisia vybrala tri najlep\u0161ie. Vzh\u013eadom na vysok\u00fa kvalitu pr\u00e1c sa rozhodla udeli\u0165 navy\u0161e e\u0161te dve mimoriadne ocenenia.<\/p>\n<p>V\u00fdsledky s\u00fa\u0165a\u017ee:<\/p>\n<ol>\n<li>miesto<br \/>\n<strong>Adam Roman\u010d\u00e1k (S\u00fakromn\u00e1 stredn\u00e1 odborn\u00e1 \u0161kola DSA, Trebi\u0161ov)<\/strong><\/li>\n<li>miesto<br \/>\n<strong>Emma \u010ca\u010dkov\u00e1&nbsp; (Gymn\u00e1zium bilingv\u00e1lne Tom\u00e1\u0161a Ru\u017ei\u010dku, \u017dilina)<\/strong><\/li>\n<\/ol>\n<ol>\n<li>miesto&nbsp;<br \/>\n<strong>Samuel Repask\u00fd (Cirkevn\u00e9 gymn\u00e1zium \u0160tefana Mi\u0161\u00edka, Spi\u0161sk\u00e1 Nov\u00e1 Ves)<\/strong><\/li>\n<\/ol>\n<p>Prv\u00e9 zo spom\u00ednan\u00fdch mimoriadn\u00fdch ocenen\u00ed&nbsp;za kvalitne vypracovan\u00fa pr\u00e1cu SO\u010c z\u00edskali <strong>Dominika Pjeczkov\u00e1 a Sab\u00edna Sedl\u00e1kov\u00e1 z Gymn\u00e1zia J\u00e1na Baltaz\u00e1ra Magina vo Vrbovom. <\/strong>Druh\u00e9 za kvalitn\u00fa v\u00fdskumn\u00fa pr\u00e1cu v ter\u00e9ne patr\u00ed <strong>Eme Mi\u0161enkovej a Vikt\u00f3rii Barillovej z Katol\u00edckej spojenej \u0161koly sv. Mikul\u00e1\u0161a v&nbsp;Pre\u0161ove. <\/strong><\/p>\n<p style=\"text-align: justify;\">S\u00fa\u0165a\u017e organizuje Katedra ekoch\u00e9mie a r\u00e1dioekol\u00f3gie Fakulty pr\u00edrodn\u00fdch vied Univerzity sv. Cyrila a Metoda v Trnave&nbsp; a vyhlasuje sa v spolupr\u00e1ci so \u0160t\u00e1tnym in\u0161tit\u00fatom odborn\u00e9ho vzdel\u00e1vania (\u0160IOV), odborom podpory smerovania ml\u00e1de\u017ee v Bratislave&nbsp; a Odborom \u0161kolstva Okresn\u00e9ho \u00faradu v Trnave.<\/p>\n<p>&nbsp;Zoznam v\u0161etk\u00fdch zapojen\u00fdch \u017eiakov a&nbsp;prezentovan\u00fdch odborn\u00fdch pr\u00e1c SO\u010c n\u00e1jdete na str\u00e1nke UCM Trnava&nbsp; a&nbsp;\u0160IOV&nbsp;<a href=\"https:\/\/archiv.siov.sk\/en\/sutaze\/stredoskolska-odborna-cinnost\/\">https:\/\/archiv.siov.sk\/sutaze\/stredoskolska-odborna-cinnost\/<\/a><\/p>\n<p>&nbsp;<\/p>","protected":false},"excerpt":{"rendered":"<p>Pozn\u00e1me najlep\u0161\u00edch SO\u010c-k\u00e1rov v&nbsp;oblasti \u017eivotn\u00e9ho prostredia. V apr\u00edli&nbsp; bol \u00faspe\u0161ne ukon\u010den\u00fd \u0161tvrt\u00fd ro\u010dn\u00edk celoslovenskej s\u00fa\u0165a\u017ee \u201eZelen\u00fd Andel\u201c ur\u010denej pre \u017eiakov v\u0161etk\u00fdch ro\u010dn\u00edkov gymn\u00e1zi\u00ed, \u0161tudijn\u00fdch a u\u010debn\u00fdch odborov stredn\u00fdch \u0161k\u00f4l a konzervat\u00f3ri\u00ed. Jej cie\u013eom je podpori\u0165 z\u00e1ujem \u017eiakov o vypracovanie projektu Stredo\u0161kolskej odbornej \u010dinnosti (SO\u010c) v s\u00fa\u0165a\u017en\u00fdch odboroch, ktor\u00e9 s\u00favisia s ochranou a obnovou \u017eivotn\u00e9ho prostredia. [&hellip;]<\/p>\n","protected":false},"author":6,"featured_media":7695,"comment_status":"closed","ping_status":"closed","sticky":false,"template":"","format":"standard","meta":{"site-sidebar-layout":"default","site-content-layout":"","ast-site-content-layout":"default","site-content-style":"default","site-sidebar-style":"default","ast-global-header-display":"","ast-banner-title-visibility":"","ast-main-header-display":"","ast-hfb-above-header-display":"","ast-hfb-below-header-display":"","ast-hfb-mobile-header-display":"","site-post-title":"","ast-breadcrumbs-content":"","ast-featured-img":"","footer-sml-layout":"","ast-disable-related-posts":"","theme-transparent-header-meta":"","adv-header-id-meta":"","stick-header-meta":"","header-above-stick-meta":"","header-main-stick-meta":"","header-below-stick-meta":"","astra-migrate-meta-layouts":"default","ast-page-background-enabled":"default","ast-page-background-meta":{"desktop":{"background-color":"var(--ast-global-color-4)","background-image":"","background-repeat":"repeat","background-position":"center center","background-size":"auto","background-attachment":"scroll","background-type":"","background-media":"","overlay-type":"","overlay-color":"","overlay-opacity":"","overlay-gradient":""},"tablet":{"background-color":"","background-image":"","background-repeat":"repeat","background-position":"center center","background-size":"auto","background-attachment":"scroll","background-type":"","background-media":"","overlay-type":"","overlay-color":"","overlay-opacity":"","overlay-gradient":""},"mobile":{"background-color":"","background-image":"","background-repeat":"repeat","background-position":"center center","background-size":"auto","background-attachment":"scroll","background-type":"","background-media":"","overlay-type":"","overlay-color":"","overlay-opacity":"","overlay-gradient":""}},"ast-content-background-meta":{"desktop":{"background-color":"var(--ast-global-color-5)","background-image":"","background-repeat":"repeat","background-position":"center center","background-size":"auto","background-attachment":"scroll","background-type":"","background-media":"","overlay-type":"","overlay-color":"","overlay-opacity":"","overlay-gradient":""},"tablet":{"background-color":"var(--ast-global-color-5)","background-image":"","background-repeat":"repeat","background-position":"center center","background-size":"auto","background-attachment":"scroll","background-type":"","background-media":"","overlay-type":"","overlay-color":"","overlay-opacity":"","overlay-gradient":""},"mobile":{"background-color":"var(--ast-global-color-5)","background-image":"","background-repeat":"repeat","background-position":"center center","background-size":"auto","background-attachment":"scroll","background-type":"","background-media":"","overlay-type":"","overlay-color":"","overlay-opacity":"","overlay-gradient":""}},"footnotes":""},"categories":[1,9],"tags":[],"class_list":["post-7693","post","type-post","status-publish","format-standard","has-post-thumbnail","hentry","category-aktuality","category-aktuality-v-case-koronavirusu"],"yoast_head":"<!-- This site is optimized with the Yoast SEO plugin v27.5 - https:\/\/yoast.com\/product\/yoast-seo-wordpress\/ -->\n<title>T\u00e9my ochrany \u017eivotn\u00e9ho prostredia v s\u00fa\u0165a\u017ei \u201eZelen\u00fd Andel\u201c - \u0160IOV - \u0161t\u00e1tny in\u0161tit\u00fat odborn\u00e9ho vzdel\u00e1vania<\/title>\n<meta name=\"robots\" content=\"index, follow, max-snippet:-1, max-image-preview:large, max-video-preview:-1\" \/>\n<link rel=\"canonical\" href=\"https:\/\/archiv.siov.sk\/en\/temy-ochrany-zivotneho-prostredia-v-sutazi-zeleny-andel\/\" \/>\n<meta property=\"og:locale\" content=\"en_GB\" \/>\n<meta property=\"og:type\" content=\"article\" \/>\n<meta property=\"og:title\" content=\"T\u00e9my ochrany \u017eivotn\u00e9ho prostredia v s\u00fa\u0165a\u017ei \u201eZelen\u00fd Andel\u201c - \u0160IOV - \u0161t\u00e1tny in\u0161tit\u00fat odborn\u00e9ho vzdel\u00e1vania\" \/>\n<meta property=\"og:description\" content=\"Pozn\u00e1me najlep\u0161\u00edch SO\u010c-k\u00e1rov v&nbsp;oblasti \u017eivotn\u00e9ho prostredia. V apr\u00edli&nbsp; bol \u00faspe\u0161ne ukon\u010den\u00fd \u0161tvrt\u00fd ro\u010dn\u00edk celoslovenskej s\u00fa\u0165a\u017ee \u201eZelen\u00fd Andel\u201c ur\u010denej pre \u017eiakov v\u0161etk\u00fdch ro\u010dn\u00edkov gymn\u00e1zi\u00ed, \u0161tudijn\u00fdch a u\u010debn\u00fdch odborov stredn\u00fdch \u0161k\u00f4l a konzervat\u00f3ri\u00ed. Jej cie\u013eom je podpori\u0165 z\u00e1ujem \u017eiakov o vypracovanie projektu Stredo\u0161kolskej odbornej \u010dinnosti (SO\u010c) v s\u00fa\u0165a\u017en\u00fdch odboroch, ktor\u00e9 s\u00favisia s ochranou a obnovou \u017eivotn\u00e9ho prostredia. [&hellip;]\" \/>\n<meta property=\"og:url\" content=\"https:\/\/archiv.siov.sk\/en\/temy-ochrany-zivotneho-prostredia-v-sutazi-zeleny-andel\/\" \/>\n<meta property=\"og:site_name\" content=\"\u0160IOV - \u0161t\u00e1tny in\u0161tit\u00fat odborn\u00e9ho vzdel\u00e1vania\" \/>\n<meta property=\"article:publisher\" content=\"https:\/\/www.facebook.com\/Statnyinstitutodbornehovzdelavania\" \/>\n<meta property=\"article:published_time\" content=\"2021-04-22T16:59:50+00:00\" \/>\n<meta property=\"article:modified_time\" content=\"2021-04-22T17:13:29+00:00\" \/>\n<meta property=\"og:image\" content=\"https:\/\/archiv.siov.sk\/wp-content\/uploads\/2021\/04\/zeleny-andel.png\" \/>\n\t<meta property=\"og:image:width\" content=\"200\" \/>\n\t<meta property=\"og:image:height\" content=\"151\" \/>\n\t<meta property=\"og:image:type\" content=\"image\/png\" \/>\n<meta name=\"author\" content=\"Katar\u00edna Kov\u00e1\u010dov\u00e1\" \/>\n<meta name=\"twitter:card\" content=\"summary_large_image\" \/>\n<meta name=\"twitter:label1\" content=\"Written by\" \/>\n\t<meta name=\"twitter:data1\" content=\"Katar\u00edna Kov\u00e1\u010dov\u00e1\" \/>\n\t<meta name=\"twitter:label2\" content=\"Estimated reading time\" \/>\n\t<meta name=\"twitter:data2\" content=\"2 minutes\" \/>\n<script type=\"application\/ld+json\" class=\"yoast-schema-graph\">{\"@context\":\"https:\\\/\\\/schema.org\",\"@graph\":[{\"@type\":\"Article\",\"@id\":\"https:\\\/\\\/archiv.siov.sk\\\/temy-ochrany-zivotneho-prostredia-v-sutazi-zeleny-andel\\\/#article\",\"isPartOf\":{\"@id\":\"https:\\\/\\\/archiv.siov.sk\\\/temy-ochrany-zivotneho-prostredia-v-sutazi-zeleny-andel\\\/\"},\"author\":{\"name\":\"Katar\u00edna Kov\u00e1\u010dov\u00e1\",\"@id\":\"https:\\\/\\\/archiv.siov.sk\\\/#\\\/schema\\\/person\\\/e42d633fbd958c6a726e8834d8965e6c\"},\"headline\":\"T\u00e9my ochrany \u017eivotn\u00e9ho prostredia v s\u00fa\u0165a\u017ei \u201eZelen\u00fd Andel\u201c\",\"datePublished\":\"2021-04-22T16:59:50+00:00\",\"dateModified\":\"2021-04-22T17:13:29+00:00\",\"mainEntityOfPage\":{\"@id\":\"https:\\\/\\\/archiv.siov.sk\\\/temy-ochrany-zivotneho-prostredia-v-sutazi-zeleny-andel\\\/\"},\"wordCount\":462,\"publisher\":{\"@id\":\"https:\\\/\\\/archiv.siov.sk\\\/#organization\"},\"image\":{\"@id\":\"https:\\\/\\\/archiv.siov.sk\\\/temy-ochrany-zivotneho-prostredia-v-sutazi-zeleny-andel\\\/#primaryimage\"},\"thumbnailUrl\":\"https:\\\/\\\/archiv.siov.sk\\\/wp-content\\\/uploads\\\/2021\\\/04\\\/zeleny-andel.png\",\"articleSection\":[\"Aktuality\",\"Aktuality v \u010dase koronav\u00edrusu\"],\"inLanguage\":\"en-GB\"},{\"@type\":\"WebPage\",\"@id\":\"https:\\\/\\\/archiv.siov.sk\\\/temy-ochrany-zivotneho-prostredia-v-sutazi-zeleny-andel\\\/\",\"url\":\"https:\\\/\\\/archiv.siov.sk\\\/temy-ochrany-zivotneho-prostredia-v-sutazi-zeleny-andel\\\/\",\"name\":\"T\u00e9my ochrany \u017eivotn\u00e9ho prostredia v s\u00fa\u0165a\u017ei \u201eZelen\u00fd Andel\u201c - \u0160IOV - \u0161t\u00e1tny in\u0161tit\u00fat odborn\u00e9ho vzdel\u00e1vania\",\"isPartOf\":{\"@id\":\"https:\\\/\\\/archiv.siov.sk\\\/#website\"},\"primaryImageOfPage\":{\"@id\":\"https:\\\/\\\/archiv.siov.sk\\\/temy-ochrany-zivotneho-prostredia-v-sutazi-zeleny-andel\\\/#primaryimage\"},\"image\":{\"@id\":\"https:\\\/\\\/archiv.siov.sk\\\/temy-ochrany-zivotneho-prostredia-v-sutazi-zeleny-andel\\\/#primaryimage\"},\"thumbnailUrl\":\"https:\\\/\\\/archiv.siov.sk\\\/wp-content\\\/uploads\\\/2021\\\/04\\\/zeleny-andel.png\",\"datePublished\":\"2021-04-22T16:59:50+00:00\",\"dateModified\":\"2021-04-22T17:13:29+00:00\",\"breadcrumb\":{\"@id\":\"https:\\\/\\\/archiv.siov.sk\\\/temy-ochrany-zivotneho-prostredia-v-sutazi-zeleny-andel\\\/#breadcrumb\"},\"inLanguage\":\"en-GB\",\"potentialAction\":[{\"@type\":\"ReadAction\",\"target\":[\"https:\\\/\\\/archiv.siov.sk\\\/temy-ochrany-zivotneho-prostredia-v-sutazi-zeleny-andel\\\/\"]}]},{\"@type\":\"ImageObject\",\"inLanguage\":\"en-GB\",\"@id\":\"https:\\\/\\\/archiv.siov.sk\\\/temy-ochrany-zivotneho-prostredia-v-sutazi-zeleny-andel\\\/#primaryimage\",\"url\":\"https:\\\/\\\/archiv.siov.sk\\\/wp-content\\\/uploads\\\/2021\\\/04\\\/zeleny-andel.png\",\"contentUrl\":\"https:\\\/\\\/archiv.siov.sk\\\/wp-content\\\/uploads\\\/2021\\\/04\\\/zeleny-andel.png\",\"width\":200,\"height\":151},{\"@type\":\"BreadcrumbList\",\"@id\":\"https:\\\/\\\/archiv.siov.sk\\\/temy-ochrany-zivotneho-prostredia-v-sutazi-zeleny-andel\\\/#breadcrumb\",\"itemListElement\":[{\"@type\":\"ListItem\",\"position\":1,\"name\":\"Home\",\"item\":\"https:\\\/\\\/archiv.siov.sk\\\/\"},{\"@type\":\"ListItem\",\"position\":2,\"name\":\"T\u00e9my ochrany \u017eivotn\u00e9ho prostredia v s\u00fa\u0165a\u017ei \u201eZelen\u00fd Andel\u201c\"}]},{\"@type\":\"WebSite\",\"@id\":\"https:\\\/\\\/archiv.siov.sk\\\/#website\",\"url\":\"https:\\\/\\\/archiv.siov.sk\\\/\",\"name\":\"\u0160IOV - \u0161t\u00e1tny in\u0161tit\u00fat odborn\u00e9ho vzdel\u00e1vania\",\"description\":\"\",\"publisher\":{\"@id\":\"https:\\\/\\\/archiv.siov.sk\\\/#organization\"},\"potentialAction\":[{\"@type\":\"SearchAction\",\"target\":{\"@type\":\"EntryPoint\",\"urlTemplate\":\"https:\\\/\\\/archiv.siov.sk\\\/?s={search_term_string}\"},\"query-input\":{\"@type\":\"PropertyValueSpecification\",\"valueRequired\":true,\"valueName\":\"search_term_string\"}}],\"inLanguage\":\"en-GB\"},{\"@type\":\"Organization\",\"@id\":\"https:\\\/\\\/archiv.siov.sk\\\/#organization\",\"name\":\"\u0160IOV - \u0161t\u00e1tny in\u0161tit\u00fat odborn\u00e9ho vzdel\u00e1vania\",\"url\":\"https:\\\/\\\/archiv.siov.sk\\\/\",\"logo\":{\"@type\":\"ImageObject\",\"inLanguage\":\"en-GB\",\"@id\":\"https:\\\/\\\/archiv.siov.sk\\\/#\\\/schema\\\/logo\\\/image\\\/\",\"url\":\"https:\\\/\\\/archiv.siov.sk\\\/wp-content\\\/uploads\\\/2024\\\/02\\\/logo-SIOV.png\",\"contentUrl\":\"https:\\\/\\\/archiv.siov.sk\\\/wp-content\\\/uploads\\\/2024\\\/02\\\/logo-SIOV.png\",\"width\":431,\"height\":143,\"caption\":\"\u0160IOV - \u0161t\u00e1tny in\u0161tit\u00fat odborn\u00e9ho vzdel\u00e1vania\"},\"image\":{\"@id\":\"https:\\\/\\\/archiv.siov.sk\\\/#\\\/schema\\\/logo\\\/image\\\/\"},\"sameAs\":[\"https:\\\/\\\/www.facebook.com\\\/Statnyinstitutodbornehovzdelavania\"]},{\"@type\":\"Person\",\"@id\":\"https:\\\/\\\/archiv.siov.sk\\\/#\\\/schema\\\/person\\\/e42d633fbd958c6a726e8834d8965e6c\",\"name\":\"Katar\u00edna Kov\u00e1\u010dov\u00e1\",\"url\":\"https:\\\/\\\/archiv.siov.sk\\\/en\\\/author\\\/katkakovacova\\\/\"}]}<\/script>\n<!-- \/ Yoast SEO plugin. -->","yoast_head_json":{"title":"T\u00e9my ochrany \u017eivotn\u00e9ho prostredia v s\u00fa\u0165a\u017ei \u201eZelen\u00fd Andel\u201c - \u0160IOV - \u0161t\u00e1tny in\u0161tit\u00fat odborn\u00e9ho vzdel\u00e1vania","robots":{"index":"index","follow":"follow","max-snippet":"max-snippet:-1","max-image-preview":"max-image-preview:large","max-video-preview":"max-video-preview:-1"},"canonical":"https:\/\/archiv.siov.sk\/en\/temy-ochrany-zivotneho-prostredia-v-sutazi-zeleny-andel\/","og_locale":"en_GB","og_type":"article","og_title":"T\u00e9my ochrany \u017eivotn\u00e9ho prostredia v s\u00fa\u0165a\u017ei \u201eZelen\u00fd Andel\u201c - \u0160IOV - \u0161t\u00e1tny in\u0161tit\u00fat odborn\u00e9ho vzdel\u00e1vania","og_description":"Pozn\u00e1me najlep\u0161\u00edch SO\u010c-k\u00e1rov v&nbsp;oblasti \u017eivotn\u00e9ho prostredia. V apr\u00edli&nbsp; bol \u00faspe\u0161ne ukon\u010den\u00fd \u0161tvrt\u00fd ro\u010dn\u00edk celoslovenskej s\u00fa\u0165a\u017ee \u201eZelen\u00fd Andel\u201c ur\u010denej pre \u017eiakov v\u0161etk\u00fdch ro\u010dn\u00edkov gymn\u00e1zi\u00ed, \u0161tudijn\u00fdch a u\u010debn\u00fdch odborov stredn\u00fdch \u0161k\u00f4l a konzervat\u00f3ri\u00ed. Jej cie\u013eom je podpori\u0165 z\u00e1ujem \u017eiakov o vypracovanie projektu Stredo\u0161kolskej odbornej \u010dinnosti (SO\u010c) v s\u00fa\u0165a\u017en\u00fdch odboroch, ktor\u00e9 s\u00favisia s ochranou a obnovou \u017eivotn\u00e9ho prostredia. [&hellip;]","og_url":"https:\/\/archiv.siov.sk\/en\/temy-ochrany-zivotneho-prostredia-v-sutazi-zeleny-andel\/","og_site_name":"\u0160IOV - \u0161t\u00e1tny in\u0161tit\u00fat odborn\u00e9ho vzdel\u00e1vania","article_publisher":"https:\/\/www.facebook.com\/Statnyinstitutodbornehovzdelavania","article_published_time":"2021-04-22T16:59:50+00:00","article_modified_time":"2021-04-22T17:13:29+00:00","og_image":[{"width":200,"height":151,"url":"https:\/\/archiv.siov.sk\/wp-content\/uploads\/2021\/04\/zeleny-andel.png","type":"image\/png"}],"author":"Katar\u00edna Kov\u00e1\u010dov\u00e1","twitter_card":"summary_large_image","twitter_misc":{"Written by":"Katar\u00edna Kov\u00e1\u010dov\u00e1","Estimated reading time":"2 minutes"},"schema":{"@context":"https:\/\/schema.org","@graph":[{"@type":"Article","@id":"https:\/\/archiv.siov.sk\/temy-ochrany-zivotneho-prostredia-v-sutazi-zeleny-andel\/#article","isPartOf":{"@id":"https:\/\/archiv.siov.sk\/temy-ochrany-zivotneho-prostredia-v-sutazi-zeleny-andel\/"},"author":{"name":"Katar\u00edna Kov\u00e1\u010dov\u00e1","@id":"https:\/\/archiv.siov.sk\/#\/schema\/person\/e42d633fbd958c6a726e8834d8965e6c"},"headline":"T\u00e9my ochrany \u017eivotn\u00e9ho prostredia v s\u00fa\u0165a\u017ei \u201eZelen\u00fd Andel\u201c","datePublished":"2021-04-22T16:59:50+00:00","dateModified":"2021-04-22T17:13:29+00:00","mainEntityOfPage":{"@id":"https:\/\/archiv.siov.sk\/temy-ochrany-zivotneho-prostredia-v-sutazi-zeleny-andel\/"},"wordCount":462,"publisher":{"@id":"https:\/\/archiv.siov.sk\/#organization"},"image":{"@id":"https:\/\/archiv.siov.sk\/temy-ochrany-zivotneho-prostredia-v-sutazi-zeleny-andel\/#primaryimage"},"thumbnailUrl":"https:\/\/archiv.siov.sk\/wp-content\/uploads\/2021\/04\/zeleny-andel.png","articleSection":["Aktuality","Aktuality v \u010dase koronav\u00edrusu"],"inLanguage":"en-GB"},{"@type":"WebPage","@id":"https:\/\/archiv.siov.sk\/temy-ochrany-zivotneho-prostredia-v-sutazi-zeleny-andel\/","url":"https:\/\/archiv.siov.sk\/temy-ochrany-zivotneho-prostredia-v-sutazi-zeleny-andel\/","name":"T\u00e9my ochrany \u017eivotn\u00e9ho prostredia v s\u00fa\u0165a\u017ei \u201eZelen\u00fd Andel\u201c - \u0160IOV - \u0161t\u00e1tny in\u0161tit\u00fat odborn\u00e9ho vzdel\u00e1vania","isPartOf":{"@id":"https:\/\/archiv.siov.sk\/#website"},"primaryImageOfPage":{"@id":"https:\/\/archiv.siov.sk\/temy-ochrany-zivotneho-prostredia-v-sutazi-zeleny-andel\/#primaryimage"},"image":{"@id":"https:\/\/archiv.siov.sk\/temy-ochrany-zivotneho-prostredia-v-sutazi-zeleny-andel\/#primaryimage"},"thumbnailUrl":"https:\/\/archiv.siov.sk\/wp-content\/uploads\/2021\/04\/zeleny-andel.png","datePublished":"2021-04-22T16:59:50+00:00","dateModified":"2021-04-22T17:13:29+00:00","breadcrumb":{"@id":"https:\/\/archiv.siov.sk\/temy-ochrany-zivotneho-prostredia-v-sutazi-zeleny-andel\/#breadcrumb"},"inLanguage":"en-GB","potentialAction":[{"@type":"ReadAction","target":["https:\/\/archiv.siov.sk\/temy-ochrany-zivotneho-prostredia-v-sutazi-zeleny-andel\/"]}]},{"@type":"ImageObject","inLanguage":"en-GB","@id":"https:\/\/archiv.siov.sk\/temy-ochrany-zivotneho-prostredia-v-sutazi-zeleny-andel\/#primaryimage","url":"https:\/\/archiv.siov.sk\/wp-content\/uploads\/2021\/04\/zeleny-andel.png","contentUrl":"https:\/\/archiv.siov.sk\/wp-content\/uploads\/2021\/04\/zeleny-andel.png","width":200,"height":151},{"@type":"BreadcrumbList","@id":"https:\/\/archiv.siov.sk\/temy-ochrany-zivotneho-prostredia-v-sutazi-zeleny-andel\/#breadcrumb","itemListElement":[{"@type":"ListItem","position":1,"name":"Home","item":"https:\/\/archiv.siov.sk\/"},{"@type":"ListItem","position":2,"name":"T\u00e9my ochrany \u017eivotn\u00e9ho prostredia v s\u00fa\u0165a\u017ei \u201eZelen\u00fd Andel\u201c"}]},{"@type":"WebSite","@id":"https:\/\/archiv.siov.sk\/#website","url":"https:\/\/archiv.siov.sk\/","name":"\u0160IOV - \u0161t\u00e1tny in\u0161tit\u00fat odborn\u00e9ho vzdel\u00e1vania","description":"","publisher":{"@id":"https:\/\/archiv.siov.sk\/#organization"},"potentialAction":[{"@type":"SearchAction","target":{"@type":"EntryPoint","urlTemplate":"https:\/\/archiv.siov.sk\/?s={search_term_string}"},"query-input":{"@type":"PropertyValueSpecification","valueRequired":true,"valueName":"search_term_string"}}],"inLanguage":"en-GB"},{"@type":"Organization","@id":"https:\/\/archiv.siov.sk\/#organization","name":"\u0160IOV - \u0161t\u00e1tny in\u0161tit\u00fat odborn\u00e9ho vzdel\u00e1vania","url":"https:\/\/archiv.siov.sk\/","logo":{"@type":"ImageObject","inLanguage":"en-GB","@id":"https:\/\/archiv.siov.sk\/#\/schema\/logo\/image\/","url":"https:\/\/archiv.siov.sk\/wp-content\/uploads\/2024\/02\/logo-SIOV.png","contentUrl":"https:\/\/archiv.siov.sk\/wp-content\/uploads\/2024\/02\/logo-SIOV.png","width":431,"height":143,"caption":"\u0160IOV - \u0161t\u00e1tny in\u0161tit\u00fat odborn\u00e9ho vzdel\u00e1vania"},"image":{"@id":"https:\/\/archiv.siov.sk\/#\/schema\/logo\/image\/"},"sameAs":["https:\/\/www.facebook.com\/Statnyinstitutodbornehovzdelavania"]},{"@type":"Person","@id":"https:\/\/archiv.siov.sk\/#\/schema\/person\/e42d633fbd958c6a726e8834d8965e6c","name":"Katar\u00edna Kov\u00e1\u010dov\u00e1","url":"https:\/\/archiv.siov.sk\/en\/author\/katkakovacova\/"}]}},"_links":{"self":[{"href":"https:\/\/archiv.siov.sk\/en\/wp-json\/wp\/v2\/posts\/7693","targetHints":{"allow":["GET"]}}],"collection":[{"href":"https:\/\/archiv.siov.sk\/en\/wp-json\/wp\/v2\/posts"}],"about":[{"href":"https:\/\/archiv.siov.sk\/en\/wp-json\/wp\/v2\/types\/post"}],"author":[{"embeddable":true,"href":"https:\/\/archiv.siov.sk\/en\/wp-json\/wp\/v2\/users\/6"}],"replies":[{"embeddable":true,"href":"https:\/\/archiv.siov.sk\/en\/wp-json\/wp\/v2\/comments?post=7693"}],"version-history":[{"count":4,"href":"https:\/\/archiv.siov.sk\/en\/wp-json\/wp\/v2\/posts\/7693\/revisions"}],"predecessor-version":[{"id":7698,"href":"https:\/\/archiv.siov.sk\/en\/wp-json\/wp\/v2\/posts\/7693\/revisions\/7698"}],"wp:featuredmedia":[{"embeddable":true,"href":"https:\/\/archiv.siov.sk\/en\/wp-json\/wp\/v2\/media\/7695"}],"wp:attachment":[{"href":"https:\/\/archiv.siov.sk\/en\/wp-json\/wp\/v2\/media?parent=7693"}],"wp:term":[{"taxonomy":"category","embeddable":true,"href":"https:\/\/archiv.siov.sk\/en\/wp-json\/wp\/v2\/categories?post=7693"},{"taxonomy":"post_tag","embeddable":true,"href":"https:\/\/archiv.siov.sk\/en\/wp-json\/wp\/v2\/tags?post=7693"}],"curies":[{"name":"wp","href":"https:\/\/api.w.org\/{rel}","templated":true}]}}