{"id":7685,"date":"2021-04-22T12:48:59","date_gmt":"2021-04-22T10:48:59","guid":{"rendered":"https:\/\/archiv.siov.sk\/?p=7685"},"modified":"2021-04-22T12:49:06","modified_gmt":"2021-04-22T10:49:06","slug":"bratislavske-kontraktacne-dni-cvicnych-firiem","status":"publish","type":"post","link":"https:\/\/archiv.siov.sk\/en\/bratislavske-kontraktacne-dni-cvicnych-firiem\/","title":{"rendered":"Bratislavsk\u00e9 kontrakta\u010dn\u00e9 dni cvi\u010dn\u00fdch firiem"},"content":{"rendered":"<p>Kontrakta\u010dn\u00e9 dni cvi\u010dn\u00fdch firiem u\u017e maj\u00fa na Slovensku trad\u00edciu. V&nbsp;\u010dase pretrv\u00e1vaj\u00facej pand\u00e9mie v\u0161ak z\u00edskali nov\u00fd dych aj&nbsp;podobu.<\/p>\n<p style=\"text-align: justify;\">Hlavn\u00fdm organiz\u00e1torom Bratislavsk\u00fdch kontrakta\u010dn\u00fdch dn\u00ed, ktor\u00e9 bud\u00fa prebieha\u0165 26. a\u017e 27. m\u00e1ja je cvi\u010dn\u00e1 firma BeastFit z&nbsp;Obchodnej akad\u00e9mie Nev\u00e4dzova v&nbsp;Bratislave s&nbsp;predmetom podnikania zameran\u00fdm na zdrav\u00fd \u017eivotn\u00fd \u0161t\u00fdl. Na t\u00fato t\u00e9mu sa preto rozhodla s\u00fastredi\u0165 aj samotn\u00e9 podujatie, ktor\u00e9ho spestren\u00edm bud\u00fa aj tematick\u00e9 predn\u00e1\u0161ky a&nbsp;kv\u00edzy v&nbsp;sloven\u010dine a angli\u010dtine.<\/p>\n<p style=\"text-align: justify;\">Neodmyslite\u013enou s\u00fa\u010das\u0165ou kontraktov a&nbsp;ve\u013etrhov s\u00fa tie\u017e s\u00fa\u0165a\u017ee firiem \u017eiakov. Na online Bratislavsk\u00fdch kontrakta\u010dn\u00fdch d\u0148och cvi\u010dn\u00fdch firiem sa bude s\u00fa\u0165a\u017ei\u0165 spolu v&nbsp;piatich kateg\u00f3ri\u00e1ch, a to &nbsp;let\u00e1k, 90 sek\u00fand vo v\u00fd\u0165ahu, zrealizovan\u00e9 kontrakty, e-shop a Instagram post.<\/p>\n<p style=\"text-align: justify;\">V&nbsp;r\u00e1mci s\u00fa\u0165a\u017ee \u201ezrealizovan\u00e9 kontrakty\u201c bud\u00fa cvi\u010dn\u00e9 firmy prv\u00fd de\u0148 obchodova\u0165 cez e-shopy a&nbsp;e-mailov\u00fa komunik\u00e1ciu. Do z\u00e1vere\u010dn\u00e9ho vyhodnotenia s\u00fa\u0165a\u017e\u00ed bud\u00fa zapo\u010d\u00edtan\u00e9 len tie obchody, ktor\u00e9 bud\u00fa zaplaten\u00e9 26. m\u00e1ja 2021 do 16.00 hodiny cez Internetbanking &nbsp;Centrobanky Slovensk\u00e9ho centra cvi\u010dn\u00fdch firiem. Vyhl\u00e1senie v\u00fdsledkov v\u0161etk\u00fdch s\u00fa\u0165a\u017e\u00ed bude 27. m\u00e1ja 2021 o&nbsp;13.00 hodine.<\/p>\n<p style=\"text-align: justify;\">Cvi\u010dn\u00e1 firma umo\u017e\u0148uje \u0161tudentom dotkn\u00fa\u0165 sa skuto\u010dn\u00e9ho podnikate\u013esk\u00e9ho prostredia, aj ke\u010f &nbsp;iba vo virtu\u00e1lnom svete. Kontrakta\u010dn\u00e9 dni a ve\u013etrhy cvi\u010dn\u00fdch firiem poskytuj\u00fa \u017eiakom pr\u00edle\u017eitos\u0165 rie\u0161i\u0165 obchodn\u00e9 pr\u00edpady, komunikova\u0165 v cudzom jazyku, nadv\u00e4zova\u0165 obchodn\u00e9 a partnersk\u00e9 vz\u0165ahy s podporou re\u00e1lnych partnerov.<\/p>\n<p style=\"text-align: justify;\">Bratislavsk\u00e9 kontrakta\u010dn\u00e9 dni cvi\u010dn\u00fdch firiem pripravuje Obchodn\u00e1 akad\u00e9mia Nev\u00e4dzova. Partnermi podujatia s\u00fa \u0160t\u00e1tny in\u0161tit\u00fat odborn\u00e9ho vzdel\u00e1vania a&nbsp;jeho odbor Slovensk\u00e9 centrum cvi\u010dn\u00fdch firiem, Centrum vedecko-technick\u00fdch inform\u00e1ci\u00ed Slovensko &#8211; \u0160VS BB, Ekonomick\u00e1 univerzita v&nbsp;Bratislave a&nbsp;\u010fal\u0161\u00ed. Z\u00e1stupcovia partnerov bud\u00fa aj porotcami s\u00fa\u0165a\u017e\u00ed cvi\u010dn\u00fdch firiem.<\/p>\n<p>Ver\u00edme, \u017ee sa na prvom ro\u010dn\u00edku online Bratislavsk\u00fdch kontrakta\u010dn\u00fdch dn\u00ed cvi\u010dn\u00fdch firiem radi z\u00fa\u010dastn\u00edte, \u010di u\u017e ako priami \u00fa\u010dastn\u00edci alebo div\u00e1ci.<\/p>\n<p>&nbsp;<\/p>","protected":false},"excerpt":{"rendered":"<p>Kontrakta\u010dn\u00e9 dni cvi\u010dn\u00fdch firiem u\u017e maj\u00fa na Slovensku trad\u00edciu. V&nbsp;\u010dase pretrv\u00e1vaj\u00facej pand\u00e9mie v\u0161ak z\u00edskali nov\u00fd dych aj&nbsp;podobu. Hlavn\u00fdm organiz\u00e1torom Bratislavsk\u00fdch kontrakta\u010dn\u00fdch dn\u00ed, ktor\u00e9 bud\u00fa prebieha\u0165 26. a\u017e 27. m\u00e1ja je cvi\u010dn\u00e1 firma BeastFit z&nbsp;Obchodnej akad\u00e9mie Nev\u00e4dzova v&nbsp;Bratislave s&nbsp;predmetom podnikania zameran\u00fdm na zdrav\u00fd \u017eivotn\u00fd \u0161t\u00fdl. Na t\u00fato t\u00e9mu sa preto rozhodla s\u00fastredi\u0165 aj samotn\u00e9 podujatie, ktor\u00e9ho [&hellip;]<\/p>\n","protected":false},"author":6,"featured_media":7687,"comment_status":"closed","ping_status":"closed","sticky":false,"template":"","format":"standard","meta":{"site-sidebar-layout":"default","site-content-layout":"","ast-site-content-layout":"default","site-content-style":"default","site-sidebar-style":"default","ast-global-header-display":"","ast-banner-title-visibility":"","ast-main-header-display":"","ast-hfb-above-header-display":"","ast-hfb-below-header-display":"","ast-hfb-mobile-header-display":"","site-post-title":"","ast-breadcrumbs-content":"","ast-featured-img":"","footer-sml-layout":"","ast-disable-related-posts":"","theme-transparent-header-meta":"","adv-header-id-meta":"","stick-header-meta":"","header-above-stick-meta":"","header-main-stick-meta":"","header-below-stick-meta":"","astra-migrate-meta-layouts":"default","ast-page-background-enabled":"default","ast-page-background-meta":{"desktop":{"background-color":"var(--ast-global-color-4)","background-image":"","background-repeat":"repeat","background-position":"center center","background-size":"auto","background-attachment":"scroll","background-type":"","background-media":"","overlay-type":"","overlay-color":"","overlay-opacity":"","overlay-gradient":""},"tablet":{"background-color":"","background-image":"","background-repeat":"repeat","background-position":"center center","background-size":"auto","background-attachment":"scroll","background-type":"","background-media":"","overlay-type":"","overlay-color":"","overlay-opacity":"","overlay-gradient":""},"mobile":{"background-color":"","background-image":"","background-repeat":"repeat","background-position":"center center","background-size":"auto","background-attachment":"scroll","background-type":"","background-media":"","overlay-type":"","overlay-color":"","overlay-opacity":"","overlay-gradient":""}},"ast-content-background-meta":{"desktop":{"background-color":"var(--ast-global-color-5)","background-image":"","background-repeat":"repeat","background-position":"center center","background-size":"auto","background-attachment":"scroll","background-type":"","background-media":"","overlay-type":"","overlay-color":"","overlay-opacity":"","overlay-gradient":""},"tablet":{"background-color":"var(--ast-global-color-5)","background-image":"","background-repeat":"repeat","background-position":"center center","background-size":"auto","background-attachment":"scroll","background-type":"","background-media":"","overlay-type":"","overlay-color":"","overlay-opacity":"","overlay-gradient":""},"mobile":{"background-color":"var(--ast-global-color-5)","background-image":"","background-repeat":"repeat","background-position":"center center","background-size":"auto","background-attachment":"scroll","background-type":"","background-media":"","overlay-type":"","overlay-color":"","overlay-opacity":"","overlay-gradient":""}},"footnotes":""},"categories":[1,9],"tags":[],"class_list":["post-7685","post","type-post","status-publish","format-standard","has-post-thumbnail","hentry","category-aktuality","category-aktuality-v-case-koronavirusu"],"yoast_head":"<!-- This site is optimized with the Yoast SEO plugin v27.5 - https:\/\/yoast.com\/product\/yoast-seo-wordpress\/ -->\n<title>Bratislavsk\u00e9 kontrakta\u010dn\u00e9 dni cvi\u010dn\u00fdch firiem - \u0160IOV - \u0161t\u00e1tny in\u0161tit\u00fat odborn\u00e9ho vzdel\u00e1vania<\/title>\n<meta name=\"robots\" content=\"index, follow, max-snippet:-1, max-image-preview:large, max-video-preview:-1\" \/>\n<link rel=\"canonical\" href=\"https:\/\/archiv.siov.sk\/en\/bratislavske-kontraktacne-dni-cvicnych-firiem\/\" \/>\n<meta property=\"og:locale\" content=\"en_GB\" \/>\n<meta property=\"og:type\" content=\"article\" \/>\n<meta property=\"og:title\" content=\"Bratislavsk\u00e9 kontrakta\u010dn\u00e9 dni cvi\u010dn\u00fdch firiem - \u0160IOV - \u0161t\u00e1tny in\u0161tit\u00fat odborn\u00e9ho vzdel\u00e1vania\" \/>\n<meta property=\"og:description\" content=\"Kontrakta\u010dn\u00e9 dni cvi\u010dn\u00fdch firiem u\u017e maj\u00fa na Slovensku trad\u00edciu. V&nbsp;\u010dase pretrv\u00e1vaj\u00facej pand\u00e9mie v\u0161ak z\u00edskali nov\u00fd dych aj&nbsp;podobu. Hlavn\u00fdm organiz\u00e1torom Bratislavsk\u00fdch kontrakta\u010dn\u00fdch dn\u00ed, ktor\u00e9 bud\u00fa prebieha\u0165 26. a\u017e 27. m\u00e1ja je cvi\u010dn\u00e1 firma BeastFit z&nbsp;Obchodnej akad\u00e9mie Nev\u00e4dzova v&nbsp;Bratislave s&nbsp;predmetom podnikania zameran\u00fdm na zdrav\u00fd \u017eivotn\u00fd \u0161t\u00fdl. Na t\u00fato t\u00e9mu sa preto rozhodla s\u00fastredi\u0165 aj samotn\u00e9 podujatie, ktor\u00e9ho [&hellip;]\" \/>\n<meta property=\"og:url\" content=\"https:\/\/archiv.siov.sk\/en\/bratislavske-kontraktacne-dni-cvicnych-firiem\/\" \/>\n<meta property=\"og:site_name\" content=\"\u0160IOV - \u0161t\u00e1tny in\u0161tit\u00fat odborn\u00e9ho vzdel\u00e1vania\" \/>\n<meta property=\"article:publisher\" content=\"https:\/\/www.facebook.com\/Statnyinstitutodbornehovzdelavania\" \/>\n<meta property=\"article:published_time\" content=\"2021-04-22T10:48:59+00:00\" \/>\n<meta property=\"article:modified_time\" content=\"2021-04-22T10:49:06+00:00\" \/>\n<meta property=\"og:image\" content=\"https:\/\/archiv.siov.sk\/wp-content\/uploads\/2021\/04\/BKD.png\" \/>\n\t<meta property=\"og:image:width\" content=\"500\" \/>\n\t<meta property=\"og:image:height\" content=\"500\" \/>\n\t<meta property=\"og:image:type\" content=\"image\/png\" \/>\n<meta name=\"author\" content=\"Katar\u00edna Kov\u00e1\u010dov\u00e1\" \/>\n<meta name=\"twitter:card\" content=\"summary_large_image\" \/>\n<meta name=\"twitter:label1\" content=\"Written by\" \/>\n\t<meta name=\"twitter:data1\" content=\"Katar\u00edna Kov\u00e1\u010dov\u00e1\" \/>\n\t<meta name=\"twitter:label2\" content=\"Estimated reading time\" \/>\n\t<meta name=\"twitter:data2\" content=\"2 minutes\" \/>\n<script type=\"application\/ld+json\" class=\"yoast-schema-graph\">{\"@context\":\"https:\\\/\\\/schema.org\",\"@graph\":[{\"@type\":\"Article\",\"@id\":\"https:\\\/\\\/archiv.siov.sk\\\/bratislavske-kontraktacne-dni-cvicnych-firiem\\\/#article\",\"isPartOf\":{\"@id\":\"https:\\\/\\\/archiv.siov.sk\\\/bratislavske-kontraktacne-dni-cvicnych-firiem\\\/\"},\"author\":{\"name\":\"Katar\u00edna Kov\u00e1\u010dov\u00e1\",\"@id\":\"https:\\\/\\\/archiv.siov.sk\\\/#\\\/schema\\\/person\\\/e42d633fbd958c6a726e8834d8965e6c\"},\"headline\":\"Bratislavsk\u00e9 kontrakta\u010dn\u00e9 dni cvi\u010dn\u00fdch firiem\",\"datePublished\":\"2021-04-22T10:48:59+00:00\",\"dateModified\":\"2021-04-22T10:49:06+00:00\",\"mainEntityOfPage\":{\"@id\":\"https:\\\/\\\/archiv.siov.sk\\\/bratislavske-kontraktacne-dni-cvicnych-firiem\\\/\"},\"wordCount\":399,\"publisher\":{\"@id\":\"https:\\\/\\\/archiv.siov.sk\\\/#organization\"},\"image\":{\"@id\":\"https:\\\/\\\/archiv.siov.sk\\\/bratislavske-kontraktacne-dni-cvicnych-firiem\\\/#primaryimage\"},\"thumbnailUrl\":\"https:\\\/\\\/archiv.siov.sk\\\/wp-content\\\/uploads\\\/2021\\\/04\\\/BKD.png\",\"articleSection\":[\"Aktuality\",\"Aktuality v \u010dase koronav\u00edrusu\"],\"inLanguage\":\"en-GB\"},{\"@type\":\"WebPage\",\"@id\":\"https:\\\/\\\/archiv.siov.sk\\\/bratislavske-kontraktacne-dni-cvicnych-firiem\\\/\",\"url\":\"https:\\\/\\\/archiv.siov.sk\\\/bratislavske-kontraktacne-dni-cvicnych-firiem\\\/\",\"name\":\"Bratislavsk\u00e9 kontrakta\u010dn\u00e9 dni cvi\u010dn\u00fdch firiem - \u0160IOV - \u0161t\u00e1tny in\u0161tit\u00fat odborn\u00e9ho vzdel\u00e1vania\",\"isPartOf\":{\"@id\":\"https:\\\/\\\/archiv.siov.sk\\\/#website\"},\"primaryImageOfPage\":{\"@id\":\"https:\\\/\\\/archiv.siov.sk\\\/bratislavske-kontraktacne-dni-cvicnych-firiem\\\/#primaryimage\"},\"image\":{\"@id\":\"https:\\\/\\\/archiv.siov.sk\\\/bratislavske-kontraktacne-dni-cvicnych-firiem\\\/#primaryimage\"},\"thumbnailUrl\":\"https:\\\/\\\/archiv.siov.sk\\\/wp-content\\\/uploads\\\/2021\\\/04\\\/BKD.png\",\"datePublished\":\"2021-04-22T10:48:59+00:00\",\"dateModified\":\"2021-04-22T10:49:06+00:00\",\"breadcrumb\":{\"@id\":\"https:\\\/\\\/archiv.siov.sk\\\/bratislavske-kontraktacne-dni-cvicnych-firiem\\\/#breadcrumb\"},\"inLanguage\":\"en-GB\",\"potentialAction\":[{\"@type\":\"ReadAction\",\"target\":[\"https:\\\/\\\/archiv.siov.sk\\\/bratislavske-kontraktacne-dni-cvicnych-firiem\\\/\"]}]},{\"@type\":\"ImageObject\",\"inLanguage\":\"en-GB\",\"@id\":\"https:\\\/\\\/archiv.siov.sk\\\/bratislavske-kontraktacne-dni-cvicnych-firiem\\\/#primaryimage\",\"url\":\"https:\\\/\\\/archiv.siov.sk\\\/wp-content\\\/uploads\\\/2021\\\/04\\\/BKD.png\",\"contentUrl\":\"https:\\\/\\\/archiv.siov.sk\\\/wp-content\\\/uploads\\\/2021\\\/04\\\/BKD.png\",\"width\":500,\"height\":500},{\"@type\":\"BreadcrumbList\",\"@id\":\"https:\\\/\\\/archiv.siov.sk\\\/bratislavske-kontraktacne-dni-cvicnych-firiem\\\/#breadcrumb\",\"itemListElement\":[{\"@type\":\"ListItem\",\"position\":1,\"name\":\"Home\",\"item\":\"https:\\\/\\\/archiv.siov.sk\\\/\"},{\"@type\":\"ListItem\",\"position\":2,\"name\":\"Bratislavsk\u00e9 kontrakta\u010dn\u00e9 dni cvi\u010dn\u00fdch firiem\"}]},{\"@type\":\"WebSite\",\"@id\":\"https:\\\/\\\/archiv.siov.sk\\\/#website\",\"url\":\"https:\\\/\\\/archiv.siov.sk\\\/\",\"name\":\"\u0160IOV - \u0161t\u00e1tny in\u0161tit\u00fat odborn\u00e9ho vzdel\u00e1vania\",\"description\":\"\",\"publisher\":{\"@id\":\"https:\\\/\\\/archiv.siov.sk\\\/#organization\"},\"potentialAction\":[{\"@type\":\"SearchAction\",\"target\":{\"@type\":\"EntryPoint\",\"urlTemplate\":\"https:\\\/\\\/archiv.siov.sk\\\/?s={search_term_string}\"},\"query-input\":{\"@type\":\"PropertyValueSpecification\",\"valueRequired\":true,\"valueName\":\"search_term_string\"}}],\"inLanguage\":\"en-GB\"},{\"@type\":\"Organization\",\"@id\":\"https:\\\/\\\/archiv.siov.sk\\\/#organization\",\"name\":\"\u0160IOV - \u0161t\u00e1tny in\u0161tit\u00fat odborn\u00e9ho vzdel\u00e1vania\",\"url\":\"https:\\\/\\\/archiv.siov.sk\\\/\",\"logo\":{\"@type\":\"ImageObject\",\"inLanguage\":\"en-GB\",\"@id\":\"https:\\\/\\\/archiv.siov.sk\\\/#\\\/schema\\\/logo\\\/image\\\/\",\"url\":\"https:\\\/\\\/archiv.siov.sk\\\/wp-content\\\/uploads\\\/2024\\\/02\\\/logo-SIOV.png\",\"contentUrl\":\"https:\\\/\\\/archiv.siov.sk\\\/wp-content\\\/uploads\\\/2024\\\/02\\\/logo-SIOV.png\",\"width\":431,\"height\":143,\"caption\":\"\u0160IOV - \u0161t\u00e1tny in\u0161tit\u00fat odborn\u00e9ho vzdel\u00e1vania\"},\"image\":{\"@id\":\"https:\\\/\\\/archiv.siov.sk\\\/#\\\/schema\\\/logo\\\/image\\\/\"},\"sameAs\":[\"https:\\\/\\\/www.facebook.com\\\/Statnyinstitutodbornehovzdelavania\"]},{\"@type\":\"Person\",\"@id\":\"https:\\\/\\\/archiv.siov.sk\\\/#\\\/schema\\\/person\\\/e42d633fbd958c6a726e8834d8965e6c\",\"name\":\"Katar\u00edna Kov\u00e1\u010dov\u00e1\",\"url\":\"https:\\\/\\\/archiv.siov.sk\\\/en\\\/author\\\/katkakovacova\\\/\"}]}<\/script>\n<!-- \/ Yoast SEO plugin. -->","yoast_head_json":{"title":"Bratislavsk\u00e9 kontrakta\u010dn\u00e9 dni cvi\u010dn\u00fdch firiem - \u0160IOV - \u0161t\u00e1tny in\u0161tit\u00fat odborn\u00e9ho vzdel\u00e1vania","robots":{"index":"index","follow":"follow","max-snippet":"max-snippet:-1","max-image-preview":"max-image-preview:large","max-video-preview":"max-video-preview:-1"},"canonical":"https:\/\/archiv.siov.sk\/en\/bratislavske-kontraktacne-dni-cvicnych-firiem\/","og_locale":"en_GB","og_type":"article","og_title":"Bratislavsk\u00e9 kontrakta\u010dn\u00e9 dni cvi\u010dn\u00fdch firiem - \u0160IOV - \u0161t\u00e1tny in\u0161tit\u00fat odborn\u00e9ho vzdel\u00e1vania","og_description":"Kontrakta\u010dn\u00e9 dni cvi\u010dn\u00fdch firiem u\u017e maj\u00fa na Slovensku trad\u00edciu. V&nbsp;\u010dase pretrv\u00e1vaj\u00facej pand\u00e9mie v\u0161ak z\u00edskali nov\u00fd dych aj&nbsp;podobu. Hlavn\u00fdm organiz\u00e1torom Bratislavsk\u00fdch kontrakta\u010dn\u00fdch dn\u00ed, ktor\u00e9 bud\u00fa prebieha\u0165 26. a\u017e 27. m\u00e1ja je cvi\u010dn\u00e1 firma BeastFit z&nbsp;Obchodnej akad\u00e9mie Nev\u00e4dzova v&nbsp;Bratislave s&nbsp;predmetom podnikania zameran\u00fdm na zdrav\u00fd \u017eivotn\u00fd \u0161t\u00fdl. Na t\u00fato t\u00e9mu sa preto rozhodla s\u00fastredi\u0165 aj samotn\u00e9 podujatie, ktor\u00e9ho [&hellip;]","og_url":"https:\/\/archiv.siov.sk\/en\/bratislavske-kontraktacne-dni-cvicnych-firiem\/","og_site_name":"\u0160IOV - \u0161t\u00e1tny in\u0161tit\u00fat odborn\u00e9ho vzdel\u00e1vania","article_publisher":"https:\/\/www.facebook.com\/Statnyinstitutodbornehovzdelavania","article_published_time":"2021-04-22T10:48:59+00:00","article_modified_time":"2021-04-22T10:49:06+00:00","og_image":[{"width":500,"height":500,"url":"https:\/\/archiv.siov.sk\/wp-content\/uploads\/2021\/04\/BKD.png","type":"image\/png"}],"author":"Katar\u00edna Kov\u00e1\u010dov\u00e1","twitter_card":"summary_large_image","twitter_misc":{"Written by":"Katar\u00edna Kov\u00e1\u010dov\u00e1","Estimated reading time":"2 minutes"},"schema":{"@context":"https:\/\/schema.org","@graph":[{"@type":"Article","@id":"https:\/\/archiv.siov.sk\/bratislavske-kontraktacne-dni-cvicnych-firiem\/#article","isPartOf":{"@id":"https:\/\/archiv.siov.sk\/bratislavske-kontraktacne-dni-cvicnych-firiem\/"},"author":{"name":"Katar\u00edna Kov\u00e1\u010dov\u00e1","@id":"https:\/\/archiv.siov.sk\/#\/schema\/person\/e42d633fbd958c6a726e8834d8965e6c"},"headline":"Bratislavsk\u00e9 kontrakta\u010dn\u00e9 dni cvi\u010dn\u00fdch firiem","datePublished":"2021-04-22T10:48:59+00:00","dateModified":"2021-04-22T10:49:06+00:00","mainEntityOfPage":{"@id":"https:\/\/archiv.siov.sk\/bratislavske-kontraktacne-dni-cvicnych-firiem\/"},"wordCount":399,"publisher":{"@id":"https:\/\/archiv.siov.sk\/#organization"},"image":{"@id":"https:\/\/archiv.siov.sk\/bratislavske-kontraktacne-dni-cvicnych-firiem\/#primaryimage"},"thumbnailUrl":"https:\/\/archiv.siov.sk\/wp-content\/uploads\/2021\/04\/BKD.png","articleSection":["Aktuality","Aktuality v \u010dase koronav\u00edrusu"],"inLanguage":"en-GB"},{"@type":"WebPage","@id":"https:\/\/archiv.siov.sk\/bratislavske-kontraktacne-dni-cvicnych-firiem\/","url":"https:\/\/archiv.siov.sk\/bratislavske-kontraktacne-dni-cvicnych-firiem\/","name":"Bratislavsk\u00e9 kontrakta\u010dn\u00e9 dni cvi\u010dn\u00fdch firiem - \u0160IOV - \u0161t\u00e1tny in\u0161tit\u00fat odborn\u00e9ho vzdel\u00e1vania","isPartOf":{"@id":"https:\/\/archiv.siov.sk\/#website"},"primaryImageOfPage":{"@id":"https:\/\/archiv.siov.sk\/bratislavske-kontraktacne-dni-cvicnych-firiem\/#primaryimage"},"image":{"@id":"https:\/\/archiv.siov.sk\/bratislavske-kontraktacne-dni-cvicnych-firiem\/#primaryimage"},"thumbnailUrl":"https:\/\/archiv.siov.sk\/wp-content\/uploads\/2021\/04\/BKD.png","datePublished":"2021-04-22T10:48:59+00:00","dateModified":"2021-04-22T10:49:06+00:00","breadcrumb":{"@id":"https:\/\/archiv.siov.sk\/bratislavske-kontraktacne-dni-cvicnych-firiem\/#breadcrumb"},"inLanguage":"en-GB","potentialAction":[{"@type":"ReadAction","target":["https:\/\/archiv.siov.sk\/bratislavske-kontraktacne-dni-cvicnych-firiem\/"]}]},{"@type":"ImageObject","inLanguage":"en-GB","@id":"https:\/\/archiv.siov.sk\/bratislavske-kontraktacne-dni-cvicnych-firiem\/#primaryimage","url":"https:\/\/archiv.siov.sk\/wp-content\/uploads\/2021\/04\/BKD.png","contentUrl":"https:\/\/archiv.siov.sk\/wp-content\/uploads\/2021\/04\/BKD.png","width":500,"height":500},{"@type":"BreadcrumbList","@id":"https:\/\/archiv.siov.sk\/bratislavske-kontraktacne-dni-cvicnych-firiem\/#breadcrumb","itemListElement":[{"@type":"ListItem","position":1,"name":"Home","item":"https:\/\/archiv.siov.sk\/"},{"@type":"ListItem","position":2,"name":"Bratislavsk\u00e9 kontrakta\u010dn\u00e9 dni cvi\u010dn\u00fdch firiem"}]},{"@type":"WebSite","@id":"https:\/\/archiv.siov.sk\/#website","url":"https:\/\/archiv.siov.sk\/","name":"\u0160IOV - \u0161t\u00e1tny in\u0161tit\u00fat odborn\u00e9ho vzdel\u00e1vania","description":"","publisher":{"@id":"https:\/\/archiv.siov.sk\/#organization"},"potentialAction":[{"@type":"SearchAction","target":{"@type":"EntryPoint","urlTemplate":"https:\/\/archiv.siov.sk\/?s={search_term_string}"},"query-input":{"@type":"PropertyValueSpecification","valueRequired":true,"valueName":"search_term_string"}}],"inLanguage":"en-GB"},{"@type":"Organization","@id":"https:\/\/archiv.siov.sk\/#organization","name":"\u0160IOV - \u0161t\u00e1tny in\u0161tit\u00fat odborn\u00e9ho vzdel\u00e1vania","url":"https:\/\/archiv.siov.sk\/","logo":{"@type":"ImageObject","inLanguage":"en-GB","@id":"https:\/\/archiv.siov.sk\/#\/schema\/logo\/image\/","url":"https:\/\/archiv.siov.sk\/wp-content\/uploads\/2024\/02\/logo-SIOV.png","contentUrl":"https:\/\/archiv.siov.sk\/wp-content\/uploads\/2024\/02\/logo-SIOV.png","width":431,"height":143,"caption":"\u0160IOV - \u0161t\u00e1tny in\u0161tit\u00fat odborn\u00e9ho vzdel\u00e1vania"},"image":{"@id":"https:\/\/archiv.siov.sk\/#\/schema\/logo\/image\/"},"sameAs":["https:\/\/www.facebook.com\/Statnyinstitutodbornehovzdelavania"]},{"@type":"Person","@id":"https:\/\/archiv.siov.sk\/#\/schema\/person\/e42d633fbd958c6a726e8834d8965e6c","name":"Katar\u00edna Kov\u00e1\u010dov\u00e1","url":"https:\/\/archiv.siov.sk\/en\/author\/katkakovacova\/"}]}},"_links":{"self":[{"href":"https:\/\/archiv.siov.sk\/en\/wp-json\/wp\/v2\/posts\/7685","targetHints":{"allow":["GET"]}}],"collection":[{"href":"https:\/\/archiv.siov.sk\/en\/wp-json\/wp\/v2\/posts"}],"about":[{"href":"https:\/\/archiv.siov.sk\/en\/wp-json\/wp\/v2\/types\/post"}],"author":[{"embeddable":true,"href":"https:\/\/archiv.siov.sk\/en\/wp-json\/wp\/v2\/users\/6"}],"replies":[{"embeddable":true,"href":"https:\/\/archiv.siov.sk\/en\/wp-json\/wp\/v2\/comments?post=7685"}],"version-history":[{"count":2,"href":"https:\/\/archiv.siov.sk\/en\/wp-json\/wp\/v2\/posts\/7685\/revisions"}],"predecessor-version":[{"id":7688,"href":"https:\/\/archiv.siov.sk\/en\/wp-json\/wp\/v2\/posts\/7685\/revisions\/7688"}],"wp:featuredmedia":[{"embeddable":true,"href":"https:\/\/archiv.siov.sk\/en\/wp-json\/wp\/v2\/media\/7687"}],"wp:attachment":[{"href":"https:\/\/archiv.siov.sk\/en\/wp-json\/wp\/v2\/media?parent=7685"}],"wp:term":[{"taxonomy":"category","embeddable":true,"href":"https:\/\/archiv.siov.sk\/en\/wp-json\/wp\/v2\/categories?post=7685"},{"taxonomy":"post_tag","embeddable":true,"href":"https:\/\/archiv.siov.sk\/en\/wp-json\/wp\/v2\/tags?post=7685"}],"curies":[{"name":"wp","href":"https:\/\/api.w.org\/{rel}","templated":true}]}}