{"id":7620,"date":"2021-04-15T10:57:20","date_gmt":"2021-04-15T08:57:20","guid":{"rendered":"https:\/\/archiv.siov.sk\/?p=7620"},"modified":"2021-04-26T17:47:13","modified_gmt":"2021-04-26T15:47:13","slug":"stredoskolska-odborna-cinnost-spaja-tradiciu-a-zaujem-stredoskolakov-uz-43-rokov","status":"publish","type":"post","link":"https:\/\/archiv.siov.sk\/en\/stredoskolska-odborna-cinnost-spaja-tradiciu-a-zaujem-stredoskolakov-uz-43-rokov\/","title":{"rendered":"Stredo\u0161kolsk\u00e1 odborn\u00e1 \u010dinnos\u0165 sp\u00e1ja trad\u00edciu a z\u00e1ujem stredo\u0161kol\u00e1kov u\u017e 43 rokov"},"content":{"rendered":"<p style=\"text-align: justify;\"><em>Ilustra\u010dn\u00e9 foto &#8211; \u0160IOV<\/em><\/p>\n<p style=\"text-align: justify;\">Stredo\u0161kolsk\u00e1 odborn\u00e1 \u010dinnos\u0165 je stretnut\u00edm mlad\u00fdch talentovan\u00fdch&nbsp; \u017eiakov stredn\u00fdch \u0161k\u00f4l. Jej vrcholov\u00e9 podujatie sa tradi\u010dne uskuto\u010d\u0148uje v apr\u00edli. Tento rok sa u\u017e po druh\u00fd raz v\u00fdnimo\u010dne&nbsp; pre v\u00fdvoj epidemiologickej situ\u00e1cie 27.-30. apr\u00edla nestretneme osobne.<\/p>\n<p style=\"text-align: justify;\">Do celo\u0161t\u00e1tneho kola sa prebojovali cez postupov\u00e9 kol\u00e1 odborn\u00e9 pr\u00e1ce vy\u0161e 1 240 \u017eiakov z viac ako 250 stredn\u00fdch \u0161k\u00f4l. Post\u00fapilo 259 najlep\u0161\u00edch nov\u00e1torsk\u00fdch rie\u0161en\u00ed \u017eiakov, ktor\u00ed sa predstavia so svojimi t\u00e9mami v niektorom zo 17 pr\u00edrodovedn\u00fdch, technick\u00fdch, humanitn\u00fdch \u010di spolo\u010denskovedn\u00fdch odborov.&nbsp;&nbsp; &nbsp;&nbsp;&nbsp;&nbsp;<\/p>\n<p style=\"text-align: justify;\">Verejn\u00e1 obhajoba v\u00fdsledkov pr\u00e1c \u017eiakov sa tento rok&nbsp; zrealizuje&nbsp; prostredn\u00edctvom soci\u00e1lnych siet\u00ed pred odbornou komisiou.&nbsp; To je jedin\u00e1 mo\u017enos\u0165, ako sa \u010do najviac pribl\u00ed\u017ei\u0165 k prezen\u010dnej forme s\u00fa\u0165a\u017ee, ktor\u00e1 je nezamenite\u013en\u00e1 a nesmierne d\u00f4le\u017eit\u00e1.&nbsp; Je to priestor, v ktorom \u017eiaci&nbsp; kreat\u00edvne a zanietene rozpr\u00e1vaj\u00fa &nbsp;o svojej pr\u00e1ci medzi&nbsp; spolus\u00fa\u0165a\u017eiacimi, argumentuj\u00fa, predstavuj\u00fa svoje n\u00e1pady, rie\u0161enia a rozv\u00edjaj\u00fa&nbsp; si t\u00fdm&nbsp; vlastn\u00e9 komunika\u010dn\u00e9&nbsp; a profesion\u00e1lne zru\u010dnosti.&nbsp; V\u00fdnimo\u010dnos\u0165&nbsp; s\u00fa\u0165a\u017ee pod\u010diarkuje skuto\u010dnos\u0165, \u017ee sa v\u00fdrazne podie\u013ea&nbsp; na odbornom,&nbsp; osobnostnom a profesijnom rozvoji \u017eiakov, roz\u0161iruje im obzory poznania, prin\u00e1\u0161a nov\u00e9 vedomosti v odborno-teoretick\u00fdch a odborno-praktick\u00fdch zru\u010dnostiach. By\u0165 akt\u00edvnym&nbsp; \u00fa\u010dastn\u00edkom v Stredo\u0161kolskej&nbsp; odbornej \u010dinnosti&nbsp; je v\u00fdbornou sk\u00fasenos\u0165ou a odrazov\u00fdm most\u00edkom \u010di u\u017e &nbsp;pre \u00faspe\u0161n\u00e9 zav\u0155\u0161enie stredo\u0161kolsk\u00e9ho \u0161t\u00fadia alebo vod\u00edtkom pre spr\u00e1vny v\u00fdber vysoko\u0161kolsk\u00e9ho \u0161t\u00fadia a bud\u00faceho povolania.&nbsp;<\/p>\n<p style=\"text-align: justify;\">Koordin\u00e1torom &nbsp;celo\u0161t\u00e1tnej prehliadky SO\u010c \u2013 di\u0161tan\u010dne je druh\u00fdm rokom Krajsk\u00e9 centrum vo\u013en\u00e9ho \u010dasu Tren\u010d\u00edn. Partnerom technickej podpory je Centrum vedecko-technick\u00fdch inform\u00e1ci\u00ed SR \u2013 \u0160VS Bansk\u00e1 Bystrica.&nbsp;&nbsp; Odborn\u00fdm gestorom je \u0160t\u00e1tny in\u0161tit\u00fat odborn\u00e9ho vzdel\u00e1vania a vyhlasovate\u013eom s\u00fa\u0165a\u017ee je Ministerstvo \u0161kolstva, vedy, v\u00fdskumu a&nbsp; \u0161portu SR.<\/p>\n<p style=\"text-align: justify;\">Za d\u00f4slednou a&nbsp;systematickou pr\u00e1cou podporuj\u00facou tvorivos\u0165 \u017eiakov a&nbsp;organiz\u00e1ciou s\u00fa\u0165a\u017ee je rad zanieten\u00fdch pedag\u00f3gov stredn\u00fdch, &nbsp;vysok\u00fdch \u0161k\u00f4l a&nbsp;\u010fal\u0161\u00edch odborn\u00edkov z&nbsp;praxe, ktor\u00fdm patr\u00ed&nbsp; po\u010fakovanie. &nbsp;&nbsp;<\/p>\n<p>&nbsp;<\/p>","protected":false},"excerpt":{"rendered":"<p>Ilustra\u010dn\u00e9 foto &#8211; \u0160IOV Stredo\u0161kolsk\u00e1 odborn\u00e1 \u010dinnos\u0165 je stretnut\u00edm mlad\u00fdch talentovan\u00fdch&nbsp; \u017eiakov stredn\u00fdch \u0161k\u00f4l. Jej vrcholov\u00e9 podujatie sa tradi\u010dne uskuto\u010d\u0148uje v apr\u00edli. Tento rok sa u\u017e po druh\u00fd raz v\u00fdnimo\u010dne&nbsp; pre v\u00fdvoj epidemiologickej situ\u00e1cie 27.-30. apr\u00edla nestretneme osobne. Do celo\u0161t\u00e1tneho kola sa prebojovali cez postupov\u00e9 kol\u00e1 odborn\u00e9 pr\u00e1ce vy\u0161e 1 240 \u017eiakov z viac ako [&hellip;]<\/p>\n","protected":false},"author":6,"featured_media":7622,"comment_status":"closed","ping_status":"closed","sticky":false,"template":"","format":"standard","meta":{"site-sidebar-layout":"default","site-content-layout":"","ast-site-content-layout":"default","site-content-style":"default","site-sidebar-style":"default","ast-global-header-display":"","ast-banner-title-visibility":"","ast-main-header-display":"","ast-hfb-above-header-display":"","ast-hfb-below-header-display":"","ast-hfb-mobile-header-display":"","site-post-title":"","ast-breadcrumbs-content":"","ast-featured-img":"","footer-sml-layout":"","ast-disable-related-posts":"","theme-transparent-header-meta":"","adv-header-id-meta":"","stick-header-meta":"","header-above-stick-meta":"","header-main-stick-meta":"","header-below-stick-meta":"","astra-migrate-meta-layouts":"default","ast-page-background-enabled":"default","ast-page-background-meta":{"desktop":{"background-color":"var(--ast-global-color-4)","background-image":"","background-repeat":"repeat","background-position":"center center","background-size":"auto","background-attachment":"scroll","background-type":"","background-media":"","overlay-type":"","overlay-color":"","overlay-opacity":"","overlay-gradient":""},"tablet":{"background-color":"","background-image":"","background-repeat":"repeat","background-position":"center center","background-size":"auto","background-attachment":"scroll","background-type":"","background-media":"","overlay-type":"","overlay-color":"","overlay-opacity":"","overlay-gradient":""},"mobile":{"background-color":"","background-image":"","background-repeat":"repeat","background-position":"center center","background-size":"auto","background-attachment":"scroll","background-type":"","background-media":"","overlay-type":"","overlay-color":"","overlay-opacity":"","overlay-gradient":""}},"ast-content-background-meta":{"desktop":{"background-color":"var(--ast-global-color-5)","background-image":"","background-repeat":"repeat","background-position":"center center","background-size":"auto","background-attachment":"scroll","background-type":"","background-media":"","overlay-type":"","overlay-color":"","overlay-opacity":"","overlay-gradient":""},"tablet":{"background-color":"var(--ast-global-color-5)","background-image":"","background-repeat":"repeat","background-position":"center center","background-size":"auto","background-attachment":"scroll","background-type":"","background-media":"","overlay-type":"","overlay-color":"","overlay-opacity":"","overlay-gradient":""},"mobile":{"background-color":"var(--ast-global-color-5)","background-image":"","background-repeat":"repeat","background-position":"center center","background-size":"auto","background-attachment":"scroll","background-type":"","background-media":"","overlay-type":"","overlay-color":"","overlay-opacity":"","overlay-gradient":""}},"footnotes":""},"categories":[1,9],"tags":[],"class_list":["post-7620","post","type-post","status-publish","format-standard","has-post-thumbnail","hentry","category-aktuality","category-aktuality-v-case-koronavirusu"],"yoast_head":"<!-- This site is optimized with the Yoast SEO plugin v27.5 - https:\/\/yoast.com\/product\/yoast-seo-wordpress\/ -->\n<title>Stredo\u0161kolsk\u00e1 odborn\u00e1 \u010dinnos\u0165 sp\u00e1ja trad\u00edciu a z\u00e1ujem stredo\u0161kol\u00e1kov u\u017e 43 rokov - \u0160IOV - \u0161t\u00e1tny in\u0161tit\u00fat odborn\u00e9ho vzdel\u00e1vania<\/title>\n<meta name=\"robots\" content=\"index, follow, max-snippet:-1, max-image-preview:large, max-video-preview:-1\" \/>\n<link rel=\"canonical\" href=\"https:\/\/archiv.siov.sk\/en\/stredoskolska-odborna-cinnost-spaja-tradiciu-a-zaujem-stredoskolakov-uz-43-rokov\/\" \/>\n<meta property=\"og:locale\" content=\"en_GB\" \/>\n<meta property=\"og:type\" content=\"article\" \/>\n<meta property=\"og:title\" content=\"Stredo\u0161kolsk\u00e1 odborn\u00e1 \u010dinnos\u0165 sp\u00e1ja trad\u00edciu a z\u00e1ujem stredo\u0161kol\u00e1kov u\u017e 43 rokov - \u0160IOV - \u0161t\u00e1tny in\u0161tit\u00fat odborn\u00e9ho vzdel\u00e1vania\" \/>\n<meta property=\"og:description\" content=\"Ilustra\u010dn\u00e9 foto &#8211; \u0160IOV Stredo\u0161kolsk\u00e1 odborn\u00e1 \u010dinnos\u0165 je stretnut\u00edm mlad\u00fdch talentovan\u00fdch&nbsp; \u017eiakov stredn\u00fdch \u0161k\u00f4l. Jej vrcholov\u00e9 podujatie sa tradi\u010dne uskuto\u010d\u0148uje v apr\u00edli. Tento rok sa u\u017e po druh\u00fd raz v\u00fdnimo\u010dne&nbsp; pre v\u00fdvoj epidemiologickej situ\u00e1cie 27.-30. apr\u00edla nestretneme osobne. Do celo\u0161t\u00e1tneho kola sa prebojovali cez postupov\u00e9 kol\u00e1 odborn\u00e9 pr\u00e1ce vy\u0161e 1 240 \u017eiakov z viac ako [&hellip;]\" \/>\n<meta property=\"og:url\" content=\"https:\/\/archiv.siov.sk\/en\/stredoskolska-odborna-cinnost-spaja-tradiciu-a-zaujem-stredoskolakov-uz-43-rokov\/\" \/>\n<meta property=\"og:site_name\" content=\"\u0160IOV - \u0161t\u00e1tny in\u0161tit\u00fat odborn\u00e9ho vzdel\u00e1vania\" \/>\n<meta property=\"article:publisher\" content=\"https:\/\/www.facebook.com\/Statnyinstitutodbornehovzdelavania\" \/>\n<meta property=\"article:published_time\" content=\"2021-04-15T08:57:20+00:00\" \/>\n<meta property=\"article:modified_time\" content=\"2021-04-26T15:47:13+00:00\" \/>\n<meta property=\"og:image\" content=\"https:\/\/archiv.siov.sk\/wp-content\/uploads\/2021\/04\/foto-SOC-scaled-e1619452023121.jpg\" \/>\n\t<meta property=\"og:image:width\" content=\"500\" \/>\n\t<meta property=\"og:image:height\" content=\"374\" \/>\n\t<meta property=\"og:image:type\" content=\"image\/jpeg\" \/>\n<meta name=\"author\" content=\"Katar\u00edna Kov\u00e1\u010dov\u00e1\" \/>\n<meta name=\"twitter:card\" content=\"summary_large_image\" \/>\n<meta name=\"twitter:label1\" content=\"Written by\" \/>\n\t<meta name=\"twitter:data1\" content=\"Katar\u00edna Kov\u00e1\u010dov\u00e1\" \/>\n\t<meta name=\"twitter:label2\" content=\"Estimated reading time\" \/>\n\t<meta name=\"twitter:data2\" content=\"2 minutes\" \/>\n<script type=\"application\/ld+json\" class=\"yoast-schema-graph\">{\"@context\":\"https:\\\/\\\/schema.org\",\"@graph\":[{\"@type\":\"Article\",\"@id\":\"https:\\\/\\\/archiv.siov.sk\\\/stredoskolska-odborna-cinnost-spaja-tradiciu-a-zaujem-stredoskolakov-uz-43-rokov\\\/#article\",\"isPartOf\":{\"@id\":\"https:\\\/\\\/archiv.siov.sk\\\/stredoskolska-odborna-cinnost-spaja-tradiciu-a-zaujem-stredoskolakov-uz-43-rokov\\\/\"},\"author\":{\"name\":\"Katar\u00edna Kov\u00e1\u010dov\u00e1\",\"@id\":\"https:\\\/\\\/archiv.siov.sk\\\/#\\\/schema\\\/person\\\/e42d633fbd958c6a726e8834d8965e6c\"},\"headline\":\"Stredo\u0161kolsk\u00e1 odborn\u00e1 \u010dinnos\u0165 sp\u00e1ja trad\u00edciu a z\u00e1ujem stredo\u0161kol\u00e1kov u\u017e 43 rokov\",\"datePublished\":\"2021-04-15T08:57:20+00:00\",\"dateModified\":\"2021-04-26T15:47:13+00:00\",\"mainEntityOfPage\":{\"@id\":\"https:\\\/\\\/archiv.siov.sk\\\/stredoskolska-odborna-cinnost-spaja-tradiciu-a-zaujem-stredoskolakov-uz-43-rokov\\\/\"},\"wordCount\":445,\"publisher\":{\"@id\":\"https:\\\/\\\/archiv.siov.sk\\\/#organization\"},\"image\":{\"@id\":\"https:\\\/\\\/archiv.siov.sk\\\/stredoskolska-odborna-cinnost-spaja-tradiciu-a-zaujem-stredoskolakov-uz-43-rokov\\\/#primaryimage\"},\"thumbnailUrl\":\"https:\\\/\\\/archiv.siov.sk\\\/wp-content\\\/uploads\\\/2021\\\/04\\\/foto-SOC-scaled-e1619452023121.jpg\",\"articleSection\":[\"Aktuality\",\"Aktuality v \u010dase koronav\u00edrusu\"],\"inLanguage\":\"en-GB\"},{\"@type\":\"WebPage\",\"@id\":\"https:\\\/\\\/archiv.siov.sk\\\/stredoskolska-odborna-cinnost-spaja-tradiciu-a-zaujem-stredoskolakov-uz-43-rokov\\\/\",\"url\":\"https:\\\/\\\/archiv.siov.sk\\\/stredoskolska-odborna-cinnost-spaja-tradiciu-a-zaujem-stredoskolakov-uz-43-rokov\\\/\",\"name\":\"Stredo\u0161kolsk\u00e1 odborn\u00e1 \u010dinnos\u0165 sp\u00e1ja trad\u00edciu a z\u00e1ujem stredo\u0161kol\u00e1kov u\u017e 43 rokov - \u0160IOV - \u0161t\u00e1tny in\u0161tit\u00fat odborn\u00e9ho vzdel\u00e1vania\",\"isPartOf\":{\"@id\":\"https:\\\/\\\/archiv.siov.sk\\\/#website\"},\"primaryImageOfPage\":{\"@id\":\"https:\\\/\\\/archiv.siov.sk\\\/stredoskolska-odborna-cinnost-spaja-tradiciu-a-zaujem-stredoskolakov-uz-43-rokov\\\/#primaryimage\"},\"image\":{\"@id\":\"https:\\\/\\\/archiv.siov.sk\\\/stredoskolska-odborna-cinnost-spaja-tradiciu-a-zaujem-stredoskolakov-uz-43-rokov\\\/#primaryimage\"},\"thumbnailUrl\":\"https:\\\/\\\/archiv.siov.sk\\\/wp-content\\\/uploads\\\/2021\\\/04\\\/foto-SOC-scaled-e1619452023121.jpg\",\"datePublished\":\"2021-04-15T08:57:20+00:00\",\"dateModified\":\"2021-04-26T15:47:13+00:00\",\"breadcrumb\":{\"@id\":\"https:\\\/\\\/archiv.siov.sk\\\/stredoskolska-odborna-cinnost-spaja-tradiciu-a-zaujem-stredoskolakov-uz-43-rokov\\\/#breadcrumb\"},\"inLanguage\":\"en-GB\",\"potentialAction\":[{\"@type\":\"ReadAction\",\"target\":[\"https:\\\/\\\/archiv.siov.sk\\\/stredoskolska-odborna-cinnost-spaja-tradiciu-a-zaujem-stredoskolakov-uz-43-rokov\\\/\"]}]},{\"@type\":\"ImageObject\",\"inLanguage\":\"en-GB\",\"@id\":\"https:\\\/\\\/archiv.siov.sk\\\/stredoskolska-odborna-cinnost-spaja-tradiciu-a-zaujem-stredoskolakov-uz-43-rokov\\\/#primaryimage\",\"url\":\"https:\\\/\\\/archiv.siov.sk\\\/wp-content\\\/uploads\\\/2021\\\/04\\\/foto-SOC-scaled-e1619452023121.jpg\",\"contentUrl\":\"https:\\\/\\\/archiv.siov.sk\\\/wp-content\\\/uploads\\\/2021\\\/04\\\/foto-SOC-scaled-e1619452023121.jpg\",\"width\":500,\"height\":374},{\"@type\":\"BreadcrumbList\",\"@id\":\"https:\\\/\\\/archiv.siov.sk\\\/stredoskolska-odborna-cinnost-spaja-tradiciu-a-zaujem-stredoskolakov-uz-43-rokov\\\/#breadcrumb\",\"itemListElement\":[{\"@type\":\"ListItem\",\"position\":1,\"name\":\"Home\",\"item\":\"https:\\\/\\\/archiv.siov.sk\\\/\"},{\"@type\":\"ListItem\",\"position\":2,\"name\":\"Stredo\u0161kolsk\u00e1 odborn\u00e1 \u010dinnos\u0165 sp\u00e1ja trad\u00edciu a z\u00e1ujem stredo\u0161kol\u00e1kov u\u017e 43 rokov\"}]},{\"@type\":\"WebSite\",\"@id\":\"https:\\\/\\\/archiv.siov.sk\\\/#website\",\"url\":\"https:\\\/\\\/archiv.siov.sk\\\/\",\"name\":\"\u0160IOV - \u0161t\u00e1tny in\u0161tit\u00fat odborn\u00e9ho vzdel\u00e1vania\",\"description\":\"\",\"publisher\":{\"@id\":\"https:\\\/\\\/archiv.siov.sk\\\/#organization\"},\"potentialAction\":[{\"@type\":\"SearchAction\",\"target\":{\"@type\":\"EntryPoint\",\"urlTemplate\":\"https:\\\/\\\/archiv.siov.sk\\\/?s={search_term_string}\"},\"query-input\":{\"@type\":\"PropertyValueSpecification\",\"valueRequired\":true,\"valueName\":\"search_term_string\"}}],\"inLanguage\":\"en-GB\"},{\"@type\":\"Organization\",\"@id\":\"https:\\\/\\\/archiv.siov.sk\\\/#organization\",\"name\":\"\u0160IOV - \u0161t\u00e1tny in\u0161tit\u00fat odborn\u00e9ho vzdel\u00e1vania\",\"url\":\"https:\\\/\\\/archiv.siov.sk\\\/\",\"logo\":{\"@type\":\"ImageObject\",\"inLanguage\":\"en-GB\",\"@id\":\"https:\\\/\\\/archiv.siov.sk\\\/#\\\/schema\\\/logo\\\/image\\\/\",\"url\":\"https:\\\/\\\/archiv.siov.sk\\\/wp-content\\\/uploads\\\/2024\\\/02\\\/logo-SIOV.png\",\"contentUrl\":\"https:\\\/\\\/archiv.siov.sk\\\/wp-content\\\/uploads\\\/2024\\\/02\\\/logo-SIOV.png\",\"width\":431,\"height\":143,\"caption\":\"\u0160IOV - \u0161t\u00e1tny in\u0161tit\u00fat odborn\u00e9ho vzdel\u00e1vania\"},\"image\":{\"@id\":\"https:\\\/\\\/archiv.siov.sk\\\/#\\\/schema\\\/logo\\\/image\\\/\"},\"sameAs\":[\"https:\\\/\\\/www.facebook.com\\\/Statnyinstitutodbornehovzdelavania\"]},{\"@type\":\"Person\",\"@id\":\"https:\\\/\\\/archiv.siov.sk\\\/#\\\/schema\\\/person\\\/e42d633fbd958c6a726e8834d8965e6c\",\"name\":\"Katar\u00edna Kov\u00e1\u010dov\u00e1\",\"url\":\"https:\\\/\\\/archiv.siov.sk\\\/en\\\/author\\\/katkakovacova\\\/\"}]}<\/script>\n<!-- \/ Yoast SEO plugin. -->","yoast_head_json":{"title":"Stredo\u0161kolsk\u00e1 odborn\u00e1 \u010dinnos\u0165 sp\u00e1ja trad\u00edciu a z\u00e1ujem stredo\u0161kol\u00e1kov u\u017e 43 rokov - \u0160IOV - \u0161t\u00e1tny in\u0161tit\u00fat odborn\u00e9ho vzdel\u00e1vania","robots":{"index":"index","follow":"follow","max-snippet":"max-snippet:-1","max-image-preview":"max-image-preview:large","max-video-preview":"max-video-preview:-1"},"canonical":"https:\/\/archiv.siov.sk\/en\/stredoskolska-odborna-cinnost-spaja-tradiciu-a-zaujem-stredoskolakov-uz-43-rokov\/","og_locale":"en_GB","og_type":"article","og_title":"Stredo\u0161kolsk\u00e1 odborn\u00e1 \u010dinnos\u0165 sp\u00e1ja trad\u00edciu a z\u00e1ujem stredo\u0161kol\u00e1kov u\u017e 43 rokov - \u0160IOV - \u0161t\u00e1tny in\u0161tit\u00fat odborn\u00e9ho vzdel\u00e1vania","og_description":"Ilustra\u010dn\u00e9 foto &#8211; \u0160IOV Stredo\u0161kolsk\u00e1 odborn\u00e1 \u010dinnos\u0165 je stretnut\u00edm mlad\u00fdch talentovan\u00fdch&nbsp; \u017eiakov stredn\u00fdch \u0161k\u00f4l. Jej vrcholov\u00e9 podujatie sa tradi\u010dne uskuto\u010d\u0148uje v apr\u00edli. Tento rok sa u\u017e po druh\u00fd raz v\u00fdnimo\u010dne&nbsp; pre v\u00fdvoj epidemiologickej situ\u00e1cie 27.-30. apr\u00edla nestretneme osobne. Do celo\u0161t\u00e1tneho kola sa prebojovali cez postupov\u00e9 kol\u00e1 odborn\u00e9 pr\u00e1ce vy\u0161e 1 240 \u017eiakov z viac ako [&hellip;]","og_url":"https:\/\/archiv.siov.sk\/en\/stredoskolska-odborna-cinnost-spaja-tradiciu-a-zaujem-stredoskolakov-uz-43-rokov\/","og_site_name":"\u0160IOV - \u0161t\u00e1tny in\u0161tit\u00fat odborn\u00e9ho vzdel\u00e1vania","article_publisher":"https:\/\/www.facebook.com\/Statnyinstitutodbornehovzdelavania","article_published_time":"2021-04-15T08:57:20+00:00","article_modified_time":"2021-04-26T15:47:13+00:00","og_image":[{"width":500,"height":374,"url":"https:\/\/archiv.siov.sk\/wp-content\/uploads\/2021\/04\/foto-SOC-scaled-e1619452023121.jpg","type":"image\/jpeg"}],"author":"Katar\u00edna Kov\u00e1\u010dov\u00e1","twitter_card":"summary_large_image","twitter_misc":{"Written by":"Katar\u00edna Kov\u00e1\u010dov\u00e1","Estimated reading time":"2 minutes"},"schema":{"@context":"https:\/\/schema.org","@graph":[{"@type":"Article","@id":"https:\/\/archiv.siov.sk\/stredoskolska-odborna-cinnost-spaja-tradiciu-a-zaujem-stredoskolakov-uz-43-rokov\/#article","isPartOf":{"@id":"https:\/\/archiv.siov.sk\/stredoskolska-odborna-cinnost-spaja-tradiciu-a-zaujem-stredoskolakov-uz-43-rokov\/"},"author":{"name":"Katar\u00edna Kov\u00e1\u010dov\u00e1","@id":"https:\/\/archiv.siov.sk\/#\/schema\/person\/e42d633fbd958c6a726e8834d8965e6c"},"headline":"Stredo\u0161kolsk\u00e1 odborn\u00e1 \u010dinnos\u0165 sp\u00e1ja trad\u00edciu a z\u00e1ujem stredo\u0161kol\u00e1kov u\u017e 43 rokov","datePublished":"2021-04-15T08:57:20+00:00","dateModified":"2021-04-26T15:47:13+00:00","mainEntityOfPage":{"@id":"https:\/\/archiv.siov.sk\/stredoskolska-odborna-cinnost-spaja-tradiciu-a-zaujem-stredoskolakov-uz-43-rokov\/"},"wordCount":445,"publisher":{"@id":"https:\/\/archiv.siov.sk\/#organization"},"image":{"@id":"https:\/\/archiv.siov.sk\/stredoskolska-odborna-cinnost-spaja-tradiciu-a-zaujem-stredoskolakov-uz-43-rokov\/#primaryimage"},"thumbnailUrl":"https:\/\/archiv.siov.sk\/wp-content\/uploads\/2021\/04\/foto-SOC-scaled-e1619452023121.jpg","articleSection":["Aktuality","Aktuality v \u010dase koronav\u00edrusu"],"inLanguage":"en-GB"},{"@type":"WebPage","@id":"https:\/\/archiv.siov.sk\/stredoskolska-odborna-cinnost-spaja-tradiciu-a-zaujem-stredoskolakov-uz-43-rokov\/","url":"https:\/\/archiv.siov.sk\/stredoskolska-odborna-cinnost-spaja-tradiciu-a-zaujem-stredoskolakov-uz-43-rokov\/","name":"Stredo\u0161kolsk\u00e1 odborn\u00e1 \u010dinnos\u0165 sp\u00e1ja trad\u00edciu a z\u00e1ujem stredo\u0161kol\u00e1kov u\u017e 43 rokov - \u0160IOV - \u0161t\u00e1tny in\u0161tit\u00fat odborn\u00e9ho vzdel\u00e1vania","isPartOf":{"@id":"https:\/\/archiv.siov.sk\/#website"},"primaryImageOfPage":{"@id":"https:\/\/archiv.siov.sk\/stredoskolska-odborna-cinnost-spaja-tradiciu-a-zaujem-stredoskolakov-uz-43-rokov\/#primaryimage"},"image":{"@id":"https:\/\/archiv.siov.sk\/stredoskolska-odborna-cinnost-spaja-tradiciu-a-zaujem-stredoskolakov-uz-43-rokov\/#primaryimage"},"thumbnailUrl":"https:\/\/archiv.siov.sk\/wp-content\/uploads\/2021\/04\/foto-SOC-scaled-e1619452023121.jpg","datePublished":"2021-04-15T08:57:20+00:00","dateModified":"2021-04-26T15:47:13+00:00","breadcrumb":{"@id":"https:\/\/archiv.siov.sk\/stredoskolska-odborna-cinnost-spaja-tradiciu-a-zaujem-stredoskolakov-uz-43-rokov\/#breadcrumb"},"inLanguage":"en-GB","potentialAction":[{"@type":"ReadAction","target":["https:\/\/archiv.siov.sk\/stredoskolska-odborna-cinnost-spaja-tradiciu-a-zaujem-stredoskolakov-uz-43-rokov\/"]}]},{"@type":"ImageObject","inLanguage":"en-GB","@id":"https:\/\/archiv.siov.sk\/stredoskolska-odborna-cinnost-spaja-tradiciu-a-zaujem-stredoskolakov-uz-43-rokov\/#primaryimage","url":"https:\/\/archiv.siov.sk\/wp-content\/uploads\/2021\/04\/foto-SOC-scaled-e1619452023121.jpg","contentUrl":"https:\/\/archiv.siov.sk\/wp-content\/uploads\/2021\/04\/foto-SOC-scaled-e1619452023121.jpg","width":500,"height":374},{"@type":"BreadcrumbList","@id":"https:\/\/archiv.siov.sk\/stredoskolska-odborna-cinnost-spaja-tradiciu-a-zaujem-stredoskolakov-uz-43-rokov\/#breadcrumb","itemListElement":[{"@type":"ListItem","position":1,"name":"Home","item":"https:\/\/archiv.siov.sk\/"},{"@type":"ListItem","position":2,"name":"Stredo\u0161kolsk\u00e1 odborn\u00e1 \u010dinnos\u0165 sp\u00e1ja trad\u00edciu a z\u00e1ujem stredo\u0161kol\u00e1kov u\u017e 43 rokov"}]},{"@type":"WebSite","@id":"https:\/\/archiv.siov.sk\/#website","url":"https:\/\/archiv.siov.sk\/","name":"\u0160IOV - \u0161t\u00e1tny in\u0161tit\u00fat odborn\u00e9ho vzdel\u00e1vania","description":"","publisher":{"@id":"https:\/\/archiv.siov.sk\/#organization"},"potentialAction":[{"@type":"SearchAction","target":{"@type":"EntryPoint","urlTemplate":"https:\/\/archiv.siov.sk\/?s={search_term_string}"},"query-input":{"@type":"PropertyValueSpecification","valueRequired":true,"valueName":"search_term_string"}}],"inLanguage":"en-GB"},{"@type":"Organization","@id":"https:\/\/archiv.siov.sk\/#organization","name":"\u0160IOV - \u0161t\u00e1tny in\u0161tit\u00fat odborn\u00e9ho vzdel\u00e1vania","url":"https:\/\/archiv.siov.sk\/","logo":{"@type":"ImageObject","inLanguage":"en-GB","@id":"https:\/\/archiv.siov.sk\/#\/schema\/logo\/image\/","url":"https:\/\/archiv.siov.sk\/wp-content\/uploads\/2024\/02\/logo-SIOV.png","contentUrl":"https:\/\/archiv.siov.sk\/wp-content\/uploads\/2024\/02\/logo-SIOV.png","width":431,"height":143,"caption":"\u0160IOV - \u0161t\u00e1tny in\u0161tit\u00fat odborn\u00e9ho vzdel\u00e1vania"},"image":{"@id":"https:\/\/archiv.siov.sk\/#\/schema\/logo\/image\/"},"sameAs":["https:\/\/www.facebook.com\/Statnyinstitutodbornehovzdelavania"]},{"@type":"Person","@id":"https:\/\/archiv.siov.sk\/#\/schema\/person\/e42d633fbd958c6a726e8834d8965e6c","name":"Katar\u00edna Kov\u00e1\u010dov\u00e1","url":"https:\/\/archiv.siov.sk\/en\/author\/katkakovacova\/"}]}},"_links":{"self":[{"href":"https:\/\/archiv.siov.sk\/en\/wp-json\/wp\/v2\/posts\/7620","targetHints":{"allow":["GET"]}}],"collection":[{"href":"https:\/\/archiv.siov.sk\/en\/wp-json\/wp\/v2\/posts"}],"about":[{"href":"https:\/\/archiv.siov.sk\/en\/wp-json\/wp\/v2\/types\/post"}],"author":[{"embeddable":true,"href":"https:\/\/archiv.siov.sk\/en\/wp-json\/wp\/v2\/users\/6"}],"replies":[{"embeddable":true,"href":"https:\/\/archiv.siov.sk\/en\/wp-json\/wp\/v2\/comments?post=7620"}],"version-history":[{"count":5,"href":"https:\/\/archiv.siov.sk\/en\/wp-json\/wp\/v2\/posts\/7620\/revisions"}],"predecessor-version":[{"id":7705,"href":"https:\/\/archiv.siov.sk\/en\/wp-json\/wp\/v2\/posts\/7620\/revisions\/7705"}],"wp:featuredmedia":[{"embeddable":true,"href":"https:\/\/archiv.siov.sk\/en\/wp-json\/wp\/v2\/media\/7622"}],"wp:attachment":[{"href":"https:\/\/archiv.siov.sk\/en\/wp-json\/wp\/v2\/media?parent=7620"}],"wp:term":[{"taxonomy":"category","embeddable":true,"href":"https:\/\/archiv.siov.sk\/en\/wp-json\/wp\/v2\/categories?post=7620"},{"taxonomy":"post_tag","embeddable":true,"href":"https:\/\/archiv.siov.sk\/en\/wp-json\/wp\/v2\/tags?post=7620"}],"curies":[{"name":"wp","href":"https:\/\/api.w.org\/{rel}","templated":true}]}}