{"id":7492,"date":"2021-03-22T11:40:43","date_gmt":"2021-03-22T10:40:43","guid":{"rendered":"https:\/\/archiv.siov.sk\/?p=7492"},"modified":"2021-03-22T16:40:02","modified_gmt":"2021-03-22T15:40:02","slug":"slovaci-bodovali-na-medzinarodnom-online-veltrhu-cvicnych-firiem-v-prahe","status":"publish","type":"post","link":"https:\/\/archiv.siov.sk\/en\/slovaci-bodovali-na-medzinarodnom-online-veltrhu-cvicnych-firiem-v-prahe\/","title":{"rendered":"Slov\u00e1ci bodovali na Medzin\u00e1rodnom online ve\u013etrhu cvi\u010dn\u00fdch firiem v Prahe"},"content":{"rendered":"<p style=\"text-align: justify;\">Spolu sedemdesiat\u0161tyri \u017eiackych firiem z \u00f4smych kraj\u00edn sa v polovici marca (17.-18.3.2021) stretlo kv\u00f4li pretrv\u00e1vaj\u00facej pand\u00e9mii online. Slovensk\u00fdm firm\u00e1m sa v s\u00fa\u0165a\u017en\u00fdch discipl\u00ednach ve\u013etrhu podarilo dosiahnu\u0165 skvel\u00e9 umiestnenia a \u00faspe\u0161n\u00ed boli aj na\u0161i u\u010ditelia cvi\u010dn\u00fdch firiem.<\/p>\n<p style=\"text-align: justify;\">Organiz\u00e1torom 26. ro\u010dn\u00edka ve\u013etrhu bola cvi\u010dn\u00e1 firma Antr\u00e9, s.r.o. z Obchodnej akad\u00e9mie v Prahe. Oba ve\u013etr\u017en\u00e9 dni spestril zauj\u00edmav\u00fd program, okrem vstupov samotn\u00fdch \u00fa\u010dastn\u00edkov ve\u013etrhu, &nbsp;ktor\u00ed prezentovali svoju firmu, to boli aj predn\u00e1\u0161ky partnerov, sponzorov a in\u00fdch host\u00ed. Cvi\u010dn\u00e9 firmy na ve\u013etrhu tradi\u010dne s\u00fa\u0165a\u017eili v kateg\u00f3ri\u00e1ch o najlep\u0161\u00ed katal\u00f3g, najlep\u0161iu prezent\u00e1ciu a discipl\u00edne 90 sek\u00fand vo v\u00fd\u0165ahu, ktorej cie\u013eom je v priebehu tohto \u010dasu \u010do najorigin\u00e1lnej\u0161ie predstavi\u0165 svoju firmu. Ke\u010f sa cvi\u010dn\u00e1 firma zapojila do s\u00fa\u0165a\u017ee o najlep\u0161iu prezent\u00e1ciu a dostala sa do u\u017e\u0161ieho v\u00fdberu dvadsiatich najlep\u0161\u00edch, mohla vyhra\u0165 titul \u201enajlep\u0161ia firma ve\u013etrhu\u201c. \u0160peci\u00e1lnym doplnkom bola s\u00fa\u0165a\u017e o najorigin\u00e1lnej\u0161ie firemn\u00e9 r\u00fa\u0161ko.<\/p>\n<p style=\"text-align: justify;\">Slovensk\u00e9 firmy boli \u00faspe\u0161n\u00e9 hne\u010f v nieko\u013ek\u00fdch zo spom\u00ednan\u00fdch s\u00fa\u0165a\u017e\u00ed. Druh\u00fd najlep\u0161\u00ed katal\u00f3g mala cvi\u010dn\u00e1 firma Reborn z Obchodnej akad\u00e9mie Hlohovec a firma 21 kapkejks z rovnakej \u0161koly skon\u010dila v rovnakej kateg\u00f3rii tretia. \u0160peci\u00e1lnu s\u00fa\u0165a\u017e o najorigin\u00e1lnej\u0161ie firemn\u00e9 r\u00fa\u0161ko Reborn dokonca vyhrala. V anglickej \u010dasti s\u00fa\u0165a\u017e\u00ed \u201e90 sek\u00fand vo v\u00fd\u0165ahu\u201c, obsadili \u017eiaci firmy BeastFit Obchodnej akad\u00e9mie Nev\u00e4dzova Bratislava tretie miesto. A \u010dere\u0161ni\u010dkou na torte je zisk zlata, teda prv\u00e9ho miesta, v najvy\u0161\u0161ej s\u00fa\u0165a\u017ei \u201enajlep\u0161ia firma ve\u013etrhu\u201c op\u00e4\u0165 cvi\u010dnou firmou Reborn z Hlohovca.<\/p>\n<p style=\"text-align: justify;\">Pra\u017esk\u00fd ve\u013etrh cvi\u010dn\u00fdch firiem je ka\u017edoro\u010dne ve\u013emi podporovan\u00fd re\u00e1lnymi partnermi, mestom Praha a z\u00e1\u0161titu nad n\u00edm m\u00e1 Ministerstvo \u0161kolstva, ml\u00e1de\u017ee a telov\u00fdchovy \u010cR. U\u017e tradi\u010dn\u00fdm partnerom ve\u013etrhu cvi\u010dn\u00fdch firiem bola Metropolitn\u00e1 univerzita Praha, ako aj Slovensk\u00e9 centrum cvi\u010dn\u00fdch firiem, odbor \u0160t\u00e1tneho in\u0161tit\u00fatu odborn\u00e9ho vzdel\u00e1vania.<\/p>\n<p style=\"text-align: justify;\">Na z\u00e1ver ve\u013etrhu Metropolitn\u00e1 univerzita vyhodnotila anketu \u201eO&nbsp;najlep\u0161ieho online vyu\u010duj\u00faceho cvi\u010dnej firmy 2020\u201c, ktor\u00fa vyhl\u00e1sila v&nbsp;decembri v&nbsp;spolupr\u00e1ci s&nbsp;\u010ceskou po\u0161tou. \u017diaci slovensk\u00fdch a&nbsp;\u010desk\u00fdch cvi\u010dn\u00fdch firiem nap\u00edsali pr\u00edbeh, pre\u010do by sa pr\u00e1ve ich u\u010dite\u013e mal sta\u0165 najlep\u0161\u00edm online u\u010dite\u013eom roka 2020. Kr\u00e1sne druh\u00e9 miesto v&nbsp;tejto ankete z\u00edskala pani u\u010dite\u013eka Kerest\u00farov\u00e1 z&nbsp;Obchodnej akad\u00e9mie I. Karva\u0161a z&nbsp;Bratislavy a&nbsp;\u0161peci\u00e1lna cena PROF STAR patr\u00ed pani u\u010dite\u013eke Fulierovej z&nbsp;Obchodnej akad\u00e9mie Hlohovec.<\/p>\n<p style=\"text-align: justify;\">Cvi\u010dn\u00e9 firmy podporuj\u00fa finan\u010dn\u00fa gramotnos\u0165, ekonomick\u00e9 a pr\u00e1vne vedomie mlad\u00fdch \u013eud\u00ed a umo\u017e\u0148uj\u00fa \u0161tudentom dotkn\u00fa\u0165 sa skuto\u010dn\u00e9ho podnikate\u013esk\u00e9ho prostredia, aj ke\u010f iba vo virtu\u00e1lnom svete. Medzin\u00e1rodn\u00fd ve\u013etrh cvi\u010dn\u00fdch firiem poskytuje pr\u00edle\u017eitos\u0165 komunikova\u0165 v cudzom jazyku, rie\u0161i\u0165 obchodn\u00e9 pr\u00edpady, nadv\u00e4zova\u0165 obchodn\u00e9 a partnersk\u00e9 vz\u0165ahy s podporou re\u00e1lnych partnerov.<\/p>\n<p style=\"text-align: justify;\">Do bud\u00facich rokov prajeme v\u0161etk\u00fdm ve\u013ea \u00faspechov a&nbsp;hlavne zlep\u0161enie epidemiologickej situ\u00e1cie, aby ve\u013etrh mohol by\u0165 znovu na Hole\u0161ovickom v\u00fdstavisku v&nbsp;Prahe a&nbsp;aby sme sa v\u0161etci mohli stretn\u00fa\u0165 osobne.&nbsp;<\/p>\n<p>&nbsp;<\/p>\n<p>V\u0161etko o&nbsp;ve\u013etrhu n\u00e1jdete na <a href=\"https:\/\/antreprague.cz\/aktuality\/\">https:\/\/antreprague.cz\/aktuality\/<\/a><\/p>\n<p>Kompletn\u00e9 v\u00fdsledky s\u00fa\u0165a\u017e\u00ed n\u00e1jdete na <a href=\"https:\/\/antreprague.cz\/2021\/03\/19\/vyhodnoceni-soutezi\/\">https:\/\/antreprague.cz\/2021\/03\/19\/vyhodnoceni-soutezi\/<\/a>.<\/p>\n<p>V\u00fdsledky ankety O najlep\u0161ieho online vyu\u010duj\u00faceho cvi\u010dnej firmy 2020 s\u00fa dostupn\u00e9 na <a href=\"https:\/\/www.mubanka.cz\/wp-content\/uploads\/2021\/03\/26-mvfif-anketa.pdf\">https:\/\/www.mubanka.cz\/wp-content\/uploads\/2021\/03\/26-mvfif-anketa.pdf<\/a>.<\/p>\n<p>Sl\u00e1vnostn\u00e9 otvorenie ve\u013etrhu zo d\u0148a 17. marca 2021 a&nbsp;cel\u00fd ve\u013etr\u017en\u00fd de\u0148 si m\u00f4\u017eete pozrie\u0165 na <a href=\"https:\/\/www.youtube.com\/watch?v=Q6m8QhcxIvw\">https:\/\/www.youtube.com\/watch?v=Q6m8QhcxIvw<\/a>.<\/p>\n<p>Druh\u00fd de\u0148 ve\u013etrhu aj s&nbsp;vyhodnoten\u00edm <a href=\"https:\/\/www.youtube.com\/watch?v=sOiJy3NTdhE&amp;fbclid=IwAR0Ss5OJVDOdHeA5SRkTAElj1_zzq2pD_FItvz2-SRXTn2XZ-m99EvbQmLQ\">https:\/\/www.youtube.com\/watch?v=sOiJy3NTdhE<\/a><\/p>\n<p>&nbsp;<\/p>\n<p>&nbsp;<\/p>","protected":false},"excerpt":{"rendered":"<p>Spolu sedemdesiat\u0161tyri \u017eiackych firiem z \u00f4smych kraj\u00edn sa v polovici marca (17.-18.3.2021) stretlo kv\u00f4li pretrv\u00e1vaj\u00facej pand\u00e9mii online. Slovensk\u00fdm firm\u00e1m sa v s\u00fa\u0165a\u017en\u00fdch discipl\u00ednach ve\u013etrhu podarilo dosiahnu\u0165 skvel\u00e9 umiestnenia a \u00faspe\u0161n\u00ed boli aj na\u0161i u\u010ditelia cvi\u010dn\u00fdch firiem. Organiz\u00e1torom 26. ro\u010dn\u00edka ve\u013etrhu bola cvi\u010dn\u00e1 firma Antr\u00e9, s.r.o. z Obchodnej akad\u00e9mie v Prahe. Oba ve\u013etr\u017en\u00e9 dni spestril zauj\u00edmav\u00fd [&hellip;]<\/p>\n","protected":false},"author":6,"featured_media":7495,"comment_status":"closed","ping_status":"closed","sticky":false,"template":"","format":"standard","meta":{"site-sidebar-layout":"default","site-content-layout":"","ast-site-content-layout":"default","site-content-style":"default","site-sidebar-style":"default","ast-global-header-display":"","ast-banner-title-visibility":"","ast-main-header-display":"","ast-hfb-above-header-display":"","ast-hfb-below-header-display":"","ast-hfb-mobile-header-display":"","site-post-title":"","ast-breadcrumbs-content":"","ast-featured-img":"","footer-sml-layout":"","ast-disable-related-posts":"","theme-transparent-header-meta":"","adv-header-id-meta":"","stick-header-meta":"","header-above-stick-meta":"","header-main-stick-meta":"","header-below-stick-meta":"","astra-migrate-meta-layouts":"default","ast-page-background-enabled":"default","ast-page-background-meta":{"desktop":{"background-color":"var(--ast-global-color-4)","background-image":"","background-repeat":"repeat","background-position":"center center","background-size":"auto","background-attachment":"scroll","background-type":"","background-media":"","overlay-type":"","overlay-color":"","overlay-opacity":"","overlay-gradient":""},"tablet":{"background-color":"","background-image":"","background-repeat":"repeat","background-position":"center center","background-size":"auto","background-attachment":"scroll","background-type":"","background-media":"","overlay-type":"","overlay-color":"","overlay-opacity":"","overlay-gradient":""},"mobile":{"background-color":"","background-image":"","background-repeat":"repeat","background-position":"center center","background-size":"auto","background-attachment":"scroll","background-type":"","background-media":"","overlay-type":"","overlay-color":"","overlay-opacity":"","overlay-gradient":""}},"ast-content-background-meta":{"desktop":{"background-color":"var(--ast-global-color-5)","background-image":"","background-repeat":"repeat","background-position":"center center","background-size":"auto","background-attachment":"scroll","background-type":"","background-media":"","overlay-type":"","overlay-color":"","overlay-opacity":"","overlay-gradient":""},"tablet":{"background-color":"var(--ast-global-color-5)","background-image":"","background-repeat":"repeat","background-position":"center center","background-size":"auto","background-attachment":"scroll","background-type":"","background-media":"","overlay-type":"","overlay-color":"","overlay-opacity":"","overlay-gradient":""},"mobile":{"background-color":"var(--ast-global-color-5)","background-image":"","background-repeat":"repeat","background-position":"center center","background-size":"auto","background-attachment":"scroll","background-type":"","background-media":"","overlay-type":"","overlay-color":"","overlay-opacity":"","overlay-gradient":""}},"footnotes":""},"categories":[1,9],"tags":[],"class_list":["post-7492","post","type-post","status-publish","format-standard","has-post-thumbnail","hentry","category-aktuality","category-aktuality-v-case-koronavirusu"],"yoast_head":"<!-- This site is optimized with the Yoast SEO plugin v27.5 - https:\/\/yoast.com\/product\/yoast-seo-wordpress\/ -->\n<title>Slov\u00e1ci bodovali na Medzin\u00e1rodnom online ve\u013etrhu cvi\u010dn\u00fdch firiem v Prahe - \u0160IOV - \u0161t\u00e1tny in\u0161tit\u00fat odborn\u00e9ho vzdel\u00e1vania<\/title>\n<meta name=\"robots\" content=\"index, follow, max-snippet:-1, max-image-preview:large, max-video-preview:-1\" \/>\n<link rel=\"canonical\" href=\"https:\/\/archiv.siov.sk\/en\/slovaci-bodovali-na-medzinarodnom-online-veltrhu-cvicnych-firiem-v-prahe\/\" \/>\n<meta property=\"og:locale\" content=\"en_GB\" \/>\n<meta property=\"og:type\" content=\"article\" \/>\n<meta property=\"og:title\" content=\"Slov\u00e1ci bodovali na Medzin\u00e1rodnom online ve\u013etrhu cvi\u010dn\u00fdch firiem v Prahe - \u0160IOV - \u0161t\u00e1tny in\u0161tit\u00fat odborn\u00e9ho vzdel\u00e1vania\" \/>\n<meta property=\"og:description\" content=\"Spolu sedemdesiat\u0161tyri \u017eiackych firiem z \u00f4smych kraj\u00edn sa v polovici marca (17.-18.3.2021) stretlo kv\u00f4li pretrv\u00e1vaj\u00facej pand\u00e9mii online. Slovensk\u00fdm firm\u00e1m sa v s\u00fa\u0165a\u017en\u00fdch discipl\u00ednach ve\u013etrhu podarilo dosiahnu\u0165 skvel\u00e9 umiestnenia a \u00faspe\u0161n\u00ed boli aj na\u0161i u\u010ditelia cvi\u010dn\u00fdch firiem. Organiz\u00e1torom 26. ro\u010dn\u00edka ve\u013etrhu bola cvi\u010dn\u00e1 firma Antr\u00e9, s.r.o. z Obchodnej akad\u00e9mie v Prahe. Oba ve\u013etr\u017en\u00e9 dni spestril zauj\u00edmav\u00fd [&hellip;]\" \/>\n<meta property=\"og:url\" content=\"https:\/\/archiv.siov.sk\/en\/slovaci-bodovali-na-medzinarodnom-online-veltrhu-cvicnych-firiem-v-prahe\/\" \/>\n<meta property=\"og:site_name\" content=\"\u0160IOV - \u0161t\u00e1tny in\u0161tit\u00fat odborn\u00e9ho vzdel\u00e1vania\" \/>\n<meta property=\"article:publisher\" content=\"https:\/\/www.facebook.com\/Statnyinstitutodbornehovzdelavania\" \/>\n<meta property=\"article:published_time\" content=\"2021-03-22T10:40:43+00:00\" \/>\n<meta property=\"article:modified_time\" content=\"2021-03-22T15:40:02+00:00\" \/>\n<meta property=\"og:image\" content=\"https:\/\/archiv.siov.sk\/wp-content\/uploads\/2021\/03\/NAJ_Katalog-e1616411403507.jpg\" \/>\n\t<meta property=\"og:image:width\" content=\"350\" \/>\n\t<meta property=\"og:image:height\" content=\"256\" \/>\n\t<meta property=\"og:image:type\" content=\"image\/jpeg\" \/>\n<meta name=\"author\" content=\"Katar\u00edna Kov\u00e1\u010dov\u00e1\" \/>\n<meta name=\"twitter:card\" content=\"summary_large_image\" \/>\n<meta name=\"twitter:label1\" content=\"Written by\" \/>\n\t<meta name=\"twitter:data1\" content=\"Katar\u00edna Kov\u00e1\u010dov\u00e1\" \/>\n\t<meta name=\"twitter:label2\" content=\"Estimated reading time\" \/>\n\t<meta name=\"twitter:data2\" content=\"2 minutes\" \/>\n<script type=\"application\/ld+json\" class=\"yoast-schema-graph\">{\"@context\":\"https:\\\/\\\/schema.org\",\"@graph\":[{\"@type\":\"Article\",\"@id\":\"https:\\\/\\\/archiv.siov.sk\\\/slovaci-bodovali-na-medzinarodnom-online-veltrhu-cvicnych-firiem-v-prahe\\\/#article\",\"isPartOf\":{\"@id\":\"https:\\\/\\\/archiv.siov.sk\\\/slovaci-bodovali-na-medzinarodnom-online-veltrhu-cvicnych-firiem-v-prahe\\\/\"},\"author\":{\"name\":\"Katar\u00edna Kov\u00e1\u010dov\u00e1\",\"@id\":\"https:\\\/\\\/archiv.siov.sk\\\/#\\\/schema\\\/person\\\/e42d633fbd958c6a726e8834d8965e6c\"},\"headline\":\"Slov\u00e1ci bodovali na Medzin\u00e1rodnom online ve\u013etrhu cvi\u010dn\u00fdch firiem v Prahe\",\"datePublished\":\"2021-03-22T10:40:43+00:00\",\"dateModified\":\"2021-03-22T15:40:02+00:00\",\"mainEntityOfPage\":{\"@id\":\"https:\\\/\\\/archiv.siov.sk\\\/slovaci-bodovali-na-medzinarodnom-online-veltrhu-cvicnych-firiem-v-prahe\\\/\"},\"wordCount\":720,\"publisher\":{\"@id\":\"https:\\\/\\\/archiv.siov.sk\\\/#organization\"},\"image\":{\"@id\":\"https:\\\/\\\/archiv.siov.sk\\\/slovaci-bodovali-na-medzinarodnom-online-veltrhu-cvicnych-firiem-v-prahe\\\/#primaryimage\"},\"thumbnailUrl\":\"https:\\\/\\\/archiv.siov.sk\\\/wp-content\\\/uploads\\\/2021\\\/03\\\/NAJ_Katalog-e1616411403507.jpg\",\"articleSection\":[\"Aktuality\",\"Aktuality v \u010dase koronav\u00edrusu\"],\"inLanguage\":\"en-GB\"},{\"@type\":\"WebPage\",\"@id\":\"https:\\\/\\\/archiv.siov.sk\\\/slovaci-bodovali-na-medzinarodnom-online-veltrhu-cvicnych-firiem-v-prahe\\\/\",\"url\":\"https:\\\/\\\/archiv.siov.sk\\\/slovaci-bodovali-na-medzinarodnom-online-veltrhu-cvicnych-firiem-v-prahe\\\/\",\"name\":\"Slov\u00e1ci bodovali na Medzin\u00e1rodnom online ve\u013etrhu cvi\u010dn\u00fdch firiem v Prahe - \u0160IOV - \u0161t\u00e1tny in\u0161tit\u00fat odborn\u00e9ho vzdel\u00e1vania\",\"isPartOf\":{\"@id\":\"https:\\\/\\\/archiv.siov.sk\\\/#website\"},\"primaryImageOfPage\":{\"@id\":\"https:\\\/\\\/archiv.siov.sk\\\/slovaci-bodovali-na-medzinarodnom-online-veltrhu-cvicnych-firiem-v-prahe\\\/#primaryimage\"},\"image\":{\"@id\":\"https:\\\/\\\/archiv.siov.sk\\\/slovaci-bodovali-na-medzinarodnom-online-veltrhu-cvicnych-firiem-v-prahe\\\/#primaryimage\"},\"thumbnailUrl\":\"https:\\\/\\\/archiv.siov.sk\\\/wp-content\\\/uploads\\\/2021\\\/03\\\/NAJ_Katalog-e1616411403507.jpg\",\"datePublished\":\"2021-03-22T10:40:43+00:00\",\"dateModified\":\"2021-03-22T15:40:02+00:00\",\"breadcrumb\":{\"@id\":\"https:\\\/\\\/archiv.siov.sk\\\/slovaci-bodovali-na-medzinarodnom-online-veltrhu-cvicnych-firiem-v-prahe\\\/#breadcrumb\"},\"inLanguage\":\"en-GB\",\"potentialAction\":[{\"@type\":\"ReadAction\",\"target\":[\"https:\\\/\\\/archiv.siov.sk\\\/slovaci-bodovali-na-medzinarodnom-online-veltrhu-cvicnych-firiem-v-prahe\\\/\"]}]},{\"@type\":\"ImageObject\",\"inLanguage\":\"en-GB\",\"@id\":\"https:\\\/\\\/archiv.siov.sk\\\/slovaci-bodovali-na-medzinarodnom-online-veltrhu-cvicnych-firiem-v-prahe\\\/#primaryimage\",\"url\":\"https:\\\/\\\/archiv.siov.sk\\\/wp-content\\\/uploads\\\/2021\\\/03\\\/NAJ_Katalog-e1616411403507.jpg\",\"contentUrl\":\"https:\\\/\\\/archiv.siov.sk\\\/wp-content\\\/uploads\\\/2021\\\/03\\\/NAJ_Katalog-e1616411403507.jpg\",\"width\":350,\"height\":256},{\"@type\":\"BreadcrumbList\",\"@id\":\"https:\\\/\\\/archiv.siov.sk\\\/slovaci-bodovali-na-medzinarodnom-online-veltrhu-cvicnych-firiem-v-prahe\\\/#breadcrumb\",\"itemListElement\":[{\"@type\":\"ListItem\",\"position\":1,\"name\":\"Home\",\"item\":\"https:\\\/\\\/archiv.siov.sk\\\/\"},{\"@type\":\"ListItem\",\"position\":2,\"name\":\"Slov\u00e1ci bodovali na Medzin\u00e1rodnom online ve\u013etrhu cvi\u010dn\u00fdch firiem v Prahe\"}]},{\"@type\":\"WebSite\",\"@id\":\"https:\\\/\\\/archiv.siov.sk\\\/#website\",\"url\":\"https:\\\/\\\/archiv.siov.sk\\\/\",\"name\":\"\u0160IOV - \u0161t\u00e1tny in\u0161tit\u00fat odborn\u00e9ho vzdel\u00e1vania\",\"description\":\"\",\"publisher\":{\"@id\":\"https:\\\/\\\/archiv.siov.sk\\\/#organization\"},\"potentialAction\":[{\"@type\":\"SearchAction\",\"target\":{\"@type\":\"EntryPoint\",\"urlTemplate\":\"https:\\\/\\\/archiv.siov.sk\\\/?s={search_term_string}\"},\"query-input\":{\"@type\":\"PropertyValueSpecification\",\"valueRequired\":true,\"valueName\":\"search_term_string\"}}],\"inLanguage\":\"en-GB\"},{\"@type\":\"Organization\",\"@id\":\"https:\\\/\\\/archiv.siov.sk\\\/#organization\",\"name\":\"\u0160IOV - \u0161t\u00e1tny in\u0161tit\u00fat odborn\u00e9ho vzdel\u00e1vania\",\"url\":\"https:\\\/\\\/archiv.siov.sk\\\/\",\"logo\":{\"@type\":\"ImageObject\",\"inLanguage\":\"en-GB\",\"@id\":\"https:\\\/\\\/archiv.siov.sk\\\/#\\\/schema\\\/logo\\\/image\\\/\",\"url\":\"https:\\\/\\\/archiv.siov.sk\\\/wp-content\\\/uploads\\\/2024\\\/02\\\/logo-SIOV.png\",\"contentUrl\":\"https:\\\/\\\/archiv.siov.sk\\\/wp-content\\\/uploads\\\/2024\\\/02\\\/logo-SIOV.png\",\"width\":431,\"height\":143,\"caption\":\"\u0160IOV - \u0161t\u00e1tny in\u0161tit\u00fat odborn\u00e9ho vzdel\u00e1vania\"},\"image\":{\"@id\":\"https:\\\/\\\/archiv.siov.sk\\\/#\\\/schema\\\/logo\\\/image\\\/\"},\"sameAs\":[\"https:\\\/\\\/www.facebook.com\\\/Statnyinstitutodbornehovzdelavania\"]},{\"@type\":\"Person\",\"@id\":\"https:\\\/\\\/archiv.siov.sk\\\/#\\\/schema\\\/person\\\/e42d633fbd958c6a726e8834d8965e6c\",\"name\":\"Katar\u00edna Kov\u00e1\u010dov\u00e1\",\"url\":\"https:\\\/\\\/archiv.siov.sk\\\/en\\\/author\\\/katkakovacova\\\/\"}]}<\/script>\n<!-- \/ Yoast SEO plugin. -->","yoast_head_json":{"title":"Slov\u00e1ci bodovali na Medzin\u00e1rodnom online ve\u013etrhu cvi\u010dn\u00fdch firiem v Prahe - \u0160IOV - \u0161t\u00e1tny in\u0161tit\u00fat odborn\u00e9ho vzdel\u00e1vania","robots":{"index":"index","follow":"follow","max-snippet":"max-snippet:-1","max-image-preview":"max-image-preview:large","max-video-preview":"max-video-preview:-1"},"canonical":"https:\/\/archiv.siov.sk\/en\/slovaci-bodovali-na-medzinarodnom-online-veltrhu-cvicnych-firiem-v-prahe\/","og_locale":"en_GB","og_type":"article","og_title":"Slov\u00e1ci bodovali na Medzin\u00e1rodnom online ve\u013etrhu cvi\u010dn\u00fdch firiem v Prahe - \u0160IOV - \u0161t\u00e1tny in\u0161tit\u00fat odborn\u00e9ho vzdel\u00e1vania","og_description":"Spolu sedemdesiat\u0161tyri \u017eiackych firiem z \u00f4smych kraj\u00edn sa v polovici marca (17.-18.3.2021) stretlo kv\u00f4li pretrv\u00e1vaj\u00facej pand\u00e9mii online. Slovensk\u00fdm firm\u00e1m sa v s\u00fa\u0165a\u017en\u00fdch discipl\u00ednach ve\u013etrhu podarilo dosiahnu\u0165 skvel\u00e9 umiestnenia a \u00faspe\u0161n\u00ed boli aj na\u0161i u\u010ditelia cvi\u010dn\u00fdch firiem. Organiz\u00e1torom 26. ro\u010dn\u00edka ve\u013etrhu bola cvi\u010dn\u00e1 firma Antr\u00e9, s.r.o. z Obchodnej akad\u00e9mie v Prahe. Oba ve\u013etr\u017en\u00e9 dni spestril zauj\u00edmav\u00fd [&hellip;]","og_url":"https:\/\/archiv.siov.sk\/en\/slovaci-bodovali-na-medzinarodnom-online-veltrhu-cvicnych-firiem-v-prahe\/","og_site_name":"\u0160IOV - \u0161t\u00e1tny in\u0161tit\u00fat odborn\u00e9ho vzdel\u00e1vania","article_publisher":"https:\/\/www.facebook.com\/Statnyinstitutodbornehovzdelavania","article_published_time":"2021-03-22T10:40:43+00:00","article_modified_time":"2021-03-22T15:40:02+00:00","og_image":[{"width":350,"height":256,"url":"https:\/\/archiv.siov.sk\/wp-content\/uploads\/2021\/03\/NAJ_Katalog-e1616411403507.jpg","type":"image\/jpeg"}],"author":"Katar\u00edna Kov\u00e1\u010dov\u00e1","twitter_card":"summary_large_image","twitter_misc":{"Written by":"Katar\u00edna Kov\u00e1\u010dov\u00e1","Estimated reading time":"2 minutes"},"schema":{"@context":"https:\/\/schema.org","@graph":[{"@type":"Article","@id":"https:\/\/archiv.siov.sk\/slovaci-bodovali-na-medzinarodnom-online-veltrhu-cvicnych-firiem-v-prahe\/#article","isPartOf":{"@id":"https:\/\/archiv.siov.sk\/slovaci-bodovali-na-medzinarodnom-online-veltrhu-cvicnych-firiem-v-prahe\/"},"author":{"name":"Katar\u00edna Kov\u00e1\u010dov\u00e1","@id":"https:\/\/archiv.siov.sk\/#\/schema\/person\/e42d633fbd958c6a726e8834d8965e6c"},"headline":"Slov\u00e1ci bodovali na Medzin\u00e1rodnom online ve\u013etrhu cvi\u010dn\u00fdch firiem v Prahe","datePublished":"2021-03-22T10:40:43+00:00","dateModified":"2021-03-22T15:40:02+00:00","mainEntityOfPage":{"@id":"https:\/\/archiv.siov.sk\/slovaci-bodovali-na-medzinarodnom-online-veltrhu-cvicnych-firiem-v-prahe\/"},"wordCount":720,"publisher":{"@id":"https:\/\/archiv.siov.sk\/#organization"},"image":{"@id":"https:\/\/archiv.siov.sk\/slovaci-bodovali-na-medzinarodnom-online-veltrhu-cvicnych-firiem-v-prahe\/#primaryimage"},"thumbnailUrl":"https:\/\/archiv.siov.sk\/wp-content\/uploads\/2021\/03\/NAJ_Katalog-e1616411403507.jpg","articleSection":["Aktuality","Aktuality v \u010dase koronav\u00edrusu"],"inLanguage":"en-GB"},{"@type":"WebPage","@id":"https:\/\/archiv.siov.sk\/slovaci-bodovali-na-medzinarodnom-online-veltrhu-cvicnych-firiem-v-prahe\/","url":"https:\/\/archiv.siov.sk\/slovaci-bodovali-na-medzinarodnom-online-veltrhu-cvicnych-firiem-v-prahe\/","name":"Slov\u00e1ci bodovali na Medzin\u00e1rodnom online ve\u013etrhu cvi\u010dn\u00fdch firiem v Prahe - \u0160IOV - \u0161t\u00e1tny in\u0161tit\u00fat odborn\u00e9ho vzdel\u00e1vania","isPartOf":{"@id":"https:\/\/archiv.siov.sk\/#website"},"primaryImageOfPage":{"@id":"https:\/\/archiv.siov.sk\/slovaci-bodovali-na-medzinarodnom-online-veltrhu-cvicnych-firiem-v-prahe\/#primaryimage"},"image":{"@id":"https:\/\/archiv.siov.sk\/slovaci-bodovali-na-medzinarodnom-online-veltrhu-cvicnych-firiem-v-prahe\/#primaryimage"},"thumbnailUrl":"https:\/\/archiv.siov.sk\/wp-content\/uploads\/2021\/03\/NAJ_Katalog-e1616411403507.jpg","datePublished":"2021-03-22T10:40:43+00:00","dateModified":"2021-03-22T15:40:02+00:00","breadcrumb":{"@id":"https:\/\/archiv.siov.sk\/slovaci-bodovali-na-medzinarodnom-online-veltrhu-cvicnych-firiem-v-prahe\/#breadcrumb"},"inLanguage":"en-GB","potentialAction":[{"@type":"ReadAction","target":["https:\/\/archiv.siov.sk\/slovaci-bodovali-na-medzinarodnom-online-veltrhu-cvicnych-firiem-v-prahe\/"]}]},{"@type":"ImageObject","inLanguage":"en-GB","@id":"https:\/\/archiv.siov.sk\/slovaci-bodovali-na-medzinarodnom-online-veltrhu-cvicnych-firiem-v-prahe\/#primaryimage","url":"https:\/\/archiv.siov.sk\/wp-content\/uploads\/2021\/03\/NAJ_Katalog-e1616411403507.jpg","contentUrl":"https:\/\/archiv.siov.sk\/wp-content\/uploads\/2021\/03\/NAJ_Katalog-e1616411403507.jpg","width":350,"height":256},{"@type":"BreadcrumbList","@id":"https:\/\/archiv.siov.sk\/slovaci-bodovali-na-medzinarodnom-online-veltrhu-cvicnych-firiem-v-prahe\/#breadcrumb","itemListElement":[{"@type":"ListItem","position":1,"name":"Home","item":"https:\/\/archiv.siov.sk\/"},{"@type":"ListItem","position":2,"name":"Slov\u00e1ci bodovali na Medzin\u00e1rodnom online ve\u013etrhu cvi\u010dn\u00fdch firiem v Prahe"}]},{"@type":"WebSite","@id":"https:\/\/archiv.siov.sk\/#website","url":"https:\/\/archiv.siov.sk\/","name":"\u0160IOV - \u0161t\u00e1tny in\u0161tit\u00fat odborn\u00e9ho vzdel\u00e1vania","description":"","publisher":{"@id":"https:\/\/archiv.siov.sk\/#organization"},"potentialAction":[{"@type":"SearchAction","target":{"@type":"EntryPoint","urlTemplate":"https:\/\/archiv.siov.sk\/?s={search_term_string}"},"query-input":{"@type":"PropertyValueSpecification","valueRequired":true,"valueName":"search_term_string"}}],"inLanguage":"en-GB"},{"@type":"Organization","@id":"https:\/\/archiv.siov.sk\/#organization","name":"\u0160IOV - \u0161t\u00e1tny in\u0161tit\u00fat odborn\u00e9ho vzdel\u00e1vania","url":"https:\/\/archiv.siov.sk\/","logo":{"@type":"ImageObject","inLanguage":"en-GB","@id":"https:\/\/archiv.siov.sk\/#\/schema\/logo\/image\/","url":"https:\/\/archiv.siov.sk\/wp-content\/uploads\/2024\/02\/logo-SIOV.png","contentUrl":"https:\/\/archiv.siov.sk\/wp-content\/uploads\/2024\/02\/logo-SIOV.png","width":431,"height":143,"caption":"\u0160IOV - \u0161t\u00e1tny in\u0161tit\u00fat odborn\u00e9ho vzdel\u00e1vania"},"image":{"@id":"https:\/\/archiv.siov.sk\/#\/schema\/logo\/image\/"},"sameAs":["https:\/\/www.facebook.com\/Statnyinstitutodbornehovzdelavania"]},{"@type":"Person","@id":"https:\/\/archiv.siov.sk\/#\/schema\/person\/e42d633fbd958c6a726e8834d8965e6c","name":"Katar\u00edna Kov\u00e1\u010dov\u00e1","url":"https:\/\/archiv.siov.sk\/en\/author\/katkakovacova\/"}]}},"_links":{"self":[{"href":"https:\/\/archiv.siov.sk\/en\/wp-json\/wp\/v2\/posts\/7492","targetHints":{"allow":["GET"]}}],"collection":[{"href":"https:\/\/archiv.siov.sk\/en\/wp-json\/wp\/v2\/posts"}],"about":[{"href":"https:\/\/archiv.siov.sk\/en\/wp-json\/wp\/v2\/types\/post"}],"author":[{"embeddable":true,"href":"https:\/\/archiv.siov.sk\/en\/wp-json\/wp\/v2\/users\/6"}],"replies":[{"embeddable":true,"href":"https:\/\/archiv.siov.sk\/en\/wp-json\/wp\/v2\/comments?post=7492"}],"version-history":[{"count":5,"href":"https:\/\/archiv.siov.sk\/en\/wp-json\/wp\/v2\/posts\/7492\/revisions"}],"predecessor-version":[{"id":7499,"href":"https:\/\/archiv.siov.sk\/en\/wp-json\/wp\/v2\/posts\/7492\/revisions\/7499"}],"wp:featuredmedia":[{"embeddable":true,"href":"https:\/\/archiv.siov.sk\/en\/wp-json\/wp\/v2\/media\/7495"}],"wp:attachment":[{"href":"https:\/\/archiv.siov.sk\/en\/wp-json\/wp\/v2\/media?parent=7492"}],"wp:term":[{"taxonomy":"category","embeddable":true,"href":"https:\/\/archiv.siov.sk\/en\/wp-json\/wp\/v2\/categories?post=7492"},{"taxonomy":"post_tag","embeddable":true,"href":"https:\/\/archiv.siov.sk\/en\/wp-json\/wp\/v2\/tags?post=7492"}],"curies":[{"name":"wp","href":"https:\/\/api.w.org\/{rel}","templated":true}]}}