{"id":7376,"date":"2021-03-10T14:08:33","date_gmt":"2021-03-10T13:08:33","guid":{"rendered":"https:\/\/archiv.siov.sk\/?p=7376"},"modified":"2021-03-10T14:41:42","modified_gmt":"2021-03-10T13:41:42","slug":"narodne-podujatie-europass-2","status":"publish","type":"post","link":"https:\/\/archiv.siov.sk\/en\/narodne-podujatie-europass-2\/","title":{"rendered":"N\u00e1rodn\u00e9 podujatie Europass"},"content":{"rendered":"<p><strong>National Europass Centre Slovakia<\/strong> v&nbsp;r\u00e1mci \u0160t\u00e1tneho in\u0161tit\u00fatu odborn\u00e9ho vzdel\u00e1vania zorganizovalo d\u0148a <strong>3. marca 2021<\/strong> <strong>N\u00e1rodn\u00e9 podujatie Europass<\/strong>, ktor\u00e9ho sa z\u00fa\u010dastnilo viac ako <strong>90 \u00fa\u010dastn\u00edkov z&nbsp;53 r\u00f4znych organiz\u00e1ci\u00ed<\/strong>. Hlavnou t\u00e9mou podujatia bolo predstavenie eur\u00f3pskej online platformy so \u0161pecifick\u00fdmi funkciami na podporu riadenia kari\u00e9ry a celo\u017eivotn\u00e9ho vzdel\u00e1vania jednotlivcov.<\/p>\n<p><img decoding=\"async\" class=\"alignnone size-medium wp-image-7377 aligncenter\" src=\"https:\/\/archiv.siov.sk\/wp-content\/uploads\/2021\/03\/2020-09-07-03.57.09-pm-300x53.jpg\" alt=\"\" width=\"300\" height=\"53\" srcset=\"https:\/\/archiv.siov.sk\/wp-content\/uploads\/2021\/03\/2020-09-07-03.57.09-pm-300x53.jpg 300w, https:\/\/archiv.siov.sk\/wp-content\/uploads\/2021\/03\/2020-09-07-03.57.09-pm-1024x181.jpg 1024w, https:\/\/archiv.siov.sk\/wp-content\/uploads\/2021\/03\/2020-09-07-03.57.09-pm-768x135.jpg 768w, https:\/\/archiv.siov.sk\/wp-content\/uploads\/2021\/03\/2020-09-07-03.57.09-pm-1536x271.jpg 1536w, https:\/\/archiv.siov.sk\/wp-content\/uploads\/2021\/03\/2020-09-07-03.57.09-pm-2048x361.jpg 2048w, https:\/\/archiv.siov.sk\/wp-content\/uploads\/2021\/03\/2020-09-07-03.57.09-pm-480x85.jpg 480w\" sizes=\"(max-width: 300px) 100vw, 300px\" \/><\/p>\n<p>Na \u00favod \u00fa\u010dastn\u00edkov priv\u00edtal z\u00e1stupca z&nbsp;Eur\u00f3pskej komisie, Martin le Vrang, ktor\u00fd predstavil Europass ako prioritu eur\u00f3pskych polit\u00edk v&nbsp;oblasti zamestnanosti. V&nbsp;programe nasledovali jednotliv\u00e9 pr\u00edspevky odborn\u00edkov a&nbsp;expertov z r\u00f4znych platforiem a organiz\u00e1ci\u00ed (M\u0160VV\u0160 SR, \u0160IOV, Stredn\u00e1 odborn\u00e1 \u0161kola chemick\u00e1, Ob\u010dianske zdru\u017eenie Future Generation Europe a&nbsp;in\u00e9), s&nbsp;ktor\u00fdmi sme rozobrali t\u00e9my potrebn\u00fdch zru\u010dnost\u00ed ako odozvy na meniace sa potreby a po\u017eiadavky trhu pr\u00e1ce.<\/p>\n<p>Z\u00e1stupkyne z&nbsp;N\u00e1rodn\u00e9ho centra Europass sa venovali Europass dokumentom, ktor\u00e9 sl\u00fa\u017eia na zvidite\u013enenie z\u00edskan\u00fdch zru\u010dnost\u00ed po\u010das mobility a&nbsp;aj dobrovo\u013en\u00edctva. \u0160peci\u00e1lny vstup bol venovan\u00fd jednotliv\u00fdm funkcionalit\u00e1m, ktor\u00e9 pon\u00faka bezplatn\u00e1 eur\u00f3pska online platforma. \u00da\u010dastn\u00edci podujatia prejavili ve\u013ek\u00fd z\u00e1ujem o&nbsp;vytvoren\u00fa datab\u00e1zu dodatkov k&nbsp;vysved\u010deniu\/osved\u010deniu v OVP a&nbsp;\u010fal\u0161om vzdel\u00e1van\u00ed, ktor\u00e9 s\u00fa pr\u00edstupn\u00e9 na web-str\u00e1nke <a href=\"https:\/\/europass.sk\/dodatky-dokumenty\/\">www.europass.sk<\/a>. Na z\u00e1ver podujatia kolegovia z Eur\u00f3pskej komisie predstavili vysoko aktu\u00e1lnu t\u00e9mu v r\u00e1mci celej Eur\u00f3py digit\u00e1lne podp\u00edsan\u00fdch dokumentov (Europass Digital Credentials).&nbsp;<\/p>\n<p>Z\u00e1znamy z podujatia n\u00e1jdete na na\u0161ej str\u00e1nke vo <a href=\"https:\/\/archiv.siov.sk\/en\/videogaleria\/videogaleria-rok-2021\/\">videogal\u00e9ri\u00ed<\/a>. Viac inform\u00e1ci\u00ed o programe spolu s jednotliv\u00fdmi pr\u00edspevkami na <a href=\"https:\/\/europass.sk\/national-event-europass-2\/\">www.europass.sk<\/a>.&nbsp;<\/p>\n<p style=\"text-align: center;\"><strong><a href=\"https:\/\/europa.eu\/europass\/select-language?destination=\/node\/1\">Rozbehnite svoju kari\u00e9ru s Europassom.<\/a><\/strong><\/p>","protected":false},"excerpt":{"rendered":"<p>N\u00e1rodn\u00e9 centrum Europass Slovensko v&nbsp;r\u00e1mci \u0160t\u00e1tneho in\u0161tit\u00fatu odborn\u00e9ho vzdel\u00e1vania zorganizovalo d\u0148a 3. marca 2021 N\u00e1rodn\u00e9 podujatie Europass, ktor\u00e9ho sa z\u00fa\u010dastnilo viac ako 90 \u00fa\u010dastn\u00edkov z&nbsp;53 r\u00f4znych organiz\u00e1ci\u00ed. Hlavnou t\u00e9mou podujatia bolo predstavenie eur\u00f3pskej online platformy so \u0161pecifick\u00fdmi funkciami na podporu riadenia kari\u00e9ry a celo\u017eivotn\u00e9ho vzdel\u00e1vania jednotlivcov. Na \u00favod \u00fa\u010dastn\u00edkov priv\u00edtal z\u00e1stupca z&nbsp;Eur\u00f3pskej komisie, Martin le [&hellip;]<\/p>\n","protected":false},"author":6,"featured_media":7378,"comment_status":"closed","ping_status":"closed","sticky":false,"template":"","format":"standard","meta":{"site-sidebar-layout":"default","site-content-layout":"","ast-site-content-layout":"default","site-content-style":"default","site-sidebar-style":"default","ast-global-header-display":"","ast-banner-title-visibility":"","ast-main-header-display":"","ast-hfb-above-header-display":"","ast-hfb-below-header-display":"","ast-hfb-mobile-header-display":"","site-post-title":"","ast-breadcrumbs-content":"","ast-featured-img":"","footer-sml-layout":"","ast-disable-related-posts":"","theme-transparent-header-meta":"","adv-header-id-meta":"","stick-header-meta":"","header-above-stick-meta":"","header-main-stick-meta":"","header-below-stick-meta":"","astra-migrate-meta-layouts":"default","ast-page-background-enabled":"default","ast-page-background-meta":{"desktop":{"background-color":"var(--ast-global-color-4)","background-image":"","background-repeat":"repeat","background-position":"center center","background-size":"auto","background-attachment":"scroll","background-type":"","background-media":"","overlay-type":"","overlay-color":"","overlay-opacity":"","overlay-gradient":""},"tablet":{"background-color":"","background-image":"","background-repeat":"repeat","background-position":"center center","background-size":"auto","background-attachment":"scroll","background-type":"","background-media":"","overlay-type":"","overlay-color":"","overlay-opacity":"","overlay-gradient":""},"mobile":{"background-color":"","background-image":"","background-repeat":"repeat","background-position":"center center","background-size":"auto","background-attachment":"scroll","background-type":"","background-media":"","overlay-type":"","overlay-color":"","overlay-opacity":"","overlay-gradient":""}},"ast-content-background-meta":{"desktop":{"background-color":"var(--ast-global-color-5)","background-image":"","background-repeat":"repeat","background-position":"center center","background-size":"auto","background-attachment":"scroll","background-type":"","background-media":"","overlay-type":"","overlay-color":"","overlay-opacity":"","overlay-gradient":""},"tablet":{"background-color":"var(--ast-global-color-5)","background-image":"","background-repeat":"repeat","background-position":"center center","background-size":"auto","background-attachment":"scroll","background-type":"","background-media":"","overlay-type":"","overlay-color":"","overlay-opacity":"","overlay-gradient":""},"mobile":{"background-color":"var(--ast-global-color-5)","background-image":"","background-repeat":"repeat","background-position":"center center","background-size":"auto","background-attachment":"scroll","background-type":"","background-media":"","overlay-type":"","overlay-color":"","overlay-opacity":"","overlay-gradient":""}},"footnotes":""},"categories":[1,9],"tags":[],"class_list":["post-7376","post","type-post","status-publish","format-standard","has-post-thumbnail","hentry","category-aktuality","category-aktuality-v-case-koronavirusu"],"yoast_head":"<!-- This site is optimized with the Yoast SEO plugin v27.5 - https:\/\/yoast.com\/product\/yoast-seo-wordpress\/ -->\n<title>N\u00e1rodn\u00e9 podujatie Europass - \u0160IOV - \u0161t\u00e1tny in\u0161tit\u00fat odborn\u00e9ho vzdel\u00e1vania<\/title>\n<meta name=\"robots\" content=\"index, follow, max-snippet:-1, max-image-preview:large, max-video-preview:-1\" \/>\n<link rel=\"canonical\" href=\"https:\/\/archiv.siov.sk\/en\/narodne-podujatie-europass-2\/\" \/>\n<meta property=\"og:locale\" content=\"en_GB\" \/>\n<meta property=\"og:type\" content=\"article\" \/>\n<meta property=\"og:title\" content=\"N\u00e1rodn\u00e9 podujatie Europass - \u0160IOV - \u0161t\u00e1tny in\u0161tit\u00fat odborn\u00e9ho vzdel\u00e1vania\" \/>\n<meta property=\"og:description\" content=\"N\u00e1rodn\u00e9 centrum Europass Slovensko v&nbsp;r\u00e1mci \u0160t\u00e1tneho in\u0161tit\u00fatu odborn\u00e9ho vzdel\u00e1vania zorganizovalo d\u0148a 3. marca 2021 N\u00e1rodn\u00e9 podujatie Europass, ktor\u00e9ho sa z\u00fa\u010dastnilo viac ako 90 \u00fa\u010dastn\u00edkov z&nbsp;53 r\u00f4znych organiz\u00e1ci\u00ed. Hlavnou t\u00e9mou podujatia bolo predstavenie eur\u00f3pskej online platformy so \u0161pecifick\u00fdmi funkciami na podporu riadenia kari\u00e9ry a celo\u017eivotn\u00e9ho vzdel\u00e1vania jednotlivcov. Na \u00favod \u00fa\u010dastn\u00edkov priv\u00edtal z\u00e1stupca z&nbsp;Eur\u00f3pskej komisie, Martin le [&hellip;]\" \/>\n<meta property=\"og:url\" content=\"https:\/\/archiv.siov.sk\/en\/narodne-podujatie-europass-2\/\" \/>\n<meta property=\"og:site_name\" content=\"\u0160IOV - \u0161t\u00e1tny in\u0161tit\u00fat odborn\u00e9ho vzdel\u00e1vania\" \/>\n<meta property=\"article:publisher\" content=\"https:\/\/www.facebook.com\/Statnyinstitutodbornehovzdelavania\" \/>\n<meta property=\"article:published_time\" content=\"2021-03-10T13:08:33+00:00\" \/>\n<meta property=\"article:modified_time\" content=\"2021-03-10T13:41:42+00:00\" \/>\n<meta property=\"og:image\" content=\"https:\/\/archiv.siov.sk\/wp-content\/uploads\/2021\/03\/Funkcie_Europass-e1615381796272.png\" \/>\n\t<meta property=\"og:image:width\" content=\"400\" \/>\n\t<meta property=\"og:image:height\" content=\"295\" \/>\n\t<meta property=\"og:image:type\" content=\"image\/png\" \/>\n<meta name=\"author\" content=\"Katar\u00edna Kov\u00e1\u010dov\u00e1\" \/>\n<meta name=\"twitter:card\" content=\"summary_large_image\" \/>\n<meta name=\"twitter:label1\" content=\"Written by\" \/>\n\t<meta name=\"twitter:data1\" content=\"Katar\u00edna Kov\u00e1\u010dov\u00e1\" \/>\n\t<meta name=\"twitter:label2\" content=\"Estimated reading time\" \/>\n\t<meta name=\"twitter:data2\" content=\"2 minutes\" \/>\n<script type=\"application\/ld+json\" class=\"yoast-schema-graph\">{\"@context\":\"https:\\\/\\\/schema.org\",\"@graph\":[{\"@type\":\"Article\",\"@id\":\"https:\\\/\\\/archiv.siov.sk\\\/narodne-podujatie-europass-2\\\/#article\",\"isPartOf\":{\"@id\":\"https:\\\/\\\/archiv.siov.sk\\\/narodne-podujatie-europass-2\\\/\"},\"author\":{\"name\":\"Katar\u00edna Kov\u00e1\u010dov\u00e1\",\"@id\":\"https:\\\/\\\/archiv.siov.sk\\\/#\\\/schema\\\/person\\\/e42d633fbd958c6a726e8834d8965e6c\"},\"headline\":\"N\u00e1rodn\u00e9 podujatie Europass\",\"datePublished\":\"2021-03-10T13:08:33+00:00\",\"dateModified\":\"2021-03-10T13:41:42+00:00\",\"mainEntityOfPage\":{\"@id\":\"https:\\\/\\\/archiv.siov.sk\\\/narodne-podujatie-europass-2\\\/\"},\"wordCount\":316,\"publisher\":{\"@id\":\"https:\\\/\\\/archiv.siov.sk\\\/#organization\"},\"image\":{\"@id\":\"https:\\\/\\\/archiv.siov.sk\\\/narodne-podujatie-europass-2\\\/#primaryimage\"},\"thumbnailUrl\":\"https:\\\/\\\/archiv.siov.sk\\\/wp-content\\\/uploads\\\/2021\\\/03\\\/Funkcie_Europass-e1615381796272.png\",\"articleSection\":[\"Aktuality\",\"Aktuality v \u010dase koronav\u00edrusu\"],\"inLanguage\":\"en-GB\"},{\"@type\":\"WebPage\",\"@id\":\"https:\\\/\\\/archiv.siov.sk\\\/narodne-podujatie-europass-2\\\/\",\"url\":\"https:\\\/\\\/archiv.siov.sk\\\/narodne-podujatie-europass-2\\\/\",\"name\":\"N\u00e1rodn\u00e9 podujatie Europass - \u0160IOV - \u0161t\u00e1tny in\u0161tit\u00fat odborn\u00e9ho vzdel\u00e1vania\",\"isPartOf\":{\"@id\":\"https:\\\/\\\/archiv.siov.sk\\\/#website\"},\"primaryImageOfPage\":{\"@id\":\"https:\\\/\\\/archiv.siov.sk\\\/narodne-podujatie-europass-2\\\/#primaryimage\"},\"image\":{\"@id\":\"https:\\\/\\\/archiv.siov.sk\\\/narodne-podujatie-europass-2\\\/#primaryimage\"},\"thumbnailUrl\":\"https:\\\/\\\/archiv.siov.sk\\\/wp-content\\\/uploads\\\/2021\\\/03\\\/Funkcie_Europass-e1615381796272.png\",\"datePublished\":\"2021-03-10T13:08:33+00:00\",\"dateModified\":\"2021-03-10T13:41:42+00:00\",\"breadcrumb\":{\"@id\":\"https:\\\/\\\/archiv.siov.sk\\\/narodne-podujatie-europass-2\\\/#breadcrumb\"},\"inLanguage\":\"en-GB\",\"potentialAction\":[{\"@type\":\"ReadAction\",\"target\":[\"https:\\\/\\\/archiv.siov.sk\\\/narodne-podujatie-europass-2\\\/\"]}]},{\"@type\":\"ImageObject\",\"inLanguage\":\"en-GB\",\"@id\":\"https:\\\/\\\/archiv.siov.sk\\\/narodne-podujatie-europass-2\\\/#primaryimage\",\"url\":\"https:\\\/\\\/archiv.siov.sk\\\/wp-content\\\/uploads\\\/2021\\\/03\\\/Funkcie_Europass-e1615381796272.png\",\"contentUrl\":\"https:\\\/\\\/archiv.siov.sk\\\/wp-content\\\/uploads\\\/2021\\\/03\\\/Funkcie_Europass-e1615381796272.png\",\"width\":400,\"height\":295},{\"@type\":\"BreadcrumbList\",\"@id\":\"https:\\\/\\\/archiv.siov.sk\\\/narodne-podujatie-europass-2\\\/#breadcrumb\",\"itemListElement\":[{\"@type\":\"ListItem\",\"position\":1,\"name\":\"Home\",\"item\":\"https:\\\/\\\/archiv.siov.sk\\\/\"},{\"@type\":\"ListItem\",\"position\":2,\"name\":\"N\u00e1rodn\u00e9 podujatie Europass\"}]},{\"@type\":\"WebSite\",\"@id\":\"https:\\\/\\\/archiv.siov.sk\\\/#website\",\"url\":\"https:\\\/\\\/archiv.siov.sk\\\/\",\"name\":\"\u0160IOV - \u0161t\u00e1tny in\u0161tit\u00fat odborn\u00e9ho vzdel\u00e1vania\",\"description\":\"\",\"publisher\":{\"@id\":\"https:\\\/\\\/archiv.siov.sk\\\/#organization\"},\"potentialAction\":[{\"@type\":\"SearchAction\",\"target\":{\"@type\":\"EntryPoint\",\"urlTemplate\":\"https:\\\/\\\/archiv.siov.sk\\\/?s={search_term_string}\"},\"query-input\":{\"@type\":\"PropertyValueSpecification\",\"valueRequired\":true,\"valueName\":\"search_term_string\"}}],\"inLanguage\":\"en-GB\"},{\"@type\":\"Organization\",\"@id\":\"https:\\\/\\\/archiv.siov.sk\\\/#organization\",\"name\":\"\u0160IOV - \u0161t\u00e1tny in\u0161tit\u00fat odborn\u00e9ho vzdel\u00e1vania\",\"url\":\"https:\\\/\\\/archiv.siov.sk\\\/\",\"logo\":{\"@type\":\"ImageObject\",\"inLanguage\":\"en-GB\",\"@id\":\"https:\\\/\\\/archiv.siov.sk\\\/#\\\/schema\\\/logo\\\/image\\\/\",\"url\":\"https:\\\/\\\/archiv.siov.sk\\\/wp-content\\\/uploads\\\/2024\\\/02\\\/logo-SIOV.png\",\"contentUrl\":\"https:\\\/\\\/archiv.siov.sk\\\/wp-content\\\/uploads\\\/2024\\\/02\\\/logo-SIOV.png\",\"width\":431,\"height\":143,\"caption\":\"\u0160IOV - \u0161t\u00e1tny in\u0161tit\u00fat odborn\u00e9ho vzdel\u00e1vania\"},\"image\":{\"@id\":\"https:\\\/\\\/archiv.siov.sk\\\/#\\\/schema\\\/logo\\\/image\\\/\"},\"sameAs\":[\"https:\\\/\\\/www.facebook.com\\\/Statnyinstitutodbornehovzdelavania\"]},{\"@type\":\"Person\",\"@id\":\"https:\\\/\\\/archiv.siov.sk\\\/#\\\/schema\\\/person\\\/e42d633fbd958c6a726e8834d8965e6c\",\"name\":\"Katar\u00edna Kov\u00e1\u010dov\u00e1\",\"url\":\"https:\\\/\\\/archiv.siov.sk\\\/en\\\/author\\\/katkakovacova\\\/\"}]}<\/script>\n<!-- \/ Yoast SEO plugin. -->","yoast_head_json":{"title":"N\u00e1rodn\u00e9 podujatie Europass - \u0160IOV - \u0161t\u00e1tny in\u0161tit\u00fat odborn\u00e9ho vzdel\u00e1vania","robots":{"index":"index","follow":"follow","max-snippet":"max-snippet:-1","max-image-preview":"max-image-preview:large","max-video-preview":"max-video-preview:-1"},"canonical":"https:\/\/archiv.siov.sk\/en\/narodne-podujatie-europass-2\/","og_locale":"en_GB","og_type":"article","og_title":"N\u00e1rodn\u00e9 podujatie Europass - \u0160IOV - \u0161t\u00e1tny in\u0161tit\u00fat odborn\u00e9ho vzdel\u00e1vania","og_description":"N\u00e1rodn\u00e9 centrum Europass Slovensko v&nbsp;r\u00e1mci \u0160t\u00e1tneho in\u0161tit\u00fatu odborn\u00e9ho vzdel\u00e1vania zorganizovalo d\u0148a 3. marca 2021 N\u00e1rodn\u00e9 podujatie Europass, ktor\u00e9ho sa z\u00fa\u010dastnilo viac ako 90 \u00fa\u010dastn\u00edkov z&nbsp;53 r\u00f4znych organiz\u00e1ci\u00ed. Hlavnou t\u00e9mou podujatia bolo predstavenie eur\u00f3pskej online platformy so \u0161pecifick\u00fdmi funkciami na podporu riadenia kari\u00e9ry a celo\u017eivotn\u00e9ho vzdel\u00e1vania jednotlivcov. Na \u00favod \u00fa\u010dastn\u00edkov priv\u00edtal z\u00e1stupca z&nbsp;Eur\u00f3pskej komisie, Martin le [&hellip;]","og_url":"https:\/\/archiv.siov.sk\/en\/narodne-podujatie-europass-2\/","og_site_name":"\u0160IOV - \u0161t\u00e1tny in\u0161tit\u00fat odborn\u00e9ho vzdel\u00e1vania","article_publisher":"https:\/\/www.facebook.com\/Statnyinstitutodbornehovzdelavania","article_published_time":"2021-03-10T13:08:33+00:00","article_modified_time":"2021-03-10T13:41:42+00:00","og_image":[{"width":400,"height":295,"url":"https:\/\/archiv.siov.sk\/wp-content\/uploads\/2021\/03\/Funkcie_Europass-e1615381796272.png","type":"image\/png"}],"author":"Katar\u00edna Kov\u00e1\u010dov\u00e1","twitter_card":"summary_large_image","twitter_misc":{"Written by":"Katar\u00edna Kov\u00e1\u010dov\u00e1","Estimated reading time":"2 minutes"},"schema":{"@context":"https:\/\/schema.org","@graph":[{"@type":"Article","@id":"https:\/\/archiv.siov.sk\/narodne-podujatie-europass-2\/#article","isPartOf":{"@id":"https:\/\/archiv.siov.sk\/narodne-podujatie-europass-2\/"},"author":{"name":"Katar\u00edna Kov\u00e1\u010dov\u00e1","@id":"https:\/\/archiv.siov.sk\/#\/schema\/person\/e42d633fbd958c6a726e8834d8965e6c"},"headline":"N\u00e1rodn\u00e9 podujatie Europass","datePublished":"2021-03-10T13:08:33+00:00","dateModified":"2021-03-10T13:41:42+00:00","mainEntityOfPage":{"@id":"https:\/\/archiv.siov.sk\/narodne-podujatie-europass-2\/"},"wordCount":316,"publisher":{"@id":"https:\/\/archiv.siov.sk\/#organization"},"image":{"@id":"https:\/\/archiv.siov.sk\/narodne-podujatie-europass-2\/#primaryimage"},"thumbnailUrl":"https:\/\/archiv.siov.sk\/wp-content\/uploads\/2021\/03\/Funkcie_Europass-e1615381796272.png","articleSection":["Aktuality","Aktuality v \u010dase koronav\u00edrusu"],"inLanguage":"en-GB"},{"@type":"WebPage","@id":"https:\/\/archiv.siov.sk\/narodne-podujatie-europass-2\/","url":"https:\/\/archiv.siov.sk\/narodne-podujatie-europass-2\/","name":"N\u00e1rodn\u00e9 podujatie Europass - \u0160IOV - \u0161t\u00e1tny in\u0161tit\u00fat odborn\u00e9ho vzdel\u00e1vania","isPartOf":{"@id":"https:\/\/archiv.siov.sk\/#website"},"primaryImageOfPage":{"@id":"https:\/\/archiv.siov.sk\/narodne-podujatie-europass-2\/#primaryimage"},"image":{"@id":"https:\/\/archiv.siov.sk\/narodne-podujatie-europass-2\/#primaryimage"},"thumbnailUrl":"https:\/\/archiv.siov.sk\/wp-content\/uploads\/2021\/03\/Funkcie_Europass-e1615381796272.png","datePublished":"2021-03-10T13:08:33+00:00","dateModified":"2021-03-10T13:41:42+00:00","breadcrumb":{"@id":"https:\/\/archiv.siov.sk\/narodne-podujatie-europass-2\/#breadcrumb"},"inLanguage":"en-GB","potentialAction":[{"@type":"ReadAction","target":["https:\/\/archiv.siov.sk\/narodne-podujatie-europass-2\/"]}]},{"@type":"ImageObject","inLanguage":"en-GB","@id":"https:\/\/archiv.siov.sk\/narodne-podujatie-europass-2\/#primaryimage","url":"https:\/\/archiv.siov.sk\/wp-content\/uploads\/2021\/03\/Funkcie_Europass-e1615381796272.png","contentUrl":"https:\/\/archiv.siov.sk\/wp-content\/uploads\/2021\/03\/Funkcie_Europass-e1615381796272.png","width":400,"height":295},{"@type":"BreadcrumbList","@id":"https:\/\/archiv.siov.sk\/narodne-podujatie-europass-2\/#breadcrumb","itemListElement":[{"@type":"ListItem","position":1,"name":"Home","item":"https:\/\/archiv.siov.sk\/"},{"@type":"ListItem","position":2,"name":"N\u00e1rodn\u00e9 podujatie Europass"}]},{"@type":"WebSite","@id":"https:\/\/archiv.siov.sk\/#website","url":"https:\/\/archiv.siov.sk\/","name":"\u0160IOV - \u0161t\u00e1tny in\u0161tit\u00fat odborn\u00e9ho vzdel\u00e1vania","description":"","publisher":{"@id":"https:\/\/archiv.siov.sk\/#organization"},"potentialAction":[{"@type":"SearchAction","target":{"@type":"EntryPoint","urlTemplate":"https:\/\/archiv.siov.sk\/?s={search_term_string}"},"query-input":{"@type":"PropertyValueSpecification","valueRequired":true,"valueName":"search_term_string"}}],"inLanguage":"en-GB"},{"@type":"Organization","@id":"https:\/\/archiv.siov.sk\/#organization","name":"\u0160IOV - \u0161t\u00e1tny in\u0161tit\u00fat odborn\u00e9ho vzdel\u00e1vania","url":"https:\/\/archiv.siov.sk\/","logo":{"@type":"ImageObject","inLanguage":"en-GB","@id":"https:\/\/archiv.siov.sk\/#\/schema\/logo\/image\/","url":"https:\/\/archiv.siov.sk\/wp-content\/uploads\/2024\/02\/logo-SIOV.png","contentUrl":"https:\/\/archiv.siov.sk\/wp-content\/uploads\/2024\/02\/logo-SIOV.png","width":431,"height":143,"caption":"\u0160IOV - \u0161t\u00e1tny in\u0161tit\u00fat odborn\u00e9ho vzdel\u00e1vania"},"image":{"@id":"https:\/\/archiv.siov.sk\/#\/schema\/logo\/image\/"},"sameAs":["https:\/\/www.facebook.com\/Statnyinstitutodbornehovzdelavania"]},{"@type":"Person","@id":"https:\/\/archiv.siov.sk\/#\/schema\/person\/e42d633fbd958c6a726e8834d8965e6c","name":"Katar\u00edna Kov\u00e1\u010dov\u00e1","url":"https:\/\/archiv.siov.sk\/en\/author\/katkakovacova\/"}]}},"_links":{"self":[{"href":"https:\/\/archiv.siov.sk\/en\/wp-json\/wp\/v2\/posts\/7376","targetHints":{"allow":["GET"]}}],"collection":[{"href":"https:\/\/archiv.siov.sk\/en\/wp-json\/wp\/v2\/posts"}],"about":[{"href":"https:\/\/archiv.siov.sk\/en\/wp-json\/wp\/v2\/types\/post"}],"author":[{"embeddable":true,"href":"https:\/\/archiv.siov.sk\/en\/wp-json\/wp\/v2\/users\/6"}],"replies":[{"embeddable":true,"href":"https:\/\/archiv.siov.sk\/en\/wp-json\/wp\/v2\/comments?post=7376"}],"version-history":[{"count":2,"href":"https:\/\/archiv.siov.sk\/en\/wp-json\/wp\/v2\/posts\/7376\/revisions"}],"predecessor-version":[{"id":7380,"href":"https:\/\/archiv.siov.sk\/en\/wp-json\/wp\/v2\/posts\/7376\/revisions\/7380"}],"wp:featuredmedia":[{"embeddable":true,"href":"https:\/\/archiv.siov.sk\/en\/wp-json\/wp\/v2\/media\/7378"}],"wp:attachment":[{"href":"https:\/\/archiv.siov.sk\/en\/wp-json\/wp\/v2\/media?parent=7376"}],"wp:term":[{"taxonomy":"category","embeddable":true,"href":"https:\/\/archiv.siov.sk\/en\/wp-json\/wp\/v2\/categories?post=7376"},{"taxonomy":"post_tag","embeddable":true,"href":"https:\/\/archiv.siov.sk\/en\/wp-json\/wp\/v2\/tags?post=7376"}],"curies":[{"name":"wp","href":"https:\/\/api.w.org\/{rel}","templated":true}]}}