{"id":7369,"date":"2021-03-10T12:33:04","date_gmt":"2021-03-10T11:33:04","guid":{"rendered":"https:\/\/archiv.siov.sk\/?p=7369"},"modified":"2021-03-10T12:33:57","modified_gmt":"2021-03-10T11:33:57","slug":"prezentacie-z-konferencie-epale-2021","status":"publish","type":"post","link":"https:\/\/archiv.siov.sk\/en\/prezentacie-z-konferencie-epale-2021\/","title":{"rendered":"Prezent\u00e1cie z Konferencie EPALE 2021"},"content":{"rendered":"<p>D\u0148a&nbsp;11. febru\u00e1ra 2021&nbsp;sa uskuto\u010dnila \u00faspe\u0161n\u00e1 konferencia Konferencia EPALE 2021, na ktorej sa z\u00fa\u010dastnilo viac ako 100 \u00fa\u010dastn\u00edkov. Re\u010dn\u00edci a \u00fa\u010dastn\u00edci konferencie mali priestor vyjadri\u0165 sa k aktu\u00e1lnym t\u00e9mam z oblasti vzdel\u00e1vania dospel\u00fdch a zdie\u013ea\u0165 pr\u00edklady dobrej praxe ako&nbsp;in\u0161pir\u00e1cie pre z\u00fa\u010dastnen\u00fdch.&nbsp;<\/p>\n<p><strong>Ciele konferencie:<\/strong><\/p>\n<ul>\n<li>diskutova\u0165 o pr\u00ednosoch efekt\u00edvnych polit\u00edk vzdel\u00e1vania dospel\u00fdch a d\u00f4sledkoch ich absencie na Slovensku a pribl\u00ed\u017ei\u0165 ciele nov\u00fdch strategick\u00fdch dokumentov E\u00da v tejto oblasti,&nbsp;<\/li>\n<li>predstavi\u0165 aktu\u00e1lnu situ\u00e1ciu v \u00fa\u010dasti dospel\u00fdch na neform\u00e1lnom a form\u00e1lnom vzdel\u00e1van\u00ed na Slovensku na z\u00e1klade aktu\u00e1lnych v\u00fdsledkov z v\u00fdskumu a projektov\u00fdch aktiv\u00edt,&nbsp;<\/li>\n<li>identifikova\u0165 priority pre rozvoj zru\u010dnost\u00ed dospel\u00fdch, a oblasti pre efekt\u00edvnu spolupr\u00e1cu v r\u00e1mci verejn\u00fdch polit\u00edk,&nbsp;<\/li>\n<li>mapova\u0165 prv\u00e9 podnety z praxe o dopadoch epid\u00e9mie COVID-19 na vzdel\u00e1vanie dospel\u00fdch,&nbsp;<\/li>\n<li>sprostredkova\u0165 aktu\u00e1lne pr\u00edklady dobrej praxe v oblasti vzdel\u00e1vania dospel\u00fdch pre konkr\u00e9tne t\u00e9my a inovat\u00edvny modely spolupr\u00e1ce na Slovensku.&nbsp;<\/li>\n<\/ul>\n<p><strong>Re\u010dn\u00edci sa venovali t\u00fdmto hlavn\u00fdm t\u00e9mam:&nbsp;<\/strong><\/p>\n<ul>\n<li>V\u00fdzvy, priority a pr\u00edle\u017eitosti vzdel\u00e1vania dospel\u00fdch po roku 2020.&nbsp;<\/li>\n<li>Ako zasiahla pand\u00e9mia COVID-19 vzdel\u00e1vanie dospel\u00fdch na Slovensku a v \u010ceskej republike?&nbsp;<\/li>\n<li>K\u013e\u00fa\u010dov\u00e9 kompetencie vo vzdel\u00e1van\u00ed dospel\u00fdch &#8211; poh\u013ead na \u00faspe\u0161n\u00e9 iniciat\u00edvy v oblasti z\u00e1kladn\u00fdch gramotnost\u00ed, digit\u00e1lnych zru\u010dnost\u00ed a medi\u00e1lnej gramotnosti u dospel\u00fdch na Slovensku a v \u010ceskej republike.<\/li>\n<li>Funguj\u00face modely multisektorovej spolupr\u00e1ce vo vzdel\u00e1van\u00ed dospel\u00fdch.&nbsp;<\/li>\n<\/ul>\n<p>\u010eakujeme re\u010dn\u00edkom za spolupr\u00e1cu, kvalitn\u00e9 spracovane hlavn\u00fdch t\u00e9m a in\u0161pir\u00e1ciu pre na\u0161u \u010fal\u0161iu pr\u00e1cu.&nbsp;Ver\u00edme, \u017ee nastaven\u00fd program v\u00e1s &#8211; \u00fa\u010dastn\u00edkov zaujal a te\u0161\u00edme sa na najbli\u017e\u0161ie stretnutie.<\/p>\n<p>Jednotliv\u00e9 prezent\u00e1cie s\u00fa k dispoz\u00edci\u00ed vo <a href=\"https:\/\/archiv.siov.sk\/en\/videogaleria\/videogaleria-rok-2021\/\">videogal\u00e9ri\u00ed webstr\u00e1nky<\/a> \u010di&nbsp;na webstr\u00e1nke <a href=\"https:\/\/epale.ec.europa.eu\/sk\/resource-centre\/content\/prezentacie-z-konferencie-epale-2021\">https:\/\/epale.ec.europa.eu\/sk\/<\/a>.<\/p>\n<p>&nbsp;<\/p>\n<p>autor textu: Monika Drinkov\u00e1<\/p>","protected":false},"excerpt":{"rendered":"<p>D\u0148a&nbsp;11. febru\u00e1ra 2021&nbsp;sa uskuto\u010dnila \u00faspe\u0161n\u00e1 konferencia Konferencia EPALE 2021, na ktorej sa z\u00fa\u010dastnilo viac ako 100 \u00fa\u010dastn\u00edkov. Re\u010dn\u00edci a \u00fa\u010dastn\u00edci konferencie mali priestor vyjadri\u0165 sa k aktu\u00e1lnym t\u00e9mam z oblasti vzdel\u00e1vania dospel\u00fdch a zdie\u013ea\u0165 pr\u00edklady dobrej praxe ako&nbsp;in\u0161pir\u00e1cie pre z\u00fa\u010dastnen\u00fdch.&nbsp; Ciele konferencie: diskutova\u0165 o pr\u00ednosoch efekt\u00edvnych polit\u00edk vzdel\u00e1vania dospel\u00fdch a d\u00f4sledkoch ich absencie na Slovensku [&hellip;]<\/p>\n","protected":false},"author":6,"featured_media":4566,"comment_status":"closed","ping_status":"closed","sticky":false,"template":"","format":"standard","meta":{"site-sidebar-layout":"default","site-content-layout":"","ast-site-content-layout":"default","site-content-style":"default","site-sidebar-style":"default","ast-global-header-display":"","ast-banner-title-visibility":"","ast-main-header-display":"","ast-hfb-above-header-display":"","ast-hfb-below-header-display":"","ast-hfb-mobile-header-display":"","site-post-title":"","ast-breadcrumbs-content":"","ast-featured-img":"","footer-sml-layout":"","ast-disable-related-posts":"","theme-transparent-header-meta":"","adv-header-id-meta":"","stick-header-meta":"","header-above-stick-meta":"","header-main-stick-meta":"","header-below-stick-meta":"","astra-migrate-meta-layouts":"default","ast-page-background-enabled":"default","ast-page-background-meta":{"desktop":{"background-color":"var(--ast-global-color-4)","background-image":"","background-repeat":"repeat","background-position":"center center","background-size":"auto","background-attachment":"scroll","background-type":"","background-media":"","overlay-type":"","overlay-color":"","overlay-opacity":"","overlay-gradient":""},"tablet":{"background-color":"","background-image":"","background-repeat":"repeat","background-position":"center center","background-size":"auto","background-attachment":"scroll","background-type":"","background-media":"","overlay-type":"","overlay-color":"","overlay-opacity":"","overlay-gradient":""},"mobile":{"background-color":"","background-image":"","background-repeat":"repeat","background-position":"center center","background-size":"auto","background-attachment":"scroll","background-type":"","background-media":"","overlay-type":"","overlay-color":"","overlay-opacity":"","overlay-gradient":""}},"ast-content-background-meta":{"desktop":{"background-color":"var(--ast-global-color-5)","background-image":"","background-repeat":"repeat","background-position":"center center","background-size":"auto","background-attachment":"scroll","background-type":"","background-media":"","overlay-type":"","overlay-color":"","overlay-opacity":"","overlay-gradient":""},"tablet":{"background-color":"var(--ast-global-color-5)","background-image":"","background-repeat":"repeat","background-position":"center center","background-size":"auto","background-attachment":"scroll","background-type":"","background-media":"","overlay-type":"","overlay-color":"","overlay-opacity":"","overlay-gradient":""},"mobile":{"background-color":"var(--ast-global-color-5)","background-image":"","background-repeat":"repeat","background-position":"center center","background-size":"auto","background-attachment":"scroll","background-type":"","background-media":"","overlay-type":"","overlay-color":"","overlay-opacity":"","overlay-gradient":""}},"footnotes":""},"categories":[1,9],"tags":[],"class_list":["post-7369","post","type-post","status-publish","format-standard","has-post-thumbnail","hentry","category-aktuality","category-aktuality-v-case-koronavirusu"],"yoast_head":"<!-- This site is optimized with the Yoast SEO plugin v27.5 - https:\/\/yoast.com\/product\/yoast-seo-wordpress\/ -->\n<title>Prezent\u00e1cie z Konferencie EPALE 2021 - \u0160IOV - \u0161t\u00e1tny in\u0161tit\u00fat odborn\u00e9ho vzdel\u00e1vania<\/title>\n<meta name=\"robots\" content=\"index, follow, max-snippet:-1, max-image-preview:large, max-video-preview:-1\" \/>\n<link rel=\"canonical\" href=\"https:\/\/archiv.siov.sk\/en\/prezentacie-z-konferencie-epale-2021\/\" \/>\n<meta property=\"og:locale\" content=\"en_GB\" \/>\n<meta property=\"og:type\" content=\"article\" \/>\n<meta property=\"og:title\" content=\"Prezent\u00e1cie z Konferencie EPALE 2021 - \u0160IOV - \u0161t\u00e1tny in\u0161tit\u00fat odborn\u00e9ho vzdel\u00e1vania\" \/>\n<meta property=\"og:description\" content=\"D\u0148a&nbsp;11. febru\u00e1ra 2021&nbsp;sa uskuto\u010dnila \u00faspe\u0161n\u00e1 konferencia Konferencia EPALE 2021, na ktorej sa z\u00fa\u010dastnilo viac ako 100 \u00fa\u010dastn\u00edkov. Re\u010dn\u00edci a \u00fa\u010dastn\u00edci konferencie mali priestor vyjadri\u0165 sa k aktu\u00e1lnym t\u00e9mam z oblasti vzdel\u00e1vania dospel\u00fdch a zdie\u013ea\u0165 pr\u00edklady dobrej praxe ako&nbsp;in\u0161pir\u00e1cie pre z\u00fa\u010dastnen\u00fdch.&nbsp; Ciele konferencie: diskutova\u0165 o pr\u00ednosoch efekt\u00edvnych polit\u00edk vzdel\u00e1vania dospel\u00fdch a d\u00f4sledkoch ich absencie na Slovensku [&hellip;]\" \/>\n<meta property=\"og:url\" content=\"https:\/\/archiv.siov.sk\/en\/prezentacie-z-konferencie-epale-2021\/\" \/>\n<meta property=\"og:site_name\" content=\"\u0160IOV - \u0161t\u00e1tny in\u0161tit\u00fat odborn\u00e9ho vzdel\u00e1vania\" \/>\n<meta property=\"article:publisher\" content=\"https:\/\/www.facebook.com\/Statnyinstitutodbornehovzdelavania\" \/>\n<meta property=\"article:published_time\" content=\"2021-03-10T11:33:04+00:00\" \/>\n<meta property=\"article:modified_time\" content=\"2021-03-10T11:33:57+00:00\" \/>\n<meta property=\"og:image\" content=\"https:\/\/archiv.siov.sk\/wp-content\/uploads\/2019\/11\/Logo-EPALE_NEW-e1573205209923.png\" \/>\n\t<meta property=\"og:image:width\" content=\"220\" \/>\n\t<meta property=\"og:image:height\" content=\"271\" \/>\n\t<meta property=\"og:image:type\" content=\"image\/png\" \/>\n<meta name=\"author\" content=\"Katar\u00edna Kov\u00e1\u010dov\u00e1\" \/>\n<meta name=\"twitter:card\" content=\"summary_large_image\" \/>\n<meta name=\"twitter:label1\" content=\"Written by\" \/>\n\t<meta name=\"twitter:data1\" content=\"Katar\u00edna Kov\u00e1\u010dov\u00e1\" \/>\n\t<meta name=\"twitter:label2\" content=\"Estimated reading time\" \/>\n\t<meta name=\"twitter:data2\" content=\"2 minutes\" \/>\n<script type=\"application\/ld+json\" class=\"yoast-schema-graph\">{\"@context\":\"https:\\\/\\\/schema.org\",\"@graph\":[{\"@type\":\"Article\",\"@id\":\"https:\\\/\\\/archiv.siov.sk\\\/prezentacie-z-konferencie-epale-2021\\\/#article\",\"isPartOf\":{\"@id\":\"https:\\\/\\\/archiv.siov.sk\\\/prezentacie-z-konferencie-epale-2021\\\/\"},\"author\":{\"name\":\"Katar\u00edna Kov\u00e1\u010dov\u00e1\",\"@id\":\"https:\\\/\\\/archiv.siov.sk\\\/#\\\/schema\\\/person\\\/e42d633fbd958c6a726e8834d8965e6c\"},\"headline\":\"Prezent\u00e1cie z Konferencie EPALE 2021\",\"datePublished\":\"2021-03-10T11:33:04+00:00\",\"dateModified\":\"2021-03-10T11:33:57+00:00\",\"mainEntityOfPage\":{\"@id\":\"https:\\\/\\\/archiv.siov.sk\\\/prezentacie-z-konferencie-epale-2021\\\/\"},\"wordCount\":368,\"publisher\":{\"@id\":\"https:\\\/\\\/archiv.siov.sk\\\/#organization\"},\"image\":{\"@id\":\"https:\\\/\\\/archiv.siov.sk\\\/prezentacie-z-konferencie-epale-2021\\\/#primaryimage\"},\"thumbnailUrl\":\"https:\\\/\\\/archiv.siov.sk\\\/wp-content\\\/uploads\\\/2019\\\/11\\\/Logo-EPALE_NEW-e1573205209923.png\",\"articleSection\":[\"Aktuality\",\"Aktuality v \u010dase koronav\u00edrusu\"],\"inLanguage\":\"en-GB\"},{\"@type\":\"WebPage\",\"@id\":\"https:\\\/\\\/archiv.siov.sk\\\/prezentacie-z-konferencie-epale-2021\\\/\",\"url\":\"https:\\\/\\\/archiv.siov.sk\\\/prezentacie-z-konferencie-epale-2021\\\/\",\"name\":\"Prezent\u00e1cie z Konferencie EPALE 2021 - \u0160IOV - \u0161t\u00e1tny in\u0161tit\u00fat odborn\u00e9ho vzdel\u00e1vania\",\"isPartOf\":{\"@id\":\"https:\\\/\\\/archiv.siov.sk\\\/#website\"},\"primaryImageOfPage\":{\"@id\":\"https:\\\/\\\/archiv.siov.sk\\\/prezentacie-z-konferencie-epale-2021\\\/#primaryimage\"},\"image\":{\"@id\":\"https:\\\/\\\/archiv.siov.sk\\\/prezentacie-z-konferencie-epale-2021\\\/#primaryimage\"},\"thumbnailUrl\":\"https:\\\/\\\/archiv.siov.sk\\\/wp-content\\\/uploads\\\/2019\\\/11\\\/Logo-EPALE_NEW-e1573205209923.png\",\"datePublished\":\"2021-03-10T11:33:04+00:00\",\"dateModified\":\"2021-03-10T11:33:57+00:00\",\"breadcrumb\":{\"@id\":\"https:\\\/\\\/archiv.siov.sk\\\/prezentacie-z-konferencie-epale-2021\\\/#breadcrumb\"},\"inLanguage\":\"en-GB\",\"potentialAction\":[{\"@type\":\"ReadAction\",\"target\":[\"https:\\\/\\\/archiv.siov.sk\\\/prezentacie-z-konferencie-epale-2021\\\/\"]}]},{\"@type\":\"ImageObject\",\"inLanguage\":\"en-GB\",\"@id\":\"https:\\\/\\\/archiv.siov.sk\\\/prezentacie-z-konferencie-epale-2021\\\/#primaryimage\",\"url\":\"https:\\\/\\\/archiv.siov.sk\\\/wp-content\\\/uploads\\\/2019\\\/11\\\/Logo-EPALE_NEW-e1573205209923.png\",\"contentUrl\":\"https:\\\/\\\/archiv.siov.sk\\\/wp-content\\\/uploads\\\/2019\\\/11\\\/Logo-EPALE_NEW-e1573205209923.png\",\"width\":220,\"height\":271},{\"@type\":\"BreadcrumbList\",\"@id\":\"https:\\\/\\\/archiv.siov.sk\\\/prezentacie-z-konferencie-epale-2021\\\/#breadcrumb\",\"itemListElement\":[{\"@type\":\"ListItem\",\"position\":1,\"name\":\"Home\",\"item\":\"https:\\\/\\\/archiv.siov.sk\\\/\"},{\"@type\":\"ListItem\",\"position\":2,\"name\":\"Prezent\u00e1cie z Konferencie EPALE 2021\"}]},{\"@type\":\"WebSite\",\"@id\":\"https:\\\/\\\/archiv.siov.sk\\\/#website\",\"url\":\"https:\\\/\\\/archiv.siov.sk\\\/\",\"name\":\"\u0160IOV - \u0161t\u00e1tny in\u0161tit\u00fat odborn\u00e9ho vzdel\u00e1vania\",\"description\":\"\",\"publisher\":{\"@id\":\"https:\\\/\\\/archiv.siov.sk\\\/#organization\"},\"potentialAction\":[{\"@type\":\"SearchAction\",\"target\":{\"@type\":\"EntryPoint\",\"urlTemplate\":\"https:\\\/\\\/archiv.siov.sk\\\/?s={search_term_string}\"},\"query-input\":{\"@type\":\"PropertyValueSpecification\",\"valueRequired\":true,\"valueName\":\"search_term_string\"}}],\"inLanguage\":\"en-GB\"},{\"@type\":\"Organization\",\"@id\":\"https:\\\/\\\/archiv.siov.sk\\\/#organization\",\"name\":\"\u0160IOV - \u0161t\u00e1tny in\u0161tit\u00fat odborn\u00e9ho vzdel\u00e1vania\",\"url\":\"https:\\\/\\\/archiv.siov.sk\\\/\",\"logo\":{\"@type\":\"ImageObject\",\"inLanguage\":\"en-GB\",\"@id\":\"https:\\\/\\\/archiv.siov.sk\\\/#\\\/schema\\\/logo\\\/image\\\/\",\"url\":\"https:\\\/\\\/archiv.siov.sk\\\/wp-content\\\/uploads\\\/2024\\\/02\\\/logo-SIOV.png\",\"contentUrl\":\"https:\\\/\\\/archiv.siov.sk\\\/wp-content\\\/uploads\\\/2024\\\/02\\\/logo-SIOV.png\",\"width\":431,\"height\":143,\"caption\":\"\u0160IOV - \u0161t\u00e1tny in\u0161tit\u00fat odborn\u00e9ho vzdel\u00e1vania\"},\"image\":{\"@id\":\"https:\\\/\\\/archiv.siov.sk\\\/#\\\/schema\\\/logo\\\/image\\\/\"},\"sameAs\":[\"https:\\\/\\\/www.facebook.com\\\/Statnyinstitutodbornehovzdelavania\"]},{\"@type\":\"Person\",\"@id\":\"https:\\\/\\\/archiv.siov.sk\\\/#\\\/schema\\\/person\\\/e42d633fbd958c6a726e8834d8965e6c\",\"name\":\"Katar\u00edna Kov\u00e1\u010dov\u00e1\",\"url\":\"https:\\\/\\\/archiv.siov.sk\\\/en\\\/author\\\/katkakovacova\\\/\"}]}<\/script>\n<!-- \/ Yoast SEO plugin. -->","yoast_head_json":{"title":"Prezent\u00e1cie z Konferencie EPALE 2021 - \u0160IOV - \u0161t\u00e1tny in\u0161tit\u00fat odborn\u00e9ho vzdel\u00e1vania","robots":{"index":"index","follow":"follow","max-snippet":"max-snippet:-1","max-image-preview":"max-image-preview:large","max-video-preview":"max-video-preview:-1"},"canonical":"https:\/\/archiv.siov.sk\/en\/prezentacie-z-konferencie-epale-2021\/","og_locale":"en_GB","og_type":"article","og_title":"Prezent\u00e1cie z Konferencie EPALE 2021 - \u0160IOV - \u0161t\u00e1tny in\u0161tit\u00fat odborn\u00e9ho vzdel\u00e1vania","og_description":"D\u0148a&nbsp;11. febru\u00e1ra 2021&nbsp;sa uskuto\u010dnila \u00faspe\u0161n\u00e1 konferencia Konferencia EPALE 2021, na ktorej sa z\u00fa\u010dastnilo viac ako 100 \u00fa\u010dastn\u00edkov. Re\u010dn\u00edci a \u00fa\u010dastn\u00edci konferencie mali priestor vyjadri\u0165 sa k aktu\u00e1lnym t\u00e9mam z oblasti vzdel\u00e1vania dospel\u00fdch a zdie\u013ea\u0165 pr\u00edklady dobrej praxe ako&nbsp;in\u0161pir\u00e1cie pre z\u00fa\u010dastnen\u00fdch.&nbsp; Ciele konferencie: diskutova\u0165 o pr\u00ednosoch efekt\u00edvnych polit\u00edk vzdel\u00e1vania dospel\u00fdch a d\u00f4sledkoch ich absencie na Slovensku [&hellip;]","og_url":"https:\/\/archiv.siov.sk\/en\/prezentacie-z-konferencie-epale-2021\/","og_site_name":"\u0160IOV - \u0161t\u00e1tny in\u0161tit\u00fat odborn\u00e9ho vzdel\u00e1vania","article_publisher":"https:\/\/www.facebook.com\/Statnyinstitutodbornehovzdelavania","article_published_time":"2021-03-10T11:33:04+00:00","article_modified_time":"2021-03-10T11:33:57+00:00","og_image":[{"width":220,"height":271,"url":"https:\/\/archiv.siov.sk\/wp-content\/uploads\/2019\/11\/Logo-EPALE_NEW-e1573205209923.png","type":"image\/png"}],"author":"Katar\u00edna Kov\u00e1\u010dov\u00e1","twitter_card":"summary_large_image","twitter_misc":{"Written by":"Katar\u00edna Kov\u00e1\u010dov\u00e1","Estimated reading time":"2 minutes"},"schema":{"@context":"https:\/\/schema.org","@graph":[{"@type":"Article","@id":"https:\/\/archiv.siov.sk\/prezentacie-z-konferencie-epale-2021\/#article","isPartOf":{"@id":"https:\/\/archiv.siov.sk\/prezentacie-z-konferencie-epale-2021\/"},"author":{"name":"Katar\u00edna Kov\u00e1\u010dov\u00e1","@id":"https:\/\/archiv.siov.sk\/#\/schema\/person\/e42d633fbd958c6a726e8834d8965e6c"},"headline":"Prezent\u00e1cie z Konferencie EPALE 2021","datePublished":"2021-03-10T11:33:04+00:00","dateModified":"2021-03-10T11:33:57+00:00","mainEntityOfPage":{"@id":"https:\/\/archiv.siov.sk\/prezentacie-z-konferencie-epale-2021\/"},"wordCount":368,"publisher":{"@id":"https:\/\/archiv.siov.sk\/#organization"},"image":{"@id":"https:\/\/archiv.siov.sk\/prezentacie-z-konferencie-epale-2021\/#primaryimage"},"thumbnailUrl":"https:\/\/archiv.siov.sk\/wp-content\/uploads\/2019\/11\/Logo-EPALE_NEW-e1573205209923.png","articleSection":["Aktuality","Aktuality v \u010dase koronav\u00edrusu"],"inLanguage":"en-GB"},{"@type":"WebPage","@id":"https:\/\/archiv.siov.sk\/prezentacie-z-konferencie-epale-2021\/","url":"https:\/\/archiv.siov.sk\/prezentacie-z-konferencie-epale-2021\/","name":"Prezent\u00e1cie z Konferencie EPALE 2021 - \u0160IOV - \u0161t\u00e1tny in\u0161tit\u00fat odborn\u00e9ho vzdel\u00e1vania","isPartOf":{"@id":"https:\/\/archiv.siov.sk\/#website"},"primaryImageOfPage":{"@id":"https:\/\/archiv.siov.sk\/prezentacie-z-konferencie-epale-2021\/#primaryimage"},"image":{"@id":"https:\/\/archiv.siov.sk\/prezentacie-z-konferencie-epale-2021\/#primaryimage"},"thumbnailUrl":"https:\/\/archiv.siov.sk\/wp-content\/uploads\/2019\/11\/Logo-EPALE_NEW-e1573205209923.png","datePublished":"2021-03-10T11:33:04+00:00","dateModified":"2021-03-10T11:33:57+00:00","breadcrumb":{"@id":"https:\/\/archiv.siov.sk\/prezentacie-z-konferencie-epale-2021\/#breadcrumb"},"inLanguage":"en-GB","potentialAction":[{"@type":"ReadAction","target":["https:\/\/archiv.siov.sk\/prezentacie-z-konferencie-epale-2021\/"]}]},{"@type":"ImageObject","inLanguage":"en-GB","@id":"https:\/\/archiv.siov.sk\/prezentacie-z-konferencie-epale-2021\/#primaryimage","url":"https:\/\/archiv.siov.sk\/wp-content\/uploads\/2019\/11\/Logo-EPALE_NEW-e1573205209923.png","contentUrl":"https:\/\/archiv.siov.sk\/wp-content\/uploads\/2019\/11\/Logo-EPALE_NEW-e1573205209923.png","width":220,"height":271},{"@type":"BreadcrumbList","@id":"https:\/\/archiv.siov.sk\/prezentacie-z-konferencie-epale-2021\/#breadcrumb","itemListElement":[{"@type":"ListItem","position":1,"name":"Home","item":"https:\/\/archiv.siov.sk\/"},{"@type":"ListItem","position":2,"name":"Prezent\u00e1cie z Konferencie EPALE 2021"}]},{"@type":"WebSite","@id":"https:\/\/archiv.siov.sk\/#website","url":"https:\/\/archiv.siov.sk\/","name":"\u0160IOV - \u0161t\u00e1tny in\u0161tit\u00fat odborn\u00e9ho vzdel\u00e1vania","description":"","publisher":{"@id":"https:\/\/archiv.siov.sk\/#organization"},"potentialAction":[{"@type":"SearchAction","target":{"@type":"EntryPoint","urlTemplate":"https:\/\/archiv.siov.sk\/?s={search_term_string}"},"query-input":{"@type":"PropertyValueSpecification","valueRequired":true,"valueName":"search_term_string"}}],"inLanguage":"en-GB"},{"@type":"Organization","@id":"https:\/\/archiv.siov.sk\/#organization","name":"\u0160IOV - \u0161t\u00e1tny in\u0161tit\u00fat odborn\u00e9ho vzdel\u00e1vania","url":"https:\/\/archiv.siov.sk\/","logo":{"@type":"ImageObject","inLanguage":"en-GB","@id":"https:\/\/archiv.siov.sk\/#\/schema\/logo\/image\/","url":"https:\/\/archiv.siov.sk\/wp-content\/uploads\/2024\/02\/logo-SIOV.png","contentUrl":"https:\/\/archiv.siov.sk\/wp-content\/uploads\/2024\/02\/logo-SIOV.png","width":431,"height":143,"caption":"\u0160IOV - \u0161t\u00e1tny in\u0161tit\u00fat odborn\u00e9ho vzdel\u00e1vania"},"image":{"@id":"https:\/\/archiv.siov.sk\/#\/schema\/logo\/image\/"},"sameAs":["https:\/\/www.facebook.com\/Statnyinstitutodbornehovzdelavania"]},{"@type":"Person","@id":"https:\/\/archiv.siov.sk\/#\/schema\/person\/e42d633fbd958c6a726e8834d8965e6c","name":"Katar\u00edna Kov\u00e1\u010dov\u00e1","url":"https:\/\/archiv.siov.sk\/en\/author\/katkakovacova\/"}]}},"_links":{"self":[{"href":"https:\/\/archiv.siov.sk\/en\/wp-json\/wp\/v2\/posts\/7369","targetHints":{"allow":["GET"]}}],"collection":[{"href":"https:\/\/archiv.siov.sk\/en\/wp-json\/wp\/v2\/posts"}],"about":[{"href":"https:\/\/archiv.siov.sk\/en\/wp-json\/wp\/v2\/types\/post"}],"author":[{"embeddable":true,"href":"https:\/\/archiv.siov.sk\/en\/wp-json\/wp\/v2\/users\/6"}],"replies":[{"embeddable":true,"href":"https:\/\/archiv.siov.sk\/en\/wp-json\/wp\/v2\/comments?post=7369"}],"version-history":[{"count":1,"href":"https:\/\/archiv.siov.sk\/en\/wp-json\/wp\/v2\/posts\/7369\/revisions"}],"predecessor-version":[{"id":7372,"href":"https:\/\/archiv.siov.sk\/en\/wp-json\/wp\/v2\/posts\/7369\/revisions\/7372"}],"wp:featuredmedia":[{"embeddable":true,"href":"https:\/\/archiv.siov.sk\/en\/wp-json\/wp\/v2\/media\/4566"}],"wp:attachment":[{"href":"https:\/\/archiv.siov.sk\/en\/wp-json\/wp\/v2\/media?parent=7369"}],"wp:term":[{"taxonomy":"category","embeddable":true,"href":"https:\/\/archiv.siov.sk\/en\/wp-json\/wp\/v2\/categories?post=7369"},{"taxonomy":"post_tag","embeddable":true,"href":"https:\/\/archiv.siov.sk\/en\/wp-json\/wp\/v2\/tags?post=7369"}],"curies":[{"name":"wp","href":"https:\/\/api.w.org\/{rel}","templated":true}]}}