{"id":7349,"date":"2021-03-09T08:48:37","date_gmt":"2021-03-09T07:48:37","guid":{"rendered":"https:\/\/archiv.siov.sk\/?p=7349"},"modified":"2021-03-09T08:48:37","modified_gmt":"2021-03-09T07:48:37","slug":"konferencia-na-vysokej-urovni-o-kvalite-a-efektivnosti-ucnovskej-pripravy-a-medzinarodnych-pracovnych-normach-pre-ucnovsku-pripravu","status":"publish","type":"post","link":"https:\/\/archiv.siov.sk\/en\/konferencia-na-vysokej-urovni-o-kvalite-a-efektivnosti-ucnovskej-pripravy-a-medzinarodnych-pracovnych-normach-pre-ucnovsku-pripravu\/","title":{"rendered":"Konferencia na vysokej \u00farovni o kvalite a efekt\u00edvnosti u\u010d\u0148ovskej pr\u00edpravy a medzin\u00e1rodn\u00fdch pracovn\u00fdch norm\u00e1ch pre u\u010d\u0148ovsk\u00fa pr\u00edpravu"},"content":{"rendered":"<p>Eur\u00f3pska aliancia pre u\u010d\u0148ovsk\u00fa pr\u00edpravu (EAfA), Eur\u00f3pska komisia a Medzin\u00e1rodn\u00e1 organiz\u00e1cia pr\u00e1ce (ILO) organizuj\u00fa <strong>15. a 16. marca 2021<\/strong> od 10:30 do 13:00 online konferenciu na vysokej \u00farovni o kvalite a efekt\u00edvnosti u\u010d\u0148ovskej pr\u00edpravy (EU) a medzin\u00e1rodn\u00fdch pracovn\u00fdch norm\u00e1ch pre u\u010d\u0148ovsk\u00fa pr\u00edpravu (ILO)..<\/p>\n<p>&nbsp;Podujatie zhodnot\u00ed pr\u00e1cu, ktor\u00fa vykonali E\u00da a&nbsp;ILO pri stanovovan\u00ed \u0161tandardov kvality pre u\u010d\u0148ovsk\u00fa pr\u00edpravu. Presk\u00fama n\u00e1rodn\u00e9 reformy u\u010d\u0148ovskej pr\u00edpravy, ktor\u00e9 sa vykonali s cie\u013eom zabezpe\u010di\u0165 kvalitn\u00e9 a efekt\u00edvne u\u010d\u0148ovsk\u00e9 vzdel\u00e1vanie v prospech u\u010diacich sa aj&nbsp; zamestn\u00e1vate\u013eov.<\/p>\n<p>Hlavn\u00e9 pr\u00edspevky prednes\u00fa eur\u00f3psky komis\u00e1r pre pracovn\u00e9 miesta a soci\u00e1lne pr\u00e1va Nicolas Schmit a gener\u00e1lny riadite\u013e ILO Guy Rydera. Konferencie sa z\u00fa\u010dastnia aj \u010fal\u0161\u00ed v\u00fdznamn\u00ed re\u010dn\u00edci z Eur\u00f3pskej komisie, ILO, Eur\u00f3pskej nad\u00e1cie pre odborn\u00e9 vzdel\u00e1vanie (Cedefop), UNESCO, Eur\u00f3pskej konfeder\u00e1cie odborov\u00fdch zv\u00e4zov, BusinessEurope, SMEunited, Medzin\u00e1rodnej organiz\u00e1cie zamestn\u00e1vate\u013eov, Medzin\u00e1rodnej konfeder\u00e1cie odborov\u00fdch zv\u00e4zov, Eur\u00f3pskej siete pre u\u010d\u0148ovsk\u00fa pr\u00edpravu, n\u00e1rodn\u00fdch vl\u00e1d a in\u0161tit\u00faci\u00ed z Eur\u00f3py, \u00c1zie a Afriky vr\u00e1tane Indie, Ju\u017enej Afriky, Tanz\u00e1nie, Fl\u00e1mska, Gr\u00e9cka, \u010c\u00edny.<\/p>\n<p>Na podujatie je mo\u017en\u00e9 zaregistrova\u0165 sa <strong><a href=\"https:\/\/ecorys-events.events.idloom.com\/joint-eafa-ilo-high-level-conference\/register\" target=\"_blank\" rel=\"noopener\">TU<\/a><\/strong>.<\/p>\n<p><strong>Program podujatia<\/strong><\/p>\n<p><a href=\"https:\/\/ecorys-events.events.idloom.com\/joint-eafa-ilo-high-level-conference\/pages\/programme\" target=\"_blank\" rel=\"noopener\"><img fetchpriority=\"high\" decoding=\"async\" class=\"aligncenter wp-image-7350 size-medium\" src=\"https:\/\/archiv.siov.sk\/wp-content\/uploads\/2021\/03\/Program-podujatia-15.marec_-274x300.png\" alt=\"\" width=\"274\" height=\"300\" srcset=\"https:\/\/archiv.siov.sk\/wp-content\/uploads\/2021\/03\/Program-podujatia-15.marec_-274x300.png 274w, https:\/\/archiv.siov.sk\/wp-content\/uploads\/2021\/03\/Program-podujatia-15.marec_-480x526.png 480w, https:\/\/archiv.siov.sk\/wp-content\/uploads\/2021\/03\/Program-podujatia-15.marec_.png 677w\" sizes=\"(max-width: 274px) 100vw, 274px\" \/><\/a><\/p>","protected":false},"excerpt":{"rendered":"<p>Eur\u00f3pska aliancia pre u\u010d\u0148ovsk\u00fa pr\u00edpravu (EAfA), Eur\u00f3pska komisia a Medzin\u00e1rodn\u00e1 organiz\u00e1cia pr\u00e1ce (ILO) organizuj\u00fa 15. a 16. marca 2021 od 10:30 do 13:00 online konferenciu na vysokej \u00farovni o kvalite a efekt\u00edvnosti u\u010d\u0148ovskej pr\u00edpravy (EU) a medzin\u00e1rodn\u00fdch pracovn\u00fdch norm\u00e1ch pre u\u010d\u0148ovsk\u00fa pr\u00edpravu (ILO).. &nbsp;Podujatie zhodnot\u00ed pr\u00e1cu, ktor\u00fa vykonali E\u00da a&nbsp;ILO pri stanovovan\u00ed \u0161tandardov kvality pre [&hellip;]<\/p>\n","protected":false},"author":4,"featured_media":7351,"comment_status":"closed","ping_status":"closed","sticky":false,"template":"","format":"standard","meta":{"site-sidebar-layout":"default","site-content-layout":"","ast-site-content-layout":"default","site-content-style":"default","site-sidebar-style":"default","ast-global-header-display":"","ast-banner-title-visibility":"","ast-main-header-display":"","ast-hfb-above-header-display":"","ast-hfb-below-header-display":"","ast-hfb-mobile-header-display":"","site-post-title":"","ast-breadcrumbs-content":"","ast-featured-img":"","footer-sml-layout":"","ast-disable-related-posts":"","theme-transparent-header-meta":"","adv-header-id-meta":"","stick-header-meta":"","header-above-stick-meta":"","header-main-stick-meta":"","header-below-stick-meta":"","astra-migrate-meta-layouts":"default","ast-page-background-enabled":"default","ast-page-background-meta":{"desktop":{"background-color":"var(--ast-global-color-4)","background-image":"","background-repeat":"repeat","background-position":"center center","background-size":"auto","background-attachment":"scroll","background-type":"","background-media":"","overlay-type":"","overlay-color":"","overlay-opacity":"","overlay-gradient":""},"tablet":{"background-color":"","background-image":"","background-repeat":"repeat","background-position":"center center","background-size":"auto","background-attachment":"scroll","background-type":"","background-media":"","overlay-type":"","overlay-color":"","overlay-opacity":"","overlay-gradient":""},"mobile":{"background-color":"","background-image":"","background-repeat":"repeat","background-position":"center center","background-size":"auto","background-attachment":"scroll","background-type":"","background-media":"","overlay-type":"","overlay-color":"","overlay-opacity":"","overlay-gradient":""}},"ast-content-background-meta":{"desktop":{"background-color":"var(--ast-global-color-5)","background-image":"","background-repeat":"repeat","background-position":"center center","background-size":"auto","background-attachment":"scroll","background-type":"","background-media":"","overlay-type":"","overlay-color":"","overlay-opacity":"","overlay-gradient":""},"tablet":{"background-color":"var(--ast-global-color-5)","background-image":"","background-repeat":"repeat","background-position":"center center","background-size":"auto","background-attachment":"scroll","background-type":"","background-media":"","overlay-type":"","overlay-color":"","overlay-opacity":"","overlay-gradient":""},"mobile":{"background-color":"var(--ast-global-color-5)","background-image":"","background-repeat":"repeat","background-position":"center center","background-size":"auto","background-attachment":"scroll","background-type":"","background-media":"","overlay-type":"","overlay-color":"","overlay-opacity":"","overlay-gradient":""}},"footnotes":""},"categories":[1,9],"tags":[],"class_list":["post-7349","post","type-post","status-publish","format-standard","has-post-thumbnail","hentry","category-aktuality","category-aktuality-v-case-koronavirusu"],"yoast_head":"<!-- This site is optimized with the Yoast SEO plugin v27.5 - https:\/\/yoast.com\/product\/yoast-seo-wordpress\/ -->\n<title>Konferencia na vysokej \u00farovni o kvalite a efekt\u00edvnosti u\u010d\u0148ovskej pr\u00edpravy a medzin\u00e1rodn\u00fdch pracovn\u00fdch norm\u00e1ch pre u\u010d\u0148ovsk\u00fa pr\u00edpravu - \u0160IOV - \u0161t\u00e1tny in\u0161tit\u00fat odborn\u00e9ho vzdel\u00e1vania<\/title>\n<meta name=\"robots\" content=\"index, follow, max-snippet:-1, max-image-preview:large, max-video-preview:-1\" \/>\n<link rel=\"canonical\" href=\"https:\/\/archiv.siov.sk\/en\/konferencia-na-vysokej-urovni-o-kvalite-a-efektivnosti-ucnovskej-pripravy-a-medzinarodnych-pracovnych-normach-pre-ucnovsku-pripravu\/\" \/>\n<meta property=\"og:locale\" content=\"en_GB\" \/>\n<meta property=\"og:type\" content=\"article\" \/>\n<meta property=\"og:title\" content=\"Konferencia na vysokej \u00farovni o kvalite a efekt\u00edvnosti u\u010d\u0148ovskej pr\u00edpravy a medzin\u00e1rodn\u00fdch pracovn\u00fdch norm\u00e1ch pre u\u010d\u0148ovsk\u00fa pr\u00edpravu - \u0160IOV - \u0161t\u00e1tny in\u0161tit\u00fat odborn\u00e9ho vzdel\u00e1vania\" \/>\n<meta property=\"og:description\" content=\"Eur\u00f3pska aliancia pre u\u010d\u0148ovsk\u00fa pr\u00edpravu (EAfA), Eur\u00f3pska komisia a Medzin\u00e1rodn\u00e1 organiz\u00e1cia pr\u00e1ce (ILO) organizuj\u00fa 15. a 16. marca 2021 od 10:30 do 13:00 online konferenciu na vysokej \u00farovni o kvalite a efekt\u00edvnosti u\u010d\u0148ovskej pr\u00edpravy (EU) a medzin\u00e1rodn\u00fdch pracovn\u00fdch norm\u00e1ch pre u\u010d\u0148ovsk\u00fa pr\u00edpravu (ILO).. &nbsp;Podujatie zhodnot\u00ed pr\u00e1cu, ktor\u00fa vykonali E\u00da a&nbsp;ILO pri stanovovan\u00ed \u0161tandardov kvality pre [&hellip;]\" \/>\n<meta property=\"og:url\" content=\"https:\/\/archiv.siov.sk\/en\/konferencia-na-vysokej-urovni-o-kvalite-a-efektivnosti-ucnovskej-pripravy-a-medzinarodnych-pracovnych-normach-pre-ucnovsku-pripravu\/\" \/>\n<meta property=\"og:site_name\" content=\"\u0160IOV - \u0161t\u00e1tny in\u0161tit\u00fat odborn\u00e9ho vzdel\u00e1vania\" \/>\n<meta property=\"article:publisher\" content=\"https:\/\/www.facebook.com\/Statnyinstitutodbornehovzdelavania\" \/>\n<meta property=\"article:published_time\" content=\"2021-03-09T07:48:37+00:00\" \/>\n<meta property=\"og:image\" content=\"https:\/\/archiv.siov.sk\/wp-content\/uploads\/2021\/03\/pages_60366ec96bbeasiov-e1618563738651.jpg\" \/>\n\t<meta property=\"og:image:width\" content=\"500\" \/>\n\t<meta property=\"og:image:height\" content=\"63\" \/>\n\t<meta property=\"og:image:type\" content=\"image\/jpeg\" \/>\n<meta name=\"author\" content=\"Tom\u00e1\u0161 Rus\u0148\u00e1k\" \/>\n<meta name=\"twitter:card\" content=\"summary_large_image\" \/>\n<meta name=\"twitter:label1\" content=\"Written by\" \/>\n\t<meta name=\"twitter:data1\" content=\"Tom\u00e1\u0161 Rus\u0148\u00e1k\" \/>\n\t<meta name=\"twitter:label2\" content=\"Estimated reading time\" \/>\n\t<meta name=\"twitter:data2\" content=\"1 minute\" \/>\n<script type=\"application\/ld+json\" class=\"yoast-schema-graph\">{\"@context\":\"https:\\\/\\\/schema.org\",\"@graph\":[{\"@type\":\"Article\",\"@id\":\"https:\\\/\\\/archiv.siov.sk\\\/konferencia-na-vysokej-urovni-o-kvalite-a-efektivnosti-ucnovskej-pripravy-a-medzinarodnych-pracovnych-normach-pre-ucnovsku-pripravu\\\/#article\",\"isPartOf\":{\"@id\":\"https:\\\/\\\/archiv.siov.sk\\\/konferencia-na-vysokej-urovni-o-kvalite-a-efektivnosti-ucnovskej-pripravy-a-medzinarodnych-pracovnych-normach-pre-ucnovsku-pripravu\\\/\"},\"author\":{\"name\":\"Tom\u00e1\u0161 Rus\u0148\u00e1k\",\"@id\":\"https:\\\/\\\/archiv.siov.sk\\\/#\\\/schema\\\/person\\\/cd5e238f461d845b603811e5c041307d\"},\"headline\":\"Konferencia na vysokej \u00farovni o kvalite a efekt\u00edvnosti u\u010d\u0148ovskej pr\u00edpravy a medzin\u00e1rodn\u00fdch pracovn\u00fdch norm\u00e1ch pre u\u010d\u0148ovsk\u00fa pr\u00edpravu\",\"datePublished\":\"2021-03-09T07:48:37+00:00\",\"mainEntityOfPage\":{\"@id\":\"https:\\\/\\\/archiv.siov.sk\\\/konferencia-na-vysokej-urovni-o-kvalite-a-efektivnosti-ucnovskej-pripravy-a-medzinarodnych-pracovnych-normach-pre-ucnovsku-pripravu\\\/\"},\"wordCount\":257,\"publisher\":{\"@id\":\"https:\\\/\\\/archiv.siov.sk\\\/#organization\"},\"image\":{\"@id\":\"https:\\\/\\\/archiv.siov.sk\\\/konferencia-na-vysokej-urovni-o-kvalite-a-efektivnosti-ucnovskej-pripravy-a-medzinarodnych-pracovnych-normach-pre-ucnovsku-pripravu\\\/#primaryimage\"},\"thumbnailUrl\":\"https:\\\/\\\/archiv.siov.sk\\\/wp-content\\\/uploads\\\/2021\\\/03\\\/pages_60366ec96bbeasiov-e1618563738651.jpg\",\"articleSection\":[\"Aktuality\",\"Aktuality v \u010dase koronav\u00edrusu\"],\"inLanguage\":\"en-GB\"},{\"@type\":\"WebPage\",\"@id\":\"https:\\\/\\\/archiv.siov.sk\\\/konferencia-na-vysokej-urovni-o-kvalite-a-efektivnosti-ucnovskej-pripravy-a-medzinarodnych-pracovnych-normach-pre-ucnovsku-pripravu\\\/\",\"url\":\"https:\\\/\\\/archiv.siov.sk\\\/konferencia-na-vysokej-urovni-o-kvalite-a-efektivnosti-ucnovskej-pripravy-a-medzinarodnych-pracovnych-normach-pre-ucnovsku-pripravu\\\/\",\"name\":\"Konferencia na vysokej \u00farovni o kvalite a efekt\u00edvnosti u\u010d\u0148ovskej pr\u00edpravy a medzin\u00e1rodn\u00fdch pracovn\u00fdch norm\u00e1ch pre u\u010d\u0148ovsk\u00fa pr\u00edpravu - \u0160IOV - \u0161t\u00e1tny in\u0161tit\u00fat odborn\u00e9ho vzdel\u00e1vania\",\"isPartOf\":{\"@id\":\"https:\\\/\\\/archiv.siov.sk\\\/#website\"},\"primaryImageOfPage\":{\"@id\":\"https:\\\/\\\/archiv.siov.sk\\\/konferencia-na-vysokej-urovni-o-kvalite-a-efektivnosti-ucnovskej-pripravy-a-medzinarodnych-pracovnych-normach-pre-ucnovsku-pripravu\\\/#primaryimage\"},\"image\":{\"@id\":\"https:\\\/\\\/archiv.siov.sk\\\/konferencia-na-vysokej-urovni-o-kvalite-a-efektivnosti-ucnovskej-pripravy-a-medzinarodnych-pracovnych-normach-pre-ucnovsku-pripravu\\\/#primaryimage\"},\"thumbnailUrl\":\"https:\\\/\\\/archiv.siov.sk\\\/wp-content\\\/uploads\\\/2021\\\/03\\\/pages_60366ec96bbeasiov-e1618563738651.jpg\",\"datePublished\":\"2021-03-09T07:48:37+00:00\",\"breadcrumb\":{\"@id\":\"https:\\\/\\\/archiv.siov.sk\\\/konferencia-na-vysokej-urovni-o-kvalite-a-efektivnosti-ucnovskej-pripravy-a-medzinarodnych-pracovnych-normach-pre-ucnovsku-pripravu\\\/#breadcrumb\"},\"inLanguage\":\"en-GB\",\"potentialAction\":[{\"@type\":\"ReadAction\",\"target\":[\"https:\\\/\\\/archiv.siov.sk\\\/konferencia-na-vysokej-urovni-o-kvalite-a-efektivnosti-ucnovskej-pripravy-a-medzinarodnych-pracovnych-normach-pre-ucnovsku-pripravu\\\/\"]}]},{\"@type\":\"ImageObject\",\"inLanguage\":\"en-GB\",\"@id\":\"https:\\\/\\\/archiv.siov.sk\\\/konferencia-na-vysokej-urovni-o-kvalite-a-efektivnosti-ucnovskej-pripravy-a-medzinarodnych-pracovnych-normach-pre-ucnovsku-pripravu\\\/#primaryimage\",\"url\":\"https:\\\/\\\/archiv.siov.sk\\\/wp-content\\\/uploads\\\/2021\\\/03\\\/pages_60366ec96bbeasiov-e1618563738651.jpg\",\"contentUrl\":\"https:\\\/\\\/archiv.siov.sk\\\/wp-content\\\/uploads\\\/2021\\\/03\\\/pages_60366ec96bbeasiov-e1618563738651.jpg\",\"width\":500,\"height\":63},{\"@type\":\"BreadcrumbList\",\"@id\":\"https:\\\/\\\/archiv.siov.sk\\\/konferencia-na-vysokej-urovni-o-kvalite-a-efektivnosti-ucnovskej-pripravy-a-medzinarodnych-pracovnych-normach-pre-ucnovsku-pripravu\\\/#breadcrumb\",\"itemListElement\":[{\"@type\":\"ListItem\",\"position\":1,\"name\":\"Home\",\"item\":\"https:\\\/\\\/archiv.siov.sk\\\/\"},{\"@type\":\"ListItem\",\"position\":2,\"name\":\"Konferencia na vysokej \u00farovni o kvalite a efekt\u00edvnosti u\u010d\u0148ovskej pr\u00edpravy a medzin\u00e1rodn\u00fdch pracovn\u00fdch norm\u00e1ch pre u\u010d\u0148ovsk\u00fa pr\u00edpravu\"}]},{\"@type\":\"WebSite\",\"@id\":\"https:\\\/\\\/archiv.siov.sk\\\/#website\",\"url\":\"https:\\\/\\\/archiv.siov.sk\\\/\",\"name\":\"\u0160IOV - \u0161t\u00e1tny in\u0161tit\u00fat odborn\u00e9ho vzdel\u00e1vania\",\"description\":\"\",\"publisher\":{\"@id\":\"https:\\\/\\\/archiv.siov.sk\\\/#organization\"},\"potentialAction\":[{\"@type\":\"SearchAction\",\"target\":{\"@type\":\"EntryPoint\",\"urlTemplate\":\"https:\\\/\\\/archiv.siov.sk\\\/?s={search_term_string}\"},\"query-input\":{\"@type\":\"PropertyValueSpecification\",\"valueRequired\":true,\"valueName\":\"search_term_string\"}}],\"inLanguage\":\"en-GB\"},{\"@type\":\"Organization\",\"@id\":\"https:\\\/\\\/archiv.siov.sk\\\/#organization\",\"name\":\"\u0160IOV - \u0161t\u00e1tny in\u0161tit\u00fat odborn\u00e9ho vzdel\u00e1vania\",\"url\":\"https:\\\/\\\/archiv.siov.sk\\\/\",\"logo\":{\"@type\":\"ImageObject\",\"inLanguage\":\"en-GB\",\"@id\":\"https:\\\/\\\/archiv.siov.sk\\\/#\\\/schema\\\/logo\\\/image\\\/\",\"url\":\"https:\\\/\\\/archiv.siov.sk\\\/wp-content\\\/uploads\\\/2024\\\/02\\\/logo-SIOV.png\",\"contentUrl\":\"https:\\\/\\\/archiv.siov.sk\\\/wp-content\\\/uploads\\\/2024\\\/02\\\/logo-SIOV.png\",\"width\":431,\"height\":143,\"caption\":\"\u0160IOV - \u0161t\u00e1tny in\u0161tit\u00fat odborn\u00e9ho vzdel\u00e1vania\"},\"image\":{\"@id\":\"https:\\\/\\\/archiv.siov.sk\\\/#\\\/schema\\\/logo\\\/image\\\/\"},\"sameAs\":[\"https:\\\/\\\/www.facebook.com\\\/Statnyinstitutodbornehovzdelavania\"]},{\"@type\":\"Person\",\"@id\":\"https:\\\/\\\/archiv.siov.sk\\\/#\\\/schema\\\/person\\\/cd5e238f461d845b603811e5c041307d\",\"name\":\"Tom\u00e1\u0161 Rus\u0148\u00e1k\",\"url\":\"https:\\\/\\\/archiv.siov.sk\\\/en\\\/author\\\/adminsiov\\\/\"}]}<\/script>\n<!-- \/ Yoast SEO plugin. -->","yoast_head_json":{"title":"Konferencia na vysokej \u00farovni o kvalite a efekt\u00edvnosti u\u010d\u0148ovskej pr\u00edpravy a medzin\u00e1rodn\u00fdch pracovn\u00fdch norm\u00e1ch pre u\u010d\u0148ovsk\u00fa pr\u00edpravu - \u0160IOV - \u0161t\u00e1tny in\u0161tit\u00fat odborn\u00e9ho vzdel\u00e1vania","robots":{"index":"index","follow":"follow","max-snippet":"max-snippet:-1","max-image-preview":"max-image-preview:large","max-video-preview":"max-video-preview:-1"},"canonical":"https:\/\/archiv.siov.sk\/en\/konferencia-na-vysokej-urovni-o-kvalite-a-efektivnosti-ucnovskej-pripravy-a-medzinarodnych-pracovnych-normach-pre-ucnovsku-pripravu\/","og_locale":"en_GB","og_type":"article","og_title":"Konferencia na vysokej \u00farovni o kvalite a efekt\u00edvnosti u\u010d\u0148ovskej pr\u00edpravy a medzin\u00e1rodn\u00fdch pracovn\u00fdch norm\u00e1ch pre u\u010d\u0148ovsk\u00fa pr\u00edpravu - \u0160IOV - \u0161t\u00e1tny in\u0161tit\u00fat odborn\u00e9ho vzdel\u00e1vania","og_description":"Eur\u00f3pska aliancia pre u\u010d\u0148ovsk\u00fa pr\u00edpravu (EAfA), Eur\u00f3pska komisia a Medzin\u00e1rodn\u00e1 organiz\u00e1cia pr\u00e1ce (ILO) organizuj\u00fa 15. a 16. marca 2021 od 10:30 do 13:00 online konferenciu na vysokej \u00farovni o kvalite a efekt\u00edvnosti u\u010d\u0148ovskej pr\u00edpravy (EU) a medzin\u00e1rodn\u00fdch pracovn\u00fdch norm\u00e1ch pre u\u010d\u0148ovsk\u00fa pr\u00edpravu (ILO).. &nbsp;Podujatie zhodnot\u00ed pr\u00e1cu, ktor\u00fa vykonali E\u00da a&nbsp;ILO pri stanovovan\u00ed \u0161tandardov kvality pre [&hellip;]","og_url":"https:\/\/archiv.siov.sk\/en\/konferencia-na-vysokej-urovni-o-kvalite-a-efektivnosti-ucnovskej-pripravy-a-medzinarodnych-pracovnych-normach-pre-ucnovsku-pripravu\/","og_site_name":"\u0160IOV - \u0161t\u00e1tny in\u0161tit\u00fat odborn\u00e9ho vzdel\u00e1vania","article_publisher":"https:\/\/www.facebook.com\/Statnyinstitutodbornehovzdelavania","article_published_time":"2021-03-09T07:48:37+00:00","og_image":[{"width":500,"height":63,"url":"https:\/\/archiv.siov.sk\/wp-content\/uploads\/2021\/03\/pages_60366ec96bbeasiov-e1618563738651.jpg","type":"image\/jpeg"}],"author":"Tom\u00e1\u0161 Rus\u0148\u00e1k","twitter_card":"summary_large_image","twitter_misc":{"Written by":"Tom\u00e1\u0161 Rus\u0148\u00e1k","Estimated reading time":"1 minute"},"schema":{"@context":"https:\/\/schema.org","@graph":[{"@type":"Article","@id":"https:\/\/archiv.siov.sk\/konferencia-na-vysokej-urovni-o-kvalite-a-efektivnosti-ucnovskej-pripravy-a-medzinarodnych-pracovnych-normach-pre-ucnovsku-pripravu\/#article","isPartOf":{"@id":"https:\/\/archiv.siov.sk\/konferencia-na-vysokej-urovni-o-kvalite-a-efektivnosti-ucnovskej-pripravy-a-medzinarodnych-pracovnych-normach-pre-ucnovsku-pripravu\/"},"author":{"name":"Tom\u00e1\u0161 Rus\u0148\u00e1k","@id":"https:\/\/archiv.siov.sk\/#\/schema\/person\/cd5e238f461d845b603811e5c041307d"},"headline":"Konferencia na vysokej \u00farovni o kvalite a efekt\u00edvnosti u\u010d\u0148ovskej pr\u00edpravy a medzin\u00e1rodn\u00fdch pracovn\u00fdch norm\u00e1ch pre u\u010d\u0148ovsk\u00fa pr\u00edpravu","datePublished":"2021-03-09T07:48:37+00:00","mainEntityOfPage":{"@id":"https:\/\/archiv.siov.sk\/konferencia-na-vysokej-urovni-o-kvalite-a-efektivnosti-ucnovskej-pripravy-a-medzinarodnych-pracovnych-normach-pre-ucnovsku-pripravu\/"},"wordCount":257,"publisher":{"@id":"https:\/\/archiv.siov.sk\/#organization"},"image":{"@id":"https:\/\/archiv.siov.sk\/konferencia-na-vysokej-urovni-o-kvalite-a-efektivnosti-ucnovskej-pripravy-a-medzinarodnych-pracovnych-normach-pre-ucnovsku-pripravu\/#primaryimage"},"thumbnailUrl":"https:\/\/archiv.siov.sk\/wp-content\/uploads\/2021\/03\/pages_60366ec96bbeasiov-e1618563738651.jpg","articleSection":["Aktuality","Aktuality v \u010dase koronav\u00edrusu"],"inLanguage":"en-GB"},{"@type":"WebPage","@id":"https:\/\/archiv.siov.sk\/konferencia-na-vysokej-urovni-o-kvalite-a-efektivnosti-ucnovskej-pripravy-a-medzinarodnych-pracovnych-normach-pre-ucnovsku-pripravu\/","url":"https:\/\/archiv.siov.sk\/konferencia-na-vysokej-urovni-o-kvalite-a-efektivnosti-ucnovskej-pripravy-a-medzinarodnych-pracovnych-normach-pre-ucnovsku-pripravu\/","name":"Konferencia na vysokej \u00farovni o kvalite a efekt\u00edvnosti u\u010d\u0148ovskej pr\u00edpravy a medzin\u00e1rodn\u00fdch pracovn\u00fdch norm\u00e1ch pre u\u010d\u0148ovsk\u00fa pr\u00edpravu - \u0160IOV - \u0161t\u00e1tny in\u0161tit\u00fat odborn\u00e9ho vzdel\u00e1vania","isPartOf":{"@id":"https:\/\/archiv.siov.sk\/#website"},"primaryImageOfPage":{"@id":"https:\/\/archiv.siov.sk\/konferencia-na-vysokej-urovni-o-kvalite-a-efektivnosti-ucnovskej-pripravy-a-medzinarodnych-pracovnych-normach-pre-ucnovsku-pripravu\/#primaryimage"},"image":{"@id":"https:\/\/archiv.siov.sk\/konferencia-na-vysokej-urovni-o-kvalite-a-efektivnosti-ucnovskej-pripravy-a-medzinarodnych-pracovnych-normach-pre-ucnovsku-pripravu\/#primaryimage"},"thumbnailUrl":"https:\/\/archiv.siov.sk\/wp-content\/uploads\/2021\/03\/pages_60366ec96bbeasiov-e1618563738651.jpg","datePublished":"2021-03-09T07:48:37+00:00","breadcrumb":{"@id":"https:\/\/archiv.siov.sk\/konferencia-na-vysokej-urovni-o-kvalite-a-efektivnosti-ucnovskej-pripravy-a-medzinarodnych-pracovnych-normach-pre-ucnovsku-pripravu\/#breadcrumb"},"inLanguage":"en-GB","potentialAction":[{"@type":"ReadAction","target":["https:\/\/archiv.siov.sk\/konferencia-na-vysokej-urovni-o-kvalite-a-efektivnosti-ucnovskej-pripravy-a-medzinarodnych-pracovnych-normach-pre-ucnovsku-pripravu\/"]}]},{"@type":"ImageObject","inLanguage":"en-GB","@id":"https:\/\/archiv.siov.sk\/konferencia-na-vysokej-urovni-o-kvalite-a-efektivnosti-ucnovskej-pripravy-a-medzinarodnych-pracovnych-normach-pre-ucnovsku-pripravu\/#primaryimage","url":"https:\/\/archiv.siov.sk\/wp-content\/uploads\/2021\/03\/pages_60366ec96bbeasiov-e1618563738651.jpg","contentUrl":"https:\/\/archiv.siov.sk\/wp-content\/uploads\/2021\/03\/pages_60366ec96bbeasiov-e1618563738651.jpg","width":500,"height":63},{"@type":"BreadcrumbList","@id":"https:\/\/archiv.siov.sk\/konferencia-na-vysokej-urovni-o-kvalite-a-efektivnosti-ucnovskej-pripravy-a-medzinarodnych-pracovnych-normach-pre-ucnovsku-pripravu\/#breadcrumb","itemListElement":[{"@type":"ListItem","position":1,"name":"Home","item":"https:\/\/archiv.siov.sk\/"},{"@type":"ListItem","position":2,"name":"Konferencia na vysokej \u00farovni o kvalite a efekt\u00edvnosti u\u010d\u0148ovskej pr\u00edpravy a medzin\u00e1rodn\u00fdch pracovn\u00fdch norm\u00e1ch pre u\u010d\u0148ovsk\u00fa pr\u00edpravu"}]},{"@type":"WebSite","@id":"https:\/\/archiv.siov.sk\/#website","url":"https:\/\/archiv.siov.sk\/","name":"\u0160IOV - \u0161t\u00e1tny in\u0161tit\u00fat odborn\u00e9ho vzdel\u00e1vania","description":"","publisher":{"@id":"https:\/\/archiv.siov.sk\/#organization"},"potentialAction":[{"@type":"SearchAction","target":{"@type":"EntryPoint","urlTemplate":"https:\/\/archiv.siov.sk\/?s={search_term_string}"},"query-input":{"@type":"PropertyValueSpecification","valueRequired":true,"valueName":"search_term_string"}}],"inLanguage":"en-GB"},{"@type":"Organization","@id":"https:\/\/archiv.siov.sk\/#organization","name":"\u0160IOV - \u0161t\u00e1tny in\u0161tit\u00fat odborn\u00e9ho vzdel\u00e1vania","url":"https:\/\/archiv.siov.sk\/","logo":{"@type":"ImageObject","inLanguage":"en-GB","@id":"https:\/\/archiv.siov.sk\/#\/schema\/logo\/image\/","url":"https:\/\/archiv.siov.sk\/wp-content\/uploads\/2024\/02\/logo-SIOV.png","contentUrl":"https:\/\/archiv.siov.sk\/wp-content\/uploads\/2024\/02\/logo-SIOV.png","width":431,"height":143,"caption":"\u0160IOV - \u0161t\u00e1tny in\u0161tit\u00fat odborn\u00e9ho vzdel\u00e1vania"},"image":{"@id":"https:\/\/archiv.siov.sk\/#\/schema\/logo\/image\/"},"sameAs":["https:\/\/www.facebook.com\/Statnyinstitutodbornehovzdelavania"]},{"@type":"Person","@id":"https:\/\/archiv.siov.sk\/#\/schema\/person\/cd5e238f461d845b603811e5c041307d","name":"Tom\u00e1\u0161 Rus\u0148\u00e1k","url":"https:\/\/archiv.siov.sk\/en\/author\/adminsiov\/"}]}},"_links":{"self":[{"href":"https:\/\/archiv.siov.sk\/en\/wp-json\/wp\/v2\/posts\/7349","targetHints":{"allow":["GET"]}}],"collection":[{"href":"https:\/\/archiv.siov.sk\/en\/wp-json\/wp\/v2\/posts"}],"about":[{"href":"https:\/\/archiv.siov.sk\/en\/wp-json\/wp\/v2\/types\/post"}],"author":[{"embeddable":true,"href":"https:\/\/archiv.siov.sk\/en\/wp-json\/wp\/v2\/users\/4"}],"replies":[{"embeddable":true,"href":"https:\/\/archiv.siov.sk\/en\/wp-json\/wp\/v2\/comments?post=7349"}],"version-history":[{"count":1,"href":"https:\/\/archiv.siov.sk\/en\/wp-json\/wp\/v2\/posts\/7349\/revisions"}],"predecessor-version":[{"id":7352,"href":"https:\/\/archiv.siov.sk\/en\/wp-json\/wp\/v2\/posts\/7349\/revisions\/7352"}],"wp:featuredmedia":[{"embeddable":true,"href":"https:\/\/archiv.siov.sk\/en\/wp-json\/wp\/v2\/media\/7351"}],"wp:attachment":[{"href":"https:\/\/archiv.siov.sk\/en\/wp-json\/wp\/v2\/media?parent=7349"}],"wp:term":[{"taxonomy":"category","embeddable":true,"href":"https:\/\/archiv.siov.sk\/en\/wp-json\/wp\/v2\/categories?post=7349"},{"taxonomy":"post_tag","embeddable":true,"href":"https:\/\/archiv.siov.sk\/en\/wp-json\/wp\/v2\/tags?post=7349"}],"curies":[{"name":"wp","href":"https:\/\/api.w.org\/{rel}","templated":true}]}}