{"id":7303,"date":"2021-03-02T10:29:39","date_gmt":"2021-03-02T09:29:39","guid":{"rendered":"https:\/\/archiv.siov.sk\/?p=7303"},"modified":"2021-03-08T09:39:31","modified_gmt":"2021-03-08T08:39:31","slug":"projekt-dualne-vzdelavanie-pokracuje","status":"publish","type":"post","link":"https:\/\/archiv.siov.sk\/en\/projekt-dualne-vzdelavanie-pokracuje\/","title":{"rendered":"Projekt Du\u00e1lne vzdel\u00e1vanie pokra\u010duje"},"content":{"rendered":"<p style=\"text-align: justify;\">N\u00e1rodn\u00fd projekt \u201eDu\u00e1lne vzdel\u00e1vanie a&nbsp;zv\u00fd\u0161enie kvality a&nbsp;atraktivity OVP\u201c sa predl\u017euje do konca septembra 2021. Hlavn\u00fdmi cie\u013emi pred\u013a\u017eenia projektu s\u00fa region\u00e1lne sprev\u00e1dzanie du\u00e1lnym syst\u00e9mom vzdel\u00e1vania, zabezpe\u010denie dodato\u010dn\u00e9ho jednorazov\u00e9ho pr\u00edspevku, uplatnenie overen\u00fdch \u010dinnost\u00ed \u201eTalent centra\u201c v r\u00e1mci projektu, koordin\u00e1cia stavovsk\u00fdch a&nbsp;profesijn\u00fdch organiz\u00e1ci\u00ed, ako aj stredn\u00fdch odborn\u00fdch \u0161k\u00f4l a&nbsp;zamestn\u00e1vate\u013eov v&nbsp;metodickej oblasti, uvedenie informa\u010dn\u00e9ho syst\u00e9mu \u201eDu\u00e1lne vzdel\u00e1vanie\u201c do ostrej prev\u00e1dzky, vzdel\u00e1vanie pedag\u00f3gov a&nbsp;koordin\u00e1cia s&nbsp;ostatn\u00fdmi projektami.<\/p>\n<p style=\"text-align: justify;\">Vzh\u013eadom na pretrv\u00e1vaj\u00facu pandemick\u00fa situ\u00e1ciu a&nbsp;s&nbsp;\u0148ou spojen\u00e9 komplik\u00e1cie pri nap\u013a\u0148an\u00ed cie\u013eov projektu, ako aj zv\u00fd\u0161enie n\u00e1kladov pre udr\u017eate\u013enos\u0165 syst\u00e9mu du\u00e1lneho vzdel\u00e1vania, bude poskytnut\u00fd dodato\u010dn\u00fd pr\u00edspevok 1.000,-\u20ac na ka\u017ed\u00e9ho \u017eiaka prv\u00e9ho ro\u010dn\u00edka \u0161kolsk\u00e9ho roku 2020\/2021, ktor\u00fd m\u00e1 podp\u00edsan\u00fa u\u010debn\u00fa zmluvu do 31.1.2021. \u017diados\u0165 bud\u00fa m\u00f4c\u0165 zamestn\u00e1vatelia pod\u00e1va\u0165 v&nbsp;prvom kvart\u00e1li tohto roka a&nbsp;cel\u00fdm procesom ich bud\u00fa sprev\u00e1dza\u0165 region\u00e1lni koordin\u00e1tori \u0160IOV-u, pri\u010dom sa predpoklad\u00e1 celkov\u00e1 podpora v&nbsp;sume asi 2,5 mili\u00f3na eur.<\/p>\n<p style=\"text-align: justify;\">Aktu\u00e1lne sa du\u00e1lne vzdel\u00e1va takmer osem a&nbsp;pol tis\u00edca \u017eiakov na pribli\u017ene dvesto \u0161kol\u00e1ch. Dualistov m\u00e1 viac ako tis\u00edc prev\u00e1dzok a&nbsp;celkovo ich je certifikovan\u00fdch 2&nbsp;430. L\u00eddrom v&nbsp;po\u010dte \u017eiakov zapojen\u00fdch do syst\u00e9mu du\u00e1lneho vzdel\u00e1vania je dlhodobo Tren\u010diansky samospr\u00e1vny kraj. Ku koncu septembra minul\u00e9ho roka sme evidovali takmer dvetis\u00edc absolventov.<\/p>\n<p style=\"text-align: justify;\">\u0160iesty rok trvania du\u00e1lneho vzdel\u00e1vania a&nbsp;absolventi, z&nbsp;ktor\u00fdch prv\u00ed s\u00fa u\u017e dva roky na pracovnom trhu, ukazuj\u00fa mimoriadne priazniv\u00e9 v\u00fdsledky. \u017diaci, ktor\u00ed z\u00edskavali zru\u010dnosti priamo vo firm\u00e1ch dosiahli po \u0161kole zamestnanos\u0165 na \u00farovni takmer 91%, pri\u010dom \u010derstvo do\u0161tudovan\u00ed iba 68%. Ich prechod zo \u0161kolsk\u00e9ho syst\u00e9mu na trh pr\u00e1ce je tak v\u00fdrazne plynulej\u0161\u00ed.<\/p>\n<p style=\"text-align: justify;\">V\u00e4\u010d\u0161ia pripravenos\u0165 na trh pr\u00e1ce sa odr\u00e1\u017ea aj v porovnan\u00ed priemern\u00fdch hrub\u00fdch mesa\u010dn\u00fdch miezd. Takmer po dvoch rokoch na trhu pr\u00e1ce absolventi du\u00e1lneho vzdel\u00e1vania zar\u00e1baj\u00fa priemerne 1 062 eur, \u010do je a\u017e o 17 percent viac ako absolventi mimo du\u00e1lu, ktor\u00fdch priemern\u00e1 mzda je 906 eur. Na pracovnom trhu sa absolventi du\u00e1lu prejavuj\u00fa aj men\u0161ou mierou nezamestnanosti, ktor\u00e1 u&nbsp;nich dosahuje iba 8% a&nbsp;patr\u00ed im aj vy\u0161\u0161\u00ed podiel uplatnenia sa v&nbsp;odbore. Tri \u0161tvrtiny sa uplatnia optim\u00e1lne, u \u201enedualistov\u201c je to 58%.<\/p>\n<p style=\"text-align: justify;\">Du\u00e1lne vzdel\u00e1vanie sp\u00e1ja teoretick\u00e9 vzdel\u00e1vanie v&nbsp;\u0161kole s&nbsp;praktickou pr\u00edpravou u&nbsp;konkr\u00e9tneho zamestn\u00e1vate\u013ea. \u017diak si v&nbsp;r\u00e1mci neho vyber\u00e1 okrem \u0161koly aj zamestn\u00e1vate\u013ea, u&nbsp;ktor\u00e9ho vykon\u00e1va prax v&nbsp;odbore, o&nbsp;ktor\u00fd m\u00e1 z\u00e1ujem. Du\u00e1l d\u00e1va \u017eiakom \u201en\u00e1skok\u201c v&nbsp;praxi, pracovn\u00fdch sk\u00fasenostiach a&nbsp;mno\u017estvo \u010fal\u0161\u00edch v\u00fdhod od prv\u00e9ho ro\u010dn\u00edka a\u017e po ukon\u010denie \u0161t\u00fadia. Na Slovensku existuje od \u0161kolsk\u00e9ho roku 2015\/2016 v&nbsp;zmysle z\u00e1kona o&nbsp;odbornom vzdel\u00e1van\u00ed a&nbsp;pr\u00edprave. Novela tohto z\u00e1kona v&nbsp;roku 2018 priniesla mo\u017enos\u0165 zapojenia sa do du\u00e1lu pre takmer v\u0161etky odbory s&nbsp;v\u00fdnimkou zdravotn\u00edkov a&nbsp;bezpe\u010dnostn\u00fdch zlo\u017eiek. Moment\u00e1lne je v&nbsp;medzirezortnom pripomienkovom konan\u00ed \u010fal\u0161ia novela, ktor\u00e1 odborn\u00e9 vzdel\u00e1vanie e\u0161te viac skvalitn\u00ed. Medzi novinky bude patri\u0165 \u013eah\u0161ia certifik\u00e1cia zamestn\u00e1vate\u013eov, teda sa zjednodu\u0161\u00ed vstup zamestn\u00e1vate\u013eov do du\u00e1lneho vzdel\u00e1vania. Okruh sa roz\u0161\u00edri aj o&nbsp;nadn\u00e1rodn\u00e9 a medzin\u00e1rodn\u00e9 spolo\u010dnosti. Taktie\u017e sa u\u013eah\u010d\u00ed mal\u00fdm lok\u00e1lnym podnikom zapoji\u0165 do du\u00e1lneho vzdel\u00e1vania prostredn\u00edctvom v\u00e4\u010d\u0161\u00edch zamestn\u00e1vate\u013eov. Men\u00ed sa aj term\u00edn pre vstup do du\u00e1lneho vzdel\u00e1vania. Pre \u017eiakov je po novom mo\u017en\u00fd do 31. augusta. Po novom sa zmenia aj hodiny praxe ur\u010den\u00e9 v&nbsp;\u0161t\u00e1tnom vzdel\u00e1vacom programe pre jednotliv\u00e9 odbory. \u010eal\u0161ou zmenou je, \u017ee odborn\u00fd v\u00fdcvik bude m\u00f4c\u0165 vies\u0165 aj u\u010dite\u013e odbornej praxe.<\/p>\n<p>&nbsp;<\/p>\n<p>&nbsp;<\/p>","protected":false},"excerpt":{"rendered":"<p>N\u00e1rodn\u00fd projekt \u201eDu\u00e1lne vzdel\u00e1vanie a&nbsp;zv\u00fd\u0161enie kvality a&nbsp;atraktivity OVP\u201c sa predl\u017euje do konca septembra 2021. Hlavn\u00fdmi cie\u013emi pred\u013a\u017eenia projektu s\u00fa region\u00e1lne sprev\u00e1dzanie du\u00e1lnym syst\u00e9mom vzdel\u00e1vania, zabezpe\u010denie dodato\u010dn\u00e9ho jednorazov\u00e9ho pr\u00edspevku, uplatnenie overen\u00fdch \u010dinnost\u00ed \u201eTalent centra\u201c v r\u00e1mci projektu, koordin\u00e1cia stavovsk\u00fdch a&nbsp;profesijn\u00fdch organiz\u00e1ci\u00ed, ako aj stredn\u00fdch odborn\u00fdch \u0161k\u00f4l a&nbsp;zamestn\u00e1vate\u013eov v&nbsp;metodickej oblasti, uvedenie informa\u010dn\u00e9ho syst\u00e9mu \u201eDu\u00e1lne vzdel\u00e1vanie\u201c do ostrej [&hellip;]<\/p>\n","protected":false},"author":6,"featured_media":7341,"comment_status":"closed","ping_status":"closed","sticky":false,"template":"","format":"standard","meta":{"site-sidebar-layout":"default","site-content-layout":"","ast-site-content-layout":"default","site-content-style":"default","site-sidebar-style":"default","ast-global-header-display":"","ast-banner-title-visibility":"","ast-main-header-display":"","ast-hfb-above-header-display":"","ast-hfb-below-header-display":"","ast-hfb-mobile-header-display":"","site-post-title":"","ast-breadcrumbs-content":"","ast-featured-img":"","footer-sml-layout":"","ast-disable-related-posts":"","theme-transparent-header-meta":"","adv-header-id-meta":"","stick-header-meta":"","header-above-stick-meta":"","header-main-stick-meta":"","header-below-stick-meta":"","astra-migrate-meta-layouts":"default","ast-page-background-enabled":"default","ast-page-background-meta":{"desktop":{"background-color":"var(--ast-global-color-4)","background-image":"","background-repeat":"repeat","background-position":"center center","background-size":"auto","background-attachment":"scroll","background-type":"","background-media":"","overlay-type":"","overlay-color":"","overlay-opacity":"","overlay-gradient":""},"tablet":{"background-color":"","background-image":"","background-repeat":"repeat","background-position":"center center","background-size":"auto","background-attachment":"scroll","background-type":"","background-media":"","overlay-type":"","overlay-color":"","overlay-opacity":"","overlay-gradient":""},"mobile":{"background-color":"","background-image":"","background-repeat":"repeat","background-position":"center center","background-size":"auto","background-attachment":"scroll","background-type":"","background-media":"","overlay-type":"","overlay-color":"","overlay-opacity":"","overlay-gradient":""}},"ast-content-background-meta":{"desktop":{"background-color":"var(--ast-global-color-5)","background-image":"","background-repeat":"repeat","background-position":"center center","background-size":"auto","background-attachment":"scroll","background-type":"","background-media":"","overlay-type":"","overlay-color":"","overlay-opacity":"","overlay-gradient":""},"tablet":{"background-color":"var(--ast-global-color-5)","background-image":"","background-repeat":"repeat","background-position":"center center","background-size":"auto","background-attachment":"scroll","background-type":"","background-media":"","overlay-type":"","overlay-color":"","overlay-opacity":"","overlay-gradient":""},"mobile":{"background-color":"var(--ast-global-color-5)","background-image":"","background-repeat":"repeat","background-position":"center center","background-size":"auto","background-attachment":"scroll","background-type":"","background-media":"","overlay-type":"","overlay-color":"","overlay-opacity":"","overlay-gradient":""}},"footnotes":""},"categories":[1,9],"tags":[],"class_list":["post-7303","post","type-post","status-publish","format-standard","has-post-thumbnail","hentry","category-aktuality","category-aktuality-v-case-koronavirusu"],"yoast_head":"<!-- This site is optimized with the Yoast SEO plugin v27.5 - https:\/\/yoast.com\/product\/yoast-seo-wordpress\/ -->\n<title>Projekt Du\u00e1lne vzdel\u00e1vanie pokra\u010duje - \u0160IOV - \u0161t\u00e1tny in\u0161tit\u00fat odborn\u00e9ho vzdel\u00e1vania<\/title>\n<meta name=\"robots\" content=\"index, follow, max-snippet:-1, max-image-preview:large, max-video-preview:-1\" \/>\n<link rel=\"canonical\" href=\"https:\/\/archiv.siov.sk\/en\/projekt-dualne-vzdelavanie-pokracuje\/\" \/>\n<meta property=\"og:locale\" content=\"en_GB\" \/>\n<meta property=\"og:type\" content=\"article\" \/>\n<meta property=\"og:title\" content=\"Projekt Du\u00e1lne vzdel\u00e1vanie pokra\u010duje - \u0160IOV - \u0161t\u00e1tny in\u0161tit\u00fat odborn\u00e9ho vzdel\u00e1vania\" \/>\n<meta property=\"og:description\" content=\"N\u00e1rodn\u00fd projekt \u201eDu\u00e1lne vzdel\u00e1vanie a&nbsp;zv\u00fd\u0161enie kvality a&nbsp;atraktivity OVP\u201c sa predl\u017euje do konca septembra 2021. Hlavn\u00fdmi cie\u013emi pred\u013a\u017eenia projektu s\u00fa region\u00e1lne sprev\u00e1dzanie du\u00e1lnym syst\u00e9mom vzdel\u00e1vania, zabezpe\u010denie dodato\u010dn\u00e9ho jednorazov\u00e9ho pr\u00edspevku, uplatnenie overen\u00fdch \u010dinnost\u00ed \u201eTalent centra\u201c v r\u00e1mci projektu, koordin\u00e1cia stavovsk\u00fdch a&nbsp;profesijn\u00fdch organiz\u00e1ci\u00ed, ako aj stredn\u00fdch odborn\u00fdch \u0161k\u00f4l a&nbsp;zamestn\u00e1vate\u013eov v&nbsp;metodickej oblasti, uvedenie informa\u010dn\u00e9ho syst\u00e9mu \u201eDu\u00e1lne vzdel\u00e1vanie\u201c do ostrej [&hellip;]\" \/>\n<meta property=\"og:url\" content=\"https:\/\/archiv.siov.sk\/en\/projekt-dualne-vzdelavanie-pokracuje\/\" \/>\n<meta property=\"og:site_name\" content=\"\u0160IOV - \u0161t\u00e1tny in\u0161tit\u00fat odborn\u00e9ho vzdel\u00e1vania\" \/>\n<meta property=\"article:publisher\" content=\"https:\/\/www.facebook.com\/Statnyinstitutodbornehovzdelavania\" \/>\n<meta property=\"article:published_time\" content=\"2021-03-02T09:29:39+00:00\" \/>\n<meta property=\"article:modified_time\" content=\"2021-03-08T08:39:31+00:00\" \/>\n<meta property=\"og:image\" content=\"https:\/\/archiv.siov.sk\/wp-content\/uploads\/2021\/03\/rsz_dual_logorgb_2-e1615209643724.png\" \/>\n\t<meta property=\"og:image:width\" content=\"200\" \/>\n\t<meta property=\"og:image:height\" content=\"159\" \/>\n\t<meta property=\"og:image:type\" content=\"image\/png\" \/>\n<meta name=\"author\" content=\"Katar\u00edna Kov\u00e1\u010dov\u00e1\" \/>\n<meta name=\"twitter:card\" content=\"summary_large_image\" \/>\n<meta name=\"twitter:label1\" content=\"Written by\" \/>\n\t<meta name=\"twitter:data1\" content=\"Katar\u00edna Kov\u00e1\u010dov\u00e1\" \/>\n\t<meta name=\"twitter:label2\" content=\"Estimated reading time\" \/>\n\t<meta name=\"twitter:data2\" content=\"3 minutes\" \/>\n<script type=\"application\/ld+json\" class=\"yoast-schema-graph\">{\"@context\":\"https:\\\/\\\/schema.org\",\"@graph\":[{\"@type\":\"Article\",\"@id\":\"https:\\\/\\\/archiv.siov.sk\\\/projekt-dualne-vzdelavanie-pokracuje\\\/#article\",\"isPartOf\":{\"@id\":\"https:\\\/\\\/archiv.siov.sk\\\/projekt-dualne-vzdelavanie-pokracuje\\\/\"},\"author\":{\"name\":\"Katar\u00edna Kov\u00e1\u010dov\u00e1\",\"@id\":\"https:\\\/\\\/archiv.siov.sk\\\/#\\\/schema\\\/person\\\/e42d633fbd958c6a726e8834d8965e6c\"},\"headline\":\"Projekt Du\u00e1lne vzdel\u00e1vanie pokra\u010duje\",\"datePublished\":\"2021-03-02T09:29:39+00:00\",\"dateModified\":\"2021-03-08T08:39:31+00:00\",\"mainEntityOfPage\":{\"@id\":\"https:\\\/\\\/archiv.siov.sk\\\/projekt-dualne-vzdelavanie-pokracuje\\\/\"},\"wordCount\":742,\"publisher\":{\"@id\":\"https:\\\/\\\/archiv.siov.sk\\\/#organization\"},\"image\":{\"@id\":\"https:\\\/\\\/archiv.siov.sk\\\/projekt-dualne-vzdelavanie-pokracuje\\\/#primaryimage\"},\"thumbnailUrl\":\"https:\\\/\\\/archiv.siov.sk\\\/wp-content\\\/uploads\\\/2021\\\/03\\\/rsz_dual_logorgb_2-e1615209643724.png\",\"articleSection\":[\"Aktuality\",\"Aktuality v \u010dase koronav\u00edrusu\"],\"inLanguage\":\"en-GB\"},{\"@type\":\"WebPage\",\"@id\":\"https:\\\/\\\/archiv.siov.sk\\\/projekt-dualne-vzdelavanie-pokracuje\\\/\",\"url\":\"https:\\\/\\\/archiv.siov.sk\\\/projekt-dualne-vzdelavanie-pokracuje\\\/\",\"name\":\"Projekt Du\u00e1lne vzdel\u00e1vanie pokra\u010duje - \u0160IOV - \u0161t\u00e1tny in\u0161tit\u00fat odborn\u00e9ho vzdel\u00e1vania\",\"isPartOf\":{\"@id\":\"https:\\\/\\\/archiv.siov.sk\\\/#website\"},\"primaryImageOfPage\":{\"@id\":\"https:\\\/\\\/archiv.siov.sk\\\/projekt-dualne-vzdelavanie-pokracuje\\\/#primaryimage\"},\"image\":{\"@id\":\"https:\\\/\\\/archiv.siov.sk\\\/projekt-dualne-vzdelavanie-pokracuje\\\/#primaryimage\"},\"thumbnailUrl\":\"https:\\\/\\\/archiv.siov.sk\\\/wp-content\\\/uploads\\\/2021\\\/03\\\/rsz_dual_logorgb_2-e1615209643724.png\",\"datePublished\":\"2021-03-02T09:29:39+00:00\",\"dateModified\":\"2021-03-08T08:39:31+00:00\",\"breadcrumb\":{\"@id\":\"https:\\\/\\\/archiv.siov.sk\\\/projekt-dualne-vzdelavanie-pokracuje\\\/#breadcrumb\"},\"inLanguage\":\"en-GB\",\"potentialAction\":[{\"@type\":\"ReadAction\",\"target\":[\"https:\\\/\\\/archiv.siov.sk\\\/projekt-dualne-vzdelavanie-pokracuje\\\/\"]}]},{\"@type\":\"ImageObject\",\"inLanguage\":\"en-GB\",\"@id\":\"https:\\\/\\\/archiv.siov.sk\\\/projekt-dualne-vzdelavanie-pokracuje\\\/#primaryimage\",\"url\":\"https:\\\/\\\/archiv.siov.sk\\\/wp-content\\\/uploads\\\/2021\\\/03\\\/rsz_dual_logorgb_2-e1615209643724.png\",\"contentUrl\":\"https:\\\/\\\/archiv.siov.sk\\\/wp-content\\\/uploads\\\/2021\\\/03\\\/rsz_dual_logorgb_2-e1615209643724.png\",\"width\":200,\"height\":159},{\"@type\":\"BreadcrumbList\",\"@id\":\"https:\\\/\\\/archiv.siov.sk\\\/projekt-dualne-vzdelavanie-pokracuje\\\/#breadcrumb\",\"itemListElement\":[{\"@type\":\"ListItem\",\"position\":1,\"name\":\"Home\",\"item\":\"https:\\\/\\\/archiv.siov.sk\\\/\"},{\"@type\":\"ListItem\",\"position\":2,\"name\":\"Projekt Du\u00e1lne vzdel\u00e1vanie pokra\u010duje\"}]},{\"@type\":\"WebSite\",\"@id\":\"https:\\\/\\\/archiv.siov.sk\\\/#website\",\"url\":\"https:\\\/\\\/archiv.siov.sk\\\/\",\"name\":\"\u0160IOV - \u0161t\u00e1tny in\u0161tit\u00fat odborn\u00e9ho vzdel\u00e1vania\",\"description\":\"\",\"publisher\":{\"@id\":\"https:\\\/\\\/archiv.siov.sk\\\/#organization\"},\"potentialAction\":[{\"@type\":\"SearchAction\",\"target\":{\"@type\":\"EntryPoint\",\"urlTemplate\":\"https:\\\/\\\/archiv.siov.sk\\\/?s={search_term_string}\"},\"query-input\":{\"@type\":\"PropertyValueSpecification\",\"valueRequired\":true,\"valueName\":\"search_term_string\"}}],\"inLanguage\":\"en-GB\"},{\"@type\":\"Organization\",\"@id\":\"https:\\\/\\\/archiv.siov.sk\\\/#organization\",\"name\":\"\u0160IOV - \u0161t\u00e1tny in\u0161tit\u00fat odborn\u00e9ho vzdel\u00e1vania\",\"url\":\"https:\\\/\\\/archiv.siov.sk\\\/\",\"logo\":{\"@type\":\"ImageObject\",\"inLanguage\":\"en-GB\",\"@id\":\"https:\\\/\\\/archiv.siov.sk\\\/#\\\/schema\\\/logo\\\/image\\\/\",\"url\":\"https:\\\/\\\/archiv.siov.sk\\\/wp-content\\\/uploads\\\/2024\\\/02\\\/logo-SIOV.png\",\"contentUrl\":\"https:\\\/\\\/archiv.siov.sk\\\/wp-content\\\/uploads\\\/2024\\\/02\\\/logo-SIOV.png\",\"width\":431,\"height\":143,\"caption\":\"\u0160IOV - \u0161t\u00e1tny in\u0161tit\u00fat odborn\u00e9ho vzdel\u00e1vania\"},\"image\":{\"@id\":\"https:\\\/\\\/archiv.siov.sk\\\/#\\\/schema\\\/logo\\\/image\\\/\"},\"sameAs\":[\"https:\\\/\\\/www.facebook.com\\\/Statnyinstitutodbornehovzdelavania\"]},{\"@type\":\"Person\",\"@id\":\"https:\\\/\\\/archiv.siov.sk\\\/#\\\/schema\\\/person\\\/e42d633fbd958c6a726e8834d8965e6c\",\"name\":\"Katar\u00edna Kov\u00e1\u010dov\u00e1\",\"url\":\"https:\\\/\\\/archiv.siov.sk\\\/en\\\/author\\\/katkakovacova\\\/\"}]}<\/script>\n<!-- \/ Yoast SEO plugin. -->","yoast_head_json":{"title":"Projekt Du\u00e1lne vzdel\u00e1vanie pokra\u010duje - \u0160IOV - \u0161t\u00e1tny in\u0161tit\u00fat odborn\u00e9ho vzdel\u00e1vania","robots":{"index":"index","follow":"follow","max-snippet":"max-snippet:-1","max-image-preview":"max-image-preview:large","max-video-preview":"max-video-preview:-1"},"canonical":"https:\/\/archiv.siov.sk\/en\/projekt-dualne-vzdelavanie-pokracuje\/","og_locale":"en_GB","og_type":"article","og_title":"Projekt Du\u00e1lne vzdel\u00e1vanie pokra\u010duje - \u0160IOV - \u0161t\u00e1tny in\u0161tit\u00fat odborn\u00e9ho vzdel\u00e1vania","og_description":"N\u00e1rodn\u00fd projekt \u201eDu\u00e1lne vzdel\u00e1vanie a&nbsp;zv\u00fd\u0161enie kvality a&nbsp;atraktivity OVP\u201c sa predl\u017euje do konca septembra 2021. Hlavn\u00fdmi cie\u013emi pred\u013a\u017eenia projektu s\u00fa region\u00e1lne sprev\u00e1dzanie du\u00e1lnym syst\u00e9mom vzdel\u00e1vania, zabezpe\u010denie dodato\u010dn\u00e9ho jednorazov\u00e9ho pr\u00edspevku, uplatnenie overen\u00fdch \u010dinnost\u00ed \u201eTalent centra\u201c v r\u00e1mci projektu, koordin\u00e1cia stavovsk\u00fdch a&nbsp;profesijn\u00fdch organiz\u00e1ci\u00ed, ako aj stredn\u00fdch odborn\u00fdch \u0161k\u00f4l a&nbsp;zamestn\u00e1vate\u013eov v&nbsp;metodickej oblasti, uvedenie informa\u010dn\u00e9ho syst\u00e9mu \u201eDu\u00e1lne vzdel\u00e1vanie\u201c do ostrej [&hellip;]","og_url":"https:\/\/archiv.siov.sk\/en\/projekt-dualne-vzdelavanie-pokracuje\/","og_site_name":"\u0160IOV - \u0161t\u00e1tny in\u0161tit\u00fat odborn\u00e9ho vzdel\u00e1vania","article_publisher":"https:\/\/www.facebook.com\/Statnyinstitutodbornehovzdelavania","article_published_time":"2021-03-02T09:29:39+00:00","article_modified_time":"2021-03-08T08:39:31+00:00","og_image":[{"width":200,"height":159,"url":"https:\/\/archiv.siov.sk\/wp-content\/uploads\/2021\/03\/rsz_dual_logorgb_2-e1615209643724.png","type":"image\/png"}],"author":"Katar\u00edna Kov\u00e1\u010dov\u00e1","twitter_card":"summary_large_image","twitter_misc":{"Written by":"Katar\u00edna Kov\u00e1\u010dov\u00e1","Estimated reading time":"3 minutes"},"schema":{"@context":"https:\/\/schema.org","@graph":[{"@type":"Article","@id":"https:\/\/archiv.siov.sk\/projekt-dualne-vzdelavanie-pokracuje\/#article","isPartOf":{"@id":"https:\/\/archiv.siov.sk\/projekt-dualne-vzdelavanie-pokracuje\/"},"author":{"name":"Katar\u00edna Kov\u00e1\u010dov\u00e1","@id":"https:\/\/archiv.siov.sk\/#\/schema\/person\/e42d633fbd958c6a726e8834d8965e6c"},"headline":"Projekt Du\u00e1lne vzdel\u00e1vanie pokra\u010duje","datePublished":"2021-03-02T09:29:39+00:00","dateModified":"2021-03-08T08:39:31+00:00","mainEntityOfPage":{"@id":"https:\/\/archiv.siov.sk\/projekt-dualne-vzdelavanie-pokracuje\/"},"wordCount":742,"publisher":{"@id":"https:\/\/archiv.siov.sk\/#organization"},"image":{"@id":"https:\/\/archiv.siov.sk\/projekt-dualne-vzdelavanie-pokracuje\/#primaryimage"},"thumbnailUrl":"https:\/\/archiv.siov.sk\/wp-content\/uploads\/2021\/03\/rsz_dual_logorgb_2-e1615209643724.png","articleSection":["Aktuality","Aktuality v \u010dase koronav\u00edrusu"],"inLanguage":"en-GB"},{"@type":"WebPage","@id":"https:\/\/archiv.siov.sk\/projekt-dualne-vzdelavanie-pokracuje\/","url":"https:\/\/archiv.siov.sk\/projekt-dualne-vzdelavanie-pokracuje\/","name":"Projekt Du\u00e1lne vzdel\u00e1vanie pokra\u010duje - \u0160IOV - \u0161t\u00e1tny in\u0161tit\u00fat odborn\u00e9ho vzdel\u00e1vania","isPartOf":{"@id":"https:\/\/archiv.siov.sk\/#website"},"primaryImageOfPage":{"@id":"https:\/\/archiv.siov.sk\/projekt-dualne-vzdelavanie-pokracuje\/#primaryimage"},"image":{"@id":"https:\/\/archiv.siov.sk\/projekt-dualne-vzdelavanie-pokracuje\/#primaryimage"},"thumbnailUrl":"https:\/\/archiv.siov.sk\/wp-content\/uploads\/2021\/03\/rsz_dual_logorgb_2-e1615209643724.png","datePublished":"2021-03-02T09:29:39+00:00","dateModified":"2021-03-08T08:39:31+00:00","breadcrumb":{"@id":"https:\/\/archiv.siov.sk\/projekt-dualne-vzdelavanie-pokracuje\/#breadcrumb"},"inLanguage":"en-GB","potentialAction":[{"@type":"ReadAction","target":["https:\/\/archiv.siov.sk\/projekt-dualne-vzdelavanie-pokracuje\/"]}]},{"@type":"ImageObject","inLanguage":"en-GB","@id":"https:\/\/archiv.siov.sk\/projekt-dualne-vzdelavanie-pokracuje\/#primaryimage","url":"https:\/\/archiv.siov.sk\/wp-content\/uploads\/2021\/03\/rsz_dual_logorgb_2-e1615209643724.png","contentUrl":"https:\/\/archiv.siov.sk\/wp-content\/uploads\/2021\/03\/rsz_dual_logorgb_2-e1615209643724.png","width":200,"height":159},{"@type":"BreadcrumbList","@id":"https:\/\/archiv.siov.sk\/projekt-dualne-vzdelavanie-pokracuje\/#breadcrumb","itemListElement":[{"@type":"ListItem","position":1,"name":"Home","item":"https:\/\/archiv.siov.sk\/"},{"@type":"ListItem","position":2,"name":"Projekt Du\u00e1lne vzdel\u00e1vanie pokra\u010duje"}]},{"@type":"WebSite","@id":"https:\/\/archiv.siov.sk\/#website","url":"https:\/\/archiv.siov.sk\/","name":"\u0160IOV - \u0161t\u00e1tny in\u0161tit\u00fat odborn\u00e9ho vzdel\u00e1vania","description":"","publisher":{"@id":"https:\/\/archiv.siov.sk\/#organization"},"potentialAction":[{"@type":"SearchAction","target":{"@type":"EntryPoint","urlTemplate":"https:\/\/archiv.siov.sk\/?s={search_term_string}"},"query-input":{"@type":"PropertyValueSpecification","valueRequired":true,"valueName":"search_term_string"}}],"inLanguage":"en-GB"},{"@type":"Organization","@id":"https:\/\/archiv.siov.sk\/#organization","name":"\u0160IOV - \u0161t\u00e1tny in\u0161tit\u00fat odborn\u00e9ho vzdel\u00e1vania","url":"https:\/\/archiv.siov.sk\/","logo":{"@type":"ImageObject","inLanguage":"en-GB","@id":"https:\/\/archiv.siov.sk\/#\/schema\/logo\/image\/","url":"https:\/\/archiv.siov.sk\/wp-content\/uploads\/2024\/02\/logo-SIOV.png","contentUrl":"https:\/\/archiv.siov.sk\/wp-content\/uploads\/2024\/02\/logo-SIOV.png","width":431,"height":143,"caption":"\u0160IOV - \u0161t\u00e1tny in\u0161tit\u00fat odborn\u00e9ho vzdel\u00e1vania"},"image":{"@id":"https:\/\/archiv.siov.sk\/#\/schema\/logo\/image\/"},"sameAs":["https:\/\/www.facebook.com\/Statnyinstitutodbornehovzdelavania"]},{"@type":"Person","@id":"https:\/\/archiv.siov.sk\/#\/schema\/person\/e42d633fbd958c6a726e8834d8965e6c","name":"Katar\u00edna Kov\u00e1\u010dov\u00e1","url":"https:\/\/archiv.siov.sk\/en\/author\/katkakovacova\/"}]}},"_links":{"self":[{"href":"https:\/\/archiv.siov.sk\/en\/wp-json\/wp\/v2\/posts\/7303","targetHints":{"allow":["GET"]}}],"collection":[{"href":"https:\/\/archiv.siov.sk\/en\/wp-json\/wp\/v2\/posts"}],"about":[{"href":"https:\/\/archiv.siov.sk\/en\/wp-json\/wp\/v2\/types\/post"}],"author":[{"embeddable":true,"href":"https:\/\/archiv.siov.sk\/en\/wp-json\/wp\/v2\/users\/6"}],"replies":[{"embeddable":true,"href":"https:\/\/archiv.siov.sk\/en\/wp-json\/wp\/v2\/comments?post=7303"}],"version-history":[{"count":2,"href":"https:\/\/archiv.siov.sk\/en\/wp-json\/wp\/v2\/posts\/7303\/revisions"}],"predecessor-version":[{"id":7305,"href":"https:\/\/archiv.siov.sk\/en\/wp-json\/wp\/v2\/posts\/7303\/revisions\/7305"}],"wp:featuredmedia":[{"embeddable":true,"href":"https:\/\/archiv.siov.sk\/en\/wp-json\/wp\/v2\/media\/7341"}],"wp:attachment":[{"href":"https:\/\/archiv.siov.sk\/en\/wp-json\/wp\/v2\/media?parent=7303"}],"wp:term":[{"taxonomy":"category","embeddable":true,"href":"https:\/\/archiv.siov.sk\/en\/wp-json\/wp\/v2\/categories?post=7303"},{"taxonomy":"post_tag","embeddable":true,"href":"https:\/\/archiv.siov.sk\/en\/wp-json\/wp\/v2\/tags?post=7303"}],"curies":[{"name":"wp","href":"https:\/\/api.w.org\/{rel}","templated":true}]}}