{"id":7206,"date":"2021-02-08T10:51:50","date_gmt":"2021-02-08T09:51:50","guid":{"rendered":"https:\/\/archiv.siov.sk\/?p=7206"},"modified":"2021-02-08T16:32:10","modified_gmt":"2021-02-08T15:32:10","slug":"epale-konferencia-2021","status":"publish","type":"post","link":"https:\/\/archiv.siov.sk\/en\/epale-konferencia-2021\/","title":{"rendered":"Konferencia EPALE 2021"},"content":{"rendered":"<p>N\u00e1rodn\u00e1 podporn\u00e1 slu\u017eba&nbsp;<strong>EPALE Slovensko<\/strong>&nbsp;v\u00e1s poz\u00fdva na&nbsp;konferenciu, ktor\u00e1 sa uskuto\u010dn\u00ed d\u0148a&nbsp;<b>11. 02. 2021<\/b>&nbsp;v \u010dase od 10:00 &#8211; 15:00 hod.<\/p>\n<p><img decoding=\"async\" class=\"size-full wp-image-7207 alignright\" src=\"https:\/\/archiv.siov.sk\/wp-content\/uploads\/2021\/02\/epale-modry-strom.png\" alt=\"\" width=\"100\" height=\"100\"><\/p>\n<p><b>Cie\u013e konferencie:<\/b><\/p>\n<ul>\n<li>diskutova\u0165 o pr\u00ednosoch efekt\u00edvnych polit\u00edk vzdel\u00e1vania dospel\u00fdch a&nbsp;d\u00f4sledkoch ich absencie na Slovensku, pribl\u00ed\u017ei\u0165 ciele nov\u00fdch strategick\u00fdch dokumentov E\u00da v&nbsp;tejto oblasti<\/li>\n<li>predstavi\u0165 aktu\u00e1lnu situ\u00e1ciu v&nbsp;\u00fa\u010dasti dospel\u00fdch na neform\u00e1lnom a&nbsp;form\u00e1lnom vzdel\u00e1van\u00ed na Slovensku na z\u00e1klade aktu\u00e1lnych v\u00fdsledkov z&nbsp;v\u00fdskumu a&nbsp;projektov\u00fdch aktiv\u00edt<\/li>\n<li>identifikova\u0165 priority pre rozvoja zru\u010dnost\u00ed dospel\u00fdch a&nbsp;oblasti pre efekt\u00edvnu spolupr\u00e1cu v&nbsp;r\u00e1mci verejn\u00fdch polit\u00edk,<\/li>\n<li>mapova\u0165 prv\u00e9 podnety z&nbsp;praxe o&nbsp;dopade epid\u00e9mie Covid-19 na vzdel\u00e1vanie dospel\u00fdch,<\/li>\n<li>sprostredkova\u0165 aktu\u00e1lne pr\u00edklady dobrej praxe v&nbsp;oblasti vzdel\u00e1vania dospel\u00fdch pre konkr\u00e9tne t\u00e9my a&nbsp;inovat\u00edvne modely spolupr\u00e1ce.<\/li>\n<\/ul>\n<p><strong>Konferencia sa bude venova\u0165 t\u00fdmto hlavn\u00fdm t\u00e9mam:&nbsp;<\/strong><\/p>\n<ul>\n<li>V\u00fdzvy, priority a pr\u00edle\u017eitosti vzdel\u00e1vania dospel\u00fdch po roku 2020<\/li>\n<li>Ako zasiahla pand\u00e9mia COVID-19 vzdel\u00e1vania dospel\u00fdch na Slovensku a v \u010ceskej republike?&nbsp;<\/li>\n<li>K\u013e\u00fa\u010dov\u00e9 kompetencie vo vzdel\u00e1van\u00ed dospel\u00fdch &#8211; poh\u013ead na \u00faspe\u0161n\u00e9 iniciat\u00edvy v oblasti z\u00e1kladn\u00fdch gramotnost\u00ed, digit\u00e1lnych zru\u010dnost\u00ed a medi\u00e1lnej gramotnosti u dospel\u00fdch na Slovensku a v \u010ceskej republike<\/li>\n<li>Funguj\u00face modely multisektorovej spolupr\u00e1ce vo vzdel\u00e1van\u00ed dospel\u00fdch&nbsp;&nbsp;<\/li>\n<\/ul>\n<p><a href=\"https:\/\/archiv.siov.sk\/wp-content\/uploads\/2021\/02\/epale-word-final-_compressed.pdf\"><img fetchpriority=\"high\" decoding=\"async\" class=\"alignleft wp-image-7208\" src=\"https:\/\/archiv.siov.sk\/wp-content\/uploads\/2021\/02\/final-program-1-212x300.jpg\" alt=\"\" width=\"306\" height=\"432\" srcset=\"https:\/\/archiv.siov.sk\/wp-content\/uploads\/2021\/02\/final-program-1-212x300.jpg 212w, https:\/\/archiv.siov.sk\/wp-content\/uploads\/2021\/02\/final-program-1-724x1024.jpg 724w, https:\/\/archiv.siov.sk\/wp-content\/uploads\/2021\/02\/final-program-1-768x1086.jpg 768w, https:\/\/archiv.siov.sk\/wp-content\/uploads\/2021\/02\/final-program-1-1086x1536.jpg 1086w, https:\/\/archiv.siov.sk\/wp-content\/uploads\/2021\/02\/final-program-1-480x679.jpg 480w, https:\/\/archiv.siov.sk\/wp-content\/uploads\/2021\/02\/final-program-1.jpg 1241w\" sizes=\"(max-width: 306px) 100vw, 306px\" \/><\/a><a href=\"https:\/\/archiv.siov.sk\/wp-content\/uploads\/2021\/02\/epale-word-final-_compressed.pdf\"><img decoding=\"async\" class=\"wp-image-7209 alignleft\" src=\"https:\/\/archiv.siov.sk\/wp-content\/uploads\/2021\/02\/Final-program-2-212x300.jpg\" alt=\"\" width=\"308\" height=\"436\" srcset=\"https:\/\/archiv.siov.sk\/wp-content\/uploads\/2021\/02\/Final-program-2-212x300.jpg 212w, https:\/\/archiv.siov.sk\/wp-content\/uploads\/2021\/02\/Final-program-2-724x1024.jpg 724w, https:\/\/archiv.siov.sk\/wp-content\/uploads\/2021\/02\/Final-program-2-768x1086.jpg 768w, https:\/\/archiv.siov.sk\/wp-content\/uploads\/2021\/02\/Final-program-2-1086x1536.jpg 1086w, https:\/\/archiv.siov.sk\/wp-content\/uploads\/2021\/02\/Final-program-2-480x679.jpg 480w, https:\/\/archiv.siov.sk\/wp-content\/uploads\/2021\/02\/Final-program-2.jpg 1241w\" sizes=\"(max-width: 308px) 100vw, 308px\" \/><\/a><\/p>\n<p>&nbsp;<\/p>\n<p>Dovo\u013eujeme si v\u00e1s informova\u0165, \u017ee \u00fa\u010das\u0165 na konferencii&nbsp;bude mo\u017en\u00e1 iba pre registrovan\u00fdch&nbsp;pou\u017e\u00edvate\u013eov&nbsp;platformy EPALE. V pr\u00edpade, \u017ee zatia\u013e nie ste zaregistrovan\u00fdm pou\u017e\u00edvate\u013eom, m\u00f4\u017eete tak urobi\u0165 na&nbsp;<a class=\"ext\" href=\"http:\/\/www.epale.sk\/\" target=\"_blank\" rel=\"noopener\">www.epale.sk<span class=\"ext\"><span class=\"element-invisible\">(link is external)<\/span><\/span><\/a>, alebo priamo na&nbsp;<a href=\"http:\/\/epale.ec.europa.eu\/sk\/user\/register\">tomto odkaze<\/a>. Va\u0161a registr\u00e1cia bude schv\u00e1len\u00e1 EK do 24 hod\u00edn. od Va\u0161ej \u017eiadosti.&nbsp;<\/p>\n<p>Na konferenciu sa m\u00f4\u017eete zaregistrova\u0165 vyplnen\u00edm&nbsp;<a class=\"ext\" href=\"https:\/\/forms.gle\/tURmqUeUjHmf11BLA\" target=\"_blank\" rel=\"noopener\">registra\u010dn\u00e9ho formul\u00e1ra<span class=\"ext\"><span class=\"element-invisible\">(link is external)<\/span><\/span><\/a>&nbsp;v term\u00edne do&nbsp;<strong>10. febru\u00e1ra 2021.&nbsp;<\/strong><\/p>\n<p>Te\u0161\u00edme sa na va\u0161u \u00fa\u010das\u0165.&nbsp;<\/p>","protected":false},"excerpt":{"rendered":"<p>N\u00e1rodn\u00e1 podporn\u00e1 slu\u017eba&nbsp;EPALE Slovensko&nbsp;v\u00e1s poz\u00fdva na&nbsp;konferenciu, ktor\u00e1 sa uskuto\u010dn\u00ed d\u0148a&nbsp;11. 02. 2021&nbsp;v \u010dase od 10:00 &#8211; 15:00 hod. Cie\u013e konferencie: diskutova\u0165 o pr\u00ednosoch efekt\u00edvnych polit\u00edk vzdel\u00e1vania dospel\u00fdch a&nbsp;d\u00f4sledkoch ich absencie na Slovensku, pribl\u00ed\u017ei\u0165 ciele nov\u00fdch strategick\u00fdch dokumentov E\u00da v&nbsp;tejto oblasti predstavi\u0165 aktu\u00e1lnu situ\u00e1ciu v&nbsp;\u00fa\u010dasti dospel\u00fdch na neform\u00e1lnom a&nbsp;form\u00e1lnom vzdel\u00e1van\u00ed na Slovensku na z\u00e1klade aktu\u00e1lnych v\u00fdsledkov [&hellip;]<\/p>\n","protected":false},"author":4,"featured_media":7207,"comment_status":"closed","ping_status":"closed","sticky":false,"template":"","format":"standard","meta":{"site-sidebar-layout":"default","site-content-layout":"","ast-site-content-layout":"default","site-content-style":"default","site-sidebar-style":"default","ast-global-header-display":"","ast-banner-title-visibility":"","ast-main-header-display":"","ast-hfb-above-header-display":"","ast-hfb-below-header-display":"","ast-hfb-mobile-header-display":"","site-post-title":"","ast-breadcrumbs-content":"","ast-featured-img":"","footer-sml-layout":"","ast-disable-related-posts":"","theme-transparent-header-meta":"","adv-header-id-meta":"","stick-header-meta":"","header-above-stick-meta":"","header-main-stick-meta":"","header-below-stick-meta":"","astra-migrate-meta-layouts":"default","ast-page-background-enabled":"default","ast-page-background-meta":{"desktop":{"background-color":"var(--ast-global-color-4)","background-image":"","background-repeat":"repeat","background-position":"center center","background-size":"auto","background-attachment":"scroll","background-type":"","background-media":"","overlay-type":"","overlay-color":"","overlay-opacity":"","overlay-gradient":""},"tablet":{"background-color":"","background-image":"","background-repeat":"repeat","background-position":"center center","background-size":"auto","background-attachment":"scroll","background-type":"","background-media":"","overlay-type":"","overlay-color":"","overlay-opacity":"","overlay-gradient":""},"mobile":{"background-color":"","background-image":"","background-repeat":"repeat","background-position":"center center","background-size":"auto","background-attachment":"scroll","background-type":"","background-media":"","overlay-type":"","overlay-color":"","overlay-opacity":"","overlay-gradient":""}},"ast-content-background-meta":{"desktop":{"background-color":"var(--ast-global-color-5)","background-image":"","background-repeat":"repeat","background-position":"center center","background-size":"auto","background-attachment":"scroll","background-type":"","background-media":"","overlay-type":"","overlay-color":"","overlay-opacity":"","overlay-gradient":""},"tablet":{"background-color":"var(--ast-global-color-5)","background-image":"","background-repeat":"repeat","background-position":"center center","background-size":"auto","background-attachment":"scroll","background-type":"","background-media":"","overlay-type":"","overlay-color":"","overlay-opacity":"","overlay-gradient":""},"mobile":{"background-color":"var(--ast-global-color-5)","background-image":"","background-repeat":"repeat","background-position":"center center","background-size":"auto","background-attachment":"scroll","background-type":"","background-media":"","overlay-type":"","overlay-color":"","overlay-opacity":"","overlay-gradient":""}},"footnotes":""},"categories":[9],"tags":[],"class_list":["post-7206","post","type-post","status-publish","format-standard","has-post-thumbnail","hentry","category-aktuality-v-case-koronavirusu"],"yoast_head":"<!-- This site is optimized with the Yoast SEO plugin v27.5 - https:\/\/yoast.com\/product\/yoast-seo-wordpress\/ -->\n<title>Konferencia EPALE 2021 - \u0160IOV - \u0161t\u00e1tny in\u0161tit\u00fat odborn\u00e9ho vzdel\u00e1vania<\/title>\n<meta name=\"robots\" content=\"index, follow, max-snippet:-1, max-image-preview:large, max-video-preview:-1\" \/>\n<link rel=\"canonical\" href=\"https:\/\/archiv.siov.sk\/en\/epale-konferencia-2021\/\" \/>\n<meta property=\"og:locale\" content=\"en_GB\" \/>\n<meta property=\"og:type\" content=\"article\" \/>\n<meta property=\"og:title\" content=\"Konferencia EPALE 2021 - \u0160IOV - \u0161t\u00e1tny in\u0161tit\u00fat odborn\u00e9ho vzdel\u00e1vania\" \/>\n<meta property=\"og:description\" content=\"N\u00e1rodn\u00e1 podporn\u00e1 slu\u017eba&nbsp;EPALE Slovensko&nbsp;v\u00e1s poz\u00fdva na&nbsp;konferenciu, ktor\u00e1 sa uskuto\u010dn\u00ed d\u0148a&nbsp;11. 02. 2021&nbsp;v \u010dase od 10:00 &#8211; 15:00 hod. Cie\u013e konferencie: diskutova\u0165 o pr\u00ednosoch efekt\u00edvnych polit\u00edk vzdel\u00e1vania dospel\u00fdch a&nbsp;d\u00f4sledkoch ich absencie na Slovensku, pribl\u00ed\u017ei\u0165 ciele nov\u00fdch strategick\u00fdch dokumentov E\u00da v&nbsp;tejto oblasti predstavi\u0165 aktu\u00e1lnu situ\u00e1ciu v&nbsp;\u00fa\u010dasti dospel\u00fdch na neform\u00e1lnom a&nbsp;form\u00e1lnom vzdel\u00e1van\u00ed na Slovensku na z\u00e1klade aktu\u00e1lnych v\u00fdsledkov [&hellip;]\" \/>\n<meta property=\"og:url\" content=\"https:\/\/archiv.siov.sk\/en\/epale-konferencia-2021\/\" \/>\n<meta property=\"og:site_name\" content=\"\u0160IOV - \u0161t\u00e1tny in\u0161tit\u00fat odborn\u00e9ho vzdel\u00e1vania\" \/>\n<meta property=\"article:publisher\" content=\"https:\/\/www.facebook.com\/Statnyinstitutodbornehovzdelavania\" \/>\n<meta property=\"article:published_time\" content=\"2021-02-08T09:51:50+00:00\" \/>\n<meta property=\"article:modified_time\" content=\"2021-02-08T15:32:10+00:00\" \/>\n<meta property=\"og:image\" content=\"https:\/\/archiv.siov.sk\/wp-content\/uploads\/2021\/02\/epale-modry-strom.png\" \/>\n\t<meta property=\"og:image:width\" content=\"100\" \/>\n\t<meta property=\"og:image:height\" content=\"100\" \/>\n\t<meta property=\"og:image:type\" content=\"image\/png\" \/>\n<meta name=\"author\" content=\"Tom\u00e1\u0161 Rus\u0148\u00e1k\" \/>\n<meta name=\"twitter:card\" content=\"summary_large_image\" \/>\n<meta name=\"twitter:label1\" content=\"Written by\" \/>\n\t<meta name=\"twitter:data1\" content=\"Tom\u00e1\u0161 Rus\u0148\u00e1k\" \/>\n\t<meta name=\"twitter:label2\" content=\"Estimated reading time\" \/>\n\t<meta name=\"twitter:data2\" content=\"2 minutes\" \/>\n<script type=\"application\/ld+json\" class=\"yoast-schema-graph\">{\"@context\":\"https:\\\/\\\/schema.org\",\"@graph\":[{\"@type\":\"Article\",\"@id\":\"https:\\\/\\\/archiv.siov.sk\\\/epale-konferencia-2021\\\/#article\",\"isPartOf\":{\"@id\":\"https:\\\/\\\/archiv.siov.sk\\\/epale-konferencia-2021\\\/\"},\"author\":{\"name\":\"Tom\u00e1\u0161 Rus\u0148\u00e1k\",\"@id\":\"https:\\\/\\\/archiv.siov.sk\\\/#\\\/schema\\\/person\\\/cd5e238f461d845b603811e5c041307d\"},\"headline\":\"Konferencia EPALE 2021\",\"datePublished\":\"2021-02-08T09:51:50+00:00\",\"dateModified\":\"2021-02-08T15:32:10+00:00\",\"mainEntityOfPage\":{\"@id\":\"https:\\\/\\\/archiv.siov.sk\\\/epale-konferencia-2021\\\/\"},\"wordCount\":369,\"publisher\":{\"@id\":\"https:\\\/\\\/archiv.siov.sk\\\/#organization\"},\"image\":{\"@id\":\"https:\\\/\\\/archiv.siov.sk\\\/epale-konferencia-2021\\\/#primaryimage\"},\"thumbnailUrl\":\"https:\\\/\\\/archiv.siov.sk\\\/wp-content\\\/uploads\\\/2021\\\/02\\\/epale-modry-strom.png\",\"articleSection\":[\"Aktuality v \u010dase koronav\u00edrusu\"],\"inLanguage\":\"en-GB\"},{\"@type\":\"WebPage\",\"@id\":\"https:\\\/\\\/archiv.siov.sk\\\/epale-konferencia-2021\\\/\",\"url\":\"https:\\\/\\\/archiv.siov.sk\\\/epale-konferencia-2021\\\/\",\"name\":\"Konferencia EPALE 2021 - \u0160IOV - \u0161t\u00e1tny in\u0161tit\u00fat odborn\u00e9ho vzdel\u00e1vania\",\"isPartOf\":{\"@id\":\"https:\\\/\\\/archiv.siov.sk\\\/#website\"},\"primaryImageOfPage\":{\"@id\":\"https:\\\/\\\/archiv.siov.sk\\\/epale-konferencia-2021\\\/#primaryimage\"},\"image\":{\"@id\":\"https:\\\/\\\/archiv.siov.sk\\\/epale-konferencia-2021\\\/#primaryimage\"},\"thumbnailUrl\":\"https:\\\/\\\/archiv.siov.sk\\\/wp-content\\\/uploads\\\/2021\\\/02\\\/epale-modry-strom.png\",\"datePublished\":\"2021-02-08T09:51:50+00:00\",\"dateModified\":\"2021-02-08T15:32:10+00:00\",\"breadcrumb\":{\"@id\":\"https:\\\/\\\/archiv.siov.sk\\\/epale-konferencia-2021\\\/#breadcrumb\"},\"inLanguage\":\"en-GB\",\"potentialAction\":[{\"@type\":\"ReadAction\",\"target\":[\"https:\\\/\\\/archiv.siov.sk\\\/epale-konferencia-2021\\\/\"]}]},{\"@type\":\"ImageObject\",\"inLanguage\":\"en-GB\",\"@id\":\"https:\\\/\\\/archiv.siov.sk\\\/epale-konferencia-2021\\\/#primaryimage\",\"url\":\"https:\\\/\\\/archiv.siov.sk\\\/wp-content\\\/uploads\\\/2021\\\/02\\\/epale-modry-strom.png\",\"contentUrl\":\"https:\\\/\\\/archiv.siov.sk\\\/wp-content\\\/uploads\\\/2021\\\/02\\\/epale-modry-strom.png\",\"width\":100,\"height\":100},{\"@type\":\"BreadcrumbList\",\"@id\":\"https:\\\/\\\/archiv.siov.sk\\\/epale-konferencia-2021\\\/#breadcrumb\",\"itemListElement\":[{\"@type\":\"ListItem\",\"position\":1,\"name\":\"Home\",\"item\":\"https:\\\/\\\/archiv.siov.sk\\\/\"},{\"@type\":\"ListItem\",\"position\":2,\"name\":\"Konferencia EPALE 2021\"}]},{\"@type\":\"WebSite\",\"@id\":\"https:\\\/\\\/archiv.siov.sk\\\/#website\",\"url\":\"https:\\\/\\\/archiv.siov.sk\\\/\",\"name\":\"\u0160IOV - \u0161t\u00e1tny in\u0161tit\u00fat odborn\u00e9ho vzdel\u00e1vania\",\"description\":\"\",\"publisher\":{\"@id\":\"https:\\\/\\\/archiv.siov.sk\\\/#organization\"},\"potentialAction\":[{\"@type\":\"SearchAction\",\"target\":{\"@type\":\"EntryPoint\",\"urlTemplate\":\"https:\\\/\\\/archiv.siov.sk\\\/?s={search_term_string}\"},\"query-input\":{\"@type\":\"PropertyValueSpecification\",\"valueRequired\":true,\"valueName\":\"search_term_string\"}}],\"inLanguage\":\"en-GB\"},{\"@type\":\"Organization\",\"@id\":\"https:\\\/\\\/archiv.siov.sk\\\/#organization\",\"name\":\"\u0160IOV - \u0161t\u00e1tny in\u0161tit\u00fat odborn\u00e9ho vzdel\u00e1vania\",\"url\":\"https:\\\/\\\/archiv.siov.sk\\\/\",\"logo\":{\"@type\":\"ImageObject\",\"inLanguage\":\"en-GB\",\"@id\":\"https:\\\/\\\/archiv.siov.sk\\\/#\\\/schema\\\/logo\\\/image\\\/\",\"url\":\"https:\\\/\\\/archiv.siov.sk\\\/wp-content\\\/uploads\\\/2024\\\/02\\\/logo-SIOV.png\",\"contentUrl\":\"https:\\\/\\\/archiv.siov.sk\\\/wp-content\\\/uploads\\\/2024\\\/02\\\/logo-SIOV.png\",\"width\":431,\"height\":143,\"caption\":\"\u0160IOV - \u0161t\u00e1tny in\u0161tit\u00fat odborn\u00e9ho vzdel\u00e1vania\"},\"image\":{\"@id\":\"https:\\\/\\\/archiv.siov.sk\\\/#\\\/schema\\\/logo\\\/image\\\/\"},\"sameAs\":[\"https:\\\/\\\/www.facebook.com\\\/Statnyinstitutodbornehovzdelavania\"]},{\"@type\":\"Person\",\"@id\":\"https:\\\/\\\/archiv.siov.sk\\\/#\\\/schema\\\/person\\\/cd5e238f461d845b603811e5c041307d\",\"name\":\"Tom\u00e1\u0161 Rus\u0148\u00e1k\",\"url\":\"https:\\\/\\\/archiv.siov.sk\\\/en\\\/author\\\/adminsiov\\\/\"}]}<\/script>\n<!-- \/ Yoast SEO plugin. -->","yoast_head_json":{"title":"Konferencia EPALE 2021 - \u0160IOV - \u0161t\u00e1tny in\u0161tit\u00fat odborn\u00e9ho vzdel\u00e1vania","robots":{"index":"index","follow":"follow","max-snippet":"max-snippet:-1","max-image-preview":"max-image-preview:large","max-video-preview":"max-video-preview:-1"},"canonical":"https:\/\/archiv.siov.sk\/en\/epale-konferencia-2021\/","og_locale":"en_GB","og_type":"article","og_title":"Konferencia EPALE 2021 - \u0160IOV - \u0161t\u00e1tny in\u0161tit\u00fat odborn\u00e9ho vzdel\u00e1vania","og_description":"N\u00e1rodn\u00e1 podporn\u00e1 slu\u017eba&nbsp;EPALE Slovensko&nbsp;v\u00e1s poz\u00fdva na&nbsp;konferenciu, ktor\u00e1 sa uskuto\u010dn\u00ed d\u0148a&nbsp;11. 02. 2021&nbsp;v \u010dase od 10:00 &#8211; 15:00 hod. Cie\u013e konferencie: diskutova\u0165 o pr\u00ednosoch efekt\u00edvnych polit\u00edk vzdel\u00e1vania dospel\u00fdch a&nbsp;d\u00f4sledkoch ich absencie na Slovensku, pribl\u00ed\u017ei\u0165 ciele nov\u00fdch strategick\u00fdch dokumentov E\u00da v&nbsp;tejto oblasti predstavi\u0165 aktu\u00e1lnu situ\u00e1ciu v&nbsp;\u00fa\u010dasti dospel\u00fdch na neform\u00e1lnom a&nbsp;form\u00e1lnom vzdel\u00e1van\u00ed na Slovensku na z\u00e1klade aktu\u00e1lnych v\u00fdsledkov [&hellip;]","og_url":"https:\/\/archiv.siov.sk\/en\/epale-konferencia-2021\/","og_site_name":"\u0160IOV - \u0161t\u00e1tny in\u0161tit\u00fat odborn\u00e9ho vzdel\u00e1vania","article_publisher":"https:\/\/www.facebook.com\/Statnyinstitutodbornehovzdelavania","article_published_time":"2021-02-08T09:51:50+00:00","article_modified_time":"2021-02-08T15:32:10+00:00","og_image":[{"width":100,"height":100,"url":"https:\/\/archiv.siov.sk\/wp-content\/uploads\/2021\/02\/epale-modry-strom.png","type":"image\/png"}],"author":"Tom\u00e1\u0161 Rus\u0148\u00e1k","twitter_card":"summary_large_image","twitter_misc":{"Written by":"Tom\u00e1\u0161 Rus\u0148\u00e1k","Estimated reading time":"2 minutes"},"schema":{"@context":"https:\/\/schema.org","@graph":[{"@type":"Article","@id":"https:\/\/archiv.siov.sk\/epale-konferencia-2021\/#article","isPartOf":{"@id":"https:\/\/archiv.siov.sk\/epale-konferencia-2021\/"},"author":{"name":"Tom\u00e1\u0161 Rus\u0148\u00e1k","@id":"https:\/\/archiv.siov.sk\/#\/schema\/person\/cd5e238f461d845b603811e5c041307d"},"headline":"Konferencia EPALE 2021","datePublished":"2021-02-08T09:51:50+00:00","dateModified":"2021-02-08T15:32:10+00:00","mainEntityOfPage":{"@id":"https:\/\/archiv.siov.sk\/epale-konferencia-2021\/"},"wordCount":369,"publisher":{"@id":"https:\/\/archiv.siov.sk\/#organization"},"image":{"@id":"https:\/\/archiv.siov.sk\/epale-konferencia-2021\/#primaryimage"},"thumbnailUrl":"https:\/\/archiv.siov.sk\/wp-content\/uploads\/2021\/02\/epale-modry-strom.png","articleSection":["Aktuality v \u010dase koronav\u00edrusu"],"inLanguage":"en-GB"},{"@type":"WebPage","@id":"https:\/\/archiv.siov.sk\/epale-konferencia-2021\/","url":"https:\/\/archiv.siov.sk\/epale-konferencia-2021\/","name":"Konferencia EPALE 2021 - \u0160IOV - \u0161t\u00e1tny in\u0161tit\u00fat odborn\u00e9ho vzdel\u00e1vania","isPartOf":{"@id":"https:\/\/archiv.siov.sk\/#website"},"primaryImageOfPage":{"@id":"https:\/\/archiv.siov.sk\/epale-konferencia-2021\/#primaryimage"},"image":{"@id":"https:\/\/archiv.siov.sk\/epale-konferencia-2021\/#primaryimage"},"thumbnailUrl":"https:\/\/archiv.siov.sk\/wp-content\/uploads\/2021\/02\/epale-modry-strom.png","datePublished":"2021-02-08T09:51:50+00:00","dateModified":"2021-02-08T15:32:10+00:00","breadcrumb":{"@id":"https:\/\/archiv.siov.sk\/epale-konferencia-2021\/#breadcrumb"},"inLanguage":"en-GB","potentialAction":[{"@type":"ReadAction","target":["https:\/\/archiv.siov.sk\/epale-konferencia-2021\/"]}]},{"@type":"ImageObject","inLanguage":"en-GB","@id":"https:\/\/archiv.siov.sk\/epale-konferencia-2021\/#primaryimage","url":"https:\/\/archiv.siov.sk\/wp-content\/uploads\/2021\/02\/epale-modry-strom.png","contentUrl":"https:\/\/archiv.siov.sk\/wp-content\/uploads\/2021\/02\/epale-modry-strom.png","width":100,"height":100},{"@type":"BreadcrumbList","@id":"https:\/\/archiv.siov.sk\/epale-konferencia-2021\/#breadcrumb","itemListElement":[{"@type":"ListItem","position":1,"name":"Home","item":"https:\/\/archiv.siov.sk\/"},{"@type":"ListItem","position":2,"name":"Konferencia EPALE 2021"}]},{"@type":"WebSite","@id":"https:\/\/archiv.siov.sk\/#website","url":"https:\/\/archiv.siov.sk\/","name":"\u0160IOV - \u0161t\u00e1tny in\u0161tit\u00fat odborn\u00e9ho vzdel\u00e1vania","description":"","publisher":{"@id":"https:\/\/archiv.siov.sk\/#organization"},"potentialAction":[{"@type":"SearchAction","target":{"@type":"EntryPoint","urlTemplate":"https:\/\/archiv.siov.sk\/?s={search_term_string}"},"query-input":{"@type":"PropertyValueSpecification","valueRequired":true,"valueName":"search_term_string"}}],"inLanguage":"en-GB"},{"@type":"Organization","@id":"https:\/\/archiv.siov.sk\/#organization","name":"\u0160IOV - \u0161t\u00e1tny in\u0161tit\u00fat odborn\u00e9ho vzdel\u00e1vania","url":"https:\/\/archiv.siov.sk\/","logo":{"@type":"ImageObject","inLanguage":"en-GB","@id":"https:\/\/archiv.siov.sk\/#\/schema\/logo\/image\/","url":"https:\/\/archiv.siov.sk\/wp-content\/uploads\/2024\/02\/logo-SIOV.png","contentUrl":"https:\/\/archiv.siov.sk\/wp-content\/uploads\/2024\/02\/logo-SIOV.png","width":431,"height":143,"caption":"\u0160IOV - \u0161t\u00e1tny in\u0161tit\u00fat odborn\u00e9ho vzdel\u00e1vania"},"image":{"@id":"https:\/\/archiv.siov.sk\/#\/schema\/logo\/image\/"},"sameAs":["https:\/\/www.facebook.com\/Statnyinstitutodbornehovzdelavania"]},{"@type":"Person","@id":"https:\/\/archiv.siov.sk\/#\/schema\/person\/cd5e238f461d845b603811e5c041307d","name":"Tom\u00e1\u0161 Rus\u0148\u00e1k","url":"https:\/\/archiv.siov.sk\/en\/author\/adminsiov\/"}]}},"_links":{"self":[{"href":"https:\/\/archiv.siov.sk\/en\/wp-json\/wp\/v2\/posts\/7206","targetHints":{"allow":["GET"]}}],"collection":[{"href":"https:\/\/archiv.siov.sk\/en\/wp-json\/wp\/v2\/posts"}],"about":[{"href":"https:\/\/archiv.siov.sk\/en\/wp-json\/wp\/v2\/types\/post"}],"author":[{"embeddable":true,"href":"https:\/\/archiv.siov.sk\/en\/wp-json\/wp\/v2\/users\/4"}],"replies":[{"embeddable":true,"href":"https:\/\/archiv.siov.sk\/en\/wp-json\/wp\/v2\/comments?post=7206"}],"version-history":[{"count":3,"href":"https:\/\/archiv.siov.sk\/en\/wp-json\/wp\/v2\/posts\/7206\/revisions"}],"predecessor-version":[{"id":7213,"href":"https:\/\/archiv.siov.sk\/en\/wp-json\/wp\/v2\/posts\/7206\/revisions\/7213"}],"wp:featuredmedia":[{"embeddable":true,"href":"https:\/\/archiv.siov.sk\/en\/wp-json\/wp\/v2\/media\/7207"}],"wp:attachment":[{"href":"https:\/\/archiv.siov.sk\/en\/wp-json\/wp\/v2\/media?parent=7206"}],"wp:term":[{"taxonomy":"category","embeddable":true,"href":"https:\/\/archiv.siov.sk\/en\/wp-json\/wp\/v2\/categories?post=7206"},{"taxonomy":"post_tag","embeddable":true,"href":"https:\/\/archiv.siov.sk\/en\/wp-json\/wp\/v2\/tags?post=7206"}],"curies":[{"name":"wp","href":"https:\/\/api.w.org\/{rel}","templated":true}]}}