{"id":7141,"date":"2021-01-28T13:55:58","date_gmt":"2021-01-28T12:55:58","guid":{"rendered":"https:\/\/archiv.siov.sk\/?p=7141"},"modified":"2021-01-28T14:31:22","modified_gmt":"2021-01-28T13:31:22","slug":"odporucania-cedefopu-a-europskej-komisie-na-podporu-uciacich-sa","status":"publish","type":"post","link":"https:\/\/archiv.siov.sk\/en\/odporucania-cedefopu-a-europskej-komisie-na-podporu-uciacich-sa\/","title":{"rendered":"Odpor\u00fa\u010dania Cedefopu a Eur\u00f3pskej komisie na podporu u\u010diacich sa"},"content":{"rendered":"<p style=\"text-align: left;\">Decembrov\u00e1 stru\u010dn\u00e1 spr\u00e1va Cedefopu upozor\u0148uje na potrebu reakcie na zmeny na trhu pr\u00e1ce. V d\u00f4sledku technologick\u00fdch zmien, ale aj v&nbsp;d\u00f4sledku pand\u00e9mie, je potrebn\u00e9 prist\u00fapi\u0165 k systematick\u00e9mu zvy\u0161ovaniu \u00farovne zru\u010dnost\u00ed alebo z\u00edskavaniu nov\u00fdch zru\u010dnost\u00ed. Eur\u00f3psky program v&nbsp;oblasti zru\u010dnost\u00ed, prijat\u00fd v&nbsp;roku 2020, podporuje my\u0161lienku individu\u00e1lnych vzdel\u00e1vac\u00edch \u00fa\u010dtov, o ktorej sa u\u017e nieko\u013eko rokov diskutuje aj u&nbsp;n\u00e1s. Vzdel\u00e1vacie \u00fa\u010dty m\u00f4\u017eu zv\u00fd\u0161i\u0165 \u00fa\u010dinnos\u0165 vzdel\u00e1vania, najm\u00e4 ak bud\u00fa prepojen\u00e9 na poradenstvo a&nbsp;syst\u00e9m valid\u00e1cie, ktor\u00fd zatia\u013e nem\u00e1me a&nbsp;ktor\u00fd umo\u017en\u00ed z\u00edska\u0165 doklad o&nbsp;kvalifik\u00e1cii aj mimo tradi\u010dn\u00e9ho vzdel\u00e1vania v&nbsp;\u0161kole. Odpor\u00fa\u010da sa z\u00edskavanie \u201emal\u00fdch\u201c kvalifik\u00e1ci\u00ed a&nbsp;dokladov o&nbsp;kvalifik\u00e1cii (micro-credentials), ktor\u00e9 by doplnili doteraj\u0161\u00ed syst\u00e9m \u201eve\u013ek\u00fdch\u201c kvalifik\u00e1ci\u00ed vy\u017eaduj\u00facich viacro\u010dn\u00e9 vzdel\u00e1vanie. Vzdel\u00e1vacie \u00fa\u010dty, zavedenie \u201emal\u00fdch\u201c kvalifik\u00e1ci\u00ed a&nbsp;finan\u010dnej podpory vzdel\u00e1vania m\u00f4\u017ee pom\u00f4c\u0165 zachyti\u0165 aj \u013eud\u00ed, ktor\u00ed s\u00fa na okraji spolo\u010dnosti, \u010di u\u017e v&nbsp;d\u00f4sledku vlastn\u00fdch ch\u00fdb, alebo medzier v&nbsp;doteraj\u0161om syst\u00e9me. Flexibiln\u00e9 a bezplatn\u00e9 poradenstvo by malo by\u0165 pr\u00edstupn\u00e9 jednotlivcom v\u017edy, ke\u010f to potrebuj\u00fa, malo by sa prisp\u00f4sobova\u0165 ich konkr\u00e9tnym potreb\u00e1m a malo by obsahova\u0165 mo\u017enos\u0165 valid\u00e1cie nadobudnut\u00fdch vedomost\u00ed a&nbsp;zru\u010dnost\u00ed. Poradenstvo by malo pon\u00faka\u0165 inform\u00e1cie o v\u00fdhod\u00e1ch valid\u00e1cie a malo by by\u0165 jednotlivcovi k dispoz\u00edcii vo v\u0161etk\u00fdch \u0161tyroch f\u00e1zach procesu valid\u00e1cie zru\u010dnost\u00ed, ktor\u00fd sa za\u010d\u00edna person\u00e1lnym auditom na zistenie nadobudnut\u00fdch zru\u010dnost\u00ed a&nbsp;zav\u0155\u0161i sa z\u00edskan\u00edm dokladu. D\u00f4le\u017eit\u00e1 je podpora rozvoja zru\u010dnost\u00ed na riadenie vlastnej kari\u00e9ry po\u010das cel\u00e9ho \u017eivota.<\/p>\n<p style=\"text-align: left;\"><a href=\"http:\/\/www.refernet.sk\/images\/news\/files\/Pomoc_%C4%BEu%C4%8Fom_zvl%C3%A1dnu%C5%A5_zmenu_SSC_december_2020.pdf\"><img decoding=\"async\" class=\"alignnone size-full wp-image-302\" src=\"https:\/\/archiv.siov.sk\/wp-content\/uploads\/2019\/01\/pdf.png\" alt=\"pdf\" width=\"47\" height=\"57\"> Decembrov\u00e1 stru\u010dn\u00e1 spr\u00e1va Cedefopu<\/a>&nbsp;<\/p>\n<p style=\"text-align: left;\"><a href=\"http:\/\/www.refernet.sk\/images\/news\/files\/Pomoc_%C4%BEu%C4%8Fom_zvl%C3%A1dnu%C5%A5_zmenu_SSC_december_2020.pdf\"><img decoding=\"async\" class=\"alignnone size-full wp-image-302\" src=\"https:\/\/archiv.siov.sk\/wp-content\/uploads\/2019\/01\/pdf.png\" alt=\"pdf\" width=\"47\" height=\"57\"><\/a><a href=\"https:\/\/eur-lex.europa.eu\/legal-content\/SK\/TXT\/PDF\/?uri=CELEX:52020DC0274&amp;from=SK\"> Eur\u00f3psky program v&nbsp;oblasti zru\u010dnost\u00ed<\/a>&nbsp;<\/p>","protected":false},"excerpt":{"rendered":"<p>Decembrov\u00e1 stru\u010dn\u00e1 spr\u00e1va Cedefopu upozor\u0148uje na potrebu reakcie na zmeny na trhu pr\u00e1ce. V d\u00f4sledku technologick\u00fdch zmien, ale aj v&nbsp;d\u00f4sledku pand\u00e9mie, je potrebn\u00e9 prist\u00fapi\u0165 k systematick\u00e9mu zvy\u0161ovaniu \u00farovne zru\u010dnost\u00ed alebo z\u00edskavaniu nov\u00fdch zru\u010dnost\u00ed. Eur\u00f3psky program v&nbsp;oblasti zru\u010dnost\u00ed, prijat\u00fd v&nbsp;roku 2020, podporuje my\u0161lienku individu\u00e1lnych vzdel\u00e1vac\u00edch \u00fa\u010dtov, o ktorej sa u\u017e nieko\u013eko rokov diskutuje aj u&nbsp;n\u00e1s. Vzdel\u00e1vacie [&hellip;]<\/p>\n","protected":false},"author":6,"featured_media":7146,"comment_status":"closed","ping_status":"closed","sticky":false,"template":"","format":"standard","meta":{"site-sidebar-layout":"default","site-content-layout":"","ast-site-content-layout":"default","site-content-style":"default","site-sidebar-style":"default","ast-global-header-display":"","ast-banner-title-visibility":"","ast-main-header-display":"","ast-hfb-above-header-display":"","ast-hfb-below-header-display":"","ast-hfb-mobile-header-display":"","site-post-title":"","ast-breadcrumbs-content":"","ast-featured-img":"","footer-sml-layout":"","ast-disable-related-posts":"","theme-transparent-header-meta":"","adv-header-id-meta":"","stick-header-meta":"","header-above-stick-meta":"","header-main-stick-meta":"","header-below-stick-meta":"","astra-migrate-meta-layouts":"default","ast-page-background-enabled":"default","ast-page-background-meta":{"desktop":{"background-color":"var(--ast-global-color-4)","background-image":"","background-repeat":"repeat","background-position":"center center","background-size":"auto","background-attachment":"scroll","background-type":"","background-media":"","overlay-type":"","overlay-color":"","overlay-opacity":"","overlay-gradient":""},"tablet":{"background-color":"","background-image":"","background-repeat":"repeat","background-position":"center center","background-size":"auto","background-attachment":"scroll","background-type":"","background-media":"","overlay-type":"","overlay-color":"","overlay-opacity":"","overlay-gradient":""},"mobile":{"background-color":"","background-image":"","background-repeat":"repeat","background-position":"center center","background-size":"auto","background-attachment":"scroll","background-type":"","background-media":"","overlay-type":"","overlay-color":"","overlay-opacity":"","overlay-gradient":""}},"ast-content-background-meta":{"desktop":{"background-color":"var(--ast-global-color-5)","background-image":"","background-repeat":"repeat","background-position":"center center","background-size":"auto","background-attachment":"scroll","background-type":"","background-media":"","overlay-type":"","overlay-color":"","overlay-opacity":"","overlay-gradient":""},"tablet":{"background-color":"var(--ast-global-color-5)","background-image":"","background-repeat":"repeat","background-position":"center center","background-size":"auto","background-attachment":"scroll","background-type":"","background-media":"","overlay-type":"","overlay-color":"","overlay-opacity":"","overlay-gradient":""},"mobile":{"background-color":"var(--ast-global-color-5)","background-image":"","background-repeat":"repeat","background-position":"center center","background-size":"auto","background-attachment":"scroll","background-type":"","background-media":"","overlay-type":"","overlay-color":"","overlay-opacity":"","overlay-gradient":""}},"footnotes":""},"categories":[1,9],"tags":[],"class_list":["post-7141","post","type-post","status-publish","format-standard","has-post-thumbnail","hentry","category-aktuality","category-aktuality-v-case-koronavirusu"],"yoast_head":"<!-- This site is optimized with the Yoast SEO plugin v27.5 - https:\/\/yoast.com\/product\/yoast-seo-wordpress\/ -->\n<title>Odpor\u00fa\u010dania Cedefopu a Eur\u00f3pskej komisie na podporu u\u010diacich sa - \u0160IOV - \u0161t\u00e1tny in\u0161tit\u00fat odborn\u00e9ho vzdel\u00e1vania<\/title>\n<meta name=\"robots\" content=\"index, follow, max-snippet:-1, max-image-preview:large, max-video-preview:-1\" \/>\n<link rel=\"canonical\" href=\"https:\/\/archiv.siov.sk\/en\/odporucania-cedefopu-a-europskej-komisie-na-podporu-uciacich-sa\/\" \/>\n<meta property=\"og:locale\" content=\"en_GB\" \/>\n<meta property=\"og:type\" content=\"article\" \/>\n<meta property=\"og:title\" content=\"Odpor\u00fa\u010dania Cedefopu a Eur\u00f3pskej komisie na podporu u\u010diacich sa - \u0160IOV - \u0161t\u00e1tny in\u0161tit\u00fat odborn\u00e9ho vzdel\u00e1vania\" \/>\n<meta property=\"og:description\" content=\"Decembrov\u00e1 stru\u010dn\u00e1 spr\u00e1va Cedefopu upozor\u0148uje na potrebu reakcie na zmeny na trhu pr\u00e1ce. V d\u00f4sledku technologick\u00fdch zmien, ale aj v&nbsp;d\u00f4sledku pand\u00e9mie, je potrebn\u00e9 prist\u00fapi\u0165 k systematick\u00e9mu zvy\u0161ovaniu \u00farovne zru\u010dnost\u00ed alebo z\u00edskavaniu nov\u00fdch zru\u010dnost\u00ed. Eur\u00f3psky program v&nbsp;oblasti zru\u010dnost\u00ed, prijat\u00fd v&nbsp;roku 2020, podporuje my\u0161lienku individu\u00e1lnych vzdel\u00e1vac\u00edch \u00fa\u010dtov, o ktorej sa u\u017e nieko\u013eko rokov diskutuje aj u&nbsp;n\u00e1s. Vzdel\u00e1vacie [&hellip;]\" \/>\n<meta property=\"og:url\" content=\"https:\/\/archiv.siov.sk\/en\/odporucania-cedefopu-a-europskej-komisie-na-podporu-uciacich-sa\/\" \/>\n<meta property=\"og:site_name\" content=\"\u0160IOV - \u0161t\u00e1tny in\u0161tit\u00fat odborn\u00e9ho vzdel\u00e1vania\" \/>\n<meta property=\"article:publisher\" content=\"https:\/\/www.facebook.com\/Statnyinstitutodbornehovzdelavania\" \/>\n<meta property=\"article:published_time\" content=\"2021-01-28T12:55:58+00:00\" \/>\n<meta property=\"article:modified_time\" content=\"2021-01-28T13:31:22+00:00\" \/>\n<meta property=\"og:image\" content=\"https:\/\/archiv.siov.sk\/wp-content\/uploads\/2021\/01\/Cedefop_logo-e1635322535143.jpg\" \/>\n\t<meta property=\"og:image:width\" content=\"460\" \/>\n\t<meta property=\"og:image:height\" content=\"151\" \/>\n\t<meta property=\"og:image:type\" content=\"image\/jpeg\" \/>\n<meta name=\"author\" content=\"Katar\u00edna Kov\u00e1\u010dov\u00e1\" \/>\n<meta name=\"twitter:card\" content=\"summary_large_image\" \/>\n<meta name=\"twitter:label1\" content=\"Written by\" \/>\n\t<meta name=\"twitter:data1\" content=\"Katar\u00edna Kov\u00e1\u010dov\u00e1\" \/>\n\t<meta name=\"twitter:label2\" content=\"Estimated reading time\" \/>\n\t<meta name=\"twitter:data2\" content=\"2 minutes\" \/>\n<script type=\"application\/ld+json\" class=\"yoast-schema-graph\">{\"@context\":\"https:\\\/\\\/schema.org\",\"@graph\":[{\"@type\":\"Article\",\"@id\":\"https:\\\/\\\/archiv.siov.sk\\\/odporucania-cedefopu-a-europskej-komisie-na-podporu-uciacich-sa\\\/#article\",\"isPartOf\":{\"@id\":\"https:\\\/\\\/archiv.siov.sk\\\/odporucania-cedefopu-a-europskej-komisie-na-podporu-uciacich-sa\\\/\"},\"author\":{\"name\":\"Katar\u00edna Kov\u00e1\u010dov\u00e1\",\"@id\":\"https:\\\/\\\/archiv.siov.sk\\\/#\\\/schema\\\/person\\\/e42d633fbd958c6a726e8834d8965e6c\"},\"headline\":\"Odpor\u00fa\u010dania Cedefopu a Eur\u00f3pskej komisie na podporu u\u010diacich sa\",\"datePublished\":\"2021-01-28T12:55:58+00:00\",\"dateModified\":\"2021-01-28T13:31:22+00:00\",\"mainEntityOfPage\":{\"@id\":\"https:\\\/\\\/archiv.siov.sk\\\/odporucania-cedefopu-a-europskej-komisie-na-podporu-uciacich-sa\\\/\"},\"wordCount\":354,\"publisher\":{\"@id\":\"https:\\\/\\\/archiv.siov.sk\\\/#organization\"},\"image\":{\"@id\":\"https:\\\/\\\/archiv.siov.sk\\\/odporucania-cedefopu-a-europskej-komisie-na-podporu-uciacich-sa\\\/#primaryimage\"},\"thumbnailUrl\":\"https:\\\/\\\/archiv.siov.sk\\\/wp-content\\\/uploads\\\/2021\\\/01\\\/Cedefop_logo-e1635322535143.jpg\",\"articleSection\":[\"Aktuality\",\"Aktuality v \u010dase koronav\u00edrusu\"],\"inLanguage\":\"en-GB\"},{\"@type\":\"WebPage\",\"@id\":\"https:\\\/\\\/archiv.siov.sk\\\/odporucania-cedefopu-a-europskej-komisie-na-podporu-uciacich-sa\\\/\",\"url\":\"https:\\\/\\\/archiv.siov.sk\\\/odporucania-cedefopu-a-europskej-komisie-na-podporu-uciacich-sa\\\/\",\"name\":\"Odpor\u00fa\u010dania Cedefopu a Eur\u00f3pskej komisie na podporu u\u010diacich sa - \u0160IOV - \u0161t\u00e1tny in\u0161tit\u00fat odborn\u00e9ho vzdel\u00e1vania\",\"isPartOf\":{\"@id\":\"https:\\\/\\\/archiv.siov.sk\\\/#website\"},\"primaryImageOfPage\":{\"@id\":\"https:\\\/\\\/archiv.siov.sk\\\/odporucania-cedefopu-a-europskej-komisie-na-podporu-uciacich-sa\\\/#primaryimage\"},\"image\":{\"@id\":\"https:\\\/\\\/archiv.siov.sk\\\/odporucania-cedefopu-a-europskej-komisie-na-podporu-uciacich-sa\\\/#primaryimage\"},\"thumbnailUrl\":\"https:\\\/\\\/archiv.siov.sk\\\/wp-content\\\/uploads\\\/2021\\\/01\\\/Cedefop_logo-e1635322535143.jpg\",\"datePublished\":\"2021-01-28T12:55:58+00:00\",\"dateModified\":\"2021-01-28T13:31:22+00:00\",\"breadcrumb\":{\"@id\":\"https:\\\/\\\/archiv.siov.sk\\\/odporucania-cedefopu-a-europskej-komisie-na-podporu-uciacich-sa\\\/#breadcrumb\"},\"inLanguage\":\"en-GB\",\"potentialAction\":[{\"@type\":\"ReadAction\",\"target\":[\"https:\\\/\\\/archiv.siov.sk\\\/odporucania-cedefopu-a-europskej-komisie-na-podporu-uciacich-sa\\\/\"]}]},{\"@type\":\"ImageObject\",\"inLanguage\":\"en-GB\",\"@id\":\"https:\\\/\\\/archiv.siov.sk\\\/odporucania-cedefopu-a-europskej-komisie-na-podporu-uciacich-sa\\\/#primaryimage\",\"url\":\"https:\\\/\\\/archiv.siov.sk\\\/wp-content\\\/uploads\\\/2021\\\/01\\\/Cedefop_logo-e1635322535143.jpg\",\"contentUrl\":\"https:\\\/\\\/archiv.siov.sk\\\/wp-content\\\/uploads\\\/2021\\\/01\\\/Cedefop_logo-e1635322535143.jpg\",\"width\":460,\"height\":151},{\"@type\":\"BreadcrumbList\",\"@id\":\"https:\\\/\\\/archiv.siov.sk\\\/odporucania-cedefopu-a-europskej-komisie-na-podporu-uciacich-sa\\\/#breadcrumb\",\"itemListElement\":[{\"@type\":\"ListItem\",\"position\":1,\"name\":\"Home\",\"item\":\"https:\\\/\\\/archiv.siov.sk\\\/\"},{\"@type\":\"ListItem\",\"position\":2,\"name\":\"Odpor\u00fa\u010dania Cedefopu a Eur\u00f3pskej komisie na podporu u\u010diacich sa\"}]},{\"@type\":\"WebSite\",\"@id\":\"https:\\\/\\\/archiv.siov.sk\\\/#website\",\"url\":\"https:\\\/\\\/archiv.siov.sk\\\/\",\"name\":\"\u0160IOV - \u0161t\u00e1tny in\u0161tit\u00fat odborn\u00e9ho vzdel\u00e1vania\",\"description\":\"\",\"publisher\":{\"@id\":\"https:\\\/\\\/archiv.siov.sk\\\/#organization\"},\"potentialAction\":[{\"@type\":\"SearchAction\",\"target\":{\"@type\":\"EntryPoint\",\"urlTemplate\":\"https:\\\/\\\/archiv.siov.sk\\\/?s={search_term_string}\"},\"query-input\":{\"@type\":\"PropertyValueSpecification\",\"valueRequired\":true,\"valueName\":\"search_term_string\"}}],\"inLanguage\":\"en-GB\"},{\"@type\":\"Organization\",\"@id\":\"https:\\\/\\\/archiv.siov.sk\\\/#organization\",\"name\":\"\u0160IOV - \u0161t\u00e1tny in\u0161tit\u00fat odborn\u00e9ho vzdel\u00e1vania\",\"url\":\"https:\\\/\\\/archiv.siov.sk\\\/\",\"logo\":{\"@type\":\"ImageObject\",\"inLanguage\":\"en-GB\",\"@id\":\"https:\\\/\\\/archiv.siov.sk\\\/#\\\/schema\\\/logo\\\/image\\\/\",\"url\":\"https:\\\/\\\/archiv.siov.sk\\\/wp-content\\\/uploads\\\/2024\\\/02\\\/logo-SIOV.png\",\"contentUrl\":\"https:\\\/\\\/archiv.siov.sk\\\/wp-content\\\/uploads\\\/2024\\\/02\\\/logo-SIOV.png\",\"width\":431,\"height\":143,\"caption\":\"\u0160IOV - \u0161t\u00e1tny in\u0161tit\u00fat odborn\u00e9ho vzdel\u00e1vania\"},\"image\":{\"@id\":\"https:\\\/\\\/archiv.siov.sk\\\/#\\\/schema\\\/logo\\\/image\\\/\"},\"sameAs\":[\"https:\\\/\\\/www.facebook.com\\\/Statnyinstitutodbornehovzdelavania\"]},{\"@type\":\"Person\",\"@id\":\"https:\\\/\\\/archiv.siov.sk\\\/#\\\/schema\\\/person\\\/e42d633fbd958c6a726e8834d8965e6c\",\"name\":\"Katar\u00edna Kov\u00e1\u010dov\u00e1\",\"url\":\"https:\\\/\\\/archiv.siov.sk\\\/en\\\/author\\\/katkakovacova\\\/\"}]}<\/script>\n<!-- \/ Yoast SEO plugin. -->","yoast_head_json":{"title":"Odpor\u00fa\u010dania Cedefopu a Eur\u00f3pskej komisie na podporu u\u010diacich sa - \u0160IOV - \u0161t\u00e1tny in\u0161tit\u00fat odborn\u00e9ho vzdel\u00e1vania","robots":{"index":"index","follow":"follow","max-snippet":"max-snippet:-1","max-image-preview":"max-image-preview:large","max-video-preview":"max-video-preview:-1"},"canonical":"https:\/\/archiv.siov.sk\/en\/odporucania-cedefopu-a-europskej-komisie-na-podporu-uciacich-sa\/","og_locale":"en_GB","og_type":"article","og_title":"Odpor\u00fa\u010dania Cedefopu a Eur\u00f3pskej komisie na podporu u\u010diacich sa - \u0160IOV - \u0161t\u00e1tny in\u0161tit\u00fat odborn\u00e9ho vzdel\u00e1vania","og_description":"Decembrov\u00e1 stru\u010dn\u00e1 spr\u00e1va Cedefopu upozor\u0148uje na potrebu reakcie na zmeny na trhu pr\u00e1ce. V d\u00f4sledku technologick\u00fdch zmien, ale aj v&nbsp;d\u00f4sledku pand\u00e9mie, je potrebn\u00e9 prist\u00fapi\u0165 k systematick\u00e9mu zvy\u0161ovaniu \u00farovne zru\u010dnost\u00ed alebo z\u00edskavaniu nov\u00fdch zru\u010dnost\u00ed. Eur\u00f3psky program v&nbsp;oblasti zru\u010dnost\u00ed, prijat\u00fd v&nbsp;roku 2020, podporuje my\u0161lienku individu\u00e1lnych vzdel\u00e1vac\u00edch \u00fa\u010dtov, o ktorej sa u\u017e nieko\u013eko rokov diskutuje aj u&nbsp;n\u00e1s. Vzdel\u00e1vacie [&hellip;]","og_url":"https:\/\/archiv.siov.sk\/en\/odporucania-cedefopu-a-europskej-komisie-na-podporu-uciacich-sa\/","og_site_name":"\u0160IOV - \u0161t\u00e1tny in\u0161tit\u00fat odborn\u00e9ho vzdel\u00e1vania","article_publisher":"https:\/\/www.facebook.com\/Statnyinstitutodbornehovzdelavania","article_published_time":"2021-01-28T12:55:58+00:00","article_modified_time":"2021-01-28T13:31:22+00:00","og_image":[{"width":460,"height":151,"url":"https:\/\/archiv.siov.sk\/wp-content\/uploads\/2021\/01\/Cedefop_logo-e1635322535143.jpg","type":"image\/jpeg"}],"author":"Katar\u00edna Kov\u00e1\u010dov\u00e1","twitter_card":"summary_large_image","twitter_misc":{"Written by":"Katar\u00edna Kov\u00e1\u010dov\u00e1","Estimated reading time":"2 minutes"},"schema":{"@context":"https:\/\/schema.org","@graph":[{"@type":"Article","@id":"https:\/\/archiv.siov.sk\/odporucania-cedefopu-a-europskej-komisie-na-podporu-uciacich-sa\/#article","isPartOf":{"@id":"https:\/\/archiv.siov.sk\/odporucania-cedefopu-a-europskej-komisie-na-podporu-uciacich-sa\/"},"author":{"name":"Katar\u00edna Kov\u00e1\u010dov\u00e1","@id":"https:\/\/archiv.siov.sk\/#\/schema\/person\/e42d633fbd958c6a726e8834d8965e6c"},"headline":"Odpor\u00fa\u010dania Cedefopu a Eur\u00f3pskej komisie na podporu u\u010diacich sa","datePublished":"2021-01-28T12:55:58+00:00","dateModified":"2021-01-28T13:31:22+00:00","mainEntityOfPage":{"@id":"https:\/\/archiv.siov.sk\/odporucania-cedefopu-a-europskej-komisie-na-podporu-uciacich-sa\/"},"wordCount":354,"publisher":{"@id":"https:\/\/archiv.siov.sk\/#organization"},"image":{"@id":"https:\/\/archiv.siov.sk\/odporucania-cedefopu-a-europskej-komisie-na-podporu-uciacich-sa\/#primaryimage"},"thumbnailUrl":"https:\/\/archiv.siov.sk\/wp-content\/uploads\/2021\/01\/Cedefop_logo-e1635322535143.jpg","articleSection":["Aktuality","Aktuality v \u010dase koronav\u00edrusu"],"inLanguage":"en-GB"},{"@type":"WebPage","@id":"https:\/\/archiv.siov.sk\/odporucania-cedefopu-a-europskej-komisie-na-podporu-uciacich-sa\/","url":"https:\/\/archiv.siov.sk\/odporucania-cedefopu-a-europskej-komisie-na-podporu-uciacich-sa\/","name":"Odpor\u00fa\u010dania Cedefopu a Eur\u00f3pskej komisie na podporu u\u010diacich sa - \u0160IOV - \u0161t\u00e1tny in\u0161tit\u00fat odborn\u00e9ho vzdel\u00e1vania","isPartOf":{"@id":"https:\/\/archiv.siov.sk\/#website"},"primaryImageOfPage":{"@id":"https:\/\/archiv.siov.sk\/odporucania-cedefopu-a-europskej-komisie-na-podporu-uciacich-sa\/#primaryimage"},"image":{"@id":"https:\/\/archiv.siov.sk\/odporucania-cedefopu-a-europskej-komisie-na-podporu-uciacich-sa\/#primaryimage"},"thumbnailUrl":"https:\/\/archiv.siov.sk\/wp-content\/uploads\/2021\/01\/Cedefop_logo-e1635322535143.jpg","datePublished":"2021-01-28T12:55:58+00:00","dateModified":"2021-01-28T13:31:22+00:00","breadcrumb":{"@id":"https:\/\/archiv.siov.sk\/odporucania-cedefopu-a-europskej-komisie-na-podporu-uciacich-sa\/#breadcrumb"},"inLanguage":"en-GB","potentialAction":[{"@type":"ReadAction","target":["https:\/\/archiv.siov.sk\/odporucania-cedefopu-a-europskej-komisie-na-podporu-uciacich-sa\/"]}]},{"@type":"ImageObject","inLanguage":"en-GB","@id":"https:\/\/archiv.siov.sk\/odporucania-cedefopu-a-europskej-komisie-na-podporu-uciacich-sa\/#primaryimage","url":"https:\/\/archiv.siov.sk\/wp-content\/uploads\/2021\/01\/Cedefop_logo-e1635322535143.jpg","contentUrl":"https:\/\/archiv.siov.sk\/wp-content\/uploads\/2021\/01\/Cedefop_logo-e1635322535143.jpg","width":460,"height":151},{"@type":"BreadcrumbList","@id":"https:\/\/archiv.siov.sk\/odporucania-cedefopu-a-europskej-komisie-na-podporu-uciacich-sa\/#breadcrumb","itemListElement":[{"@type":"ListItem","position":1,"name":"Home","item":"https:\/\/archiv.siov.sk\/"},{"@type":"ListItem","position":2,"name":"Odpor\u00fa\u010dania Cedefopu a Eur\u00f3pskej komisie na podporu u\u010diacich sa"}]},{"@type":"WebSite","@id":"https:\/\/archiv.siov.sk\/#website","url":"https:\/\/archiv.siov.sk\/","name":"\u0160IOV - \u0161t\u00e1tny in\u0161tit\u00fat odborn\u00e9ho vzdel\u00e1vania","description":"","publisher":{"@id":"https:\/\/archiv.siov.sk\/#organization"},"potentialAction":[{"@type":"SearchAction","target":{"@type":"EntryPoint","urlTemplate":"https:\/\/archiv.siov.sk\/?s={search_term_string}"},"query-input":{"@type":"PropertyValueSpecification","valueRequired":true,"valueName":"search_term_string"}}],"inLanguage":"en-GB"},{"@type":"Organization","@id":"https:\/\/archiv.siov.sk\/#organization","name":"\u0160IOV - \u0161t\u00e1tny in\u0161tit\u00fat odborn\u00e9ho vzdel\u00e1vania","url":"https:\/\/archiv.siov.sk\/","logo":{"@type":"ImageObject","inLanguage":"en-GB","@id":"https:\/\/archiv.siov.sk\/#\/schema\/logo\/image\/","url":"https:\/\/archiv.siov.sk\/wp-content\/uploads\/2024\/02\/logo-SIOV.png","contentUrl":"https:\/\/archiv.siov.sk\/wp-content\/uploads\/2024\/02\/logo-SIOV.png","width":431,"height":143,"caption":"\u0160IOV - \u0161t\u00e1tny in\u0161tit\u00fat odborn\u00e9ho vzdel\u00e1vania"},"image":{"@id":"https:\/\/archiv.siov.sk\/#\/schema\/logo\/image\/"},"sameAs":["https:\/\/www.facebook.com\/Statnyinstitutodbornehovzdelavania"]},{"@type":"Person","@id":"https:\/\/archiv.siov.sk\/#\/schema\/person\/e42d633fbd958c6a726e8834d8965e6c","name":"Katar\u00edna Kov\u00e1\u010dov\u00e1","url":"https:\/\/archiv.siov.sk\/en\/author\/katkakovacova\/"}]}},"_links":{"self":[{"href":"https:\/\/archiv.siov.sk\/en\/wp-json\/wp\/v2\/posts\/7141","targetHints":{"allow":["GET"]}}],"collection":[{"href":"https:\/\/archiv.siov.sk\/en\/wp-json\/wp\/v2\/posts"}],"about":[{"href":"https:\/\/archiv.siov.sk\/en\/wp-json\/wp\/v2\/types\/post"}],"author":[{"embeddable":true,"href":"https:\/\/archiv.siov.sk\/en\/wp-json\/wp\/v2\/users\/6"}],"replies":[{"embeddable":true,"href":"https:\/\/archiv.siov.sk\/en\/wp-json\/wp\/v2\/comments?post=7141"}],"version-history":[{"count":1,"href":"https:\/\/archiv.siov.sk\/en\/wp-json\/wp\/v2\/posts\/7141\/revisions"}],"predecessor-version":[{"id":7142,"href":"https:\/\/archiv.siov.sk\/en\/wp-json\/wp\/v2\/posts\/7141\/revisions\/7142"}],"wp:featuredmedia":[{"embeddable":true,"href":"https:\/\/archiv.siov.sk\/en\/wp-json\/wp\/v2\/media\/7146"}],"wp:attachment":[{"href":"https:\/\/archiv.siov.sk\/en\/wp-json\/wp\/v2\/media?parent=7141"}],"wp:term":[{"taxonomy":"category","embeddable":true,"href":"https:\/\/archiv.siov.sk\/en\/wp-json\/wp\/v2\/categories?post=7141"},{"taxonomy":"post_tag","embeddable":true,"href":"https:\/\/archiv.siov.sk\/en\/wp-json\/wp\/v2\/tags?post=7141"}],"curies":[{"name":"wp","href":"https:\/\/api.w.org\/{rel}","templated":true}]}}