{"id":6982,"date":"2020-12-07T14:27:23","date_gmt":"2020-12-07T13:27:23","guid":{"rendered":"https:\/\/archiv.siov.sk\/?p=6982"},"modified":"2020-12-07T14:27:42","modified_gmt":"2020-12-07T13:27:42","slug":"deklaracia-osnabruck-2020-2","status":"publish","type":"post","link":"https:\/\/archiv.siov.sk\/en\/deklaracia-osnabruck-2020-2\/","title":{"rendered":"Deklar\u00e1cia Osnabr\u00fcck 2020"},"content":{"rendered":"<p>Ministri \u010dlensk\u00fdch \u0161t\u00e1tov, kandid\u00e1tskych kraj\u00edn E\u00da a&nbsp;kraj\u00edn EHP zodpovedn\u00ed za OVP podp\u00edsali 30. novembra 2020 <strong>Deklar\u00e1ciu o&nbsp;OVP ako prostriedku na o\u017eivenie a&nbsp;spravodliv\u00fd prechod k&nbsp;digit\u00e1lnemu a&nbsp;ekologick\u00e9mu hospod\u00e1rstvu<\/strong> (\u010falej \u201eDeklar\u00e1cia Osnabr\u00fcck 2020\u201c). Deklar\u00e1cia vymedzuje s\u00fabor politick\u00fdch opatren\u00ed v&nbsp;OVP na obdobie 2021 \u2013 2025, ktor\u00e9 maj\u00fa doplni\u0165 a implementova\u0165 v\u00edziu a strategick\u00e9 ciele formulovan\u00e9 v <strong>odpor\u00fa\u010dan\u00ed Rady o odbornom vzdel\u00e1van\u00ed a pr\u00edprave pre udr\u017eate\u013en\u00fa konkurencieschopnos\u0165, soci\u00e1lnu spravodlivos\u0165 a odolnos\u0165.<\/strong><\/p>\n<p>Cie\u013eom Deklar\u00e1cie je <strong>prispie\u0165 k zotaveniu po pand\u00e9mii COVID 19<\/strong> a \u010fal\u0161\u00ed rozvoj eur\u00f3pskeho priestoru vzdel\u00e1vania a odbornej pr\u00edpravy prostredn\u00edctvom <strong>inovat\u00edvnych syst\u00e9mov vzdel\u00e1vania a odbornej pr\u00edpravy zameran\u00fdch na bud\u00facnos\u0165 s cie\u013eom podpori\u0165 digit\u00e1lny a zelen\u00fd prechod<\/strong> a lep\u0161iu zamestnate\u013enos\u0165 a konkurencieschopnos\u0165 a stimulova\u0165 hospod\u00e1rsky rast.<\/p>\n<p>Ber\u00fac do \u00favahy n\u00e1vrh odpor\u00fa\u010dania Rady o OVP pre udr\u017eate\u013en\u00fa konkurencieschopnos\u0165, soci\u00e1lnu spravodlivos\u0165 a odolnos\u0165, ako aj aktualizovan\u00fa eur\u00f3psku agendu zru\u010dnost\u00ed<strong>, Osnabr\u00fccksk\u00e1 deklar\u00e1cia sa zameriava na \u0161tyri hlavn\u00e9 oblasti na roky 2021 a\u017e 2025:<\/strong><\/p>\n<ol>\n<li>Odolnos\u0165 a excelentnos\u0165 prostredn\u00edctvom kvalitn\u00e9ho, inkluz\u00edvneho a flexibiln\u00e9ho OVP<\/li>\n<li>Vytvorenie novej kult\u00fary celo\u017eivotn\u00e9ho vzdel\u00e1vania &#8211; v\u00fdznam \u010fal\u0161ieho vzdel\u00e1vania a digitaliz\u00e1cie<\/li>\n<li>Udr\u017eate\u013enos\u0165 &#8211; zelen\u00fd odkaz v OVP<\/li>\n<li>Eur\u00f3psky priestor vzdel\u00e1vania a odbornej pr\u00edpravy a medzin\u00e1rodn\u00e9 OVP<\/li>\n<\/ol>\n<p>&nbsp;<\/p>\n<p><a href=\"https:\/\/archiv.siov.sk\/wp-content\/uploads\/2020\/12\/DEKLARACIA-OSNABRUCK-2020-SK.pdf\"><img decoding=\"async\" class=\"alignnone wp-image-5715\" src=\"https:\/\/archiv.siov.sk\/wp-content\/uploads\/2020\/04\/pdf.png\" alt=\"\" width=\"29\" height=\"29\" srcset=\"https:\/\/archiv.siov.sk\/wp-content\/uploads\/2020\/04\/pdf.png 300w, https:\/\/archiv.siov.sk\/wp-content\/uploads\/2020\/04\/pdf-150x150.png 150w\" sizes=\"(max-width: 29px) 100vw, 29px\" \/>Text deklar\u00e1cie Osnabr\u00fcck 2020<\/a><\/p>\n<p><a href=\"https:\/\/archiv.siov.sk\/wp-content\/uploads\/2020\/12\/DEKLARACIA-OSNABRUCK-2020-SK.pdf\"><img decoding=\"async\" class=\"alignnone wp-image-5715\" src=\"https:\/\/archiv.siov.sk\/wp-content\/uploads\/2020\/04\/pdf.png\" alt=\"\" width=\"30\" height=\"30\" srcset=\"https:\/\/archiv.siov.sk\/wp-content\/uploads\/2020\/04\/pdf.png 300w, https:\/\/archiv.siov.sk\/wp-content\/uploads\/2020\/04\/pdf-150x150.png 150w\" sizes=\"(max-width: 30px) 100vw, 30px\" \/><\/a><a href=\"https:\/\/archiv.siov.sk\/wp-content\/uploads\/2020\/12\/OS-Declaration-final-draft-for-DGVT-11-11-2020-_FV-for-ministers.pdf\">The Osnabr\u00fcck Declaration 2020<\/a><\/p>\n<p>&nbsp;<\/p>\n<p>&nbsp;<\/p>","protected":false},"excerpt":{"rendered":"<p>Ministri \u010dlensk\u00fdch \u0161t\u00e1tov, kandid\u00e1tskych kraj\u00edn E\u00da a&nbsp;kraj\u00edn EHP zodpovedn\u00ed za OVP podp\u00edsali 30. novembra 2020 Deklar\u00e1ciu o&nbsp;OVP ako prostriedku na o\u017eivenie a&nbsp;spravodliv\u00fd prechod k&nbsp;digit\u00e1lnemu a&nbsp;ekologick\u00e9mu hospod\u00e1rstvu (\u010falej \u201eDeklar\u00e1cia Osnabr\u00fcck 2020\u201c). Deklar\u00e1cia vymedzuje s\u00fabor politick\u00fdch opatren\u00ed v&nbsp;OVP na obdobie 2021 \u2013 2025, ktor\u00e9 maj\u00fa doplni\u0165 a implementova\u0165 v\u00edziu a strategick\u00e9 ciele formulovan\u00e9 v odpor\u00fa\u010dan\u00ed Rady o [&hellip;]<\/p>\n","protected":false},"author":6,"featured_media":3894,"comment_status":"closed","ping_status":"closed","sticky":false,"template":"","format":"standard","meta":{"site-sidebar-layout":"default","site-content-layout":"","ast-site-content-layout":"default","site-content-style":"default","site-sidebar-style":"default","ast-global-header-display":"","ast-banner-title-visibility":"","ast-main-header-display":"","ast-hfb-above-header-display":"","ast-hfb-below-header-display":"","ast-hfb-mobile-header-display":"","site-post-title":"","ast-breadcrumbs-content":"","ast-featured-img":"","footer-sml-layout":"","ast-disable-related-posts":"","theme-transparent-header-meta":"","adv-header-id-meta":"","stick-header-meta":"","header-above-stick-meta":"","header-main-stick-meta":"","header-below-stick-meta":"","astra-migrate-meta-layouts":"default","ast-page-background-enabled":"default","ast-page-background-meta":{"desktop":{"background-color":"var(--ast-global-color-4)","background-image":"","background-repeat":"repeat","background-position":"center center","background-size":"auto","background-attachment":"scroll","background-type":"","background-media":"","overlay-type":"","overlay-color":"","overlay-opacity":"","overlay-gradient":""},"tablet":{"background-color":"","background-image":"","background-repeat":"repeat","background-position":"center center","background-size":"auto","background-attachment":"scroll","background-type":"","background-media":"","overlay-type":"","overlay-color":"","overlay-opacity":"","overlay-gradient":""},"mobile":{"background-color":"","background-image":"","background-repeat":"repeat","background-position":"center center","background-size":"auto","background-attachment":"scroll","background-type":"","background-media":"","overlay-type":"","overlay-color":"","overlay-opacity":"","overlay-gradient":""}},"ast-content-background-meta":{"desktop":{"background-color":"var(--ast-global-color-5)","background-image":"","background-repeat":"repeat","background-position":"center center","background-size":"auto","background-attachment":"scroll","background-type":"","background-media":"","overlay-type":"","overlay-color":"","overlay-opacity":"","overlay-gradient":""},"tablet":{"background-color":"var(--ast-global-color-5)","background-image":"","background-repeat":"repeat","background-position":"center center","background-size":"auto","background-attachment":"scroll","background-type":"","background-media":"","overlay-type":"","overlay-color":"","overlay-opacity":"","overlay-gradient":""},"mobile":{"background-color":"var(--ast-global-color-5)","background-image":"","background-repeat":"repeat","background-position":"center center","background-size":"auto","background-attachment":"scroll","background-type":"","background-media":"","overlay-type":"","overlay-color":"","overlay-opacity":"","overlay-gradient":""}},"footnotes":""},"categories":[1,9],"tags":[],"class_list":["post-6982","post","type-post","status-publish","format-standard","has-post-thumbnail","hentry","category-aktuality","category-aktuality-v-case-koronavirusu"],"yoast_head":"<!-- This site is optimized with the Yoast SEO plugin v27.5 - https:\/\/yoast.com\/product\/yoast-seo-wordpress\/ -->\n<title>Deklar\u00e1cia Osnabr\u00fcck 2020 - \u0160IOV - \u0161t\u00e1tny in\u0161tit\u00fat odborn\u00e9ho vzdel\u00e1vania<\/title>\n<meta name=\"robots\" content=\"index, follow, max-snippet:-1, max-image-preview:large, max-video-preview:-1\" \/>\n<link rel=\"canonical\" href=\"https:\/\/archiv.siov.sk\/en\/deklaracia-osnabruck-2020-2\/\" \/>\n<meta property=\"og:locale\" content=\"en_GB\" \/>\n<meta property=\"og:type\" content=\"article\" \/>\n<meta property=\"og:title\" content=\"Deklar\u00e1cia Osnabr\u00fcck 2020 - \u0160IOV - \u0161t\u00e1tny in\u0161tit\u00fat odborn\u00e9ho vzdel\u00e1vania\" \/>\n<meta property=\"og:description\" content=\"Ministri \u010dlensk\u00fdch \u0161t\u00e1tov, kandid\u00e1tskych kraj\u00edn E\u00da a&nbsp;kraj\u00edn EHP zodpovedn\u00ed za OVP podp\u00edsali 30. novembra 2020 Deklar\u00e1ciu o&nbsp;OVP ako prostriedku na o\u017eivenie a&nbsp;spravodliv\u00fd prechod k&nbsp;digit\u00e1lnemu a&nbsp;ekologick\u00e9mu hospod\u00e1rstvu (\u010falej \u201eDeklar\u00e1cia Osnabr\u00fcck 2020\u201c). Deklar\u00e1cia vymedzuje s\u00fabor politick\u00fdch opatren\u00ed v&nbsp;OVP na obdobie 2021 \u2013 2025, ktor\u00e9 maj\u00fa doplni\u0165 a implementova\u0165 v\u00edziu a strategick\u00e9 ciele formulovan\u00e9 v odpor\u00fa\u010dan\u00ed Rady o [&hellip;]\" \/>\n<meta property=\"og:url\" content=\"https:\/\/archiv.siov.sk\/en\/deklaracia-osnabruck-2020-2\/\" \/>\n<meta property=\"og:site_name\" content=\"\u0160IOV - \u0161t\u00e1tny in\u0161tit\u00fat odborn\u00e9ho vzdel\u00e1vania\" \/>\n<meta property=\"article:publisher\" content=\"https:\/\/www.facebook.com\/Statnyinstitutodbornehovzdelavania\" \/>\n<meta property=\"article:published_time\" content=\"2020-12-07T13:27:23+00:00\" \/>\n<meta property=\"article:modified_time\" content=\"2020-12-07T13:27:42+00:00\" \/>\n<meta property=\"og:image\" content=\"https:\/\/archiv.siov.sk\/wp-content\/uploads\/2019\/06\/top_news.jpg\" \/>\n\t<meta property=\"og:image:width\" content=\"1100\" \/>\n\t<meta property=\"og:image:height\" content=\"445\" \/>\n\t<meta property=\"og:image:type\" content=\"image\/jpeg\" \/>\n<meta name=\"author\" content=\"Katar\u00edna Kov\u00e1\u010dov\u00e1\" \/>\n<meta name=\"twitter:card\" content=\"summary_large_image\" \/>\n<meta name=\"twitter:label1\" content=\"Written by\" \/>\n\t<meta name=\"twitter:data1\" content=\"Katar\u00edna Kov\u00e1\u010dov\u00e1\" \/>\n\t<meta name=\"twitter:label2\" content=\"Estimated reading time\" \/>\n\t<meta name=\"twitter:data2\" content=\"1 minute\" \/>\n<script type=\"application\/ld+json\" class=\"yoast-schema-graph\">{\"@context\":\"https:\\\/\\\/schema.org\",\"@graph\":[{\"@type\":\"Article\",\"@id\":\"https:\\\/\\\/archiv.siov.sk\\\/deklaracia-osnabruck-2020-2\\\/#article\",\"isPartOf\":{\"@id\":\"https:\\\/\\\/archiv.siov.sk\\\/deklaracia-osnabruck-2020-2\\\/\"},\"author\":{\"name\":\"Katar\u00edna Kov\u00e1\u010dov\u00e1\",\"@id\":\"https:\\\/\\\/archiv.siov.sk\\\/#\\\/schema\\\/person\\\/e42d633fbd958c6a726e8834d8965e6c\"},\"headline\":\"Deklar\u00e1cia Osnabr\u00fcck 2020\",\"datePublished\":\"2020-12-07T13:27:23+00:00\",\"dateModified\":\"2020-12-07T13:27:42+00:00\",\"mainEntityOfPage\":{\"@id\":\"https:\\\/\\\/archiv.siov.sk\\\/deklaracia-osnabruck-2020-2\\\/\"},\"wordCount\":268,\"publisher\":{\"@id\":\"https:\\\/\\\/archiv.siov.sk\\\/#organization\"},\"image\":{\"@id\":\"https:\\\/\\\/archiv.siov.sk\\\/deklaracia-osnabruck-2020-2\\\/#primaryimage\"},\"thumbnailUrl\":\"https:\\\/\\\/archiv.siov.sk\\\/wp-content\\\/uploads\\\/2019\\\/06\\\/top_news.jpg\",\"articleSection\":[\"Aktuality\",\"Aktuality v \u010dase koronav\u00edrusu\"],\"inLanguage\":\"en-GB\"},{\"@type\":\"WebPage\",\"@id\":\"https:\\\/\\\/archiv.siov.sk\\\/deklaracia-osnabruck-2020-2\\\/\",\"url\":\"https:\\\/\\\/archiv.siov.sk\\\/deklaracia-osnabruck-2020-2\\\/\",\"name\":\"Deklar\u00e1cia Osnabr\u00fcck 2020 - \u0160IOV - \u0161t\u00e1tny in\u0161tit\u00fat odborn\u00e9ho vzdel\u00e1vania\",\"isPartOf\":{\"@id\":\"https:\\\/\\\/archiv.siov.sk\\\/#website\"},\"primaryImageOfPage\":{\"@id\":\"https:\\\/\\\/archiv.siov.sk\\\/deklaracia-osnabruck-2020-2\\\/#primaryimage\"},\"image\":{\"@id\":\"https:\\\/\\\/archiv.siov.sk\\\/deklaracia-osnabruck-2020-2\\\/#primaryimage\"},\"thumbnailUrl\":\"https:\\\/\\\/archiv.siov.sk\\\/wp-content\\\/uploads\\\/2019\\\/06\\\/top_news.jpg\",\"datePublished\":\"2020-12-07T13:27:23+00:00\",\"dateModified\":\"2020-12-07T13:27:42+00:00\",\"breadcrumb\":{\"@id\":\"https:\\\/\\\/archiv.siov.sk\\\/deklaracia-osnabruck-2020-2\\\/#breadcrumb\"},\"inLanguage\":\"en-GB\",\"potentialAction\":[{\"@type\":\"ReadAction\",\"target\":[\"https:\\\/\\\/archiv.siov.sk\\\/deklaracia-osnabruck-2020-2\\\/\"]}]},{\"@type\":\"ImageObject\",\"inLanguage\":\"en-GB\",\"@id\":\"https:\\\/\\\/archiv.siov.sk\\\/deklaracia-osnabruck-2020-2\\\/#primaryimage\",\"url\":\"https:\\\/\\\/archiv.siov.sk\\\/wp-content\\\/uploads\\\/2019\\\/06\\\/top_news.jpg\",\"contentUrl\":\"https:\\\/\\\/archiv.siov.sk\\\/wp-content\\\/uploads\\\/2019\\\/06\\\/top_news.jpg\",\"width\":1100,\"height\":445},{\"@type\":\"BreadcrumbList\",\"@id\":\"https:\\\/\\\/archiv.siov.sk\\\/deklaracia-osnabruck-2020-2\\\/#breadcrumb\",\"itemListElement\":[{\"@type\":\"ListItem\",\"position\":1,\"name\":\"Home\",\"item\":\"https:\\\/\\\/archiv.siov.sk\\\/\"},{\"@type\":\"ListItem\",\"position\":2,\"name\":\"Deklar\u00e1cia Osnabr\u00fcck 2020\"}]},{\"@type\":\"WebSite\",\"@id\":\"https:\\\/\\\/archiv.siov.sk\\\/#website\",\"url\":\"https:\\\/\\\/archiv.siov.sk\\\/\",\"name\":\"\u0160IOV - \u0161t\u00e1tny in\u0161tit\u00fat odborn\u00e9ho vzdel\u00e1vania\",\"description\":\"\",\"publisher\":{\"@id\":\"https:\\\/\\\/archiv.siov.sk\\\/#organization\"},\"potentialAction\":[{\"@type\":\"SearchAction\",\"target\":{\"@type\":\"EntryPoint\",\"urlTemplate\":\"https:\\\/\\\/archiv.siov.sk\\\/?s={search_term_string}\"},\"query-input\":{\"@type\":\"PropertyValueSpecification\",\"valueRequired\":true,\"valueName\":\"search_term_string\"}}],\"inLanguage\":\"en-GB\"},{\"@type\":\"Organization\",\"@id\":\"https:\\\/\\\/archiv.siov.sk\\\/#organization\",\"name\":\"\u0160IOV - \u0161t\u00e1tny in\u0161tit\u00fat odborn\u00e9ho vzdel\u00e1vania\",\"url\":\"https:\\\/\\\/archiv.siov.sk\\\/\",\"logo\":{\"@type\":\"ImageObject\",\"inLanguage\":\"en-GB\",\"@id\":\"https:\\\/\\\/archiv.siov.sk\\\/#\\\/schema\\\/logo\\\/image\\\/\",\"url\":\"https:\\\/\\\/archiv.siov.sk\\\/wp-content\\\/uploads\\\/2024\\\/02\\\/logo-SIOV.png\",\"contentUrl\":\"https:\\\/\\\/archiv.siov.sk\\\/wp-content\\\/uploads\\\/2024\\\/02\\\/logo-SIOV.png\",\"width\":431,\"height\":143,\"caption\":\"\u0160IOV - \u0161t\u00e1tny in\u0161tit\u00fat odborn\u00e9ho vzdel\u00e1vania\"},\"image\":{\"@id\":\"https:\\\/\\\/archiv.siov.sk\\\/#\\\/schema\\\/logo\\\/image\\\/\"},\"sameAs\":[\"https:\\\/\\\/www.facebook.com\\\/Statnyinstitutodbornehovzdelavania\"]},{\"@type\":\"Person\",\"@id\":\"https:\\\/\\\/archiv.siov.sk\\\/#\\\/schema\\\/person\\\/e42d633fbd958c6a726e8834d8965e6c\",\"name\":\"Katar\u00edna Kov\u00e1\u010dov\u00e1\",\"url\":\"https:\\\/\\\/archiv.siov.sk\\\/en\\\/author\\\/katkakovacova\\\/\"}]}<\/script>\n<!-- \/ Yoast SEO plugin. -->","yoast_head_json":{"title":"Deklar\u00e1cia Osnabr\u00fcck 2020 - \u0160IOV - \u0161t\u00e1tny in\u0161tit\u00fat odborn\u00e9ho vzdel\u00e1vania","robots":{"index":"index","follow":"follow","max-snippet":"max-snippet:-1","max-image-preview":"max-image-preview:large","max-video-preview":"max-video-preview:-1"},"canonical":"https:\/\/archiv.siov.sk\/en\/deklaracia-osnabruck-2020-2\/","og_locale":"en_GB","og_type":"article","og_title":"Deklar\u00e1cia Osnabr\u00fcck 2020 - \u0160IOV - \u0161t\u00e1tny in\u0161tit\u00fat odborn\u00e9ho vzdel\u00e1vania","og_description":"Ministri \u010dlensk\u00fdch \u0161t\u00e1tov, kandid\u00e1tskych kraj\u00edn E\u00da a&nbsp;kraj\u00edn EHP zodpovedn\u00ed za OVP podp\u00edsali 30. novembra 2020 Deklar\u00e1ciu o&nbsp;OVP ako prostriedku na o\u017eivenie a&nbsp;spravodliv\u00fd prechod k&nbsp;digit\u00e1lnemu a&nbsp;ekologick\u00e9mu hospod\u00e1rstvu (\u010falej \u201eDeklar\u00e1cia Osnabr\u00fcck 2020\u201c). Deklar\u00e1cia vymedzuje s\u00fabor politick\u00fdch opatren\u00ed v&nbsp;OVP na obdobie 2021 \u2013 2025, ktor\u00e9 maj\u00fa doplni\u0165 a implementova\u0165 v\u00edziu a strategick\u00e9 ciele formulovan\u00e9 v odpor\u00fa\u010dan\u00ed Rady o [&hellip;]","og_url":"https:\/\/archiv.siov.sk\/en\/deklaracia-osnabruck-2020-2\/","og_site_name":"\u0160IOV - \u0161t\u00e1tny in\u0161tit\u00fat odborn\u00e9ho vzdel\u00e1vania","article_publisher":"https:\/\/www.facebook.com\/Statnyinstitutodbornehovzdelavania","article_published_time":"2020-12-07T13:27:23+00:00","article_modified_time":"2020-12-07T13:27:42+00:00","og_image":[{"width":1100,"height":445,"url":"https:\/\/archiv.siov.sk\/wp-content\/uploads\/2019\/06\/top_news.jpg","type":"image\/jpeg"}],"author":"Katar\u00edna Kov\u00e1\u010dov\u00e1","twitter_card":"summary_large_image","twitter_misc":{"Written by":"Katar\u00edna Kov\u00e1\u010dov\u00e1","Estimated reading time":"1 minute"},"schema":{"@context":"https:\/\/schema.org","@graph":[{"@type":"Article","@id":"https:\/\/archiv.siov.sk\/deklaracia-osnabruck-2020-2\/#article","isPartOf":{"@id":"https:\/\/archiv.siov.sk\/deklaracia-osnabruck-2020-2\/"},"author":{"name":"Katar\u00edna Kov\u00e1\u010dov\u00e1","@id":"https:\/\/archiv.siov.sk\/#\/schema\/person\/e42d633fbd958c6a726e8834d8965e6c"},"headline":"Deklar\u00e1cia Osnabr\u00fcck 2020","datePublished":"2020-12-07T13:27:23+00:00","dateModified":"2020-12-07T13:27:42+00:00","mainEntityOfPage":{"@id":"https:\/\/archiv.siov.sk\/deklaracia-osnabruck-2020-2\/"},"wordCount":268,"publisher":{"@id":"https:\/\/archiv.siov.sk\/#organization"},"image":{"@id":"https:\/\/archiv.siov.sk\/deklaracia-osnabruck-2020-2\/#primaryimage"},"thumbnailUrl":"https:\/\/archiv.siov.sk\/wp-content\/uploads\/2019\/06\/top_news.jpg","articleSection":["Aktuality","Aktuality v \u010dase koronav\u00edrusu"],"inLanguage":"en-GB"},{"@type":"WebPage","@id":"https:\/\/archiv.siov.sk\/deklaracia-osnabruck-2020-2\/","url":"https:\/\/archiv.siov.sk\/deklaracia-osnabruck-2020-2\/","name":"Deklar\u00e1cia Osnabr\u00fcck 2020 - \u0160IOV - \u0161t\u00e1tny in\u0161tit\u00fat odborn\u00e9ho vzdel\u00e1vania","isPartOf":{"@id":"https:\/\/archiv.siov.sk\/#website"},"primaryImageOfPage":{"@id":"https:\/\/archiv.siov.sk\/deklaracia-osnabruck-2020-2\/#primaryimage"},"image":{"@id":"https:\/\/archiv.siov.sk\/deklaracia-osnabruck-2020-2\/#primaryimage"},"thumbnailUrl":"https:\/\/archiv.siov.sk\/wp-content\/uploads\/2019\/06\/top_news.jpg","datePublished":"2020-12-07T13:27:23+00:00","dateModified":"2020-12-07T13:27:42+00:00","breadcrumb":{"@id":"https:\/\/archiv.siov.sk\/deklaracia-osnabruck-2020-2\/#breadcrumb"},"inLanguage":"en-GB","potentialAction":[{"@type":"ReadAction","target":["https:\/\/archiv.siov.sk\/deklaracia-osnabruck-2020-2\/"]}]},{"@type":"ImageObject","inLanguage":"en-GB","@id":"https:\/\/archiv.siov.sk\/deklaracia-osnabruck-2020-2\/#primaryimage","url":"https:\/\/archiv.siov.sk\/wp-content\/uploads\/2019\/06\/top_news.jpg","contentUrl":"https:\/\/archiv.siov.sk\/wp-content\/uploads\/2019\/06\/top_news.jpg","width":1100,"height":445},{"@type":"BreadcrumbList","@id":"https:\/\/archiv.siov.sk\/deklaracia-osnabruck-2020-2\/#breadcrumb","itemListElement":[{"@type":"ListItem","position":1,"name":"Home","item":"https:\/\/archiv.siov.sk\/"},{"@type":"ListItem","position":2,"name":"Deklar\u00e1cia Osnabr\u00fcck 2020"}]},{"@type":"WebSite","@id":"https:\/\/archiv.siov.sk\/#website","url":"https:\/\/archiv.siov.sk\/","name":"\u0160IOV - \u0161t\u00e1tny in\u0161tit\u00fat odborn\u00e9ho vzdel\u00e1vania","description":"","publisher":{"@id":"https:\/\/archiv.siov.sk\/#organization"},"potentialAction":[{"@type":"SearchAction","target":{"@type":"EntryPoint","urlTemplate":"https:\/\/archiv.siov.sk\/?s={search_term_string}"},"query-input":{"@type":"PropertyValueSpecification","valueRequired":true,"valueName":"search_term_string"}}],"inLanguage":"en-GB"},{"@type":"Organization","@id":"https:\/\/archiv.siov.sk\/#organization","name":"\u0160IOV - \u0161t\u00e1tny in\u0161tit\u00fat odborn\u00e9ho vzdel\u00e1vania","url":"https:\/\/archiv.siov.sk\/","logo":{"@type":"ImageObject","inLanguage":"en-GB","@id":"https:\/\/archiv.siov.sk\/#\/schema\/logo\/image\/","url":"https:\/\/archiv.siov.sk\/wp-content\/uploads\/2024\/02\/logo-SIOV.png","contentUrl":"https:\/\/archiv.siov.sk\/wp-content\/uploads\/2024\/02\/logo-SIOV.png","width":431,"height":143,"caption":"\u0160IOV - \u0161t\u00e1tny in\u0161tit\u00fat odborn\u00e9ho vzdel\u00e1vania"},"image":{"@id":"https:\/\/archiv.siov.sk\/#\/schema\/logo\/image\/"},"sameAs":["https:\/\/www.facebook.com\/Statnyinstitutodbornehovzdelavania"]},{"@type":"Person","@id":"https:\/\/archiv.siov.sk\/#\/schema\/person\/e42d633fbd958c6a726e8834d8965e6c","name":"Katar\u00edna Kov\u00e1\u010dov\u00e1","url":"https:\/\/archiv.siov.sk\/en\/author\/katkakovacova\/"}]}},"_links":{"self":[{"href":"https:\/\/archiv.siov.sk\/en\/wp-json\/wp\/v2\/posts\/6982","targetHints":{"allow":["GET"]}}],"collection":[{"href":"https:\/\/archiv.siov.sk\/en\/wp-json\/wp\/v2\/posts"}],"about":[{"href":"https:\/\/archiv.siov.sk\/en\/wp-json\/wp\/v2\/types\/post"}],"author":[{"embeddable":true,"href":"https:\/\/archiv.siov.sk\/en\/wp-json\/wp\/v2\/users\/6"}],"replies":[{"embeddable":true,"href":"https:\/\/archiv.siov.sk\/en\/wp-json\/wp\/v2\/comments?post=6982"}],"version-history":[{"count":1,"href":"https:\/\/archiv.siov.sk\/en\/wp-json\/wp\/v2\/posts\/6982\/revisions"}],"predecessor-version":[{"id":6985,"href":"https:\/\/archiv.siov.sk\/en\/wp-json\/wp\/v2\/posts\/6982\/revisions\/6985"}],"wp:featuredmedia":[{"embeddable":true,"href":"https:\/\/archiv.siov.sk\/en\/wp-json\/wp\/v2\/media\/3894"}],"wp:attachment":[{"href":"https:\/\/archiv.siov.sk\/en\/wp-json\/wp\/v2\/media?parent=6982"}],"wp:term":[{"taxonomy":"category","embeddable":true,"href":"https:\/\/archiv.siov.sk\/en\/wp-json\/wp\/v2\/categories?post=6982"},{"taxonomy":"post_tag","embeddable":true,"href":"https:\/\/archiv.siov.sk\/en\/wp-json\/wp\/v2\/tags?post=6982"}],"curies":[{"name":"wp","href":"https:\/\/api.w.org\/{rel}","templated":true}]}}