{"id":6898,"date":"2020-11-19T14:29:36","date_gmt":"2020-11-19T13:29:36","guid":{"rendered":"https:\/\/archiv.siov.sk\/?p=6898"},"modified":"2021-02-03T09:35:11","modified_gmt":"2021-02-03T08:35:11","slug":"prvy-medzinarodny-online-veltrh-cvicnych-firiem-2020","status":"publish","type":"post","link":"https:\/\/archiv.siov.sk\/en\/prvy-medzinarodny-online-veltrh-cvicnych-firiem-2020\/","title":{"rendered":"Prv\u00fd Medzin\u00e1rodn\u00fd Online Ve\u013etrh Cvi\u010dn\u00fdch Firiem 2020"},"content":{"rendered":"<p style=\"text-align: justify;\">V \u010dase pretrv\u00e1vaj\u00facej pand\u00e9mie COVID-19 \u0160t\u00e1tny in\u0161tit\u00fat odborn\u00e9ho vzdel\u00e1vania (\u0160IOV) pripravil historicky prv\u00fd Medzin\u00e1rodn\u00fd ve\u013etrh cvi\u010dn\u00fdch firiem 2020 ONLINE. Uskuto\u010dnil sa v d\u0148och &nbsp;10. &#8211; 12. novembra 2020 s celkom 60 cvi\u010dn\u00fdmi firmami. 43 sa ich prihl\u00e1silo z cel\u00e9ho Slovenska, 17 zo zahrani\u010dia, konkr\u00e9tne z&nbsp; Bulharska, \u010ciech, Ma\u010farska, Litvy, Rak\u00faska, Slovinska a \u0160panielska.<\/p>\n<p style=\"text-align: justify;\">Po\u010das v\u0161etk\u00fdch troch dn\u00ed ve\u013etrhu prebiehalo online obchodovanie cvi\u010dn\u00fdch firiem cez e-shopy a e-mailov\u00fa komunik\u00e1ciu CF. Zapo\u010d\u00edtal sa len obchod uhraden\u00fd cez internetbanking. Cvi\u010dn\u00e9 firmy online aj s\u00fa\u0165a\u017eili v kateg\u00f3ri\u00e1ch logo, slogan, vizitka, katal\u00f3g, web s e-shopom, elektronick\u00e1 prezent\u00e1cia a videoreklama. Online s\u00fa\u0165a\u017ee CF boli vyhl\u00e1sen\u00e9 10. j\u00fana 2020. Hodnotili ich porotcovia z Ekonomickej univerzity v Bratislave, zo Slovak Business Agency, zo Zdru\u017eenia mlad\u00fdch podnikate\u013eov Slovenska, z Metropolitnej univerzity Praha, z N\u00e1rodn\u00e9ho pedagogick\u00e9ho in\u0161tit\u00fatu \u010cR a zo SCCF.<\/p>\n<p>Fin\u00e1le siedmich postupuj\u00facich cvi\u010dn\u00fdch firiem v kateg\u00f3rii Elektronick\u00e1 prezent\u00e1cia sa uskuto\u010dnilo na\u017eivo 11. novembra 2020. M\u00f4\u017eete si ho pozrie\u0165 na <a href=\"https:\/\/youtu.be\/glkWXibJ6sU\">https:\/\/youtu.be\/glkWXibJ6sU<\/a><\/p>\n<p>Tret\u00ed de\u0148 Medzin\u00e1rodn\u00e9ho Online Ve\u013etrhu Cvi\u010dn\u00fdch Firiem, teda &nbsp;12. novembra 2020,&nbsp; sme vyhl\u00e1sili v\u00fdsledky v\u0161etk\u00fdch s\u00fa\u0165a\u017e\u00ed CF, ktor\u00e9 n\u00e1jdete na <a href=\"http:\/\/www.sccf.sk\">www.sccf.sk<\/a> a&nbsp;pripravili konferenciu.<\/p>\n<p>Organiza\u010dn\u00fdm a odborn\u00fdm garantom ve\u013etrhu je \u0160t\u00e1tny in\u0161tit\u00fat odborn\u00e9ho vzdel\u00e1vania, odbor finan\u010dnej gramotnosti a Slovensk\u00e9 centrum cvi\u010dn\u00fdch firiem (SCCF). \u010eal\u0161\u00edmi spoluorganiz\u00e1tormi online ve\u013etrhu s\u00fa Ekonomick\u00e1 univerzita v Bratislave a vybran\u00e9 \u0161koly.<\/p>\n<p>Partnermi prv\u00e9ho online MVCF 2020 boli Ekonomick\u00e1 univerzita v&nbsp;Bratislave (EU v&nbsp;Bratislave), CVTI SR-\u0160VS BB, V\u00fdchodoslovensk\u00e1 distribu\u010dn\u00e1, Zdru\u017eenie mlad\u00fdch podnikate\u013eov Slovenska (ZMPS), Slovak Business Agency (SBA), Centrum fiktivn\u00edch firem (CEFIF) Praha, Metropolitn\u00ed univerzita Praha (MUP), Obchodn\u00e1 akad\u00e9mia (OA) Nev\u00e4dzov\u00e1. V\u0161etk\u00fdm srde\u010dne \u010fakujeme za podporu ako aj za materi\u00e1lnu pomoc.<\/p>\n<p style=\"text-align: justify;\">Cvi\u010dn\u00e9 firmy podporuj\u00fa finan\u010dn\u00fa gramotnos\u0165, ekonomick\u00e9 a pr\u00e1vne vedomie mlad\u00fdch \u013eud\u00ed prostredn\u00edctvom podnikate\u013esk\u00e9ho vzdel\u00e1vania a odbornej pr\u00edpravy, ktor\u00e9 patria medzi najvy\u0161\u0161ie priority najvy\u0161\u0161\u00edch org\u00e1nov Eur\u00f3pskej \u00fanie. SCCF pripravilo aj konferenciu na t\u00e9my podnikate\u013esk\u00e9ho vzdel\u00e1vania a finan\u010dnej gramotnosti. So zauj\u00edmav\u00fdmi pr\u00edspevkami vyst\u00fapili Ing. Luk\u00e1\u0161 Hula, N\u00e1rodn\u00fd pedagogick\u00fd in\u0161tit\u00fat \u010cR, CEFIF, Jaroslav Hal\u00edk, ved\u00faci katedry MO Metropolitnej univerzity Praha, Danka Chv\u00e1lov\u00e1, mana\u017e\u00e9r Akcelera\u010dn\u00e9ho programu SBA, J\u00e1n Sol\u00edk, prezident Zdru\u017eenia podnikate\u013eov Slovenska, Ladislav Smoro\u0148 zo Zdru\u017eenia mlad\u00fdch podnikate\u013eov Slovenska a doc. Ing. \u013dudmila Velichov\u00e1, PhD., Katedra pedagogiky NHF EU v Bratislave. Tento rok samozrejme online. Konferenciu a vyhl\u00e1senie v\u00fdsledkov s\u00fa\u0165a\u017e\u00ed n\u00e1jdete na <a href=\"https:\/\/youtu.be\/DuSnON3TbFo\">https:\/\/youtu.be\/DuSnON3TbFo&nbsp;<\/a>.<\/p>\n<p style=\"text-align: justify;\">Jednou z najv\u00e4\u010d\u0161\u00edch v\u00fdziev slovenskej strednej \u0161koly je efekt\u00edvne reagova\u0165 na potreby trhu pr\u00e1ce a vzdel\u00e1va\u0165 \u0161tudentov tak, aby splnili po\u017eiadavky re\u00e1lneho pracovn\u00e9ho trhu vo ve\u013emi kr\u00e1tkom \u010dase po opusten\u00ed br\u00e1n \u0161koly. Cvi\u010dn\u00e9 firmy umo\u017e\u0148uj\u00fa \u0161tudentom dotkn\u00fa\u0165 sa skuto\u010dn\u00e9ho podnikate\u013esk\u00e9ho prostredia aj ke\u010f je to iba vo virtu\u00e1lnom svete.<\/p>\n<p style=\"text-align: justify;\">Medzin\u00e1rodn\u00fd ve\u013etrh cvi\u010dn\u00fdch firiem poskytuje pr\u00edle\u017eitos\u0165 komunikova\u0165 v cudzom jazyku, rie\u0161i\u0165 obchodn\u00e9 pr\u00edpady, nadv\u00e4zova\u0165 obchodn\u00e9 a partnersk\u00e9 vz\u0165ahy s podporou re\u00e1lnych partnerov. Ver\u00edme, \u017ee historicky prv\u00fd online MVCF bol pre v\u0161etk\u00fdch pr\u00ednosom. Te\u0161\u00edme sa na V\u00e1s na Medzin\u00e1rodnom ve\u013etrhu cvi\u010dn\u00fdch firiem 2021 a v&nbsp;k\u00fatiku du\u0161e ver\u00edme, \u017ee sa v&nbsp;roku 2021 stretneme aj osobne.<\/p>\n<p>&nbsp;<\/p>","protected":false},"excerpt":{"rendered":"<p>V \u010dase pretrv\u00e1vaj\u00facej pand\u00e9mie COVID-19 \u0160t\u00e1tny in\u0161tit\u00fat odborn\u00e9ho vzdel\u00e1vania (\u0160IOV) pripravil historicky prv\u00fd Medzin\u00e1rodn\u00fd ve\u013etrh cvi\u010dn\u00fdch firiem 2020 ONLINE. Uskuto\u010dnil sa v d\u0148och &nbsp;10. &#8211; 12. novembra 2020 s celkom 60 cvi\u010dn\u00fdmi firmami. 43 sa ich prihl\u00e1silo z cel\u00e9ho Slovenska, 17 zo zahrani\u010dia, konkr\u00e9tne z&nbsp; Bulharska, \u010ciech, Ma\u010farska, Litvy, Rak\u00faska, Slovinska a \u0160panielska. Po\u010das v\u0161etk\u00fdch [&hellip;]<\/p>\n","protected":false},"author":6,"featured_media":6858,"comment_status":"closed","ping_status":"closed","sticky":false,"template":"","format":"standard","meta":{"site-sidebar-layout":"default","site-content-layout":"","ast-site-content-layout":"default","site-content-style":"default","site-sidebar-style":"default","ast-global-header-display":"","ast-banner-title-visibility":"","ast-main-header-display":"","ast-hfb-above-header-display":"","ast-hfb-below-header-display":"","ast-hfb-mobile-header-display":"","site-post-title":"","ast-breadcrumbs-content":"","ast-featured-img":"","footer-sml-layout":"","ast-disable-related-posts":"","theme-transparent-header-meta":"","adv-header-id-meta":"","stick-header-meta":"","header-above-stick-meta":"","header-main-stick-meta":"","header-below-stick-meta":"","astra-migrate-meta-layouts":"default","ast-page-background-enabled":"default","ast-page-background-meta":{"desktop":{"background-color":"var(--ast-global-color-4)","background-image":"","background-repeat":"repeat","background-position":"center center","background-size":"auto","background-attachment":"scroll","background-type":"","background-media":"","overlay-type":"","overlay-color":"","overlay-opacity":"","overlay-gradient":""},"tablet":{"background-color":"","background-image":"","background-repeat":"repeat","background-position":"center center","background-size":"auto","background-attachment":"scroll","background-type":"","background-media":"","overlay-type":"","overlay-color":"","overlay-opacity":"","overlay-gradient":""},"mobile":{"background-color":"","background-image":"","background-repeat":"repeat","background-position":"center center","background-size":"auto","background-attachment":"scroll","background-type":"","background-media":"","overlay-type":"","overlay-color":"","overlay-opacity":"","overlay-gradient":""}},"ast-content-background-meta":{"desktop":{"background-color":"var(--ast-global-color-5)","background-image":"","background-repeat":"repeat","background-position":"center center","background-size":"auto","background-attachment":"scroll","background-type":"","background-media":"","overlay-type":"","overlay-color":"","overlay-opacity":"","overlay-gradient":""},"tablet":{"background-color":"var(--ast-global-color-5)","background-image":"","background-repeat":"repeat","background-position":"center center","background-size":"auto","background-attachment":"scroll","background-type":"","background-media":"","overlay-type":"","overlay-color":"","overlay-opacity":"","overlay-gradient":""},"mobile":{"background-color":"var(--ast-global-color-5)","background-image":"","background-repeat":"repeat","background-position":"center center","background-size":"auto","background-attachment":"scroll","background-type":"","background-media":"","overlay-type":"","overlay-color":"","overlay-opacity":"","overlay-gradient":""}},"footnotes":""},"categories":[1,9],"tags":[],"class_list":["post-6898","post","type-post","status-publish","format-standard","has-post-thumbnail","hentry","category-aktuality","category-aktuality-v-case-koronavirusu"],"yoast_head":"<!-- This site is optimized with the Yoast SEO plugin v27.5 - https:\/\/yoast.com\/product\/yoast-seo-wordpress\/ -->\n<title>Prv\u00fd Medzin\u00e1rodn\u00fd Online Ve\u013etrh Cvi\u010dn\u00fdch Firiem 2020 - \u0160IOV - \u0161t\u00e1tny in\u0161tit\u00fat odborn\u00e9ho vzdel\u00e1vania<\/title>\n<meta name=\"robots\" content=\"index, follow, max-snippet:-1, max-image-preview:large, max-video-preview:-1\" \/>\n<link rel=\"canonical\" href=\"https:\/\/archiv.siov.sk\/en\/prvy-medzinarodny-online-veltrh-cvicnych-firiem-2020\/\" \/>\n<meta property=\"og:locale\" content=\"en_GB\" \/>\n<meta property=\"og:type\" content=\"article\" \/>\n<meta property=\"og:title\" content=\"Prv\u00fd Medzin\u00e1rodn\u00fd Online Ve\u013etrh Cvi\u010dn\u00fdch Firiem 2020 - \u0160IOV - \u0161t\u00e1tny in\u0161tit\u00fat odborn\u00e9ho vzdel\u00e1vania\" \/>\n<meta property=\"og:description\" content=\"V \u010dase pretrv\u00e1vaj\u00facej pand\u00e9mie COVID-19 \u0160t\u00e1tny in\u0161tit\u00fat odborn\u00e9ho vzdel\u00e1vania (\u0160IOV) pripravil historicky prv\u00fd Medzin\u00e1rodn\u00fd ve\u013etrh cvi\u010dn\u00fdch firiem 2020 ONLINE. Uskuto\u010dnil sa v d\u0148och &nbsp;10. &#8211; 12. novembra 2020 s celkom 60 cvi\u010dn\u00fdmi firmami. 43 sa ich prihl\u00e1silo z cel\u00e9ho Slovenska, 17 zo zahrani\u010dia, konkr\u00e9tne z&nbsp; Bulharska, \u010ciech, Ma\u010farska, Litvy, Rak\u00faska, Slovinska a \u0160panielska. Po\u010das v\u0161etk\u00fdch [&hellip;]\" \/>\n<meta property=\"og:url\" content=\"https:\/\/archiv.siov.sk\/en\/prvy-medzinarodny-online-veltrh-cvicnych-firiem-2020\/\" \/>\n<meta property=\"og:site_name\" content=\"\u0160IOV - \u0161t\u00e1tny in\u0161tit\u00fat odborn\u00e9ho vzdel\u00e1vania\" \/>\n<meta property=\"article:publisher\" content=\"https:\/\/www.facebook.com\/Statnyinstitutodbornehovzdelavania\" \/>\n<meta property=\"article:published_time\" content=\"2020-11-19T13:29:36+00:00\" \/>\n<meta property=\"article:modified_time\" content=\"2021-02-03T08:35:11+00:00\" \/>\n<meta property=\"og:image\" content=\"https:\/\/archiv.siov.sk\/wp-content\/uploads\/2020\/11\/SCCF.jpg\" \/>\n\t<meta property=\"og:image:width\" content=\"212\" \/>\n\t<meta property=\"og:image:height\" content=\"118\" \/>\n\t<meta property=\"og:image:type\" content=\"image\/jpeg\" \/>\n<meta name=\"author\" content=\"Katar\u00edna Kov\u00e1\u010dov\u00e1\" \/>\n<meta name=\"twitter:card\" content=\"summary_large_image\" \/>\n<meta name=\"twitter:label1\" content=\"Written by\" \/>\n\t<meta name=\"twitter:data1\" content=\"Katar\u00edna Kov\u00e1\u010dov\u00e1\" \/>\n\t<meta name=\"twitter:label2\" content=\"Estimated reading time\" \/>\n\t<meta name=\"twitter:data2\" content=\"2 minutes\" \/>\n<script type=\"application\/ld+json\" class=\"yoast-schema-graph\">{\"@context\":\"https:\\\/\\\/schema.org\",\"@graph\":[{\"@type\":\"Article\",\"@id\":\"https:\\\/\\\/archiv.siov.sk\\\/prvy-medzinarodny-online-veltrh-cvicnych-firiem-2020\\\/#article\",\"isPartOf\":{\"@id\":\"https:\\\/\\\/archiv.siov.sk\\\/prvy-medzinarodny-online-veltrh-cvicnych-firiem-2020\\\/\"},\"author\":{\"name\":\"Katar\u00edna Kov\u00e1\u010dov\u00e1\",\"@id\":\"https:\\\/\\\/archiv.siov.sk\\\/#\\\/schema\\\/person\\\/e42d633fbd958c6a726e8834d8965e6c\"},\"headline\":\"Prv\u00fd Medzin\u00e1rodn\u00fd Online Ve\u013etrh Cvi\u010dn\u00fdch Firiem 2020\",\"datePublished\":\"2020-11-19T13:29:36+00:00\",\"dateModified\":\"2021-02-03T08:35:11+00:00\",\"mainEntityOfPage\":{\"@id\":\"https:\\\/\\\/archiv.siov.sk\\\/prvy-medzinarodny-online-veltrh-cvicnych-firiem-2020\\\/\"},\"wordCount\":658,\"publisher\":{\"@id\":\"https:\\\/\\\/archiv.siov.sk\\\/#organization\"},\"image\":{\"@id\":\"https:\\\/\\\/archiv.siov.sk\\\/prvy-medzinarodny-online-veltrh-cvicnych-firiem-2020\\\/#primaryimage\"},\"thumbnailUrl\":\"https:\\\/\\\/archiv.siov.sk\\\/wp-content\\\/uploads\\\/2020\\\/11\\\/SCCF.jpg\",\"articleSection\":[\"Aktuality\",\"Aktuality v \u010dase koronav\u00edrusu\"],\"inLanguage\":\"en-GB\"},{\"@type\":\"WebPage\",\"@id\":\"https:\\\/\\\/archiv.siov.sk\\\/prvy-medzinarodny-online-veltrh-cvicnych-firiem-2020\\\/\",\"url\":\"https:\\\/\\\/archiv.siov.sk\\\/prvy-medzinarodny-online-veltrh-cvicnych-firiem-2020\\\/\",\"name\":\"Prv\u00fd Medzin\u00e1rodn\u00fd Online Ve\u013etrh Cvi\u010dn\u00fdch Firiem 2020 - \u0160IOV - \u0161t\u00e1tny in\u0161tit\u00fat odborn\u00e9ho vzdel\u00e1vania\",\"isPartOf\":{\"@id\":\"https:\\\/\\\/archiv.siov.sk\\\/#website\"},\"primaryImageOfPage\":{\"@id\":\"https:\\\/\\\/archiv.siov.sk\\\/prvy-medzinarodny-online-veltrh-cvicnych-firiem-2020\\\/#primaryimage\"},\"image\":{\"@id\":\"https:\\\/\\\/archiv.siov.sk\\\/prvy-medzinarodny-online-veltrh-cvicnych-firiem-2020\\\/#primaryimage\"},\"thumbnailUrl\":\"https:\\\/\\\/archiv.siov.sk\\\/wp-content\\\/uploads\\\/2020\\\/11\\\/SCCF.jpg\",\"datePublished\":\"2020-11-19T13:29:36+00:00\",\"dateModified\":\"2021-02-03T08:35:11+00:00\",\"breadcrumb\":{\"@id\":\"https:\\\/\\\/archiv.siov.sk\\\/prvy-medzinarodny-online-veltrh-cvicnych-firiem-2020\\\/#breadcrumb\"},\"inLanguage\":\"en-GB\",\"potentialAction\":[{\"@type\":\"ReadAction\",\"target\":[\"https:\\\/\\\/archiv.siov.sk\\\/prvy-medzinarodny-online-veltrh-cvicnych-firiem-2020\\\/\"]}]},{\"@type\":\"ImageObject\",\"inLanguage\":\"en-GB\",\"@id\":\"https:\\\/\\\/archiv.siov.sk\\\/prvy-medzinarodny-online-veltrh-cvicnych-firiem-2020\\\/#primaryimage\",\"url\":\"https:\\\/\\\/archiv.siov.sk\\\/wp-content\\\/uploads\\\/2020\\\/11\\\/SCCF.jpg\",\"contentUrl\":\"https:\\\/\\\/archiv.siov.sk\\\/wp-content\\\/uploads\\\/2020\\\/11\\\/SCCF.jpg\",\"width\":212,\"height\":118},{\"@type\":\"BreadcrumbList\",\"@id\":\"https:\\\/\\\/archiv.siov.sk\\\/prvy-medzinarodny-online-veltrh-cvicnych-firiem-2020\\\/#breadcrumb\",\"itemListElement\":[{\"@type\":\"ListItem\",\"position\":1,\"name\":\"Home\",\"item\":\"https:\\\/\\\/archiv.siov.sk\\\/\"},{\"@type\":\"ListItem\",\"position\":2,\"name\":\"Prv\u00fd Medzin\u00e1rodn\u00fd Online Ve\u013etrh Cvi\u010dn\u00fdch Firiem 2020\"}]},{\"@type\":\"WebSite\",\"@id\":\"https:\\\/\\\/archiv.siov.sk\\\/#website\",\"url\":\"https:\\\/\\\/archiv.siov.sk\\\/\",\"name\":\"\u0160IOV - \u0161t\u00e1tny in\u0161tit\u00fat odborn\u00e9ho vzdel\u00e1vania\",\"description\":\"\",\"publisher\":{\"@id\":\"https:\\\/\\\/archiv.siov.sk\\\/#organization\"},\"potentialAction\":[{\"@type\":\"SearchAction\",\"target\":{\"@type\":\"EntryPoint\",\"urlTemplate\":\"https:\\\/\\\/archiv.siov.sk\\\/?s={search_term_string}\"},\"query-input\":{\"@type\":\"PropertyValueSpecification\",\"valueRequired\":true,\"valueName\":\"search_term_string\"}}],\"inLanguage\":\"en-GB\"},{\"@type\":\"Organization\",\"@id\":\"https:\\\/\\\/archiv.siov.sk\\\/#organization\",\"name\":\"\u0160IOV - \u0161t\u00e1tny in\u0161tit\u00fat odborn\u00e9ho vzdel\u00e1vania\",\"url\":\"https:\\\/\\\/archiv.siov.sk\\\/\",\"logo\":{\"@type\":\"ImageObject\",\"inLanguage\":\"en-GB\",\"@id\":\"https:\\\/\\\/archiv.siov.sk\\\/#\\\/schema\\\/logo\\\/image\\\/\",\"url\":\"https:\\\/\\\/archiv.siov.sk\\\/wp-content\\\/uploads\\\/2024\\\/02\\\/logo-SIOV.png\",\"contentUrl\":\"https:\\\/\\\/archiv.siov.sk\\\/wp-content\\\/uploads\\\/2024\\\/02\\\/logo-SIOV.png\",\"width\":431,\"height\":143,\"caption\":\"\u0160IOV - \u0161t\u00e1tny in\u0161tit\u00fat odborn\u00e9ho vzdel\u00e1vania\"},\"image\":{\"@id\":\"https:\\\/\\\/archiv.siov.sk\\\/#\\\/schema\\\/logo\\\/image\\\/\"},\"sameAs\":[\"https:\\\/\\\/www.facebook.com\\\/Statnyinstitutodbornehovzdelavania\"]},{\"@type\":\"Person\",\"@id\":\"https:\\\/\\\/archiv.siov.sk\\\/#\\\/schema\\\/person\\\/e42d633fbd958c6a726e8834d8965e6c\",\"name\":\"Katar\u00edna Kov\u00e1\u010dov\u00e1\",\"url\":\"https:\\\/\\\/archiv.siov.sk\\\/en\\\/author\\\/katkakovacova\\\/\"}]}<\/script>\n<!-- \/ Yoast SEO plugin. -->","yoast_head_json":{"title":"Prv\u00fd Medzin\u00e1rodn\u00fd Online Ve\u013etrh Cvi\u010dn\u00fdch Firiem 2020 - \u0160IOV - \u0161t\u00e1tny in\u0161tit\u00fat odborn\u00e9ho vzdel\u00e1vania","robots":{"index":"index","follow":"follow","max-snippet":"max-snippet:-1","max-image-preview":"max-image-preview:large","max-video-preview":"max-video-preview:-1"},"canonical":"https:\/\/archiv.siov.sk\/en\/prvy-medzinarodny-online-veltrh-cvicnych-firiem-2020\/","og_locale":"en_GB","og_type":"article","og_title":"Prv\u00fd Medzin\u00e1rodn\u00fd Online Ve\u013etrh Cvi\u010dn\u00fdch Firiem 2020 - \u0160IOV - \u0161t\u00e1tny in\u0161tit\u00fat odborn\u00e9ho vzdel\u00e1vania","og_description":"V \u010dase pretrv\u00e1vaj\u00facej pand\u00e9mie COVID-19 \u0160t\u00e1tny in\u0161tit\u00fat odborn\u00e9ho vzdel\u00e1vania (\u0160IOV) pripravil historicky prv\u00fd Medzin\u00e1rodn\u00fd ve\u013etrh cvi\u010dn\u00fdch firiem 2020 ONLINE. Uskuto\u010dnil sa v d\u0148och &nbsp;10. &#8211; 12. novembra 2020 s celkom 60 cvi\u010dn\u00fdmi firmami. 43 sa ich prihl\u00e1silo z cel\u00e9ho Slovenska, 17 zo zahrani\u010dia, konkr\u00e9tne z&nbsp; Bulharska, \u010ciech, Ma\u010farska, Litvy, Rak\u00faska, Slovinska a \u0160panielska. Po\u010das v\u0161etk\u00fdch [&hellip;]","og_url":"https:\/\/archiv.siov.sk\/en\/prvy-medzinarodny-online-veltrh-cvicnych-firiem-2020\/","og_site_name":"\u0160IOV - \u0161t\u00e1tny in\u0161tit\u00fat odborn\u00e9ho vzdel\u00e1vania","article_publisher":"https:\/\/www.facebook.com\/Statnyinstitutodbornehovzdelavania","article_published_time":"2020-11-19T13:29:36+00:00","article_modified_time":"2021-02-03T08:35:11+00:00","og_image":[{"width":212,"height":118,"url":"https:\/\/archiv.siov.sk\/wp-content\/uploads\/2020\/11\/SCCF.jpg","type":"image\/jpeg"}],"author":"Katar\u00edna Kov\u00e1\u010dov\u00e1","twitter_card":"summary_large_image","twitter_misc":{"Written by":"Katar\u00edna Kov\u00e1\u010dov\u00e1","Estimated reading time":"2 minutes"},"schema":{"@context":"https:\/\/schema.org","@graph":[{"@type":"Article","@id":"https:\/\/archiv.siov.sk\/prvy-medzinarodny-online-veltrh-cvicnych-firiem-2020\/#article","isPartOf":{"@id":"https:\/\/archiv.siov.sk\/prvy-medzinarodny-online-veltrh-cvicnych-firiem-2020\/"},"author":{"name":"Katar\u00edna Kov\u00e1\u010dov\u00e1","@id":"https:\/\/archiv.siov.sk\/#\/schema\/person\/e42d633fbd958c6a726e8834d8965e6c"},"headline":"Prv\u00fd Medzin\u00e1rodn\u00fd Online Ve\u013etrh Cvi\u010dn\u00fdch Firiem 2020","datePublished":"2020-11-19T13:29:36+00:00","dateModified":"2021-02-03T08:35:11+00:00","mainEntityOfPage":{"@id":"https:\/\/archiv.siov.sk\/prvy-medzinarodny-online-veltrh-cvicnych-firiem-2020\/"},"wordCount":658,"publisher":{"@id":"https:\/\/archiv.siov.sk\/#organization"},"image":{"@id":"https:\/\/archiv.siov.sk\/prvy-medzinarodny-online-veltrh-cvicnych-firiem-2020\/#primaryimage"},"thumbnailUrl":"https:\/\/archiv.siov.sk\/wp-content\/uploads\/2020\/11\/SCCF.jpg","articleSection":["Aktuality","Aktuality v \u010dase koronav\u00edrusu"],"inLanguage":"en-GB"},{"@type":"WebPage","@id":"https:\/\/archiv.siov.sk\/prvy-medzinarodny-online-veltrh-cvicnych-firiem-2020\/","url":"https:\/\/archiv.siov.sk\/prvy-medzinarodny-online-veltrh-cvicnych-firiem-2020\/","name":"Prv\u00fd Medzin\u00e1rodn\u00fd Online Ve\u013etrh Cvi\u010dn\u00fdch Firiem 2020 - \u0160IOV - \u0161t\u00e1tny in\u0161tit\u00fat odborn\u00e9ho vzdel\u00e1vania","isPartOf":{"@id":"https:\/\/archiv.siov.sk\/#website"},"primaryImageOfPage":{"@id":"https:\/\/archiv.siov.sk\/prvy-medzinarodny-online-veltrh-cvicnych-firiem-2020\/#primaryimage"},"image":{"@id":"https:\/\/archiv.siov.sk\/prvy-medzinarodny-online-veltrh-cvicnych-firiem-2020\/#primaryimage"},"thumbnailUrl":"https:\/\/archiv.siov.sk\/wp-content\/uploads\/2020\/11\/SCCF.jpg","datePublished":"2020-11-19T13:29:36+00:00","dateModified":"2021-02-03T08:35:11+00:00","breadcrumb":{"@id":"https:\/\/archiv.siov.sk\/prvy-medzinarodny-online-veltrh-cvicnych-firiem-2020\/#breadcrumb"},"inLanguage":"en-GB","potentialAction":[{"@type":"ReadAction","target":["https:\/\/archiv.siov.sk\/prvy-medzinarodny-online-veltrh-cvicnych-firiem-2020\/"]}]},{"@type":"ImageObject","inLanguage":"en-GB","@id":"https:\/\/archiv.siov.sk\/prvy-medzinarodny-online-veltrh-cvicnych-firiem-2020\/#primaryimage","url":"https:\/\/archiv.siov.sk\/wp-content\/uploads\/2020\/11\/SCCF.jpg","contentUrl":"https:\/\/archiv.siov.sk\/wp-content\/uploads\/2020\/11\/SCCF.jpg","width":212,"height":118},{"@type":"BreadcrumbList","@id":"https:\/\/archiv.siov.sk\/prvy-medzinarodny-online-veltrh-cvicnych-firiem-2020\/#breadcrumb","itemListElement":[{"@type":"ListItem","position":1,"name":"Home","item":"https:\/\/archiv.siov.sk\/"},{"@type":"ListItem","position":2,"name":"Prv\u00fd Medzin\u00e1rodn\u00fd Online Ve\u013etrh Cvi\u010dn\u00fdch Firiem 2020"}]},{"@type":"WebSite","@id":"https:\/\/archiv.siov.sk\/#website","url":"https:\/\/archiv.siov.sk\/","name":"\u0160IOV - \u0161t\u00e1tny in\u0161tit\u00fat odborn\u00e9ho vzdel\u00e1vania","description":"","publisher":{"@id":"https:\/\/archiv.siov.sk\/#organization"},"potentialAction":[{"@type":"SearchAction","target":{"@type":"EntryPoint","urlTemplate":"https:\/\/archiv.siov.sk\/?s={search_term_string}"},"query-input":{"@type":"PropertyValueSpecification","valueRequired":true,"valueName":"search_term_string"}}],"inLanguage":"en-GB"},{"@type":"Organization","@id":"https:\/\/archiv.siov.sk\/#organization","name":"\u0160IOV - \u0161t\u00e1tny in\u0161tit\u00fat odborn\u00e9ho vzdel\u00e1vania","url":"https:\/\/archiv.siov.sk\/","logo":{"@type":"ImageObject","inLanguage":"en-GB","@id":"https:\/\/archiv.siov.sk\/#\/schema\/logo\/image\/","url":"https:\/\/archiv.siov.sk\/wp-content\/uploads\/2024\/02\/logo-SIOV.png","contentUrl":"https:\/\/archiv.siov.sk\/wp-content\/uploads\/2024\/02\/logo-SIOV.png","width":431,"height":143,"caption":"\u0160IOV - \u0161t\u00e1tny in\u0161tit\u00fat odborn\u00e9ho vzdel\u00e1vania"},"image":{"@id":"https:\/\/archiv.siov.sk\/#\/schema\/logo\/image\/"},"sameAs":["https:\/\/www.facebook.com\/Statnyinstitutodbornehovzdelavania"]},{"@type":"Person","@id":"https:\/\/archiv.siov.sk\/#\/schema\/person\/e42d633fbd958c6a726e8834d8965e6c","name":"Katar\u00edna Kov\u00e1\u010dov\u00e1","url":"https:\/\/archiv.siov.sk\/en\/author\/katkakovacova\/"}]}},"_links":{"self":[{"href":"https:\/\/archiv.siov.sk\/en\/wp-json\/wp\/v2\/posts\/6898","targetHints":{"allow":["GET"]}}],"collection":[{"href":"https:\/\/archiv.siov.sk\/en\/wp-json\/wp\/v2\/posts"}],"about":[{"href":"https:\/\/archiv.siov.sk\/en\/wp-json\/wp\/v2\/types\/post"}],"author":[{"embeddable":true,"href":"https:\/\/archiv.siov.sk\/en\/wp-json\/wp\/v2\/users\/6"}],"replies":[{"embeddable":true,"href":"https:\/\/archiv.siov.sk\/en\/wp-json\/wp\/v2\/comments?post=6898"}],"version-history":[{"count":4,"href":"https:\/\/archiv.siov.sk\/en\/wp-json\/wp\/v2\/posts\/6898\/revisions"}],"predecessor-version":[{"id":7189,"href":"https:\/\/archiv.siov.sk\/en\/wp-json\/wp\/v2\/posts\/6898\/revisions\/7189"}],"wp:featuredmedia":[{"embeddable":true,"href":"https:\/\/archiv.siov.sk\/en\/wp-json\/wp\/v2\/media\/6858"}],"wp:attachment":[{"href":"https:\/\/archiv.siov.sk\/en\/wp-json\/wp\/v2\/media?parent=6898"}],"wp:term":[{"taxonomy":"category","embeddable":true,"href":"https:\/\/archiv.siov.sk\/en\/wp-json\/wp\/v2\/categories?post=6898"},{"taxonomy":"post_tag","embeddable":true,"href":"https:\/\/archiv.siov.sk\/en\/wp-json\/wp\/v2\/tags?post=6898"}],"curies":[{"name":"wp","href":"https:\/\/api.w.org\/{rel}","templated":true}]}}