{"id":6796,"date":"2020-10-29T12:21:55","date_gmt":"2020-10-29T11:21:55","guid":{"rendered":"https:\/\/archiv.siov.sk\/?p=6796"},"modified":"2020-10-29T12:22:45","modified_gmt":"2020-10-29T11:22:45","slug":"vas-nazor-nas-zaujima-aj-v-koronakrize","status":"publish","type":"post","link":"https:\/\/archiv.siov.sk\/en\/vas-nazor-nas-zaujima-aj-v-koronakrize\/","title":{"rendered":"V\u00e1\u0161 n\u00e1zor n\u00e1s zauj\u00edma aj v koronakr\u00edze"},"content":{"rendered":"<p style=\"text-align: justify;\">\u0160t\u00e1tny in\u0161tit\u00fat odborn\u00e9ho vzdel\u00e1vania (\u0160IOV) v s\u00favislosti s pand\u00e9miou COVID-19 uskuto\u010d\u0148uje dotazn\u00edkov\u00fd prieskum, ktor\u00e9ho cie\u013eom je z\u00edska\u0165 inform\u00e1cie o zabezpe\u010dovan\u00ed vyu\u010dovacieho procesu v OVP po\u010das pand\u00e9mie v \u0161kolskom roku 2019\/2020&nbsp; a taktie\u017e <strong>identifikova\u0165 aktu\u00e1lne probl\u00e9my<\/strong>, s&nbsp;ktor\u00fdmi sa vedenie \u0161k\u00f4l a pedagogick\u00ed zamestnanci stret\u00e1vaj\u00fa v&nbsp;s\u00favislosti s&nbsp;di\u0161tan\u010dn\u00fdm vzdel\u00e1van\u00edm v&nbsp;\u010dase koronakr\u00edzy.<\/p>\n<p style=\"text-align: justify;\"><strong>V\u00fdsledky dotazn\u00edkov\u00e9ho prieskumu bud\u00fa podkladov\u00fdm materi\u00e1lom k&nbsp;rie\u0161eniu identifikovan\u00fdch probl\u00e9mov v&nbsp;tomto \u0161kolskom roku v&nbsp;r\u00e1mci di\u0161tan\u010dn\u00e9ho vzdel\u00e1vania v&nbsp;OVP. <\/strong><\/p>\n<p>Pripravili sme dva varianty dotazn\u00edkov:<\/p>\n<ul>\n<li>Dotazn\u00edk k prieskumu zav\u00e1dzania di\u0161tan\u010dnej formy vzdel\u00e1vania z poh\u013eadu stredn\u00fdch odborn\u00fdch \u0161k\u00f4l, stredn\u00fdch \u0161portov\u00fdch \u0161k\u00f4l, \u0161k\u00f4l umeleck\u00e9ho priemyslu \u2013 teoretick\u00e9 vyu\u010dovanie pre u\u010dite\u013eov teoretick\u00e9ho vyu\u010dovania odborn\u00fdch predmetov,<\/li>\n<li>Dotazn\u00edk k prieskumu zav\u00e1dzania di\u0161tan\u010dnej formy vzdel\u00e1vania z poh\u013eadu stredn\u00fdch odborn\u00fdch \u0161k\u00f4l, stredn\u00fdch \u0161portov\u00fdch \u0161k\u00f4l, \u0161k\u00f4l umeleck\u00e9ho priemyslu \u2013 praktick\u00e9 vyu\u010dovanie pre u\u010dite\u013eov praktick\u00e9ho vyu\u010dovania a&nbsp;majstrov odborn\u00e9ho v\u00fdcviku.<\/li>\n<\/ul>\n<p>Dotazn\u00edky tvoria dve \u0165a\u017eiskov\u00e9 oblasti:<\/p>\n<ul>\n<li>priebeh absolvovan\u00e9ho di\u0161tan\u010dn\u00e9ho vzdel\u00e1vania, prek\u00e1\u017eky z&nbsp;poh\u013eadu stredn\u00fdch odborn\u00fdch \u0161k\u00f4l,<\/li>\n<li>stanovenie po\u017eiadaviek stredn\u00fdch odborn\u00fdch \u0161k\u00f4l v&nbsp;\u010dase op\u00e4tovn\u00e9ho zavedenia di\u0161tan\u010dn\u00e9ho vzdel\u00e1vania.<\/li>\n<\/ul>\n<p>Dotazn\u00edk je potrebn\u00e9 vyplni\u0165 elektronicky pre ka\u017ed\u00fd odbor vzdel\u00e1vania zvl\u00e1\u0161\u0165. Bude dostupn\u00fd v&nbsp; term\u00edne <strong>od 14. okt\u00f3bra do 05. novembra 2020 <\/strong>v elektronickej forme na t\u00fdchto odkazoch:<\/p>\n<ul>\n<li>Dotazn\u00edk k prieskumu zav\u00e1dzania di\u0161tan\u010dnej formy vzdel\u00e1vania z poh\u013eadu stredn\u00fdch odborn\u00fdch \u0161k\u00f4l, stredn\u00fdch \u0161portov\u00fdch \u0161k\u00f4l, \u0161k\u00f4l umeleck\u00e9ho priemyslu \u2013 teoretick\u00e9 vyu\u010dovanie odborn\u00fdch predmetov<\/li>\n<\/ul>\n<p>link:<\/p>\n<p><a href=\"https:\/\/docs.google.com\/forms\/d\/e\/1FAIpQLSdkkrU0KqDAogwjbRu-tevyjRejmEuCg1vmYqH-LX3ObFseLw\/viewform\">https:\/\/docs.google.com\/forms\/d\/e\/1FAIpQLSdkkrU0KqDAogwjbRu-tevyjRejmEuCg1vmYqH-LX3ObFseLw\/viewform<\/a><\/p>\n<ul>\n<li>PDF form\u00e1t <a href=\"https:\/\/archiv.siov.sk\/wp-content\/uploads\/2020\/10\/Dotaznik-k-prieskumu-teoreticke-vyucovanie.pdf\" target=\"_blank\" rel=\"noopener noreferrer\">TU<\/a><\/li>\n<\/ul>\n<p>&nbsp;<\/p>\n<ul>\n<li>Dotazn\u00edk k prieskumu zav\u00e1dzania di\u0161tan\u010dnej formy vzdel\u00e1vania z poh\u013eadu stredn\u00fdch odborn\u00fdch \u0161k\u00f4l, stredn\u00fdch \u0161portov\u00fdch \u0161k\u00f4l, \u0161k\u00f4l umeleck\u00e9ho priemyslu \u2013 praktick\u00e9 vyu\u010dovanie:<\/li>\n<\/ul>\n<p>link:<\/p>\n<p><a href=\"https:\/\/docs.google.com\/forms\/d\/e\/1FAIpQLScgVt8e9vyQUJEc9D93L1DkP-dzNGV4GgDG_dMkbt6WIb2pYA\/viewform\">https:\/\/docs.google.com\/forms\/d\/e\/1FAIpQLScgVt8e9vyQUJEc9D93L1DkP-dzNGV4GgDG_dMkbt6WIb2pYA\/viewform<\/a><\/p>\n<ul>\n<li>PDF form\u00e1t <a href=\"https:\/\/archiv.siov.sk\/wp-content\/uploads\/2020\/10\/Dotaznik-k-prieskumu-prakticke-vyucovanie.pdf\" target=\"_blank\" rel=\"noopener noreferrer\">TU<\/a><\/li>\n<\/ul>\n<p>&nbsp;<\/p>\n<p><strong>Pokyny na vyp\u013a\u0148anie dotazn\u00edka: <\/strong><\/p>\n<ul>\n<li>Pr\u00edslu\u0161n\u00fd dotazn\u00edk pre OVP vyp\u013a\u0148a pod\u013ea mo\u017enost\u00ed \u0161koly:\n<ul>\n<li>z\u00e1stupca pre teoretick\u00e9 vyu\u010dovanie spolu s&nbsp;pedagogick\u00fdmi zamestnancami,<\/li>\n<li>z\u00e1stupca pre praktick\u00e9 vyu\u010dovanie spolu s&nbsp;pedagogick\u00fdmi zamestnancami\/MOV.<\/li>\n<\/ul>\n<\/li>\n<li>Dotazn\u00edk je potrebn\u00e9 vyplni\u0165 elektronicky pre ka\u017ed\u00fd odbor vzdel\u00e1vania zvl\u00e1\u0161\u0165.<\/li>\n<li>Dotazn\u00edk je potrebn\u00e9 vyplni\u0165 naraz. Odpovede sa automaticky neukladaj\u00fa.<\/li>\n<li>Dotazn\u00edk m\u00e1 viac str\u00e1n, po vyplnen\u00ed pr\u00edslu\u0161nej strany posuniete stranu kliknut\u00edm na tla\u010didlo \u010eALEJ\/NEXT na spodnej strane obrazovky.<\/li>\n<li>Po vyplnen\u00ed dotazn\u00edka je potrebn\u00e9 dotazn\u00edk odosla\u0165 kliknut\u00edm na tla\u010didlo ODOSLA\u0164\/SUBMIT.<\/li>\n<li>Pr\u00edpadn\u00e9 ot\u00e1zky posielajte na e-mailov\u00fa adresu: <a href=\"mailto:prieskumovp@siov.sk\">prieskumovp@siov.sk<\/a><\/li>\n<\/ul>\n<p>&nbsp;<\/p>\n<p>\u010eakujeme za s\u00fa\u010dinnos\u0165 pri vyp\u013a\u0148an\u00ed dotazn\u00edka.<\/p>\n<p>&nbsp;<\/p>","protected":false},"excerpt":{"rendered":"<p>\u0160t\u00e1tny in\u0161tit\u00fat odborn\u00e9ho vzdel\u00e1vania (\u0160IOV) v s\u00favislosti s pand\u00e9miou COVID-19 uskuto\u010d\u0148uje dotazn\u00edkov\u00fd prieskum, ktor\u00e9ho cie\u013eom je z\u00edska\u0165 inform\u00e1cie o zabezpe\u010dovan\u00ed vyu\u010dovacieho procesu v OVP po\u010das pand\u00e9mie v \u0161kolskom roku 2019\/2020&nbsp; a taktie\u017e identifikova\u0165 aktu\u00e1lne probl\u00e9my, s&nbsp;ktor\u00fdmi sa vedenie \u0161k\u00f4l a pedagogick\u00ed zamestnanci stret\u00e1vaj\u00fa v&nbsp;s\u00favislosti s&nbsp;di\u0161tan\u010dn\u00fdm vzdel\u00e1van\u00edm v&nbsp;\u010dase koronakr\u00edzy. V\u00fdsledky dotazn\u00edkov\u00e9ho prieskumu bud\u00fa podkladov\u00fdm materi\u00e1lom k&nbsp;rie\u0161eniu [&hellip;]<\/p>\n","protected":false},"author":6,"featured_media":5826,"comment_status":"closed","ping_status":"closed","sticky":false,"template":"","format":"standard","meta":{"site-sidebar-layout":"default","site-content-layout":"","ast-site-content-layout":"default","site-content-style":"default","site-sidebar-style":"default","ast-global-header-display":"","ast-banner-title-visibility":"","ast-main-header-display":"","ast-hfb-above-header-display":"","ast-hfb-below-header-display":"","ast-hfb-mobile-header-display":"","site-post-title":"","ast-breadcrumbs-content":"","ast-featured-img":"","footer-sml-layout":"","ast-disable-related-posts":"","theme-transparent-header-meta":"","adv-header-id-meta":"","stick-header-meta":"","header-above-stick-meta":"","header-main-stick-meta":"","header-below-stick-meta":"","astra-migrate-meta-layouts":"default","ast-page-background-enabled":"default","ast-page-background-meta":{"desktop":{"background-color":"var(--ast-global-color-4)","background-image":"","background-repeat":"repeat","background-position":"center center","background-size":"auto","background-attachment":"scroll","background-type":"","background-media":"","overlay-type":"","overlay-color":"","overlay-opacity":"","overlay-gradient":""},"tablet":{"background-color":"","background-image":"","background-repeat":"repeat","background-position":"center center","background-size":"auto","background-attachment":"scroll","background-type":"","background-media":"","overlay-type":"","overlay-color":"","overlay-opacity":"","overlay-gradient":""},"mobile":{"background-color":"","background-image":"","background-repeat":"repeat","background-position":"center center","background-size":"auto","background-attachment":"scroll","background-type":"","background-media":"","overlay-type":"","overlay-color":"","overlay-opacity":"","overlay-gradient":""}},"ast-content-background-meta":{"desktop":{"background-color":"var(--ast-global-color-5)","background-image":"","background-repeat":"repeat","background-position":"center center","background-size":"auto","background-attachment":"scroll","background-type":"","background-media":"","overlay-type":"","overlay-color":"","overlay-opacity":"","overlay-gradient":""},"tablet":{"background-color":"var(--ast-global-color-5)","background-image":"","background-repeat":"repeat","background-position":"center center","background-size":"auto","background-attachment":"scroll","background-type":"","background-media":"","overlay-type":"","overlay-color":"","overlay-opacity":"","overlay-gradient":""},"mobile":{"background-color":"var(--ast-global-color-5)","background-image":"","background-repeat":"repeat","background-position":"center center","background-size":"auto","background-attachment":"scroll","background-type":"","background-media":"","overlay-type":"","overlay-color":"","overlay-opacity":"","overlay-gradient":""}},"footnotes":""},"categories":[9],"tags":[],"class_list":["post-6796","post","type-post","status-publish","format-standard","has-post-thumbnail","hentry","category-aktuality-v-case-koronavirusu"],"yoast_head":"<!-- This site is optimized with the Yoast SEO plugin v27.5 - https:\/\/yoast.com\/product\/yoast-seo-wordpress\/ -->\n<title>V\u00e1\u0161 n\u00e1zor n\u00e1s zauj\u00edma aj v koronakr\u00edze - \u0160IOV - \u0161t\u00e1tny in\u0161tit\u00fat odborn\u00e9ho vzdel\u00e1vania<\/title>\n<meta name=\"robots\" content=\"index, follow, max-snippet:-1, max-image-preview:large, max-video-preview:-1\" \/>\n<link rel=\"canonical\" href=\"https:\/\/archiv.siov.sk\/en\/vas-nazor-nas-zaujima-aj-v-koronakrize\/\" \/>\n<meta property=\"og:locale\" content=\"en_GB\" \/>\n<meta property=\"og:type\" content=\"article\" \/>\n<meta property=\"og:title\" content=\"V\u00e1\u0161 n\u00e1zor n\u00e1s zauj\u00edma aj v koronakr\u00edze - \u0160IOV - \u0161t\u00e1tny in\u0161tit\u00fat odborn\u00e9ho vzdel\u00e1vania\" \/>\n<meta property=\"og:description\" content=\"\u0160t\u00e1tny in\u0161tit\u00fat odborn\u00e9ho vzdel\u00e1vania (\u0160IOV) v s\u00favislosti s pand\u00e9miou COVID-19 uskuto\u010d\u0148uje dotazn\u00edkov\u00fd prieskum, ktor\u00e9ho cie\u013eom je z\u00edska\u0165 inform\u00e1cie o zabezpe\u010dovan\u00ed vyu\u010dovacieho procesu v OVP po\u010das pand\u00e9mie v \u0161kolskom roku 2019\/2020&nbsp; a taktie\u017e identifikova\u0165 aktu\u00e1lne probl\u00e9my, s&nbsp;ktor\u00fdmi sa vedenie \u0161k\u00f4l a pedagogick\u00ed zamestnanci stret\u00e1vaj\u00fa v&nbsp;s\u00favislosti s&nbsp;di\u0161tan\u010dn\u00fdm vzdel\u00e1van\u00edm v&nbsp;\u010dase koronakr\u00edzy. V\u00fdsledky dotazn\u00edkov\u00e9ho prieskumu bud\u00fa podkladov\u00fdm materi\u00e1lom k&nbsp;rie\u0161eniu [&hellip;]\" \/>\n<meta property=\"og:url\" content=\"https:\/\/archiv.siov.sk\/en\/vas-nazor-nas-zaujima-aj-v-koronakrize\/\" \/>\n<meta property=\"og:site_name\" content=\"\u0160IOV - \u0161t\u00e1tny in\u0161tit\u00fat odborn\u00e9ho vzdel\u00e1vania\" \/>\n<meta property=\"article:publisher\" content=\"https:\/\/www.facebook.com\/Statnyinstitutodbornehovzdelavania\" \/>\n<meta property=\"article:published_time\" content=\"2020-10-29T11:21:55+00:00\" \/>\n<meta property=\"article:modified_time\" content=\"2020-10-29T11:22:45+00:00\" \/>\n<meta property=\"og:image\" content=\"https:\/\/archiv.siov.sk\/wp-content\/uploads\/2020\/04\/shutterstock_1673248636-scaled-e1587720892320.jpg\" \/>\n\t<meta property=\"og:image:width\" content=\"300\" \/>\n\t<meta property=\"og:image:height\" content=\"200\" \/>\n\t<meta property=\"og:image:type\" content=\"image\/jpeg\" \/>\n<meta name=\"author\" content=\"Katar\u00edna Kov\u00e1\u010dov\u00e1\" \/>\n<meta name=\"twitter:card\" content=\"summary_large_image\" \/>\n<meta name=\"twitter:label1\" content=\"Written by\" \/>\n\t<meta name=\"twitter:data1\" content=\"Katar\u00edna Kov\u00e1\u010dov\u00e1\" \/>\n\t<meta name=\"twitter:label2\" content=\"Estimated reading time\" \/>\n\t<meta name=\"twitter:data2\" content=\"3 minutes\" \/>\n<script type=\"application\/ld+json\" class=\"yoast-schema-graph\">{\"@context\":\"https:\\\/\\\/schema.org\",\"@graph\":[{\"@type\":\"Article\",\"@id\":\"https:\\\/\\\/archiv.siov.sk\\\/vas-nazor-nas-zaujima-aj-v-koronakrize\\\/#article\",\"isPartOf\":{\"@id\":\"https:\\\/\\\/archiv.siov.sk\\\/vas-nazor-nas-zaujima-aj-v-koronakrize\\\/\"},\"author\":{\"name\":\"Katar\u00edna Kov\u00e1\u010dov\u00e1\",\"@id\":\"https:\\\/\\\/archiv.siov.sk\\\/#\\\/schema\\\/person\\\/e42d633fbd958c6a726e8834d8965e6c\"},\"headline\":\"V\u00e1\u0161 n\u00e1zor n\u00e1s zauj\u00edma aj v koronakr\u00edze\",\"datePublished\":\"2020-10-29T11:21:55+00:00\",\"dateModified\":\"2020-10-29T11:22:45+00:00\",\"mainEntityOfPage\":{\"@id\":\"https:\\\/\\\/archiv.siov.sk\\\/vas-nazor-nas-zaujima-aj-v-koronakrize\\\/\"},\"wordCount\":562,\"publisher\":{\"@id\":\"https:\\\/\\\/archiv.siov.sk\\\/#organization\"},\"image\":{\"@id\":\"https:\\\/\\\/archiv.siov.sk\\\/vas-nazor-nas-zaujima-aj-v-koronakrize\\\/#primaryimage\"},\"thumbnailUrl\":\"https:\\\/\\\/archiv.siov.sk\\\/wp-content\\\/uploads\\\/2020\\\/04\\\/shutterstock_1673248636-scaled-e1587720892320.jpg\",\"articleSection\":[\"Aktuality v \u010dase koronav\u00edrusu\"],\"inLanguage\":\"en-GB\"},{\"@type\":\"WebPage\",\"@id\":\"https:\\\/\\\/archiv.siov.sk\\\/vas-nazor-nas-zaujima-aj-v-koronakrize\\\/\",\"url\":\"https:\\\/\\\/archiv.siov.sk\\\/vas-nazor-nas-zaujima-aj-v-koronakrize\\\/\",\"name\":\"V\u00e1\u0161 n\u00e1zor n\u00e1s zauj\u00edma aj v koronakr\u00edze - \u0160IOV - \u0161t\u00e1tny in\u0161tit\u00fat odborn\u00e9ho vzdel\u00e1vania\",\"isPartOf\":{\"@id\":\"https:\\\/\\\/archiv.siov.sk\\\/#website\"},\"primaryImageOfPage\":{\"@id\":\"https:\\\/\\\/archiv.siov.sk\\\/vas-nazor-nas-zaujima-aj-v-koronakrize\\\/#primaryimage\"},\"image\":{\"@id\":\"https:\\\/\\\/archiv.siov.sk\\\/vas-nazor-nas-zaujima-aj-v-koronakrize\\\/#primaryimage\"},\"thumbnailUrl\":\"https:\\\/\\\/archiv.siov.sk\\\/wp-content\\\/uploads\\\/2020\\\/04\\\/shutterstock_1673248636-scaled-e1587720892320.jpg\",\"datePublished\":\"2020-10-29T11:21:55+00:00\",\"dateModified\":\"2020-10-29T11:22:45+00:00\",\"breadcrumb\":{\"@id\":\"https:\\\/\\\/archiv.siov.sk\\\/vas-nazor-nas-zaujima-aj-v-koronakrize\\\/#breadcrumb\"},\"inLanguage\":\"en-GB\",\"potentialAction\":[{\"@type\":\"ReadAction\",\"target\":[\"https:\\\/\\\/archiv.siov.sk\\\/vas-nazor-nas-zaujima-aj-v-koronakrize\\\/\"]}]},{\"@type\":\"ImageObject\",\"inLanguage\":\"en-GB\",\"@id\":\"https:\\\/\\\/archiv.siov.sk\\\/vas-nazor-nas-zaujima-aj-v-koronakrize\\\/#primaryimage\",\"url\":\"https:\\\/\\\/archiv.siov.sk\\\/wp-content\\\/uploads\\\/2020\\\/04\\\/shutterstock_1673248636-scaled-e1587720892320.jpg\",\"contentUrl\":\"https:\\\/\\\/archiv.siov.sk\\\/wp-content\\\/uploads\\\/2020\\\/04\\\/shutterstock_1673248636-scaled-e1587720892320.jpg\",\"width\":300,\"height\":200},{\"@type\":\"BreadcrumbList\",\"@id\":\"https:\\\/\\\/archiv.siov.sk\\\/vas-nazor-nas-zaujima-aj-v-koronakrize\\\/#breadcrumb\",\"itemListElement\":[{\"@type\":\"ListItem\",\"position\":1,\"name\":\"Home\",\"item\":\"https:\\\/\\\/archiv.siov.sk\\\/\"},{\"@type\":\"ListItem\",\"position\":2,\"name\":\"V\u00e1\u0161 n\u00e1zor n\u00e1s zauj\u00edma aj v koronakr\u00edze\"}]},{\"@type\":\"WebSite\",\"@id\":\"https:\\\/\\\/archiv.siov.sk\\\/#website\",\"url\":\"https:\\\/\\\/archiv.siov.sk\\\/\",\"name\":\"\u0160IOV - \u0161t\u00e1tny in\u0161tit\u00fat odborn\u00e9ho vzdel\u00e1vania\",\"description\":\"\",\"publisher\":{\"@id\":\"https:\\\/\\\/archiv.siov.sk\\\/#organization\"},\"potentialAction\":[{\"@type\":\"SearchAction\",\"target\":{\"@type\":\"EntryPoint\",\"urlTemplate\":\"https:\\\/\\\/archiv.siov.sk\\\/?s={search_term_string}\"},\"query-input\":{\"@type\":\"PropertyValueSpecification\",\"valueRequired\":true,\"valueName\":\"search_term_string\"}}],\"inLanguage\":\"en-GB\"},{\"@type\":\"Organization\",\"@id\":\"https:\\\/\\\/archiv.siov.sk\\\/#organization\",\"name\":\"\u0160IOV - \u0161t\u00e1tny in\u0161tit\u00fat odborn\u00e9ho vzdel\u00e1vania\",\"url\":\"https:\\\/\\\/archiv.siov.sk\\\/\",\"logo\":{\"@type\":\"ImageObject\",\"inLanguage\":\"en-GB\",\"@id\":\"https:\\\/\\\/archiv.siov.sk\\\/#\\\/schema\\\/logo\\\/image\\\/\",\"url\":\"https:\\\/\\\/archiv.siov.sk\\\/wp-content\\\/uploads\\\/2024\\\/02\\\/logo-SIOV.png\",\"contentUrl\":\"https:\\\/\\\/archiv.siov.sk\\\/wp-content\\\/uploads\\\/2024\\\/02\\\/logo-SIOV.png\",\"width\":431,\"height\":143,\"caption\":\"\u0160IOV - \u0161t\u00e1tny in\u0161tit\u00fat odborn\u00e9ho vzdel\u00e1vania\"},\"image\":{\"@id\":\"https:\\\/\\\/archiv.siov.sk\\\/#\\\/schema\\\/logo\\\/image\\\/\"},\"sameAs\":[\"https:\\\/\\\/www.facebook.com\\\/Statnyinstitutodbornehovzdelavania\"]},{\"@type\":\"Person\",\"@id\":\"https:\\\/\\\/archiv.siov.sk\\\/#\\\/schema\\\/person\\\/e42d633fbd958c6a726e8834d8965e6c\",\"name\":\"Katar\u00edna Kov\u00e1\u010dov\u00e1\",\"url\":\"https:\\\/\\\/archiv.siov.sk\\\/en\\\/author\\\/katkakovacova\\\/\"}]}<\/script>\n<!-- \/ Yoast SEO plugin. -->","yoast_head_json":{"title":"V\u00e1\u0161 n\u00e1zor n\u00e1s zauj\u00edma aj v koronakr\u00edze - \u0160IOV - \u0161t\u00e1tny in\u0161tit\u00fat odborn\u00e9ho vzdel\u00e1vania","robots":{"index":"index","follow":"follow","max-snippet":"max-snippet:-1","max-image-preview":"max-image-preview:large","max-video-preview":"max-video-preview:-1"},"canonical":"https:\/\/archiv.siov.sk\/en\/vas-nazor-nas-zaujima-aj-v-koronakrize\/","og_locale":"en_GB","og_type":"article","og_title":"V\u00e1\u0161 n\u00e1zor n\u00e1s zauj\u00edma aj v koronakr\u00edze - \u0160IOV - \u0161t\u00e1tny in\u0161tit\u00fat odborn\u00e9ho vzdel\u00e1vania","og_description":"\u0160t\u00e1tny in\u0161tit\u00fat odborn\u00e9ho vzdel\u00e1vania (\u0160IOV) v s\u00favislosti s pand\u00e9miou COVID-19 uskuto\u010d\u0148uje dotazn\u00edkov\u00fd prieskum, ktor\u00e9ho cie\u013eom je z\u00edska\u0165 inform\u00e1cie o zabezpe\u010dovan\u00ed vyu\u010dovacieho procesu v OVP po\u010das pand\u00e9mie v \u0161kolskom roku 2019\/2020&nbsp; a taktie\u017e identifikova\u0165 aktu\u00e1lne probl\u00e9my, s&nbsp;ktor\u00fdmi sa vedenie \u0161k\u00f4l a pedagogick\u00ed zamestnanci stret\u00e1vaj\u00fa v&nbsp;s\u00favislosti s&nbsp;di\u0161tan\u010dn\u00fdm vzdel\u00e1van\u00edm v&nbsp;\u010dase koronakr\u00edzy. V\u00fdsledky dotazn\u00edkov\u00e9ho prieskumu bud\u00fa podkladov\u00fdm materi\u00e1lom k&nbsp;rie\u0161eniu [&hellip;]","og_url":"https:\/\/archiv.siov.sk\/en\/vas-nazor-nas-zaujima-aj-v-koronakrize\/","og_site_name":"\u0160IOV - \u0161t\u00e1tny in\u0161tit\u00fat odborn\u00e9ho vzdel\u00e1vania","article_publisher":"https:\/\/www.facebook.com\/Statnyinstitutodbornehovzdelavania","article_published_time":"2020-10-29T11:21:55+00:00","article_modified_time":"2020-10-29T11:22:45+00:00","og_image":[{"width":300,"height":200,"url":"https:\/\/archiv.siov.sk\/wp-content\/uploads\/2020\/04\/shutterstock_1673248636-scaled-e1587720892320.jpg","type":"image\/jpeg"}],"author":"Katar\u00edna Kov\u00e1\u010dov\u00e1","twitter_card":"summary_large_image","twitter_misc":{"Written by":"Katar\u00edna Kov\u00e1\u010dov\u00e1","Estimated reading time":"3 minutes"},"schema":{"@context":"https:\/\/schema.org","@graph":[{"@type":"Article","@id":"https:\/\/archiv.siov.sk\/vas-nazor-nas-zaujima-aj-v-koronakrize\/#article","isPartOf":{"@id":"https:\/\/archiv.siov.sk\/vas-nazor-nas-zaujima-aj-v-koronakrize\/"},"author":{"name":"Katar\u00edna Kov\u00e1\u010dov\u00e1","@id":"https:\/\/archiv.siov.sk\/#\/schema\/person\/e42d633fbd958c6a726e8834d8965e6c"},"headline":"V\u00e1\u0161 n\u00e1zor n\u00e1s zauj\u00edma aj v koronakr\u00edze","datePublished":"2020-10-29T11:21:55+00:00","dateModified":"2020-10-29T11:22:45+00:00","mainEntityOfPage":{"@id":"https:\/\/archiv.siov.sk\/vas-nazor-nas-zaujima-aj-v-koronakrize\/"},"wordCount":562,"publisher":{"@id":"https:\/\/archiv.siov.sk\/#organization"},"image":{"@id":"https:\/\/archiv.siov.sk\/vas-nazor-nas-zaujima-aj-v-koronakrize\/#primaryimage"},"thumbnailUrl":"https:\/\/archiv.siov.sk\/wp-content\/uploads\/2020\/04\/shutterstock_1673248636-scaled-e1587720892320.jpg","articleSection":["Aktuality v \u010dase koronav\u00edrusu"],"inLanguage":"en-GB"},{"@type":"WebPage","@id":"https:\/\/archiv.siov.sk\/vas-nazor-nas-zaujima-aj-v-koronakrize\/","url":"https:\/\/archiv.siov.sk\/vas-nazor-nas-zaujima-aj-v-koronakrize\/","name":"V\u00e1\u0161 n\u00e1zor n\u00e1s zauj\u00edma aj v koronakr\u00edze - \u0160IOV - \u0161t\u00e1tny in\u0161tit\u00fat odborn\u00e9ho vzdel\u00e1vania","isPartOf":{"@id":"https:\/\/archiv.siov.sk\/#website"},"primaryImageOfPage":{"@id":"https:\/\/archiv.siov.sk\/vas-nazor-nas-zaujima-aj-v-koronakrize\/#primaryimage"},"image":{"@id":"https:\/\/archiv.siov.sk\/vas-nazor-nas-zaujima-aj-v-koronakrize\/#primaryimage"},"thumbnailUrl":"https:\/\/archiv.siov.sk\/wp-content\/uploads\/2020\/04\/shutterstock_1673248636-scaled-e1587720892320.jpg","datePublished":"2020-10-29T11:21:55+00:00","dateModified":"2020-10-29T11:22:45+00:00","breadcrumb":{"@id":"https:\/\/archiv.siov.sk\/vas-nazor-nas-zaujima-aj-v-koronakrize\/#breadcrumb"},"inLanguage":"en-GB","potentialAction":[{"@type":"ReadAction","target":["https:\/\/archiv.siov.sk\/vas-nazor-nas-zaujima-aj-v-koronakrize\/"]}]},{"@type":"ImageObject","inLanguage":"en-GB","@id":"https:\/\/archiv.siov.sk\/vas-nazor-nas-zaujima-aj-v-koronakrize\/#primaryimage","url":"https:\/\/archiv.siov.sk\/wp-content\/uploads\/2020\/04\/shutterstock_1673248636-scaled-e1587720892320.jpg","contentUrl":"https:\/\/archiv.siov.sk\/wp-content\/uploads\/2020\/04\/shutterstock_1673248636-scaled-e1587720892320.jpg","width":300,"height":200},{"@type":"BreadcrumbList","@id":"https:\/\/archiv.siov.sk\/vas-nazor-nas-zaujima-aj-v-koronakrize\/#breadcrumb","itemListElement":[{"@type":"ListItem","position":1,"name":"Home","item":"https:\/\/archiv.siov.sk\/"},{"@type":"ListItem","position":2,"name":"V\u00e1\u0161 n\u00e1zor n\u00e1s zauj\u00edma aj v koronakr\u00edze"}]},{"@type":"WebSite","@id":"https:\/\/archiv.siov.sk\/#website","url":"https:\/\/archiv.siov.sk\/","name":"\u0160IOV - \u0161t\u00e1tny in\u0161tit\u00fat odborn\u00e9ho vzdel\u00e1vania","description":"","publisher":{"@id":"https:\/\/archiv.siov.sk\/#organization"},"potentialAction":[{"@type":"SearchAction","target":{"@type":"EntryPoint","urlTemplate":"https:\/\/archiv.siov.sk\/?s={search_term_string}"},"query-input":{"@type":"PropertyValueSpecification","valueRequired":true,"valueName":"search_term_string"}}],"inLanguage":"en-GB"},{"@type":"Organization","@id":"https:\/\/archiv.siov.sk\/#organization","name":"\u0160IOV - \u0161t\u00e1tny in\u0161tit\u00fat odborn\u00e9ho vzdel\u00e1vania","url":"https:\/\/archiv.siov.sk\/","logo":{"@type":"ImageObject","inLanguage":"en-GB","@id":"https:\/\/archiv.siov.sk\/#\/schema\/logo\/image\/","url":"https:\/\/archiv.siov.sk\/wp-content\/uploads\/2024\/02\/logo-SIOV.png","contentUrl":"https:\/\/archiv.siov.sk\/wp-content\/uploads\/2024\/02\/logo-SIOV.png","width":431,"height":143,"caption":"\u0160IOV - \u0161t\u00e1tny in\u0161tit\u00fat odborn\u00e9ho vzdel\u00e1vania"},"image":{"@id":"https:\/\/archiv.siov.sk\/#\/schema\/logo\/image\/"},"sameAs":["https:\/\/www.facebook.com\/Statnyinstitutodbornehovzdelavania"]},{"@type":"Person","@id":"https:\/\/archiv.siov.sk\/#\/schema\/person\/e42d633fbd958c6a726e8834d8965e6c","name":"Katar\u00edna Kov\u00e1\u010dov\u00e1","url":"https:\/\/archiv.siov.sk\/en\/author\/katkakovacova\/"}]}},"_links":{"self":[{"href":"https:\/\/archiv.siov.sk\/en\/wp-json\/wp\/v2\/posts\/6796","targetHints":{"allow":["GET"]}}],"collection":[{"href":"https:\/\/archiv.siov.sk\/en\/wp-json\/wp\/v2\/posts"}],"about":[{"href":"https:\/\/archiv.siov.sk\/en\/wp-json\/wp\/v2\/types\/post"}],"author":[{"embeddable":true,"href":"https:\/\/archiv.siov.sk\/en\/wp-json\/wp\/v2\/users\/6"}],"replies":[{"embeddable":true,"href":"https:\/\/archiv.siov.sk\/en\/wp-json\/wp\/v2\/comments?post=6796"}],"version-history":[{"count":2,"href":"https:\/\/archiv.siov.sk\/en\/wp-json\/wp\/v2\/posts\/6796\/revisions"}],"predecessor-version":[{"id":6800,"href":"https:\/\/archiv.siov.sk\/en\/wp-json\/wp\/v2\/posts\/6796\/revisions\/6800"}],"wp:featuredmedia":[{"embeddable":true,"href":"https:\/\/archiv.siov.sk\/en\/wp-json\/wp\/v2\/media\/5826"}],"wp:attachment":[{"href":"https:\/\/archiv.siov.sk\/en\/wp-json\/wp\/v2\/media?parent=6796"}],"wp:term":[{"taxonomy":"category","embeddable":true,"href":"https:\/\/archiv.siov.sk\/en\/wp-json\/wp\/v2\/categories?post=6796"},{"taxonomy":"post_tag","embeddable":true,"href":"https:\/\/archiv.siov.sk\/en\/wp-json\/wp\/v2\/tags?post=6796"}],"curies":[{"name":"wp","href":"https:\/\/api.w.org\/{rel}","templated":true}]}}