{"id":6630,"date":"2020-10-23T11:02:46","date_gmt":"2020-10-23T09:02:46","guid":{"rendered":"https:\/\/archiv.siov.sk\/?p=6630"},"modified":"2020-10-28T10:57:57","modified_gmt":"2020-10-28T09:57:57","slug":"europsky-tyzden-odbornych-zrucnosti-2020","status":"publish","type":"post","link":"https:\/\/archiv.siov.sk\/en\/europsky-tyzden-odbornych-zrucnosti-2020\/","title":{"rendered":"Eur\u00f3psky t\u00fd\u017ede\u0148 odborn\u00fdch zru\u010dnost\u00ed 2020. V\u00fdsledky s\u00fa\u0165a\u017ee"},"content":{"rendered":"<p>OBJAV SVOJ TALENT!<\/p>\n<p><strong>ZVIDITE\u013dNIME &#8211; RE\u0160TARTUJME \u2013 IN\u0160PIRUJME!<\/strong><\/p>\n<p><strong>V\u00fdsledky s\u00fa\u0165a\u017ee<\/strong><\/p>\n<p>Hlavnou my\u0161lienkou kampane <strong>ZVIDITE\u013dNIME &#8211; RE\u0160TARTUJME \u2013 IN\u0160PIRUJME! <\/strong>bolo zvidite\u013eni\u0165 \u017eivnostn\u00edkov, mal\u00e9 firmy, soci\u00e1lne podniky a&nbsp;tie\u017e \u0161tudentsk\u00e9\/cvi\u010dn\u00e9 firmy, ktor\u00e9 sa zameriavaj\u00fa na soci\u00e1lny rozmer podnikania a svojimi aktivitami prispievaj\u00fa k&nbsp;rozvoju komunity, mesta alebo regi\u00f3nu. Z\u00e1rove\u0148&nbsp;vo&nbsp;svojom podnikan\u00ed dbaj\u00fa aj o&nbsp;ochranu \u017eivotn\u00e9ho prostredia (napr. vo forme cirkul\u00e1rnej ekonomiky, recyklovania materi\u00e1lov, ich op\u00e4tovn\u00e9ho vyu\u017e\u00edvania, zodpovednej spotreby, ochrany ekosyst\u00e9mov, a&nbsp;pod.)<\/p>\n<p>\u00dalohou s\u00fa\u0165a\u017eiacich bolo zasla\u0165 odpovede na ot\u00e1zky: <em>Pre\u010do ste sa rozhodli zalo\u017ei\u0165 svoj podnik\/firmu? \u010co v\u0161etko ste sa museli v za\u010diatkoch nau\u010di\u0165 a ako ste z\u00edskavali potrebn\u00e9 vedomosti a zru\u010dnosti? Ako Va\u0161e podnikanie pom\u00e1ha zlep\u0161ova\u0165 \u017eivotn\u00e9 prostredie?&nbsp; Pre\u010do ste sa rozhodli pre tak\u00e9to zameranie V\u00e1\u0161ho podniku? Ako Va\u0161e podnikanie&nbsp; podporuje rozvoj miestnej komunity?<\/em><\/p>\n<p>S\u00fa\u0165a\u017e bola rozdelen\u00e1 do 2 kateg\u00f3ri\u00ed: 1. firmy, mal\u00e9 podniky a&nbsp;soci\u00e1lne podniky a&nbsp;2. \u0161tudentsk\u00e9 a&nbsp;cvi\u010dn\u00e9 firmy.<\/p>\n<p>Porota vybrala v\u00ed\u0165azov, ktor\u00fdm srde\u010dne gratulujeme:<\/p>\n<p><strong><u>Firmy, mal\u00e9 podniky soci\u00e1lne podniky<\/u><\/strong><\/p>\n<ol>\n<li><strong>miesto: <a href=\"https:\/\/baterkaren.sk\/\">Baterk\u00e1re\u0148<\/a>, Trnava<\/strong><strong>: <\/strong>\u201e<em>Baterk\u00e1re\u0148 je reuse centrum, ktor\u00e9 vo svojich aktivit\u00e1ch sn\u00fabi pomoc komunite, udr\u017eate\u013enos\u0165 a princ\u00edpy cirkul\u00e1rnej ekonomiky, a dobrovo\u013en\u00edctvo. Na\u0161e aktivity propaguj\u00fa ochranu \u017eivotn\u00e9ho prostredia a prakticky ved\u00fa komunitu k&nbsp;udr\u017eate\u013enosti<\/em>\u201c.<\/li>\n<li><strong>miesto: <a href=\"https:\/\/www.waki-vaky.com\/en\/\">WAKIVAKY<\/a> s. a., Pezinok<\/strong><strong>:<\/strong> \u201e<em>Sna\u017e\u00edme sa motivova\u0165 a edukova\u0165 o d\u00f4le\u017eitosti upcykl\u00e1cie a zni\u017eovania textiln\u00e9ho odpadu. Rob\u00edme predn\u00e1\u0161ky, workshopy, organizujeme swapy. Takto \u0161\u00edrime my\u0161lienku upcykl\u00e1cie \u010falej a podporujeme tak ekologick\u00e9 spr\u00e1vanie v komunite.\u201c<\/em><\/li>\n<li><strong>miesto: <\/strong><strong><a href=\"https:\/\/www.vcelobal.sk\/\">V\u010delobal<\/a>, Bratislava<\/strong><strong>: <\/strong>\u201e<em>V\u010delobal sa zameriava na v\u00fdvoj a v\u00fdrobu voskovan\u00fdch obr\u00faskov, vakov a podpa\u013ea\u010dov. Na v\u00fdrobnom procese sa podie\u013eaj\u00fa aj d\u00f4chodcovia a zdravotne znev\u00fdhodnen\u00ed. Na\u0161imi v\u00fdrobkami sa sna\u017e\u00edme zasiahnu\u0165 cel\u00e9 spektrum spolo\u010dnosti od det\u00ed po seniorov, pri\u010dom chceme prostredn\u00edctvom voskovan\u00fdch obr\u00faskov zv\u00fdrazni\u0165 obmedzenie pou\u017e\u00edvania umel\u00fdch obalov v dom\u00e1cnostiach.\u201c<\/em><\/li>\n<\/ol>\n<p><strong><u>\u0160tudentsk\u00e9 a&nbsp;cvi\u010dn\u00e9 firmy<\/u><\/strong><\/p>\n<ol>\n<li><strong>miesto: <\/strong><strong><a href=\"https:\/\/en.renslovakia.sk\/\">REN Slovakia<\/a>, Ko\u0161ice<\/strong><strong>: <\/strong><em>\u201eFirmu sme zakladali so z\u00e1merom vzdel\u00e1vania sa v oblasti podnikania, no ve\u013emi r\u00fdchlo to prer\u00e1stlo do snahy uk\u00e1za\u0165 svetu, \u010do v\u0161etko sa d\u00e1 u\u017e v \u0161tudentskom veku dok\u00e1za\u0165. Uk\u00e1zali sme Slovensku, \u017ee v\u010faka silnej motiv\u00e1cii sa aj po\u010das \u0165a\u017ekej situ\u00e1cie d\u00e1 profitova\u0165 a vies\u0165 \u00faspe\u0161n\u00fa firmu s ekologick\u00fdm a soci\u00e1lnym z\u00e1merom.\u201c<\/em><\/li>\n<li><strong>miesto:<\/strong><strong> <a href=\"https:\/\/fytofyto.sk\/\">Easy Way Fyto<\/a>, Medzilaborce<\/strong><strong>: <\/strong><em>Na\u0161e podnikanie je ekologick\u00e9, pestovan\u00edm a spracovan\u00edm byl\u00edn a lie\u010div\u00fdch rastl\u00edn sme vytvorili bezodpadov\u00fa technol\u00f3giu na prev\u00e1dzke, v\u0161etky odpady kompostujeme.<\/em><em><br \/>\nU na\u0161ich z\u00e1kazn\u00edkov vyvol\u00e1vame svojimi produktami potrebu stara\u0165 sa o svoje zdravie a potrebu pestova\u0165 zdrav\u00fd \u017eivotn\u00fd \u0161t\u00fdl a zlep\u0161ovanie \u017eivota jednotlivcov ale aj cel\u00fdch rod\u00edn.\u201c<\/em><\/li>\n<li><strong>miesto: <a href=\"https:\/\/madja.webnode.sk\/\">M.A. D. , JA firma<\/a><\/strong>&nbsp;\u201e<em>Na\u0161a Junior Achievement firma M.A.D. v\u00e1m prin\u00e1\u0161a zauj\u00edmav\u00fa ponuku &#8211; viac\u00fa\u010delov\u00fd podstavec pod monitor a notebook. Je vyroben\u00fd z pr\u00edrodn\u00e9ho materi\u00e1lu &#8211; dreva a sl\u00fa\u017ei na zabezpe\u010denie optim\u00e1lnej v\u00fd\u0161ky obrazovky. JA firma M. A. D. p\u00f4sob\u00ed na Spojenej \u0161kole, Tokaj\u00edcka 24, Bratislava, v r\u00e1mci vzdel\u00e1vacieho programu Aplikovan\u00e1 ekon\u00f3mia v spolupr\u00e1ci s Junior Achievement Slovensko, n. o<\/em><\/li>\n<\/ol>\n<p>Kampa\u0148 sa realizovala v&nbsp;r\u00e1mci <strong><a href=\"https:\/\/ec.europa.eu\/social\/vocational-skills-week\/\">Eur\u00f3pskeho t\u00fd\u017ed\u0148a odborn\u00fdch zru\u010dnost\u00ed<\/a><\/strong>, ktor\u00e9ho cie\u013eom je zv\u00fd\u0161i\u0165 atrakt\u00edvnos\u0165 odborn\u00e9ho vzdel\u00e1vania a pr\u00edpravy poskytuj\u00facich \u013eu\u010fom praktick\u00e9 zru\u010dnosti, ktor\u00e9 zlep\u0161uj\u00fa ich uplatnenie na trhu pr\u00e1ce a prispievaj\u00fa k vyv\u00e1\u017een\u00e9mu rozvoju spolo\u010dnosti vo v\u0161etk\u00fdch oblastiach.<\/p>\n<p>Hlavn\u00fdm organiz\u00e1torom bol <strong>State Vocational Education Institute <\/strong>v&nbsp;spolupr\u00e1ci so&nbsp;<strong>Zast\u00fapen\u00edm Eur\u00f3pskej komisie na Slovensku, Slovenskou sporite\u013e\u0148ou a.s.\/Akad\u00e9mia soci\u00e1lnej ekonomiky, Rozbehnisa, Junior achievement a&nbsp;Green foundation<\/strong>, ktor\u00ed do s\u00fa\u0165a\u017ee pon\u00fakli aj ceny a&nbsp;medi\u00e1lnym partnerom <strong>Startitup.<\/strong><\/p>\n<p><strong>FAKTY<\/strong><\/p>\n<p>Mal\u00e9, stredn\u00e9 \u010di mikro podniky plnia v\u00fdznamn\u00fa \u00falohu v na\u0161om ale i celoeur\u00f3pskom hospod\u00e1rstve, poskytuj\u00fa pracovn\u00e9 pr\u00edle\u017eitosti pre takmer 75 % akt\u00edvnej pracovnej sily a podie\u013eaj\u00fa sa na hrubej produkcii a tvorbe pridanej hodnoty viac ako 50 %.<br \/>\nOkrem toho zohr\u00e1vaj\u00fa aj v\u00fdznamn\u00fa \u00falohu v&nbsp;r\u00e1mci miestnej komunity, podporuj\u00fa rozvoj regi\u00f3nu a&nbsp;v&nbsp;s\u00fa\u010dasnom obdob\u00ed \u010delia r\u00f4znym probl\u00e9mom v&nbsp;d\u00f4sledku kr\u00edzy.<\/p>\n<p>&nbsp;&nbsp;&nbsp;&nbsp;&nbsp;&nbsp;&nbsp;&nbsp;&nbsp;&nbsp;&nbsp; &nbsp;&nbsp;&nbsp;&nbsp;&nbsp;&nbsp;&nbsp;&nbsp;&nbsp;&nbsp;&nbsp;&nbsp;&nbsp;&nbsp;&nbsp;&nbsp;&nbsp;&nbsp;&nbsp;&nbsp;&nbsp;&nbsp;&nbsp;&nbsp;&nbsp;&nbsp;&nbsp;&nbsp;&nbsp;&nbsp;&nbsp;&nbsp;&nbsp;&nbsp;&nbsp;&nbsp;&nbsp;&nbsp;&nbsp;&nbsp;&nbsp;&nbsp;&nbsp;&nbsp;&nbsp;&nbsp;&nbsp;&nbsp;&nbsp;&nbsp;&nbsp;&nbsp;&nbsp;&nbsp;&nbsp;&nbsp;&nbsp;&nbsp;&nbsp;&nbsp;&nbsp;&nbsp;&nbsp;&nbsp;&nbsp;&nbsp;&nbsp;&nbsp;&nbsp;&nbsp;&nbsp;&nbsp;&nbsp;&nbsp;&nbsp;&nbsp;&nbsp;&nbsp;&nbsp;&nbsp;&nbsp; &nbsp;&nbsp;&nbsp;&nbsp;&nbsp;&nbsp;&nbsp;&nbsp;&nbsp;&nbsp;&nbsp;&nbsp;&nbsp;&nbsp;&nbsp;&nbsp;&nbsp;&nbsp;&nbsp;&nbsp;&nbsp;&nbsp;&nbsp;<\/p>\n<p>Viac inform\u00e1ci\u00ed n\u00e1jdete na: <strong><a href=\"https:\/\/tyzdenzrucnosti.eu\/\">https:\/\/tyzdenzrucnosti.eu\/<\/a> <\/strong><\/p>\n<p><strong>CONTACT<\/strong><\/p>\n<p>Mgr. Alena \u0160tef\u00e1nikov\u00e1<\/p>\n<p>State Vocational Education Institute<\/p>\n<p>Tel.: 0910 925&nbsp;082<\/p>\n<p>E-mail: <a href=\"mailto:alena.stefanikova@siov.sk\">alena.stefanikova@siov.sk<\/a><\/p>\n<p><a href=\"http:\/\/www.siov.sk\">www.siov.sk<\/a><\/p>\n<p>&nbsp;<\/p>\n<p><strong>EUR\u00d3PSKY T\u00dd\u017dDE\u0147 ODBORN\u00ddCH ZRU\u010cNOST\u00cd<\/strong><\/p>\n<p><strong>Webov\u00e1 str\u00e1nka Komisie:<\/strong> <a href=\"https:\/\/ec.europa.eu\/social\/vocational-skills-week\/\">ec.europa.eu\/social\/vocational-skills-week<\/a><\/p>\n<p><strong>Webov\u00e1 str\u00e1nka \u0160IOV: <a href=\"https:\/\/tyzdenzrucnosti.eu\/\">https:\/\/tyzdenzrucnosti.eu\/<\/a><\/strong><\/p>\n<p><strong>Twitter:<\/strong>&nbsp;<a href=\"https:\/\/twitter.com\/eu_social\">@EU_social<\/a> <a href=\"https:\/\/twitter.com\/europeanyoutheu\">@EuropeanYouthEU<\/a> #EUVocationalSkills #DiscoverYourTalent&nbsp;&nbsp;<\/p>\n<p><strong>Facebook:<\/strong>&nbsp;<a href=\"https:\/\/www.facebook.com\/socialeurope\/\">@socialeurope<\/a> <a href=\"https:\/\/www.facebook.com\/EuropeanYouthEU\/\">@EuropeanYouthEU<\/a><\/p>\n<p><strong>&nbsp;&nbsp;&nbsp;<\/strong><\/p>","protected":false},"excerpt":{"rendered":"<p>OBJAV SVOJ TALENT! ZVIDITE\u013dNIME &#8211; RE\u0160TARTUJME \u2013 IN\u0160PIRUJME! V\u00fdsledky s\u00fa\u0165a\u017ee Hlavnou my\u0161lienkou kampane ZVIDITE\u013dNIME &#8211; RE\u0160TARTUJME \u2013 IN\u0160PIRUJME! bolo zvidite\u013eni\u0165 \u017eivnostn\u00edkov, mal\u00e9 firmy, soci\u00e1lne podniky a&nbsp;tie\u017e \u0161tudentsk\u00e9\/cvi\u010dn\u00e9 firmy, ktor\u00e9 sa zameriavaj\u00fa na soci\u00e1lny rozmer podnikania a svojimi aktivitami prispievaj\u00fa k&nbsp;rozvoju komunity, mesta alebo regi\u00f3nu. Z\u00e1rove\u0148&nbsp;vo&nbsp;svojom podnikan\u00ed dbaj\u00fa aj o&nbsp;ochranu \u017eivotn\u00e9ho prostredia (napr. vo forme cirkul\u00e1rnej [&hellip;]<\/p>\n","protected":false},"author":6,"featured_media":6606,"comment_status":"closed","ping_status":"closed","sticky":false,"template":"","format":"standard","meta":{"site-sidebar-layout":"default","site-content-layout":"","ast-site-content-layout":"default","site-content-style":"default","site-sidebar-style":"default","ast-global-header-display":"","ast-banner-title-visibility":"","ast-main-header-display":"","ast-hfb-above-header-display":"","ast-hfb-below-header-display":"","ast-hfb-mobile-header-display":"","site-post-title":"","ast-breadcrumbs-content":"","ast-featured-img":"","footer-sml-layout":"","ast-disable-related-posts":"","theme-transparent-header-meta":"","adv-header-id-meta":"","stick-header-meta":"","header-above-stick-meta":"","header-main-stick-meta":"","header-below-stick-meta":"","astra-migrate-meta-layouts":"default","ast-page-background-enabled":"default","ast-page-background-meta":{"desktop":{"background-color":"var(--ast-global-color-4)","background-image":"","background-repeat":"repeat","background-position":"center center","background-size":"auto","background-attachment":"scroll","background-type":"","background-media":"","overlay-type":"","overlay-color":"","overlay-opacity":"","overlay-gradient":""},"tablet":{"background-color":"","background-image":"","background-repeat":"repeat","background-position":"center center","background-size":"auto","background-attachment":"scroll","background-type":"","background-media":"","overlay-type":"","overlay-color":"","overlay-opacity":"","overlay-gradient":""},"mobile":{"background-color":"","background-image":"","background-repeat":"repeat","background-position":"center center","background-size":"auto","background-attachment":"scroll","background-type":"","background-media":"","overlay-type":"","overlay-color":"","overlay-opacity":"","overlay-gradient":""}},"ast-content-background-meta":{"desktop":{"background-color":"var(--ast-global-color-5)","background-image":"","background-repeat":"repeat","background-position":"center center","background-size":"auto","background-attachment":"scroll","background-type":"","background-media":"","overlay-type":"","overlay-color":"","overlay-opacity":"","overlay-gradient":""},"tablet":{"background-color":"var(--ast-global-color-5)","background-image":"","background-repeat":"repeat","background-position":"center center","background-size":"auto","background-attachment":"scroll","background-type":"","background-media":"","overlay-type":"","overlay-color":"","overlay-opacity":"","overlay-gradient":""},"mobile":{"background-color":"var(--ast-global-color-5)","background-image":"","background-repeat":"repeat","background-position":"center center","background-size":"auto","background-attachment":"scroll","background-type":"","background-media":"","overlay-type":"","overlay-color":"","overlay-opacity":"","overlay-gradient":""}},"footnotes":""},"categories":[1,9],"tags":[],"class_list":["post-6630","post","type-post","status-publish","format-standard","has-post-thumbnail","hentry","category-aktuality","category-aktuality-v-case-koronavirusu"],"yoast_head":"<!-- This site is optimized with the Yoast SEO plugin v27.5 - https:\/\/yoast.com\/product\/yoast-seo-wordpress\/ -->\n<title>Eur\u00f3psky t\u00fd\u017ede\u0148 odborn\u00fdch zru\u010dnost\u00ed 2020. V\u00fdsledky s\u00fa\u0165a\u017ee - \u0160IOV - \u0161t\u00e1tny in\u0161tit\u00fat odborn\u00e9ho vzdel\u00e1vania<\/title>\n<meta name=\"robots\" content=\"index, follow, max-snippet:-1, max-image-preview:large, max-video-preview:-1\" \/>\n<link rel=\"canonical\" href=\"https:\/\/archiv.siov.sk\/en\/europsky-tyzden-odbornych-zrucnosti-2020\/\" \/>\n<meta property=\"og:locale\" content=\"en_GB\" \/>\n<meta property=\"og:type\" content=\"article\" \/>\n<meta property=\"og:title\" content=\"Eur\u00f3psky t\u00fd\u017ede\u0148 odborn\u00fdch zru\u010dnost\u00ed 2020. V\u00fdsledky s\u00fa\u0165a\u017ee - \u0160IOV - \u0161t\u00e1tny in\u0161tit\u00fat odborn\u00e9ho vzdel\u00e1vania\" \/>\n<meta property=\"og:description\" content=\"OBJAV SVOJ TALENT! ZVIDITE\u013dNIME &#8211; RE\u0160TARTUJME \u2013 IN\u0160PIRUJME! V\u00fdsledky s\u00fa\u0165a\u017ee Hlavnou my\u0161lienkou kampane ZVIDITE\u013dNIME &#8211; RE\u0160TARTUJME \u2013 IN\u0160PIRUJME! bolo zvidite\u013eni\u0165 \u017eivnostn\u00edkov, mal\u00e9 firmy, soci\u00e1lne podniky a&nbsp;tie\u017e \u0161tudentsk\u00e9\/cvi\u010dn\u00e9 firmy, ktor\u00e9 sa zameriavaj\u00fa na soci\u00e1lny rozmer podnikania a svojimi aktivitami prispievaj\u00fa k&nbsp;rozvoju komunity, mesta alebo regi\u00f3nu. Z\u00e1rove\u0148&nbsp;vo&nbsp;svojom podnikan\u00ed dbaj\u00fa aj o&nbsp;ochranu \u017eivotn\u00e9ho prostredia (napr. vo forme cirkul\u00e1rnej [&hellip;]\" \/>\n<meta property=\"og:url\" content=\"https:\/\/archiv.siov.sk\/en\/europsky-tyzden-odbornych-zrucnosti-2020\/\" \/>\n<meta property=\"og:site_name\" content=\"\u0160IOV - \u0161t\u00e1tny in\u0161tit\u00fat odborn\u00e9ho vzdel\u00e1vania\" \/>\n<meta property=\"article:publisher\" content=\"https:\/\/www.facebook.com\/Statnyinstitutodbornehovzdelavania\" \/>\n<meta property=\"article:published_time\" content=\"2020-10-23T09:02:46+00:00\" \/>\n<meta property=\"article:modified_time\" content=\"2020-10-28T09:57:57+00:00\" \/>\n<meta property=\"og:image\" content=\"https:\/\/archiv.siov.sk\/wp-content\/uploads\/2020\/10\/official-partner.jpg\" \/>\n\t<meta property=\"og:image:width\" content=\"1100\" \/>\n\t<meta property=\"og:image:height\" content=\"450\" \/>\n\t<meta property=\"og:image:type\" content=\"image\/jpeg\" \/>\n<meta name=\"author\" content=\"Katar\u00edna Kov\u00e1\u010dov\u00e1\" \/>\n<meta name=\"twitter:card\" content=\"summary_large_image\" \/>\n<meta name=\"twitter:label1\" content=\"Written by\" \/>\n\t<meta name=\"twitter:data1\" content=\"Katar\u00edna Kov\u00e1\u010dov\u00e1\" \/>\n\t<meta name=\"twitter:label2\" content=\"Estimated reading time\" \/>\n\t<meta name=\"twitter:data2\" content=\"5 minutes\" \/>\n<script type=\"application\/ld+json\" class=\"yoast-schema-graph\">{\"@context\":\"https:\\\/\\\/schema.org\",\"@graph\":[{\"@type\":\"Article\",\"@id\":\"https:\\\/\\\/archiv.siov.sk\\\/europsky-tyzden-odbornych-zrucnosti-2020\\\/#article\",\"isPartOf\":{\"@id\":\"https:\\\/\\\/archiv.siov.sk\\\/europsky-tyzden-odbornych-zrucnosti-2020\\\/\"},\"author\":{\"name\":\"Katar\u00edna Kov\u00e1\u010dov\u00e1\",\"@id\":\"https:\\\/\\\/archiv.siov.sk\\\/#\\\/schema\\\/person\\\/e42d633fbd958c6a726e8834d8965e6c\"},\"headline\":\"Eur\u00f3psky t\u00fd\u017ede\u0148 odborn\u00fdch zru\u010dnost\u00ed 2020. V\u00fdsledky s\u00fa\u0165a\u017ee\",\"datePublished\":\"2020-10-23T09:02:46+00:00\",\"dateModified\":\"2020-10-28T09:57:57+00:00\",\"mainEntityOfPage\":{\"@id\":\"https:\\\/\\\/archiv.siov.sk\\\/europsky-tyzden-odbornych-zrucnosti-2020\\\/\"},\"wordCount\":1012,\"publisher\":{\"@id\":\"https:\\\/\\\/archiv.siov.sk\\\/#organization\"},\"image\":{\"@id\":\"https:\\\/\\\/archiv.siov.sk\\\/europsky-tyzden-odbornych-zrucnosti-2020\\\/#primaryimage\"},\"thumbnailUrl\":\"https:\\\/\\\/archiv.siov.sk\\\/wp-content\\\/uploads\\\/2020\\\/10\\\/official-partner.jpg\",\"articleSection\":[\"Aktuality\",\"Aktuality v \u010dase koronav\u00edrusu\"],\"inLanguage\":\"en-GB\"},{\"@type\":\"WebPage\",\"@id\":\"https:\\\/\\\/archiv.siov.sk\\\/europsky-tyzden-odbornych-zrucnosti-2020\\\/\",\"url\":\"https:\\\/\\\/archiv.siov.sk\\\/europsky-tyzden-odbornych-zrucnosti-2020\\\/\",\"name\":\"Eur\u00f3psky t\u00fd\u017ede\u0148 odborn\u00fdch zru\u010dnost\u00ed 2020. V\u00fdsledky s\u00fa\u0165a\u017ee - \u0160IOV - \u0161t\u00e1tny in\u0161tit\u00fat odborn\u00e9ho vzdel\u00e1vania\",\"isPartOf\":{\"@id\":\"https:\\\/\\\/archiv.siov.sk\\\/#website\"},\"primaryImageOfPage\":{\"@id\":\"https:\\\/\\\/archiv.siov.sk\\\/europsky-tyzden-odbornych-zrucnosti-2020\\\/#primaryimage\"},\"image\":{\"@id\":\"https:\\\/\\\/archiv.siov.sk\\\/europsky-tyzden-odbornych-zrucnosti-2020\\\/#primaryimage\"},\"thumbnailUrl\":\"https:\\\/\\\/archiv.siov.sk\\\/wp-content\\\/uploads\\\/2020\\\/10\\\/official-partner.jpg\",\"datePublished\":\"2020-10-23T09:02:46+00:00\",\"dateModified\":\"2020-10-28T09:57:57+00:00\",\"breadcrumb\":{\"@id\":\"https:\\\/\\\/archiv.siov.sk\\\/europsky-tyzden-odbornych-zrucnosti-2020\\\/#breadcrumb\"},\"inLanguage\":\"en-GB\",\"potentialAction\":[{\"@type\":\"ReadAction\",\"target\":[\"https:\\\/\\\/archiv.siov.sk\\\/europsky-tyzden-odbornych-zrucnosti-2020\\\/\"]}]},{\"@type\":\"ImageObject\",\"inLanguage\":\"en-GB\",\"@id\":\"https:\\\/\\\/archiv.siov.sk\\\/europsky-tyzden-odbornych-zrucnosti-2020\\\/#primaryimage\",\"url\":\"https:\\\/\\\/archiv.siov.sk\\\/wp-content\\\/uploads\\\/2020\\\/10\\\/official-partner.jpg\",\"contentUrl\":\"https:\\\/\\\/archiv.siov.sk\\\/wp-content\\\/uploads\\\/2020\\\/10\\\/official-partner.jpg\",\"width\":1100,\"height\":450,\"caption\":\"official-partner\"},{\"@type\":\"BreadcrumbList\",\"@id\":\"https:\\\/\\\/archiv.siov.sk\\\/europsky-tyzden-odbornych-zrucnosti-2020\\\/#breadcrumb\",\"itemListElement\":[{\"@type\":\"ListItem\",\"position\":1,\"name\":\"Home\",\"item\":\"https:\\\/\\\/archiv.siov.sk\\\/\"},{\"@type\":\"ListItem\",\"position\":2,\"name\":\"Eur\u00f3psky t\u00fd\u017ede\u0148 odborn\u00fdch zru\u010dnost\u00ed 2020. V\u00fdsledky s\u00fa\u0165a\u017ee\"}]},{\"@type\":\"WebSite\",\"@id\":\"https:\\\/\\\/archiv.siov.sk\\\/#website\",\"url\":\"https:\\\/\\\/archiv.siov.sk\\\/\",\"name\":\"\u0160IOV - \u0161t\u00e1tny in\u0161tit\u00fat odborn\u00e9ho vzdel\u00e1vania\",\"description\":\"\",\"publisher\":{\"@id\":\"https:\\\/\\\/archiv.siov.sk\\\/#organization\"},\"potentialAction\":[{\"@type\":\"SearchAction\",\"target\":{\"@type\":\"EntryPoint\",\"urlTemplate\":\"https:\\\/\\\/archiv.siov.sk\\\/?s={search_term_string}\"},\"query-input\":{\"@type\":\"PropertyValueSpecification\",\"valueRequired\":true,\"valueName\":\"search_term_string\"}}],\"inLanguage\":\"en-GB\"},{\"@type\":\"Organization\",\"@id\":\"https:\\\/\\\/archiv.siov.sk\\\/#organization\",\"name\":\"\u0160IOV - \u0161t\u00e1tny in\u0161tit\u00fat odborn\u00e9ho vzdel\u00e1vania\",\"url\":\"https:\\\/\\\/archiv.siov.sk\\\/\",\"logo\":{\"@type\":\"ImageObject\",\"inLanguage\":\"en-GB\",\"@id\":\"https:\\\/\\\/archiv.siov.sk\\\/#\\\/schema\\\/logo\\\/image\\\/\",\"url\":\"https:\\\/\\\/archiv.siov.sk\\\/wp-content\\\/uploads\\\/2024\\\/02\\\/logo-SIOV.png\",\"contentUrl\":\"https:\\\/\\\/archiv.siov.sk\\\/wp-content\\\/uploads\\\/2024\\\/02\\\/logo-SIOV.png\",\"width\":431,\"height\":143,\"caption\":\"\u0160IOV - \u0161t\u00e1tny in\u0161tit\u00fat odborn\u00e9ho vzdel\u00e1vania\"},\"image\":{\"@id\":\"https:\\\/\\\/archiv.siov.sk\\\/#\\\/schema\\\/logo\\\/image\\\/\"},\"sameAs\":[\"https:\\\/\\\/www.facebook.com\\\/Statnyinstitutodbornehovzdelavania\"]},{\"@type\":\"Person\",\"@id\":\"https:\\\/\\\/archiv.siov.sk\\\/#\\\/schema\\\/person\\\/e42d633fbd958c6a726e8834d8965e6c\",\"name\":\"Katar\u00edna Kov\u00e1\u010dov\u00e1\",\"url\":\"https:\\\/\\\/archiv.siov.sk\\\/en\\\/author\\\/katkakovacova\\\/\"}]}<\/script>\n<!-- \/ Yoast SEO plugin. -->","yoast_head_json":{"title":"Eur\u00f3psky t\u00fd\u017ede\u0148 odborn\u00fdch zru\u010dnost\u00ed 2020. V\u00fdsledky s\u00fa\u0165a\u017ee - \u0160IOV - \u0161t\u00e1tny in\u0161tit\u00fat odborn\u00e9ho vzdel\u00e1vania","robots":{"index":"index","follow":"follow","max-snippet":"max-snippet:-1","max-image-preview":"max-image-preview:large","max-video-preview":"max-video-preview:-1"},"canonical":"https:\/\/archiv.siov.sk\/en\/europsky-tyzden-odbornych-zrucnosti-2020\/","og_locale":"en_GB","og_type":"article","og_title":"Eur\u00f3psky t\u00fd\u017ede\u0148 odborn\u00fdch zru\u010dnost\u00ed 2020. V\u00fdsledky s\u00fa\u0165a\u017ee - \u0160IOV - \u0161t\u00e1tny in\u0161tit\u00fat odborn\u00e9ho vzdel\u00e1vania","og_description":"OBJAV SVOJ TALENT! ZVIDITE\u013dNIME &#8211; RE\u0160TARTUJME \u2013 IN\u0160PIRUJME! V\u00fdsledky s\u00fa\u0165a\u017ee Hlavnou my\u0161lienkou kampane ZVIDITE\u013dNIME &#8211; RE\u0160TARTUJME \u2013 IN\u0160PIRUJME! bolo zvidite\u013eni\u0165 \u017eivnostn\u00edkov, mal\u00e9 firmy, soci\u00e1lne podniky a&nbsp;tie\u017e \u0161tudentsk\u00e9\/cvi\u010dn\u00e9 firmy, ktor\u00e9 sa zameriavaj\u00fa na soci\u00e1lny rozmer podnikania a svojimi aktivitami prispievaj\u00fa k&nbsp;rozvoju komunity, mesta alebo regi\u00f3nu. Z\u00e1rove\u0148&nbsp;vo&nbsp;svojom podnikan\u00ed dbaj\u00fa aj o&nbsp;ochranu \u017eivotn\u00e9ho prostredia (napr. vo forme cirkul\u00e1rnej [&hellip;]","og_url":"https:\/\/archiv.siov.sk\/en\/europsky-tyzden-odbornych-zrucnosti-2020\/","og_site_name":"\u0160IOV - \u0161t\u00e1tny in\u0161tit\u00fat odborn\u00e9ho vzdel\u00e1vania","article_publisher":"https:\/\/www.facebook.com\/Statnyinstitutodbornehovzdelavania","article_published_time":"2020-10-23T09:02:46+00:00","article_modified_time":"2020-10-28T09:57:57+00:00","og_image":[{"width":1100,"height":450,"url":"https:\/\/archiv.siov.sk\/wp-content\/uploads\/2020\/10\/official-partner.jpg","type":"image\/jpeg"}],"author":"Katar\u00edna Kov\u00e1\u010dov\u00e1","twitter_card":"summary_large_image","twitter_misc":{"Written by":"Katar\u00edna Kov\u00e1\u010dov\u00e1","Estimated reading time":"5 minutes"},"schema":{"@context":"https:\/\/schema.org","@graph":[{"@type":"Article","@id":"https:\/\/archiv.siov.sk\/europsky-tyzden-odbornych-zrucnosti-2020\/#article","isPartOf":{"@id":"https:\/\/archiv.siov.sk\/europsky-tyzden-odbornych-zrucnosti-2020\/"},"author":{"name":"Katar\u00edna Kov\u00e1\u010dov\u00e1","@id":"https:\/\/archiv.siov.sk\/#\/schema\/person\/e42d633fbd958c6a726e8834d8965e6c"},"headline":"Eur\u00f3psky t\u00fd\u017ede\u0148 odborn\u00fdch zru\u010dnost\u00ed 2020. V\u00fdsledky s\u00fa\u0165a\u017ee","datePublished":"2020-10-23T09:02:46+00:00","dateModified":"2020-10-28T09:57:57+00:00","mainEntityOfPage":{"@id":"https:\/\/archiv.siov.sk\/europsky-tyzden-odbornych-zrucnosti-2020\/"},"wordCount":1012,"publisher":{"@id":"https:\/\/archiv.siov.sk\/#organization"},"image":{"@id":"https:\/\/archiv.siov.sk\/europsky-tyzden-odbornych-zrucnosti-2020\/#primaryimage"},"thumbnailUrl":"https:\/\/archiv.siov.sk\/wp-content\/uploads\/2020\/10\/official-partner.jpg","articleSection":["Aktuality","Aktuality v \u010dase koronav\u00edrusu"],"inLanguage":"en-GB"},{"@type":"WebPage","@id":"https:\/\/archiv.siov.sk\/europsky-tyzden-odbornych-zrucnosti-2020\/","url":"https:\/\/archiv.siov.sk\/europsky-tyzden-odbornych-zrucnosti-2020\/","name":"Eur\u00f3psky t\u00fd\u017ede\u0148 odborn\u00fdch zru\u010dnost\u00ed 2020. V\u00fdsledky s\u00fa\u0165a\u017ee - \u0160IOV - \u0161t\u00e1tny in\u0161tit\u00fat odborn\u00e9ho vzdel\u00e1vania","isPartOf":{"@id":"https:\/\/archiv.siov.sk\/#website"},"primaryImageOfPage":{"@id":"https:\/\/archiv.siov.sk\/europsky-tyzden-odbornych-zrucnosti-2020\/#primaryimage"},"image":{"@id":"https:\/\/archiv.siov.sk\/europsky-tyzden-odbornych-zrucnosti-2020\/#primaryimage"},"thumbnailUrl":"https:\/\/archiv.siov.sk\/wp-content\/uploads\/2020\/10\/official-partner.jpg","datePublished":"2020-10-23T09:02:46+00:00","dateModified":"2020-10-28T09:57:57+00:00","breadcrumb":{"@id":"https:\/\/archiv.siov.sk\/europsky-tyzden-odbornych-zrucnosti-2020\/#breadcrumb"},"inLanguage":"en-GB","potentialAction":[{"@type":"ReadAction","target":["https:\/\/archiv.siov.sk\/europsky-tyzden-odbornych-zrucnosti-2020\/"]}]},{"@type":"ImageObject","inLanguage":"en-GB","@id":"https:\/\/archiv.siov.sk\/europsky-tyzden-odbornych-zrucnosti-2020\/#primaryimage","url":"https:\/\/archiv.siov.sk\/wp-content\/uploads\/2020\/10\/official-partner.jpg","contentUrl":"https:\/\/archiv.siov.sk\/wp-content\/uploads\/2020\/10\/official-partner.jpg","width":1100,"height":450,"caption":"official-partner"},{"@type":"BreadcrumbList","@id":"https:\/\/archiv.siov.sk\/europsky-tyzden-odbornych-zrucnosti-2020\/#breadcrumb","itemListElement":[{"@type":"ListItem","position":1,"name":"Home","item":"https:\/\/archiv.siov.sk\/"},{"@type":"ListItem","position":2,"name":"Eur\u00f3psky t\u00fd\u017ede\u0148 odborn\u00fdch zru\u010dnost\u00ed 2020. V\u00fdsledky s\u00fa\u0165a\u017ee"}]},{"@type":"WebSite","@id":"https:\/\/archiv.siov.sk\/#website","url":"https:\/\/archiv.siov.sk\/","name":"\u0160IOV - \u0161t\u00e1tny in\u0161tit\u00fat odborn\u00e9ho vzdel\u00e1vania","description":"","publisher":{"@id":"https:\/\/archiv.siov.sk\/#organization"},"potentialAction":[{"@type":"SearchAction","target":{"@type":"EntryPoint","urlTemplate":"https:\/\/archiv.siov.sk\/?s={search_term_string}"},"query-input":{"@type":"PropertyValueSpecification","valueRequired":true,"valueName":"search_term_string"}}],"inLanguage":"en-GB"},{"@type":"Organization","@id":"https:\/\/archiv.siov.sk\/#organization","name":"\u0160IOV - \u0161t\u00e1tny in\u0161tit\u00fat odborn\u00e9ho vzdel\u00e1vania","url":"https:\/\/archiv.siov.sk\/","logo":{"@type":"ImageObject","inLanguage":"en-GB","@id":"https:\/\/archiv.siov.sk\/#\/schema\/logo\/image\/","url":"https:\/\/archiv.siov.sk\/wp-content\/uploads\/2024\/02\/logo-SIOV.png","contentUrl":"https:\/\/archiv.siov.sk\/wp-content\/uploads\/2024\/02\/logo-SIOV.png","width":431,"height":143,"caption":"\u0160IOV - \u0161t\u00e1tny in\u0161tit\u00fat odborn\u00e9ho vzdel\u00e1vania"},"image":{"@id":"https:\/\/archiv.siov.sk\/#\/schema\/logo\/image\/"},"sameAs":["https:\/\/www.facebook.com\/Statnyinstitutodbornehovzdelavania"]},{"@type":"Person","@id":"https:\/\/archiv.siov.sk\/#\/schema\/person\/e42d633fbd958c6a726e8834d8965e6c","name":"Katar\u00edna Kov\u00e1\u010dov\u00e1","url":"https:\/\/archiv.siov.sk\/en\/author\/katkakovacova\/"}]}},"_links":{"self":[{"href":"https:\/\/archiv.siov.sk\/en\/wp-json\/wp\/v2\/posts\/6630","targetHints":{"allow":["GET"]}}],"collection":[{"href":"https:\/\/archiv.siov.sk\/en\/wp-json\/wp\/v2\/posts"}],"about":[{"href":"https:\/\/archiv.siov.sk\/en\/wp-json\/wp\/v2\/types\/post"}],"author":[{"embeddable":true,"href":"https:\/\/archiv.siov.sk\/en\/wp-json\/wp\/v2\/users\/6"}],"replies":[{"embeddable":true,"href":"https:\/\/archiv.siov.sk\/en\/wp-json\/wp\/v2\/comments?post=6630"}],"version-history":[{"count":3,"href":"https:\/\/archiv.siov.sk\/en\/wp-json\/wp\/v2\/posts\/6630\/revisions"}],"predecessor-version":[{"id":6711,"href":"https:\/\/archiv.siov.sk\/en\/wp-json\/wp\/v2\/posts\/6630\/revisions\/6711"}],"wp:featuredmedia":[{"embeddable":true,"href":"https:\/\/archiv.siov.sk\/en\/wp-json\/wp\/v2\/media\/6606"}],"wp:attachment":[{"href":"https:\/\/archiv.siov.sk\/en\/wp-json\/wp\/v2\/media?parent=6630"}],"wp:term":[{"taxonomy":"category","embeddable":true,"href":"https:\/\/archiv.siov.sk\/en\/wp-json\/wp\/v2\/categories?post=6630"},{"taxonomy":"post_tag","embeddable":true,"href":"https:\/\/archiv.siov.sk\/en\/wp-json\/wp\/v2\/tags?post=6630"}],"curies":[{"name":"wp","href":"https:\/\/api.w.org\/{rel}","templated":true}]}}