{"id":6554,"date":"2020-10-09T14:26:07","date_gmt":"2020-10-09T12:26:07","guid":{"rendered":"https:\/\/archiv.siov.sk\/?p=6554"},"modified":"2020-10-14T14:42:37","modified_gmt":"2020-10-14T12:42:37","slug":"europsky-tyzden-odbornych-zrucnosti-2020-objav-svoj-talent","status":"publish","type":"post","link":"https:\/\/archiv.siov.sk\/en\/europsky-tyzden-odbornych-zrucnosti-2020-objav-svoj-talent\/","title":{"rendered":"EUR\u00d3PSKY T\u00dd\u017dDE\u0147 ODBORN\u00ddCH ZRU\u010cNOST\u00cd 2020. OBJAV SVOJ TALENT!"},"content":{"rendered":"<p><strong>Ambas\u00e1dorkou Eur\u00f3pskeho t\u00fd\u017ed\u0148a odborn\u00fdch zru\u010dnost\u00ed 2020 na Slovensku je Noemi R\u00e1czov\u00e1, pedagogi\u010dka Strednej odbornej \u0161koly umeleck\u00e9ho priemyslu v Ko\u0161iciach.<\/strong><\/p>\n<p style=\"text-align: justify;\"><a href=\"https:\/\/ec.europa.eu\/social\/vocational-skills-week\/resources2020_en\">Eur\u00f3psky t\u00fd\u017ede\u0148 odborn\u00fdch zru\u010dnost\u00ed<\/a> je iniciat\u00edva Eur\u00f3pskej komisie, ktor\u00e1 sa realizuje ka\u017edoro\u010dne u\u017e piaty kr\u00e1t a&nbsp;jej hlavn\u00fdm cie\u013eom je zv\u00fd\u0161i\u0165 povedomie o&nbsp;v\u00fdzname a&nbsp;pr\u00ednose odborn\u00e9ho vzdel\u00e1vania a&nbsp;pr\u00edpravy (OVP). Po\u010das tohto podujatia lok\u00e1lne, region\u00e1lne a n\u00e1rodn\u00e9 organiz\u00e1cie propaguj\u00fa to najlep\u0161ie, \u010do sa dosiahlo v sektore OVP; sektor, ktor\u00fd je schopn\u00fd vybavi\u0165 v\u0161etk\u00fdch \u013eud\u00ed zru\u010dnos\u0165ami, ktor\u00e9 potrebuj\u00fa na naplnenie svojich amb\u00edci\u00ed v osobnom a profesion\u00e1lnom \u017eivote.<\/p>\n<p style=\"text-align: justify;\">Tento rok, pre opatrenia v s\u00favislosti &nbsp;COVID-19, bude podujatie len v online forme v term\u00edne 9. \u2013 13. novembra 2020. <strong>Hlavnou t\u00e9mou je \u201ePrechod na ZELEN\u00c9 a DIGIT\u00c1LNE OVP!\u201c<\/strong> v&nbsp;s\u00falade s&nbsp;prioritami Komisie v&nbsp;oblasti \u201eEur\u00f3pska zelen\u00e1 dohoda\u201c a \u201eEur\u00f3pa pripraven\u00e1 pre digit\u00e1lny vek\u201c.<\/p>\n<p>&nbsp;<\/p>\n<p>\u201e<em>OVP je celo\u017eivotn\u00e9 dobrodru\u017estvo. Objavovanie a rozv\u00edjanie v\u00e1\u0161ho talentu a zlep\u0161ovanie zru\u010dnost\u00ed by malo by\u0165 prioritou v ka\u017edom vzdel\u00e1van\u00ed. Je ve\u013emi d\u00f4le\u017eit\u00e9 milova\u0165 svoju pr\u00e1cu u\u017e\u00edva\u0165 si ka\u017ed\u00fa s\u00fa\u010das\u0165 procesu u\u010denia sa a pr\u00e1ce. T\u00fdka sa to aj to \u0161tudentov, aj u\u010dite\u013eov\u201d<\/em> &#8211; povedala <em>Noemi R\u00e1czov\u00e1.<\/em><\/p>\n<p>&nbsp;<\/p>\n<p style=\"text-align: justify;\">Noemi R\u00e1czov\u00e1 je jednou zo skupiny ambas\u00e1dorov z r\u00f4znych \u010dlensk\u00fdch kraj\u00edn E\u00da, ktor\u00ed sa dobrovo\u013ene&nbsp; rozhodli \u0161\u00edri\u0165 inform\u00e1cie o OVP vo svojej domovskej krajine. Eur\u00f3pska komisia a n\u00e1rodn\u00e9 autority ju vybrali na t\u00fato prest\u00ed\u017enu \u00falohu vzh\u013eadom k jej vynikaj\u00facim v\u00fdsledkom v oblasti odborn\u00e9ho vzdel\u00e1vania a pr\u00edpravy. Je \u00faspe\u0161n\u00e1 pedagogi\u010dka a ilustr\u00e1torka detsk\u00fdch kn\u00edh, p\u00f4sob\u00ed na \u0160kole umeleck\u00e9ho priemyslu v rodn\u00fdch Ko\u0161iciach. V roku 2018 bola svojimi \u017eiakmi nominovan\u00e1 do n\u00e1rodnej s\u00fa\u0165a\u017ee Global Teacher Prize \u201eU\u010dite\u013e Slovenska\u201d, kde z\u00edskala najviac hlasov a prevzala si \u201eCenu verejnosti\u201d. V tom istom roku bola nominovan\u00e1 na eur\u00f3psku cenu \u201eV\u00fdnimo\u010dn\u00fd u\u010dite\u013e E\u00da\u201d, ktor\u00e1 bola vyhl\u00e1sen\u00e1 v r\u00e1mci Eur\u00f3pskeho t\u00fd\u017ed\u0148a odborn\u00fdch zru\u010dnost\u00ed 2018. Profil Noemi R\u00e1czovej, ako aj ostatn\u00fdch ambas\u00e1dorov m\u00f4\u017eete n\u00e1js\u0165 na&nbsp;<a href=\"https:\/\/ec.europa.eu\/social\/vocational-skills-week\/ambassadors_en\">str\u00e1nke T\u00fd\u017ed\u0148a<\/a>.<\/p>\n<p>Odborn\u00e9 vzdel\u00e1vanie a pr\u00edprava v&nbsp;Eur\u00f3pe<\/p>\n<ul>\n<li>pomer zamestnan\u00fdch s\u00fa\u010dasn\u00fdch absolventov OVP v&nbsp;Eur\u00f3pe je 78,9 %<\/li>\n<\/ul>\n<p>Zdroj: Eurostat \u2013 Employment rates of recent graduates, str. 2<\/p>\n<p>&nbsp;<\/p>\n<ul>\n<li>10,8 % eur\u00f3pskej popul\u00e1cie vo veku od 25 do 64 sa akt\u00edvne z\u00fa\u010dast\u0148uje vo vzdel\u00e1van\u00ed dospel\u00fdch (2019). Zdroj: Eurostat \u2013 Adult learning statistics<\/li>\n<\/ul>\n<p>&nbsp;<\/p>\n<ul>\n<li>60 % absolventov OVP si n\u00e1jde svoju prv\u00fa pr\u00e1cu v&nbsp;rozp\u00e4t\u00ed jedn\u00e9ho mesiaca od ukon\u010denia ich \u0161t\u00fadia (80 % po \u0161iestich mesiacoch) (2018). Zdroj: A quick guide to EU action on vocational education and training str. 11<\/li>\n<\/ul>\n<p>&nbsp;<\/p>\n<ul>\n<li>pand\u00e9mia COVID-19 vystup\u0148ovala existuj\u00facu medzeru vo vyu\u017e\u00edvan\u00ed digit\u00e1lnych n\u00e1strojov, s&nbsp;\u010d\u00edm s\u00favisia ve\u013ek\u00e9 rozdiely v&nbsp;dan\u00fdch zru\u010dnostiach. Zdroj: EuropeanSkills Agenda for sustainable competitiveness, social fairness and resilience, str. 1<\/li>\n<\/ul>\n<p>&nbsp;&nbsp; &nbsp; &nbsp; &nbsp; &nbsp; &nbsp; &nbsp; &nbsp; &nbsp; &nbsp; &nbsp; &nbsp; &nbsp; &nbsp; &nbsp; &nbsp;<\/p>\n<p>EUR\u00d3PSKY T\u00dd\u017dDE\u0147 ODBORN\u00ddCH ZRU\u010cNOST\u00cd<\/p>\n<p>Webov\u00e1 str\u00e1nka Komisie: <a href=\"https:\/\/ec.europa.eu\/social\/vocational-skills-week\/\">ec.europa.eu\/social\/vocational-skills-week<\/a><\/p>\n<p>Webov\u00e1 str\u00e1nka \u0160IOV: <a href=\"https:\/\/mesiacvzdelavania.sk\/\">https:\/\/mesiacvzdelavania.sk\/<\/a><\/p>\n<p>Twitter:&nbsp;<a href=\"https:\/\/twitter.com\/eu_social\">@EU_social<\/a> <a href=\"https:\/\/twitter.com\/europeanyoutheu\">@EuropeanYouthEU<\/a> #EUVocationalSkills #DiscoverYourTalent&nbsp;&nbsp;<\/p>\n<p>Facebook:&nbsp;<a href=\"https:\/\/www.facebook.com\/socialeurope\/\">@socialeurope<\/a> <a href=\"https:\/\/www.facebook.com\/EuropeanYouthEU\/\">@EuropeanYouthEU<\/a><\/p>\n<p>&nbsp;<\/p>\n<p>CONTACT<\/p>\n<p>Mgr. \u013dubica G\u00e1llov\u00e1<\/p>\n<p>ved\u00faca odboru eur\u00f3pskych polit\u00edk&nbsp;<\/p>\n<p>State Vocational Education Institute&nbsp;<\/p>\n<p>Email: <a href=\"mailto:tyzdenzrucnosti@gmail.com\">tyzdenzrucnosti@gmail.com<\/a> &nbsp;<\/p>","protected":false},"excerpt":{"rendered":"<p>Ambas\u00e1dorkou Eur\u00f3pskeho t\u00fd\u017ed\u0148a odborn\u00fdch zru\u010dnost\u00ed 2020 na Slovensku je Noemi R\u00e1czov\u00e1, pedagogi\u010dka Strednej odbornej \u0161koly umeleck\u00e9ho priemyslu v Ko\u0161iciach. Eur\u00f3psky t\u00fd\u017ede\u0148 odborn\u00fdch zru\u010dnost\u00ed je iniciat\u00edva Eur\u00f3pskej komisie, ktor\u00e1 sa realizuje ka\u017edoro\u010dne u\u017e piaty kr\u00e1t a&nbsp;jej hlavn\u00fdm cie\u013eom je zv\u00fd\u0161i\u0165 povedomie o&nbsp;v\u00fdzname a&nbsp;pr\u00ednose odborn\u00e9ho vzdel\u00e1vania a&nbsp;pr\u00edpravy (OVP). Po\u010das tohto podujatia lok\u00e1lne, region\u00e1lne a n\u00e1rodn\u00e9 organiz\u00e1cie propaguj\u00fa [&hellip;]<\/p>\n","protected":false},"author":6,"featured_media":6606,"comment_status":"closed","ping_status":"closed","sticky":false,"template":"","format":"standard","meta":{"site-sidebar-layout":"default","site-content-layout":"","ast-site-content-layout":"default","site-content-style":"default","site-sidebar-style":"default","ast-global-header-display":"","ast-banner-title-visibility":"","ast-main-header-display":"","ast-hfb-above-header-display":"","ast-hfb-below-header-display":"","ast-hfb-mobile-header-display":"","site-post-title":"","ast-breadcrumbs-content":"","ast-featured-img":"","footer-sml-layout":"","ast-disable-related-posts":"","theme-transparent-header-meta":"","adv-header-id-meta":"","stick-header-meta":"","header-above-stick-meta":"","header-main-stick-meta":"","header-below-stick-meta":"","astra-migrate-meta-layouts":"default","ast-page-background-enabled":"default","ast-page-background-meta":{"desktop":{"background-color":"var(--ast-global-color-4)","background-image":"","background-repeat":"repeat","background-position":"center center","background-size":"auto","background-attachment":"scroll","background-type":"","background-media":"","overlay-type":"","overlay-color":"","overlay-opacity":"","overlay-gradient":""},"tablet":{"background-color":"","background-image":"","background-repeat":"repeat","background-position":"center center","background-size":"auto","background-attachment":"scroll","background-type":"","background-media":"","overlay-type":"","overlay-color":"","overlay-opacity":"","overlay-gradient":""},"mobile":{"background-color":"","background-image":"","background-repeat":"repeat","background-position":"center center","background-size":"auto","background-attachment":"scroll","background-type":"","background-media":"","overlay-type":"","overlay-color":"","overlay-opacity":"","overlay-gradient":""}},"ast-content-background-meta":{"desktop":{"background-color":"var(--ast-global-color-5)","background-image":"","background-repeat":"repeat","background-position":"center center","background-size":"auto","background-attachment":"scroll","background-type":"","background-media":"","overlay-type":"","overlay-color":"","overlay-opacity":"","overlay-gradient":""},"tablet":{"background-color":"var(--ast-global-color-5)","background-image":"","background-repeat":"repeat","background-position":"center center","background-size":"auto","background-attachment":"scroll","background-type":"","background-media":"","overlay-type":"","overlay-color":"","overlay-opacity":"","overlay-gradient":""},"mobile":{"background-color":"var(--ast-global-color-5)","background-image":"","background-repeat":"repeat","background-position":"center center","background-size":"auto","background-attachment":"scroll","background-type":"","background-media":"","overlay-type":"","overlay-color":"","overlay-opacity":"","overlay-gradient":""}},"footnotes":""},"categories":[1,9],"tags":[],"class_list":["post-6554","post","type-post","status-publish","format-standard","has-post-thumbnail","hentry","category-aktuality","category-aktuality-v-case-koronavirusu"],"yoast_head":"<!-- This site is optimized with the Yoast SEO plugin v27.5 - https:\/\/yoast.com\/product\/yoast-seo-wordpress\/ -->\n<title>EUR\u00d3PSKY T\u00dd\u017dDE\u0147 ODBORN\u00ddCH ZRU\u010cNOST\u00cd 2020. OBJAV SVOJ TALENT! - \u0160IOV - \u0161t\u00e1tny in\u0161tit\u00fat odborn\u00e9ho vzdel\u00e1vania<\/title>\n<meta name=\"robots\" content=\"index, follow, max-snippet:-1, max-image-preview:large, max-video-preview:-1\" \/>\n<link rel=\"canonical\" href=\"https:\/\/archiv.siov.sk\/en\/europsky-tyzden-odbornych-zrucnosti-2020-objav-svoj-talent\/\" \/>\n<meta property=\"og:locale\" content=\"en_GB\" \/>\n<meta property=\"og:type\" content=\"article\" \/>\n<meta property=\"og:title\" content=\"EUR\u00d3PSKY T\u00dd\u017dDE\u0147 ODBORN\u00ddCH ZRU\u010cNOST\u00cd 2020. OBJAV SVOJ TALENT! - \u0160IOV - \u0161t\u00e1tny in\u0161tit\u00fat odborn\u00e9ho vzdel\u00e1vania\" \/>\n<meta property=\"og:description\" content=\"Ambas\u00e1dorkou Eur\u00f3pskeho t\u00fd\u017ed\u0148a odborn\u00fdch zru\u010dnost\u00ed 2020 na Slovensku je Noemi R\u00e1czov\u00e1, pedagogi\u010dka Strednej odbornej \u0161koly umeleck\u00e9ho priemyslu v Ko\u0161iciach. Eur\u00f3psky t\u00fd\u017ede\u0148 odborn\u00fdch zru\u010dnost\u00ed je iniciat\u00edva Eur\u00f3pskej komisie, ktor\u00e1 sa realizuje ka\u017edoro\u010dne u\u017e piaty kr\u00e1t a&nbsp;jej hlavn\u00fdm cie\u013eom je zv\u00fd\u0161i\u0165 povedomie o&nbsp;v\u00fdzname a&nbsp;pr\u00ednose odborn\u00e9ho vzdel\u00e1vania a&nbsp;pr\u00edpravy (OVP). Po\u010das tohto podujatia lok\u00e1lne, region\u00e1lne a n\u00e1rodn\u00e9 organiz\u00e1cie propaguj\u00fa [&hellip;]\" \/>\n<meta property=\"og:url\" content=\"https:\/\/archiv.siov.sk\/en\/europsky-tyzden-odbornych-zrucnosti-2020-objav-svoj-talent\/\" \/>\n<meta property=\"og:site_name\" content=\"\u0160IOV - \u0161t\u00e1tny in\u0161tit\u00fat odborn\u00e9ho vzdel\u00e1vania\" \/>\n<meta property=\"article:publisher\" content=\"https:\/\/www.facebook.com\/Statnyinstitutodbornehovzdelavania\" \/>\n<meta property=\"article:published_time\" content=\"2020-10-09T12:26:07+00:00\" \/>\n<meta property=\"article:modified_time\" content=\"2020-10-14T12:42:37+00:00\" \/>\n<meta property=\"og:image\" content=\"https:\/\/archiv.siov.sk\/wp-content\/uploads\/2020\/10\/official-partner.jpg\" \/>\n\t<meta property=\"og:image:width\" content=\"1100\" \/>\n\t<meta property=\"og:image:height\" content=\"450\" \/>\n\t<meta property=\"og:image:type\" content=\"image\/jpeg\" \/>\n<meta name=\"author\" content=\"Katar\u00edna Kov\u00e1\u010dov\u00e1\" \/>\n<meta name=\"twitter:card\" content=\"summary_large_image\" \/>\n<meta name=\"twitter:label1\" content=\"Written by\" \/>\n\t<meta name=\"twitter:data1\" content=\"Katar\u00edna Kov\u00e1\u010dov\u00e1\" \/>\n\t<meta name=\"twitter:label2\" content=\"Estimated reading time\" \/>\n\t<meta name=\"twitter:data2\" content=\"3 minutes\" \/>\n<script type=\"application\/ld+json\" class=\"yoast-schema-graph\">{\"@context\":\"https:\\\/\\\/schema.org\",\"@graph\":[{\"@type\":\"Article\",\"@id\":\"https:\\\/\\\/archiv.siov.sk\\\/europsky-tyzden-odbornych-zrucnosti-2020-objav-svoj-talent\\\/#article\",\"isPartOf\":{\"@id\":\"https:\\\/\\\/archiv.siov.sk\\\/europsky-tyzden-odbornych-zrucnosti-2020-objav-svoj-talent\\\/\"},\"author\":{\"name\":\"Katar\u00edna Kov\u00e1\u010dov\u00e1\",\"@id\":\"https:\\\/\\\/archiv.siov.sk\\\/#\\\/schema\\\/person\\\/e42d633fbd958c6a726e8834d8965e6c\"},\"headline\":\"EUR\u00d3PSKY T\u00dd\u017dDE\u0147 ODBORN\u00ddCH ZRU\u010cNOST\u00cd 2020. OBJAV SVOJ TALENT!\",\"datePublished\":\"2020-10-09T12:26:07+00:00\",\"dateModified\":\"2020-10-14T12:42:37+00:00\",\"mainEntityOfPage\":{\"@id\":\"https:\\\/\\\/archiv.siov.sk\\\/europsky-tyzden-odbornych-zrucnosti-2020-objav-svoj-talent\\\/\"},\"wordCount\":649,\"publisher\":{\"@id\":\"https:\\\/\\\/archiv.siov.sk\\\/#organization\"},\"image\":{\"@id\":\"https:\\\/\\\/archiv.siov.sk\\\/europsky-tyzden-odbornych-zrucnosti-2020-objav-svoj-talent\\\/#primaryimage\"},\"thumbnailUrl\":\"https:\\\/\\\/archiv.siov.sk\\\/wp-content\\\/uploads\\\/2020\\\/10\\\/official-partner.jpg\",\"articleSection\":[\"Aktuality\",\"Aktuality v \u010dase koronav\u00edrusu\"],\"inLanguage\":\"en-GB\"},{\"@type\":\"WebPage\",\"@id\":\"https:\\\/\\\/archiv.siov.sk\\\/europsky-tyzden-odbornych-zrucnosti-2020-objav-svoj-talent\\\/\",\"url\":\"https:\\\/\\\/archiv.siov.sk\\\/europsky-tyzden-odbornych-zrucnosti-2020-objav-svoj-talent\\\/\",\"name\":\"EUR\u00d3PSKY T\u00dd\u017dDE\u0147 ODBORN\u00ddCH ZRU\u010cNOST\u00cd 2020. OBJAV SVOJ TALENT! - \u0160IOV - \u0161t\u00e1tny in\u0161tit\u00fat odborn\u00e9ho vzdel\u00e1vania\",\"isPartOf\":{\"@id\":\"https:\\\/\\\/archiv.siov.sk\\\/#website\"},\"primaryImageOfPage\":{\"@id\":\"https:\\\/\\\/archiv.siov.sk\\\/europsky-tyzden-odbornych-zrucnosti-2020-objav-svoj-talent\\\/#primaryimage\"},\"image\":{\"@id\":\"https:\\\/\\\/archiv.siov.sk\\\/europsky-tyzden-odbornych-zrucnosti-2020-objav-svoj-talent\\\/#primaryimage\"},\"thumbnailUrl\":\"https:\\\/\\\/archiv.siov.sk\\\/wp-content\\\/uploads\\\/2020\\\/10\\\/official-partner.jpg\",\"datePublished\":\"2020-10-09T12:26:07+00:00\",\"dateModified\":\"2020-10-14T12:42:37+00:00\",\"breadcrumb\":{\"@id\":\"https:\\\/\\\/archiv.siov.sk\\\/europsky-tyzden-odbornych-zrucnosti-2020-objav-svoj-talent\\\/#breadcrumb\"},\"inLanguage\":\"en-GB\",\"potentialAction\":[{\"@type\":\"ReadAction\",\"target\":[\"https:\\\/\\\/archiv.siov.sk\\\/europsky-tyzden-odbornych-zrucnosti-2020-objav-svoj-talent\\\/\"]}]},{\"@type\":\"ImageObject\",\"inLanguage\":\"en-GB\",\"@id\":\"https:\\\/\\\/archiv.siov.sk\\\/europsky-tyzden-odbornych-zrucnosti-2020-objav-svoj-talent\\\/#primaryimage\",\"url\":\"https:\\\/\\\/archiv.siov.sk\\\/wp-content\\\/uploads\\\/2020\\\/10\\\/official-partner.jpg\",\"contentUrl\":\"https:\\\/\\\/archiv.siov.sk\\\/wp-content\\\/uploads\\\/2020\\\/10\\\/official-partner.jpg\",\"width\":1100,\"height\":450,\"caption\":\"official-partner\"},{\"@type\":\"BreadcrumbList\",\"@id\":\"https:\\\/\\\/archiv.siov.sk\\\/europsky-tyzden-odbornych-zrucnosti-2020-objav-svoj-talent\\\/#breadcrumb\",\"itemListElement\":[{\"@type\":\"ListItem\",\"position\":1,\"name\":\"Home\",\"item\":\"https:\\\/\\\/archiv.siov.sk\\\/\"},{\"@type\":\"ListItem\",\"position\":2,\"name\":\"EUR\u00d3PSKY T\u00dd\u017dDE\u0147 ODBORN\u00ddCH ZRU\u010cNOST\u00cd 2020. OBJAV SVOJ TALENT!\"}]},{\"@type\":\"WebSite\",\"@id\":\"https:\\\/\\\/archiv.siov.sk\\\/#website\",\"url\":\"https:\\\/\\\/archiv.siov.sk\\\/\",\"name\":\"\u0160IOV - \u0161t\u00e1tny in\u0161tit\u00fat odborn\u00e9ho vzdel\u00e1vania\",\"description\":\"\",\"publisher\":{\"@id\":\"https:\\\/\\\/archiv.siov.sk\\\/#organization\"},\"potentialAction\":[{\"@type\":\"SearchAction\",\"target\":{\"@type\":\"EntryPoint\",\"urlTemplate\":\"https:\\\/\\\/archiv.siov.sk\\\/?s={search_term_string}\"},\"query-input\":{\"@type\":\"PropertyValueSpecification\",\"valueRequired\":true,\"valueName\":\"search_term_string\"}}],\"inLanguage\":\"en-GB\"},{\"@type\":\"Organization\",\"@id\":\"https:\\\/\\\/archiv.siov.sk\\\/#organization\",\"name\":\"\u0160IOV - \u0161t\u00e1tny in\u0161tit\u00fat odborn\u00e9ho vzdel\u00e1vania\",\"url\":\"https:\\\/\\\/archiv.siov.sk\\\/\",\"logo\":{\"@type\":\"ImageObject\",\"inLanguage\":\"en-GB\",\"@id\":\"https:\\\/\\\/archiv.siov.sk\\\/#\\\/schema\\\/logo\\\/image\\\/\",\"url\":\"https:\\\/\\\/archiv.siov.sk\\\/wp-content\\\/uploads\\\/2024\\\/02\\\/logo-SIOV.png\",\"contentUrl\":\"https:\\\/\\\/archiv.siov.sk\\\/wp-content\\\/uploads\\\/2024\\\/02\\\/logo-SIOV.png\",\"width\":431,\"height\":143,\"caption\":\"\u0160IOV - \u0161t\u00e1tny in\u0161tit\u00fat odborn\u00e9ho vzdel\u00e1vania\"},\"image\":{\"@id\":\"https:\\\/\\\/archiv.siov.sk\\\/#\\\/schema\\\/logo\\\/image\\\/\"},\"sameAs\":[\"https:\\\/\\\/www.facebook.com\\\/Statnyinstitutodbornehovzdelavania\"]},{\"@type\":\"Person\",\"@id\":\"https:\\\/\\\/archiv.siov.sk\\\/#\\\/schema\\\/person\\\/e42d633fbd958c6a726e8834d8965e6c\",\"name\":\"Katar\u00edna Kov\u00e1\u010dov\u00e1\",\"url\":\"https:\\\/\\\/archiv.siov.sk\\\/en\\\/author\\\/katkakovacova\\\/\"}]}<\/script>\n<!-- \/ Yoast SEO plugin. -->","yoast_head_json":{"title":"EUR\u00d3PSKY T\u00dd\u017dDE\u0147 ODBORN\u00ddCH ZRU\u010cNOST\u00cd 2020. OBJAV SVOJ TALENT! - \u0160IOV - \u0161t\u00e1tny in\u0161tit\u00fat odborn\u00e9ho vzdel\u00e1vania","robots":{"index":"index","follow":"follow","max-snippet":"max-snippet:-1","max-image-preview":"max-image-preview:large","max-video-preview":"max-video-preview:-1"},"canonical":"https:\/\/archiv.siov.sk\/en\/europsky-tyzden-odbornych-zrucnosti-2020-objav-svoj-talent\/","og_locale":"en_GB","og_type":"article","og_title":"EUR\u00d3PSKY T\u00dd\u017dDE\u0147 ODBORN\u00ddCH ZRU\u010cNOST\u00cd 2020. OBJAV SVOJ TALENT! - \u0160IOV - \u0161t\u00e1tny in\u0161tit\u00fat odborn\u00e9ho vzdel\u00e1vania","og_description":"Ambas\u00e1dorkou Eur\u00f3pskeho t\u00fd\u017ed\u0148a odborn\u00fdch zru\u010dnost\u00ed 2020 na Slovensku je Noemi R\u00e1czov\u00e1, pedagogi\u010dka Strednej odbornej \u0161koly umeleck\u00e9ho priemyslu v Ko\u0161iciach. Eur\u00f3psky t\u00fd\u017ede\u0148 odborn\u00fdch zru\u010dnost\u00ed je iniciat\u00edva Eur\u00f3pskej komisie, ktor\u00e1 sa realizuje ka\u017edoro\u010dne u\u017e piaty kr\u00e1t a&nbsp;jej hlavn\u00fdm cie\u013eom je zv\u00fd\u0161i\u0165 povedomie o&nbsp;v\u00fdzname a&nbsp;pr\u00ednose odborn\u00e9ho vzdel\u00e1vania a&nbsp;pr\u00edpravy (OVP). Po\u010das tohto podujatia lok\u00e1lne, region\u00e1lne a n\u00e1rodn\u00e9 organiz\u00e1cie propaguj\u00fa [&hellip;]","og_url":"https:\/\/archiv.siov.sk\/en\/europsky-tyzden-odbornych-zrucnosti-2020-objav-svoj-talent\/","og_site_name":"\u0160IOV - \u0161t\u00e1tny in\u0161tit\u00fat odborn\u00e9ho vzdel\u00e1vania","article_publisher":"https:\/\/www.facebook.com\/Statnyinstitutodbornehovzdelavania","article_published_time":"2020-10-09T12:26:07+00:00","article_modified_time":"2020-10-14T12:42:37+00:00","og_image":[{"width":1100,"height":450,"url":"https:\/\/archiv.siov.sk\/wp-content\/uploads\/2020\/10\/official-partner.jpg","type":"image\/jpeg"}],"author":"Katar\u00edna Kov\u00e1\u010dov\u00e1","twitter_card":"summary_large_image","twitter_misc":{"Written by":"Katar\u00edna Kov\u00e1\u010dov\u00e1","Estimated reading time":"3 minutes"},"schema":{"@context":"https:\/\/schema.org","@graph":[{"@type":"Article","@id":"https:\/\/archiv.siov.sk\/europsky-tyzden-odbornych-zrucnosti-2020-objav-svoj-talent\/#article","isPartOf":{"@id":"https:\/\/archiv.siov.sk\/europsky-tyzden-odbornych-zrucnosti-2020-objav-svoj-talent\/"},"author":{"name":"Katar\u00edna Kov\u00e1\u010dov\u00e1","@id":"https:\/\/archiv.siov.sk\/#\/schema\/person\/e42d633fbd958c6a726e8834d8965e6c"},"headline":"EUR\u00d3PSKY T\u00dd\u017dDE\u0147 ODBORN\u00ddCH ZRU\u010cNOST\u00cd 2020. OBJAV SVOJ TALENT!","datePublished":"2020-10-09T12:26:07+00:00","dateModified":"2020-10-14T12:42:37+00:00","mainEntityOfPage":{"@id":"https:\/\/archiv.siov.sk\/europsky-tyzden-odbornych-zrucnosti-2020-objav-svoj-talent\/"},"wordCount":649,"publisher":{"@id":"https:\/\/archiv.siov.sk\/#organization"},"image":{"@id":"https:\/\/archiv.siov.sk\/europsky-tyzden-odbornych-zrucnosti-2020-objav-svoj-talent\/#primaryimage"},"thumbnailUrl":"https:\/\/archiv.siov.sk\/wp-content\/uploads\/2020\/10\/official-partner.jpg","articleSection":["Aktuality","Aktuality v \u010dase koronav\u00edrusu"],"inLanguage":"en-GB"},{"@type":"WebPage","@id":"https:\/\/archiv.siov.sk\/europsky-tyzden-odbornych-zrucnosti-2020-objav-svoj-talent\/","url":"https:\/\/archiv.siov.sk\/europsky-tyzden-odbornych-zrucnosti-2020-objav-svoj-talent\/","name":"EUR\u00d3PSKY T\u00dd\u017dDE\u0147 ODBORN\u00ddCH ZRU\u010cNOST\u00cd 2020. OBJAV SVOJ TALENT! - \u0160IOV - \u0161t\u00e1tny in\u0161tit\u00fat odborn\u00e9ho vzdel\u00e1vania","isPartOf":{"@id":"https:\/\/archiv.siov.sk\/#website"},"primaryImageOfPage":{"@id":"https:\/\/archiv.siov.sk\/europsky-tyzden-odbornych-zrucnosti-2020-objav-svoj-talent\/#primaryimage"},"image":{"@id":"https:\/\/archiv.siov.sk\/europsky-tyzden-odbornych-zrucnosti-2020-objav-svoj-talent\/#primaryimage"},"thumbnailUrl":"https:\/\/archiv.siov.sk\/wp-content\/uploads\/2020\/10\/official-partner.jpg","datePublished":"2020-10-09T12:26:07+00:00","dateModified":"2020-10-14T12:42:37+00:00","breadcrumb":{"@id":"https:\/\/archiv.siov.sk\/europsky-tyzden-odbornych-zrucnosti-2020-objav-svoj-talent\/#breadcrumb"},"inLanguage":"en-GB","potentialAction":[{"@type":"ReadAction","target":["https:\/\/archiv.siov.sk\/europsky-tyzden-odbornych-zrucnosti-2020-objav-svoj-talent\/"]}]},{"@type":"ImageObject","inLanguage":"en-GB","@id":"https:\/\/archiv.siov.sk\/europsky-tyzden-odbornych-zrucnosti-2020-objav-svoj-talent\/#primaryimage","url":"https:\/\/archiv.siov.sk\/wp-content\/uploads\/2020\/10\/official-partner.jpg","contentUrl":"https:\/\/archiv.siov.sk\/wp-content\/uploads\/2020\/10\/official-partner.jpg","width":1100,"height":450,"caption":"official-partner"},{"@type":"BreadcrumbList","@id":"https:\/\/archiv.siov.sk\/europsky-tyzden-odbornych-zrucnosti-2020-objav-svoj-talent\/#breadcrumb","itemListElement":[{"@type":"ListItem","position":1,"name":"Home","item":"https:\/\/archiv.siov.sk\/"},{"@type":"ListItem","position":2,"name":"EUR\u00d3PSKY T\u00dd\u017dDE\u0147 ODBORN\u00ddCH ZRU\u010cNOST\u00cd 2020. OBJAV SVOJ TALENT!"}]},{"@type":"WebSite","@id":"https:\/\/archiv.siov.sk\/#website","url":"https:\/\/archiv.siov.sk\/","name":"\u0160IOV - \u0161t\u00e1tny in\u0161tit\u00fat odborn\u00e9ho vzdel\u00e1vania","description":"","publisher":{"@id":"https:\/\/archiv.siov.sk\/#organization"},"potentialAction":[{"@type":"SearchAction","target":{"@type":"EntryPoint","urlTemplate":"https:\/\/archiv.siov.sk\/?s={search_term_string}"},"query-input":{"@type":"PropertyValueSpecification","valueRequired":true,"valueName":"search_term_string"}}],"inLanguage":"en-GB"},{"@type":"Organization","@id":"https:\/\/archiv.siov.sk\/#organization","name":"\u0160IOV - \u0161t\u00e1tny in\u0161tit\u00fat odborn\u00e9ho vzdel\u00e1vania","url":"https:\/\/archiv.siov.sk\/","logo":{"@type":"ImageObject","inLanguage":"en-GB","@id":"https:\/\/archiv.siov.sk\/#\/schema\/logo\/image\/","url":"https:\/\/archiv.siov.sk\/wp-content\/uploads\/2024\/02\/logo-SIOV.png","contentUrl":"https:\/\/archiv.siov.sk\/wp-content\/uploads\/2024\/02\/logo-SIOV.png","width":431,"height":143,"caption":"\u0160IOV - \u0161t\u00e1tny in\u0161tit\u00fat odborn\u00e9ho vzdel\u00e1vania"},"image":{"@id":"https:\/\/archiv.siov.sk\/#\/schema\/logo\/image\/"},"sameAs":["https:\/\/www.facebook.com\/Statnyinstitutodbornehovzdelavania"]},{"@type":"Person","@id":"https:\/\/archiv.siov.sk\/#\/schema\/person\/e42d633fbd958c6a726e8834d8965e6c","name":"Katar\u00edna Kov\u00e1\u010dov\u00e1","url":"https:\/\/archiv.siov.sk\/en\/author\/katkakovacova\/"}]}},"_links":{"self":[{"href":"https:\/\/archiv.siov.sk\/en\/wp-json\/wp\/v2\/posts\/6554","targetHints":{"allow":["GET"]}}],"collection":[{"href":"https:\/\/archiv.siov.sk\/en\/wp-json\/wp\/v2\/posts"}],"about":[{"href":"https:\/\/archiv.siov.sk\/en\/wp-json\/wp\/v2\/types\/post"}],"author":[{"embeddable":true,"href":"https:\/\/archiv.siov.sk\/en\/wp-json\/wp\/v2\/users\/6"}],"replies":[{"embeddable":true,"href":"https:\/\/archiv.siov.sk\/en\/wp-json\/wp\/v2\/comments?post=6554"}],"version-history":[{"count":4,"href":"https:\/\/archiv.siov.sk\/en\/wp-json\/wp\/v2\/posts\/6554\/revisions"}],"predecessor-version":[{"id":6575,"href":"https:\/\/archiv.siov.sk\/en\/wp-json\/wp\/v2\/posts\/6554\/revisions\/6575"}],"wp:featuredmedia":[{"embeddable":true,"href":"https:\/\/archiv.siov.sk\/en\/wp-json\/wp\/v2\/media\/6606"}],"wp:attachment":[{"href":"https:\/\/archiv.siov.sk\/en\/wp-json\/wp\/v2\/media?parent=6554"}],"wp:term":[{"taxonomy":"category","embeddable":true,"href":"https:\/\/archiv.siov.sk\/en\/wp-json\/wp\/v2\/categories?post=6554"},{"taxonomy":"post_tag","embeddable":true,"href":"https:\/\/archiv.siov.sk\/en\/wp-json\/wp\/v2\/tags?post=6554"}],"curies":[{"name":"wp","href":"https:\/\/api.w.org\/{rel}","templated":true}]}}