{"id":6508,"date":"2020-10-01T14:33:11","date_gmt":"2020-10-01T12:33:11","guid":{"rendered":"https:\/\/archiv.siov.sk\/?p=6508"},"modified":"2020-10-01T14:40:47","modified_gmt":"2020-10-01T12:40:47","slug":"6508-2","status":"publish","type":"post","link":"https:\/\/archiv.siov.sk\/en\/6508-2\/","title":{"rendered":"EUR\u00d3PSKY T\u00dd\u017dDE\u0147 ODBORN\u00ddCH ZRU\u010cNOST\u00cd 2020"},"content":{"rendered":"<p><strong>EUR\u00d3PSKY T\u00dd\u017dDE\u0147 ODBORN\u00ddCH ZRU\u010cNOST\u00cd 2020<\/strong><\/p>\n<p>OBJAV SVOJ TALENT!<\/p>\n<p>&nbsp;&nbsp;&nbsp;&nbsp;&nbsp;&nbsp;&nbsp;&nbsp;&nbsp;&nbsp;&nbsp; &nbsp;&nbsp;&nbsp;&nbsp;&nbsp;&nbsp;&nbsp;&nbsp;&nbsp;&nbsp;&nbsp;&nbsp;&nbsp;&nbsp;&nbsp;&nbsp;&nbsp;&nbsp;&nbsp;&nbsp;&nbsp;&nbsp;&nbsp;&nbsp;&nbsp;&nbsp;&nbsp;&nbsp;&nbsp;&nbsp;&nbsp;&nbsp;&nbsp;&nbsp;&nbsp;&nbsp;&nbsp;&nbsp;&nbsp;&nbsp;&nbsp;&nbsp;&nbsp;&nbsp;&nbsp;&nbsp;&nbsp;&nbsp;&nbsp;&nbsp;&nbsp;&nbsp;&nbsp;&nbsp;&nbsp;&nbsp;&nbsp;&nbsp;&nbsp;&nbsp;&nbsp;&nbsp;&nbsp;&nbsp;&nbsp;&nbsp;&nbsp;&nbsp;&nbsp;&nbsp;&nbsp;&nbsp;&nbsp;&nbsp;&nbsp;&nbsp;&nbsp;&nbsp;&nbsp;&nbsp;&nbsp; &nbsp;&nbsp;&nbsp;&nbsp;&nbsp;&nbsp;&nbsp;&nbsp;&nbsp;&nbsp;&nbsp;&nbsp;&nbsp;&nbsp;&nbsp;&nbsp;&nbsp;&nbsp;&nbsp;&nbsp;&nbsp;&nbsp;&nbsp;<\/p>\n<p><strong><a href=\"https:\/\/ec.europa.eu\/social\/vocational-skills-week\/resources2020_en\">Eur\u00f3psky t\u00fd\u017ede\u0148 odborn\u00fdch zru\u010dnost\u00ed<\/a><\/strong> je iniciat\u00edva Eur\u00f3pskej komisie, ktor\u00e1 sa realizuje ka\u017edoro\u010dne u\u017e piaty kr\u00e1t a&nbsp;jej hlavn\u00fdm cie\u013eom je zv\u00fd\u0161i\u0165 povedomie o&nbsp;v\u00fdzname a&nbsp;pr\u00ednose odborn\u00e9ho vzdel\u00e1vania a&nbsp;pr\u00edpravy (OVP).<\/p>\n<p>Mottom iniciat\u00edvy je <strong>Objav svoj talent!<\/strong><\/p>\n<p>Hlavn\u00e9 podujatie tento rok bude ma\u0165 kombinovan\u00fa formu \u2013 bude prebieha\u0165 v&nbsp;Berl\u00edne <strong>od 09. do 13. novembra 2020<\/strong> za \u00fa\u010dasti niektor\u00fdch \u00fa\u010dastn\u00edkov, ako aj online v&nbsp;r\u00e1mci celej E\u00da, po\u010das ktorej si bud\u00fa r\u00f4zni \u00fa\u010dastn\u00edci vymie\u0148a\u0165 svoje n\u00e1zory, sk\u00fasenosti a&nbsp; pr\u00edklady dobrej praxe.<\/p>\n<p><strong>Hlavnou t\u00e9mou roku 2020 je \u201ePrechod na ZELEN\u00c9 a DIGIT\u00c1LNE OVP!\u201c<\/strong> v&nbsp;s\u00falade s&nbsp;prioritami Komisie v&nbsp;oblasti \u201eEur\u00f3pska zelen\u00e1 dohoda\u201c a \u201eEur\u00f3pa pripraven\u00e1 pre digit\u00e1lny vek\u201c.<\/p>\n<p>Cie\u013emi T\u00fd\u017ed\u0148a s\u00fa:<\/p>\n<ul>\n<li>uk\u00e1za\u0165 a&nbsp;propagova\u0165 ak\u00fdm sp\u00f4sobom m\u00f4\u017ee OVP pom\u00f4c\u0165 mlad\u00fdm \u013eu\u010fom a&nbsp;dospel\u00fdm \u201eobjavi\u0165 svoj talent\u201c,<\/li>\n<li>demon\u0161trova\u0165 zamestn\u00e1vate\u013eom enormn\u00e9 benefity v&nbsp;oblasti investovania do \u013eudsk\u00fdch zdrojov prostredn\u00edctvom podpory po\u010diato\u010dnej pr\u00edpravy mlad\u00fdch \u013eud\u00ed, ako aj cesty zvy\u0161ovania \u00farovne zru\u010dnost\u00ed dospel\u00fdch,<\/li>\n<li>zvy\u0161ova\u0165 povedomie o&nbsp;Eur\u00f3pskom t\u00fd\u017edni odborn\u00fdch zru\u010dnost\u00ed prostredn\u00edctvom dosiahnut\u00fdch \u00faspechov po\u010das minul\u00fdch ro\u010dn\u00edkov.<\/li>\n<\/ul>\n<p>V&nbsp;roku 2020 Eur\u00f3pska komisia vymenovala \u0160t\u00e1tny in\u0161tit\u00fat odborn\u00e9ho vzdel\u00e1vania (\u0160IOV) za N\u00e1rodn\u00e9 kontaktn\u00e9 miesto pre Eur\u00f3psky t\u00fd\u017ede\u0148 odborn\u00fdch zru\u010dnost\u00ed.<\/p>\n<p>Jeho hlavnou \u00falohou je:<\/p>\n<table>\n<tbody>\n<tr>\n<td width=\"200\">\n<table width=\"100%\">\n<tbody>\n<tr>\n<td>\n<table>\n<tbody>\n<tr>\n<td width=\"79\">&nbsp;<\/td>\n<\/tr>\n<\/tbody>\n<\/table>\n<\/td>\n<\/tr>\n<tr>\n<td><strong>1<\/strong><\/p>\n<p>Posilni\u0165 kampa\u0148 na n\u00e1rodnej, region\u00e1lnej alebo lok\u00e1lnej \u00farovni.<\/td>\n<\/tr>\n<\/tbody>\n<\/table>\n<\/td>\n<td width=\"200\">\n<table width=\"100%\">\n<tbody>\n<tr>\n<td>\n<table>\n<tbody>\n<tr>\n<td width=\"81\">&nbsp;<\/td>\n<\/tr>\n<\/tbody>\n<\/table>\n<\/td>\n<\/tr>\n<tr>\n<td><strong>2<\/strong><\/p>\n<p>Posilni\u0165 medi\u00e1lny dopad n\u00e1rodn\u00fdch Ambas\u00e1dorov<\/td>\n<\/tr>\n<\/tbody>\n<\/table>\n<\/td>\n<td width=\"200\">\n<table width=\"100%\">\n<tbody>\n<tr>\n<td>\n<table>\n<tbody>\n<tr>\n<td width=\"81\">&nbsp;<\/td>\n<\/tr>\n<\/tbody>\n<\/table>\n<\/td>\n<\/tr>\n<tr>\n<td><strong>3<\/strong><\/p>\n<p>Poskytn\u00fa\u0165 pomoc organiz\u00e1torom podujat\u00ed vo svojej krajine.<\/td>\n<\/tr>\n<\/tbody>\n<\/table>\n<\/td>\n<\/tr>\n<\/tbody>\n<\/table>\n<p><strong>&nbsp;<\/strong><\/p>\n<p><strong>Odborn\u00e9 vzdel\u00e1vanie a pr\u00edprava v &nbsp;EUR\u00d3PE<\/strong><\/p>\n<ul>\n<li>pomer zamestnan\u00fdch s\u00fa\u010dasn\u00fdch absolventov OVP v&nbsp;Eur\u00f3pe je 78,9 %<\/li>\n<\/ul>\n<p>Zdroj: Eurostat \u2013 Employment rates of recent graduates, str. 2<\/p>\n<ul>\n<li>10,8 % eur\u00f3pskej popul\u00e1cie vo veku od 25 do 64 sa akt\u00edvne z\u00fa\u010dast\u0148uje vo vzdel\u00e1van\u00ed dospel\u00fdch (2019). Zdroj: Eurostat \u2013 Adult learning statistics<\/li>\n<li>60 % absolventov OVP si n\u00e1jde svoju prv\u00fa pr\u00e1cu v&nbsp;rozp\u00e4t\u00ed jedn\u00e9ho mesiaca od ukon\u010denia ich \u0161t\u00fadia (80 % po \u0161iestich mesiacoch) (2018). Zdroj: A quick guide to EU action on vocational education and training str. 11<\/li>\n<li>pand\u00e9mia COVID-19 vystup\u0148ovala existuj\u00facu medzeru vo vyu\u017e\u00edvan\u00ed digit\u00e1lnych n\u00e1strojov, s&nbsp;\u010d\u00edm s\u00favisia ve\u013ek\u00e9 rozdiely v&nbsp;dan\u00fdch zru\u010dnostiach. Zdroj: EuropeanSkills Agenda for sustainable competitiveness, social fairness and resilience, str. 1<\/li>\n<\/ul>\n<p>&nbsp;<\/p>\n<p><strong>KV\u00cdZ<\/strong><\/p>\n<h3>\u0160IOV ako N\u00e1rodn\u00e9 kontaktn\u00e9 miesto pre ETOZ, v spolupr\u00e1ci s \u00daradom vl\u00e1dy SR, organizuje v r\u00e1mci T\u00fdzd\u0148a kv\u00edz so zauj\u00edmav\u00fdmi cenami &#8211; Otestujte si svoje vedomosti o v\u00fdzname zru\u010dnost\u00ed, Eur\u00f3pskej \u00fanii a r\u00f4znych aspektoch Slovenska ako \u010dlenskej krajiny E\u00da.<\/h3>\n<p>&nbsp;<\/p>\n<p>Viac inform\u00e1ci\u00ed n\u00e1jdete na: <strong><a href=\"https:\/\/mesiacvzdelavania.sk\/\">https:\/\/mesiacvzdelavania.sk\/<\/a> <\/strong><\/p>\n<p><strong>CONTACT<\/strong><\/p>\n<p><strong>Mgr. \u013dubica G\u00e1llov\u00e1<\/strong><\/p>\n<p>ved\u00faca odboru eur\u00f3pskych polit\u00edk&nbsp;<\/p>\n<p>State Vocational Education Institute&nbsp; &nbsp; &nbsp; &nbsp; &nbsp; &nbsp; &nbsp; &nbsp; &nbsp; &nbsp; &nbsp; &nbsp; &nbsp; &nbsp; &nbsp; &nbsp; &nbsp; &nbsp;<\/p>\n<p>Bellova 54\/a, 837 63 Bratislava (kancel\u00e1ria: Stromov\u00e1 9)<\/p>\n<p>&nbsp;<\/p>\n<p><strong>EUROPEAN VOCATIONAL SKILLS WEEK<\/strong><\/p>\n<p>Webov\u00e1 str\u00e1nka Komisie: <a href=\"https:\/\/ec.europa.eu\/social\/vocational-skills-week\/\">ec.europa.eu\/social\/vocational-skills-week<\/a><\/p>\n<p>Webov\u00e1 str\u00e1nka \u0160IOV: <a href=\"https:\/\/mesiacvzdelavania.sk\/\">https:\/\/mesiacvzdelavania.sk\/<\/a><\/p>\n<p>Twitter:&nbsp;<a href=\"https:\/\/twitter.com\/eu_social\">@EU_social<\/a> <a href=\"https:\/\/twitter.com\/europeanyoutheu\">@EuropeanYouthEU<\/a> #EUVocationalSkills #DiscoverYourTalent&nbsp;&nbsp;<\/p>\n<p>Facebook:&nbsp;<a href=\"https:\/\/www.facebook.com\/socialeurope\/\">@socialeurope<\/a> <a href=\"https:\/\/www.facebook.com\/EuropeanYouthEU\/\">@EuropeanYouthEU<\/a><\/p>\n<p><strong>&nbsp;&nbsp;&nbsp;<\/strong><\/p>","protected":false},"excerpt":{"rendered":"<p>EUR\u00d3PSKY T\u00dd\u017dDE\u0147 ODBORN\u00ddCH ZRU\u010cNOST\u00cd 2020 OBJAV SVOJ TALENT! &nbsp;&nbsp;&nbsp;&nbsp;&nbsp;&nbsp;&nbsp;&nbsp;&nbsp;&nbsp;&nbsp; &nbsp;&nbsp;&nbsp;&nbsp;&nbsp;&nbsp;&nbsp;&nbsp;&nbsp;&nbsp;&nbsp;&nbsp;&nbsp;&nbsp;&nbsp;&nbsp;&nbsp;&nbsp;&nbsp;&nbsp;&nbsp;&nbsp;&nbsp;&nbsp;&nbsp;&nbsp;&nbsp;&nbsp;&nbsp;&nbsp;&nbsp;&nbsp;&nbsp;&nbsp;&nbsp;&nbsp;&nbsp;&nbsp;&nbsp;&nbsp;&nbsp;&nbsp;&nbsp;&nbsp;&nbsp;&nbsp;&nbsp;&nbsp;&nbsp;&nbsp;&nbsp;&nbsp;&nbsp;&nbsp;&nbsp;&nbsp;&nbsp;&nbsp;&nbsp;&nbsp;&nbsp;&nbsp;&nbsp;&nbsp;&nbsp;&nbsp;&nbsp;&nbsp;&nbsp;&nbsp;&nbsp;&nbsp;&nbsp;&nbsp;&nbsp;&nbsp;&nbsp;&nbsp;&nbsp;&nbsp;&nbsp; &nbsp;&nbsp;&nbsp;&nbsp;&nbsp;&nbsp;&nbsp;&nbsp;&nbsp;&nbsp;&nbsp;&nbsp;&nbsp;&nbsp;&nbsp;&nbsp;&nbsp;&nbsp;&nbsp;&nbsp;&nbsp;&nbsp;&nbsp; Eur\u00f3psky t\u00fd\u017ede\u0148 odborn\u00fdch zru\u010dnost\u00ed je iniciat\u00edva Eur\u00f3pskej komisie, ktor\u00e1 sa realizuje ka\u017edoro\u010dne u\u017e piaty kr\u00e1t a&nbsp;jej hlavn\u00fdm cie\u013eom je zv\u00fd\u0161i\u0165 povedomie o&nbsp;v\u00fdzname a&nbsp;pr\u00ednose odborn\u00e9ho vzdel\u00e1vania a&nbsp;pr\u00edpravy (OVP). Mottom iniciat\u00edvy je Objav svoj talent! Hlavn\u00e9 podujatie tento rok bude ma\u0165 kombinovan\u00fa formu \u2013 bude prebieha\u0165 [&hellip;]<\/p>\n","protected":false},"author":6,"featured_media":6512,"comment_status":"closed","ping_status":"closed","sticky":false,"template":"","format":"standard","meta":{"site-sidebar-layout":"default","site-content-layout":"","ast-site-content-layout":"default","site-content-style":"default","site-sidebar-style":"default","ast-global-header-display":"","ast-banner-title-visibility":"","ast-main-header-display":"","ast-hfb-above-header-display":"","ast-hfb-below-header-display":"","ast-hfb-mobile-header-display":"","site-post-title":"","ast-breadcrumbs-content":"","ast-featured-img":"","footer-sml-layout":"","ast-disable-related-posts":"","theme-transparent-header-meta":"","adv-header-id-meta":"","stick-header-meta":"","header-above-stick-meta":"","header-main-stick-meta":"","header-below-stick-meta":"","astra-migrate-meta-layouts":"default","ast-page-background-enabled":"default","ast-page-background-meta":{"desktop":{"background-color":"var(--ast-global-color-4)","background-image":"","background-repeat":"repeat","background-position":"center center","background-size":"auto","background-attachment":"scroll","background-type":"","background-media":"","overlay-type":"","overlay-color":"","overlay-opacity":"","overlay-gradient":""},"tablet":{"background-color":"","background-image":"","background-repeat":"repeat","background-position":"center center","background-size":"auto","background-attachment":"scroll","background-type":"","background-media":"","overlay-type":"","overlay-color":"","overlay-opacity":"","overlay-gradient":""},"mobile":{"background-color":"","background-image":"","background-repeat":"repeat","background-position":"center center","background-size":"auto","background-attachment":"scroll","background-type":"","background-media":"","overlay-type":"","overlay-color":"","overlay-opacity":"","overlay-gradient":""}},"ast-content-background-meta":{"desktop":{"background-color":"var(--ast-global-color-5)","background-image":"","background-repeat":"repeat","background-position":"center center","background-size":"auto","background-attachment":"scroll","background-type":"","background-media":"","overlay-type":"","overlay-color":"","overlay-opacity":"","overlay-gradient":""},"tablet":{"background-color":"var(--ast-global-color-5)","background-image":"","background-repeat":"repeat","background-position":"center center","background-size":"auto","background-attachment":"scroll","background-type":"","background-media":"","overlay-type":"","overlay-color":"","overlay-opacity":"","overlay-gradient":""},"mobile":{"background-color":"var(--ast-global-color-5)","background-image":"","background-repeat":"repeat","background-position":"center center","background-size":"auto","background-attachment":"scroll","background-type":"","background-media":"","overlay-type":"","overlay-color":"","overlay-opacity":"","overlay-gradient":""}},"footnotes":""},"categories":[1,9],"tags":[],"class_list":["post-6508","post","type-post","status-publish","format-standard","has-post-thumbnail","hentry","category-aktuality","category-aktuality-v-case-koronavirusu"],"yoast_head":"<!-- This site is optimized with the Yoast SEO plugin v27.5 - https:\/\/yoast.com\/product\/yoast-seo-wordpress\/ -->\n<title>EUR\u00d3PSKY T\u00dd\u017dDE\u0147 ODBORN\u00ddCH ZRU\u010cNOST\u00cd 2020 - \u0160IOV - \u0161t\u00e1tny in\u0161tit\u00fat odborn\u00e9ho vzdel\u00e1vania<\/title>\n<meta name=\"robots\" content=\"index, follow, max-snippet:-1, max-image-preview:large, max-video-preview:-1\" \/>\n<link rel=\"canonical\" href=\"https:\/\/archiv.siov.sk\/en\/6508-2\/\" \/>\n<meta property=\"og:locale\" content=\"en_GB\" \/>\n<meta property=\"og:type\" content=\"article\" \/>\n<meta property=\"og:title\" content=\"EUR\u00d3PSKY T\u00dd\u017dDE\u0147 ODBORN\u00ddCH ZRU\u010cNOST\u00cd 2020 - \u0160IOV - \u0161t\u00e1tny in\u0161tit\u00fat odborn\u00e9ho vzdel\u00e1vania\" \/>\n<meta property=\"og:description\" content=\"EUR\u00d3PSKY T\u00dd\u017dDE\u0147 ODBORN\u00ddCH ZRU\u010cNOST\u00cd 2020 OBJAV SVOJ TALENT! &nbsp;&nbsp;&nbsp;&nbsp;&nbsp;&nbsp;&nbsp;&nbsp;&nbsp;&nbsp;&nbsp; &nbsp;&nbsp;&nbsp;&nbsp;&nbsp;&nbsp;&nbsp;&nbsp;&nbsp;&nbsp;&nbsp;&nbsp;&nbsp;&nbsp;&nbsp;&nbsp;&nbsp;&nbsp;&nbsp;&nbsp;&nbsp;&nbsp;&nbsp;&nbsp;&nbsp;&nbsp;&nbsp;&nbsp;&nbsp;&nbsp;&nbsp;&nbsp;&nbsp;&nbsp;&nbsp;&nbsp;&nbsp;&nbsp;&nbsp;&nbsp;&nbsp;&nbsp;&nbsp;&nbsp;&nbsp;&nbsp;&nbsp;&nbsp;&nbsp;&nbsp;&nbsp;&nbsp;&nbsp;&nbsp;&nbsp;&nbsp;&nbsp;&nbsp;&nbsp;&nbsp;&nbsp;&nbsp;&nbsp;&nbsp;&nbsp;&nbsp;&nbsp;&nbsp;&nbsp;&nbsp;&nbsp;&nbsp;&nbsp;&nbsp;&nbsp;&nbsp;&nbsp;&nbsp;&nbsp;&nbsp;&nbsp; &nbsp;&nbsp;&nbsp;&nbsp;&nbsp;&nbsp;&nbsp;&nbsp;&nbsp;&nbsp;&nbsp;&nbsp;&nbsp;&nbsp;&nbsp;&nbsp;&nbsp;&nbsp;&nbsp;&nbsp;&nbsp;&nbsp;&nbsp; Eur\u00f3psky t\u00fd\u017ede\u0148 odborn\u00fdch zru\u010dnost\u00ed je iniciat\u00edva Eur\u00f3pskej komisie, ktor\u00e1 sa realizuje ka\u017edoro\u010dne u\u017e piaty kr\u00e1t a&nbsp;jej hlavn\u00fdm cie\u013eom je zv\u00fd\u0161i\u0165 povedomie o&nbsp;v\u00fdzname a&nbsp;pr\u00ednose odborn\u00e9ho vzdel\u00e1vania a&nbsp;pr\u00edpravy (OVP). Mottom iniciat\u00edvy je Objav svoj talent! Hlavn\u00e9 podujatie tento rok bude ma\u0165 kombinovan\u00fa formu \u2013 bude prebieha\u0165 [&hellip;]\" \/>\n<meta property=\"og:url\" content=\"https:\/\/archiv.siov.sk\/en\/6508-2\/\" \/>\n<meta property=\"og:site_name\" content=\"\u0160IOV - \u0161t\u00e1tny in\u0161tit\u00fat odborn\u00e9ho vzdel\u00e1vania\" \/>\n<meta property=\"article:publisher\" content=\"https:\/\/www.facebook.com\/Statnyinstitutodbornehovzdelavania\" \/>\n<meta property=\"article:published_time\" content=\"2020-10-01T12:33:11+00:00\" \/>\n<meta property=\"article:modified_time\" content=\"2020-10-01T12:40:47+00:00\" \/>\n<meta property=\"og:image\" content=\"https:\/\/archiv.siov.sk\/wp-content\/uploads\/2020\/10\/EVSW.jpg\" \/>\n\t<meta property=\"og:image:width\" content=\"227\" \/>\n\t<meta property=\"og:image:height\" content=\"102\" \/>\n\t<meta property=\"og:image:type\" content=\"image\/jpeg\" \/>\n<meta name=\"author\" content=\"Katar\u00edna Kov\u00e1\u010dov\u00e1\" \/>\n<meta name=\"twitter:card\" content=\"summary_large_image\" \/>\n<meta name=\"twitter:label1\" content=\"Written by\" \/>\n\t<meta name=\"twitter:data1\" content=\"Katar\u00edna Kov\u00e1\u010dov\u00e1\" \/>\n\t<meta name=\"twitter:label2\" content=\"Estimated reading time\" \/>\n\t<meta name=\"twitter:data2\" content=\"4 minutes\" \/>\n<script type=\"application\/ld+json\" class=\"yoast-schema-graph\">{\"@context\":\"https:\\\/\\\/schema.org\",\"@graph\":[{\"@type\":\"Article\",\"@id\":\"https:\\\/\\\/archiv.siov.sk\\\/6508-2\\\/#article\",\"isPartOf\":{\"@id\":\"https:\\\/\\\/archiv.siov.sk\\\/6508-2\\\/\"},\"author\":{\"name\":\"Katar\u00edna Kov\u00e1\u010dov\u00e1\",\"@id\":\"https:\\\/\\\/archiv.siov.sk\\\/#\\\/schema\\\/person\\\/e42d633fbd958c6a726e8834d8965e6c\"},\"headline\":\"EUR\u00d3PSKY T\u00dd\u017dDE\u0147 ODBORN\u00ddCH ZRU\u010cNOST\u00cd 2020\",\"datePublished\":\"2020-10-01T12:33:11+00:00\",\"dateModified\":\"2020-10-01T12:40:47+00:00\",\"mainEntityOfPage\":{\"@id\":\"https:\\\/\\\/archiv.siov.sk\\\/6508-2\\\/\"},\"wordCount\":722,\"publisher\":{\"@id\":\"https:\\\/\\\/archiv.siov.sk\\\/#organization\"},\"image\":{\"@id\":\"https:\\\/\\\/archiv.siov.sk\\\/6508-2\\\/#primaryimage\"},\"thumbnailUrl\":\"https:\\\/\\\/archiv.siov.sk\\\/wp-content\\\/uploads\\\/2020\\\/10\\\/EVSW.jpg\",\"articleSection\":[\"Aktuality\",\"Aktuality v \u010dase koronav\u00edrusu\"],\"inLanguage\":\"en-GB\"},{\"@type\":\"WebPage\",\"@id\":\"https:\\\/\\\/archiv.siov.sk\\\/6508-2\\\/\",\"url\":\"https:\\\/\\\/archiv.siov.sk\\\/6508-2\\\/\",\"name\":\"EUR\u00d3PSKY T\u00dd\u017dDE\u0147 ODBORN\u00ddCH ZRU\u010cNOST\u00cd 2020 - \u0160IOV - \u0161t\u00e1tny in\u0161tit\u00fat odborn\u00e9ho vzdel\u00e1vania\",\"isPartOf\":{\"@id\":\"https:\\\/\\\/archiv.siov.sk\\\/#website\"},\"primaryImageOfPage\":{\"@id\":\"https:\\\/\\\/archiv.siov.sk\\\/6508-2\\\/#primaryimage\"},\"image\":{\"@id\":\"https:\\\/\\\/archiv.siov.sk\\\/6508-2\\\/#primaryimage\"},\"thumbnailUrl\":\"https:\\\/\\\/archiv.siov.sk\\\/wp-content\\\/uploads\\\/2020\\\/10\\\/EVSW.jpg\",\"datePublished\":\"2020-10-01T12:33:11+00:00\",\"dateModified\":\"2020-10-01T12:40:47+00:00\",\"breadcrumb\":{\"@id\":\"https:\\\/\\\/archiv.siov.sk\\\/6508-2\\\/#breadcrumb\"},\"inLanguage\":\"en-GB\",\"potentialAction\":[{\"@type\":\"ReadAction\",\"target\":[\"https:\\\/\\\/archiv.siov.sk\\\/6508-2\\\/\"]}]},{\"@type\":\"ImageObject\",\"inLanguage\":\"en-GB\",\"@id\":\"https:\\\/\\\/archiv.siov.sk\\\/6508-2\\\/#primaryimage\",\"url\":\"https:\\\/\\\/archiv.siov.sk\\\/wp-content\\\/uploads\\\/2020\\\/10\\\/EVSW.jpg\",\"contentUrl\":\"https:\\\/\\\/archiv.siov.sk\\\/wp-content\\\/uploads\\\/2020\\\/10\\\/EVSW.jpg\",\"width\":227,\"height\":102},{\"@type\":\"BreadcrumbList\",\"@id\":\"https:\\\/\\\/archiv.siov.sk\\\/6508-2\\\/#breadcrumb\",\"itemListElement\":[{\"@type\":\"ListItem\",\"position\":1,\"name\":\"Home\",\"item\":\"https:\\\/\\\/archiv.siov.sk\\\/\"},{\"@type\":\"ListItem\",\"position\":2,\"name\":\"EUR\u00d3PSKY T\u00dd\u017dDE\u0147 ODBORN\u00ddCH ZRU\u010cNOST\u00cd 2020\"}]},{\"@type\":\"WebSite\",\"@id\":\"https:\\\/\\\/archiv.siov.sk\\\/#website\",\"url\":\"https:\\\/\\\/archiv.siov.sk\\\/\",\"name\":\"\u0160IOV - \u0161t\u00e1tny in\u0161tit\u00fat odborn\u00e9ho vzdel\u00e1vania\",\"description\":\"\",\"publisher\":{\"@id\":\"https:\\\/\\\/archiv.siov.sk\\\/#organization\"},\"potentialAction\":[{\"@type\":\"SearchAction\",\"target\":{\"@type\":\"EntryPoint\",\"urlTemplate\":\"https:\\\/\\\/archiv.siov.sk\\\/?s={search_term_string}\"},\"query-input\":{\"@type\":\"PropertyValueSpecification\",\"valueRequired\":true,\"valueName\":\"search_term_string\"}}],\"inLanguage\":\"en-GB\"},{\"@type\":\"Organization\",\"@id\":\"https:\\\/\\\/archiv.siov.sk\\\/#organization\",\"name\":\"\u0160IOV - \u0161t\u00e1tny in\u0161tit\u00fat odborn\u00e9ho vzdel\u00e1vania\",\"url\":\"https:\\\/\\\/archiv.siov.sk\\\/\",\"logo\":{\"@type\":\"ImageObject\",\"inLanguage\":\"en-GB\",\"@id\":\"https:\\\/\\\/archiv.siov.sk\\\/#\\\/schema\\\/logo\\\/image\\\/\",\"url\":\"https:\\\/\\\/archiv.siov.sk\\\/wp-content\\\/uploads\\\/2024\\\/02\\\/logo-SIOV.png\",\"contentUrl\":\"https:\\\/\\\/archiv.siov.sk\\\/wp-content\\\/uploads\\\/2024\\\/02\\\/logo-SIOV.png\",\"width\":431,\"height\":143,\"caption\":\"\u0160IOV - \u0161t\u00e1tny in\u0161tit\u00fat odborn\u00e9ho vzdel\u00e1vania\"},\"image\":{\"@id\":\"https:\\\/\\\/archiv.siov.sk\\\/#\\\/schema\\\/logo\\\/image\\\/\"},\"sameAs\":[\"https:\\\/\\\/www.facebook.com\\\/Statnyinstitutodbornehovzdelavania\"]},{\"@type\":\"Person\",\"@id\":\"https:\\\/\\\/archiv.siov.sk\\\/#\\\/schema\\\/person\\\/e42d633fbd958c6a726e8834d8965e6c\",\"name\":\"Katar\u00edna Kov\u00e1\u010dov\u00e1\",\"url\":\"https:\\\/\\\/archiv.siov.sk\\\/en\\\/author\\\/katkakovacova\\\/\"}]}<\/script>\n<!-- \/ Yoast SEO plugin. -->","yoast_head_json":{"title":"EUR\u00d3PSKY T\u00dd\u017dDE\u0147 ODBORN\u00ddCH ZRU\u010cNOST\u00cd 2020 - \u0160IOV - \u0161t\u00e1tny in\u0161tit\u00fat odborn\u00e9ho vzdel\u00e1vania","robots":{"index":"index","follow":"follow","max-snippet":"max-snippet:-1","max-image-preview":"max-image-preview:large","max-video-preview":"max-video-preview:-1"},"canonical":"https:\/\/archiv.siov.sk\/en\/6508-2\/","og_locale":"en_GB","og_type":"article","og_title":"EUR\u00d3PSKY T\u00dd\u017dDE\u0147 ODBORN\u00ddCH ZRU\u010cNOST\u00cd 2020 - \u0160IOV - \u0161t\u00e1tny in\u0161tit\u00fat odborn\u00e9ho vzdel\u00e1vania","og_description":"EUR\u00d3PSKY T\u00dd\u017dDE\u0147 ODBORN\u00ddCH ZRU\u010cNOST\u00cd 2020 OBJAV SVOJ TALENT! &nbsp;&nbsp;&nbsp;&nbsp;&nbsp;&nbsp;&nbsp;&nbsp;&nbsp;&nbsp;&nbsp; &nbsp;&nbsp;&nbsp;&nbsp;&nbsp;&nbsp;&nbsp;&nbsp;&nbsp;&nbsp;&nbsp;&nbsp;&nbsp;&nbsp;&nbsp;&nbsp;&nbsp;&nbsp;&nbsp;&nbsp;&nbsp;&nbsp;&nbsp;&nbsp;&nbsp;&nbsp;&nbsp;&nbsp;&nbsp;&nbsp;&nbsp;&nbsp;&nbsp;&nbsp;&nbsp;&nbsp;&nbsp;&nbsp;&nbsp;&nbsp;&nbsp;&nbsp;&nbsp;&nbsp;&nbsp;&nbsp;&nbsp;&nbsp;&nbsp;&nbsp;&nbsp;&nbsp;&nbsp;&nbsp;&nbsp;&nbsp;&nbsp;&nbsp;&nbsp;&nbsp;&nbsp;&nbsp;&nbsp;&nbsp;&nbsp;&nbsp;&nbsp;&nbsp;&nbsp;&nbsp;&nbsp;&nbsp;&nbsp;&nbsp;&nbsp;&nbsp;&nbsp;&nbsp;&nbsp;&nbsp;&nbsp; &nbsp;&nbsp;&nbsp;&nbsp;&nbsp;&nbsp;&nbsp;&nbsp;&nbsp;&nbsp;&nbsp;&nbsp;&nbsp;&nbsp;&nbsp;&nbsp;&nbsp;&nbsp;&nbsp;&nbsp;&nbsp;&nbsp;&nbsp; Eur\u00f3psky t\u00fd\u017ede\u0148 odborn\u00fdch zru\u010dnost\u00ed je iniciat\u00edva Eur\u00f3pskej komisie, ktor\u00e1 sa realizuje ka\u017edoro\u010dne u\u017e piaty kr\u00e1t a&nbsp;jej hlavn\u00fdm cie\u013eom je zv\u00fd\u0161i\u0165 povedomie o&nbsp;v\u00fdzname a&nbsp;pr\u00ednose odborn\u00e9ho vzdel\u00e1vania a&nbsp;pr\u00edpravy (OVP). Mottom iniciat\u00edvy je Objav svoj talent! Hlavn\u00e9 podujatie tento rok bude ma\u0165 kombinovan\u00fa formu \u2013 bude prebieha\u0165 [&hellip;]","og_url":"https:\/\/archiv.siov.sk\/en\/6508-2\/","og_site_name":"\u0160IOV - \u0161t\u00e1tny in\u0161tit\u00fat odborn\u00e9ho vzdel\u00e1vania","article_publisher":"https:\/\/www.facebook.com\/Statnyinstitutodbornehovzdelavania","article_published_time":"2020-10-01T12:33:11+00:00","article_modified_time":"2020-10-01T12:40:47+00:00","og_image":[{"width":227,"height":102,"url":"https:\/\/archiv.siov.sk\/wp-content\/uploads\/2020\/10\/EVSW.jpg","type":"image\/jpeg"}],"author":"Katar\u00edna Kov\u00e1\u010dov\u00e1","twitter_card":"summary_large_image","twitter_misc":{"Written by":"Katar\u00edna Kov\u00e1\u010dov\u00e1","Estimated reading time":"4 minutes"},"schema":{"@context":"https:\/\/schema.org","@graph":[{"@type":"Article","@id":"https:\/\/archiv.siov.sk\/6508-2\/#article","isPartOf":{"@id":"https:\/\/archiv.siov.sk\/6508-2\/"},"author":{"name":"Katar\u00edna Kov\u00e1\u010dov\u00e1","@id":"https:\/\/archiv.siov.sk\/#\/schema\/person\/e42d633fbd958c6a726e8834d8965e6c"},"headline":"EUR\u00d3PSKY T\u00dd\u017dDE\u0147 ODBORN\u00ddCH ZRU\u010cNOST\u00cd 2020","datePublished":"2020-10-01T12:33:11+00:00","dateModified":"2020-10-01T12:40:47+00:00","mainEntityOfPage":{"@id":"https:\/\/archiv.siov.sk\/6508-2\/"},"wordCount":722,"publisher":{"@id":"https:\/\/archiv.siov.sk\/#organization"},"image":{"@id":"https:\/\/archiv.siov.sk\/6508-2\/#primaryimage"},"thumbnailUrl":"https:\/\/archiv.siov.sk\/wp-content\/uploads\/2020\/10\/EVSW.jpg","articleSection":["Aktuality","Aktuality v \u010dase koronav\u00edrusu"],"inLanguage":"en-GB"},{"@type":"WebPage","@id":"https:\/\/archiv.siov.sk\/6508-2\/","url":"https:\/\/archiv.siov.sk\/6508-2\/","name":"EUR\u00d3PSKY T\u00dd\u017dDE\u0147 ODBORN\u00ddCH ZRU\u010cNOST\u00cd 2020 - \u0160IOV - \u0161t\u00e1tny in\u0161tit\u00fat odborn\u00e9ho vzdel\u00e1vania","isPartOf":{"@id":"https:\/\/archiv.siov.sk\/#website"},"primaryImageOfPage":{"@id":"https:\/\/archiv.siov.sk\/6508-2\/#primaryimage"},"image":{"@id":"https:\/\/archiv.siov.sk\/6508-2\/#primaryimage"},"thumbnailUrl":"https:\/\/archiv.siov.sk\/wp-content\/uploads\/2020\/10\/EVSW.jpg","datePublished":"2020-10-01T12:33:11+00:00","dateModified":"2020-10-01T12:40:47+00:00","breadcrumb":{"@id":"https:\/\/archiv.siov.sk\/6508-2\/#breadcrumb"},"inLanguage":"en-GB","potentialAction":[{"@type":"ReadAction","target":["https:\/\/archiv.siov.sk\/6508-2\/"]}]},{"@type":"ImageObject","inLanguage":"en-GB","@id":"https:\/\/archiv.siov.sk\/6508-2\/#primaryimage","url":"https:\/\/archiv.siov.sk\/wp-content\/uploads\/2020\/10\/EVSW.jpg","contentUrl":"https:\/\/archiv.siov.sk\/wp-content\/uploads\/2020\/10\/EVSW.jpg","width":227,"height":102},{"@type":"BreadcrumbList","@id":"https:\/\/archiv.siov.sk\/6508-2\/#breadcrumb","itemListElement":[{"@type":"ListItem","position":1,"name":"Home","item":"https:\/\/archiv.siov.sk\/"},{"@type":"ListItem","position":2,"name":"EUR\u00d3PSKY T\u00dd\u017dDE\u0147 ODBORN\u00ddCH ZRU\u010cNOST\u00cd 2020"}]},{"@type":"WebSite","@id":"https:\/\/archiv.siov.sk\/#website","url":"https:\/\/archiv.siov.sk\/","name":"\u0160IOV - \u0161t\u00e1tny in\u0161tit\u00fat odborn\u00e9ho vzdel\u00e1vania","description":"","publisher":{"@id":"https:\/\/archiv.siov.sk\/#organization"},"potentialAction":[{"@type":"SearchAction","target":{"@type":"EntryPoint","urlTemplate":"https:\/\/archiv.siov.sk\/?s={search_term_string}"},"query-input":{"@type":"PropertyValueSpecification","valueRequired":true,"valueName":"search_term_string"}}],"inLanguage":"en-GB"},{"@type":"Organization","@id":"https:\/\/archiv.siov.sk\/#organization","name":"\u0160IOV - \u0161t\u00e1tny in\u0161tit\u00fat odborn\u00e9ho vzdel\u00e1vania","url":"https:\/\/archiv.siov.sk\/","logo":{"@type":"ImageObject","inLanguage":"en-GB","@id":"https:\/\/archiv.siov.sk\/#\/schema\/logo\/image\/","url":"https:\/\/archiv.siov.sk\/wp-content\/uploads\/2024\/02\/logo-SIOV.png","contentUrl":"https:\/\/archiv.siov.sk\/wp-content\/uploads\/2024\/02\/logo-SIOV.png","width":431,"height":143,"caption":"\u0160IOV - \u0161t\u00e1tny in\u0161tit\u00fat odborn\u00e9ho vzdel\u00e1vania"},"image":{"@id":"https:\/\/archiv.siov.sk\/#\/schema\/logo\/image\/"},"sameAs":["https:\/\/www.facebook.com\/Statnyinstitutodbornehovzdelavania"]},{"@type":"Person","@id":"https:\/\/archiv.siov.sk\/#\/schema\/person\/e42d633fbd958c6a726e8834d8965e6c","name":"Katar\u00edna Kov\u00e1\u010dov\u00e1","url":"https:\/\/archiv.siov.sk\/en\/author\/katkakovacova\/"}]}},"_links":{"self":[{"href":"https:\/\/archiv.siov.sk\/en\/wp-json\/wp\/v2\/posts\/6508","targetHints":{"allow":["GET"]}}],"collection":[{"href":"https:\/\/archiv.siov.sk\/en\/wp-json\/wp\/v2\/posts"}],"about":[{"href":"https:\/\/archiv.siov.sk\/en\/wp-json\/wp\/v2\/types\/post"}],"author":[{"embeddable":true,"href":"https:\/\/archiv.siov.sk\/en\/wp-json\/wp\/v2\/users\/6"}],"replies":[{"embeddable":true,"href":"https:\/\/archiv.siov.sk\/en\/wp-json\/wp\/v2\/comments?post=6508"}],"version-history":[{"count":3,"href":"https:\/\/archiv.siov.sk\/en\/wp-json\/wp\/v2\/posts\/6508\/revisions"}],"predecessor-version":[{"id":6511,"href":"https:\/\/archiv.siov.sk\/en\/wp-json\/wp\/v2\/posts\/6508\/revisions\/6511"}],"wp:featuredmedia":[{"embeddable":true,"href":"https:\/\/archiv.siov.sk\/en\/wp-json\/wp\/v2\/media\/6512"}],"wp:attachment":[{"href":"https:\/\/archiv.siov.sk\/en\/wp-json\/wp\/v2\/media?parent=6508"}],"wp:term":[{"taxonomy":"category","embeddable":true,"href":"https:\/\/archiv.siov.sk\/en\/wp-json\/wp\/v2\/categories?post=6508"},{"taxonomy":"post_tag","embeddable":true,"href":"https:\/\/archiv.siov.sk\/en\/wp-json\/wp\/v2\/tags?post=6508"}],"curies":[{"name":"wp","href":"https:\/\/api.w.org\/{rel}","templated":true}]}}