{"id":6355,"date":"2020-07-10T12:26:55","date_gmt":"2020-07-10T10:26:55","guid":{"rendered":"https:\/\/archiv.siov.sk\/?p=6355"},"modified":"2020-07-10T12:26:55","modified_gmt":"2020-07-10T10:26:55","slug":"studentsku-sutaz-rodinny-dom-velux-nezastavila-ani-pandemia-pozname-vitazov","status":"publish","type":"post","link":"https:\/\/archiv.siov.sk\/en\/studentsku-sutaz-rodinny-dom-velux-nezastavila-ani-pandemia-pozname-vitazov\/","title":{"rendered":"\u0160tudentsk\u00fa s\u00fa\u0165a\u017e Rodinn\u00fd dom VELUX nezastavila ani pand\u00e9mia. Pozn\u00e1me v\u00ed\u0165azov"},"content":{"rendered":"<p style=\"text-align: justify;\"><strong>Spolo\u010dnos\u0165 VELUX u\u017e dvan\u00e1s\u0165 rokov na Slovensku organizuje s\u00fa\u0165a\u017e pre \u0161tudentov stredn\u00fdch \u0161k\u00f4l so zameran\u00edm na stavebn\u00edctvo. Tento ro\u010dn\u00edk bol unik\u00e1tny t\u00fdm, \u017ee \u0161tudenti mali pre epid\u00e9miu nov\u00e9ho koronav\u00edrusu s\u0165a\u017een\u00e9 podmienky.<\/strong><\/p>\n<p style=\"text-align: justify;\">Svoje pr\u00e1ce nemohli osobne konzultova\u0165, ani vyu\u017e\u00edva\u0165 technick\u00e9 mo\u017enosti, ktor\u00e9 im pon\u00fakaj\u00fa \u0161koly. \u201eV tomto ro\u010dn\u00edku sme museli na r\u00fdchlo prisp\u00f4sobi\u0165 s\u00fa\u0165a\u017e novej situ\u00e1cii. Bol to v\u00fdnimo\u010dn\u00fd ro\u010dn\u00edk, ale \u0161tudenti to op\u00e4\u0165 zvl\u00e1dli na vysokej \u00farovni,\u201c zhodnotila Kl\u00e1ra Bukolsk\u00e1, architektka spolo\u010dnosti VELUX. Organiz\u00e1torov tento rok e\u0161te viac pote\u0161il z\u00e1ujem \u0161tudentov. Aj napriek situ\u00e1cii sa prihl\u00e1silo viac ako 120 \u0161tudentov a do celo\u0161t\u00e1tneho kola n\u00e1sledne post\u00fapilo 15 \u0161k\u00f4l so 47 projektami, ktor\u00e9 posudzovala odborn\u00e1 porota v&nbsp;zlo\u017een\u00ed:<\/p>\n<ul>\n<li><strong> arch. J\u00e1n Kratochv\u00edl<\/strong> &#8211; FA VUT BRNO, Archiweb<\/li>\n<li><strong> Mat\u011bj \u0160i\u0161ol\u00e1k<\/strong> &#8211; \u0161\u00e9fredaktor ARCHITECT+<\/li>\n<li><strong> arch Kl\u00e1ra Bukolsk\u00e1<\/strong> \u2013 architektka spolo\u010dnosti VELUX<\/li>\n<li><strong>Vlasta P\u00fachovsk\u00e1<\/strong> &#8211; \u0160t\u00e1tny in\u0161tit\u00fat odborn\u00e9ho vzdel\u00e1vania<\/li>\n<\/ul>\n<p><strong>Koronakr\u00edza dala \u0161tudentom viac \u010dasu na projekty<\/strong><\/p>\n<p style=\"text-align: justify;\">Situ\u00e1cia spojen\u00e1 so \u0161\u00edren\u00edm koronav\u00edrusu nahr\u00e1vala t\u00fdm, ktor\u00ed na sebe chc\u00fa pracova\u0165. V\u010faka modern\u00fdm technol\u00f3gi\u00e1m sa mlad\u00ed \u013eudia mohli na dia\u013eku nielen vzdel\u00e1va\u0165, ale aj sa zapoji\u0165 do \u0161tudentsk\u00fdch s\u00fa\u0165a\u017e\u00ed, na ktor\u00e9 mali priestor. \u201ePr\u00e1ca bola trochu in\u00e1, ako keby som ju robil v&nbsp;\u0161kole, nako\u013eko som mal viac \u010dasu sa jej venova\u0165 a&nbsp;aj \u010derpa\u0165 in\u0161pir\u00e1ciu z&nbsp;pr\u00edrody,\u201c zhodnotil toto obdobie Mat\u00fa\u0161 Z\u00e1humensk\u00fd z SP\u0160 stavebnej v&nbsp;Hurbanove, ktor\u00fd so svoj\u00edm projektom Easy White z\u00edskal odmenu.<\/p>\n<p style=\"text-align: justify;\">Spolo\u010dnos\u0165 VELUX dlhodobo podporuje odborn\u00e9 stredn\u00e9 \u0161koly prostredn\u00edctvom vzdel\u00e1vac\u00edch workshopov pre \u0161tudentov, \u010di pr\u00e1ve s\u00fa\u0165a\u017eami. A neprestala ani v&nbsp;\u010dase, ke\u010f vypukla pand\u00e9mia koronav\u00edrusu. V\u00fduka na \u0161kol\u00e1ch sa s\u00edce zastavila a \u0161tudentom sa tak skomplikovala mo\u017enos\u0165 osobn\u00fdch konzult\u00e1ci\u00ed svojich projektov s&nbsp;pedag\u00f3gmi. S\u00fa\u0165a\u017e Rodinn\u00fd dom VELUX na mimoriadnu situ\u00e1ciu r\u00fdchlo zareagovala a&nbsp;odborn\u00e9 \u0161kolenie v&nbsp;Kompeten\u010dnom centre v&nbsp;Brne nahradili webin\u00e1re \u010di konzult\u00e1cie s\u00fa\u0165a\u017en\u00fdch pr\u00e1c s&nbsp;architektmi na dia\u013eku. Okrem predn\u00e1\u0161ok si \u017eiaci zas\u00fa\u0165a\u017eili o&nbsp;ceny v&nbsp;kv\u00edze, alebo sa v&nbsp;r\u00fdchlosti nau\u010dili pou\u017e\u00edva\u0165 n\u00e1stroje, ktor\u00e9 im pomohli pri tvorbe projektov.<\/p>\n<p style=\"text-align: justify;\">Hoci sa \u0161tudenti so svojimi u\u010dite\u013emi \u010di spolu\u017eiakmi nestret\u00e1vali osobne, pravideln\u00e9 konzult\u00e1cie k&nbsp;projektom nahradil online svet: \u201eS pedag\u00f3gom sme konzultovali ako za be\u017en\u00fdch okolnost\u00ed, ale tento rok prostredn\u00edctvom mailu,\u201c zhodnotil Jakub Forrai z&nbsp;SP\u0160 stavebnej a&nbsp;geodetickej v&nbsp;Ko\u0161iciach. Zavret\u00e9 \u0161koly skomplikovali aj pr\u00edstup k&nbsp;programom, s&nbsp;ktor\u00fdmi po\u010das be\u017en\u00e9ho \u0161kolsk\u00e9ho roka \u0161tudenti pracuj\u00fa. \u0160ikovn\u00ed mlad\u00ed projektanti sa v\u0161ak nenechali odradi\u0165 a&nbsp;uspel aj ve\u013emi zauj\u00edmav\u00fd, ru\u010dne nakreslen\u00fd projekt Michaely Bar\u010diakovej z&nbsp;SP\u0160 stavebnej zo \u017diliny.<\/p>\n<p><strong>In\u017einierov denn\u00e9ho svetla ocenili po\u010das sl\u00e1vnostn\u00e9ho streamu<\/strong><\/p>\n<p style=\"text-align: justify;\">Zasielanie projektov elektronicky je u\u017e trad\u00edciou, ale tentokr\u00e1t prebiehalo na dia\u013eku aj hodnotenie odbornej poroty. Sl\u00e1vnostn\u00e9 vyhl\u00e1senie v\u00fdsledkov tento rok neprebiehalo na \u017eiadnom \u0161peci\u00e1lnom mieste ako m\u00e1 spolo\u010dnos\u0165 VELUX vo zvyku. Opatrenia v&nbsp;s\u00favislosti s&nbsp;koronav\u00edrusom \u0161tudentov obrali o&nbsp;sl\u00e1vnostn\u00fd de\u0148, po\u010das ktor\u00e9ho sa v\u017edy stretn\u00fa nielen medzi sebou, ale aj s&nbsp;odbornou porotou, od ktorej m\u00f4\u017eu priamo z\u00edska\u0165 sp\u00e4tn\u00fa v\u00e4zbu. Ocenen\u00ed v\u0161ak o&nbsp;\u0148u nepri\u0161li, rovnako ani o&nbsp;ocenenia. Vyhl\u00e1senie v\u00fdsledkov prebiehalo po\u010das sl\u00e1vnostn\u00e9ho streamu, ktor\u00e9ho \u017eiv\u00fd prenos mohli sledova\u0165 \u017eiaci aj pedag\u00f3govia online. Z\u00e1znam sl\u00e1vnostn\u00e9ho live streamu si m\u00f4\u017eete pozrie\u0165 e\u0161te st\u00e1le tu: <a href=\"https:\/\/slideslive.com\/38931223\/velux-rodinny-dom-zaznam\">https:\/\/slideslive.com\/38931223\/velux-rodinny-dom-zaznam<\/a><\/p>\n<p style=\"text-align: justify;\">\u201eRada by som po\u010fakovala v\u0161etk\u00fdm \u0161tudentom za ich kreativitu a \u00fa\u010das\u0165, aj tento rok mali pr\u00e1ce op\u00e4\u0165 \u00fa\u017easn\u00fa \u00farove\u0148,\u201c povedala na \u00favod sl\u00e1vnostn\u00e9ho streamu Dagmar Plev\u00e1\u010dov\u00e1, gener\u00e1lna riadite\u013eka VELUX Slovensko a \u010cesk\u00e1 republika. V\u00ed\u0165az dvan\u00e1steho ro\u010dn\u00edka s\u00fa\u0165a\u017ee Rodinn\u00fd dom VELUX, Zdeno Bedn\u00e1r zo \u017diliny, ktor\u00fd svoj projekt Tot House tvoril pod odborn\u00fdm dozorom Ing. Evy Kuch\u00e1rovej a&nbsp;Ing. Marcela Zs\u00f3ka, PhD., aj napriek s\u0165a\u017een\u00fdm podmienkam obohatil fin\u00e1lny v\u00fdstup aj o&nbsp;video vizualiz\u00e1ciu. Pomyseln\u00fa, ale aj papierov\u00fa, korunu mu po\u010das vyhl\u00e1senia odovzdal Petr Kr\u00e1l, marketingov\u00fd riadite\u013e spolo\u010dnosti VELUX, ktor\u00fd pochv\u00e1lil v\u0161etk\u00fdch zapojen\u00fdch \u0161tudentov: \u201eU\u017e teraz ste v\u0161etci in\u017einiermi denn\u00e9ho svetla!\u201c<\/p>\n<p style=\"text-align: justify;\">Prv\u00e9 tri miesta, tri odmeny, vr\u00e1tane ceny pre \u0161kolu, ktor\u00fa tento rok z\u00edskala Stredn\u00e1 odborn\u00e1 \u0161kola stavebn\u00e1 z&nbsp;Liptovsk\u00e9ho Mikul\u00e1\u0161a, za 13 odovzdan\u00fdch pr\u00e1c, dostan\u00fa \u0161tudenti a&nbsp;pedag\u00f3govia po\u0161tou. Tento rok bola udelen\u00e1 aj Cena zamestnancov VELUX, ktor\u00fa z\u00edskal projekt Lumos \u0161tudentov Zuzany Hor\u0148\u00e1kovej a&nbsp;Ondreja Vanka zo Strednej priemyselnej \u0161koly stavebnej v&nbsp;Nitre a&nbsp;ved\u00facou pr\u00e1ce bola Ing. Katar\u00edna Kmetzov\u00e1.<\/p>\n<p>&nbsp;<\/p>\n<p><strong><u>V\u00fdsledky 12. ro\u010dn\u00edka s\u00fa\u0165a\u017ee <\/u><\/strong><strong><u>Rodinn\u00fd dom VELUX:<\/u><\/strong><\/p>\n<table>\n<tbody>\n<tr>\n<td colspan=\"2\" width=\"548\"><strong>1. miesto \u2013 RODINN\u00dd DOM \u2013 400 \u20ac<\/strong><\/td>\n<\/tr>\n<tr>\n<td width=\"132\">Meno \u0161tudenta:<\/td>\n<td width=\"416\">Zdeno Bedn\u00e1r<\/td>\n<\/tr>\n<tr>\n<td width=\"132\">Name of the project&nbsp;<\/td>\n<td width=\"416\">TOT HOUSE<\/td>\n<\/tr>\n<tr>\n<td width=\"132\">\u0160kola:<\/td>\n<td width=\"416\">Stredn\u00e1 priemyseln\u00e1 \u0161kola stavebn\u00e1, \u017dilina<\/td>\n<\/tr>\n<tr>\n<td width=\"132\">Konzultant:<\/td>\n<td width=\"416\">Ing. Eva Kucharov\u00e1<br \/>\nIng. Marcel Zs\u00f3ka PhD.<\/td>\n<\/tr>\n<\/tbody>\n<\/table>\n<p>&nbsp;<\/p>\n<table>\n<tbody>\n<tr>\n<td colspan=\"2\" width=\"548\"><strong>2. miesto \u2013 RODINN\u00dd DOM \u2013 250 \u20ac<\/strong><\/td>\n<\/tr>\n<tr>\n<td width=\"132\">Meno \u0161tudenta:<\/td>\n<td width=\"416\">Luk\u00e1\u0161 Jurkovi\u010d<\/td>\n<\/tr>\n<tr>\n<td width=\"132\">Name of the project&nbsp;<\/td>\n<td width=\"416\">Bukovina<\/td>\n<\/tr>\n<tr>\n<td width=\"132\">\u0160kola:<\/td>\n<td width=\"416\">Stredn\u00e1 priemyseln\u00e1 \u0161kola stavebn\u00e1, \u017dilina<\/td>\n<\/tr>\n<tr>\n<td width=\"132\">Konzultant:<\/td>\n<td width=\"416\">Ing. arch. Buchov\u00e1<br \/>\nIng. Eva Kucharov\u00e1<br \/>\nIng. Marcel Zs\u00f3ka PhD.<\/td>\n<\/tr>\n<\/tbody>\n<\/table>\n<p>&nbsp;<\/p>\n<table>\n<tbody>\n<tr>\n<td colspan=\"2\" width=\"548\"><strong>3. miesto \u2013 RODINN\u00dd DOM \u2013 150 \u20ac<\/strong><\/td>\n<\/tr>\n<tr>\n<td width=\"132\">Meno \u0161tudenta:<\/td>\n<td width=\"416\">Igor Kapusta<\/td>\n<\/tr>\n<tr>\n<td width=\"132\">Name of the project&nbsp;<\/td>\n<td width=\"416\">RD Alexander<\/td>\n<\/tr>\n<tr>\n<td width=\"132\">\u0160kola:<\/td>\n<td width=\"416\">Stredn\u00e1 priemyseln\u00e1 \u0161kola stavebn\u00e1 a&nbsp;geodetick\u00e1, Bratislava<\/td>\n<\/tr>\n<tr>\n<td width=\"132\">Konzultant:<\/td>\n<td width=\"416\">Ing. arch. M\u00e1ria Brondo\u0161ov\u00e1<\/td>\n<\/tr>\n<\/tbody>\n<\/table>\n<p>&nbsp;<\/p>\n<table>\n<tbody>\n<tr>\n<td colspan=\"2\" width=\"548\"><strong>Odmena \u2013 RODINN\u00dd DOM \u2013 50 \u20ac<\/strong><\/td>\n<\/tr>\n<tr>\n<td width=\"132\">Meno \u0161tudenta:<\/td>\n<td width=\"416\">Mat\u00fa\u0161 Z\u00e1humensk\u00fd<\/td>\n<\/tr>\n<tr>\n<td width=\"132\">Name of the project&nbsp;<\/td>\n<td width=\"416\">Easy White<\/td>\n<\/tr>\n<tr>\n<td width=\"132\">\u0160kola:<\/td>\n<td width=\"416\">Stredn\u00e1 priemyseln\u00e1 \u0161kola stavebn\u00e1, Hurbanovo<\/td>\n<\/tr>\n<tr>\n<td width=\"132\">Konzultant:<\/td>\n<td width=\"416\">Ing. Ondrej Hanzl\u00edk<\/td>\n<\/tr>\n<\/tbody>\n<\/table>\n<p>&nbsp;<\/p>\n<table>\n<tbody>\n<tr>\n<td colspan=\"2\" width=\"548\"><strong>Odmena \u2013 RODINN\u00dd DOM \u2013 50 \u20ac<\/strong><\/td>\n<\/tr>\n<tr>\n<td width=\"132\">Meno \u0161tudenta:<\/td>\n<td width=\"416\">Jakub Forrai<\/td>\n<\/tr>\n<tr>\n<td width=\"132\">Name of the project&nbsp;<\/td>\n<td width=\"416\">La Casa<\/td>\n<\/tr>\n<tr>\n<td width=\"132\">\u0160kola:<\/td>\n<td width=\"416\">Stredn\u00e1 priemyseln\u00e1 \u0161kola stavebn\u00e1 a&nbsp;geodetick\u00e1, Ko\u0161ice<\/td>\n<\/tr>\n<tr>\n<td width=\"132\">Konzultant:<\/td>\n<td width=\"416\">Ing. Dagmar Grancov\u00e1<\/td>\n<\/tr>\n<\/tbody>\n<\/table>\n<p>&nbsp;&nbsp;&nbsp;&nbsp;&nbsp;&nbsp;&nbsp;&nbsp;&nbsp;&nbsp;&nbsp;&nbsp;&nbsp;&nbsp;&nbsp;<\/p>\n<table>\n<tbody>\n<tr>\n<td colspan=\"2\" width=\"548\"><strong>Odmena \u2013 RODINN\u00dd DOM \u2013 50 \u20ac<\/strong><\/td>\n<\/tr>\n<tr>\n<td width=\"132\">Meno \u0161tudenta:<\/td>\n<td width=\"416\">Michaela Bar\u010diakov\u00e1<\/td>\n<\/tr>\n<tr>\n<td width=\"132\">Name of the project&nbsp;<\/td>\n<td width=\"416\">GRAY HOUSE<\/td>\n<\/tr>\n<tr>\n<td width=\"132\">\u0160kola:<\/td>\n<td width=\"416\">Stredn\u00e1 priemyseln\u00e1 \u0161kola stavebn\u00e1, \u017dilina<\/td>\n<\/tr>\n<tr>\n<td width=\"132\">Konzultant:<\/td>\n<td width=\"416\">Ing. arch. Buchov\u00e1<br \/>\nIng. Eva Kucharov\u00e1<\/td>\n<\/tr>\n<\/tbody>\n<\/table>\n<p>&nbsp;<\/p>\n<table>\n<tbody>\n<tr>\n<td colspan=\"2\" width=\"548\"><strong>Cena pre \u0161kolu \u2013 13 pr\u00e1c \u2013 300 \u20ac <\/strong><\/td>\n<\/tr>\n<tr>\n<td width=\"132\">N\u00e1zov \u0161koly:<\/td>\n<td width=\"416\">Stredn\u00e1 odborn\u00e1 \u0161kola stavebn\u00e1<\/td>\n<\/tr>\n<tr>\n<td width=\"132\">Mesto:<\/td>\n<td width=\"416\">Liptovsk\u00fd Mikul\u00e1\u0161<\/td>\n<\/tr>\n<tr>\n<td width=\"132\">Kontaktn\u00e1 osoba:<\/td>\n<td width=\"416\">Ing. Zuzana \u0160i\u0161\u00e1kov\u00e1<\/td>\n<\/tr>\n<\/tbody>\n<\/table>\n<p>&nbsp;<\/p>\n<p>&nbsp;<\/p>\n<p>&nbsp;<\/p>","protected":false},"excerpt":{"rendered":"<p>Spolo\u010dnos\u0165 VELUX u\u017e dvan\u00e1s\u0165 rokov na Slovensku organizuje s\u00fa\u0165a\u017e pre \u0161tudentov stredn\u00fdch \u0161k\u00f4l so zameran\u00edm na stavebn\u00edctvo. Tento ro\u010dn\u00edk bol unik\u00e1tny t\u00fdm, \u017ee \u0161tudenti mali pre epid\u00e9miu nov\u00e9ho koronav\u00edrusu s\u0165a\u017een\u00e9 podmienky. Svoje pr\u00e1ce nemohli osobne konzultova\u0165, ani vyu\u017e\u00edva\u0165 technick\u00e9 mo\u017enosti, ktor\u00e9 im pon\u00fakaj\u00fa \u0161koly. \u201eV tomto ro\u010dn\u00edku sme museli na r\u00fdchlo prisp\u00f4sobi\u0165 s\u00fa\u0165a\u017e novej situ\u00e1cii. [&hellip;]<\/p>\n","protected":false},"author":6,"featured_media":2380,"comment_status":"closed","ping_status":"closed","sticky":false,"template":"","format":"standard","meta":{"site-sidebar-layout":"default","site-content-layout":"","ast-site-content-layout":"default","site-content-style":"default","site-sidebar-style":"default","ast-global-header-display":"","ast-banner-title-visibility":"","ast-main-header-display":"","ast-hfb-above-header-display":"","ast-hfb-below-header-display":"","ast-hfb-mobile-header-display":"","site-post-title":"","ast-breadcrumbs-content":"","ast-featured-img":"","footer-sml-layout":"","ast-disable-related-posts":"","theme-transparent-header-meta":"","adv-header-id-meta":"","stick-header-meta":"","header-above-stick-meta":"","header-main-stick-meta":"","header-below-stick-meta":"","astra-migrate-meta-layouts":"default","ast-page-background-enabled":"default","ast-page-background-meta":{"desktop":{"background-color":"var(--ast-global-color-4)","background-image":"","background-repeat":"repeat","background-position":"center center","background-size":"auto","background-attachment":"scroll","background-type":"","background-media":"","overlay-type":"","overlay-color":"","overlay-opacity":"","overlay-gradient":""},"tablet":{"background-color":"","background-image":"","background-repeat":"repeat","background-position":"center center","background-size":"auto","background-attachment":"scroll","background-type":"","background-media":"","overlay-type":"","overlay-color":"","overlay-opacity":"","overlay-gradient":""},"mobile":{"background-color":"","background-image":"","background-repeat":"repeat","background-position":"center center","background-size":"auto","background-attachment":"scroll","background-type":"","background-media":"","overlay-type":"","overlay-color":"","overlay-opacity":"","overlay-gradient":""}},"ast-content-background-meta":{"desktop":{"background-color":"var(--ast-global-color-5)","background-image":"","background-repeat":"repeat","background-position":"center center","background-size":"auto","background-attachment":"scroll","background-type":"","background-media":"","overlay-type":"","overlay-color":"","overlay-opacity":"","overlay-gradient":""},"tablet":{"background-color":"var(--ast-global-color-5)","background-image":"","background-repeat":"repeat","background-position":"center center","background-size":"auto","background-attachment":"scroll","background-type":"","background-media":"","overlay-type":"","overlay-color":"","overlay-opacity":"","overlay-gradient":""},"mobile":{"background-color":"var(--ast-global-color-5)","background-image":"","background-repeat":"repeat","background-position":"center center","background-size":"auto","background-attachment":"scroll","background-type":"","background-media":"","overlay-type":"","overlay-color":"","overlay-opacity":"","overlay-gradient":""}},"footnotes":""},"categories":[1,9],"tags":[],"class_list":["post-6355","post","type-post","status-publish","format-standard","has-post-thumbnail","hentry","category-aktuality","category-aktuality-v-case-koronavirusu"],"yoast_head":"<!-- This site is optimized with the Yoast SEO plugin v27.5 - https:\/\/yoast.com\/product\/yoast-seo-wordpress\/ -->\n<title>\u0160tudentsk\u00fa s\u00fa\u0165a\u017e Rodinn\u00fd dom VELUX nezastavila ani pand\u00e9mia. Pozn\u00e1me v\u00ed\u0165azov - \u0160IOV - \u0161t\u00e1tny in\u0161tit\u00fat odborn\u00e9ho vzdel\u00e1vania<\/title>\n<meta name=\"robots\" content=\"index, follow, max-snippet:-1, max-image-preview:large, max-video-preview:-1\" \/>\n<link rel=\"canonical\" href=\"https:\/\/archiv.siov.sk\/en\/studentsku-sutaz-rodinny-dom-velux-nezastavila-ani-pandemia-pozname-vitazov\/\" \/>\n<meta property=\"og:locale\" content=\"en_GB\" \/>\n<meta property=\"og:type\" content=\"article\" \/>\n<meta property=\"og:title\" content=\"\u0160tudentsk\u00fa s\u00fa\u0165a\u017e Rodinn\u00fd dom VELUX nezastavila ani pand\u00e9mia. Pozn\u00e1me v\u00ed\u0165azov - \u0160IOV - \u0161t\u00e1tny in\u0161tit\u00fat odborn\u00e9ho vzdel\u00e1vania\" \/>\n<meta property=\"og:description\" content=\"Spolo\u010dnos\u0165 VELUX u\u017e dvan\u00e1s\u0165 rokov na Slovensku organizuje s\u00fa\u0165a\u017e pre \u0161tudentov stredn\u00fdch \u0161k\u00f4l so zameran\u00edm na stavebn\u00edctvo. Tento ro\u010dn\u00edk bol unik\u00e1tny t\u00fdm, \u017ee \u0161tudenti mali pre epid\u00e9miu nov\u00e9ho koronav\u00edrusu s\u0165a\u017een\u00e9 podmienky. Svoje pr\u00e1ce nemohli osobne konzultova\u0165, ani vyu\u017e\u00edva\u0165 technick\u00e9 mo\u017enosti, ktor\u00e9 im pon\u00fakaj\u00fa \u0161koly. \u201eV tomto ro\u010dn\u00edku sme museli na r\u00fdchlo prisp\u00f4sobi\u0165 s\u00fa\u0165a\u017e novej situ\u00e1cii. [&hellip;]\" \/>\n<meta property=\"og:url\" content=\"https:\/\/archiv.siov.sk\/en\/studentsku-sutaz-rodinny-dom-velux-nezastavila-ani-pandemia-pozname-vitazov\/\" \/>\n<meta property=\"og:site_name\" content=\"\u0160IOV - \u0161t\u00e1tny in\u0161tit\u00fat odborn\u00e9ho vzdel\u00e1vania\" \/>\n<meta property=\"article:publisher\" content=\"https:\/\/www.facebook.com\/Statnyinstitutodbornehovzdelavania\" \/>\n<meta property=\"article:published_time\" content=\"2020-07-10T10:26:55+00:00\" \/>\n<meta property=\"og:image\" content=\"https:\/\/archiv.siov.sk\/wp-content\/uploads\/2019\/02\/top_program.jpg\" \/>\n\t<meta property=\"og:image:width\" content=\"1100\" \/>\n\t<meta property=\"og:image:height\" content=\"445\" \/>\n\t<meta property=\"og:image:type\" content=\"image\/jpeg\" \/>\n<meta name=\"author\" content=\"Katar\u00edna Kov\u00e1\u010dov\u00e1\" \/>\n<meta name=\"twitter:card\" content=\"summary_large_image\" \/>\n<meta name=\"twitter:label1\" content=\"Written by\" \/>\n\t<meta name=\"twitter:data1\" content=\"Katar\u00edna Kov\u00e1\u010dov\u00e1\" \/>\n\t<meta name=\"twitter:label2\" content=\"Estimated reading time\" \/>\n\t<meta name=\"twitter:data2\" content=\"6 minutes\" \/>\n<script type=\"application\/ld+json\" class=\"yoast-schema-graph\">{\"@context\":\"https:\\\/\\\/schema.org\",\"@graph\":[{\"@type\":\"Article\",\"@id\":\"https:\\\/\\\/archiv.siov.sk\\\/studentsku-sutaz-rodinny-dom-velux-nezastavila-ani-pandemia-pozname-vitazov\\\/#article\",\"isPartOf\":{\"@id\":\"https:\\\/\\\/archiv.siov.sk\\\/studentsku-sutaz-rodinny-dom-velux-nezastavila-ani-pandemia-pozname-vitazov\\\/\"},\"author\":{\"name\":\"Katar\u00edna Kov\u00e1\u010dov\u00e1\",\"@id\":\"https:\\\/\\\/archiv.siov.sk\\\/#\\\/schema\\\/person\\\/e42d633fbd958c6a726e8834d8965e6c\"},\"headline\":\"\u0160tudentsk\u00fa s\u00fa\u0165a\u017e Rodinn\u00fd dom VELUX nezastavila ani pand\u00e9mia. Pozn\u00e1me v\u00ed\u0165azov\",\"datePublished\":\"2020-07-10T10:26:55+00:00\",\"mainEntityOfPage\":{\"@id\":\"https:\\\/\\\/archiv.siov.sk\\\/studentsku-sutaz-rodinny-dom-velux-nezastavila-ani-pandemia-pozname-vitazov\\\/\"},\"wordCount\":1142,\"publisher\":{\"@id\":\"https:\\\/\\\/archiv.siov.sk\\\/#organization\"},\"image\":{\"@id\":\"https:\\\/\\\/archiv.siov.sk\\\/studentsku-sutaz-rodinny-dom-velux-nezastavila-ani-pandemia-pozname-vitazov\\\/#primaryimage\"},\"thumbnailUrl\":\"https:\\\/\\\/archiv.siov.sk\\\/wp-content\\\/uploads\\\/2019\\\/02\\\/top_program.jpg\",\"articleSection\":[\"Aktuality\",\"Aktuality v \u010dase koronav\u00edrusu\"],\"inLanguage\":\"en-GB\"},{\"@type\":\"WebPage\",\"@id\":\"https:\\\/\\\/archiv.siov.sk\\\/studentsku-sutaz-rodinny-dom-velux-nezastavila-ani-pandemia-pozname-vitazov\\\/\",\"url\":\"https:\\\/\\\/archiv.siov.sk\\\/studentsku-sutaz-rodinny-dom-velux-nezastavila-ani-pandemia-pozname-vitazov\\\/\",\"name\":\"\u0160tudentsk\u00fa s\u00fa\u0165a\u017e Rodinn\u00fd dom VELUX nezastavila ani pand\u00e9mia. Pozn\u00e1me v\u00ed\u0165azov - \u0160IOV - \u0161t\u00e1tny in\u0161tit\u00fat odborn\u00e9ho vzdel\u00e1vania\",\"isPartOf\":{\"@id\":\"https:\\\/\\\/archiv.siov.sk\\\/#website\"},\"primaryImageOfPage\":{\"@id\":\"https:\\\/\\\/archiv.siov.sk\\\/studentsku-sutaz-rodinny-dom-velux-nezastavila-ani-pandemia-pozname-vitazov\\\/#primaryimage\"},\"image\":{\"@id\":\"https:\\\/\\\/archiv.siov.sk\\\/studentsku-sutaz-rodinny-dom-velux-nezastavila-ani-pandemia-pozname-vitazov\\\/#primaryimage\"},\"thumbnailUrl\":\"https:\\\/\\\/archiv.siov.sk\\\/wp-content\\\/uploads\\\/2019\\\/02\\\/top_program.jpg\",\"datePublished\":\"2020-07-10T10:26:55+00:00\",\"breadcrumb\":{\"@id\":\"https:\\\/\\\/archiv.siov.sk\\\/studentsku-sutaz-rodinny-dom-velux-nezastavila-ani-pandemia-pozname-vitazov\\\/#breadcrumb\"},\"inLanguage\":\"en-GB\",\"potentialAction\":[{\"@type\":\"ReadAction\",\"target\":[\"https:\\\/\\\/archiv.siov.sk\\\/studentsku-sutaz-rodinny-dom-velux-nezastavila-ani-pandemia-pozname-vitazov\\\/\"]}]},{\"@type\":\"ImageObject\",\"inLanguage\":\"en-GB\",\"@id\":\"https:\\\/\\\/archiv.siov.sk\\\/studentsku-sutaz-rodinny-dom-velux-nezastavila-ani-pandemia-pozname-vitazov\\\/#primaryimage\",\"url\":\"https:\\\/\\\/archiv.siov.sk\\\/wp-content\\\/uploads\\\/2019\\\/02\\\/top_program.jpg\",\"contentUrl\":\"https:\\\/\\\/archiv.siov.sk\\\/wp-content\\\/uploads\\\/2019\\\/02\\\/top_program.jpg\",\"width\":1100,\"height\":445,\"caption\":\"\u0160tudenti z cel\u00e9ho Slovenska si zmeraj\u00fa svoje technick\u00e9 zru\u010dnosti na s\u00fa\u0165a\u017ei ZENIT\"},{\"@type\":\"BreadcrumbList\",\"@id\":\"https:\\\/\\\/archiv.siov.sk\\\/studentsku-sutaz-rodinny-dom-velux-nezastavila-ani-pandemia-pozname-vitazov\\\/#breadcrumb\",\"itemListElement\":[{\"@type\":\"ListItem\",\"position\":1,\"name\":\"Home\",\"item\":\"https:\\\/\\\/archiv.siov.sk\\\/\"},{\"@type\":\"ListItem\",\"position\":2,\"name\":\"\u0160tudentsk\u00fa s\u00fa\u0165a\u017e Rodinn\u00fd dom VELUX nezastavila ani pand\u00e9mia. Pozn\u00e1me v\u00ed\u0165azov\"}]},{\"@type\":\"WebSite\",\"@id\":\"https:\\\/\\\/archiv.siov.sk\\\/#website\",\"url\":\"https:\\\/\\\/archiv.siov.sk\\\/\",\"name\":\"\u0160IOV - \u0161t\u00e1tny in\u0161tit\u00fat odborn\u00e9ho vzdel\u00e1vania\",\"description\":\"\",\"publisher\":{\"@id\":\"https:\\\/\\\/archiv.siov.sk\\\/#organization\"},\"potentialAction\":[{\"@type\":\"SearchAction\",\"target\":{\"@type\":\"EntryPoint\",\"urlTemplate\":\"https:\\\/\\\/archiv.siov.sk\\\/?s={search_term_string}\"},\"query-input\":{\"@type\":\"PropertyValueSpecification\",\"valueRequired\":true,\"valueName\":\"search_term_string\"}}],\"inLanguage\":\"en-GB\"},{\"@type\":\"Organization\",\"@id\":\"https:\\\/\\\/archiv.siov.sk\\\/#organization\",\"name\":\"\u0160IOV - \u0161t\u00e1tny in\u0161tit\u00fat odborn\u00e9ho vzdel\u00e1vania\",\"url\":\"https:\\\/\\\/archiv.siov.sk\\\/\",\"logo\":{\"@type\":\"ImageObject\",\"inLanguage\":\"en-GB\",\"@id\":\"https:\\\/\\\/archiv.siov.sk\\\/#\\\/schema\\\/logo\\\/image\\\/\",\"url\":\"https:\\\/\\\/archiv.siov.sk\\\/wp-content\\\/uploads\\\/2024\\\/02\\\/logo-SIOV.png\",\"contentUrl\":\"https:\\\/\\\/archiv.siov.sk\\\/wp-content\\\/uploads\\\/2024\\\/02\\\/logo-SIOV.png\",\"width\":431,\"height\":143,\"caption\":\"\u0160IOV - \u0161t\u00e1tny in\u0161tit\u00fat odborn\u00e9ho vzdel\u00e1vania\"},\"image\":{\"@id\":\"https:\\\/\\\/archiv.siov.sk\\\/#\\\/schema\\\/logo\\\/image\\\/\"},\"sameAs\":[\"https:\\\/\\\/www.facebook.com\\\/Statnyinstitutodbornehovzdelavania\"]},{\"@type\":\"Person\",\"@id\":\"https:\\\/\\\/archiv.siov.sk\\\/#\\\/schema\\\/person\\\/e42d633fbd958c6a726e8834d8965e6c\",\"name\":\"Katar\u00edna Kov\u00e1\u010dov\u00e1\",\"url\":\"https:\\\/\\\/archiv.siov.sk\\\/en\\\/author\\\/katkakovacova\\\/\"}]}<\/script>\n<!-- \/ Yoast SEO plugin. -->","yoast_head_json":{"title":"\u0160tudentsk\u00fa s\u00fa\u0165a\u017e Rodinn\u00fd dom VELUX nezastavila ani pand\u00e9mia. Pozn\u00e1me v\u00ed\u0165azov - \u0160IOV - \u0161t\u00e1tny in\u0161tit\u00fat odborn\u00e9ho vzdel\u00e1vania","robots":{"index":"index","follow":"follow","max-snippet":"max-snippet:-1","max-image-preview":"max-image-preview:large","max-video-preview":"max-video-preview:-1"},"canonical":"https:\/\/archiv.siov.sk\/en\/studentsku-sutaz-rodinny-dom-velux-nezastavila-ani-pandemia-pozname-vitazov\/","og_locale":"en_GB","og_type":"article","og_title":"\u0160tudentsk\u00fa s\u00fa\u0165a\u017e Rodinn\u00fd dom VELUX nezastavila ani pand\u00e9mia. Pozn\u00e1me v\u00ed\u0165azov - \u0160IOV - \u0161t\u00e1tny in\u0161tit\u00fat odborn\u00e9ho vzdel\u00e1vania","og_description":"Spolo\u010dnos\u0165 VELUX u\u017e dvan\u00e1s\u0165 rokov na Slovensku organizuje s\u00fa\u0165a\u017e pre \u0161tudentov stredn\u00fdch \u0161k\u00f4l so zameran\u00edm na stavebn\u00edctvo. Tento ro\u010dn\u00edk bol unik\u00e1tny t\u00fdm, \u017ee \u0161tudenti mali pre epid\u00e9miu nov\u00e9ho koronav\u00edrusu s\u0165a\u017een\u00e9 podmienky. Svoje pr\u00e1ce nemohli osobne konzultova\u0165, ani vyu\u017e\u00edva\u0165 technick\u00e9 mo\u017enosti, ktor\u00e9 im pon\u00fakaj\u00fa \u0161koly. \u201eV tomto ro\u010dn\u00edku sme museli na r\u00fdchlo prisp\u00f4sobi\u0165 s\u00fa\u0165a\u017e novej situ\u00e1cii. [&hellip;]","og_url":"https:\/\/archiv.siov.sk\/en\/studentsku-sutaz-rodinny-dom-velux-nezastavila-ani-pandemia-pozname-vitazov\/","og_site_name":"\u0160IOV - \u0161t\u00e1tny in\u0161tit\u00fat odborn\u00e9ho vzdel\u00e1vania","article_publisher":"https:\/\/www.facebook.com\/Statnyinstitutodbornehovzdelavania","article_published_time":"2020-07-10T10:26:55+00:00","og_image":[{"width":1100,"height":445,"url":"https:\/\/archiv.siov.sk\/wp-content\/uploads\/2019\/02\/top_program.jpg","type":"image\/jpeg"}],"author":"Katar\u00edna Kov\u00e1\u010dov\u00e1","twitter_card":"summary_large_image","twitter_misc":{"Written by":"Katar\u00edna Kov\u00e1\u010dov\u00e1","Estimated reading time":"6 minutes"},"schema":{"@context":"https:\/\/schema.org","@graph":[{"@type":"Article","@id":"https:\/\/archiv.siov.sk\/studentsku-sutaz-rodinny-dom-velux-nezastavila-ani-pandemia-pozname-vitazov\/#article","isPartOf":{"@id":"https:\/\/archiv.siov.sk\/studentsku-sutaz-rodinny-dom-velux-nezastavila-ani-pandemia-pozname-vitazov\/"},"author":{"name":"Katar\u00edna Kov\u00e1\u010dov\u00e1","@id":"https:\/\/archiv.siov.sk\/#\/schema\/person\/e42d633fbd958c6a726e8834d8965e6c"},"headline":"\u0160tudentsk\u00fa s\u00fa\u0165a\u017e Rodinn\u00fd dom VELUX nezastavila ani pand\u00e9mia. Pozn\u00e1me v\u00ed\u0165azov","datePublished":"2020-07-10T10:26:55+00:00","mainEntityOfPage":{"@id":"https:\/\/archiv.siov.sk\/studentsku-sutaz-rodinny-dom-velux-nezastavila-ani-pandemia-pozname-vitazov\/"},"wordCount":1142,"publisher":{"@id":"https:\/\/archiv.siov.sk\/#organization"},"image":{"@id":"https:\/\/archiv.siov.sk\/studentsku-sutaz-rodinny-dom-velux-nezastavila-ani-pandemia-pozname-vitazov\/#primaryimage"},"thumbnailUrl":"https:\/\/archiv.siov.sk\/wp-content\/uploads\/2019\/02\/top_program.jpg","articleSection":["Aktuality","Aktuality v \u010dase koronav\u00edrusu"],"inLanguage":"en-GB"},{"@type":"WebPage","@id":"https:\/\/archiv.siov.sk\/studentsku-sutaz-rodinny-dom-velux-nezastavila-ani-pandemia-pozname-vitazov\/","url":"https:\/\/archiv.siov.sk\/studentsku-sutaz-rodinny-dom-velux-nezastavila-ani-pandemia-pozname-vitazov\/","name":"\u0160tudentsk\u00fa s\u00fa\u0165a\u017e Rodinn\u00fd dom VELUX nezastavila ani pand\u00e9mia. Pozn\u00e1me v\u00ed\u0165azov - \u0160IOV - \u0161t\u00e1tny in\u0161tit\u00fat odborn\u00e9ho vzdel\u00e1vania","isPartOf":{"@id":"https:\/\/archiv.siov.sk\/#website"},"primaryImageOfPage":{"@id":"https:\/\/archiv.siov.sk\/studentsku-sutaz-rodinny-dom-velux-nezastavila-ani-pandemia-pozname-vitazov\/#primaryimage"},"image":{"@id":"https:\/\/archiv.siov.sk\/studentsku-sutaz-rodinny-dom-velux-nezastavila-ani-pandemia-pozname-vitazov\/#primaryimage"},"thumbnailUrl":"https:\/\/archiv.siov.sk\/wp-content\/uploads\/2019\/02\/top_program.jpg","datePublished":"2020-07-10T10:26:55+00:00","breadcrumb":{"@id":"https:\/\/archiv.siov.sk\/studentsku-sutaz-rodinny-dom-velux-nezastavila-ani-pandemia-pozname-vitazov\/#breadcrumb"},"inLanguage":"en-GB","potentialAction":[{"@type":"ReadAction","target":["https:\/\/archiv.siov.sk\/studentsku-sutaz-rodinny-dom-velux-nezastavila-ani-pandemia-pozname-vitazov\/"]}]},{"@type":"ImageObject","inLanguage":"en-GB","@id":"https:\/\/archiv.siov.sk\/studentsku-sutaz-rodinny-dom-velux-nezastavila-ani-pandemia-pozname-vitazov\/#primaryimage","url":"https:\/\/archiv.siov.sk\/wp-content\/uploads\/2019\/02\/top_program.jpg","contentUrl":"https:\/\/archiv.siov.sk\/wp-content\/uploads\/2019\/02\/top_program.jpg","width":1100,"height":445,"caption":"\u0160tudenti z cel\u00e9ho Slovenska si zmeraj\u00fa svoje technick\u00e9 zru\u010dnosti na s\u00fa\u0165a\u017ei ZENIT"},{"@type":"BreadcrumbList","@id":"https:\/\/archiv.siov.sk\/studentsku-sutaz-rodinny-dom-velux-nezastavila-ani-pandemia-pozname-vitazov\/#breadcrumb","itemListElement":[{"@type":"ListItem","position":1,"name":"Home","item":"https:\/\/archiv.siov.sk\/"},{"@type":"ListItem","position":2,"name":"\u0160tudentsk\u00fa s\u00fa\u0165a\u017e Rodinn\u00fd dom VELUX nezastavila ani pand\u00e9mia. Pozn\u00e1me v\u00ed\u0165azov"}]},{"@type":"WebSite","@id":"https:\/\/archiv.siov.sk\/#website","url":"https:\/\/archiv.siov.sk\/","name":"\u0160IOV - \u0161t\u00e1tny in\u0161tit\u00fat odborn\u00e9ho vzdel\u00e1vania","description":"","publisher":{"@id":"https:\/\/archiv.siov.sk\/#organization"},"potentialAction":[{"@type":"SearchAction","target":{"@type":"EntryPoint","urlTemplate":"https:\/\/archiv.siov.sk\/?s={search_term_string}"},"query-input":{"@type":"PropertyValueSpecification","valueRequired":true,"valueName":"search_term_string"}}],"inLanguage":"en-GB"},{"@type":"Organization","@id":"https:\/\/archiv.siov.sk\/#organization","name":"\u0160IOV - \u0161t\u00e1tny in\u0161tit\u00fat odborn\u00e9ho vzdel\u00e1vania","url":"https:\/\/archiv.siov.sk\/","logo":{"@type":"ImageObject","inLanguage":"en-GB","@id":"https:\/\/archiv.siov.sk\/#\/schema\/logo\/image\/","url":"https:\/\/archiv.siov.sk\/wp-content\/uploads\/2024\/02\/logo-SIOV.png","contentUrl":"https:\/\/archiv.siov.sk\/wp-content\/uploads\/2024\/02\/logo-SIOV.png","width":431,"height":143,"caption":"\u0160IOV - \u0161t\u00e1tny in\u0161tit\u00fat odborn\u00e9ho vzdel\u00e1vania"},"image":{"@id":"https:\/\/archiv.siov.sk\/#\/schema\/logo\/image\/"},"sameAs":["https:\/\/www.facebook.com\/Statnyinstitutodbornehovzdelavania"]},{"@type":"Person","@id":"https:\/\/archiv.siov.sk\/#\/schema\/person\/e42d633fbd958c6a726e8834d8965e6c","name":"Katar\u00edna Kov\u00e1\u010dov\u00e1","url":"https:\/\/archiv.siov.sk\/en\/author\/katkakovacova\/"}]}},"_links":{"self":[{"href":"https:\/\/archiv.siov.sk\/en\/wp-json\/wp\/v2\/posts\/6355","targetHints":{"allow":["GET"]}}],"collection":[{"href":"https:\/\/archiv.siov.sk\/en\/wp-json\/wp\/v2\/posts"}],"about":[{"href":"https:\/\/archiv.siov.sk\/en\/wp-json\/wp\/v2\/types\/post"}],"author":[{"embeddable":true,"href":"https:\/\/archiv.siov.sk\/en\/wp-json\/wp\/v2\/users\/6"}],"replies":[{"embeddable":true,"href":"https:\/\/archiv.siov.sk\/en\/wp-json\/wp\/v2\/comments?post=6355"}],"version-history":[{"count":2,"href":"https:\/\/archiv.siov.sk\/en\/wp-json\/wp\/v2\/posts\/6355\/revisions"}],"predecessor-version":[{"id":6357,"href":"https:\/\/archiv.siov.sk\/en\/wp-json\/wp\/v2\/posts\/6355\/revisions\/6357"}],"wp:featuredmedia":[{"embeddable":true,"href":"https:\/\/archiv.siov.sk\/en\/wp-json\/wp\/v2\/media\/2380"}],"wp:attachment":[{"href":"https:\/\/archiv.siov.sk\/en\/wp-json\/wp\/v2\/media?parent=6355"}],"wp:term":[{"taxonomy":"category","embeddable":true,"href":"https:\/\/archiv.siov.sk\/en\/wp-json\/wp\/v2\/categories?post=6355"},{"taxonomy":"post_tag","embeddable":true,"href":"https:\/\/archiv.siov.sk\/en\/wp-json\/wp\/v2\/tags?post=6355"}],"curies":[{"name":"wp","href":"https:\/\/api.w.org\/{rel}","templated":true}]}}