{"id":6352,"date":"2020-07-08T14:22:48","date_gmt":"2020-07-08T12:22:48","guid":{"rendered":"https:\/\/archiv.siov.sk\/?p=6352"},"modified":"2020-09-02T11:10:45","modified_gmt":"2020-09-02T09:10:45","slug":"zviditelnime-restartujme-inspirujme","status":"publish","type":"post","link":"https:\/\/archiv.siov.sk\/en\/zviditelnime-restartujme-inspirujme\/","title":{"rendered":"Zvidite\u013enime &#8211; re\u0161tartujme &#8211; in\u0161pirujme!"},"content":{"rendered":"<p><strong>Podporme lok\u00e1lne firmy a&nbsp;dajme im zelen\u00fa!<\/strong><\/p>\n<p>Aj tento rok m\u00e1te mo\u017enos\u0165 osl\u00e1vi\u0165 spolu so \u0160t\u00e1tnym in\u0161tit\u00fatom odborn\u00e9ho vzdel\u00e1vania (\u0160IOV) iniciat\u00edvu Eur\u00f3pskej komisie<strong> &#8211; Eur\u00f3psky t\u00fd\u017ede\u0148 odborn\u00fdch zru\u010dnost\u00ed<\/strong> <strong>2020<\/strong>!<\/p>\n<p><img fetchpriority=\"high\" decoding=\"async\" class=\"size-medium wp-image-6393 aligncenter\" src=\"https:\/\/archiv.siov.sk\/wp-content\/uploads\/2020\/07\/druha_foto_na_tyzden-300x259.png\" alt=\"\" width=\"300\" height=\"259\" srcset=\"https:\/\/archiv.siov.sk\/wp-content\/uploads\/2020\/07\/druha_foto_na_tyzden-300x259.png 300w, https:\/\/archiv.siov.sk\/wp-content\/uploads\/2020\/07\/druha_foto_na_tyzden-480x414.png 480w, https:\/\/archiv.siov.sk\/wp-content\/uploads\/2020\/07\/druha_foto_na_tyzden.png 752w\" sizes=\"(max-width: 300px) 100vw, 300px\" \/><\/p>\n<p>Objective <a href=\"https:\/\/ec.europa.eu\/social\/vocational-skills-week\/\">Eur\u00f3pskeho t\u00fd\u017ed\u0148a odborn\u00fdch zru\u010dnost\u00ed<\/a> je zv\u00fd\u0161i\u0165 atrakt\u00edvnos\u0165 odborn\u00e9ho vzdel\u00e1vania a pr\u00edpravy poskytuj\u00facich \u013eu\u010fom praktick\u00e9 zru\u010dnosti, ktor\u00e9 zlep\u0161uj\u00fa ich uplatnenie na trhu pr\u00e1ce a prispievaj\u00fa k vyv\u00e1\u017een\u00e9mu rozvoju spolo\u010dnosti vo v\u0161etk\u00fdch oblastiach. 1. j\u00fala 2020 prijala Eur\u00f3pska komisia <a href=\"https:\/\/ec.europa.eu\/social\/BlobServlet?docId=22832&amp;langId=en\">Eur\u00f3psky program v oblasti zru\u010dnost\u00ed pre udr\u017eate\u013en\u00fa konkurencieschopnos\u0165, soci\u00e1lnu spravodlivos\u0165 a&nbsp;odolnos\u0165 na roky 2021 &#8211; 2027<\/a>, ktor\u00e9ho z\u00e1klad tvor\u00ed zabezpe\u010denie dostatku financi\u00ed a&nbsp;pr\u00edle\u017eitost\u00ed pre rozvoj, obnovu a&nbsp;zvy\u0161ovanie zru\u010dnost\u00ed Eur\u00f3panov potrebn\u00fdch na trhu pr\u00e1ce.<\/p>\n<p>Do Eur\u00f3pskeho t\u00fd\u017ed\u0148a odborn\u00fdch zru\u010dnost\u00ed m\u00f4\u017ee ka\u017ed\u00e1 krajina a&nbsp;vzdel\u00e1vacia in\u0161tit\u00facia prispie\u0165 origin\u00e1lnymi aktivitami a zapoji\u0165 \u0161tudentov, u\u010dite\u013eov, firmy, in\u0161tit\u00facie, profesijn\u00e9 zv\u00e4zy a&nbsp;in\u0161tit\u00facie.<\/p>\n<p>Odbor eur\u00f3pskych polit\u00edk \u0160IOV pri tejto pr\u00edle\u017eitosti pripravil s\u00fa\u0165a\u017e <strong>ZVIDITE\u013dNIME &#8211; RE\u0160TARTUJME \u2013 IN\u0160PIRUJME!, <\/strong>ktor\u00e1 je zameran\u00e1 na \u017eivnostn\u00edkov, mal\u00e9 firmy a&nbsp;soci\u00e1lne podniky a&nbsp;tie\u017e \u0161tudentsk\u00e9\/cvi\u010dn\u00e9 firmy, ktor\u00e9 sa zameriavaj\u00fa na soci\u00e1lny rozmer podnikania a svojimi aktivitami prispievaj\u00fa k&nbsp;rozvoju komunity, mesta alebo regi\u00f3nu a z\u00e1rove\u0148&nbsp;vo&nbsp;svojom podnikan\u00ed dbaj\u00fa a aj o&nbsp;ochranu \u017eivotn\u00e9ho prostredia (napr. vo forme cirkul\u00e1rnej ekonomiky, recyklovania materi\u00e1lov, ich op\u00e4tovn\u00e9ho vyu\u017e\u00edvania, zodpovednej spotreby, ochrany ekosyst\u00e9mov, a&nbsp;pod.)<\/p>\n<p>Mal\u00e9, stredn\u00e9 \u010di mikro podniky plnia v\u00fdznamn\u00fa \u00falohu v na\u0161om ale i celoeur\u00f3pskom hospod\u00e1rstve, poskytuj\u00fa pracovn\u00e9 pr\u00edle\u017eitosti pre takmer 75 % akt\u00edvnej pracovnej sily a podie\u013eaj\u00fa sa na hrubej produkcii a tvorbe pridanej hodnoty viac ako 50 %.<br \/>\nOkrem toho zohr\u00e1vaj\u00fa aj v\u00fdznamn\u00fa \u00falohu v&nbsp;r\u00e1mci miestnej komunity, podporuj\u00fa rozvoj regi\u00f3nu a&nbsp;v&nbsp;s\u00fa\u010dasnom obdob\u00ed \u010delia r\u00f4znym probl\u00e9mom v&nbsp;d\u00f4sledku kr\u00edzy.<\/p>\n<p><em>\u201eCel\u00fd svet, vr\u00e1tane Eur\u00f3py,&nbsp; \u010del\u00ed v\u00fdzvam v oblasti \u017eivotn\u00e9ho prostredia v&nbsp;d\u00f4sledku zmien kl\u00edmy. Eur\u00f3pskou odpove\u010fou na tieto v\u00fdzvy je zelen\u00e1 dohoda \u2013 rastov\u00e1 strat\u00e9gia, ktor\u00e1 je z\u00e1rove\u0148 \u0161etrn\u00e1 k&nbsp;na\u0161ej plan\u00e9te. S\u00fa\u0165a\u017e&nbsp;\u201cZVIDITE\u013dNIME-RE\u0160TARTUJME-IN\u0160PIRUJME!\u201d je skvel\u00fdm pr\u00edkladom toho ako prispie\u0165 k udr\u017eate\u013en\u00e9mu rastu na miestnej \u00farovni, preto\u017ee d\u00e1va mal\u00fdm a stredn\u00fdm podnikom pr\u00edle\u017eitos\u0165 uk\u00e1za\u0165, ako vedia v praxi spoji\u0165 rozvoj komunity a z\u00e1rove\u0148 chr\u00e1ni\u0165 \u017eivotn\u00e9 prostredie. N\u00e1s ve\u013emi te\u0161\u00ed, \u017ee v kone\u010dnom d\u00f4sledku budeme v\u00ed\u0165azmi tejto s\u00fa\u0165a\u017ee v\u0161etci \u2013 \u017eij\u00faci na zdravej plan\u00e9te.\u201c<\/em> <strong>Ingrid Ludv\u00edkov\u00e1, hovorky\u0148a Zast\u00fapenia Eur\u00f3pkej komis<\/strong><strong>ie na Slovensku.<\/strong><\/p>\n<p><img decoding=\"async\" class=\"size-medium wp-image-6394 aligncenter\" src=\"https:\/\/archiv.siov.sk\/wp-content\/uploads\/2020\/07\/logo_partner-300x289.png\" alt=\"\" width=\"300\" height=\"289\" srcset=\"https:\/\/archiv.siov.sk\/wp-content\/uploads\/2020\/07\/logo_partner-300x289.png 300w, https:\/\/archiv.siov.sk\/wp-content\/uploads\/2020\/07\/logo_partner-480x463.png 480w, https:\/\/archiv.siov.sk\/wp-content\/uploads\/2020\/07\/logo_partner.png 483w\" sizes=\"(max-width: 300px) 100vw, 300px\" \/><\/p>\n<p>&nbsp;<\/p>\n<p>Eur\u00f3psky t\u00fd\u017ede\u0148 odborn\u00fdch zru\u010dnost\u00ed vyvrchol\u00ed 9. \u2013 13. novembra 2020 a ceny v\u00fdhercom s\u00fa\u0165a\u017ee odovzd\u00e1 minister \u0161kolstva po\u010das sl\u00e1vnostn\u00e9ho podujatia pri pr\u00edle\u017eitosti odovzdania ceny Ministerstva \u0161kolstva, vedy, v\u00fdskumu a&nbsp;\u0161portu SR za rozvoj celo\u017eivotn\u00e9ho vzdel\u00e1vania v&nbsp;SR, ktor\u00e9 sa bude kona\u0165 na z\u00e1ver <strong>Eur\u00f3pskeho t\u00fd\u017ed\u0148a odborn\u00fdch zru\u010dnost\u00ed d\u0148a <\/strong><strong>13. 11. 2020 <\/strong>v&nbsp;Bratislave. S\u00fa\u0165a\u017e <strong>&nbsp;<\/strong><strong>ZVIDITE\u013dNIME &#8211; RE\u0160TARTUJME \u2013 IN\u0160PIRUJME! <\/strong>trv\u00e1 od 8. j\u00fala do 30. septembra 2020.<\/p>\n<p><strong><em>\u201e<\/em><\/strong><em>Na\u0161ou s\u00fa\u0165a\u017eou sa sna\u017e\u00edme podpori\u0165 rozvoj podnikate\u013eskej zru\u010dnosti ako jednej z&nbsp;k\u013e\u00fa\u010dov\u00fdch &nbsp;kompetenci\u00ed pre celo\u017eivotn\u00e9 vzdel\u00e1vanie, ktor\u00e1 je zalo\u017een\u00e1 na kreativite, kritickom myslen\u00ed, iniciat\u00edvnost\u00ed, rie\u0161en\u00ed probl\u00e9mov a vytrvalosti. Soci\u00e1lny a&nbsp;ekologick\u00fd rozmer predstavuj\u00fa piliere udr\u017eate\u013enosti a potreby, ktor\u00e9 si vy\u017eaduj\u00fa s\u00fa\u010dasn\u00e9 zmeny v&nbsp;spolo\u010dnosti i&nbsp;na trhu pr\u00e1ce. &nbsp;<\/em><\/p>\n<p><strong>Mgr. \u013dubica G\u00e1llov\u00e1<\/strong>, ved\u00faca odboru eur\u00f3pskych polit\u00edk, \u0160t\u00e1tny in\u0161tit\u00fat odborn\u00e9ho vzdel\u00e1vania&nbsp; &nbsp; &nbsp; &nbsp; &nbsp; &nbsp; &nbsp; &nbsp; &nbsp; &nbsp; &nbsp; &nbsp; &nbsp; &nbsp; &nbsp; &nbsp; &nbsp; &nbsp;<\/p>\n<p>&nbsp;<\/p>\n<p><strong>Inform\u00e1cie o&nbsp;s\u00fa\u0165a\u017ei n\u00e1jdete na: <\/strong><a href=\"https:\/\/www.tyzdenzrucnosti.eu\/\">https:\/\/www.tyzdenzrucnosti.eu\/<\/a>\u200b<\/p>\n<p>&nbsp;<\/p>\n<p>Kontakt:<\/p>\n<p>Mgr. Alena \u0160tef\u00e1nikov\u00e1<\/p>\n<p>Odbor eur\u00f3pskych polit\u00edk<\/p>\n<p>State Vocational Education Institute<\/p>\n<p>&nbsp;<\/p>\n<p>Tel.: 0910 925 082<\/p>\n<p>E-mail: <a href=\"mailto:alena.stefanikova@siov.sk\">alena.stefanikova@siov.sk<\/a><\/p>\n<p><a href=\"http:\/\/www.siov.sk\">www.siov.sk<\/a><\/p>\n<p>Realizovan\u00e9 s&nbsp;finan\u010dnou podporou Eur\u00f3pskej \u00fanie.<\/p>\n<p>Partneri s\u00fa\u0165a\u017ee: Zast\u00fapenie Eur\u00f3pskej komisie na Slovensku, Green Foundation, Slovensk\u00e1 sporite\u013e\u0148a, Rozbehnisa, Junior Achievement<\/p>\n<p>Medi\u00e1lny partner: Startitup<\/p>\n<p>&nbsp;<\/p>","protected":false},"excerpt":{"rendered":"<p>Podporme lok\u00e1lne firmy a&nbsp;dajme im zelen\u00fa! Aj tento rok m\u00e1te mo\u017enos\u0165 osl\u00e1vi\u0165 spolu so \u0160t\u00e1tnym in\u0161tit\u00fatom odborn\u00e9ho vzdel\u00e1vania (\u0160IOV) iniciat\u00edvu Eur\u00f3pskej komisie &#8211; Eur\u00f3psky t\u00fd\u017ede\u0148 odborn\u00fdch zru\u010dnost\u00ed 2020! Cie\u013eom Eur\u00f3pskeho t\u00fd\u017ed\u0148a odborn\u00fdch zru\u010dnost\u00ed je zv\u00fd\u0161i\u0165 atrakt\u00edvnos\u0165 odborn\u00e9ho vzdel\u00e1vania a pr\u00edpravy poskytuj\u00facich \u013eu\u010fom praktick\u00e9 zru\u010dnosti, ktor\u00e9 zlep\u0161uj\u00fa ich uplatnenie na trhu pr\u00e1ce a prispievaj\u00fa k vyv\u00e1\u017een\u00e9mu [&hellip;]<\/p>\n","protected":false},"author":6,"featured_media":6353,"comment_status":"closed","ping_status":"closed","sticky":false,"template":"","format":"standard","meta":{"site-sidebar-layout":"default","site-content-layout":"","ast-site-content-layout":"default","site-content-style":"default","site-sidebar-style":"default","ast-global-header-display":"","ast-banner-title-visibility":"","ast-main-header-display":"","ast-hfb-above-header-display":"","ast-hfb-below-header-display":"","ast-hfb-mobile-header-display":"","site-post-title":"","ast-breadcrumbs-content":"","ast-featured-img":"","footer-sml-layout":"","ast-disable-related-posts":"","theme-transparent-header-meta":"","adv-header-id-meta":"","stick-header-meta":"","header-above-stick-meta":"","header-main-stick-meta":"","header-below-stick-meta":"","astra-migrate-meta-layouts":"default","ast-page-background-enabled":"default","ast-page-background-meta":{"desktop":{"background-color":"var(--ast-global-color-4)","background-image":"","background-repeat":"repeat","background-position":"center center","background-size":"auto","background-attachment":"scroll","background-type":"","background-media":"","overlay-type":"","overlay-color":"","overlay-opacity":"","overlay-gradient":""},"tablet":{"background-color":"","background-image":"","background-repeat":"repeat","background-position":"center center","background-size":"auto","background-attachment":"scroll","background-type":"","background-media":"","overlay-type":"","overlay-color":"","overlay-opacity":"","overlay-gradient":""},"mobile":{"background-color":"","background-image":"","background-repeat":"repeat","background-position":"center center","background-size":"auto","background-attachment":"scroll","background-type":"","background-media":"","overlay-type":"","overlay-color":"","overlay-opacity":"","overlay-gradient":""}},"ast-content-background-meta":{"desktop":{"background-color":"var(--ast-global-color-5)","background-image":"","background-repeat":"repeat","background-position":"center center","background-size":"auto","background-attachment":"scroll","background-type":"","background-media":"","overlay-type":"","overlay-color":"","overlay-opacity":"","overlay-gradient":""},"tablet":{"background-color":"var(--ast-global-color-5)","background-image":"","background-repeat":"repeat","background-position":"center center","background-size":"auto","background-attachment":"scroll","background-type":"","background-media":"","overlay-type":"","overlay-color":"","overlay-opacity":"","overlay-gradient":""},"mobile":{"background-color":"var(--ast-global-color-5)","background-image":"","background-repeat":"repeat","background-position":"center center","background-size":"auto","background-attachment":"scroll","background-type":"","background-media":"","overlay-type":"","overlay-color":"","overlay-opacity":"","overlay-gradient":""}},"footnotes":""},"categories":[1,9],"tags":[],"class_list":["post-6352","post","type-post","status-publish","format-standard","has-post-thumbnail","hentry","category-aktuality","category-aktuality-v-case-koronavirusu"],"yoast_head":"<!-- This site is optimized with the Yoast SEO plugin v27.5 - https:\/\/yoast.com\/product\/yoast-seo-wordpress\/ -->\n<title>Zvidite\u013enime - re\u0161tartujme - in\u0161pirujme! - \u0160IOV - \u0161t\u00e1tny in\u0161tit\u00fat odborn\u00e9ho vzdel\u00e1vania<\/title>\n<meta name=\"robots\" content=\"index, follow, max-snippet:-1, max-image-preview:large, max-video-preview:-1\" \/>\n<link rel=\"canonical\" href=\"https:\/\/archiv.siov.sk\/en\/zviditelnime-restartujme-inspirujme\/\" \/>\n<meta property=\"og:locale\" content=\"en_GB\" \/>\n<meta property=\"og:type\" content=\"article\" \/>\n<meta property=\"og:title\" content=\"Zvidite\u013enime - re\u0161tartujme - in\u0161pirujme! - \u0160IOV - \u0161t\u00e1tny in\u0161tit\u00fat odborn\u00e9ho vzdel\u00e1vania\" \/>\n<meta property=\"og:description\" content=\"Podporme lok\u00e1lne firmy a&nbsp;dajme im zelen\u00fa! Aj tento rok m\u00e1te mo\u017enos\u0165 osl\u00e1vi\u0165 spolu so \u0160t\u00e1tnym in\u0161tit\u00fatom odborn\u00e9ho vzdel\u00e1vania (\u0160IOV) iniciat\u00edvu Eur\u00f3pskej komisie &#8211; Eur\u00f3psky t\u00fd\u017ede\u0148 odborn\u00fdch zru\u010dnost\u00ed 2020! Cie\u013eom Eur\u00f3pskeho t\u00fd\u017ed\u0148a odborn\u00fdch zru\u010dnost\u00ed je zv\u00fd\u0161i\u0165 atrakt\u00edvnos\u0165 odborn\u00e9ho vzdel\u00e1vania a pr\u00edpravy poskytuj\u00facich \u013eu\u010fom praktick\u00e9 zru\u010dnosti, ktor\u00e9 zlep\u0161uj\u00fa ich uplatnenie na trhu pr\u00e1ce a prispievaj\u00fa k vyv\u00e1\u017een\u00e9mu [&hellip;]\" \/>\n<meta property=\"og:url\" content=\"https:\/\/archiv.siov.sk\/en\/zviditelnime-restartujme-inspirujme\/\" \/>\n<meta property=\"og:site_name\" content=\"\u0160IOV - \u0161t\u00e1tny in\u0161tit\u00fat odborn\u00e9ho vzdel\u00e1vania\" \/>\n<meta property=\"article:publisher\" content=\"https:\/\/www.facebook.com\/Statnyinstitutodbornehovzdelavania\" \/>\n<meta property=\"article:published_time\" content=\"2020-07-08T12:22:48+00:00\" \/>\n<meta property=\"article:modified_time\" content=\"2020-09-02T09:10:45+00:00\" \/>\n<meta property=\"og:image\" content=\"https:\/\/archiv.siov.sk\/wp-content\/uploads\/2020\/07\/eu.jpg\" \/>\n\t<meta property=\"og:image:width\" content=\"114\" \/>\n\t<meta property=\"og:image:height\" content=\"76\" \/>\n\t<meta property=\"og:image:type\" content=\"image\/jpeg\" \/>\n<meta name=\"author\" content=\"Katar\u00edna Kov\u00e1\u010dov\u00e1\" \/>\n<meta name=\"twitter:card\" content=\"summary_large_image\" \/>\n<meta name=\"twitter:label1\" content=\"Written by\" \/>\n\t<meta name=\"twitter:data1\" content=\"Katar\u00edna Kov\u00e1\u010dov\u00e1\" \/>\n\t<meta name=\"twitter:label2\" content=\"Estimated reading time\" \/>\n\t<meta name=\"twitter:data2\" content=\"4 minutes\" \/>\n<script type=\"application\/ld+json\" class=\"yoast-schema-graph\">{\"@context\":\"https:\\\/\\\/schema.org\",\"@graph\":[{\"@type\":\"Article\",\"@id\":\"https:\\\/\\\/archiv.siov.sk\\\/zviditelnime-restartujme-inspirujme\\\/#article\",\"isPartOf\":{\"@id\":\"https:\\\/\\\/archiv.siov.sk\\\/zviditelnime-restartujme-inspirujme\\\/\"},\"author\":{\"name\":\"Katar\u00edna Kov\u00e1\u010dov\u00e1\",\"@id\":\"https:\\\/\\\/archiv.siov.sk\\\/#\\\/schema\\\/person\\\/e42d633fbd958c6a726e8834d8965e6c\"},\"headline\":\"Zvidite\u013enime &#8211; re\u0161tartujme &#8211; in\u0161pirujme!\",\"datePublished\":\"2020-07-08T12:22:48+00:00\",\"dateModified\":\"2020-09-02T09:10:45+00:00\",\"mainEntityOfPage\":{\"@id\":\"https:\\\/\\\/archiv.siov.sk\\\/zviditelnime-restartujme-inspirujme\\\/\"},\"wordCount\":805,\"publisher\":{\"@id\":\"https:\\\/\\\/archiv.siov.sk\\\/#organization\"},\"image\":{\"@id\":\"https:\\\/\\\/archiv.siov.sk\\\/zviditelnime-restartujme-inspirujme\\\/#primaryimage\"},\"thumbnailUrl\":\"https:\\\/\\\/archiv.siov.sk\\\/wp-content\\\/uploads\\\/2020\\\/07\\\/eu.jpg\",\"articleSection\":[\"Aktuality\",\"Aktuality v \u010dase koronav\u00edrusu\"],\"inLanguage\":\"en-GB\"},{\"@type\":\"WebPage\",\"@id\":\"https:\\\/\\\/archiv.siov.sk\\\/zviditelnime-restartujme-inspirujme\\\/\",\"url\":\"https:\\\/\\\/archiv.siov.sk\\\/zviditelnime-restartujme-inspirujme\\\/\",\"name\":\"Zvidite\u013enime - re\u0161tartujme - in\u0161pirujme! - \u0160IOV - \u0161t\u00e1tny in\u0161tit\u00fat odborn\u00e9ho vzdel\u00e1vania\",\"isPartOf\":{\"@id\":\"https:\\\/\\\/archiv.siov.sk\\\/#website\"},\"primaryImageOfPage\":{\"@id\":\"https:\\\/\\\/archiv.siov.sk\\\/zviditelnime-restartujme-inspirujme\\\/#primaryimage\"},\"image\":{\"@id\":\"https:\\\/\\\/archiv.siov.sk\\\/zviditelnime-restartujme-inspirujme\\\/#primaryimage\"},\"thumbnailUrl\":\"https:\\\/\\\/archiv.siov.sk\\\/wp-content\\\/uploads\\\/2020\\\/07\\\/eu.jpg\",\"datePublished\":\"2020-07-08T12:22:48+00:00\",\"dateModified\":\"2020-09-02T09:10:45+00:00\",\"breadcrumb\":{\"@id\":\"https:\\\/\\\/archiv.siov.sk\\\/zviditelnime-restartujme-inspirujme\\\/#breadcrumb\"},\"inLanguage\":\"en-GB\",\"potentialAction\":[{\"@type\":\"ReadAction\",\"target\":[\"https:\\\/\\\/archiv.siov.sk\\\/zviditelnime-restartujme-inspirujme\\\/\"]}]},{\"@type\":\"ImageObject\",\"inLanguage\":\"en-GB\",\"@id\":\"https:\\\/\\\/archiv.siov.sk\\\/zviditelnime-restartujme-inspirujme\\\/#primaryimage\",\"url\":\"https:\\\/\\\/archiv.siov.sk\\\/wp-content\\\/uploads\\\/2020\\\/07\\\/eu.jpg\",\"contentUrl\":\"https:\\\/\\\/archiv.siov.sk\\\/wp-content\\\/uploads\\\/2020\\\/07\\\/eu.jpg\",\"width\":114,\"height\":76},{\"@type\":\"BreadcrumbList\",\"@id\":\"https:\\\/\\\/archiv.siov.sk\\\/zviditelnime-restartujme-inspirujme\\\/#breadcrumb\",\"itemListElement\":[{\"@type\":\"ListItem\",\"position\":1,\"name\":\"Home\",\"item\":\"https:\\\/\\\/archiv.siov.sk\\\/\"},{\"@type\":\"ListItem\",\"position\":2,\"name\":\"Zvidite\u013enime &#8211; re\u0161tartujme &#8211; in\u0161pirujme!\"}]},{\"@type\":\"WebSite\",\"@id\":\"https:\\\/\\\/archiv.siov.sk\\\/#website\",\"url\":\"https:\\\/\\\/archiv.siov.sk\\\/\",\"name\":\"\u0160IOV - \u0161t\u00e1tny in\u0161tit\u00fat odborn\u00e9ho vzdel\u00e1vania\",\"description\":\"\",\"publisher\":{\"@id\":\"https:\\\/\\\/archiv.siov.sk\\\/#organization\"},\"potentialAction\":[{\"@type\":\"SearchAction\",\"target\":{\"@type\":\"EntryPoint\",\"urlTemplate\":\"https:\\\/\\\/archiv.siov.sk\\\/?s={search_term_string}\"},\"query-input\":{\"@type\":\"PropertyValueSpecification\",\"valueRequired\":true,\"valueName\":\"search_term_string\"}}],\"inLanguage\":\"en-GB\"},{\"@type\":\"Organization\",\"@id\":\"https:\\\/\\\/archiv.siov.sk\\\/#organization\",\"name\":\"\u0160IOV - \u0161t\u00e1tny in\u0161tit\u00fat odborn\u00e9ho vzdel\u00e1vania\",\"url\":\"https:\\\/\\\/archiv.siov.sk\\\/\",\"logo\":{\"@type\":\"ImageObject\",\"inLanguage\":\"en-GB\",\"@id\":\"https:\\\/\\\/archiv.siov.sk\\\/#\\\/schema\\\/logo\\\/image\\\/\",\"url\":\"https:\\\/\\\/archiv.siov.sk\\\/wp-content\\\/uploads\\\/2024\\\/02\\\/logo-SIOV.png\",\"contentUrl\":\"https:\\\/\\\/archiv.siov.sk\\\/wp-content\\\/uploads\\\/2024\\\/02\\\/logo-SIOV.png\",\"width\":431,\"height\":143,\"caption\":\"\u0160IOV - \u0161t\u00e1tny in\u0161tit\u00fat odborn\u00e9ho vzdel\u00e1vania\"},\"image\":{\"@id\":\"https:\\\/\\\/archiv.siov.sk\\\/#\\\/schema\\\/logo\\\/image\\\/\"},\"sameAs\":[\"https:\\\/\\\/www.facebook.com\\\/Statnyinstitutodbornehovzdelavania\"]},{\"@type\":\"Person\",\"@id\":\"https:\\\/\\\/archiv.siov.sk\\\/#\\\/schema\\\/person\\\/e42d633fbd958c6a726e8834d8965e6c\",\"name\":\"Katar\u00edna Kov\u00e1\u010dov\u00e1\",\"url\":\"https:\\\/\\\/archiv.siov.sk\\\/en\\\/author\\\/katkakovacova\\\/\"}]}<\/script>\n<!-- \/ Yoast SEO plugin. -->","yoast_head_json":{"title":"Zvidite\u013enime - re\u0161tartujme - in\u0161pirujme! - \u0160IOV - \u0161t\u00e1tny in\u0161tit\u00fat odborn\u00e9ho vzdel\u00e1vania","robots":{"index":"index","follow":"follow","max-snippet":"max-snippet:-1","max-image-preview":"max-image-preview:large","max-video-preview":"max-video-preview:-1"},"canonical":"https:\/\/archiv.siov.sk\/en\/zviditelnime-restartujme-inspirujme\/","og_locale":"en_GB","og_type":"article","og_title":"Zvidite\u013enime - re\u0161tartujme - in\u0161pirujme! - \u0160IOV - \u0161t\u00e1tny in\u0161tit\u00fat odborn\u00e9ho vzdel\u00e1vania","og_description":"Podporme lok\u00e1lne firmy a&nbsp;dajme im zelen\u00fa! Aj tento rok m\u00e1te mo\u017enos\u0165 osl\u00e1vi\u0165 spolu so \u0160t\u00e1tnym in\u0161tit\u00fatom odborn\u00e9ho vzdel\u00e1vania (\u0160IOV) iniciat\u00edvu Eur\u00f3pskej komisie &#8211; Eur\u00f3psky t\u00fd\u017ede\u0148 odborn\u00fdch zru\u010dnost\u00ed 2020! Cie\u013eom Eur\u00f3pskeho t\u00fd\u017ed\u0148a odborn\u00fdch zru\u010dnost\u00ed je zv\u00fd\u0161i\u0165 atrakt\u00edvnos\u0165 odborn\u00e9ho vzdel\u00e1vania a pr\u00edpravy poskytuj\u00facich \u013eu\u010fom praktick\u00e9 zru\u010dnosti, ktor\u00e9 zlep\u0161uj\u00fa ich uplatnenie na trhu pr\u00e1ce a prispievaj\u00fa k vyv\u00e1\u017een\u00e9mu [&hellip;]","og_url":"https:\/\/archiv.siov.sk\/en\/zviditelnime-restartujme-inspirujme\/","og_site_name":"\u0160IOV - \u0161t\u00e1tny in\u0161tit\u00fat odborn\u00e9ho vzdel\u00e1vania","article_publisher":"https:\/\/www.facebook.com\/Statnyinstitutodbornehovzdelavania","article_published_time":"2020-07-08T12:22:48+00:00","article_modified_time":"2020-09-02T09:10:45+00:00","og_image":[{"width":114,"height":76,"url":"https:\/\/archiv.siov.sk\/wp-content\/uploads\/2020\/07\/eu.jpg","type":"image\/jpeg"}],"author":"Katar\u00edna Kov\u00e1\u010dov\u00e1","twitter_card":"summary_large_image","twitter_misc":{"Written by":"Katar\u00edna Kov\u00e1\u010dov\u00e1","Estimated reading time":"4 minutes"},"schema":{"@context":"https:\/\/schema.org","@graph":[{"@type":"Article","@id":"https:\/\/archiv.siov.sk\/zviditelnime-restartujme-inspirujme\/#article","isPartOf":{"@id":"https:\/\/archiv.siov.sk\/zviditelnime-restartujme-inspirujme\/"},"author":{"name":"Katar\u00edna Kov\u00e1\u010dov\u00e1","@id":"https:\/\/archiv.siov.sk\/#\/schema\/person\/e42d633fbd958c6a726e8834d8965e6c"},"headline":"Zvidite\u013enime &#8211; re\u0161tartujme &#8211; in\u0161pirujme!","datePublished":"2020-07-08T12:22:48+00:00","dateModified":"2020-09-02T09:10:45+00:00","mainEntityOfPage":{"@id":"https:\/\/archiv.siov.sk\/zviditelnime-restartujme-inspirujme\/"},"wordCount":805,"publisher":{"@id":"https:\/\/archiv.siov.sk\/#organization"},"image":{"@id":"https:\/\/archiv.siov.sk\/zviditelnime-restartujme-inspirujme\/#primaryimage"},"thumbnailUrl":"https:\/\/archiv.siov.sk\/wp-content\/uploads\/2020\/07\/eu.jpg","articleSection":["Aktuality","Aktuality v \u010dase koronav\u00edrusu"],"inLanguage":"en-GB"},{"@type":"WebPage","@id":"https:\/\/archiv.siov.sk\/zviditelnime-restartujme-inspirujme\/","url":"https:\/\/archiv.siov.sk\/zviditelnime-restartujme-inspirujme\/","name":"Zvidite\u013enime - re\u0161tartujme - in\u0161pirujme! - \u0160IOV - \u0161t\u00e1tny in\u0161tit\u00fat odborn\u00e9ho vzdel\u00e1vania","isPartOf":{"@id":"https:\/\/archiv.siov.sk\/#website"},"primaryImageOfPage":{"@id":"https:\/\/archiv.siov.sk\/zviditelnime-restartujme-inspirujme\/#primaryimage"},"image":{"@id":"https:\/\/archiv.siov.sk\/zviditelnime-restartujme-inspirujme\/#primaryimage"},"thumbnailUrl":"https:\/\/archiv.siov.sk\/wp-content\/uploads\/2020\/07\/eu.jpg","datePublished":"2020-07-08T12:22:48+00:00","dateModified":"2020-09-02T09:10:45+00:00","breadcrumb":{"@id":"https:\/\/archiv.siov.sk\/zviditelnime-restartujme-inspirujme\/#breadcrumb"},"inLanguage":"en-GB","potentialAction":[{"@type":"ReadAction","target":["https:\/\/archiv.siov.sk\/zviditelnime-restartujme-inspirujme\/"]}]},{"@type":"ImageObject","inLanguage":"en-GB","@id":"https:\/\/archiv.siov.sk\/zviditelnime-restartujme-inspirujme\/#primaryimage","url":"https:\/\/archiv.siov.sk\/wp-content\/uploads\/2020\/07\/eu.jpg","contentUrl":"https:\/\/archiv.siov.sk\/wp-content\/uploads\/2020\/07\/eu.jpg","width":114,"height":76},{"@type":"BreadcrumbList","@id":"https:\/\/archiv.siov.sk\/zviditelnime-restartujme-inspirujme\/#breadcrumb","itemListElement":[{"@type":"ListItem","position":1,"name":"Home","item":"https:\/\/archiv.siov.sk\/"},{"@type":"ListItem","position":2,"name":"Zvidite\u013enime &#8211; re\u0161tartujme &#8211; in\u0161pirujme!"}]},{"@type":"WebSite","@id":"https:\/\/archiv.siov.sk\/#website","url":"https:\/\/archiv.siov.sk\/","name":"\u0160IOV - \u0161t\u00e1tny in\u0161tit\u00fat odborn\u00e9ho vzdel\u00e1vania","description":"","publisher":{"@id":"https:\/\/archiv.siov.sk\/#organization"},"potentialAction":[{"@type":"SearchAction","target":{"@type":"EntryPoint","urlTemplate":"https:\/\/archiv.siov.sk\/?s={search_term_string}"},"query-input":{"@type":"PropertyValueSpecification","valueRequired":true,"valueName":"search_term_string"}}],"inLanguage":"en-GB"},{"@type":"Organization","@id":"https:\/\/archiv.siov.sk\/#organization","name":"\u0160IOV - \u0161t\u00e1tny in\u0161tit\u00fat odborn\u00e9ho vzdel\u00e1vania","url":"https:\/\/archiv.siov.sk\/","logo":{"@type":"ImageObject","inLanguage":"en-GB","@id":"https:\/\/archiv.siov.sk\/#\/schema\/logo\/image\/","url":"https:\/\/archiv.siov.sk\/wp-content\/uploads\/2024\/02\/logo-SIOV.png","contentUrl":"https:\/\/archiv.siov.sk\/wp-content\/uploads\/2024\/02\/logo-SIOV.png","width":431,"height":143,"caption":"\u0160IOV - \u0161t\u00e1tny in\u0161tit\u00fat odborn\u00e9ho vzdel\u00e1vania"},"image":{"@id":"https:\/\/archiv.siov.sk\/#\/schema\/logo\/image\/"},"sameAs":["https:\/\/www.facebook.com\/Statnyinstitutodbornehovzdelavania"]},{"@type":"Person","@id":"https:\/\/archiv.siov.sk\/#\/schema\/person\/e42d633fbd958c6a726e8834d8965e6c","name":"Katar\u00edna Kov\u00e1\u010dov\u00e1","url":"https:\/\/archiv.siov.sk\/en\/author\/katkakovacova\/"}]}},"_links":{"self":[{"href":"https:\/\/archiv.siov.sk\/en\/wp-json\/wp\/v2\/posts\/6352","targetHints":{"allow":["GET"]}}],"collection":[{"href":"https:\/\/archiv.siov.sk\/en\/wp-json\/wp\/v2\/posts"}],"about":[{"href":"https:\/\/archiv.siov.sk\/en\/wp-json\/wp\/v2\/types\/post"}],"author":[{"embeddable":true,"href":"https:\/\/archiv.siov.sk\/en\/wp-json\/wp\/v2\/users\/6"}],"replies":[{"embeddable":true,"href":"https:\/\/archiv.siov.sk\/en\/wp-json\/wp\/v2\/comments?post=6352"}],"version-history":[{"count":4,"href":"https:\/\/archiv.siov.sk\/en\/wp-json\/wp\/v2\/posts\/6352\/revisions"}],"predecessor-version":[{"id":6396,"href":"https:\/\/archiv.siov.sk\/en\/wp-json\/wp\/v2\/posts\/6352\/revisions\/6396"}],"wp:featuredmedia":[{"embeddable":true,"href":"https:\/\/archiv.siov.sk\/en\/wp-json\/wp\/v2\/media\/6353"}],"wp:attachment":[{"href":"https:\/\/archiv.siov.sk\/en\/wp-json\/wp\/v2\/media?parent=6352"}],"wp:term":[{"taxonomy":"category","embeddable":true,"href":"https:\/\/archiv.siov.sk\/en\/wp-json\/wp\/v2\/categories?post=6352"},{"taxonomy":"post_tag","embeddable":true,"href":"https:\/\/archiv.siov.sk\/en\/wp-json\/wp\/v2\/tags?post=6352"}],"curies":[{"name":"wp","href":"https:\/\/api.w.org\/{rel}","templated":true}]}}