{"id":6304,"date":"2020-06-16T13:40:19","date_gmt":"2020-06-16T11:40:19","guid":{"rendered":"https:\/\/archiv.siov.sk\/?p=6304"},"modified":"2020-06-16T13:40:26","modified_gmt":"2020-06-16T11:40:26","slug":"mub-line-veltrh-praha-ocarili-slovenske-cvicne-firmy","status":"publish","type":"post","link":"https:\/\/archiv.siov.sk\/en\/mub-line-veltrh-praha-ocarili-slovenske-cvicne-firmy\/","title":{"rendered":"MUB-LINE ve\u013etrh PRAHA o\u010darili slovensk\u00e9 cvi\u010dn\u00e9 firmy"},"content":{"rendered":"<p style=\"text-align: justify;\">V dne\u0161n\u00fdch d\u0148och, e\u0161te st\u00e1le s\u010dasti ochromen\u00fdch pand\u00e9miou COVID 19, sa v Metropolitnej univerzite Praha, o.p.s., rozhodli uskuto\u010dni\u0165 online ve\u013etrh pod n\u00e1zvom MUB-LINE 2020. Uskuto\u010dnil sa d\u0148a 11. j\u00fana 2020 pod veden\u00edm Ing. Radeka Maxa, Ph.D., ktor\u00fd je koordin\u00e1torom a garantom Metropolitnej univerzitnej banky a.s., (fikt\u00edvna firma) so s\u00eddlom na katedre medzin\u00e1rodn\u00e9ho obchodu, Metropolitnej univerzity Praha, o.p.s<\/p>\n<p style=\"text-align: justify;\">Ve\u013etrhu MUB-LINE sa za Slovensk\u00e9 centrum cvi\u010dn\u00fdch firiem z\u00fa\u010dastnila ako \u010dlenka&nbsp; hodnotiacej komisie pre s\u00fa\u0165a\u017e o&nbsp;najlep\u0161iu cvi\u010dn\u00fa firmu v elektronick\u00fdch prezent\u00e1ci\u00e1ch Mgr. Marta Maru\u0161incov\u00e1. Hodnotiacu komisiu tvorili e\u0161te dvaja \u010dlenovia &#8211; Ivan Benca, ved\u00faci t\u00edmu junior konzultantov Metropolitnej univerzitnej banky Praha a Ing. Radek Maxa, Ph.D, katedra medzin\u00e1rodn\u00e9ho obchodu MUP Praha.<\/p>\n<p>S\u00fa\u0165a\u017eilo sa v&nbsp;dvoch s\u00fa\u0165a\u017en\u00fdch kateg\u00f3ri\u00e1ch. Hlavn\u00e1 s\u00fa\u0165a\u017e bola o&nbsp;najlep\u0161iu elektronick\u00fa prezent\u00e1ciu, ktor\u00fa \u017eiaci prezentovali online na\u017eivo a&nbsp;s\u00fa\u0165a\u017e o&nbsp;najlep\u0161\u00ed elektronick\u00fd let\u00e1k.<\/p>\n<p style=\"text-align: justify;\">V hlavnej s\u00fa\u0165a\u017ei bolo prihl\u00e1sen\u00fdch 9 cvi\u010dn\u00fdch firiem (CF), z&nbsp;toho jedna zo Slovenska \u2013 CF BIKEFAMILY, s.r.o., z&nbsp;Hotelovej akad\u00e9mie Liptovsk\u00fd Mikul\u00e1\u0161, pod veden\u00edm Ing. Anny Kiape\u0161ovej. T\u00e1to cvi\u010dn\u00e1 firma, s&nbsp;obrovsk\u00fdmi sk\u00fasenos\u0165ami, si s&nbsp;preh\u013eadom a&nbsp;profesionalitou z\u00edskala porotu a&nbsp;stali sa celkov\u00fdm v\u00ed\u0165azom MUB-LINE ve\u013etrhu cvi\u010dn\u00fdch firiem 2020.<\/p>\n<p style=\"text-align: justify;\">Do s\u00fa\u0165a\u017ee o&nbsp;najlep\u0161\u00ed elektronick\u00fd let\u00e1k sa prihl\u00e1silo 10 CF, z&nbsp;toho dve CF boli zo Slovenska. U\u017e spom\u00ednan\u00e1 CF BIKEFAMILY, s.r.o. &nbsp;z\u00edskala v&nbsp;tejto s\u00fa\u0165a\u017ei kr\u00e1sne druh\u00e9 miesto a CF COSYLIVING, s.r.o. z&nbsp;Obchodnej akad\u00e9mie Sere\u010f z\u00edskala 4 miesto.<\/p>\n<p style=\"text-align: justify;\">Pilotn\u00fd MUB-LINE ve\u013etrh, ktor\u00fd prebiehal pod veden\u00edm Ing. Radeka Maxa, Ph.D., bol ve\u013emi pozit\u00edvny a&nbsp;profesion\u00e1lne zvl\u00e1dnut\u00fd. U\u017e prvotn\u00e9 inform\u00e1cie o&nbsp;ve\u013etrhu, k&nbsp;mo\u017enostiam prihl\u00e1senia sa a&nbsp;celkovej organiz\u00e1cii boli na ve\u013emi dobrej \u00farovni. Bez probl\u00e9mov prebehla sk\u00fa\u0161ka pripojenia a&nbsp;n\u00e1sledne aj otvorenie ve\u013etrhu.<\/p>\n<p style=\"text-align: justify;\">V\u00fdber moder\u00e1torov bol ve\u013emi dobr\u00fd. Svoju \u00falohu zvl\u00e1dli na v\u00fdborn\u00fa. Mal\u00e9 technick\u00e9 probl\u00e9my, ktor\u00e9 sa vyskytli, dok\u00e1zali r\u00fdchlo a&nbsp;s&nbsp;nadh\u013eadom vyrie\u0161i\u0165, tak\u017ee situ\u00e1cia nebola nap\u00e4t\u00e1.&nbsp;\u017diaci c\u00edtili z&nbsp;ich strany pomoc, \u010do im dopomohlo preklen\u00fa\u0165 stres a&nbsp;n\u00e1sledne zvl\u00e1dnu\u0165 svoju prezent\u00e1ciu. Bolo to \u201en\u00f3vum\u201c pre v\u0161etk\u00fdch zapojen\u00fdch, v\u0161etci to v\u0161ak zvl\u00e1dli k&nbsp;v\u0161eobecnej spokojnosti .<\/p>\n<p style=\"text-align: justify;\">Hodnotenie zapojen\u00fdch cvi\u010dn\u00fdch firiem bolo n\u00e1ro\u010dn\u00e9 z&nbsp;poh\u013eadu vysokej kvality a&nbsp;konkurencieschopnosti firiem. Firmy, ktor\u00e9 z\u00edskali prv\u00e9 tri ocenenia mali n\u00e1dych profesionality. Len mal\u00e9 odli\u0161nosti ur\u010dili poradie.<\/p>\n<p>V\u00ed\u0165azom gratulujeme. Te\u0161\u00edme sa, \u017ee slovensk\u00e9 cvi\u010dn\u00e9 firmy z\u00edskavaj\u00fa ve\u013emi dobr\u00e9 hodnotenie a&nbsp;umiest\u0148uj\u00fa sa na prv\u00fdch miestach.&nbsp;<\/p>","protected":false},"excerpt":{"rendered":"<p>V dne\u0161n\u00fdch d\u0148och, e\u0161te st\u00e1le s\u010dasti ochromen\u00fdch pand\u00e9miou COVID 19, sa v Metropolitnej univerzite Praha, o.p.s., rozhodli uskuto\u010dni\u0165 online ve\u013etrh pod n\u00e1zvom MUB-LINE 2020. Uskuto\u010dnil sa d\u0148a 11. j\u00fana 2020 pod veden\u00edm Ing. Radeka Maxa, Ph.D., ktor\u00fd je koordin\u00e1torom a garantom Metropolitnej univerzitnej banky a.s., (fikt\u00edvna firma) so s\u00eddlom na katedre medzin\u00e1rodn\u00e9ho obchodu, Metropolitnej univerzity [&hellip;]<\/p>\n","protected":false},"author":6,"featured_media":2380,"comment_status":"closed","ping_status":"closed","sticky":false,"template":"","format":"standard","meta":{"site-sidebar-layout":"default","site-content-layout":"","ast-site-content-layout":"default","site-content-style":"default","site-sidebar-style":"default","ast-global-header-display":"","ast-banner-title-visibility":"","ast-main-header-display":"","ast-hfb-above-header-display":"","ast-hfb-below-header-display":"","ast-hfb-mobile-header-display":"","site-post-title":"","ast-breadcrumbs-content":"","ast-featured-img":"","footer-sml-layout":"","ast-disable-related-posts":"","theme-transparent-header-meta":"","adv-header-id-meta":"","stick-header-meta":"","header-above-stick-meta":"","header-main-stick-meta":"","header-below-stick-meta":"","astra-migrate-meta-layouts":"default","ast-page-background-enabled":"default","ast-page-background-meta":{"desktop":{"background-color":"var(--ast-global-color-4)","background-image":"","background-repeat":"repeat","background-position":"center center","background-size":"auto","background-attachment":"scroll","background-type":"","background-media":"","overlay-type":"","overlay-color":"","overlay-opacity":"","overlay-gradient":""},"tablet":{"background-color":"","background-image":"","background-repeat":"repeat","background-position":"center center","background-size":"auto","background-attachment":"scroll","background-type":"","background-media":"","overlay-type":"","overlay-color":"","overlay-opacity":"","overlay-gradient":""},"mobile":{"background-color":"","background-image":"","background-repeat":"repeat","background-position":"center center","background-size":"auto","background-attachment":"scroll","background-type":"","background-media":"","overlay-type":"","overlay-color":"","overlay-opacity":"","overlay-gradient":""}},"ast-content-background-meta":{"desktop":{"background-color":"var(--ast-global-color-5)","background-image":"","background-repeat":"repeat","background-position":"center center","background-size":"auto","background-attachment":"scroll","background-type":"","background-media":"","overlay-type":"","overlay-color":"","overlay-opacity":"","overlay-gradient":""},"tablet":{"background-color":"var(--ast-global-color-5)","background-image":"","background-repeat":"repeat","background-position":"center center","background-size":"auto","background-attachment":"scroll","background-type":"","background-media":"","overlay-type":"","overlay-color":"","overlay-opacity":"","overlay-gradient":""},"mobile":{"background-color":"var(--ast-global-color-5)","background-image":"","background-repeat":"repeat","background-position":"center center","background-size":"auto","background-attachment":"scroll","background-type":"","background-media":"","overlay-type":"","overlay-color":"","overlay-opacity":"","overlay-gradient":""}},"footnotes":""},"categories":[1],"tags":[],"class_list":["post-6304","post","type-post","status-publish","format-standard","has-post-thumbnail","hentry","category-aktuality"],"yoast_head":"<!-- This site is optimized with the Yoast SEO plugin v27.5 - https:\/\/yoast.com\/product\/yoast-seo-wordpress\/ -->\n<title>MUB-LINE ve\u013etrh PRAHA o\u010darili slovensk\u00e9 cvi\u010dn\u00e9 firmy - \u0160IOV - \u0161t\u00e1tny in\u0161tit\u00fat odborn\u00e9ho vzdel\u00e1vania<\/title>\n<meta name=\"robots\" content=\"index, follow, max-snippet:-1, max-image-preview:large, max-video-preview:-1\" \/>\n<link rel=\"canonical\" href=\"https:\/\/archiv.siov.sk\/en\/mub-line-veltrh-praha-ocarili-slovenske-cvicne-firmy\/\" \/>\n<meta property=\"og:locale\" content=\"en_GB\" \/>\n<meta property=\"og:type\" content=\"article\" \/>\n<meta property=\"og:title\" content=\"MUB-LINE ve\u013etrh PRAHA o\u010darili slovensk\u00e9 cvi\u010dn\u00e9 firmy - \u0160IOV - \u0161t\u00e1tny in\u0161tit\u00fat odborn\u00e9ho vzdel\u00e1vania\" \/>\n<meta property=\"og:description\" content=\"V dne\u0161n\u00fdch d\u0148och, e\u0161te st\u00e1le s\u010dasti ochromen\u00fdch pand\u00e9miou COVID 19, sa v Metropolitnej univerzite Praha, o.p.s., rozhodli uskuto\u010dni\u0165 online ve\u013etrh pod n\u00e1zvom MUB-LINE 2020. Uskuto\u010dnil sa d\u0148a 11. j\u00fana 2020 pod veden\u00edm Ing. Radeka Maxa, Ph.D., ktor\u00fd je koordin\u00e1torom a garantom Metropolitnej univerzitnej banky a.s., (fikt\u00edvna firma) so s\u00eddlom na katedre medzin\u00e1rodn\u00e9ho obchodu, Metropolitnej univerzity [&hellip;]\" \/>\n<meta property=\"og:url\" content=\"https:\/\/archiv.siov.sk\/en\/mub-line-veltrh-praha-ocarili-slovenske-cvicne-firmy\/\" \/>\n<meta property=\"og:site_name\" content=\"\u0160IOV - \u0161t\u00e1tny in\u0161tit\u00fat odborn\u00e9ho vzdel\u00e1vania\" \/>\n<meta property=\"article:publisher\" content=\"https:\/\/www.facebook.com\/Statnyinstitutodbornehovzdelavania\" \/>\n<meta property=\"article:published_time\" content=\"2020-06-16T11:40:19+00:00\" \/>\n<meta property=\"article:modified_time\" content=\"2020-06-16T11:40:26+00:00\" \/>\n<meta property=\"og:image\" content=\"https:\/\/archiv.siov.sk\/wp-content\/uploads\/2019\/02\/top_program.jpg\" \/>\n\t<meta property=\"og:image:width\" content=\"1100\" \/>\n\t<meta property=\"og:image:height\" content=\"445\" \/>\n\t<meta property=\"og:image:type\" content=\"image\/jpeg\" \/>\n<meta name=\"author\" content=\"Katar\u00edna Kov\u00e1\u010dov\u00e1\" \/>\n<meta name=\"twitter:card\" content=\"summary_large_image\" \/>\n<meta name=\"twitter:label1\" content=\"Written by\" \/>\n\t<meta name=\"twitter:data1\" content=\"Katar\u00edna Kov\u00e1\u010dov\u00e1\" \/>\n\t<meta name=\"twitter:label2\" content=\"Estimated reading time\" \/>\n\t<meta name=\"twitter:data2\" content=\"3 minutes\" \/>\n<script type=\"application\/ld+json\" class=\"yoast-schema-graph\">{\"@context\":\"https:\\\/\\\/schema.org\",\"@graph\":[{\"@type\":\"Article\",\"@id\":\"https:\\\/\\\/archiv.siov.sk\\\/mub-line-veltrh-praha-ocarili-slovenske-cvicne-firmy\\\/#article\",\"isPartOf\":{\"@id\":\"https:\\\/\\\/archiv.siov.sk\\\/mub-line-veltrh-praha-ocarili-slovenske-cvicne-firmy\\\/\"},\"author\":{\"name\":\"Katar\u00edna Kov\u00e1\u010dov\u00e1\",\"@id\":\"https:\\\/\\\/archiv.siov.sk\\\/#\\\/schema\\\/person\\\/e42d633fbd958c6a726e8834d8965e6c\"},\"headline\":\"MUB-LINE ve\u013etrh PRAHA o\u010darili slovensk\u00e9 cvi\u010dn\u00e9 firmy\",\"datePublished\":\"2020-06-16T11:40:19+00:00\",\"dateModified\":\"2020-06-16T11:40:26+00:00\",\"mainEntityOfPage\":{\"@id\":\"https:\\\/\\\/archiv.siov.sk\\\/mub-line-veltrh-praha-ocarili-slovenske-cvicne-firmy\\\/\"},\"wordCount\":554,\"publisher\":{\"@id\":\"https:\\\/\\\/archiv.siov.sk\\\/#organization\"},\"image\":{\"@id\":\"https:\\\/\\\/archiv.siov.sk\\\/mub-line-veltrh-praha-ocarili-slovenske-cvicne-firmy\\\/#primaryimage\"},\"thumbnailUrl\":\"https:\\\/\\\/archiv.siov.sk\\\/wp-content\\\/uploads\\\/2019\\\/02\\\/top_program.jpg\",\"articleSection\":[\"Aktuality\"],\"inLanguage\":\"en-GB\"},{\"@type\":\"WebPage\",\"@id\":\"https:\\\/\\\/archiv.siov.sk\\\/mub-line-veltrh-praha-ocarili-slovenske-cvicne-firmy\\\/\",\"url\":\"https:\\\/\\\/archiv.siov.sk\\\/mub-line-veltrh-praha-ocarili-slovenske-cvicne-firmy\\\/\",\"name\":\"MUB-LINE ve\u013etrh PRAHA o\u010darili slovensk\u00e9 cvi\u010dn\u00e9 firmy - \u0160IOV - \u0161t\u00e1tny in\u0161tit\u00fat odborn\u00e9ho vzdel\u00e1vania\",\"isPartOf\":{\"@id\":\"https:\\\/\\\/archiv.siov.sk\\\/#website\"},\"primaryImageOfPage\":{\"@id\":\"https:\\\/\\\/archiv.siov.sk\\\/mub-line-veltrh-praha-ocarili-slovenske-cvicne-firmy\\\/#primaryimage\"},\"image\":{\"@id\":\"https:\\\/\\\/archiv.siov.sk\\\/mub-line-veltrh-praha-ocarili-slovenske-cvicne-firmy\\\/#primaryimage\"},\"thumbnailUrl\":\"https:\\\/\\\/archiv.siov.sk\\\/wp-content\\\/uploads\\\/2019\\\/02\\\/top_program.jpg\",\"datePublished\":\"2020-06-16T11:40:19+00:00\",\"dateModified\":\"2020-06-16T11:40:26+00:00\",\"breadcrumb\":{\"@id\":\"https:\\\/\\\/archiv.siov.sk\\\/mub-line-veltrh-praha-ocarili-slovenske-cvicne-firmy\\\/#breadcrumb\"},\"inLanguage\":\"en-GB\",\"potentialAction\":[{\"@type\":\"ReadAction\",\"target\":[\"https:\\\/\\\/archiv.siov.sk\\\/mub-line-veltrh-praha-ocarili-slovenske-cvicne-firmy\\\/\"]}]},{\"@type\":\"ImageObject\",\"inLanguage\":\"en-GB\",\"@id\":\"https:\\\/\\\/archiv.siov.sk\\\/mub-line-veltrh-praha-ocarili-slovenske-cvicne-firmy\\\/#primaryimage\",\"url\":\"https:\\\/\\\/archiv.siov.sk\\\/wp-content\\\/uploads\\\/2019\\\/02\\\/top_program.jpg\",\"contentUrl\":\"https:\\\/\\\/archiv.siov.sk\\\/wp-content\\\/uploads\\\/2019\\\/02\\\/top_program.jpg\",\"width\":1100,\"height\":445,\"caption\":\"\u0160tudenti z cel\u00e9ho Slovenska si zmeraj\u00fa svoje technick\u00e9 zru\u010dnosti na s\u00fa\u0165a\u017ei ZENIT\"},{\"@type\":\"BreadcrumbList\",\"@id\":\"https:\\\/\\\/archiv.siov.sk\\\/mub-line-veltrh-praha-ocarili-slovenske-cvicne-firmy\\\/#breadcrumb\",\"itemListElement\":[{\"@type\":\"ListItem\",\"position\":1,\"name\":\"Home\",\"item\":\"https:\\\/\\\/archiv.siov.sk\\\/\"},{\"@type\":\"ListItem\",\"position\":2,\"name\":\"MUB-LINE ve\u013etrh PRAHA o\u010darili slovensk\u00e9 cvi\u010dn\u00e9 firmy\"}]},{\"@type\":\"WebSite\",\"@id\":\"https:\\\/\\\/archiv.siov.sk\\\/#website\",\"url\":\"https:\\\/\\\/archiv.siov.sk\\\/\",\"name\":\"\u0160IOV - \u0161t\u00e1tny in\u0161tit\u00fat odborn\u00e9ho vzdel\u00e1vania\",\"description\":\"\",\"publisher\":{\"@id\":\"https:\\\/\\\/archiv.siov.sk\\\/#organization\"},\"potentialAction\":[{\"@type\":\"SearchAction\",\"target\":{\"@type\":\"EntryPoint\",\"urlTemplate\":\"https:\\\/\\\/archiv.siov.sk\\\/?s={search_term_string}\"},\"query-input\":{\"@type\":\"PropertyValueSpecification\",\"valueRequired\":true,\"valueName\":\"search_term_string\"}}],\"inLanguage\":\"en-GB\"},{\"@type\":\"Organization\",\"@id\":\"https:\\\/\\\/archiv.siov.sk\\\/#organization\",\"name\":\"\u0160IOV - \u0161t\u00e1tny in\u0161tit\u00fat odborn\u00e9ho vzdel\u00e1vania\",\"url\":\"https:\\\/\\\/archiv.siov.sk\\\/\",\"logo\":{\"@type\":\"ImageObject\",\"inLanguage\":\"en-GB\",\"@id\":\"https:\\\/\\\/archiv.siov.sk\\\/#\\\/schema\\\/logo\\\/image\\\/\",\"url\":\"https:\\\/\\\/archiv.siov.sk\\\/wp-content\\\/uploads\\\/2024\\\/02\\\/logo-SIOV.png\",\"contentUrl\":\"https:\\\/\\\/archiv.siov.sk\\\/wp-content\\\/uploads\\\/2024\\\/02\\\/logo-SIOV.png\",\"width\":431,\"height\":143,\"caption\":\"\u0160IOV - \u0161t\u00e1tny in\u0161tit\u00fat odborn\u00e9ho vzdel\u00e1vania\"},\"image\":{\"@id\":\"https:\\\/\\\/archiv.siov.sk\\\/#\\\/schema\\\/logo\\\/image\\\/\"},\"sameAs\":[\"https:\\\/\\\/www.facebook.com\\\/Statnyinstitutodbornehovzdelavania\"]},{\"@type\":\"Person\",\"@id\":\"https:\\\/\\\/archiv.siov.sk\\\/#\\\/schema\\\/person\\\/e42d633fbd958c6a726e8834d8965e6c\",\"name\":\"Katar\u00edna Kov\u00e1\u010dov\u00e1\",\"url\":\"https:\\\/\\\/archiv.siov.sk\\\/en\\\/author\\\/katkakovacova\\\/\"}]}<\/script>\n<!-- \/ Yoast SEO plugin. -->","yoast_head_json":{"title":"MUB-LINE ve\u013etrh PRAHA o\u010darili slovensk\u00e9 cvi\u010dn\u00e9 firmy - \u0160IOV - \u0161t\u00e1tny in\u0161tit\u00fat odborn\u00e9ho vzdel\u00e1vania","robots":{"index":"index","follow":"follow","max-snippet":"max-snippet:-1","max-image-preview":"max-image-preview:large","max-video-preview":"max-video-preview:-1"},"canonical":"https:\/\/archiv.siov.sk\/en\/mub-line-veltrh-praha-ocarili-slovenske-cvicne-firmy\/","og_locale":"en_GB","og_type":"article","og_title":"MUB-LINE ve\u013etrh PRAHA o\u010darili slovensk\u00e9 cvi\u010dn\u00e9 firmy - \u0160IOV - \u0161t\u00e1tny in\u0161tit\u00fat odborn\u00e9ho vzdel\u00e1vania","og_description":"V dne\u0161n\u00fdch d\u0148och, e\u0161te st\u00e1le s\u010dasti ochromen\u00fdch pand\u00e9miou COVID 19, sa v Metropolitnej univerzite Praha, o.p.s., rozhodli uskuto\u010dni\u0165 online ve\u013etrh pod n\u00e1zvom MUB-LINE 2020. Uskuto\u010dnil sa d\u0148a 11. j\u00fana 2020 pod veden\u00edm Ing. Radeka Maxa, Ph.D., ktor\u00fd je koordin\u00e1torom a garantom Metropolitnej univerzitnej banky a.s., (fikt\u00edvna firma) so s\u00eddlom na katedre medzin\u00e1rodn\u00e9ho obchodu, Metropolitnej univerzity [&hellip;]","og_url":"https:\/\/archiv.siov.sk\/en\/mub-line-veltrh-praha-ocarili-slovenske-cvicne-firmy\/","og_site_name":"\u0160IOV - \u0161t\u00e1tny in\u0161tit\u00fat odborn\u00e9ho vzdel\u00e1vania","article_publisher":"https:\/\/www.facebook.com\/Statnyinstitutodbornehovzdelavania","article_published_time":"2020-06-16T11:40:19+00:00","article_modified_time":"2020-06-16T11:40:26+00:00","og_image":[{"width":1100,"height":445,"url":"https:\/\/archiv.siov.sk\/wp-content\/uploads\/2019\/02\/top_program.jpg","type":"image\/jpeg"}],"author":"Katar\u00edna Kov\u00e1\u010dov\u00e1","twitter_card":"summary_large_image","twitter_misc":{"Written by":"Katar\u00edna Kov\u00e1\u010dov\u00e1","Estimated reading time":"3 minutes"},"schema":{"@context":"https:\/\/schema.org","@graph":[{"@type":"Article","@id":"https:\/\/archiv.siov.sk\/mub-line-veltrh-praha-ocarili-slovenske-cvicne-firmy\/#article","isPartOf":{"@id":"https:\/\/archiv.siov.sk\/mub-line-veltrh-praha-ocarili-slovenske-cvicne-firmy\/"},"author":{"name":"Katar\u00edna Kov\u00e1\u010dov\u00e1","@id":"https:\/\/archiv.siov.sk\/#\/schema\/person\/e42d633fbd958c6a726e8834d8965e6c"},"headline":"MUB-LINE ve\u013etrh PRAHA o\u010darili slovensk\u00e9 cvi\u010dn\u00e9 firmy","datePublished":"2020-06-16T11:40:19+00:00","dateModified":"2020-06-16T11:40:26+00:00","mainEntityOfPage":{"@id":"https:\/\/archiv.siov.sk\/mub-line-veltrh-praha-ocarili-slovenske-cvicne-firmy\/"},"wordCount":554,"publisher":{"@id":"https:\/\/archiv.siov.sk\/#organization"},"image":{"@id":"https:\/\/archiv.siov.sk\/mub-line-veltrh-praha-ocarili-slovenske-cvicne-firmy\/#primaryimage"},"thumbnailUrl":"https:\/\/archiv.siov.sk\/wp-content\/uploads\/2019\/02\/top_program.jpg","articleSection":["Aktuality"],"inLanguage":"en-GB"},{"@type":"WebPage","@id":"https:\/\/archiv.siov.sk\/mub-line-veltrh-praha-ocarili-slovenske-cvicne-firmy\/","url":"https:\/\/archiv.siov.sk\/mub-line-veltrh-praha-ocarili-slovenske-cvicne-firmy\/","name":"MUB-LINE ve\u013etrh PRAHA o\u010darili slovensk\u00e9 cvi\u010dn\u00e9 firmy - \u0160IOV - \u0161t\u00e1tny in\u0161tit\u00fat odborn\u00e9ho vzdel\u00e1vania","isPartOf":{"@id":"https:\/\/archiv.siov.sk\/#website"},"primaryImageOfPage":{"@id":"https:\/\/archiv.siov.sk\/mub-line-veltrh-praha-ocarili-slovenske-cvicne-firmy\/#primaryimage"},"image":{"@id":"https:\/\/archiv.siov.sk\/mub-line-veltrh-praha-ocarili-slovenske-cvicne-firmy\/#primaryimage"},"thumbnailUrl":"https:\/\/archiv.siov.sk\/wp-content\/uploads\/2019\/02\/top_program.jpg","datePublished":"2020-06-16T11:40:19+00:00","dateModified":"2020-06-16T11:40:26+00:00","breadcrumb":{"@id":"https:\/\/archiv.siov.sk\/mub-line-veltrh-praha-ocarili-slovenske-cvicne-firmy\/#breadcrumb"},"inLanguage":"en-GB","potentialAction":[{"@type":"ReadAction","target":["https:\/\/archiv.siov.sk\/mub-line-veltrh-praha-ocarili-slovenske-cvicne-firmy\/"]}]},{"@type":"ImageObject","inLanguage":"en-GB","@id":"https:\/\/archiv.siov.sk\/mub-line-veltrh-praha-ocarili-slovenske-cvicne-firmy\/#primaryimage","url":"https:\/\/archiv.siov.sk\/wp-content\/uploads\/2019\/02\/top_program.jpg","contentUrl":"https:\/\/archiv.siov.sk\/wp-content\/uploads\/2019\/02\/top_program.jpg","width":1100,"height":445,"caption":"\u0160tudenti z cel\u00e9ho Slovenska si zmeraj\u00fa svoje technick\u00e9 zru\u010dnosti na s\u00fa\u0165a\u017ei ZENIT"},{"@type":"BreadcrumbList","@id":"https:\/\/archiv.siov.sk\/mub-line-veltrh-praha-ocarili-slovenske-cvicne-firmy\/#breadcrumb","itemListElement":[{"@type":"ListItem","position":1,"name":"Home","item":"https:\/\/archiv.siov.sk\/"},{"@type":"ListItem","position":2,"name":"MUB-LINE ve\u013etrh PRAHA o\u010darili slovensk\u00e9 cvi\u010dn\u00e9 firmy"}]},{"@type":"WebSite","@id":"https:\/\/archiv.siov.sk\/#website","url":"https:\/\/archiv.siov.sk\/","name":"\u0160IOV - \u0161t\u00e1tny in\u0161tit\u00fat odborn\u00e9ho vzdel\u00e1vania","description":"","publisher":{"@id":"https:\/\/archiv.siov.sk\/#organization"},"potentialAction":[{"@type":"SearchAction","target":{"@type":"EntryPoint","urlTemplate":"https:\/\/archiv.siov.sk\/?s={search_term_string}"},"query-input":{"@type":"PropertyValueSpecification","valueRequired":true,"valueName":"search_term_string"}}],"inLanguage":"en-GB"},{"@type":"Organization","@id":"https:\/\/archiv.siov.sk\/#organization","name":"\u0160IOV - \u0161t\u00e1tny in\u0161tit\u00fat odborn\u00e9ho vzdel\u00e1vania","url":"https:\/\/archiv.siov.sk\/","logo":{"@type":"ImageObject","inLanguage":"en-GB","@id":"https:\/\/archiv.siov.sk\/#\/schema\/logo\/image\/","url":"https:\/\/archiv.siov.sk\/wp-content\/uploads\/2024\/02\/logo-SIOV.png","contentUrl":"https:\/\/archiv.siov.sk\/wp-content\/uploads\/2024\/02\/logo-SIOV.png","width":431,"height":143,"caption":"\u0160IOV - \u0161t\u00e1tny in\u0161tit\u00fat odborn\u00e9ho vzdel\u00e1vania"},"image":{"@id":"https:\/\/archiv.siov.sk\/#\/schema\/logo\/image\/"},"sameAs":["https:\/\/www.facebook.com\/Statnyinstitutodbornehovzdelavania"]},{"@type":"Person","@id":"https:\/\/archiv.siov.sk\/#\/schema\/person\/e42d633fbd958c6a726e8834d8965e6c","name":"Katar\u00edna Kov\u00e1\u010dov\u00e1","url":"https:\/\/archiv.siov.sk\/en\/author\/katkakovacova\/"}]}},"_links":{"self":[{"href":"https:\/\/archiv.siov.sk\/en\/wp-json\/wp\/v2\/posts\/6304","targetHints":{"allow":["GET"]}}],"collection":[{"href":"https:\/\/archiv.siov.sk\/en\/wp-json\/wp\/v2\/posts"}],"about":[{"href":"https:\/\/archiv.siov.sk\/en\/wp-json\/wp\/v2\/types\/post"}],"author":[{"embeddable":true,"href":"https:\/\/archiv.siov.sk\/en\/wp-json\/wp\/v2\/users\/6"}],"replies":[{"embeddable":true,"href":"https:\/\/archiv.siov.sk\/en\/wp-json\/wp\/v2\/comments?post=6304"}],"version-history":[{"count":2,"href":"https:\/\/archiv.siov.sk\/en\/wp-json\/wp\/v2\/posts\/6304\/revisions"}],"predecessor-version":[{"id":6306,"href":"https:\/\/archiv.siov.sk\/en\/wp-json\/wp\/v2\/posts\/6304\/revisions\/6306"}],"wp:featuredmedia":[{"embeddable":true,"href":"https:\/\/archiv.siov.sk\/en\/wp-json\/wp\/v2\/media\/2380"}],"wp:attachment":[{"href":"https:\/\/archiv.siov.sk\/en\/wp-json\/wp\/v2\/media?parent=6304"}],"wp:term":[{"taxonomy":"category","embeddable":true,"href":"https:\/\/archiv.siov.sk\/en\/wp-json\/wp\/v2\/categories?post=6304"},{"taxonomy":"post_tag","embeddable":true,"href":"https:\/\/archiv.siov.sk\/en\/wp-json\/wp\/v2\/tags?post=6304"}],"curies":[{"name":"wp","href":"https:\/\/api.w.org\/{rel}","templated":true}]}}