{"id":5959,"date":"2020-05-04T12:10:20","date_gmt":"2020-05-04T10:10:20","guid":{"rendered":"https:\/\/archiv.siov.sk\/?p=5959"},"modified":"2020-05-04T12:10:20","modified_gmt":"2020-05-04T10:10:20","slug":"pozname-vyhercov-2-rocnika-sutaze-pre-stredne-skoly-garden-semmelrock","status":"publish","type":"post","link":"https:\/\/archiv.siov.sk\/en\/pozname-vyhercov-2-rocnika-sutaze-pre-stredne-skoly-garden-semmelrock\/","title":{"rendered":"Pozn\u00e1me v\u00fdhercov 2. ro\u010dn\u00edka s\u00fa\u0165a\u017ee pre stredn\u00e9 \u0161koly \u201eGarden Semmelrock\u201c."},"content":{"rendered":"<p style=\"text-align: justify;\">Aktu\u00e1lne u\u017e 2. ro\u010dn\u00edk \u201eGarden Semmelrock s\u00fa\u0165a\u017ee\u201c ur\u010den\u00fd pre \u017eiakov stredn\u00fdch \u0161k\u00f4l,&nbsp; v zameran\u00ed na stavite\u013estvo a krajinn\u00fa tvorbu je \u00faspe\u0161ne ukon\u010den\u00fd. Jej cie\u013eom je podpora zv\u00fd\u0161enia z\u00e1ujmu \u017eiakov o zapojenie sa do s\u00fa\u0165a\u017ee v zameran\u00ed na stavite\u013estvo a krajinn\u00fa tvorbu, prehlbovanie vedomost\u00ed a zru\u010dnost\u00ed \u017eiakov, podpora s\u00fa\u0165a\u017eivosti \u017eiakov a z\u00edskavania sk\u00fasenost\u00ed pri prezentovan\u00ed svojich v\u00fdsledkov. Akt\u00edvne podporuje spojenie teoretick\u00fdch vedomost\u00ed&nbsp; s hospod\u00e1rskou praxou.<\/p>\n<p style=\"text-align: justify;\">S\u00fa\u0165a\u017e organizuje firma Semmelrock Stein+Design Dla\u017eby, Sere\u010f, partnerom \u0160t\u00e1tny in\u0161tit\u00fat odborn\u00e9ho vzdel\u00e1vania. &nbsp;Do s\u00fa\u0165a\u017ee sa tento rok prihl\u00e1silo: 15 \u0161k\u00f4l, 108 projektov.&nbsp; 5 \u010dlenov odbornej komisie pos\u00fadilo v\u0161etky prihl\u00e1sen\u00e9 projekty a museli&nbsp; uzna\u0165, \u017ee to tento rok &nbsp;nebolo v\u00f4bec jednoduch\u00e9. Projekty boli vypracovan\u00e9 na v\u00fdbornej kvalitat\u00edvnej \u00farovni a bolo vidie\u0165 ve\u013ek\u00fd posun zo strany \u0161tudentov a \u0161k\u00f4l v tomto ro\u010dn\u00edku.<\/p>\n<p>V\u00fdhercovia 2. ro\u010dn\u00edka s\u00fa\u0165a\u017ee \u201cGarden Semmelrock\u201d pod\u013ea jednotliv\u00fdch kateg\u00f3ri\u00ed s\u00fa nasledovn\u00ed:<\/p>\n<ul>\n<li>Rodinn\u00fd dom: Marek Bajcura, SP\u0160 Stavebn\u00e1 Pre\u0161ov<\/li>\n<li>Horsk\u00e1 chata: Radovan \u017divick\u00fd, SP\u0160 Techniky a&nbsp;Dizajnu Poprad<\/li>\n<li>Such\u00e9 jazierko: S\u00e1ra Otrubov\u00e1, Patrik Soj\u010d\u00e1k, SP\u0160 Stavebn\u00e1 \u017dilina<\/li>\n<li>\u0160tudov\u0148a v&nbsp;pr\u00edrode: Andrej Lan\u00e1k a&nbsp;Sebasti\u00e1n Masarovi\u010d, Trnava<\/li>\n<li>\u0160peci\u00e1lna cena: Betu\u0161\u0165\u00e1kov\u00e1, Knap\u010d\u00edkov\u00e1, Liptovsk\u00fd Mikul\u00e1\u0161<\/li>\n<\/ul>\n<p>V\u00ed\u0165azn\u00e9 projekty s\u00fa publikovan\u00e9 &nbsp;na webovej str\u00e1nke: <a href=\"https:\/\/www.semmelrock.sk\/pozname-vyhercov-2-rocnika-sutaze-garden-semmelrock\/\">https:\/\/www.semmelrock.sk\/pozname-vyhercov-2-rocnika-sutaze-garden-semmelrock\/<\/a> a&nbsp;s\u00fa\u0165a\u017en\u00e9 propoz\u00edcie a&nbsp;partnerstvo \u0160IOV na <a href=\"https:\/\/archiv.siov.sk\/wp-content\/uploads\/2020\/01\/Garden_semmelrock_2rocnik_statut.pdf\">https:\/\/archiv.siov.sk\/wp-content\/uploads\/2020\/01\/Garden_semmelrock_2rocnik_statut.pdf<\/a><\/p>\n<p>&nbsp;<\/p>\n<p>Na z\u00e1ver, patr\u00ed po\u010fakovanie v\u0161etk\u00fdm z\u00fa\u010dastnen\u00fdm \u0161kol\u00e1m, u\u010dite\u013eom, \u0161tudentom, za ich \u010das, z\u00e1ujem a energiu&nbsp; zapojenia sa do na\u0161ej s\u00fa\u0165a\u017ee.<\/p>\n<p>&nbsp;<\/p>\n<p>&nbsp;<\/p>","protected":false},"excerpt":{"rendered":"<p>Aktu\u00e1lne u\u017e 2. ro\u010dn\u00edk \u201eGarden Semmelrock s\u00fa\u0165a\u017ee\u201c ur\u010den\u00fd pre \u017eiakov stredn\u00fdch \u0161k\u00f4l,&nbsp; v zameran\u00ed na stavite\u013estvo a krajinn\u00fa tvorbu je \u00faspe\u0161ne ukon\u010den\u00fd. Jej cie\u013eom je podpora zv\u00fd\u0161enia z\u00e1ujmu \u017eiakov o zapojenie sa do s\u00fa\u0165a\u017ee v zameran\u00ed na stavite\u013estvo a krajinn\u00fa tvorbu, prehlbovanie vedomost\u00ed a zru\u010dnost\u00ed \u017eiakov, podpora s\u00fa\u0165a\u017eivosti \u017eiakov a z\u00edskavania sk\u00fasenost\u00ed pri prezentovan\u00ed svojich [&hellip;]<\/p>\n","protected":false},"author":6,"featured_media":3894,"comment_status":"closed","ping_status":"closed","sticky":false,"template":"","format":"standard","meta":{"site-sidebar-layout":"default","site-content-layout":"","ast-site-content-layout":"default","site-content-style":"default","site-sidebar-style":"default","ast-global-header-display":"","ast-banner-title-visibility":"","ast-main-header-display":"","ast-hfb-above-header-display":"","ast-hfb-below-header-display":"","ast-hfb-mobile-header-display":"","site-post-title":"","ast-breadcrumbs-content":"","ast-featured-img":"","footer-sml-layout":"","ast-disable-related-posts":"","theme-transparent-header-meta":"","adv-header-id-meta":"","stick-header-meta":"","header-above-stick-meta":"","header-main-stick-meta":"","header-below-stick-meta":"","astra-migrate-meta-layouts":"default","ast-page-background-enabled":"default","ast-page-background-meta":{"desktop":{"background-color":"var(--ast-global-color-4)","background-image":"","background-repeat":"repeat","background-position":"center center","background-size":"auto","background-attachment":"scroll","background-type":"","background-media":"","overlay-type":"","overlay-color":"","overlay-opacity":"","overlay-gradient":""},"tablet":{"background-color":"","background-image":"","background-repeat":"repeat","background-position":"center center","background-size":"auto","background-attachment":"scroll","background-type":"","background-media":"","overlay-type":"","overlay-color":"","overlay-opacity":"","overlay-gradient":""},"mobile":{"background-color":"","background-image":"","background-repeat":"repeat","background-position":"center center","background-size":"auto","background-attachment":"scroll","background-type":"","background-media":"","overlay-type":"","overlay-color":"","overlay-opacity":"","overlay-gradient":""}},"ast-content-background-meta":{"desktop":{"background-color":"var(--ast-global-color-5)","background-image":"","background-repeat":"repeat","background-position":"center center","background-size":"auto","background-attachment":"scroll","background-type":"","background-media":"","overlay-type":"","overlay-color":"","overlay-opacity":"","overlay-gradient":""},"tablet":{"background-color":"var(--ast-global-color-5)","background-image":"","background-repeat":"repeat","background-position":"center center","background-size":"auto","background-attachment":"scroll","background-type":"","background-media":"","overlay-type":"","overlay-color":"","overlay-opacity":"","overlay-gradient":""},"mobile":{"background-color":"var(--ast-global-color-5)","background-image":"","background-repeat":"repeat","background-position":"center center","background-size":"auto","background-attachment":"scroll","background-type":"","background-media":"","overlay-type":"","overlay-color":"","overlay-opacity":"","overlay-gradient":""}},"footnotes":""},"categories":[1],"tags":[],"class_list":["post-5959","post","type-post","status-publish","format-standard","has-post-thumbnail","hentry","category-aktuality"],"yoast_head":"<!-- This site is optimized with the Yoast SEO plugin v27.5 - https:\/\/yoast.com\/product\/yoast-seo-wordpress\/ -->\n<title>Pozn\u00e1me v\u00fdhercov 2. ro\u010dn\u00edka s\u00fa\u0165a\u017ee pre stredn\u00e9 \u0161koly \u201eGarden Semmelrock\u201c. - \u0160IOV - \u0161t\u00e1tny in\u0161tit\u00fat odborn\u00e9ho vzdel\u00e1vania<\/title>\n<meta name=\"robots\" content=\"index, follow, max-snippet:-1, max-image-preview:large, max-video-preview:-1\" \/>\n<link rel=\"canonical\" href=\"https:\/\/archiv.siov.sk\/en\/pozname-vyhercov-2-rocnika-sutaze-pre-stredne-skoly-garden-semmelrock\/\" \/>\n<meta property=\"og:locale\" content=\"en_GB\" \/>\n<meta property=\"og:type\" content=\"article\" \/>\n<meta property=\"og:title\" content=\"Pozn\u00e1me v\u00fdhercov 2. ro\u010dn\u00edka s\u00fa\u0165a\u017ee pre stredn\u00e9 \u0161koly \u201eGarden Semmelrock\u201c. - \u0160IOV - \u0161t\u00e1tny in\u0161tit\u00fat odborn\u00e9ho vzdel\u00e1vania\" \/>\n<meta property=\"og:description\" content=\"Aktu\u00e1lne u\u017e 2. ro\u010dn\u00edk \u201eGarden Semmelrock s\u00fa\u0165a\u017ee\u201c ur\u010den\u00fd pre \u017eiakov stredn\u00fdch \u0161k\u00f4l,&nbsp; v zameran\u00ed na stavite\u013estvo a krajinn\u00fa tvorbu je \u00faspe\u0161ne ukon\u010den\u00fd. Jej cie\u013eom je podpora zv\u00fd\u0161enia z\u00e1ujmu \u017eiakov o zapojenie sa do s\u00fa\u0165a\u017ee v zameran\u00ed na stavite\u013estvo a krajinn\u00fa tvorbu, prehlbovanie vedomost\u00ed a zru\u010dnost\u00ed \u017eiakov, podpora s\u00fa\u0165a\u017eivosti \u017eiakov a z\u00edskavania sk\u00fasenost\u00ed pri prezentovan\u00ed svojich [&hellip;]\" \/>\n<meta property=\"og:url\" content=\"https:\/\/archiv.siov.sk\/en\/pozname-vyhercov-2-rocnika-sutaze-pre-stredne-skoly-garden-semmelrock\/\" \/>\n<meta property=\"og:site_name\" content=\"\u0160IOV - \u0161t\u00e1tny in\u0161tit\u00fat odborn\u00e9ho vzdel\u00e1vania\" \/>\n<meta property=\"article:publisher\" content=\"https:\/\/www.facebook.com\/Statnyinstitutodbornehovzdelavania\" \/>\n<meta property=\"article:published_time\" content=\"2020-05-04T10:10:20+00:00\" \/>\n<meta property=\"og:image\" content=\"https:\/\/archiv.siov.sk\/wp-content\/uploads\/2019\/06\/top_news.jpg\" \/>\n\t<meta property=\"og:image:width\" content=\"1100\" \/>\n\t<meta property=\"og:image:height\" content=\"445\" \/>\n\t<meta property=\"og:image:type\" content=\"image\/jpeg\" \/>\n<meta name=\"author\" content=\"Katar\u00edna Kov\u00e1\u010dov\u00e1\" \/>\n<meta name=\"twitter:card\" content=\"summary_large_image\" \/>\n<meta name=\"twitter:label1\" content=\"Written by\" \/>\n\t<meta name=\"twitter:data1\" content=\"Katar\u00edna Kov\u00e1\u010dov\u00e1\" \/>\n\t<meta name=\"twitter:label2\" content=\"Estimated reading time\" \/>\n\t<meta name=\"twitter:data2\" content=\"2 minutes\" \/>\n<script type=\"application\/ld+json\" class=\"yoast-schema-graph\">{\"@context\":\"https:\\\/\\\/schema.org\",\"@graph\":[{\"@type\":\"Article\",\"@id\":\"https:\\\/\\\/archiv.siov.sk\\\/pozname-vyhercov-2-rocnika-sutaze-pre-stredne-skoly-garden-semmelrock\\\/#article\",\"isPartOf\":{\"@id\":\"https:\\\/\\\/archiv.siov.sk\\\/pozname-vyhercov-2-rocnika-sutaze-pre-stredne-skoly-garden-semmelrock\\\/\"},\"author\":{\"name\":\"Katar\u00edna Kov\u00e1\u010dov\u00e1\",\"@id\":\"https:\\\/\\\/archiv.siov.sk\\\/#\\\/schema\\\/person\\\/e42d633fbd958c6a726e8834d8965e6c\"},\"headline\":\"Pozn\u00e1me v\u00fdhercov 2. ro\u010dn\u00edka s\u00fa\u0165a\u017ee pre stredn\u00e9 \u0161koly \u201eGarden Semmelrock\u201c.\",\"datePublished\":\"2020-05-04T10:10:20+00:00\",\"mainEntityOfPage\":{\"@id\":\"https:\\\/\\\/archiv.siov.sk\\\/pozname-vyhercov-2-rocnika-sutaze-pre-stredne-skoly-garden-semmelrock\\\/\"},\"wordCount\":336,\"publisher\":{\"@id\":\"https:\\\/\\\/archiv.siov.sk\\\/#organization\"},\"image\":{\"@id\":\"https:\\\/\\\/archiv.siov.sk\\\/pozname-vyhercov-2-rocnika-sutaze-pre-stredne-skoly-garden-semmelrock\\\/#primaryimage\"},\"thumbnailUrl\":\"https:\\\/\\\/archiv.siov.sk\\\/wp-content\\\/uploads\\\/2019\\\/06\\\/top_news.jpg\",\"articleSection\":[\"Aktuality\"],\"inLanguage\":\"en-GB\"},{\"@type\":\"WebPage\",\"@id\":\"https:\\\/\\\/archiv.siov.sk\\\/pozname-vyhercov-2-rocnika-sutaze-pre-stredne-skoly-garden-semmelrock\\\/\",\"url\":\"https:\\\/\\\/archiv.siov.sk\\\/pozname-vyhercov-2-rocnika-sutaze-pre-stredne-skoly-garden-semmelrock\\\/\",\"name\":\"Pozn\u00e1me v\u00fdhercov 2. ro\u010dn\u00edka s\u00fa\u0165a\u017ee pre stredn\u00e9 \u0161koly \u201eGarden Semmelrock\u201c. - \u0160IOV - \u0161t\u00e1tny in\u0161tit\u00fat odborn\u00e9ho vzdel\u00e1vania\",\"isPartOf\":{\"@id\":\"https:\\\/\\\/archiv.siov.sk\\\/#website\"},\"primaryImageOfPage\":{\"@id\":\"https:\\\/\\\/archiv.siov.sk\\\/pozname-vyhercov-2-rocnika-sutaze-pre-stredne-skoly-garden-semmelrock\\\/#primaryimage\"},\"image\":{\"@id\":\"https:\\\/\\\/archiv.siov.sk\\\/pozname-vyhercov-2-rocnika-sutaze-pre-stredne-skoly-garden-semmelrock\\\/#primaryimage\"},\"thumbnailUrl\":\"https:\\\/\\\/archiv.siov.sk\\\/wp-content\\\/uploads\\\/2019\\\/06\\\/top_news.jpg\",\"datePublished\":\"2020-05-04T10:10:20+00:00\",\"breadcrumb\":{\"@id\":\"https:\\\/\\\/archiv.siov.sk\\\/pozname-vyhercov-2-rocnika-sutaze-pre-stredne-skoly-garden-semmelrock\\\/#breadcrumb\"},\"inLanguage\":\"en-GB\",\"potentialAction\":[{\"@type\":\"ReadAction\",\"target\":[\"https:\\\/\\\/archiv.siov.sk\\\/pozname-vyhercov-2-rocnika-sutaze-pre-stredne-skoly-garden-semmelrock\\\/\"]}]},{\"@type\":\"ImageObject\",\"inLanguage\":\"en-GB\",\"@id\":\"https:\\\/\\\/archiv.siov.sk\\\/pozname-vyhercov-2-rocnika-sutaze-pre-stredne-skoly-garden-semmelrock\\\/#primaryimage\",\"url\":\"https:\\\/\\\/archiv.siov.sk\\\/wp-content\\\/uploads\\\/2019\\\/06\\\/top_news.jpg\",\"contentUrl\":\"https:\\\/\\\/archiv.siov.sk\\\/wp-content\\\/uploads\\\/2019\\\/06\\\/top_news.jpg\",\"width\":1100,\"height\":445},{\"@type\":\"BreadcrumbList\",\"@id\":\"https:\\\/\\\/archiv.siov.sk\\\/pozname-vyhercov-2-rocnika-sutaze-pre-stredne-skoly-garden-semmelrock\\\/#breadcrumb\",\"itemListElement\":[{\"@type\":\"ListItem\",\"position\":1,\"name\":\"Home\",\"item\":\"https:\\\/\\\/archiv.siov.sk\\\/\"},{\"@type\":\"ListItem\",\"position\":2,\"name\":\"Pozn\u00e1me v\u00fdhercov 2. ro\u010dn\u00edka s\u00fa\u0165a\u017ee pre stredn\u00e9 \u0161koly \u201eGarden Semmelrock\u201c.\"}]},{\"@type\":\"WebSite\",\"@id\":\"https:\\\/\\\/archiv.siov.sk\\\/#website\",\"url\":\"https:\\\/\\\/archiv.siov.sk\\\/\",\"name\":\"\u0160IOV - \u0161t\u00e1tny in\u0161tit\u00fat odborn\u00e9ho vzdel\u00e1vania\",\"description\":\"\",\"publisher\":{\"@id\":\"https:\\\/\\\/archiv.siov.sk\\\/#organization\"},\"potentialAction\":[{\"@type\":\"SearchAction\",\"target\":{\"@type\":\"EntryPoint\",\"urlTemplate\":\"https:\\\/\\\/archiv.siov.sk\\\/?s={search_term_string}\"},\"query-input\":{\"@type\":\"PropertyValueSpecification\",\"valueRequired\":true,\"valueName\":\"search_term_string\"}}],\"inLanguage\":\"en-GB\"},{\"@type\":\"Organization\",\"@id\":\"https:\\\/\\\/archiv.siov.sk\\\/#organization\",\"name\":\"\u0160IOV - \u0161t\u00e1tny in\u0161tit\u00fat odborn\u00e9ho vzdel\u00e1vania\",\"url\":\"https:\\\/\\\/archiv.siov.sk\\\/\",\"logo\":{\"@type\":\"ImageObject\",\"inLanguage\":\"en-GB\",\"@id\":\"https:\\\/\\\/archiv.siov.sk\\\/#\\\/schema\\\/logo\\\/image\\\/\",\"url\":\"https:\\\/\\\/archiv.siov.sk\\\/wp-content\\\/uploads\\\/2024\\\/02\\\/logo-SIOV.png\",\"contentUrl\":\"https:\\\/\\\/archiv.siov.sk\\\/wp-content\\\/uploads\\\/2024\\\/02\\\/logo-SIOV.png\",\"width\":431,\"height\":143,\"caption\":\"\u0160IOV - \u0161t\u00e1tny in\u0161tit\u00fat odborn\u00e9ho vzdel\u00e1vania\"},\"image\":{\"@id\":\"https:\\\/\\\/archiv.siov.sk\\\/#\\\/schema\\\/logo\\\/image\\\/\"},\"sameAs\":[\"https:\\\/\\\/www.facebook.com\\\/Statnyinstitutodbornehovzdelavania\"]},{\"@type\":\"Person\",\"@id\":\"https:\\\/\\\/archiv.siov.sk\\\/#\\\/schema\\\/person\\\/e42d633fbd958c6a726e8834d8965e6c\",\"name\":\"Katar\u00edna Kov\u00e1\u010dov\u00e1\",\"url\":\"https:\\\/\\\/archiv.siov.sk\\\/en\\\/author\\\/katkakovacova\\\/\"}]}<\/script>\n<!-- \/ Yoast SEO plugin. -->","yoast_head_json":{"title":"Pozn\u00e1me v\u00fdhercov 2. ro\u010dn\u00edka s\u00fa\u0165a\u017ee pre stredn\u00e9 \u0161koly \u201eGarden Semmelrock\u201c. - \u0160IOV - \u0161t\u00e1tny in\u0161tit\u00fat odborn\u00e9ho vzdel\u00e1vania","robots":{"index":"index","follow":"follow","max-snippet":"max-snippet:-1","max-image-preview":"max-image-preview:large","max-video-preview":"max-video-preview:-1"},"canonical":"https:\/\/archiv.siov.sk\/en\/pozname-vyhercov-2-rocnika-sutaze-pre-stredne-skoly-garden-semmelrock\/","og_locale":"en_GB","og_type":"article","og_title":"Pozn\u00e1me v\u00fdhercov 2. ro\u010dn\u00edka s\u00fa\u0165a\u017ee pre stredn\u00e9 \u0161koly \u201eGarden Semmelrock\u201c. - \u0160IOV - \u0161t\u00e1tny in\u0161tit\u00fat odborn\u00e9ho vzdel\u00e1vania","og_description":"Aktu\u00e1lne u\u017e 2. ro\u010dn\u00edk \u201eGarden Semmelrock s\u00fa\u0165a\u017ee\u201c ur\u010den\u00fd pre \u017eiakov stredn\u00fdch \u0161k\u00f4l,&nbsp; v zameran\u00ed na stavite\u013estvo a krajinn\u00fa tvorbu je \u00faspe\u0161ne ukon\u010den\u00fd. Jej cie\u013eom je podpora zv\u00fd\u0161enia z\u00e1ujmu \u017eiakov o zapojenie sa do s\u00fa\u0165a\u017ee v zameran\u00ed na stavite\u013estvo a krajinn\u00fa tvorbu, prehlbovanie vedomost\u00ed a zru\u010dnost\u00ed \u017eiakov, podpora s\u00fa\u0165a\u017eivosti \u017eiakov a z\u00edskavania sk\u00fasenost\u00ed pri prezentovan\u00ed svojich [&hellip;]","og_url":"https:\/\/archiv.siov.sk\/en\/pozname-vyhercov-2-rocnika-sutaze-pre-stredne-skoly-garden-semmelrock\/","og_site_name":"\u0160IOV - \u0161t\u00e1tny in\u0161tit\u00fat odborn\u00e9ho vzdel\u00e1vania","article_publisher":"https:\/\/www.facebook.com\/Statnyinstitutodbornehovzdelavania","article_published_time":"2020-05-04T10:10:20+00:00","og_image":[{"width":1100,"height":445,"url":"https:\/\/archiv.siov.sk\/wp-content\/uploads\/2019\/06\/top_news.jpg","type":"image\/jpeg"}],"author":"Katar\u00edna Kov\u00e1\u010dov\u00e1","twitter_card":"summary_large_image","twitter_misc":{"Written by":"Katar\u00edna Kov\u00e1\u010dov\u00e1","Estimated reading time":"2 minutes"},"schema":{"@context":"https:\/\/schema.org","@graph":[{"@type":"Article","@id":"https:\/\/archiv.siov.sk\/pozname-vyhercov-2-rocnika-sutaze-pre-stredne-skoly-garden-semmelrock\/#article","isPartOf":{"@id":"https:\/\/archiv.siov.sk\/pozname-vyhercov-2-rocnika-sutaze-pre-stredne-skoly-garden-semmelrock\/"},"author":{"name":"Katar\u00edna Kov\u00e1\u010dov\u00e1","@id":"https:\/\/archiv.siov.sk\/#\/schema\/person\/e42d633fbd958c6a726e8834d8965e6c"},"headline":"Pozn\u00e1me v\u00fdhercov 2. ro\u010dn\u00edka s\u00fa\u0165a\u017ee pre stredn\u00e9 \u0161koly \u201eGarden Semmelrock\u201c.","datePublished":"2020-05-04T10:10:20+00:00","mainEntityOfPage":{"@id":"https:\/\/archiv.siov.sk\/pozname-vyhercov-2-rocnika-sutaze-pre-stredne-skoly-garden-semmelrock\/"},"wordCount":336,"publisher":{"@id":"https:\/\/archiv.siov.sk\/#organization"},"image":{"@id":"https:\/\/archiv.siov.sk\/pozname-vyhercov-2-rocnika-sutaze-pre-stredne-skoly-garden-semmelrock\/#primaryimage"},"thumbnailUrl":"https:\/\/archiv.siov.sk\/wp-content\/uploads\/2019\/06\/top_news.jpg","articleSection":["Aktuality"],"inLanguage":"en-GB"},{"@type":"WebPage","@id":"https:\/\/archiv.siov.sk\/pozname-vyhercov-2-rocnika-sutaze-pre-stredne-skoly-garden-semmelrock\/","url":"https:\/\/archiv.siov.sk\/pozname-vyhercov-2-rocnika-sutaze-pre-stredne-skoly-garden-semmelrock\/","name":"Pozn\u00e1me v\u00fdhercov 2. ro\u010dn\u00edka s\u00fa\u0165a\u017ee pre stredn\u00e9 \u0161koly \u201eGarden Semmelrock\u201c. - \u0160IOV - \u0161t\u00e1tny in\u0161tit\u00fat odborn\u00e9ho vzdel\u00e1vania","isPartOf":{"@id":"https:\/\/archiv.siov.sk\/#website"},"primaryImageOfPage":{"@id":"https:\/\/archiv.siov.sk\/pozname-vyhercov-2-rocnika-sutaze-pre-stredne-skoly-garden-semmelrock\/#primaryimage"},"image":{"@id":"https:\/\/archiv.siov.sk\/pozname-vyhercov-2-rocnika-sutaze-pre-stredne-skoly-garden-semmelrock\/#primaryimage"},"thumbnailUrl":"https:\/\/archiv.siov.sk\/wp-content\/uploads\/2019\/06\/top_news.jpg","datePublished":"2020-05-04T10:10:20+00:00","breadcrumb":{"@id":"https:\/\/archiv.siov.sk\/pozname-vyhercov-2-rocnika-sutaze-pre-stredne-skoly-garden-semmelrock\/#breadcrumb"},"inLanguage":"en-GB","potentialAction":[{"@type":"ReadAction","target":["https:\/\/archiv.siov.sk\/pozname-vyhercov-2-rocnika-sutaze-pre-stredne-skoly-garden-semmelrock\/"]}]},{"@type":"ImageObject","inLanguage":"en-GB","@id":"https:\/\/archiv.siov.sk\/pozname-vyhercov-2-rocnika-sutaze-pre-stredne-skoly-garden-semmelrock\/#primaryimage","url":"https:\/\/archiv.siov.sk\/wp-content\/uploads\/2019\/06\/top_news.jpg","contentUrl":"https:\/\/archiv.siov.sk\/wp-content\/uploads\/2019\/06\/top_news.jpg","width":1100,"height":445},{"@type":"BreadcrumbList","@id":"https:\/\/archiv.siov.sk\/pozname-vyhercov-2-rocnika-sutaze-pre-stredne-skoly-garden-semmelrock\/#breadcrumb","itemListElement":[{"@type":"ListItem","position":1,"name":"Home","item":"https:\/\/archiv.siov.sk\/"},{"@type":"ListItem","position":2,"name":"Pozn\u00e1me v\u00fdhercov 2. ro\u010dn\u00edka s\u00fa\u0165a\u017ee pre stredn\u00e9 \u0161koly \u201eGarden Semmelrock\u201c."}]},{"@type":"WebSite","@id":"https:\/\/archiv.siov.sk\/#website","url":"https:\/\/archiv.siov.sk\/","name":"\u0160IOV - \u0161t\u00e1tny in\u0161tit\u00fat odborn\u00e9ho vzdel\u00e1vania","description":"","publisher":{"@id":"https:\/\/archiv.siov.sk\/#organization"},"potentialAction":[{"@type":"SearchAction","target":{"@type":"EntryPoint","urlTemplate":"https:\/\/archiv.siov.sk\/?s={search_term_string}"},"query-input":{"@type":"PropertyValueSpecification","valueRequired":true,"valueName":"search_term_string"}}],"inLanguage":"en-GB"},{"@type":"Organization","@id":"https:\/\/archiv.siov.sk\/#organization","name":"\u0160IOV - \u0161t\u00e1tny in\u0161tit\u00fat odborn\u00e9ho vzdel\u00e1vania","url":"https:\/\/archiv.siov.sk\/","logo":{"@type":"ImageObject","inLanguage":"en-GB","@id":"https:\/\/archiv.siov.sk\/#\/schema\/logo\/image\/","url":"https:\/\/archiv.siov.sk\/wp-content\/uploads\/2024\/02\/logo-SIOV.png","contentUrl":"https:\/\/archiv.siov.sk\/wp-content\/uploads\/2024\/02\/logo-SIOV.png","width":431,"height":143,"caption":"\u0160IOV - \u0161t\u00e1tny in\u0161tit\u00fat odborn\u00e9ho vzdel\u00e1vania"},"image":{"@id":"https:\/\/archiv.siov.sk\/#\/schema\/logo\/image\/"},"sameAs":["https:\/\/www.facebook.com\/Statnyinstitutodbornehovzdelavania"]},{"@type":"Person","@id":"https:\/\/archiv.siov.sk\/#\/schema\/person\/e42d633fbd958c6a726e8834d8965e6c","name":"Katar\u00edna Kov\u00e1\u010dov\u00e1","url":"https:\/\/archiv.siov.sk\/en\/author\/katkakovacova\/"}]}},"_links":{"self":[{"href":"https:\/\/archiv.siov.sk\/en\/wp-json\/wp\/v2\/posts\/5959","targetHints":{"allow":["GET"]}}],"collection":[{"href":"https:\/\/archiv.siov.sk\/en\/wp-json\/wp\/v2\/posts"}],"about":[{"href":"https:\/\/archiv.siov.sk\/en\/wp-json\/wp\/v2\/types\/post"}],"author":[{"embeddable":true,"href":"https:\/\/archiv.siov.sk\/en\/wp-json\/wp\/v2\/users\/6"}],"replies":[{"embeddable":true,"href":"https:\/\/archiv.siov.sk\/en\/wp-json\/wp\/v2\/comments?post=5959"}],"version-history":[{"count":2,"href":"https:\/\/archiv.siov.sk\/en\/wp-json\/wp\/v2\/posts\/5959\/revisions"}],"predecessor-version":[{"id":5961,"href":"https:\/\/archiv.siov.sk\/en\/wp-json\/wp\/v2\/posts\/5959\/revisions\/5961"}],"wp:featuredmedia":[{"embeddable":true,"href":"https:\/\/archiv.siov.sk\/en\/wp-json\/wp\/v2\/media\/3894"}],"wp:attachment":[{"href":"https:\/\/archiv.siov.sk\/en\/wp-json\/wp\/v2\/media?parent=5959"}],"wp:term":[{"taxonomy":"category","embeddable":true,"href":"https:\/\/archiv.siov.sk\/en\/wp-json\/wp\/v2\/categories?post=5959"},{"taxonomy":"post_tag","embeddable":true,"href":"https:\/\/archiv.siov.sk\/en\/wp-json\/wp\/v2\/tags?post=5959"}],"curies":[{"name":"wp","href":"https:\/\/api.w.org\/{rel}","templated":true}]}}