{"id":5956,"date":"2020-05-04T11:17:42","date_gmt":"2020-05-04T09:17:42","guid":{"rendered":"https:\/\/archiv.siov.sk\/?p=5956"},"modified":"2020-05-04T11:23:41","modified_gmt":"2020-05-04T09:23:41","slug":"sutaz-zeleny-andel-pozna-vitazov","status":"publish","type":"post","link":"https:\/\/archiv.siov.sk\/en\/sutaz-zeleny-andel-pozna-vitazov\/","title":{"rendered":"S\u00fa\u0165a\u017e \u201eZelen\u00fd Andel\u201c pozn\u00e1 v\u00ed\u0165azov"},"content":{"rendered":"<p style=\"text-align: justify;\">V apr\u00edli&nbsp; bol \u00faspe\u0161ne ukon\u010den\u00fd 3. ro\u010dn\u00edk celoslovenskej s\u00fa\u0165a\u017ee &#8222;Zelen\u00fd Andel&#8220;. Cena je ur\u010den\u00e1 pre \u017eiakov v\u0161etk\u00fdch ro\u010dn\u00edkov \u0161tudijn\u00fdch odborov gymn\u00e1zi\u00ed, \u0161tudijn\u00fdch a u\u010debn\u00fdch odborov stredn\u00fdch \u0161k\u00f4l a konzervat\u00f3ri\u00ed. Cie\u013eom je podpora zv\u00fd\u0161enia z\u00e1ujmu \u017eiakov o vypracovanie projektu SO\u010c v s\u00fa\u0165a\u017en\u00fdch odboroch, ktor\u00e9 s\u00favisia s ochranou a obnovou \u017eivotn\u00e9ho prostredia, prehlbovanie vedomost\u00ed a zru\u010dnost\u00ed \u017eiakov, podpora s\u00fa\u0165a\u017eivosti \u017eiakov a z\u00edskavania sk\u00fasenost\u00ed pri prezentovan\u00ed svojich v\u00fdsledkov.<\/p>\n<p style=\"text-align: justify;\">\u017diaci na svojej &nbsp;\u0161kole spracovali projekt Stredo\u0161kolsk\u00e1 odborn\u00e1 \u010dinnos\u0165, zaregistrovali sa formou elektronickej prihl\u00e1\u0161ky na str\u00e1nke vysokej \u0161koly a zaslali&nbsp; svoju pr\u00e1cu, \u010d\u00edm sa zaradili do procesu hodnotenia.&nbsp;&nbsp;&nbsp;<\/p>\n<p style=\"text-align: justify;\">Do s\u00fa\u0165a\u017ee sa prihl\u00e1silo celkovo 39 pr\u00e1c od \u017eiakov z cel\u00e9ho Slovenska, z ktor\u00fdch vybrala odborn\u00e1 komisia 3 najlep\u0161ie pr\u00e1ce nasledovn\u00fdch \u017eiakov. Vzh\u013eadom na vysok\u00fa kvalitu pr\u00e1c sa odborn\u00e1 komisia rozhodla navy\u0161e udeli\u0165 3 mimoriadne ocenenia.<\/p>\n<ol>\n<li>miesto&nbsp;&#8211; Diplom spojen\u00fd so z\u00edskan\u00edm vecnej ceny:<br \/>\nEma&nbsp;Mi\u0161enkov\u00e1&nbsp;a&nbsp;Vikt\u00f3ria&nbsp;Barillov\u00e1&nbsp;(Katol\u00edcka spojen\u00e1 \u0161kola sv. Mikul\u00e1\u0161a, Pre\u0161ov)<\/li>\n<li>miesto &#8211;&nbsp;\u010cestn\u00e9 uznanie poroty spojen\u00e9 so z\u00edskan\u00edm vecnej ceny:<br \/>\nTom\u00e1\u0161 Trnka&nbsp;(Gymn\u00e1zium sv. Franti\u0161ka z Assisi, \u017dilina)<\/li>\n<\/ol>\n<ol start=\"3\">\n<li>miesto&nbsp;&#8211; \u010cestn\u00e9 uznanie garanta \u0161tudijn\u00e9ho programu &#8222;Ochrana a obnova \u017dP&#8220;&nbsp;<br \/>\nspojen\u00e9 so z\u00edskan\u00edm vecnej ceny: Lucia&nbsp;Tom\u00e1\u0161ov\u00e1&nbsp;(Stredn\u00e1 odborn\u00e1 \u0161kola drev\u00e1rska a stavebn\u00e1,&nbsp;Kr\u00e1sno nad Kysucou)<\/li>\n<\/ol>\n<p>&nbsp;<\/p>\n<p>Mimoriadne ocenenie&nbsp;za kvalitne vypracovan\u00fa pr\u00e1cu SO\u010c spojen\u00e9 so z\u00edskan\u00edm vecnej ceny<\/p>\n<p>z\u00edskava: Alexandra Mrkvov\u00e1&nbsp;(Gymn\u00e1zium Malacky)<\/p>\n<p>Mimoriadne ocenenie&nbsp;za kvalitn\u00fa v\u00fdskumn\u00fa pr\u00e1cu v ter\u00e9ne spojen\u00e9 so z\u00edskan\u00edm vecnej ceny &nbsp;z\u00edskava: Nat\u00e1lia&nbsp;Lanczov\u00e1&nbsp;(Stredn\u00e1 odborn\u00e1 \u0161kola obchodu a slu\u017eieb, Galanta)<\/p>\n<p>Mimoriadne ocenenie&nbsp;za kvalitn\u00fa pr\u00e1cu v oblasti environment\u00e1lneho vzdel\u00e1vania a v\u00fdchovy spojen\u00e9 so z\u00edskan\u00edm vecnej ceny z\u00edskava: Simona Ruckov\u00e1&nbsp;(Stredn\u00e1 odborn\u00e1 \u0161kola drev\u00e1rska a stavebn\u00e1,Kr\u00e1sno nad Kysucou)<\/p>\n<p>Zoznam v\u0161etk\u00fdch zapojen\u00fdch \u017eiakov a&nbsp;prezentovan\u00fdch odborn\u00fdch pr\u00e1c SO\u010c na str\u00e1nke UCM Trnava&nbsp; a&nbsp;\u0160IOV <a href=\"https:\/\/archiv.siov.sk\/en\/sutaze\/stredoskolska-odborna-cinnost\/\">https:\/\/archiv.siov.sk\/sutaze\/stredoskolska-odborna-cinnost\/<\/a>.<\/p>\n<p>S\u00fa\u0165a\u017e organizuje Katedra ekoch\u00e9mie a&nbsp;r\u00e1dioekol\u00f3gie Fakulty pr\u00edrodn\u00fdch vied Univerzity sv. Cyrila a&nbsp;Metoda v&nbsp;Trnave&nbsp; a&nbsp;vyhlasuje sa v&nbsp;spolupr\u00e1ci so \u0160t\u00e1tnym in\u0161tit\u00fatom odborn\u00e9ho vzdel\u00e1vania v&nbsp;Bratislave (\u0160IOV) a Odborom \u0161kolstva Okresn\u00e9ho \u00faradu v&nbsp;Trnave.<\/p>\n<p>&nbsp;<\/p>","protected":false},"excerpt":{"rendered":"<p>V apr\u00edli&nbsp; bol \u00faspe\u0161ne ukon\u010den\u00fd 3. ro\u010dn\u00edk celoslovenskej s\u00fa\u0165a\u017ee &#8222;Zelen\u00fd Andel&#8220;. Cena je ur\u010den\u00e1 pre \u017eiakov v\u0161etk\u00fdch ro\u010dn\u00edkov \u0161tudijn\u00fdch odborov gymn\u00e1zi\u00ed, \u0161tudijn\u00fdch a u\u010debn\u00fdch odborov stredn\u00fdch \u0161k\u00f4l a konzervat\u00f3ri\u00ed. Cie\u013eom je podpora zv\u00fd\u0161enia z\u00e1ujmu \u017eiakov o vypracovanie projektu SO\u010c v s\u00fa\u0165a\u017en\u00fdch odboroch, ktor\u00e9 s\u00favisia s ochranou a obnovou \u017eivotn\u00e9ho prostredia, prehlbovanie vedomost\u00ed a zru\u010dnost\u00ed \u017eiakov, [&hellip;]<\/p>\n","protected":false},"author":6,"featured_media":2331,"comment_status":"closed","ping_status":"closed","sticky":false,"template":"","format":"standard","meta":{"site-sidebar-layout":"default","site-content-layout":"","ast-site-content-layout":"default","site-content-style":"default","site-sidebar-style":"default","ast-global-header-display":"","ast-banner-title-visibility":"","ast-main-header-display":"","ast-hfb-above-header-display":"","ast-hfb-below-header-display":"","ast-hfb-mobile-header-display":"","site-post-title":"","ast-breadcrumbs-content":"","ast-featured-img":"","footer-sml-layout":"","ast-disable-related-posts":"","theme-transparent-header-meta":"","adv-header-id-meta":"","stick-header-meta":"","header-above-stick-meta":"","header-main-stick-meta":"","header-below-stick-meta":"","astra-migrate-meta-layouts":"default","ast-page-background-enabled":"default","ast-page-background-meta":{"desktop":{"background-color":"var(--ast-global-color-4)","background-image":"","background-repeat":"repeat","background-position":"center center","background-size":"auto","background-attachment":"scroll","background-type":"","background-media":"","overlay-type":"","overlay-color":"","overlay-opacity":"","overlay-gradient":""},"tablet":{"background-color":"","background-image":"","background-repeat":"repeat","background-position":"center center","background-size":"auto","background-attachment":"scroll","background-type":"","background-media":"","overlay-type":"","overlay-color":"","overlay-opacity":"","overlay-gradient":""},"mobile":{"background-color":"","background-image":"","background-repeat":"repeat","background-position":"center center","background-size":"auto","background-attachment":"scroll","background-type":"","background-media":"","overlay-type":"","overlay-color":"","overlay-opacity":"","overlay-gradient":""}},"ast-content-background-meta":{"desktop":{"background-color":"var(--ast-global-color-5)","background-image":"","background-repeat":"repeat","background-position":"center center","background-size":"auto","background-attachment":"scroll","background-type":"","background-media":"","overlay-type":"","overlay-color":"","overlay-opacity":"","overlay-gradient":""},"tablet":{"background-color":"var(--ast-global-color-5)","background-image":"","background-repeat":"repeat","background-position":"center center","background-size":"auto","background-attachment":"scroll","background-type":"","background-media":"","overlay-type":"","overlay-color":"","overlay-opacity":"","overlay-gradient":""},"mobile":{"background-color":"var(--ast-global-color-5)","background-image":"","background-repeat":"repeat","background-position":"center center","background-size":"auto","background-attachment":"scroll","background-type":"","background-media":"","overlay-type":"","overlay-color":"","overlay-opacity":"","overlay-gradient":""}},"footnotes":""},"categories":[1],"tags":[],"class_list":["post-5956","post","type-post","status-publish","format-standard","has-post-thumbnail","hentry","category-aktuality"],"yoast_head":"<!-- This site is optimized with the Yoast SEO plugin v27.5 - https:\/\/yoast.com\/product\/yoast-seo-wordpress\/ -->\n<title>S\u00fa\u0165a\u017e \u201eZelen\u00fd Andel\u201c pozn\u00e1 v\u00ed\u0165azov - \u0160IOV - \u0161t\u00e1tny in\u0161tit\u00fat odborn\u00e9ho vzdel\u00e1vania<\/title>\n<meta name=\"robots\" content=\"index, follow, max-snippet:-1, max-image-preview:large, max-video-preview:-1\" \/>\n<link rel=\"canonical\" href=\"https:\/\/archiv.siov.sk\/en\/sutaz-zeleny-andel-pozna-vitazov\/\" \/>\n<meta property=\"og:locale\" content=\"en_GB\" \/>\n<meta property=\"og:type\" content=\"article\" \/>\n<meta property=\"og:title\" content=\"S\u00fa\u0165a\u017e \u201eZelen\u00fd Andel\u201c pozn\u00e1 v\u00ed\u0165azov - \u0160IOV - \u0161t\u00e1tny in\u0161tit\u00fat odborn\u00e9ho vzdel\u00e1vania\" \/>\n<meta property=\"og:description\" content=\"V apr\u00edli&nbsp; bol \u00faspe\u0161ne ukon\u010den\u00fd 3. ro\u010dn\u00edk celoslovenskej s\u00fa\u0165a\u017ee &#8222;Zelen\u00fd Andel&#8220;. Cena je ur\u010den\u00e1 pre \u017eiakov v\u0161etk\u00fdch ro\u010dn\u00edkov \u0161tudijn\u00fdch odborov gymn\u00e1zi\u00ed, \u0161tudijn\u00fdch a u\u010debn\u00fdch odborov stredn\u00fdch \u0161k\u00f4l a konzervat\u00f3ri\u00ed. Cie\u013eom je podpora zv\u00fd\u0161enia z\u00e1ujmu \u017eiakov o vypracovanie projektu SO\u010c v s\u00fa\u0165a\u017en\u00fdch odboroch, ktor\u00e9 s\u00favisia s ochranou a obnovou \u017eivotn\u00e9ho prostredia, prehlbovanie vedomost\u00ed a zru\u010dnost\u00ed \u017eiakov, [&hellip;]\" \/>\n<meta property=\"og:url\" content=\"https:\/\/archiv.siov.sk\/en\/sutaz-zeleny-andel-pozna-vitazov\/\" \/>\n<meta property=\"og:site_name\" content=\"\u0160IOV - \u0161t\u00e1tny in\u0161tit\u00fat odborn\u00e9ho vzdel\u00e1vania\" \/>\n<meta property=\"article:publisher\" content=\"https:\/\/www.facebook.com\/Statnyinstitutodbornehovzdelavania\" \/>\n<meta property=\"article:published_time\" content=\"2020-05-04T09:17:42+00:00\" \/>\n<meta property=\"article:modified_time\" content=\"2020-05-04T09:23:41+00:00\" \/>\n<meta property=\"og:image\" content=\"https:\/\/archiv.siov.sk\/wp-content\/uploads\/2019\/02\/top_cvicne.jpg\" \/>\n\t<meta property=\"og:image:width\" content=\"1100\" \/>\n\t<meta property=\"og:image:height\" content=\"445\" \/>\n\t<meta property=\"og:image:type\" content=\"image\/jpeg\" \/>\n<meta name=\"author\" content=\"Katar\u00edna Kov\u00e1\u010dov\u00e1\" \/>\n<meta name=\"twitter:card\" content=\"summary_large_image\" \/>\n<meta name=\"twitter:label1\" content=\"Written by\" \/>\n\t<meta name=\"twitter:data1\" content=\"Katar\u00edna Kov\u00e1\u010dov\u00e1\" \/>\n\t<meta name=\"twitter:label2\" content=\"Estimated reading time\" \/>\n\t<meta name=\"twitter:data2\" content=\"2 minutes\" \/>\n<script type=\"application\/ld+json\" class=\"yoast-schema-graph\">{\"@context\":\"https:\\\/\\\/schema.org\",\"@graph\":[{\"@type\":\"Article\",\"@id\":\"https:\\\/\\\/archiv.siov.sk\\\/sutaz-zeleny-andel-pozna-vitazov\\\/#article\",\"isPartOf\":{\"@id\":\"https:\\\/\\\/archiv.siov.sk\\\/sutaz-zeleny-andel-pozna-vitazov\\\/\"},\"author\":{\"name\":\"Katar\u00edna Kov\u00e1\u010dov\u00e1\",\"@id\":\"https:\\\/\\\/archiv.siov.sk\\\/#\\\/schema\\\/person\\\/e42d633fbd958c6a726e8834d8965e6c\"},\"headline\":\"S\u00fa\u0165a\u017e \u201eZelen\u00fd Andel\u201c pozn\u00e1 v\u00ed\u0165azov\",\"datePublished\":\"2020-05-04T09:17:42+00:00\",\"dateModified\":\"2020-05-04T09:23:41+00:00\",\"mainEntityOfPage\":{\"@id\":\"https:\\\/\\\/archiv.siov.sk\\\/sutaz-zeleny-andel-pozna-vitazov\\\/\"},\"wordCount\":470,\"publisher\":{\"@id\":\"https:\\\/\\\/archiv.siov.sk\\\/#organization\"},\"image\":{\"@id\":\"https:\\\/\\\/archiv.siov.sk\\\/sutaz-zeleny-andel-pozna-vitazov\\\/#primaryimage\"},\"thumbnailUrl\":\"https:\\\/\\\/archiv.siov.sk\\\/wp-content\\\/uploads\\\/2019\\\/02\\\/top_cvicne.jpg\",\"articleSection\":[\"Aktuality\"],\"inLanguage\":\"en-GB\"},{\"@type\":\"WebPage\",\"@id\":\"https:\\\/\\\/archiv.siov.sk\\\/sutaz-zeleny-andel-pozna-vitazov\\\/\",\"url\":\"https:\\\/\\\/archiv.siov.sk\\\/sutaz-zeleny-andel-pozna-vitazov\\\/\",\"name\":\"S\u00fa\u0165a\u017e \u201eZelen\u00fd Andel\u201c pozn\u00e1 v\u00ed\u0165azov - \u0160IOV - \u0161t\u00e1tny in\u0161tit\u00fat odborn\u00e9ho vzdel\u00e1vania\",\"isPartOf\":{\"@id\":\"https:\\\/\\\/archiv.siov.sk\\\/#website\"},\"primaryImageOfPage\":{\"@id\":\"https:\\\/\\\/archiv.siov.sk\\\/sutaz-zeleny-andel-pozna-vitazov\\\/#primaryimage\"},\"image\":{\"@id\":\"https:\\\/\\\/archiv.siov.sk\\\/sutaz-zeleny-andel-pozna-vitazov\\\/#primaryimage\"},\"thumbnailUrl\":\"https:\\\/\\\/archiv.siov.sk\\\/wp-content\\\/uploads\\\/2019\\\/02\\\/top_cvicne.jpg\",\"datePublished\":\"2020-05-04T09:17:42+00:00\",\"dateModified\":\"2020-05-04T09:23:41+00:00\",\"breadcrumb\":{\"@id\":\"https:\\\/\\\/archiv.siov.sk\\\/sutaz-zeleny-andel-pozna-vitazov\\\/#breadcrumb\"},\"inLanguage\":\"en-GB\",\"potentialAction\":[{\"@type\":\"ReadAction\",\"target\":[\"https:\\\/\\\/archiv.siov.sk\\\/sutaz-zeleny-andel-pozna-vitazov\\\/\"]}]},{\"@type\":\"ImageObject\",\"inLanguage\":\"en-GB\",\"@id\":\"https:\\\/\\\/archiv.siov.sk\\\/sutaz-zeleny-andel-pozna-vitazov\\\/#primaryimage\",\"url\":\"https:\\\/\\\/archiv.siov.sk\\\/wp-content\\\/uploads\\\/2019\\\/02\\\/top_cvicne.jpg\",\"contentUrl\":\"https:\\\/\\\/archiv.siov.sk\\\/wp-content\\\/uploads\\\/2019\\\/02\\\/top_cvicne.jpg\",\"width\":1100,\"height\":445,\"caption\":\"Ve\u013etrh cvi\u010dn\u00fdch firiem prever\u00ed firmy zalo\u017een\u00e9 \u017eiakmi stredn\u00fdch \u0161k\u00f4l\"},{\"@type\":\"BreadcrumbList\",\"@id\":\"https:\\\/\\\/archiv.siov.sk\\\/sutaz-zeleny-andel-pozna-vitazov\\\/#breadcrumb\",\"itemListElement\":[{\"@type\":\"ListItem\",\"position\":1,\"name\":\"Home\",\"item\":\"https:\\\/\\\/archiv.siov.sk\\\/\"},{\"@type\":\"ListItem\",\"position\":2,\"name\":\"S\u00fa\u0165a\u017e \u201eZelen\u00fd Andel\u201c pozn\u00e1 v\u00ed\u0165azov\"}]},{\"@type\":\"WebSite\",\"@id\":\"https:\\\/\\\/archiv.siov.sk\\\/#website\",\"url\":\"https:\\\/\\\/archiv.siov.sk\\\/\",\"name\":\"\u0160IOV - \u0161t\u00e1tny in\u0161tit\u00fat odborn\u00e9ho vzdel\u00e1vania\",\"description\":\"\",\"publisher\":{\"@id\":\"https:\\\/\\\/archiv.siov.sk\\\/#organization\"},\"potentialAction\":[{\"@type\":\"SearchAction\",\"target\":{\"@type\":\"EntryPoint\",\"urlTemplate\":\"https:\\\/\\\/archiv.siov.sk\\\/?s={search_term_string}\"},\"query-input\":{\"@type\":\"PropertyValueSpecification\",\"valueRequired\":true,\"valueName\":\"search_term_string\"}}],\"inLanguage\":\"en-GB\"},{\"@type\":\"Organization\",\"@id\":\"https:\\\/\\\/archiv.siov.sk\\\/#organization\",\"name\":\"\u0160IOV - \u0161t\u00e1tny in\u0161tit\u00fat odborn\u00e9ho vzdel\u00e1vania\",\"url\":\"https:\\\/\\\/archiv.siov.sk\\\/\",\"logo\":{\"@type\":\"ImageObject\",\"inLanguage\":\"en-GB\",\"@id\":\"https:\\\/\\\/archiv.siov.sk\\\/#\\\/schema\\\/logo\\\/image\\\/\",\"url\":\"https:\\\/\\\/archiv.siov.sk\\\/wp-content\\\/uploads\\\/2024\\\/02\\\/logo-SIOV.png\",\"contentUrl\":\"https:\\\/\\\/archiv.siov.sk\\\/wp-content\\\/uploads\\\/2024\\\/02\\\/logo-SIOV.png\",\"width\":431,\"height\":143,\"caption\":\"\u0160IOV - \u0161t\u00e1tny in\u0161tit\u00fat odborn\u00e9ho vzdel\u00e1vania\"},\"image\":{\"@id\":\"https:\\\/\\\/archiv.siov.sk\\\/#\\\/schema\\\/logo\\\/image\\\/\"},\"sameAs\":[\"https:\\\/\\\/www.facebook.com\\\/Statnyinstitutodbornehovzdelavania\"]},{\"@type\":\"Person\",\"@id\":\"https:\\\/\\\/archiv.siov.sk\\\/#\\\/schema\\\/person\\\/e42d633fbd958c6a726e8834d8965e6c\",\"name\":\"Katar\u00edna Kov\u00e1\u010dov\u00e1\",\"url\":\"https:\\\/\\\/archiv.siov.sk\\\/en\\\/author\\\/katkakovacova\\\/\"}]}<\/script>\n<!-- \/ Yoast SEO plugin. -->","yoast_head_json":{"title":"S\u00fa\u0165a\u017e \u201eZelen\u00fd Andel\u201c pozn\u00e1 v\u00ed\u0165azov - \u0160IOV - \u0161t\u00e1tny in\u0161tit\u00fat odborn\u00e9ho vzdel\u00e1vania","robots":{"index":"index","follow":"follow","max-snippet":"max-snippet:-1","max-image-preview":"max-image-preview:large","max-video-preview":"max-video-preview:-1"},"canonical":"https:\/\/archiv.siov.sk\/en\/sutaz-zeleny-andel-pozna-vitazov\/","og_locale":"en_GB","og_type":"article","og_title":"S\u00fa\u0165a\u017e \u201eZelen\u00fd Andel\u201c pozn\u00e1 v\u00ed\u0165azov - \u0160IOV - \u0161t\u00e1tny in\u0161tit\u00fat odborn\u00e9ho vzdel\u00e1vania","og_description":"V apr\u00edli&nbsp; bol \u00faspe\u0161ne ukon\u010den\u00fd 3. ro\u010dn\u00edk celoslovenskej s\u00fa\u0165a\u017ee &#8222;Zelen\u00fd Andel&#8220;. Cena je ur\u010den\u00e1 pre \u017eiakov v\u0161etk\u00fdch ro\u010dn\u00edkov \u0161tudijn\u00fdch odborov gymn\u00e1zi\u00ed, \u0161tudijn\u00fdch a u\u010debn\u00fdch odborov stredn\u00fdch \u0161k\u00f4l a konzervat\u00f3ri\u00ed. Cie\u013eom je podpora zv\u00fd\u0161enia z\u00e1ujmu \u017eiakov o vypracovanie projektu SO\u010c v s\u00fa\u0165a\u017en\u00fdch odboroch, ktor\u00e9 s\u00favisia s ochranou a obnovou \u017eivotn\u00e9ho prostredia, prehlbovanie vedomost\u00ed a zru\u010dnost\u00ed \u017eiakov, [&hellip;]","og_url":"https:\/\/archiv.siov.sk\/en\/sutaz-zeleny-andel-pozna-vitazov\/","og_site_name":"\u0160IOV - \u0161t\u00e1tny in\u0161tit\u00fat odborn\u00e9ho vzdel\u00e1vania","article_publisher":"https:\/\/www.facebook.com\/Statnyinstitutodbornehovzdelavania","article_published_time":"2020-05-04T09:17:42+00:00","article_modified_time":"2020-05-04T09:23:41+00:00","og_image":[{"width":1100,"height":445,"url":"https:\/\/archiv.siov.sk\/wp-content\/uploads\/2019\/02\/top_cvicne.jpg","type":"image\/jpeg"}],"author":"Katar\u00edna Kov\u00e1\u010dov\u00e1","twitter_card":"summary_large_image","twitter_misc":{"Written by":"Katar\u00edna Kov\u00e1\u010dov\u00e1","Estimated reading time":"2 minutes"},"schema":{"@context":"https:\/\/schema.org","@graph":[{"@type":"Article","@id":"https:\/\/archiv.siov.sk\/sutaz-zeleny-andel-pozna-vitazov\/#article","isPartOf":{"@id":"https:\/\/archiv.siov.sk\/sutaz-zeleny-andel-pozna-vitazov\/"},"author":{"name":"Katar\u00edna Kov\u00e1\u010dov\u00e1","@id":"https:\/\/archiv.siov.sk\/#\/schema\/person\/e42d633fbd958c6a726e8834d8965e6c"},"headline":"S\u00fa\u0165a\u017e \u201eZelen\u00fd Andel\u201c pozn\u00e1 v\u00ed\u0165azov","datePublished":"2020-05-04T09:17:42+00:00","dateModified":"2020-05-04T09:23:41+00:00","mainEntityOfPage":{"@id":"https:\/\/archiv.siov.sk\/sutaz-zeleny-andel-pozna-vitazov\/"},"wordCount":470,"publisher":{"@id":"https:\/\/archiv.siov.sk\/#organization"},"image":{"@id":"https:\/\/archiv.siov.sk\/sutaz-zeleny-andel-pozna-vitazov\/#primaryimage"},"thumbnailUrl":"https:\/\/archiv.siov.sk\/wp-content\/uploads\/2019\/02\/top_cvicne.jpg","articleSection":["Aktuality"],"inLanguage":"en-GB"},{"@type":"WebPage","@id":"https:\/\/archiv.siov.sk\/sutaz-zeleny-andel-pozna-vitazov\/","url":"https:\/\/archiv.siov.sk\/sutaz-zeleny-andel-pozna-vitazov\/","name":"S\u00fa\u0165a\u017e \u201eZelen\u00fd Andel\u201c pozn\u00e1 v\u00ed\u0165azov - \u0160IOV - \u0161t\u00e1tny in\u0161tit\u00fat odborn\u00e9ho vzdel\u00e1vania","isPartOf":{"@id":"https:\/\/archiv.siov.sk\/#website"},"primaryImageOfPage":{"@id":"https:\/\/archiv.siov.sk\/sutaz-zeleny-andel-pozna-vitazov\/#primaryimage"},"image":{"@id":"https:\/\/archiv.siov.sk\/sutaz-zeleny-andel-pozna-vitazov\/#primaryimage"},"thumbnailUrl":"https:\/\/archiv.siov.sk\/wp-content\/uploads\/2019\/02\/top_cvicne.jpg","datePublished":"2020-05-04T09:17:42+00:00","dateModified":"2020-05-04T09:23:41+00:00","breadcrumb":{"@id":"https:\/\/archiv.siov.sk\/sutaz-zeleny-andel-pozna-vitazov\/#breadcrumb"},"inLanguage":"en-GB","potentialAction":[{"@type":"ReadAction","target":["https:\/\/archiv.siov.sk\/sutaz-zeleny-andel-pozna-vitazov\/"]}]},{"@type":"ImageObject","inLanguage":"en-GB","@id":"https:\/\/archiv.siov.sk\/sutaz-zeleny-andel-pozna-vitazov\/#primaryimage","url":"https:\/\/archiv.siov.sk\/wp-content\/uploads\/2019\/02\/top_cvicne.jpg","contentUrl":"https:\/\/archiv.siov.sk\/wp-content\/uploads\/2019\/02\/top_cvicne.jpg","width":1100,"height":445,"caption":"Ve\u013etrh cvi\u010dn\u00fdch firiem prever\u00ed firmy zalo\u017een\u00e9 \u017eiakmi stredn\u00fdch \u0161k\u00f4l"},{"@type":"BreadcrumbList","@id":"https:\/\/archiv.siov.sk\/sutaz-zeleny-andel-pozna-vitazov\/#breadcrumb","itemListElement":[{"@type":"ListItem","position":1,"name":"Home","item":"https:\/\/archiv.siov.sk\/"},{"@type":"ListItem","position":2,"name":"S\u00fa\u0165a\u017e \u201eZelen\u00fd Andel\u201c pozn\u00e1 v\u00ed\u0165azov"}]},{"@type":"WebSite","@id":"https:\/\/archiv.siov.sk\/#website","url":"https:\/\/archiv.siov.sk\/","name":"\u0160IOV - \u0161t\u00e1tny in\u0161tit\u00fat odborn\u00e9ho vzdel\u00e1vania","description":"","publisher":{"@id":"https:\/\/archiv.siov.sk\/#organization"},"potentialAction":[{"@type":"SearchAction","target":{"@type":"EntryPoint","urlTemplate":"https:\/\/archiv.siov.sk\/?s={search_term_string}"},"query-input":{"@type":"PropertyValueSpecification","valueRequired":true,"valueName":"search_term_string"}}],"inLanguage":"en-GB"},{"@type":"Organization","@id":"https:\/\/archiv.siov.sk\/#organization","name":"\u0160IOV - \u0161t\u00e1tny in\u0161tit\u00fat odborn\u00e9ho vzdel\u00e1vania","url":"https:\/\/archiv.siov.sk\/","logo":{"@type":"ImageObject","inLanguage":"en-GB","@id":"https:\/\/archiv.siov.sk\/#\/schema\/logo\/image\/","url":"https:\/\/archiv.siov.sk\/wp-content\/uploads\/2024\/02\/logo-SIOV.png","contentUrl":"https:\/\/archiv.siov.sk\/wp-content\/uploads\/2024\/02\/logo-SIOV.png","width":431,"height":143,"caption":"\u0160IOV - \u0161t\u00e1tny in\u0161tit\u00fat odborn\u00e9ho vzdel\u00e1vania"},"image":{"@id":"https:\/\/archiv.siov.sk\/#\/schema\/logo\/image\/"},"sameAs":["https:\/\/www.facebook.com\/Statnyinstitutodbornehovzdelavania"]},{"@type":"Person","@id":"https:\/\/archiv.siov.sk\/#\/schema\/person\/e42d633fbd958c6a726e8834d8965e6c","name":"Katar\u00edna Kov\u00e1\u010dov\u00e1","url":"https:\/\/archiv.siov.sk\/en\/author\/katkakovacova\/"}]}},"_links":{"self":[{"href":"https:\/\/archiv.siov.sk\/en\/wp-json\/wp\/v2\/posts\/5956","targetHints":{"allow":["GET"]}}],"collection":[{"href":"https:\/\/archiv.siov.sk\/en\/wp-json\/wp\/v2\/posts"}],"about":[{"href":"https:\/\/archiv.siov.sk\/en\/wp-json\/wp\/v2\/types\/post"}],"author":[{"embeddable":true,"href":"https:\/\/archiv.siov.sk\/en\/wp-json\/wp\/v2\/users\/6"}],"replies":[{"embeddable":true,"href":"https:\/\/archiv.siov.sk\/en\/wp-json\/wp\/v2\/comments?post=5956"}],"version-history":[{"count":2,"href":"https:\/\/archiv.siov.sk\/en\/wp-json\/wp\/v2\/posts\/5956\/revisions"}],"predecessor-version":[{"id":5958,"href":"https:\/\/archiv.siov.sk\/en\/wp-json\/wp\/v2\/posts\/5956\/revisions\/5958"}],"wp:featuredmedia":[{"embeddable":true,"href":"https:\/\/archiv.siov.sk\/en\/wp-json\/wp\/v2\/media\/2331"}],"wp:attachment":[{"href":"https:\/\/archiv.siov.sk\/en\/wp-json\/wp\/v2\/media?parent=5956"}],"wp:term":[{"taxonomy":"category","embeddable":true,"href":"https:\/\/archiv.siov.sk\/en\/wp-json\/wp\/v2\/categories?post=5956"},{"taxonomy":"post_tag","embeddable":true,"href":"https:\/\/archiv.siov.sk\/en\/wp-json\/wp\/v2\/tags?post=5956"}],"curies":[{"name":"wp","href":"https:\/\/api.w.org\/{rel}","templated":true}]}}