{"id":5884,"date":"2020-04-27T09:14:18","date_gmt":"2020-04-27T07:14:18","guid":{"rendered":"https:\/\/archiv.siov.sk\/?p=5884"},"modified":"2020-04-27T09:14:18","modified_gmt":"2020-04-27T07:14:18","slug":"moznosti-ako-organizovat-ovp-v-case-koronavirusu","status":"publish","type":"post","link":"https:\/\/archiv.siov.sk\/en\/moznosti-ako-organizovat-ovp-v-case-koronavirusu\/","title":{"rendered":"Mo\u017enosti ako organizova\u0165 OVP v \u010dase koronav\u00edrusu"},"content":{"rendered":"<p><strong>Praktick\u00e9 vyu\u010dovanie v&nbsp;SO\u0160 v&nbsp;obdob\u00ed pand\u00e9mie koronav\u00edrusu<\/strong><\/p>\n<p style=\"text-align: justify;\"><strong>&nbsp;<\/strong>Na z\u00e1klade uznesenia Vl\u00e1dy SR \u010d. 111 z 11.3. 2020&nbsp;o vyhl\u00e1sen\u00ed mimoriadnej situ\u00e1cie,&nbsp; uznesenia Vl\u00e1dy SR \u010d. 114 z&nbsp;15. 3. 2020 o&nbsp;vyhl\u00e1sen\u00ed n\u00fadzov\u00e9ho stavu a&nbsp;na z\u00e1klade usmernen\u00ed Ministerstva \u0161kolstva, vedy, v\u00fdskumu a&nbsp;\u0161portu SR v&nbsp;s\u00favislosti&nbsp; s ohrozen\u00edm verejn\u00e9ho zdravia z d\u00f4vodu ochorenia COVID-19 sp\u00f4soben\u00fdm koronav\u00edrusom SARS-CoV-2 sa preru\u0161ilo vyu\u010dovanie na \u0161kol\u00e1ch v obdob\u00ed od 16. marca do odvolania.<\/p>\n<p style=\"text-align: justify;\">\u0160t\u00e1tny in\u0161tit\u00fat odborn\u00e9ho vzdel\u00e1vania v&nbsp;s\u00favislosti s&nbsp;aktu\u00e1lnou situ\u00e1ciou navrhuje nasleduj\u00face usmernenia pre praktick\u00e9 vzdel\u00e1vanie pre stredn\u00e9 odborn\u00e9 \u0161koly, stredn\u00e9 \u0161portov\u00e9 \u0161koly, \u0161koly umeleck\u00e9ho priemyslu, konzervat\u00f3ria, stavovsk\u00e9 a&nbsp;profesijn\u00e9 organiz\u00e1cie a&nbsp;zamestn\u00e1vate\u013eov pre OVP vr\u00e1tane SDV pre \u0161kolsk\u00fd rok 2019\/2020.<\/p>\n<ol>\n<li><strong>Realiz\u00e1cia praktick\u00e9ho vyu\u010dovania \u2013 v\u0161eobecn\u00e9 odpor\u00fa\u010dania<\/strong><\/li>\n<\/ol>\n<p style=\"text-align: justify;\">Neoddelite\u013enou s\u00fa\u010das\u0165ou odborn\u00e9ho vzdel\u00e1vania a&nbsp;pr\u00edpravy je v&nbsp;SO\u0160 praktick\u00e9 vzdel\u00e1vanie. Praktick\u00e9 vyu\u010dovania, ktor\u00e9ho cie\u013eom je z\u00edskavanie odborn\u00fdch zru\u010dnost\u00ed a&nbsp;sp\u00f4sobilost\u00ed na v\u00fdkon povolania, nie je mo\u017en\u00e9 nahradi\u0165 di\u0161tan\u010dnou formou vzdel\u00e1vania v&nbsp;plnej miere nako\u013eko sa po\u010das preru\u0161enia vyu\u010dovania v&nbsp;\u0161kol\u00e1ch praktick\u00e9 vyu\u010dovanie neuskuto\u010d\u0148uje v&nbsp;dielni \u0161koly a&nbsp;ani na pracovisku praktick\u00e9ho vyu\u010dovania v&nbsp;syst\u00e9me du\u00e1lneho vzdel\u00e1vania alebo na pracovisku zamestn\u00e1vate\u013ea v&nbsp;syst\u00e9me \u0161kolsk\u00e9ho vzdel\u00e1vania.<\/p>\n<p>Po\u010das obdobia preru\u0161enia&nbsp; vyu\u010dovania navrhujeme \u0161kol\u00e1m:<\/p>\n<ul>\n<li>posilni\u0165 teoretick\u00e9 vyu\u010dovanie realizovan\u00e9 formou di\u0161tan\u010dn\u00e9ho (online) vzdel\u00e1vania,<\/li>\n<li>presun\u00fa\u0165 praktick\u00e9 vyu\u010dovanie (pod\u013ea charakteru odborov vzdel\u00e1vania):<\/li>\n<li>do vy\u0161\u0161\u00edch ro\u010dn\u00edkov \u0161t\u00fadia, alebo na za\u010diatok \u0161kolsk\u00e9ho roka 2020\/2021,<\/li>\n<li>Posilni\u0165 spolupr\u00e1cu medzi \u0161kolami a&nbsp;konkr\u00e9tnymi zamestn\u00e1vate\u013emi:<\/li>\n<li>\u0161kol\u00e1m poskytn\u00fa\u0165 a umo\u017eni\u0165 pou\u017ei\u0165 vide\u00e1 z jednotliv\u00fdch v\u00fdrobn\u00fdch liniek, postupov, strojn\u00e9ho zariadenia, technol\u00f3gi\u00ed &#8230;. a&nbsp;simul\u00e1ci\u00ed, ktor\u00e9 maj\u00fa k&nbsp;dispoz\u00edcii podniky v s\u00falade s ich firemnou politikou,<\/li>\n<li>poskytn\u00fa\u0165 \u0161kol\u00e1m intern\u00e9 v\u00fdu\u010dbov\u00e9 materi\u00e1ly podniku (v s\u00falade s ich firemnou politikou), o&nbsp;ich vhodnosti sa poradi\u0165 s&nbsp;pedagogick\u00fdmi zamestnancami \u0161koly,<\/li>\n<li>umo\u017eni\u0165 extern\u00fd pr\u00edstup pedag\u00f3gom\/\u017eiakom do intern\u00e9ho \u0161koliace syst\u00e9mu, ktor\u00fd maj\u00fa podniky pre svojich zamestnancov, v s\u00falade s ich firemnou politikou.<\/li>\n<li>Vyu\u017ei\u0165 vzdel\u00e1vacie programy pre jednotliv\u00e9 skupiny odborov vzdel\u00e1vania na str\u00e1nke: <a href=\"https:\/\/archiv.siov.sk\/en\/ucme-sa-doma\/\">https:\/\/archiv.siov.sk\/ucme-sa-doma\/<\/a><\/li>\n<li>Vyu\u017ei\u0165 mo\u017enosti online vzdel\u00e1vania (odpor\u00fa\u010dania pre jednotliv\u00e9 skupiny odborov s\u00fa uveden\u00e9 v&nbsp;pr\u00edlohe 1)<\/li>\n<li>Vyu\u017ei\u0165 projektov\u00fa v\u00fdu\u010dbu odborn\u00fdch predmetov online \u2013 pr\u00edprava modelov\u00fdch situ\u00e1ci\u00ed a&nbsp;projektov\u00fdch \u0161t\u00fadi\u00ed (napr. pr\u00edprava dezinfek\u010dn\u00fdch prostriedkov pre chemick\u00e9 odbory vzdel\u00e1vania, simul\u00e1cie \u010dinnost\u00ed, rie\u0161enie pr\u00edpadov\u00fdch \u0161t\u00fadi\u00ed, podnikate\u013eke pl\u00e1ny, technick\u00e9 v\u00fdkresy, v\u00fdtvarn\u00e9 pr\u00e1ce, &nbsp;zvukov\u00e9 z\u00e1znamy &nbsp;hudby a&nbsp;prednesu a&nbsp;in\u00e9.<\/li>\n<li>Vyu\u017ei\u0165 virtu\u00e1lne u\u010debne.<\/li>\n<li>Realizova\u0165 videokonferencie s&nbsp;odborn\u00edkmi z&nbsp;praxe zo SR a&nbsp;aj zahrani\u010dia.<\/li>\n<li>Vyu\u017ei\u0165 potenci\u00e1l cvi\u010dn\u00fdch firiem.<\/li>\n<li>Pripravova\u0165 kr\u00e1tke vide\u00e1 napr. s&nbsp;postupom v\u00fdroby ur\u010dit\u00e9ho v\u00fdrobku (cukr\u00e1rsky\/pek\u00e1rsky v\u00fdrobok, odevn\u00fd v\u00fdrobok&#8230;.) alebo slu\u017eby (tvorba \u00fa\u010desu, aran\u017eovanie, &#8230;.)<\/li>\n<li>In\u0161pirova\u0165 sa zahrani\u010dn\u00fdmi odpor\u00fa\u010daniami (pr\u00edklady rie\u0161en\u00ed z&nbsp;jednotliv\u00fdch kraj\u00edn s\u00fa uveden\u00e9 v pr\u00edlohe 2)<\/li>\n<\/ul>\n<p>&nbsp;<\/p>\n<p>Pre MOV odpor\u00fa\u010dame:<\/p>\n<ul>\n<li>\u00fazko spolupracova\u0165 s&nbsp;u\u010dite\u013emi odborn\u00fdch predmetov, hlavne technol\u00f3gie, strojov a&nbsp;zariaden\u00ed, automatiz\u00e1cie a&nbsp;merania \u2013 pod\u013ea charakteru odboru vzdel\u00e1vania,<\/li>\n<li>pripravi\u0165 postupy zameran\u00e9 hlavne na BOZP, spolupracova\u0165 s&nbsp;podnikom a&nbsp;implementova\u0165 intern\u00e9 predpisy BOZP do vzdel\u00e1vania,<\/li>\n<li>pripravi\u0165 in\u0161trukt\u00e1\u017ee, pracovn\u00e9 listy, n\u00e1vody, technologick\u00e9 postupy,<\/li>\n<li>pripravi\u0165 a&nbsp;zada\u0165 na realiz\u00e1ciu pr\u00e1ce z&nbsp;odborn\u00e9ho kreslenia, technick\u00e9ho kreslenia \u2013 pod\u013ea charakteru odboru vzdel\u00e1vania,<\/li>\n<li>\u00fazko spolupracova\u0165 s&nbsp;konkr\u00e9tnym podnikom, vyu\u017ei\u0165 vide\u00e1 z jednotliv\u00fdch technologick\u00fdch a&nbsp;v\u00fdrobn\u00fdch uzlov, jednotiek a&nbsp;zariaden\u00ed, strojov, regula\u010dn\u00fdch prvkov a&nbsp;simul\u00e1ci\u00ed, ktor\u00e9 maj\u00fa k&nbsp;dispoz\u00edcii podniky v s\u00falade s ich firemnou politikou \u2013 pod\u013ea charakteru odboru vzdel\u00e1vania<\/li>\n<li>pripravi\u0165 metodick\u00e9 pokyny a&nbsp;zada\u0165 pr\u00edpravu v\u00fdrobku, poloproduktu, slu\u017eby a&nbsp;in\u00e9, kde je to mo\u017en\u00e9 vykona\u0165 v&nbsp;dom\u00e1cich podmienkach &nbsp;v&nbsp;s\u00falade s&nbsp;odborom vzdel\u00e1vania.<\/li>\n<\/ul>\n<p><strong>&nbsp; &nbsp; &nbsp; 2. \u010casov\u00e1 dot\u00e1cia praktick\u00e9ho vyu\u010dovania v \u0160VP<\/strong><\/p>\n<p>\u010casov\u00e1 dot\u00e1cia PV je vymedzen\u00e1 v&nbsp;\u0160t\u00e1tnych vzdel\u00e1vac\u00edch programoch (\u010falej \u0160VP) pre jednotliv\u00e9 skupiny odborov vzdel\u00e1vania. Minim\u00e1lny celkov\u00fd po\u010det hod\u00edn za \u0161t\u00fadium v&nbsp;\u0160VP pre:<\/p>\n<p>U\u010debn\u00e9 odbory 3-ro\u010dn\u00e9 (H): 1520 hod\u00edn<\/p>\n<p>\u0160tudijn\u00e9 odbory s&nbsp;odbornou praxou (M): 832 hod\u00edn<\/p>\n<p>\u0160tudijn\u00e9 odbory s&nbsp;odborn\u00fdm v\u00fdcvikom (K): 1408 hod\u00edn<\/p>\n<p><strong>&nbsp;<\/strong><strong>Predpokladan\u00fd po\u010det hod\u00edn nezrealizovan\u00e9ho praktick\u00e9ho vyu\u010dovania z&nbsp;d\u00f4vodu preru\u0161enia vyu\u010dovanie od 16.marca 2020:<\/strong><\/p>\n<p><strong>&nbsp;<\/strong><\/p>\n<p><strong>Posledn\u00fd ro\u010dn\u00edk<\/strong><\/p>\n<ul>\n<li><u>ro\u010dn\u00edk odbor K<\/u>: marec 5 dn\u00ed, apr\u00edl 10 dn\u00ed, m\u00e1j 5 dn\u00ed, <u>celkom 20 dn\u00ed alebo aj menej<\/u> o&nbsp;po\u010det dn\u00ed realiz\u00e1cie P\u010cOZ MS (aj 5 dn\u00ed preru\u0161en\u00e9 PV pod\u013ea po\u010dtu \u017eiakov) \u2013 preru\u0161enie <strong>PV cca 6 % z&nbsp;rozsahu PV za \u0161t\u00fadium<\/strong> (322,5 dn\u00ed)<\/li>\n<li><u>ro\u010dn\u00edk odbor M<\/u>: marec a\u017e m\u00e1j <u>celkom cca 8 dn\u00ed<\/u> po 6 h, ak bola odborn\u00e1 prax 1 de\u0148 v&nbsp;t\u00fd\u017edni (\u010dasto je iba 4 h za t\u00fd\u017ede\u0148) &nbsp;\u2013 preru\u0161enie PV <strong>cca 6 % z&nbsp;rozsahu PV za \u0161t\u00fadium<\/strong> (129 dn\u00ed po 4 a\u017e 6 h)<\/li>\n<li><u> ro\u010dn\u00edk odbor H<\/u>: marec 5 a\u017e 6 dn\u00ed, apr\u00edl 10 a\u017e 12 dn\u00ed, m\u00e1j 10 a\u017e 12 dn\u00ed, j\u00fan 5 a\u017e 6 dn\u00ed, <u>celkom 30 dn\u00ed a\u017e 36 dn\u00ed<\/u> \u2013 preru\u0161enie PV <strong>cca 12 % z&nbsp;rozsahu PV za \u0161t\u00fadium <\/strong>(240 a\u017e 288 dn\u00ed)<\/li>\n<\/ul>\n<ol start=\"2\">\n<li><strong>a vy\u0161\u0161\u00ed ro\u010dn\u00edk mimo SDV alebo v\u0161etky ni\u017e\u0161ie ro\u010dn\u00edky v SDV<\/strong><\/li>\n<\/ol>\n<ul>\n<li><u>odbor K<\/u>: marec 5 dn\u00ed, apr\u00edl 10 dn\u00ed, m\u00e1j 10 dn\u00ed, j\u00fan 10 dn\u00ed, <u>celkom 35 dn\u00ed alebo aj menej<\/u> o&nbsp;po\u010det dn\u00ed realiz\u00e1cie P\u010cOZ MS (aj 5 dn\u00ed preru\u0161en\u00e9 PV pod\u013ea po\u010dtu \u017eiakov) \u2013 <strong>preru\u0161enie PV cca 11 % z&nbsp;rozsahu PV za \u0161t\u00fadium<\/strong> (322,5 dn\u00ed)<\/li>\n<li><u>odbor M<\/u>: marec a\u017e j\u00fan <u>celkom cca 15 dn\u00ed<\/u> po 6 h, ak bola odborn\u00e1 prax 1 de\u0148 v&nbsp;t\u00fd\u017edni (\u010dasto je iba 4 h za t\u00fd\u017ede\u0148) &nbsp;\u2013 preru\u0161enie PV <strong>cca 11&nbsp;% z&nbsp;rozsahu PV za \u0161t\u00fadium<\/strong> (129 dn\u00ed po 4 a\u017e 6 h)<\/li>\n<li><u>odbor H<\/u>: marec 5 a\u017e 6 dn\u00ed, apr\u00edl 10 a\u017e 12 dn\u00ed, m\u00e1j 10 a\u017e 12 dn\u00ed, j\u00fan 10 a\u017e 12 dn\u00ed, <u>celkom 35 dn\u00ed a\u017e 42 dn\u00ed<\/u> \u2013 preru\u0161enie PV <strong>cca 14 % z&nbsp;rozsahu PV za \u0161t\u00fadium<\/strong> (240 a\u017e 288 dn\u00ed)<\/li>\n<\/ul>\n<p><strong>&nbsp;<\/strong><\/p>\n<p><strong>Pr\u00edlohy:<\/strong><\/p>\n<p><a href=\"https:\/\/archiv.siov.sk\/wp-content\/uploads\/2020\/04\/Pr\u00edloha-_1_PV_-OVP.pdf\" target=\"_blank\" rel=\"noopener noreferrer\"><img decoding=\"async\" class=\"alignnone  wp-image-5715\" src=\"https:\/\/archiv.siov.sk\/wp-content\/uploads\/2020\/04\/pdf.png\" alt=\"\" width=\"41\" height=\"41\" srcset=\"https:\/\/archiv.siov.sk\/wp-content\/uploads\/2020\/04\/pdf.png 300w, https:\/\/archiv.siov.sk\/wp-content\/uploads\/2020\/04\/pdf-150x150.png 150w\" sizes=\"(max-width: 41px) 100vw, 41px\" \/><strong>Pr\u00edloha 1 PV v OVP<\/strong><\/a><\/p>\n<p><a href=\"https:\/\/archiv.siov.sk\/wp-content\/uploads\/2020\/04\/Pr\u00edloha_2_COVID19_a_OVP-Ako-sa-organizuje-poskytovanie-odborn\u00e9ho-vzdel\u00e1vania-a-pr\u00edpravy-s-cie\u013eom-\u010deli\u0165-situ\u00e1cii-s-COVID-19-v-\u010dlensk\u00fdch-krajin\u00e1c.pdf\" target=\"_blank\" rel=\"noopener noreferrer\"><img decoding=\"async\" class=\"alignnone  wp-image-5715\" src=\"https:\/\/archiv.siov.sk\/wp-content\/uploads\/2020\/04\/pdf.png\" alt=\"\" width=\"45\" height=\"45\" srcset=\"https:\/\/archiv.siov.sk\/wp-content\/uploads\/2020\/04\/pdf.png 300w, https:\/\/archiv.siov.sk\/wp-content\/uploads\/2020\/04\/pdf-150x150.png 150w\" sizes=\"(max-width: 45px) 100vw, 45px\" \/><strong>Pr\u00edloha 2 Ako sa organizuje poskytovanie odb. vzdel\u00e1vania a pr\u00edpravy s cie\u013eom \u010deli\u0165 situ\u00e1cii s COVID-19 v \u010dlensk\u00fdch krajin\u00e1ch<\/strong><\/a><\/p>\n<p>&nbsp;<\/p>\n<p>&nbsp;<\/p>\n<p>&nbsp;<\/p>\n<p>&nbsp;<\/p>\n<p>&nbsp;<\/p>\n<p><strong>&nbsp;<\/strong><\/p>","protected":false},"excerpt":{"rendered":"<p>Praktick\u00e9 vyu\u010dovanie v&nbsp;SO\u0160 v&nbsp;obdob\u00ed pand\u00e9mie koronav\u00edrusu &nbsp;Na z\u00e1klade uznesenia Vl\u00e1dy SR \u010d. 111 z 11.3. 2020&nbsp;o vyhl\u00e1sen\u00ed mimoriadnej situ\u00e1cie,&nbsp; uznesenia Vl\u00e1dy SR \u010d. 114 z&nbsp;15. 3. 2020 o&nbsp;vyhl\u00e1sen\u00ed n\u00fadzov\u00e9ho stavu a&nbsp;na z\u00e1klade usmernen\u00ed Ministerstva \u0161kolstva, vedy, v\u00fdskumu a&nbsp;\u0161portu SR v&nbsp;s\u00favislosti&nbsp; s ohrozen\u00edm verejn\u00e9ho zdravia z d\u00f4vodu ochorenia COVID-19 sp\u00f4soben\u00fdm koronav\u00edrusom SARS-CoV-2 sa preru\u0161ilo vyu\u010dovanie na [&hellip;]<\/p>\n","protected":false},"author":6,"featured_media":5826,"comment_status":"closed","ping_status":"closed","sticky":false,"template":"","format":"standard","meta":{"site-sidebar-layout":"default","site-content-layout":"","ast-site-content-layout":"default","site-content-style":"default","site-sidebar-style":"default","ast-global-header-display":"","ast-banner-title-visibility":"","ast-main-header-display":"","ast-hfb-above-header-display":"","ast-hfb-below-header-display":"","ast-hfb-mobile-header-display":"","site-post-title":"","ast-breadcrumbs-content":"","ast-featured-img":"","footer-sml-layout":"","ast-disable-related-posts":"","theme-transparent-header-meta":"","adv-header-id-meta":"","stick-header-meta":"","header-above-stick-meta":"","header-main-stick-meta":"","header-below-stick-meta":"","astra-migrate-meta-layouts":"default","ast-page-background-enabled":"default","ast-page-background-meta":{"desktop":{"background-color":"var(--ast-global-color-4)","background-image":"","background-repeat":"repeat","background-position":"center center","background-size":"auto","background-attachment":"scroll","background-type":"","background-media":"","overlay-type":"","overlay-color":"","overlay-opacity":"","overlay-gradient":""},"tablet":{"background-color":"","background-image":"","background-repeat":"repeat","background-position":"center center","background-size":"auto","background-attachment":"scroll","background-type":"","background-media":"","overlay-type":"","overlay-color":"","overlay-opacity":"","overlay-gradient":""},"mobile":{"background-color":"","background-image":"","background-repeat":"repeat","background-position":"center center","background-size":"auto","background-attachment":"scroll","background-type":"","background-media":"","overlay-type":"","overlay-color":"","overlay-opacity":"","overlay-gradient":""}},"ast-content-background-meta":{"desktop":{"background-color":"var(--ast-global-color-5)","background-image":"","background-repeat":"repeat","background-position":"center center","background-size":"auto","background-attachment":"scroll","background-type":"","background-media":"","overlay-type":"","overlay-color":"","overlay-opacity":"","overlay-gradient":""},"tablet":{"background-color":"var(--ast-global-color-5)","background-image":"","background-repeat":"repeat","background-position":"center center","background-size":"auto","background-attachment":"scroll","background-type":"","background-media":"","overlay-type":"","overlay-color":"","overlay-opacity":"","overlay-gradient":""},"mobile":{"background-color":"var(--ast-global-color-5)","background-image":"","background-repeat":"repeat","background-position":"center center","background-size":"auto","background-attachment":"scroll","background-type":"","background-media":"","overlay-type":"","overlay-color":"","overlay-opacity":"","overlay-gradient":""}},"footnotes":""},"categories":[9],"tags":[],"class_list":["post-5884","post","type-post","status-publish","format-standard","has-post-thumbnail","hentry","category-aktuality-v-case-koronavirusu"],"yoast_head":"<!-- This site is optimized with the Yoast SEO plugin v27.5 - https:\/\/yoast.com\/product\/yoast-seo-wordpress\/ -->\n<title>Mo\u017enosti ako organizova\u0165 OVP v \u010dase koronav\u00edrusu - \u0160IOV - \u0161t\u00e1tny in\u0161tit\u00fat odborn\u00e9ho vzdel\u00e1vania<\/title>\n<meta name=\"robots\" content=\"index, follow, max-snippet:-1, max-image-preview:large, max-video-preview:-1\" \/>\n<link rel=\"canonical\" href=\"https:\/\/archiv.siov.sk\/en\/moznosti-ako-organizovat-ovp-v-case-koronavirusu\/\" \/>\n<meta property=\"og:locale\" content=\"en_GB\" \/>\n<meta property=\"og:type\" content=\"article\" \/>\n<meta property=\"og:title\" content=\"Mo\u017enosti ako organizova\u0165 OVP v \u010dase koronav\u00edrusu - \u0160IOV - \u0161t\u00e1tny in\u0161tit\u00fat odborn\u00e9ho vzdel\u00e1vania\" \/>\n<meta property=\"og:description\" content=\"Praktick\u00e9 vyu\u010dovanie v&nbsp;SO\u0160 v&nbsp;obdob\u00ed pand\u00e9mie koronav\u00edrusu &nbsp;Na z\u00e1klade uznesenia Vl\u00e1dy SR \u010d. 111 z 11.3. 2020&nbsp;o vyhl\u00e1sen\u00ed mimoriadnej situ\u00e1cie,&nbsp; uznesenia Vl\u00e1dy SR \u010d. 114 z&nbsp;15. 3. 2020 o&nbsp;vyhl\u00e1sen\u00ed n\u00fadzov\u00e9ho stavu a&nbsp;na z\u00e1klade usmernen\u00ed Ministerstva \u0161kolstva, vedy, v\u00fdskumu a&nbsp;\u0161portu SR v&nbsp;s\u00favislosti&nbsp; s ohrozen\u00edm verejn\u00e9ho zdravia z d\u00f4vodu ochorenia COVID-19 sp\u00f4soben\u00fdm koronav\u00edrusom SARS-CoV-2 sa preru\u0161ilo vyu\u010dovanie na [&hellip;]\" \/>\n<meta property=\"og:url\" content=\"https:\/\/archiv.siov.sk\/en\/moznosti-ako-organizovat-ovp-v-case-koronavirusu\/\" \/>\n<meta property=\"og:site_name\" content=\"\u0160IOV - \u0161t\u00e1tny in\u0161tit\u00fat odborn\u00e9ho vzdel\u00e1vania\" \/>\n<meta property=\"article:publisher\" content=\"https:\/\/www.facebook.com\/Statnyinstitutodbornehovzdelavania\" \/>\n<meta property=\"article:published_time\" content=\"2020-04-27T07:14:18+00:00\" \/>\n<meta property=\"og:image\" content=\"https:\/\/archiv.siov.sk\/wp-content\/uploads\/2020\/04\/shutterstock_1673248636-scaled-e1587720892320.jpg\" \/>\n\t<meta property=\"og:image:width\" content=\"300\" \/>\n\t<meta property=\"og:image:height\" content=\"200\" \/>\n\t<meta property=\"og:image:type\" content=\"image\/jpeg\" \/>\n<meta name=\"author\" content=\"Katar\u00edna Kov\u00e1\u010dov\u00e1\" \/>\n<meta name=\"twitter:card\" content=\"summary_large_image\" \/>\n<meta name=\"twitter:label1\" content=\"Written by\" \/>\n\t<meta name=\"twitter:data1\" content=\"Katar\u00edna Kov\u00e1\u010dov\u00e1\" \/>\n\t<meta name=\"twitter:label2\" content=\"Estimated reading time\" \/>\n\t<meta name=\"twitter:data2\" content=\"6 minutes\" \/>\n<script type=\"application\/ld+json\" class=\"yoast-schema-graph\">{\"@context\":\"https:\\\/\\\/schema.org\",\"@graph\":[{\"@type\":\"Article\",\"@id\":\"https:\\\/\\\/archiv.siov.sk\\\/moznosti-ako-organizovat-ovp-v-case-koronavirusu\\\/#article\",\"isPartOf\":{\"@id\":\"https:\\\/\\\/archiv.siov.sk\\\/moznosti-ako-organizovat-ovp-v-case-koronavirusu\\\/\"},\"author\":{\"name\":\"Katar\u00edna Kov\u00e1\u010dov\u00e1\",\"@id\":\"https:\\\/\\\/archiv.siov.sk\\\/#\\\/schema\\\/person\\\/e42d633fbd958c6a726e8834d8965e6c\"},\"headline\":\"Mo\u017enosti ako organizova\u0165 OVP v \u010dase koronav\u00edrusu\",\"datePublished\":\"2020-04-27T07:14:18+00:00\",\"mainEntityOfPage\":{\"@id\":\"https:\\\/\\\/archiv.siov.sk\\\/moznosti-ako-organizovat-ovp-v-case-koronavirusu\\\/\"},\"wordCount\":1225,\"publisher\":{\"@id\":\"https:\\\/\\\/archiv.siov.sk\\\/#organization\"},\"image\":{\"@id\":\"https:\\\/\\\/archiv.siov.sk\\\/moznosti-ako-organizovat-ovp-v-case-koronavirusu\\\/#primaryimage\"},\"thumbnailUrl\":\"https:\\\/\\\/archiv.siov.sk\\\/wp-content\\\/uploads\\\/2020\\\/04\\\/shutterstock_1673248636-scaled-e1587720892320.jpg\",\"articleSection\":[\"Aktuality v \u010dase koronav\u00edrusu\"],\"inLanguage\":\"en-GB\"},{\"@type\":\"WebPage\",\"@id\":\"https:\\\/\\\/archiv.siov.sk\\\/moznosti-ako-organizovat-ovp-v-case-koronavirusu\\\/\",\"url\":\"https:\\\/\\\/archiv.siov.sk\\\/moznosti-ako-organizovat-ovp-v-case-koronavirusu\\\/\",\"name\":\"Mo\u017enosti ako organizova\u0165 OVP v \u010dase koronav\u00edrusu - \u0160IOV - \u0161t\u00e1tny in\u0161tit\u00fat odborn\u00e9ho vzdel\u00e1vania\",\"isPartOf\":{\"@id\":\"https:\\\/\\\/archiv.siov.sk\\\/#website\"},\"primaryImageOfPage\":{\"@id\":\"https:\\\/\\\/archiv.siov.sk\\\/moznosti-ako-organizovat-ovp-v-case-koronavirusu\\\/#primaryimage\"},\"image\":{\"@id\":\"https:\\\/\\\/archiv.siov.sk\\\/moznosti-ako-organizovat-ovp-v-case-koronavirusu\\\/#primaryimage\"},\"thumbnailUrl\":\"https:\\\/\\\/archiv.siov.sk\\\/wp-content\\\/uploads\\\/2020\\\/04\\\/shutterstock_1673248636-scaled-e1587720892320.jpg\",\"datePublished\":\"2020-04-27T07:14:18+00:00\",\"breadcrumb\":{\"@id\":\"https:\\\/\\\/archiv.siov.sk\\\/moznosti-ako-organizovat-ovp-v-case-koronavirusu\\\/#breadcrumb\"},\"inLanguage\":\"en-GB\",\"potentialAction\":[{\"@type\":\"ReadAction\",\"target\":[\"https:\\\/\\\/archiv.siov.sk\\\/moznosti-ako-organizovat-ovp-v-case-koronavirusu\\\/\"]}]},{\"@type\":\"ImageObject\",\"inLanguage\":\"en-GB\",\"@id\":\"https:\\\/\\\/archiv.siov.sk\\\/moznosti-ako-organizovat-ovp-v-case-koronavirusu\\\/#primaryimage\",\"url\":\"https:\\\/\\\/archiv.siov.sk\\\/wp-content\\\/uploads\\\/2020\\\/04\\\/shutterstock_1673248636-scaled-e1587720892320.jpg\",\"contentUrl\":\"https:\\\/\\\/archiv.siov.sk\\\/wp-content\\\/uploads\\\/2020\\\/04\\\/shutterstock_1673248636-scaled-e1587720892320.jpg\",\"width\":300,\"height\":200},{\"@type\":\"BreadcrumbList\",\"@id\":\"https:\\\/\\\/archiv.siov.sk\\\/moznosti-ako-organizovat-ovp-v-case-koronavirusu\\\/#breadcrumb\",\"itemListElement\":[{\"@type\":\"ListItem\",\"position\":1,\"name\":\"Home\",\"item\":\"https:\\\/\\\/archiv.siov.sk\\\/\"},{\"@type\":\"ListItem\",\"position\":2,\"name\":\"Mo\u017enosti ako organizova\u0165 OVP v \u010dase koronav\u00edrusu\"}]},{\"@type\":\"WebSite\",\"@id\":\"https:\\\/\\\/archiv.siov.sk\\\/#website\",\"url\":\"https:\\\/\\\/archiv.siov.sk\\\/\",\"name\":\"\u0160IOV - \u0161t\u00e1tny in\u0161tit\u00fat odborn\u00e9ho vzdel\u00e1vania\",\"description\":\"\",\"publisher\":{\"@id\":\"https:\\\/\\\/archiv.siov.sk\\\/#organization\"},\"potentialAction\":[{\"@type\":\"SearchAction\",\"target\":{\"@type\":\"EntryPoint\",\"urlTemplate\":\"https:\\\/\\\/archiv.siov.sk\\\/?s={search_term_string}\"},\"query-input\":{\"@type\":\"PropertyValueSpecification\",\"valueRequired\":true,\"valueName\":\"search_term_string\"}}],\"inLanguage\":\"en-GB\"},{\"@type\":\"Organization\",\"@id\":\"https:\\\/\\\/archiv.siov.sk\\\/#organization\",\"name\":\"\u0160IOV - \u0161t\u00e1tny in\u0161tit\u00fat odborn\u00e9ho vzdel\u00e1vania\",\"url\":\"https:\\\/\\\/archiv.siov.sk\\\/\",\"logo\":{\"@type\":\"ImageObject\",\"inLanguage\":\"en-GB\",\"@id\":\"https:\\\/\\\/archiv.siov.sk\\\/#\\\/schema\\\/logo\\\/image\\\/\",\"url\":\"https:\\\/\\\/archiv.siov.sk\\\/wp-content\\\/uploads\\\/2024\\\/02\\\/logo-SIOV.png\",\"contentUrl\":\"https:\\\/\\\/archiv.siov.sk\\\/wp-content\\\/uploads\\\/2024\\\/02\\\/logo-SIOV.png\",\"width\":431,\"height\":143,\"caption\":\"\u0160IOV - \u0161t\u00e1tny in\u0161tit\u00fat odborn\u00e9ho vzdel\u00e1vania\"},\"image\":{\"@id\":\"https:\\\/\\\/archiv.siov.sk\\\/#\\\/schema\\\/logo\\\/image\\\/\"},\"sameAs\":[\"https:\\\/\\\/www.facebook.com\\\/Statnyinstitutodbornehovzdelavania\"]},{\"@type\":\"Person\",\"@id\":\"https:\\\/\\\/archiv.siov.sk\\\/#\\\/schema\\\/person\\\/e42d633fbd958c6a726e8834d8965e6c\",\"name\":\"Katar\u00edna Kov\u00e1\u010dov\u00e1\",\"url\":\"https:\\\/\\\/archiv.siov.sk\\\/en\\\/author\\\/katkakovacova\\\/\"}]}<\/script>\n<!-- \/ Yoast SEO plugin. -->","yoast_head_json":{"title":"Mo\u017enosti ako organizova\u0165 OVP v \u010dase koronav\u00edrusu - \u0160IOV - \u0161t\u00e1tny in\u0161tit\u00fat odborn\u00e9ho vzdel\u00e1vania","robots":{"index":"index","follow":"follow","max-snippet":"max-snippet:-1","max-image-preview":"max-image-preview:large","max-video-preview":"max-video-preview:-1"},"canonical":"https:\/\/archiv.siov.sk\/en\/moznosti-ako-organizovat-ovp-v-case-koronavirusu\/","og_locale":"en_GB","og_type":"article","og_title":"Mo\u017enosti ako organizova\u0165 OVP v \u010dase koronav\u00edrusu - \u0160IOV - \u0161t\u00e1tny in\u0161tit\u00fat odborn\u00e9ho vzdel\u00e1vania","og_description":"Praktick\u00e9 vyu\u010dovanie v&nbsp;SO\u0160 v&nbsp;obdob\u00ed pand\u00e9mie koronav\u00edrusu &nbsp;Na z\u00e1klade uznesenia Vl\u00e1dy SR \u010d. 111 z 11.3. 2020&nbsp;o vyhl\u00e1sen\u00ed mimoriadnej situ\u00e1cie,&nbsp; uznesenia Vl\u00e1dy SR \u010d. 114 z&nbsp;15. 3. 2020 o&nbsp;vyhl\u00e1sen\u00ed n\u00fadzov\u00e9ho stavu a&nbsp;na z\u00e1klade usmernen\u00ed Ministerstva \u0161kolstva, vedy, v\u00fdskumu a&nbsp;\u0161portu SR v&nbsp;s\u00favislosti&nbsp; s ohrozen\u00edm verejn\u00e9ho zdravia z d\u00f4vodu ochorenia COVID-19 sp\u00f4soben\u00fdm koronav\u00edrusom SARS-CoV-2 sa preru\u0161ilo vyu\u010dovanie na [&hellip;]","og_url":"https:\/\/archiv.siov.sk\/en\/moznosti-ako-organizovat-ovp-v-case-koronavirusu\/","og_site_name":"\u0160IOV - \u0161t\u00e1tny in\u0161tit\u00fat odborn\u00e9ho vzdel\u00e1vania","article_publisher":"https:\/\/www.facebook.com\/Statnyinstitutodbornehovzdelavania","article_published_time":"2020-04-27T07:14:18+00:00","og_image":[{"width":300,"height":200,"url":"https:\/\/archiv.siov.sk\/wp-content\/uploads\/2020\/04\/shutterstock_1673248636-scaled-e1587720892320.jpg","type":"image\/jpeg"}],"author":"Katar\u00edna Kov\u00e1\u010dov\u00e1","twitter_card":"summary_large_image","twitter_misc":{"Written by":"Katar\u00edna Kov\u00e1\u010dov\u00e1","Estimated reading time":"6 minutes"},"schema":{"@context":"https:\/\/schema.org","@graph":[{"@type":"Article","@id":"https:\/\/archiv.siov.sk\/moznosti-ako-organizovat-ovp-v-case-koronavirusu\/#article","isPartOf":{"@id":"https:\/\/archiv.siov.sk\/moznosti-ako-organizovat-ovp-v-case-koronavirusu\/"},"author":{"name":"Katar\u00edna Kov\u00e1\u010dov\u00e1","@id":"https:\/\/archiv.siov.sk\/#\/schema\/person\/e42d633fbd958c6a726e8834d8965e6c"},"headline":"Mo\u017enosti ako organizova\u0165 OVP v \u010dase koronav\u00edrusu","datePublished":"2020-04-27T07:14:18+00:00","mainEntityOfPage":{"@id":"https:\/\/archiv.siov.sk\/moznosti-ako-organizovat-ovp-v-case-koronavirusu\/"},"wordCount":1225,"publisher":{"@id":"https:\/\/archiv.siov.sk\/#organization"},"image":{"@id":"https:\/\/archiv.siov.sk\/moznosti-ako-organizovat-ovp-v-case-koronavirusu\/#primaryimage"},"thumbnailUrl":"https:\/\/archiv.siov.sk\/wp-content\/uploads\/2020\/04\/shutterstock_1673248636-scaled-e1587720892320.jpg","articleSection":["Aktuality v \u010dase koronav\u00edrusu"],"inLanguage":"en-GB"},{"@type":"WebPage","@id":"https:\/\/archiv.siov.sk\/moznosti-ako-organizovat-ovp-v-case-koronavirusu\/","url":"https:\/\/archiv.siov.sk\/moznosti-ako-organizovat-ovp-v-case-koronavirusu\/","name":"Mo\u017enosti ako organizova\u0165 OVP v \u010dase koronav\u00edrusu - \u0160IOV - \u0161t\u00e1tny in\u0161tit\u00fat odborn\u00e9ho vzdel\u00e1vania","isPartOf":{"@id":"https:\/\/archiv.siov.sk\/#website"},"primaryImageOfPage":{"@id":"https:\/\/archiv.siov.sk\/moznosti-ako-organizovat-ovp-v-case-koronavirusu\/#primaryimage"},"image":{"@id":"https:\/\/archiv.siov.sk\/moznosti-ako-organizovat-ovp-v-case-koronavirusu\/#primaryimage"},"thumbnailUrl":"https:\/\/archiv.siov.sk\/wp-content\/uploads\/2020\/04\/shutterstock_1673248636-scaled-e1587720892320.jpg","datePublished":"2020-04-27T07:14:18+00:00","breadcrumb":{"@id":"https:\/\/archiv.siov.sk\/moznosti-ako-organizovat-ovp-v-case-koronavirusu\/#breadcrumb"},"inLanguage":"en-GB","potentialAction":[{"@type":"ReadAction","target":["https:\/\/archiv.siov.sk\/moznosti-ako-organizovat-ovp-v-case-koronavirusu\/"]}]},{"@type":"ImageObject","inLanguage":"en-GB","@id":"https:\/\/archiv.siov.sk\/moznosti-ako-organizovat-ovp-v-case-koronavirusu\/#primaryimage","url":"https:\/\/archiv.siov.sk\/wp-content\/uploads\/2020\/04\/shutterstock_1673248636-scaled-e1587720892320.jpg","contentUrl":"https:\/\/archiv.siov.sk\/wp-content\/uploads\/2020\/04\/shutterstock_1673248636-scaled-e1587720892320.jpg","width":300,"height":200},{"@type":"BreadcrumbList","@id":"https:\/\/archiv.siov.sk\/moznosti-ako-organizovat-ovp-v-case-koronavirusu\/#breadcrumb","itemListElement":[{"@type":"ListItem","position":1,"name":"Home","item":"https:\/\/archiv.siov.sk\/"},{"@type":"ListItem","position":2,"name":"Mo\u017enosti ako organizova\u0165 OVP v \u010dase koronav\u00edrusu"}]},{"@type":"WebSite","@id":"https:\/\/archiv.siov.sk\/#website","url":"https:\/\/archiv.siov.sk\/","name":"\u0160IOV - \u0161t\u00e1tny in\u0161tit\u00fat odborn\u00e9ho vzdel\u00e1vania","description":"","publisher":{"@id":"https:\/\/archiv.siov.sk\/#organization"},"potentialAction":[{"@type":"SearchAction","target":{"@type":"EntryPoint","urlTemplate":"https:\/\/archiv.siov.sk\/?s={search_term_string}"},"query-input":{"@type":"PropertyValueSpecification","valueRequired":true,"valueName":"search_term_string"}}],"inLanguage":"en-GB"},{"@type":"Organization","@id":"https:\/\/archiv.siov.sk\/#organization","name":"\u0160IOV - \u0161t\u00e1tny in\u0161tit\u00fat odborn\u00e9ho vzdel\u00e1vania","url":"https:\/\/archiv.siov.sk\/","logo":{"@type":"ImageObject","inLanguage":"en-GB","@id":"https:\/\/archiv.siov.sk\/#\/schema\/logo\/image\/","url":"https:\/\/archiv.siov.sk\/wp-content\/uploads\/2024\/02\/logo-SIOV.png","contentUrl":"https:\/\/archiv.siov.sk\/wp-content\/uploads\/2024\/02\/logo-SIOV.png","width":431,"height":143,"caption":"\u0160IOV - \u0161t\u00e1tny in\u0161tit\u00fat odborn\u00e9ho vzdel\u00e1vania"},"image":{"@id":"https:\/\/archiv.siov.sk\/#\/schema\/logo\/image\/"},"sameAs":["https:\/\/www.facebook.com\/Statnyinstitutodbornehovzdelavania"]},{"@type":"Person","@id":"https:\/\/archiv.siov.sk\/#\/schema\/person\/e42d633fbd958c6a726e8834d8965e6c","name":"Katar\u00edna Kov\u00e1\u010dov\u00e1","url":"https:\/\/archiv.siov.sk\/en\/author\/katkakovacova\/"}]}},"_links":{"self":[{"href":"https:\/\/archiv.siov.sk\/en\/wp-json\/wp\/v2\/posts\/5884","targetHints":{"allow":["GET"]}}],"collection":[{"href":"https:\/\/archiv.siov.sk\/en\/wp-json\/wp\/v2\/posts"}],"about":[{"href":"https:\/\/archiv.siov.sk\/en\/wp-json\/wp\/v2\/types\/post"}],"author":[{"embeddable":true,"href":"https:\/\/archiv.siov.sk\/en\/wp-json\/wp\/v2\/users\/6"}],"replies":[{"embeddable":true,"href":"https:\/\/archiv.siov.sk\/en\/wp-json\/wp\/v2\/comments?post=5884"}],"version-history":[{"count":2,"href":"https:\/\/archiv.siov.sk\/en\/wp-json\/wp\/v2\/posts\/5884\/revisions"}],"predecessor-version":[{"id":5888,"href":"https:\/\/archiv.siov.sk\/en\/wp-json\/wp\/v2\/posts\/5884\/revisions\/5888"}],"wp:featuredmedia":[{"embeddable":true,"href":"https:\/\/archiv.siov.sk\/en\/wp-json\/wp\/v2\/media\/5826"}],"wp:attachment":[{"href":"https:\/\/archiv.siov.sk\/en\/wp-json\/wp\/v2\/media?parent=5884"}],"wp:term":[{"taxonomy":"category","embeddable":true,"href":"https:\/\/archiv.siov.sk\/en\/wp-json\/wp\/v2\/categories?post=5884"},{"taxonomy":"post_tag","embeddable":true,"href":"https:\/\/archiv.siov.sk\/en\/wp-json\/wp\/v2\/tags?post=5884"}],"curies":[{"name":"wp","href":"https:\/\/api.w.org\/{rel}","templated":true}]}}