{"id":5816,"date":"2020-04-22T19:46:09","date_gmt":"2020-04-22T17:46:09","guid":{"rendered":"https:\/\/archiv.siov.sk\/?p=5816"},"modified":"2020-04-23T19:56:15","modified_gmt":"2020-04-23T17:56:15","slug":"informacia-pre-ziakov-a-pedagogov-sutaze-mlady-ekofarmar-v-suvislosti-s-obmedzeniami-fungovania-skol","status":"publish","type":"post","link":"https:\/\/archiv.siov.sk\/en\/informacia-pre-ziakov-a-pedagogov-sutaze-mlady-ekofarmar-v-suvislosti-s-obmedzeniami-fungovania-skol\/","title":{"rendered":"Inform\u00e1cia  pre \u017eiakov a pedag\u00f3gov s\u00fa\u0165a\u017ee Mlad\u00fd ekofarm\u00e1r v s\u00favislosti s obmedzeniami fungovania \u0161k\u00f4l"},"content":{"rendered":"<p style=\"text-align: justify;\">Celo\u0161t\u00e1tne kolo s\u00fa\u0165a\u017ee Mlad\u00fd ekofarm\u00e1r \u2013 S\u00fa\u0165a\u017e o mlieku, ktor\u00e9 sa malo uskuto\u010dni\u0165 5. \u2013 7. m\u00e1ja 2020 na Strednej odbornej \u0161kole, Pod B\u00e1no\u0161om 80 v Banskej Bystrici a Po\u013enohospod\u00e1rskom dru\u017estve &nbsp;Bukovina v Streln\u00edkoch &nbsp;sa &nbsp;<strong>neuskuto\u010dn\u00ed, &nbsp;<\/strong>nako\u013eko charakter a&nbsp;s\u00fa\u0165a\u017en\u00e9 podmienky neumo\u017e\u0148uj\u00fa vykonanie inou ako prezen\u010dnou&nbsp; formou.&nbsp; K&nbsp;v\u00fdkonu &nbsp;s\u00fa\u0165a\u017en\u00fdch zadan\u00ed &nbsp;boli&nbsp; pripraven\u00e9 &nbsp;u\u010debne na testy a&nbsp;rastlinn\u00fa v\u00fdrobu, laborat\u00f3ri\u00e1 na degusta\u010dn\u00e9 sk\u00fa\u0161ky a&nbsp;hodnotenie kvality kravsk\u00e9ho mlieka a&nbsp;pre praktick\u00fa \u010das\u0165 dojenie, priestory po\u013enohospod\u00e1rskeho dru\u017estva. &nbsp;&nbsp;<\/p>\n<p style=\"text-align: justify;\">V&nbsp; pl\u00e1novanom term\u00edne sa uskuto\u010dnilo 10 \u0161kolsk\u00fdch k\u00f4l, do ktor\u00fdch bolo zapojen\u00fdch celkom 82 s\u00fa\u0165a\u017eiacich. Pre mimoriadnu situ\u00e1ciu spojen\u00fa s ochoren\u00edm Covid 19 sa nemohlo uskuto\u010dni\u0165 1 \u0161kolsk\u00e9 kolo a ani 2 krajsk\u00e9 kol\u00e1 s\u00fa\u0165a\u017ee. Aktu\u00e1lna situ\u00e1cia neumo\u017e\u0148uje rozhodn\u00fa\u0165 o presune term\u00ednu 21. ro\u010dn\u00edka celo\u0161t\u00e1tneho kola s\u00fa\u0165a\u017ee Mlad\u00fd ekofarm\u00e1r. V nadv\u00e4znosti na v\u00fdvoj epidemiologickej situ\u00e1cie zost\u00e1va v platnosti z\u00e1kaz organizovania v\u00fdletov a exkurzi\u00ed na \u00fazem\u00ed SR aj v zahrani\u010d\u00ed, \u0161portov\u00fdch podujat\u00ed, s\u00fa\u0165a\u017e\u00ed a predmetov\u00fdch olympi\u00e1d realizovan\u00fdch v s\u00fastave \u0161k\u00f4l a \u0161kolsk\u00fdch zariaden\u00ed; z\u00e1kaz sa net\u00fdka s\u00fa\u0165a\u017e\u00ed a predmetov\u00fdch olympi\u00e1d, ktor\u00e9 sa konaj\u00fa di\u0161tan\u010dnou formou. Zverejnen\u00e9 na: <a href=\"https:\/\/www.minedu.sk\/data\/att\/16003.pdf\">https:\/\/www.minedu.sk\/data\/att\/16003.pdf<\/a>&nbsp; Rozhodnutie ministra \u0161kolstva o preru\u0161en\u00ed vyu\u010dovania od 30. marca 2020 a ur\u010den\u00ed term\u00ednov v r\u00e1mci organiz\u00e1cie \u0161kolsk\u00e9ho roka \u201c bolo prijat\u00e9 26. 3. 2020.<\/p>\n<p style=\"text-align: justify;\">Ako sme u\u017e uviedli, na z\u00e1klade aktu\u00e1lneho uznesenia a charakteru s\u00fa\u0165a\u017ee a S\u00fa\u0165a\u017en\u00e9ho poriadku Mlad\u00fd ekofarm\u00e1r nie je mo\u017en\u00e9 uskuto\u010dni\u0165 celo\u0161t\u00e1tnu s\u00fa\u0165a\u017e di\u0161tan\u010dne. Z toho vypl\u00fdva, \u017ee postupuj\u00faci \u017eiaci sa nem\u00f4\u017eu stretn\u00fa\u0165 na celo\u0161t\u00e1tnom kole S\u00fa\u0165a\u017ee Mlad\u00fd ekofarm\u00e1r na SO\u0160 Pod B\u00e1no\u0161om v Banskej Bystrici a zmera\u0165 si navz\u00e1jom svoje zru\u010dnosti a vedomosti.<\/p>\n<p style=\"text-align: justify;\">Celo\u0161t\u00e1tna odborn\u00e1 komisia na z\u00e1klade neuskuto\u010dnenia s\u00fa\u0165a\u017ee na celo\u0161t\u00e1tnej \u00farovni rozhodla poskytn\u00fa\u0165 \u017eiakom \u00falohy zo s\u00fa\u0165a\u017en\u00e9ho testu a&nbsp;pr\u00edklady, ktor\u00e9 rie\u0161ili s\u00fa\u0165a\u017eiaci v&nbsp;minulom ro\u010dn\u00edku celo\u0161t\u00e1tnej s\u00fa\u0165a\u017ee a&nbsp;metodick\u00e9 pokyny k&nbsp;jednotliv\u00fdm \u010dastiam s\u00fa\u0165a\u017ee. Ur\u010dite V\u00e1m pom\u00f4\u017eu pri pr\u00edprave na \u010fal\u0161\u00ed ro\u010dn\u00edk v&nbsp;bud\u00facom \u0161kolskom roku. Mo\u017eno aj tak trochu spr\u00edjemn\u00edme V\u00e1\u0161 pobyt doma. S\u00fa\u0165a\u017en\u00e9 zadania bud\u00fa zverejnen\u00e9 na <a href=\"https:\/\/archiv.siov.sk\/en\/\">https:\/\/archiv.siov.sk\/<\/a>. Vysk\u00fa\u0161ajte si ich a roz\u0161\u00edrte svoje vedomosti.<\/p>\n<p>Pre rozv\u00edjanie zru\u010dnost\u00ed na na\u0161u s\u00fa\u0165a\u017e m\u00f4\u017eete vyu\u017ei\u0165 aj \u0161t\u00fadium odpor\u00fa\u010danej literat\u00fary:<\/p>\n<ul>\n<li>Brestensk\u00fd, V., Mihina, \u0160., Organiz\u00e1cia a&nbsp;technol\u00f3gia chovu mliekov\u00e9ho hov\u00e4dzieho dobytka, kapitola Dojenie kr\u00e1v a&nbsp;o\u0161etrovanie mlieka, SCPV Nitra, 2006<\/li>\n<li>\u010cerm\u00e1k, O., Veterin\u00e1rstvo, Pr\u00edroda, 1986<\/li>\n<li>G\u00e1bri\u0161 a&nbsp;kol., Atlas plemien hospod\u00e1rsky zvierat. Pr\u00edroda Bratislava, 1987<\/li>\n<li>Gec\u00edk, J., Pestovanie rastl\u00edn pre stredn\u00e9 po\u013enohospod\u00e1rske \u0161koly, Pr\u00edroda 2005<\/li>\n<li>Gre\u010d, V., Pie\u0161\u0165ansk\u00fd, J., \u017divo\u010d\u00ed\u0161na v\u00fdroba pre 3.ro\u010dn\u00edk SPo\u0160, \u017divo\u010d\u00ed\u0161na v\u00fdroba pre 4.ro\u010dn\u00edk SPo\u0160, Pr\u00edroda, 1999<\/li>\n<li>Havel, V: Praktick\u00e9 cvi\u010denia zo \u017eivo\u010d\u00ed\u0161nej v\u00fdroby, Pr\u00edroda, Bratislava, 1990<\/li>\n<li>Kri\u0161t\u00edn, J., Technol\u00f3gia rastlinnej v\u00fdroby 1, Pr\u00edroda 1987<\/li>\n<li>Kri\u0161t\u00edn,J. Technol\u00f3gia rastlinnej v\u00fdroby 2 \u2013 Pr\u00edroda 1987<\/li>\n<li>Mal\u00edk, V. a&nbsp;kol., Atlas mal\u00fdch hospod\u00e1rskych zvierat, 1990, Pr\u00edroda Bratislava<\/li>\n<li>Nariadenie Eur\u00f3pskeho parlamentu a&nbsp;rady (ES) \u010d. 852\/2004 z&nbsp;29. apr\u00edla 2004 o&nbsp;hygiene potrav\u00edn<\/li>\n<li>Nariadenie Eur\u00f3pskeho parlamentu a&nbsp;rady (ES) \u010d. 853\/2004 z&nbsp;29. apr\u00edla 2004, ktor\u00fdm sa ustanovuj\u00fa osobitn\u00e9 hygienick\u00e9 predpisy pre potraviny \u017eivo\u010d\u00ed\u0161neho p\u00f4vodu<\/li>\n<li>Nariadenie Eur\u00f3pskeho parlamentu a&nbsp;rady (ES) \u010d. 854\/2004 z&nbsp;29. apr\u00edla 2004, ktor\u00fdm sa ustanovuj\u00fa osobitn\u00e9 predpisy na organiz\u00e1ciu \u00faradn\u00fdch kontrol produktov \u017eivo\u010d\u00ed\u0161neho p\u00f4vodu ur\u010den\u00fdch na \u013eudsk\u00fa spotrebu.<\/li>\n<li>Pazderka, Kroc, Ch\u00e9mia pre 2.ro\u010dn\u00edk SPo\u0160 a&nbsp;SL\u0160, 1986<\/li>\n<li>Semjan a&nbsp;kol., V\u00fdroba kvalitn\u00e9ho mlieka, Bratislava, Pr\u00edroda 1987,<\/li>\n<li>STN 57 05 29 Surov\u00e9 kravsk\u00e9 mlieko na mliekarensk\u00e9 o\u0161etrenie a&nbsp;spracovanie<\/li>\n<li>Tan\u010din, V. a&nbsp;kol., Fyziol\u00f3gia z\u00edskavania mlieka a&nbsp;anat\u00f3mia vemena, V\u00da\u017dV Nitra 2001<\/li>\n<li>Tan\u010din, V., Tan\u010dinov\u00e1, D., Strojov\u00e9 dojenie kr\u00e1v a&nbsp;kvalita mlieka, Publik\u00e1cia SCPV Nitra, 19, 105 str., ISBN 978-80-88872-80-1<\/li>\n<li>Nariadenie vl\u00e1dy \u010d. 352\/2009, ktor\u00fdm sa ustanovuj\u00fa hygienick\u00e9 po\u017eiadavky na priamy predaj a&nbsp;dod\u00e1vanie mal\u00e9ho mno\u017estva prvotn\u00fdch produktov \u017eivo\u010d\u00ed\u0161neho p\u00f4vodu, m\u00e4sa z&nbsp;hydiny a&nbsp;dom\u00e1cich kr\u00e1likov, vo\u013ene \u017eij\u00facej zveri a&nbsp;zveriny z&nbsp;nej, najm\u00e4 paragraf 4<\/li>\n<li>Bogov\u00e1 O\u013ega; Boocov\u00e1 Eleon\u00f3ra, Chovate\u013esk\u00e1 prax pre 1. &#8211; 4. ro\u010dn\u00edk, Pr\u00edroda 2007<\/li>\n<li>Havel a kol. Praktick\u00e9 cvi\u010denia zo \u017eivo\u010d\u00ed\u0161nej v\u00fdroby<\/li>\n<li>Strap\u00e1k P. a kol., Chov hov\u00e4dzieho dobytka, SPU Nitra 2013<\/li>\n<\/ul>\n<p style=\"text-align: justify;\">Radi by sme sa po\u010fakovali v\u0161etk\u00fdm \u0161kol\u00e1m, ktor\u00e9 zorganizovali \u0161kolsk\u00e9 kola a tak prispeli k \u010diasto\u010dn\u00e9mu priebehu tejto u\u017e tradi\u010dnej s\u00fa\u0165a\u017ee venuj\u00facej sa v\u00fdrobe potrav\u00edn, starostlivosti o zvierat\u00e1 a krajinu. Po\u010fakovanie tie\u017e patr\u00ed v\u0161etk\u00fdm s\u00fa\u0165a\u017eiacim a ich pedag\u00f3gom. Aj napriek zlo\u017eitej zdravotnej situ\u00e1cii, ktor\u00e1 viedla k neuskuto\u010dneniu celo\u0161t\u00e1tneho kola, je pozit\u00edvum to, \u017ee takto aspo\u0148 z\u00e1klad s\u00fa\u0165a\u017ee v tomto \u0161kolskom roku \u00faspe\u0161ne prebehol. Ver\u00edme, \u017ee spolo\u010dne zvl\u00e1dneme uveden\u00fa zlo\u017eit\u00fa situ\u00e1ciu a \u017ee v nasleduj\u00facom \u0161kolskom roku s\u00fa\u0165a\u017e Mlad\u00fd ekofarm\u00e1r \u2013 S\u00fa\u0165a\u017e o mlieku sa uskuto\u010dn\u00ed v tradi\u010dnom priate\u013eskom a s\u00fa\u0165a\u017enom duchu, ktor\u00fd &nbsp;\u00fa\u010dastn\u00edci neust\u00e1le zlep\u0161uj\u00fa, inovuj\u00fa&nbsp; prin\u00e1\u0161aj\u00fa nov\u00e9 zauj\u00edmav\u00e9 t\u00e9my na rie\u0161enie.<\/p>\n<p>&nbsp;<\/p>\n<p>Celo\u0161t\u00e1tna odborn\u00e1 komisia s\u00fa\u0165a\u017ee<\/p>","protected":false},"excerpt":{"rendered":"<p>Celo\u0161t\u00e1tne kolo s\u00fa\u0165a\u017ee Mlad\u00fd ekofarm\u00e1r \u2013 S\u00fa\u0165a\u017e o mlieku, ktor\u00e9 sa malo uskuto\u010dni\u0165 5. \u2013 7. m\u00e1ja 2020 na Strednej odbornej \u0161kole, Pod B\u00e1no\u0161om 80 v Banskej Bystrici a Po\u013enohospod\u00e1rskom dru\u017estve &nbsp;Bukovina v Streln\u00edkoch &nbsp;sa &nbsp;neuskuto\u010dn\u00ed, &nbsp;nako\u013eko charakter a&nbsp;s\u00fa\u0165a\u017en\u00e9 podmienky neumo\u017e\u0148uj\u00fa vykonanie inou ako prezen\u010dnou&nbsp; formou.&nbsp; K&nbsp;v\u00fdkonu &nbsp;s\u00fa\u0165a\u017en\u00fdch zadan\u00ed &nbsp;boli&nbsp; pripraven\u00e9 &nbsp;u\u010debne na testy a&nbsp;rastlinn\u00fa [&hellip;]<\/p>\n","protected":false},"author":6,"featured_media":3790,"comment_status":"closed","ping_status":"closed","sticky":false,"template":"","format":"standard","meta":{"site-sidebar-layout":"default","site-content-layout":"","ast-site-content-layout":"default","site-content-style":"default","site-sidebar-style":"default","ast-global-header-display":"","ast-banner-title-visibility":"","ast-main-header-display":"","ast-hfb-above-header-display":"","ast-hfb-below-header-display":"","ast-hfb-mobile-header-display":"","site-post-title":"","ast-breadcrumbs-content":"","ast-featured-img":"","footer-sml-layout":"","ast-disable-related-posts":"","theme-transparent-header-meta":"","adv-header-id-meta":"","stick-header-meta":"","header-above-stick-meta":"","header-main-stick-meta":"","header-below-stick-meta":"","astra-migrate-meta-layouts":"default","ast-page-background-enabled":"default","ast-page-background-meta":{"desktop":{"background-color":"var(--ast-global-color-4)","background-image":"","background-repeat":"repeat","background-position":"center center","background-size":"auto","background-attachment":"scroll","background-type":"","background-media":"","overlay-type":"","overlay-color":"","overlay-opacity":"","overlay-gradient":""},"tablet":{"background-color":"","background-image":"","background-repeat":"repeat","background-position":"center center","background-size":"auto","background-attachment":"scroll","background-type":"","background-media":"","overlay-type":"","overlay-color":"","overlay-opacity":"","overlay-gradient":""},"mobile":{"background-color":"","background-image":"","background-repeat":"repeat","background-position":"center center","background-size":"auto","background-attachment":"scroll","background-type":"","background-media":"","overlay-type":"","overlay-color":"","overlay-opacity":"","overlay-gradient":""}},"ast-content-background-meta":{"desktop":{"background-color":"var(--ast-global-color-5)","background-image":"","background-repeat":"repeat","background-position":"center center","background-size":"auto","background-attachment":"scroll","background-type":"","background-media":"","overlay-type":"","overlay-color":"","overlay-opacity":"","overlay-gradient":""},"tablet":{"background-color":"var(--ast-global-color-5)","background-image":"","background-repeat":"repeat","background-position":"center center","background-size":"auto","background-attachment":"scroll","background-type":"","background-media":"","overlay-type":"","overlay-color":"","overlay-opacity":"","overlay-gradient":""},"mobile":{"background-color":"var(--ast-global-color-5)","background-image":"","background-repeat":"repeat","background-position":"center center","background-size":"auto","background-attachment":"scroll","background-type":"","background-media":"","overlay-type":"","overlay-color":"","overlay-opacity":"","overlay-gradient":""}},"footnotes":""},"categories":[1,9],"tags":[],"class_list":["post-5816","post","type-post","status-publish","format-standard","has-post-thumbnail","hentry","category-aktuality","category-aktuality-v-case-koronavirusu"],"yoast_head":"<!-- This site is optimized with the Yoast SEO plugin v27.5 - https:\/\/yoast.com\/product\/yoast-seo-wordpress\/ -->\n<title>Inform\u00e1cia pre \u017eiakov a pedag\u00f3gov s\u00fa\u0165a\u017ee Mlad\u00fd ekofarm\u00e1r v s\u00favislosti s obmedzeniami fungovania \u0161k\u00f4l - \u0160IOV - \u0161t\u00e1tny in\u0161tit\u00fat odborn\u00e9ho vzdel\u00e1vania<\/title>\n<meta name=\"robots\" content=\"index, follow, max-snippet:-1, max-image-preview:large, max-video-preview:-1\" \/>\n<link rel=\"canonical\" href=\"https:\/\/archiv.siov.sk\/en\/informacia-pre-ziakov-a-pedagogov-sutaze-mlady-ekofarmar-v-suvislosti-s-obmedzeniami-fungovania-skol\/\" \/>\n<meta property=\"og:locale\" content=\"en_GB\" \/>\n<meta property=\"og:type\" content=\"article\" \/>\n<meta property=\"og:title\" content=\"Inform\u00e1cia pre \u017eiakov a pedag\u00f3gov s\u00fa\u0165a\u017ee Mlad\u00fd ekofarm\u00e1r v s\u00favislosti s obmedzeniami fungovania \u0161k\u00f4l - \u0160IOV - \u0161t\u00e1tny in\u0161tit\u00fat odborn\u00e9ho vzdel\u00e1vania\" \/>\n<meta property=\"og:description\" content=\"Celo\u0161t\u00e1tne kolo s\u00fa\u0165a\u017ee Mlad\u00fd ekofarm\u00e1r \u2013 S\u00fa\u0165a\u017e o mlieku, ktor\u00e9 sa malo uskuto\u010dni\u0165 5. \u2013 7. m\u00e1ja 2020 na Strednej odbornej \u0161kole, Pod B\u00e1no\u0161om 80 v Banskej Bystrici a Po\u013enohospod\u00e1rskom dru\u017estve &nbsp;Bukovina v Streln\u00edkoch &nbsp;sa &nbsp;neuskuto\u010dn\u00ed, &nbsp;nako\u013eko charakter a&nbsp;s\u00fa\u0165a\u017en\u00e9 podmienky neumo\u017e\u0148uj\u00fa vykonanie inou ako prezen\u010dnou&nbsp; formou.&nbsp; K&nbsp;v\u00fdkonu &nbsp;s\u00fa\u0165a\u017en\u00fdch zadan\u00ed &nbsp;boli&nbsp; pripraven\u00e9 &nbsp;u\u010debne na testy a&nbsp;rastlinn\u00fa [&hellip;]\" \/>\n<meta property=\"og:url\" content=\"https:\/\/archiv.siov.sk\/en\/informacia-pre-ziakov-a-pedagogov-sutaze-mlady-ekofarmar-v-suvislosti-s-obmedzeniami-fungovania-skol\/\" \/>\n<meta property=\"og:site_name\" content=\"\u0160IOV - \u0161t\u00e1tny in\u0161tit\u00fat odborn\u00e9ho vzdel\u00e1vania\" \/>\n<meta property=\"article:publisher\" content=\"https:\/\/www.facebook.com\/Statnyinstitutodbornehovzdelavania\" \/>\n<meta property=\"article:published_time\" content=\"2020-04-22T17:46:09+00:00\" \/>\n<meta property=\"article:modified_time\" content=\"2020-04-23T17:56:15+00:00\" \/>\n<meta property=\"og:image\" content=\"https:\/\/archiv.siov.sk\/wp-content\/uploads\/2019\/05\/foto-ekofarmar-1-e1558423693194.jpg\" \/>\n\t<meta property=\"og:image:width\" content=\"3456\" \/>\n\t<meta property=\"og:image:height\" content=\"4608\" \/>\n\t<meta property=\"og:image:type\" content=\"image\/jpeg\" \/>\n<meta name=\"author\" content=\"Katar\u00edna Kov\u00e1\u010dov\u00e1\" \/>\n<meta name=\"twitter:card\" content=\"summary_large_image\" \/>\n<meta name=\"twitter:label1\" content=\"Written by\" \/>\n\t<meta name=\"twitter:data1\" content=\"Katar\u00edna Kov\u00e1\u010dov\u00e1\" \/>\n\t<meta name=\"twitter:label2\" content=\"Estimated reading time\" \/>\n\t<meta name=\"twitter:data2\" content=\"5 minutes\" \/>\n<script type=\"application\/ld+json\" class=\"yoast-schema-graph\">{\"@context\":\"https:\\\/\\\/schema.org\",\"@graph\":[{\"@type\":\"Article\",\"@id\":\"https:\\\/\\\/archiv.siov.sk\\\/informacia-pre-ziakov-a-pedagogov-sutaze-mlady-ekofarmar-v-suvislosti-s-obmedzeniami-fungovania-skol\\\/#article\",\"isPartOf\":{\"@id\":\"https:\\\/\\\/archiv.siov.sk\\\/informacia-pre-ziakov-a-pedagogov-sutaze-mlady-ekofarmar-v-suvislosti-s-obmedzeniami-fungovania-skol\\\/\"},\"author\":{\"name\":\"Katar\u00edna Kov\u00e1\u010dov\u00e1\",\"@id\":\"https:\\\/\\\/archiv.siov.sk\\\/#\\\/schema\\\/person\\\/e42d633fbd958c6a726e8834d8965e6c\"},\"headline\":\"Inform\u00e1cia pre \u017eiakov a pedag\u00f3gov s\u00fa\u0165a\u017ee Mlad\u00fd ekofarm\u00e1r v s\u00favislosti s obmedzeniami fungovania \u0161k\u00f4l\",\"datePublished\":\"2020-04-22T17:46:09+00:00\",\"dateModified\":\"2020-04-23T17:56:15+00:00\",\"mainEntityOfPage\":{\"@id\":\"https:\\\/\\\/archiv.siov.sk\\\/informacia-pre-ziakov-a-pedagogov-sutaze-mlady-ekofarmar-v-suvislosti-s-obmedzeniami-fungovania-skol\\\/\"},\"wordCount\":1066,\"publisher\":{\"@id\":\"https:\\\/\\\/archiv.siov.sk\\\/#organization\"},\"image\":{\"@id\":\"https:\\\/\\\/archiv.siov.sk\\\/informacia-pre-ziakov-a-pedagogov-sutaze-mlady-ekofarmar-v-suvislosti-s-obmedzeniami-fungovania-skol\\\/#primaryimage\"},\"thumbnailUrl\":\"https:\\\/\\\/archiv.siov.sk\\\/wp-content\\\/uploads\\\/2019\\\/05\\\/foto-ekofarmar-1-e1558423693194.jpg\",\"articleSection\":[\"Aktuality\",\"Aktuality v \u010dase koronav\u00edrusu\"],\"inLanguage\":\"en-GB\"},{\"@type\":\"WebPage\",\"@id\":\"https:\\\/\\\/archiv.siov.sk\\\/informacia-pre-ziakov-a-pedagogov-sutaze-mlady-ekofarmar-v-suvislosti-s-obmedzeniami-fungovania-skol\\\/\",\"url\":\"https:\\\/\\\/archiv.siov.sk\\\/informacia-pre-ziakov-a-pedagogov-sutaze-mlady-ekofarmar-v-suvislosti-s-obmedzeniami-fungovania-skol\\\/\",\"name\":\"Inform\u00e1cia pre \u017eiakov a pedag\u00f3gov s\u00fa\u0165a\u017ee Mlad\u00fd ekofarm\u00e1r v s\u00favislosti s obmedzeniami fungovania \u0161k\u00f4l - \u0160IOV - \u0161t\u00e1tny in\u0161tit\u00fat odborn\u00e9ho vzdel\u00e1vania\",\"isPartOf\":{\"@id\":\"https:\\\/\\\/archiv.siov.sk\\\/#website\"},\"primaryImageOfPage\":{\"@id\":\"https:\\\/\\\/archiv.siov.sk\\\/informacia-pre-ziakov-a-pedagogov-sutaze-mlady-ekofarmar-v-suvislosti-s-obmedzeniami-fungovania-skol\\\/#primaryimage\"},\"image\":{\"@id\":\"https:\\\/\\\/archiv.siov.sk\\\/informacia-pre-ziakov-a-pedagogov-sutaze-mlady-ekofarmar-v-suvislosti-s-obmedzeniami-fungovania-skol\\\/#primaryimage\"},\"thumbnailUrl\":\"https:\\\/\\\/archiv.siov.sk\\\/wp-content\\\/uploads\\\/2019\\\/05\\\/foto-ekofarmar-1-e1558423693194.jpg\",\"datePublished\":\"2020-04-22T17:46:09+00:00\",\"dateModified\":\"2020-04-23T17:56:15+00:00\",\"breadcrumb\":{\"@id\":\"https:\\\/\\\/archiv.siov.sk\\\/informacia-pre-ziakov-a-pedagogov-sutaze-mlady-ekofarmar-v-suvislosti-s-obmedzeniami-fungovania-skol\\\/#breadcrumb\"},\"inLanguage\":\"en-GB\",\"potentialAction\":[{\"@type\":\"ReadAction\",\"target\":[\"https:\\\/\\\/archiv.siov.sk\\\/informacia-pre-ziakov-a-pedagogov-sutaze-mlady-ekofarmar-v-suvislosti-s-obmedzeniami-fungovania-skol\\\/\"]}]},{\"@type\":\"ImageObject\",\"inLanguage\":\"en-GB\",\"@id\":\"https:\\\/\\\/archiv.siov.sk\\\/informacia-pre-ziakov-a-pedagogov-sutaze-mlady-ekofarmar-v-suvislosti-s-obmedzeniami-fungovania-skol\\\/#primaryimage\",\"url\":\"https:\\\/\\\/archiv.siov.sk\\\/wp-content\\\/uploads\\\/2019\\\/05\\\/foto-ekofarmar-1-e1558423693194.jpg\",\"contentUrl\":\"https:\\\/\\\/archiv.siov.sk\\\/wp-content\\\/uploads\\\/2019\\\/05\\\/foto-ekofarmar-1-e1558423693194.jpg\",\"width\":3456,\"height\":4608},{\"@type\":\"BreadcrumbList\",\"@id\":\"https:\\\/\\\/archiv.siov.sk\\\/informacia-pre-ziakov-a-pedagogov-sutaze-mlady-ekofarmar-v-suvislosti-s-obmedzeniami-fungovania-skol\\\/#breadcrumb\",\"itemListElement\":[{\"@type\":\"ListItem\",\"position\":1,\"name\":\"Home\",\"item\":\"https:\\\/\\\/archiv.siov.sk\\\/\"},{\"@type\":\"ListItem\",\"position\":2,\"name\":\"Inform\u00e1cia pre \u017eiakov a pedag\u00f3gov s\u00fa\u0165a\u017ee Mlad\u00fd ekofarm\u00e1r v s\u00favislosti s obmedzeniami fungovania \u0161k\u00f4l\"}]},{\"@type\":\"WebSite\",\"@id\":\"https:\\\/\\\/archiv.siov.sk\\\/#website\",\"url\":\"https:\\\/\\\/archiv.siov.sk\\\/\",\"name\":\"\u0160IOV - \u0161t\u00e1tny in\u0161tit\u00fat odborn\u00e9ho vzdel\u00e1vania\",\"description\":\"\",\"publisher\":{\"@id\":\"https:\\\/\\\/archiv.siov.sk\\\/#organization\"},\"potentialAction\":[{\"@type\":\"SearchAction\",\"target\":{\"@type\":\"EntryPoint\",\"urlTemplate\":\"https:\\\/\\\/archiv.siov.sk\\\/?s={search_term_string}\"},\"query-input\":{\"@type\":\"PropertyValueSpecification\",\"valueRequired\":true,\"valueName\":\"search_term_string\"}}],\"inLanguage\":\"en-GB\"},{\"@type\":\"Organization\",\"@id\":\"https:\\\/\\\/archiv.siov.sk\\\/#organization\",\"name\":\"\u0160IOV - \u0161t\u00e1tny in\u0161tit\u00fat odborn\u00e9ho vzdel\u00e1vania\",\"url\":\"https:\\\/\\\/archiv.siov.sk\\\/\",\"logo\":{\"@type\":\"ImageObject\",\"inLanguage\":\"en-GB\",\"@id\":\"https:\\\/\\\/archiv.siov.sk\\\/#\\\/schema\\\/logo\\\/image\\\/\",\"url\":\"https:\\\/\\\/archiv.siov.sk\\\/wp-content\\\/uploads\\\/2024\\\/02\\\/logo-SIOV.png\",\"contentUrl\":\"https:\\\/\\\/archiv.siov.sk\\\/wp-content\\\/uploads\\\/2024\\\/02\\\/logo-SIOV.png\",\"width\":431,\"height\":143,\"caption\":\"\u0160IOV - \u0161t\u00e1tny in\u0161tit\u00fat odborn\u00e9ho vzdel\u00e1vania\"},\"image\":{\"@id\":\"https:\\\/\\\/archiv.siov.sk\\\/#\\\/schema\\\/logo\\\/image\\\/\"},\"sameAs\":[\"https:\\\/\\\/www.facebook.com\\\/Statnyinstitutodbornehovzdelavania\"]},{\"@type\":\"Person\",\"@id\":\"https:\\\/\\\/archiv.siov.sk\\\/#\\\/schema\\\/person\\\/e42d633fbd958c6a726e8834d8965e6c\",\"name\":\"Katar\u00edna Kov\u00e1\u010dov\u00e1\",\"url\":\"https:\\\/\\\/archiv.siov.sk\\\/en\\\/author\\\/katkakovacova\\\/\"}]}<\/script>\n<!-- \/ Yoast SEO plugin. -->","yoast_head_json":{"title":"Inform\u00e1cia pre \u017eiakov a pedag\u00f3gov s\u00fa\u0165a\u017ee Mlad\u00fd ekofarm\u00e1r v s\u00favislosti s obmedzeniami fungovania \u0161k\u00f4l - \u0160IOV - \u0161t\u00e1tny in\u0161tit\u00fat odborn\u00e9ho vzdel\u00e1vania","robots":{"index":"index","follow":"follow","max-snippet":"max-snippet:-1","max-image-preview":"max-image-preview:large","max-video-preview":"max-video-preview:-1"},"canonical":"https:\/\/archiv.siov.sk\/en\/informacia-pre-ziakov-a-pedagogov-sutaze-mlady-ekofarmar-v-suvislosti-s-obmedzeniami-fungovania-skol\/","og_locale":"en_GB","og_type":"article","og_title":"Inform\u00e1cia pre \u017eiakov a pedag\u00f3gov s\u00fa\u0165a\u017ee Mlad\u00fd ekofarm\u00e1r v s\u00favislosti s obmedzeniami fungovania \u0161k\u00f4l - \u0160IOV - \u0161t\u00e1tny in\u0161tit\u00fat odborn\u00e9ho vzdel\u00e1vania","og_description":"Celo\u0161t\u00e1tne kolo s\u00fa\u0165a\u017ee Mlad\u00fd ekofarm\u00e1r \u2013 S\u00fa\u0165a\u017e o mlieku, ktor\u00e9 sa malo uskuto\u010dni\u0165 5. \u2013 7. m\u00e1ja 2020 na Strednej odbornej \u0161kole, Pod B\u00e1no\u0161om 80 v Banskej Bystrici a Po\u013enohospod\u00e1rskom dru\u017estve &nbsp;Bukovina v Streln\u00edkoch &nbsp;sa &nbsp;neuskuto\u010dn\u00ed, &nbsp;nako\u013eko charakter a&nbsp;s\u00fa\u0165a\u017en\u00e9 podmienky neumo\u017e\u0148uj\u00fa vykonanie inou ako prezen\u010dnou&nbsp; formou.&nbsp; K&nbsp;v\u00fdkonu &nbsp;s\u00fa\u0165a\u017en\u00fdch zadan\u00ed &nbsp;boli&nbsp; pripraven\u00e9 &nbsp;u\u010debne na testy a&nbsp;rastlinn\u00fa [&hellip;]","og_url":"https:\/\/archiv.siov.sk\/en\/informacia-pre-ziakov-a-pedagogov-sutaze-mlady-ekofarmar-v-suvislosti-s-obmedzeniami-fungovania-skol\/","og_site_name":"\u0160IOV - \u0161t\u00e1tny in\u0161tit\u00fat odborn\u00e9ho vzdel\u00e1vania","article_publisher":"https:\/\/www.facebook.com\/Statnyinstitutodbornehovzdelavania","article_published_time":"2020-04-22T17:46:09+00:00","article_modified_time":"2020-04-23T17:56:15+00:00","og_image":[{"width":3456,"height":4608,"url":"https:\/\/archiv.siov.sk\/wp-content\/uploads\/2019\/05\/foto-ekofarmar-1-e1558423693194.jpg","type":"image\/jpeg"}],"author":"Katar\u00edna Kov\u00e1\u010dov\u00e1","twitter_card":"summary_large_image","twitter_misc":{"Written by":"Katar\u00edna Kov\u00e1\u010dov\u00e1","Estimated reading time":"5 minutes"},"schema":{"@context":"https:\/\/schema.org","@graph":[{"@type":"Article","@id":"https:\/\/archiv.siov.sk\/informacia-pre-ziakov-a-pedagogov-sutaze-mlady-ekofarmar-v-suvislosti-s-obmedzeniami-fungovania-skol\/#article","isPartOf":{"@id":"https:\/\/archiv.siov.sk\/informacia-pre-ziakov-a-pedagogov-sutaze-mlady-ekofarmar-v-suvislosti-s-obmedzeniami-fungovania-skol\/"},"author":{"name":"Katar\u00edna Kov\u00e1\u010dov\u00e1","@id":"https:\/\/archiv.siov.sk\/#\/schema\/person\/e42d633fbd958c6a726e8834d8965e6c"},"headline":"Inform\u00e1cia pre \u017eiakov a pedag\u00f3gov s\u00fa\u0165a\u017ee Mlad\u00fd ekofarm\u00e1r v s\u00favislosti s obmedzeniami fungovania \u0161k\u00f4l","datePublished":"2020-04-22T17:46:09+00:00","dateModified":"2020-04-23T17:56:15+00:00","mainEntityOfPage":{"@id":"https:\/\/archiv.siov.sk\/informacia-pre-ziakov-a-pedagogov-sutaze-mlady-ekofarmar-v-suvislosti-s-obmedzeniami-fungovania-skol\/"},"wordCount":1066,"publisher":{"@id":"https:\/\/archiv.siov.sk\/#organization"},"image":{"@id":"https:\/\/archiv.siov.sk\/informacia-pre-ziakov-a-pedagogov-sutaze-mlady-ekofarmar-v-suvislosti-s-obmedzeniami-fungovania-skol\/#primaryimage"},"thumbnailUrl":"https:\/\/archiv.siov.sk\/wp-content\/uploads\/2019\/05\/foto-ekofarmar-1-e1558423693194.jpg","articleSection":["Aktuality","Aktuality v \u010dase koronav\u00edrusu"],"inLanguage":"en-GB"},{"@type":"WebPage","@id":"https:\/\/archiv.siov.sk\/informacia-pre-ziakov-a-pedagogov-sutaze-mlady-ekofarmar-v-suvislosti-s-obmedzeniami-fungovania-skol\/","url":"https:\/\/archiv.siov.sk\/informacia-pre-ziakov-a-pedagogov-sutaze-mlady-ekofarmar-v-suvislosti-s-obmedzeniami-fungovania-skol\/","name":"Inform\u00e1cia pre \u017eiakov a pedag\u00f3gov s\u00fa\u0165a\u017ee Mlad\u00fd ekofarm\u00e1r v s\u00favislosti s obmedzeniami fungovania \u0161k\u00f4l - \u0160IOV - \u0161t\u00e1tny in\u0161tit\u00fat odborn\u00e9ho vzdel\u00e1vania","isPartOf":{"@id":"https:\/\/archiv.siov.sk\/#website"},"primaryImageOfPage":{"@id":"https:\/\/archiv.siov.sk\/informacia-pre-ziakov-a-pedagogov-sutaze-mlady-ekofarmar-v-suvislosti-s-obmedzeniami-fungovania-skol\/#primaryimage"},"image":{"@id":"https:\/\/archiv.siov.sk\/informacia-pre-ziakov-a-pedagogov-sutaze-mlady-ekofarmar-v-suvislosti-s-obmedzeniami-fungovania-skol\/#primaryimage"},"thumbnailUrl":"https:\/\/archiv.siov.sk\/wp-content\/uploads\/2019\/05\/foto-ekofarmar-1-e1558423693194.jpg","datePublished":"2020-04-22T17:46:09+00:00","dateModified":"2020-04-23T17:56:15+00:00","breadcrumb":{"@id":"https:\/\/archiv.siov.sk\/informacia-pre-ziakov-a-pedagogov-sutaze-mlady-ekofarmar-v-suvislosti-s-obmedzeniami-fungovania-skol\/#breadcrumb"},"inLanguage":"en-GB","potentialAction":[{"@type":"ReadAction","target":["https:\/\/archiv.siov.sk\/informacia-pre-ziakov-a-pedagogov-sutaze-mlady-ekofarmar-v-suvislosti-s-obmedzeniami-fungovania-skol\/"]}]},{"@type":"ImageObject","inLanguage":"en-GB","@id":"https:\/\/archiv.siov.sk\/informacia-pre-ziakov-a-pedagogov-sutaze-mlady-ekofarmar-v-suvislosti-s-obmedzeniami-fungovania-skol\/#primaryimage","url":"https:\/\/archiv.siov.sk\/wp-content\/uploads\/2019\/05\/foto-ekofarmar-1-e1558423693194.jpg","contentUrl":"https:\/\/archiv.siov.sk\/wp-content\/uploads\/2019\/05\/foto-ekofarmar-1-e1558423693194.jpg","width":3456,"height":4608},{"@type":"BreadcrumbList","@id":"https:\/\/archiv.siov.sk\/informacia-pre-ziakov-a-pedagogov-sutaze-mlady-ekofarmar-v-suvislosti-s-obmedzeniami-fungovania-skol\/#breadcrumb","itemListElement":[{"@type":"ListItem","position":1,"name":"Home","item":"https:\/\/archiv.siov.sk\/"},{"@type":"ListItem","position":2,"name":"Inform\u00e1cia pre \u017eiakov a pedag\u00f3gov s\u00fa\u0165a\u017ee Mlad\u00fd ekofarm\u00e1r v s\u00favislosti s obmedzeniami fungovania \u0161k\u00f4l"}]},{"@type":"WebSite","@id":"https:\/\/archiv.siov.sk\/#website","url":"https:\/\/archiv.siov.sk\/","name":"\u0160IOV - \u0161t\u00e1tny in\u0161tit\u00fat odborn\u00e9ho vzdel\u00e1vania","description":"","publisher":{"@id":"https:\/\/archiv.siov.sk\/#organization"},"potentialAction":[{"@type":"SearchAction","target":{"@type":"EntryPoint","urlTemplate":"https:\/\/archiv.siov.sk\/?s={search_term_string}"},"query-input":{"@type":"PropertyValueSpecification","valueRequired":true,"valueName":"search_term_string"}}],"inLanguage":"en-GB"},{"@type":"Organization","@id":"https:\/\/archiv.siov.sk\/#organization","name":"\u0160IOV - \u0161t\u00e1tny in\u0161tit\u00fat odborn\u00e9ho vzdel\u00e1vania","url":"https:\/\/archiv.siov.sk\/","logo":{"@type":"ImageObject","inLanguage":"en-GB","@id":"https:\/\/archiv.siov.sk\/#\/schema\/logo\/image\/","url":"https:\/\/archiv.siov.sk\/wp-content\/uploads\/2024\/02\/logo-SIOV.png","contentUrl":"https:\/\/archiv.siov.sk\/wp-content\/uploads\/2024\/02\/logo-SIOV.png","width":431,"height":143,"caption":"\u0160IOV - \u0161t\u00e1tny in\u0161tit\u00fat odborn\u00e9ho vzdel\u00e1vania"},"image":{"@id":"https:\/\/archiv.siov.sk\/#\/schema\/logo\/image\/"},"sameAs":["https:\/\/www.facebook.com\/Statnyinstitutodbornehovzdelavania"]},{"@type":"Person","@id":"https:\/\/archiv.siov.sk\/#\/schema\/person\/e42d633fbd958c6a726e8834d8965e6c","name":"Katar\u00edna Kov\u00e1\u010dov\u00e1","url":"https:\/\/archiv.siov.sk\/en\/author\/katkakovacova\/"}]}},"_links":{"self":[{"href":"https:\/\/archiv.siov.sk\/en\/wp-json\/wp\/v2\/posts\/5816","targetHints":{"allow":["GET"]}}],"collection":[{"href":"https:\/\/archiv.siov.sk\/en\/wp-json\/wp\/v2\/posts"}],"about":[{"href":"https:\/\/archiv.siov.sk\/en\/wp-json\/wp\/v2\/types\/post"}],"author":[{"embeddable":true,"href":"https:\/\/archiv.siov.sk\/en\/wp-json\/wp\/v2\/users\/6"}],"replies":[{"embeddable":true,"href":"https:\/\/archiv.siov.sk\/en\/wp-json\/wp\/v2\/comments?post=5816"}],"version-history":[{"count":2,"href":"https:\/\/archiv.siov.sk\/en\/wp-json\/wp\/v2\/posts\/5816\/revisions"}],"predecessor-version":[{"id":5818,"href":"https:\/\/archiv.siov.sk\/en\/wp-json\/wp\/v2\/posts\/5816\/revisions\/5818"}],"wp:featuredmedia":[{"embeddable":true,"href":"https:\/\/archiv.siov.sk\/en\/wp-json\/wp\/v2\/media\/3790"}],"wp:attachment":[{"href":"https:\/\/archiv.siov.sk\/en\/wp-json\/wp\/v2\/media?parent=5816"}],"wp:term":[{"taxonomy":"category","embeddable":true,"href":"https:\/\/archiv.siov.sk\/en\/wp-json\/wp\/v2\/categories?post=5816"},{"taxonomy":"post_tag","embeddable":true,"href":"https:\/\/archiv.siov.sk\/en\/wp-json\/wp\/v2\/tags?post=5816"}],"curies":[{"name":"wp","href":"https:\/\/api.w.org\/{rel}","templated":true}]}}