{"id":5786,"date":"2020-04-21T16:12:29","date_gmt":"2020-04-21T14:12:29","guid":{"rendered":"https:\/\/archiv.siov.sk\/?p=5786"},"modified":"2020-04-21T16:13:14","modified_gmt":"2020-04-21T14:13:14","slug":"organizacny-pokyn-pre-skolsky-rok-2019-2020-sutaze-enersol-sk-vyuzitie-alternativnych-zdrojov-energie-v-suvislosti-s-obmedzeniami-fungovania-skol-distancne","status":"publish","type":"post","link":"https:\/\/archiv.siov.sk\/en\/organizacny-pokyn-pre-skolsky-rok-2019-2020-sutaze-enersol-sk-vyuzitie-alternativnych-zdrojov-energie-v-suvislosti-s-obmedzeniami-fungovania-skol-distancne\/","title":{"rendered":"Organiza\u010dn\u00fd pokyn pre \u0161kolsk\u00fd rok 2019\/2020 s\u00fa\u0165a\u017ee ENERSOL-SK v s\u00favislosti s obmedzeniami fungovania \u0161k\u00f4l &#8211; di\u0161tan\u010dne"},"content":{"rendered":"<p style=\"text-align: justify; line-height: 115%;\"><strong><span style=\"font-size: 11.0pt; line-height: 115%; font-family: 'Cambria',serif;\">Vedomostn\u00e1 odborn\u00e1 s\u00fa\u0165a\u017e ENERSOL-SK vyu\u017eitie alternat\u00edvnych zdrojov energie, ktorej realiz\u00e1cia fin\u00e1lov\u00e9ho kola sa mala uskuto\u010dni\u0165 prezen\u010dne&nbsp; 1 \u2013 3. apr\u00edla 2020 na Strednej odbornej \u0161kole podnikania v&nbsp;remesl\u00e1ch a&nbsp;slu\u017eb\u00e1ch v&nbsp;Senici&nbsp; pokra\u010duje di\u0161tan\u010dnou formou.&nbsp; Do polovice m\u00e1ja&nbsp; bud\u00fa zn\u00e1me v\u00fdsledky a&nbsp;umiestnenie na prv\u00fdch troch miestach kateg\u00f3rie hlavn\u00e1, tvoriv\u00e1 a&nbsp;propaga\u010dn\u00e1.&nbsp; T\u00e9my pr\u00e1c sa zaoberaj\u00fa problematikou \u00faspory energi\u00ed, obnovite\u013en\u00fdch zdrojov energi\u00ed, zni\u017eovania&nbsp; emisi\u00ed v&nbsp;doprave.&nbsp; \u017diaci&nbsp; vyu\u017e\u00edvaj\u00fa tvoriv\u00e9 schopnosti&nbsp; v&nbsp;spolupr\u00e1ci so svojimi u\u010dite\u013emi, v\u00fdsledkom pr\u00e1c s\u00fa funk\u010dn\u00e9 hotov\u00e9&nbsp; v\u00fdrobky a&nbsp;zariadenia vyroben\u00e9&nbsp; individu\u00e1lne \u017eiakmi alebo v partnerstve s&nbsp;firmami.&nbsp; \u010cas\u0165 pr\u00e1c&nbsp; je rie\u0161en\u00e1 aj&nbsp; umeleckou \u010dinnos\u0165ou \u017eiakov.<\/span><\/strong><\/p>\n<p style=\"text-align: justify;\"><em>V nadv\u00e4znosti na v\u00fdvoj epidemiologickej situ\u00e1cie zost\u00e1va v platnosti z\u00e1kaz organizovania v\u00fdletov a exkurzi\u00ed na \u00fazem\u00ed SR aj v zahrani\u010d\u00ed, \u0161portov\u00fdch podujat\u00ed, s\u00fa\u0165a\u017e\u00ed a predmetov\u00fdch olympi\u00e1d realizovan\u00fdch v s\u00fastave \u0161k\u00f4l a \u0161kolsk\u00fdch zariaden\u00ed; <strong>z\u00e1kaz sa net\u00fdka s\u00fa\u0165a\u017e\u00ed a predmetov\u00fdch olympi\u00e1d, ktor\u00e9 sa konaj\u00fa di\u0161tan\u010dnou formou. <\/strong>\u00daprava organiza\u010dn\u00fdch poriadkov s\u00fa\u0165a\u017e\u00ed umo\u017e\u0148uj\u00faca vykon\u00e1vanie di\u0161tan\u010dnou formou v \u0161kolskom roku 2019\/2020 je v p\u00f4sobnosti organiz\u00e1torov s\u00fa\u0165a\u017e\u00ed. Zverejnen\u00e9 na<\/em>:&nbsp;<a href=\"https:\/\/www.minedu.sk\/data\/att\/16003.pdf\">https:\/\/www.minedu.sk\/data\/att\/16003.pdf<\/a>&nbsp; <em>Rozhodnutie ministra \u0161kolstva o preru\u0161en\u00ed vyu\u010dovania od 30. marca 2020 a ur\u010den\u00ed term\u00ednov v r\u00e1mci organiz\u00e1cie \u0161kolsk\u00e9ho roka\u201c<\/em>&nbsp; <em>bolo prijat\u00e9&nbsp; 26. 3. 2020. <\/em><em>Organiza\u010dn\u00fd poriadok s\u00fa\u0165a\u017ee ENERSOL-SK, ktor\u00fd schv\u00e1lilo M\u0160VVa\u0160 SR d\u0148a 20. septembra 2017 pod \u010d\u00edslom 2017\/971:62-10E0<\/em> <em>&nbsp;zost\u00e1va na\u010falej v&nbsp;platnosti. Obmedzenia sa t\u00fdkaj\u00fa aktu\u00e1lneho \u0161kolsk\u00e9ho roka 2019\/2020.&nbsp;&nbsp;&nbsp;&nbsp;&nbsp; <\/em><\/p>\n<p style=\"text-align: justify;\">&nbsp;&nbsp;&nbsp;&nbsp;&nbsp;&nbsp; Na z\u00e1klade toho Celo\u0161t\u00e1tna odborn\u00e1 komisia ENERSOL-SK a metodick\u00fd a odborn\u00fd gestor s\u00fa\u0165a\u017ee \u0160t\u00e1tny in\u0161tit\u00fat odborn\u00e9ho vzdel\u00e1vania (\u0160IOV) Bratislava rozhodol uskuto\u010dni\u0165 s\u00fa\u0165a\u017e&nbsp; v navrhovanom re\u017eime obmedzenia \u2013 di\u0161tan\u010dne.&nbsp; Pri rozhodnut\u00ed sme zoh\u013eadnili,&nbsp; \u017ee s\u00fa\u0165a\u017e pod\u013ea harmonogramu prebehla na \u0161kolsk\u00fdch kol\u00e1ch na stredn\u00fdch \u0161kol\u00e1ch SR. S\u00fa\u010dasne s\u00fa\u0165a\u017en\u00e9 podmienky umo\u017e\u0148uj\u00fa odborn\u00e9 pr\u00e1ce posiela\u0165 elektronicky a hodnotitelia m\u00f4\u017eu \u0161tudova\u0165 p\u00edsomn\u00fa \u010das\u0165 prihl\u00e1sen\u00fdch odborn\u00fdch pr\u00e1c.&nbsp; Uvedomujeme si, \u017ee sp\u00f4sob verejnej obhajoby \u00fastne pred OHK a diskusie v r\u00e1mci prezen\u010dnej formy s\u00fa\u0165a\u017ee s\u00fa nezamenite\u013en\u00e9 hlavne pre zauj\u00edmav\u00e9 technick\u00e9 rie\u0161enia a uk\u00e1\u017eky funk\u010dnosti.&nbsp; V\u0161etk\u00fdm \u00fa\u010dastn\u00edkom&nbsp; mus\u00ed by\u0165 zrejm\u00e9, \u017ee di\u0161tan\u010dn\u00e1 forma je stav, ktor\u00fd mus\u00edme bra\u0165 s pokorou a h\u013eada\u0165 kompromisy by\u0165 s\u00fa\u010dinn\u00ed s vyu\u017eit\u00edm mo\u017enost\u00ed,&nbsp; ktor\u00e9 n\u00e1m d\u00e1vaj\u00fa soci\u00e1lne siete. &nbsp;&nbsp;&nbsp;&nbsp;&nbsp;&nbsp;&nbsp;<\/p>\n<p><strong>Organiza\u010dn\u00fd pokyn pre di\u0161tan\u010dn\u00fa formu s\u00fa\u0165a\u017ee:<\/strong><\/p>\n<ol>\n<li>Odborn\u00e9 a&nbsp;organiza\u010dn\u00e9 zabezpe\u010denie, \u00falohy a \u010dinnosti odborn\u00fdch komisi\u00ed di\u0161tan\u010dnou formou \u2013 elektronicky&nbsp;&nbsp;<\/li>\n<\/ol>\n<p style=\"text-align: justify;\">1.1. Predseda krajskej komisie spracuje komplexn\u00e9 v\u00fdsledky a&nbsp;vyhodnotenie krajskej \u00farovne s\u00fa\u0165a\u017ee a&nbsp;spracuje komplexn\u00fa dokument\u00e1ciu pod\u013ea pokynov krajskej komisie. Ur\u010duje sa poradie prv\u00fdch 3 najlep\u0161\u00edch pr\u00e1c.<\/p>\n<p style=\"text-align: justify;\">1.2. Celo\u0161t\u00e1tne kolo metodicky zabezpe\u010duje \u0160t\u00e1tny in\u0161tit\u00fat odborn\u00e9ho vzdel\u00e1vania. Riadi ho&nbsp;celo\u0161t\u00e1tna odborn\u00e1 komisia. Poveren\u00fd organiz\u00e1tor celo\u0161t\u00e1tneho kola elektronick\u00e9ho vyhodnotenia je Stredn\u00e1 odborn\u00e1 \u0161kola v&nbsp;remesl\u00e1ch a&nbsp;slu\u017eb\u00e1ch Senica, &nbsp;ktor\u00e1 koordinuje \u010dinnos\u0165 \u00faloh a&nbsp;elektronick\u00e9ho hodnotenia&nbsp; OHK celo\u0161t\u00e1tneho kola.<\/p>\n<p style=\"text-align: justify;\">1.3. \u00daspe\u0161n\u00e9 odborn\u00e9 pr\u00e1ce \u017eiakov pre \u0161kolsk\u00fd rok 2019\/2020 spolu s&nbsp;prihl\u00e1\u0161kou \u017eiaka a&nbsp;\u00fadajmi o&nbsp;\u0161kole a \u017eiakovi posielaj\u00fa&nbsp; \u0161koly zo \u0161kolsk\u00fdch k\u00f4l elektronicky&nbsp; do krajsk\u00fdch&nbsp; k\u00f4l v\u0161etk\u00fdch krajov SR na&nbsp; e- mailov\u00fa adresu realiz\u00e1torov spolu so zoznamom postupuj\u00facich \u017eiakov a&nbsp;prihl\u00e1\u0161kou <strong>do 27. apr\u00edla 2020. <\/strong>Realiz\u00e1tori s\u00fa ur\u010den\u00ed Okresn\u00fdm \u00faradom odborom \u0161kolstva v&nbsp;s\u00eddle kraja.<strong>&nbsp; <\/strong>Zoznam na <a href=\"https:\/\/archiv.siov.sk\/wp-content\/uploads\/2019\/10\/Adresar-COK-ENERSOL-2019-20-OS-web-final.pdf\">https:\/\/archiv.siov.sk\/wp-content\/uploads\/2019\/10\/Adresar-COK-ENERSOL-2019-20-OS-web-final.pdf<\/a><\/p>\n<p style=\"text-align: justify;\">1.4. Postupuj\u00face pr\u00e1ce \u017eiakov kraja ka\u017edej kateg\u00f3rie s prihl\u00e1\u0161kou posla\u0165 elektronicky na adresu celo\u0161t\u00e1tneho organiz\u00e1tora s\u00fa\u0165a\u017ee SO\u0160 v&nbsp;remesl\u00e1ch a&nbsp;slu\u017eb\u00e1ch&nbsp; Senica: sossenica@sossenica.sk do <strong>30. apr\u00edla&nbsp; 2020.<\/strong> Term\u00edn uzavretia odosielania pr\u00e1c koordinuje organiz\u00e1tor celo\u0161t\u00e1tneho kola v spolupr\u00e1ci s&nbsp;predsedami krajsk\u00fdch komisi\u00ed a&nbsp;predsedn\u00ed\u010dka COK Ing. Danica Rapantov\u00e1, <a href=\"mailto:rapantova@sossenica.sk\">rapantova@sossenica.sk<\/a>, .<\/p>\n<p style=\"text-align: justify;\"><strong>&nbsp;<\/strong>1.5. \u010clenovia OHK na \u00farovni krajsk\u00fdch k\u00f4l ohodnotia elektronick\u00e9 odborn\u00e9 pr\u00e1ce a dostupn\u00e9 veci (pr\u00edlohy power-pointov\u00e1 prezent\u00e1cia a p.) pre\u0161tuduj\u00fa s t\u00fdm, \u017ee vo v\u00fdsledku sa vynech\u00e1 prezent\u00e1cia pr\u00ednosu pr\u00e1ce formou \u00fastnej obhajoby a&nbsp;diskusia k problematike. Ka\u017ed\u00fd \u010dlen OHK vyp\u00ed\u0161e tabu\u013eku hodnotenia, ktor\u00fa odovzd\u00e1 elektronicky predsedovi krajskej komisie svojej kateg\u00f3rie, &nbsp;ktor\u00fd body spo\u010d\u00edta a na jej z\u00e1klade ur\u010d\u00ed poradie. Predseda krajskej komisie &nbsp;v\u00fdsledky post\u00fapi celo\u0161t\u00e1tnej odbornej komisii.&nbsp; V&nbsp;pr\u00edpade, \u017ee na prv\u00fdch 3 miestach sa vyskytne pr\u00edpad rovnak\u00e9ho po\u010dtu bodov pri 2 pr\u00e1cach, predseda pos\u00fadi rovnos\u0165 bodov a&nbsp;rozhodne o&nbsp;porad\u00ed v&nbsp;diskusii s&nbsp;\u010fal\u0161\u00edmi \u010dlenmi.<\/p>\n<p>1.6. Krajsk\u00e1 komisia sa m\u00f4\u017ee stretn\u00fa\u0165 v pr\u00edpade potreby vo forme konferen\u010dn\u00e9ho hovoru prostredn\u00edctvom soci\u00e1lnych siet\u00ed a pod.&nbsp;<\/p>\n<p style=\"text-align: justify;\">1.7.&nbsp; Postupov\u00fd k\u013e\u00fa\u010d zost\u00e1va nezmenen\u00fd. &nbsp;Z&nbsp;krajsk\u00fdch k\u00f4l post\u00fapia 2 pr\u00e1ce z&nbsp;ka\u017ed\u00e9ho z&nbsp;troch kateg\u00f3ri\u00ed do celo\u0161t\u00e1tneho kola, v&nbsp;ktorom sp\u00f4sob hodnotenia je rovnak\u00fd ako na \u00farovni kraja.&nbsp;<\/p>\n<p style=\"text-align: justify;\">1.8. \u010clenovia OHK na \u00farovni celo\u0161t\u00e1tneho kola ohodnotia elektronicky doru\u010den\u00e9 odborn\u00e9 pr\u00e1ce a dostupn\u00e9 veci (pr\u00edlohy, power-pointov\u00e1 prezent\u00e1cia a&nbsp;p.) pre\u0161tuduj\u00fa s t\u00fdm, \u017ee vo v\u00fdsledku vo v\u00fdsledku sa vynech\u00e1 prezent\u00e1cia pr\u00ednosu pr\u00e1ce formou \u00fastnej obhajoby a&nbsp;diskusia k problematike. Ka\u017ed\u00fd \u010dlen OHK vyp\u00ed\u0161e tabu\u013eku hodnotenia, ktor\u00fa odovzd\u00e1 elektronicky predsedovi komisie svojej kateg\u00f3rie, ktor\u00fd body spo\u010d\u00edta a na jej z\u00e1klade ur\u010d\u00ed poradie. Predseda v\u00fdsledky post\u00fapi celo\u0161t\u00e1tnej odbornej komisii resp. organiz\u00e1torovi SO\u0160 v&nbsp;remesl\u00e1ch a&nbsp;slu\u017eb\u00e1ch Senica. V&nbsp;pr\u00edpade, \u017ee na prv\u00fdch 3 miestach sa vyskytne pr\u00edpad rovnak\u00e9ho po\u010dtu bodov pri 2 pr\u00e1cach, predseda pos\u00fadi rovnos\u0165 bodov a&nbsp;rozhodne o&nbsp;porad\u00ed v&nbsp;diskusii s&nbsp;\u010fal\u0161\u00edmi \u010dlenmi.<\/p>\n<p>1.9. V\u00fdsledky celo\u0161t\u00e1tneho kola \u2013 elektronicky sa spracuj\u00fa od 1. po 3. miesto v&nbsp;porad\u00ed.&nbsp; &nbsp;V\u0161etky ostatn\u00e9 pr\u00e1ce skon\u010dia na 4. mieste. V\u00fdsledky bud\u00fa zverejnen\u00e9 na str\u00e1nke \u0160IOV.sk, a&nbsp;SO\u0160 v&nbsp;remesl\u00e1ch a&nbsp;slu\u017eb\u00e1ch Senica &nbsp;v&nbsp;term\u00edne do <strong>15. m\u00e1ja 2020.<\/strong> Resp. pod\u013ea mo\u017enost\u00ed sa vystavia diplomy a&nbsp;certifik\u00e1ty v&nbsp;tla\u010dovej forme a&nbsp;rozpo\u0161l\u00fa po\u0161tou alebo pod\u013ea mo\u017enost\u00ed a&nbsp;aktu\u00e1lnej situ\u00e1cie odovzdanie k&nbsp;ruk\u00e1m pod\u013ea pokynov celo\u0161t\u00e1tnej odbornej&nbsp; komisie.<\/p>\n<p><strong>&nbsp;<\/strong><\/p>\n<ol start=\"2\">\n<li><strong> Krit\u00e9ri\u00e1 hodnotenia vedomost\u00ed a&nbsp;zru\u010dnost\u00ed \u017eiakov<\/strong><\/li>\n<\/ol>\n<p>2.1. Krit\u00e9ri\u00e1 pre hodnotenie pr\u00e1c ur\u010dila pre obmedzen\u00e9 mo\u017enosti celo\u0161t\u00e1tna odborn\u00e1 komisia nasledovne: celkov\u00e9 hodnotenie pr\u00e1ce je s\u00fa\u010dtom hodnotenia p\u00edsomnej \u010dasti pr\u00e1ce bez \u00fastnej obhajoby pr\u00e1ce a&nbsp;diskusie o&nbsp;problematike pred hodnotiacou komisiou z&nbsp;d\u00f4vodu di\u0161tan\u010dnej formy s\u00fa\u0165a\u017ee.&nbsp;<\/p>\n<p>\u2013 Obsah projektu: V\u00fdsti\u017enos\u0165 spracovanej t\u00e9my, odbornos\u0165, pou\u017e\u00edvanie odborn\u00fdch pojmov, vz\u0165ah k trendom v priemysle a&nbsp;energetike.<\/p>\n<p>\u2013 Vyu\u017eite\u013enos\u0165 projektu: v praxi, na osvetu, na v\u00fduku, k propag\u00e1cii \u0161koly (mesta, firmy).<\/p>\n<p>\u2013 Pr\u00ednos pr\u00e1ce\/projektu pre prax:&nbsp; napr. technick\u00e9ho zariadenia, resp. \u010das\u0165ou funk\u010dn\u00e9ho modelu alebo zariadenia, n\u00e1vrh u\u010debnej pom\u00f4cky s&nbsp;didaktick\u00fdm vyu\u017eit\u00edm formou powerpointovej prezent\u00e1cie, video prezent\u00e1cie a&nbsp;p. .<\/p>\n<p>\u2013 Form\u00e1lna str\u00e1nka pr\u00e1ce, vr\u00e1tane obrazovej dokument\u00e1cie.<\/p>\n<p>2.2.&nbsp; Vzh\u013eadom k&nbsp;tomu, \u017ee pr\u00e1ce orientovan\u00e9 na hotov\u00e9 v\u00fdrobky a&nbsp;ich technick\u00fa n\u00e1ro\u010dnos\u0165, funk\u010dnos\u0165 a&nbsp;prevedenie m\u00f4\u017ee by\u0165 hodnoten\u00e9 bez ich \u00fastnej obhajoby nedostato\u010dn\u00e9.&nbsp; V&nbsp;tom pr\u00edpade m\u00f4\u017ee OHK rozhodn\u00fa\u0165 o&nbsp; nahran\u00ed kr\u00e1tkej&nbsp; 3-5 min\u00fatovej video prezent\u00e1cie na YouTube.<\/p>\n<p>2.3.&nbsp;&nbsp; Vzh\u013eadom na skuto\u010dnos\u0165, \u017ee po\u010das&nbsp; priebehu a&nbsp;otvorenia aktu\u00e1lneho ro\u010dn\u00edka s\u00fa\u0165a\u017ee ENERSOL-SK boli vykonan\u00e9 zmeny v&nbsp;mechanizme, syst\u00e9me a&nbsp;podmienkach s\u00fa\u0165a\u017ee, ka\u017ed\u00fd s\u00fa\u0165a\u017eiaci mus\u00ed by\u0165 krajskou komisiou pred t\u00fdmto sp\u00f4sobom hodnotenia informovan\u00fd o&nbsp;tejto skuto\u010dnosti.&nbsp;<\/p>\n<p>&nbsp;<\/p>","protected":false},"excerpt":{"rendered":"<p>Vedomostn\u00e1 odborn\u00e1 s\u00fa\u0165a\u017e ENERSOL-SK vyu\u017eitie alternat\u00edvnych zdrojov energie, ktorej realiz\u00e1cia fin\u00e1lov\u00e9ho kola sa mala uskuto\u010dni\u0165 prezen\u010dne&nbsp; 1 \u2013 3. apr\u00edla 2020 na Strednej odbornej \u0161kole podnikania v&nbsp;remesl\u00e1ch a&nbsp;slu\u017eb\u00e1ch v&nbsp;Senici&nbsp; pokra\u010duje di\u0161tan\u010dnou formou.&nbsp; Do polovice m\u00e1ja&nbsp; bud\u00fa zn\u00e1me v\u00fdsledky a&nbsp;umiestnenie na prv\u00fdch troch miestach kateg\u00f3rie hlavn\u00e1, tvoriv\u00e1 a&nbsp;propaga\u010dn\u00e1.&nbsp; T\u00e9my pr\u00e1c sa zaoberaj\u00fa problematikou \u00faspory energi\u00ed, obnovite\u013en\u00fdch [&hellip;]<\/p>\n","protected":false},"author":6,"featured_media":2355,"comment_status":"closed","ping_status":"closed","sticky":false,"template":"","format":"standard","meta":{"site-sidebar-layout":"default","site-content-layout":"","ast-site-content-layout":"default","site-content-style":"default","site-sidebar-style":"default","ast-global-header-display":"","ast-banner-title-visibility":"","ast-main-header-display":"","ast-hfb-above-header-display":"","ast-hfb-below-header-display":"","ast-hfb-mobile-header-display":"","site-post-title":"","ast-breadcrumbs-content":"","ast-featured-img":"","footer-sml-layout":"","ast-disable-related-posts":"","theme-transparent-header-meta":"","adv-header-id-meta":"","stick-header-meta":"","header-above-stick-meta":"","header-main-stick-meta":"","header-below-stick-meta":"","astra-migrate-meta-layouts":"default","ast-page-background-enabled":"default","ast-page-background-meta":{"desktop":{"background-color":"var(--ast-global-color-4)","background-image":"","background-repeat":"repeat","background-position":"center center","background-size":"auto","background-attachment":"scroll","background-type":"","background-media":"","overlay-type":"","overlay-color":"","overlay-opacity":"","overlay-gradient":""},"tablet":{"background-color":"","background-image":"","background-repeat":"repeat","background-position":"center center","background-size":"auto","background-attachment":"scroll","background-type":"","background-media":"","overlay-type":"","overlay-color":"","overlay-opacity":"","overlay-gradient":""},"mobile":{"background-color":"","background-image":"","background-repeat":"repeat","background-position":"center center","background-size":"auto","background-attachment":"scroll","background-type":"","background-media":"","overlay-type":"","overlay-color":"","overlay-opacity":"","overlay-gradient":""}},"ast-content-background-meta":{"desktop":{"background-color":"var(--ast-global-color-5)","background-image":"","background-repeat":"repeat","background-position":"center center","background-size":"auto","background-attachment":"scroll","background-type":"","background-media":"","overlay-type":"","overlay-color":"","overlay-opacity":"","overlay-gradient":""},"tablet":{"background-color":"var(--ast-global-color-5)","background-image":"","background-repeat":"repeat","background-position":"center center","background-size":"auto","background-attachment":"scroll","background-type":"","background-media":"","overlay-type":"","overlay-color":"","overlay-opacity":"","overlay-gradient":""},"mobile":{"background-color":"var(--ast-global-color-5)","background-image":"","background-repeat":"repeat","background-position":"center center","background-size":"auto","background-attachment":"scroll","background-type":"","background-media":"","overlay-type":"","overlay-color":"","overlay-opacity":"","overlay-gradient":""}},"footnotes":""},"categories":[1,9],"tags":[],"class_list":["post-5786","post","type-post","status-publish","format-standard","has-post-thumbnail","hentry","category-aktuality","category-aktuality-v-case-koronavirusu"],"yoast_head":"<!-- This site is optimized with the Yoast SEO plugin v27.5 - https:\/\/yoast.com\/product\/yoast-seo-wordpress\/ -->\n<title>Organiza\u010dn\u00fd pokyn pre \u0161kolsk\u00fd rok 2019\/2020 s\u00fa\u0165a\u017ee ENERSOL-SK v s\u00favislosti s obmedzeniami fungovania \u0161k\u00f4l - di\u0161tan\u010dne - \u0160IOV - \u0161t\u00e1tny in\u0161tit\u00fat odborn\u00e9ho vzdel\u00e1vania<\/title>\n<meta name=\"robots\" content=\"index, follow, max-snippet:-1, max-image-preview:large, max-video-preview:-1\" \/>\n<link rel=\"canonical\" href=\"https:\/\/archiv.siov.sk\/en\/organizacny-pokyn-pre-skolsky-rok-2019-2020-sutaze-enersol-sk-vyuzitie-alternativnych-zdrojov-energie-v-suvislosti-s-obmedzeniami-fungovania-skol-distancne\/\" \/>\n<meta property=\"og:locale\" content=\"en_GB\" \/>\n<meta property=\"og:type\" content=\"article\" \/>\n<meta property=\"og:title\" content=\"Organiza\u010dn\u00fd pokyn pre \u0161kolsk\u00fd rok 2019\/2020 s\u00fa\u0165a\u017ee ENERSOL-SK v s\u00favislosti s obmedzeniami fungovania \u0161k\u00f4l - di\u0161tan\u010dne - \u0160IOV - \u0161t\u00e1tny in\u0161tit\u00fat odborn\u00e9ho vzdel\u00e1vania\" \/>\n<meta property=\"og:description\" content=\"Vedomostn\u00e1 odborn\u00e1 s\u00fa\u0165a\u017e ENERSOL-SK vyu\u017eitie alternat\u00edvnych zdrojov energie, ktorej realiz\u00e1cia fin\u00e1lov\u00e9ho kola sa mala uskuto\u010dni\u0165 prezen\u010dne&nbsp; 1 \u2013 3. apr\u00edla 2020 na Strednej odbornej \u0161kole podnikania v&nbsp;remesl\u00e1ch a&nbsp;slu\u017eb\u00e1ch v&nbsp;Senici&nbsp; pokra\u010duje di\u0161tan\u010dnou formou.&nbsp; Do polovice m\u00e1ja&nbsp; bud\u00fa zn\u00e1me v\u00fdsledky a&nbsp;umiestnenie na prv\u00fdch troch miestach kateg\u00f3rie hlavn\u00e1, tvoriv\u00e1 a&nbsp;propaga\u010dn\u00e1.&nbsp; T\u00e9my pr\u00e1c sa zaoberaj\u00fa problematikou \u00faspory energi\u00ed, obnovite\u013en\u00fdch [&hellip;]\" \/>\n<meta property=\"og:url\" content=\"https:\/\/archiv.siov.sk\/en\/organizacny-pokyn-pre-skolsky-rok-2019-2020-sutaze-enersol-sk-vyuzitie-alternativnych-zdrojov-energie-v-suvislosti-s-obmedzeniami-fungovania-skol-distancne\/\" \/>\n<meta property=\"og:site_name\" content=\"\u0160IOV - \u0161t\u00e1tny in\u0161tit\u00fat odborn\u00e9ho vzdel\u00e1vania\" \/>\n<meta property=\"article:publisher\" content=\"https:\/\/www.facebook.com\/Statnyinstitutodbornehovzdelavania\" \/>\n<meta property=\"article:published_time\" content=\"2020-04-21T14:12:29+00:00\" \/>\n<meta property=\"article:modified_time\" content=\"2020-04-21T14:13:14+00:00\" \/>\n<meta property=\"og:image\" content=\"https:\/\/archiv.siov.sk\/wp-content\/uploads\/2019\/02\/top_news.jpg\" \/>\n\t<meta property=\"og:image:width\" content=\"1100\" \/>\n\t<meta property=\"og:image:height\" content=\"445\" \/>\n\t<meta property=\"og:image:type\" content=\"image\/jpeg\" \/>\n<meta name=\"author\" content=\"Katar\u00edna Kov\u00e1\u010dov\u00e1\" \/>\n<meta name=\"twitter:card\" content=\"summary_large_image\" \/>\n<meta name=\"twitter:label1\" content=\"Written by\" \/>\n\t<meta name=\"twitter:data1\" content=\"Katar\u00edna Kov\u00e1\u010dov\u00e1\" \/>\n\t<meta name=\"twitter:label2\" content=\"Estimated reading time\" \/>\n\t<meta name=\"twitter:data2\" content=\"8 minutes\" \/>\n<script type=\"application\/ld+json\" class=\"yoast-schema-graph\">{\"@context\":\"https:\\\/\\\/schema.org\",\"@graph\":[{\"@type\":\"Article\",\"@id\":\"https:\\\/\\\/archiv.siov.sk\\\/en\\\/organizacny-pokyn-pre-skolsky-rok-2019-2020-sutaze-enersol-sk-vyuzitie-alternativnych-zdrojov-energie-v-suvislosti-s-obmedzeniami-fungovania-skol-distancne\\\/#article\",\"isPartOf\":{\"@id\":\"https:\\\/\\\/archiv.siov.sk\\\/en\\\/organizacny-pokyn-pre-skolsky-rok-2019-2020-sutaze-enersol-sk-vyuzitie-alternativnych-zdrojov-energie-v-suvislosti-s-obmedzeniami-fungovania-skol-distancne\\\/\"},\"author\":{\"name\":\"Katar\u00edna Kov\u00e1\u010dov\u00e1\",\"@id\":\"https:\\\/\\\/archiv.siov.sk\\\/#\\\/schema\\\/person\\\/e42d633fbd958c6a726e8834d8965e6c\"},\"headline\":\"Organiza\u010dn\u00fd pokyn pre \u0161kolsk\u00fd rok 2019\\\/2020 s\u00fa\u0165a\u017ee ENERSOL-SK v s\u00favislosti s obmedzeniami fungovania \u0161k\u00f4l &#8211; di\u0161tan\u010dne\",\"datePublished\":\"2020-04-21T14:12:29+00:00\",\"dateModified\":\"2020-04-21T14:13:14+00:00\",\"mainEntityOfPage\":{\"@id\":\"https:\\\/\\\/archiv.siov.sk\\\/en\\\/organizacny-pokyn-pre-skolsky-rok-2019-2020-sutaze-enersol-sk-vyuzitie-alternativnych-zdrojov-energie-v-suvislosti-s-obmedzeniami-fungovania-skol-distancne\\\/\"},\"wordCount\":1577,\"publisher\":{\"@id\":\"https:\\\/\\\/archiv.siov.sk\\\/#organization\"},\"image\":{\"@id\":\"https:\\\/\\\/archiv.siov.sk\\\/en\\\/organizacny-pokyn-pre-skolsky-rok-2019-2020-sutaze-enersol-sk-vyuzitie-alternativnych-zdrojov-energie-v-suvislosti-s-obmedzeniami-fungovania-skol-distancne\\\/#primaryimage\"},\"thumbnailUrl\":\"https:\\\/\\\/archiv.siov.sk\\\/wp-content\\\/uploads\\\/2019\\\/02\\\/top_news.jpg\",\"articleSection\":[\"Aktuality\",\"Aktuality v \u010dase koronav\u00edrusu\"],\"inLanguage\":\"en-GB\"},{\"@type\":\"WebPage\",\"@id\":\"https:\\\/\\\/archiv.siov.sk\\\/en\\\/organizacny-pokyn-pre-skolsky-rok-2019-2020-sutaze-enersol-sk-vyuzitie-alternativnych-zdrojov-energie-v-suvislosti-s-obmedzeniami-fungovania-skol-distancne\\\/\",\"url\":\"https:\\\/\\\/archiv.siov.sk\\\/en\\\/organizacny-pokyn-pre-skolsky-rok-2019-2020-sutaze-enersol-sk-vyuzitie-alternativnych-zdrojov-energie-v-suvislosti-s-obmedzeniami-fungovania-skol-distancne\\\/\",\"name\":\"Organiza\u010dn\u00fd pokyn pre \u0161kolsk\u00fd rok 2019\\\/2020 s\u00fa\u0165a\u017ee ENERSOL-SK v s\u00favislosti s obmedzeniami fungovania \u0161k\u00f4l - di\u0161tan\u010dne - \u0160IOV - \u0161t\u00e1tny in\u0161tit\u00fat odborn\u00e9ho vzdel\u00e1vania\",\"isPartOf\":{\"@id\":\"https:\\\/\\\/archiv.siov.sk\\\/#website\"},\"primaryImageOfPage\":{\"@id\":\"https:\\\/\\\/archiv.siov.sk\\\/en\\\/organizacny-pokyn-pre-skolsky-rok-2019-2020-sutaze-enersol-sk-vyuzitie-alternativnych-zdrojov-energie-v-suvislosti-s-obmedzeniami-fungovania-skol-distancne\\\/#primaryimage\"},\"image\":{\"@id\":\"https:\\\/\\\/archiv.siov.sk\\\/en\\\/organizacny-pokyn-pre-skolsky-rok-2019-2020-sutaze-enersol-sk-vyuzitie-alternativnych-zdrojov-energie-v-suvislosti-s-obmedzeniami-fungovania-skol-distancne\\\/#primaryimage\"},\"thumbnailUrl\":\"https:\\\/\\\/archiv.siov.sk\\\/wp-content\\\/uploads\\\/2019\\\/02\\\/top_news.jpg\",\"datePublished\":\"2020-04-21T14:12:29+00:00\",\"dateModified\":\"2020-04-21T14:13:14+00:00\",\"breadcrumb\":{\"@id\":\"https:\\\/\\\/archiv.siov.sk\\\/en\\\/organizacny-pokyn-pre-skolsky-rok-2019-2020-sutaze-enersol-sk-vyuzitie-alternativnych-zdrojov-energie-v-suvislosti-s-obmedzeniami-fungovania-skol-distancne\\\/#breadcrumb\"},\"inLanguage\":\"en-GB\",\"potentialAction\":[{\"@type\":\"ReadAction\",\"target\":[\"https:\\\/\\\/archiv.siov.sk\\\/en\\\/organizacny-pokyn-pre-skolsky-rok-2019-2020-sutaze-enersol-sk-vyuzitie-alternativnych-zdrojov-energie-v-suvislosti-s-obmedzeniami-fungovania-skol-distancne\\\/\"]}]},{\"@type\":\"ImageObject\",\"inLanguage\":\"en-GB\",\"@id\":\"https:\\\/\\\/archiv.siov.sk\\\/en\\\/organizacny-pokyn-pre-skolsky-rok-2019-2020-sutaze-enersol-sk-vyuzitie-alternativnych-zdrojov-energie-v-suvislosti-s-obmedzeniami-fungovania-skol-distancne\\\/#primaryimage\",\"url\":\"https:\\\/\\\/archiv.siov.sk\\\/wp-content\\\/uploads\\\/2019\\\/02\\\/top_news.jpg\",\"contentUrl\":\"https:\\\/\\\/archiv.siov.sk\\\/wp-content\\\/uploads\\\/2019\\\/02\\\/top_news.jpg\",\"width\":1100,\"height\":445,\"caption\":\"Du\u00e1l Pointy v\u00fdrazne u\u013eah\u010dia pr\u00e1cu v\u00fdchovn\u00fdch a kari\u00e9rov\u00fdch poradcov\"},{\"@type\":\"BreadcrumbList\",\"@id\":\"https:\\\/\\\/archiv.siov.sk\\\/en\\\/organizacny-pokyn-pre-skolsky-rok-2019-2020-sutaze-enersol-sk-vyuzitie-alternativnych-zdrojov-energie-v-suvislosti-s-obmedzeniami-fungovania-skol-distancne\\\/#breadcrumb\",\"itemListElement\":[{\"@type\":\"ListItem\",\"position\":1,\"name\":\"Home\",\"item\":\"https:\\\/\\\/archiv.siov.sk\\\/\"},{\"@type\":\"ListItem\",\"position\":2,\"name\":\"Organiza\u010dn\u00fd pokyn pre \u0161kolsk\u00fd rok 2019\\\/2020 s\u00fa\u0165a\u017ee ENERSOL-SK v s\u00favislosti s obmedzeniami fungovania \u0161k\u00f4l &#8211; di\u0161tan\u010dne\"}]},{\"@type\":\"WebSite\",\"@id\":\"https:\\\/\\\/archiv.siov.sk\\\/#website\",\"url\":\"https:\\\/\\\/archiv.siov.sk\\\/\",\"name\":\"\u0160IOV - \u0161t\u00e1tny in\u0161tit\u00fat odborn\u00e9ho vzdel\u00e1vania\",\"description\":\"\",\"publisher\":{\"@id\":\"https:\\\/\\\/archiv.siov.sk\\\/#organization\"},\"potentialAction\":[{\"@type\":\"SearchAction\",\"target\":{\"@type\":\"EntryPoint\",\"urlTemplate\":\"https:\\\/\\\/archiv.siov.sk\\\/?s={search_term_string}\"},\"query-input\":{\"@type\":\"PropertyValueSpecification\",\"valueRequired\":true,\"valueName\":\"search_term_string\"}}],\"inLanguage\":\"en-GB\"},{\"@type\":\"Organization\",\"@id\":\"https:\\\/\\\/archiv.siov.sk\\\/#organization\",\"name\":\"\u0160IOV - \u0161t\u00e1tny in\u0161tit\u00fat odborn\u00e9ho vzdel\u00e1vania\",\"url\":\"https:\\\/\\\/archiv.siov.sk\\\/\",\"logo\":{\"@type\":\"ImageObject\",\"inLanguage\":\"en-GB\",\"@id\":\"https:\\\/\\\/archiv.siov.sk\\\/#\\\/schema\\\/logo\\\/image\\\/\",\"url\":\"https:\\\/\\\/archiv.siov.sk\\\/wp-content\\\/uploads\\\/2024\\\/02\\\/logo-SIOV.png\",\"contentUrl\":\"https:\\\/\\\/archiv.siov.sk\\\/wp-content\\\/uploads\\\/2024\\\/02\\\/logo-SIOV.png\",\"width\":431,\"height\":143,\"caption\":\"\u0160IOV - \u0161t\u00e1tny in\u0161tit\u00fat odborn\u00e9ho vzdel\u00e1vania\"},\"image\":{\"@id\":\"https:\\\/\\\/archiv.siov.sk\\\/#\\\/schema\\\/logo\\\/image\\\/\"},\"sameAs\":[\"https:\\\/\\\/www.facebook.com\\\/Statnyinstitutodbornehovzdelavania\"]},{\"@type\":\"Person\",\"@id\":\"https:\\\/\\\/archiv.siov.sk\\\/#\\\/schema\\\/person\\\/e42d633fbd958c6a726e8834d8965e6c\",\"name\":\"Katar\u00edna Kov\u00e1\u010dov\u00e1\",\"url\":\"https:\\\/\\\/archiv.siov.sk\\\/en\\\/author\\\/katkakovacova\\\/\"}]}<\/script>\n<!-- \/ Yoast SEO plugin. -->","yoast_head_json":{"title":"Organiza\u010dn\u00fd pokyn pre \u0161kolsk\u00fd rok 2019\/2020 s\u00fa\u0165a\u017ee ENERSOL-SK v s\u00favislosti s obmedzeniami fungovania \u0161k\u00f4l - di\u0161tan\u010dne - \u0160IOV - \u0161t\u00e1tny in\u0161tit\u00fat odborn\u00e9ho vzdel\u00e1vania","robots":{"index":"index","follow":"follow","max-snippet":"max-snippet:-1","max-image-preview":"max-image-preview:large","max-video-preview":"max-video-preview:-1"},"canonical":"https:\/\/archiv.siov.sk\/en\/organizacny-pokyn-pre-skolsky-rok-2019-2020-sutaze-enersol-sk-vyuzitie-alternativnych-zdrojov-energie-v-suvislosti-s-obmedzeniami-fungovania-skol-distancne\/","og_locale":"en_GB","og_type":"article","og_title":"Organiza\u010dn\u00fd pokyn pre \u0161kolsk\u00fd rok 2019\/2020 s\u00fa\u0165a\u017ee ENERSOL-SK v s\u00favislosti s obmedzeniami fungovania \u0161k\u00f4l - di\u0161tan\u010dne - \u0160IOV - \u0161t\u00e1tny in\u0161tit\u00fat odborn\u00e9ho vzdel\u00e1vania","og_description":"Vedomostn\u00e1 odborn\u00e1 s\u00fa\u0165a\u017e ENERSOL-SK vyu\u017eitie alternat\u00edvnych zdrojov energie, ktorej realiz\u00e1cia fin\u00e1lov\u00e9ho kola sa mala uskuto\u010dni\u0165 prezen\u010dne&nbsp; 1 \u2013 3. apr\u00edla 2020 na Strednej odbornej \u0161kole podnikania v&nbsp;remesl\u00e1ch a&nbsp;slu\u017eb\u00e1ch v&nbsp;Senici&nbsp; pokra\u010duje di\u0161tan\u010dnou formou.&nbsp; Do polovice m\u00e1ja&nbsp; bud\u00fa zn\u00e1me v\u00fdsledky a&nbsp;umiestnenie na prv\u00fdch troch miestach kateg\u00f3rie hlavn\u00e1, tvoriv\u00e1 a&nbsp;propaga\u010dn\u00e1.&nbsp; T\u00e9my pr\u00e1c sa zaoberaj\u00fa problematikou \u00faspory energi\u00ed, obnovite\u013en\u00fdch [&hellip;]","og_url":"https:\/\/archiv.siov.sk\/en\/organizacny-pokyn-pre-skolsky-rok-2019-2020-sutaze-enersol-sk-vyuzitie-alternativnych-zdrojov-energie-v-suvislosti-s-obmedzeniami-fungovania-skol-distancne\/","og_site_name":"\u0160IOV - \u0161t\u00e1tny in\u0161tit\u00fat odborn\u00e9ho vzdel\u00e1vania","article_publisher":"https:\/\/www.facebook.com\/Statnyinstitutodbornehovzdelavania","article_published_time":"2020-04-21T14:12:29+00:00","article_modified_time":"2020-04-21T14:13:14+00:00","og_image":[{"width":1100,"height":445,"url":"https:\/\/archiv.siov.sk\/wp-content\/uploads\/2019\/02\/top_news.jpg","type":"image\/jpeg"}],"author":"Katar\u00edna Kov\u00e1\u010dov\u00e1","twitter_card":"summary_large_image","twitter_misc":{"Written by":"Katar\u00edna Kov\u00e1\u010dov\u00e1","Estimated reading time":"8 minutes"},"schema":{"@context":"https:\/\/schema.org","@graph":[{"@type":"Article","@id":"https:\/\/archiv.siov.sk\/en\/organizacny-pokyn-pre-skolsky-rok-2019-2020-sutaze-enersol-sk-vyuzitie-alternativnych-zdrojov-energie-v-suvislosti-s-obmedzeniami-fungovania-skol-distancne\/#article","isPartOf":{"@id":"https:\/\/archiv.siov.sk\/en\/organizacny-pokyn-pre-skolsky-rok-2019-2020-sutaze-enersol-sk-vyuzitie-alternativnych-zdrojov-energie-v-suvislosti-s-obmedzeniami-fungovania-skol-distancne\/"},"author":{"name":"Katar\u00edna Kov\u00e1\u010dov\u00e1","@id":"https:\/\/archiv.siov.sk\/#\/schema\/person\/e42d633fbd958c6a726e8834d8965e6c"},"headline":"Organiza\u010dn\u00fd pokyn pre \u0161kolsk\u00fd rok 2019\/2020 s\u00fa\u0165a\u017ee ENERSOL-SK v s\u00favislosti s obmedzeniami fungovania \u0161k\u00f4l &#8211; di\u0161tan\u010dne","datePublished":"2020-04-21T14:12:29+00:00","dateModified":"2020-04-21T14:13:14+00:00","mainEntityOfPage":{"@id":"https:\/\/archiv.siov.sk\/en\/organizacny-pokyn-pre-skolsky-rok-2019-2020-sutaze-enersol-sk-vyuzitie-alternativnych-zdrojov-energie-v-suvislosti-s-obmedzeniami-fungovania-skol-distancne\/"},"wordCount":1577,"publisher":{"@id":"https:\/\/archiv.siov.sk\/#organization"},"image":{"@id":"https:\/\/archiv.siov.sk\/en\/organizacny-pokyn-pre-skolsky-rok-2019-2020-sutaze-enersol-sk-vyuzitie-alternativnych-zdrojov-energie-v-suvislosti-s-obmedzeniami-fungovania-skol-distancne\/#primaryimage"},"thumbnailUrl":"https:\/\/archiv.siov.sk\/wp-content\/uploads\/2019\/02\/top_news.jpg","articleSection":["Aktuality","Aktuality v \u010dase koronav\u00edrusu"],"inLanguage":"en-GB"},{"@type":"WebPage","@id":"https:\/\/archiv.siov.sk\/en\/organizacny-pokyn-pre-skolsky-rok-2019-2020-sutaze-enersol-sk-vyuzitie-alternativnych-zdrojov-energie-v-suvislosti-s-obmedzeniami-fungovania-skol-distancne\/","url":"https:\/\/archiv.siov.sk\/en\/organizacny-pokyn-pre-skolsky-rok-2019-2020-sutaze-enersol-sk-vyuzitie-alternativnych-zdrojov-energie-v-suvislosti-s-obmedzeniami-fungovania-skol-distancne\/","name":"Organiza\u010dn\u00fd pokyn pre \u0161kolsk\u00fd rok 2019\/2020 s\u00fa\u0165a\u017ee ENERSOL-SK v s\u00favislosti s obmedzeniami fungovania \u0161k\u00f4l - di\u0161tan\u010dne - \u0160IOV - \u0161t\u00e1tny in\u0161tit\u00fat odborn\u00e9ho vzdel\u00e1vania","isPartOf":{"@id":"https:\/\/archiv.siov.sk\/#website"},"primaryImageOfPage":{"@id":"https:\/\/archiv.siov.sk\/en\/organizacny-pokyn-pre-skolsky-rok-2019-2020-sutaze-enersol-sk-vyuzitie-alternativnych-zdrojov-energie-v-suvislosti-s-obmedzeniami-fungovania-skol-distancne\/#primaryimage"},"image":{"@id":"https:\/\/archiv.siov.sk\/en\/organizacny-pokyn-pre-skolsky-rok-2019-2020-sutaze-enersol-sk-vyuzitie-alternativnych-zdrojov-energie-v-suvislosti-s-obmedzeniami-fungovania-skol-distancne\/#primaryimage"},"thumbnailUrl":"https:\/\/archiv.siov.sk\/wp-content\/uploads\/2019\/02\/top_news.jpg","datePublished":"2020-04-21T14:12:29+00:00","dateModified":"2020-04-21T14:13:14+00:00","breadcrumb":{"@id":"https:\/\/archiv.siov.sk\/en\/organizacny-pokyn-pre-skolsky-rok-2019-2020-sutaze-enersol-sk-vyuzitie-alternativnych-zdrojov-energie-v-suvislosti-s-obmedzeniami-fungovania-skol-distancne\/#breadcrumb"},"inLanguage":"en-GB","potentialAction":[{"@type":"ReadAction","target":["https:\/\/archiv.siov.sk\/en\/organizacny-pokyn-pre-skolsky-rok-2019-2020-sutaze-enersol-sk-vyuzitie-alternativnych-zdrojov-energie-v-suvislosti-s-obmedzeniami-fungovania-skol-distancne\/"]}]},{"@type":"ImageObject","inLanguage":"en-GB","@id":"https:\/\/archiv.siov.sk\/en\/organizacny-pokyn-pre-skolsky-rok-2019-2020-sutaze-enersol-sk-vyuzitie-alternativnych-zdrojov-energie-v-suvislosti-s-obmedzeniami-fungovania-skol-distancne\/#primaryimage","url":"https:\/\/archiv.siov.sk\/wp-content\/uploads\/2019\/02\/top_news.jpg","contentUrl":"https:\/\/archiv.siov.sk\/wp-content\/uploads\/2019\/02\/top_news.jpg","width":1100,"height":445,"caption":"Du\u00e1l Pointy v\u00fdrazne u\u013eah\u010dia pr\u00e1cu v\u00fdchovn\u00fdch a kari\u00e9rov\u00fdch poradcov"},{"@type":"BreadcrumbList","@id":"https:\/\/archiv.siov.sk\/en\/organizacny-pokyn-pre-skolsky-rok-2019-2020-sutaze-enersol-sk-vyuzitie-alternativnych-zdrojov-energie-v-suvislosti-s-obmedzeniami-fungovania-skol-distancne\/#breadcrumb","itemListElement":[{"@type":"ListItem","position":1,"name":"Home","item":"https:\/\/archiv.siov.sk\/"},{"@type":"ListItem","position":2,"name":"Organiza\u010dn\u00fd pokyn pre \u0161kolsk\u00fd rok 2019\/2020 s\u00fa\u0165a\u017ee ENERSOL-SK v s\u00favislosti s obmedzeniami fungovania \u0161k\u00f4l &#8211; di\u0161tan\u010dne"}]},{"@type":"WebSite","@id":"https:\/\/archiv.siov.sk\/#website","url":"https:\/\/archiv.siov.sk\/","name":"\u0160IOV - \u0161t\u00e1tny in\u0161tit\u00fat odborn\u00e9ho vzdel\u00e1vania","description":"","publisher":{"@id":"https:\/\/archiv.siov.sk\/#organization"},"potentialAction":[{"@type":"SearchAction","target":{"@type":"EntryPoint","urlTemplate":"https:\/\/archiv.siov.sk\/?s={search_term_string}"},"query-input":{"@type":"PropertyValueSpecification","valueRequired":true,"valueName":"search_term_string"}}],"inLanguage":"en-GB"},{"@type":"Organization","@id":"https:\/\/archiv.siov.sk\/#organization","name":"\u0160IOV - \u0161t\u00e1tny in\u0161tit\u00fat odborn\u00e9ho vzdel\u00e1vania","url":"https:\/\/archiv.siov.sk\/","logo":{"@type":"ImageObject","inLanguage":"en-GB","@id":"https:\/\/archiv.siov.sk\/#\/schema\/logo\/image\/","url":"https:\/\/archiv.siov.sk\/wp-content\/uploads\/2024\/02\/logo-SIOV.png","contentUrl":"https:\/\/archiv.siov.sk\/wp-content\/uploads\/2024\/02\/logo-SIOV.png","width":431,"height":143,"caption":"\u0160IOV - \u0161t\u00e1tny in\u0161tit\u00fat odborn\u00e9ho vzdel\u00e1vania"},"image":{"@id":"https:\/\/archiv.siov.sk\/#\/schema\/logo\/image\/"},"sameAs":["https:\/\/www.facebook.com\/Statnyinstitutodbornehovzdelavania"]},{"@type":"Person","@id":"https:\/\/archiv.siov.sk\/#\/schema\/person\/e42d633fbd958c6a726e8834d8965e6c","name":"Katar\u00edna Kov\u00e1\u010dov\u00e1","url":"https:\/\/archiv.siov.sk\/en\/author\/katkakovacova\/"}]}},"_links":{"self":[{"href":"https:\/\/archiv.siov.sk\/en\/wp-json\/wp\/v2\/posts\/5786","targetHints":{"allow":["GET"]}}],"collection":[{"href":"https:\/\/archiv.siov.sk\/en\/wp-json\/wp\/v2\/posts"}],"about":[{"href":"https:\/\/archiv.siov.sk\/en\/wp-json\/wp\/v2\/types\/post"}],"author":[{"embeddable":true,"href":"https:\/\/archiv.siov.sk\/en\/wp-json\/wp\/v2\/users\/6"}],"replies":[{"embeddable":true,"href":"https:\/\/archiv.siov.sk\/en\/wp-json\/wp\/v2\/comments?post=5786"}],"version-history":[{"count":3,"href":"https:\/\/archiv.siov.sk\/en\/wp-json\/wp\/v2\/posts\/5786\/revisions"}],"predecessor-version":[{"id":5789,"href":"https:\/\/archiv.siov.sk\/en\/wp-json\/wp\/v2\/posts\/5786\/revisions\/5789"}],"wp:featuredmedia":[{"embeddable":true,"href":"https:\/\/archiv.siov.sk\/en\/wp-json\/wp\/v2\/media\/2355"}],"wp:attachment":[{"href":"https:\/\/archiv.siov.sk\/en\/wp-json\/wp\/v2\/media?parent=5786"}],"wp:term":[{"taxonomy":"category","embeddable":true,"href":"https:\/\/archiv.siov.sk\/en\/wp-json\/wp\/v2\/categories?post=5786"},{"taxonomy":"post_tag","embeddable":true,"href":"https:\/\/archiv.siov.sk\/en\/wp-json\/wp\/v2\/tags?post=5786"}],"curies":[{"name":"wp","href":"https:\/\/api.w.org\/{rel}","templated":true}]}}