{"id":5599,"date":"2020-04-07T10:35:43","date_gmt":"2020-04-07T08:35:43","guid":{"rendered":"https:\/\/archiv.siov.sk\/?p=5599"},"modified":"2020-04-07T10:40:16","modified_gmt":"2020-04-07T08:40:16","slug":"online-veltrh-cvicnych-firiem-2020-bulharsko","status":"publish","type":"post","link":"https:\/\/archiv.siov.sk\/en\/online-veltrh-cvicnych-firiem-2020-bulharsko\/","title":{"rendered":"ONLINE VE\u013dTRH CVI\u010cN\u00ddCH FIRIEM 2020 BULHARSKO"},"content":{"rendered":"<p>Bulharsk\u00e1 centr\u00e1la cvi\u010dn\u00fdch firiem sa rozhodla uskuto\u010dni\u0165 medzin\u00e1rodn\u00fd &nbsp;ve\u013etrh cvi\u010dn\u00fdch firiem ONLINE &#8222;TF FEST 2020&#8220;, na ktor\u00fd poz\u00fdva aj slovensk\u00e9 cvi\u010dn\u00e9 firmy.<\/p>\n<p>Podmienky \u00fa\u010dasti na ve\u013etrhu a s\u00fa\u0165a\u017eiach cvi\u010dn\u00fdch firiem n\u00e1jdete na <a href=\"https:\/\/2020.tffest.bg\">https:\/\/2020.tffest.bg<\/a><\/p>\n<p>Term\u00edn ve\u013etrhu je 23. \u2013 24. apr\u00edla 2020<\/p>\n<p><strong>&nbsp;<\/strong><\/p>\n<p><strong>TF FEST 2020 ONLINE<\/strong><\/p>\n<p><strong>NEW OPPORTUNITIES FOR ONLINE TRADE.<\/strong><\/p>\n<p><strong>&nbsp;<\/strong><strong>SET UP YOUR TF FEST ONLINE SHOP!<\/strong><\/p>\n<p>&nbsp;<\/p>\n<p>Dear colleagues,<\/p>\n<p>Especially for TF FEST 2020, in order to make deals with customers, every practice enterprise can create its own online store as an alternative to the inability to have a real presence during the Fair this year.<\/p>\n<p>All companies registered for TF FEST 2020 will have access to the online trading. Registration is possible until 12.04.2020. Participation in the online TF FEST 2020 and acess to all competitions during the fair is free of charge.<\/p>\n<p>You will find a new menu in your profile on the TF FEST website https:\/\/2020.tffest.bg, where you can create categories, enter products, quantities and prices and keep track of your orders during TF FEST 2020 \u2013 23-24 April.<\/p>\n<p>Expect further information on how client transactions will occur during the Fair.<\/p>\n<p>&nbsp;<\/p>\n<p>Stay at home &#8211; save human lives!<\/p>\n<p>But do not stop developing yourself!<\/p>\n<p>&nbsp;<\/p>\n<p>&nbsp;<\/p>\n<p><strong>BULGARIAN CENTRE OF TRAINING FIRMS <\/strong><\/p>\n<p><strong>ORGANZING COMMITTEE OF TFFEST <\/strong><\/p>\n<p><strong>LET&#8217;S HELP OUR FUTURE BY BEING RESPONSIBLE TOGETHER!<\/strong><\/p>","protected":false},"excerpt":{"rendered":"<p>Bulharsk\u00e1 centr\u00e1la cvi\u010dn\u00fdch firiem sa rozhodla uskuto\u010dni\u0165 medzin\u00e1rodn\u00fd &nbsp;ve\u013etrh cvi\u010dn\u00fdch firiem ONLINE &#8222;TF FEST 2020&#8220;, na ktor\u00fd poz\u00fdva aj slovensk\u00e9 cvi\u010dn\u00e9 firmy. Podmienky \u00fa\u010dasti na ve\u013etrhu a s\u00fa\u0165a\u017eiach cvi\u010dn\u00fdch firiem n\u00e1jdete na https:\/\/2020.tffest.bg Term\u00edn ve\u013etrhu je 23. \u2013 24. apr\u00edla 2020 &nbsp; TF FEST 2020 ONLINE NEW OPPORTUNITIES FOR ONLINE TRADE. &nbsp;SET UP YOUR TF [&hellip;]<\/p>\n","protected":false},"author":6,"featured_media":2380,"comment_status":"closed","ping_status":"closed","sticky":false,"template":"","format":"standard","meta":{"site-sidebar-layout":"default","site-content-layout":"","ast-site-content-layout":"default","site-content-style":"default","site-sidebar-style":"default","ast-global-header-display":"","ast-banner-title-visibility":"","ast-main-header-display":"","ast-hfb-above-header-display":"","ast-hfb-below-header-display":"","ast-hfb-mobile-header-display":"","site-post-title":"","ast-breadcrumbs-content":"","ast-featured-img":"","footer-sml-layout":"","ast-disable-related-posts":"","theme-transparent-header-meta":"","adv-header-id-meta":"","stick-header-meta":"","header-above-stick-meta":"","header-main-stick-meta":"","header-below-stick-meta":"","astra-migrate-meta-layouts":"default","ast-page-background-enabled":"default","ast-page-background-meta":{"desktop":{"background-color":"var(--ast-global-color-4)","background-image":"","background-repeat":"repeat","background-position":"center center","background-size":"auto","background-attachment":"scroll","background-type":"","background-media":"","overlay-type":"","overlay-color":"","overlay-opacity":"","overlay-gradient":""},"tablet":{"background-color":"","background-image":"","background-repeat":"repeat","background-position":"center center","background-size":"auto","background-attachment":"scroll","background-type":"","background-media":"","overlay-type":"","overlay-color":"","overlay-opacity":"","overlay-gradient":""},"mobile":{"background-color":"","background-image":"","background-repeat":"repeat","background-position":"center center","background-size":"auto","background-attachment":"scroll","background-type":"","background-media":"","overlay-type":"","overlay-color":"","overlay-opacity":"","overlay-gradient":""}},"ast-content-background-meta":{"desktop":{"background-color":"var(--ast-global-color-5)","background-image":"","background-repeat":"repeat","background-position":"center center","background-size":"auto","background-attachment":"scroll","background-type":"","background-media":"","overlay-type":"","overlay-color":"","overlay-opacity":"","overlay-gradient":""},"tablet":{"background-color":"var(--ast-global-color-5)","background-image":"","background-repeat":"repeat","background-position":"center center","background-size":"auto","background-attachment":"scroll","background-type":"","background-media":"","overlay-type":"","overlay-color":"","overlay-opacity":"","overlay-gradient":""},"mobile":{"background-color":"var(--ast-global-color-5)","background-image":"","background-repeat":"repeat","background-position":"center center","background-size":"auto","background-attachment":"scroll","background-type":"","background-media":"","overlay-type":"","overlay-color":"","overlay-opacity":"","overlay-gradient":""}},"footnotes":""},"categories":[1,9],"tags":[],"class_list":["post-5599","post","type-post","status-publish","format-standard","has-post-thumbnail","hentry","category-aktuality","category-aktuality-v-case-koronavirusu"],"yoast_head":"<!-- This site is optimized with the Yoast SEO plugin v27.5 - https:\/\/yoast.com\/product\/yoast-seo-wordpress\/ -->\n<title>ONLINE VE\u013dTRH CVI\u010cN\u00ddCH FIRIEM 2020 BULHARSKO - \u0160IOV - \u0161t\u00e1tny in\u0161tit\u00fat odborn\u00e9ho vzdel\u00e1vania<\/title>\n<meta name=\"robots\" content=\"index, follow, max-snippet:-1, max-image-preview:large, max-video-preview:-1\" \/>\n<link rel=\"canonical\" href=\"https:\/\/archiv.siov.sk\/en\/online-veltrh-cvicnych-firiem-2020-bulharsko\/\" \/>\n<meta property=\"og:locale\" content=\"en_GB\" \/>\n<meta property=\"og:type\" content=\"article\" \/>\n<meta property=\"og:title\" content=\"ONLINE VE\u013dTRH CVI\u010cN\u00ddCH FIRIEM 2020 BULHARSKO - \u0160IOV - \u0161t\u00e1tny in\u0161tit\u00fat odborn\u00e9ho vzdel\u00e1vania\" \/>\n<meta property=\"og:description\" content=\"Bulharsk\u00e1 centr\u00e1la cvi\u010dn\u00fdch firiem sa rozhodla uskuto\u010dni\u0165 medzin\u00e1rodn\u00fd &nbsp;ve\u013etrh cvi\u010dn\u00fdch firiem ONLINE &#8222;TF FEST 2020&#8220;, na ktor\u00fd poz\u00fdva aj slovensk\u00e9 cvi\u010dn\u00e9 firmy. Podmienky \u00fa\u010dasti na ve\u013etrhu a s\u00fa\u0165a\u017eiach cvi\u010dn\u00fdch firiem n\u00e1jdete na https:\/\/2020.tffest.bg Term\u00edn ve\u013etrhu je 23. \u2013 24. apr\u00edla 2020 &nbsp; TF FEST 2020 ONLINE NEW OPPORTUNITIES FOR ONLINE TRADE. &nbsp;SET UP YOUR TF [&hellip;]\" \/>\n<meta property=\"og:url\" content=\"https:\/\/archiv.siov.sk\/en\/online-veltrh-cvicnych-firiem-2020-bulharsko\/\" \/>\n<meta property=\"og:site_name\" content=\"\u0160IOV - \u0161t\u00e1tny in\u0161tit\u00fat odborn\u00e9ho vzdel\u00e1vania\" \/>\n<meta property=\"article:publisher\" content=\"https:\/\/www.facebook.com\/Statnyinstitutodbornehovzdelavania\" \/>\n<meta property=\"article:published_time\" content=\"2020-04-07T08:35:43+00:00\" \/>\n<meta property=\"article:modified_time\" content=\"2020-04-07T08:40:16+00:00\" \/>\n<meta property=\"og:image\" content=\"https:\/\/archiv.siov.sk\/wp-content\/uploads\/2019\/02\/top_program.jpg\" \/>\n\t<meta property=\"og:image:width\" content=\"1100\" \/>\n\t<meta property=\"og:image:height\" content=\"445\" \/>\n\t<meta property=\"og:image:type\" content=\"image\/jpeg\" \/>\n<meta name=\"author\" content=\"Katar\u00edna Kov\u00e1\u010dov\u00e1\" \/>\n<meta name=\"twitter:card\" content=\"summary_large_image\" \/>\n<meta name=\"twitter:label1\" content=\"Written by\" \/>\n\t<meta name=\"twitter:data1\" content=\"Katar\u00edna Kov\u00e1\u010dov\u00e1\" \/>\n\t<meta name=\"twitter:label2\" content=\"Estimated reading time\" \/>\n\t<meta name=\"twitter:data2\" content=\"1 minute\" \/>\n<script type=\"application\/ld+json\" class=\"yoast-schema-graph\">{\"@context\":\"https:\\\/\\\/schema.org\",\"@graph\":[{\"@type\":\"Article\",\"@id\":\"https:\\\/\\\/archiv.siov.sk\\\/online-veltrh-cvicnych-firiem-2020-bulharsko\\\/#article\",\"isPartOf\":{\"@id\":\"https:\\\/\\\/archiv.siov.sk\\\/online-veltrh-cvicnych-firiem-2020-bulharsko\\\/\"},\"author\":{\"name\":\"Katar\u00edna Kov\u00e1\u010dov\u00e1\",\"@id\":\"https:\\\/\\\/archiv.siov.sk\\\/#\\\/schema\\\/person\\\/e42d633fbd958c6a726e8834d8965e6c\"},\"headline\":\"ONLINE VE\u013dTRH CVI\u010cN\u00ddCH FIRIEM 2020 BULHARSKO\",\"datePublished\":\"2020-04-07T08:35:43+00:00\",\"dateModified\":\"2020-04-07T08:40:16+00:00\",\"mainEntityOfPage\":{\"@id\":\"https:\\\/\\\/archiv.siov.sk\\\/online-veltrh-cvicnych-firiem-2020-bulharsko\\\/\"},\"wordCount\":241,\"publisher\":{\"@id\":\"https:\\\/\\\/archiv.siov.sk\\\/#organization\"},\"image\":{\"@id\":\"https:\\\/\\\/archiv.siov.sk\\\/online-veltrh-cvicnych-firiem-2020-bulharsko\\\/#primaryimage\"},\"thumbnailUrl\":\"https:\\\/\\\/archiv.siov.sk\\\/wp-content\\\/uploads\\\/2019\\\/02\\\/top_program.jpg\",\"articleSection\":[\"Aktuality\",\"Aktuality v \u010dase koronav\u00edrusu\"],\"inLanguage\":\"en-GB\"},{\"@type\":\"WebPage\",\"@id\":\"https:\\\/\\\/archiv.siov.sk\\\/online-veltrh-cvicnych-firiem-2020-bulharsko\\\/\",\"url\":\"https:\\\/\\\/archiv.siov.sk\\\/online-veltrh-cvicnych-firiem-2020-bulharsko\\\/\",\"name\":\"ONLINE VE\u013dTRH CVI\u010cN\u00ddCH FIRIEM 2020 BULHARSKO - \u0160IOV - \u0161t\u00e1tny in\u0161tit\u00fat odborn\u00e9ho vzdel\u00e1vania\",\"isPartOf\":{\"@id\":\"https:\\\/\\\/archiv.siov.sk\\\/#website\"},\"primaryImageOfPage\":{\"@id\":\"https:\\\/\\\/archiv.siov.sk\\\/online-veltrh-cvicnych-firiem-2020-bulharsko\\\/#primaryimage\"},\"image\":{\"@id\":\"https:\\\/\\\/archiv.siov.sk\\\/online-veltrh-cvicnych-firiem-2020-bulharsko\\\/#primaryimage\"},\"thumbnailUrl\":\"https:\\\/\\\/archiv.siov.sk\\\/wp-content\\\/uploads\\\/2019\\\/02\\\/top_program.jpg\",\"datePublished\":\"2020-04-07T08:35:43+00:00\",\"dateModified\":\"2020-04-07T08:40:16+00:00\",\"breadcrumb\":{\"@id\":\"https:\\\/\\\/archiv.siov.sk\\\/online-veltrh-cvicnych-firiem-2020-bulharsko\\\/#breadcrumb\"},\"inLanguage\":\"en-GB\",\"potentialAction\":[{\"@type\":\"ReadAction\",\"target\":[\"https:\\\/\\\/archiv.siov.sk\\\/online-veltrh-cvicnych-firiem-2020-bulharsko\\\/\"]}]},{\"@type\":\"ImageObject\",\"inLanguage\":\"en-GB\",\"@id\":\"https:\\\/\\\/archiv.siov.sk\\\/online-veltrh-cvicnych-firiem-2020-bulharsko\\\/#primaryimage\",\"url\":\"https:\\\/\\\/archiv.siov.sk\\\/wp-content\\\/uploads\\\/2019\\\/02\\\/top_program.jpg\",\"contentUrl\":\"https:\\\/\\\/archiv.siov.sk\\\/wp-content\\\/uploads\\\/2019\\\/02\\\/top_program.jpg\",\"width\":1100,\"height\":445,\"caption\":\"\u0160tudenti z cel\u00e9ho Slovenska si zmeraj\u00fa svoje technick\u00e9 zru\u010dnosti na s\u00fa\u0165a\u017ei ZENIT\"},{\"@type\":\"BreadcrumbList\",\"@id\":\"https:\\\/\\\/archiv.siov.sk\\\/online-veltrh-cvicnych-firiem-2020-bulharsko\\\/#breadcrumb\",\"itemListElement\":[{\"@type\":\"ListItem\",\"position\":1,\"name\":\"Home\",\"item\":\"https:\\\/\\\/archiv.siov.sk\\\/\"},{\"@type\":\"ListItem\",\"position\":2,\"name\":\"ONLINE VE\u013dTRH CVI\u010cN\u00ddCH FIRIEM 2020 BULHARSKO\"}]},{\"@type\":\"WebSite\",\"@id\":\"https:\\\/\\\/archiv.siov.sk\\\/#website\",\"url\":\"https:\\\/\\\/archiv.siov.sk\\\/\",\"name\":\"\u0160IOV - \u0161t\u00e1tny in\u0161tit\u00fat odborn\u00e9ho vzdel\u00e1vania\",\"description\":\"\",\"publisher\":{\"@id\":\"https:\\\/\\\/archiv.siov.sk\\\/#organization\"},\"potentialAction\":[{\"@type\":\"SearchAction\",\"target\":{\"@type\":\"EntryPoint\",\"urlTemplate\":\"https:\\\/\\\/archiv.siov.sk\\\/?s={search_term_string}\"},\"query-input\":{\"@type\":\"PropertyValueSpecification\",\"valueRequired\":true,\"valueName\":\"search_term_string\"}}],\"inLanguage\":\"en-GB\"},{\"@type\":\"Organization\",\"@id\":\"https:\\\/\\\/archiv.siov.sk\\\/#organization\",\"name\":\"\u0160IOV - \u0161t\u00e1tny in\u0161tit\u00fat odborn\u00e9ho vzdel\u00e1vania\",\"url\":\"https:\\\/\\\/archiv.siov.sk\\\/\",\"logo\":{\"@type\":\"ImageObject\",\"inLanguage\":\"en-GB\",\"@id\":\"https:\\\/\\\/archiv.siov.sk\\\/#\\\/schema\\\/logo\\\/image\\\/\",\"url\":\"https:\\\/\\\/archiv.siov.sk\\\/wp-content\\\/uploads\\\/2024\\\/02\\\/logo-SIOV.png\",\"contentUrl\":\"https:\\\/\\\/archiv.siov.sk\\\/wp-content\\\/uploads\\\/2024\\\/02\\\/logo-SIOV.png\",\"width\":431,\"height\":143,\"caption\":\"\u0160IOV - \u0161t\u00e1tny in\u0161tit\u00fat odborn\u00e9ho vzdel\u00e1vania\"},\"image\":{\"@id\":\"https:\\\/\\\/archiv.siov.sk\\\/#\\\/schema\\\/logo\\\/image\\\/\"},\"sameAs\":[\"https:\\\/\\\/www.facebook.com\\\/Statnyinstitutodbornehovzdelavania\"]},{\"@type\":\"Person\",\"@id\":\"https:\\\/\\\/archiv.siov.sk\\\/#\\\/schema\\\/person\\\/e42d633fbd958c6a726e8834d8965e6c\",\"name\":\"Katar\u00edna Kov\u00e1\u010dov\u00e1\",\"url\":\"https:\\\/\\\/archiv.siov.sk\\\/en\\\/author\\\/katkakovacova\\\/\"}]}<\/script>\n<!-- \/ Yoast SEO plugin. -->","yoast_head_json":{"title":"ONLINE VE\u013dTRH CVI\u010cN\u00ddCH FIRIEM 2020 BULHARSKO - \u0160IOV - \u0161t\u00e1tny in\u0161tit\u00fat odborn\u00e9ho vzdel\u00e1vania","robots":{"index":"index","follow":"follow","max-snippet":"max-snippet:-1","max-image-preview":"max-image-preview:large","max-video-preview":"max-video-preview:-1"},"canonical":"https:\/\/archiv.siov.sk\/en\/online-veltrh-cvicnych-firiem-2020-bulharsko\/","og_locale":"en_GB","og_type":"article","og_title":"ONLINE VE\u013dTRH CVI\u010cN\u00ddCH FIRIEM 2020 BULHARSKO - \u0160IOV - \u0161t\u00e1tny in\u0161tit\u00fat odborn\u00e9ho vzdel\u00e1vania","og_description":"Bulharsk\u00e1 centr\u00e1la cvi\u010dn\u00fdch firiem sa rozhodla uskuto\u010dni\u0165 medzin\u00e1rodn\u00fd &nbsp;ve\u013etrh cvi\u010dn\u00fdch firiem ONLINE &#8222;TF FEST 2020&#8220;, na ktor\u00fd poz\u00fdva aj slovensk\u00e9 cvi\u010dn\u00e9 firmy. Podmienky \u00fa\u010dasti na ve\u013etrhu a s\u00fa\u0165a\u017eiach cvi\u010dn\u00fdch firiem n\u00e1jdete na https:\/\/2020.tffest.bg Term\u00edn ve\u013etrhu je 23. \u2013 24. apr\u00edla 2020 &nbsp; TF FEST 2020 ONLINE NEW OPPORTUNITIES FOR ONLINE TRADE. &nbsp;SET UP YOUR TF [&hellip;]","og_url":"https:\/\/archiv.siov.sk\/en\/online-veltrh-cvicnych-firiem-2020-bulharsko\/","og_site_name":"\u0160IOV - \u0161t\u00e1tny in\u0161tit\u00fat odborn\u00e9ho vzdel\u00e1vania","article_publisher":"https:\/\/www.facebook.com\/Statnyinstitutodbornehovzdelavania","article_published_time":"2020-04-07T08:35:43+00:00","article_modified_time":"2020-04-07T08:40:16+00:00","og_image":[{"width":1100,"height":445,"url":"https:\/\/archiv.siov.sk\/wp-content\/uploads\/2019\/02\/top_program.jpg","type":"image\/jpeg"}],"author":"Katar\u00edna Kov\u00e1\u010dov\u00e1","twitter_card":"summary_large_image","twitter_misc":{"Written by":"Katar\u00edna Kov\u00e1\u010dov\u00e1","Estimated reading time":"1 minute"},"schema":{"@context":"https:\/\/schema.org","@graph":[{"@type":"Article","@id":"https:\/\/archiv.siov.sk\/online-veltrh-cvicnych-firiem-2020-bulharsko\/#article","isPartOf":{"@id":"https:\/\/archiv.siov.sk\/online-veltrh-cvicnych-firiem-2020-bulharsko\/"},"author":{"name":"Katar\u00edna Kov\u00e1\u010dov\u00e1","@id":"https:\/\/archiv.siov.sk\/#\/schema\/person\/e42d633fbd958c6a726e8834d8965e6c"},"headline":"ONLINE VE\u013dTRH CVI\u010cN\u00ddCH FIRIEM 2020 BULHARSKO","datePublished":"2020-04-07T08:35:43+00:00","dateModified":"2020-04-07T08:40:16+00:00","mainEntityOfPage":{"@id":"https:\/\/archiv.siov.sk\/online-veltrh-cvicnych-firiem-2020-bulharsko\/"},"wordCount":241,"publisher":{"@id":"https:\/\/archiv.siov.sk\/#organization"},"image":{"@id":"https:\/\/archiv.siov.sk\/online-veltrh-cvicnych-firiem-2020-bulharsko\/#primaryimage"},"thumbnailUrl":"https:\/\/archiv.siov.sk\/wp-content\/uploads\/2019\/02\/top_program.jpg","articleSection":["Aktuality","Aktuality v \u010dase koronav\u00edrusu"],"inLanguage":"en-GB"},{"@type":"WebPage","@id":"https:\/\/archiv.siov.sk\/online-veltrh-cvicnych-firiem-2020-bulharsko\/","url":"https:\/\/archiv.siov.sk\/online-veltrh-cvicnych-firiem-2020-bulharsko\/","name":"ONLINE VE\u013dTRH CVI\u010cN\u00ddCH FIRIEM 2020 BULHARSKO - \u0160IOV - \u0161t\u00e1tny in\u0161tit\u00fat odborn\u00e9ho vzdel\u00e1vania","isPartOf":{"@id":"https:\/\/archiv.siov.sk\/#website"},"primaryImageOfPage":{"@id":"https:\/\/archiv.siov.sk\/online-veltrh-cvicnych-firiem-2020-bulharsko\/#primaryimage"},"image":{"@id":"https:\/\/archiv.siov.sk\/online-veltrh-cvicnych-firiem-2020-bulharsko\/#primaryimage"},"thumbnailUrl":"https:\/\/archiv.siov.sk\/wp-content\/uploads\/2019\/02\/top_program.jpg","datePublished":"2020-04-07T08:35:43+00:00","dateModified":"2020-04-07T08:40:16+00:00","breadcrumb":{"@id":"https:\/\/archiv.siov.sk\/online-veltrh-cvicnych-firiem-2020-bulharsko\/#breadcrumb"},"inLanguage":"en-GB","potentialAction":[{"@type":"ReadAction","target":["https:\/\/archiv.siov.sk\/online-veltrh-cvicnych-firiem-2020-bulharsko\/"]}]},{"@type":"ImageObject","inLanguage":"en-GB","@id":"https:\/\/archiv.siov.sk\/online-veltrh-cvicnych-firiem-2020-bulharsko\/#primaryimage","url":"https:\/\/archiv.siov.sk\/wp-content\/uploads\/2019\/02\/top_program.jpg","contentUrl":"https:\/\/archiv.siov.sk\/wp-content\/uploads\/2019\/02\/top_program.jpg","width":1100,"height":445,"caption":"\u0160tudenti z cel\u00e9ho Slovenska si zmeraj\u00fa svoje technick\u00e9 zru\u010dnosti na s\u00fa\u0165a\u017ei ZENIT"},{"@type":"BreadcrumbList","@id":"https:\/\/archiv.siov.sk\/online-veltrh-cvicnych-firiem-2020-bulharsko\/#breadcrumb","itemListElement":[{"@type":"ListItem","position":1,"name":"Home","item":"https:\/\/archiv.siov.sk\/"},{"@type":"ListItem","position":2,"name":"ONLINE VE\u013dTRH CVI\u010cN\u00ddCH FIRIEM 2020 BULHARSKO"}]},{"@type":"WebSite","@id":"https:\/\/archiv.siov.sk\/#website","url":"https:\/\/archiv.siov.sk\/","name":"\u0160IOV - \u0161t\u00e1tny in\u0161tit\u00fat odborn\u00e9ho vzdel\u00e1vania","description":"","publisher":{"@id":"https:\/\/archiv.siov.sk\/#organization"},"potentialAction":[{"@type":"SearchAction","target":{"@type":"EntryPoint","urlTemplate":"https:\/\/archiv.siov.sk\/?s={search_term_string}"},"query-input":{"@type":"PropertyValueSpecification","valueRequired":true,"valueName":"search_term_string"}}],"inLanguage":"en-GB"},{"@type":"Organization","@id":"https:\/\/archiv.siov.sk\/#organization","name":"\u0160IOV - \u0161t\u00e1tny in\u0161tit\u00fat odborn\u00e9ho vzdel\u00e1vania","url":"https:\/\/archiv.siov.sk\/","logo":{"@type":"ImageObject","inLanguage":"en-GB","@id":"https:\/\/archiv.siov.sk\/#\/schema\/logo\/image\/","url":"https:\/\/archiv.siov.sk\/wp-content\/uploads\/2024\/02\/logo-SIOV.png","contentUrl":"https:\/\/archiv.siov.sk\/wp-content\/uploads\/2024\/02\/logo-SIOV.png","width":431,"height":143,"caption":"\u0160IOV - \u0161t\u00e1tny in\u0161tit\u00fat odborn\u00e9ho vzdel\u00e1vania"},"image":{"@id":"https:\/\/archiv.siov.sk\/#\/schema\/logo\/image\/"},"sameAs":["https:\/\/www.facebook.com\/Statnyinstitutodbornehovzdelavania"]},{"@type":"Person","@id":"https:\/\/archiv.siov.sk\/#\/schema\/person\/e42d633fbd958c6a726e8834d8965e6c","name":"Katar\u00edna Kov\u00e1\u010dov\u00e1","url":"https:\/\/archiv.siov.sk\/en\/author\/katkakovacova\/"}]}},"_links":{"self":[{"href":"https:\/\/archiv.siov.sk\/en\/wp-json\/wp\/v2\/posts\/5599","targetHints":{"allow":["GET"]}}],"collection":[{"href":"https:\/\/archiv.siov.sk\/en\/wp-json\/wp\/v2\/posts"}],"about":[{"href":"https:\/\/archiv.siov.sk\/en\/wp-json\/wp\/v2\/types\/post"}],"author":[{"embeddable":true,"href":"https:\/\/archiv.siov.sk\/en\/wp-json\/wp\/v2\/users\/6"}],"replies":[{"embeddable":true,"href":"https:\/\/archiv.siov.sk\/en\/wp-json\/wp\/v2\/comments?post=5599"}],"version-history":[{"count":2,"href":"https:\/\/archiv.siov.sk\/en\/wp-json\/wp\/v2\/posts\/5599\/revisions"}],"predecessor-version":[{"id":5601,"href":"https:\/\/archiv.siov.sk\/en\/wp-json\/wp\/v2\/posts\/5599\/revisions\/5601"}],"wp:featuredmedia":[{"embeddable":true,"href":"https:\/\/archiv.siov.sk\/en\/wp-json\/wp\/v2\/media\/2380"}],"wp:attachment":[{"href":"https:\/\/archiv.siov.sk\/en\/wp-json\/wp\/v2\/media?parent=5599"}],"wp:term":[{"taxonomy":"category","embeddable":true,"href":"https:\/\/archiv.siov.sk\/en\/wp-json\/wp\/v2\/categories?post=5599"},{"taxonomy":"post_tag","embeddable":true,"href":"https:\/\/archiv.siov.sk\/en\/wp-json\/wp\/v2\/tags?post=5599"}],"curies":[{"name":"wp","href":"https:\/\/api.w.org\/{rel}","templated":true}]}}