{"id":5466,"date":"2020-04-01T15:17:32","date_gmt":"2020-04-01T13:17:32","guid":{"rendered":"https:\/\/archiv.siov.sk\/?p=5466"},"modified":"2020-04-01T15:17:40","modified_gmt":"2020-04-01T13:17:40","slug":"slovak-barista-cup-junior","status":"publish","type":"post","link":"https:\/\/archiv.siov.sk\/en\/slovak-barista-cup-junior\/","title":{"rendered":",, SLOVAK BARISTA CUP\u201c junior"},"content":{"rendered":"<p style=\"text-align: justify;\"><em>Ozn\u00e1menie Medzin\u00e1rodn\u00e9ho K\u00e1vov\u00e9ho In\u0161tit\u00fatu a Academy of Cofee<\/em><\/p>\n<p style=\"text-align: justify;\">S\u00faboj \u0161tudentov stredn\u00fdch odborn\u00fdch \u0161k\u00f4l a hotelov\u00fdch akad\u00e9mii zo Slovenska &nbsp;o Braz\u00edliu v roku 2021 sa rozbehol prv\u00fdm kolom v janu\u00e1ri tohto roka pri pr\u00edle\u017eitosti v\u00fdstavy Danubius Gastro Incheba Bratislava v ,,K\u00e1vovom meste\u010dku\u201c. Po\u010das t\u00fdchto jarn\u00fdch mesiacov mali s\u00fa\u0165a\u017eiaci absolvova\u0165 e\u0161te dve kol\u00e1 a n\u00e1sledne po letn\u00fdch pr\u00e1zdnin\u00e1ch tri kol\u00e1, aby celkov\u00fd s\u00fa\u010det k\u00f4l v danom roku bol rovn\u00fd s ostatn\u00fdmi rokmi. Av\u0161ak z d\u00f4vodu mimoriadnej situ\u00e1cie na Slovensku, pand\u00e9mie koronav\u00edrusu COVID \u2013 19, sme n\u00faten\u00ed <strong>obe predpr\u00e1zdninov\u00e9 kol\u00e1 zru\u0161i\u0165<\/strong>. Konkr\u00e9tne :<\/p>\n<ul>\n<li>07. 04. 2020 v spolupr\u00e1ci s Hotelovou akad\u00e9miou \u013d. Wintera v Pie\u0161\u0165anoch<\/li>\n<li>07. 05. 2020 v spolupr\u00e1ci so S\u00fakromnou Spojenou \u0161kolou EDUCO, org. zlo\u017eka HA v N\u00e1mestove<\/li>\n<\/ul>\n<p style=\"text-align: justify;\">Ide o opatrenia z d\u00f4vodu ochrany zdravia v\u0161etk\u00fdch z\u00fa\u010dastnen\u00fdch, ako aj od\u013eah\u010denia finan\u010dn\u00e9ho za\u0165a\u017eenia jednotliv\u00fdch \u0161k\u00f4l a taktie\u017e povinnost\u00ed pedag\u00f3gov spojen\u00fdch s pr\u00edpravou svojich \u0161tudentov. N\u00e1hradn\u00e9 term\u00edny dan\u00fdch k\u00f4l sa pok\u00fasime zabezpe\u010di\u0165 hne\u010f, ako to bude mo\u017en\u00e9. Ak by sa situ\u00e1cia na Slovensku upokojila prip\u00fa\u0161\u0165ame&nbsp; aj z\u00e1vere\u010dn\u00fd mesiac tohto \u0161kolsk\u00e9ho roka \u2013 j\u00fan \u010di letn\u00e9 mesiace po\u010das pr\u00e1zdnin pri pr\u00edle\u017eitosti organiz\u00e1cie ,,BARISTA CAMP\u201c, ur\u010den\u00e9ho pre v\u0161etk\u00fdch baristov i \u0161tudentov stredn\u00fdch odborn\u00fdch \u0161k\u00f4l a hotelov\u00fdch akad\u00e9mii na Slovensku.&nbsp; Samotn\u00e1 realiz\u00e1cia ako aj konkr\u00e9tne term\u00edny bud\u00fa zverejnen\u00e9 na na\u0161ich str\u00e1nkach, soci\u00e1lnych sie\u0165ach, a&nbsp;n\u00e1sledne bud\u00fa zaslan\u00e9 do emailov v\u0161etk\u00fdch vzdel\u00e1vac\u00edch in\u0161tit\u00facii.&nbsp;<\/p>\n<p style=\"text-align: justify;\">Ver\u00edme, \u017ee po letn\u00fdch pr\u00e1zdnin\u00e1ch bude situ\u00e1cia pokojnej\u0161ia a&nbsp;napl\u00e1novan\u00e9 kol\u00e1 ,,SLOVAK BARISTA CUP\u201c junior 2020 bud\u00fa pokra\u010dova\u0165 v&nbsp;dohodnut\u00fdch term\u00ednoch. Presn\u00e9 term\u00edny a&nbsp;miesta jednotliv\u00fdch k\u00f4l &nbsp;bud\u00fa taktie\u017e zverejnen\u00e9 na na\u0161ich str\u00e1nkach a&nbsp;soci\u00e1lnych sie\u0165ach, a&nbsp;samozrejme ich rozpo\u0161leme do v\u0161etk\u00fdch emailov\u00fdch schr\u00e1nok vzdel\u00e1vac\u00edch in\u0161tit\u00facii najnesk\u00f4r do konca j\u00fana 2020.<\/p>\n<p style=\"text-align: justify;\">Ka\u017ed\u00fd rok si svoje barisitck\u00e9 sny plnia celkov\u00ed v\u00ed\u0165azi kateg\u00f3rie star\u0161\u00edch aj mlad\u0161\u00edch \u0161tudentov fakultat\u00edvnym z\u00e1jazdom do Braz\u00edlie. Spolu s v\u00ed\u0165azmi letia spozn\u00e1va\u0165 braz\u00edlsku kult\u00faru aj vylosovan\u00fd v\u00fdhercovia spomedzi profesion\u00e1lnych baristov, pra\u017eiarov a pedag\u00f3gov.&nbsp; Tohtoro\u010dn\u00ed ocenen\u00ed mali vycestova\u0165 na prelome m\u00e1ja a j\u00fana. Av\u0161ak taktie\u017e z d\u00f4vodu mimoriadnej situ\u00e1cie nielen na Slovensku, ale i vo svete&nbsp; sme n\u00faten\u00ed tohtoro\u010dn\u00fd z\u00e1jazd do Braz\u00edlie&nbsp; odlo\u017ei\u0165<strong>. <\/strong>V\u0161etk\u00fdm \u00fa\u010dastn\u00edkom tohtoro\u010dnej cesty do Braz\u00edlie boli navrhnut\u00e9 r\u00f4zne varianty kompenz\u00e1cie v\u00fdhry, ako aj odlo\u017eenie ich cesty v&nbsp;bud\u00facom roku 2021.&nbsp;&nbsp;<\/p>\n<p style=\"text-align: justify;\">V\u0161etky vzdel\u00e1vacie in\u0161tit\u00facie s\u00fa a\u017e do odvolania zatvoren\u00e9 a \u0161koliace stredisk\u00e1 nie s\u00fa v\u00fdnimkou. Aj v\u010faka modernej dobe prebieha vyu\u010dovanie vo virtu\u00e1lnom svete a&nbsp;my sa do\u0148 radi prid\u00e1me. Okrem be\u017en\u00fdch odborn\u00fdch \u010dl\u00e1nkov, zauj\u00edmav\u00fdch pr\u00edspevkov a&nbsp;rozhovorov sme sa rozhodli prenies\u0165 v\u00e1m \u0161kolenia a&nbsp;workshopy o&nbsp;k\u00e1ve a&nbsp;jej z\u00e1kulis\u00ed prostredn\u00edctvom vide\u00ed.&nbsp; V\u0161etky t\u00e9my, ktor\u00e9 v s\u00fa\u010dasnej dobe spracov\u00e1vame sa sna\u017e\u00edme prisp\u00f4sobi\u0165 pod\u013ea u\u010debn\u00fdch osnov stredn\u00fdch odborn\u00fdch \u0161k\u00f4l a hotelov\u00fdch akad\u00e9mii na Slovenku so zameran\u00edm na k\u00e1vu, a to pr\u00e1ve z d\u00f4vodu komunik\u00e1cie priamo s viacer\u00fdmi pedag\u00f3gmi jednotliv\u00fdch \u0161k\u00f4l. &nbsp;Hoci praktick\u00fdm zru\u010dnostiam sa ni\u010d nevyrovn\u00e1, ver\u00edme, \u017ee t\u00fdmito vzdel\u00e1vac\u00edmi videami zjednodu\u0161\u00edme pr\u00e1cu pedag\u00f3gom a z\u00e1rove\u0148 \u0161tudentom zatrakt\u00edvnime t\u00e9mu ,,k\u00e1va\u201c.<\/p>\n<p><strong>Medzin\u00e1rodn\u00fd K\u00e1vov\u00fd In\u0161tit\u00fat<\/strong><br \/>\n<a href=\"http:\/\/www.kavovyinstitut.sk\">www.kavovyinstitut.sk<\/a> \/<strong>facebook Medzin\u00e1rodn\u00fd K\u00e1vov\u00fd In\u0161tit\u00fat<\/strong><\/p>\n<p><strong>Partner Academy of Coffee:<\/strong><br \/>\n<a href=\"http:\/\/www.academyofcoffee.sk\">www.academyofcoffee.sk<\/a> \/ <strong>facebook Academy of Coffee<\/strong><\/p>\n<p><strong>&nbsp;<\/strong><\/p>\n<p>&nbsp;<\/p>","protected":false},"excerpt":{"rendered":"<p>Ozn\u00e1menie Medzin\u00e1rodn\u00e9ho K\u00e1vov\u00e9ho In\u0161tit\u00fatu a Academy of Cofee S\u00faboj \u0161tudentov stredn\u00fdch odborn\u00fdch \u0161k\u00f4l a hotelov\u00fdch akad\u00e9mii zo Slovenska &nbsp;o Braz\u00edliu v roku 2021 sa rozbehol prv\u00fdm kolom v janu\u00e1ri tohto roka pri pr\u00edle\u017eitosti v\u00fdstavy Danubius Gastro Incheba Bratislava v ,,K\u00e1vovom meste\u010dku\u201c. Po\u010das t\u00fdchto jarn\u00fdch mesiacov mali s\u00fa\u0165a\u017eiaci absolvova\u0165 e\u0161te dve kol\u00e1 a n\u00e1sledne po letn\u00fdch [&hellip;]<\/p>\n","protected":false},"author":6,"featured_media":2374,"comment_status":"closed","ping_status":"closed","sticky":false,"template":"","format":"standard","meta":{"site-sidebar-layout":"default","site-content-layout":"","ast-site-content-layout":"default","site-content-style":"default","site-sidebar-style":"default","ast-global-header-display":"","ast-banner-title-visibility":"","ast-main-header-display":"","ast-hfb-above-header-display":"","ast-hfb-below-header-display":"","ast-hfb-mobile-header-display":"","site-post-title":"","ast-breadcrumbs-content":"","ast-featured-img":"","footer-sml-layout":"","ast-disable-related-posts":"","theme-transparent-header-meta":"","adv-header-id-meta":"","stick-header-meta":"","header-above-stick-meta":"","header-main-stick-meta":"","header-below-stick-meta":"","astra-migrate-meta-layouts":"default","ast-page-background-enabled":"default","ast-page-background-meta":{"desktop":{"background-color":"var(--ast-global-color-4)","background-image":"","background-repeat":"repeat","background-position":"center center","background-size":"auto","background-attachment":"scroll","background-type":"","background-media":"","overlay-type":"","overlay-color":"","overlay-opacity":"","overlay-gradient":""},"tablet":{"background-color":"","background-image":"","background-repeat":"repeat","background-position":"center center","background-size":"auto","background-attachment":"scroll","background-type":"","background-media":"","overlay-type":"","overlay-color":"","overlay-opacity":"","overlay-gradient":""},"mobile":{"background-color":"","background-image":"","background-repeat":"repeat","background-position":"center center","background-size":"auto","background-attachment":"scroll","background-type":"","background-media":"","overlay-type":"","overlay-color":"","overlay-opacity":"","overlay-gradient":""}},"ast-content-background-meta":{"desktop":{"background-color":"var(--ast-global-color-5)","background-image":"","background-repeat":"repeat","background-position":"center center","background-size":"auto","background-attachment":"scroll","background-type":"","background-media":"","overlay-type":"","overlay-color":"","overlay-opacity":"","overlay-gradient":""},"tablet":{"background-color":"var(--ast-global-color-5)","background-image":"","background-repeat":"repeat","background-position":"center center","background-size":"auto","background-attachment":"scroll","background-type":"","background-media":"","overlay-type":"","overlay-color":"","overlay-opacity":"","overlay-gradient":""},"mobile":{"background-color":"var(--ast-global-color-5)","background-image":"","background-repeat":"repeat","background-position":"center center","background-size":"auto","background-attachment":"scroll","background-type":"","background-media":"","overlay-type":"","overlay-color":"","overlay-opacity":"","overlay-gradient":""}},"footnotes":""},"categories":[9],"tags":[],"class_list":["post-5466","post","type-post","status-publish","format-standard","has-post-thumbnail","hentry","category-aktuality-v-case-koronavirusu"],"yoast_head":"<!-- This site is optimized with the Yoast SEO plugin v27.5 - https:\/\/yoast.com\/product\/yoast-seo-wordpress\/ -->\n<title>,, SLOVAK BARISTA CUP\u201c junior - \u0160IOV - \u0161t\u00e1tny in\u0161tit\u00fat odborn\u00e9ho vzdel\u00e1vania<\/title>\n<meta name=\"robots\" content=\"index, follow, max-snippet:-1, max-image-preview:large, max-video-preview:-1\" \/>\n<link rel=\"canonical\" href=\"https:\/\/archiv.siov.sk\/en\/slovak-barista-cup-junior\/\" \/>\n<meta property=\"og:locale\" content=\"en_GB\" \/>\n<meta property=\"og:type\" content=\"article\" \/>\n<meta property=\"og:title\" content=\",, SLOVAK BARISTA CUP\u201c junior - \u0160IOV - \u0161t\u00e1tny in\u0161tit\u00fat odborn\u00e9ho vzdel\u00e1vania\" \/>\n<meta property=\"og:description\" content=\"Ozn\u00e1menie Medzin\u00e1rodn\u00e9ho K\u00e1vov\u00e9ho In\u0161tit\u00fatu a Academy of Cofee S\u00faboj \u0161tudentov stredn\u00fdch odborn\u00fdch \u0161k\u00f4l a hotelov\u00fdch akad\u00e9mii zo Slovenska &nbsp;o Braz\u00edliu v roku 2021 sa rozbehol prv\u00fdm kolom v janu\u00e1ri tohto roka pri pr\u00edle\u017eitosti v\u00fdstavy Danubius Gastro Incheba Bratislava v ,,K\u00e1vovom meste\u010dku\u201c. Po\u010das t\u00fdchto jarn\u00fdch mesiacov mali s\u00fa\u0165a\u017eiaci absolvova\u0165 e\u0161te dve kol\u00e1 a n\u00e1sledne po letn\u00fdch [&hellip;]\" \/>\n<meta property=\"og:url\" content=\"https:\/\/archiv.siov.sk\/en\/slovak-barista-cup-junior\/\" \/>\n<meta property=\"og:site_name\" content=\"\u0160IOV - \u0161t\u00e1tny in\u0161tit\u00fat odborn\u00e9ho vzdel\u00e1vania\" \/>\n<meta property=\"article:publisher\" content=\"https:\/\/www.facebook.com\/Statnyinstitutodbornehovzdelavania\" \/>\n<meta property=\"article:published_time\" content=\"2020-04-01T13:17:32+00:00\" \/>\n<meta property=\"article:modified_time\" content=\"2020-04-01T13:17:40+00:00\" \/>\n<meta property=\"og:image\" content=\"https:\/\/archiv.siov.sk\/wp-content\/uploads\/2018\/01\/top_konferencia.jpg\" \/>\n\t<meta property=\"og:image:width\" content=\"1100\" \/>\n\t<meta property=\"og:image:height\" content=\"445\" \/>\n\t<meta property=\"og:image:type\" content=\"image\/jpeg\" \/>\n<meta name=\"author\" content=\"Katar\u00edna Kov\u00e1\u010dov\u00e1\" \/>\n<meta name=\"twitter:card\" content=\"summary_large_image\" \/>\n<meta name=\"twitter:label1\" content=\"Written by\" \/>\n\t<meta name=\"twitter:data1\" content=\"Katar\u00edna Kov\u00e1\u010dov\u00e1\" \/>\n\t<meta name=\"twitter:label2\" content=\"Estimated reading time\" \/>\n\t<meta name=\"twitter:data2\" content=\"4 minutes\" \/>\n<script type=\"application\/ld+json\" class=\"yoast-schema-graph\">{\"@context\":\"https:\\\/\\\/schema.org\",\"@graph\":[{\"@type\":\"Article\",\"@id\":\"https:\\\/\\\/archiv.siov.sk\\\/slovak-barista-cup-junior\\\/#article\",\"isPartOf\":{\"@id\":\"https:\\\/\\\/archiv.siov.sk\\\/slovak-barista-cup-junior\\\/\"},\"author\":{\"name\":\"Katar\u00edna Kov\u00e1\u010dov\u00e1\",\"@id\":\"https:\\\/\\\/archiv.siov.sk\\\/#\\\/schema\\\/person\\\/e42d633fbd958c6a726e8834d8965e6c\"},\"headline\":\",, SLOVAK BARISTA CUP\u201c junior\",\"datePublished\":\"2020-04-01T13:17:32+00:00\",\"dateModified\":\"2020-04-01T13:17:40+00:00\",\"mainEntityOfPage\":{\"@id\":\"https:\\\/\\\/archiv.siov.sk\\\/slovak-barista-cup-junior\\\/\"},\"wordCount\":732,\"publisher\":{\"@id\":\"https:\\\/\\\/archiv.siov.sk\\\/#organization\"},\"image\":{\"@id\":\"https:\\\/\\\/archiv.siov.sk\\\/slovak-barista-cup-junior\\\/#primaryimage\"},\"thumbnailUrl\":\"https:\\\/\\\/archiv.siov.sk\\\/wp-content\\\/uploads\\\/2018\\\/01\\\/top_konferencia.jpg\",\"articleSection\":[\"Aktuality v \u010dase koronav\u00edrusu\"],\"inLanguage\":\"en-GB\"},{\"@type\":\"WebPage\",\"@id\":\"https:\\\/\\\/archiv.siov.sk\\\/slovak-barista-cup-junior\\\/\",\"url\":\"https:\\\/\\\/archiv.siov.sk\\\/slovak-barista-cup-junior\\\/\",\"name\":\",, SLOVAK BARISTA CUP\u201c junior - \u0160IOV - \u0161t\u00e1tny in\u0161tit\u00fat odborn\u00e9ho vzdel\u00e1vania\",\"isPartOf\":{\"@id\":\"https:\\\/\\\/archiv.siov.sk\\\/#website\"},\"primaryImageOfPage\":{\"@id\":\"https:\\\/\\\/archiv.siov.sk\\\/slovak-barista-cup-junior\\\/#primaryimage\"},\"image\":{\"@id\":\"https:\\\/\\\/archiv.siov.sk\\\/slovak-barista-cup-junior\\\/#primaryimage\"},\"thumbnailUrl\":\"https:\\\/\\\/archiv.siov.sk\\\/wp-content\\\/uploads\\\/2018\\\/01\\\/top_konferencia.jpg\",\"datePublished\":\"2020-04-01T13:17:32+00:00\",\"dateModified\":\"2020-04-01T13:17:40+00:00\",\"breadcrumb\":{\"@id\":\"https:\\\/\\\/archiv.siov.sk\\\/slovak-barista-cup-junior\\\/#breadcrumb\"},\"inLanguage\":\"en-GB\",\"potentialAction\":[{\"@type\":\"ReadAction\",\"target\":[\"https:\\\/\\\/archiv.siov.sk\\\/slovak-barista-cup-junior\\\/\"]}]},{\"@type\":\"ImageObject\",\"inLanguage\":\"en-GB\",\"@id\":\"https:\\\/\\\/archiv.siov.sk\\\/slovak-barista-cup-junior\\\/#primaryimage\",\"url\":\"https:\\\/\\\/archiv.siov.sk\\\/wp-content\\\/uploads\\\/2018\\\/01\\\/top_konferencia.jpg\",\"contentUrl\":\"https:\\\/\\\/archiv.siov.sk\\\/wp-content\\\/uploads\\\/2018\\\/01\\\/top_konferencia.jpg\",\"width\":1100,\"height\":445,\"caption\":\"Pracovn\u00e9 stretnutie na t\u00e9mu \u201eDu\u00e1lne vzdel\u00e1vanie \u2013 najlep\u0161ia cesta pre na\u0161u bud\u00facnos\u0165\u201c\"},{\"@type\":\"BreadcrumbList\",\"@id\":\"https:\\\/\\\/archiv.siov.sk\\\/slovak-barista-cup-junior\\\/#breadcrumb\",\"itemListElement\":[{\"@type\":\"ListItem\",\"position\":1,\"name\":\"Home\",\"item\":\"https:\\\/\\\/archiv.siov.sk\\\/\"},{\"@type\":\"ListItem\",\"position\":2,\"name\":\",, SLOVAK BARISTA CUP\u201c junior\"}]},{\"@type\":\"WebSite\",\"@id\":\"https:\\\/\\\/archiv.siov.sk\\\/#website\",\"url\":\"https:\\\/\\\/archiv.siov.sk\\\/\",\"name\":\"\u0160IOV - \u0161t\u00e1tny in\u0161tit\u00fat odborn\u00e9ho vzdel\u00e1vania\",\"description\":\"\",\"publisher\":{\"@id\":\"https:\\\/\\\/archiv.siov.sk\\\/#organization\"},\"potentialAction\":[{\"@type\":\"SearchAction\",\"target\":{\"@type\":\"EntryPoint\",\"urlTemplate\":\"https:\\\/\\\/archiv.siov.sk\\\/?s={search_term_string}\"},\"query-input\":{\"@type\":\"PropertyValueSpecification\",\"valueRequired\":true,\"valueName\":\"search_term_string\"}}],\"inLanguage\":\"en-GB\"},{\"@type\":\"Organization\",\"@id\":\"https:\\\/\\\/archiv.siov.sk\\\/#organization\",\"name\":\"\u0160IOV - \u0161t\u00e1tny in\u0161tit\u00fat odborn\u00e9ho vzdel\u00e1vania\",\"url\":\"https:\\\/\\\/archiv.siov.sk\\\/\",\"logo\":{\"@type\":\"ImageObject\",\"inLanguage\":\"en-GB\",\"@id\":\"https:\\\/\\\/archiv.siov.sk\\\/#\\\/schema\\\/logo\\\/image\\\/\",\"url\":\"https:\\\/\\\/archiv.siov.sk\\\/wp-content\\\/uploads\\\/2024\\\/02\\\/logo-SIOV.png\",\"contentUrl\":\"https:\\\/\\\/archiv.siov.sk\\\/wp-content\\\/uploads\\\/2024\\\/02\\\/logo-SIOV.png\",\"width\":431,\"height\":143,\"caption\":\"\u0160IOV - \u0161t\u00e1tny in\u0161tit\u00fat odborn\u00e9ho vzdel\u00e1vania\"},\"image\":{\"@id\":\"https:\\\/\\\/archiv.siov.sk\\\/#\\\/schema\\\/logo\\\/image\\\/\"},\"sameAs\":[\"https:\\\/\\\/www.facebook.com\\\/Statnyinstitutodbornehovzdelavania\"]},{\"@type\":\"Person\",\"@id\":\"https:\\\/\\\/archiv.siov.sk\\\/#\\\/schema\\\/person\\\/e42d633fbd958c6a726e8834d8965e6c\",\"name\":\"Katar\u00edna Kov\u00e1\u010dov\u00e1\",\"url\":\"https:\\\/\\\/archiv.siov.sk\\\/en\\\/author\\\/katkakovacova\\\/\"}]}<\/script>\n<!-- \/ Yoast SEO plugin. -->","yoast_head_json":{"title":",, SLOVAK BARISTA CUP\u201c junior - \u0160IOV - \u0161t\u00e1tny in\u0161tit\u00fat odborn\u00e9ho vzdel\u00e1vania","robots":{"index":"index","follow":"follow","max-snippet":"max-snippet:-1","max-image-preview":"max-image-preview:large","max-video-preview":"max-video-preview:-1"},"canonical":"https:\/\/archiv.siov.sk\/en\/slovak-barista-cup-junior\/","og_locale":"en_GB","og_type":"article","og_title":",, SLOVAK BARISTA CUP\u201c junior - \u0160IOV - \u0161t\u00e1tny in\u0161tit\u00fat odborn\u00e9ho vzdel\u00e1vania","og_description":"Ozn\u00e1menie Medzin\u00e1rodn\u00e9ho K\u00e1vov\u00e9ho In\u0161tit\u00fatu a Academy of Cofee S\u00faboj \u0161tudentov stredn\u00fdch odborn\u00fdch \u0161k\u00f4l a hotelov\u00fdch akad\u00e9mii zo Slovenska &nbsp;o Braz\u00edliu v roku 2021 sa rozbehol prv\u00fdm kolom v janu\u00e1ri tohto roka pri pr\u00edle\u017eitosti v\u00fdstavy Danubius Gastro Incheba Bratislava v ,,K\u00e1vovom meste\u010dku\u201c. Po\u010das t\u00fdchto jarn\u00fdch mesiacov mali s\u00fa\u0165a\u017eiaci absolvova\u0165 e\u0161te dve kol\u00e1 a n\u00e1sledne po letn\u00fdch [&hellip;]","og_url":"https:\/\/archiv.siov.sk\/en\/slovak-barista-cup-junior\/","og_site_name":"\u0160IOV - \u0161t\u00e1tny in\u0161tit\u00fat odborn\u00e9ho vzdel\u00e1vania","article_publisher":"https:\/\/www.facebook.com\/Statnyinstitutodbornehovzdelavania","article_published_time":"2020-04-01T13:17:32+00:00","article_modified_time":"2020-04-01T13:17:40+00:00","og_image":[{"width":1100,"height":445,"url":"https:\/\/archiv.siov.sk\/wp-content\/uploads\/2018\/01\/top_konferencia.jpg","type":"image\/jpeg"}],"author":"Katar\u00edna Kov\u00e1\u010dov\u00e1","twitter_card":"summary_large_image","twitter_misc":{"Written by":"Katar\u00edna Kov\u00e1\u010dov\u00e1","Estimated reading time":"4 minutes"},"schema":{"@context":"https:\/\/schema.org","@graph":[{"@type":"Article","@id":"https:\/\/archiv.siov.sk\/slovak-barista-cup-junior\/#article","isPartOf":{"@id":"https:\/\/archiv.siov.sk\/slovak-barista-cup-junior\/"},"author":{"name":"Katar\u00edna Kov\u00e1\u010dov\u00e1","@id":"https:\/\/archiv.siov.sk\/#\/schema\/person\/e42d633fbd958c6a726e8834d8965e6c"},"headline":",, SLOVAK BARISTA CUP\u201c junior","datePublished":"2020-04-01T13:17:32+00:00","dateModified":"2020-04-01T13:17:40+00:00","mainEntityOfPage":{"@id":"https:\/\/archiv.siov.sk\/slovak-barista-cup-junior\/"},"wordCount":732,"publisher":{"@id":"https:\/\/archiv.siov.sk\/#organization"},"image":{"@id":"https:\/\/archiv.siov.sk\/slovak-barista-cup-junior\/#primaryimage"},"thumbnailUrl":"https:\/\/archiv.siov.sk\/wp-content\/uploads\/2018\/01\/top_konferencia.jpg","articleSection":["Aktuality v \u010dase koronav\u00edrusu"],"inLanguage":"en-GB"},{"@type":"WebPage","@id":"https:\/\/archiv.siov.sk\/slovak-barista-cup-junior\/","url":"https:\/\/archiv.siov.sk\/slovak-barista-cup-junior\/","name":",, SLOVAK BARISTA CUP\u201c junior - \u0160IOV - \u0161t\u00e1tny in\u0161tit\u00fat odborn\u00e9ho vzdel\u00e1vania","isPartOf":{"@id":"https:\/\/archiv.siov.sk\/#website"},"primaryImageOfPage":{"@id":"https:\/\/archiv.siov.sk\/slovak-barista-cup-junior\/#primaryimage"},"image":{"@id":"https:\/\/archiv.siov.sk\/slovak-barista-cup-junior\/#primaryimage"},"thumbnailUrl":"https:\/\/archiv.siov.sk\/wp-content\/uploads\/2018\/01\/top_konferencia.jpg","datePublished":"2020-04-01T13:17:32+00:00","dateModified":"2020-04-01T13:17:40+00:00","breadcrumb":{"@id":"https:\/\/archiv.siov.sk\/slovak-barista-cup-junior\/#breadcrumb"},"inLanguage":"en-GB","potentialAction":[{"@type":"ReadAction","target":["https:\/\/archiv.siov.sk\/slovak-barista-cup-junior\/"]}]},{"@type":"ImageObject","inLanguage":"en-GB","@id":"https:\/\/archiv.siov.sk\/slovak-barista-cup-junior\/#primaryimage","url":"https:\/\/archiv.siov.sk\/wp-content\/uploads\/2018\/01\/top_konferencia.jpg","contentUrl":"https:\/\/archiv.siov.sk\/wp-content\/uploads\/2018\/01\/top_konferencia.jpg","width":1100,"height":445,"caption":"Pracovn\u00e9 stretnutie na t\u00e9mu \u201eDu\u00e1lne vzdel\u00e1vanie \u2013 najlep\u0161ia cesta pre na\u0161u bud\u00facnos\u0165\u201c"},{"@type":"BreadcrumbList","@id":"https:\/\/archiv.siov.sk\/slovak-barista-cup-junior\/#breadcrumb","itemListElement":[{"@type":"ListItem","position":1,"name":"Home","item":"https:\/\/archiv.siov.sk\/"},{"@type":"ListItem","position":2,"name":",, SLOVAK BARISTA CUP\u201c junior"}]},{"@type":"WebSite","@id":"https:\/\/archiv.siov.sk\/#website","url":"https:\/\/archiv.siov.sk\/","name":"\u0160IOV - \u0161t\u00e1tny in\u0161tit\u00fat odborn\u00e9ho vzdel\u00e1vania","description":"","publisher":{"@id":"https:\/\/archiv.siov.sk\/#organization"},"potentialAction":[{"@type":"SearchAction","target":{"@type":"EntryPoint","urlTemplate":"https:\/\/archiv.siov.sk\/?s={search_term_string}"},"query-input":{"@type":"PropertyValueSpecification","valueRequired":true,"valueName":"search_term_string"}}],"inLanguage":"en-GB"},{"@type":"Organization","@id":"https:\/\/archiv.siov.sk\/#organization","name":"\u0160IOV - \u0161t\u00e1tny in\u0161tit\u00fat odborn\u00e9ho vzdel\u00e1vania","url":"https:\/\/archiv.siov.sk\/","logo":{"@type":"ImageObject","inLanguage":"en-GB","@id":"https:\/\/archiv.siov.sk\/#\/schema\/logo\/image\/","url":"https:\/\/archiv.siov.sk\/wp-content\/uploads\/2024\/02\/logo-SIOV.png","contentUrl":"https:\/\/archiv.siov.sk\/wp-content\/uploads\/2024\/02\/logo-SIOV.png","width":431,"height":143,"caption":"\u0160IOV - \u0161t\u00e1tny in\u0161tit\u00fat odborn\u00e9ho vzdel\u00e1vania"},"image":{"@id":"https:\/\/archiv.siov.sk\/#\/schema\/logo\/image\/"},"sameAs":["https:\/\/www.facebook.com\/Statnyinstitutodbornehovzdelavania"]},{"@type":"Person","@id":"https:\/\/archiv.siov.sk\/#\/schema\/person\/e42d633fbd958c6a726e8834d8965e6c","name":"Katar\u00edna Kov\u00e1\u010dov\u00e1","url":"https:\/\/archiv.siov.sk\/en\/author\/katkakovacova\/"}]}},"_links":{"self":[{"href":"https:\/\/archiv.siov.sk\/en\/wp-json\/wp\/v2\/posts\/5466","targetHints":{"allow":["GET"]}}],"collection":[{"href":"https:\/\/archiv.siov.sk\/en\/wp-json\/wp\/v2\/posts"}],"about":[{"href":"https:\/\/archiv.siov.sk\/en\/wp-json\/wp\/v2\/types\/post"}],"author":[{"embeddable":true,"href":"https:\/\/archiv.siov.sk\/en\/wp-json\/wp\/v2\/users\/6"}],"replies":[{"embeddable":true,"href":"https:\/\/archiv.siov.sk\/en\/wp-json\/wp\/v2\/comments?post=5466"}],"version-history":[{"count":3,"href":"https:\/\/archiv.siov.sk\/en\/wp-json\/wp\/v2\/posts\/5466\/revisions"}],"predecessor-version":[{"id":5469,"href":"https:\/\/archiv.siov.sk\/en\/wp-json\/wp\/v2\/posts\/5466\/revisions\/5469"}],"wp:featuredmedia":[{"embeddable":true,"href":"https:\/\/archiv.siov.sk\/en\/wp-json\/wp\/v2\/media\/2374"}],"wp:attachment":[{"href":"https:\/\/archiv.siov.sk\/en\/wp-json\/wp\/v2\/media?parent=5466"}],"wp:term":[{"taxonomy":"category","embeddable":true,"href":"https:\/\/archiv.siov.sk\/en\/wp-json\/wp\/v2\/categories?post=5466"},{"taxonomy":"post_tag","embeddable":true,"href":"https:\/\/archiv.siov.sk\/en\/wp-json\/wp\/v2\/tags?post=5466"}],"curies":[{"name":"wp","href":"https:\/\/api.w.org\/{rel}","templated":true}]}}