{"id":5190,"date":"2020-03-17T12:35:32","date_gmt":"2020-03-17T11:35:32","guid":{"rendered":"https:\/\/archiv.siov.sk\/?p=5190"},"modified":"2020-03-17T15:37:22","modified_gmt":"2020-03-17T14:37:22","slug":"vazene-kolegyne-vazeni-kolegovia-a-priatelia-cvicnych-firiem","status":"publish","type":"post","link":"https:\/\/archiv.siov.sk\/en\/vazene-kolegyne-vazeni-kolegovia-a-priatelia-cvicnych-firiem\/","title":{"rendered":"V\u00e1\u017een\u00e9 kolegyne, v\u00e1\u017een\u00ed kolegovia a priatelia cvi\u010dn\u00fdch firiem!"},"content":{"rendered":"<p>V\u0161etci vieme, \u017ee sa v&nbsp;r\u00e1mci bezpe\u010dnosti seba, svojich bl\u00edzkych, kolegov, priate\u013eov pr\u00e1ve teraz mus\u00edme spr\u00e1va\u0165 ve\u013emi disciplinovane.<\/p>\n<p>\u200bZ tohto d\u00f4vodu sme V\u00e1m aj my, &nbsp;zamestnanci Slovensk\u00e9ho centra cvi\u010dn\u00fdch firiem,&nbsp; ka\u017ed\u00fd de\u0148 plne k dispoz\u00edcii len online, aby sme tak napomohli zamedzi\u0165 ve\u013emi r\u00fdchlemu \u0161\u00edreniu pand\u00e9mii koronav\u00edrusu, ktor\u00fd su\u017euje u\u017e cel\u00fd svet. Slovensk\u00e1 ekonomika sa v\u010faka nemu m\u00f4\u017ee prepadn\u00fa\u0165 do recesie.<\/p>\n<p style=\"text-align: justify;\">Pr\u00e1ve v&nbsp;tomto \u010dase pripravujeme pre V\u00e1s bro\u017e\u00faru s&nbsp;n\u00e1zvom \u201ePr\u00edklady dobrej praxe absolventov cvi\u010dnej firmy\u201c. Bude ur\u010den\u00e1 u\u010dite\u013eom a&nbsp;\u017eiakom cvi\u010dn\u00fdch firiem, ale aj v\u0161etk\u00fdm, ktor\u00ed sa zauj\u00edmaj\u00fa o&nbsp;podnikate\u013esk\u00e9 vzdel\u00e1vanie a&nbsp;finan\u010dn\u00fa gramotnos\u0165. T\u00fdmto V\u00e1s chceme vyzva\u0165, aby ste n\u00e1m posielali Va\u0161e n\u00e1vrhy, \u010dl\u00e1nky, n\u00e1mety, ktor\u00e9 by sme mohli pou\u017ei\u0165. Bude predsa sl\u00fa\u017ei\u0165 a&nbsp;pom\u00e1ha\u0165 n\u00e1m v\u0161etk\u00fdm aj v&nbsp;bud\u00facnosti.<\/p>\n<p style=\"text-align: justify;\">Okrem toho V\u00e1m d\u00e1vame do pozornosti mo\u017enos\u0165 samo\u0161t\u00fadia v&nbsp;oblasti finan\u010dnej gramotnosti aj na <a href=\"https:\/\/zmudri.sk\/\">https:\/\/zmudri.sk\/<\/a>, v&nbsp;oblasti podnikate\u013esk\u00e9ho vzdel\u00e1vania na <a href=\"https:\/\/www.podnikajte.sk\/\">https:\/\/www.podnikajte.sk\/<\/a> ale aj na na\u0161om web s\u00eddle <a href=\"http:\/\/www.sccf.sk\/\">http:\/\/www.sccf.sk\/<\/a>, kde v&nbsp;\u010dasti Novinky v&nbsp;podnikan\u00ed n\u00e1jdete ve\u013ea potrebn\u00fdch inform\u00e1ci\u00ed a&nbsp;aktu\u00e1lnych odkazov k&nbsp;podnikaniu.<\/p>\n<p style=\"text-align: justify;\">Pr\u00e1ve teraz, ke\u010f je skupina podnikate\u013eov \u0165a\u017eko sk\u00fa\u0161an\u00e1, pripravme sa, aby sme vedeli pom\u00f4c\u0165 a&nbsp;n\u00e1js\u0165 spolo\u010dn\u00e9 rie\u0161enia \u0165a\u017eivej situ\u00e1cie po skon\u010den\u00ed kr\u00edzy \u0161\u00edrenia v\u00edrusu. Mnoh\u00ed \u017eivnostn\u00edci, \u010di u\u017e s\u00fa to remeseln\u00edci alebo t\u00ed, \u010do poskytuj\u00fa slu\u017eby sa ob\u00e1vaj\u00fa o&nbsp;svoju bud\u00facnos\u0165.&nbsp; U\u017e teraz m\u00e1 ve\u013ea firiem probl\u00e9m s&nbsp;platen\u00edm svojich z\u00e1v\u00e4zkov. T\u00fdka sa to n\u00e1s v\u0161etk\u00fdch, a&nbsp;preto sa aj my mus\u00edme pripravi\u0165 a&nbsp;pom\u00f4c\u0165 Slovensku tak ako vieme: podpori\u0165 ekonomick\u00e9 a&nbsp;pr\u00e1vne vedomie \u017eiakov, u\u010dite\u013eov a&nbsp;v\u0161etk\u00fdch, \u010do chc\u00fa pom\u00f4c\u0165 v&nbsp;tejto oblasti.<\/p>\n<p>Va\u0161e Slovensk\u00e9 centrum cvi\u010dn\u00fdch firiem<\/p>\n<p>&nbsp;<\/p>\n<p>PS: Prip\u00e1jame zop\u00e1r spr\u00e1v zo sveta cvi\u010dn\u00fdch firiem, aby ste vedeli, \u017ee \u201eje v&nbsp;tom\u201c cel\u00fd svet:<\/p>\n<p>&nbsp;<\/p>\n<ol>\n<li>The news are not different from Switzerland. Everything is closed here up tot he 19th of April, and in our region even end of April. As far as I know, most of the PE\u2019s are closed. Some are experiencing the distance job, but mostly on projects. The CO works from home and everything is organized. We work on development projects with all the team that looses a part of their job\u2026. We exect to do something really positive out of this special period that is expecting us. I really hope the planet will lear of this\u2026<\/li>\n<\/ol>\n<p>&nbsp;<\/p>\n<ol start=\"2\">\n<li>Hello All from USA! Same here with school and business closures along with our team working from home. The vast&nbsp;majority of schools here in the US are now closed or working online (64,000 schools and 32.5 million students). We are doing the best we can to support our PE&#8217;s however we can.<\/li>\n<\/ol>\n<p>In addition to&nbsp;guiding the CO, I have also become Mr. Daddy, kindergarten teacher to our son, Theo, as his school is now canceled for the foreseeable future.<\/p>\n<p>&nbsp;<\/p>\n<ol start=\"3\">\n<li>The situation here in France is similar. Schools and education institutions are all closed. All professional activities which are not vital for the survival of the nation have to close. As a central office, we\u2019re organizing to handle everything remotely. We\u2019ll answer all requests coming digitally, but will have limited possibilities to answer the phone. It is of course pushing us to be more digital than ever. We know that most of our Practice Enterprises are now closed or on reduced running, so we know also that most of the pedagogical activities will be in a \u201cstandby\u201d mode until everything can be reopened. We wish to all of you to find interesting occupations during this confinement period, and hope to hear from all of you very soon.<\/li>\n<\/ol>\n<p>&nbsp;<\/p>\n<ol start=\"4\">\n<li>At the Brazilian office we continue to work normally. Public schools will suspend classes, but private schools are still functioning. Events are being suspended and new regulations are due to be announced this week. The contamination in Brazil is still small, but we are following the guidelines of the authorities. We communicate support to all of you.<\/li>\n<\/ol>\n<p>&nbsp;<\/p>\n<ol start=\"5\">\n<li>First of all I hope this mail finds you well, it&#8217;s a very bad period but I trust we&#8217;ll be out soon if everyone contributes. As for Italy schools are closed as you know and we are all in smart working modality actually. Unfortunately, actually, as you can imagine, the request for new agreements and connections decreased a lot so I think it could be useful to think to a common strategy to restart and maybe propose a campaing for recruitment of new schools in order to have new PEs and reconnect the old ones.<\/li>\n<\/ol>\n<p>&nbsp;<\/p>\n<ol start=\"6\">\n<li>After lots of years behind Iron Curtain, we have now Corona Curtain. Schools are closed and will be probably till end of March. Home office is recommended by government till 24th. For us, decision will be made today, but we all expect our home office will be confirmed. Streets in Prague are unusaly empty.<\/li>\n<\/ol>\n<p>&nbsp;<\/p>\n<ol start=\"7\">\n<li>For us in the Netherlands we can still do our job as central office, we are quite experienced in working from home so no problem. However since all Dutch schools had to stop teaching in schools and are only allowed to provide distance learning, it will affect the business in our practice enterprises: some will be closed and some will try working remotely. Reply on e-mails, shipment of orders, payments; this all might be postponed. What a weird situation we are all in at the moment!<\/li>\n<\/ol>\n<p>&nbsp;<\/p>\n<ol start=\"8\">\n<li>In Bulgaria, schools and universities are closed until March 29 (so far).&nbsp; Distance learning starts for students. The Ministry of Health recommended work from home.&nbsp; From today until the further notice, BUCT employees will work from home. Let&#8217;s wish these hard times are over soon\u2026<\/li>\n<\/ol>\n<p>&nbsp;<\/p>\n<ol start=\"9\">\n<li>Austria like a lot of other countries is locked down, schools and educational institutions are closed until after Easter Holidays (mid of April), and will be prolonged if necessary. Our PE and trainers will continue working with remote tools, distant learning, video conf. etc but I wonder if trade continues. Our CO is working normally. the situation right now is a learning opportunity for all of us, and I am convinced that students and trainers will improve enormously (incl staff of CO). &nbsp;But most important: health. In Austria, Corona cases are doubling within 2-3 days, so we are not yet on the edge to flatten the curve.<\/li>\n<\/ol>\n<p>All our best wishes to you<\/p>\n<p>#stayathome<\/p>","protected":false},"excerpt":{"rendered":"<p>V\u0161etci vieme, \u017ee sa v&nbsp;r\u00e1mci bezpe\u010dnosti seba, svojich bl\u00edzkych, kolegov, priate\u013eov pr\u00e1ve teraz mus\u00edme spr\u00e1va\u0165 ve\u013emi disciplinovane. \u200bZ tohto d\u00f4vodu sme V\u00e1m aj my, &nbsp;zamestnanci Slovensk\u00e9ho centra cvi\u010dn\u00fdch firiem,&nbsp; ka\u017ed\u00fd de\u0148 plne k dispoz\u00edcii len online, aby sme tak napomohli zamedzi\u0165 ve\u013emi r\u00fdchlemu \u0161\u00edreniu pand\u00e9mii koronav\u00edrusu, ktor\u00fd su\u017euje u\u017e cel\u00fd svet. Slovensk\u00e1 ekonomika sa v\u010faka [&hellip;]<\/p>\n","protected":false},"author":6,"featured_media":2374,"comment_status":"closed","ping_status":"closed","sticky":false,"template":"","format":"standard","meta":{"site-sidebar-layout":"default","site-content-layout":"","ast-site-content-layout":"default","site-content-style":"default","site-sidebar-style":"default","ast-global-header-display":"","ast-banner-title-visibility":"","ast-main-header-display":"","ast-hfb-above-header-display":"","ast-hfb-below-header-display":"","ast-hfb-mobile-header-display":"","site-post-title":"","ast-breadcrumbs-content":"","ast-featured-img":"","footer-sml-layout":"","ast-disable-related-posts":"","theme-transparent-header-meta":"","adv-header-id-meta":"","stick-header-meta":"","header-above-stick-meta":"","header-main-stick-meta":"","header-below-stick-meta":"","astra-migrate-meta-layouts":"default","ast-page-background-enabled":"default","ast-page-background-meta":{"desktop":{"background-color":"var(--ast-global-color-4)","background-image":"","background-repeat":"repeat","background-position":"center center","background-size":"auto","background-attachment":"scroll","background-type":"","background-media":"","overlay-type":"","overlay-color":"","overlay-opacity":"","overlay-gradient":""},"tablet":{"background-color":"","background-image":"","background-repeat":"repeat","background-position":"center center","background-size":"auto","background-attachment":"scroll","background-type":"","background-media":"","overlay-type":"","overlay-color":"","overlay-opacity":"","overlay-gradient":""},"mobile":{"background-color":"","background-image":"","background-repeat":"repeat","background-position":"center center","background-size":"auto","background-attachment":"scroll","background-type":"","background-media":"","overlay-type":"","overlay-color":"","overlay-opacity":"","overlay-gradient":""}},"ast-content-background-meta":{"desktop":{"background-color":"var(--ast-global-color-5)","background-image":"","background-repeat":"repeat","background-position":"center center","background-size":"auto","background-attachment":"scroll","background-type":"","background-media":"","overlay-type":"","overlay-color":"","overlay-opacity":"","overlay-gradient":""},"tablet":{"background-color":"var(--ast-global-color-5)","background-image":"","background-repeat":"repeat","background-position":"center center","background-size":"auto","background-attachment":"scroll","background-type":"","background-media":"","overlay-type":"","overlay-color":"","overlay-opacity":"","overlay-gradient":""},"mobile":{"background-color":"var(--ast-global-color-5)","background-image":"","background-repeat":"repeat","background-position":"center center","background-size":"auto","background-attachment":"scroll","background-type":"","background-media":"","overlay-type":"","overlay-color":"","overlay-opacity":"","overlay-gradient":""}},"footnotes":""},"categories":[1],"tags":[],"class_list":["post-5190","post","type-post","status-publish","format-standard","has-post-thumbnail","hentry","category-aktuality"],"yoast_head":"<!-- This site is optimized with the Yoast SEO plugin v27.5 - https:\/\/yoast.com\/product\/yoast-seo-wordpress\/ -->\n<title>V\u00e1\u017een\u00e9 kolegyne, v\u00e1\u017een\u00ed kolegovia a priatelia cvi\u010dn\u00fdch firiem! - \u0160IOV - \u0161t\u00e1tny in\u0161tit\u00fat odborn\u00e9ho vzdel\u00e1vania<\/title>\n<meta name=\"robots\" content=\"index, follow, max-snippet:-1, max-image-preview:large, max-video-preview:-1\" \/>\n<link rel=\"canonical\" href=\"https:\/\/archiv.siov.sk\/en\/vazene-kolegyne-vazeni-kolegovia-a-priatelia-cvicnych-firiem\/\" \/>\n<meta property=\"og:locale\" content=\"en_GB\" \/>\n<meta property=\"og:type\" content=\"article\" \/>\n<meta property=\"og:title\" content=\"V\u00e1\u017een\u00e9 kolegyne, v\u00e1\u017een\u00ed kolegovia a priatelia cvi\u010dn\u00fdch firiem! - \u0160IOV - \u0161t\u00e1tny in\u0161tit\u00fat odborn\u00e9ho vzdel\u00e1vania\" \/>\n<meta property=\"og:description\" content=\"V\u0161etci vieme, \u017ee sa v&nbsp;r\u00e1mci bezpe\u010dnosti seba, svojich bl\u00edzkych, kolegov, priate\u013eov pr\u00e1ve teraz mus\u00edme spr\u00e1va\u0165 ve\u013emi disciplinovane. \u200bZ tohto d\u00f4vodu sme V\u00e1m aj my, &nbsp;zamestnanci Slovensk\u00e9ho centra cvi\u010dn\u00fdch firiem,&nbsp; ka\u017ed\u00fd de\u0148 plne k dispoz\u00edcii len online, aby sme tak napomohli zamedzi\u0165 ve\u013emi r\u00fdchlemu \u0161\u00edreniu pand\u00e9mii koronav\u00edrusu, ktor\u00fd su\u017euje u\u017e cel\u00fd svet. Slovensk\u00e1 ekonomika sa v\u010faka [&hellip;]\" \/>\n<meta property=\"og:url\" content=\"https:\/\/archiv.siov.sk\/en\/vazene-kolegyne-vazeni-kolegovia-a-priatelia-cvicnych-firiem\/\" \/>\n<meta property=\"og:site_name\" content=\"\u0160IOV - \u0161t\u00e1tny in\u0161tit\u00fat odborn\u00e9ho vzdel\u00e1vania\" \/>\n<meta property=\"article:publisher\" content=\"https:\/\/www.facebook.com\/Statnyinstitutodbornehovzdelavania\" \/>\n<meta property=\"article:published_time\" content=\"2020-03-17T11:35:32+00:00\" \/>\n<meta property=\"article:modified_time\" content=\"2020-03-17T14:37:22+00:00\" \/>\n<meta property=\"og:image\" content=\"https:\/\/archiv.siov.sk\/wp-content\/uploads\/2018\/01\/top_konferencia.jpg\" \/>\n\t<meta property=\"og:image:width\" content=\"1100\" \/>\n\t<meta property=\"og:image:height\" content=\"445\" \/>\n\t<meta property=\"og:image:type\" content=\"image\/jpeg\" \/>\n<meta name=\"author\" content=\"Katar\u00edna Kov\u00e1\u010dov\u00e1\" \/>\n<meta name=\"twitter:card\" content=\"summary_large_image\" \/>\n<meta name=\"twitter:label1\" content=\"Written by\" \/>\n\t<meta name=\"twitter:data1\" content=\"Katar\u00edna Kov\u00e1\u010dov\u00e1\" \/>\n\t<meta name=\"twitter:label2\" content=\"Estimated reading time\" \/>\n\t<meta name=\"twitter:data2\" content=\"6 minutes\" \/>\n<script type=\"application\/ld+json\" class=\"yoast-schema-graph\">{\"@context\":\"https:\\\/\\\/schema.org\",\"@graph\":[{\"@type\":\"Article\",\"@id\":\"https:\\\/\\\/archiv.siov.sk\\\/vazene-kolegyne-vazeni-kolegovia-a-priatelia-cvicnych-firiem\\\/#article\",\"isPartOf\":{\"@id\":\"https:\\\/\\\/archiv.siov.sk\\\/vazene-kolegyne-vazeni-kolegovia-a-priatelia-cvicnych-firiem\\\/\"},\"author\":{\"name\":\"Katar\u00edna Kov\u00e1\u010dov\u00e1\",\"@id\":\"https:\\\/\\\/archiv.siov.sk\\\/#\\\/schema\\\/person\\\/e42d633fbd958c6a726e8834d8965e6c\"},\"headline\":\"V\u00e1\u017een\u00e9 kolegyne, v\u00e1\u017een\u00ed kolegovia a priatelia cvi\u010dn\u00fdch firiem!\",\"datePublished\":\"2020-03-17T11:35:32+00:00\",\"dateModified\":\"2020-03-17T14:37:22+00:00\",\"mainEntityOfPage\":{\"@id\":\"https:\\\/\\\/archiv.siov.sk\\\/vazene-kolegyne-vazeni-kolegovia-a-priatelia-cvicnych-firiem\\\/\"},\"wordCount\":1206,\"publisher\":{\"@id\":\"https:\\\/\\\/archiv.siov.sk\\\/#organization\"},\"image\":{\"@id\":\"https:\\\/\\\/archiv.siov.sk\\\/vazene-kolegyne-vazeni-kolegovia-a-priatelia-cvicnych-firiem\\\/#primaryimage\"},\"thumbnailUrl\":\"https:\\\/\\\/archiv.siov.sk\\\/wp-content\\\/uploads\\\/2018\\\/01\\\/top_konferencia.jpg\",\"articleSection\":[\"Aktuality\"],\"inLanguage\":\"en-GB\"},{\"@type\":\"WebPage\",\"@id\":\"https:\\\/\\\/archiv.siov.sk\\\/vazene-kolegyne-vazeni-kolegovia-a-priatelia-cvicnych-firiem\\\/\",\"url\":\"https:\\\/\\\/archiv.siov.sk\\\/vazene-kolegyne-vazeni-kolegovia-a-priatelia-cvicnych-firiem\\\/\",\"name\":\"V\u00e1\u017een\u00e9 kolegyne, v\u00e1\u017een\u00ed kolegovia a priatelia cvi\u010dn\u00fdch firiem! - \u0160IOV - \u0161t\u00e1tny in\u0161tit\u00fat odborn\u00e9ho vzdel\u00e1vania\",\"isPartOf\":{\"@id\":\"https:\\\/\\\/archiv.siov.sk\\\/#website\"},\"primaryImageOfPage\":{\"@id\":\"https:\\\/\\\/archiv.siov.sk\\\/vazene-kolegyne-vazeni-kolegovia-a-priatelia-cvicnych-firiem\\\/#primaryimage\"},\"image\":{\"@id\":\"https:\\\/\\\/archiv.siov.sk\\\/vazene-kolegyne-vazeni-kolegovia-a-priatelia-cvicnych-firiem\\\/#primaryimage\"},\"thumbnailUrl\":\"https:\\\/\\\/archiv.siov.sk\\\/wp-content\\\/uploads\\\/2018\\\/01\\\/top_konferencia.jpg\",\"datePublished\":\"2020-03-17T11:35:32+00:00\",\"dateModified\":\"2020-03-17T14:37:22+00:00\",\"breadcrumb\":{\"@id\":\"https:\\\/\\\/archiv.siov.sk\\\/vazene-kolegyne-vazeni-kolegovia-a-priatelia-cvicnych-firiem\\\/#breadcrumb\"},\"inLanguage\":\"en-GB\",\"potentialAction\":[{\"@type\":\"ReadAction\",\"target\":[\"https:\\\/\\\/archiv.siov.sk\\\/vazene-kolegyne-vazeni-kolegovia-a-priatelia-cvicnych-firiem\\\/\"]}]},{\"@type\":\"ImageObject\",\"inLanguage\":\"en-GB\",\"@id\":\"https:\\\/\\\/archiv.siov.sk\\\/vazene-kolegyne-vazeni-kolegovia-a-priatelia-cvicnych-firiem\\\/#primaryimage\",\"url\":\"https:\\\/\\\/archiv.siov.sk\\\/wp-content\\\/uploads\\\/2018\\\/01\\\/top_konferencia.jpg\",\"contentUrl\":\"https:\\\/\\\/archiv.siov.sk\\\/wp-content\\\/uploads\\\/2018\\\/01\\\/top_konferencia.jpg\",\"width\":1100,\"height\":445,\"caption\":\"Pracovn\u00e9 stretnutie na t\u00e9mu \u201eDu\u00e1lne vzdel\u00e1vanie \u2013 najlep\u0161ia cesta pre na\u0161u bud\u00facnos\u0165\u201c\"},{\"@type\":\"BreadcrumbList\",\"@id\":\"https:\\\/\\\/archiv.siov.sk\\\/vazene-kolegyne-vazeni-kolegovia-a-priatelia-cvicnych-firiem\\\/#breadcrumb\",\"itemListElement\":[{\"@type\":\"ListItem\",\"position\":1,\"name\":\"Home\",\"item\":\"https:\\\/\\\/archiv.siov.sk\\\/\"},{\"@type\":\"ListItem\",\"position\":2,\"name\":\"V\u00e1\u017een\u00e9 kolegyne, v\u00e1\u017een\u00ed kolegovia a priatelia cvi\u010dn\u00fdch firiem!\"}]},{\"@type\":\"WebSite\",\"@id\":\"https:\\\/\\\/archiv.siov.sk\\\/#website\",\"url\":\"https:\\\/\\\/archiv.siov.sk\\\/\",\"name\":\"\u0160IOV - \u0161t\u00e1tny in\u0161tit\u00fat odborn\u00e9ho vzdel\u00e1vania\",\"description\":\"\",\"publisher\":{\"@id\":\"https:\\\/\\\/archiv.siov.sk\\\/#organization\"},\"potentialAction\":[{\"@type\":\"SearchAction\",\"target\":{\"@type\":\"EntryPoint\",\"urlTemplate\":\"https:\\\/\\\/archiv.siov.sk\\\/?s={search_term_string}\"},\"query-input\":{\"@type\":\"PropertyValueSpecification\",\"valueRequired\":true,\"valueName\":\"search_term_string\"}}],\"inLanguage\":\"en-GB\"},{\"@type\":\"Organization\",\"@id\":\"https:\\\/\\\/archiv.siov.sk\\\/#organization\",\"name\":\"\u0160IOV - \u0161t\u00e1tny in\u0161tit\u00fat odborn\u00e9ho vzdel\u00e1vania\",\"url\":\"https:\\\/\\\/archiv.siov.sk\\\/\",\"logo\":{\"@type\":\"ImageObject\",\"inLanguage\":\"en-GB\",\"@id\":\"https:\\\/\\\/archiv.siov.sk\\\/#\\\/schema\\\/logo\\\/image\\\/\",\"url\":\"https:\\\/\\\/archiv.siov.sk\\\/wp-content\\\/uploads\\\/2024\\\/02\\\/logo-SIOV.png\",\"contentUrl\":\"https:\\\/\\\/archiv.siov.sk\\\/wp-content\\\/uploads\\\/2024\\\/02\\\/logo-SIOV.png\",\"width\":431,\"height\":143,\"caption\":\"\u0160IOV - \u0161t\u00e1tny in\u0161tit\u00fat odborn\u00e9ho vzdel\u00e1vania\"},\"image\":{\"@id\":\"https:\\\/\\\/archiv.siov.sk\\\/#\\\/schema\\\/logo\\\/image\\\/\"},\"sameAs\":[\"https:\\\/\\\/www.facebook.com\\\/Statnyinstitutodbornehovzdelavania\"]},{\"@type\":\"Person\",\"@id\":\"https:\\\/\\\/archiv.siov.sk\\\/#\\\/schema\\\/person\\\/e42d633fbd958c6a726e8834d8965e6c\",\"name\":\"Katar\u00edna Kov\u00e1\u010dov\u00e1\",\"url\":\"https:\\\/\\\/archiv.siov.sk\\\/en\\\/author\\\/katkakovacova\\\/\"}]}<\/script>\n<!-- \/ Yoast SEO plugin. -->","yoast_head_json":{"title":"V\u00e1\u017een\u00e9 kolegyne, v\u00e1\u017een\u00ed kolegovia a priatelia cvi\u010dn\u00fdch firiem! - \u0160IOV - \u0161t\u00e1tny in\u0161tit\u00fat odborn\u00e9ho vzdel\u00e1vania","robots":{"index":"index","follow":"follow","max-snippet":"max-snippet:-1","max-image-preview":"max-image-preview:large","max-video-preview":"max-video-preview:-1"},"canonical":"https:\/\/archiv.siov.sk\/en\/vazene-kolegyne-vazeni-kolegovia-a-priatelia-cvicnych-firiem\/","og_locale":"en_GB","og_type":"article","og_title":"V\u00e1\u017een\u00e9 kolegyne, v\u00e1\u017een\u00ed kolegovia a priatelia cvi\u010dn\u00fdch firiem! - \u0160IOV - \u0161t\u00e1tny in\u0161tit\u00fat odborn\u00e9ho vzdel\u00e1vania","og_description":"V\u0161etci vieme, \u017ee sa v&nbsp;r\u00e1mci bezpe\u010dnosti seba, svojich bl\u00edzkych, kolegov, priate\u013eov pr\u00e1ve teraz mus\u00edme spr\u00e1va\u0165 ve\u013emi disciplinovane. \u200bZ tohto d\u00f4vodu sme V\u00e1m aj my, &nbsp;zamestnanci Slovensk\u00e9ho centra cvi\u010dn\u00fdch firiem,&nbsp; ka\u017ed\u00fd de\u0148 plne k dispoz\u00edcii len online, aby sme tak napomohli zamedzi\u0165 ve\u013emi r\u00fdchlemu \u0161\u00edreniu pand\u00e9mii koronav\u00edrusu, ktor\u00fd su\u017euje u\u017e cel\u00fd svet. Slovensk\u00e1 ekonomika sa v\u010faka [&hellip;]","og_url":"https:\/\/archiv.siov.sk\/en\/vazene-kolegyne-vazeni-kolegovia-a-priatelia-cvicnych-firiem\/","og_site_name":"\u0160IOV - \u0161t\u00e1tny in\u0161tit\u00fat odborn\u00e9ho vzdel\u00e1vania","article_publisher":"https:\/\/www.facebook.com\/Statnyinstitutodbornehovzdelavania","article_published_time":"2020-03-17T11:35:32+00:00","article_modified_time":"2020-03-17T14:37:22+00:00","og_image":[{"width":1100,"height":445,"url":"https:\/\/archiv.siov.sk\/wp-content\/uploads\/2018\/01\/top_konferencia.jpg","type":"image\/jpeg"}],"author":"Katar\u00edna Kov\u00e1\u010dov\u00e1","twitter_card":"summary_large_image","twitter_misc":{"Written by":"Katar\u00edna Kov\u00e1\u010dov\u00e1","Estimated reading time":"6 minutes"},"schema":{"@context":"https:\/\/schema.org","@graph":[{"@type":"Article","@id":"https:\/\/archiv.siov.sk\/vazene-kolegyne-vazeni-kolegovia-a-priatelia-cvicnych-firiem\/#article","isPartOf":{"@id":"https:\/\/archiv.siov.sk\/vazene-kolegyne-vazeni-kolegovia-a-priatelia-cvicnych-firiem\/"},"author":{"name":"Katar\u00edna Kov\u00e1\u010dov\u00e1","@id":"https:\/\/archiv.siov.sk\/#\/schema\/person\/e42d633fbd958c6a726e8834d8965e6c"},"headline":"V\u00e1\u017een\u00e9 kolegyne, v\u00e1\u017een\u00ed kolegovia a priatelia cvi\u010dn\u00fdch firiem!","datePublished":"2020-03-17T11:35:32+00:00","dateModified":"2020-03-17T14:37:22+00:00","mainEntityOfPage":{"@id":"https:\/\/archiv.siov.sk\/vazene-kolegyne-vazeni-kolegovia-a-priatelia-cvicnych-firiem\/"},"wordCount":1206,"publisher":{"@id":"https:\/\/archiv.siov.sk\/#organization"},"image":{"@id":"https:\/\/archiv.siov.sk\/vazene-kolegyne-vazeni-kolegovia-a-priatelia-cvicnych-firiem\/#primaryimage"},"thumbnailUrl":"https:\/\/archiv.siov.sk\/wp-content\/uploads\/2018\/01\/top_konferencia.jpg","articleSection":["Aktuality"],"inLanguage":"en-GB"},{"@type":"WebPage","@id":"https:\/\/archiv.siov.sk\/vazene-kolegyne-vazeni-kolegovia-a-priatelia-cvicnych-firiem\/","url":"https:\/\/archiv.siov.sk\/vazene-kolegyne-vazeni-kolegovia-a-priatelia-cvicnych-firiem\/","name":"V\u00e1\u017een\u00e9 kolegyne, v\u00e1\u017een\u00ed kolegovia a priatelia cvi\u010dn\u00fdch firiem! - \u0160IOV - \u0161t\u00e1tny in\u0161tit\u00fat odborn\u00e9ho vzdel\u00e1vania","isPartOf":{"@id":"https:\/\/archiv.siov.sk\/#website"},"primaryImageOfPage":{"@id":"https:\/\/archiv.siov.sk\/vazene-kolegyne-vazeni-kolegovia-a-priatelia-cvicnych-firiem\/#primaryimage"},"image":{"@id":"https:\/\/archiv.siov.sk\/vazene-kolegyne-vazeni-kolegovia-a-priatelia-cvicnych-firiem\/#primaryimage"},"thumbnailUrl":"https:\/\/archiv.siov.sk\/wp-content\/uploads\/2018\/01\/top_konferencia.jpg","datePublished":"2020-03-17T11:35:32+00:00","dateModified":"2020-03-17T14:37:22+00:00","breadcrumb":{"@id":"https:\/\/archiv.siov.sk\/vazene-kolegyne-vazeni-kolegovia-a-priatelia-cvicnych-firiem\/#breadcrumb"},"inLanguage":"en-GB","potentialAction":[{"@type":"ReadAction","target":["https:\/\/archiv.siov.sk\/vazene-kolegyne-vazeni-kolegovia-a-priatelia-cvicnych-firiem\/"]}]},{"@type":"ImageObject","inLanguage":"en-GB","@id":"https:\/\/archiv.siov.sk\/vazene-kolegyne-vazeni-kolegovia-a-priatelia-cvicnych-firiem\/#primaryimage","url":"https:\/\/archiv.siov.sk\/wp-content\/uploads\/2018\/01\/top_konferencia.jpg","contentUrl":"https:\/\/archiv.siov.sk\/wp-content\/uploads\/2018\/01\/top_konferencia.jpg","width":1100,"height":445,"caption":"Pracovn\u00e9 stretnutie na t\u00e9mu \u201eDu\u00e1lne vzdel\u00e1vanie \u2013 najlep\u0161ia cesta pre na\u0161u bud\u00facnos\u0165\u201c"},{"@type":"BreadcrumbList","@id":"https:\/\/archiv.siov.sk\/vazene-kolegyne-vazeni-kolegovia-a-priatelia-cvicnych-firiem\/#breadcrumb","itemListElement":[{"@type":"ListItem","position":1,"name":"Home","item":"https:\/\/archiv.siov.sk\/"},{"@type":"ListItem","position":2,"name":"V\u00e1\u017een\u00e9 kolegyne, v\u00e1\u017een\u00ed kolegovia a priatelia cvi\u010dn\u00fdch firiem!"}]},{"@type":"WebSite","@id":"https:\/\/archiv.siov.sk\/#website","url":"https:\/\/archiv.siov.sk\/","name":"\u0160IOV - \u0161t\u00e1tny in\u0161tit\u00fat odborn\u00e9ho vzdel\u00e1vania","description":"","publisher":{"@id":"https:\/\/archiv.siov.sk\/#organization"},"potentialAction":[{"@type":"SearchAction","target":{"@type":"EntryPoint","urlTemplate":"https:\/\/archiv.siov.sk\/?s={search_term_string}"},"query-input":{"@type":"PropertyValueSpecification","valueRequired":true,"valueName":"search_term_string"}}],"inLanguage":"en-GB"},{"@type":"Organization","@id":"https:\/\/archiv.siov.sk\/#organization","name":"\u0160IOV - \u0161t\u00e1tny in\u0161tit\u00fat odborn\u00e9ho vzdel\u00e1vania","url":"https:\/\/archiv.siov.sk\/","logo":{"@type":"ImageObject","inLanguage":"en-GB","@id":"https:\/\/archiv.siov.sk\/#\/schema\/logo\/image\/","url":"https:\/\/archiv.siov.sk\/wp-content\/uploads\/2024\/02\/logo-SIOV.png","contentUrl":"https:\/\/archiv.siov.sk\/wp-content\/uploads\/2024\/02\/logo-SIOV.png","width":431,"height":143,"caption":"\u0160IOV - \u0161t\u00e1tny in\u0161tit\u00fat odborn\u00e9ho vzdel\u00e1vania"},"image":{"@id":"https:\/\/archiv.siov.sk\/#\/schema\/logo\/image\/"},"sameAs":["https:\/\/www.facebook.com\/Statnyinstitutodbornehovzdelavania"]},{"@type":"Person","@id":"https:\/\/archiv.siov.sk\/#\/schema\/person\/e42d633fbd958c6a726e8834d8965e6c","name":"Katar\u00edna Kov\u00e1\u010dov\u00e1","url":"https:\/\/archiv.siov.sk\/en\/author\/katkakovacova\/"}]}},"_links":{"self":[{"href":"https:\/\/archiv.siov.sk\/en\/wp-json\/wp\/v2\/posts\/5190","targetHints":{"allow":["GET"]}}],"collection":[{"href":"https:\/\/archiv.siov.sk\/en\/wp-json\/wp\/v2\/posts"}],"about":[{"href":"https:\/\/archiv.siov.sk\/en\/wp-json\/wp\/v2\/types\/post"}],"author":[{"embeddable":true,"href":"https:\/\/archiv.siov.sk\/en\/wp-json\/wp\/v2\/users\/6"}],"replies":[{"embeddable":true,"href":"https:\/\/archiv.siov.sk\/en\/wp-json\/wp\/v2\/comments?post=5190"}],"version-history":[{"count":4,"href":"https:\/\/archiv.siov.sk\/en\/wp-json\/wp\/v2\/posts\/5190\/revisions"}],"predecessor-version":[{"id":5194,"href":"https:\/\/archiv.siov.sk\/en\/wp-json\/wp\/v2\/posts\/5190\/revisions\/5194"}],"wp:featuredmedia":[{"embeddable":true,"href":"https:\/\/archiv.siov.sk\/en\/wp-json\/wp\/v2\/media\/2374"}],"wp:attachment":[{"href":"https:\/\/archiv.siov.sk\/en\/wp-json\/wp\/v2\/media?parent=5190"}],"wp:term":[{"taxonomy":"category","embeddable":true,"href":"https:\/\/archiv.siov.sk\/en\/wp-json\/wp\/v2\/categories?post=5190"},{"taxonomy":"post_tag","embeddable":true,"href":"https:\/\/archiv.siov.sk\/en\/wp-json\/wp\/v2\/tags?post=5190"}],"curies":[{"name":"wp","href":"https:\/\/api.w.org\/{rel}","templated":true}]}}