{"id":5178,"date":"2020-03-10T14:53:23","date_gmt":"2020-03-10T13:53:23","guid":{"rendered":"https:\/\/archiv.siov.sk\/?p=5178"},"modified":"2020-03-11T10:03:01","modified_gmt":"2020-03-11T09:03:01","slug":"sucasne-epidemiologicke-opatrenia-a-ich-dopad-na-realizaciu-sutazi-organizovanych-siov","status":"publish","type":"post","link":"https:\/\/archiv.siov.sk\/en\/sucasne-epidemiologicke-opatrenia-a-ich-dopad-na-realizaciu-sutazi-organizovanych-siov\/","title":{"rendered":"S\u00fa\u010dasn\u00e9 epidemiologick\u00e9 opatrenia a ich dopad na realiz\u00e1ciu s\u00fa\u0165a\u017e\u00ed organizovan\u00fdch \u0160IOV"},"content":{"rendered":"<p style=\"text-align: justify;\">Usmernenie Ministerstva \u0161kolstva, vedy, v\u00fdskumu a \u0161portu v s\u00favislosti so \u0161\u00edren\u00edm koronav\u00edrusu &#8211; <a href=\"https:\/\/www.minedu.sk\/ministerstvo-skolstva-vydalo-tretie-usmernenie-v-suvislosti-so-sirenim-koronavirusu\/\">https:\/\/www.minedu.sk\/ministerstvo-skolstva-vydalo-tretie-usmernenie-v-suvislosti-so-sirenim-koronavirusu\/<\/a><\/p>\n<p style=\"text-align: justify;\">V nadv\u00e4znosti na aktu\u00e1lnu situ\u00e1ciu so \u0161\u00edren\u00edm koronav\u00edrusu (2019-nCoV) upozor\u0148uje \u0160t\u00e1tny in\u0161tit\u00fat odborn\u00e9ho vzdel\u00e1vania partnerov, realiz\u00e1torov a \u00fa\u010dastn\u00edkov s\u00fa\u0165a\u017e\u00ed a aktiv\u00edt gestorovan\u00fdch \u0160IOV (odborom podpory smerovania ml\u00e1de\u017ee) na potrebu zv\u00fd\u0161enej opatrnosti pri pl\u00e1novan\u00ed a realiz\u00e1cii &nbsp;ni\u017e\u0161\u00edch k\u00f4l s\u00fa\u0165a\u017e\u00ed na \u00farovni krajsk\u00fdch k\u00f4l. Z\u00e1rove\u0148 vyd\u00e1va bli\u017e\u0161ie inform\u00e1cie o postupe v r\u00e1mci s\u00fa\u0165a\u017e\u00ed a aktiv\u00edt vo svojej gescii na celo\u0161t\u00e1tnej \u00farovni.<\/p>\n<p>Ofici\u00e1lne stanovisko \u0160IOV:<\/p>\n<ul>\n<li>je na&nbsp;rozhodnut\u00ed&nbsp;krajsk\u00fdch komisi\u00ed s\u00fa\u0165a\u017e\u00ed ako realizova\u0165&nbsp;pl\u00e1novan\u00e9 aktivity na \u00farovni krajov, pr\u00edpadne posun\u00fa\u0165 term\u00edny krajsk\u00fdch k\u00f4l s\u00fa\u0165a\u017e\u00ed,<\/li>\n<li>celo\u0161t\u00e1tne kol\u00e1 s\u00fa\u0165a\u017e\u00ed, ktor\u00fdch&nbsp; term\u00edn konania je pl\u00e1novan\u00fd na mesiac marec 2020, bud\u00fa presunut\u00e9 na n\u00e1hradn\u00e9 term\u00edny,<\/li>\n<li>term\u00edny celo\u0161t\u00e1tnych k\u00f4l s\u00fa\u0165a\u017e\u00ed bud\u00fa navrhnut\u00e9 tak, aby zoh\u013ead\u0148ovali posunutie term\u00ednov krajsk\u00fdch k\u00f4l s\u00fa\u0165a\u017e\u00ed,<\/li>\n<li>konkr\u00e9tne term\u00edny bud\u00fa ur\u010den\u00e9 s&nbsp;oh\u013eadom na v\u00fdvoj \u0161\u00edrenia ochorenia.<\/li>\n<\/ul>\n<p>&nbsp;<\/p>\n<p>Dovo\u013eujeme si upozorni\u0165,&nbsp;\u017ee \u0160IOV &nbsp;nem\u00e1&nbsp;\u017eiadne kompetencie vyjadrova\u0165 sa k&nbsp;stup\u0148u&nbsp;rizika&nbsp;n\u00e1kazy alebo&nbsp;ohrozenia v&nbsp;jednotliv\u00fdch krajoch SR. Tieto inform\u00e1cie n\u00e1jdete na str\u00e1nkach&nbsp;<a href=\"https:\/\/www.mzv.sk\/cestovanie_a_konzularne_info\/oznamy_a_upozornenia_pred_cestovanim\">MZVaEZ SR<\/a>,&nbsp;<a href=\"https:\/\/ec.europa.eu\/commission\/presscorner\/detail\/en\/qanda_20_307\">Eur\u00f3pskej \u00fanie<\/a>,&nbsp;<a href=\"https:\/\/www.who.int\/westernpacific\/emergencies\/covid-19\">WHO&nbsp;\u2013&nbsp;<\/a><a href=\"https:\/\/www.who.int\/westernpacific\/emergencies\/covid-19\">Svetovej zdravotn\u00edckej organiz\u00e1cie<\/a>,&nbsp;<a href=\"https:\/\/www.ecdc.europa.eu\/en\/cases-2019-ncov-eueea\">ECDC&nbsp;&#8211;&nbsp;Eur\u00f3pskeho centra pre&nbsp;prevenciu a&nbsp;<\/a><a href=\"https:\/\/www.ecdc.europa.eu\/en\/cases-2019-ncov-eueea\">kontrolu os\u00f4b<\/a>.<\/p>\n<p>&nbsp;<\/p>","protected":false},"excerpt":{"rendered":"<p>Usmernenie Ministerstva \u0161kolstva, vedy, v\u00fdskumu a \u0161portu v s\u00favislosti so \u0161\u00edren\u00edm koronav\u00edrusu &#8211; https:\/\/www.minedu.sk\/ministerstvo-skolstva-vydalo-tretie-usmernenie-v-suvislosti-so-sirenim-koronavirusu\/ V nadv\u00e4znosti na aktu\u00e1lnu situ\u00e1ciu so \u0161\u00edren\u00edm koronav\u00edrusu (2019-nCoV) upozor\u0148uje \u0160t\u00e1tny in\u0161tit\u00fat odborn\u00e9ho vzdel\u00e1vania partnerov, realiz\u00e1torov a \u00fa\u010dastn\u00edkov s\u00fa\u0165a\u017e\u00ed a aktiv\u00edt gestorovan\u00fdch \u0160IOV (odborom podpory smerovania ml\u00e1de\u017ee) na potrebu zv\u00fd\u0161enej opatrnosti pri pl\u00e1novan\u00ed a realiz\u00e1cii &nbsp;ni\u017e\u0161\u00edch k\u00f4l s\u00fa\u0165a\u017e\u00ed na \u00farovni krajsk\u00fdch [&hellip;]<\/p>\n","protected":false},"author":6,"featured_media":3894,"comment_status":"closed","ping_status":"closed","sticky":false,"template":"","format":"standard","meta":{"site-sidebar-layout":"default","site-content-layout":"","ast-site-content-layout":"default","site-content-style":"default","site-sidebar-style":"default","ast-global-header-display":"","ast-banner-title-visibility":"","ast-main-header-display":"","ast-hfb-above-header-display":"","ast-hfb-below-header-display":"","ast-hfb-mobile-header-display":"","site-post-title":"","ast-breadcrumbs-content":"","ast-featured-img":"","footer-sml-layout":"","ast-disable-related-posts":"","theme-transparent-header-meta":"","adv-header-id-meta":"","stick-header-meta":"","header-above-stick-meta":"","header-main-stick-meta":"","header-below-stick-meta":"","astra-migrate-meta-layouts":"default","ast-page-background-enabled":"default","ast-page-background-meta":{"desktop":{"background-color":"var(--ast-global-color-4)","background-image":"","background-repeat":"repeat","background-position":"center center","background-size":"auto","background-attachment":"scroll","background-type":"","background-media":"","overlay-type":"","overlay-color":"","overlay-opacity":"","overlay-gradient":""},"tablet":{"background-color":"","background-image":"","background-repeat":"repeat","background-position":"center center","background-size":"auto","background-attachment":"scroll","background-type":"","background-media":"","overlay-type":"","overlay-color":"","overlay-opacity":"","overlay-gradient":""},"mobile":{"background-color":"","background-image":"","background-repeat":"repeat","background-position":"center center","background-size":"auto","background-attachment":"scroll","background-type":"","background-media":"","overlay-type":"","overlay-color":"","overlay-opacity":"","overlay-gradient":""}},"ast-content-background-meta":{"desktop":{"background-color":"var(--ast-global-color-5)","background-image":"","background-repeat":"repeat","background-position":"center center","background-size":"auto","background-attachment":"scroll","background-type":"","background-media":"","overlay-type":"","overlay-color":"","overlay-opacity":"","overlay-gradient":""},"tablet":{"background-color":"var(--ast-global-color-5)","background-image":"","background-repeat":"repeat","background-position":"center center","background-size":"auto","background-attachment":"scroll","background-type":"","background-media":"","overlay-type":"","overlay-color":"","overlay-opacity":"","overlay-gradient":""},"mobile":{"background-color":"var(--ast-global-color-5)","background-image":"","background-repeat":"repeat","background-position":"center center","background-size":"auto","background-attachment":"scroll","background-type":"","background-media":"","overlay-type":"","overlay-color":"","overlay-opacity":"","overlay-gradient":""}},"footnotes":""},"categories":[1],"tags":[],"class_list":["post-5178","post","type-post","status-publish","format-standard","has-post-thumbnail","hentry","category-aktuality"],"yoast_head":"<!-- This site is optimized with the Yoast SEO plugin v27.5 - https:\/\/yoast.com\/product\/yoast-seo-wordpress\/ -->\n<title>S\u00fa\u010dasn\u00e9 epidemiologick\u00e9 opatrenia a ich dopad na realiz\u00e1ciu s\u00fa\u0165a\u017e\u00ed organizovan\u00fdch \u0160IOV - \u0160IOV - \u0161t\u00e1tny in\u0161tit\u00fat odborn\u00e9ho vzdel\u00e1vania<\/title>\n<meta name=\"robots\" content=\"index, follow, max-snippet:-1, max-image-preview:large, max-video-preview:-1\" \/>\n<link rel=\"canonical\" href=\"https:\/\/archiv.siov.sk\/en\/sucasne-epidemiologicke-opatrenia-a-ich-dopad-na-realizaciu-sutazi-organizovanych-siov\/\" \/>\n<meta property=\"og:locale\" content=\"en_GB\" \/>\n<meta property=\"og:type\" content=\"article\" \/>\n<meta property=\"og:title\" content=\"S\u00fa\u010dasn\u00e9 epidemiologick\u00e9 opatrenia a ich dopad na realiz\u00e1ciu s\u00fa\u0165a\u017e\u00ed organizovan\u00fdch \u0160IOV - \u0160IOV - \u0161t\u00e1tny in\u0161tit\u00fat odborn\u00e9ho vzdel\u00e1vania\" \/>\n<meta property=\"og:description\" content=\"Usmernenie Ministerstva \u0161kolstva, vedy, v\u00fdskumu a \u0161portu v s\u00favislosti so \u0161\u00edren\u00edm koronav\u00edrusu &#8211; https:\/\/www.minedu.sk\/ministerstvo-skolstva-vydalo-tretie-usmernenie-v-suvislosti-so-sirenim-koronavirusu\/ V nadv\u00e4znosti na aktu\u00e1lnu situ\u00e1ciu so \u0161\u00edren\u00edm koronav\u00edrusu (2019-nCoV) upozor\u0148uje \u0160t\u00e1tny in\u0161tit\u00fat odborn\u00e9ho vzdel\u00e1vania partnerov, realiz\u00e1torov a \u00fa\u010dastn\u00edkov s\u00fa\u0165a\u017e\u00ed a aktiv\u00edt gestorovan\u00fdch \u0160IOV (odborom podpory smerovania ml\u00e1de\u017ee) na potrebu zv\u00fd\u0161enej opatrnosti pri pl\u00e1novan\u00ed a realiz\u00e1cii &nbsp;ni\u017e\u0161\u00edch k\u00f4l s\u00fa\u0165a\u017e\u00ed na \u00farovni krajsk\u00fdch [&hellip;]\" \/>\n<meta property=\"og:url\" content=\"https:\/\/archiv.siov.sk\/en\/sucasne-epidemiologicke-opatrenia-a-ich-dopad-na-realizaciu-sutazi-organizovanych-siov\/\" \/>\n<meta property=\"og:site_name\" content=\"\u0160IOV - \u0161t\u00e1tny in\u0161tit\u00fat odborn\u00e9ho vzdel\u00e1vania\" \/>\n<meta property=\"article:publisher\" content=\"https:\/\/www.facebook.com\/Statnyinstitutodbornehovzdelavania\" \/>\n<meta property=\"article:published_time\" content=\"2020-03-10T13:53:23+00:00\" \/>\n<meta property=\"article:modified_time\" content=\"2020-03-11T09:03:01+00:00\" \/>\n<meta property=\"og:image\" content=\"https:\/\/archiv.siov.sk\/wp-content\/uploads\/2019\/06\/top_news.jpg\" \/>\n\t<meta property=\"og:image:width\" content=\"1100\" \/>\n\t<meta property=\"og:image:height\" content=\"445\" \/>\n\t<meta property=\"og:image:type\" content=\"image\/jpeg\" \/>\n<meta name=\"author\" content=\"Katar\u00edna Kov\u00e1\u010dov\u00e1\" \/>\n<meta name=\"twitter:card\" content=\"summary_large_image\" \/>\n<meta name=\"twitter:label1\" content=\"Written by\" \/>\n\t<meta name=\"twitter:data1\" content=\"Katar\u00edna Kov\u00e1\u010dov\u00e1\" \/>\n\t<meta name=\"twitter:label2\" content=\"Estimated reading time\" \/>\n\t<meta name=\"twitter:data2\" content=\"1 minute\" \/>\n<script type=\"application\/ld+json\" class=\"yoast-schema-graph\">{\"@context\":\"https:\\\/\\\/schema.org\",\"@graph\":[{\"@type\":\"Article\",\"@id\":\"https:\\\/\\\/archiv.siov.sk\\\/sucasne-epidemiologicke-opatrenia-a-ich-dopad-na-realizaciu-sutazi-organizovanych-siov\\\/#article\",\"isPartOf\":{\"@id\":\"https:\\\/\\\/archiv.siov.sk\\\/sucasne-epidemiologicke-opatrenia-a-ich-dopad-na-realizaciu-sutazi-organizovanych-siov\\\/\"},\"author\":{\"name\":\"Katar\u00edna Kov\u00e1\u010dov\u00e1\",\"@id\":\"https:\\\/\\\/archiv.siov.sk\\\/#\\\/schema\\\/person\\\/e42d633fbd958c6a726e8834d8965e6c\"},\"headline\":\"S\u00fa\u010dasn\u00e9 epidemiologick\u00e9 opatrenia a ich dopad na realiz\u00e1ciu s\u00fa\u0165a\u017e\u00ed organizovan\u00fdch \u0160IOV\",\"datePublished\":\"2020-03-10T13:53:23+00:00\",\"dateModified\":\"2020-03-11T09:03:01+00:00\",\"mainEntityOfPage\":{\"@id\":\"https:\\\/\\\/archiv.siov.sk\\\/sucasne-epidemiologicke-opatrenia-a-ich-dopad-na-realizaciu-sutazi-organizovanych-siov\\\/\"},\"wordCount\":306,\"publisher\":{\"@id\":\"https:\\\/\\\/archiv.siov.sk\\\/#organization\"},\"image\":{\"@id\":\"https:\\\/\\\/archiv.siov.sk\\\/sucasne-epidemiologicke-opatrenia-a-ich-dopad-na-realizaciu-sutazi-organizovanych-siov\\\/#primaryimage\"},\"thumbnailUrl\":\"https:\\\/\\\/archiv.siov.sk\\\/wp-content\\\/uploads\\\/2019\\\/06\\\/top_news.jpg\",\"articleSection\":[\"Aktuality\"],\"inLanguage\":\"en-GB\"},{\"@type\":\"WebPage\",\"@id\":\"https:\\\/\\\/archiv.siov.sk\\\/sucasne-epidemiologicke-opatrenia-a-ich-dopad-na-realizaciu-sutazi-organizovanych-siov\\\/\",\"url\":\"https:\\\/\\\/archiv.siov.sk\\\/sucasne-epidemiologicke-opatrenia-a-ich-dopad-na-realizaciu-sutazi-organizovanych-siov\\\/\",\"name\":\"S\u00fa\u010dasn\u00e9 epidemiologick\u00e9 opatrenia a ich dopad na realiz\u00e1ciu s\u00fa\u0165a\u017e\u00ed organizovan\u00fdch \u0160IOV - \u0160IOV - \u0161t\u00e1tny in\u0161tit\u00fat odborn\u00e9ho vzdel\u00e1vania\",\"isPartOf\":{\"@id\":\"https:\\\/\\\/archiv.siov.sk\\\/#website\"},\"primaryImageOfPage\":{\"@id\":\"https:\\\/\\\/archiv.siov.sk\\\/sucasne-epidemiologicke-opatrenia-a-ich-dopad-na-realizaciu-sutazi-organizovanych-siov\\\/#primaryimage\"},\"image\":{\"@id\":\"https:\\\/\\\/archiv.siov.sk\\\/sucasne-epidemiologicke-opatrenia-a-ich-dopad-na-realizaciu-sutazi-organizovanych-siov\\\/#primaryimage\"},\"thumbnailUrl\":\"https:\\\/\\\/archiv.siov.sk\\\/wp-content\\\/uploads\\\/2019\\\/06\\\/top_news.jpg\",\"datePublished\":\"2020-03-10T13:53:23+00:00\",\"dateModified\":\"2020-03-11T09:03:01+00:00\",\"breadcrumb\":{\"@id\":\"https:\\\/\\\/archiv.siov.sk\\\/sucasne-epidemiologicke-opatrenia-a-ich-dopad-na-realizaciu-sutazi-organizovanych-siov\\\/#breadcrumb\"},\"inLanguage\":\"en-GB\",\"potentialAction\":[{\"@type\":\"ReadAction\",\"target\":[\"https:\\\/\\\/archiv.siov.sk\\\/sucasne-epidemiologicke-opatrenia-a-ich-dopad-na-realizaciu-sutazi-organizovanych-siov\\\/\"]}]},{\"@type\":\"ImageObject\",\"inLanguage\":\"en-GB\",\"@id\":\"https:\\\/\\\/archiv.siov.sk\\\/sucasne-epidemiologicke-opatrenia-a-ich-dopad-na-realizaciu-sutazi-organizovanych-siov\\\/#primaryimage\",\"url\":\"https:\\\/\\\/archiv.siov.sk\\\/wp-content\\\/uploads\\\/2019\\\/06\\\/top_news.jpg\",\"contentUrl\":\"https:\\\/\\\/archiv.siov.sk\\\/wp-content\\\/uploads\\\/2019\\\/06\\\/top_news.jpg\",\"width\":1100,\"height\":445},{\"@type\":\"BreadcrumbList\",\"@id\":\"https:\\\/\\\/archiv.siov.sk\\\/sucasne-epidemiologicke-opatrenia-a-ich-dopad-na-realizaciu-sutazi-organizovanych-siov\\\/#breadcrumb\",\"itemListElement\":[{\"@type\":\"ListItem\",\"position\":1,\"name\":\"Home\",\"item\":\"https:\\\/\\\/archiv.siov.sk\\\/\"},{\"@type\":\"ListItem\",\"position\":2,\"name\":\"S\u00fa\u010dasn\u00e9 epidemiologick\u00e9 opatrenia a ich dopad na realiz\u00e1ciu s\u00fa\u0165a\u017e\u00ed organizovan\u00fdch \u0160IOV\"}]},{\"@type\":\"WebSite\",\"@id\":\"https:\\\/\\\/archiv.siov.sk\\\/#website\",\"url\":\"https:\\\/\\\/archiv.siov.sk\\\/\",\"name\":\"\u0160IOV - \u0161t\u00e1tny in\u0161tit\u00fat odborn\u00e9ho vzdel\u00e1vania\",\"description\":\"\",\"publisher\":{\"@id\":\"https:\\\/\\\/archiv.siov.sk\\\/#organization\"},\"potentialAction\":[{\"@type\":\"SearchAction\",\"target\":{\"@type\":\"EntryPoint\",\"urlTemplate\":\"https:\\\/\\\/archiv.siov.sk\\\/?s={search_term_string}\"},\"query-input\":{\"@type\":\"PropertyValueSpecification\",\"valueRequired\":true,\"valueName\":\"search_term_string\"}}],\"inLanguage\":\"en-GB\"},{\"@type\":\"Organization\",\"@id\":\"https:\\\/\\\/archiv.siov.sk\\\/#organization\",\"name\":\"\u0160IOV - \u0161t\u00e1tny in\u0161tit\u00fat odborn\u00e9ho vzdel\u00e1vania\",\"url\":\"https:\\\/\\\/archiv.siov.sk\\\/\",\"logo\":{\"@type\":\"ImageObject\",\"inLanguage\":\"en-GB\",\"@id\":\"https:\\\/\\\/archiv.siov.sk\\\/#\\\/schema\\\/logo\\\/image\\\/\",\"url\":\"https:\\\/\\\/archiv.siov.sk\\\/wp-content\\\/uploads\\\/2024\\\/02\\\/logo-SIOV.png\",\"contentUrl\":\"https:\\\/\\\/archiv.siov.sk\\\/wp-content\\\/uploads\\\/2024\\\/02\\\/logo-SIOV.png\",\"width\":431,\"height\":143,\"caption\":\"\u0160IOV - \u0161t\u00e1tny in\u0161tit\u00fat odborn\u00e9ho vzdel\u00e1vania\"},\"image\":{\"@id\":\"https:\\\/\\\/archiv.siov.sk\\\/#\\\/schema\\\/logo\\\/image\\\/\"},\"sameAs\":[\"https:\\\/\\\/www.facebook.com\\\/Statnyinstitutodbornehovzdelavania\"]},{\"@type\":\"Person\",\"@id\":\"https:\\\/\\\/archiv.siov.sk\\\/#\\\/schema\\\/person\\\/e42d633fbd958c6a726e8834d8965e6c\",\"name\":\"Katar\u00edna Kov\u00e1\u010dov\u00e1\",\"url\":\"https:\\\/\\\/archiv.siov.sk\\\/en\\\/author\\\/katkakovacova\\\/\"}]}<\/script>\n<!-- \/ Yoast SEO plugin. -->","yoast_head_json":{"title":"S\u00fa\u010dasn\u00e9 epidemiologick\u00e9 opatrenia a ich dopad na realiz\u00e1ciu s\u00fa\u0165a\u017e\u00ed organizovan\u00fdch \u0160IOV - \u0160IOV - \u0161t\u00e1tny in\u0161tit\u00fat odborn\u00e9ho vzdel\u00e1vania","robots":{"index":"index","follow":"follow","max-snippet":"max-snippet:-1","max-image-preview":"max-image-preview:large","max-video-preview":"max-video-preview:-1"},"canonical":"https:\/\/archiv.siov.sk\/en\/sucasne-epidemiologicke-opatrenia-a-ich-dopad-na-realizaciu-sutazi-organizovanych-siov\/","og_locale":"en_GB","og_type":"article","og_title":"S\u00fa\u010dasn\u00e9 epidemiologick\u00e9 opatrenia a ich dopad na realiz\u00e1ciu s\u00fa\u0165a\u017e\u00ed organizovan\u00fdch \u0160IOV - \u0160IOV - \u0161t\u00e1tny in\u0161tit\u00fat odborn\u00e9ho vzdel\u00e1vania","og_description":"Usmernenie Ministerstva \u0161kolstva, vedy, v\u00fdskumu a \u0161portu v s\u00favislosti so \u0161\u00edren\u00edm koronav\u00edrusu &#8211; https:\/\/www.minedu.sk\/ministerstvo-skolstva-vydalo-tretie-usmernenie-v-suvislosti-so-sirenim-koronavirusu\/ V nadv\u00e4znosti na aktu\u00e1lnu situ\u00e1ciu so \u0161\u00edren\u00edm koronav\u00edrusu (2019-nCoV) upozor\u0148uje \u0160t\u00e1tny in\u0161tit\u00fat odborn\u00e9ho vzdel\u00e1vania partnerov, realiz\u00e1torov a \u00fa\u010dastn\u00edkov s\u00fa\u0165a\u017e\u00ed a aktiv\u00edt gestorovan\u00fdch \u0160IOV (odborom podpory smerovania ml\u00e1de\u017ee) na potrebu zv\u00fd\u0161enej opatrnosti pri pl\u00e1novan\u00ed a realiz\u00e1cii &nbsp;ni\u017e\u0161\u00edch k\u00f4l s\u00fa\u0165a\u017e\u00ed na \u00farovni krajsk\u00fdch [&hellip;]","og_url":"https:\/\/archiv.siov.sk\/en\/sucasne-epidemiologicke-opatrenia-a-ich-dopad-na-realizaciu-sutazi-organizovanych-siov\/","og_site_name":"\u0160IOV - \u0161t\u00e1tny in\u0161tit\u00fat odborn\u00e9ho vzdel\u00e1vania","article_publisher":"https:\/\/www.facebook.com\/Statnyinstitutodbornehovzdelavania","article_published_time":"2020-03-10T13:53:23+00:00","article_modified_time":"2020-03-11T09:03:01+00:00","og_image":[{"width":1100,"height":445,"url":"https:\/\/archiv.siov.sk\/wp-content\/uploads\/2019\/06\/top_news.jpg","type":"image\/jpeg"}],"author":"Katar\u00edna Kov\u00e1\u010dov\u00e1","twitter_card":"summary_large_image","twitter_misc":{"Written by":"Katar\u00edna Kov\u00e1\u010dov\u00e1","Estimated reading time":"1 minute"},"schema":{"@context":"https:\/\/schema.org","@graph":[{"@type":"Article","@id":"https:\/\/archiv.siov.sk\/sucasne-epidemiologicke-opatrenia-a-ich-dopad-na-realizaciu-sutazi-organizovanych-siov\/#article","isPartOf":{"@id":"https:\/\/archiv.siov.sk\/sucasne-epidemiologicke-opatrenia-a-ich-dopad-na-realizaciu-sutazi-organizovanych-siov\/"},"author":{"name":"Katar\u00edna Kov\u00e1\u010dov\u00e1","@id":"https:\/\/archiv.siov.sk\/#\/schema\/person\/e42d633fbd958c6a726e8834d8965e6c"},"headline":"S\u00fa\u010dasn\u00e9 epidemiologick\u00e9 opatrenia a ich dopad na realiz\u00e1ciu s\u00fa\u0165a\u017e\u00ed organizovan\u00fdch \u0160IOV","datePublished":"2020-03-10T13:53:23+00:00","dateModified":"2020-03-11T09:03:01+00:00","mainEntityOfPage":{"@id":"https:\/\/archiv.siov.sk\/sucasne-epidemiologicke-opatrenia-a-ich-dopad-na-realizaciu-sutazi-organizovanych-siov\/"},"wordCount":306,"publisher":{"@id":"https:\/\/archiv.siov.sk\/#organization"},"image":{"@id":"https:\/\/archiv.siov.sk\/sucasne-epidemiologicke-opatrenia-a-ich-dopad-na-realizaciu-sutazi-organizovanych-siov\/#primaryimage"},"thumbnailUrl":"https:\/\/archiv.siov.sk\/wp-content\/uploads\/2019\/06\/top_news.jpg","articleSection":["Aktuality"],"inLanguage":"en-GB"},{"@type":"WebPage","@id":"https:\/\/archiv.siov.sk\/sucasne-epidemiologicke-opatrenia-a-ich-dopad-na-realizaciu-sutazi-organizovanych-siov\/","url":"https:\/\/archiv.siov.sk\/sucasne-epidemiologicke-opatrenia-a-ich-dopad-na-realizaciu-sutazi-organizovanych-siov\/","name":"S\u00fa\u010dasn\u00e9 epidemiologick\u00e9 opatrenia a ich dopad na realiz\u00e1ciu s\u00fa\u0165a\u017e\u00ed organizovan\u00fdch \u0160IOV - \u0160IOV - \u0161t\u00e1tny in\u0161tit\u00fat odborn\u00e9ho vzdel\u00e1vania","isPartOf":{"@id":"https:\/\/archiv.siov.sk\/#website"},"primaryImageOfPage":{"@id":"https:\/\/archiv.siov.sk\/sucasne-epidemiologicke-opatrenia-a-ich-dopad-na-realizaciu-sutazi-organizovanych-siov\/#primaryimage"},"image":{"@id":"https:\/\/archiv.siov.sk\/sucasne-epidemiologicke-opatrenia-a-ich-dopad-na-realizaciu-sutazi-organizovanych-siov\/#primaryimage"},"thumbnailUrl":"https:\/\/archiv.siov.sk\/wp-content\/uploads\/2019\/06\/top_news.jpg","datePublished":"2020-03-10T13:53:23+00:00","dateModified":"2020-03-11T09:03:01+00:00","breadcrumb":{"@id":"https:\/\/archiv.siov.sk\/sucasne-epidemiologicke-opatrenia-a-ich-dopad-na-realizaciu-sutazi-organizovanych-siov\/#breadcrumb"},"inLanguage":"en-GB","potentialAction":[{"@type":"ReadAction","target":["https:\/\/archiv.siov.sk\/sucasne-epidemiologicke-opatrenia-a-ich-dopad-na-realizaciu-sutazi-organizovanych-siov\/"]}]},{"@type":"ImageObject","inLanguage":"en-GB","@id":"https:\/\/archiv.siov.sk\/sucasne-epidemiologicke-opatrenia-a-ich-dopad-na-realizaciu-sutazi-organizovanych-siov\/#primaryimage","url":"https:\/\/archiv.siov.sk\/wp-content\/uploads\/2019\/06\/top_news.jpg","contentUrl":"https:\/\/archiv.siov.sk\/wp-content\/uploads\/2019\/06\/top_news.jpg","width":1100,"height":445},{"@type":"BreadcrumbList","@id":"https:\/\/archiv.siov.sk\/sucasne-epidemiologicke-opatrenia-a-ich-dopad-na-realizaciu-sutazi-organizovanych-siov\/#breadcrumb","itemListElement":[{"@type":"ListItem","position":1,"name":"Home","item":"https:\/\/archiv.siov.sk\/"},{"@type":"ListItem","position":2,"name":"S\u00fa\u010dasn\u00e9 epidemiologick\u00e9 opatrenia a ich dopad na realiz\u00e1ciu s\u00fa\u0165a\u017e\u00ed organizovan\u00fdch \u0160IOV"}]},{"@type":"WebSite","@id":"https:\/\/archiv.siov.sk\/#website","url":"https:\/\/archiv.siov.sk\/","name":"\u0160IOV - \u0161t\u00e1tny in\u0161tit\u00fat odborn\u00e9ho vzdel\u00e1vania","description":"","publisher":{"@id":"https:\/\/archiv.siov.sk\/#organization"},"potentialAction":[{"@type":"SearchAction","target":{"@type":"EntryPoint","urlTemplate":"https:\/\/archiv.siov.sk\/?s={search_term_string}"},"query-input":{"@type":"PropertyValueSpecification","valueRequired":true,"valueName":"search_term_string"}}],"inLanguage":"en-GB"},{"@type":"Organization","@id":"https:\/\/archiv.siov.sk\/#organization","name":"\u0160IOV - \u0161t\u00e1tny in\u0161tit\u00fat odborn\u00e9ho vzdel\u00e1vania","url":"https:\/\/archiv.siov.sk\/","logo":{"@type":"ImageObject","inLanguage":"en-GB","@id":"https:\/\/archiv.siov.sk\/#\/schema\/logo\/image\/","url":"https:\/\/archiv.siov.sk\/wp-content\/uploads\/2024\/02\/logo-SIOV.png","contentUrl":"https:\/\/archiv.siov.sk\/wp-content\/uploads\/2024\/02\/logo-SIOV.png","width":431,"height":143,"caption":"\u0160IOV - \u0161t\u00e1tny in\u0161tit\u00fat odborn\u00e9ho vzdel\u00e1vania"},"image":{"@id":"https:\/\/archiv.siov.sk\/#\/schema\/logo\/image\/"},"sameAs":["https:\/\/www.facebook.com\/Statnyinstitutodbornehovzdelavania"]},{"@type":"Person","@id":"https:\/\/archiv.siov.sk\/#\/schema\/person\/e42d633fbd958c6a726e8834d8965e6c","name":"Katar\u00edna Kov\u00e1\u010dov\u00e1","url":"https:\/\/archiv.siov.sk\/en\/author\/katkakovacova\/"}]}},"_links":{"self":[{"href":"https:\/\/archiv.siov.sk\/en\/wp-json\/wp\/v2\/posts\/5178","targetHints":{"allow":["GET"]}}],"collection":[{"href":"https:\/\/archiv.siov.sk\/en\/wp-json\/wp\/v2\/posts"}],"about":[{"href":"https:\/\/archiv.siov.sk\/en\/wp-json\/wp\/v2\/types\/post"}],"author":[{"embeddable":true,"href":"https:\/\/archiv.siov.sk\/en\/wp-json\/wp\/v2\/users\/6"}],"replies":[{"embeddable":true,"href":"https:\/\/archiv.siov.sk\/en\/wp-json\/wp\/v2\/comments?post=5178"}],"version-history":[{"count":5,"href":"https:\/\/archiv.siov.sk\/en\/wp-json\/wp\/v2\/posts\/5178\/revisions"}],"predecessor-version":[{"id":5183,"href":"https:\/\/archiv.siov.sk\/en\/wp-json\/wp\/v2\/posts\/5178\/revisions\/5183"}],"wp:featuredmedia":[{"embeddable":true,"href":"https:\/\/archiv.siov.sk\/en\/wp-json\/wp\/v2\/media\/3894"}],"wp:attachment":[{"href":"https:\/\/archiv.siov.sk\/en\/wp-json\/wp\/v2\/media?parent=5178"}],"wp:term":[{"taxonomy":"category","embeddable":true,"href":"https:\/\/archiv.siov.sk\/en\/wp-json\/wp\/v2\/categories?post=5178"},{"taxonomy":"post_tag","embeddable":true,"href":"https:\/\/archiv.siov.sk\/en\/wp-json\/wp\/v2\/tags?post=5178"}],"curies":[{"name":"wp","href":"https:\/\/api.w.org\/{rel}","templated":true}]}}