{"id":5115,"date":"2020-02-27T11:18:53","date_gmt":"2020-02-27T10:18:53","guid":{"rendered":"https:\/\/archiv.siov.sk\/?p=5115"},"modified":"2020-02-27T11:18:53","modified_gmt":"2020-02-27T10:18:53","slug":"veltrh-cvicnych-firiem-v-ostrave-prevalcovali-slovenske-firmy","status":"publish","type":"post","link":"https:\/\/archiv.siov.sk\/en\/veltrh-cvicnych-firiem-v-ostrave-prevalcovali-slovenske-firmy\/","title":{"rendered":"Ve\u013etrh cvi\u010dn\u00fdch firiem v Ostrave prevalcovali slovensk\u00e9 firmy"},"content":{"rendered":"<p style=\"text-align: justify;\">Na V\u00fdstavisku \u010cern\u00e1 louka v&nbsp;Ostrave sa v&nbsp;d\u0148och 19. a&nbsp;20. febru\u00e1ra 2020 uskuto\u010dnil u\u017e 12. ro\u010dn\u00edk region\u00e1lneho ve\u013etrhu cvi\u010dn\u00fdch firiem (CF) a&nbsp;my sme boli pri tom.Ve\u013etrh priv\u00edtal 28 cvi\u010dn\u00fdch firiem z&nbsp;\u010ciech, Slovenska, Po\u013eska a&nbsp;Ma\u010farska.<\/p>\n<p style=\"text-align: justify;\">Mimoriadne pozit\u00edvnym prekvapen\u00edm boli v\u00ed\u0165azi v&nbsp;hlavnej kateg\u00f3rii, kde v\u0161etky tri hlavn\u00e9 ceny v&nbsp;silnej konkurencii z\u00edskali cvi\u010dn\u00e9 firmy zo Slovenska. 1. miesto CF BikeFamily, s. r. o. z&nbsp;Hotelovej akad\u00e9mie Liptovsk\u00fd Mikul\u00e1\u0161, 2. miesto CF Propag\u00e1tor , s. r. o. zo Spojenej \u0161koly Modr\u00fd Kame\u0148 a&nbsp;3. miesto CF Simon Pastucha \u2013 BARBER SURPRISE SHOP, f. o. V\u00fdsledky s\u00fa\u0165a\u017e\u00ed, fotodokument\u00e1ciu a&nbsp;kompletn\u00fd zoznam CF n\u00e1jdete na <a href=\"https:\/\/www.oao.cz\/index.php\/jubilejni-10-ostravsky-veletrh-fiktivnich-firem\">https:\/\/www.oao.cz\/index.php\/jubilejni-10-ostravsky-veletrh-fiktivnich-firem<\/a>.<\/p>\n<p><img fetchpriority=\"high\" decoding=\"async\" class=\"size-medium wp-image-5117 aligncenter\" src=\"https:\/\/archiv.siov.sk\/wp-content\/uploads\/2020\/02\/foto-CV-1-225x300.jpg\" alt=\"\" width=\"225\" height=\"300\" srcset=\"https:\/\/archiv.siov.sk\/wp-content\/uploads\/2020\/02\/foto-CV-1-225x300.jpg 225w, https:\/\/archiv.siov.sk\/wp-content\/uploads\/2020\/02\/foto-CV-1-768x1024.jpg 768w, https:\/\/archiv.siov.sk\/wp-content\/uploads\/2020\/02\/foto-CV-1-1152x1536.jpg 1152w, https:\/\/archiv.siov.sk\/wp-content\/uploads\/2020\/02\/foto-CV-1-1536x2048.jpg 1536w, https:\/\/archiv.siov.sk\/wp-content\/uploads\/2020\/02\/foto-CV-1-480x640.jpg 480w, https:\/\/archiv.siov.sk\/wp-content\/uploads\/2020\/02\/foto-CV-1-scaled.jpg 1920w\" sizes=\"(max-width: 225px) 100vw, 225px\" \/><\/p>\n<p style=\"text-align: justify;\">S\u00fa\u0165a\u017ee cvi\u010dn\u00fdch firiem sa uskuto\u010dnili v&nbsp;kateg\u00f3ri\u00e1ch Najlep\u0161ia firma, Najlep\u0161\u00ed st\u00e1nok, Najlep\u0161\u00ed katal\u00f3g, Najlep\u0161ia prezent\u00e1cia, Najlep\u0161\u00ed reprezentant\/ka,&nbsp; Najlep\u0161\u00ed slogan, Najlep\u0161ia vizitka, Najlep\u0161ia CF v&nbsp;90 sekund\u00e1ch, Najorigin\u00e1lnej\u0161\u00ed podnikate\u013esk\u00fd z\u00e1mer, cena SCCF &nbsp;a&nbsp;zvl\u00e1\u0161tna cena. Cel\u00fd ve\u013etrh prebiehal v&nbsp;\u00fa\u017easnej in\u0161pirat\u00edvnej a tvorivej atmosf\u00e9re.<\/p>\n<p style=\"text-align: justify;\">Okrem in\u00e9ho vynikal aj dvomi netradi\u010dn\u00fdmi udalos\u0165ami. Pri pr\u00edle\u017eitosti konania ve\u013etrhu sa na usporiadate\u013eskej \u0161kole 18.-20. febru\u00e1ra 2020 uskuto\u010dnilo aj stretnutie, semin\u00e1re a&nbsp;rokovania v&nbsp;r\u00e1mci realizovan\u00e9ho projektu IVF kraj\u00edn V4. Jeho v\u00fdstupom je zriadenie medzin\u00e1rodnej cvi\u010dnej firmy CharetEco, s. r. o., ktor\u00e1 sa prezentovala na ve\u013etrhu. Ide o&nbsp;spojenie cvi\u010dn\u00fdch firiem kraj\u00edn V4, v&nbsp;ktorom zriadili spolo\u010dn\u00fa firmu \u017eiaci z&nbsp;OA Ostrava, OA Watsonova Ko\u0161ice, OA Stolowa Vola a&nbsp;Gymn\u00e1zia v Budape\u0161ti. Vznikla&nbsp;tak matersk\u00e1 spolo\u010dnos\u0165 v&nbsp;Ostrave a&nbsp;jej tri dc\u00e9rske spolo\u010dnosti.<\/p>\n<p style=\"text-align: justify;\">Rokovania oh\u013eadom projektu kraj\u00edn V4 sme sa z\u00fa\u010dastnili aj my zo Slovensk\u00e9ho centra cvi\u010dn\u00fdch firiem nako\u013eko medzin\u00e1rodn\u00e1 cvi\u010dn\u00e1 firma je novinkou a&nbsp;potrebuje \u0161peci\u00e1lnu pozornos\u0165 a&nbsp;administrat\u00edvne \u00fakony zo strany \u00faradov.<\/p>\n<p>\u010eal\u0161\u00edm prekvapen\u00edm bola \u00fa\u010das\u0165 dvoch cvi\u010dn\u00fdch firiem zo z\u00e1kladnej \u0161koly Gener\u00e1la Janka v&nbsp;Ostrave. Zauj\u00edmavos\u0165ou je, \u017ee uveden\u00e9 CF vedie v&nbsp;tandeme pani profesorka z&nbsp;OA a&nbsp;p\u00e1n u\u010dite\u013e Z\u0160.<\/p>\n<p>Po\u010das ve\u013etrhu sa v&nbsp;priestoroch V\u00fdstaviska \u010cern\u00e1 louka uskuto\u010dnil aj &nbsp;odborn\u00fd semin\u00e1r na t\u00e9my podnikate\u013esk\u00e9ho vzdel\u00e1vania. Zo Slovenska na semin\u00e1ri vyst\u00fapila za \u0160IOV Ing. Gabriela Horeck\u00e1 a&nbsp;za projekt V4 Ing. Peter Orsz\u00e1gh.<\/p>\n<p style=\"text-align: justify;\">Region\u00e1lne ve\u013etrhy nadob\u00fadaj\u00fa v&nbsp;poslednom \u010dase \u010doraz v\u00e4\u010d\u0161\u00ed v\u00fdznam. Porovnanie region\u00e1lnych ve\u013etrhov na medzin\u00e1rodnej \u00farovni je d\u00f4le\u017eit\u00e9 z&nbsp;h\u013eadiska metodick\u00e9ho usmernenia a&nbsp;zvy\u0161ovania \u00farovne podnikate\u013esk\u00e9ho vzdel\u00e1vania a&nbsp;finan\u010dnej gramotnosti.<\/p>\n<p>&nbsp;<\/p>\n<p>Gabriela Horeck\u00e1<\/p>\n<p>Ved\u00faca odboru FG a SCCF<\/p>\n<p>&nbsp;<\/p>","protected":false},"excerpt":{"rendered":"<p>Na V\u00fdstavisku \u010cern\u00e1 louka v&nbsp;Ostrave sa v&nbsp;d\u0148och 19. a&nbsp;20. febru\u00e1ra 2020 uskuto\u010dnil u\u017e 12. ro\u010dn\u00edk region\u00e1lneho ve\u013etrhu cvi\u010dn\u00fdch firiem (CF) a&nbsp;my sme boli pri tom.Ve\u013etrh priv\u00edtal 28 cvi\u010dn\u00fdch firiem z&nbsp;\u010ciech, Slovenska, Po\u013eska a&nbsp;Ma\u010farska. Mimoriadne pozit\u00edvnym prekvapen\u00edm boli v\u00ed\u0165azi v&nbsp;hlavnej kateg\u00f3rii, kde v\u0161etky tri hlavn\u00e9 ceny v&nbsp;silnej konkurencii z\u00edskali cvi\u010dn\u00e9 firmy zo Slovenska. 1. miesto CF [&hellip;]<\/p>\n","protected":false},"author":6,"featured_media":5118,"comment_status":"closed","ping_status":"closed","sticky":false,"template":"","format":"standard","meta":{"site-sidebar-layout":"default","site-content-layout":"","ast-site-content-layout":"default","site-content-style":"default","site-sidebar-style":"default","ast-global-header-display":"","ast-banner-title-visibility":"","ast-main-header-display":"","ast-hfb-above-header-display":"","ast-hfb-below-header-display":"","ast-hfb-mobile-header-display":"","site-post-title":"","ast-breadcrumbs-content":"","ast-featured-img":"","footer-sml-layout":"","ast-disable-related-posts":"","theme-transparent-header-meta":"","adv-header-id-meta":"","stick-header-meta":"","header-above-stick-meta":"","header-main-stick-meta":"","header-below-stick-meta":"","astra-migrate-meta-layouts":"default","ast-page-background-enabled":"default","ast-page-background-meta":{"desktop":{"background-color":"var(--ast-global-color-4)","background-image":"","background-repeat":"repeat","background-position":"center center","background-size":"auto","background-attachment":"scroll","background-type":"","background-media":"","overlay-type":"","overlay-color":"","overlay-opacity":"","overlay-gradient":""},"tablet":{"background-color":"","background-image":"","background-repeat":"repeat","background-position":"center center","background-size":"auto","background-attachment":"scroll","background-type":"","background-media":"","overlay-type":"","overlay-color":"","overlay-opacity":"","overlay-gradient":""},"mobile":{"background-color":"","background-image":"","background-repeat":"repeat","background-position":"center center","background-size":"auto","background-attachment":"scroll","background-type":"","background-media":"","overlay-type":"","overlay-color":"","overlay-opacity":"","overlay-gradient":""}},"ast-content-background-meta":{"desktop":{"background-color":"var(--ast-global-color-5)","background-image":"","background-repeat":"repeat","background-position":"center center","background-size":"auto","background-attachment":"scroll","background-type":"","background-media":"","overlay-type":"","overlay-color":"","overlay-opacity":"","overlay-gradient":""},"tablet":{"background-color":"var(--ast-global-color-5)","background-image":"","background-repeat":"repeat","background-position":"center center","background-size":"auto","background-attachment":"scroll","background-type":"","background-media":"","overlay-type":"","overlay-color":"","overlay-opacity":"","overlay-gradient":""},"mobile":{"background-color":"var(--ast-global-color-5)","background-image":"","background-repeat":"repeat","background-position":"center center","background-size":"auto","background-attachment":"scroll","background-type":"","background-media":"","overlay-type":"","overlay-color":"","overlay-opacity":"","overlay-gradient":""}},"footnotes":""},"categories":[1],"tags":[],"class_list":["post-5115","post","type-post","status-publish","format-standard","has-post-thumbnail","hentry","category-aktuality"],"yoast_head":"<!-- This site is optimized with the Yoast SEO plugin v27.5 - https:\/\/yoast.com\/product\/yoast-seo-wordpress\/ -->\n<title>Ve\u013etrh cvi\u010dn\u00fdch firiem v Ostrave prevalcovali slovensk\u00e9 firmy - \u0160IOV - \u0161t\u00e1tny in\u0161tit\u00fat odborn\u00e9ho vzdel\u00e1vania<\/title>\n<meta name=\"robots\" content=\"index, follow, max-snippet:-1, max-image-preview:large, max-video-preview:-1\" \/>\n<link rel=\"canonical\" href=\"https:\/\/archiv.siov.sk\/en\/veltrh-cvicnych-firiem-v-ostrave-prevalcovali-slovenske-firmy\/\" \/>\n<meta property=\"og:locale\" content=\"en_GB\" \/>\n<meta property=\"og:type\" content=\"article\" \/>\n<meta property=\"og:title\" content=\"Ve\u013etrh cvi\u010dn\u00fdch firiem v Ostrave prevalcovali slovensk\u00e9 firmy - \u0160IOV - \u0161t\u00e1tny in\u0161tit\u00fat odborn\u00e9ho vzdel\u00e1vania\" \/>\n<meta property=\"og:description\" content=\"Na V\u00fdstavisku \u010cern\u00e1 louka v&nbsp;Ostrave sa v&nbsp;d\u0148och 19. a&nbsp;20. febru\u00e1ra 2020 uskuto\u010dnil u\u017e 12. ro\u010dn\u00edk region\u00e1lneho ve\u013etrhu cvi\u010dn\u00fdch firiem (CF) a&nbsp;my sme boli pri tom.Ve\u013etrh priv\u00edtal 28 cvi\u010dn\u00fdch firiem z&nbsp;\u010ciech, Slovenska, Po\u013eska a&nbsp;Ma\u010farska. Mimoriadne pozit\u00edvnym prekvapen\u00edm boli v\u00ed\u0165azi v&nbsp;hlavnej kateg\u00f3rii, kde v\u0161etky tri hlavn\u00e9 ceny v&nbsp;silnej konkurencii z\u00edskali cvi\u010dn\u00e9 firmy zo Slovenska. 1. miesto CF [&hellip;]\" \/>\n<meta property=\"og:url\" content=\"https:\/\/archiv.siov.sk\/en\/veltrh-cvicnych-firiem-v-ostrave-prevalcovali-slovenske-firmy\/\" \/>\n<meta property=\"og:site_name\" content=\"\u0160IOV - \u0161t\u00e1tny in\u0161tit\u00fat odborn\u00e9ho vzdel\u00e1vania\" \/>\n<meta property=\"article:publisher\" content=\"https:\/\/www.facebook.com\/Statnyinstitutodbornehovzdelavania\" \/>\n<meta property=\"article:published_time\" content=\"2020-02-27T10:18:53+00:00\" \/>\n<meta property=\"og:image\" content=\"https:\/\/archiv.siov.sk\/wp-content\/uploads\/2020\/02\/foto-CV-2-scaled.jpg\" \/>\n\t<meta property=\"og:image:width\" content=\"1920\" \/>\n\t<meta property=\"og:image:height\" content=\"2560\" \/>\n\t<meta property=\"og:image:type\" content=\"image\/jpeg\" \/>\n<meta name=\"author\" content=\"Katar\u00edna Kov\u00e1\u010dov\u00e1\" \/>\n<meta name=\"twitter:card\" content=\"summary_large_image\" \/>\n<meta name=\"twitter:label1\" content=\"Written by\" \/>\n\t<meta name=\"twitter:data1\" content=\"Katar\u00edna Kov\u00e1\u010dov\u00e1\" \/>\n\t<meta name=\"twitter:label2\" content=\"Estimated reading time\" \/>\n\t<meta name=\"twitter:data2\" content=\"3 minutes\" \/>\n<script type=\"application\/ld+json\" class=\"yoast-schema-graph\">{\"@context\":\"https:\\\/\\\/schema.org\",\"@graph\":[{\"@type\":\"Article\",\"@id\":\"https:\\\/\\\/archiv.siov.sk\\\/veltrh-cvicnych-firiem-v-ostrave-prevalcovali-slovenske-firmy\\\/#article\",\"isPartOf\":{\"@id\":\"https:\\\/\\\/archiv.siov.sk\\\/veltrh-cvicnych-firiem-v-ostrave-prevalcovali-slovenske-firmy\\\/\"},\"author\":{\"name\":\"Katar\u00edna Kov\u00e1\u010dov\u00e1\",\"@id\":\"https:\\\/\\\/archiv.siov.sk\\\/#\\\/schema\\\/person\\\/e42d633fbd958c6a726e8834d8965e6c\"},\"headline\":\"Ve\u013etrh cvi\u010dn\u00fdch firiem v Ostrave prevalcovali slovensk\u00e9 firmy\",\"datePublished\":\"2020-02-27T10:18:53+00:00\",\"mainEntityOfPage\":{\"@id\":\"https:\\\/\\\/archiv.siov.sk\\\/veltrh-cvicnych-firiem-v-ostrave-prevalcovali-slovenske-firmy\\\/\"},\"wordCount\":543,\"publisher\":{\"@id\":\"https:\\\/\\\/archiv.siov.sk\\\/#organization\"},\"image\":{\"@id\":\"https:\\\/\\\/archiv.siov.sk\\\/veltrh-cvicnych-firiem-v-ostrave-prevalcovali-slovenske-firmy\\\/#primaryimage\"},\"thumbnailUrl\":\"https:\\\/\\\/archiv.siov.sk\\\/wp-content\\\/uploads\\\/2020\\\/02\\\/foto-CV-2-scaled.jpg\",\"articleSection\":[\"Aktuality\"],\"inLanguage\":\"en-GB\"},{\"@type\":\"WebPage\",\"@id\":\"https:\\\/\\\/archiv.siov.sk\\\/veltrh-cvicnych-firiem-v-ostrave-prevalcovali-slovenske-firmy\\\/\",\"url\":\"https:\\\/\\\/archiv.siov.sk\\\/veltrh-cvicnych-firiem-v-ostrave-prevalcovali-slovenske-firmy\\\/\",\"name\":\"Ve\u013etrh cvi\u010dn\u00fdch firiem v Ostrave prevalcovali slovensk\u00e9 firmy - \u0160IOV - \u0161t\u00e1tny in\u0161tit\u00fat odborn\u00e9ho vzdel\u00e1vania\",\"isPartOf\":{\"@id\":\"https:\\\/\\\/archiv.siov.sk\\\/#website\"},\"primaryImageOfPage\":{\"@id\":\"https:\\\/\\\/archiv.siov.sk\\\/veltrh-cvicnych-firiem-v-ostrave-prevalcovali-slovenske-firmy\\\/#primaryimage\"},\"image\":{\"@id\":\"https:\\\/\\\/archiv.siov.sk\\\/veltrh-cvicnych-firiem-v-ostrave-prevalcovali-slovenske-firmy\\\/#primaryimage\"},\"thumbnailUrl\":\"https:\\\/\\\/archiv.siov.sk\\\/wp-content\\\/uploads\\\/2020\\\/02\\\/foto-CV-2-scaled.jpg\",\"datePublished\":\"2020-02-27T10:18:53+00:00\",\"breadcrumb\":{\"@id\":\"https:\\\/\\\/archiv.siov.sk\\\/veltrh-cvicnych-firiem-v-ostrave-prevalcovali-slovenske-firmy\\\/#breadcrumb\"},\"inLanguage\":\"en-GB\",\"potentialAction\":[{\"@type\":\"ReadAction\",\"target\":[\"https:\\\/\\\/archiv.siov.sk\\\/veltrh-cvicnych-firiem-v-ostrave-prevalcovali-slovenske-firmy\\\/\"]}]},{\"@type\":\"ImageObject\",\"inLanguage\":\"en-GB\",\"@id\":\"https:\\\/\\\/archiv.siov.sk\\\/veltrh-cvicnych-firiem-v-ostrave-prevalcovali-slovenske-firmy\\\/#primaryimage\",\"url\":\"https:\\\/\\\/archiv.siov.sk\\\/wp-content\\\/uploads\\\/2020\\\/02\\\/foto-CV-2-scaled.jpg\",\"contentUrl\":\"https:\\\/\\\/archiv.siov.sk\\\/wp-content\\\/uploads\\\/2020\\\/02\\\/foto-CV-2-scaled.jpg\",\"width\":1920,\"height\":2560},{\"@type\":\"BreadcrumbList\",\"@id\":\"https:\\\/\\\/archiv.siov.sk\\\/veltrh-cvicnych-firiem-v-ostrave-prevalcovali-slovenske-firmy\\\/#breadcrumb\",\"itemListElement\":[{\"@type\":\"ListItem\",\"position\":1,\"name\":\"Home\",\"item\":\"https:\\\/\\\/archiv.siov.sk\\\/\"},{\"@type\":\"ListItem\",\"position\":2,\"name\":\"Ve\u013etrh cvi\u010dn\u00fdch firiem v Ostrave prevalcovali slovensk\u00e9 firmy\"}]},{\"@type\":\"WebSite\",\"@id\":\"https:\\\/\\\/archiv.siov.sk\\\/#website\",\"url\":\"https:\\\/\\\/archiv.siov.sk\\\/\",\"name\":\"\u0160IOV - \u0161t\u00e1tny in\u0161tit\u00fat odborn\u00e9ho vzdel\u00e1vania\",\"description\":\"\",\"publisher\":{\"@id\":\"https:\\\/\\\/archiv.siov.sk\\\/#organization\"},\"potentialAction\":[{\"@type\":\"SearchAction\",\"target\":{\"@type\":\"EntryPoint\",\"urlTemplate\":\"https:\\\/\\\/archiv.siov.sk\\\/?s={search_term_string}\"},\"query-input\":{\"@type\":\"PropertyValueSpecification\",\"valueRequired\":true,\"valueName\":\"search_term_string\"}}],\"inLanguage\":\"en-GB\"},{\"@type\":\"Organization\",\"@id\":\"https:\\\/\\\/archiv.siov.sk\\\/#organization\",\"name\":\"\u0160IOV - \u0161t\u00e1tny in\u0161tit\u00fat odborn\u00e9ho vzdel\u00e1vania\",\"url\":\"https:\\\/\\\/archiv.siov.sk\\\/\",\"logo\":{\"@type\":\"ImageObject\",\"inLanguage\":\"en-GB\",\"@id\":\"https:\\\/\\\/archiv.siov.sk\\\/#\\\/schema\\\/logo\\\/image\\\/\",\"url\":\"https:\\\/\\\/archiv.siov.sk\\\/wp-content\\\/uploads\\\/2024\\\/02\\\/logo-SIOV.png\",\"contentUrl\":\"https:\\\/\\\/archiv.siov.sk\\\/wp-content\\\/uploads\\\/2024\\\/02\\\/logo-SIOV.png\",\"width\":431,\"height\":143,\"caption\":\"\u0160IOV - \u0161t\u00e1tny in\u0161tit\u00fat odborn\u00e9ho vzdel\u00e1vania\"},\"image\":{\"@id\":\"https:\\\/\\\/archiv.siov.sk\\\/#\\\/schema\\\/logo\\\/image\\\/\"},\"sameAs\":[\"https:\\\/\\\/www.facebook.com\\\/Statnyinstitutodbornehovzdelavania\"]},{\"@type\":\"Person\",\"@id\":\"https:\\\/\\\/archiv.siov.sk\\\/#\\\/schema\\\/person\\\/e42d633fbd958c6a726e8834d8965e6c\",\"name\":\"Katar\u00edna Kov\u00e1\u010dov\u00e1\",\"url\":\"https:\\\/\\\/archiv.siov.sk\\\/en\\\/author\\\/katkakovacova\\\/\"}]}<\/script>\n<!-- \/ Yoast SEO plugin. -->","yoast_head_json":{"title":"Ve\u013etrh cvi\u010dn\u00fdch firiem v Ostrave prevalcovali slovensk\u00e9 firmy - \u0160IOV - \u0161t\u00e1tny in\u0161tit\u00fat odborn\u00e9ho vzdel\u00e1vania","robots":{"index":"index","follow":"follow","max-snippet":"max-snippet:-1","max-image-preview":"max-image-preview:large","max-video-preview":"max-video-preview:-1"},"canonical":"https:\/\/archiv.siov.sk\/en\/veltrh-cvicnych-firiem-v-ostrave-prevalcovali-slovenske-firmy\/","og_locale":"en_GB","og_type":"article","og_title":"Ve\u013etrh cvi\u010dn\u00fdch firiem v Ostrave prevalcovali slovensk\u00e9 firmy - \u0160IOV - \u0161t\u00e1tny in\u0161tit\u00fat odborn\u00e9ho vzdel\u00e1vania","og_description":"Na V\u00fdstavisku \u010cern\u00e1 louka v&nbsp;Ostrave sa v&nbsp;d\u0148och 19. a&nbsp;20. febru\u00e1ra 2020 uskuto\u010dnil u\u017e 12. ro\u010dn\u00edk region\u00e1lneho ve\u013etrhu cvi\u010dn\u00fdch firiem (CF) a&nbsp;my sme boli pri tom.Ve\u013etrh priv\u00edtal 28 cvi\u010dn\u00fdch firiem z&nbsp;\u010ciech, Slovenska, Po\u013eska a&nbsp;Ma\u010farska. Mimoriadne pozit\u00edvnym prekvapen\u00edm boli v\u00ed\u0165azi v&nbsp;hlavnej kateg\u00f3rii, kde v\u0161etky tri hlavn\u00e9 ceny v&nbsp;silnej konkurencii z\u00edskali cvi\u010dn\u00e9 firmy zo Slovenska. 1. miesto CF [&hellip;]","og_url":"https:\/\/archiv.siov.sk\/en\/veltrh-cvicnych-firiem-v-ostrave-prevalcovali-slovenske-firmy\/","og_site_name":"\u0160IOV - \u0161t\u00e1tny in\u0161tit\u00fat odborn\u00e9ho vzdel\u00e1vania","article_publisher":"https:\/\/www.facebook.com\/Statnyinstitutodbornehovzdelavania","article_published_time":"2020-02-27T10:18:53+00:00","og_image":[{"width":1920,"height":2560,"url":"https:\/\/archiv.siov.sk\/wp-content\/uploads\/2020\/02\/foto-CV-2-scaled.jpg","type":"image\/jpeg"}],"author":"Katar\u00edna Kov\u00e1\u010dov\u00e1","twitter_card":"summary_large_image","twitter_misc":{"Written by":"Katar\u00edna Kov\u00e1\u010dov\u00e1","Estimated reading time":"3 minutes"},"schema":{"@context":"https:\/\/schema.org","@graph":[{"@type":"Article","@id":"https:\/\/archiv.siov.sk\/veltrh-cvicnych-firiem-v-ostrave-prevalcovali-slovenske-firmy\/#article","isPartOf":{"@id":"https:\/\/archiv.siov.sk\/veltrh-cvicnych-firiem-v-ostrave-prevalcovali-slovenske-firmy\/"},"author":{"name":"Katar\u00edna Kov\u00e1\u010dov\u00e1","@id":"https:\/\/archiv.siov.sk\/#\/schema\/person\/e42d633fbd958c6a726e8834d8965e6c"},"headline":"Ve\u013etrh cvi\u010dn\u00fdch firiem v Ostrave prevalcovali slovensk\u00e9 firmy","datePublished":"2020-02-27T10:18:53+00:00","mainEntityOfPage":{"@id":"https:\/\/archiv.siov.sk\/veltrh-cvicnych-firiem-v-ostrave-prevalcovali-slovenske-firmy\/"},"wordCount":543,"publisher":{"@id":"https:\/\/archiv.siov.sk\/#organization"},"image":{"@id":"https:\/\/archiv.siov.sk\/veltrh-cvicnych-firiem-v-ostrave-prevalcovali-slovenske-firmy\/#primaryimage"},"thumbnailUrl":"https:\/\/archiv.siov.sk\/wp-content\/uploads\/2020\/02\/foto-CV-2-scaled.jpg","articleSection":["Aktuality"],"inLanguage":"en-GB"},{"@type":"WebPage","@id":"https:\/\/archiv.siov.sk\/veltrh-cvicnych-firiem-v-ostrave-prevalcovali-slovenske-firmy\/","url":"https:\/\/archiv.siov.sk\/veltrh-cvicnych-firiem-v-ostrave-prevalcovali-slovenske-firmy\/","name":"Ve\u013etrh cvi\u010dn\u00fdch firiem v Ostrave prevalcovali slovensk\u00e9 firmy - \u0160IOV - \u0161t\u00e1tny in\u0161tit\u00fat odborn\u00e9ho vzdel\u00e1vania","isPartOf":{"@id":"https:\/\/archiv.siov.sk\/#website"},"primaryImageOfPage":{"@id":"https:\/\/archiv.siov.sk\/veltrh-cvicnych-firiem-v-ostrave-prevalcovali-slovenske-firmy\/#primaryimage"},"image":{"@id":"https:\/\/archiv.siov.sk\/veltrh-cvicnych-firiem-v-ostrave-prevalcovali-slovenske-firmy\/#primaryimage"},"thumbnailUrl":"https:\/\/archiv.siov.sk\/wp-content\/uploads\/2020\/02\/foto-CV-2-scaled.jpg","datePublished":"2020-02-27T10:18:53+00:00","breadcrumb":{"@id":"https:\/\/archiv.siov.sk\/veltrh-cvicnych-firiem-v-ostrave-prevalcovali-slovenske-firmy\/#breadcrumb"},"inLanguage":"en-GB","potentialAction":[{"@type":"ReadAction","target":["https:\/\/archiv.siov.sk\/veltrh-cvicnych-firiem-v-ostrave-prevalcovali-slovenske-firmy\/"]}]},{"@type":"ImageObject","inLanguage":"en-GB","@id":"https:\/\/archiv.siov.sk\/veltrh-cvicnych-firiem-v-ostrave-prevalcovali-slovenske-firmy\/#primaryimage","url":"https:\/\/archiv.siov.sk\/wp-content\/uploads\/2020\/02\/foto-CV-2-scaled.jpg","contentUrl":"https:\/\/archiv.siov.sk\/wp-content\/uploads\/2020\/02\/foto-CV-2-scaled.jpg","width":1920,"height":2560},{"@type":"BreadcrumbList","@id":"https:\/\/archiv.siov.sk\/veltrh-cvicnych-firiem-v-ostrave-prevalcovali-slovenske-firmy\/#breadcrumb","itemListElement":[{"@type":"ListItem","position":1,"name":"Home","item":"https:\/\/archiv.siov.sk\/"},{"@type":"ListItem","position":2,"name":"Ve\u013etrh cvi\u010dn\u00fdch firiem v Ostrave prevalcovali slovensk\u00e9 firmy"}]},{"@type":"WebSite","@id":"https:\/\/archiv.siov.sk\/#website","url":"https:\/\/archiv.siov.sk\/","name":"\u0160IOV - \u0161t\u00e1tny in\u0161tit\u00fat odborn\u00e9ho vzdel\u00e1vania","description":"","publisher":{"@id":"https:\/\/archiv.siov.sk\/#organization"},"potentialAction":[{"@type":"SearchAction","target":{"@type":"EntryPoint","urlTemplate":"https:\/\/archiv.siov.sk\/?s={search_term_string}"},"query-input":{"@type":"PropertyValueSpecification","valueRequired":true,"valueName":"search_term_string"}}],"inLanguage":"en-GB"},{"@type":"Organization","@id":"https:\/\/archiv.siov.sk\/#organization","name":"\u0160IOV - \u0161t\u00e1tny in\u0161tit\u00fat odborn\u00e9ho vzdel\u00e1vania","url":"https:\/\/archiv.siov.sk\/","logo":{"@type":"ImageObject","inLanguage":"en-GB","@id":"https:\/\/archiv.siov.sk\/#\/schema\/logo\/image\/","url":"https:\/\/archiv.siov.sk\/wp-content\/uploads\/2024\/02\/logo-SIOV.png","contentUrl":"https:\/\/archiv.siov.sk\/wp-content\/uploads\/2024\/02\/logo-SIOV.png","width":431,"height":143,"caption":"\u0160IOV - \u0161t\u00e1tny in\u0161tit\u00fat odborn\u00e9ho vzdel\u00e1vania"},"image":{"@id":"https:\/\/archiv.siov.sk\/#\/schema\/logo\/image\/"},"sameAs":["https:\/\/www.facebook.com\/Statnyinstitutodbornehovzdelavania"]},{"@type":"Person","@id":"https:\/\/archiv.siov.sk\/#\/schema\/person\/e42d633fbd958c6a726e8834d8965e6c","name":"Katar\u00edna Kov\u00e1\u010dov\u00e1","url":"https:\/\/archiv.siov.sk\/en\/author\/katkakovacova\/"}]}},"_links":{"self":[{"href":"https:\/\/archiv.siov.sk\/en\/wp-json\/wp\/v2\/posts\/5115","targetHints":{"allow":["GET"]}}],"collection":[{"href":"https:\/\/archiv.siov.sk\/en\/wp-json\/wp\/v2\/posts"}],"about":[{"href":"https:\/\/archiv.siov.sk\/en\/wp-json\/wp\/v2\/types\/post"}],"author":[{"embeddable":true,"href":"https:\/\/archiv.siov.sk\/en\/wp-json\/wp\/v2\/users\/6"}],"replies":[{"embeddable":true,"href":"https:\/\/archiv.siov.sk\/en\/wp-json\/wp\/v2\/comments?post=5115"}],"version-history":[{"count":2,"href":"https:\/\/archiv.siov.sk\/en\/wp-json\/wp\/v2\/posts\/5115\/revisions"}],"predecessor-version":[{"id":5119,"href":"https:\/\/archiv.siov.sk\/en\/wp-json\/wp\/v2\/posts\/5115\/revisions\/5119"}],"wp:featuredmedia":[{"embeddable":true,"href":"https:\/\/archiv.siov.sk\/en\/wp-json\/wp\/v2\/media\/5118"}],"wp:attachment":[{"href":"https:\/\/archiv.siov.sk\/en\/wp-json\/wp\/v2\/media?parent=5115"}],"wp:term":[{"taxonomy":"category","embeddable":true,"href":"https:\/\/archiv.siov.sk\/en\/wp-json\/wp\/v2\/categories?post=5115"},{"taxonomy":"post_tag","embeddable":true,"href":"https:\/\/archiv.siov.sk\/en\/wp-json\/wp\/v2\/tags?post=5115"}],"curies":[{"name":"wp","href":"https:\/\/api.w.org\/{rel}","templated":true}]}}