{"id":4939,"date":"2020-01-29T10:42:08","date_gmt":"2020-01-29T09:42:08","guid":{"rendered":"https:\/\/archiv.siov.sk\/?p=4939"},"modified":"2020-01-29T10:42:08","modified_gmt":"2020-01-29T09:42:08","slug":"slovak-barista-cup-junior-2020","status":"publish","type":"post","link":"https:\/\/archiv.siov.sk\/en\/slovak-barista-cup-junior-2020\/","title":{"rendered":",,SLOVAK BARISTA CUP\u201c junior 2020"},"content":{"rendered":"<p style=\"text-align: justify;\">U\u017e \u0161iesty kr\u00e1t od\u0161tartovalo prv\u00e9 kolo baristickej s\u00fa\u0165a\u017ee pre \u0161tudentov Stredn\u00fdch odborn\u00fdch \u0161k\u00f4l a&nbsp;Hotelov\u00fdch akad\u00e9mii na Slovensku. Ani v&nbsp;tomto roku sme neukr\u00e1tili s\u00fa\u0165a\u017eiacich o atmosf\u00e9ru najv\u00e4\u010d\u0161ej medzin\u00e1rodnej gastro v\u00fdstavy u n\u00e1s, Danubius Gastro Incheba Bratislava. 24. janu\u00e1r bol d\u0148om uk\u00e1\u017eok najlep\u0161\u00edch baristick\u00fdch zru\u010dnost\u00ed spolu 27 \u0161tudentov z&nbsp;13 slovensk\u00fdch \u0161k\u00f4l. K\u00e1vov\u00e9 meste\u010dko sa aj v\u010faka na\u0161im s\u00fa\u0165a\u017eiacim stalo d\u00f4kazom toho, \u017ee k\u00e1vov\u00e1 kult\u00fara na Slovensku ide vpred a&nbsp;m\u00e1 zdrav\u00fd z\u00e1klad pr\u00e1ve v&nbsp;mladej baristickej krvi.<\/p>\n<p style=\"text-align: justify;\">Do komisie zasadli uzn\u00e1van\u00ed odborn\u00edci zo slovenskej i&nbsp;\u010deskej k\u00e1vovej sc\u00e9ny. Jednou z&nbsp;hlavn\u00fdch s\u00fa\u0165a\u017en\u00fdch discipl\u00edn, na ktor\u00fa kladieme obzvl\u00e1\u0161\u0165 d\u00f4raz je discipl\u00edna ,,nastavenie mlyn\u010deka.\u201c S\u00fa\u0165a\u017eiaci si losuje jednu z&nbsp;k\u00e1v na\u0161ich partnerov, slovensk\u00fdch i&nbsp;zahrani\u010dn\u00fdch pra\u017eiarov a&nbsp;po\u010das \u010dasov\u00e9ho limitu 10 min\u00fat a&nbsp;250 gramov k\u00e1vovn\u00edkov\u00fdch z\u0155n mus\u00ed pripravi\u0165 dokonal\u00e9 espresso pod\u013ea predp\u00edsan\u00fdch parametrov. Spr\u00e1vna hr\u00fabka mletia, dodr\u017eanie objemu a&nbsp;\u010dasu extrakcie \u010di celkov\u00e1 hygiena s\u00fa z\u00e1kladn\u00fdmi hodnotiacimi bodmi. Najr\u00fdchlej\u0161ie nastaven\u00fd mlyn\u010dek z&nbsp;najmenej gramov pou\u017eitej k\u00e1vy sa podarilo dosiahnu\u0165 v&nbsp;prvom kole Petre Chud\u00edkovej z&nbsp;Hotelovej akad\u00e9mie \u013d. Wintera v&nbsp;Pie\u0161\u0165anoch, v\u010faka \u010domu z\u00edskala \u0161peci\u00e1lnu cenu za ,,najlep\u0161iu techniku mlyn\u010deka.<\/p>\n<p style=\"text-align: justify;\">K&nbsp;hlavn\u00fdm s\u00fa\u0165a\u017en\u00fdm discipl\u00ednam sa u\u017e v&nbsp;minulom roku pridala nov\u00e1, vzdel\u00e1vacia discipl\u00edna, ,,alternat\u00edvna pr\u00edprava k\u00e1vy.\u201c T\u00e1to vzdel\u00e1vacia discipl\u00edna sa premenila na bodovaciu a&nbsp;jej hodnotenie sa zapo\u010d\u00edtava do celkov\u00e9ho bodovania. \u0160\u0165astn\u00e1 ruka pri losovan\u00ed a&nbsp;dodr\u017eanie v\u0161etk\u00fdch potrebn\u00fdch krokov jednotlivej pr\u00edpravy prinieslo \u0161peci\u00e1lnu cenu tohto kola pre \u0160tefana Gallika zo Strednej odbornej \u0161koly hotelovej Horn\u00fd Smokovec.<\/p>\n<p style=\"text-align: justify;\"><strong>&nbsp;<\/strong>Hlavn\u00fd program prebiehal na pomyselnom p\u00f3diu, kde sa v\u0161etci s\u00fa\u0165a\u017eiaci predviedli v&nbsp;pr\u00edprave dva kr\u00e1t espresso, dva kr\u00e1t cappuccino a&nbsp;dva kr\u00e1t vo\u013en\u00fd n\u00e1poj, ktor\u00e9ho hlavnou zlo\u017ekou musela by\u0165 samozrejme k\u00e1va. Okrem k\u00e1vy sa ka\u017ed\u00fd s\u00fa\u0165a\u017eiaci musel vyhra\u0165 s&nbsp;\u010fal\u0161\u00edmi povinn\u00fdmi zlo\u017ekami, \u013eubovo\u013en\u00fdm sirupom Monin a&nbsp;\u010diernym nealkoholick\u00fdm pivom Steiger. V\u0161etky povinn\u00e9 zlo\u017eky n\u00e1poja najlep\u0161ie skombinovala a&nbsp;\u0161peci\u00e1lnu cenu za ,,najlep\u0161\u00ed vo\u013en\u00fd n\u00e1poj\u201c z\u00edskala Paul\u00edna Ba\u010dov\u00e1 z&nbsp;Hotelovej akad\u00e9mie \u013d. Wintera v&nbsp;Pie\u0161\u0165anoch.&nbsp;&nbsp;&nbsp;&nbsp;&nbsp;&nbsp;&nbsp;&nbsp;&nbsp;&nbsp;&nbsp;&nbsp;<\/p>\n<p style=\"text-align: justify;\">Poslednou ved\u013eaj\u0161ou, ale ve\u013emi d\u00f4le\u017eitou, \u0161peci\u00e1lnou cenou je ,,najlep\u0161ia technika\u201c, ktor\u00e1 sa odovzd\u00e1va za celkov\u00fa prec\u00edznos\u0165 a&nbsp;r\u00fdchlos\u0165 pr\u00e1ce, komunikat\u00edvnos\u0165, a&nbsp;samozrejme baristick\u00e1 zru\u010dnos\u0165. V&nbsp;tomto kole sa tieto krit\u00e9ria najlep\u0161ie podarilo splni\u0165 Alene Kalinovej z &nbsp;Hotelovej akad\u00e9mie Brezno.<\/p>\n<p style=\"text-align: justify;\">Odbornos\u0165 s\u00fa\u0165a\u017ee zastre\u0161uje aj na\u010falej akreditovan\u00e9 \u0161koliace stredisko Academy of Coffee, nemeck\u00fd \u0161koliaci syst\u00e9m Coffee Consulate a&nbsp;hlavn\u00fd export\u00e9r v\u00fdberovej k\u00e1vy z&nbsp;Braz\u00edlie Capriocornio Coffees, kam ka\u017edoro\u010dne cestuj\u00fa a&nbsp;vzdel\u00e1vaj\u00fa sa celkov\u00ed v\u00ed\u0165azi na\u0161ej s\u00fa\u0165a\u017ee ,,SLOVAK BARISTA CUP\u201c junior.&nbsp; Ochrann\u00fa ruku a&nbsp;obrovsk\u00fa podporu s\u00fa\u0165a\u017ee na celo\u0161t\u00e1tnej \u00farovni prevzal MEDZIN\u00c1RODN\u00dd K\u00c1VOV\u00dd IN\u0160TIT\u00daT a&nbsp;\u0160t\u00e1tny in\u0161tit\u00fat odborn\u00e9ho vzdel\u00e1vania, v\u010faka ktor\u00fdm na\u0161a s\u00fa\u0165a\u017e z\u00edskava ove\u013ea \u0161ir\u0161\u00ed rozmer.<\/p>\n<p style=\"text-align: justify;\">Obrovskou motiv\u00e1ciou z\u00fa\u010dast\u0148ova\u0165 sa s\u00fa\u0165a\u017ee ,,SLOVAK BARISTA CUP\u201c junior nie je len z\u00edskavanie bodov na ceste za hlavnou v\u00fdhrou, ktorou je aj na\u010falej pobyt na k\u00e1vovn\u00edkov\u00fdch plant\u00e1\u017each v&nbsp;Braz\u00edlii, no najm\u00e4 op\u00e4tovn\u00e9 stretnutie sa s&nbsp;priate\u013emi&nbsp; a&nbsp;z\u00edskavanie nov\u00fdch sk\u00fasenost\u00ed a&nbsp;zru\u010dnost\u00ed od star\u0161\u00edch \u0161tudentov, ale i&nbsp;pedag\u00f3gov a&nbsp;samotn\u00fdch komis\u00e1rov. Sme ve\u013emi radi, \u017ee v\u010faka \u0161tedr\u00fdm partnerom, ktor\u00fdch neust\u00e1le prib\u00fada m\u00e1me mo\u017enos\u0165 pokra\u010dova\u0165 v&nbsp;oce\u0148ovan\u00ed aj mlad\u0161\u00edch \u017eiakov v&nbsp;kateg\u00f3rii \u0161tudentov prv\u00fdch ro\u010dn\u00edkov, kedy si ten najlep\u0161\u00ed z&nbsp;nich taktie\u017e bude m\u00f4c\u0165 u\u017ei\u0165 v\u00fdhru na braz\u00edlskych plant\u00e1\u017each.<\/p>\n<p>&nbsp;<\/p>\n<p>Mlad\u00e9 baristick\u00e9 talenty m\u00f4\u017eete pr\u00eds\u0165 podpori\u0165 v \u010fal\u0161\u00edch kol\u00e1ch s\u00fa\u0165a\u017ee ,,SLOVAK BARISTA CUP\u201c junior<\/p>\n<ul>\n<li>04.2020 v&nbsp;spolupr\u00e1ci s&nbsp;Hotelovou akad\u00e9miou \u013d. Wintera v&nbsp;Pie\u0161\u0165anoch a<\/li>\n<li>05.2020 v&nbsp;spolupr\u00e1ci s&nbsp;S\u00fakromnou Spojenou \u0161kolou EDUCO v&nbsp;N\u00e1mestove<\/li>\n<\/ul>\n<p>&nbsp;<\/p>","protected":false},"excerpt":{"rendered":"<p>U\u017e \u0161iesty kr\u00e1t od\u0161tartovalo prv\u00e9 kolo baristickej s\u00fa\u0165a\u017ee pre \u0161tudentov Stredn\u00fdch odborn\u00fdch \u0161k\u00f4l a&nbsp;Hotelov\u00fdch akad\u00e9mii na Slovensku. Ani v&nbsp;tomto roku sme neukr\u00e1tili s\u00fa\u0165a\u017eiacich o atmosf\u00e9ru najv\u00e4\u010d\u0161ej medzin\u00e1rodnej gastro v\u00fdstavy u n\u00e1s, Danubius Gastro Incheba Bratislava. 24. janu\u00e1r bol d\u0148om uk\u00e1\u017eok najlep\u0161\u00edch baristick\u00fdch zru\u010dnost\u00ed spolu 27 \u0161tudentov z&nbsp;13 slovensk\u00fdch \u0161k\u00f4l. K\u00e1vov\u00e9 meste\u010dko sa aj v\u010faka na\u0161im [&hellip;]<\/p>\n","protected":false},"author":6,"featured_media":2374,"comment_status":"closed","ping_status":"closed","sticky":false,"template":"","format":"standard","meta":{"site-sidebar-layout":"default","site-content-layout":"","ast-site-content-layout":"default","site-content-style":"default","site-sidebar-style":"default","ast-global-header-display":"","ast-banner-title-visibility":"","ast-main-header-display":"","ast-hfb-above-header-display":"","ast-hfb-below-header-display":"","ast-hfb-mobile-header-display":"","site-post-title":"","ast-breadcrumbs-content":"","ast-featured-img":"","footer-sml-layout":"","ast-disable-related-posts":"","theme-transparent-header-meta":"","adv-header-id-meta":"","stick-header-meta":"","header-above-stick-meta":"","header-main-stick-meta":"","header-below-stick-meta":"","astra-migrate-meta-layouts":"default","ast-page-background-enabled":"default","ast-page-background-meta":{"desktop":{"background-color":"var(--ast-global-color-4)","background-image":"","background-repeat":"repeat","background-position":"center center","background-size":"auto","background-attachment":"scroll","background-type":"","background-media":"","overlay-type":"","overlay-color":"","overlay-opacity":"","overlay-gradient":""},"tablet":{"background-color":"","background-image":"","background-repeat":"repeat","background-position":"center center","background-size":"auto","background-attachment":"scroll","background-type":"","background-media":"","overlay-type":"","overlay-color":"","overlay-opacity":"","overlay-gradient":""},"mobile":{"background-color":"","background-image":"","background-repeat":"repeat","background-position":"center center","background-size":"auto","background-attachment":"scroll","background-type":"","background-media":"","overlay-type":"","overlay-color":"","overlay-opacity":"","overlay-gradient":""}},"ast-content-background-meta":{"desktop":{"background-color":"var(--ast-global-color-5)","background-image":"","background-repeat":"repeat","background-position":"center center","background-size":"auto","background-attachment":"scroll","background-type":"","background-media":"","overlay-type":"","overlay-color":"","overlay-opacity":"","overlay-gradient":""},"tablet":{"background-color":"var(--ast-global-color-5)","background-image":"","background-repeat":"repeat","background-position":"center center","background-size":"auto","background-attachment":"scroll","background-type":"","background-media":"","overlay-type":"","overlay-color":"","overlay-opacity":"","overlay-gradient":""},"mobile":{"background-color":"var(--ast-global-color-5)","background-image":"","background-repeat":"repeat","background-position":"center center","background-size":"auto","background-attachment":"scroll","background-type":"","background-media":"","overlay-type":"","overlay-color":"","overlay-opacity":"","overlay-gradient":""}},"footnotes":""},"categories":[1],"tags":[],"class_list":["post-4939","post","type-post","status-publish","format-standard","has-post-thumbnail","hentry","category-aktuality"],"yoast_head":"<!-- This site is optimized with the Yoast SEO plugin v27.5 - https:\/\/yoast.com\/product\/yoast-seo-wordpress\/ -->\n<title>,,SLOVAK BARISTA CUP\u201c junior 2020 - \u0160IOV - \u0161t\u00e1tny in\u0161tit\u00fat odborn\u00e9ho vzdel\u00e1vania<\/title>\n<meta name=\"robots\" content=\"index, follow, max-snippet:-1, max-image-preview:large, max-video-preview:-1\" \/>\n<link rel=\"canonical\" href=\"https:\/\/archiv.siov.sk\/en\/slovak-barista-cup-junior-2020\/\" \/>\n<meta property=\"og:locale\" content=\"en_GB\" \/>\n<meta property=\"og:type\" content=\"article\" \/>\n<meta property=\"og:title\" content=\",,SLOVAK BARISTA CUP\u201c junior 2020 - \u0160IOV - \u0161t\u00e1tny in\u0161tit\u00fat odborn\u00e9ho vzdel\u00e1vania\" \/>\n<meta property=\"og:description\" content=\"U\u017e \u0161iesty kr\u00e1t od\u0161tartovalo prv\u00e9 kolo baristickej s\u00fa\u0165a\u017ee pre \u0161tudentov Stredn\u00fdch odborn\u00fdch \u0161k\u00f4l a&nbsp;Hotelov\u00fdch akad\u00e9mii na Slovensku. Ani v&nbsp;tomto roku sme neukr\u00e1tili s\u00fa\u0165a\u017eiacich o atmosf\u00e9ru najv\u00e4\u010d\u0161ej medzin\u00e1rodnej gastro v\u00fdstavy u n\u00e1s, Danubius Gastro Incheba Bratislava. 24. janu\u00e1r bol d\u0148om uk\u00e1\u017eok najlep\u0161\u00edch baristick\u00fdch zru\u010dnost\u00ed spolu 27 \u0161tudentov z&nbsp;13 slovensk\u00fdch \u0161k\u00f4l. K\u00e1vov\u00e9 meste\u010dko sa aj v\u010faka na\u0161im [&hellip;]\" \/>\n<meta property=\"og:url\" content=\"https:\/\/archiv.siov.sk\/en\/slovak-barista-cup-junior-2020\/\" \/>\n<meta property=\"og:site_name\" content=\"\u0160IOV - \u0161t\u00e1tny in\u0161tit\u00fat odborn\u00e9ho vzdel\u00e1vania\" \/>\n<meta property=\"article:publisher\" content=\"https:\/\/www.facebook.com\/Statnyinstitutodbornehovzdelavania\" \/>\n<meta property=\"article:published_time\" content=\"2020-01-29T09:42:08+00:00\" \/>\n<meta property=\"og:image\" content=\"https:\/\/archiv.siov.sk\/wp-content\/uploads\/2018\/01\/top_konferencia.jpg\" \/>\n\t<meta property=\"og:image:width\" content=\"1100\" \/>\n\t<meta property=\"og:image:height\" content=\"445\" \/>\n\t<meta property=\"og:image:type\" content=\"image\/jpeg\" \/>\n<meta name=\"author\" content=\"Katar\u00edna Kov\u00e1\u010dov\u00e1\" \/>\n<meta name=\"twitter:card\" content=\"summary_large_image\" \/>\n<meta name=\"twitter:label1\" content=\"Written by\" \/>\n\t<meta name=\"twitter:data1\" content=\"Katar\u00edna Kov\u00e1\u010dov\u00e1\" \/>\n\t<meta name=\"twitter:label2\" content=\"Estimated reading time\" \/>\n\t<meta name=\"twitter:data2\" content=\"4 minutes\" \/>\n<script type=\"application\/ld+json\" class=\"yoast-schema-graph\">{\"@context\":\"https:\\\/\\\/schema.org\",\"@graph\":[{\"@type\":\"Article\",\"@id\":\"https:\\\/\\\/archiv.siov.sk\\\/slovak-barista-cup-junior-2020\\\/#article\",\"isPartOf\":{\"@id\":\"https:\\\/\\\/archiv.siov.sk\\\/slovak-barista-cup-junior-2020\\\/\"},\"author\":{\"name\":\"Katar\u00edna Kov\u00e1\u010dov\u00e1\",\"@id\":\"https:\\\/\\\/archiv.siov.sk\\\/#\\\/schema\\\/person\\\/e42d633fbd958c6a726e8834d8965e6c\"},\"headline\":\",,SLOVAK BARISTA CUP\u201c junior 2020\",\"datePublished\":\"2020-01-29T09:42:08+00:00\",\"mainEntityOfPage\":{\"@id\":\"https:\\\/\\\/archiv.siov.sk\\\/slovak-barista-cup-junior-2020\\\/\"},\"wordCount\":845,\"publisher\":{\"@id\":\"https:\\\/\\\/archiv.siov.sk\\\/#organization\"},\"image\":{\"@id\":\"https:\\\/\\\/archiv.siov.sk\\\/slovak-barista-cup-junior-2020\\\/#primaryimage\"},\"thumbnailUrl\":\"https:\\\/\\\/archiv.siov.sk\\\/wp-content\\\/uploads\\\/2018\\\/01\\\/top_konferencia.jpg\",\"articleSection\":[\"Aktuality\"],\"inLanguage\":\"en-GB\"},{\"@type\":\"WebPage\",\"@id\":\"https:\\\/\\\/archiv.siov.sk\\\/slovak-barista-cup-junior-2020\\\/\",\"url\":\"https:\\\/\\\/archiv.siov.sk\\\/slovak-barista-cup-junior-2020\\\/\",\"name\":\",,SLOVAK BARISTA CUP\u201c junior 2020 - \u0160IOV - \u0161t\u00e1tny in\u0161tit\u00fat odborn\u00e9ho vzdel\u00e1vania\",\"isPartOf\":{\"@id\":\"https:\\\/\\\/archiv.siov.sk\\\/#website\"},\"primaryImageOfPage\":{\"@id\":\"https:\\\/\\\/archiv.siov.sk\\\/slovak-barista-cup-junior-2020\\\/#primaryimage\"},\"image\":{\"@id\":\"https:\\\/\\\/archiv.siov.sk\\\/slovak-barista-cup-junior-2020\\\/#primaryimage\"},\"thumbnailUrl\":\"https:\\\/\\\/archiv.siov.sk\\\/wp-content\\\/uploads\\\/2018\\\/01\\\/top_konferencia.jpg\",\"datePublished\":\"2020-01-29T09:42:08+00:00\",\"breadcrumb\":{\"@id\":\"https:\\\/\\\/archiv.siov.sk\\\/slovak-barista-cup-junior-2020\\\/#breadcrumb\"},\"inLanguage\":\"en-GB\",\"potentialAction\":[{\"@type\":\"ReadAction\",\"target\":[\"https:\\\/\\\/archiv.siov.sk\\\/slovak-barista-cup-junior-2020\\\/\"]}]},{\"@type\":\"ImageObject\",\"inLanguage\":\"en-GB\",\"@id\":\"https:\\\/\\\/archiv.siov.sk\\\/slovak-barista-cup-junior-2020\\\/#primaryimage\",\"url\":\"https:\\\/\\\/archiv.siov.sk\\\/wp-content\\\/uploads\\\/2018\\\/01\\\/top_konferencia.jpg\",\"contentUrl\":\"https:\\\/\\\/archiv.siov.sk\\\/wp-content\\\/uploads\\\/2018\\\/01\\\/top_konferencia.jpg\",\"width\":1100,\"height\":445,\"caption\":\"Pracovn\u00e9 stretnutie na t\u00e9mu \u201eDu\u00e1lne vzdel\u00e1vanie \u2013 najlep\u0161ia cesta pre na\u0161u bud\u00facnos\u0165\u201c\"},{\"@type\":\"BreadcrumbList\",\"@id\":\"https:\\\/\\\/archiv.siov.sk\\\/slovak-barista-cup-junior-2020\\\/#breadcrumb\",\"itemListElement\":[{\"@type\":\"ListItem\",\"position\":1,\"name\":\"Home\",\"item\":\"https:\\\/\\\/archiv.siov.sk\\\/\"},{\"@type\":\"ListItem\",\"position\":2,\"name\":\",,SLOVAK BARISTA CUP\u201c junior 2020\"}]},{\"@type\":\"WebSite\",\"@id\":\"https:\\\/\\\/archiv.siov.sk\\\/#website\",\"url\":\"https:\\\/\\\/archiv.siov.sk\\\/\",\"name\":\"\u0160IOV - \u0161t\u00e1tny in\u0161tit\u00fat odborn\u00e9ho vzdel\u00e1vania\",\"description\":\"\",\"publisher\":{\"@id\":\"https:\\\/\\\/archiv.siov.sk\\\/#organization\"},\"potentialAction\":[{\"@type\":\"SearchAction\",\"target\":{\"@type\":\"EntryPoint\",\"urlTemplate\":\"https:\\\/\\\/archiv.siov.sk\\\/?s={search_term_string}\"},\"query-input\":{\"@type\":\"PropertyValueSpecification\",\"valueRequired\":true,\"valueName\":\"search_term_string\"}}],\"inLanguage\":\"en-GB\"},{\"@type\":\"Organization\",\"@id\":\"https:\\\/\\\/archiv.siov.sk\\\/#organization\",\"name\":\"\u0160IOV - \u0161t\u00e1tny in\u0161tit\u00fat odborn\u00e9ho vzdel\u00e1vania\",\"url\":\"https:\\\/\\\/archiv.siov.sk\\\/\",\"logo\":{\"@type\":\"ImageObject\",\"inLanguage\":\"en-GB\",\"@id\":\"https:\\\/\\\/archiv.siov.sk\\\/#\\\/schema\\\/logo\\\/image\\\/\",\"url\":\"https:\\\/\\\/archiv.siov.sk\\\/wp-content\\\/uploads\\\/2024\\\/02\\\/logo-SIOV.png\",\"contentUrl\":\"https:\\\/\\\/archiv.siov.sk\\\/wp-content\\\/uploads\\\/2024\\\/02\\\/logo-SIOV.png\",\"width\":431,\"height\":143,\"caption\":\"\u0160IOV - \u0161t\u00e1tny in\u0161tit\u00fat odborn\u00e9ho vzdel\u00e1vania\"},\"image\":{\"@id\":\"https:\\\/\\\/archiv.siov.sk\\\/#\\\/schema\\\/logo\\\/image\\\/\"},\"sameAs\":[\"https:\\\/\\\/www.facebook.com\\\/Statnyinstitutodbornehovzdelavania\"]},{\"@type\":\"Person\",\"@id\":\"https:\\\/\\\/archiv.siov.sk\\\/#\\\/schema\\\/person\\\/e42d633fbd958c6a726e8834d8965e6c\",\"name\":\"Katar\u00edna Kov\u00e1\u010dov\u00e1\",\"url\":\"https:\\\/\\\/archiv.siov.sk\\\/en\\\/author\\\/katkakovacova\\\/\"}]}<\/script>\n<!-- \/ Yoast SEO plugin. -->","yoast_head_json":{"title":",,SLOVAK BARISTA CUP\u201c junior 2020 - \u0160IOV - \u0161t\u00e1tny in\u0161tit\u00fat odborn\u00e9ho vzdel\u00e1vania","robots":{"index":"index","follow":"follow","max-snippet":"max-snippet:-1","max-image-preview":"max-image-preview:large","max-video-preview":"max-video-preview:-1"},"canonical":"https:\/\/archiv.siov.sk\/en\/slovak-barista-cup-junior-2020\/","og_locale":"en_GB","og_type":"article","og_title":",,SLOVAK BARISTA CUP\u201c junior 2020 - \u0160IOV - \u0161t\u00e1tny in\u0161tit\u00fat odborn\u00e9ho vzdel\u00e1vania","og_description":"U\u017e \u0161iesty kr\u00e1t od\u0161tartovalo prv\u00e9 kolo baristickej s\u00fa\u0165a\u017ee pre \u0161tudentov Stredn\u00fdch odborn\u00fdch \u0161k\u00f4l a&nbsp;Hotelov\u00fdch akad\u00e9mii na Slovensku. Ani v&nbsp;tomto roku sme neukr\u00e1tili s\u00fa\u0165a\u017eiacich o atmosf\u00e9ru najv\u00e4\u010d\u0161ej medzin\u00e1rodnej gastro v\u00fdstavy u n\u00e1s, Danubius Gastro Incheba Bratislava. 24. janu\u00e1r bol d\u0148om uk\u00e1\u017eok najlep\u0161\u00edch baristick\u00fdch zru\u010dnost\u00ed spolu 27 \u0161tudentov z&nbsp;13 slovensk\u00fdch \u0161k\u00f4l. K\u00e1vov\u00e9 meste\u010dko sa aj v\u010faka na\u0161im [&hellip;]","og_url":"https:\/\/archiv.siov.sk\/en\/slovak-barista-cup-junior-2020\/","og_site_name":"\u0160IOV - \u0161t\u00e1tny in\u0161tit\u00fat odborn\u00e9ho vzdel\u00e1vania","article_publisher":"https:\/\/www.facebook.com\/Statnyinstitutodbornehovzdelavania","article_published_time":"2020-01-29T09:42:08+00:00","og_image":[{"width":1100,"height":445,"url":"https:\/\/archiv.siov.sk\/wp-content\/uploads\/2018\/01\/top_konferencia.jpg","type":"image\/jpeg"}],"author":"Katar\u00edna Kov\u00e1\u010dov\u00e1","twitter_card":"summary_large_image","twitter_misc":{"Written by":"Katar\u00edna Kov\u00e1\u010dov\u00e1","Estimated reading time":"4 minutes"},"schema":{"@context":"https:\/\/schema.org","@graph":[{"@type":"Article","@id":"https:\/\/archiv.siov.sk\/slovak-barista-cup-junior-2020\/#article","isPartOf":{"@id":"https:\/\/archiv.siov.sk\/slovak-barista-cup-junior-2020\/"},"author":{"name":"Katar\u00edna Kov\u00e1\u010dov\u00e1","@id":"https:\/\/archiv.siov.sk\/#\/schema\/person\/e42d633fbd958c6a726e8834d8965e6c"},"headline":",,SLOVAK BARISTA CUP\u201c junior 2020","datePublished":"2020-01-29T09:42:08+00:00","mainEntityOfPage":{"@id":"https:\/\/archiv.siov.sk\/slovak-barista-cup-junior-2020\/"},"wordCount":845,"publisher":{"@id":"https:\/\/archiv.siov.sk\/#organization"},"image":{"@id":"https:\/\/archiv.siov.sk\/slovak-barista-cup-junior-2020\/#primaryimage"},"thumbnailUrl":"https:\/\/archiv.siov.sk\/wp-content\/uploads\/2018\/01\/top_konferencia.jpg","articleSection":["Aktuality"],"inLanguage":"en-GB"},{"@type":"WebPage","@id":"https:\/\/archiv.siov.sk\/slovak-barista-cup-junior-2020\/","url":"https:\/\/archiv.siov.sk\/slovak-barista-cup-junior-2020\/","name":",,SLOVAK BARISTA CUP\u201c junior 2020 - \u0160IOV - \u0161t\u00e1tny in\u0161tit\u00fat odborn\u00e9ho vzdel\u00e1vania","isPartOf":{"@id":"https:\/\/archiv.siov.sk\/#website"},"primaryImageOfPage":{"@id":"https:\/\/archiv.siov.sk\/slovak-barista-cup-junior-2020\/#primaryimage"},"image":{"@id":"https:\/\/archiv.siov.sk\/slovak-barista-cup-junior-2020\/#primaryimage"},"thumbnailUrl":"https:\/\/archiv.siov.sk\/wp-content\/uploads\/2018\/01\/top_konferencia.jpg","datePublished":"2020-01-29T09:42:08+00:00","breadcrumb":{"@id":"https:\/\/archiv.siov.sk\/slovak-barista-cup-junior-2020\/#breadcrumb"},"inLanguage":"en-GB","potentialAction":[{"@type":"ReadAction","target":["https:\/\/archiv.siov.sk\/slovak-barista-cup-junior-2020\/"]}]},{"@type":"ImageObject","inLanguage":"en-GB","@id":"https:\/\/archiv.siov.sk\/slovak-barista-cup-junior-2020\/#primaryimage","url":"https:\/\/archiv.siov.sk\/wp-content\/uploads\/2018\/01\/top_konferencia.jpg","contentUrl":"https:\/\/archiv.siov.sk\/wp-content\/uploads\/2018\/01\/top_konferencia.jpg","width":1100,"height":445,"caption":"Pracovn\u00e9 stretnutie na t\u00e9mu \u201eDu\u00e1lne vzdel\u00e1vanie \u2013 najlep\u0161ia cesta pre na\u0161u bud\u00facnos\u0165\u201c"},{"@type":"BreadcrumbList","@id":"https:\/\/archiv.siov.sk\/slovak-barista-cup-junior-2020\/#breadcrumb","itemListElement":[{"@type":"ListItem","position":1,"name":"Home","item":"https:\/\/archiv.siov.sk\/"},{"@type":"ListItem","position":2,"name":",,SLOVAK BARISTA CUP\u201c junior 2020"}]},{"@type":"WebSite","@id":"https:\/\/archiv.siov.sk\/#website","url":"https:\/\/archiv.siov.sk\/","name":"\u0160IOV - \u0161t\u00e1tny in\u0161tit\u00fat odborn\u00e9ho vzdel\u00e1vania","description":"","publisher":{"@id":"https:\/\/archiv.siov.sk\/#organization"},"potentialAction":[{"@type":"SearchAction","target":{"@type":"EntryPoint","urlTemplate":"https:\/\/archiv.siov.sk\/?s={search_term_string}"},"query-input":{"@type":"PropertyValueSpecification","valueRequired":true,"valueName":"search_term_string"}}],"inLanguage":"en-GB"},{"@type":"Organization","@id":"https:\/\/archiv.siov.sk\/#organization","name":"\u0160IOV - \u0161t\u00e1tny in\u0161tit\u00fat odborn\u00e9ho vzdel\u00e1vania","url":"https:\/\/archiv.siov.sk\/","logo":{"@type":"ImageObject","inLanguage":"en-GB","@id":"https:\/\/archiv.siov.sk\/#\/schema\/logo\/image\/","url":"https:\/\/archiv.siov.sk\/wp-content\/uploads\/2024\/02\/logo-SIOV.png","contentUrl":"https:\/\/archiv.siov.sk\/wp-content\/uploads\/2024\/02\/logo-SIOV.png","width":431,"height":143,"caption":"\u0160IOV - \u0161t\u00e1tny in\u0161tit\u00fat odborn\u00e9ho vzdel\u00e1vania"},"image":{"@id":"https:\/\/archiv.siov.sk\/#\/schema\/logo\/image\/"},"sameAs":["https:\/\/www.facebook.com\/Statnyinstitutodbornehovzdelavania"]},{"@type":"Person","@id":"https:\/\/archiv.siov.sk\/#\/schema\/person\/e42d633fbd958c6a726e8834d8965e6c","name":"Katar\u00edna Kov\u00e1\u010dov\u00e1","url":"https:\/\/archiv.siov.sk\/en\/author\/katkakovacova\/"}]}},"_links":{"self":[{"href":"https:\/\/archiv.siov.sk\/en\/wp-json\/wp\/v2\/posts\/4939","targetHints":{"allow":["GET"]}}],"collection":[{"href":"https:\/\/archiv.siov.sk\/en\/wp-json\/wp\/v2\/posts"}],"about":[{"href":"https:\/\/archiv.siov.sk\/en\/wp-json\/wp\/v2\/types\/post"}],"author":[{"embeddable":true,"href":"https:\/\/archiv.siov.sk\/en\/wp-json\/wp\/v2\/users\/6"}],"replies":[{"embeddable":true,"href":"https:\/\/archiv.siov.sk\/en\/wp-json\/wp\/v2\/comments?post=4939"}],"version-history":[{"count":2,"href":"https:\/\/archiv.siov.sk\/en\/wp-json\/wp\/v2\/posts\/4939\/revisions"}],"predecessor-version":[{"id":4941,"href":"https:\/\/archiv.siov.sk\/en\/wp-json\/wp\/v2\/posts\/4939\/revisions\/4941"}],"wp:featuredmedia":[{"embeddable":true,"href":"https:\/\/archiv.siov.sk\/en\/wp-json\/wp\/v2\/media\/2374"}],"wp:attachment":[{"href":"https:\/\/archiv.siov.sk\/en\/wp-json\/wp\/v2\/media?parent=4939"}],"wp:term":[{"taxonomy":"category","embeddable":true,"href":"https:\/\/archiv.siov.sk\/en\/wp-json\/wp\/v2\/categories?post=4939"},{"taxonomy":"post_tag","embeddable":true,"href":"https:\/\/archiv.siov.sk\/en\/wp-json\/wp\/v2\/tags?post=4939"}],"curies":[{"name":"wp","href":"https:\/\/api.w.org\/{rel}","templated":true}]}}