{"id":4813,"date":"2020-01-22T13:24:34","date_gmt":"2020-01-22T12:24:34","guid":{"rendered":"https:\/\/archiv.siov.sk\/?p=4813"},"modified":"2020-01-22T13:32:23","modified_gmt":"2020-01-22T12:32:23","slug":"8-rocnik-celoslovenskej-sutaze-najlepsi-podnikatelsky-zamer","status":"publish","type":"post","link":"https:\/\/archiv.siov.sk\/en\/8-rocnik-celoslovenskej-sutaze-najlepsi-podnikatelsky-zamer\/","title":{"rendered":"8. ro\u010dn\u00edk celoslovenskej s\u00fa\u0165a\u017ee \u201eNajlep\u0161\u00ed podnikate\u013esk\u00fd z\u00e1mer\u201c"},"content":{"rendered":"<p>\u0160t\u00e1tny in\u0161tit\u00fat odborn\u00e9ho vzdel\u00e1vania, Odbor Finan\u010dnej gramotnosti a Slovensk\u00e9 centrum cvi\u010dn\u00fdch firiem spolu s Katedrou pedagogiky Ekonomickej univerzity v Bratislave vyhlasuj\u00fa \u00f4smy ro\u010dn\u00edk celoslovenskej s\u00fa\u0165a\u017ee \u201eNajlep\u0161\u00ed podnikate\u013esk\u00fd z\u00e1mer\u201c.<\/p>\n<p>Obsah a term\u00edny s\u00fa\u0165a\u017ee:<br \/>\n\u2013 \u017diaci cvi\u010dnej firmy m\u00f4\u017eu posla\u0165 podnikate\u013esk\u00e9 z\u00e1mery, ktor\u00e9 by nemali by\u0165 toto\u017en\u00e9 s jej predmetom podnikania do 15. j\u00fana 2020.<br \/>\n\u2013 P\u00e4\u0165 najzauj\u00edmavej\u0161\u00edch podnikate\u013esk\u00fdch z\u00e1merov posunieme do 30. septembra 2020 do u\u017e\u0161ieho v\u00fdberu.<\/p>\n<p>Krit\u00e9ri\u00e1 hodnotenia:<br \/>\noriginalita n\u00e1padu, v\u00fdber mena a loga, \u0161trukt\u00fara PZ opis produktu, anal\u00fdza trhu, marketingov\u00fd pl\u00e1n, person\u00e1lny pl\u00e1n, finan\u010dn\u00fd pl\u00e1n, SWOT anal\u00fdza, re\u00e1lnos\u0165 PZ stru\u010dn\u00fd podnikate\u013esk\u00fd z\u00e1mer v anglickom jazyku na jednu stranu<\/p>\n<p>Podmienky s\u00fa\u0165a\u017ee:<br \/>\n\u2013 Do s\u00fa\u0165a\u017ee sa m\u00f4\u017eu prihl\u00e1si\u0165 \u017eiaci cvi\u010dn\u00fdch firiem jednotlivo alebo maxim\u00e1lne troj\u010dlenn\u00e9 autorsk\u00e9 t\u00edmy (uvies\u0165 men\u00e1 autora\/autorov).<br \/>\n\u2013 Podnikate\u013esk\u00fd z\u00e1mer treba predlo\u017ei\u0165 v p\u00edsomnej podobe v slovenskom jazyku v rozsahu maxim\u00e1lne desa\u0165 str\u00e1n A4. Pri spracovan\u00ed podnikate\u013esk\u00e9ho z\u00e1meru je vhodn\u00e9 aplikova\u0165 \u0161tandardn\u00fa \u0161trukt\u00faru podnikate\u013esk\u00e9ho pl\u00e1nu (z\u00e1kladn\u00e9 inform\u00e1cie o podnikate\u013eskom subjekte, s\u00eddlo, opis produktu, anal\u00fdza trhu, marketingov\u00fd pl\u00e1n, finan\u010dn\u00fd pl\u00e1n, person\u00e1lny pl\u00e1n, SWOT anal\u00fdza, zhrnutie v anglickom jazyku). Form\u00e1t *.doc, p\u00edsmo Times New Roman, ve\u013ekos\u0165 p\u00edsma 12, riadkovanie 1,5.<br \/>\n\u2013 Podnikate\u013esk\u00fd z\u00e1mer po\u017eadujeme posla\u0165 elektronicky na adresu sccf@siov.sk a v predmete spr\u00e1vy uvies\u0165 \u201eNajlep\u0161\u00ed podnikate\u013esk\u00fd z\u00e1mer\u201c za \u0161kolsk\u00fd rok 2019\/2020<\/p>\n<p>Vyhodnotenie s\u00fa\u0165a\u017ee:<br \/>\n\u2013 S\u00fa\u0165a\u017e bude hodnoten\u00e1 odbornou komisiou a bodov\u00e9 hodnotenie s\u00fa\u0165a\u017ee bude zverejnen\u00e9 na str\u00e1nkach SCCF www.siov.sk a www.sccf.sk.<br \/>\n\u2013 Z\u00e1vere\u010dn\u00e9 vyhodnotenie a vyhl\u00e1senie v\u00ed\u0165azov s\u00fa\u0165a\u017ee bude na Medzin\u00e1rodnom ve\u013etrhu cvi\u010dn\u00fdch firiem 2020.<\/p>\n<p>V Bratislave 10. decembra 2019<\/p>\n<p>Slovensk\u00e9 centrum cvi\u010dn\u00fdch firiem<\/p>","protected":false},"excerpt":{"rendered":"<p>\u0160t\u00e1tny in\u0161tit\u00fat odborn\u00e9ho vzdel\u00e1vania, Odbor Finan\u010dnej gramotnosti a Slovensk\u00e9 centrum cvi\u010dn\u00fdch firiem spolu s Katedrou pedagogiky Ekonomickej univerzity v Bratislave vyhlasuj\u00fa \u00f4smy ro\u010dn\u00edk celoslovenskej s\u00fa\u0165a\u017ee \u201eNajlep\u0161\u00ed podnikate\u013esk\u00fd z\u00e1mer\u201c. Obsah a term\u00edny s\u00fa\u0165a\u017ee: \u2013 \u017diaci cvi\u010dnej firmy m\u00f4\u017eu posla\u0165 podnikate\u013esk\u00e9 z\u00e1mery, ktor\u00e9 by nemali by\u0165 toto\u017en\u00e9 s jej predmetom podnikania do 15. j\u00fana 2020. \u2013 P\u00e4\u0165 [&hellip;]<\/p>\n","protected":false},"author":6,"featured_media":4826,"comment_status":"closed","ping_status":"closed","sticky":false,"template":"","format":"standard","meta":{"site-sidebar-layout":"default","site-content-layout":"","ast-site-content-layout":"default","site-content-style":"default","site-sidebar-style":"default","ast-global-header-display":"","ast-banner-title-visibility":"","ast-main-header-display":"","ast-hfb-above-header-display":"","ast-hfb-below-header-display":"","ast-hfb-mobile-header-display":"","site-post-title":"","ast-breadcrumbs-content":"","ast-featured-img":"","footer-sml-layout":"","ast-disable-related-posts":"","theme-transparent-header-meta":"","adv-header-id-meta":"","stick-header-meta":"","header-above-stick-meta":"","header-main-stick-meta":"","header-below-stick-meta":"","astra-migrate-meta-layouts":"default","ast-page-background-enabled":"default","ast-page-background-meta":{"desktop":{"background-color":"var(--ast-global-color-4)","background-image":"","background-repeat":"repeat","background-position":"center center","background-size":"auto","background-attachment":"scroll","background-type":"","background-media":"","overlay-type":"","overlay-color":"","overlay-opacity":"","overlay-gradient":""},"tablet":{"background-color":"","background-image":"","background-repeat":"repeat","background-position":"center center","background-size":"auto","background-attachment":"scroll","background-type":"","background-media":"","overlay-type":"","overlay-color":"","overlay-opacity":"","overlay-gradient":""},"mobile":{"background-color":"","background-image":"","background-repeat":"repeat","background-position":"center center","background-size":"auto","background-attachment":"scroll","background-type":"","background-media":"","overlay-type":"","overlay-color":"","overlay-opacity":"","overlay-gradient":""}},"ast-content-background-meta":{"desktop":{"background-color":"var(--ast-global-color-5)","background-image":"","background-repeat":"repeat","background-position":"center center","background-size":"auto","background-attachment":"scroll","background-type":"","background-media":"","overlay-type":"","overlay-color":"","overlay-opacity":"","overlay-gradient":""},"tablet":{"background-color":"var(--ast-global-color-5)","background-image":"","background-repeat":"repeat","background-position":"center center","background-size":"auto","background-attachment":"scroll","background-type":"","background-media":"","overlay-type":"","overlay-color":"","overlay-opacity":"","overlay-gradient":""},"mobile":{"background-color":"var(--ast-global-color-5)","background-image":"","background-repeat":"repeat","background-position":"center center","background-size":"auto","background-attachment":"scroll","background-type":"","background-media":"","overlay-type":"","overlay-color":"","overlay-opacity":"","overlay-gradient":""}},"footnotes":""},"categories":[1],"tags":[],"class_list":["post-4813","post","type-post","status-publish","format-standard","has-post-thumbnail","hentry","category-aktuality"],"yoast_head":"<!-- This site is optimized with the Yoast SEO plugin v27.5 - https:\/\/yoast.com\/product\/yoast-seo-wordpress\/ -->\n<title>8. ro\u010dn\u00edk celoslovenskej s\u00fa\u0165a\u017ee \u201eNajlep\u0161\u00ed podnikate\u013esk\u00fd z\u00e1mer\u201c - \u0160IOV - \u0161t\u00e1tny in\u0161tit\u00fat odborn\u00e9ho vzdel\u00e1vania<\/title>\n<meta name=\"robots\" content=\"index, follow, max-snippet:-1, max-image-preview:large, max-video-preview:-1\" \/>\n<link rel=\"canonical\" href=\"https:\/\/archiv.siov.sk\/en\/8-rocnik-celoslovenskej-sutaze-najlepsi-podnikatelsky-zamer\/\" \/>\n<meta property=\"og:locale\" content=\"en_GB\" \/>\n<meta property=\"og:type\" content=\"article\" \/>\n<meta property=\"og:title\" content=\"8. ro\u010dn\u00edk celoslovenskej s\u00fa\u0165a\u017ee \u201eNajlep\u0161\u00ed podnikate\u013esk\u00fd z\u00e1mer\u201c - \u0160IOV - \u0161t\u00e1tny in\u0161tit\u00fat odborn\u00e9ho vzdel\u00e1vania\" \/>\n<meta property=\"og:description\" content=\"\u0160t\u00e1tny in\u0161tit\u00fat odborn\u00e9ho vzdel\u00e1vania, Odbor Finan\u010dnej gramotnosti a Slovensk\u00e9 centrum cvi\u010dn\u00fdch firiem spolu s Katedrou pedagogiky Ekonomickej univerzity v Bratislave vyhlasuj\u00fa \u00f4smy ro\u010dn\u00edk celoslovenskej s\u00fa\u0165a\u017ee \u201eNajlep\u0161\u00ed podnikate\u013esk\u00fd z\u00e1mer\u201c. Obsah a term\u00edny s\u00fa\u0165a\u017ee: \u2013 \u017diaci cvi\u010dnej firmy m\u00f4\u017eu posla\u0165 podnikate\u013esk\u00e9 z\u00e1mery, ktor\u00e9 by nemali by\u0165 toto\u017en\u00e9 s jej predmetom podnikania do 15. j\u00fana 2020. \u2013 P\u00e4\u0165 [&hellip;]\" \/>\n<meta property=\"og:url\" content=\"https:\/\/archiv.siov.sk\/en\/8-rocnik-celoslovenskej-sutaze-najlepsi-podnikatelsky-zamer\/\" \/>\n<meta property=\"og:site_name\" content=\"\u0160IOV - \u0161t\u00e1tny in\u0161tit\u00fat odborn\u00e9ho vzdel\u00e1vania\" \/>\n<meta property=\"article:publisher\" content=\"https:\/\/www.facebook.com\/Statnyinstitutodbornehovzdelavania\" \/>\n<meta property=\"article:published_time\" content=\"2020-01-22T12:24:34+00:00\" \/>\n<meta property=\"article:modified_time\" content=\"2020-01-22T12:32:23+00:00\" \/>\n<meta property=\"og:image\" content=\"https:\/\/archiv.siov.sk\/wp-content\/uploads\/2020\/01\/SCCF_Logo_Farebne.jpg\" \/>\n\t<meta property=\"og:image:width\" content=\"781\" \/>\n\t<meta property=\"og:image:height\" content=\"299\" \/>\n\t<meta property=\"og:image:type\" content=\"image\/jpeg\" \/>\n<meta name=\"author\" content=\"Katar\u00edna Kov\u00e1\u010dov\u00e1\" \/>\n<meta name=\"twitter:card\" content=\"summary_large_image\" \/>\n<meta name=\"twitter:label1\" content=\"Written by\" \/>\n\t<meta name=\"twitter:data1\" content=\"Katar\u00edna Kov\u00e1\u010dov\u00e1\" \/>\n\t<meta name=\"twitter:label2\" content=\"Estimated reading time\" \/>\n\t<meta name=\"twitter:data2\" content=\"2 minutes\" \/>\n<script type=\"application\/ld+json\" class=\"yoast-schema-graph\">{\"@context\":\"https:\\\/\\\/schema.org\",\"@graph\":[{\"@type\":\"Article\",\"@id\":\"https:\\\/\\\/archiv.siov.sk\\\/8-rocnik-celoslovenskej-sutaze-najlepsi-podnikatelsky-zamer\\\/#article\",\"isPartOf\":{\"@id\":\"https:\\\/\\\/archiv.siov.sk\\\/8-rocnik-celoslovenskej-sutaze-najlepsi-podnikatelsky-zamer\\\/\"},\"author\":{\"name\":\"Katar\u00edna Kov\u00e1\u010dov\u00e1\",\"@id\":\"https:\\\/\\\/archiv.siov.sk\\\/#\\\/schema\\\/person\\\/e42d633fbd958c6a726e8834d8965e6c\"},\"headline\":\"8. ro\u010dn\u00edk celoslovenskej s\u00fa\u0165a\u017ee \u201eNajlep\u0161\u00ed podnikate\u013esk\u00fd z\u00e1mer\u201c\",\"datePublished\":\"2020-01-22T12:24:34+00:00\",\"dateModified\":\"2020-01-22T12:32:23+00:00\",\"mainEntityOfPage\":{\"@id\":\"https:\\\/\\\/archiv.siov.sk\\\/8-rocnik-celoslovenskej-sutaze-najlepsi-podnikatelsky-zamer\\\/\"},\"wordCount\":354,\"publisher\":{\"@id\":\"https:\\\/\\\/archiv.siov.sk\\\/#organization\"},\"image\":{\"@id\":\"https:\\\/\\\/archiv.siov.sk\\\/8-rocnik-celoslovenskej-sutaze-najlepsi-podnikatelsky-zamer\\\/#primaryimage\"},\"thumbnailUrl\":\"https:\\\/\\\/archiv.siov.sk\\\/wp-content\\\/uploads\\\/2020\\\/01\\\/SCCF_Logo_Farebne.jpg\",\"articleSection\":[\"Aktuality\"],\"inLanguage\":\"en-GB\"},{\"@type\":\"WebPage\",\"@id\":\"https:\\\/\\\/archiv.siov.sk\\\/8-rocnik-celoslovenskej-sutaze-najlepsi-podnikatelsky-zamer\\\/\",\"url\":\"https:\\\/\\\/archiv.siov.sk\\\/8-rocnik-celoslovenskej-sutaze-najlepsi-podnikatelsky-zamer\\\/\",\"name\":\"8. ro\u010dn\u00edk celoslovenskej s\u00fa\u0165a\u017ee \u201eNajlep\u0161\u00ed podnikate\u013esk\u00fd z\u00e1mer\u201c - \u0160IOV - \u0161t\u00e1tny in\u0161tit\u00fat odborn\u00e9ho vzdel\u00e1vania\",\"isPartOf\":{\"@id\":\"https:\\\/\\\/archiv.siov.sk\\\/#website\"},\"primaryImageOfPage\":{\"@id\":\"https:\\\/\\\/archiv.siov.sk\\\/8-rocnik-celoslovenskej-sutaze-najlepsi-podnikatelsky-zamer\\\/#primaryimage\"},\"image\":{\"@id\":\"https:\\\/\\\/archiv.siov.sk\\\/8-rocnik-celoslovenskej-sutaze-najlepsi-podnikatelsky-zamer\\\/#primaryimage\"},\"thumbnailUrl\":\"https:\\\/\\\/archiv.siov.sk\\\/wp-content\\\/uploads\\\/2020\\\/01\\\/SCCF_Logo_Farebne.jpg\",\"datePublished\":\"2020-01-22T12:24:34+00:00\",\"dateModified\":\"2020-01-22T12:32:23+00:00\",\"breadcrumb\":{\"@id\":\"https:\\\/\\\/archiv.siov.sk\\\/8-rocnik-celoslovenskej-sutaze-najlepsi-podnikatelsky-zamer\\\/#breadcrumb\"},\"inLanguage\":\"en-GB\",\"potentialAction\":[{\"@type\":\"ReadAction\",\"target\":[\"https:\\\/\\\/archiv.siov.sk\\\/8-rocnik-celoslovenskej-sutaze-najlepsi-podnikatelsky-zamer\\\/\"]}]},{\"@type\":\"ImageObject\",\"inLanguage\":\"en-GB\",\"@id\":\"https:\\\/\\\/archiv.siov.sk\\\/8-rocnik-celoslovenskej-sutaze-najlepsi-podnikatelsky-zamer\\\/#primaryimage\",\"url\":\"https:\\\/\\\/archiv.siov.sk\\\/wp-content\\\/uploads\\\/2020\\\/01\\\/SCCF_Logo_Farebne.jpg\",\"contentUrl\":\"https:\\\/\\\/archiv.siov.sk\\\/wp-content\\\/uploads\\\/2020\\\/01\\\/SCCF_Logo_Farebne.jpg\",\"width\":781,\"height\":299},{\"@type\":\"BreadcrumbList\",\"@id\":\"https:\\\/\\\/archiv.siov.sk\\\/8-rocnik-celoslovenskej-sutaze-najlepsi-podnikatelsky-zamer\\\/#breadcrumb\",\"itemListElement\":[{\"@type\":\"ListItem\",\"position\":1,\"name\":\"Home\",\"item\":\"https:\\\/\\\/archiv.siov.sk\\\/\"},{\"@type\":\"ListItem\",\"position\":2,\"name\":\"8. ro\u010dn\u00edk celoslovenskej s\u00fa\u0165a\u017ee \u201eNajlep\u0161\u00ed podnikate\u013esk\u00fd z\u00e1mer\u201c\"}]},{\"@type\":\"WebSite\",\"@id\":\"https:\\\/\\\/archiv.siov.sk\\\/#website\",\"url\":\"https:\\\/\\\/archiv.siov.sk\\\/\",\"name\":\"\u0160IOV - \u0161t\u00e1tny in\u0161tit\u00fat odborn\u00e9ho vzdel\u00e1vania\",\"description\":\"\",\"publisher\":{\"@id\":\"https:\\\/\\\/archiv.siov.sk\\\/#organization\"},\"potentialAction\":[{\"@type\":\"SearchAction\",\"target\":{\"@type\":\"EntryPoint\",\"urlTemplate\":\"https:\\\/\\\/archiv.siov.sk\\\/?s={search_term_string}\"},\"query-input\":{\"@type\":\"PropertyValueSpecification\",\"valueRequired\":true,\"valueName\":\"search_term_string\"}}],\"inLanguage\":\"en-GB\"},{\"@type\":\"Organization\",\"@id\":\"https:\\\/\\\/archiv.siov.sk\\\/#organization\",\"name\":\"\u0160IOV - \u0161t\u00e1tny in\u0161tit\u00fat odborn\u00e9ho vzdel\u00e1vania\",\"url\":\"https:\\\/\\\/archiv.siov.sk\\\/\",\"logo\":{\"@type\":\"ImageObject\",\"inLanguage\":\"en-GB\",\"@id\":\"https:\\\/\\\/archiv.siov.sk\\\/#\\\/schema\\\/logo\\\/image\\\/\",\"url\":\"https:\\\/\\\/archiv.siov.sk\\\/wp-content\\\/uploads\\\/2024\\\/02\\\/logo-SIOV.png\",\"contentUrl\":\"https:\\\/\\\/archiv.siov.sk\\\/wp-content\\\/uploads\\\/2024\\\/02\\\/logo-SIOV.png\",\"width\":431,\"height\":143,\"caption\":\"\u0160IOV - \u0161t\u00e1tny in\u0161tit\u00fat odborn\u00e9ho vzdel\u00e1vania\"},\"image\":{\"@id\":\"https:\\\/\\\/archiv.siov.sk\\\/#\\\/schema\\\/logo\\\/image\\\/\"},\"sameAs\":[\"https:\\\/\\\/www.facebook.com\\\/Statnyinstitutodbornehovzdelavania\"]},{\"@type\":\"Person\",\"@id\":\"https:\\\/\\\/archiv.siov.sk\\\/#\\\/schema\\\/person\\\/e42d633fbd958c6a726e8834d8965e6c\",\"name\":\"Katar\u00edna Kov\u00e1\u010dov\u00e1\",\"url\":\"https:\\\/\\\/archiv.siov.sk\\\/en\\\/author\\\/katkakovacova\\\/\"}]}<\/script>\n<!-- \/ Yoast SEO plugin. -->","yoast_head_json":{"title":"8. ro\u010dn\u00edk celoslovenskej s\u00fa\u0165a\u017ee \u201eNajlep\u0161\u00ed podnikate\u013esk\u00fd z\u00e1mer\u201c - \u0160IOV - \u0161t\u00e1tny in\u0161tit\u00fat odborn\u00e9ho vzdel\u00e1vania","robots":{"index":"index","follow":"follow","max-snippet":"max-snippet:-1","max-image-preview":"max-image-preview:large","max-video-preview":"max-video-preview:-1"},"canonical":"https:\/\/archiv.siov.sk\/en\/8-rocnik-celoslovenskej-sutaze-najlepsi-podnikatelsky-zamer\/","og_locale":"en_GB","og_type":"article","og_title":"8. ro\u010dn\u00edk celoslovenskej s\u00fa\u0165a\u017ee \u201eNajlep\u0161\u00ed podnikate\u013esk\u00fd z\u00e1mer\u201c - \u0160IOV - \u0161t\u00e1tny in\u0161tit\u00fat odborn\u00e9ho vzdel\u00e1vania","og_description":"\u0160t\u00e1tny in\u0161tit\u00fat odborn\u00e9ho vzdel\u00e1vania, Odbor Finan\u010dnej gramotnosti a Slovensk\u00e9 centrum cvi\u010dn\u00fdch firiem spolu s Katedrou pedagogiky Ekonomickej univerzity v Bratislave vyhlasuj\u00fa \u00f4smy ro\u010dn\u00edk celoslovenskej s\u00fa\u0165a\u017ee \u201eNajlep\u0161\u00ed podnikate\u013esk\u00fd z\u00e1mer\u201c. Obsah a term\u00edny s\u00fa\u0165a\u017ee: \u2013 \u017diaci cvi\u010dnej firmy m\u00f4\u017eu posla\u0165 podnikate\u013esk\u00e9 z\u00e1mery, ktor\u00e9 by nemali by\u0165 toto\u017en\u00e9 s jej predmetom podnikania do 15. j\u00fana 2020. \u2013 P\u00e4\u0165 [&hellip;]","og_url":"https:\/\/archiv.siov.sk\/en\/8-rocnik-celoslovenskej-sutaze-najlepsi-podnikatelsky-zamer\/","og_site_name":"\u0160IOV - \u0161t\u00e1tny in\u0161tit\u00fat odborn\u00e9ho vzdel\u00e1vania","article_publisher":"https:\/\/www.facebook.com\/Statnyinstitutodbornehovzdelavania","article_published_time":"2020-01-22T12:24:34+00:00","article_modified_time":"2020-01-22T12:32:23+00:00","og_image":[{"width":781,"height":299,"url":"https:\/\/archiv.siov.sk\/wp-content\/uploads\/2020\/01\/SCCF_Logo_Farebne.jpg","type":"image\/jpeg"}],"author":"Katar\u00edna Kov\u00e1\u010dov\u00e1","twitter_card":"summary_large_image","twitter_misc":{"Written by":"Katar\u00edna Kov\u00e1\u010dov\u00e1","Estimated reading time":"2 minutes"},"schema":{"@context":"https:\/\/schema.org","@graph":[{"@type":"Article","@id":"https:\/\/archiv.siov.sk\/8-rocnik-celoslovenskej-sutaze-najlepsi-podnikatelsky-zamer\/#article","isPartOf":{"@id":"https:\/\/archiv.siov.sk\/8-rocnik-celoslovenskej-sutaze-najlepsi-podnikatelsky-zamer\/"},"author":{"name":"Katar\u00edna Kov\u00e1\u010dov\u00e1","@id":"https:\/\/archiv.siov.sk\/#\/schema\/person\/e42d633fbd958c6a726e8834d8965e6c"},"headline":"8. ro\u010dn\u00edk celoslovenskej s\u00fa\u0165a\u017ee \u201eNajlep\u0161\u00ed podnikate\u013esk\u00fd z\u00e1mer\u201c","datePublished":"2020-01-22T12:24:34+00:00","dateModified":"2020-01-22T12:32:23+00:00","mainEntityOfPage":{"@id":"https:\/\/archiv.siov.sk\/8-rocnik-celoslovenskej-sutaze-najlepsi-podnikatelsky-zamer\/"},"wordCount":354,"publisher":{"@id":"https:\/\/archiv.siov.sk\/#organization"},"image":{"@id":"https:\/\/archiv.siov.sk\/8-rocnik-celoslovenskej-sutaze-najlepsi-podnikatelsky-zamer\/#primaryimage"},"thumbnailUrl":"https:\/\/archiv.siov.sk\/wp-content\/uploads\/2020\/01\/SCCF_Logo_Farebne.jpg","articleSection":["Aktuality"],"inLanguage":"en-GB"},{"@type":"WebPage","@id":"https:\/\/archiv.siov.sk\/8-rocnik-celoslovenskej-sutaze-najlepsi-podnikatelsky-zamer\/","url":"https:\/\/archiv.siov.sk\/8-rocnik-celoslovenskej-sutaze-najlepsi-podnikatelsky-zamer\/","name":"8. ro\u010dn\u00edk celoslovenskej s\u00fa\u0165a\u017ee \u201eNajlep\u0161\u00ed podnikate\u013esk\u00fd z\u00e1mer\u201c - \u0160IOV - \u0161t\u00e1tny in\u0161tit\u00fat odborn\u00e9ho vzdel\u00e1vania","isPartOf":{"@id":"https:\/\/archiv.siov.sk\/#website"},"primaryImageOfPage":{"@id":"https:\/\/archiv.siov.sk\/8-rocnik-celoslovenskej-sutaze-najlepsi-podnikatelsky-zamer\/#primaryimage"},"image":{"@id":"https:\/\/archiv.siov.sk\/8-rocnik-celoslovenskej-sutaze-najlepsi-podnikatelsky-zamer\/#primaryimage"},"thumbnailUrl":"https:\/\/archiv.siov.sk\/wp-content\/uploads\/2020\/01\/SCCF_Logo_Farebne.jpg","datePublished":"2020-01-22T12:24:34+00:00","dateModified":"2020-01-22T12:32:23+00:00","breadcrumb":{"@id":"https:\/\/archiv.siov.sk\/8-rocnik-celoslovenskej-sutaze-najlepsi-podnikatelsky-zamer\/#breadcrumb"},"inLanguage":"en-GB","potentialAction":[{"@type":"ReadAction","target":["https:\/\/archiv.siov.sk\/8-rocnik-celoslovenskej-sutaze-najlepsi-podnikatelsky-zamer\/"]}]},{"@type":"ImageObject","inLanguage":"en-GB","@id":"https:\/\/archiv.siov.sk\/8-rocnik-celoslovenskej-sutaze-najlepsi-podnikatelsky-zamer\/#primaryimage","url":"https:\/\/archiv.siov.sk\/wp-content\/uploads\/2020\/01\/SCCF_Logo_Farebne.jpg","contentUrl":"https:\/\/archiv.siov.sk\/wp-content\/uploads\/2020\/01\/SCCF_Logo_Farebne.jpg","width":781,"height":299},{"@type":"BreadcrumbList","@id":"https:\/\/archiv.siov.sk\/8-rocnik-celoslovenskej-sutaze-najlepsi-podnikatelsky-zamer\/#breadcrumb","itemListElement":[{"@type":"ListItem","position":1,"name":"Home","item":"https:\/\/archiv.siov.sk\/"},{"@type":"ListItem","position":2,"name":"8. ro\u010dn\u00edk celoslovenskej s\u00fa\u0165a\u017ee \u201eNajlep\u0161\u00ed podnikate\u013esk\u00fd z\u00e1mer\u201c"}]},{"@type":"WebSite","@id":"https:\/\/archiv.siov.sk\/#website","url":"https:\/\/archiv.siov.sk\/","name":"\u0160IOV - \u0161t\u00e1tny in\u0161tit\u00fat odborn\u00e9ho vzdel\u00e1vania","description":"","publisher":{"@id":"https:\/\/archiv.siov.sk\/#organization"},"potentialAction":[{"@type":"SearchAction","target":{"@type":"EntryPoint","urlTemplate":"https:\/\/archiv.siov.sk\/?s={search_term_string}"},"query-input":{"@type":"PropertyValueSpecification","valueRequired":true,"valueName":"search_term_string"}}],"inLanguage":"en-GB"},{"@type":"Organization","@id":"https:\/\/archiv.siov.sk\/#organization","name":"\u0160IOV - \u0161t\u00e1tny in\u0161tit\u00fat odborn\u00e9ho vzdel\u00e1vania","url":"https:\/\/archiv.siov.sk\/","logo":{"@type":"ImageObject","inLanguage":"en-GB","@id":"https:\/\/archiv.siov.sk\/#\/schema\/logo\/image\/","url":"https:\/\/archiv.siov.sk\/wp-content\/uploads\/2024\/02\/logo-SIOV.png","contentUrl":"https:\/\/archiv.siov.sk\/wp-content\/uploads\/2024\/02\/logo-SIOV.png","width":431,"height":143,"caption":"\u0160IOV - \u0161t\u00e1tny in\u0161tit\u00fat odborn\u00e9ho vzdel\u00e1vania"},"image":{"@id":"https:\/\/archiv.siov.sk\/#\/schema\/logo\/image\/"},"sameAs":["https:\/\/www.facebook.com\/Statnyinstitutodbornehovzdelavania"]},{"@type":"Person","@id":"https:\/\/archiv.siov.sk\/#\/schema\/person\/e42d633fbd958c6a726e8834d8965e6c","name":"Katar\u00edna Kov\u00e1\u010dov\u00e1","url":"https:\/\/archiv.siov.sk\/en\/author\/katkakovacova\/"}]}},"_links":{"self":[{"href":"https:\/\/archiv.siov.sk\/en\/wp-json\/wp\/v2\/posts\/4813","targetHints":{"allow":["GET"]}}],"collection":[{"href":"https:\/\/archiv.siov.sk\/en\/wp-json\/wp\/v2\/posts"}],"about":[{"href":"https:\/\/archiv.siov.sk\/en\/wp-json\/wp\/v2\/types\/post"}],"author":[{"embeddable":true,"href":"https:\/\/archiv.siov.sk\/en\/wp-json\/wp\/v2\/users\/6"}],"replies":[{"embeddable":true,"href":"https:\/\/archiv.siov.sk\/en\/wp-json\/wp\/v2\/comments?post=4813"}],"version-history":[{"count":2,"href":"https:\/\/archiv.siov.sk\/en\/wp-json\/wp\/v2\/posts\/4813\/revisions"}],"predecessor-version":[{"id":4817,"href":"https:\/\/archiv.siov.sk\/en\/wp-json\/wp\/v2\/posts\/4813\/revisions\/4817"}],"wp:featuredmedia":[{"embeddable":true,"href":"https:\/\/archiv.siov.sk\/en\/wp-json\/wp\/v2\/media\/4826"}],"wp:attachment":[{"href":"https:\/\/archiv.siov.sk\/en\/wp-json\/wp\/v2\/media?parent=4813"}],"wp:term":[{"taxonomy":"category","embeddable":true,"href":"https:\/\/archiv.siov.sk\/en\/wp-json\/wp\/v2\/categories?post=4813"},{"taxonomy":"post_tag","embeddable":true,"href":"https:\/\/archiv.siov.sk\/en\/wp-json\/wp\/v2\/tags?post=4813"}],"curies":[{"name":"wp","href":"https:\/\/api.w.org\/{rel}","templated":true}]}}