{"id":4575,"date":"2019-11-14T13:15:23","date_gmt":"2019-11-14T12:15:23","guid":{"rendered":"https:\/\/archiv.siov.sk\/?p=4575"},"modified":"2019-11-18T09:24:58","modified_gmt":"2019-11-18T08:24:58","slug":"medzinarodny-veltrh-cvicnych-firiem-a-mlady-tvorca-2019-v-nitre","status":"publish","type":"post","link":"https:\/\/archiv.siov.sk\/en\/medzinarodny-veltrh-cvicnych-firiem-a-mlady-tvorca-2019-v-nitre\/","title":{"rendered":"Medzin\u00e1rodn\u00fd Ve\u013etrh Cvi\u010dn\u00fdch Firiem a\u00a0Mlad\u00fd tvorca 2019 v Nitre"},"content":{"rendered":"<p><em>Bratislava &#8211; 14. novembra 2019 &#8211;<\/em> <em>Medzin\u00e1rodn\u00fd ve\u013etrh cvi\u010dn\u00fdch firiem 2019 sa po prv\u00fd raz uskuto\u010dnil v&nbsp;r\u00e1mci v\u00fdstavy Mlad\u00fd tvorca na n\u00e1rodnom v\u00fdstavisku Agrokomplex v&nbsp;Nitre 5. \u2013 6. novembra 2019. Sprievodnou akciou v\u00fdstavy bola prezent\u00e1cia s\u00fa\u0165a\u017e\u00ed Skills Slovakia, s\u00fa\u0165a\u017e mlad\u00fdch elektrotechnikov a konferencia Inov\u00e1cie v&nbsp;odbornom vzdel\u00e1van\u00ed.<\/em><\/p>\n<p>&nbsp;<\/p>\n<p>Organiza\u010dn\u00fdm a&nbsp;odborn\u00fdm garantom ve\u013etrhu bol \u0160t\u00e1tny in\u0161tit\u00fat odborn\u00e9ho vzdel\u00e1vania (\u0160IOV), odbor finan\u010dnej gramotnosti a Slovensk\u00e9 centrum cvi\u010dn\u00fdch firiem (SCCF). \u010eal\u0161\u00edmi&nbsp;spoluorganiz\u00e1tormi Medzin\u00e1rodn\u00e9ho ve\u013etrhu cvi\u010dn\u00fdch firiem boli Ekonomick\u00e1 univerzita v&nbsp;Bratislave a&nbsp;\u010fal\u0161ie vybran\u00e9 \u0161koly.<\/p>\n<p>&nbsp;<\/p>\n<p>Na Medzin\u00e1rodnom ve\u013etrhu cvi\u010dn\u00fdch firiem 2019 sa ich predstavilo 39 z cel\u00e9ho Slovenska a&nbsp;11 zo zahrani\u010dia &#8211; z&nbsp; \u010ciech, &nbsp;Ma\u010farska, Slovinska, Talianska, Turecka,&nbsp;Rumunska a&nbsp;Portugalska. Ve\u013etrh nav\u0161t\u00edvili aj cvi\u010dn\u00e9 firmy z&nbsp;Rak\u00faska a&nbsp;Litvy.<\/p>\n<p>&nbsp;<\/p>\n<p>Medzin\u00e1rodn\u00fd ve\u013etrh cvi\u010dn\u00fdch firiem poskytuje mo\u017enos\u0165 komunikova\u0165 v&nbsp;cudzom jazyku, rie\u0161i\u0165 obchodn\u00e9 pr\u00edpady, nadv\u00e4zova\u0165 obchodn\u00e9 a&nbsp;partnersk\u00e9 vz\u0165ahy aj s&nbsp;podporou re\u00e1lnych partnerov. Je to miesto, kde si \u017eiaci m\u00f4\u017eu vysk\u00fa\u0161a\u0165 v&nbsp;priamom kontakte so z\u00e1kazn\u00edkom v\u0161etko, \u010do sa v&nbsp;simulovanom prostred\u00ed cvi\u010dn\u00fdch firiem nau\u010dili. Je jedine\u010dn\u00fdm podujat\u00edm, na ktorom sa prezentuje kreativita a&nbsp; flexibilita mlad\u00fdch \u013eud\u00ed, schopnos\u0165 pracova\u0165 v&nbsp;t\u00edme, komunikova\u0165, rozhodova\u0165, robi\u0165 z\u00e1very, kriticky i samostatne myslie\u0165 a t\u00fdm podporuje podnikavos\u0165 a&nbsp;akcieschopnos\u0165 mlad\u00fdch \u013eud\u00ed.<\/p>\n<p>&nbsp;<\/p>\n<p>Po\u010das ve\u013etrhu zaznelo aj nieko\u013eko ve\u013emi zauj\u00edmav\u00fdch predn\u00e1\u0161ok:<\/p>\n<p>Jana Kardo\u0161ov\u00e1 z&nbsp;Ministerstva financi\u00ed Slovenskej republiky hovorila na t\u00e9mu Finan\u010dn\u00e1 gramotnos\u0165 a&nbsp;podnikate\u013esk\u00e9 vzdel\u00e1vanie.<\/p>\n<p>Miro Siv\u00e1\u010dek&nbsp; predstavil svoju knihu \u201eDokonal\u00e1 hra. Mana\u017ement pod\u013ea princ\u00edpov\u201c.<\/p>\n<p>Odbor prevencie kriminality Ministerstva vn\u00fatra Slovenskej republiky predn\u00e1\u0161al o \u201eObchodovan\u00ed s&nbsp;\u013eu\u010fmi\u201c.<\/p>\n<p>Victoria H\u00e4dler prezentovala \u0161trukt\u00faru a&nbsp;rozhodovacie procesy, projekty a&nbsp;aktivity, soci\u00e1lne m\u00e9di\u00e1, \u010dlensk\u00e9 krajiny a&nbsp;in\u00e9 inform\u00e1cie o EUROPEN PEN International.<\/p>\n<p>Radek Maxa z&nbsp;Metropolitnej univerzity Praha predstavil Metropolitn\u00fa banku.<\/p>\n<p>Z\u00e1stupcovia z&nbsp;Obchodnej akad\u00e9mie Bole\u010dkova v Nitre a&nbsp;\u0160IOVu predstavili Erasmus+ projekt s n\u00e1zvom CLIL in VET ako aj &nbsp;vytvoren\u00e9 kurikulum cvi\u010dnej firmy na medzin\u00e1rodnom z\u00e1klade.<\/p>\n<p>&nbsp;<\/p>\n<p>S\u00fa\u010das\u0165ou ve\u013etrhu boli aj s\u00fa\u0165a\u017ee cvi\u010dn\u00fdch firiem, na ktor\u00fdch sa hodnotil celkov\u00fd imid\u017e st\u00e1nku, najlep\u0161\u00ed reprezentant\/ka, elektronick\u00e9 prezent\u00e1cie, katal\u00f3g, logo, slogan, vizitka a absol\u00fatny v\u00ed\u0165az v\u0161etk\u00fdch hodnoten\u00fdch kateg\u00f3ri\u00ed s\u00fa\u0165a\u017e\u00ed. Elektronick\u00e9 prezent\u00e1cie cvi\u010dn\u00fdch firiem s moder\u00e1ciou sprev\u00e1dzali \u017eiaci aj programom, v ktorom prezentovali svoju n\u00e1rodn\u00fa kult\u00faru a mentalitu. Novinkou boli s\u00fa\u0165a\u017ee kateg\u00f3rie \u201eA\u201c pred ve\u013etrhom a kateg\u00f3rie \u201eB\u201c na ve\u013etrhu. Novou bola aj s\u00fa\u0165a\u017e cvi\u010dn\u00fdch firiem s n\u00e1zvom&nbsp; \u201e99 sek\u00fand vo v\u00fd\u0165ahu\u201c.&nbsp;<\/p>\n<p>&nbsp;<\/p>\n<p>Garantom s\u00fa\u0165a\u017e\u00ed bola \u013dudmila Velichov\u00e1 z&nbsp;Ekonomickej univerzity v&nbsp;Bratislave. V&nbsp;jednej z troch por\u00f4t boli aj na\u0161e kolegyne zo zahrani\u010dia &#8211; Dana Alansari z&nbsp;N\u00e1rodn\u00e9ho \u00fastavu vzdel\u00e1vania Centra Fikt\u00edvn\u00edch Firem (N\u00daV CEFIF) z&nbsp;Prahy a&nbsp;Vicky H\u00e4dler z&nbsp;Europen PEN International z&nbsp;Essenu. Okrem toho boli v&nbsp;komisi\u00e1ch z\u00e1stupcovia z&nbsp;Univerzity Kon\u0161tant\u00edna filozofa v&nbsp;Nitre, z&nbsp;Univerzity Komensk\u00e9ho v Bratislave, zo&nbsp;Slovak Business Agency (SBA), zo Zdru\u017eenia mlad\u00fdch podnikate\u013eov Slovenska (ZMPS) a&nbsp;samozrejme zo \u0160IOVu Marta Maru\u0161incov\u00e1, Gabriela Horeck\u00e1 a&nbsp;Daniel \u0147arja\u0161.<\/p>\n<p>&nbsp;<\/p>\n<p>Bodov\u00e9 vyhodnotenie s\u00fa\u0165a\u017e\u00ed cvi\u010dn\u00fdch firiem ako aj umiestnenia vo v\u0161etk\u00fdch vyhl\u00e1sen\u00fdch kateg\u00f3ri\u00e1ch a fotogal\u00e9riu ve\u013etrhu n\u00e1jdete na <a href=\"http:\/\/www.sccf.sk\">www.sccf.sk<\/a> v&nbsp;\u010dasti Medzin\u00e1rodn\u00fd ve\u013etrh cvi\u010dn\u00fdch firiem 2019.<\/p>\n<p><img fetchpriority=\"high\" decoding=\"async\" class=\"alignnone size-medium wp-image-4589\" src=\"https:\/\/archiv.siov.sk\/wp-content\/uploads\/2019\/11\/lSutazMVCF2019Foto_316-300x199.jpg\" alt=\"\" width=\"300\" height=\"199\" srcset=\"https:\/\/archiv.siov.sk\/wp-content\/uploads\/2019\/11\/lSutazMVCF2019Foto_316-300x199.jpg 300w, https:\/\/archiv.siov.sk\/wp-content\/uploads\/2019\/11\/lSutazMVCF2019Foto_316-1024x678.jpg 1024w, https:\/\/archiv.siov.sk\/wp-content\/uploads\/2019\/11\/lSutazMVCF2019Foto_316-768x509.jpg 768w, https:\/\/archiv.siov.sk\/wp-content\/uploads\/2019\/11\/lSutazMVCF2019Foto_316-1536x1017.jpg 1536w, https:\/\/archiv.siov.sk\/wp-content\/uploads\/2019\/11\/lSutazMVCF2019Foto_316-2048x1357.jpg 2048w, https:\/\/archiv.siov.sk\/wp-content\/uploads\/2019\/11\/lSutazMVCF2019Foto_316-480x318.jpg 480w\" sizes=\"(max-width: 300px) 100vw, 300px\" \/> <img decoding=\"async\" class=\"alignnone size-medium wp-image-4590\" src=\"https:\/\/archiv.siov.sk\/wp-content\/uploads\/2019\/11\/lSutazMVCF2019Foto_339-300x199.jpg\" alt=\"\" width=\"300\" height=\"199\" srcset=\"https:\/\/archiv.siov.sk\/wp-content\/uploads\/2019\/11\/lSutazMVCF2019Foto_339-300x199.jpg 300w, https:\/\/archiv.siov.sk\/wp-content\/uploads\/2019\/11\/lSutazMVCF2019Foto_339-1024x678.jpg 1024w, https:\/\/archiv.siov.sk\/wp-content\/uploads\/2019\/11\/lSutazMVCF2019Foto_339-768x509.jpg 768w, https:\/\/archiv.siov.sk\/wp-content\/uploads\/2019\/11\/lSutazMVCF2019Foto_339-1536x1017.jpg 1536w, https:\/\/archiv.siov.sk\/wp-content\/uploads\/2019\/11\/lSutazMVCF2019Foto_339-2048x1357.jpg 2048w, https:\/\/archiv.siov.sk\/wp-content\/uploads\/2019\/11\/lSutazMVCF2019Foto_339-480x318.jpg 480w\" sizes=\"(max-width: 300px) 100vw, 300px\" \/> <img decoding=\"async\" class=\"alignnone size-medium wp-image-4591\" src=\"https:\/\/archiv.siov.sk\/wp-content\/uploads\/2019\/11\/lSutazMVCF2019Foto_364-300x199.jpg\" alt=\"\" width=\"300\" height=\"199\" srcset=\"https:\/\/archiv.siov.sk\/wp-content\/uploads\/2019\/11\/lSutazMVCF2019Foto_364-300x199.jpg 300w, https:\/\/archiv.siov.sk\/wp-content\/uploads\/2019\/11\/lSutazMVCF2019Foto_364-1024x678.jpg 1024w, https:\/\/archiv.siov.sk\/wp-content\/uploads\/2019\/11\/lSutazMVCF2019Foto_364-768x509.jpg 768w, https:\/\/archiv.siov.sk\/wp-content\/uploads\/2019\/11\/lSutazMVCF2019Foto_364-1536x1017.jpg 1536w, https:\/\/archiv.siov.sk\/wp-content\/uploads\/2019\/11\/lSutazMVCF2019Foto_364-2048x1357.jpg 2048w, https:\/\/archiv.siov.sk\/wp-content\/uploads\/2019\/11\/lSutazMVCF2019Foto_364-480x318.jpg 480w\" sizes=\"(max-width: 300px) 100vw, 300px\" \/><\/p>\n<p>V\u00ed\u0165azi s\u00fa\u0165a\u017e\u00ed dostali okrem diplomu a&nbsp;takzvanej \u201eViktorky\u201c aj vecn\u00e9 dary. Ceny do s\u00fa\u0165a\u017e\u00ed venovali a&nbsp;ve\u013etrh podporili VSE a.s. &#8211; V\u00fdchodoslovensk\u00e1 energetika; Nad\u00e1cia Slovenskej sporite\u013ene, Slovak Business Agency; Zdru\u017eenie mlad\u00fdch podnikate\u013eov Slovenska, SPN &#8211; Mlad\u00e9 let\u00e1, s. r. o., Europass&nbsp; a KVANT spol s. r. o. a. &nbsp;<\/p>\n<p>&nbsp;<\/p>\n<p>Aj v\u010faka spom\u00ednan\u00fdm firm\u00e1m sa n\u00e1m podarilo zorganizova\u0165 jedine\u010dn\u00e9 podujatie. E\u0161te raz im v\u0161etk\u00fdm srde\u010dne \u010fakujeme. Na\u0161a v\u010faka patr\u00ed aj v\u0161etk\u00fdm,&nbsp; ktor\u00ed svojou \u00fa\u010das\u0165ou a podporou&nbsp; prispeli k&nbsp;zv\u00fd\u0161eniu prest\u00ed\u017ee cel\u00e9ho podujatia a&nbsp;umo\u017enili skvalitni\u0165 priestor pre tvorivos\u0165 a z\u00edskavanie odborn\u00fdch a praktick\u00fdch zru\u010dnost\u00ed mlad\u00fdch \u013eud\u00ed.<strong>&nbsp;&nbsp;&nbsp;&nbsp;&nbsp;&nbsp;&nbsp;&nbsp;&nbsp;&nbsp;&nbsp;&nbsp;&nbsp;&nbsp;&nbsp;&nbsp;&nbsp;&nbsp;&nbsp;&nbsp;&nbsp;&nbsp;&nbsp;&nbsp;&nbsp;&nbsp;&nbsp;&nbsp;&nbsp;&nbsp;&nbsp;&nbsp;&nbsp;&nbsp;&nbsp;&nbsp;&nbsp;&nbsp;&nbsp;&nbsp;&nbsp;&nbsp;&nbsp;&nbsp;&nbsp;&nbsp;&nbsp;&nbsp;&nbsp;&nbsp;&nbsp;&nbsp;&nbsp;&nbsp;&nbsp;&nbsp;&nbsp;&nbsp;&nbsp;&nbsp;&nbsp;&nbsp; <\/strong><\/p>","protected":false},"excerpt":{"rendered":"<p>Bratislava &#8211; 14. novembra 2019 &#8211; Medzin\u00e1rodn\u00fd ve\u013etrh cvi\u010dn\u00fdch firiem 2019 sa po prv\u00fd raz uskuto\u010dnil v&nbsp;r\u00e1mci v\u00fdstavy Mlad\u00fd tvorca na n\u00e1rodnom v\u00fdstavisku Agrokomplex v&nbsp;Nitre 5. \u2013 6. novembra 2019. Sprievodnou akciou v\u00fdstavy bola prezent\u00e1cia s\u00fa\u0165a\u017e\u00ed Skills Slovakia, s\u00fa\u0165a\u017e mlad\u00fdch elektrotechnikov a konferencia Inov\u00e1cie v&nbsp;odbornom vzdel\u00e1van\u00ed. &nbsp; Organiza\u010dn\u00fdm a&nbsp;odborn\u00fdm garantom ve\u013etrhu bol \u0160t\u00e1tny in\u0161tit\u00fat odborn\u00e9ho [&hellip;]<\/p>\n","protected":false},"author":6,"featured_media":4578,"comment_status":"closed","ping_status":"closed","sticky":false,"template":"","format":"standard","meta":{"site-sidebar-layout":"default","site-content-layout":"","ast-site-content-layout":"default","site-content-style":"default","site-sidebar-style":"default","ast-global-header-display":"","ast-banner-title-visibility":"","ast-main-header-display":"","ast-hfb-above-header-display":"","ast-hfb-below-header-display":"","ast-hfb-mobile-header-display":"","site-post-title":"","ast-breadcrumbs-content":"","ast-featured-img":"","footer-sml-layout":"","ast-disable-related-posts":"","theme-transparent-header-meta":"","adv-header-id-meta":"","stick-header-meta":"","header-above-stick-meta":"","header-main-stick-meta":"","header-below-stick-meta":"","astra-migrate-meta-layouts":"default","ast-page-background-enabled":"default","ast-page-background-meta":{"desktop":{"background-color":"var(--ast-global-color-4)","background-image":"","background-repeat":"repeat","background-position":"center center","background-size":"auto","background-attachment":"scroll","background-type":"","background-media":"","overlay-type":"","overlay-color":"","overlay-opacity":"","overlay-gradient":""},"tablet":{"background-color":"","background-image":"","background-repeat":"repeat","background-position":"center center","background-size":"auto","background-attachment":"scroll","background-type":"","background-media":"","overlay-type":"","overlay-color":"","overlay-opacity":"","overlay-gradient":""},"mobile":{"background-color":"","background-image":"","background-repeat":"repeat","background-position":"center center","background-size":"auto","background-attachment":"scroll","background-type":"","background-media":"","overlay-type":"","overlay-color":"","overlay-opacity":"","overlay-gradient":""}},"ast-content-background-meta":{"desktop":{"background-color":"var(--ast-global-color-5)","background-image":"","background-repeat":"repeat","background-position":"center center","background-size":"auto","background-attachment":"scroll","background-type":"","background-media":"","overlay-type":"","overlay-color":"","overlay-opacity":"","overlay-gradient":""},"tablet":{"background-color":"var(--ast-global-color-5)","background-image":"","background-repeat":"repeat","background-position":"center center","background-size":"auto","background-attachment":"scroll","background-type":"","background-media":"","overlay-type":"","overlay-color":"","overlay-opacity":"","overlay-gradient":""},"mobile":{"background-color":"var(--ast-global-color-5)","background-image":"","background-repeat":"repeat","background-position":"center center","background-size":"auto","background-attachment":"scroll","background-type":"","background-media":"","overlay-type":"","overlay-color":"","overlay-opacity":"","overlay-gradient":""}},"footnotes":""},"categories":[1],"tags":[],"class_list":["post-4575","post","type-post","status-publish","format-standard","has-post-thumbnail","hentry","category-aktuality"],"yoast_head":"<!-- This site is optimized with the Yoast SEO plugin v27.5 - https:\/\/yoast.com\/product\/yoast-seo-wordpress\/ -->\n<title>Medzin\u00e1rodn\u00fd Ve\u013etrh Cvi\u010dn\u00fdch Firiem a\u00a0Mlad\u00fd tvorca 2019 v Nitre - \u0160IOV - \u0161t\u00e1tny in\u0161tit\u00fat odborn\u00e9ho vzdel\u00e1vania<\/title>\n<meta name=\"robots\" content=\"index, follow, max-snippet:-1, max-image-preview:large, max-video-preview:-1\" \/>\n<link rel=\"canonical\" href=\"https:\/\/archiv.siov.sk\/en\/medzinarodny-veltrh-cvicnych-firiem-a-mlady-tvorca-2019-v-nitre\/\" \/>\n<meta property=\"og:locale\" content=\"en_GB\" \/>\n<meta property=\"og:type\" content=\"article\" \/>\n<meta property=\"og:title\" content=\"Medzin\u00e1rodn\u00fd Ve\u013etrh Cvi\u010dn\u00fdch Firiem a\u00a0Mlad\u00fd tvorca 2019 v Nitre - \u0160IOV - \u0161t\u00e1tny in\u0161tit\u00fat odborn\u00e9ho vzdel\u00e1vania\" \/>\n<meta property=\"og:description\" content=\"Bratislava &#8211; 14. novembra 2019 &#8211; Medzin\u00e1rodn\u00fd ve\u013etrh cvi\u010dn\u00fdch firiem 2019 sa po prv\u00fd raz uskuto\u010dnil v&nbsp;r\u00e1mci v\u00fdstavy Mlad\u00fd tvorca na n\u00e1rodnom v\u00fdstavisku Agrokomplex v&nbsp;Nitre 5. \u2013 6. novembra 2019. Sprievodnou akciou v\u00fdstavy bola prezent\u00e1cia s\u00fa\u0165a\u017e\u00ed Skills Slovakia, s\u00fa\u0165a\u017e mlad\u00fdch elektrotechnikov a konferencia Inov\u00e1cie v&nbsp;odbornom vzdel\u00e1van\u00ed. &nbsp; Organiza\u010dn\u00fdm a&nbsp;odborn\u00fdm garantom ve\u013etrhu bol \u0160t\u00e1tny in\u0161tit\u00fat odborn\u00e9ho [&hellip;]\" \/>\n<meta property=\"og:url\" content=\"https:\/\/archiv.siov.sk\/en\/medzinarodny-veltrh-cvicnych-firiem-a-mlady-tvorca-2019-v-nitre\/\" \/>\n<meta property=\"og:site_name\" content=\"\u0160IOV - \u0161t\u00e1tny in\u0161tit\u00fat odborn\u00e9ho vzdel\u00e1vania\" \/>\n<meta property=\"article:publisher\" content=\"https:\/\/www.facebook.com\/Statnyinstitutodbornehovzdelavania\" \/>\n<meta property=\"article:published_time\" content=\"2019-11-14T12:15:23+00:00\" \/>\n<meta property=\"article:modified_time\" content=\"2019-11-18T08:24:58+00:00\" \/>\n<meta property=\"og:image\" content=\"https:\/\/archiv.siov.sk\/wp-content\/uploads\/2019\/11\/SCCF_Logo_Farebne.jpg\" \/>\n\t<meta property=\"og:image:width\" content=\"781\" \/>\n\t<meta property=\"og:image:height\" content=\"299\" \/>\n\t<meta property=\"og:image:type\" content=\"image\/jpeg\" \/>\n<meta name=\"author\" content=\"Katar\u00edna Kov\u00e1\u010dov\u00e1\" \/>\n<meta name=\"twitter:card\" content=\"summary_large_image\" \/>\n<meta name=\"twitter:label1\" content=\"Written by\" \/>\n\t<meta name=\"twitter:data1\" content=\"Katar\u00edna Kov\u00e1\u010dov\u00e1\" \/>\n\t<meta name=\"twitter:label2\" content=\"Estimated reading time\" \/>\n\t<meta name=\"twitter:data2\" content=\"5 minutes\" \/>\n<script type=\"application\/ld+json\" class=\"yoast-schema-graph\">{\"@context\":\"https:\\\/\\\/schema.org\",\"@graph\":[{\"@type\":\"Article\",\"@id\":\"https:\\\/\\\/archiv.siov.sk\\\/medzinarodny-veltrh-cvicnych-firiem-a-mlady-tvorca-2019-v-nitre\\\/#article\",\"isPartOf\":{\"@id\":\"https:\\\/\\\/archiv.siov.sk\\\/medzinarodny-veltrh-cvicnych-firiem-a-mlady-tvorca-2019-v-nitre\\\/\"},\"author\":{\"name\":\"Katar\u00edna Kov\u00e1\u010dov\u00e1\",\"@id\":\"https:\\\/\\\/archiv.siov.sk\\\/#\\\/schema\\\/person\\\/e42d633fbd958c6a726e8834d8965e6c\"},\"headline\":\"Medzin\u00e1rodn\u00fd Ve\u013etrh Cvi\u010dn\u00fdch Firiem a\u00a0Mlad\u00fd tvorca 2019 v Nitre\",\"datePublished\":\"2019-11-14T12:15:23+00:00\",\"dateModified\":\"2019-11-18T08:24:58+00:00\",\"mainEntityOfPage\":{\"@id\":\"https:\\\/\\\/archiv.siov.sk\\\/medzinarodny-veltrh-cvicnych-firiem-a-mlady-tvorca-2019-v-nitre\\\/\"},\"wordCount\":917,\"publisher\":{\"@id\":\"https:\\\/\\\/archiv.siov.sk\\\/#organization\"},\"image\":{\"@id\":\"https:\\\/\\\/archiv.siov.sk\\\/medzinarodny-veltrh-cvicnych-firiem-a-mlady-tvorca-2019-v-nitre\\\/#primaryimage\"},\"thumbnailUrl\":\"https:\\\/\\\/archiv.siov.sk\\\/wp-content\\\/uploads\\\/2019\\\/11\\\/SCCF_Logo_Farebne.jpg\",\"articleSection\":[\"Aktuality\"],\"inLanguage\":\"en-GB\"},{\"@type\":\"WebPage\",\"@id\":\"https:\\\/\\\/archiv.siov.sk\\\/medzinarodny-veltrh-cvicnych-firiem-a-mlady-tvorca-2019-v-nitre\\\/\",\"url\":\"https:\\\/\\\/archiv.siov.sk\\\/medzinarodny-veltrh-cvicnych-firiem-a-mlady-tvorca-2019-v-nitre\\\/\",\"name\":\"Medzin\u00e1rodn\u00fd Ve\u013etrh Cvi\u010dn\u00fdch Firiem a\u00a0Mlad\u00fd tvorca 2019 v Nitre - \u0160IOV - \u0161t\u00e1tny in\u0161tit\u00fat odborn\u00e9ho vzdel\u00e1vania\",\"isPartOf\":{\"@id\":\"https:\\\/\\\/archiv.siov.sk\\\/#website\"},\"primaryImageOfPage\":{\"@id\":\"https:\\\/\\\/archiv.siov.sk\\\/medzinarodny-veltrh-cvicnych-firiem-a-mlady-tvorca-2019-v-nitre\\\/#primaryimage\"},\"image\":{\"@id\":\"https:\\\/\\\/archiv.siov.sk\\\/medzinarodny-veltrh-cvicnych-firiem-a-mlady-tvorca-2019-v-nitre\\\/#primaryimage\"},\"thumbnailUrl\":\"https:\\\/\\\/archiv.siov.sk\\\/wp-content\\\/uploads\\\/2019\\\/11\\\/SCCF_Logo_Farebne.jpg\",\"datePublished\":\"2019-11-14T12:15:23+00:00\",\"dateModified\":\"2019-11-18T08:24:58+00:00\",\"breadcrumb\":{\"@id\":\"https:\\\/\\\/archiv.siov.sk\\\/medzinarodny-veltrh-cvicnych-firiem-a-mlady-tvorca-2019-v-nitre\\\/#breadcrumb\"},\"inLanguage\":\"en-GB\",\"potentialAction\":[{\"@type\":\"ReadAction\",\"target\":[\"https:\\\/\\\/archiv.siov.sk\\\/medzinarodny-veltrh-cvicnych-firiem-a-mlady-tvorca-2019-v-nitre\\\/\"]}]},{\"@type\":\"ImageObject\",\"inLanguage\":\"en-GB\",\"@id\":\"https:\\\/\\\/archiv.siov.sk\\\/medzinarodny-veltrh-cvicnych-firiem-a-mlady-tvorca-2019-v-nitre\\\/#primaryimage\",\"url\":\"https:\\\/\\\/archiv.siov.sk\\\/wp-content\\\/uploads\\\/2019\\\/11\\\/SCCF_Logo_Farebne.jpg\",\"contentUrl\":\"https:\\\/\\\/archiv.siov.sk\\\/wp-content\\\/uploads\\\/2019\\\/11\\\/SCCF_Logo_Farebne.jpg\",\"width\":781,\"height\":299},{\"@type\":\"BreadcrumbList\",\"@id\":\"https:\\\/\\\/archiv.siov.sk\\\/medzinarodny-veltrh-cvicnych-firiem-a-mlady-tvorca-2019-v-nitre\\\/#breadcrumb\",\"itemListElement\":[{\"@type\":\"ListItem\",\"position\":1,\"name\":\"Home\",\"item\":\"https:\\\/\\\/archiv.siov.sk\\\/\"},{\"@type\":\"ListItem\",\"position\":2,\"name\":\"Medzin\u00e1rodn\u00fd Ve\u013etrh Cvi\u010dn\u00fdch Firiem a\u00a0Mlad\u00fd tvorca 2019 v Nitre\"}]},{\"@type\":\"WebSite\",\"@id\":\"https:\\\/\\\/archiv.siov.sk\\\/#website\",\"url\":\"https:\\\/\\\/archiv.siov.sk\\\/\",\"name\":\"\u0160IOV - \u0161t\u00e1tny in\u0161tit\u00fat odborn\u00e9ho vzdel\u00e1vania\",\"description\":\"\",\"publisher\":{\"@id\":\"https:\\\/\\\/archiv.siov.sk\\\/#organization\"},\"potentialAction\":[{\"@type\":\"SearchAction\",\"target\":{\"@type\":\"EntryPoint\",\"urlTemplate\":\"https:\\\/\\\/archiv.siov.sk\\\/?s={search_term_string}\"},\"query-input\":{\"@type\":\"PropertyValueSpecification\",\"valueRequired\":true,\"valueName\":\"search_term_string\"}}],\"inLanguage\":\"en-GB\"},{\"@type\":\"Organization\",\"@id\":\"https:\\\/\\\/archiv.siov.sk\\\/#organization\",\"name\":\"\u0160IOV - \u0161t\u00e1tny in\u0161tit\u00fat odborn\u00e9ho vzdel\u00e1vania\",\"url\":\"https:\\\/\\\/archiv.siov.sk\\\/\",\"logo\":{\"@type\":\"ImageObject\",\"inLanguage\":\"en-GB\",\"@id\":\"https:\\\/\\\/archiv.siov.sk\\\/#\\\/schema\\\/logo\\\/image\\\/\",\"url\":\"https:\\\/\\\/archiv.siov.sk\\\/wp-content\\\/uploads\\\/2024\\\/02\\\/logo-SIOV.png\",\"contentUrl\":\"https:\\\/\\\/archiv.siov.sk\\\/wp-content\\\/uploads\\\/2024\\\/02\\\/logo-SIOV.png\",\"width\":431,\"height\":143,\"caption\":\"\u0160IOV - \u0161t\u00e1tny in\u0161tit\u00fat odborn\u00e9ho vzdel\u00e1vania\"},\"image\":{\"@id\":\"https:\\\/\\\/archiv.siov.sk\\\/#\\\/schema\\\/logo\\\/image\\\/\"},\"sameAs\":[\"https:\\\/\\\/www.facebook.com\\\/Statnyinstitutodbornehovzdelavania\"]},{\"@type\":\"Person\",\"@id\":\"https:\\\/\\\/archiv.siov.sk\\\/#\\\/schema\\\/person\\\/e42d633fbd958c6a726e8834d8965e6c\",\"name\":\"Katar\u00edna Kov\u00e1\u010dov\u00e1\",\"url\":\"https:\\\/\\\/archiv.siov.sk\\\/en\\\/author\\\/katkakovacova\\\/\"}]}<\/script>\n<!-- \/ Yoast SEO plugin. -->","yoast_head_json":{"title":"Medzin\u00e1rodn\u00fd Ve\u013etrh Cvi\u010dn\u00fdch Firiem a\u00a0Mlad\u00fd tvorca 2019 v Nitre - \u0160IOV - \u0161t\u00e1tny in\u0161tit\u00fat odborn\u00e9ho vzdel\u00e1vania","robots":{"index":"index","follow":"follow","max-snippet":"max-snippet:-1","max-image-preview":"max-image-preview:large","max-video-preview":"max-video-preview:-1"},"canonical":"https:\/\/archiv.siov.sk\/en\/medzinarodny-veltrh-cvicnych-firiem-a-mlady-tvorca-2019-v-nitre\/","og_locale":"en_GB","og_type":"article","og_title":"Medzin\u00e1rodn\u00fd Ve\u013etrh Cvi\u010dn\u00fdch Firiem a\u00a0Mlad\u00fd tvorca 2019 v Nitre - \u0160IOV - \u0161t\u00e1tny in\u0161tit\u00fat odborn\u00e9ho vzdel\u00e1vania","og_description":"Bratislava &#8211; 14. novembra 2019 &#8211; Medzin\u00e1rodn\u00fd ve\u013etrh cvi\u010dn\u00fdch firiem 2019 sa po prv\u00fd raz uskuto\u010dnil v&nbsp;r\u00e1mci v\u00fdstavy Mlad\u00fd tvorca na n\u00e1rodnom v\u00fdstavisku Agrokomplex v&nbsp;Nitre 5. \u2013 6. novembra 2019. Sprievodnou akciou v\u00fdstavy bola prezent\u00e1cia s\u00fa\u0165a\u017e\u00ed Skills Slovakia, s\u00fa\u0165a\u017e mlad\u00fdch elektrotechnikov a konferencia Inov\u00e1cie v&nbsp;odbornom vzdel\u00e1van\u00ed. &nbsp; Organiza\u010dn\u00fdm a&nbsp;odborn\u00fdm garantom ve\u013etrhu bol \u0160t\u00e1tny in\u0161tit\u00fat odborn\u00e9ho [&hellip;]","og_url":"https:\/\/archiv.siov.sk\/en\/medzinarodny-veltrh-cvicnych-firiem-a-mlady-tvorca-2019-v-nitre\/","og_site_name":"\u0160IOV - \u0161t\u00e1tny in\u0161tit\u00fat odborn\u00e9ho vzdel\u00e1vania","article_publisher":"https:\/\/www.facebook.com\/Statnyinstitutodbornehovzdelavania","article_published_time":"2019-11-14T12:15:23+00:00","article_modified_time":"2019-11-18T08:24:58+00:00","og_image":[{"width":781,"height":299,"url":"https:\/\/archiv.siov.sk\/wp-content\/uploads\/2019\/11\/SCCF_Logo_Farebne.jpg","type":"image\/jpeg"}],"author":"Katar\u00edna Kov\u00e1\u010dov\u00e1","twitter_card":"summary_large_image","twitter_misc":{"Written by":"Katar\u00edna Kov\u00e1\u010dov\u00e1","Estimated reading time":"5 minutes"},"schema":{"@context":"https:\/\/schema.org","@graph":[{"@type":"Article","@id":"https:\/\/archiv.siov.sk\/medzinarodny-veltrh-cvicnych-firiem-a-mlady-tvorca-2019-v-nitre\/#article","isPartOf":{"@id":"https:\/\/archiv.siov.sk\/medzinarodny-veltrh-cvicnych-firiem-a-mlady-tvorca-2019-v-nitre\/"},"author":{"name":"Katar\u00edna Kov\u00e1\u010dov\u00e1","@id":"https:\/\/archiv.siov.sk\/#\/schema\/person\/e42d633fbd958c6a726e8834d8965e6c"},"headline":"Medzin\u00e1rodn\u00fd Ve\u013etrh Cvi\u010dn\u00fdch Firiem a\u00a0Mlad\u00fd tvorca 2019 v Nitre","datePublished":"2019-11-14T12:15:23+00:00","dateModified":"2019-11-18T08:24:58+00:00","mainEntityOfPage":{"@id":"https:\/\/archiv.siov.sk\/medzinarodny-veltrh-cvicnych-firiem-a-mlady-tvorca-2019-v-nitre\/"},"wordCount":917,"publisher":{"@id":"https:\/\/archiv.siov.sk\/#organization"},"image":{"@id":"https:\/\/archiv.siov.sk\/medzinarodny-veltrh-cvicnych-firiem-a-mlady-tvorca-2019-v-nitre\/#primaryimage"},"thumbnailUrl":"https:\/\/archiv.siov.sk\/wp-content\/uploads\/2019\/11\/SCCF_Logo_Farebne.jpg","articleSection":["Aktuality"],"inLanguage":"en-GB"},{"@type":"WebPage","@id":"https:\/\/archiv.siov.sk\/medzinarodny-veltrh-cvicnych-firiem-a-mlady-tvorca-2019-v-nitre\/","url":"https:\/\/archiv.siov.sk\/medzinarodny-veltrh-cvicnych-firiem-a-mlady-tvorca-2019-v-nitre\/","name":"Medzin\u00e1rodn\u00fd Ve\u013etrh Cvi\u010dn\u00fdch Firiem a\u00a0Mlad\u00fd tvorca 2019 v Nitre - \u0160IOV - \u0161t\u00e1tny in\u0161tit\u00fat odborn\u00e9ho vzdel\u00e1vania","isPartOf":{"@id":"https:\/\/archiv.siov.sk\/#website"},"primaryImageOfPage":{"@id":"https:\/\/archiv.siov.sk\/medzinarodny-veltrh-cvicnych-firiem-a-mlady-tvorca-2019-v-nitre\/#primaryimage"},"image":{"@id":"https:\/\/archiv.siov.sk\/medzinarodny-veltrh-cvicnych-firiem-a-mlady-tvorca-2019-v-nitre\/#primaryimage"},"thumbnailUrl":"https:\/\/archiv.siov.sk\/wp-content\/uploads\/2019\/11\/SCCF_Logo_Farebne.jpg","datePublished":"2019-11-14T12:15:23+00:00","dateModified":"2019-11-18T08:24:58+00:00","breadcrumb":{"@id":"https:\/\/archiv.siov.sk\/medzinarodny-veltrh-cvicnych-firiem-a-mlady-tvorca-2019-v-nitre\/#breadcrumb"},"inLanguage":"en-GB","potentialAction":[{"@type":"ReadAction","target":["https:\/\/archiv.siov.sk\/medzinarodny-veltrh-cvicnych-firiem-a-mlady-tvorca-2019-v-nitre\/"]}]},{"@type":"ImageObject","inLanguage":"en-GB","@id":"https:\/\/archiv.siov.sk\/medzinarodny-veltrh-cvicnych-firiem-a-mlady-tvorca-2019-v-nitre\/#primaryimage","url":"https:\/\/archiv.siov.sk\/wp-content\/uploads\/2019\/11\/SCCF_Logo_Farebne.jpg","contentUrl":"https:\/\/archiv.siov.sk\/wp-content\/uploads\/2019\/11\/SCCF_Logo_Farebne.jpg","width":781,"height":299},{"@type":"BreadcrumbList","@id":"https:\/\/archiv.siov.sk\/medzinarodny-veltrh-cvicnych-firiem-a-mlady-tvorca-2019-v-nitre\/#breadcrumb","itemListElement":[{"@type":"ListItem","position":1,"name":"Home","item":"https:\/\/archiv.siov.sk\/"},{"@type":"ListItem","position":2,"name":"Medzin\u00e1rodn\u00fd Ve\u013etrh Cvi\u010dn\u00fdch Firiem a\u00a0Mlad\u00fd tvorca 2019 v Nitre"}]},{"@type":"WebSite","@id":"https:\/\/archiv.siov.sk\/#website","url":"https:\/\/archiv.siov.sk\/","name":"\u0160IOV - \u0161t\u00e1tny in\u0161tit\u00fat odborn\u00e9ho vzdel\u00e1vania","description":"","publisher":{"@id":"https:\/\/archiv.siov.sk\/#organization"},"potentialAction":[{"@type":"SearchAction","target":{"@type":"EntryPoint","urlTemplate":"https:\/\/archiv.siov.sk\/?s={search_term_string}"},"query-input":{"@type":"PropertyValueSpecification","valueRequired":true,"valueName":"search_term_string"}}],"inLanguage":"en-GB"},{"@type":"Organization","@id":"https:\/\/archiv.siov.sk\/#organization","name":"\u0160IOV - \u0161t\u00e1tny in\u0161tit\u00fat odborn\u00e9ho vzdel\u00e1vania","url":"https:\/\/archiv.siov.sk\/","logo":{"@type":"ImageObject","inLanguage":"en-GB","@id":"https:\/\/archiv.siov.sk\/#\/schema\/logo\/image\/","url":"https:\/\/archiv.siov.sk\/wp-content\/uploads\/2024\/02\/logo-SIOV.png","contentUrl":"https:\/\/archiv.siov.sk\/wp-content\/uploads\/2024\/02\/logo-SIOV.png","width":431,"height":143,"caption":"\u0160IOV - \u0161t\u00e1tny in\u0161tit\u00fat odborn\u00e9ho vzdel\u00e1vania"},"image":{"@id":"https:\/\/archiv.siov.sk\/#\/schema\/logo\/image\/"},"sameAs":["https:\/\/www.facebook.com\/Statnyinstitutodbornehovzdelavania"]},{"@type":"Person","@id":"https:\/\/archiv.siov.sk\/#\/schema\/person\/e42d633fbd958c6a726e8834d8965e6c","name":"Katar\u00edna Kov\u00e1\u010dov\u00e1","url":"https:\/\/archiv.siov.sk\/en\/author\/katkakovacova\/"}]}},"_links":{"self":[{"href":"https:\/\/archiv.siov.sk\/en\/wp-json\/wp\/v2\/posts\/4575","targetHints":{"allow":["GET"]}}],"collection":[{"href":"https:\/\/archiv.siov.sk\/en\/wp-json\/wp\/v2\/posts"}],"about":[{"href":"https:\/\/archiv.siov.sk\/en\/wp-json\/wp\/v2\/types\/post"}],"author":[{"embeddable":true,"href":"https:\/\/archiv.siov.sk\/en\/wp-json\/wp\/v2\/users\/6"}],"replies":[{"embeddable":true,"href":"https:\/\/archiv.siov.sk\/en\/wp-json\/wp\/v2\/comments?post=4575"}],"version-history":[{"count":3,"href":"https:\/\/archiv.siov.sk\/en\/wp-json\/wp\/v2\/posts\/4575\/revisions"}],"predecessor-version":[{"id":4593,"href":"https:\/\/archiv.siov.sk\/en\/wp-json\/wp\/v2\/posts\/4575\/revisions\/4593"}],"wp:featuredmedia":[{"embeddable":true,"href":"https:\/\/archiv.siov.sk\/en\/wp-json\/wp\/v2\/media\/4578"}],"wp:attachment":[{"href":"https:\/\/archiv.siov.sk\/en\/wp-json\/wp\/v2\/media?parent=4575"}],"wp:term":[{"taxonomy":"category","embeddable":true,"href":"https:\/\/archiv.siov.sk\/en\/wp-json\/wp\/v2\/categories?post=4575"},{"taxonomy":"post_tag","embeddable":true,"href":"https:\/\/archiv.siov.sk\/en\/wp-json\/wp\/v2\/tags?post=4575"}],"curies":[{"name":"wp","href":"https:\/\/api.w.org\/{rel}","templated":true}]}}