{"id":4522,"date":"2019-11-06T13:53:04","date_gmt":"2019-11-06T12:53:04","guid":{"rendered":"https:\/\/archiv.siov.sk\/?p=4522"},"modified":"2019-11-06T13:54:19","modified_gmt":"2019-11-06T12:54:19","slug":"mlady-tvorca-cvicne-firmy-skills-slovakia-a-este-omnoho-viac-na-agrokomplexe-v-nitre","status":"publish","type":"post","link":"https:\/\/archiv.siov.sk\/en\/mlady-tvorca-cvicne-firmy-skills-slovakia-a-este-omnoho-viac-na-agrokomplexe-v-nitre\/","title":{"rendered":"Mlad\u00fd tvorca, cvi\u010dn\u00e9 firmy, Skills Slovakia a e\u0161te omnoho viac na Agrokomplexe v Nitre"},"content":{"rendered":"<p style=\"text-align: justify;\">U\u017e 27. ro\u010dn\u00edk prezenta\u010dnej v\u00fdstavy stredn\u00fdch odborn\u00fdch \u0161k\u00f4l Mlad\u00fd tvorca bol 5. &#8211; 6. novembra 2019 v&nbsp;are\u00e1li v\u00fdstaviska Agrokomplex v&nbsp;Nitre. Z\u00fa\u010dastnili sa na \u0148om stredn\u00e9 \u0161koly z&nbsp;cel\u00e9ho Slovenska a&nbsp;tie\u017e nieko\u013eko \u0161k\u00f4l z&nbsp;Vyso\u010diny v&nbsp;\u010ceskej republike. S\u00fa\u010das\u0165ou najv\u00e4\u010d\u0161ieho celoslovensk\u00e9ho podujatia na podporu a&nbsp;propag\u00e1ciu stredo\u0161kolsk\u00e9ho odborn\u00e9ho vzdel\u00e1vania bol aj Skills Slovakia a Medzin\u00e1rodn\u00fd ve\u013etrh cvi\u010dn\u00fdch firiem, na ktorom sa z\u00fa\u010dastnili s\u00fa\u0165a\u017eiaci z&nbsp;\u010ceskej republiky, Slovinska, Talianska, Turecka, Rumunska, Portugalska, Litvy, Rak\u00faska a&nbsp;samozrejme Slovenska.<\/p>\n<p style=\"text-align: justify;\">Okrem toho sa mohli n\u00e1v\u0161tevn\u00edci podujatia obozn\u00e1mi\u0165 aj s Eur\u00f3pskym ve\u013etrhom pomaturitn\u00e9ho a&nbsp;celo\u017eivotn\u00e9ho vzdel\u00e1vania Gaudeamus. V\u0161etky aktivity organizoval, alebo sa na ich pr\u00edprave podie\u013eal, \u0160t\u00e1tny in\u0161tit\u00fat odborn\u00e9ho vzdel\u00e1vania (\u0160IOV).<\/p>\n<p>&nbsp; &nbsp; &nbsp; &nbsp; &nbsp; &nbsp; &nbsp; &nbsp; &nbsp; &nbsp; &nbsp; &nbsp; &nbsp; &nbsp; &nbsp;<img fetchpriority=\"high\" decoding=\"async\" class=\"alignnone size-medium wp-image-4525\" src=\"https:\/\/archiv.siov.sk\/wp-content\/uploads\/2019\/11\/MT-2-300x200.jpg\" alt=\"\" width=\"300\" height=\"200\" srcset=\"https:\/\/archiv.siov.sk\/wp-content\/uploads\/2019\/11\/MT-2-300x200.jpg 300w, https:\/\/archiv.siov.sk\/wp-content\/uploads\/2019\/11\/MT-2-768x512.jpg 768w, https:\/\/archiv.siov.sk\/wp-content\/uploads\/2019\/11\/MT-2-1024x683.jpg 1024w, https:\/\/archiv.siov.sk\/wp-content\/uploads\/2019\/11\/MT-2-480x320.jpg 480w, https:\/\/archiv.siov.sk\/wp-content\/uploads\/2019\/11\/MT-2-272x182.jpg 272w, https:\/\/archiv.siov.sk\/wp-content\/uploads\/2019\/11\/MT-2.jpg 2000w\" sizes=\"(max-width: 300px) 100vw, 300px\" \/>&nbsp; &nbsp; &nbsp; <img decoding=\"async\" class=\"alignnone size-medium wp-image-4527\" src=\"https:\/\/archiv.siov.sk\/wp-content\/uploads\/2019\/11\/MT-3-1-300x200.jpg\" alt=\"\" width=\"300\" height=\"200\" srcset=\"https:\/\/archiv.siov.sk\/wp-content\/uploads\/2019\/11\/MT-3-1-300x200.jpg 300w, https:\/\/archiv.siov.sk\/wp-content\/uploads\/2019\/11\/MT-3-1-768x512.jpg 768w, https:\/\/archiv.siov.sk\/wp-content\/uploads\/2019\/11\/MT-3-1-1024x683.jpg 1024w, https:\/\/archiv.siov.sk\/wp-content\/uploads\/2019\/11\/MT-3-1-480x320.jpg 480w, https:\/\/archiv.siov.sk\/wp-content\/uploads\/2019\/11\/MT-3-1-272x182.jpg 272w, https:\/\/archiv.siov.sk\/wp-content\/uploads\/2019\/11\/MT-3-1.jpg 2000w\" sizes=\"(max-width: 300px) 100vw, 300px\" \/><\/p>\n<p style=\"text-align: justify;\">Ministerka \u0161kolstva, vedy, v\u00fdskumu a&nbsp;\u0161portu Martina Lubyov\u00e1 po\u010das sl\u00e1vnostn\u00e9ho otvorenia zd\u00f4raznila, \u017ee podujatie je ve\u013emi dobrou pr\u00edle\u017eitos\u0165ou na to, ako medzi laickou i&nbsp;odbornou verejnos\u0165ou zv\u00fd\u0161i\u0165 povedomie o&nbsp;ponuke stredo\u0161kolsk\u00e9ho odborn\u00e9ho vzdel\u00e1vania. Pod\u013ea nej je to z\u00e1rove\u0148 \u201eve\u013emi dobr\u00e1 pr\u00edle\u017eitos\u0165 na to aby \u017eiaci z\u00e1kladn\u00fdch \u0161k\u00f4l a&nbsp;ich rodi\u010dia z\u00edskali vedomosti o&nbsp;tom, ak\u00e9 s\u00fa \u010fal\u0161ie mo\u017enosti kari\u00e9rneho rozvoja mlad\u00fdch \u013eud\u00ed\u201c. Z\u00e1rove\u0148 pripomenula v\u00fdzvy novej priemyselnej revol\u00facie, ktor\u00fa verejnos\u0165 pozn\u00e1 ako Priemysel 4.0.<\/p>\n<p style=\"text-align: justify;\">Pod\u013ea ministerky Martiny Lubyovej je nasleduj\u00face obdobie ve\u013emi d\u00f4le\u017eit\u00e9 pre reformu n\u00e1\u0161ho vzdel\u00e1vacieho syst\u00e9mu tak, aby reflektoval o\u010dak\u00e1van\u00e9 zmeny na pracovnom trhu, ktor\u00fd u\u017e nebude nepotrebova\u0165 zamestnancov a&nbsp;podnikate\u013eov v&nbsp;doteraj\u0161ej \u0161trukt\u00fare ale v&nbsp;nov\u00fdch odboroch a &nbsp;povolaniach. V&nbsp;tejto s\u00favislosti ocenila v\u00fdsledky N\u00e1rodn\u00e9ho projektu Syst\u00e9m du\u00e1lneho vzdel\u00e1vania, ktor\u00fd realizuje \u0160IOV v&nbsp;\u00fazkej spolupr\u00e1ci s&nbsp;organiz\u00e1ciami zamestn\u00e1vate\u013eov. Po\u010das trvania projektu (od roku 2016) vst\u00fapilo do Syst\u00e9mu du\u00e1lneho vzdel\u00e1vania (SDV) 3&nbsp;700 \u0161tudentov. To znamen\u00e1, \u017ee sa u\u010dili pod\u013ea nov\u00fdch \u0161t\u00e1tnych vzdel\u00e1vac\u00edch programov, ktor\u00e9 boli pripraven\u00e9 pre SDV a&nbsp;z\u00e1rove\u0148 absolvovali prax u&nbsp;zamestn\u00e1vate\u013eov. V&nbsp;aktu\u00e1lnom \u0161kolskom roku 2019\/20 nast\u00fapilo do SDV \u010fal\u0161\u00edch 2&nbsp;750 \u0161tudentov. Na z\u00e1klade komunik\u00e1cie \u0160IOV so \u0161kolami a&nbsp;zamestn\u00e1vate\u013emi je re\u00e1lny predpoklad, \u017ee do 31. janu\u00e1ra 2020, v&nbsp;s\u00falade so z\u00e1konom o&nbsp;odbornom vzdel\u00e1van\u00ed, prest\u00fapi na \u0161tudijn\u00e9 odbory v&nbsp;SDV \u010fal\u0161\u00edch pribli\u017ene 340 \u0161tudentov. To znamen\u00e1, \u017ee v&nbsp;aktu\u00e1lnom \u0161kolskom roku budeme v&nbsp;syst\u00e9me registrova\u0165 6&nbsp;800 \u0161tudentov.<\/p>\n<p>&nbsp; &nbsp; &nbsp; &nbsp; &nbsp; &nbsp; &nbsp; &nbsp; &nbsp; &nbsp; &nbsp; &nbsp; &nbsp; &nbsp; &nbsp; &nbsp; &nbsp; &nbsp; &nbsp; &nbsp; &nbsp; &nbsp; &nbsp; &nbsp; &nbsp; &nbsp; &nbsp; &nbsp; &nbsp; &nbsp; &nbsp; &nbsp; &nbsp; &nbsp; &nbsp; &nbsp; &nbsp;<img decoding=\"async\" class=\"alignnone size-medium wp-image-4529\" src=\"https:\/\/archiv.siov.sk\/wp-content\/uploads\/2019\/11\/MT-4-1-300x200.jpg\" alt=\"\" width=\"300\" height=\"200\" srcset=\"https:\/\/archiv.siov.sk\/wp-content\/uploads\/2019\/11\/MT-4-1-300x200.jpg 300w, https:\/\/archiv.siov.sk\/wp-content\/uploads\/2019\/11\/MT-4-1-768x512.jpg 768w, https:\/\/archiv.siov.sk\/wp-content\/uploads\/2019\/11\/MT-4-1-1024x683.jpg 1024w, https:\/\/archiv.siov.sk\/wp-content\/uploads\/2019\/11\/MT-4-1-480x320.jpg 480w, https:\/\/archiv.siov.sk\/wp-content\/uploads\/2019\/11\/MT-4-1-272x182.jpg 272w, https:\/\/archiv.siov.sk\/wp-content\/uploads\/2019\/11\/MT-4-1.jpg 2000w\" sizes=\"(max-width: 300px) 100vw, 300px\" \/><\/p>\n<p style=\"text-align: justify;\">\u010eal\u0161\u00edch 4&nbsp;500 \u0161tudentov sa u\u017e teraz u\u010d\u00ed pod\u013ea upraven\u00e9ho \u0161t\u00e1tneho vzdel\u00e1vacieho programu pre SDV, ale zatia\u013e \u0160IOV nevedel verifikova\u0165 \u010di a&nbsp;v&nbsp;akom objeme absolvuj\u00fa prax. V&nbsp;roku 2019 sa skon\u010dilo verejn\u00e9 obstar\u00e1vanie na informa\u010dn\u00fd syst\u00e9m, ktor\u00fd tak\u00fato verifik\u00e1ciu zabezpe\u010d\u00ed a&nbsp;to aj v\u010faka vz\u00e1jomnej spolupr\u00e1ci \u0160IOV, \u0161k\u00f4l a&nbsp;zamestn\u00e1vate\u013eov \u2013 lebo pre v\u0161etky tieto subjekty bude syst\u00e9m otvoren\u00fd. Na z\u00e1klade komunik\u00e1cie medzi \u0160IOV, \u0161kolami a&nbsp;zamestn\u00e1vate\u013emi je pravdepodobn\u00e9, \u017ee spodn\u00e1 hranica t\u00fdch, ktor\u00ed sp\u013a\u0148aj\u00fa podmienky na zapojenia sa do SDV bude 2&nbsp;000 \u0161tudentov \u2013 tak\u017ee celkov\u00fd po\u010det \u017eiakov bude na hranici 9&nbsp;000.<\/p>\n<p style=\"text-align: justify;\">S\u00fa\u010das\u0165ou Mlad\u00e9ho tvorcu bola aj odborn\u00e1 konferencia \u201eInov\u00e1cie v&nbsp;odbornom vzdel\u00e1van\u00ed\u201c, ktor\u00fa organizovali Ministerstvo hospod\u00e1rstva SR, Ministerstvo \u0161kolstva, vedy v\u00fdskumu a&nbsp;\u0161portu SR, \u0160IOV, Nitriansky samospr\u00e1vny kraj a&nbsp;\u010fal\u0161\u00ed partneri. Riadite\u013e \u0160IOV Michal N\u011bmec na jej sl\u00e1vnostnom otvoren\u00ed okrem in\u00e9ho zd\u00f4raznil, \u017ee slovensk\u00e9 \u0161kolstvo stoj\u00ed pred \u010fal\u0161\u00edmi v\u00fdzvami. N\u00e1roky na zamestnancov a&nbsp;ich vzdelanie a&nbsp;zru\u010dnosti sa stup\u0148uj\u00fa a&nbsp;preto je nevyhnutn\u00e9 skvalitni\u0165 a&nbsp;zatrakt\u00edvni\u0165 syst\u00e9m celo\u017eivotn\u00e9ho vzdel\u00e1vania. Z\u00e1rove\u0148 vyslovil \u017eelanie, \u201eaby to, \u010do na konferencii zaznelo, na\u0161lo \u010do najsk\u00f4r uplatnenie v&nbsp;praxi\u201c.<\/p>\n<p style=\"text-align: justify;\">Na konferencii okrem in\u00e9ho odzneli aj t\u00e9my N\u00e1rodn\u00fd projekt Du\u00e1lne vzdel\u00e1vanie \u2013 Best Practice, Finan\u010dn\u00e1 gramotnos\u0165 a&nbsp;podnikate\u013esk\u00e9 vzdel\u00e1vanie na \u0161kol\u00e1ch dnes, Syst\u00e9m overovania kvalifik\u00e1ci\u00ed v&nbsp;Slovenskej republike \u010di Eur\u00f3pske politiky v&nbsp;kontexte celo\u017eivotn\u00e9ho vzdel\u00e1vania.<\/p>\n<p>&nbsp;<\/p>\n<p>Kompletn\u00fd program konferencie n\u00e1jdete <a href=\"https:\/\/www.agrokomplex.sk\/vystavy\/mlady-tvorca-2019\/\">https:\/\/www.agrokomplex.sk\/vystavy\/mlady-tvorca-2019\/<\/a><\/p>\n<p>Viac o&nbsp;odbornom vzdel\u00e1van\u00ed sa dozviete: <a href=\"https:\/\/mailchi.mp\/15f9d2314815\/trendy-v-odbornom-vzdelvani?fbclid=IwAR1XKa_E4sKZskrsPk-fZuvrKS9hFrM9JAn4NXSr-xHIxiWaMaCZ7z_2DXY\">https:\/\/mailchi.mp\/15f9d2314815\/trendy-v-odbornom-vzdelvani<\/a><\/p>\n<p>&nbsp;<\/p>\n<p>&nbsp;<\/p>","protected":false},"excerpt":{"rendered":"<p>U\u017e 27. ro\u010dn\u00edk prezenta\u010dnej v\u00fdstavy stredn\u00fdch odborn\u00fdch \u0161k\u00f4l Mlad\u00fd tvorca bol 5. &#8211; 6. novembra 2019 v&nbsp;are\u00e1li v\u00fdstaviska Agrokomplex v&nbsp;Nitre. Z\u00fa\u010dastnili sa na \u0148om stredn\u00e9 \u0161koly z&nbsp;cel\u00e9ho Slovenska a&nbsp;tie\u017e nieko\u013eko \u0161k\u00f4l z&nbsp;Vyso\u010diny v&nbsp;\u010ceskej republike. S\u00fa\u010das\u0165ou najv\u00e4\u010d\u0161ieho celoslovensk\u00e9ho podujatia na podporu a&nbsp;propag\u00e1ciu stredo\u0161kolsk\u00e9ho odborn\u00e9ho vzdel\u00e1vania bol aj Skills Slovakia a Medzin\u00e1rodn\u00fd ve\u013etrh cvi\u010dn\u00fdch firiem, na ktorom [&hellip;]<\/p>\n","protected":false},"author":6,"featured_media":4524,"comment_status":"closed","ping_status":"closed","sticky":false,"template":"","format":"standard","meta":{"site-sidebar-layout":"default","site-content-layout":"","ast-site-content-layout":"default","site-content-style":"default","site-sidebar-style":"default","ast-global-header-display":"","ast-banner-title-visibility":"","ast-main-header-display":"","ast-hfb-above-header-display":"","ast-hfb-below-header-display":"","ast-hfb-mobile-header-display":"","site-post-title":"","ast-breadcrumbs-content":"","ast-featured-img":"","footer-sml-layout":"","ast-disable-related-posts":"","theme-transparent-header-meta":"","adv-header-id-meta":"","stick-header-meta":"","header-above-stick-meta":"","header-main-stick-meta":"","header-below-stick-meta":"","astra-migrate-meta-layouts":"default","ast-page-background-enabled":"default","ast-page-background-meta":{"desktop":{"background-color":"var(--ast-global-color-4)","background-image":"","background-repeat":"repeat","background-position":"center center","background-size":"auto","background-attachment":"scroll","background-type":"","background-media":"","overlay-type":"","overlay-color":"","overlay-opacity":"","overlay-gradient":""},"tablet":{"background-color":"","background-image":"","background-repeat":"repeat","background-position":"center center","background-size":"auto","background-attachment":"scroll","background-type":"","background-media":"","overlay-type":"","overlay-color":"","overlay-opacity":"","overlay-gradient":""},"mobile":{"background-color":"","background-image":"","background-repeat":"repeat","background-position":"center center","background-size":"auto","background-attachment":"scroll","background-type":"","background-media":"","overlay-type":"","overlay-color":"","overlay-opacity":"","overlay-gradient":""}},"ast-content-background-meta":{"desktop":{"background-color":"var(--ast-global-color-5)","background-image":"","background-repeat":"repeat","background-position":"center center","background-size":"auto","background-attachment":"scroll","background-type":"","background-media":"","overlay-type":"","overlay-color":"","overlay-opacity":"","overlay-gradient":""},"tablet":{"background-color":"var(--ast-global-color-5)","background-image":"","background-repeat":"repeat","background-position":"center center","background-size":"auto","background-attachment":"scroll","background-type":"","background-media":"","overlay-type":"","overlay-color":"","overlay-opacity":"","overlay-gradient":""},"mobile":{"background-color":"var(--ast-global-color-5)","background-image":"","background-repeat":"repeat","background-position":"center center","background-size":"auto","background-attachment":"scroll","background-type":"","background-media":"","overlay-type":"","overlay-color":"","overlay-opacity":"","overlay-gradient":""}},"footnotes":""},"categories":[1],"tags":[],"class_list":["post-4522","post","type-post","status-publish","format-standard","has-post-thumbnail","hentry","category-aktuality"],"yoast_head":"<!-- This site is optimized with the Yoast SEO plugin v27.5 - https:\/\/yoast.com\/product\/yoast-seo-wordpress\/ -->\n<title>Mlad\u00fd tvorca, cvi\u010dn\u00e9 firmy, Skills Slovakia a e\u0161te omnoho viac na Agrokomplexe v Nitre - \u0160IOV - \u0161t\u00e1tny in\u0161tit\u00fat odborn\u00e9ho vzdel\u00e1vania<\/title>\n<meta name=\"robots\" content=\"index, follow, max-snippet:-1, max-image-preview:large, max-video-preview:-1\" \/>\n<link rel=\"canonical\" href=\"https:\/\/archiv.siov.sk\/en\/mlady-tvorca-cvicne-firmy-skills-slovakia-a-este-omnoho-viac-na-agrokomplexe-v-nitre\/\" \/>\n<meta property=\"og:locale\" content=\"en_GB\" \/>\n<meta property=\"og:type\" content=\"article\" \/>\n<meta property=\"og:title\" content=\"Mlad\u00fd tvorca, cvi\u010dn\u00e9 firmy, Skills Slovakia a e\u0161te omnoho viac na Agrokomplexe v Nitre - \u0160IOV - \u0161t\u00e1tny in\u0161tit\u00fat odborn\u00e9ho vzdel\u00e1vania\" \/>\n<meta property=\"og:description\" content=\"U\u017e 27. ro\u010dn\u00edk prezenta\u010dnej v\u00fdstavy stredn\u00fdch odborn\u00fdch \u0161k\u00f4l Mlad\u00fd tvorca bol 5. &#8211; 6. novembra 2019 v&nbsp;are\u00e1li v\u00fdstaviska Agrokomplex v&nbsp;Nitre. Z\u00fa\u010dastnili sa na \u0148om stredn\u00e9 \u0161koly z&nbsp;cel\u00e9ho Slovenska a&nbsp;tie\u017e nieko\u013eko \u0161k\u00f4l z&nbsp;Vyso\u010diny v&nbsp;\u010ceskej republike. S\u00fa\u010das\u0165ou najv\u00e4\u010d\u0161ieho celoslovensk\u00e9ho podujatia na podporu a&nbsp;propag\u00e1ciu stredo\u0161kolsk\u00e9ho odborn\u00e9ho vzdel\u00e1vania bol aj Skills Slovakia a Medzin\u00e1rodn\u00fd ve\u013etrh cvi\u010dn\u00fdch firiem, na ktorom [&hellip;]\" \/>\n<meta property=\"og:url\" content=\"https:\/\/archiv.siov.sk\/en\/mlady-tvorca-cvicne-firmy-skills-slovakia-a-este-omnoho-viac-na-agrokomplexe-v-nitre\/\" \/>\n<meta property=\"og:site_name\" content=\"\u0160IOV - \u0161t\u00e1tny in\u0161tit\u00fat odborn\u00e9ho vzdel\u00e1vania\" \/>\n<meta property=\"article:publisher\" content=\"https:\/\/www.facebook.com\/Statnyinstitutodbornehovzdelavania\" \/>\n<meta property=\"article:published_time\" content=\"2019-11-06T12:53:04+00:00\" \/>\n<meta property=\"article:modified_time\" content=\"2019-11-06T12:54:19+00:00\" \/>\n<meta property=\"og:image\" content=\"https:\/\/archiv.siov.sk\/wp-content\/uploads\/2019\/11\/MT-1-e1573136759555.jpg\" \/>\n\t<meta property=\"og:image:width\" content=\"600\" \/>\n\t<meta property=\"og:image:height\" content=\"400\" \/>\n\t<meta property=\"og:image:type\" content=\"image\/jpeg\" \/>\n<meta name=\"author\" content=\"Katar\u00edna Kov\u00e1\u010dov\u00e1\" \/>\n<meta name=\"twitter:card\" content=\"summary_large_image\" \/>\n<meta name=\"twitter:label1\" content=\"Written by\" \/>\n\t<meta name=\"twitter:data1\" content=\"Katar\u00edna Kov\u00e1\u010dov\u00e1\" \/>\n\t<meta name=\"twitter:label2\" content=\"Estimated reading time\" \/>\n\t<meta name=\"twitter:data2\" content=\"4 minutes\" \/>\n<script type=\"application\/ld+json\" class=\"yoast-schema-graph\">{\"@context\":\"https:\\\/\\\/schema.org\",\"@graph\":[{\"@type\":\"Article\",\"@id\":\"https:\\\/\\\/archiv.siov.sk\\\/mlady-tvorca-cvicne-firmy-skills-slovakia-a-este-omnoho-viac-na-agrokomplexe-v-nitre\\\/#article\",\"isPartOf\":{\"@id\":\"https:\\\/\\\/archiv.siov.sk\\\/mlady-tvorca-cvicne-firmy-skills-slovakia-a-este-omnoho-viac-na-agrokomplexe-v-nitre\\\/\"},\"author\":{\"name\":\"Katar\u00edna Kov\u00e1\u010dov\u00e1\",\"@id\":\"https:\\\/\\\/archiv.siov.sk\\\/#\\\/schema\\\/person\\\/e42d633fbd958c6a726e8834d8965e6c\"},\"headline\":\"Mlad\u00fd tvorca, cvi\u010dn\u00e9 firmy, Skills Slovakia a e\u0161te omnoho viac na Agrokomplexe v Nitre\",\"datePublished\":\"2019-11-06T12:53:04+00:00\",\"dateModified\":\"2019-11-06T12:54:19+00:00\",\"mainEntityOfPage\":{\"@id\":\"https:\\\/\\\/archiv.siov.sk\\\/mlady-tvorca-cvicne-firmy-skills-slovakia-a-este-omnoho-viac-na-agrokomplexe-v-nitre\\\/\"},\"wordCount\":879,\"publisher\":{\"@id\":\"https:\\\/\\\/archiv.siov.sk\\\/#organization\"},\"image\":{\"@id\":\"https:\\\/\\\/archiv.siov.sk\\\/mlady-tvorca-cvicne-firmy-skills-slovakia-a-este-omnoho-viac-na-agrokomplexe-v-nitre\\\/#primaryimage\"},\"thumbnailUrl\":\"https:\\\/\\\/archiv.siov.sk\\\/wp-content\\\/uploads\\\/2019\\\/11\\\/MT-1-e1573136759555.jpg\",\"articleSection\":[\"Aktuality\"],\"inLanguage\":\"en-GB\"},{\"@type\":\"WebPage\",\"@id\":\"https:\\\/\\\/archiv.siov.sk\\\/mlady-tvorca-cvicne-firmy-skills-slovakia-a-este-omnoho-viac-na-agrokomplexe-v-nitre\\\/\",\"url\":\"https:\\\/\\\/archiv.siov.sk\\\/mlady-tvorca-cvicne-firmy-skills-slovakia-a-este-omnoho-viac-na-agrokomplexe-v-nitre\\\/\",\"name\":\"Mlad\u00fd tvorca, cvi\u010dn\u00e9 firmy, Skills Slovakia a e\u0161te omnoho viac na Agrokomplexe v Nitre - \u0160IOV - \u0161t\u00e1tny in\u0161tit\u00fat odborn\u00e9ho vzdel\u00e1vania\",\"isPartOf\":{\"@id\":\"https:\\\/\\\/archiv.siov.sk\\\/#website\"},\"primaryImageOfPage\":{\"@id\":\"https:\\\/\\\/archiv.siov.sk\\\/mlady-tvorca-cvicne-firmy-skills-slovakia-a-este-omnoho-viac-na-agrokomplexe-v-nitre\\\/#primaryimage\"},\"image\":{\"@id\":\"https:\\\/\\\/archiv.siov.sk\\\/mlady-tvorca-cvicne-firmy-skills-slovakia-a-este-omnoho-viac-na-agrokomplexe-v-nitre\\\/#primaryimage\"},\"thumbnailUrl\":\"https:\\\/\\\/archiv.siov.sk\\\/wp-content\\\/uploads\\\/2019\\\/11\\\/MT-1-e1573136759555.jpg\",\"datePublished\":\"2019-11-06T12:53:04+00:00\",\"dateModified\":\"2019-11-06T12:54:19+00:00\",\"breadcrumb\":{\"@id\":\"https:\\\/\\\/archiv.siov.sk\\\/mlady-tvorca-cvicne-firmy-skills-slovakia-a-este-omnoho-viac-na-agrokomplexe-v-nitre\\\/#breadcrumb\"},\"inLanguage\":\"en-GB\",\"potentialAction\":[{\"@type\":\"ReadAction\",\"target\":[\"https:\\\/\\\/archiv.siov.sk\\\/mlady-tvorca-cvicne-firmy-skills-slovakia-a-este-omnoho-viac-na-agrokomplexe-v-nitre\\\/\"]}]},{\"@type\":\"ImageObject\",\"inLanguage\":\"en-GB\",\"@id\":\"https:\\\/\\\/archiv.siov.sk\\\/mlady-tvorca-cvicne-firmy-skills-slovakia-a-este-omnoho-viac-na-agrokomplexe-v-nitre\\\/#primaryimage\",\"url\":\"https:\\\/\\\/archiv.siov.sk\\\/wp-content\\\/uploads\\\/2019\\\/11\\\/MT-1-e1573136759555.jpg\",\"contentUrl\":\"https:\\\/\\\/archiv.siov.sk\\\/wp-content\\\/uploads\\\/2019\\\/11\\\/MT-1-e1573136759555.jpg\",\"width\":600,\"height\":400},{\"@type\":\"BreadcrumbList\",\"@id\":\"https:\\\/\\\/archiv.siov.sk\\\/mlady-tvorca-cvicne-firmy-skills-slovakia-a-este-omnoho-viac-na-agrokomplexe-v-nitre\\\/#breadcrumb\",\"itemListElement\":[{\"@type\":\"ListItem\",\"position\":1,\"name\":\"Home\",\"item\":\"https:\\\/\\\/archiv.siov.sk\\\/\"},{\"@type\":\"ListItem\",\"position\":2,\"name\":\"Mlad\u00fd tvorca, cvi\u010dn\u00e9 firmy, Skills Slovakia a e\u0161te omnoho viac na Agrokomplexe v Nitre\"}]},{\"@type\":\"WebSite\",\"@id\":\"https:\\\/\\\/archiv.siov.sk\\\/#website\",\"url\":\"https:\\\/\\\/archiv.siov.sk\\\/\",\"name\":\"\u0160IOV - \u0161t\u00e1tny in\u0161tit\u00fat odborn\u00e9ho vzdel\u00e1vania\",\"description\":\"\",\"publisher\":{\"@id\":\"https:\\\/\\\/archiv.siov.sk\\\/#organization\"},\"potentialAction\":[{\"@type\":\"SearchAction\",\"target\":{\"@type\":\"EntryPoint\",\"urlTemplate\":\"https:\\\/\\\/archiv.siov.sk\\\/?s={search_term_string}\"},\"query-input\":{\"@type\":\"PropertyValueSpecification\",\"valueRequired\":true,\"valueName\":\"search_term_string\"}}],\"inLanguage\":\"en-GB\"},{\"@type\":\"Organization\",\"@id\":\"https:\\\/\\\/archiv.siov.sk\\\/#organization\",\"name\":\"\u0160IOV - \u0161t\u00e1tny in\u0161tit\u00fat odborn\u00e9ho vzdel\u00e1vania\",\"url\":\"https:\\\/\\\/archiv.siov.sk\\\/\",\"logo\":{\"@type\":\"ImageObject\",\"inLanguage\":\"en-GB\",\"@id\":\"https:\\\/\\\/archiv.siov.sk\\\/#\\\/schema\\\/logo\\\/image\\\/\",\"url\":\"https:\\\/\\\/archiv.siov.sk\\\/wp-content\\\/uploads\\\/2024\\\/02\\\/logo-SIOV.png\",\"contentUrl\":\"https:\\\/\\\/archiv.siov.sk\\\/wp-content\\\/uploads\\\/2024\\\/02\\\/logo-SIOV.png\",\"width\":431,\"height\":143,\"caption\":\"\u0160IOV - \u0161t\u00e1tny in\u0161tit\u00fat odborn\u00e9ho vzdel\u00e1vania\"},\"image\":{\"@id\":\"https:\\\/\\\/archiv.siov.sk\\\/#\\\/schema\\\/logo\\\/image\\\/\"},\"sameAs\":[\"https:\\\/\\\/www.facebook.com\\\/Statnyinstitutodbornehovzdelavania\"]},{\"@type\":\"Person\",\"@id\":\"https:\\\/\\\/archiv.siov.sk\\\/#\\\/schema\\\/person\\\/e42d633fbd958c6a726e8834d8965e6c\",\"name\":\"Katar\u00edna Kov\u00e1\u010dov\u00e1\",\"url\":\"https:\\\/\\\/archiv.siov.sk\\\/en\\\/author\\\/katkakovacova\\\/\"}]}<\/script>\n<!-- \/ Yoast SEO plugin. -->","yoast_head_json":{"title":"Mlad\u00fd tvorca, cvi\u010dn\u00e9 firmy, Skills Slovakia a e\u0161te omnoho viac na Agrokomplexe v Nitre - \u0160IOV - \u0161t\u00e1tny in\u0161tit\u00fat odborn\u00e9ho vzdel\u00e1vania","robots":{"index":"index","follow":"follow","max-snippet":"max-snippet:-1","max-image-preview":"max-image-preview:large","max-video-preview":"max-video-preview:-1"},"canonical":"https:\/\/archiv.siov.sk\/en\/mlady-tvorca-cvicne-firmy-skills-slovakia-a-este-omnoho-viac-na-agrokomplexe-v-nitre\/","og_locale":"en_GB","og_type":"article","og_title":"Mlad\u00fd tvorca, cvi\u010dn\u00e9 firmy, Skills Slovakia a e\u0161te omnoho viac na Agrokomplexe v Nitre - \u0160IOV - \u0161t\u00e1tny in\u0161tit\u00fat odborn\u00e9ho vzdel\u00e1vania","og_description":"U\u017e 27. ro\u010dn\u00edk prezenta\u010dnej v\u00fdstavy stredn\u00fdch odborn\u00fdch \u0161k\u00f4l Mlad\u00fd tvorca bol 5. &#8211; 6. novembra 2019 v&nbsp;are\u00e1li v\u00fdstaviska Agrokomplex v&nbsp;Nitre. Z\u00fa\u010dastnili sa na \u0148om stredn\u00e9 \u0161koly z&nbsp;cel\u00e9ho Slovenska a&nbsp;tie\u017e nieko\u013eko \u0161k\u00f4l z&nbsp;Vyso\u010diny v&nbsp;\u010ceskej republike. S\u00fa\u010das\u0165ou najv\u00e4\u010d\u0161ieho celoslovensk\u00e9ho podujatia na podporu a&nbsp;propag\u00e1ciu stredo\u0161kolsk\u00e9ho odborn\u00e9ho vzdel\u00e1vania bol aj Skills Slovakia a Medzin\u00e1rodn\u00fd ve\u013etrh cvi\u010dn\u00fdch firiem, na ktorom [&hellip;]","og_url":"https:\/\/archiv.siov.sk\/en\/mlady-tvorca-cvicne-firmy-skills-slovakia-a-este-omnoho-viac-na-agrokomplexe-v-nitre\/","og_site_name":"\u0160IOV - \u0161t\u00e1tny in\u0161tit\u00fat odborn\u00e9ho vzdel\u00e1vania","article_publisher":"https:\/\/www.facebook.com\/Statnyinstitutodbornehovzdelavania","article_published_time":"2019-11-06T12:53:04+00:00","article_modified_time":"2019-11-06T12:54:19+00:00","og_image":[{"width":600,"height":400,"url":"https:\/\/archiv.siov.sk\/wp-content\/uploads\/2019\/11\/MT-1-e1573136759555.jpg","type":"image\/jpeg"}],"author":"Katar\u00edna Kov\u00e1\u010dov\u00e1","twitter_card":"summary_large_image","twitter_misc":{"Written by":"Katar\u00edna Kov\u00e1\u010dov\u00e1","Estimated reading time":"4 minutes"},"schema":{"@context":"https:\/\/schema.org","@graph":[{"@type":"Article","@id":"https:\/\/archiv.siov.sk\/mlady-tvorca-cvicne-firmy-skills-slovakia-a-este-omnoho-viac-na-agrokomplexe-v-nitre\/#article","isPartOf":{"@id":"https:\/\/archiv.siov.sk\/mlady-tvorca-cvicne-firmy-skills-slovakia-a-este-omnoho-viac-na-agrokomplexe-v-nitre\/"},"author":{"name":"Katar\u00edna Kov\u00e1\u010dov\u00e1","@id":"https:\/\/archiv.siov.sk\/#\/schema\/person\/e42d633fbd958c6a726e8834d8965e6c"},"headline":"Mlad\u00fd tvorca, cvi\u010dn\u00e9 firmy, Skills Slovakia a e\u0161te omnoho viac na Agrokomplexe v Nitre","datePublished":"2019-11-06T12:53:04+00:00","dateModified":"2019-11-06T12:54:19+00:00","mainEntityOfPage":{"@id":"https:\/\/archiv.siov.sk\/mlady-tvorca-cvicne-firmy-skills-slovakia-a-este-omnoho-viac-na-agrokomplexe-v-nitre\/"},"wordCount":879,"publisher":{"@id":"https:\/\/archiv.siov.sk\/#organization"},"image":{"@id":"https:\/\/archiv.siov.sk\/mlady-tvorca-cvicne-firmy-skills-slovakia-a-este-omnoho-viac-na-agrokomplexe-v-nitre\/#primaryimage"},"thumbnailUrl":"https:\/\/archiv.siov.sk\/wp-content\/uploads\/2019\/11\/MT-1-e1573136759555.jpg","articleSection":["Aktuality"],"inLanguage":"en-GB"},{"@type":"WebPage","@id":"https:\/\/archiv.siov.sk\/mlady-tvorca-cvicne-firmy-skills-slovakia-a-este-omnoho-viac-na-agrokomplexe-v-nitre\/","url":"https:\/\/archiv.siov.sk\/mlady-tvorca-cvicne-firmy-skills-slovakia-a-este-omnoho-viac-na-agrokomplexe-v-nitre\/","name":"Mlad\u00fd tvorca, cvi\u010dn\u00e9 firmy, Skills Slovakia a e\u0161te omnoho viac na Agrokomplexe v Nitre - \u0160IOV - \u0161t\u00e1tny in\u0161tit\u00fat odborn\u00e9ho vzdel\u00e1vania","isPartOf":{"@id":"https:\/\/archiv.siov.sk\/#website"},"primaryImageOfPage":{"@id":"https:\/\/archiv.siov.sk\/mlady-tvorca-cvicne-firmy-skills-slovakia-a-este-omnoho-viac-na-agrokomplexe-v-nitre\/#primaryimage"},"image":{"@id":"https:\/\/archiv.siov.sk\/mlady-tvorca-cvicne-firmy-skills-slovakia-a-este-omnoho-viac-na-agrokomplexe-v-nitre\/#primaryimage"},"thumbnailUrl":"https:\/\/archiv.siov.sk\/wp-content\/uploads\/2019\/11\/MT-1-e1573136759555.jpg","datePublished":"2019-11-06T12:53:04+00:00","dateModified":"2019-11-06T12:54:19+00:00","breadcrumb":{"@id":"https:\/\/archiv.siov.sk\/mlady-tvorca-cvicne-firmy-skills-slovakia-a-este-omnoho-viac-na-agrokomplexe-v-nitre\/#breadcrumb"},"inLanguage":"en-GB","potentialAction":[{"@type":"ReadAction","target":["https:\/\/archiv.siov.sk\/mlady-tvorca-cvicne-firmy-skills-slovakia-a-este-omnoho-viac-na-agrokomplexe-v-nitre\/"]}]},{"@type":"ImageObject","inLanguage":"en-GB","@id":"https:\/\/archiv.siov.sk\/mlady-tvorca-cvicne-firmy-skills-slovakia-a-este-omnoho-viac-na-agrokomplexe-v-nitre\/#primaryimage","url":"https:\/\/archiv.siov.sk\/wp-content\/uploads\/2019\/11\/MT-1-e1573136759555.jpg","contentUrl":"https:\/\/archiv.siov.sk\/wp-content\/uploads\/2019\/11\/MT-1-e1573136759555.jpg","width":600,"height":400},{"@type":"BreadcrumbList","@id":"https:\/\/archiv.siov.sk\/mlady-tvorca-cvicne-firmy-skills-slovakia-a-este-omnoho-viac-na-agrokomplexe-v-nitre\/#breadcrumb","itemListElement":[{"@type":"ListItem","position":1,"name":"Home","item":"https:\/\/archiv.siov.sk\/"},{"@type":"ListItem","position":2,"name":"Mlad\u00fd tvorca, cvi\u010dn\u00e9 firmy, Skills Slovakia a e\u0161te omnoho viac na Agrokomplexe v Nitre"}]},{"@type":"WebSite","@id":"https:\/\/archiv.siov.sk\/#website","url":"https:\/\/archiv.siov.sk\/","name":"\u0160IOV - \u0161t\u00e1tny in\u0161tit\u00fat odborn\u00e9ho vzdel\u00e1vania","description":"","publisher":{"@id":"https:\/\/archiv.siov.sk\/#organization"},"potentialAction":[{"@type":"SearchAction","target":{"@type":"EntryPoint","urlTemplate":"https:\/\/archiv.siov.sk\/?s={search_term_string}"},"query-input":{"@type":"PropertyValueSpecification","valueRequired":true,"valueName":"search_term_string"}}],"inLanguage":"en-GB"},{"@type":"Organization","@id":"https:\/\/archiv.siov.sk\/#organization","name":"\u0160IOV - \u0161t\u00e1tny in\u0161tit\u00fat odborn\u00e9ho vzdel\u00e1vania","url":"https:\/\/archiv.siov.sk\/","logo":{"@type":"ImageObject","inLanguage":"en-GB","@id":"https:\/\/archiv.siov.sk\/#\/schema\/logo\/image\/","url":"https:\/\/archiv.siov.sk\/wp-content\/uploads\/2024\/02\/logo-SIOV.png","contentUrl":"https:\/\/archiv.siov.sk\/wp-content\/uploads\/2024\/02\/logo-SIOV.png","width":431,"height":143,"caption":"\u0160IOV - \u0161t\u00e1tny in\u0161tit\u00fat odborn\u00e9ho vzdel\u00e1vania"},"image":{"@id":"https:\/\/archiv.siov.sk\/#\/schema\/logo\/image\/"},"sameAs":["https:\/\/www.facebook.com\/Statnyinstitutodbornehovzdelavania"]},{"@type":"Person","@id":"https:\/\/archiv.siov.sk\/#\/schema\/person\/e42d633fbd958c6a726e8834d8965e6c","name":"Katar\u00edna Kov\u00e1\u010dov\u00e1","url":"https:\/\/archiv.siov.sk\/en\/author\/katkakovacova\/"}]}},"_links":{"self":[{"href":"https:\/\/archiv.siov.sk\/en\/wp-json\/wp\/v2\/posts\/4522","targetHints":{"allow":["GET"]}}],"collection":[{"href":"https:\/\/archiv.siov.sk\/en\/wp-json\/wp\/v2\/posts"}],"about":[{"href":"https:\/\/archiv.siov.sk\/en\/wp-json\/wp\/v2\/types\/post"}],"author":[{"embeddable":true,"href":"https:\/\/archiv.siov.sk\/en\/wp-json\/wp\/v2\/users\/6"}],"replies":[{"embeddable":true,"href":"https:\/\/archiv.siov.sk\/en\/wp-json\/wp\/v2\/comments?post=4522"}],"version-history":[{"count":3,"href":"https:\/\/archiv.siov.sk\/en\/wp-json\/wp\/v2\/posts\/4522\/revisions"}],"predecessor-version":[{"id":4531,"href":"https:\/\/archiv.siov.sk\/en\/wp-json\/wp\/v2\/posts\/4522\/revisions\/4531"}],"wp:featuredmedia":[{"embeddable":true,"href":"https:\/\/archiv.siov.sk\/en\/wp-json\/wp\/v2\/media\/4524"}],"wp:attachment":[{"href":"https:\/\/archiv.siov.sk\/en\/wp-json\/wp\/v2\/media?parent=4522"}],"wp:term":[{"taxonomy":"category","embeddable":true,"href":"https:\/\/archiv.siov.sk\/en\/wp-json\/wp\/v2\/categories?post=4522"},{"taxonomy":"post_tag","embeddable":true,"href":"https:\/\/archiv.siov.sk\/en\/wp-json\/wp\/v2\/tags?post=4522"}],"curies":[{"name":"wp","href":"https:\/\/api.w.org\/{rel}","templated":true}]}}