{"id":4412,"date":"2019-10-22T08:44:22","date_gmt":"2019-10-22T06:44:22","guid":{"rendered":"https:\/\/archiv.siov.sk\/?p=4412"},"modified":"2019-10-22T08:44:22","modified_gmt":"2019-10-22T06:44:22","slug":"zacal-sa-tyzden-celozivotneho-ucenia-sa-na-slovensku","status":"publish","type":"post","link":"https:\/\/archiv.siov.sk\/en\/zacal-sa-tyzden-celozivotneho-ucenia-sa-na-slovensku\/","title":{"rendered":"Za\u010dal sa T\u00fd\u017ede\u0148 celo\u017eivotn\u00e9ho u\u010denia sa na Slovensku"},"content":{"rendered":"<p style=\"text-align: justify;\">Ministerka \u0161kolstva, vedy, v\u00fdskumu a \u0161portu SR Martina Lubyov\u00e1 21.okt\u00f3bra po druh\u00fdkr\u00e1t odovzdala cenu za rozvoj celo\u017eivotn\u00e9ho vzdel\u00e1vania, ktor\u00e1 je ocenen\u00edm pr\u00e1ce osobnost\u00ed alebo in\u0161tit\u00faci\u00ed v tejto oblasti. Cenu za rok 2019 z\u00edskalo \u00dastredie \u013eudovej umeleckej v\u00fdroby (\u00da\u013dUV) za aktivity vo vzdel\u00e1van\u00ed dospel\u00fdch pri zachov\u00e1van\u00ed a rozv\u00edjan\u00ed tradi\u010dn\u00fdch remesiel a \u013eudovej umeleckej v\u00fdroby. Ministerstvo \u0161kolstva, vedy, v\u00fdskumu a \u0161portu SR odovzdalo aj mimoriadnu cenu p. O\u013ege Fratri\u010dovej za jej dlhoro\u010dn\u00e9 \u00faspe\u0161n\u00e9 p\u00f4sobenie v poz\u00edcii riadite\u013eky Region\u00e1lneho centra remesiel \u00da\u013dUV v Bratislave, ktor\u00e9 od roku 1999 ka\u017edoro\u010dne poskytuje vzdel\u00e1vanie 200 dospel\u00fdm \u00fa\u010dastn\u00edkom a 120-tim de\u0165om a mlad\u00fdm \u013eu\u010fom.<\/p>\n<p style=\"text-align: justify;\">Sl\u00e1vnostn\u00e9 podujatie z\u00e1rove\u0148 otvorilo T\u00fd\u017ede\u0148 celo\u017eivotn\u00e9ho u\u010denia (TCU), ktor\u00fd organizuje M\u0160VVa\u0160 SR v spolupr\u00e1ci s Asoci\u00e1ciou in\u0161tit\u00faci\u00ed vzdel\u00e1vania dospel\u00fdch (AIVD). AIVD pri tejto pr\u00edle\u017eitosti taktie\u017e ocenilo osobnosti a in\u0161tit\u00facie v kateg\u00f3ri\u00e1ch:<\/p>\n<p>&#8211; Vzdel\u00e1vac\u00ed projekt \u2013 Verejn\u00e1 kni\u017enica J\u00e1na Bocatia v&nbsp;Ko\u0161iciach,<\/p>\n<p>&#8211; Pr\u00ednos v oblasti vzdel\u00e1vania dospel\u00fdch \u2013 Doc. PhDr. Jana Pekarovi\u010dov\u00e1, PhD.,<\/p>\n<p>&#8211; Populariz\u00e1cia vzdel\u00e1vania dospel\u00fdch \u2013 Zdru\u017eenie pre kari\u00e9rov\u00e9 poradenstvo a&nbsp;rozvoj kari\u00e9ry,<\/p>\n<p>&#8211; Samospr\u00e1va \u2013 Mesto Zvolen,<\/p>\n<p>&#8211; Age Management \u2013 dm drogerie markt, s.r.o.<\/p>\n<p style=\"text-align: justify;\">T\u00fd\u017ede\u0148 celo\u017eivotn\u00e9ho u\u010denia je podujat\u00edm zameran\u00fdm na propag\u00e1ciu a populariz\u00e1ciu my\u0161lienok celo\u017eivotn\u00e9ho u\u010denia a ich pribl\u00ed\u017eenie \u0161irokej verejnosti. Jeho program bude tvori\u0165 s\u00e9ria konferenci\u00ed, predn\u00e1\u0161ok, semin\u00e1rov a \u010fal\u0161\u00edch odborn\u00fdch \u010di diskusn\u00fdch stretnut\u00ed, dn\u00ed otvoren\u00fdch dver\u00ed, uk\u00e1\u017ekov\u00fdch hod\u00edn a cel\u00fd rad sprievodn\u00fdch podujat\u00ed ur\u010den\u00fdch pre odborn\u00fa i laick\u00fa verejnos\u0165. Na Slovensku sa projekt tohto typu realizuje pod n\u00e1zvom u\u017e po dev\u00e4tn\u00e1sty raz.<\/p>\n<p style=\"text-align: justify;\">\u0160irok\u00fa \u0161k\u00e1lu bezplatn\u00fdch podujat\u00ed pre verejnos\u0165, ktor\u00e9 sa uskuto\u010dnia vo viac ako 20 mest\u00e1ch SR doplnia viacer\u00e9 aktivity odborn\u00e9ho charakteru, ako napr\u00edklad medzin\u00e1rodn\u00e1 konferencia AIVD Age Management (Bratislava, 24. 10.&nbsp; 2019) v&nbsp;r\u00e1mci ktorej sa o\u010dak\u00e1va podnetn\u00e1 diskusia za \u00fa\u010dasti popredn\u00fdch eur\u00f3pskych expertov zameran\u00e1 na problematiku starnutia popul\u00e1cie a&nbsp;age mana\u017ementu, \u010di medzin\u00e1rodn\u00e1 konferencia N\u00e1rodn\u00e9ho \u00fastavu certifikovan\u00fdch meran\u00ed TrackVET, zameran\u00e1 na rozvoj prierezov\u00fdch k\u013e\u00fa\u010dov\u00fdch kompetenci\u00ed.<\/p>\n<p style=\"text-align: justify;\">Popri dom\u00e1cich organiz\u00e1ci\u00e1ch na \u010dele s&nbsp;Ministerstvom \u0161kolstva, vedy, v\u00fdskumu a&nbsp;\u0161portu SR a&nbsp;\u0160t\u00e1tnym in\u0161tit\u00fatom odborn\u00e9ho vzdel\u00e1vania sa do T\u00fd\u017ed\u0148a celo\u017eivotn\u00e9ho u\u010denia zapoja aj zahrani\u010dn\u00e9 organiz\u00e1cie a experti. Hlavn\u00fdch podujat\u00ed TCU sa z\u00fa\u010dastn\u00ed John P. Martin, b\u00fdval\u00fd riadite\u013e pre zamestnanos\u0165, pr\u00e1cu a&nbsp;soci\u00e1lne veci OECD, ako aj Uwe Gartenschlaeger, riadite\u013e Eur\u00f3pskej asoci\u00e1cie pre vzdel\u00e1vanie dospel\u00fdch (EAEA).<\/p>\n<p style=\"text-align: justify;\">Zapojen\u00e9 organiz\u00e1cie a&nbsp;predov\u0161etk\u00fdm harmonogram jednotliv\u00fdch podujat\u00ed je mo\u017en\u00e9 sledova\u0165 na webovej str\u00e1nke <a href=\"http:\/\/www.tcu.sk\">www.tcu.sk<\/a>, kde sa u\u017e teraz nach\u00e1dza viac ako 60 registrovan\u00fdch aktiv\u00edt. T\u00fd\u017ede\u0148 celo\u017eivotn\u00e9ho u\u010denia nadv\u00e4zuje na Eur\u00f3psky t\u00fd\u017ede\u0148 odborn\u00e9ho vzdel\u00e1vania. Cie\u013eom oboch podujat\u00ed je podpora odborn\u00e9ho vzdel\u00e1vania a&nbsp;vzdel\u00e1vania dospel\u00fdch na Slovensku a&nbsp;v&nbsp;celej E\u00da.<\/p>\n<p style=\"text-align: justify;\">Popri TCU v&nbsp;mesiacoch okt\u00f3ber a&nbsp;november prebieha na Slovensku kampa\u0148 s&nbsp;n\u00e1zvom Vzdel\u00e1vanie sa dospelos\u0165ou nekon\u010d\u00ed, ktor\u00fa organizuje \u0160t\u00e1tny in\u0161tit\u00fat odborn\u00e9ho vzdel\u00e1vania v&nbsp;spolupr\u00e1ci s&nbsp;Ministerstvom \u0161kolstva, vedy, v\u00fdskumu a&nbsp;\u0161portu SR s&nbsp;cie\u013eom zv\u00fd\u0161enia \u00fa\u010dasti dospel\u00fdch vo vzdel\u00e1van\u00ed.<\/p>","protected":false},"excerpt":{"rendered":"<p>Ministerka \u0161kolstva, vedy, v\u00fdskumu a \u0161portu SR Martina Lubyov\u00e1 21.okt\u00f3bra po druh\u00fdkr\u00e1t odovzdala cenu za rozvoj celo\u017eivotn\u00e9ho vzdel\u00e1vania, ktor\u00e1 je ocenen\u00edm pr\u00e1ce osobnost\u00ed alebo in\u0161tit\u00faci\u00ed v tejto oblasti. Cenu za rok 2019 z\u00edskalo \u00dastredie \u013eudovej umeleckej v\u00fdroby (\u00da\u013dUV) za aktivity vo vzdel\u00e1van\u00ed dospel\u00fdch pri zachov\u00e1van\u00ed a rozv\u00edjan\u00ed tradi\u010dn\u00fdch remesiel a \u013eudovej umeleckej v\u00fdroby. Ministerstvo \u0161kolstva, [&hellip;]<\/p>\n","protected":false},"author":6,"featured_media":4414,"comment_status":"closed","ping_status":"closed","sticky":false,"template":"","format":"standard","meta":{"site-sidebar-layout":"default","site-content-layout":"","ast-site-content-layout":"default","site-content-style":"default","site-sidebar-style":"default","ast-global-header-display":"","ast-banner-title-visibility":"","ast-main-header-display":"","ast-hfb-above-header-display":"","ast-hfb-below-header-display":"","ast-hfb-mobile-header-display":"","site-post-title":"","ast-breadcrumbs-content":"","ast-featured-img":"","footer-sml-layout":"","ast-disable-related-posts":"","theme-transparent-header-meta":"","adv-header-id-meta":"","stick-header-meta":"","header-above-stick-meta":"","header-main-stick-meta":"","header-below-stick-meta":"","astra-migrate-meta-layouts":"default","ast-page-background-enabled":"default","ast-page-background-meta":{"desktop":{"background-color":"var(--ast-global-color-4)","background-image":"","background-repeat":"repeat","background-position":"center center","background-size":"auto","background-attachment":"scroll","background-type":"","background-media":"","overlay-type":"","overlay-color":"","overlay-opacity":"","overlay-gradient":""},"tablet":{"background-color":"","background-image":"","background-repeat":"repeat","background-position":"center center","background-size":"auto","background-attachment":"scroll","background-type":"","background-media":"","overlay-type":"","overlay-color":"","overlay-opacity":"","overlay-gradient":""},"mobile":{"background-color":"","background-image":"","background-repeat":"repeat","background-position":"center center","background-size":"auto","background-attachment":"scroll","background-type":"","background-media":"","overlay-type":"","overlay-color":"","overlay-opacity":"","overlay-gradient":""}},"ast-content-background-meta":{"desktop":{"background-color":"var(--ast-global-color-5)","background-image":"","background-repeat":"repeat","background-position":"center center","background-size":"auto","background-attachment":"scroll","background-type":"","background-media":"","overlay-type":"","overlay-color":"","overlay-opacity":"","overlay-gradient":""},"tablet":{"background-color":"var(--ast-global-color-5)","background-image":"","background-repeat":"repeat","background-position":"center center","background-size":"auto","background-attachment":"scroll","background-type":"","background-media":"","overlay-type":"","overlay-color":"","overlay-opacity":"","overlay-gradient":""},"mobile":{"background-color":"var(--ast-global-color-5)","background-image":"","background-repeat":"repeat","background-position":"center center","background-size":"auto","background-attachment":"scroll","background-type":"","background-media":"","overlay-type":"","overlay-color":"","overlay-opacity":"","overlay-gradient":""}},"footnotes":""},"categories":[1],"tags":[],"class_list":["post-4412","post","type-post","status-publish","format-standard","has-post-thumbnail","hentry","category-aktuality"],"yoast_head":"<!-- This site is optimized with the Yoast SEO plugin v27.5 - https:\/\/yoast.com\/product\/yoast-seo-wordpress\/ -->\n<title>Za\u010dal sa T\u00fd\u017ede\u0148 celo\u017eivotn\u00e9ho u\u010denia sa na Slovensku - \u0160IOV - \u0161t\u00e1tny in\u0161tit\u00fat odborn\u00e9ho vzdel\u00e1vania<\/title>\n<meta name=\"robots\" content=\"index, follow, max-snippet:-1, max-image-preview:large, max-video-preview:-1\" \/>\n<link rel=\"canonical\" href=\"https:\/\/archiv.siov.sk\/en\/zacal-sa-tyzden-celozivotneho-ucenia-sa-na-slovensku\/\" \/>\n<meta property=\"og:locale\" content=\"en_GB\" \/>\n<meta property=\"og:type\" content=\"article\" \/>\n<meta property=\"og:title\" content=\"Za\u010dal sa T\u00fd\u017ede\u0148 celo\u017eivotn\u00e9ho u\u010denia sa na Slovensku - \u0160IOV - \u0161t\u00e1tny in\u0161tit\u00fat odborn\u00e9ho vzdel\u00e1vania\" \/>\n<meta property=\"og:description\" content=\"Ministerka \u0161kolstva, vedy, v\u00fdskumu a \u0161portu SR Martina Lubyov\u00e1 21.okt\u00f3bra po druh\u00fdkr\u00e1t odovzdala cenu za rozvoj celo\u017eivotn\u00e9ho vzdel\u00e1vania, ktor\u00e1 je ocenen\u00edm pr\u00e1ce osobnost\u00ed alebo in\u0161tit\u00faci\u00ed v tejto oblasti. Cenu za rok 2019 z\u00edskalo \u00dastredie \u013eudovej umeleckej v\u00fdroby (\u00da\u013dUV) za aktivity vo vzdel\u00e1van\u00ed dospel\u00fdch pri zachov\u00e1van\u00ed a rozv\u00edjan\u00ed tradi\u010dn\u00fdch remesiel a \u013eudovej umeleckej v\u00fdroby. Ministerstvo \u0161kolstva, [&hellip;]\" \/>\n<meta property=\"og:url\" content=\"https:\/\/archiv.siov.sk\/en\/zacal-sa-tyzden-celozivotneho-ucenia-sa-na-slovensku\/\" \/>\n<meta property=\"og:site_name\" content=\"\u0160IOV - \u0161t\u00e1tny in\u0161tit\u00fat odborn\u00e9ho vzdel\u00e1vania\" \/>\n<meta property=\"article:publisher\" content=\"https:\/\/www.facebook.com\/Statnyinstitutodbornehovzdelavania\" \/>\n<meta property=\"article:published_time\" content=\"2019-10-22T06:44:22+00:00\" \/>\n<meta property=\"og:image\" content=\"https:\/\/archiv.siov.sk\/wp-content\/uploads\/2019\/10\/Spolocna1.jpg\" \/>\n\t<meta property=\"og:image:width\" content=\"833\" \/>\n\t<meta property=\"og:image:height\" content=\"625\" \/>\n\t<meta property=\"og:image:type\" content=\"image\/jpeg\" \/>\n<meta name=\"author\" content=\"Katar\u00edna Kov\u00e1\u010dov\u00e1\" \/>\n<meta name=\"twitter:card\" content=\"summary_large_image\" \/>\n<meta name=\"twitter:label1\" content=\"Written by\" \/>\n\t<meta name=\"twitter:data1\" content=\"Katar\u00edna Kov\u00e1\u010dov\u00e1\" \/>\n\t<meta name=\"twitter:label2\" content=\"Estimated reading time\" \/>\n\t<meta name=\"twitter:data2\" content=\"3 minutes\" \/>\n<script type=\"application\/ld+json\" class=\"yoast-schema-graph\">{\"@context\":\"https:\\\/\\\/schema.org\",\"@graph\":[{\"@type\":\"Article\",\"@id\":\"https:\\\/\\\/archiv.siov.sk\\\/zacal-sa-tyzden-celozivotneho-ucenia-sa-na-slovensku\\\/#article\",\"isPartOf\":{\"@id\":\"https:\\\/\\\/archiv.siov.sk\\\/zacal-sa-tyzden-celozivotneho-ucenia-sa-na-slovensku\\\/\"},\"author\":{\"name\":\"Katar\u00edna Kov\u00e1\u010dov\u00e1\",\"@id\":\"https:\\\/\\\/archiv.siov.sk\\\/#\\\/schema\\\/person\\\/e42d633fbd958c6a726e8834d8965e6c\"},\"headline\":\"Za\u010dal sa T\u00fd\u017ede\u0148 celo\u017eivotn\u00e9ho u\u010denia sa na Slovensku\",\"datePublished\":\"2019-10-22T06:44:22+00:00\",\"mainEntityOfPage\":{\"@id\":\"https:\\\/\\\/archiv.siov.sk\\\/zacal-sa-tyzden-celozivotneho-ucenia-sa-na-slovensku\\\/\"},\"wordCount\":655,\"publisher\":{\"@id\":\"https:\\\/\\\/archiv.siov.sk\\\/#organization\"},\"image\":{\"@id\":\"https:\\\/\\\/archiv.siov.sk\\\/zacal-sa-tyzden-celozivotneho-ucenia-sa-na-slovensku\\\/#primaryimage\"},\"thumbnailUrl\":\"https:\\\/\\\/archiv.siov.sk\\\/wp-content\\\/uploads\\\/2019\\\/10\\\/Spolocna1.jpg\",\"articleSection\":[\"Aktuality\"],\"inLanguage\":\"en-GB\"},{\"@type\":\"WebPage\",\"@id\":\"https:\\\/\\\/archiv.siov.sk\\\/zacal-sa-tyzden-celozivotneho-ucenia-sa-na-slovensku\\\/\",\"url\":\"https:\\\/\\\/archiv.siov.sk\\\/zacal-sa-tyzden-celozivotneho-ucenia-sa-na-slovensku\\\/\",\"name\":\"Za\u010dal sa T\u00fd\u017ede\u0148 celo\u017eivotn\u00e9ho u\u010denia sa na Slovensku - \u0160IOV - \u0161t\u00e1tny in\u0161tit\u00fat odborn\u00e9ho vzdel\u00e1vania\",\"isPartOf\":{\"@id\":\"https:\\\/\\\/archiv.siov.sk\\\/#website\"},\"primaryImageOfPage\":{\"@id\":\"https:\\\/\\\/archiv.siov.sk\\\/zacal-sa-tyzden-celozivotneho-ucenia-sa-na-slovensku\\\/#primaryimage\"},\"image\":{\"@id\":\"https:\\\/\\\/archiv.siov.sk\\\/zacal-sa-tyzden-celozivotneho-ucenia-sa-na-slovensku\\\/#primaryimage\"},\"thumbnailUrl\":\"https:\\\/\\\/archiv.siov.sk\\\/wp-content\\\/uploads\\\/2019\\\/10\\\/Spolocna1.jpg\",\"datePublished\":\"2019-10-22T06:44:22+00:00\",\"breadcrumb\":{\"@id\":\"https:\\\/\\\/archiv.siov.sk\\\/zacal-sa-tyzden-celozivotneho-ucenia-sa-na-slovensku\\\/#breadcrumb\"},\"inLanguage\":\"en-GB\",\"potentialAction\":[{\"@type\":\"ReadAction\",\"target\":[\"https:\\\/\\\/archiv.siov.sk\\\/zacal-sa-tyzden-celozivotneho-ucenia-sa-na-slovensku\\\/\"]}]},{\"@type\":\"ImageObject\",\"inLanguage\":\"en-GB\",\"@id\":\"https:\\\/\\\/archiv.siov.sk\\\/zacal-sa-tyzden-celozivotneho-ucenia-sa-na-slovensku\\\/#primaryimage\",\"url\":\"https:\\\/\\\/archiv.siov.sk\\\/wp-content\\\/uploads\\\/2019\\\/10\\\/Spolocna1.jpg\",\"contentUrl\":\"https:\\\/\\\/archiv.siov.sk\\\/wp-content\\\/uploads\\\/2019\\\/10\\\/Spolocna1.jpg\",\"width\":833,\"height\":625},{\"@type\":\"BreadcrumbList\",\"@id\":\"https:\\\/\\\/archiv.siov.sk\\\/zacal-sa-tyzden-celozivotneho-ucenia-sa-na-slovensku\\\/#breadcrumb\",\"itemListElement\":[{\"@type\":\"ListItem\",\"position\":1,\"name\":\"Home\",\"item\":\"https:\\\/\\\/archiv.siov.sk\\\/\"},{\"@type\":\"ListItem\",\"position\":2,\"name\":\"Za\u010dal sa T\u00fd\u017ede\u0148 celo\u017eivotn\u00e9ho u\u010denia sa na Slovensku\"}]},{\"@type\":\"WebSite\",\"@id\":\"https:\\\/\\\/archiv.siov.sk\\\/#website\",\"url\":\"https:\\\/\\\/archiv.siov.sk\\\/\",\"name\":\"\u0160IOV - \u0161t\u00e1tny in\u0161tit\u00fat odborn\u00e9ho vzdel\u00e1vania\",\"description\":\"\",\"publisher\":{\"@id\":\"https:\\\/\\\/archiv.siov.sk\\\/#organization\"},\"potentialAction\":[{\"@type\":\"SearchAction\",\"target\":{\"@type\":\"EntryPoint\",\"urlTemplate\":\"https:\\\/\\\/archiv.siov.sk\\\/?s={search_term_string}\"},\"query-input\":{\"@type\":\"PropertyValueSpecification\",\"valueRequired\":true,\"valueName\":\"search_term_string\"}}],\"inLanguage\":\"en-GB\"},{\"@type\":\"Organization\",\"@id\":\"https:\\\/\\\/archiv.siov.sk\\\/#organization\",\"name\":\"\u0160IOV - \u0161t\u00e1tny in\u0161tit\u00fat odborn\u00e9ho vzdel\u00e1vania\",\"url\":\"https:\\\/\\\/archiv.siov.sk\\\/\",\"logo\":{\"@type\":\"ImageObject\",\"inLanguage\":\"en-GB\",\"@id\":\"https:\\\/\\\/archiv.siov.sk\\\/#\\\/schema\\\/logo\\\/image\\\/\",\"url\":\"https:\\\/\\\/archiv.siov.sk\\\/wp-content\\\/uploads\\\/2024\\\/02\\\/logo-SIOV.png\",\"contentUrl\":\"https:\\\/\\\/archiv.siov.sk\\\/wp-content\\\/uploads\\\/2024\\\/02\\\/logo-SIOV.png\",\"width\":431,\"height\":143,\"caption\":\"\u0160IOV - \u0161t\u00e1tny in\u0161tit\u00fat odborn\u00e9ho vzdel\u00e1vania\"},\"image\":{\"@id\":\"https:\\\/\\\/archiv.siov.sk\\\/#\\\/schema\\\/logo\\\/image\\\/\"},\"sameAs\":[\"https:\\\/\\\/www.facebook.com\\\/Statnyinstitutodbornehovzdelavania\"]},{\"@type\":\"Person\",\"@id\":\"https:\\\/\\\/archiv.siov.sk\\\/#\\\/schema\\\/person\\\/e42d633fbd958c6a726e8834d8965e6c\",\"name\":\"Katar\u00edna Kov\u00e1\u010dov\u00e1\",\"url\":\"https:\\\/\\\/archiv.siov.sk\\\/en\\\/author\\\/katkakovacova\\\/\"}]}<\/script>\n<!-- \/ Yoast SEO plugin. -->","yoast_head_json":{"title":"Za\u010dal sa T\u00fd\u017ede\u0148 celo\u017eivotn\u00e9ho u\u010denia sa na Slovensku - \u0160IOV - \u0161t\u00e1tny in\u0161tit\u00fat odborn\u00e9ho vzdel\u00e1vania","robots":{"index":"index","follow":"follow","max-snippet":"max-snippet:-1","max-image-preview":"max-image-preview:large","max-video-preview":"max-video-preview:-1"},"canonical":"https:\/\/archiv.siov.sk\/en\/zacal-sa-tyzden-celozivotneho-ucenia-sa-na-slovensku\/","og_locale":"en_GB","og_type":"article","og_title":"Za\u010dal sa T\u00fd\u017ede\u0148 celo\u017eivotn\u00e9ho u\u010denia sa na Slovensku - \u0160IOV - \u0161t\u00e1tny in\u0161tit\u00fat odborn\u00e9ho vzdel\u00e1vania","og_description":"Ministerka \u0161kolstva, vedy, v\u00fdskumu a \u0161portu SR Martina Lubyov\u00e1 21.okt\u00f3bra po druh\u00fdkr\u00e1t odovzdala cenu za rozvoj celo\u017eivotn\u00e9ho vzdel\u00e1vania, ktor\u00e1 je ocenen\u00edm pr\u00e1ce osobnost\u00ed alebo in\u0161tit\u00faci\u00ed v tejto oblasti. Cenu za rok 2019 z\u00edskalo \u00dastredie \u013eudovej umeleckej v\u00fdroby (\u00da\u013dUV) za aktivity vo vzdel\u00e1van\u00ed dospel\u00fdch pri zachov\u00e1van\u00ed a rozv\u00edjan\u00ed tradi\u010dn\u00fdch remesiel a \u013eudovej umeleckej v\u00fdroby. Ministerstvo \u0161kolstva, [&hellip;]","og_url":"https:\/\/archiv.siov.sk\/en\/zacal-sa-tyzden-celozivotneho-ucenia-sa-na-slovensku\/","og_site_name":"\u0160IOV - \u0161t\u00e1tny in\u0161tit\u00fat odborn\u00e9ho vzdel\u00e1vania","article_publisher":"https:\/\/www.facebook.com\/Statnyinstitutodbornehovzdelavania","article_published_time":"2019-10-22T06:44:22+00:00","og_image":[{"width":833,"height":625,"url":"https:\/\/archiv.siov.sk\/wp-content\/uploads\/2019\/10\/Spolocna1.jpg","type":"image\/jpeg"}],"author":"Katar\u00edna Kov\u00e1\u010dov\u00e1","twitter_card":"summary_large_image","twitter_misc":{"Written by":"Katar\u00edna Kov\u00e1\u010dov\u00e1","Estimated reading time":"3 minutes"},"schema":{"@context":"https:\/\/schema.org","@graph":[{"@type":"Article","@id":"https:\/\/archiv.siov.sk\/zacal-sa-tyzden-celozivotneho-ucenia-sa-na-slovensku\/#article","isPartOf":{"@id":"https:\/\/archiv.siov.sk\/zacal-sa-tyzden-celozivotneho-ucenia-sa-na-slovensku\/"},"author":{"name":"Katar\u00edna Kov\u00e1\u010dov\u00e1","@id":"https:\/\/archiv.siov.sk\/#\/schema\/person\/e42d633fbd958c6a726e8834d8965e6c"},"headline":"Za\u010dal sa T\u00fd\u017ede\u0148 celo\u017eivotn\u00e9ho u\u010denia sa na Slovensku","datePublished":"2019-10-22T06:44:22+00:00","mainEntityOfPage":{"@id":"https:\/\/archiv.siov.sk\/zacal-sa-tyzden-celozivotneho-ucenia-sa-na-slovensku\/"},"wordCount":655,"publisher":{"@id":"https:\/\/archiv.siov.sk\/#organization"},"image":{"@id":"https:\/\/archiv.siov.sk\/zacal-sa-tyzden-celozivotneho-ucenia-sa-na-slovensku\/#primaryimage"},"thumbnailUrl":"https:\/\/archiv.siov.sk\/wp-content\/uploads\/2019\/10\/Spolocna1.jpg","articleSection":["Aktuality"],"inLanguage":"en-GB"},{"@type":"WebPage","@id":"https:\/\/archiv.siov.sk\/zacal-sa-tyzden-celozivotneho-ucenia-sa-na-slovensku\/","url":"https:\/\/archiv.siov.sk\/zacal-sa-tyzden-celozivotneho-ucenia-sa-na-slovensku\/","name":"Za\u010dal sa T\u00fd\u017ede\u0148 celo\u017eivotn\u00e9ho u\u010denia sa na Slovensku - \u0160IOV - \u0161t\u00e1tny in\u0161tit\u00fat odborn\u00e9ho vzdel\u00e1vania","isPartOf":{"@id":"https:\/\/archiv.siov.sk\/#website"},"primaryImageOfPage":{"@id":"https:\/\/archiv.siov.sk\/zacal-sa-tyzden-celozivotneho-ucenia-sa-na-slovensku\/#primaryimage"},"image":{"@id":"https:\/\/archiv.siov.sk\/zacal-sa-tyzden-celozivotneho-ucenia-sa-na-slovensku\/#primaryimage"},"thumbnailUrl":"https:\/\/archiv.siov.sk\/wp-content\/uploads\/2019\/10\/Spolocna1.jpg","datePublished":"2019-10-22T06:44:22+00:00","breadcrumb":{"@id":"https:\/\/archiv.siov.sk\/zacal-sa-tyzden-celozivotneho-ucenia-sa-na-slovensku\/#breadcrumb"},"inLanguage":"en-GB","potentialAction":[{"@type":"ReadAction","target":["https:\/\/archiv.siov.sk\/zacal-sa-tyzden-celozivotneho-ucenia-sa-na-slovensku\/"]}]},{"@type":"ImageObject","inLanguage":"en-GB","@id":"https:\/\/archiv.siov.sk\/zacal-sa-tyzden-celozivotneho-ucenia-sa-na-slovensku\/#primaryimage","url":"https:\/\/archiv.siov.sk\/wp-content\/uploads\/2019\/10\/Spolocna1.jpg","contentUrl":"https:\/\/archiv.siov.sk\/wp-content\/uploads\/2019\/10\/Spolocna1.jpg","width":833,"height":625},{"@type":"BreadcrumbList","@id":"https:\/\/archiv.siov.sk\/zacal-sa-tyzden-celozivotneho-ucenia-sa-na-slovensku\/#breadcrumb","itemListElement":[{"@type":"ListItem","position":1,"name":"Home","item":"https:\/\/archiv.siov.sk\/"},{"@type":"ListItem","position":2,"name":"Za\u010dal sa T\u00fd\u017ede\u0148 celo\u017eivotn\u00e9ho u\u010denia sa na Slovensku"}]},{"@type":"WebSite","@id":"https:\/\/archiv.siov.sk\/#website","url":"https:\/\/archiv.siov.sk\/","name":"\u0160IOV - \u0161t\u00e1tny in\u0161tit\u00fat odborn\u00e9ho vzdel\u00e1vania","description":"","publisher":{"@id":"https:\/\/archiv.siov.sk\/#organization"},"potentialAction":[{"@type":"SearchAction","target":{"@type":"EntryPoint","urlTemplate":"https:\/\/archiv.siov.sk\/?s={search_term_string}"},"query-input":{"@type":"PropertyValueSpecification","valueRequired":true,"valueName":"search_term_string"}}],"inLanguage":"en-GB"},{"@type":"Organization","@id":"https:\/\/archiv.siov.sk\/#organization","name":"\u0160IOV - \u0161t\u00e1tny in\u0161tit\u00fat odborn\u00e9ho vzdel\u00e1vania","url":"https:\/\/archiv.siov.sk\/","logo":{"@type":"ImageObject","inLanguage":"en-GB","@id":"https:\/\/archiv.siov.sk\/#\/schema\/logo\/image\/","url":"https:\/\/archiv.siov.sk\/wp-content\/uploads\/2024\/02\/logo-SIOV.png","contentUrl":"https:\/\/archiv.siov.sk\/wp-content\/uploads\/2024\/02\/logo-SIOV.png","width":431,"height":143,"caption":"\u0160IOV - \u0161t\u00e1tny in\u0161tit\u00fat odborn\u00e9ho vzdel\u00e1vania"},"image":{"@id":"https:\/\/archiv.siov.sk\/#\/schema\/logo\/image\/"},"sameAs":["https:\/\/www.facebook.com\/Statnyinstitutodbornehovzdelavania"]},{"@type":"Person","@id":"https:\/\/archiv.siov.sk\/#\/schema\/person\/e42d633fbd958c6a726e8834d8965e6c","name":"Katar\u00edna Kov\u00e1\u010dov\u00e1","url":"https:\/\/archiv.siov.sk\/en\/author\/katkakovacova\/"}]}},"_links":{"self":[{"href":"https:\/\/archiv.siov.sk\/en\/wp-json\/wp\/v2\/posts\/4412","targetHints":{"allow":["GET"]}}],"collection":[{"href":"https:\/\/archiv.siov.sk\/en\/wp-json\/wp\/v2\/posts"}],"about":[{"href":"https:\/\/archiv.siov.sk\/en\/wp-json\/wp\/v2\/types\/post"}],"author":[{"embeddable":true,"href":"https:\/\/archiv.siov.sk\/en\/wp-json\/wp\/v2\/users\/6"}],"replies":[{"embeddable":true,"href":"https:\/\/archiv.siov.sk\/en\/wp-json\/wp\/v2\/comments?post=4412"}],"version-history":[{"count":2,"href":"https:\/\/archiv.siov.sk\/en\/wp-json\/wp\/v2\/posts\/4412\/revisions"}],"predecessor-version":[{"id":4415,"href":"https:\/\/archiv.siov.sk\/en\/wp-json\/wp\/v2\/posts\/4412\/revisions\/4415"}],"wp:featuredmedia":[{"embeddable":true,"href":"https:\/\/archiv.siov.sk\/en\/wp-json\/wp\/v2\/media\/4414"}],"wp:attachment":[{"href":"https:\/\/archiv.siov.sk\/en\/wp-json\/wp\/v2\/media?parent=4412"}],"wp:term":[{"taxonomy":"category","embeddable":true,"href":"https:\/\/archiv.siov.sk\/en\/wp-json\/wp\/v2\/categories?post=4412"},{"taxonomy":"post_tag","embeddable":true,"href":"https:\/\/archiv.siov.sk\/en\/wp-json\/wp\/v2\/tags?post=4412"}],"curies":[{"name":"wp","href":"https:\/\/api.w.org\/{rel}","templated":true}]}}