{"id":4406,"date":"2019-10-14T09:58:54","date_gmt":"2019-10-14T07:58:54","guid":{"rendered":"https:\/\/archiv.siov.sk\/?p=4406"},"modified":"2019-10-22T08:51:31","modified_gmt":"2019-10-22T06:51:31","slug":"memorandum-o-spolupraci-so-siov-ma-uz-aj-zilinsky-kraj","status":"publish","type":"post","link":"https:\/\/archiv.siov.sk\/en\/memorandum-o-spolupraci-so-siov-ma-uz-aj-zilinsky-kraj\/","title":{"rendered":"Memorandum o spolupr\u00e1ci so \u0160IOV m\u00e1 u\u017e aj \u017dilinsk\u00fd kraj"},"content":{"rendered":"<p style=\"text-align: justify;\"><em>\u0160t\u00e1tny in\u0161tit\u00fat odborn\u00e9ho vzdel\u00e1vania (\u0160IOV) a&nbsp;\u017dilinsk\u00fd samospr\u00e1vny kraj uzavreli memorandum o&nbsp;spolupr\u00e1ci pri rozvoji odborn\u00e9ho a&nbsp;du\u00e1lneho vzdel\u00e1vania. Rovnak\u00fdm sp\u00f4sobom u\u017e \u0160IOV potvrdil partnerstvo napr\u00edklad s&nbsp;Trnavsk\u00fdm \u010di Tren\u010dianskym krajom. <\/em><\/p>\n<p style=\"text-align: justify;\">Riadite\u013e \u0160t\u00e1tneho in\u0161tit\u00fatu odborn\u00e9ho vzdel\u00e1vania Michal N\u011bmec a \u017eilinsk\u00e1 \u017eupanka Erika Jurinov\u00e1 podp\u00edsali v&nbsp;pondelok 14. okt\u00f3bra Memorandum o&nbsp;transform\u00e1cii odborn\u00e9ho vzdel\u00e1vania a&nbsp;pr\u00edpravy (OVP) a&nbsp;rozvoji syst\u00e9mu du\u00e1lneho vzdel\u00e1vania na&nbsp;Slovensku. Jeho cie\u013eom je efekt\u00edvne vzdel\u00e1vanie mlad\u00fdch \u013eud\u00ed s&nbsp;d\u00f4razom na&nbsp;odborn\u00fa prax.<\/p>\n<p><img fetchpriority=\"high\" decoding=\"async\" class=\"size-medium wp-image-4409 aligncenter\" src=\"https:\/\/archiv.siov.sk\/wp-content\/uploads\/2019\/10\/002_48896551058_o-300x200.jpg\" alt=\"\" width=\"300\" height=\"200\" srcset=\"https:\/\/archiv.siov.sk\/wp-content\/uploads\/2019\/10\/002_48896551058_o-300x200.jpg 300w, https:\/\/archiv.siov.sk\/wp-content\/uploads\/2019\/10\/002_48896551058_o-768x512.jpg 768w, https:\/\/archiv.siov.sk\/wp-content\/uploads\/2019\/10\/002_48896551058_o-1024x683.jpg 1024w, https:\/\/archiv.siov.sk\/wp-content\/uploads\/2019\/10\/002_48896551058_o-480x320.jpg 480w, https:\/\/archiv.siov.sk\/wp-content\/uploads\/2019\/10\/002_48896551058_o-272x182.jpg 272w\" sizes=\"(max-width: 300px) 100vw, 300px\" \/><\/p>\n<p><em>&nbsp; &nbsp; &nbsp; &nbsp; &nbsp; &nbsp; &nbsp; &nbsp; &nbsp; &nbsp; &nbsp; &nbsp; &nbsp; &nbsp; &nbsp; &nbsp; &nbsp; &nbsp; &nbsp; &nbsp; &nbsp; &nbsp; &nbsp; &nbsp; &nbsp; &nbsp; &nbsp; &nbsp; &nbsp; &nbsp; &nbsp; &nbsp; &nbsp; &nbsp; Foto: \u017dilinsk\u00fd samospr\u00e1vny kraj<\/em><\/p>\n<p style=\"text-align: justify;\">Du\u00e1lne vzdel\u00e1vanie sp\u00e1ja teoretick\u00e9 vzdel\u00e1vanie v&nbsp;\u0161kole s&nbsp;praxou u&nbsp;konkr\u00e9tneho zamestn\u00e1vate\u013ea. \u017diaci tak z\u00edskavaj\u00fa okrem teoretick\u00fdch poznatkov aj praktick\u00e9 zru\u010dnosti a odborn\u00e9 sk\u00fasenosti, \u010d\u00edm sa zvy\u0161uje ich \u0161anca uspie\u0165 na pracovnom trhu. \u201eJe na\u0161ou \u00falohou nastavi\u0165 syst\u00e9m vzdel\u00e1vania tak, aby \u0161koly dok\u00e1zali produkova\u0165 \u013eud\u00ed potrebn\u00fdch pre&nbsp;trh pr\u00e1ce. Dnes vn\u00edmame dopyt po remesl\u00e1ch a&nbsp;odborn\u00fdch pr\u00e1cach a&nbsp;du\u00e1lne vzdel\u00e1vanie je cesta, ako ho naplni\u0165,\u201c uviedla na str\u00e1nke kraja \u017eilinsk\u00e1 \u017eupanka Erika Jurinov\u00e1.<\/p>\n<p style=\"text-align: justify;\">Dokument medzi \u017eupou a&nbsp;\u0160IOV m\u00e1 podpori\u0165 spolupr\u00e1cu zainteresovan\u00fdch str\u00e1n pri budovan\u00ed funk\u010dn\u00e9ho syst\u00e9mu odborn\u00e9ho vzdel\u00e1vania v&nbsp;s\u00falade s&nbsp;hospod\u00e1rskou strat\u00e9giou \u0161t\u00e1tu. \u017dilinsk\u00fd samospr\u00e1vny kraj patr\u00ed medzi l\u00eddrov v&nbsp;du\u00e1lnom vzdel\u00e1van\u00ed, v&nbsp;minulom roku bol na&nbsp;druhom mieste v r\u00e1mci krajov v&nbsp;po\u010dte zapojen\u00fdch \u0161tudentov. V aktu\u00e1lnom \u0161kolskom roku 2019\/2020 sa v&nbsp;kraji v syst\u00e9me du\u00e1lneho vzdel\u00e1vania vzdel\u00e1va spolu 1281 \u017eiakov v&nbsp;19 stredn\u00fdch odborn\u00fdch \u0161kol\u00e1ch u&nbsp;127 zamestn\u00e1vate\u013eov.<\/p>\n<p>&nbsp;<\/p>","protected":false},"excerpt":{"rendered":"<p>\u0160t\u00e1tny in\u0161tit\u00fat odborn\u00e9ho vzdel\u00e1vania (\u0160IOV) a&nbsp;\u017dilinsk\u00fd samospr\u00e1vny kraj uzavreli memorandum o&nbsp;spolupr\u00e1ci pri rozvoji odborn\u00e9ho a&nbsp;du\u00e1lneho vzdel\u00e1vania. Rovnak\u00fdm sp\u00f4sobom u\u017e \u0160IOV potvrdil partnerstvo napr\u00edklad s&nbsp;Trnavsk\u00fdm \u010di Tren\u010dianskym krajom. Riadite\u013e \u0160t\u00e1tneho in\u0161tit\u00fatu odborn\u00e9ho vzdel\u00e1vania Michal N\u011bmec a \u017eilinsk\u00e1 \u017eupanka Erika Jurinov\u00e1 podp\u00edsali v&nbsp;pondelok 14. okt\u00f3bra Memorandum o&nbsp;transform\u00e1cii odborn\u00e9ho vzdel\u00e1vania a&nbsp;pr\u00edpravy (OVP) a&nbsp;rozvoji syst\u00e9mu du\u00e1lneho vzdel\u00e1vania na&nbsp;Slovensku. Jeho [&hellip;]<\/p>\n","protected":false},"author":6,"featured_media":4408,"comment_status":"closed","ping_status":"closed","sticky":false,"template":"","format":"standard","meta":{"site-sidebar-layout":"default","site-content-layout":"","ast-site-content-layout":"default","site-content-style":"default","site-sidebar-style":"default","ast-global-header-display":"","ast-banner-title-visibility":"","ast-main-header-display":"","ast-hfb-above-header-display":"","ast-hfb-below-header-display":"","ast-hfb-mobile-header-display":"","site-post-title":"","ast-breadcrumbs-content":"","ast-featured-img":"","footer-sml-layout":"","ast-disable-related-posts":"","theme-transparent-header-meta":"","adv-header-id-meta":"","stick-header-meta":"","header-above-stick-meta":"","header-main-stick-meta":"","header-below-stick-meta":"","astra-migrate-meta-layouts":"default","ast-page-background-enabled":"default","ast-page-background-meta":{"desktop":{"background-color":"var(--ast-global-color-4)","background-image":"","background-repeat":"repeat","background-position":"center center","background-size":"auto","background-attachment":"scroll","background-type":"","background-media":"","overlay-type":"","overlay-color":"","overlay-opacity":"","overlay-gradient":""},"tablet":{"background-color":"","background-image":"","background-repeat":"repeat","background-position":"center center","background-size":"auto","background-attachment":"scroll","background-type":"","background-media":"","overlay-type":"","overlay-color":"","overlay-opacity":"","overlay-gradient":""},"mobile":{"background-color":"","background-image":"","background-repeat":"repeat","background-position":"center center","background-size":"auto","background-attachment":"scroll","background-type":"","background-media":"","overlay-type":"","overlay-color":"","overlay-opacity":"","overlay-gradient":""}},"ast-content-background-meta":{"desktop":{"background-color":"var(--ast-global-color-5)","background-image":"","background-repeat":"repeat","background-position":"center center","background-size":"auto","background-attachment":"scroll","background-type":"","background-media":"","overlay-type":"","overlay-color":"","overlay-opacity":"","overlay-gradient":""},"tablet":{"background-color":"var(--ast-global-color-5)","background-image":"","background-repeat":"repeat","background-position":"center center","background-size":"auto","background-attachment":"scroll","background-type":"","background-media":"","overlay-type":"","overlay-color":"","overlay-opacity":"","overlay-gradient":""},"mobile":{"background-color":"var(--ast-global-color-5)","background-image":"","background-repeat":"repeat","background-position":"center center","background-size":"auto","background-attachment":"scroll","background-type":"","background-media":"","overlay-type":"","overlay-color":"","overlay-opacity":"","overlay-gradient":""}},"footnotes":""},"categories":[1],"tags":[],"class_list":["post-4406","post","type-post","status-publish","format-standard","has-post-thumbnail","hentry","category-aktuality"],"yoast_head":"<!-- This site is optimized with the Yoast SEO plugin v27.5 - https:\/\/yoast.com\/product\/yoast-seo-wordpress\/ -->\n<title>Memorandum o spolupr\u00e1ci so \u0160IOV m\u00e1 u\u017e aj \u017dilinsk\u00fd kraj - \u0160IOV - \u0161t\u00e1tny in\u0161tit\u00fat odborn\u00e9ho vzdel\u00e1vania<\/title>\n<meta name=\"robots\" content=\"index, follow, max-snippet:-1, max-image-preview:large, max-video-preview:-1\" \/>\n<link rel=\"canonical\" href=\"https:\/\/archiv.siov.sk\/en\/memorandum-o-spolupraci-so-siov-ma-uz-aj-zilinsky-kraj\/\" \/>\n<meta property=\"og:locale\" content=\"en_GB\" \/>\n<meta property=\"og:type\" content=\"article\" \/>\n<meta property=\"og:title\" content=\"Memorandum o spolupr\u00e1ci so \u0160IOV m\u00e1 u\u017e aj \u017dilinsk\u00fd kraj - \u0160IOV - \u0161t\u00e1tny in\u0161tit\u00fat odborn\u00e9ho vzdel\u00e1vania\" \/>\n<meta property=\"og:description\" content=\"\u0160t\u00e1tny in\u0161tit\u00fat odborn\u00e9ho vzdel\u00e1vania (\u0160IOV) a&nbsp;\u017dilinsk\u00fd samospr\u00e1vny kraj uzavreli memorandum o&nbsp;spolupr\u00e1ci pri rozvoji odborn\u00e9ho a&nbsp;du\u00e1lneho vzdel\u00e1vania. Rovnak\u00fdm sp\u00f4sobom u\u017e \u0160IOV potvrdil partnerstvo napr\u00edklad s&nbsp;Trnavsk\u00fdm \u010di Tren\u010dianskym krajom. Riadite\u013e \u0160t\u00e1tneho in\u0161tit\u00fatu odborn\u00e9ho vzdel\u00e1vania Michal N\u011bmec a \u017eilinsk\u00e1 \u017eupanka Erika Jurinov\u00e1 podp\u00edsali v&nbsp;pondelok 14. okt\u00f3bra Memorandum o&nbsp;transform\u00e1cii odborn\u00e9ho vzdel\u00e1vania a&nbsp;pr\u00edpravy (OVP) a&nbsp;rozvoji syst\u00e9mu du\u00e1lneho vzdel\u00e1vania na&nbsp;Slovensku. Jeho [&hellip;]\" \/>\n<meta property=\"og:url\" content=\"https:\/\/archiv.siov.sk\/en\/memorandum-o-spolupraci-so-siov-ma-uz-aj-zilinsky-kraj\/\" \/>\n<meta property=\"og:site_name\" content=\"\u0160IOV - \u0161t\u00e1tny in\u0161tit\u00fat odborn\u00e9ho vzdel\u00e1vania\" \/>\n<meta property=\"article:publisher\" content=\"https:\/\/www.facebook.com\/Statnyinstitutodbornehovzdelavania\" \/>\n<meta property=\"article:published_time\" content=\"2019-10-14T07:58:54+00:00\" \/>\n<meta property=\"article:modified_time\" content=\"2019-10-22T06:51:31+00:00\" \/>\n<meta property=\"og:image\" content=\"https:\/\/archiv.siov.sk\/wp-content\/uploads\/2019\/10\/005_48896551488_o-1024x683.jpg\" \/>\n\t<meta property=\"og:image:width\" content=\"1024\" \/>\n\t<meta property=\"og:image:height\" content=\"683\" \/>\n\t<meta property=\"og:image:type\" content=\"image\/jpeg\" \/>\n<meta name=\"author\" content=\"Katar\u00edna Kov\u00e1\u010dov\u00e1\" \/>\n<meta name=\"twitter:card\" content=\"summary_large_image\" \/>\n<meta name=\"twitter:label1\" content=\"Written by\" \/>\n\t<meta name=\"twitter:data1\" content=\"Katar\u00edna Kov\u00e1\u010dov\u00e1\" \/>\n\t<meta name=\"twitter:label2\" content=\"Estimated reading time\" \/>\n\t<meta name=\"twitter:data2\" content=\"2 minutes\" \/>\n<script type=\"application\/ld+json\" class=\"yoast-schema-graph\">{\"@context\":\"https:\\\/\\\/schema.org\",\"@graph\":[{\"@type\":\"Article\",\"@id\":\"https:\\\/\\\/archiv.siov.sk\\\/memorandum-o-spolupraci-so-siov-ma-uz-aj-zilinsky-kraj\\\/#article\",\"isPartOf\":{\"@id\":\"https:\\\/\\\/archiv.siov.sk\\\/memorandum-o-spolupraci-so-siov-ma-uz-aj-zilinsky-kraj\\\/\"},\"author\":{\"name\":\"Katar\u00edna Kov\u00e1\u010dov\u00e1\",\"@id\":\"https:\\\/\\\/archiv.siov.sk\\\/#\\\/schema\\\/person\\\/e42d633fbd958c6a726e8834d8965e6c\"},\"headline\":\"Memorandum o spolupr\u00e1ci so \u0160IOV m\u00e1 u\u017e aj \u017dilinsk\u00fd kraj\",\"datePublished\":\"2019-10-14T07:58:54+00:00\",\"dateModified\":\"2019-10-22T06:51:31+00:00\",\"mainEntityOfPage\":{\"@id\":\"https:\\\/\\\/archiv.siov.sk\\\/memorandum-o-spolupraci-so-siov-ma-uz-aj-zilinsky-kraj\\\/\"},\"wordCount\":379,\"publisher\":{\"@id\":\"https:\\\/\\\/archiv.siov.sk\\\/#organization\"},\"image\":{\"@id\":\"https:\\\/\\\/archiv.siov.sk\\\/memorandum-o-spolupraci-so-siov-ma-uz-aj-zilinsky-kraj\\\/#primaryimage\"},\"thumbnailUrl\":\"https:\\\/\\\/archiv.siov.sk\\\/wp-content\\\/uploads\\\/2019\\\/10\\\/005_48896551488_o.jpg\",\"articleSection\":[\"Aktuality\"],\"inLanguage\":\"en-GB\"},{\"@type\":\"WebPage\",\"@id\":\"https:\\\/\\\/archiv.siov.sk\\\/memorandum-o-spolupraci-so-siov-ma-uz-aj-zilinsky-kraj\\\/\",\"url\":\"https:\\\/\\\/archiv.siov.sk\\\/memorandum-o-spolupraci-so-siov-ma-uz-aj-zilinsky-kraj\\\/\",\"name\":\"Memorandum o spolupr\u00e1ci so \u0160IOV m\u00e1 u\u017e aj \u017dilinsk\u00fd kraj - \u0160IOV - \u0161t\u00e1tny in\u0161tit\u00fat odborn\u00e9ho vzdel\u00e1vania\",\"isPartOf\":{\"@id\":\"https:\\\/\\\/archiv.siov.sk\\\/#website\"},\"primaryImageOfPage\":{\"@id\":\"https:\\\/\\\/archiv.siov.sk\\\/memorandum-o-spolupraci-so-siov-ma-uz-aj-zilinsky-kraj\\\/#primaryimage\"},\"image\":{\"@id\":\"https:\\\/\\\/archiv.siov.sk\\\/memorandum-o-spolupraci-so-siov-ma-uz-aj-zilinsky-kraj\\\/#primaryimage\"},\"thumbnailUrl\":\"https:\\\/\\\/archiv.siov.sk\\\/wp-content\\\/uploads\\\/2019\\\/10\\\/005_48896551488_o.jpg\",\"datePublished\":\"2019-10-14T07:58:54+00:00\",\"dateModified\":\"2019-10-22T06:51:31+00:00\",\"breadcrumb\":{\"@id\":\"https:\\\/\\\/archiv.siov.sk\\\/memorandum-o-spolupraci-so-siov-ma-uz-aj-zilinsky-kraj\\\/#breadcrumb\"},\"inLanguage\":\"en-GB\",\"potentialAction\":[{\"@type\":\"ReadAction\",\"target\":[\"https:\\\/\\\/archiv.siov.sk\\\/memorandum-o-spolupraci-so-siov-ma-uz-aj-zilinsky-kraj\\\/\"]}]},{\"@type\":\"ImageObject\",\"inLanguage\":\"en-GB\",\"@id\":\"https:\\\/\\\/archiv.siov.sk\\\/memorandum-o-spolupraci-so-siov-ma-uz-aj-zilinsky-kraj\\\/#primaryimage\",\"url\":\"https:\\\/\\\/archiv.siov.sk\\\/wp-content\\\/uploads\\\/2019\\\/10\\\/005_48896551488_o.jpg\",\"contentUrl\":\"https:\\\/\\\/archiv.siov.sk\\\/wp-content\\\/uploads\\\/2019\\\/10\\\/005_48896551488_o.jpg\",\"width\":6240,\"height\":4160},{\"@type\":\"BreadcrumbList\",\"@id\":\"https:\\\/\\\/archiv.siov.sk\\\/memorandum-o-spolupraci-so-siov-ma-uz-aj-zilinsky-kraj\\\/#breadcrumb\",\"itemListElement\":[{\"@type\":\"ListItem\",\"position\":1,\"name\":\"Home\",\"item\":\"https:\\\/\\\/archiv.siov.sk\\\/\"},{\"@type\":\"ListItem\",\"position\":2,\"name\":\"Memorandum o spolupr\u00e1ci so \u0160IOV m\u00e1 u\u017e aj \u017dilinsk\u00fd kraj\"}]},{\"@type\":\"WebSite\",\"@id\":\"https:\\\/\\\/archiv.siov.sk\\\/#website\",\"url\":\"https:\\\/\\\/archiv.siov.sk\\\/\",\"name\":\"\u0160IOV - \u0161t\u00e1tny in\u0161tit\u00fat odborn\u00e9ho vzdel\u00e1vania\",\"description\":\"\",\"publisher\":{\"@id\":\"https:\\\/\\\/archiv.siov.sk\\\/#organization\"},\"potentialAction\":[{\"@type\":\"SearchAction\",\"target\":{\"@type\":\"EntryPoint\",\"urlTemplate\":\"https:\\\/\\\/archiv.siov.sk\\\/?s={search_term_string}\"},\"query-input\":{\"@type\":\"PropertyValueSpecification\",\"valueRequired\":true,\"valueName\":\"search_term_string\"}}],\"inLanguage\":\"en-GB\"},{\"@type\":\"Organization\",\"@id\":\"https:\\\/\\\/archiv.siov.sk\\\/#organization\",\"name\":\"\u0160IOV - \u0161t\u00e1tny in\u0161tit\u00fat odborn\u00e9ho vzdel\u00e1vania\",\"url\":\"https:\\\/\\\/archiv.siov.sk\\\/\",\"logo\":{\"@type\":\"ImageObject\",\"inLanguage\":\"en-GB\",\"@id\":\"https:\\\/\\\/archiv.siov.sk\\\/#\\\/schema\\\/logo\\\/image\\\/\",\"url\":\"https:\\\/\\\/archiv.siov.sk\\\/wp-content\\\/uploads\\\/2024\\\/02\\\/logo-SIOV.png\",\"contentUrl\":\"https:\\\/\\\/archiv.siov.sk\\\/wp-content\\\/uploads\\\/2024\\\/02\\\/logo-SIOV.png\",\"width\":431,\"height\":143,\"caption\":\"\u0160IOV - \u0161t\u00e1tny in\u0161tit\u00fat odborn\u00e9ho vzdel\u00e1vania\"},\"image\":{\"@id\":\"https:\\\/\\\/archiv.siov.sk\\\/#\\\/schema\\\/logo\\\/image\\\/\"},\"sameAs\":[\"https:\\\/\\\/www.facebook.com\\\/Statnyinstitutodbornehovzdelavania\"]},{\"@type\":\"Person\",\"@id\":\"https:\\\/\\\/archiv.siov.sk\\\/#\\\/schema\\\/person\\\/e42d633fbd958c6a726e8834d8965e6c\",\"name\":\"Katar\u00edna Kov\u00e1\u010dov\u00e1\",\"url\":\"https:\\\/\\\/archiv.siov.sk\\\/en\\\/author\\\/katkakovacova\\\/\"}]}<\/script>\n<!-- \/ Yoast SEO plugin. -->","yoast_head_json":{"title":"Memorandum o spolupr\u00e1ci so \u0160IOV m\u00e1 u\u017e aj \u017dilinsk\u00fd kraj - \u0160IOV - \u0161t\u00e1tny in\u0161tit\u00fat odborn\u00e9ho vzdel\u00e1vania","robots":{"index":"index","follow":"follow","max-snippet":"max-snippet:-1","max-image-preview":"max-image-preview:large","max-video-preview":"max-video-preview:-1"},"canonical":"https:\/\/archiv.siov.sk\/en\/memorandum-o-spolupraci-so-siov-ma-uz-aj-zilinsky-kraj\/","og_locale":"en_GB","og_type":"article","og_title":"Memorandum o spolupr\u00e1ci so \u0160IOV m\u00e1 u\u017e aj \u017dilinsk\u00fd kraj - \u0160IOV - \u0161t\u00e1tny in\u0161tit\u00fat odborn\u00e9ho vzdel\u00e1vania","og_description":"\u0160t\u00e1tny in\u0161tit\u00fat odborn\u00e9ho vzdel\u00e1vania (\u0160IOV) a&nbsp;\u017dilinsk\u00fd samospr\u00e1vny kraj uzavreli memorandum o&nbsp;spolupr\u00e1ci pri rozvoji odborn\u00e9ho a&nbsp;du\u00e1lneho vzdel\u00e1vania. Rovnak\u00fdm sp\u00f4sobom u\u017e \u0160IOV potvrdil partnerstvo napr\u00edklad s&nbsp;Trnavsk\u00fdm \u010di Tren\u010dianskym krajom. Riadite\u013e \u0160t\u00e1tneho in\u0161tit\u00fatu odborn\u00e9ho vzdel\u00e1vania Michal N\u011bmec a \u017eilinsk\u00e1 \u017eupanka Erika Jurinov\u00e1 podp\u00edsali v&nbsp;pondelok 14. okt\u00f3bra Memorandum o&nbsp;transform\u00e1cii odborn\u00e9ho vzdel\u00e1vania a&nbsp;pr\u00edpravy (OVP) a&nbsp;rozvoji syst\u00e9mu du\u00e1lneho vzdel\u00e1vania na&nbsp;Slovensku. Jeho [&hellip;]","og_url":"https:\/\/archiv.siov.sk\/en\/memorandum-o-spolupraci-so-siov-ma-uz-aj-zilinsky-kraj\/","og_site_name":"\u0160IOV - \u0161t\u00e1tny in\u0161tit\u00fat odborn\u00e9ho vzdel\u00e1vania","article_publisher":"https:\/\/www.facebook.com\/Statnyinstitutodbornehovzdelavania","article_published_time":"2019-10-14T07:58:54+00:00","article_modified_time":"2019-10-22T06:51:31+00:00","og_image":[{"width":1024,"height":683,"url":"https:\/\/archiv.siov.sk\/wp-content\/uploads\/2019\/10\/005_48896551488_o-1024x683.jpg","type":"image\/jpeg"}],"author":"Katar\u00edna Kov\u00e1\u010dov\u00e1","twitter_card":"summary_large_image","twitter_misc":{"Written by":"Katar\u00edna Kov\u00e1\u010dov\u00e1","Estimated reading time":"2 minutes"},"schema":{"@context":"https:\/\/schema.org","@graph":[{"@type":"Article","@id":"https:\/\/archiv.siov.sk\/memorandum-o-spolupraci-so-siov-ma-uz-aj-zilinsky-kraj\/#article","isPartOf":{"@id":"https:\/\/archiv.siov.sk\/memorandum-o-spolupraci-so-siov-ma-uz-aj-zilinsky-kraj\/"},"author":{"name":"Katar\u00edna Kov\u00e1\u010dov\u00e1","@id":"https:\/\/archiv.siov.sk\/#\/schema\/person\/e42d633fbd958c6a726e8834d8965e6c"},"headline":"Memorandum o spolupr\u00e1ci so \u0160IOV m\u00e1 u\u017e aj \u017dilinsk\u00fd kraj","datePublished":"2019-10-14T07:58:54+00:00","dateModified":"2019-10-22T06:51:31+00:00","mainEntityOfPage":{"@id":"https:\/\/archiv.siov.sk\/memorandum-o-spolupraci-so-siov-ma-uz-aj-zilinsky-kraj\/"},"wordCount":379,"publisher":{"@id":"https:\/\/archiv.siov.sk\/#organization"},"image":{"@id":"https:\/\/archiv.siov.sk\/memorandum-o-spolupraci-so-siov-ma-uz-aj-zilinsky-kraj\/#primaryimage"},"thumbnailUrl":"https:\/\/archiv.siov.sk\/wp-content\/uploads\/2019\/10\/005_48896551488_o.jpg","articleSection":["Aktuality"],"inLanguage":"en-GB"},{"@type":"WebPage","@id":"https:\/\/archiv.siov.sk\/memorandum-o-spolupraci-so-siov-ma-uz-aj-zilinsky-kraj\/","url":"https:\/\/archiv.siov.sk\/memorandum-o-spolupraci-so-siov-ma-uz-aj-zilinsky-kraj\/","name":"Memorandum o spolupr\u00e1ci so \u0160IOV m\u00e1 u\u017e aj \u017dilinsk\u00fd kraj - \u0160IOV - \u0161t\u00e1tny in\u0161tit\u00fat odborn\u00e9ho vzdel\u00e1vania","isPartOf":{"@id":"https:\/\/archiv.siov.sk\/#website"},"primaryImageOfPage":{"@id":"https:\/\/archiv.siov.sk\/memorandum-o-spolupraci-so-siov-ma-uz-aj-zilinsky-kraj\/#primaryimage"},"image":{"@id":"https:\/\/archiv.siov.sk\/memorandum-o-spolupraci-so-siov-ma-uz-aj-zilinsky-kraj\/#primaryimage"},"thumbnailUrl":"https:\/\/archiv.siov.sk\/wp-content\/uploads\/2019\/10\/005_48896551488_o.jpg","datePublished":"2019-10-14T07:58:54+00:00","dateModified":"2019-10-22T06:51:31+00:00","breadcrumb":{"@id":"https:\/\/archiv.siov.sk\/memorandum-o-spolupraci-so-siov-ma-uz-aj-zilinsky-kraj\/#breadcrumb"},"inLanguage":"en-GB","potentialAction":[{"@type":"ReadAction","target":["https:\/\/archiv.siov.sk\/memorandum-o-spolupraci-so-siov-ma-uz-aj-zilinsky-kraj\/"]}]},{"@type":"ImageObject","inLanguage":"en-GB","@id":"https:\/\/archiv.siov.sk\/memorandum-o-spolupraci-so-siov-ma-uz-aj-zilinsky-kraj\/#primaryimage","url":"https:\/\/archiv.siov.sk\/wp-content\/uploads\/2019\/10\/005_48896551488_o.jpg","contentUrl":"https:\/\/archiv.siov.sk\/wp-content\/uploads\/2019\/10\/005_48896551488_o.jpg","width":6240,"height":4160},{"@type":"BreadcrumbList","@id":"https:\/\/archiv.siov.sk\/memorandum-o-spolupraci-so-siov-ma-uz-aj-zilinsky-kraj\/#breadcrumb","itemListElement":[{"@type":"ListItem","position":1,"name":"Home","item":"https:\/\/archiv.siov.sk\/"},{"@type":"ListItem","position":2,"name":"Memorandum o spolupr\u00e1ci so \u0160IOV m\u00e1 u\u017e aj \u017dilinsk\u00fd kraj"}]},{"@type":"WebSite","@id":"https:\/\/archiv.siov.sk\/#website","url":"https:\/\/archiv.siov.sk\/","name":"\u0160IOV - \u0161t\u00e1tny in\u0161tit\u00fat odborn\u00e9ho vzdel\u00e1vania","description":"","publisher":{"@id":"https:\/\/archiv.siov.sk\/#organization"},"potentialAction":[{"@type":"SearchAction","target":{"@type":"EntryPoint","urlTemplate":"https:\/\/archiv.siov.sk\/?s={search_term_string}"},"query-input":{"@type":"PropertyValueSpecification","valueRequired":true,"valueName":"search_term_string"}}],"inLanguage":"en-GB"},{"@type":"Organization","@id":"https:\/\/archiv.siov.sk\/#organization","name":"\u0160IOV - \u0161t\u00e1tny in\u0161tit\u00fat odborn\u00e9ho vzdel\u00e1vania","url":"https:\/\/archiv.siov.sk\/","logo":{"@type":"ImageObject","inLanguage":"en-GB","@id":"https:\/\/archiv.siov.sk\/#\/schema\/logo\/image\/","url":"https:\/\/archiv.siov.sk\/wp-content\/uploads\/2024\/02\/logo-SIOV.png","contentUrl":"https:\/\/archiv.siov.sk\/wp-content\/uploads\/2024\/02\/logo-SIOV.png","width":431,"height":143,"caption":"\u0160IOV - \u0161t\u00e1tny in\u0161tit\u00fat odborn\u00e9ho vzdel\u00e1vania"},"image":{"@id":"https:\/\/archiv.siov.sk\/#\/schema\/logo\/image\/"},"sameAs":["https:\/\/www.facebook.com\/Statnyinstitutodbornehovzdelavania"]},{"@type":"Person","@id":"https:\/\/archiv.siov.sk\/#\/schema\/person\/e42d633fbd958c6a726e8834d8965e6c","name":"Katar\u00edna Kov\u00e1\u010dov\u00e1","url":"https:\/\/archiv.siov.sk\/en\/author\/katkakovacova\/"}]}},"_links":{"self":[{"href":"https:\/\/archiv.siov.sk\/en\/wp-json\/wp\/v2\/posts\/4406","targetHints":{"allow":["GET"]}}],"collection":[{"href":"https:\/\/archiv.siov.sk\/en\/wp-json\/wp\/v2\/posts"}],"about":[{"href":"https:\/\/archiv.siov.sk\/en\/wp-json\/wp\/v2\/types\/post"}],"author":[{"embeddable":true,"href":"https:\/\/archiv.siov.sk\/en\/wp-json\/wp\/v2\/users\/6"}],"replies":[{"embeddable":true,"href":"https:\/\/archiv.siov.sk\/en\/wp-json\/wp\/v2\/comments?post=4406"}],"version-history":[{"count":3,"href":"https:\/\/archiv.siov.sk\/en\/wp-json\/wp\/v2\/posts\/4406\/revisions"}],"predecessor-version":[{"id":4416,"href":"https:\/\/archiv.siov.sk\/en\/wp-json\/wp\/v2\/posts\/4406\/revisions\/4416"}],"wp:featuredmedia":[{"embeddable":true,"href":"https:\/\/archiv.siov.sk\/en\/wp-json\/wp\/v2\/media\/4408"}],"wp:attachment":[{"href":"https:\/\/archiv.siov.sk\/en\/wp-json\/wp\/v2\/media?parent=4406"}],"wp:term":[{"taxonomy":"category","embeddable":true,"href":"https:\/\/archiv.siov.sk\/en\/wp-json\/wp\/v2\/categories?post=4406"},{"taxonomy":"post_tag","embeddable":true,"href":"https:\/\/archiv.siov.sk\/en\/wp-json\/wp\/v2\/tags?post=4406"}],"curies":[{"name":"wp","href":"https:\/\/api.w.org\/{rel}","templated":true}]}}