{"id":4339,"date":"2019-10-04T09:25:40","date_gmt":"2019-10-04T07:25:40","guid":{"rendered":"http:\/\/archiv.siov.sk\/?p=4339"},"modified":"2019-10-04T09:25:40","modified_gmt":"2019-10-04T07:25:40","slug":"celostatna-sutaz-odborov-kadernik-a-vizazista","status":"publish","type":"post","link":"https:\/\/archiv.siov.sk\/en\/celostatna-sutaz-odborov-kadernik-a-vizazista\/","title":{"rendered":"Celo\u0161t\u00e1tna s\u00fa\u0165a\u017e odborov kadern\u00edk a  viz\u00e1\u017eista"},"content":{"rendered":"<p style=\"text-align: justify;\">Incheba EXPO Bratislava bola dejiskom 4. ro\u010dn\u00edka celo\u0161t\u00e1tnej &nbsp;s\u00fa\u0165a\u017ee stredo\u0161kol\u00e1kov v&nbsp;odborn\u00fdch zru\u010dnostiach &nbsp;mlad\u00fdch kadern\u00edkov &nbsp;a&nbsp;viz\u00e1\u017eistov Skills Slovakia. <strong>S\u00fa\u0165a\u017e o&nbsp;zlat\u00e9 no\u017enice<\/strong> sa konala 3. okt\u00f3bra v&nbsp;r\u00e1mci ve\u013etrhu kozmetiky Interbeauty.<\/p>\n<p style=\"text-align: justify;\">Tento rok&nbsp; sa uskuto\u010dnila v 4&nbsp; kateg\u00f3ri\u00e1ch pre stredn\u00e9 \u0161koly a&nbsp;dospel\u00fdch s&nbsp;t\u00e9mami \u201eTREND CUT\u201c &#8211; d\u00e1msky trendov\u00fd strih jese\u0148, zima 2019, kde 1. miesto z\u00edskala Lucia Ochabov\u00e1 zo Strednej odbornej \u0161koly kadern\u00edctva a&nbsp;viz\u00e1\u017eistiky, Sv\u00e4toplukova 2, Bratislava v&nbsp;kateg\u00f3rii dospel\u00ed Judita Ori\u0161kov\u00e1 Polat Elalmis Hair Salon. V&nbsp;t\u00e9me \u201eKOMER\u010cN\u00dd SVADOBN\u00dd \u00da\u010cES\u201c,&nbsp; 1. miesto obsadila Miriam Vitkovi\u010dov\u00e1 zo Strednej odbornej \u0161koly obchodu a&nbsp;slu\u017eieb, Humenn\u00e9, v&nbsp;kateg\u00f3rii dospel\u00ed Aneta Budo\u0161ov\u00e1 zo Strednej odbornej \u0161koly obchodu a&nbsp;slu\u017eieb \u010cadca.<\/p>\n<p><img fetchpriority=\"high\" decoding=\"async\" class=\"alignnone size-medium wp-image-4341 aligncenter\" src=\"https:\/\/archiv.siov.sk\/wp-content\/uploads\/2019\/10\/20191003_134013-e1570173922412-300x225.jpg\" alt=\"\" width=\"300\" height=\"225\" srcset=\"https:\/\/archiv.siov.sk\/wp-content\/uploads\/2019\/10\/20191003_134013-e1570173922412-300x225.jpg 300w, https:\/\/archiv.siov.sk\/wp-content\/uploads\/2019\/10\/20191003_134013-e1570173922412-768x576.jpg 768w, https:\/\/archiv.siov.sk\/wp-content\/uploads\/2019\/10\/20191003_134013-e1570173922412-1024x768.jpg 1024w, https:\/\/archiv.siov.sk\/wp-content\/uploads\/2019\/10\/20191003_134013-e1570173922412-480x360.jpg 480w\" sizes=\"(max-width: 300px) 100vw, 300px\" \/><\/p>\n<p style=\"text-align: justify;\">V&nbsp;t\u00e9me \u201eMODERN\u00dd P\u00c1NSKY STRIH\u201c \u2013 v&nbsp;kateg\u00f3rii \u017eiaci patr\u00ed 1 . miesto Tom\u00e1\u0161ovi Kocinovi zo Strednej odbornej \u0161koly kadern\u00edctva a&nbsp;viz\u00e1\u017eistiky Sv\u00e4toplukova 2, Bratislava, v&nbsp;kateg\u00f3rii dospel\u00ed B\u00e1lintovi Andrejkovi\u010dovi zo Strednej odbornej \u0161koly s&nbsp;VJM Szakk\u00f6z\u00e9piskola Dunajsk\u00e1 Streda. V&nbsp;t\u00e9me s\u00fa\u0165a\u017ee v l\u00ed\u010den\u00ed \u201eEDEN Rajsk\u00e1 z\u00e1hrada\u201c 1. miesto v&nbsp;kateg\u00f3rii \u017eiaci&nbsp; z\u00edskala Petra Veli\u010dkov\u00e1 zo Strednej odbornej \u0161koly Spi\u0161sk\u00e1 Nov\u00e1 Ves a&nbsp;v&nbsp;kateg\u00f3rii dospel\u00ed Lucia Gabri\u0161ov\u00e1 zo Strednej odbornej \u0161koly kadern\u00edctva a&nbsp;viz\u00e1\u017eistiky Sv\u00e4toplukova, 2 Bratislava.&nbsp;<\/p>\n<p style=\"text-align: justify;\">Absol\u00fatnym v\u00ed\u0165azom&nbsp; \u017eiakov bola Miriam Vitkovi\u010dov\u00e1 zo Strednej odbornej \u0161koly obchodu a&nbsp;slu\u017eieb, Humenn\u00e9 a&nbsp;za dospel\u00fdch Aneta Budo\u0161ov\u00e1 zo Strednej odbornej \u0161koly obchodu a&nbsp;slu\u017eieb \u010cadca.&nbsp; S\u00fa\u0165a\u017eiaci preuk\u00e1zali&nbsp; v&nbsp;ur\u010denom \u010dasovom limite svoje v\u00fdnimo\u010dn\u00e9 odborn\u00e9 zru\u010dnosti, predstavivos\u0165, kreativitu, invenciu a&nbsp;cit pre kadern\u00edcke umenie a&nbsp;viz\u00e1\u017e.&nbsp; Celkom sa z\u00fa\u010dastnilo s\u00fa\u0165a\u017ee 80 s\u00fa\u0165a\u017eiacich.&nbsp; \u017diakov&nbsp; stredn\u00fdch odborn\u00fdch \u0161k\u00f4l&nbsp; bolo 62 a&nbsp;18&nbsp; \u00fa\u010dastn\u00edkov s\u00fa\u0165a\u017eilo v&nbsp;kateg\u00f3rii dospel\u00fdch. V\u00ed\u0165azi&nbsp; z\u00edskali hodnotn\u00e9 vecn\u00e9&nbsp; ocenenia a&nbsp;st\u00e1\u017ee u&nbsp;profesion\u00e1lnych kadern\u00edkov. S\u00fa\u010dasne vybran\u00fd v\u00ed\u0165az kateg\u00f3rie \u017eiakov z\u00edskava mo\u017enos\u0165 nomin\u00e1cie na EuroSkills 2020.<\/p>\n<p style=\"text-align: justify;\">Organiz\u00e1torom podujatia bol profesion\u00e1lny kadern\u00edk Polat Elalmis Hair Salon v&nbsp;Bratislave. Podporili ho tie\u017e \u010fal\u0161\u00ed partneri a&nbsp;12 odborn\u00ed hodnotitelia z&nbsp;praxe. Odborn\u00fdm garantom&nbsp; s\u00fa\u0165a\u017ee bol \u0160t\u00e1tny in\u0161tit\u00fat odborn\u00e9ho vzdel\u00e1vania &nbsp;pod z\u00e1\u0161titou Ministerstva \u0161kolstva, vedy, v\u00fdskumu a&nbsp;\u0161portu Slovenskej republiky.&nbsp; &nbsp;&nbsp;&nbsp;&nbsp;&nbsp;&nbsp;&nbsp;&nbsp;&nbsp;&nbsp;&nbsp; &nbsp;<\/p>","protected":false},"excerpt":{"rendered":"<p>Incheba EXPO Bratislava bola dejiskom 4. ro\u010dn\u00edka celo\u0161t\u00e1tnej &nbsp;s\u00fa\u0165a\u017ee stredo\u0161kol\u00e1kov v&nbsp;odborn\u00fdch zru\u010dnostiach &nbsp;mlad\u00fdch kadern\u00edkov &nbsp;a&nbsp;viz\u00e1\u017eistov Skills Slovakia. S\u00fa\u0165a\u017e o&nbsp;zlat\u00e9 no\u017enice sa konala 3. okt\u00f3bra v&nbsp;r\u00e1mci ve\u013etrhu kozmetiky Interbeauty. Tento rok&nbsp; sa uskuto\u010dnila v 4&nbsp; kateg\u00f3ri\u00e1ch pre stredn\u00e9 \u0161koly a&nbsp;dospel\u00fdch s&nbsp;t\u00e9mami \u201eTREND CUT\u201c &#8211; d\u00e1msky trendov\u00fd strih jese\u0148, zima 2019, kde 1. miesto z\u00edskala Lucia Ochabov\u00e1 [&hellip;]<\/p>\n","protected":false},"author":6,"featured_media":4342,"comment_status":"closed","ping_status":"closed","sticky":false,"template":"","format":"standard","meta":{"site-sidebar-layout":"default","site-content-layout":"","ast-site-content-layout":"default","site-content-style":"default","site-sidebar-style":"default","ast-global-header-display":"","ast-banner-title-visibility":"","ast-main-header-display":"","ast-hfb-above-header-display":"","ast-hfb-below-header-display":"","ast-hfb-mobile-header-display":"","site-post-title":"","ast-breadcrumbs-content":"","ast-featured-img":"","footer-sml-layout":"","ast-disable-related-posts":"","theme-transparent-header-meta":"","adv-header-id-meta":"","stick-header-meta":"","header-above-stick-meta":"","header-main-stick-meta":"","header-below-stick-meta":"","astra-migrate-meta-layouts":"default","ast-page-background-enabled":"default","ast-page-background-meta":{"desktop":{"background-color":"var(--ast-global-color-4)","background-image":"","background-repeat":"repeat","background-position":"center center","background-size":"auto","background-attachment":"scroll","background-type":"","background-media":"","overlay-type":"","overlay-color":"","overlay-opacity":"","overlay-gradient":""},"tablet":{"background-color":"","background-image":"","background-repeat":"repeat","background-position":"center center","background-size":"auto","background-attachment":"scroll","background-type":"","background-media":"","overlay-type":"","overlay-color":"","overlay-opacity":"","overlay-gradient":""},"mobile":{"background-color":"","background-image":"","background-repeat":"repeat","background-position":"center center","background-size":"auto","background-attachment":"scroll","background-type":"","background-media":"","overlay-type":"","overlay-color":"","overlay-opacity":"","overlay-gradient":""}},"ast-content-background-meta":{"desktop":{"background-color":"var(--ast-global-color-5)","background-image":"","background-repeat":"repeat","background-position":"center center","background-size":"auto","background-attachment":"scroll","background-type":"","background-media":"","overlay-type":"","overlay-color":"","overlay-opacity":"","overlay-gradient":""},"tablet":{"background-color":"var(--ast-global-color-5)","background-image":"","background-repeat":"repeat","background-position":"center center","background-size":"auto","background-attachment":"scroll","background-type":"","background-media":"","overlay-type":"","overlay-color":"","overlay-opacity":"","overlay-gradient":""},"mobile":{"background-color":"var(--ast-global-color-5)","background-image":"","background-repeat":"repeat","background-position":"center center","background-size":"auto","background-attachment":"scroll","background-type":"","background-media":"","overlay-type":"","overlay-color":"","overlay-opacity":"","overlay-gradient":""}},"footnotes":""},"categories":[1],"tags":[],"class_list":["post-4339","post","type-post","status-publish","format-standard","has-post-thumbnail","hentry","category-aktuality"],"yoast_head":"<!-- This site is optimized with the Yoast SEO plugin v27.5 - https:\/\/yoast.com\/product\/yoast-seo-wordpress\/ -->\n<title>Celo\u0161t\u00e1tna s\u00fa\u0165a\u017e odborov kadern\u00edk a viz\u00e1\u017eista - \u0160IOV - \u0161t\u00e1tny in\u0161tit\u00fat odborn\u00e9ho vzdel\u00e1vania<\/title>\n<meta name=\"robots\" content=\"index, follow, max-snippet:-1, max-image-preview:large, max-video-preview:-1\" \/>\n<link rel=\"canonical\" href=\"https:\/\/archiv.siov.sk\/en\/celostatna-sutaz-odborov-kadernik-a-vizazista\/\" \/>\n<meta property=\"og:locale\" content=\"en_GB\" \/>\n<meta property=\"og:type\" content=\"article\" \/>\n<meta property=\"og:title\" content=\"Celo\u0161t\u00e1tna s\u00fa\u0165a\u017e odborov kadern\u00edk a viz\u00e1\u017eista - \u0160IOV - \u0161t\u00e1tny in\u0161tit\u00fat odborn\u00e9ho vzdel\u00e1vania\" \/>\n<meta property=\"og:description\" content=\"Incheba EXPO Bratislava bola dejiskom 4. ro\u010dn\u00edka celo\u0161t\u00e1tnej &nbsp;s\u00fa\u0165a\u017ee stredo\u0161kol\u00e1kov v&nbsp;odborn\u00fdch zru\u010dnostiach &nbsp;mlad\u00fdch kadern\u00edkov &nbsp;a&nbsp;viz\u00e1\u017eistov Skills Slovakia. S\u00fa\u0165a\u017e o&nbsp;zlat\u00e9 no\u017enice sa konala 3. okt\u00f3bra v&nbsp;r\u00e1mci ve\u013etrhu kozmetiky Interbeauty. Tento rok&nbsp; sa uskuto\u010dnila v 4&nbsp; kateg\u00f3ri\u00e1ch pre stredn\u00e9 \u0161koly a&nbsp;dospel\u00fdch s&nbsp;t\u00e9mami \u201eTREND CUT\u201c &#8211; d\u00e1msky trendov\u00fd strih jese\u0148, zima 2019, kde 1. miesto z\u00edskala Lucia Ochabov\u00e1 [&hellip;]\" \/>\n<meta property=\"og:url\" content=\"https:\/\/archiv.siov.sk\/en\/celostatna-sutaz-odborov-kadernik-a-vizazista\/\" \/>\n<meta property=\"og:site_name\" content=\"\u0160IOV - \u0161t\u00e1tny in\u0161tit\u00fat odborn\u00e9ho vzdel\u00e1vania\" \/>\n<meta property=\"article:publisher\" content=\"https:\/\/www.facebook.com\/Statnyinstitutodbornehovzdelavania\" \/>\n<meta property=\"article:published_time\" content=\"2019-10-04T07:25:40+00:00\" \/>\n<meta property=\"og:image\" content=\"https:\/\/archiv.siov.sk\/wp-content\/uploads\/2019\/10\/20191003_144851-e1570173876504.jpg\" \/>\n\t<meta property=\"og:image:width\" content=\"3456\" \/>\n\t<meta property=\"og:image:height\" content=\"4608\" \/>\n\t<meta property=\"og:image:type\" content=\"image\/jpeg\" \/>\n<meta name=\"author\" content=\"Katar\u00edna Kov\u00e1\u010dov\u00e1\" \/>\n<meta name=\"twitter:card\" content=\"summary_large_image\" \/>\n<meta name=\"twitter:label1\" content=\"Written by\" \/>\n\t<meta name=\"twitter:data1\" content=\"Katar\u00edna Kov\u00e1\u010dov\u00e1\" \/>\n\t<meta name=\"twitter:label2\" content=\"Estimated reading time\" \/>\n\t<meta name=\"twitter:data2\" content=\"2 minutes\" \/>\n<script type=\"application\/ld+json\" class=\"yoast-schema-graph\">{\"@context\":\"https:\\\/\\\/schema.org\",\"@graph\":[{\"@type\":\"Article\",\"@id\":\"https:\\\/\\\/archiv.siov.sk\\\/celostatna-sutaz-odborov-kadernik-a-vizazista\\\/#article\",\"isPartOf\":{\"@id\":\"https:\\\/\\\/archiv.siov.sk\\\/celostatna-sutaz-odborov-kadernik-a-vizazista\\\/\"},\"author\":{\"name\":\"Katar\u00edna Kov\u00e1\u010dov\u00e1\",\"@id\":\"https:\\\/\\\/archiv.siov.sk\\\/#\\\/schema\\\/person\\\/e42d633fbd958c6a726e8834d8965e6c\"},\"headline\":\"Celo\u0161t\u00e1tna s\u00fa\u0165a\u017e odborov kadern\u00edk a viz\u00e1\u017eista\",\"datePublished\":\"2019-10-04T07:25:40+00:00\",\"mainEntityOfPage\":{\"@id\":\"https:\\\/\\\/archiv.siov.sk\\\/celostatna-sutaz-odborov-kadernik-a-vizazista\\\/\"},\"wordCount\":493,\"publisher\":{\"@id\":\"https:\\\/\\\/archiv.siov.sk\\\/#organization\"},\"image\":{\"@id\":\"https:\\\/\\\/archiv.siov.sk\\\/celostatna-sutaz-odborov-kadernik-a-vizazista\\\/#primaryimage\"},\"thumbnailUrl\":\"https:\\\/\\\/archiv.siov.sk\\\/wp-content\\\/uploads\\\/2019\\\/10\\\/20191003_144851-e1570173876504.jpg\",\"articleSection\":[\"Aktuality\"],\"inLanguage\":\"en-GB\"},{\"@type\":\"WebPage\",\"@id\":\"https:\\\/\\\/archiv.siov.sk\\\/celostatna-sutaz-odborov-kadernik-a-vizazista\\\/\",\"url\":\"https:\\\/\\\/archiv.siov.sk\\\/celostatna-sutaz-odborov-kadernik-a-vizazista\\\/\",\"name\":\"Celo\u0161t\u00e1tna s\u00fa\u0165a\u017e odborov kadern\u00edk a viz\u00e1\u017eista - \u0160IOV - \u0161t\u00e1tny in\u0161tit\u00fat odborn\u00e9ho vzdel\u00e1vania\",\"isPartOf\":{\"@id\":\"https:\\\/\\\/archiv.siov.sk\\\/#website\"},\"primaryImageOfPage\":{\"@id\":\"https:\\\/\\\/archiv.siov.sk\\\/celostatna-sutaz-odborov-kadernik-a-vizazista\\\/#primaryimage\"},\"image\":{\"@id\":\"https:\\\/\\\/archiv.siov.sk\\\/celostatna-sutaz-odborov-kadernik-a-vizazista\\\/#primaryimage\"},\"thumbnailUrl\":\"https:\\\/\\\/archiv.siov.sk\\\/wp-content\\\/uploads\\\/2019\\\/10\\\/20191003_144851-e1570173876504.jpg\",\"datePublished\":\"2019-10-04T07:25:40+00:00\",\"breadcrumb\":{\"@id\":\"https:\\\/\\\/archiv.siov.sk\\\/celostatna-sutaz-odborov-kadernik-a-vizazista\\\/#breadcrumb\"},\"inLanguage\":\"en-GB\",\"potentialAction\":[{\"@type\":\"ReadAction\",\"target\":[\"https:\\\/\\\/archiv.siov.sk\\\/celostatna-sutaz-odborov-kadernik-a-vizazista\\\/\"]}]},{\"@type\":\"ImageObject\",\"inLanguage\":\"en-GB\",\"@id\":\"https:\\\/\\\/archiv.siov.sk\\\/celostatna-sutaz-odborov-kadernik-a-vizazista\\\/#primaryimage\",\"url\":\"https:\\\/\\\/archiv.siov.sk\\\/wp-content\\\/uploads\\\/2019\\\/10\\\/20191003_144851-e1570173876504.jpg\",\"contentUrl\":\"https:\\\/\\\/archiv.siov.sk\\\/wp-content\\\/uploads\\\/2019\\\/10\\\/20191003_144851-e1570173876504.jpg\",\"width\":3456,\"height\":4608},{\"@type\":\"BreadcrumbList\",\"@id\":\"https:\\\/\\\/archiv.siov.sk\\\/celostatna-sutaz-odborov-kadernik-a-vizazista\\\/#breadcrumb\",\"itemListElement\":[{\"@type\":\"ListItem\",\"position\":1,\"name\":\"Home\",\"item\":\"https:\\\/\\\/archiv.siov.sk\\\/\"},{\"@type\":\"ListItem\",\"position\":2,\"name\":\"Celo\u0161t\u00e1tna s\u00fa\u0165a\u017e odborov kadern\u00edk a viz\u00e1\u017eista\"}]},{\"@type\":\"WebSite\",\"@id\":\"https:\\\/\\\/archiv.siov.sk\\\/#website\",\"url\":\"https:\\\/\\\/archiv.siov.sk\\\/\",\"name\":\"\u0160IOV - \u0161t\u00e1tny in\u0161tit\u00fat odborn\u00e9ho vzdel\u00e1vania\",\"description\":\"\",\"publisher\":{\"@id\":\"https:\\\/\\\/archiv.siov.sk\\\/#organization\"},\"potentialAction\":[{\"@type\":\"SearchAction\",\"target\":{\"@type\":\"EntryPoint\",\"urlTemplate\":\"https:\\\/\\\/archiv.siov.sk\\\/?s={search_term_string}\"},\"query-input\":{\"@type\":\"PropertyValueSpecification\",\"valueRequired\":true,\"valueName\":\"search_term_string\"}}],\"inLanguage\":\"en-GB\"},{\"@type\":\"Organization\",\"@id\":\"https:\\\/\\\/archiv.siov.sk\\\/#organization\",\"name\":\"\u0160IOV - \u0161t\u00e1tny in\u0161tit\u00fat odborn\u00e9ho vzdel\u00e1vania\",\"url\":\"https:\\\/\\\/archiv.siov.sk\\\/\",\"logo\":{\"@type\":\"ImageObject\",\"inLanguage\":\"en-GB\",\"@id\":\"https:\\\/\\\/archiv.siov.sk\\\/#\\\/schema\\\/logo\\\/image\\\/\",\"url\":\"https:\\\/\\\/archiv.siov.sk\\\/wp-content\\\/uploads\\\/2024\\\/02\\\/logo-SIOV.png\",\"contentUrl\":\"https:\\\/\\\/archiv.siov.sk\\\/wp-content\\\/uploads\\\/2024\\\/02\\\/logo-SIOV.png\",\"width\":431,\"height\":143,\"caption\":\"\u0160IOV - \u0161t\u00e1tny in\u0161tit\u00fat odborn\u00e9ho vzdel\u00e1vania\"},\"image\":{\"@id\":\"https:\\\/\\\/archiv.siov.sk\\\/#\\\/schema\\\/logo\\\/image\\\/\"},\"sameAs\":[\"https:\\\/\\\/www.facebook.com\\\/Statnyinstitutodbornehovzdelavania\"]},{\"@type\":\"Person\",\"@id\":\"https:\\\/\\\/archiv.siov.sk\\\/#\\\/schema\\\/person\\\/e42d633fbd958c6a726e8834d8965e6c\",\"name\":\"Katar\u00edna Kov\u00e1\u010dov\u00e1\",\"url\":\"https:\\\/\\\/archiv.siov.sk\\\/en\\\/author\\\/katkakovacova\\\/\"}]}<\/script>\n<!-- \/ Yoast SEO plugin. -->","yoast_head_json":{"title":"Celo\u0161t\u00e1tna s\u00fa\u0165a\u017e odborov kadern\u00edk a viz\u00e1\u017eista - \u0160IOV - \u0161t\u00e1tny in\u0161tit\u00fat odborn\u00e9ho vzdel\u00e1vania","robots":{"index":"index","follow":"follow","max-snippet":"max-snippet:-1","max-image-preview":"max-image-preview:large","max-video-preview":"max-video-preview:-1"},"canonical":"https:\/\/archiv.siov.sk\/en\/celostatna-sutaz-odborov-kadernik-a-vizazista\/","og_locale":"en_GB","og_type":"article","og_title":"Celo\u0161t\u00e1tna s\u00fa\u0165a\u017e odborov kadern\u00edk a viz\u00e1\u017eista - \u0160IOV - \u0161t\u00e1tny in\u0161tit\u00fat odborn\u00e9ho vzdel\u00e1vania","og_description":"Incheba EXPO Bratislava bola dejiskom 4. ro\u010dn\u00edka celo\u0161t\u00e1tnej &nbsp;s\u00fa\u0165a\u017ee stredo\u0161kol\u00e1kov v&nbsp;odborn\u00fdch zru\u010dnostiach &nbsp;mlad\u00fdch kadern\u00edkov &nbsp;a&nbsp;viz\u00e1\u017eistov Skills Slovakia. S\u00fa\u0165a\u017e o&nbsp;zlat\u00e9 no\u017enice sa konala 3. okt\u00f3bra v&nbsp;r\u00e1mci ve\u013etrhu kozmetiky Interbeauty. Tento rok&nbsp; sa uskuto\u010dnila v 4&nbsp; kateg\u00f3ri\u00e1ch pre stredn\u00e9 \u0161koly a&nbsp;dospel\u00fdch s&nbsp;t\u00e9mami \u201eTREND CUT\u201c &#8211; d\u00e1msky trendov\u00fd strih jese\u0148, zima 2019, kde 1. miesto z\u00edskala Lucia Ochabov\u00e1 [&hellip;]","og_url":"https:\/\/archiv.siov.sk\/en\/celostatna-sutaz-odborov-kadernik-a-vizazista\/","og_site_name":"\u0160IOV - \u0161t\u00e1tny in\u0161tit\u00fat odborn\u00e9ho vzdel\u00e1vania","article_publisher":"https:\/\/www.facebook.com\/Statnyinstitutodbornehovzdelavania","article_published_time":"2019-10-04T07:25:40+00:00","og_image":[{"width":3456,"height":4608,"url":"https:\/\/archiv.siov.sk\/wp-content\/uploads\/2019\/10\/20191003_144851-e1570173876504.jpg","type":"image\/jpeg"}],"author":"Katar\u00edna Kov\u00e1\u010dov\u00e1","twitter_card":"summary_large_image","twitter_misc":{"Written by":"Katar\u00edna Kov\u00e1\u010dov\u00e1","Estimated reading time":"2 minutes"},"schema":{"@context":"https:\/\/schema.org","@graph":[{"@type":"Article","@id":"https:\/\/archiv.siov.sk\/celostatna-sutaz-odborov-kadernik-a-vizazista\/#article","isPartOf":{"@id":"https:\/\/archiv.siov.sk\/celostatna-sutaz-odborov-kadernik-a-vizazista\/"},"author":{"name":"Katar\u00edna Kov\u00e1\u010dov\u00e1","@id":"https:\/\/archiv.siov.sk\/#\/schema\/person\/e42d633fbd958c6a726e8834d8965e6c"},"headline":"Celo\u0161t\u00e1tna s\u00fa\u0165a\u017e odborov kadern\u00edk a viz\u00e1\u017eista","datePublished":"2019-10-04T07:25:40+00:00","mainEntityOfPage":{"@id":"https:\/\/archiv.siov.sk\/celostatna-sutaz-odborov-kadernik-a-vizazista\/"},"wordCount":493,"publisher":{"@id":"https:\/\/archiv.siov.sk\/#organization"},"image":{"@id":"https:\/\/archiv.siov.sk\/celostatna-sutaz-odborov-kadernik-a-vizazista\/#primaryimage"},"thumbnailUrl":"https:\/\/archiv.siov.sk\/wp-content\/uploads\/2019\/10\/20191003_144851-e1570173876504.jpg","articleSection":["Aktuality"],"inLanguage":"en-GB"},{"@type":"WebPage","@id":"https:\/\/archiv.siov.sk\/celostatna-sutaz-odborov-kadernik-a-vizazista\/","url":"https:\/\/archiv.siov.sk\/celostatna-sutaz-odborov-kadernik-a-vizazista\/","name":"Celo\u0161t\u00e1tna s\u00fa\u0165a\u017e odborov kadern\u00edk a viz\u00e1\u017eista - \u0160IOV - \u0161t\u00e1tny in\u0161tit\u00fat odborn\u00e9ho vzdel\u00e1vania","isPartOf":{"@id":"https:\/\/archiv.siov.sk\/#website"},"primaryImageOfPage":{"@id":"https:\/\/archiv.siov.sk\/celostatna-sutaz-odborov-kadernik-a-vizazista\/#primaryimage"},"image":{"@id":"https:\/\/archiv.siov.sk\/celostatna-sutaz-odborov-kadernik-a-vizazista\/#primaryimage"},"thumbnailUrl":"https:\/\/archiv.siov.sk\/wp-content\/uploads\/2019\/10\/20191003_144851-e1570173876504.jpg","datePublished":"2019-10-04T07:25:40+00:00","breadcrumb":{"@id":"https:\/\/archiv.siov.sk\/celostatna-sutaz-odborov-kadernik-a-vizazista\/#breadcrumb"},"inLanguage":"en-GB","potentialAction":[{"@type":"ReadAction","target":["https:\/\/archiv.siov.sk\/celostatna-sutaz-odborov-kadernik-a-vizazista\/"]}]},{"@type":"ImageObject","inLanguage":"en-GB","@id":"https:\/\/archiv.siov.sk\/celostatna-sutaz-odborov-kadernik-a-vizazista\/#primaryimage","url":"https:\/\/archiv.siov.sk\/wp-content\/uploads\/2019\/10\/20191003_144851-e1570173876504.jpg","contentUrl":"https:\/\/archiv.siov.sk\/wp-content\/uploads\/2019\/10\/20191003_144851-e1570173876504.jpg","width":3456,"height":4608},{"@type":"BreadcrumbList","@id":"https:\/\/archiv.siov.sk\/celostatna-sutaz-odborov-kadernik-a-vizazista\/#breadcrumb","itemListElement":[{"@type":"ListItem","position":1,"name":"Home","item":"https:\/\/archiv.siov.sk\/"},{"@type":"ListItem","position":2,"name":"Celo\u0161t\u00e1tna s\u00fa\u0165a\u017e odborov kadern\u00edk a viz\u00e1\u017eista"}]},{"@type":"WebSite","@id":"https:\/\/archiv.siov.sk\/#website","url":"https:\/\/archiv.siov.sk\/","name":"\u0160IOV - \u0161t\u00e1tny in\u0161tit\u00fat odborn\u00e9ho vzdel\u00e1vania","description":"","publisher":{"@id":"https:\/\/archiv.siov.sk\/#organization"},"potentialAction":[{"@type":"SearchAction","target":{"@type":"EntryPoint","urlTemplate":"https:\/\/archiv.siov.sk\/?s={search_term_string}"},"query-input":{"@type":"PropertyValueSpecification","valueRequired":true,"valueName":"search_term_string"}}],"inLanguage":"en-GB"},{"@type":"Organization","@id":"https:\/\/archiv.siov.sk\/#organization","name":"\u0160IOV - \u0161t\u00e1tny in\u0161tit\u00fat odborn\u00e9ho vzdel\u00e1vania","url":"https:\/\/archiv.siov.sk\/","logo":{"@type":"ImageObject","inLanguage":"en-GB","@id":"https:\/\/archiv.siov.sk\/#\/schema\/logo\/image\/","url":"https:\/\/archiv.siov.sk\/wp-content\/uploads\/2024\/02\/logo-SIOV.png","contentUrl":"https:\/\/archiv.siov.sk\/wp-content\/uploads\/2024\/02\/logo-SIOV.png","width":431,"height":143,"caption":"\u0160IOV - \u0161t\u00e1tny in\u0161tit\u00fat odborn\u00e9ho vzdel\u00e1vania"},"image":{"@id":"https:\/\/archiv.siov.sk\/#\/schema\/logo\/image\/"},"sameAs":["https:\/\/www.facebook.com\/Statnyinstitutodbornehovzdelavania"]},{"@type":"Person","@id":"https:\/\/archiv.siov.sk\/#\/schema\/person\/e42d633fbd958c6a726e8834d8965e6c","name":"Katar\u00edna Kov\u00e1\u010dov\u00e1","url":"https:\/\/archiv.siov.sk\/en\/author\/katkakovacova\/"}]}},"_links":{"self":[{"href":"https:\/\/archiv.siov.sk\/en\/wp-json\/wp\/v2\/posts\/4339","targetHints":{"allow":["GET"]}}],"collection":[{"href":"https:\/\/archiv.siov.sk\/en\/wp-json\/wp\/v2\/posts"}],"about":[{"href":"https:\/\/archiv.siov.sk\/en\/wp-json\/wp\/v2\/types\/post"}],"author":[{"embeddable":true,"href":"https:\/\/archiv.siov.sk\/en\/wp-json\/wp\/v2\/users\/6"}],"replies":[{"embeddable":true,"href":"https:\/\/archiv.siov.sk\/en\/wp-json\/wp\/v2\/comments?post=4339"}],"version-history":[{"count":2,"href":"https:\/\/archiv.siov.sk\/en\/wp-json\/wp\/v2\/posts\/4339\/revisions"}],"predecessor-version":[{"id":4343,"href":"https:\/\/archiv.siov.sk\/en\/wp-json\/wp\/v2\/posts\/4339\/revisions\/4343"}],"wp:featuredmedia":[{"embeddable":true,"href":"https:\/\/archiv.siov.sk\/en\/wp-json\/wp\/v2\/media\/4342"}],"wp:attachment":[{"href":"https:\/\/archiv.siov.sk\/en\/wp-json\/wp\/v2\/media?parent=4339"}],"wp:term":[{"taxonomy":"category","embeddable":true,"href":"https:\/\/archiv.siov.sk\/en\/wp-json\/wp\/v2\/categories?post=4339"},{"taxonomy":"post_tag","embeddable":true,"href":"https:\/\/archiv.siov.sk\/en\/wp-json\/wp\/v2\/tags?post=4339"}],"curies":[{"name":"wp","href":"https:\/\/api.w.org\/{rel}","templated":true}]}}