{"id":4222,"date":"2019-09-04T13:17:09","date_gmt":"2019-09-04T11:17:09","guid":{"rendered":"http:\/\/archiv.siov.sk\/?p=4222"},"modified":"2019-09-04T13:58:38","modified_gmt":"2019-09-04T11:58:38","slug":"buducnost-vzdelavania-pre-trh-prace-23-9-2019","status":"publish","type":"post","link":"https:\/\/archiv.siov.sk\/en\/buducnost-vzdelavania-pre-trh-prace-23-9-2019\/","title":{"rendered":"Bud\u00facnos\u0165 vzdel\u00e1vania pre trh pr\u00e1ce, 23. 9. 2019"},"content":{"rendered":"<p>D\u0148a 23. septembra 2019 sa uskuto\u010dn\u00ed konferencia s&nbsp;n\u00e1zvom&nbsp;<strong>Bud\u00facnos\u0165 vzdel\u00e1vania pre trh pr\u00e1ce,&nbsp;<\/strong>ktor\u00fa organizuje \u0160t\u00e1tny in\u0161tit\u00fat odborn\u00e9ho vzdel\u00e1vania spolu s&nbsp;Ministerstvom \u0161kolstva, vedy, v\u00fdskumu a&nbsp;\u0161portu SR. Konferencia otvor\u00ed Eur\u00f3psky t\u00fd\u017ede\u0148 odborn\u00fdch zru\u010dnost\u00ed 2019 na Slovensku.<\/p>\n<p>Cie\u013eom konferencie je zv\u00fd\u0161i\u0165 povedomie o&nbsp;kvalitnom odbornom vzdel\u00e1van\u00ed a&nbsp;pr\u00edprave a&nbsp;kvalitn\u00fdch zru\u010dnostiach potrebn\u00fdch pre trh pr\u00e1ce. Konferenciu otvoria \u0161t\u00e1tni tajomn\u00edci O\u013ega Nachtmannov\u00e1 (M\u0160VVa\u0160 SR) a&nbsp;Branislav Ondru\u0161 (MPSVaR SR). K\u013e\u00fa\u010dov\u00fdm re\u010dn\u00edkom konferencie je Shyamal Majumdar, riadite\u013e Medzin\u00e1rodn\u00e9ho centra pre technick\u00e9 a&nbsp;odborn\u00e9 vzdel\u00e1vanie a&nbsp;pr\u00edpravu UNESCO-UNEVOC. Okrem toho prezentuj\u00facimi konferencie bud\u00fa mnoh\u00ed \u010fal\u0161\u00ed odborn\u00edci a&nbsp;odborn\u00ed\u010dky z&nbsp;oblasti OVP a&nbsp;C\u017dV. S\u00fa\u010das\u0165ou konferencie bude aj exhib\u00edcia zru\u010dnost\u00ed stredn\u00fdch odborn\u00fdch \u0161k\u00f4l.<\/p>\n<p>Konferencia sa bude kona\u0165 v&nbsp;priestoroch Austrian Trend Hotel Bratislava. Registr\u00e1cia je mo\u017en\u00e1 na uvedenom linku:&nbsp;<a href=\"http:\/\/bit.do\/e6xTf\">http:\/\/bit.do\/e6xTf&nbsp;<\/a>Po\u010det miest je limitovan\u00fd a po naplnen\u00ed kapac\u00edt bude registr\u00e1cia uzatvoren\u00e1.\u200b<\/p>\n<p>&nbsp;<\/p>\n<p><a href=\"https:\/\/archiv.siov.sk\/wp-content\/uploads\/2019\/09\/PROGRAM-Bud\u00facno\u0165-vzdel\u00e1vania-pre-trh-pr\u00e1ce-1.pdf\">PROGRAM<\/a><\/p>\n<p><img fetchpriority=\"high\" decoding=\"async\" class=\"alignnone size-medium wp-image-4224\" src=\"https:\/\/archiv.siov.sk\/wp-content\/uploads\/2019\/09\/pozv\u00e1nka-23.09-212x300.png\" alt=\"\" width=\"212\" height=\"300\"><\/p>","protected":false},"excerpt":{"rendered":"<p>D\u0148a 23. septembra 2019 sa uskuto\u010dn\u00ed konferencia s&nbsp;n\u00e1zvom&nbsp;Bud\u00facnos\u0165 vzdel\u00e1vania pre trh pr\u00e1ce,&nbsp;ktor\u00fa organizuje \u0160t\u00e1tny in\u0161tit\u00fat odborn\u00e9ho vzdel\u00e1vania spolu s&nbsp;Ministerstvom \u0161kolstva, vedy, v\u00fdskumu a&nbsp;\u0161portu SR. Konferencia otvor\u00ed Eur\u00f3psky t\u00fd\u017ede\u0148 odborn\u00fdch zru\u010dnost\u00ed 2019 na Slovensku. Cie\u013eom konferencie je zv\u00fd\u0161i\u0165 povedomie o&nbsp;kvalitnom odbornom vzdel\u00e1van\u00ed a&nbsp;pr\u00edprave a&nbsp;kvalitn\u00fdch zru\u010dnostiach potrebn\u00fdch pre trh pr\u00e1ce. Konferenciu otvoria \u0161t\u00e1tni tajomn\u00edci O\u013ega Nachtmannov\u00e1 (M\u0160VVa\u0160 [&hellip;]<\/p>\n","protected":false},"author":6,"featured_media":4234,"comment_status":"closed","ping_status":"closed","sticky":false,"template":"","format":"standard","meta":{"site-sidebar-layout":"default","site-content-layout":"","ast-site-content-layout":"default","site-content-style":"default","site-sidebar-style":"default","ast-global-header-display":"","ast-banner-title-visibility":"","ast-main-header-display":"","ast-hfb-above-header-display":"","ast-hfb-below-header-display":"","ast-hfb-mobile-header-display":"","site-post-title":"","ast-breadcrumbs-content":"","ast-featured-img":"","footer-sml-layout":"","ast-disable-related-posts":"","theme-transparent-header-meta":"","adv-header-id-meta":"","stick-header-meta":"","header-above-stick-meta":"","header-main-stick-meta":"","header-below-stick-meta":"","astra-migrate-meta-layouts":"default","ast-page-background-enabled":"default","ast-page-background-meta":{"desktop":{"background-color":"var(--ast-global-color-4)","background-image":"","background-repeat":"repeat","background-position":"center center","background-size":"auto","background-attachment":"scroll","background-type":"","background-media":"","overlay-type":"","overlay-color":"","overlay-opacity":"","overlay-gradient":""},"tablet":{"background-color":"","background-image":"","background-repeat":"repeat","background-position":"center center","background-size":"auto","background-attachment":"scroll","background-type":"","background-media":"","overlay-type":"","overlay-color":"","overlay-opacity":"","overlay-gradient":""},"mobile":{"background-color":"","background-image":"","background-repeat":"repeat","background-position":"center center","background-size":"auto","background-attachment":"scroll","background-type":"","background-media":"","overlay-type":"","overlay-color":"","overlay-opacity":"","overlay-gradient":""}},"ast-content-background-meta":{"desktop":{"background-color":"var(--ast-global-color-5)","background-image":"","background-repeat":"repeat","background-position":"center center","background-size":"auto","background-attachment":"scroll","background-type":"","background-media":"","overlay-type":"","overlay-color":"","overlay-opacity":"","overlay-gradient":""},"tablet":{"background-color":"var(--ast-global-color-5)","background-image":"","background-repeat":"repeat","background-position":"center center","background-size":"auto","background-attachment":"scroll","background-type":"","background-media":"","overlay-type":"","overlay-color":"","overlay-opacity":"","overlay-gradient":""},"mobile":{"background-color":"var(--ast-global-color-5)","background-image":"","background-repeat":"repeat","background-position":"center center","background-size":"auto","background-attachment":"scroll","background-type":"","background-media":"","overlay-type":"","overlay-color":"","overlay-opacity":"","overlay-gradient":""}},"footnotes":""},"categories":[1],"tags":[],"class_list":["post-4222","post","type-post","status-publish","format-standard","has-post-thumbnail","hentry","category-aktuality"],"yoast_head":"<!-- This site is optimized with the Yoast SEO plugin v27.5 - https:\/\/yoast.com\/product\/yoast-seo-wordpress\/ -->\n<title>Bud\u00facnos\u0165 vzdel\u00e1vania pre trh pr\u00e1ce, 23. 9. 2019 - \u0160IOV - \u0161t\u00e1tny in\u0161tit\u00fat odborn\u00e9ho vzdel\u00e1vania<\/title>\n<meta name=\"description\" content=\"D\u0148a 23. septembra 2019 sa uskuto\u010dn\u00ed konferencia s\u00a0n\u00e1zvom\u00a0Bud\u00facnos\u0165 vzdel\u00e1vania pre trh pr\u00e1ce,\u00a0ktor\u00fa organizuje \u0160t\u00e1tny in\u0161tit\u00fat odborn\u00e9ho vzdel\u00e1vania spolu s\u00a0Ministerstvom \u0161kolstva, vedy, v\u00fdskumu a\u00a0\u0161portu SR. Konferencia otvor\u00ed Eur\u00f3psky t\u00fd\u017ede\u0148 odborn\u00fdch zru\u010dnost\u00ed 2019 na Slovensku.\" \/>\n<meta name=\"robots\" content=\"index, follow, max-snippet:-1, max-image-preview:large, max-video-preview:-1\" \/>\n<link rel=\"canonical\" href=\"https:\/\/archiv.siov.sk\/en\/buducnost-vzdelavania-pre-trh-prace-23-9-2019\/\" \/>\n<meta property=\"og:locale\" content=\"en_GB\" \/>\n<meta property=\"og:type\" content=\"article\" \/>\n<meta property=\"og:title\" content=\"Bud\u00facnos\u0165 vzdel\u00e1vania pre trh pr\u00e1ce, 23. 9. 2019 - \u0160IOV - \u0161t\u00e1tny in\u0161tit\u00fat odborn\u00e9ho vzdel\u00e1vania\" \/>\n<meta property=\"og:description\" content=\"D\u0148a 23. septembra 2019 sa uskuto\u010dn\u00ed konferencia s\u00a0n\u00e1zvom\u00a0Bud\u00facnos\u0165 vzdel\u00e1vania pre trh pr\u00e1ce,\u00a0ktor\u00fa organizuje \u0160t\u00e1tny in\u0161tit\u00fat odborn\u00e9ho vzdel\u00e1vania spolu s\u00a0Ministerstvom \u0161kolstva, vedy, v\u00fdskumu a\u00a0\u0161portu SR. Konferencia otvor\u00ed Eur\u00f3psky t\u00fd\u017ede\u0148 odborn\u00fdch zru\u010dnost\u00ed 2019 na Slovensku.\" \/>\n<meta property=\"og:url\" content=\"https:\/\/archiv.siov.sk\/en\/buducnost-vzdelavania-pre-trh-prace-23-9-2019\/\" \/>\n<meta property=\"og:site_name\" content=\"\u0160IOV - \u0161t\u00e1tny in\u0161tit\u00fat odborn\u00e9ho vzdel\u00e1vania\" \/>\n<meta property=\"article:publisher\" content=\"https:\/\/www.facebook.com\/Statnyinstitutodbornehovzdelavania\" \/>\n<meta property=\"article:published_time\" content=\"2019-09-04T11:17:09+00:00\" \/>\n<meta property=\"article:modified_time\" content=\"2019-09-04T11:58:38+00:00\" \/>\n<meta property=\"og:image\" content=\"https:\/\/archiv.siov.sk\/wp-content\/uploads\/2019\/09\/otvaracia-konferencia.jpg\" \/>\n\t<meta property=\"og:image:width\" content=\"1100\" \/>\n\t<meta property=\"og:image:height\" content=\"445\" \/>\n\t<meta property=\"og:image:type\" content=\"image\/jpeg\" \/>\n<meta name=\"author\" content=\"Katar\u00edna Kov\u00e1\u010dov\u00e1\" \/>\n<meta name=\"twitter:card\" content=\"summary_large_image\" \/>\n<meta name=\"twitter:label1\" content=\"Written by\" \/>\n\t<meta name=\"twitter:data1\" content=\"Katar\u00edna Kov\u00e1\u010dov\u00e1\" \/>\n\t<meta name=\"twitter:label2\" content=\"Estimated reading time\" \/>\n\t<meta name=\"twitter:data2\" content=\"1 minute\" \/>\n<script type=\"application\/ld+json\" class=\"yoast-schema-graph\">{\"@context\":\"https:\\\/\\\/schema.org\",\"@graph\":[{\"@type\":\"Article\",\"@id\":\"https:\\\/\\\/archiv.siov.sk\\\/buducnost-vzdelavania-pre-trh-prace-23-9-2019\\\/#article\",\"isPartOf\":{\"@id\":\"https:\\\/\\\/archiv.siov.sk\\\/buducnost-vzdelavania-pre-trh-prace-23-9-2019\\\/\"},\"author\":{\"name\":\"Katar\u00edna Kov\u00e1\u010dov\u00e1\",\"@id\":\"https:\\\/\\\/archiv.siov.sk\\\/#\\\/schema\\\/person\\\/e42d633fbd958c6a726e8834d8965e6c\"},\"headline\":\"Bud\u00facnos\u0165 vzdel\u00e1vania pre trh pr\u00e1ce, 23. 9. 2019\",\"datePublished\":\"2019-09-04T11:17:09+00:00\",\"dateModified\":\"2019-09-04T11:58:38+00:00\",\"mainEntityOfPage\":{\"@id\":\"https:\\\/\\\/archiv.siov.sk\\\/buducnost-vzdelavania-pre-trh-prace-23-9-2019\\\/\"},\"wordCount\":218,\"publisher\":{\"@id\":\"https:\\\/\\\/archiv.siov.sk\\\/#organization\"},\"image\":{\"@id\":\"https:\\\/\\\/archiv.siov.sk\\\/buducnost-vzdelavania-pre-trh-prace-23-9-2019\\\/#primaryimage\"},\"thumbnailUrl\":\"https:\\\/\\\/archiv.siov.sk\\\/wp-content\\\/uploads\\\/2019\\\/09\\\/otvaracia-konferencia.jpg\",\"articleSection\":[\"Aktuality\"],\"inLanguage\":\"en-GB\"},{\"@type\":\"WebPage\",\"@id\":\"https:\\\/\\\/archiv.siov.sk\\\/buducnost-vzdelavania-pre-trh-prace-23-9-2019\\\/\",\"url\":\"https:\\\/\\\/archiv.siov.sk\\\/buducnost-vzdelavania-pre-trh-prace-23-9-2019\\\/\",\"name\":\"Bud\u00facnos\u0165 vzdel\u00e1vania pre trh pr\u00e1ce, 23. 9. 2019 - \u0160IOV - \u0161t\u00e1tny in\u0161tit\u00fat odborn\u00e9ho vzdel\u00e1vania\",\"isPartOf\":{\"@id\":\"https:\\\/\\\/archiv.siov.sk\\\/#website\"},\"primaryImageOfPage\":{\"@id\":\"https:\\\/\\\/archiv.siov.sk\\\/buducnost-vzdelavania-pre-trh-prace-23-9-2019\\\/#primaryimage\"},\"image\":{\"@id\":\"https:\\\/\\\/archiv.siov.sk\\\/buducnost-vzdelavania-pre-trh-prace-23-9-2019\\\/#primaryimage\"},\"thumbnailUrl\":\"https:\\\/\\\/archiv.siov.sk\\\/wp-content\\\/uploads\\\/2019\\\/09\\\/otvaracia-konferencia.jpg\",\"datePublished\":\"2019-09-04T11:17:09+00:00\",\"dateModified\":\"2019-09-04T11:58:38+00:00\",\"description\":\"D\u0148a 23. septembra 2019 sa uskuto\u010dn\u00ed konferencia s\u00a0n\u00e1zvom\u00a0Bud\u00facnos\u0165 vzdel\u00e1vania pre trh pr\u00e1ce,\u00a0ktor\u00fa organizuje \u0160t\u00e1tny in\u0161tit\u00fat odborn\u00e9ho vzdel\u00e1vania spolu s\u00a0Ministerstvom \u0161kolstva, vedy, v\u00fdskumu a\u00a0\u0161portu SR. Konferencia otvor\u00ed Eur\u00f3psky t\u00fd\u017ede\u0148 odborn\u00fdch zru\u010dnost\u00ed 2019 na Slovensku.\",\"breadcrumb\":{\"@id\":\"https:\\\/\\\/archiv.siov.sk\\\/buducnost-vzdelavania-pre-trh-prace-23-9-2019\\\/#breadcrumb\"},\"inLanguage\":\"en-GB\",\"potentialAction\":[{\"@type\":\"ReadAction\",\"target\":[\"https:\\\/\\\/archiv.siov.sk\\\/buducnost-vzdelavania-pre-trh-prace-23-9-2019\\\/\"]}]},{\"@type\":\"ImageObject\",\"inLanguage\":\"en-GB\",\"@id\":\"https:\\\/\\\/archiv.siov.sk\\\/buducnost-vzdelavania-pre-trh-prace-23-9-2019\\\/#primaryimage\",\"url\":\"https:\\\/\\\/archiv.siov.sk\\\/wp-content\\\/uploads\\\/2019\\\/09\\\/otvaracia-konferencia.jpg\",\"contentUrl\":\"https:\\\/\\\/archiv.siov.sk\\\/wp-content\\\/uploads\\\/2019\\\/09\\\/otvaracia-konferencia.jpg\",\"width\":1100,\"height\":445,\"caption\":\"Bud\u00facnos\u0165 vzdel\u00e1vania pre trh pr\u00e1ce, 23. 9. 2019\"},{\"@type\":\"BreadcrumbList\",\"@id\":\"https:\\\/\\\/archiv.siov.sk\\\/buducnost-vzdelavania-pre-trh-prace-23-9-2019\\\/#breadcrumb\",\"itemListElement\":[{\"@type\":\"ListItem\",\"position\":1,\"name\":\"Home\",\"item\":\"https:\\\/\\\/archiv.siov.sk\\\/\"},{\"@type\":\"ListItem\",\"position\":2,\"name\":\"Bud\u00facnos\u0165 vzdel\u00e1vania pre trh pr\u00e1ce, 23. 9. 2019\"}]},{\"@type\":\"WebSite\",\"@id\":\"https:\\\/\\\/archiv.siov.sk\\\/#website\",\"url\":\"https:\\\/\\\/archiv.siov.sk\\\/\",\"name\":\"\u0160IOV - \u0161t\u00e1tny in\u0161tit\u00fat odborn\u00e9ho vzdel\u00e1vania\",\"description\":\"\",\"publisher\":{\"@id\":\"https:\\\/\\\/archiv.siov.sk\\\/#organization\"},\"potentialAction\":[{\"@type\":\"SearchAction\",\"target\":{\"@type\":\"EntryPoint\",\"urlTemplate\":\"https:\\\/\\\/archiv.siov.sk\\\/?s={search_term_string}\"},\"query-input\":{\"@type\":\"PropertyValueSpecification\",\"valueRequired\":true,\"valueName\":\"search_term_string\"}}],\"inLanguage\":\"en-GB\"},{\"@type\":\"Organization\",\"@id\":\"https:\\\/\\\/archiv.siov.sk\\\/#organization\",\"name\":\"\u0160IOV - \u0161t\u00e1tny in\u0161tit\u00fat odborn\u00e9ho vzdel\u00e1vania\",\"url\":\"https:\\\/\\\/archiv.siov.sk\\\/\",\"logo\":{\"@type\":\"ImageObject\",\"inLanguage\":\"en-GB\",\"@id\":\"https:\\\/\\\/archiv.siov.sk\\\/#\\\/schema\\\/logo\\\/image\\\/\",\"url\":\"https:\\\/\\\/archiv.siov.sk\\\/wp-content\\\/uploads\\\/2024\\\/02\\\/logo-SIOV.png\",\"contentUrl\":\"https:\\\/\\\/archiv.siov.sk\\\/wp-content\\\/uploads\\\/2024\\\/02\\\/logo-SIOV.png\",\"width\":431,\"height\":143,\"caption\":\"\u0160IOV - \u0161t\u00e1tny in\u0161tit\u00fat odborn\u00e9ho vzdel\u00e1vania\"},\"image\":{\"@id\":\"https:\\\/\\\/archiv.siov.sk\\\/#\\\/schema\\\/logo\\\/image\\\/\"},\"sameAs\":[\"https:\\\/\\\/www.facebook.com\\\/Statnyinstitutodbornehovzdelavania\"]},{\"@type\":\"Person\",\"@id\":\"https:\\\/\\\/archiv.siov.sk\\\/#\\\/schema\\\/person\\\/e42d633fbd958c6a726e8834d8965e6c\",\"name\":\"Katar\u00edna Kov\u00e1\u010dov\u00e1\",\"url\":\"https:\\\/\\\/archiv.siov.sk\\\/en\\\/author\\\/katkakovacova\\\/\"}]}<\/script>\n<!-- \/ Yoast SEO plugin. -->","yoast_head_json":{"title":"Bud\u00facnos\u0165 vzdel\u00e1vania pre trh pr\u00e1ce, 23. 9. 2019 - \u0160IOV - \u0161t\u00e1tny in\u0161tit\u00fat odborn\u00e9ho vzdel\u00e1vania","description":"D\u0148a 23. septembra 2019 sa uskuto\u010dn\u00ed konferencia s\u00a0n\u00e1zvom\u00a0Bud\u00facnos\u0165 vzdel\u00e1vania pre trh pr\u00e1ce,\u00a0ktor\u00fa organizuje \u0160t\u00e1tny in\u0161tit\u00fat odborn\u00e9ho vzdel\u00e1vania spolu s\u00a0Ministerstvom \u0161kolstva, vedy, v\u00fdskumu a\u00a0\u0161portu SR. Konferencia otvor\u00ed Eur\u00f3psky t\u00fd\u017ede\u0148 odborn\u00fdch zru\u010dnost\u00ed 2019 na Slovensku.","robots":{"index":"index","follow":"follow","max-snippet":"max-snippet:-1","max-image-preview":"max-image-preview:large","max-video-preview":"max-video-preview:-1"},"canonical":"https:\/\/archiv.siov.sk\/en\/buducnost-vzdelavania-pre-trh-prace-23-9-2019\/","og_locale":"en_GB","og_type":"article","og_title":"Bud\u00facnos\u0165 vzdel\u00e1vania pre trh pr\u00e1ce, 23. 9. 2019 - \u0160IOV - \u0161t\u00e1tny in\u0161tit\u00fat odborn\u00e9ho vzdel\u00e1vania","og_description":"D\u0148a 23. septembra 2019 sa uskuto\u010dn\u00ed konferencia s\u00a0n\u00e1zvom\u00a0Bud\u00facnos\u0165 vzdel\u00e1vania pre trh pr\u00e1ce,\u00a0ktor\u00fa organizuje \u0160t\u00e1tny in\u0161tit\u00fat odborn\u00e9ho vzdel\u00e1vania spolu s\u00a0Ministerstvom \u0161kolstva, vedy, v\u00fdskumu a\u00a0\u0161portu SR. Konferencia otvor\u00ed Eur\u00f3psky t\u00fd\u017ede\u0148 odborn\u00fdch zru\u010dnost\u00ed 2019 na Slovensku.","og_url":"https:\/\/archiv.siov.sk\/en\/buducnost-vzdelavania-pre-trh-prace-23-9-2019\/","og_site_name":"\u0160IOV - \u0161t\u00e1tny in\u0161tit\u00fat odborn\u00e9ho vzdel\u00e1vania","article_publisher":"https:\/\/www.facebook.com\/Statnyinstitutodbornehovzdelavania","article_published_time":"2019-09-04T11:17:09+00:00","article_modified_time":"2019-09-04T11:58:38+00:00","og_image":[{"width":1100,"height":445,"url":"https:\/\/archiv.siov.sk\/wp-content\/uploads\/2019\/09\/otvaracia-konferencia.jpg","type":"image\/jpeg"}],"author":"Katar\u00edna Kov\u00e1\u010dov\u00e1","twitter_card":"summary_large_image","twitter_misc":{"Written by":"Katar\u00edna Kov\u00e1\u010dov\u00e1","Estimated reading time":"1 minute"},"schema":{"@context":"https:\/\/schema.org","@graph":[{"@type":"Article","@id":"https:\/\/archiv.siov.sk\/buducnost-vzdelavania-pre-trh-prace-23-9-2019\/#article","isPartOf":{"@id":"https:\/\/archiv.siov.sk\/buducnost-vzdelavania-pre-trh-prace-23-9-2019\/"},"author":{"name":"Katar\u00edna Kov\u00e1\u010dov\u00e1","@id":"https:\/\/archiv.siov.sk\/#\/schema\/person\/e42d633fbd958c6a726e8834d8965e6c"},"headline":"Bud\u00facnos\u0165 vzdel\u00e1vania pre trh pr\u00e1ce, 23. 9. 2019","datePublished":"2019-09-04T11:17:09+00:00","dateModified":"2019-09-04T11:58:38+00:00","mainEntityOfPage":{"@id":"https:\/\/archiv.siov.sk\/buducnost-vzdelavania-pre-trh-prace-23-9-2019\/"},"wordCount":218,"publisher":{"@id":"https:\/\/archiv.siov.sk\/#organization"},"image":{"@id":"https:\/\/archiv.siov.sk\/buducnost-vzdelavania-pre-trh-prace-23-9-2019\/#primaryimage"},"thumbnailUrl":"https:\/\/archiv.siov.sk\/wp-content\/uploads\/2019\/09\/otvaracia-konferencia.jpg","articleSection":["Aktuality"],"inLanguage":"en-GB"},{"@type":"WebPage","@id":"https:\/\/archiv.siov.sk\/buducnost-vzdelavania-pre-trh-prace-23-9-2019\/","url":"https:\/\/archiv.siov.sk\/buducnost-vzdelavania-pre-trh-prace-23-9-2019\/","name":"Bud\u00facnos\u0165 vzdel\u00e1vania pre trh pr\u00e1ce, 23. 9. 2019 - \u0160IOV - \u0161t\u00e1tny in\u0161tit\u00fat odborn\u00e9ho vzdel\u00e1vania","isPartOf":{"@id":"https:\/\/archiv.siov.sk\/#website"},"primaryImageOfPage":{"@id":"https:\/\/archiv.siov.sk\/buducnost-vzdelavania-pre-trh-prace-23-9-2019\/#primaryimage"},"image":{"@id":"https:\/\/archiv.siov.sk\/buducnost-vzdelavania-pre-trh-prace-23-9-2019\/#primaryimage"},"thumbnailUrl":"https:\/\/archiv.siov.sk\/wp-content\/uploads\/2019\/09\/otvaracia-konferencia.jpg","datePublished":"2019-09-04T11:17:09+00:00","dateModified":"2019-09-04T11:58:38+00:00","description":"D\u0148a 23. septembra 2019 sa uskuto\u010dn\u00ed konferencia s\u00a0n\u00e1zvom\u00a0Bud\u00facnos\u0165 vzdel\u00e1vania pre trh pr\u00e1ce,\u00a0ktor\u00fa organizuje \u0160t\u00e1tny in\u0161tit\u00fat odborn\u00e9ho vzdel\u00e1vania spolu s\u00a0Ministerstvom \u0161kolstva, vedy, v\u00fdskumu a\u00a0\u0161portu SR. Konferencia otvor\u00ed Eur\u00f3psky t\u00fd\u017ede\u0148 odborn\u00fdch zru\u010dnost\u00ed 2019 na Slovensku.","breadcrumb":{"@id":"https:\/\/archiv.siov.sk\/buducnost-vzdelavania-pre-trh-prace-23-9-2019\/#breadcrumb"},"inLanguage":"en-GB","potentialAction":[{"@type":"ReadAction","target":["https:\/\/archiv.siov.sk\/buducnost-vzdelavania-pre-trh-prace-23-9-2019\/"]}]},{"@type":"ImageObject","inLanguage":"en-GB","@id":"https:\/\/archiv.siov.sk\/buducnost-vzdelavania-pre-trh-prace-23-9-2019\/#primaryimage","url":"https:\/\/archiv.siov.sk\/wp-content\/uploads\/2019\/09\/otvaracia-konferencia.jpg","contentUrl":"https:\/\/archiv.siov.sk\/wp-content\/uploads\/2019\/09\/otvaracia-konferencia.jpg","width":1100,"height":445,"caption":"Bud\u00facnos\u0165 vzdel\u00e1vania pre trh pr\u00e1ce, 23. 9. 2019"},{"@type":"BreadcrumbList","@id":"https:\/\/archiv.siov.sk\/buducnost-vzdelavania-pre-trh-prace-23-9-2019\/#breadcrumb","itemListElement":[{"@type":"ListItem","position":1,"name":"Home","item":"https:\/\/archiv.siov.sk\/"},{"@type":"ListItem","position":2,"name":"Bud\u00facnos\u0165 vzdel\u00e1vania pre trh pr\u00e1ce, 23. 9. 2019"}]},{"@type":"WebSite","@id":"https:\/\/archiv.siov.sk\/#website","url":"https:\/\/archiv.siov.sk\/","name":"\u0160IOV - \u0161t\u00e1tny in\u0161tit\u00fat odborn\u00e9ho vzdel\u00e1vania","description":"","publisher":{"@id":"https:\/\/archiv.siov.sk\/#organization"},"potentialAction":[{"@type":"SearchAction","target":{"@type":"EntryPoint","urlTemplate":"https:\/\/archiv.siov.sk\/?s={search_term_string}"},"query-input":{"@type":"PropertyValueSpecification","valueRequired":true,"valueName":"search_term_string"}}],"inLanguage":"en-GB"},{"@type":"Organization","@id":"https:\/\/archiv.siov.sk\/#organization","name":"\u0160IOV - \u0161t\u00e1tny in\u0161tit\u00fat odborn\u00e9ho vzdel\u00e1vania","url":"https:\/\/archiv.siov.sk\/","logo":{"@type":"ImageObject","inLanguage":"en-GB","@id":"https:\/\/archiv.siov.sk\/#\/schema\/logo\/image\/","url":"https:\/\/archiv.siov.sk\/wp-content\/uploads\/2024\/02\/logo-SIOV.png","contentUrl":"https:\/\/archiv.siov.sk\/wp-content\/uploads\/2024\/02\/logo-SIOV.png","width":431,"height":143,"caption":"\u0160IOV - \u0161t\u00e1tny in\u0161tit\u00fat odborn\u00e9ho vzdel\u00e1vania"},"image":{"@id":"https:\/\/archiv.siov.sk\/#\/schema\/logo\/image\/"},"sameAs":["https:\/\/www.facebook.com\/Statnyinstitutodbornehovzdelavania"]},{"@type":"Person","@id":"https:\/\/archiv.siov.sk\/#\/schema\/person\/e42d633fbd958c6a726e8834d8965e6c","name":"Katar\u00edna Kov\u00e1\u010dov\u00e1","url":"https:\/\/archiv.siov.sk\/en\/author\/katkakovacova\/"}]}},"_links":{"self":[{"href":"https:\/\/archiv.siov.sk\/en\/wp-json\/wp\/v2\/posts\/4222","targetHints":{"allow":["GET"]}}],"collection":[{"href":"https:\/\/archiv.siov.sk\/en\/wp-json\/wp\/v2\/posts"}],"about":[{"href":"https:\/\/archiv.siov.sk\/en\/wp-json\/wp\/v2\/types\/post"}],"author":[{"embeddable":true,"href":"https:\/\/archiv.siov.sk\/en\/wp-json\/wp\/v2\/users\/6"}],"replies":[{"embeddable":true,"href":"https:\/\/archiv.siov.sk\/en\/wp-json\/wp\/v2\/comments?post=4222"}],"version-history":[{"count":1,"href":"https:\/\/archiv.siov.sk\/en\/wp-json\/wp\/v2\/posts\/4222\/revisions"}],"predecessor-version":[{"id":4225,"href":"https:\/\/archiv.siov.sk\/en\/wp-json\/wp\/v2\/posts\/4222\/revisions\/4225"}],"wp:featuredmedia":[{"embeddable":true,"href":"https:\/\/archiv.siov.sk\/en\/wp-json\/wp\/v2\/media\/4234"}],"wp:attachment":[{"href":"https:\/\/archiv.siov.sk\/en\/wp-json\/wp\/v2\/media?parent=4222"}],"wp:term":[{"taxonomy":"category","embeddable":true,"href":"https:\/\/archiv.siov.sk\/en\/wp-json\/wp\/v2\/categories?post=4222"},{"taxonomy":"post_tag","embeddable":true,"href":"https:\/\/archiv.siov.sk\/en\/wp-json\/wp\/v2\/tags?post=4222"}],"curies":[{"name":"wp","href":"https:\/\/api.w.org\/{rel}","templated":true}]}}