{"id":4041,"date":"2019-07-01T13:38:34","date_gmt":"2019-07-01T11:38:34","guid":{"rendered":"http:\/\/archiv.siov.sk\/?p=4041"},"modified":"2019-07-01T13:38:40","modified_gmt":"2019-07-01T11:38:40","slug":"cinnosti-narodneho-ustavu-celozivotneho-vzdelavania-prechadzaju-pod-statny-institut-odborneho-vzdelavania","status":"publish","type":"post","link":"https:\/\/archiv.siov.sk\/en\/cinnosti-narodneho-ustavu-celozivotneho-vzdelavania-prechadzaju-pod-statny-institut-odborneho-vzdelavania\/","title":{"rendered":"\u010cinnosti N\u00e1rodn\u00e9ho \u00fastavu celo\u017eivotn\u00e9ho vzdel\u00e1vania prech\u00e1dzaj\u00fa pod \u0160t\u00e1tny in\u0161tit\u00fat odborn\u00e9ho vzdel\u00e1vania"},"content":{"rendered":"<p>Na z\u00e1klade pr\u00edkazu ministerky \u0161kolstva, vedy, v\u00fdskumu a \u0161portu Slovenskej republiky Martiny Lubyovej od 1. j\u00fala 2019 ukon\u010dil svoju \u010dinnos\u0165 N\u00e1rodn\u00fd \u00fastav celo\u017eivotn\u00e9ho vzdel\u00e1vania a v\u0161etky kompetencie a \u010dinnosti tejto pr\u00edspevkovej organiz\u00e1cie sa presunuli pod \u0160t\u00e1tny in\u0161tit\u00fat odborn\u00e9ho vzdel\u00e1vania, ktor\u00fd je priamo riadenou organiz\u00e1ciou ministerstva.<\/p>\n<p>Ako povedal Michal N\u011bmec, riadite\u013e \u0160IOV, medzi \u00falohy, ktor\u00e9 pribudli v&nbsp;oblasti celo\u017eivotn\u00e9ho vzdel\u00e1vania bude &nbsp;patri\u0165 pr\u00edprava strat\u00e9gie v oblasti syst\u00e9mu uzn\u00e1vania kvalifik\u00e1ci\u00ed \u2013 a to v\u0161etko v s\u00fa\u010dinnosti s ministerstvom a soci\u00e1lnymi partnermi. \u00dasek pre celo\u017eivotn\u00e9 vzdel\u00e1vanie \u0160IOV bude zodpovedn\u00fd aj za pr\u00edpravu projektov a z\u00edskavanie grantov, spolupr\u00e1cu na medzin\u00e1rodn\u00fdch a nadn\u00e1rodn\u00fdch projektoch.<\/p>\n<p>\u201cR\u00e1d by som zd\u00f4raznil\u201d, povedal \u010falej Michal N\u011bmec, \u201c\u017ee presun agendy celo\u017eivotn\u00e9ho vzdel\u00e1vania pod \u0160IOV naozaj nie je zmena pre zmenu. Je to len jeden z \u010fal\u0161\u00edch logick\u00fdch krokov, ktor\u00fd potvrd\u00ed nielen zmysluplnos\u0165 existencie tejto d\u00f4le\u017eitej in\u0161tit\u00facie, ale do jej pr\u00e1ce prid\u00e1 aj \u010dinnosti, ktor\u00e9 s\u00fa v dne\u0161nom r\u00fdchlo sa meniacom svete nevyhnutn\u00e9. Mo\u017eno e\u0161te st\u00e1le existuj\u00fa povolania na cel\u00fd \u017eivot, ale s t\u00fdmi ist\u00fdmi vedomos\u0165ami na za\u010diatku kari\u00e9ry a na jej konci si u\u017e dnes nikto nevysta\u010d\u00ed\u201d.<\/p>\n<p>&nbsp;<\/p>","protected":false},"excerpt":{"rendered":"<p>Na z\u00e1klade pr\u00edkazu ministerky \u0161kolstva, vedy, v\u00fdskumu a \u0161portu Slovenskej republiky Martiny Lubyovej od 1. j\u00fala 2019 ukon\u010dil svoju \u010dinnos\u0165 N\u00e1rodn\u00fd \u00fastav celo\u017eivotn\u00e9ho vzdel\u00e1vania a v\u0161etky kompetencie a \u010dinnosti tejto pr\u00edspevkovej organiz\u00e1cie sa presunuli pod \u0160t\u00e1tny in\u0161tit\u00fat odborn\u00e9ho vzdel\u00e1vania, ktor\u00fd je priamo riadenou organiz\u00e1ciou ministerstva. Ako povedal Michal N\u011bmec, riadite\u013e \u0160IOV, medzi \u00falohy, ktor\u00e9 pribudli [&hellip;]<\/p>\n","protected":false},"author":6,"featured_media":4029,"comment_status":"closed","ping_status":"closed","sticky":false,"template":"","format":"standard","meta":{"site-sidebar-layout":"default","site-content-layout":"","ast-site-content-layout":"default","site-content-style":"default","site-sidebar-style":"default","ast-global-header-display":"","ast-banner-title-visibility":"","ast-main-header-display":"","ast-hfb-above-header-display":"","ast-hfb-below-header-display":"","ast-hfb-mobile-header-display":"","site-post-title":"","ast-breadcrumbs-content":"","ast-featured-img":"","footer-sml-layout":"","ast-disable-related-posts":"","theme-transparent-header-meta":"","adv-header-id-meta":"","stick-header-meta":"","header-above-stick-meta":"","header-main-stick-meta":"","header-below-stick-meta":"","astra-migrate-meta-layouts":"default","ast-page-background-enabled":"default","ast-page-background-meta":{"desktop":{"background-color":"var(--ast-global-color-4)","background-image":"","background-repeat":"repeat","background-position":"center center","background-size":"auto","background-attachment":"scroll","background-type":"","background-media":"","overlay-type":"","overlay-color":"","overlay-opacity":"","overlay-gradient":""},"tablet":{"background-color":"","background-image":"","background-repeat":"repeat","background-position":"center center","background-size":"auto","background-attachment":"scroll","background-type":"","background-media":"","overlay-type":"","overlay-color":"","overlay-opacity":"","overlay-gradient":""},"mobile":{"background-color":"","background-image":"","background-repeat":"repeat","background-position":"center center","background-size":"auto","background-attachment":"scroll","background-type":"","background-media":"","overlay-type":"","overlay-color":"","overlay-opacity":"","overlay-gradient":""}},"ast-content-background-meta":{"desktop":{"background-color":"var(--ast-global-color-5)","background-image":"","background-repeat":"repeat","background-position":"center center","background-size":"auto","background-attachment":"scroll","background-type":"","background-media":"","overlay-type":"","overlay-color":"","overlay-opacity":"","overlay-gradient":""},"tablet":{"background-color":"var(--ast-global-color-5)","background-image":"","background-repeat":"repeat","background-position":"center center","background-size":"auto","background-attachment":"scroll","background-type":"","background-media":"","overlay-type":"","overlay-color":"","overlay-opacity":"","overlay-gradient":""},"mobile":{"background-color":"var(--ast-global-color-5)","background-image":"","background-repeat":"repeat","background-position":"center center","background-size":"auto","background-attachment":"scroll","background-type":"","background-media":"","overlay-type":"","overlay-color":"","overlay-opacity":"","overlay-gradient":""}},"footnotes":""},"categories":[1],"tags":[],"class_list":["post-4041","post","type-post","status-publish","format-standard","has-post-thumbnail","hentry","category-aktuality"],"yoast_head":"<!-- This site is optimized with the Yoast SEO plugin v27.5 - https:\/\/yoast.com\/product\/yoast-seo-wordpress\/ -->\n<title>\u010cinnosti N\u00e1rodn\u00e9ho \u00fastavu celo\u017eivotn\u00e9ho vzdel\u00e1vania prech\u00e1dzaj\u00fa pod \u0160t\u00e1tny in\u0161tit\u00fat odborn\u00e9ho vzdel\u00e1vania - \u0160IOV - \u0161t\u00e1tny in\u0161tit\u00fat odborn\u00e9ho vzdel\u00e1vania<\/title>\n<meta name=\"description\" content=\"Na z\u00e1klade pr\u00edkazu ministerky \u0161kolstva, vedy, v\u00fdskumu a \u0161portu Slovenskej republiky Martiny Lubyovej od 1. j\u00fala 2019 ukon\u010dil svoju \u010dinnos\u0165 N\u00e1rodn\u00fd \u00fastav celo\u017eivotn\u00e9ho vzdel\u00e1vania a v\u0161etky kompetencie a \u010dinnosti tejto pr\u00edspevkovej organiz\u00e1cie sa presunuli pod \u0160t\u00e1tny in\u0161tit\u00fat odborn\u00e9ho vzdel\u00e1vania, ktor\u00fd je priamo riadenou organiz\u00e1ciou ministerstva.\" \/>\n<meta name=\"robots\" content=\"index, follow, max-snippet:-1, max-image-preview:large, max-video-preview:-1\" \/>\n<link rel=\"canonical\" href=\"https:\/\/archiv.siov.sk\/en\/cinnosti-narodneho-ustavu-celozivotneho-vzdelavania-prechadzaju-pod-statny-institut-odborneho-vzdelavania\/\" \/>\n<meta property=\"og:locale\" content=\"en_GB\" \/>\n<meta property=\"og:type\" content=\"article\" \/>\n<meta property=\"og:title\" content=\"\u010cinnosti N\u00e1rodn\u00e9ho \u00fastavu celo\u017eivotn\u00e9ho vzdel\u00e1vania prech\u00e1dzaj\u00fa pod \u0160t\u00e1tny in\u0161tit\u00fat odborn\u00e9ho vzdel\u00e1vania - \u0160IOV - \u0161t\u00e1tny in\u0161tit\u00fat odborn\u00e9ho vzdel\u00e1vania\" \/>\n<meta property=\"og:description\" content=\"Na z\u00e1klade pr\u00edkazu ministerky \u0161kolstva, vedy, v\u00fdskumu a \u0161portu Slovenskej republiky Martiny Lubyovej od 1. j\u00fala 2019 ukon\u010dil svoju \u010dinnos\u0165 N\u00e1rodn\u00fd \u00fastav celo\u017eivotn\u00e9ho vzdel\u00e1vania a v\u0161etky kompetencie a \u010dinnosti tejto pr\u00edspevkovej organiz\u00e1cie sa presunuli pod \u0160t\u00e1tny in\u0161tit\u00fat odborn\u00e9ho vzdel\u00e1vania, ktor\u00fd je priamo riadenou organiz\u00e1ciou ministerstva.\" \/>\n<meta property=\"og:url\" content=\"https:\/\/archiv.siov.sk\/en\/cinnosti-narodneho-ustavu-celozivotneho-vzdelavania-prechadzaju-pod-statny-institut-odborneho-vzdelavania\/\" \/>\n<meta property=\"og:site_name\" content=\"\u0160IOV - \u0161t\u00e1tny in\u0161tit\u00fat odborn\u00e9ho vzdel\u00e1vania\" \/>\n<meta property=\"article:publisher\" content=\"https:\/\/www.facebook.com\/Statnyinstitutodbornehovzdelavania\" \/>\n<meta property=\"article:published_time\" content=\"2019-07-01T11:38:34+00:00\" \/>\n<meta property=\"article:modified_time\" content=\"2019-07-01T11:38:40+00:00\" \/>\n<meta property=\"og:image\" content=\"https:\/\/archiv.siov.sk\/wp-content\/uploads\/2019\/06\/siov.jpg\" \/>\n\t<meta property=\"og:image:width\" content=\"1100\" \/>\n\t<meta property=\"og:image:height\" content=\"445\" \/>\n\t<meta property=\"og:image:type\" content=\"image\/jpeg\" \/>\n<meta name=\"author\" content=\"Katar\u00edna Kov\u00e1\u010dov\u00e1\" \/>\n<meta name=\"twitter:card\" content=\"summary_large_image\" \/>\n<meta name=\"twitter:label1\" content=\"Written by\" \/>\n\t<meta name=\"twitter:data1\" content=\"Katar\u00edna Kov\u00e1\u010dov\u00e1\" \/>\n\t<meta name=\"twitter:label2\" content=\"Estimated reading time\" \/>\n\t<meta name=\"twitter:data2\" content=\"1 minute\" \/>\n<script type=\"application\/ld+json\" class=\"yoast-schema-graph\">{\"@context\":\"https:\\\/\\\/schema.org\",\"@graph\":[{\"@type\":\"Article\",\"@id\":\"https:\\\/\\\/archiv.siov.sk\\\/cinnosti-narodneho-ustavu-celozivotneho-vzdelavania-prechadzaju-pod-statny-institut-odborneho-vzdelavania\\\/#article\",\"isPartOf\":{\"@id\":\"https:\\\/\\\/archiv.siov.sk\\\/cinnosti-narodneho-ustavu-celozivotneho-vzdelavania-prechadzaju-pod-statny-institut-odborneho-vzdelavania\\\/\"},\"author\":{\"name\":\"Katar\u00edna Kov\u00e1\u010dov\u00e1\",\"@id\":\"https:\\\/\\\/archiv.siov.sk\\\/#\\\/schema\\\/person\\\/e42d633fbd958c6a726e8834d8965e6c\"},\"headline\":\"\u010cinnosti N\u00e1rodn\u00e9ho \u00fastavu celo\u017eivotn\u00e9ho vzdel\u00e1vania prech\u00e1dzaj\u00fa pod \u0160t\u00e1tny in\u0161tit\u00fat odborn\u00e9ho vzdel\u00e1vania\",\"datePublished\":\"2019-07-01T11:38:34+00:00\",\"dateModified\":\"2019-07-01T11:38:40+00:00\",\"mainEntityOfPage\":{\"@id\":\"https:\\\/\\\/archiv.siov.sk\\\/cinnosti-narodneho-ustavu-celozivotneho-vzdelavania-prechadzaju-pod-statny-institut-odborneho-vzdelavania\\\/\"},\"wordCount\":261,\"publisher\":{\"@id\":\"https:\\\/\\\/archiv.siov.sk\\\/#organization\"},\"image\":{\"@id\":\"https:\\\/\\\/archiv.siov.sk\\\/cinnosti-narodneho-ustavu-celozivotneho-vzdelavania-prechadzaju-pod-statny-institut-odborneho-vzdelavania\\\/#primaryimage\"},\"thumbnailUrl\":\"https:\\\/\\\/archiv.siov.sk\\\/wp-content\\\/uploads\\\/2019\\\/06\\\/siov.jpg\",\"articleSection\":[\"Aktuality\"],\"inLanguage\":\"en-GB\"},{\"@type\":\"WebPage\",\"@id\":\"https:\\\/\\\/archiv.siov.sk\\\/cinnosti-narodneho-ustavu-celozivotneho-vzdelavania-prechadzaju-pod-statny-institut-odborneho-vzdelavania\\\/\",\"url\":\"https:\\\/\\\/archiv.siov.sk\\\/cinnosti-narodneho-ustavu-celozivotneho-vzdelavania-prechadzaju-pod-statny-institut-odborneho-vzdelavania\\\/\",\"name\":\"\u010cinnosti N\u00e1rodn\u00e9ho \u00fastavu celo\u017eivotn\u00e9ho vzdel\u00e1vania prech\u00e1dzaj\u00fa pod \u0160t\u00e1tny in\u0161tit\u00fat odborn\u00e9ho vzdel\u00e1vania - \u0160IOV - \u0161t\u00e1tny in\u0161tit\u00fat odborn\u00e9ho vzdel\u00e1vania\",\"isPartOf\":{\"@id\":\"https:\\\/\\\/archiv.siov.sk\\\/#website\"},\"primaryImageOfPage\":{\"@id\":\"https:\\\/\\\/archiv.siov.sk\\\/cinnosti-narodneho-ustavu-celozivotneho-vzdelavania-prechadzaju-pod-statny-institut-odborneho-vzdelavania\\\/#primaryimage\"},\"image\":{\"@id\":\"https:\\\/\\\/archiv.siov.sk\\\/cinnosti-narodneho-ustavu-celozivotneho-vzdelavania-prechadzaju-pod-statny-institut-odborneho-vzdelavania\\\/#primaryimage\"},\"thumbnailUrl\":\"https:\\\/\\\/archiv.siov.sk\\\/wp-content\\\/uploads\\\/2019\\\/06\\\/siov.jpg\",\"datePublished\":\"2019-07-01T11:38:34+00:00\",\"dateModified\":\"2019-07-01T11:38:40+00:00\",\"description\":\"Na z\u00e1klade pr\u00edkazu ministerky \u0161kolstva, vedy, v\u00fdskumu a \u0161portu Slovenskej republiky Martiny Lubyovej od 1. j\u00fala 2019 ukon\u010dil svoju \u010dinnos\u0165 N\u00e1rodn\u00fd \u00fastav celo\u017eivotn\u00e9ho vzdel\u00e1vania a v\u0161etky kompetencie a \u010dinnosti tejto pr\u00edspevkovej organiz\u00e1cie sa presunuli pod \u0160t\u00e1tny in\u0161tit\u00fat odborn\u00e9ho vzdel\u00e1vania, ktor\u00fd je priamo riadenou organiz\u00e1ciou ministerstva.\",\"breadcrumb\":{\"@id\":\"https:\\\/\\\/archiv.siov.sk\\\/cinnosti-narodneho-ustavu-celozivotneho-vzdelavania-prechadzaju-pod-statny-institut-odborneho-vzdelavania\\\/#breadcrumb\"},\"inLanguage\":\"en-GB\",\"potentialAction\":[{\"@type\":\"ReadAction\",\"target\":[\"https:\\\/\\\/archiv.siov.sk\\\/cinnosti-narodneho-ustavu-celozivotneho-vzdelavania-prechadzaju-pod-statny-institut-odborneho-vzdelavania\\\/\"]}]},{\"@type\":\"ImageObject\",\"inLanguage\":\"en-GB\",\"@id\":\"https:\\\/\\\/archiv.siov.sk\\\/cinnosti-narodneho-ustavu-celozivotneho-vzdelavania-prechadzaju-pod-statny-institut-odborneho-vzdelavania\\\/#primaryimage\",\"url\":\"https:\\\/\\\/archiv.siov.sk\\\/wp-content\\\/uploads\\\/2019\\\/06\\\/siov.jpg\",\"contentUrl\":\"https:\\\/\\\/archiv.siov.sk\\\/wp-content\\\/uploads\\\/2019\\\/06\\\/siov.jpg\",\"width\":1100,\"height\":445},{\"@type\":\"BreadcrumbList\",\"@id\":\"https:\\\/\\\/archiv.siov.sk\\\/cinnosti-narodneho-ustavu-celozivotneho-vzdelavania-prechadzaju-pod-statny-institut-odborneho-vzdelavania\\\/#breadcrumb\",\"itemListElement\":[{\"@type\":\"ListItem\",\"position\":1,\"name\":\"Home\",\"item\":\"https:\\\/\\\/archiv.siov.sk\\\/\"},{\"@type\":\"ListItem\",\"position\":2,\"name\":\"\u010cinnosti N\u00e1rodn\u00e9ho \u00fastavu celo\u017eivotn\u00e9ho vzdel\u00e1vania prech\u00e1dzaj\u00fa pod \u0160t\u00e1tny in\u0161tit\u00fat odborn\u00e9ho vzdel\u00e1vania\"}]},{\"@type\":\"WebSite\",\"@id\":\"https:\\\/\\\/archiv.siov.sk\\\/#website\",\"url\":\"https:\\\/\\\/archiv.siov.sk\\\/\",\"name\":\"\u0160IOV - \u0161t\u00e1tny in\u0161tit\u00fat odborn\u00e9ho vzdel\u00e1vania\",\"description\":\"\",\"publisher\":{\"@id\":\"https:\\\/\\\/archiv.siov.sk\\\/#organization\"},\"potentialAction\":[{\"@type\":\"SearchAction\",\"target\":{\"@type\":\"EntryPoint\",\"urlTemplate\":\"https:\\\/\\\/archiv.siov.sk\\\/?s={search_term_string}\"},\"query-input\":{\"@type\":\"PropertyValueSpecification\",\"valueRequired\":true,\"valueName\":\"search_term_string\"}}],\"inLanguage\":\"en-GB\"},{\"@type\":\"Organization\",\"@id\":\"https:\\\/\\\/archiv.siov.sk\\\/#organization\",\"name\":\"\u0160IOV - \u0161t\u00e1tny in\u0161tit\u00fat odborn\u00e9ho vzdel\u00e1vania\",\"url\":\"https:\\\/\\\/archiv.siov.sk\\\/\",\"logo\":{\"@type\":\"ImageObject\",\"inLanguage\":\"en-GB\",\"@id\":\"https:\\\/\\\/archiv.siov.sk\\\/#\\\/schema\\\/logo\\\/image\\\/\",\"url\":\"https:\\\/\\\/archiv.siov.sk\\\/wp-content\\\/uploads\\\/2024\\\/02\\\/logo-SIOV.png\",\"contentUrl\":\"https:\\\/\\\/archiv.siov.sk\\\/wp-content\\\/uploads\\\/2024\\\/02\\\/logo-SIOV.png\",\"width\":431,\"height\":143,\"caption\":\"\u0160IOV - \u0161t\u00e1tny in\u0161tit\u00fat odborn\u00e9ho vzdel\u00e1vania\"},\"image\":{\"@id\":\"https:\\\/\\\/archiv.siov.sk\\\/#\\\/schema\\\/logo\\\/image\\\/\"},\"sameAs\":[\"https:\\\/\\\/www.facebook.com\\\/Statnyinstitutodbornehovzdelavania\"]},{\"@type\":\"Person\",\"@id\":\"https:\\\/\\\/archiv.siov.sk\\\/#\\\/schema\\\/person\\\/e42d633fbd958c6a726e8834d8965e6c\",\"name\":\"Katar\u00edna Kov\u00e1\u010dov\u00e1\",\"url\":\"https:\\\/\\\/archiv.siov.sk\\\/en\\\/author\\\/katkakovacova\\\/\"}]}<\/script>\n<!-- \/ Yoast SEO plugin. -->","yoast_head_json":{"title":"\u010cinnosti N\u00e1rodn\u00e9ho \u00fastavu celo\u017eivotn\u00e9ho vzdel\u00e1vania prech\u00e1dzaj\u00fa pod \u0160t\u00e1tny in\u0161tit\u00fat odborn\u00e9ho vzdel\u00e1vania - \u0160IOV - \u0161t\u00e1tny in\u0161tit\u00fat odborn\u00e9ho vzdel\u00e1vania","description":"Na z\u00e1klade pr\u00edkazu ministerky \u0161kolstva, vedy, v\u00fdskumu a \u0161portu Slovenskej republiky Martiny Lubyovej od 1. j\u00fala 2019 ukon\u010dil svoju \u010dinnos\u0165 N\u00e1rodn\u00fd \u00fastav celo\u017eivotn\u00e9ho vzdel\u00e1vania a v\u0161etky kompetencie a \u010dinnosti tejto pr\u00edspevkovej organiz\u00e1cie sa presunuli pod \u0160t\u00e1tny in\u0161tit\u00fat odborn\u00e9ho vzdel\u00e1vania, ktor\u00fd je priamo riadenou organiz\u00e1ciou ministerstva.","robots":{"index":"index","follow":"follow","max-snippet":"max-snippet:-1","max-image-preview":"max-image-preview:large","max-video-preview":"max-video-preview:-1"},"canonical":"https:\/\/archiv.siov.sk\/en\/cinnosti-narodneho-ustavu-celozivotneho-vzdelavania-prechadzaju-pod-statny-institut-odborneho-vzdelavania\/","og_locale":"en_GB","og_type":"article","og_title":"\u010cinnosti N\u00e1rodn\u00e9ho \u00fastavu celo\u017eivotn\u00e9ho vzdel\u00e1vania prech\u00e1dzaj\u00fa pod \u0160t\u00e1tny in\u0161tit\u00fat odborn\u00e9ho vzdel\u00e1vania - \u0160IOV - \u0161t\u00e1tny in\u0161tit\u00fat odborn\u00e9ho vzdel\u00e1vania","og_description":"Na z\u00e1klade pr\u00edkazu ministerky \u0161kolstva, vedy, v\u00fdskumu a \u0161portu Slovenskej republiky Martiny Lubyovej od 1. j\u00fala 2019 ukon\u010dil svoju \u010dinnos\u0165 N\u00e1rodn\u00fd \u00fastav celo\u017eivotn\u00e9ho vzdel\u00e1vania a v\u0161etky kompetencie a \u010dinnosti tejto pr\u00edspevkovej organiz\u00e1cie sa presunuli pod \u0160t\u00e1tny in\u0161tit\u00fat odborn\u00e9ho vzdel\u00e1vania, ktor\u00fd je priamo riadenou organiz\u00e1ciou ministerstva.","og_url":"https:\/\/archiv.siov.sk\/en\/cinnosti-narodneho-ustavu-celozivotneho-vzdelavania-prechadzaju-pod-statny-institut-odborneho-vzdelavania\/","og_site_name":"\u0160IOV - \u0161t\u00e1tny in\u0161tit\u00fat odborn\u00e9ho vzdel\u00e1vania","article_publisher":"https:\/\/www.facebook.com\/Statnyinstitutodbornehovzdelavania","article_published_time":"2019-07-01T11:38:34+00:00","article_modified_time":"2019-07-01T11:38:40+00:00","og_image":[{"width":1100,"height":445,"url":"https:\/\/archiv.siov.sk\/wp-content\/uploads\/2019\/06\/siov.jpg","type":"image\/jpeg"}],"author":"Katar\u00edna Kov\u00e1\u010dov\u00e1","twitter_card":"summary_large_image","twitter_misc":{"Written by":"Katar\u00edna Kov\u00e1\u010dov\u00e1","Estimated reading time":"1 minute"},"schema":{"@context":"https:\/\/schema.org","@graph":[{"@type":"Article","@id":"https:\/\/archiv.siov.sk\/cinnosti-narodneho-ustavu-celozivotneho-vzdelavania-prechadzaju-pod-statny-institut-odborneho-vzdelavania\/#article","isPartOf":{"@id":"https:\/\/archiv.siov.sk\/cinnosti-narodneho-ustavu-celozivotneho-vzdelavania-prechadzaju-pod-statny-institut-odborneho-vzdelavania\/"},"author":{"name":"Katar\u00edna Kov\u00e1\u010dov\u00e1","@id":"https:\/\/archiv.siov.sk\/#\/schema\/person\/e42d633fbd958c6a726e8834d8965e6c"},"headline":"\u010cinnosti N\u00e1rodn\u00e9ho \u00fastavu celo\u017eivotn\u00e9ho vzdel\u00e1vania prech\u00e1dzaj\u00fa pod \u0160t\u00e1tny in\u0161tit\u00fat odborn\u00e9ho vzdel\u00e1vania","datePublished":"2019-07-01T11:38:34+00:00","dateModified":"2019-07-01T11:38:40+00:00","mainEntityOfPage":{"@id":"https:\/\/archiv.siov.sk\/cinnosti-narodneho-ustavu-celozivotneho-vzdelavania-prechadzaju-pod-statny-institut-odborneho-vzdelavania\/"},"wordCount":261,"publisher":{"@id":"https:\/\/archiv.siov.sk\/#organization"},"image":{"@id":"https:\/\/archiv.siov.sk\/cinnosti-narodneho-ustavu-celozivotneho-vzdelavania-prechadzaju-pod-statny-institut-odborneho-vzdelavania\/#primaryimage"},"thumbnailUrl":"https:\/\/archiv.siov.sk\/wp-content\/uploads\/2019\/06\/siov.jpg","articleSection":["Aktuality"],"inLanguage":"en-GB"},{"@type":"WebPage","@id":"https:\/\/archiv.siov.sk\/cinnosti-narodneho-ustavu-celozivotneho-vzdelavania-prechadzaju-pod-statny-institut-odborneho-vzdelavania\/","url":"https:\/\/archiv.siov.sk\/cinnosti-narodneho-ustavu-celozivotneho-vzdelavania-prechadzaju-pod-statny-institut-odborneho-vzdelavania\/","name":"\u010cinnosti N\u00e1rodn\u00e9ho \u00fastavu celo\u017eivotn\u00e9ho vzdel\u00e1vania prech\u00e1dzaj\u00fa pod \u0160t\u00e1tny in\u0161tit\u00fat odborn\u00e9ho vzdel\u00e1vania - \u0160IOV - \u0161t\u00e1tny in\u0161tit\u00fat odborn\u00e9ho vzdel\u00e1vania","isPartOf":{"@id":"https:\/\/archiv.siov.sk\/#website"},"primaryImageOfPage":{"@id":"https:\/\/archiv.siov.sk\/cinnosti-narodneho-ustavu-celozivotneho-vzdelavania-prechadzaju-pod-statny-institut-odborneho-vzdelavania\/#primaryimage"},"image":{"@id":"https:\/\/archiv.siov.sk\/cinnosti-narodneho-ustavu-celozivotneho-vzdelavania-prechadzaju-pod-statny-institut-odborneho-vzdelavania\/#primaryimage"},"thumbnailUrl":"https:\/\/archiv.siov.sk\/wp-content\/uploads\/2019\/06\/siov.jpg","datePublished":"2019-07-01T11:38:34+00:00","dateModified":"2019-07-01T11:38:40+00:00","description":"Na z\u00e1klade pr\u00edkazu ministerky \u0161kolstva, vedy, v\u00fdskumu a \u0161portu Slovenskej republiky Martiny Lubyovej od 1. j\u00fala 2019 ukon\u010dil svoju \u010dinnos\u0165 N\u00e1rodn\u00fd \u00fastav celo\u017eivotn\u00e9ho vzdel\u00e1vania a v\u0161etky kompetencie a \u010dinnosti tejto pr\u00edspevkovej organiz\u00e1cie sa presunuli pod \u0160t\u00e1tny in\u0161tit\u00fat odborn\u00e9ho vzdel\u00e1vania, ktor\u00fd je priamo riadenou organiz\u00e1ciou ministerstva.","breadcrumb":{"@id":"https:\/\/archiv.siov.sk\/cinnosti-narodneho-ustavu-celozivotneho-vzdelavania-prechadzaju-pod-statny-institut-odborneho-vzdelavania\/#breadcrumb"},"inLanguage":"en-GB","potentialAction":[{"@type":"ReadAction","target":["https:\/\/archiv.siov.sk\/cinnosti-narodneho-ustavu-celozivotneho-vzdelavania-prechadzaju-pod-statny-institut-odborneho-vzdelavania\/"]}]},{"@type":"ImageObject","inLanguage":"en-GB","@id":"https:\/\/archiv.siov.sk\/cinnosti-narodneho-ustavu-celozivotneho-vzdelavania-prechadzaju-pod-statny-institut-odborneho-vzdelavania\/#primaryimage","url":"https:\/\/archiv.siov.sk\/wp-content\/uploads\/2019\/06\/siov.jpg","contentUrl":"https:\/\/archiv.siov.sk\/wp-content\/uploads\/2019\/06\/siov.jpg","width":1100,"height":445},{"@type":"BreadcrumbList","@id":"https:\/\/archiv.siov.sk\/cinnosti-narodneho-ustavu-celozivotneho-vzdelavania-prechadzaju-pod-statny-institut-odborneho-vzdelavania\/#breadcrumb","itemListElement":[{"@type":"ListItem","position":1,"name":"Home","item":"https:\/\/archiv.siov.sk\/"},{"@type":"ListItem","position":2,"name":"\u010cinnosti N\u00e1rodn\u00e9ho \u00fastavu celo\u017eivotn\u00e9ho vzdel\u00e1vania prech\u00e1dzaj\u00fa pod \u0160t\u00e1tny in\u0161tit\u00fat odborn\u00e9ho vzdel\u00e1vania"}]},{"@type":"WebSite","@id":"https:\/\/archiv.siov.sk\/#website","url":"https:\/\/archiv.siov.sk\/","name":"\u0160IOV - \u0161t\u00e1tny in\u0161tit\u00fat odborn\u00e9ho vzdel\u00e1vania","description":"","publisher":{"@id":"https:\/\/archiv.siov.sk\/#organization"},"potentialAction":[{"@type":"SearchAction","target":{"@type":"EntryPoint","urlTemplate":"https:\/\/archiv.siov.sk\/?s={search_term_string}"},"query-input":{"@type":"PropertyValueSpecification","valueRequired":true,"valueName":"search_term_string"}}],"inLanguage":"en-GB"},{"@type":"Organization","@id":"https:\/\/archiv.siov.sk\/#organization","name":"\u0160IOV - \u0161t\u00e1tny in\u0161tit\u00fat odborn\u00e9ho vzdel\u00e1vania","url":"https:\/\/archiv.siov.sk\/","logo":{"@type":"ImageObject","inLanguage":"en-GB","@id":"https:\/\/archiv.siov.sk\/#\/schema\/logo\/image\/","url":"https:\/\/archiv.siov.sk\/wp-content\/uploads\/2024\/02\/logo-SIOV.png","contentUrl":"https:\/\/archiv.siov.sk\/wp-content\/uploads\/2024\/02\/logo-SIOV.png","width":431,"height":143,"caption":"\u0160IOV - \u0161t\u00e1tny in\u0161tit\u00fat odborn\u00e9ho vzdel\u00e1vania"},"image":{"@id":"https:\/\/archiv.siov.sk\/#\/schema\/logo\/image\/"},"sameAs":["https:\/\/www.facebook.com\/Statnyinstitutodbornehovzdelavania"]},{"@type":"Person","@id":"https:\/\/archiv.siov.sk\/#\/schema\/person\/e42d633fbd958c6a726e8834d8965e6c","name":"Katar\u00edna Kov\u00e1\u010dov\u00e1","url":"https:\/\/archiv.siov.sk\/en\/author\/katkakovacova\/"}]}},"_links":{"self":[{"href":"https:\/\/archiv.siov.sk\/en\/wp-json\/wp\/v2\/posts\/4041","targetHints":{"allow":["GET"]}}],"collection":[{"href":"https:\/\/archiv.siov.sk\/en\/wp-json\/wp\/v2\/posts"}],"about":[{"href":"https:\/\/archiv.siov.sk\/en\/wp-json\/wp\/v2\/types\/post"}],"author":[{"embeddable":true,"href":"https:\/\/archiv.siov.sk\/en\/wp-json\/wp\/v2\/users\/6"}],"replies":[{"embeddable":true,"href":"https:\/\/archiv.siov.sk\/en\/wp-json\/wp\/v2\/comments?post=4041"}],"version-history":[{"count":1,"href":"https:\/\/archiv.siov.sk\/en\/wp-json\/wp\/v2\/posts\/4041\/revisions"}],"predecessor-version":[{"id":4042,"href":"https:\/\/archiv.siov.sk\/en\/wp-json\/wp\/v2\/posts\/4041\/revisions\/4042"}],"wp:featuredmedia":[{"embeddable":true,"href":"https:\/\/archiv.siov.sk\/en\/wp-json\/wp\/v2\/media\/4029"}],"wp:attachment":[{"href":"https:\/\/archiv.siov.sk\/en\/wp-json\/wp\/v2\/media?parent=4041"}],"wp:term":[{"taxonomy":"category","embeddable":true,"href":"https:\/\/archiv.siov.sk\/en\/wp-json\/wp\/v2\/categories?post=4041"},{"taxonomy":"post_tag","embeddable":true,"href":"https:\/\/archiv.siov.sk\/en\/wp-json\/wp\/v2\/tags?post=4041"}],"curies":[{"name":"wp","href":"https:\/\/api.w.org\/{rel}","templated":true}]}}