{"id":4024,"date":"2019-06-26T13:52:33","date_gmt":"2019-06-26T11:52:33","guid":{"rendered":"http:\/\/archiv.siov.sk\/?p=4024"},"modified":"2019-06-26T13:53:00","modified_gmt":"2019-06-26T11:53:00","slug":"seminar-spojil-komunitu-odbornikov-vo-vzdelavani-dospelych","status":"publish","type":"post","link":"https:\/\/archiv.siov.sk\/en\/seminar-spojil-komunitu-odbornikov-vo-vzdelavani-dospelych\/","title":{"rendered":"Semin\u00e1r spojil komunitu odborn\u00edkov vo vzdel\u00e1van\u00ed dospel\u00fdch"},"content":{"rendered":"<p>Odbor eur\u00f3pskych polit\u00edk \u0160t\u00e1tneho in\u0161tit\u00fatu odborn\u00e9ho vzdel\u00e1vanie (\u0160IOV) v&nbsp;spolupr\u00e1ci s Prognostick\u00fdm \u00fastavom CSPV SAV, AINova a&nbsp;\u010fal\u0161\u00edmi partnermi zorganizovali d\u0148a 21. 6. 2019 v&nbsp;Bratislave odborn\u00fd semin\u00e1r s&nbsp;n\u00e1zvom: <strong>Ako vytv\u00e1ra\u0165 a&nbsp;podporova\u0165 \u0161ance dospel\u00fdch zlep\u0161ova\u0165 svoje zru\u010dnosti?<\/strong><\/p>\n<p>Z\u00fa\u010dastnilo sa ho viac ako 40 odborn\u00edkov z&nbsp;oblasti vzdel\u00e1vania dospel\u00fdch na Slovensku &#8211; z\u00e1stupcovia samospr\u00e1vnych krajov, vedeckej obce, vzdel\u00e1vac\u00edch in\u0161tit\u00faci\u00ed a mimovl\u00e1dneho sektora, ktor\u00ed diskutovali o&nbsp;s\u00fa\u010dasnom stave, v\u00fdzvach, prek\u00e1\u017ekach a&nbsp;mo\u017en\u00fdch rie\u0161eniach \u0161ir\u0161ieho zapojenia dospel\u00fdch do vzdel\u00e1vania.<\/p>\n<p>&nbsp;<\/p>\n<p>\u00davodn\u00e9 prezent\u00e1cie \u013dubice G\u00e1llovej zo \u0160IOV, Ivany Studenej zo SAV a&nbsp;Marty Jendekovej z&nbsp;AINova predstavili najnov\u0161ie inform\u00e1cie z&nbsp;v\u00fdskumu a&nbsp;praxe v&nbsp;oblasti celo\u017eivotn\u00e9ho vzdel\u00e1vania. Okrem in\u00e9ho predstavili projekty BLUESS, ENLIVEN a&nbsp;MOVED, ktor\u00e9 sk\u00famaj\u00fa mo\u017enosti vzdel\u00e1vania zranite\u013en\u00fdch, vyl\u00fa\u010den\u00fdch a&nbsp;neakt\u00edvnych skup\u00edn obyvate\u013estva. Martin Majc\u00edk, metodik Krajsk\u00e9ho ak\u010dn\u00e9ho pl\u00e1nu vzdel\u00e1vania, informoval o&nbsp;opatreniach na podporu vzdel\u00e1vania dospel\u00fdch v&nbsp;Juhomoravskom kraji. So z\u00e1ujmom sa stretlo najm\u00e4 Centrum vzdel\u00e1vania pre v\u0161etk\u00fdch v Brne, ktor\u00e9 sl\u00fa\u017ei ako informa\u010dn\u00e9 a&nbsp;poradensk\u00e9 miesto pre obyvate\u013eov kraja a&nbsp;zabezpe\u010duje bezplatn\u00e9 osobn\u00e9 i&nbsp;online poradenstvo v&nbsp;oblasti vzdel\u00e1vania a&nbsp;rozvoja kari\u00e9ry, spravuje datab\u00e1zu kurzov a&nbsp;podporuje vzdel\u00e1vanie pedag\u00f3gov.<\/p>\n<p>&nbsp;<\/p>\n<p>Hlavn\u00fa \u010das\u0165 semin\u00e1ra tvorili diskusie \u00fa\u010dastn\u00edkov o&nbsp;r\u00f4znych aspektoch vzdel\u00e1vania dospel\u00fdch, identifikovanie probl\u00e9mov na n\u00e1rodnej, region\u00e1lnej a&nbsp;miestnej \u00farovni a&nbsp;h\u013eadanie mo\u017en\u00fdch rie\u0161en\u00ed. &nbsp;Semin\u00e1r bol jednou zo s\u00e9rie aktiv\u00edt, ktor\u00e1 po\u010das roka 2019 zap\u00e1ja r\u00f4znych akt\u00e9rov do spolupr\u00e1ce prispievaj\u00facej k&nbsp;zvy\u0161ovaniu \u00fa\u010dasti na vzdel\u00e1van\u00ed dospel\u00fdch. Podobn\u00e9 semin\u00e1re sa uskuto\u010dnia v&nbsp;druhej polovici roka v&nbsp;\u010fal\u0161\u00edch regi\u00f3noch Slovenska.<\/p>","protected":false},"excerpt":{"rendered":"<p>Odbor eur\u00f3pskych polit\u00edk \u0160t\u00e1tneho in\u0161tit\u00fatu odborn\u00e9ho vzdel\u00e1vanie (\u0160IOV) v&nbsp;spolupr\u00e1ci s Prognostick\u00fdm \u00fastavom CSPV SAV, AINova a&nbsp;\u010fal\u0161\u00edmi partnermi zorganizovali d\u0148a 21. 6. 2019 v&nbsp;Bratislave odborn\u00fd semin\u00e1r s&nbsp;n\u00e1zvom: Ako vytv\u00e1ra\u0165 a&nbsp;podporova\u0165 \u0161ance dospel\u00fdch zlep\u0161ova\u0165 svoje zru\u010dnosti? Z\u00fa\u010dastnilo sa ho viac ako 40 odborn\u00edkov z&nbsp;oblasti vzdel\u00e1vania dospel\u00fdch na Slovensku &#8211; z\u00e1stupcovia samospr\u00e1vnych krajov, vedeckej obce, vzdel\u00e1vac\u00edch in\u0161tit\u00faci\u00ed a [&hellip;]<\/p>\n","protected":false},"author":6,"featured_media":4025,"comment_status":"closed","ping_status":"closed","sticky":false,"template":"","format":"standard","meta":{"site-sidebar-layout":"default","site-content-layout":"","ast-site-content-layout":"default","site-content-style":"default","site-sidebar-style":"default","ast-global-header-display":"","ast-banner-title-visibility":"","ast-main-header-display":"","ast-hfb-above-header-display":"","ast-hfb-below-header-display":"","ast-hfb-mobile-header-display":"","site-post-title":"","ast-breadcrumbs-content":"","ast-featured-img":"","footer-sml-layout":"","ast-disable-related-posts":"","theme-transparent-header-meta":"","adv-header-id-meta":"","stick-header-meta":"","header-above-stick-meta":"","header-main-stick-meta":"","header-below-stick-meta":"","astra-migrate-meta-layouts":"default","ast-page-background-enabled":"default","ast-page-background-meta":{"desktop":{"background-color":"var(--ast-global-color-4)","background-image":"","background-repeat":"repeat","background-position":"center center","background-size":"auto","background-attachment":"scroll","background-type":"","background-media":"","overlay-type":"","overlay-color":"","overlay-opacity":"","overlay-gradient":""},"tablet":{"background-color":"","background-image":"","background-repeat":"repeat","background-position":"center center","background-size":"auto","background-attachment":"scroll","background-type":"","background-media":"","overlay-type":"","overlay-color":"","overlay-opacity":"","overlay-gradient":""},"mobile":{"background-color":"","background-image":"","background-repeat":"repeat","background-position":"center center","background-size":"auto","background-attachment":"scroll","background-type":"","background-media":"","overlay-type":"","overlay-color":"","overlay-opacity":"","overlay-gradient":""}},"ast-content-background-meta":{"desktop":{"background-color":"var(--ast-global-color-5)","background-image":"","background-repeat":"repeat","background-position":"center center","background-size":"auto","background-attachment":"scroll","background-type":"","background-media":"","overlay-type":"","overlay-color":"","overlay-opacity":"","overlay-gradient":""},"tablet":{"background-color":"var(--ast-global-color-5)","background-image":"","background-repeat":"repeat","background-position":"center center","background-size":"auto","background-attachment":"scroll","background-type":"","background-media":"","overlay-type":"","overlay-color":"","overlay-opacity":"","overlay-gradient":""},"mobile":{"background-color":"var(--ast-global-color-5)","background-image":"","background-repeat":"repeat","background-position":"center center","background-size":"auto","background-attachment":"scroll","background-type":"","background-media":"","overlay-type":"","overlay-color":"","overlay-opacity":"","overlay-gradient":""}},"footnotes":""},"categories":[1],"tags":[],"class_list":["post-4024","post","type-post","status-publish","format-standard","has-post-thumbnail","hentry","category-aktuality"],"yoast_head":"<!-- This site is optimized with the Yoast SEO plugin v27.5 - https:\/\/yoast.com\/product\/yoast-seo-wordpress\/ -->\n<title>Semin\u00e1r spojil komunitu odborn\u00edkov vo vzdel\u00e1van\u00ed dospel\u00fdch - \u0160IOV - \u0161t\u00e1tny in\u0161tit\u00fat odborn\u00e9ho vzdel\u00e1vania<\/title>\n<meta name=\"robots\" content=\"index, follow, max-snippet:-1, max-image-preview:large, max-video-preview:-1\" \/>\n<link rel=\"canonical\" href=\"https:\/\/archiv.siov.sk\/en\/seminar-spojil-komunitu-odbornikov-vo-vzdelavani-dospelych\/\" \/>\n<meta property=\"og:locale\" content=\"en_GB\" \/>\n<meta property=\"og:type\" content=\"article\" \/>\n<meta property=\"og:title\" content=\"Semin\u00e1r spojil komunitu odborn\u00edkov vo vzdel\u00e1van\u00ed dospel\u00fdch - \u0160IOV - \u0161t\u00e1tny in\u0161tit\u00fat odborn\u00e9ho vzdel\u00e1vania\" \/>\n<meta property=\"og:description\" content=\"Odbor eur\u00f3pskych polit\u00edk \u0160t\u00e1tneho in\u0161tit\u00fatu odborn\u00e9ho vzdel\u00e1vanie (\u0160IOV) v&nbsp;spolupr\u00e1ci s Prognostick\u00fdm \u00fastavom CSPV SAV, AINova a&nbsp;\u010fal\u0161\u00edmi partnermi zorganizovali d\u0148a 21. 6. 2019 v&nbsp;Bratislave odborn\u00fd semin\u00e1r s&nbsp;n\u00e1zvom: Ako vytv\u00e1ra\u0165 a&nbsp;podporova\u0165 \u0161ance dospel\u00fdch zlep\u0161ova\u0165 svoje zru\u010dnosti? Z\u00fa\u010dastnilo sa ho viac ako 40 odborn\u00edkov z&nbsp;oblasti vzdel\u00e1vania dospel\u00fdch na Slovensku &#8211; z\u00e1stupcovia samospr\u00e1vnych krajov, vedeckej obce, vzdel\u00e1vac\u00edch in\u0161tit\u00faci\u00ed a [&hellip;]\" \/>\n<meta property=\"og:url\" content=\"https:\/\/archiv.siov.sk\/en\/seminar-spojil-komunitu-odbornikov-vo-vzdelavani-dospelych\/\" \/>\n<meta property=\"og:site_name\" content=\"\u0160IOV - \u0161t\u00e1tny in\u0161tit\u00fat odborn\u00e9ho vzdel\u00e1vania\" \/>\n<meta property=\"article:publisher\" content=\"https:\/\/www.facebook.com\/Statnyinstitutodbornehovzdelavania\" \/>\n<meta property=\"article:published_time\" content=\"2019-06-26T11:52:33+00:00\" \/>\n<meta property=\"article:modified_time\" content=\"2019-06-26T11:53:00+00:00\" \/>\n<meta property=\"og:image\" content=\"https:\/\/archiv.siov.sk\/wp-content\/uploads\/2019\/06\/seminar-21-06-2019-e1561549927918.jpg\" \/>\n\t<meta property=\"og:image:width\" content=\"800\" \/>\n\t<meta property=\"og:image:height\" content=\"532\" \/>\n\t<meta property=\"og:image:type\" content=\"image\/jpeg\" \/>\n<meta name=\"author\" content=\"Katar\u00edna Kov\u00e1\u010dov\u00e1\" \/>\n<meta name=\"twitter:card\" content=\"summary_large_image\" \/>\n<meta name=\"twitter:label1\" content=\"Written by\" \/>\n\t<meta name=\"twitter:data1\" content=\"Katar\u00edna Kov\u00e1\u010dov\u00e1\" \/>\n\t<meta name=\"twitter:label2\" content=\"Estimated reading time\" \/>\n\t<meta name=\"twitter:data2\" content=\"2 minutes\" \/>\n<script type=\"application\/ld+json\" class=\"yoast-schema-graph\">{\"@context\":\"https:\\\/\\\/schema.org\",\"@graph\":[{\"@type\":\"Article\",\"@id\":\"https:\\\/\\\/archiv.siov.sk\\\/seminar-spojil-komunitu-odbornikov-vo-vzdelavani-dospelych\\\/#article\",\"isPartOf\":{\"@id\":\"https:\\\/\\\/archiv.siov.sk\\\/seminar-spojil-komunitu-odbornikov-vo-vzdelavani-dospelych\\\/\"},\"author\":{\"name\":\"Katar\u00edna Kov\u00e1\u010dov\u00e1\",\"@id\":\"https:\\\/\\\/archiv.siov.sk\\\/#\\\/schema\\\/person\\\/e42d633fbd958c6a726e8834d8965e6c\"},\"headline\":\"Semin\u00e1r spojil komunitu odborn\u00edkov vo vzdel\u00e1van\u00ed dospel\u00fdch\",\"datePublished\":\"2019-06-26T11:52:33+00:00\",\"dateModified\":\"2019-06-26T11:53:00+00:00\",\"mainEntityOfPage\":{\"@id\":\"https:\\\/\\\/archiv.siov.sk\\\/seminar-spojil-komunitu-odbornikov-vo-vzdelavani-dospelych\\\/\"},\"wordCount\":380,\"publisher\":{\"@id\":\"https:\\\/\\\/archiv.siov.sk\\\/#organization\"},\"image\":{\"@id\":\"https:\\\/\\\/archiv.siov.sk\\\/seminar-spojil-komunitu-odbornikov-vo-vzdelavani-dospelych\\\/#primaryimage\"},\"thumbnailUrl\":\"https:\\\/\\\/archiv.siov.sk\\\/wp-content\\\/uploads\\\/2019\\\/06\\\/seminar-21-06-2019-e1561549927918.jpg\",\"articleSection\":[\"Aktuality\"],\"inLanguage\":\"en-GB\"},{\"@type\":\"WebPage\",\"@id\":\"https:\\\/\\\/archiv.siov.sk\\\/seminar-spojil-komunitu-odbornikov-vo-vzdelavani-dospelych\\\/\",\"url\":\"https:\\\/\\\/archiv.siov.sk\\\/seminar-spojil-komunitu-odbornikov-vo-vzdelavani-dospelych\\\/\",\"name\":\"Semin\u00e1r spojil komunitu odborn\u00edkov vo vzdel\u00e1van\u00ed dospel\u00fdch - \u0160IOV - \u0161t\u00e1tny in\u0161tit\u00fat odborn\u00e9ho vzdel\u00e1vania\",\"isPartOf\":{\"@id\":\"https:\\\/\\\/archiv.siov.sk\\\/#website\"},\"primaryImageOfPage\":{\"@id\":\"https:\\\/\\\/archiv.siov.sk\\\/seminar-spojil-komunitu-odbornikov-vo-vzdelavani-dospelych\\\/#primaryimage\"},\"image\":{\"@id\":\"https:\\\/\\\/archiv.siov.sk\\\/seminar-spojil-komunitu-odbornikov-vo-vzdelavani-dospelych\\\/#primaryimage\"},\"thumbnailUrl\":\"https:\\\/\\\/archiv.siov.sk\\\/wp-content\\\/uploads\\\/2019\\\/06\\\/seminar-21-06-2019-e1561549927918.jpg\",\"datePublished\":\"2019-06-26T11:52:33+00:00\",\"dateModified\":\"2019-06-26T11:53:00+00:00\",\"breadcrumb\":{\"@id\":\"https:\\\/\\\/archiv.siov.sk\\\/seminar-spojil-komunitu-odbornikov-vo-vzdelavani-dospelych\\\/#breadcrumb\"},\"inLanguage\":\"en-GB\",\"potentialAction\":[{\"@type\":\"ReadAction\",\"target\":[\"https:\\\/\\\/archiv.siov.sk\\\/seminar-spojil-komunitu-odbornikov-vo-vzdelavani-dospelych\\\/\"]}]},{\"@type\":\"ImageObject\",\"inLanguage\":\"en-GB\",\"@id\":\"https:\\\/\\\/archiv.siov.sk\\\/seminar-spojil-komunitu-odbornikov-vo-vzdelavani-dospelych\\\/#primaryimage\",\"url\":\"https:\\\/\\\/archiv.siov.sk\\\/wp-content\\\/uploads\\\/2019\\\/06\\\/seminar-21-06-2019-e1561549927918.jpg\",\"contentUrl\":\"https:\\\/\\\/archiv.siov.sk\\\/wp-content\\\/uploads\\\/2019\\\/06\\\/seminar-21-06-2019-e1561549927918.jpg\",\"width\":800,\"height\":532},{\"@type\":\"BreadcrumbList\",\"@id\":\"https:\\\/\\\/archiv.siov.sk\\\/seminar-spojil-komunitu-odbornikov-vo-vzdelavani-dospelych\\\/#breadcrumb\",\"itemListElement\":[{\"@type\":\"ListItem\",\"position\":1,\"name\":\"Home\",\"item\":\"https:\\\/\\\/archiv.siov.sk\\\/\"},{\"@type\":\"ListItem\",\"position\":2,\"name\":\"Semin\u00e1r spojil komunitu odborn\u00edkov vo vzdel\u00e1van\u00ed dospel\u00fdch\"}]},{\"@type\":\"WebSite\",\"@id\":\"https:\\\/\\\/archiv.siov.sk\\\/#website\",\"url\":\"https:\\\/\\\/archiv.siov.sk\\\/\",\"name\":\"\u0160IOV - \u0161t\u00e1tny in\u0161tit\u00fat odborn\u00e9ho vzdel\u00e1vania\",\"description\":\"\",\"publisher\":{\"@id\":\"https:\\\/\\\/archiv.siov.sk\\\/#organization\"},\"potentialAction\":[{\"@type\":\"SearchAction\",\"target\":{\"@type\":\"EntryPoint\",\"urlTemplate\":\"https:\\\/\\\/archiv.siov.sk\\\/?s={search_term_string}\"},\"query-input\":{\"@type\":\"PropertyValueSpecification\",\"valueRequired\":true,\"valueName\":\"search_term_string\"}}],\"inLanguage\":\"en-GB\"},{\"@type\":\"Organization\",\"@id\":\"https:\\\/\\\/archiv.siov.sk\\\/#organization\",\"name\":\"\u0160IOV - \u0161t\u00e1tny in\u0161tit\u00fat odborn\u00e9ho vzdel\u00e1vania\",\"url\":\"https:\\\/\\\/archiv.siov.sk\\\/\",\"logo\":{\"@type\":\"ImageObject\",\"inLanguage\":\"en-GB\",\"@id\":\"https:\\\/\\\/archiv.siov.sk\\\/#\\\/schema\\\/logo\\\/image\\\/\",\"url\":\"https:\\\/\\\/archiv.siov.sk\\\/wp-content\\\/uploads\\\/2024\\\/02\\\/logo-SIOV.png\",\"contentUrl\":\"https:\\\/\\\/archiv.siov.sk\\\/wp-content\\\/uploads\\\/2024\\\/02\\\/logo-SIOV.png\",\"width\":431,\"height\":143,\"caption\":\"\u0160IOV - \u0161t\u00e1tny in\u0161tit\u00fat odborn\u00e9ho vzdel\u00e1vania\"},\"image\":{\"@id\":\"https:\\\/\\\/archiv.siov.sk\\\/#\\\/schema\\\/logo\\\/image\\\/\"},\"sameAs\":[\"https:\\\/\\\/www.facebook.com\\\/Statnyinstitutodbornehovzdelavania\"]},{\"@type\":\"Person\",\"@id\":\"https:\\\/\\\/archiv.siov.sk\\\/#\\\/schema\\\/person\\\/e42d633fbd958c6a726e8834d8965e6c\",\"name\":\"Katar\u00edna Kov\u00e1\u010dov\u00e1\",\"url\":\"https:\\\/\\\/archiv.siov.sk\\\/en\\\/author\\\/katkakovacova\\\/\"}]}<\/script>\n<!-- \/ Yoast SEO plugin. -->","yoast_head_json":{"title":"Semin\u00e1r spojil komunitu odborn\u00edkov vo vzdel\u00e1van\u00ed dospel\u00fdch - \u0160IOV - \u0161t\u00e1tny in\u0161tit\u00fat odborn\u00e9ho vzdel\u00e1vania","robots":{"index":"index","follow":"follow","max-snippet":"max-snippet:-1","max-image-preview":"max-image-preview:large","max-video-preview":"max-video-preview:-1"},"canonical":"https:\/\/archiv.siov.sk\/en\/seminar-spojil-komunitu-odbornikov-vo-vzdelavani-dospelych\/","og_locale":"en_GB","og_type":"article","og_title":"Semin\u00e1r spojil komunitu odborn\u00edkov vo vzdel\u00e1van\u00ed dospel\u00fdch - \u0160IOV - \u0161t\u00e1tny in\u0161tit\u00fat odborn\u00e9ho vzdel\u00e1vania","og_description":"Odbor eur\u00f3pskych polit\u00edk \u0160t\u00e1tneho in\u0161tit\u00fatu odborn\u00e9ho vzdel\u00e1vanie (\u0160IOV) v&nbsp;spolupr\u00e1ci s Prognostick\u00fdm \u00fastavom CSPV SAV, AINova a&nbsp;\u010fal\u0161\u00edmi partnermi zorganizovali d\u0148a 21. 6. 2019 v&nbsp;Bratislave odborn\u00fd semin\u00e1r s&nbsp;n\u00e1zvom: Ako vytv\u00e1ra\u0165 a&nbsp;podporova\u0165 \u0161ance dospel\u00fdch zlep\u0161ova\u0165 svoje zru\u010dnosti? Z\u00fa\u010dastnilo sa ho viac ako 40 odborn\u00edkov z&nbsp;oblasti vzdel\u00e1vania dospel\u00fdch na Slovensku &#8211; z\u00e1stupcovia samospr\u00e1vnych krajov, vedeckej obce, vzdel\u00e1vac\u00edch in\u0161tit\u00faci\u00ed a [&hellip;]","og_url":"https:\/\/archiv.siov.sk\/en\/seminar-spojil-komunitu-odbornikov-vo-vzdelavani-dospelych\/","og_site_name":"\u0160IOV - \u0161t\u00e1tny in\u0161tit\u00fat odborn\u00e9ho vzdel\u00e1vania","article_publisher":"https:\/\/www.facebook.com\/Statnyinstitutodbornehovzdelavania","article_published_time":"2019-06-26T11:52:33+00:00","article_modified_time":"2019-06-26T11:53:00+00:00","og_image":[{"width":800,"height":532,"url":"https:\/\/archiv.siov.sk\/wp-content\/uploads\/2019\/06\/seminar-21-06-2019-e1561549927918.jpg","type":"image\/jpeg"}],"author":"Katar\u00edna Kov\u00e1\u010dov\u00e1","twitter_card":"summary_large_image","twitter_misc":{"Written by":"Katar\u00edna Kov\u00e1\u010dov\u00e1","Estimated reading time":"2 minutes"},"schema":{"@context":"https:\/\/schema.org","@graph":[{"@type":"Article","@id":"https:\/\/archiv.siov.sk\/seminar-spojil-komunitu-odbornikov-vo-vzdelavani-dospelych\/#article","isPartOf":{"@id":"https:\/\/archiv.siov.sk\/seminar-spojil-komunitu-odbornikov-vo-vzdelavani-dospelych\/"},"author":{"name":"Katar\u00edna Kov\u00e1\u010dov\u00e1","@id":"https:\/\/archiv.siov.sk\/#\/schema\/person\/e42d633fbd958c6a726e8834d8965e6c"},"headline":"Semin\u00e1r spojil komunitu odborn\u00edkov vo vzdel\u00e1van\u00ed dospel\u00fdch","datePublished":"2019-06-26T11:52:33+00:00","dateModified":"2019-06-26T11:53:00+00:00","mainEntityOfPage":{"@id":"https:\/\/archiv.siov.sk\/seminar-spojil-komunitu-odbornikov-vo-vzdelavani-dospelych\/"},"wordCount":380,"publisher":{"@id":"https:\/\/archiv.siov.sk\/#organization"},"image":{"@id":"https:\/\/archiv.siov.sk\/seminar-spojil-komunitu-odbornikov-vo-vzdelavani-dospelych\/#primaryimage"},"thumbnailUrl":"https:\/\/archiv.siov.sk\/wp-content\/uploads\/2019\/06\/seminar-21-06-2019-e1561549927918.jpg","articleSection":["Aktuality"],"inLanguage":"en-GB"},{"@type":"WebPage","@id":"https:\/\/archiv.siov.sk\/seminar-spojil-komunitu-odbornikov-vo-vzdelavani-dospelych\/","url":"https:\/\/archiv.siov.sk\/seminar-spojil-komunitu-odbornikov-vo-vzdelavani-dospelych\/","name":"Semin\u00e1r spojil komunitu odborn\u00edkov vo vzdel\u00e1van\u00ed dospel\u00fdch - \u0160IOV - \u0161t\u00e1tny in\u0161tit\u00fat odborn\u00e9ho vzdel\u00e1vania","isPartOf":{"@id":"https:\/\/archiv.siov.sk\/#website"},"primaryImageOfPage":{"@id":"https:\/\/archiv.siov.sk\/seminar-spojil-komunitu-odbornikov-vo-vzdelavani-dospelych\/#primaryimage"},"image":{"@id":"https:\/\/archiv.siov.sk\/seminar-spojil-komunitu-odbornikov-vo-vzdelavani-dospelych\/#primaryimage"},"thumbnailUrl":"https:\/\/archiv.siov.sk\/wp-content\/uploads\/2019\/06\/seminar-21-06-2019-e1561549927918.jpg","datePublished":"2019-06-26T11:52:33+00:00","dateModified":"2019-06-26T11:53:00+00:00","breadcrumb":{"@id":"https:\/\/archiv.siov.sk\/seminar-spojil-komunitu-odbornikov-vo-vzdelavani-dospelych\/#breadcrumb"},"inLanguage":"en-GB","potentialAction":[{"@type":"ReadAction","target":["https:\/\/archiv.siov.sk\/seminar-spojil-komunitu-odbornikov-vo-vzdelavani-dospelych\/"]}]},{"@type":"ImageObject","inLanguage":"en-GB","@id":"https:\/\/archiv.siov.sk\/seminar-spojil-komunitu-odbornikov-vo-vzdelavani-dospelych\/#primaryimage","url":"https:\/\/archiv.siov.sk\/wp-content\/uploads\/2019\/06\/seminar-21-06-2019-e1561549927918.jpg","contentUrl":"https:\/\/archiv.siov.sk\/wp-content\/uploads\/2019\/06\/seminar-21-06-2019-e1561549927918.jpg","width":800,"height":532},{"@type":"BreadcrumbList","@id":"https:\/\/archiv.siov.sk\/seminar-spojil-komunitu-odbornikov-vo-vzdelavani-dospelych\/#breadcrumb","itemListElement":[{"@type":"ListItem","position":1,"name":"Home","item":"https:\/\/archiv.siov.sk\/"},{"@type":"ListItem","position":2,"name":"Semin\u00e1r spojil komunitu odborn\u00edkov vo vzdel\u00e1van\u00ed dospel\u00fdch"}]},{"@type":"WebSite","@id":"https:\/\/archiv.siov.sk\/#website","url":"https:\/\/archiv.siov.sk\/","name":"\u0160IOV - \u0161t\u00e1tny in\u0161tit\u00fat odborn\u00e9ho vzdel\u00e1vania","description":"","publisher":{"@id":"https:\/\/archiv.siov.sk\/#organization"},"potentialAction":[{"@type":"SearchAction","target":{"@type":"EntryPoint","urlTemplate":"https:\/\/archiv.siov.sk\/?s={search_term_string}"},"query-input":{"@type":"PropertyValueSpecification","valueRequired":true,"valueName":"search_term_string"}}],"inLanguage":"en-GB"},{"@type":"Organization","@id":"https:\/\/archiv.siov.sk\/#organization","name":"\u0160IOV - \u0161t\u00e1tny in\u0161tit\u00fat odborn\u00e9ho vzdel\u00e1vania","url":"https:\/\/archiv.siov.sk\/","logo":{"@type":"ImageObject","inLanguage":"en-GB","@id":"https:\/\/archiv.siov.sk\/#\/schema\/logo\/image\/","url":"https:\/\/archiv.siov.sk\/wp-content\/uploads\/2024\/02\/logo-SIOV.png","contentUrl":"https:\/\/archiv.siov.sk\/wp-content\/uploads\/2024\/02\/logo-SIOV.png","width":431,"height":143,"caption":"\u0160IOV - \u0161t\u00e1tny in\u0161tit\u00fat odborn\u00e9ho vzdel\u00e1vania"},"image":{"@id":"https:\/\/archiv.siov.sk\/#\/schema\/logo\/image\/"},"sameAs":["https:\/\/www.facebook.com\/Statnyinstitutodbornehovzdelavania"]},{"@type":"Person","@id":"https:\/\/archiv.siov.sk\/#\/schema\/person\/e42d633fbd958c6a726e8834d8965e6c","name":"Katar\u00edna Kov\u00e1\u010dov\u00e1","url":"https:\/\/archiv.siov.sk\/en\/author\/katkakovacova\/"}]}},"_links":{"self":[{"href":"https:\/\/archiv.siov.sk\/en\/wp-json\/wp\/v2\/posts\/4024","targetHints":{"allow":["GET"]}}],"collection":[{"href":"https:\/\/archiv.siov.sk\/en\/wp-json\/wp\/v2\/posts"}],"about":[{"href":"https:\/\/archiv.siov.sk\/en\/wp-json\/wp\/v2\/types\/post"}],"author":[{"embeddable":true,"href":"https:\/\/archiv.siov.sk\/en\/wp-json\/wp\/v2\/users\/6"}],"replies":[{"embeddable":true,"href":"https:\/\/archiv.siov.sk\/en\/wp-json\/wp\/v2\/comments?post=4024"}],"version-history":[{"count":2,"href":"https:\/\/archiv.siov.sk\/en\/wp-json\/wp\/v2\/posts\/4024\/revisions"}],"predecessor-version":[{"id":4027,"href":"https:\/\/archiv.siov.sk\/en\/wp-json\/wp\/v2\/posts\/4024\/revisions\/4027"}],"wp:featuredmedia":[{"embeddable":true,"href":"https:\/\/archiv.siov.sk\/en\/wp-json\/wp\/v2\/media\/4025"}],"wp:attachment":[{"href":"https:\/\/archiv.siov.sk\/en\/wp-json\/wp\/v2\/media?parent=4024"}],"wp:term":[{"taxonomy":"category","embeddable":true,"href":"https:\/\/archiv.siov.sk\/en\/wp-json\/wp\/v2\/categories?post=4024"},{"taxonomy":"post_tag","embeddable":true,"href":"https:\/\/archiv.siov.sk\/en\/wp-json\/wp\/v2\/tags?post=4024"}],"curies":[{"name":"wp","href":"https:\/\/api.w.org\/{rel}","templated":true}]}}